{"id":127686,"date":"2026-05-12T08:37:03","date_gmt":"2026-05-12T11:37:03","guid":{"rendered":"https:\/\/ubirataonline.com.br\/the-terminal-list-sets-season-2-premiere-date-at-prime-video\/"},"modified":"2026-05-12T08:37:07","modified_gmt":"2026-05-12T11:37:07","slug":"the-terminal-list-sets-season-2-premiere-date-at-prime-video","status":"publish","type":"post","link":"https:\/\/ubirataonline.com.br\/en\/the-terminal-list-sets-season-2-premiere-date-at-prime-video\/","title":{"rendered":"&#8216;The Terminal List&#8217; Sets Season 2 Premiere Date At Prime Video"},"content":{"rendered":"<p><br \/>\n<\/p>\n<div>\n<p class=\"paragraph larva \/\/ lrv-u-margin-lr-auto     \">\n\t<a href=\"https:\/\/deadline.com\/tag\/prime-video\/\" id=\"auto-tag_prime-video\" data-tag=\"prime-video\">Prime Video<\/a>\u2018s <em><a href=\"https:\/\/deadline.com\/tag\/the-terminal-list\/\" id=\"auto-tag_the-terminal-list\" data-tag=\"the-terminal-list\">The Terminal List<\/a><\/em> will return with Season 2 on October 21, series star Chris Pratt revealed at the streamer\u2019s Upfront presentation on Monday. <\/p>\n<p class=\"paragraph larva \/\/ lrv-u-margin-lr-auto     \">\n\tFrom the best-selling novels of the same name from Jack Carr,\u00a0<em>The Terminal List<\/em>\u00a0centers on Navy SEAL Commander James Reece (Pratt) as he battles unknown conspiratorial forces seeking to upend the world order.<\/p>\n<p class=\"paragraph larva \/\/ lrv-u-margin-lr-auto     \">\n\t\u201cThis is bigger, it\u2019s more intense and ambitious than anything we did in the first season,\u201d teased Pratt of Season 2. <\/p>\n<p class=\"paragraph larva \/\/ lrv-u-margin-lr-auto     \">\n\tHe later added, \u201c[Season 2] expands the world in a huge way on a global scale: bigger set pieces, deeper conspiracy, even more psychological tension. Our whole team poured everything, our hearts and souls, 1000s of people, into making this season worthy of the fans who made the first season such a phenomenon.\u201d<\/p>\n<p class=\"paragraph larva \/\/ lrv-u-margin-lr-auto     \">\n\tThis season comes from Carr\u2019s second novel,\u00a0<em>True Believer,<\/em>\u00a0where he puts James Reece on a journey of violent redemption, finding a new purpose after finishing his list. The psychological revenge thriller of Season One opens up into a globe-trotting espionage thriller taking Reece across the Indian Ocean, Southern and Northern Africa, the Middle East, and Europe.<\/p>\n<p class=\"paragraph larva \/\/ lrv-u-margin-lr-auto     \">\n\tJoined by returning fan favorites like Raife Hastings (Tom Hopper), Katie Buranek (Constance Wu), Mohammed Farooq (Dar Salim), Jules Landry (Luke Hemsworth), and newcomers like Freddy Strain (Gabriel Luna), Reece will uncover a conspiracy that reaches from Moscow to Langley and ties into his own family\u2019s history.<\/p>\n<p class=\"paragraph larva \/\/ lrv-u-margin-lr-auto     \">\n\tThe 8-episode Season 2 also features Costa Ronin, Olga Kurylenko, Yul Vazquez, Arnold Vosloo, Shiraz Tzarfati, Martin Sensmeier, Edwin Hodge, and Caitlin Bassett.<\/p>\n<p class=\"paragraph larva \/\/ lrv-u-margin-lr-auto     \">\n\tSeason 2 of\u00a0<em>The Terminal List<\/em>\u00a0is executive produced by Pratt through Indivisible Productions; DiGilio, Antoine Fuqua and Kat Samick through Hill District Media; Carr; former Army Ranger Max Adams; and Navy SEAL Jared Shaw.\u00a0<em>The Terminal List<\/em>\u00a0is a co-production between <a href=\"https:\/\/deadline.com\/tag\/amazon\/\" id=\"auto-tag_amazon\" data-tag=\"amazon\">Amazon<\/a> MGM Studios and Civic Center Media, in association with MRC.<\/p>\n<\/div>\n<p><br \/>\n<br \/><a href=\"https:\/\/deadline.com\/2026\/05\/the-terminal-list-season-2-premiere-date-prime-video-1236898431\/\">Source link <\/a><\/p>\n","protected":false},"excerpt":{"rendered":"<p>Prime Video\u2018s The Terminal List will return with Season 2 on October 21, series star Chris Pratt revealed at the streamer\u2019s Upfront presentation on Monday. From the best-selling novels of the same name from Jack Carr,\u00a0The Terminal List\u00a0centers on Navy SEAL Commander James Reece (Pratt) as he battles unknown conspiratorial forces seeking to upend the [&hellip;]<\/p>\n","protected":false},"author":1,"featured_media":127687,"comment_status":"closed","ping_status":"","sticky":false,"template":"","format":"standard","meta":{"googlesitekit_rrm_CAow2JLhCw:productID":"","_gspb_post_css":"","maa_idioma":"","maa_pais":"","footnotes":""},"categories":[2725],"tags":[5664,6520,6487,4074,2955,6484,6045,2738],"class_list":["post-127686","post","type-post","status-publish","format-standard","has-post-thumbnail","hentry","category-europe","tag-date","tag-list","tag-premiere","tag-prime","tag-season","tag-sets","tag-terminal","tag-video"],"blocksy_meta":[],"yoast_head":"<!-- This site is optimized with the Yoast SEO Premium plugin v27.6 (Yoast SEO v27.6) - https:\/\/yoast.com\/product\/yoast-seo-premium-wordpress\/ -->\n<title>&#039;The Terminal List&#039; Sets Season 2 Premiere Date At Prime Video - Ubirat\u00e3 Online Not\u00edcias - A realidade ao seu alcance!<\/title>\n<meta name=\"description\" content=\"Prime Video\u2018s The Terminal List will return with Season 2 on October 21, series star Chris Pratt revealed at the streamer\u2019s Upfront presentation on\" \/>\n<meta name=\"robots\" content=\"index, follow, max-snippet:-1, max-image-preview:large, max-video-preview:-1\" \/>\n<link rel=\"canonical\" href=\"https:\/\/ubirataonline.com.br\/en\/the-terminal-list-sets-season-2-premiere-date-at-prime-video\/\" \/>\n<meta property=\"og:locale\" content=\"en_US\" \/>\n<meta property=\"og:type\" content=\"article\" \/>\n<meta property=\"og:title\" content=\"&#039;The Terminal List&#039; Sets Season 2 Premiere Date At Prime Video\" \/>\n<meta property=\"og:description\" content=\"Prime Video\u2018s The Terminal List will return with Season 2 on October 21, series star Chris Pratt revealed at the streamer\u2019s Upfront presentation on\" \/>\n<meta property=\"og:url\" content=\"https:\/\/ubirataonline.com.br\/en\/the-terminal-list-sets-season-2-premiere-date-at-prime-video\/\" \/>\n<meta property=\"og:site_name\" content=\"Ubirat\u00e3 Online Not\u00edcias - A realidade ao seu alcance!\" \/>\n<meta property=\"article:publisher\" content=\"https:\/\/www.facebook.com\/portalubirataonline\" \/>\n<meta property=\"article:author\" content=\"https:\/\/www.facebook.com\/portalubirataonline\" \/>\n<meta property=\"article:published_time\" content=\"2026-05-12T11:37:03+00:00\" \/>\n<meta property=\"article:modified_time\" content=\"2026-05-12T11:37:07+00:00\" \/>\n<meta property=\"og:image\" content=\"https:\/\/ubirataonline.com.br\/wp-content\/uploads\/2026\/05\/The-Terminal-List-Sets-Season-2-Premiere-Date-At-Prime.jpg\" \/>\n\t<meta property=\"og:image:width\" content=\"1\" \/>\n\t<meta property=\"og:image:height\" content=\"1\" \/>\n\t<meta property=\"og:image:type\" content=\"image\/jpeg\" \/>\n<meta name=\"author\" content=\"REDA\u00c7\u00c3O: UBIRAT\u00c3 ONLINE - F\u00c1BIO AUGUSTO CELESTINO\" \/>\n<meta name=\"twitter:card\" content=\"summary_large_image\" \/>\n<meta name=\"twitter:creator\" content=\"@x.com\/ubirataonline\" \/>\n<meta name=\"twitter:site\" content=\"@ubirataonline\" \/>\n<meta name=\"twitter:label1\" content=\"Written by\" \/>\n\t<meta name=\"twitter:data1\" content=\"REDA\u00c7\u00c3O: UBIRAT\u00c3 ONLINE - F\u00c1BIO AUGUSTO CELESTINO\" \/>\n\t<meta name=\"twitter:label2\" content=\"Est. reading time\" \/>\n\t<meta name=\"twitter:data2\" content=\"2 minutes\" \/>\n<script type=\"application\/ld+json\" class=\"yoast-schema-graph\">{\"@context\":\"https:\\\/\\\/schema.org\",\"@graph\":[{\"@type\":\"NewsArticle\",\"@id\":\"https:\\\/\\\/ubirataonline.com.br\\\/the-terminal-list-sets-season-2-premiere-date-at-prime-video\\\/#article\",\"isPartOf\":{\"@id\":\"https:\\\/\\\/ubirataonline.com.br\\\/the-terminal-list-sets-season-2-premiere-date-at-prime-video\\\/\"},\"author\":{\"name\":\"REDA\u00c7\u00c3O: UBIRAT\u00c3 ONLINE - F\u00c1BIO AUGUSTO CELESTINO\",\"@id\":\"https:\\\/\\\/ubirataonline.com.br\\\/#\\\/schema\\\/person\\\/372f87bbd3fdd79b8556b84c98d0bc1c\"},\"headline\":\"&#8216;The Terminal List&#8217; Sets Season 2 Premiere Date At Prime Video\",\"datePublished\":\"2026-05-12T11:37:03+00:00\",\"dateModified\":\"2026-05-12T11:37:07+00:00\",\"mainEntityOfPage\":{\"@id\":\"https:\\\/\\\/ubirataonline.com.br\\\/the-terminal-list-sets-season-2-premiere-date-at-prime-video\\\/\"},\"wordCount\":326,\"publisher\":{\"@id\":\"https:\\\/\\\/ubirataonline.com.br\\\/#organization\"},\"image\":{\"@id\":\"https:\\\/\\\/ubirataonline.com.br\\\/the-terminal-list-sets-season-2-premiere-date-at-prime-video\\\/#primaryimage\"},\"thumbnailUrl\":\"https:\\\/\\\/ubirataonline.com.br\\\/wp-content\\\/uploads\\\/2026\\\/05\\\/The-Terminal-List-Sets-Season-2-Premiere-Date-At-Prime.jpg\",\"keywords\":[\"Date\",\"List\",\"Premiere\",\"prime\",\"season\",\"Sets\",\"Terminal\",\"Video\"],\"articleSection\":[\"Europe\"],\"inLanguage\":\"en-US\",\"copyrightYear\":\"2026\",\"copyrightHolder\":{\"@id\":\"https:\\\/\\\/ubirataonline.com.br\\\/en\\\/#organization\"}},{\"@type\":\"WebPage\",\"@id\":\"https:\\\/\\\/ubirataonline.com.br\\\/the-terminal-list-sets-season-2-premiere-date-at-prime-video\\\/\",\"url\":\"https:\\\/\\\/ubirataonline.com.br\\\/the-terminal-list-sets-season-2-premiere-date-at-prime-video\\\/\",\"name\":\"'The Terminal List' Sets Season 2 Premiere Date At Prime Video - Ubirat\u00e3 Online Not\u00edcias - A realidade ao seu alcance!\",\"isPartOf\":{\"@id\":\"https:\\\/\\\/ubirataonline.com.br\\\/#website\"},\"primaryImageOfPage\":{\"@id\":\"https:\\\/\\\/ubirataonline.com.br\\\/the-terminal-list-sets-season-2-premiere-date-at-prime-video\\\/#primaryimage\"},\"image\":{\"@id\":\"https:\\\/\\\/ubirataonline.com.br\\\/the-terminal-list-sets-season-2-premiere-date-at-prime-video\\\/#primaryimage\"},\"thumbnailUrl\":\"https:\\\/\\\/ubirataonline.com.br\\\/wp-content\\\/uploads\\\/2026\\\/05\\\/The-Terminal-List-Sets-Season-2-Premiere-Date-At-Prime.jpg\",\"datePublished\":\"2026-05-12T11:37:03+00:00\",\"dateModified\":\"2026-05-12T11:37:07+00:00\",\"description\":\"Prime Video\u2018s The Terminal List will return with Season 2 on October 21, series star Chris Pratt revealed at the streamer\u2019s Upfront presentation on\",\"breadcrumb\":{\"@id\":\"https:\\\/\\\/ubirataonline.com.br\\\/the-terminal-list-sets-season-2-premiere-date-at-prime-video\\\/#breadcrumb\"},\"inLanguage\":\"en-US\",\"potentialAction\":[{\"@type\":\"ReadAction\",\"target\":[\"https:\\\/\\\/ubirataonline.com.br\\\/the-terminal-list-sets-season-2-premiere-date-at-prime-video\\\/\"]}]},{\"@type\":\"ImageObject\",\"inLanguage\":\"en-US\",\"@id\":\"https:\\\/\\\/ubirataonline.com.br\\\/the-terminal-list-sets-season-2-premiere-date-at-prime-video\\\/#primaryimage\",\"url\":\"https:\\\/\\\/ubirataonline.com.br\\\/wp-content\\\/uploads\\\/2026\\\/05\\\/The-Terminal-List-Sets-Season-2-Premiere-Date-At-Prime.jpg\",\"contentUrl\":\"https:\\\/\\\/ubirataonline.com.br\\\/wp-content\\\/uploads\\\/2026\\\/05\\\/The-Terminal-List-Sets-Season-2-Premiere-Date-At-Prime.jpg\",\"caption\":\"Chris Pratt in 'The Terminal List' Season 1 Prime Video\"},{\"@type\":\"BreadcrumbList\",\"@id\":\"https:\\\/\\\/ubirataonline.com.br\\\/the-terminal-list-sets-season-2-premiere-date-at-prime-video\\\/#breadcrumb\",\"itemListElement\":[{\"@type\":\"ListItem\",\"position\":1,\"name\":\"In\u00edcio\",\"item\":\"https:\\\/\\\/ubirataonline.com.br\\\/\"},{\"@type\":\"ListItem\",\"position\":2,\"name\":\"&#8216;The Terminal List&#8217; Sets Season 2 Premiere Date At Prime Video\"}]},{\"@type\":\"WebSite\",\"@id\":\"https:\\\/\\\/ubirataonline.com.br\\\/#website\",\"url\":\"https:\\\/\\\/ubirataonline.com.br\\\/\",\"name\":\"Ubirat\u00e3 Online Not\u00edcias\",\"description\":\"Not\u00edcias de Ubirat\u00e3, regi\u00e3o, Brasil e mundo, com informa\u00e7\u00e3o atualizada e compromisso com o leitor.\",\"publisher\":{\"@id\":\"https:\\\/\\\/ubirataonline.com.br\\\/#organization\"},\"alternateName\":\"Ubirat\u00e3 Online\",\"potentialAction\":[{\"@type\":\"SearchAction\",\"target\":{\"@type\":\"EntryPoint\",\"urlTemplate\":\"https:\\\/\\\/ubirataonline.com.br\\\/?s={search_term_string}\"},\"query-input\":{\"@type\":\"PropertyValueSpecification\",\"valueRequired\":true,\"valueName\":\"search_term_string\"}}],\"inLanguage\":\"en-US\"},{\"@type\":[\"Organization\",\"Place\"],\"@id\":\"https:\\\/\\\/ubirataonline.com.br\\\/#organization\",\"name\":\"Ubirat\u00e3 Online Not\u00edcias\",\"alternateName\":\"Ubirat\u00e3 Online\",\"url\":\"https:\\\/\\\/ubirataonline.com.br\\\/\",\"logo\":{\"@id\":\"https:\\\/\\\/ubirataonline.com.br\\\/the-terminal-list-sets-season-2-premiere-date-at-prime-video\\\/#local-main-organization-logo\"},\"image\":{\"@id\":\"https:\\\/\\\/ubirataonline.com.br\\\/the-terminal-list-sets-season-2-premiere-date-at-prime-video\\\/#local-main-organization-logo\"},\"sameAs\":[\"https:\\\/\\\/www.facebook.com\\\/portalubirataonline\",\"https:\\\/\\\/x.com\\\/ubirataonline\",\"https:\\\/\\\/mastodon.social\\\/@ubirataonline\",\"https:\\\/\\\/www.facebook.com\\\/groups\\\/311144672285604\",\"https:\\\/\\\/www.facebook.com\\\/UBTAOnline\",\"https:\\\/\\\/www.instagram.com\\\/portalubirataonline\\\/\",\"https:\\\/\\\/twitter.com\\\/ubirataonline\"],\"description\":\"Somos um portal de not\u00edcias independente, criado em 5 de janeiro de 2009, com o objetivo de informar, conectar e valorizar a nossa comunidade de Ubirat\u00e3 e toda aregi\u00e3o. Com conte\u00fado atualizado, confi\u00e1vel e relevante, o Ubirat\u00e3 Online \u00e9 o seu espa\u00e7o para ficar por dentro dos principais acontecimentos locais, regionais, Brasil, Mundo e de interesse geral. Nosso compromisso \u00e9 com a verdade, a transpar\u00eancia e o respeito ao leitor.\",\"legalName\":\"UBIRATA ONLINE NOT\u00cdCIAS\",\"foundingDate\":\"2009-01-05\",\"numberOfEmployees\":{\"@type\":\"QuantitativeValue\",\"minValue\":\"1\",\"maxValue\":\"10\"},\"publishingPrinciples\":\"https:\\\/\\\/ubirataonline.com.br\\\/faq\\\/\",\"address\":{\"@id\":\"https:\\\/\\\/ubirataonline.com.br\\\/the-terminal-list-sets-season-2-premiere-date-at-prime-video\\\/#local-main-place-address\"},\"geo\":{\"@type\":\"GeoCoordinates\",\"latitude\":\"-24.5361401\",\"longitude\":\"-52.9921776\"},\"telephone\":[\"+5544998308235\"],\"contactPoint\":{\"@type\":\"ContactPoint\",\"email\":\"contato@ubirataonline.com.br\"},\"openingHoursSpecification\":{\"@type\":\"OpeningHoursSpecification\",\"dayOfWeek\":[\"Monday\",\"Tuesday\",\"Wednesday\",\"Thursday\",\"Friday\",\"Saturday\",\"Sunday\"],\"opens\":\"00:00\",\"closes\":\"23:59\"},\"email\":\"contato@ubirataonline.com.br\",\"vatID\":\"47.621.418\\\/0001-80\"},{\"@type\":\"Person\",\"@id\":\"https:\\\/\\\/ubirataonline.com.br\\\/#\\\/schema\\\/person\\\/372f87bbd3fdd79b8556b84c98d0bc1c\",\"name\":\"REDA\u00c7\u00c3O: UBIRAT\u00c3 ONLINE - F\u00c1BIO AUGUSTO CELESTINO\",\"pronouns\":\"Ele\",\"description\":\"Desde 2003 trabalhando com not\u00edcias.\",\"sameAs\":[\"http:\\\/\\\/ubirataoline.com.br\",\"https:\\\/\\\/www.facebook.com\\\/portalubirataonline\",\"https:\\\/\\\/www.instagram.com\\\/ubirataonline_oficial\",\"https:\\\/\\\/x.com\\\/x.com\\\/ubirataonline\"],\"honorificPrefix\":\"Mr.\",\"honorificSuffix\":\"MD\",\"birthDate\":\"1980-06-16\",\"gender\":\"masculino\",\"award\":[\"V\u00e1rios pr\u00eamios de melhor portal da cidade\"],\"jobTitle\":\"Diretor\",\"url\":\"https:\\\/\\\/ubirataonline.com.br\\\/en\\\/author\\\/ubirataonline\\\/\"},{\"@type\":\"PostalAddress\",\"@id\":\"https:\\\/\\\/ubirataonline.com.br\\\/the-terminal-list-sets-season-2-premiere-date-at-prime-video\\\/#local-main-place-address\",\"streetAddress\":\"Rua dos Coqueiros, 104 - Bairro Boa Vista, Rua dos Coqueiros, 104 Bairro Boa Vista\",\"addressLocality\":\"UBIRATA\",\"postalCode\":\"85440-000\",\"addressRegion\":\"PR\",\"addressCountry\":\"BR\"},{\"@type\":\"ImageObject\",\"inLanguage\":\"en-US\",\"@id\":\"https:\\\/\\\/ubirataonline.com.br\\\/the-terminal-list-sets-season-2-premiere-date-at-prime-video\\\/#local-main-organization-logo\",\"url\":\"https:\\\/\\\/ubirataonline.com.br\\\/wp-content\\\/uploads\\\/2026\\\/06\\\/logoubirataonline-1.webp\",\"contentUrl\":\"https:\\\/\\\/ubirataonline.com.br\\\/wp-content\\\/uploads\\\/2026\\\/06\\\/logoubirataonline-1.webp\",\"width\":500,\"height\":500,\"caption\":\"Ubirat\u00e3 Online Not\u00edcias\"}]}<\/script>\n<meta name=\"geo.placename\" content=\"UBIRATA\" \/>\n<meta name=\"geo.position\" content=\"-24.5361401;-52.9921776\" \/>\n<meta name=\"geo.region\" content=\"Brazil\" \/>\n<!-- \/ Yoast SEO Premium plugin. -->","yoast_head_json":{"title":"'The Terminal List' Sets Season 2 Premiere Date At Prime Video - Ubirat\u00e3 Online Not\u00edcias - A realidade ao seu alcance!","description":"Prime Video\u2018s The Terminal List will return with Season 2 on October 21, series star Chris Pratt revealed at the streamer\u2019s Upfront presentation on","robots":{"index":"index","follow":"follow","max-snippet":"max-snippet:-1","max-image-preview":"max-image-preview:large","max-video-preview":"max-video-preview:-1"},"canonical":"https:\/\/ubirataonline.com.br\/en\/the-terminal-list-sets-season-2-premiere-date-at-prime-video\/","og_locale":"en_US","og_type":"article","og_title":"'The Terminal List' Sets Season 2 Premiere Date At Prime Video","og_description":"Prime Video\u2018s The Terminal List will return with Season 2 on October 21, series star Chris Pratt revealed at the streamer\u2019s Upfront presentation on","og_url":"https:\/\/ubirataonline.com.br\/en\/the-terminal-list-sets-season-2-premiere-date-at-prime-video\/","og_site_name":"Ubirat\u00e3 Online Not\u00edcias - A realidade ao seu alcance!","article_publisher":"https:\/\/www.facebook.com\/portalubirataonline","article_author":"https:\/\/www.facebook.com\/portalubirataonline","article_published_time":"2026-05-12T11:37:03+00:00","article_modified_time":"2026-05-12T11:37:07+00:00","og_image":[{"url":"https:\/\/ubirataonline.com.br\/wp-content\/uploads\/2026\/05\/The-Terminal-List-Sets-Season-2-Premiere-Date-At-Prime.jpg","width":1,"height":1,"type":"image\/jpeg"}],"author":"REDA\u00c7\u00c3O: UBIRAT\u00c3 ONLINE - F\u00c1BIO AUGUSTO CELESTINO","twitter_card":"summary_large_image","twitter_creator":"@x.com\/ubirataonline","twitter_site":"@ubirataonline","twitter_misc":{"Written by":"REDA\u00c7\u00c3O: UBIRAT\u00c3 ONLINE - F\u00c1BIO AUGUSTO CELESTINO","Est. reading time":"2 minutes"},"schema":{"@context":"https:\/\/schema.org","@graph":[{"@type":"NewsArticle","@id":"https:\/\/ubirataonline.com.br\/the-terminal-list-sets-season-2-premiere-date-at-prime-video\/#article","isPartOf":{"@id":"https:\/\/ubirataonline.com.br\/the-terminal-list-sets-season-2-premiere-date-at-prime-video\/"},"author":{"name":"REDA\u00c7\u00c3O: UBIRAT\u00c3 ONLINE - F\u00c1BIO AUGUSTO CELESTINO","@id":"https:\/\/ubirataonline.com.br\/#\/schema\/person\/372f87bbd3fdd79b8556b84c98d0bc1c"},"headline":"&#8216;The Terminal List&#8217; Sets Season 2 Premiere Date At Prime Video","datePublished":"2026-05-12T11:37:03+00:00","dateModified":"2026-05-12T11:37:07+00:00","mainEntityOfPage":{"@id":"https:\/\/ubirataonline.com.br\/the-terminal-list-sets-season-2-premiere-date-at-prime-video\/"},"wordCount":326,"publisher":{"@id":"https:\/\/ubirataonline.com.br\/#organization"},"image":{"@id":"https:\/\/ubirataonline.com.br\/the-terminal-list-sets-season-2-premiere-date-at-prime-video\/#primaryimage"},"thumbnailUrl":"https:\/\/ubirataonline.com.br\/wp-content\/uploads\/2026\/05\/The-Terminal-List-Sets-Season-2-Premiere-Date-At-Prime.jpg","keywords":["Date","List","Premiere","prime","season","Sets","Terminal","Video"],"articleSection":["Europe"],"inLanguage":"en-US","copyrightYear":"2026","copyrightHolder":{"@id":"https:\/\/ubirataonline.com.br\/en\/#organization"}},{"@type":"WebPage","@id":"https:\/\/ubirataonline.com.br\/the-terminal-list-sets-season-2-premiere-date-at-prime-video\/","url":"https:\/\/ubirataonline.com.br\/the-terminal-list-sets-season-2-premiere-date-at-prime-video\/","name":"'The Terminal List' Sets Season 2 Premiere Date At Prime Video - Ubirat\u00e3 Online Not\u00edcias - A realidade ao seu alcance!","isPartOf":{"@id":"https:\/\/ubirataonline.com.br\/#website"},"primaryImageOfPage":{"@id":"https:\/\/ubirataonline.com.br\/the-terminal-list-sets-season-2-premiere-date-at-prime-video\/#primaryimage"},"image":{"@id":"https:\/\/ubirataonline.com.br\/the-terminal-list-sets-season-2-premiere-date-at-prime-video\/#primaryimage"},"thumbnailUrl":"https:\/\/ubirataonline.com.br\/wp-content\/uploads\/2026\/05\/The-Terminal-List-Sets-Season-2-Premiere-Date-At-Prime.jpg","datePublished":"2026-05-12T11:37:03+00:00","dateModified":"2026-05-12T11:37:07+00:00","description":"Prime Video\u2018s The Terminal List will return with Season 2 on October 21, series star Chris Pratt revealed at the streamer\u2019s Upfront presentation on","breadcrumb":{"@id":"https:\/\/ubirataonline.com.br\/the-terminal-list-sets-season-2-premiere-date-at-prime-video\/#breadcrumb"},"inLanguage":"en-US","potentialAction":[{"@type":"ReadAction","target":["https:\/\/ubirataonline.com.br\/the-terminal-list-sets-season-2-premiere-date-at-prime-video\/"]}]},{"@type":"ImageObject","inLanguage":"en-US","@id":"https:\/\/ubirataonline.com.br\/the-terminal-list-sets-season-2-premiere-date-at-prime-video\/#primaryimage","url":"https:\/\/ubirataonline.com.br\/wp-content\/uploads\/2026\/05\/The-Terminal-List-Sets-Season-2-Premiere-Date-At-Prime.jpg","contentUrl":"https:\/\/ubirataonline.com.br\/wp-content\/uploads\/2026\/05\/The-Terminal-List-Sets-Season-2-Premiere-Date-At-Prime.jpg","caption":"Chris Pratt in 'The Terminal List' Season 1 Prime Video"},{"@type":"BreadcrumbList","@id":"https:\/\/ubirataonline.com.br\/the-terminal-list-sets-season-2-premiere-date-at-prime-video\/#breadcrumb","itemListElement":[{"@type":"ListItem","position":1,"name":"In\u00edcio","item":"https:\/\/ubirataonline.com.br\/"},{"@type":"ListItem","position":2,"name":"&#8216;The Terminal List&#8217; Sets Season 2 Premiere Date At Prime Video"}]},{"@type":"WebSite","@id":"https:\/\/ubirataonline.com.br\/#website","url":"https:\/\/ubirataonline.com.br\/","name":"Ubirat\u00e3 Online Not\u00edcias","description":"Not\u00edcias de Ubirat\u00e3, regi\u00e3o, Brasil e mundo, com informa\u00e7\u00e3o atualizada e compromisso com o leitor.","publisher":{"@id":"https:\/\/ubirataonline.com.br\/#organization"},"alternateName":"Ubirat\u00e3 Online","potentialAction":[{"@type":"SearchAction","target":{"@type":"EntryPoint","urlTemplate":"https:\/\/ubirataonline.com.br\/?s={search_term_string}"},"query-input":{"@type":"PropertyValueSpecification","valueRequired":true,"valueName":"search_term_string"}}],"inLanguage":"en-US"},{"@type":["Organization","Place"],"@id":"https:\/\/ubirataonline.com.br\/#organization","name":"Ubirat\u00e3 Online Not\u00edcias","alternateName":"Ubirat\u00e3 Online","url":"https:\/\/ubirataonline.com.br\/","logo":{"@id":"https:\/\/ubirataonline.com.br\/the-terminal-list-sets-season-2-premiere-date-at-prime-video\/#local-main-organization-logo"},"image":{"@id":"https:\/\/ubirataonline.com.br\/the-terminal-list-sets-season-2-premiere-date-at-prime-video\/#local-main-organization-logo"},"sameAs":["https:\/\/www.facebook.com\/portalubirataonline","https:\/\/x.com\/ubirataonline","https:\/\/mastodon.social\/@ubirataonline","https:\/\/www.facebook.com\/groups\/311144672285604","https:\/\/www.facebook.com\/UBTAOnline","https:\/\/www.instagram.com\/portalubirataonline\/","https:\/\/twitter.com\/ubirataonline"],"description":"Somos um portal de not\u00edcias independente, criado em 5 de janeiro de 2009, com o objetivo de informar, conectar e valorizar a nossa comunidade de Ubirat\u00e3 e toda aregi\u00e3o. Com conte\u00fado atualizado, confi\u00e1vel e relevante, o Ubirat\u00e3 Online \u00e9 o seu espa\u00e7o para ficar por dentro dos principais acontecimentos locais, regionais, Brasil, Mundo e de interesse geral. Nosso compromisso \u00e9 com a verdade, a transpar\u00eancia e o respeito ao leitor.","legalName":"UBIRATA ONLINE NOT\u00cdCIAS","foundingDate":"2009-01-05","numberOfEmployees":{"@type":"QuantitativeValue","minValue":"1","maxValue":"10"},"publishingPrinciples":"https:\/\/ubirataonline.com.br\/faq\/","address":{"@id":"https:\/\/ubirataonline.com.br\/the-terminal-list-sets-season-2-premiere-date-at-prime-video\/#local-main-place-address"},"geo":{"@type":"GeoCoordinates","latitude":"-24.5361401","longitude":"-52.9921776"},"telephone":["+5544998308235"],"contactPoint":{"@type":"ContactPoint","email":"contato@ubirataonline.com.br"},"openingHoursSpecification":{"@type":"OpeningHoursSpecification","dayOfWeek":["Monday","Tuesday","Wednesday","Thursday","Friday","Saturday","Sunday"],"opens":"00:00","closes":"23:59"},"email":"contato@ubirataonline.com.br","vatID":"47.621.418\/0001-80"},{"@type":"Person","@id":"https:\/\/ubirataonline.com.br\/#\/schema\/person\/372f87bbd3fdd79b8556b84c98d0bc1c","name":"REDA\u00c7\u00c3O: UBIRAT\u00c3 ONLINE - F\u00c1BIO AUGUSTO CELESTINO","pronouns":"Ele","description":"Desde 2003 trabalhando com not\u00edcias.","sameAs":["http:\/\/ubirataoline.com.br","https:\/\/www.facebook.com\/portalubirataonline","https:\/\/www.instagram.com\/ubirataonline_oficial","https:\/\/x.com\/x.com\/ubirataonline"],"honorificPrefix":"Mr.","honorificSuffix":"MD","birthDate":"1980-06-16","gender":"masculino","award":["V\u00e1rios pr\u00eamios de melhor portal da cidade"],"jobTitle":"Diretor","url":"https:\/\/ubirataonline.com.br\/en\/author\/ubirataonline\/"},{"@type":"PostalAddress","@id":"https:\/\/ubirataonline.com.br\/the-terminal-list-sets-season-2-premiere-date-at-prime-video\/#local-main-place-address","streetAddress":"Rua dos Coqueiros, 104 - Bairro Boa Vista, Rua dos Coqueiros, 104 Bairro Boa Vista","addressLocality":"UBIRATA","postalCode":"85440-000","addressRegion":"PR","addressCountry":"BR"},{"@type":"ImageObject","inLanguage":"en-US","@id":"https:\/\/ubirataonline.com.br\/the-terminal-list-sets-season-2-premiere-date-at-prime-video\/#local-main-organization-logo","url":"https:\/\/ubirataonline.com.br\/wp-content\/uploads\/2026\/06\/logoubirataonline-1.webp","contentUrl":"https:\/\/ubirataonline.com.br\/wp-content\/uploads\/2026\/06\/logoubirataonline-1.webp","width":500,"height":500,"caption":"Ubirat\u00e3 Online Not\u00edcias"}]},"geo.placename":"UBIRATA","geo.position":{"lat":"-24.5361401","long":"-52.9921776"},"geo.region":"Brazil"},"_links":{"self":[{"href":"https:\/\/ubirataonline.com.br\/en\/wp-json\/wp\/v2\/posts\/127686","targetHints":{"allow":["GET"]}}],"collection":[{"href":"https:\/\/ubirataonline.com.br\/en\/wp-json\/wp\/v2\/posts"}],"about":[{"href":"https:\/\/ubirataonline.com.br\/en\/wp-json\/wp\/v2\/types\/post"}],"author":[{"embeddable":true,"href":"https:\/\/ubirataonline.com.br\/en\/wp-json\/wp\/v2\/users\/1"}],"replies":[{"embeddable":true,"href":"https:\/\/ubirataonline.com.br\/en\/wp-json\/wp\/v2\/comments?post=127686"}],"version-history":[{"count":0,"href":"https:\/\/ubirataonline.com.br\/en\/wp-json\/wp\/v2\/posts\/127686\/revisions"}],"wp:featuredmedia":[{"embeddable":true,"href":"https:\/\/ubirataonline.com.br\/en\/wp-json\/wp\/v2\/media\/127687"}],"wp:attachment":[{"href":"https:\/\/ubirataonline.com.br\/en\/wp-json\/wp\/v2\/media?parent=127686"}],"wp:term":[{"taxonomy":"category","embeddable":true,"href":"https:\/\/ubirataonline.com.br\/en\/wp-json\/wp\/v2\/categories?post=127686"},{"taxonomy":"post_tag","embeddable":true,"href":"https:\/\/ubirataonline.com.br\/en\/wp-json\/wp\/v2\/tags?post=127686"}],"curies":[{"name":"wp","href":"https:\/\/api.w.org\/{rel}","templated":true}]}}