{"id":127689,"date":"2026-05-12T08:51:09","date_gmt":"2026-05-12T11:51:09","guid":{"rendered":"https:\/\/ubirataonline.com.br\/revitalizacao-da-orla-historica-de-paranagua-avanca-etapa-importante\/"},"modified":"2026-05-12T08:51:11","modified_gmt":"2026-05-12T11:51:11","slug":"revitalizacao-da-orla-historica-de-paranagua-avanca-etapa-importante","status":"publish","type":"post","link":"https:\/\/ubirataonline.com.br\/en\/revitalizacao-da-orla-historica-de-paranagua-avanca-etapa-importante\/","title":{"rendered":"Revitaliza\u00e7\u00e3o da Orla Hist\u00f3rica de Paranagu\u00e1 avan\u00e7a etapa importante"},"content":{"rendered":"<p><\/p>\n<div id=\"post-content\">\n<p>O <strong>Instituto \u00c1gua e Terra<\/strong> emitiu a <strong>Licen\u00e7a Pr\u00e9via<\/strong> que autoriza a instala\u00e7\u00e3o do canteiro de obras para a <strong>revitaliza\u00e7\u00e3o da Orla Hist\u00f3rica de Paranagu\u00e1<\/strong>, localizada \u00e0s margens do Rio Itiber\u00ea. A requalifica\u00e7\u00e3o urbana abrange mais de 55 mil metros quadrados e tem como objetivo proporcionar <strong>maior conforto e acessibilidade<\/strong> aos moradores e visitantes, fortalecendo o <strong>potencial tur\u00edstico da cidade<\/strong> conhecida por sua relev\u00e2ncia cultural e hist\u00f3rica.<\/p>\n<p>O pacote de interven\u00e7\u00f5es prev\u00ea melhorias na pavimenta\u00e7\u00e3o, cal\u00e7amento, ilumina\u00e7\u00e3o p\u00fablica e paisagismo. Tamb\u00e9m ser\u00e3o constru\u00eddos novos trapiches, ciclovia, estacionamento p\u00fablico e centro gastron\u00f4mico, al\u00e9m da amplia\u00e7\u00e3o do Mercado Municipal com a incorpora\u00e7\u00e3o do Mercado do Peixe. O projeto arquitet\u00f4nico tem assinatura da Ricardo Amaral Arquitetos Associados.<\/p>\n<p>A licita\u00e7\u00e3o seguir\u00e1 o modelo de contrata\u00e7\u00e3o integrada, no qual a empresa vencedora ser\u00e1 respons\u00e1vel pela elabora\u00e7\u00e3o dos projetos b\u00e1sico e executivo e pela execu\u00e7\u00e3o das obras. O investimento total ser\u00e1 revelado somente ap\u00f3s a abertura das propostas, j\u00e1 que o or\u00e7amento \u00e9 sigiloso. A conclus\u00e3o est\u00e1 prevista para 12 meses ap\u00f3s o in\u00edcio das interven\u00e7\u00f5es, segundo a <strong>Ag\u00eancia Estadual de Not\u00edcias.<\/strong>.<\/p>\n<p>O secret\u00e1rio estadual do Desenvolvimento Sustent\u00e1vel, Everton Souza, explica que a Licen\u00e7a Pr\u00e9via emitida estabelece condicionantes para garantir a viabilidade t\u00e9cnica e ambiental da proposta, como apresenta\u00e7\u00e3o de planos de manejo de fauna, gerenciamento de res\u00edduos e monitoramento ambiental. O documento tem validade de dois anos.<\/p>\n<p>Somente ap\u00f3s o cumprimento dos requisitos t\u00e9cnicos assinalados pela LP a Prefeitura de Paranagu\u00e1 poder\u00e1 solicitar a Licen\u00e7a de Instala\u00e7\u00e3o, documento que autoriza o in\u00edcio efetivo das obras.<\/p>\n<p>\u201cEssa \u00e9 mais uma obra emblem\u00e1tica do Governo do Estado para o Litoral do Paran\u00e1. Ela se soma \u00e0 revitaliza\u00e7\u00e3o da orla de Matinhos, da orla de Pontal do Paran\u00e1, \u00e0 constru\u00e7\u00e3o da Ponte de Guaratuba e tantas outras interven\u00e7\u00f5es promovidas pelo governador Ratinho Junior\u201d, afirma Souza. \u201cParanagu\u00e1 precisava dessa repagina\u00e7\u00e3o para atrair mais turistas e melhorar a qualidade de vida de quem mora nessa cidade t\u00e3o importante para o Paran\u00e1\u201d, complementa o secret\u00e1rio.<\/p>\n<h2 class=\"wp-block-heading\" id=\"h-o-projeto-de-revitalizacao-da-orla-historica-de-paranagua\">O projeto de revitaliza\u00e7\u00e3o da Orla Hist\u00f3rica de Paranagu\u00e1<\/h2>\n<p>A revitaliza\u00e7\u00e3o da Orla Hist\u00f3rica de Paranagu\u00e1 foi desenvolvida pela Secretaria do Planejamento, por meio do Paran\u00e1 Projetos, que coordenou a elabora\u00e7\u00e3o do anteprojeto e do projeto arquitet\u00f4nico.<\/p>\n<p>Durante o processo, foram realizadas reuni\u00f5es t\u00e9cnicas em Paranagu\u00e1 para receber considera\u00e7\u00f5es e sugest\u00f5es da comunidade. Entre as principais obras planejadas est\u00e1 a constru\u00e7\u00e3o de um novo mercado de peixes anexo ao Mercado Municipal Nilton Abel de Lima, localizado em um terreno de quase 4,3 mil hectares que tamb\u00e9m ser\u00e1 revitalizado.<\/p>\n<p>A obra estava prevista em contrato de 2016, mas at\u00e9 2020 a empresa havia executado apenas 30 por cento dos servi\u00e7os, levando o Governo do Estado a rescindir o contrato por incapacidade da contratada.<\/p>\n<p>Ap\u00f3s a rescis\u00e3o, o governador decidiu ampliar o projeto, que al\u00e9m do novo Mercado do Peixe passou a englobar \u00e1rea muito mais ampla, incluindo a Orla do Rio Itiber\u00ea, constru\u00e7\u00e3o de novo centro gastron\u00f4mico, novos trapiches, requalifica\u00e7\u00e3o da passarela dos Valadares e obras de pavimenta\u00e7\u00e3o, acessibilidade, ilumina\u00e7\u00e3o p\u00fablica e paisagismo ao longo da regi\u00e3o.<\/p>\n<p>A reforma e amplia\u00e7\u00e3o do Mercado Municipal inclui constru\u00e7\u00e3o de 30 boxes para com\u00e9rcio de pescados e tr\u00eas boxes para com\u00e9rcio de ostras, al\u00e9m de sanit\u00e1rios para visitantes, vesti\u00e1rios, espa\u00e7os para limpeza de produtos destinados aos comerciantes e nova circula\u00e7\u00e3o vertical com escadaria e elevador. Novo trapiche tamb\u00e9m ser\u00e1 constru\u00eddo para facilitar o descarregamento di\u00e1rio dos pescadores.<\/p>\n<p>No pavimento superior haver\u00e1 amplia\u00e7\u00e3o do terra\u00e7o para atendimento dos restaurantes existentes, enquanto na \u00e1rea externa ser\u00e3o constru\u00eddas novas estruturas, incluindo f\u00e1brica de gelo e cisterna. A fachada do Mercado Municipal tamb\u00e9m ser\u00e1 revitalizada com nova pintura e instala\u00e7\u00e3o de janelas.<\/p>\n<p>Com a constru\u00e7\u00e3o do novo mercado de peixes, a antiga estrutura ser\u00e1 demolida para dar espa\u00e7o a novo estacionamento p\u00fablico, tamb\u00e9m inclu\u00eddo no projeto de requalifica\u00e7\u00e3o.<\/p>\n<h2 class=\"wp-block-heading\" id=\"h-orla-central-de-paranagua\">Orla Central de Paranagu\u00e1<\/h2>\n<p>Na continua\u00e7\u00e3o da orla, os antigos trapiches ser\u00e3o substitu\u00eddos por novas estruturas flutuantes que cumprir\u00e3o fun\u00e7\u00e3o pr\u00e1tica e dar\u00e3o aspecto mais bonito \u00e0 regi\u00e3o central. O entorno da esta\u00e7\u00e3o n\u00e1utica tamb\u00e9m ser\u00e1 revitalizado para melhoria da acessibilidade e incorpora\u00e7\u00e3o de elementos paisag\u00edsticos.<\/p>\n<p>A proposta \u00e9 criar ambiente mais atrativo para receber turistas, especialmente aqueles que buscam passeios de barco na regi\u00e3o, com destaque para a Ilha do Mel. Em 2025, a ilha, que pertence ao munic\u00edpio de Paranagu\u00e1, recebeu quase 247 mil visitantes, cerca de 37 por cento do total de turistas que passaram no ano passado por Unidades de Conserva\u00e7\u00e3o administradas pelo IAT.<\/p>\n<p>O projeto prev\u00ea ainda a requalifica\u00e7\u00e3o da passarela de pedestres que liga o centro hist\u00f3rico \u00e0 Ilha dos Valadares, entregue no ano passado, que ganhar\u00e1 estruturas met\u00e1licas com ilumina\u00e7\u00e3o em LED e novo paisagismo com plantas, tornando a travessia mais segura e agrad\u00e1vel.<\/p>\n<p>A Rua Benjamin Constant receber\u00e1 canteiro central com \u00e1rvores e ciclofaixa ampliada, que ser\u00e1 conectada de forma cont\u00ednua at\u00e9 a Rua General Carneiro. Essa extens\u00e3o visa estimular o uso de meios de transporte n\u00e3o motorizados, contribuindo para mobilidade urbana mais sustent\u00e1vel.<\/p>\n<p>Ao longo da margem do Rio Itiber\u00ea est\u00e1 prevista a constru\u00e7\u00e3o de passarela com acesso aos trapiches. O atual centro de gastronomia, localizado ao lado da Pra\u00e7a Rosa Andrade, passar\u00e1 por ampla reestrutura\u00e7\u00e3o.<\/p>\n<p>Devido ao local de interven\u00e7\u00e3o conter constru\u00e7\u00f5es tombadas pelo Instituto do Patrim\u00f4nio Hist\u00f3rico e Art\u00edstico Nacional, o Governo do Estado fez consulta pr\u00e9via ao \u00f3rg\u00e3o federal, que segue acompanhando os projetos.<\/p>\n<section class=\"virals\">\n<article class=\"cardnews cardnews--post cardnews--has-thumbnail cardnews--editorial-noticias\"> <a href=\"https:\/\/www.tribunapr.com.br\/noticias\/parana\/conheca-mel-raro-interior-parana-floradas-especiais-sabor-suave\/?utm_source=noticias-virais-rodape&amp;utm_medium=internal-tribuna&amp;utm_campaign=tribuna\" class=\"cardnews__postlink\"> <\/p>\n<div class=\"cardnews__image\" is-api-thumb=\"\"><\/div>\n<div class=\"cardnews__content cardhome__content\">\n<div class=\"cardnews__content-wrapper\">\n<p> <span style=\"\"> Denomina\u00e7\u00e3o de Origem <\/span> <\/p>\n<p>Conhe\u00e7a o mel raro do interior do Paran\u00e1 que nasce de floradas especiais e tem sabor suave<\/p>\n<\/p><\/div>\n<\/p><\/div>\n<p> <\/a> <\/article>\n<article class=\"cardnews cardnews--post cardnews--has-thumbnail cardnews--editorial-noticias\"> <a href=\"https:\/\/www.tribunapr.com.br\/noticias\/curitiba-regiao\/curitiba-e-a-nova-miami-capital-e-a-que-mais-recebe-cubanos-do-brasil\/?utm_source=noticias-virais-rodape&amp;utm_medium=internal-tribuna&amp;utm_campaign=tribuna\" class=\"cardnews__postlink\"> <\/p>\n<div class=\"cardnews__image\" is-api-thumb=\"\"><img decoding=\"async\" src=\"https:\/\/www.tribunapr.com.br\/wp-content\/uploads\/2026\/04\/02194022\/centro-de-Curitiba-370x210.jpg\" loading=\"lazy\" alt=\"Curitiba \u00e9 a nova Miami: capital paranaense \u00e9 a que mais recebe cubanos do Brasil\"\/><\/div>\n<div class=\"cardnews__content cardhome__content\">\n<div class=\"cardnews__content-wrapper\">\n<p> <span style=\"\"> Imigra\u00e7\u00e3o <\/span> <\/p>\n<p>Curitiba \u00e9 a nova Miami: capital paranaense \u00e9 a que mais recebe cubanos do Brasil<\/p>\n<\/p><\/div>\n<\/p><\/div>\n<p> <\/a> <\/article>\n<article class=\"cardnews cardnews--post cardnews--has-thumbnail cardnews--editorial-noticias\"> <a href=\"https:\/\/www.tribunapr.com.br\/noticias\/parana\/futebol-ajuda-imigrantes-venezuelanos-reconstruir-vinculos-curitiba\/?utm_source=noticias-virais-rodape&amp;utm_medium=internal-tribuna&amp;utm_campaign=tribuna\" class=\"cardnews__postlink\"> <\/p>\n<div class=\"cardnews__image\" is-api-thumb=\"\"><img decoding=\"async\" src=\"https:\/\/www.tribunapr.com.br\/wp-content\/uploads\/2026\/04\/12141044\/liga-venezuela-370x210.jpg\" loading=\"lazy\" alt=\"Futebol ajuda imigrantes venezuelanos a reconstruir v\u00ednculos em Curitiba\"\/><\/div>\n<div class=\"cardnews__content cardhome__content\">\n<div class=\"cardnews__content-wrapper\">\n<p> <span style=\"\"> Paix\u00e3o compartilhada <\/span> <\/p>\n<p>Futebol ajuda imigrantes venezuelanos a reconstruir v\u00ednculos em Curitiba<\/p>\n<\/p><\/div>\n<\/p><\/div>\n<p> <\/a> <\/article>\n<\/section>\n<div id=\"tribuna-follow-cta\">\n<p> <span class=\"cta-title\">Siga a <span class=\"tribuna-color\">Tribuna<\/span> no Google, e acompanhe as \u00faltimas not\u00edcias de Curitiba e regi\u00e3o!<\/span> <\/p>\n<p> <a href=\"https:\/\/profile.google.com\/cp\/CgwvZy8xMmxxajUzM3Mac2h0dHBzOi8vd3d3LnRyaWJ1bmFwci5jb20uYnIvdml2YS92aXRyaW5lL2dpZ2FudGUtZG8tdmVzdHVhcmlvLXJlaW5hdWd1cmEtbG9qYS1lbS1zaG9wcGluZy10cmFkaWNpb25hbC1kZS1jdXJpdGliYS8iElRyaWJ1bmEgZG8gUGFyYW7DoSqAAwrHAWh0dHBzOi8vZW5jcnlwdGVkLXRibjIuZ3N0YXRpYy5jb20vZmF2aWNvbi10Ym4_cT10Ym46QU5kOUdjUVJPbjVDRjR6TzJPbkUwTXZrRlRCRTY2U0g1bGlaVDRaZTV3bWNKeU5GRm1BSnluM01nNU9PR3BXY1pYMzZwYU5HUWtsZ09JVEFLTTNNZVNGbTc1aWp6M3k2ajUtQ3M2b25kX2JUcFFQQkVLd3RsUjBsTmJESnUtVHhrNXQtbFlCNlVpOWZSVVFjT2cSswFodHRwczovL2VuY3J5cHRlZC10Ym4zLmdzdGF0aWMuY29tL2Zhdmljb24tdGJuP3E9dGJuJTNBQU5kOUdjU0FMaWJ2eFF0YXdFMFRueVdWWmVKRS1MZEdRZjVTUi1OZ2RMazhyZzIwVy1nM0JuQ1F4VDNKZFBjRXR2THdBeVRxUDJEdHVycEdVR29CQkxpYzM5al9wSmFxRERaMHNCYW05WEVhSGVsMmZTQmdKdlF4WWVyMw\" target=\"_blank\" title=\"Seguir a Tribuna no Google\">  <\/a> <\/div>\n<\/p><\/div>\n<p><a href=\"https:\/\/www.tribunapr.com.br\/noticias\/parana\/revitalizacao-da-orla-historica-de-paranagua-avanca-etapa-importante\/\">Fonte do Artigo <\/a><\/p>","protected":false},"excerpt":{"rendered":"<p>O Instituto \u00c1gua e Terra emitiu a Licen\u00e7a Pr\u00e9via que autoriza a instala\u00e7\u00e3o do canteiro de obras para a revitaliza\u00e7\u00e3o da Orla Hist\u00f3rica de Paranagu\u00e1, localizada \u00e0s margens do Rio Itiber\u00ea. A requalifica\u00e7\u00e3o urbana abrange mais de 55 mil metros quadrados e tem como objetivo proporcionar maior conforto e acessibilidade aos moradores e visitantes, fortalecendo [&hellip;]<\/p>\n","protected":false},"author":1,"featured_media":127690,"comment_status":"closed","ping_status":"","sticky":false,"template":"","format":"standard","meta":{"googlesitekit_rrm_CAow2JLhCw:productID":"","_gspb_post_css":"","maa_idioma":"","maa_pais":"","footnotes":""},"categories":[1],"tags":[5520,4215,2997,12652,35044,3425,1713],"class_list":["post-127689","post","type-post","status-publish","format-standard","has-post-thumbnail","hentry","category-ubirata","tag-avanca","tag-etapa","tag-historica","tag-importante","tag-orla","tag-paranagua","tag-revitalizacao"],"blocksy_meta":[],"yoast_head":"<!-- This site is optimized with the Yoast SEO Premium plugin v27.6 (Yoast SEO v27.6) - https:\/\/yoast.com\/product\/yoast-seo-premium-wordpress\/ -->\n<title>Revitaliza\u00e7\u00e3o da Orla Hist\u00f3rica de Paranagu\u00e1 avan\u00e7a etapa importante - Ubirat\u00e3 Online Not\u00edcias - A realidade ao seu alcance!<\/title>\n<meta name=\"description\" content=\"O Instituto \u00c1gua e Terra emitiu a Licen\u00e7a Pr\u00e9via que autoriza a instala\u00e7\u00e3o do canteiro de obras para a revitaliza\u00e7\u00e3o da Orla Hist\u00f3rica de Paranagu\u00e1,\" \/>\n<meta name=\"robots\" content=\"index, follow, max-snippet:-1, max-image-preview:large, max-video-preview:-1\" \/>\n<link rel=\"canonical\" href=\"https:\/\/ubirataonline.com.br\/en\/revitalizacao-da-orla-historica-de-paranagua-avanca-etapa-importante\/\" \/>\n<meta property=\"og:locale\" content=\"en_US\" \/>\n<meta property=\"og:type\" content=\"article\" \/>\n<meta property=\"og:title\" content=\"Revitaliza\u00e7\u00e3o da Orla Hist\u00f3rica de Paranagu\u00e1 avan\u00e7a etapa importante\" \/>\n<meta property=\"og:description\" content=\"O Instituto \u00c1gua e Terra emitiu a Licen\u00e7a Pr\u00e9via que autoriza a instala\u00e7\u00e3o do canteiro de obras para a revitaliza\u00e7\u00e3o da Orla Hist\u00f3rica de Paranagu\u00e1,\" \/>\n<meta property=\"og:url\" content=\"https:\/\/ubirataonline.com.br\/en\/revitalizacao-da-orla-historica-de-paranagua-avanca-etapa-importante\/\" \/>\n<meta property=\"og:site_name\" content=\"Ubirat\u00e3 Online Not\u00edcias - A realidade ao seu alcance!\" \/>\n<meta property=\"article:publisher\" content=\"https:\/\/www.facebook.com\/portalubirataonline\" \/>\n<meta property=\"article:author\" content=\"https:\/\/www.facebook.com\/portalubirataonline\" \/>\n<meta property=\"article:published_time\" content=\"2026-05-12T11:51:09+00:00\" \/>\n<meta property=\"article:modified_time\" content=\"2026-05-12T11:51:11+00:00\" \/>\n<meta property=\"og:image\" content=\"https:\/\/ubirataonline.com.br\/wp-content\/uploads\/2026\/05\/Revitalizacao-da-Orla-Historica-de-Paranagua-avanca-etapa-importante.jpg\" \/>\n\t<meta property=\"og:image:width\" content=\"1\" \/>\n\t<meta property=\"og:image:height\" content=\"1\" \/>\n\t<meta property=\"og:image:type\" content=\"image\/jpeg\" \/>\n<meta name=\"author\" content=\"REDA\u00c7\u00c3O: UBIRAT\u00c3 ONLINE - F\u00c1BIO AUGUSTO CELESTINO\" \/>\n<meta name=\"twitter:card\" content=\"summary_large_image\" \/>\n<meta name=\"twitter:creator\" content=\"@x.com\/ubirataonline\" \/>\n<meta name=\"twitter:site\" content=\"@ubirataonline\" \/>\n<meta name=\"twitter:label1\" content=\"Written by\" \/>\n\t<meta name=\"twitter:data1\" content=\"REDA\u00c7\u00c3O: UBIRAT\u00c3 ONLINE - F\u00c1BIO AUGUSTO CELESTINO\" \/>\n\t<meta name=\"twitter:label2\" content=\"Est. reading time\" \/>\n\t<meta name=\"twitter:data2\" content=\"5 minutes\" \/>\n<script type=\"application\/ld+json\" class=\"yoast-schema-graph\">{\"@context\":\"https:\\\/\\\/schema.org\",\"@graph\":[{\"@type\":\"NewsArticle\",\"@id\":\"https:\\\/\\\/ubirataonline.com.br\\\/revitalizacao-da-orla-historica-de-paranagua-avanca-etapa-importante\\\/#article\",\"isPartOf\":{\"@id\":\"https:\\\/\\\/ubirataonline.com.br\\\/revitalizacao-da-orla-historica-de-paranagua-avanca-etapa-importante\\\/\"},\"author\":{\"name\":\"REDA\u00c7\u00c3O: UBIRAT\u00c3 ONLINE - F\u00c1BIO AUGUSTO CELESTINO\",\"@id\":\"https:\\\/\\\/ubirataonline.com.br\\\/#\\\/schema\\\/person\\\/372f87bbd3fdd79b8556b84c98d0bc1c\"},\"headline\":\"Revitaliza\u00e7\u00e3o da Orla Hist\u00f3rica de Paranagu\u00e1 avan\u00e7a etapa importante\",\"datePublished\":\"2026-05-12T11:51:09+00:00\",\"dateModified\":\"2026-05-12T11:51:11+00:00\",\"mainEntityOfPage\":{\"@id\":\"https:\\\/\\\/ubirataonline.com.br\\\/revitalizacao-da-orla-historica-de-paranagua-avanca-etapa-importante\\\/\"},\"wordCount\":1084,\"publisher\":{\"@id\":\"https:\\\/\\\/ubirataonline.com.br\\\/#organization\"},\"image\":{\"@id\":\"https:\\\/\\\/ubirataonline.com.br\\\/revitalizacao-da-orla-historica-de-paranagua-avanca-etapa-importante\\\/#primaryimage\"},\"thumbnailUrl\":\"https:\\\/\\\/ubirataonline.com.br\\\/wp-content\\\/uploads\\\/2026\\\/05\\\/Revitalizacao-da-Orla-Historica-de-Paranagua-avanca-etapa-importante.jpg\",\"keywords\":[\"avan\u00e7a\",\"etapa\",\"hist\u00f3rica\",\"importante\",\"Orla\",\"Paranagu\u00e1\",\"Revitaliza\u00e7\u00e3o\"],\"articleSection\":[\"Ubirat\u00e3\"],\"inLanguage\":\"en-US\",\"copyrightYear\":\"2026\",\"copyrightHolder\":{\"@id\":\"https:\\\/\\\/ubirataonline.com.br\\\/en\\\/#organization\"}},{\"@type\":\"WebPage\",\"@id\":\"https:\\\/\\\/ubirataonline.com.br\\\/revitalizacao-da-orla-historica-de-paranagua-avanca-etapa-importante\\\/\",\"url\":\"https:\\\/\\\/ubirataonline.com.br\\\/revitalizacao-da-orla-historica-de-paranagua-avanca-etapa-importante\\\/\",\"name\":\"Revitaliza\u00e7\u00e3o da Orla Hist\u00f3rica de Paranagu\u00e1 avan\u00e7a etapa importante - Ubirat\u00e3 Online Not\u00edcias - A realidade ao seu alcance!\",\"isPartOf\":{\"@id\":\"https:\\\/\\\/ubirataonline.com.br\\\/#website\"},\"primaryImageOfPage\":{\"@id\":\"https:\\\/\\\/ubirataonline.com.br\\\/revitalizacao-da-orla-historica-de-paranagua-avanca-etapa-importante\\\/#primaryimage\"},\"image\":{\"@id\":\"https:\\\/\\\/ubirataonline.com.br\\\/revitalizacao-da-orla-historica-de-paranagua-avanca-etapa-importante\\\/#primaryimage\"},\"thumbnailUrl\":\"https:\\\/\\\/ubirataonline.com.br\\\/wp-content\\\/uploads\\\/2026\\\/05\\\/Revitalizacao-da-Orla-Historica-de-Paranagua-avanca-etapa-importante.jpg\",\"datePublished\":\"2026-05-12T11:51:09+00:00\",\"dateModified\":\"2026-05-12T11:51:11+00:00\",\"description\":\"O Instituto \u00c1gua e Terra emitiu a Licen\u00e7a Pr\u00e9via que autoriza a instala\u00e7\u00e3o do canteiro de obras para a revitaliza\u00e7\u00e3o da Orla Hist\u00f3rica de Paranagu\u00e1,\",\"breadcrumb\":{\"@id\":\"https:\\\/\\\/ubirataonline.com.br\\\/revitalizacao-da-orla-historica-de-paranagua-avanca-etapa-importante\\\/#breadcrumb\"},\"inLanguage\":\"en-US\",\"potentialAction\":[{\"@type\":\"ReadAction\",\"target\":[\"https:\\\/\\\/ubirataonline.com.br\\\/revitalizacao-da-orla-historica-de-paranagua-avanca-etapa-importante\\\/\"]}]},{\"@type\":\"ImageObject\",\"inLanguage\":\"en-US\",\"@id\":\"https:\\\/\\\/ubirataonline.com.br\\\/revitalizacao-da-orla-historica-de-paranagua-avanca-etapa-importante\\\/#primaryimage\",\"url\":\"https:\\\/\\\/ubirataonline.com.br\\\/wp-content\\\/uploads\\\/2026\\\/05\\\/Revitalizacao-da-Orla-Historica-de-Paranagua-avanca-etapa-importante.jpg\",\"contentUrl\":\"https:\\\/\\\/ubirataonline.com.br\\\/wp-content\\\/uploads\\\/2026\\\/05\\\/Revitalizacao-da-Orla-Historica-de-Paranagua-avanca-etapa-importante.jpg\",\"caption\":\"Proje\u00e7\u00e3o de como ficar\u00e1 a Orla de Paranagu\u00e1 com revitaliza\u00e7\u00e3o. Foto: Ricardo Amaral\\\/Arquitetos Associados\"},{\"@type\":\"BreadcrumbList\",\"@id\":\"https:\\\/\\\/ubirataonline.com.br\\\/revitalizacao-da-orla-historica-de-paranagua-avanca-etapa-importante\\\/#breadcrumb\",\"itemListElement\":[{\"@type\":\"ListItem\",\"position\":1,\"name\":\"In\u00edcio\",\"item\":\"https:\\\/\\\/ubirataonline.com.br\\\/\"},{\"@type\":\"ListItem\",\"position\":2,\"name\":\"Revitaliza\u00e7\u00e3o da Orla Hist\u00f3rica de Paranagu\u00e1 avan\u00e7a etapa importante\"}]},{\"@type\":\"WebSite\",\"@id\":\"https:\\\/\\\/ubirataonline.com.br\\\/#website\",\"url\":\"https:\\\/\\\/ubirataonline.com.br\\\/\",\"name\":\"Ubirat\u00e3 Online Not\u00edcias\",\"description\":\"Not\u00edcias de Ubirat\u00e3, regi\u00e3o, Brasil e mundo, com informa\u00e7\u00e3o atualizada e compromisso com o leitor.\",\"publisher\":{\"@id\":\"https:\\\/\\\/ubirataonline.com.br\\\/#organization\"},\"alternateName\":\"Ubirat\u00e3 Online\",\"potentialAction\":[{\"@type\":\"SearchAction\",\"target\":{\"@type\":\"EntryPoint\",\"urlTemplate\":\"https:\\\/\\\/ubirataonline.com.br\\\/?s={search_term_string}\"},\"query-input\":{\"@type\":\"PropertyValueSpecification\",\"valueRequired\":true,\"valueName\":\"search_term_string\"}}],\"inLanguage\":\"en-US\"},{\"@type\":[\"Organization\",\"Place\"],\"@id\":\"https:\\\/\\\/ubirataonline.com.br\\\/#organization\",\"name\":\"Ubirat\u00e3 Online Not\u00edcias\",\"alternateName\":\"Ubirat\u00e3 Online\",\"url\":\"https:\\\/\\\/ubirataonline.com.br\\\/\",\"logo\":{\"@id\":\"https:\\\/\\\/ubirataonline.com.br\\\/revitalizacao-da-orla-historica-de-paranagua-avanca-etapa-importante\\\/#local-main-organization-logo\"},\"image\":{\"@id\":\"https:\\\/\\\/ubirataonline.com.br\\\/revitalizacao-da-orla-historica-de-paranagua-avanca-etapa-importante\\\/#local-main-organization-logo\"},\"sameAs\":[\"https:\\\/\\\/www.facebook.com\\\/portalubirataonline\",\"https:\\\/\\\/x.com\\\/ubirataonline\",\"https:\\\/\\\/mastodon.social\\\/@ubirataonline\",\"https:\\\/\\\/www.facebook.com\\\/groups\\\/311144672285604\",\"https:\\\/\\\/www.facebook.com\\\/UBTAOnline\",\"https:\\\/\\\/www.instagram.com\\\/portalubirataonline\\\/\",\"https:\\\/\\\/twitter.com\\\/ubirataonline\"],\"description\":\"Somos um portal de not\u00edcias independente, criado em 5 de janeiro de 2009, com o objetivo de informar, conectar e valorizar a nossa comunidade de Ubirat\u00e3 e toda aregi\u00e3o. Com conte\u00fado atualizado, confi\u00e1vel e relevante, o Ubirat\u00e3 Online \u00e9 o seu espa\u00e7o para ficar por dentro dos principais acontecimentos locais, regionais, Brasil, Mundo e de interesse geral. Nosso compromisso \u00e9 com a verdade, a transpar\u00eancia e o respeito ao leitor.\",\"legalName\":\"UBIRATA ONLINE NOT\u00cdCIAS\",\"foundingDate\":\"2009-01-05\",\"numberOfEmployees\":{\"@type\":\"QuantitativeValue\",\"minValue\":\"1\",\"maxValue\":\"10\"},\"publishingPrinciples\":\"https:\\\/\\\/ubirataonline.com.br\\\/faq\\\/\",\"address\":{\"@id\":\"https:\\\/\\\/ubirataonline.com.br\\\/revitalizacao-da-orla-historica-de-paranagua-avanca-etapa-importante\\\/#local-main-place-address\"},\"geo\":{\"@type\":\"GeoCoordinates\",\"latitude\":\"-24.5361401\",\"longitude\":\"-52.9921776\"},\"telephone\":[\"+5544998308235\"],\"contactPoint\":{\"@type\":\"ContactPoint\",\"email\":\"contato@ubirataonline.com.br\"},\"openingHoursSpecification\":{\"@type\":\"OpeningHoursSpecification\",\"dayOfWeek\":[\"Monday\",\"Tuesday\",\"Wednesday\",\"Thursday\",\"Friday\",\"Saturday\",\"Sunday\"],\"opens\":\"00:00\",\"closes\":\"23:59\"},\"email\":\"contato@ubirataonline.com.br\",\"vatID\":\"47.621.418\\\/0001-80\"},{\"@type\":\"Person\",\"@id\":\"https:\\\/\\\/ubirataonline.com.br\\\/#\\\/schema\\\/person\\\/372f87bbd3fdd79b8556b84c98d0bc1c\",\"name\":\"REDA\u00c7\u00c3O: UBIRAT\u00c3 ONLINE - F\u00c1BIO AUGUSTO CELESTINO\",\"pronouns\":\"Ele\",\"description\":\"Desde 2003 trabalhando com not\u00edcias.\",\"sameAs\":[\"http:\\\/\\\/ubirataoline.com.br\",\"https:\\\/\\\/www.facebook.com\\\/portalubirataonline\",\"https:\\\/\\\/www.instagram.com\\\/ubirataonline_oficial\",\"https:\\\/\\\/x.com\\\/x.com\\\/ubirataonline\"],\"honorificPrefix\":\"Mr.\",\"honorificSuffix\":\"MD\",\"birthDate\":\"1980-06-16\",\"gender\":\"masculino\",\"award\":[\"V\u00e1rios pr\u00eamios de melhor portal da cidade\"],\"jobTitle\":\"Diretor\",\"url\":\"https:\\\/\\\/ubirataonline.com.br\\\/en\\\/author\\\/ubirataonline\\\/\"},{\"@type\":\"PostalAddress\",\"@id\":\"https:\\\/\\\/ubirataonline.com.br\\\/revitalizacao-da-orla-historica-de-paranagua-avanca-etapa-importante\\\/#local-main-place-address\",\"streetAddress\":\"Rua dos Coqueiros, 104 - Bairro Boa Vista, Rua dos Coqueiros, 104 Bairro Boa Vista\",\"addressLocality\":\"UBIRATA\",\"postalCode\":\"85440-000\",\"addressRegion\":\"PR\",\"addressCountry\":\"BR\"},{\"@type\":\"ImageObject\",\"inLanguage\":\"en-US\",\"@id\":\"https:\\\/\\\/ubirataonline.com.br\\\/revitalizacao-da-orla-historica-de-paranagua-avanca-etapa-importante\\\/#local-main-organization-logo\",\"url\":\"https:\\\/\\\/ubirataonline.com.br\\\/wp-content\\\/uploads\\\/2026\\\/06\\\/logoubirataonline-1.webp\",\"contentUrl\":\"https:\\\/\\\/ubirataonline.com.br\\\/wp-content\\\/uploads\\\/2026\\\/06\\\/logoubirataonline-1.webp\",\"width\":500,\"height\":500,\"caption\":\"Ubirat\u00e3 Online Not\u00edcias\"}]}<\/script>\n<meta name=\"geo.placename\" content=\"UBIRATA\" \/>\n<meta name=\"geo.position\" content=\"-24.5361401;-52.9921776\" \/>\n<meta name=\"geo.region\" content=\"Brazil\" \/>\n<!-- \/ Yoast SEO Premium plugin. -->","yoast_head_json":{"title":"Revitaliza\u00e7\u00e3o da Orla Hist\u00f3rica de Paranagu\u00e1 avan\u00e7a etapa importante - Ubirat\u00e3 Online Not\u00edcias - A realidade ao seu alcance!","description":"O Instituto \u00c1gua e Terra emitiu a Licen\u00e7a Pr\u00e9via que autoriza a instala\u00e7\u00e3o do canteiro de obras para a revitaliza\u00e7\u00e3o da Orla Hist\u00f3rica de Paranagu\u00e1,","robots":{"index":"index","follow":"follow","max-snippet":"max-snippet:-1","max-image-preview":"max-image-preview:large","max-video-preview":"max-video-preview:-1"},"canonical":"https:\/\/ubirataonline.com.br\/en\/revitalizacao-da-orla-historica-de-paranagua-avanca-etapa-importante\/","og_locale":"en_US","og_type":"article","og_title":"Revitaliza\u00e7\u00e3o da Orla Hist\u00f3rica de Paranagu\u00e1 avan\u00e7a etapa importante","og_description":"O Instituto \u00c1gua e Terra emitiu a Licen\u00e7a Pr\u00e9via que autoriza a instala\u00e7\u00e3o do canteiro de obras para a revitaliza\u00e7\u00e3o da Orla Hist\u00f3rica de Paranagu\u00e1,","og_url":"https:\/\/ubirataonline.com.br\/en\/revitalizacao-da-orla-historica-de-paranagua-avanca-etapa-importante\/","og_site_name":"Ubirat\u00e3 Online Not\u00edcias - A realidade ao seu alcance!","article_publisher":"https:\/\/www.facebook.com\/portalubirataonline","article_author":"https:\/\/www.facebook.com\/portalubirataonline","article_published_time":"2026-05-12T11:51:09+00:00","article_modified_time":"2026-05-12T11:51:11+00:00","og_image":[{"url":"https:\/\/ubirataonline.com.br\/wp-content\/uploads\/2026\/05\/Revitalizacao-da-Orla-Historica-de-Paranagua-avanca-etapa-importante.jpg","width":1,"height":1,"type":"image\/jpeg"}],"author":"REDA\u00c7\u00c3O: UBIRAT\u00c3 ONLINE - F\u00c1BIO AUGUSTO CELESTINO","twitter_card":"summary_large_image","twitter_creator":"@x.com\/ubirataonline","twitter_site":"@ubirataonline","twitter_misc":{"Written by":"REDA\u00c7\u00c3O: UBIRAT\u00c3 ONLINE - F\u00c1BIO AUGUSTO CELESTINO","Est. reading time":"5 minutes"},"schema":{"@context":"https:\/\/schema.org","@graph":[{"@type":"NewsArticle","@id":"https:\/\/ubirataonline.com.br\/revitalizacao-da-orla-historica-de-paranagua-avanca-etapa-importante\/#article","isPartOf":{"@id":"https:\/\/ubirataonline.com.br\/revitalizacao-da-orla-historica-de-paranagua-avanca-etapa-importante\/"},"author":{"name":"REDA\u00c7\u00c3O: UBIRAT\u00c3 ONLINE - F\u00c1BIO AUGUSTO CELESTINO","@id":"https:\/\/ubirataonline.com.br\/#\/schema\/person\/372f87bbd3fdd79b8556b84c98d0bc1c"},"headline":"Revitaliza\u00e7\u00e3o da Orla Hist\u00f3rica de Paranagu\u00e1 avan\u00e7a etapa importante","datePublished":"2026-05-12T11:51:09+00:00","dateModified":"2026-05-12T11:51:11+00:00","mainEntityOfPage":{"@id":"https:\/\/ubirataonline.com.br\/revitalizacao-da-orla-historica-de-paranagua-avanca-etapa-importante\/"},"wordCount":1084,"publisher":{"@id":"https:\/\/ubirataonline.com.br\/#organization"},"image":{"@id":"https:\/\/ubirataonline.com.br\/revitalizacao-da-orla-historica-de-paranagua-avanca-etapa-importante\/#primaryimage"},"thumbnailUrl":"https:\/\/ubirataonline.com.br\/wp-content\/uploads\/2026\/05\/Revitalizacao-da-Orla-Historica-de-Paranagua-avanca-etapa-importante.jpg","keywords":["avan\u00e7a","etapa","hist\u00f3rica","importante","Orla","Paranagu\u00e1","Revitaliza\u00e7\u00e3o"],"articleSection":["Ubirat\u00e3"],"inLanguage":"en-US","copyrightYear":"2026","copyrightHolder":{"@id":"https:\/\/ubirataonline.com.br\/en\/#organization"}},{"@type":"WebPage","@id":"https:\/\/ubirataonline.com.br\/revitalizacao-da-orla-historica-de-paranagua-avanca-etapa-importante\/","url":"https:\/\/ubirataonline.com.br\/revitalizacao-da-orla-historica-de-paranagua-avanca-etapa-importante\/","name":"Revitaliza\u00e7\u00e3o da Orla Hist\u00f3rica de Paranagu\u00e1 avan\u00e7a etapa importante - Ubirat\u00e3 Online Not\u00edcias - A realidade ao seu alcance!","isPartOf":{"@id":"https:\/\/ubirataonline.com.br\/#website"},"primaryImageOfPage":{"@id":"https:\/\/ubirataonline.com.br\/revitalizacao-da-orla-historica-de-paranagua-avanca-etapa-importante\/#primaryimage"},"image":{"@id":"https:\/\/ubirataonline.com.br\/revitalizacao-da-orla-historica-de-paranagua-avanca-etapa-importante\/#primaryimage"},"thumbnailUrl":"https:\/\/ubirataonline.com.br\/wp-content\/uploads\/2026\/05\/Revitalizacao-da-Orla-Historica-de-Paranagua-avanca-etapa-importante.jpg","datePublished":"2026-05-12T11:51:09+00:00","dateModified":"2026-05-12T11:51:11+00:00","description":"O Instituto \u00c1gua e Terra emitiu a Licen\u00e7a Pr\u00e9via que autoriza a instala\u00e7\u00e3o do canteiro de obras para a revitaliza\u00e7\u00e3o da Orla Hist\u00f3rica de Paranagu\u00e1,","breadcrumb":{"@id":"https:\/\/ubirataonline.com.br\/revitalizacao-da-orla-historica-de-paranagua-avanca-etapa-importante\/#breadcrumb"},"inLanguage":"en-US","potentialAction":[{"@type":"ReadAction","target":["https:\/\/ubirataonline.com.br\/revitalizacao-da-orla-historica-de-paranagua-avanca-etapa-importante\/"]}]},{"@type":"ImageObject","inLanguage":"en-US","@id":"https:\/\/ubirataonline.com.br\/revitalizacao-da-orla-historica-de-paranagua-avanca-etapa-importante\/#primaryimage","url":"https:\/\/ubirataonline.com.br\/wp-content\/uploads\/2026\/05\/Revitalizacao-da-Orla-Historica-de-Paranagua-avanca-etapa-importante.jpg","contentUrl":"https:\/\/ubirataonline.com.br\/wp-content\/uploads\/2026\/05\/Revitalizacao-da-Orla-Historica-de-Paranagua-avanca-etapa-importante.jpg","caption":"Proje\u00e7\u00e3o de como ficar\u00e1 a Orla de Paranagu\u00e1 com revitaliza\u00e7\u00e3o. Foto: Ricardo Amaral\/Arquitetos Associados"},{"@type":"BreadcrumbList","@id":"https:\/\/ubirataonline.com.br\/revitalizacao-da-orla-historica-de-paranagua-avanca-etapa-importante\/#breadcrumb","itemListElement":[{"@type":"ListItem","position":1,"name":"In\u00edcio","item":"https:\/\/ubirataonline.com.br\/"},{"@type":"ListItem","position":2,"name":"Revitaliza\u00e7\u00e3o da Orla Hist\u00f3rica de Paranagu\u00e1 avan\u00e7a etapa importante"}]},{"@type":"WebSite","@id":"https:\/\/ubirataonline.com.br\/#website","url":"https:\/\/ubirataonline.com.br\/","name":"Ubirat\u00e3 Online Not\u00edcias","description":"Not\u00edcias de Ubirat\u00e3, regi\u00e3o, Brasil e mundo, com informa\u00e7\u00e3o atualizada e compromisso com o leitor.","publisher":{"@id":"https:\/\/ubirataonline.com.br\/#organization"},"alternateName":"Ubirat\u00e3 Online","potentialAction":[{"@type":"SearchAction","target":{"@type":"EntryPoint","urlTemplate":"https:\/\/ubirataonline.com.br\/?s={search_term_string}"},"query-input":{"@type":"PropertyValueSpecification","valueRequired":true,"valueName":"search_term_string"}}],"inLanguage":"en-US"},{"@type":["Organization","Place"],"@id":"https:\/\/ubirataonline.com.br\/#organization","name":"Ubirat\u00e3 Online Not\u00edcias","alternateName":"Ubirat\u00e3 Online","url":"https:\/\/ubirataonline.com.br\/","logo":{"@id":"https:\/\/ubirataonline.com.br\/revitalizacao-da-orla-historica-de-paranagua-avanca-etapa-importante\/#local-main-organization-logo"},"image":{"@id":"https:\/\/ubirataonline.com.br\/revitalizacao-da-orla-historica-de-paranagua-avanca-etapa-importante\/#local-main-organization-logo"},"sameAs":["https:\/\/www.facebook.com\/portalubirataonline","https:\/\/x.com\/ubirataonline","https:\/\/mastodon.social\/@ubirataonline","https:\/\/www.facebook.com\/groups\/311144672285604","https:\/\/www.facebook.com\/UBTAOnline","https:\/\/www.instagram.com\/portalubirataonline\/","https:\/\/twitter.com\/ubirataonline"],"description":"Somos um portal de not\u00edcias independente, criado em 5 de janeiro de 2009, com o objetivo de informar, conectar e valorizar a nossa comunidade de Ubirat\u00e3 e toda aregi\u00e3o. Com conte\u00fado atualizado, confi\u00e1vel e relevante, o Ubirat\u00e3 Online \u00e9 o seu espa\u00e7o para ficar por dentro dos principais acontecimentos locais, regionais, Brasil, Mundo e de interesse geral. Nosso compromisso \u00e9 com a verdade, a transpar\u00eancia e o respeito ao leitor.","legalName":"UBIRATA ONLINE NOT\u00cdCIAS","foundingDate":"2009-01-05","numberOfEmployees":{"@type":"QuantitativeValue","minValue":"1","maxValue":"10"},"publishingPrinciples":"https:\/\/ubirataonline.com.br\/faq\/","address":{"@id":"https:\/\/ubirataonline.com.br\/revitalizacao-da-orla-historica-de-paranagua-avanca-etapa-importante\/#local-main-place-address"},"geo":{"@type":"GeoCoordinates","latitude":"-24.5361401","longitude":"-52.9921776"},"telephone":["+5544998308235"],"contactPoint":{"@type":"ContactPoint","email":"contato@ubirataonline.com.br"},"openingHoursSpecification":{"@type":"OpeningHoursSpecification","dayOfWeek":["Monday","Tuesday","Wednesday","Thursday","Friday","Saturday","Sunday"],"opens":"00:00","closes":"23:59"},"email":"contato@ubirataonline.com.br","vatID":"47.621.418\/0001-80"},{"@type":"Person","@id":"https:\/\/ubirataonline.com.br\/#\/schema\/person\/372f87bbd3fdd79b8556b84c98d0bc1c","name":"REDA\u00c7\u00c3O: UBIRAT\u00c3 ONLINE - F\u00c1BIO AUGUSTO CELESTINO","pronouns":"Ele","description":"Desde 2003 trabalhando com not\u00edcias.","sameAs":["http:\/\/ubirataoline.com.br","https:\/\/www.facebook.com\/portalubirataonline","https:\/\/www.instagram.com\/ubirataonline_oficial","https:\/\/x.com\/x.com\/ubirataonline"],"honorificPrefix":"Mr.","honorificSuffix":"MD","birthDate":"1980-06-16","gender":"masculino","award":["V\u00e1rios pr\u00eamios de melhor portal da cidade"],"jobTitle":"Diretor","url":"https:\/\/ubirataonline.com.br\/en\/author\/ubirataonline\/"},{"@type":"PostalAddress","@id":"https:\/\/ubirataonline.com.br\/revitalizacao-da-orla-historica-de-paranagua-avanca-etapa-importante\/#local-main-place-address","streetAddress":"Rua dos Coqueiros, 104 - Bairro Boa Vista, Rua dos Coqueiros, 104 Bairro Boa Vista","addressLocality":"UBIRATA","postalCode":"85440-000","addressRegion":"PR","addressCountry":"BR"},{"@type":"ImageObject","inLanguage":"en-US","@id":"https:\/\/ubirataonline.com.br\/revitalizacao-da-orla-historica-de-paranagua-avanca-etapa-importante\/#local-main-organization-logo","url":"https:\/\/ubirataonline.com.br\/wp-content\/uploads\/2026\/06\/logoubirataonline-1.webp","contentUrl":"https:\/\/ubirataonline.com.br\/wp-content\/uploads\/2026\/06\/logoubirataonline-1.webp","width":500,"height":500,"caption":"Ubirat\u00e3 Online Not\u00edcias"}]},"geo.placename":"UBIRATA","geo.position":{"lat":"-24.5361401","long":"-52.9921776"},"geo.region":"Brazil"},"_links":{"self":[{"href":"https:\/\/ubirataonline.com.br\/en\/wp-json\/wp\/v2\/posts\/127689","targetHints":{"allow":["GET"]}}],"collection":[{"href":"https:\/\/ubirataonline.com.br\/en\/wp-json\/wp\/v2\/posts"}],"about":[{"href":"https:\/\/ubirataonline.com.br\/en\/wp-json\/wp\/v2\/types\/post"}],"author":[{"embeddable":true,"href":"https:\/\/ubirataonline.com.br\/en\/wp-json\/wp\/v2\/users\/1"}],"replies":[{"embeddable":true,"href":"https:\/\/ubirataonline.com.br\/en\/wp-json\/wp\/v2\/comments?post=127689"}],"version-history":[{"count":0,"href":"https:\/\/ubirataonline.com.br\/en\/wp-json\/wp\/v2\/posts\/127689\/revisions"}],"wp:featuredmedia":[{"embeddable":true,"href":"https:\/\/ubirataonline.com.br\/en\/wp-json\/wp\/v2\/media\/127690"}],"wp:attachment":[{"href":"https:\/\/ubirataonline.com.br\/en\/wp-json\/wp\/v2\/media?parent=127689"}],"wp:term":[{"taxonomy":"category","embeddable":true,"href":"https:\/\/ubirataonline.com.br\/en\/wp-json\/wp\/v2\/categories?post=127689"},{"taxonomy":"post_tag","embeddable":true,"href":"https:\/\/ubirataonline.com.br\/en\/wp-json\/wp\/v2\/tags?post=127689"}],"curies":[{"name":"wp","href":"https:\/\/api.w.org\/{rel}","templated":true}]}}