{"id":127893,"date":"2026-05-12T13:48:07","date_gmt":"2026-05-12T16:48:07","guid":{"rendered":"https:\/\/ubirataonline.com.br\/pearl-jam-announce-first-concert-since-matt-cameron-departed-at-ohana\/"},"modified":"2026-05-12T13:48:10","modified_gmt":"2026-05-12T16:48:10","slug":"pearl-jam-announce-first-concert-since-matt-cameron-departed-at-ohana","status":"publish","type":"post","link":"https:\/\/ubirataonline.com.br\/en\/pearl-jam-announce-first-concert-since-matt-cameron-departed-at-ohana\/","title":{"rendered":"Pearl Jam Announce First Concert Since Matt Cameron Departed at Ohana"},"content":{"rendered":"<p><br \/>\n<\/p>\n<div>\n<p class=\"paragraph larva \/\/ lrv-u-line-height-copy  lrv-a-font-body-l\">\n\tThe Ohana festival in Dana Point, California, has rolled out the lineup for their 10-year anniversary celebration, and it includes <a href=\"https:\/\/www.rollingstone.com\/t\/pearl-jam\/\" id=\"auto-tag_pearl-jam\" data-tag=\"pearl-jam\">Pearl Jam<\/a>\u2018s first date since drummer Matt Cameron left the group a year ago. The three-day event will take place from Sept. 25 through Sept. 27, and also features performances by Eddie Vedder &amp; Friends, Tyler Childers, Alabama Shakes, Fontaines D.C., Pixies, Rilo Kiley, Billy Idol, Jon Batiste, and Man\u00e1. Ticket pre-sales are available now for members of the Ten Club, and the general pre-sale starts May 14.<\/p>\n<p class=\"paragraph larva \/\/ lrv-u-line-height-copy  lrv-a-font-body-l\">\n\t<a href=\"https:\/\/www.rollingstone.com\/music\/music-news\/pearl-jam-matt-cameron-leaves-band-1235379681\/\">Cameron amicably parted ways with Pearl Jam<\/a> in July 2025 after 27 years of service. \u201cMuch love and respect to Jeff, Ed, Mike and Stone for inviting me into the band in 1998 and for giving me the opportunity of a lifetime, one filled with friendships, artistry, challenges and laughter,\u201d he said in a statement. \u201cI am forever grateful to the crew, staff and fans the world over. It\u2019s been an incredible journey. More to follow. I thank you all from the bottom of my heart.\u201d<\/p>\n<p class=\"paragraph larva \/\/ lrv-u-line-height-copy  lrv-a-font-body-l\">\n\tJust last month, Pearl Jam guitarist <a rel=\"noreferrer noopener\" target=\"_blank\" href=\"https:\/\/www.rollingstone.com\/music\/music-news\/pearl-jam-matt-cameron-leaves-band-1235379681\/\">Mike McCready told <em>American Songwriter<\/em><\/a> that they didn\u2019t yet have a new drummer. \u201cWe\u2019re in the process of just talking about it, and figuring out what our next move is,\u201d he said. \u201cI don\u2019t have anything concrete to tell you, because I don\u2019t know right now \u2026 We move very, very slowly, and then when something happens, we move quickly.\u201d<\/p>\n<figure class=\"wp-block-embed is-type-video is-provider-youtube wp-block-embed-youtube\">\n<div class=\"wp-block-embed__wrapper\">\n<p><iframe loading=\"lazy\" title=\"&quot;Yellow Ledbetter\/Little Wing (Jimi Hendrix) Pearl Jam@PPG Paints Arena Pittsburgh 5\/18\/25\" width=\"1366\" height=\"768\" src=\"https:\/\/www.youtube.com\/embed\/o-yP_4K5eyo?feature=oembed\" frameborder=\"0\" allow=\"accelerometer; autoplay; clipboard-write; encrypted-media; gyroscope; picture-in-picture; web-share\" referrerpolicy=\"strict-origin-when-cross-origin\" allowfullscreen><\/iframe><\/p>\n<\/div>\n<\/figure>\n<p class=\"paragraph larva \/\/ lrv-u-line-height-copy  lrv-a-font-body-l\">\n\tIt\u2019s unclear if they\u2019ve hired a new drummer, plan on making their choice by September, or will play with a fill-in member at Ohana. When Cameron came down with Covid in 2022, the group brought in original drummer Dave Krusen, multi-instrumentalist John Klinghoffer, and veteran Seattle musician Richard Stuverud to sub for him.\u00a0<\/p>\n<section class=\"brands-most-popular \/\/ recirculation-modules trending-in-article lrv-u-margin-tb-2 lrv-u-border-a-2 u-box-shadow-5-5 lrv-u-padding-lr-1 a-span1 u-padding-b-1@tablet u-overflow-hidden\">\n<h2 id=\"section-heading\" class=\"c-heading larva  lrv-u-text-align-center u-border-color-black a-font-theme-primary-xxs lrv-u-color-black lrv-u-text-transform-uppercase u-letter-spacing-0063 lrv-u-padding-t-050 u-padding-b-0375@tablet lrv-u-padding-b-050@mobile-max lrv-u-border-b-2\">\n<p>\t\tTrending Stories<\/p>\n<\/h2>\n<\/section>\n<figure class=\"wp-block-embed is-type-rich is-provider-instagram wp-block-embed-instagram\"\/>\n<p class=\"paragraph larva \/\/ lrv-u-line-height-copy  lrv-a-font-body-l\">\n\tEddie Vedder has curated Ohana since its inception back in 2016. Over the years, the lineup has included Green Day, Foo Fighters, the Chucks, Pretenders, Stevie Nicks, Jack White, the Killers, the Strokes, and the Red Hot Chili Peppers.<\/p>\n<p class=\"paragraph larva \/\/ lrv-u-line-height-copy  lrv-a-font-body-l\">\n\tIn addition to the headliners, the lineup for this year also includes Bad Religion, Courtney Barnett, Sugar, the Format, Tom Odell, and Men I Trust.<\/p>\n<\/div>\n<p><br \/>\n<br \/><a href=\"https:\/\/www.rollingstone.com\/music\/music-news\/pearl-jam-first-concert-matt-cameron-departed-ohana-1235561220\/\">Source link <\/a><\/p>","protected":false},"excerpt":{"rendered":"<p>The Ohana festival in Dana Point, California, has rolled out the lineup for their 10-year anniversary celebration, and it includes Pearl Jam\u2018s first date since drummer Matt Cameron left the group a year ago. The three-day event will take place from Sept. 25 through Sept. 27, and also features performances by Eddie Vedder &amp; Friends, [&hellip;]<\/p>\n","protected":false},"author":1,"featured_media":127894,"comment_status":"closed","ping_status":"","sticky":false,"template":"","format":"standard","meta":{"googlesitekit_rrm_CAow2JLhCw:productID":"","_gspb_post_css":"","maa_idioma":"","maa_pais":"","footnotes":""},"categories":[2725],"tags":[4284,7808,9463,35100,13476,3793,35101,10888],"class_list":["post-127893","post","type-post","status-publish","format-standard","has-post-thumbnail","hentry","category-europe","tag-announce","tag-cameron","tag-concert","tag-departed","tag-jam","tag-matt","tag-ohana","tag-pearl"],"blocksy_meta":[],"yoast_head":"<!-- This site is optimized with the Yoast SEO Premium plugin v27.6 (Yoast SEO v27.6) - https:\/\/yoast.com\/product\/yoast-seo-premium-wordpress\/ -->\n<title>Pearl Jam Announce First Concert Since Matt Cameron Departed at Ohana - Ubirat\u00e3 Online Not\u00edcias - A realidade ao seu alcance!<\/title>\n<meta name=\"description\" content=\"The Ohana festival in Dana Point, California, has rolled out the lineup for their 10-year anniversary celebration, and it includes Pearl Jam\u2018s first date\" \/>\n<meta name=\"robots\" content=\"index, follow, max-snippet:-1, max-image-preview:large, max-video-preview:-1\" \/>\n<link rel=\"canonical\" href=\"https:\/\/ubirataonline.com.br\/en\/pearl-jam-announce-first-concert-since-matt-cameron-departed-at-ohana\/\" \/>\n<meta property=\"og:locale\" content=\"en_US\" \/>\n<meta property=\"og:type\" content=\"article\" \/>\n<meta property=\"og:title\" content=\"Pearl Jam Announce First Concert Since Matt Cameron Departed at Ohana\" \/>\n<meta property=\"og:description\" content=\"The Ohana festival in Dana Point, California, has rolled out the lineup for their 10-year anniversary celebration, and it includes Pearl Jam\u2018s first date\" \/>\n<meta property=\"og:url\" content=\"https:\/\/ubirataonline.com.br\/en\/pearl-jam-announce-first-concert-since-matt-cameron-departed-at-ohana\/\" \/>\n<meta property=\"og:site_name\" content=\"Ubirat\u00e3 Online Not\u00edcias - A realidade ao seu alcance!\" \/>\n<meta property=\"article:publisher\" content=\"https:\/\/www.facebook.com\/portalubirataonline\" \/>\n<meta property=\"article:author\" content=\"https:\/\/www.facebook.com\/portalubirataonline\" \/>\n<meta property=\"article:published_time\" content=\"2026-05-12T16:48:07+00:00\" \/>\n<meta property=\"article:modified_time\" content=\"2026-05-12T16:48:10+00:00\" \/>\n<meta property=\"og:image\" content=\"https:\/\/ubirataonline.com.br\/wp-content\/uploads\/2026\/05\/Pearl-Jam-Announce-First-Concert-Since-Matt-Cameron-Departed-at.jpg\" \/>\n\t<meta property=\"og:image:width\" content=\"1600\" \/>\n\t<meta property=\"og:image:height\" content=\"900\" \/>\n\t<meta property=\"og:image:type\" content=\"image\/jpeg\" \/>\n<meta name=\"author\" content=\"REDA\u00c7\u00c3O: UBIRAT\u00c3 ONLINE - F\u00c1BIO AUGUSTO CELESTINO\" \/>\n<meta name=\"twitter:card\" content=\"summary_large_image\" \/>\n<meta name=\"twitter:creator\" content=\"@x.com\/ubirataonline\" \/>\n<meta name=\"twitter:site\" content=\"@ubirataonline\" \/>\n<meta name=\"twitter:label1\" content=\"Written by\" \/>\n\t<meta name=\"twitter:data1\" content=\"REDA\u00c7\u00c3O: UBIRAT\u00c3 ONLINE - F\u00c1BIO AUGUSTO CELESTINO\" \/>\n\t<meta name=\"twitter:label2\" content=\"Est. reading time\" \/>\n\t<meta name=\"twitter:data2\" content=\"2 minutes\" \/>\n<script type=\"application\/ld+json\" class=\"yoast-schema-graph\">{\"@context\":\"https:\\\/\\\/schema.org\",\"@graph\":[{\"@type\":\"NewsArticle\",\"@id\":\"https:\\\/\\\/ubirataonline.com.br\\\/pearl-jam-announce-first-concert-since-matt-cameron-departed-at-ohana\\\/#article\",\"isPartOf\":{\"@id\":\"https:\\\/\\\/ubirataonline.com.br\\\/pearl-jam-announce-first-concert-since-matt-cameron-departed-at-ohana\\\/\"},\"author\":{\"name\":\"REDA\u00c7\u00c3O: UBIRAT\u00c3 ONLINE - F\u00c1BIO AUGUSTO CELESTINO\",\"@id\":\"https:\\\/\\\/ubirataonline.com.br\\\/#\\\/schema\\\/person\\\/372f87bbd3fdd79b8556b84c98d0bc1c\"},\"headline\":\"Pearl Jam Announce First Concert Since Matt Cameron Departed at Ohana\",\"datePublished\":\"2026-05-12T16:48:07+00:00\",\"dateModified\":\"2026-05-12T16:48:10+00:00\",\"mainEntityOfPage\":{\"@id\":\"https:\\\/\\\/ubirataonline.com.br\\\/pearl-jam-announce-first-concert-since-matt-cameron-departed-at-ohana\\\/\"},\"wordCount\":385,\"publisher\":{\"@id\":\"https:\\\/\\\/ubirataonline.com.br\\\/#organization\"},\"image\":{\"@id\":\"https:\\\/\\\/ubirataonline.com.br\\\/pearl-jam-announce-first-concert-since-matt-cameron-departed-at-ohana\\\/#primaryimage\"},\"thumbnailUrl\":\"https:\\\/\\\/ubirataonline.com.br\\\/wp-content\\\/uploads\\\/2026\\\/05\\\/Pearl-Jam-Announce-First-Concert-Since-Matt-Cameron-Departed-at.jpg\",\"keywords\":[\"announce\",\"Cameron\",\"concert\",\"Departed\",\"Jam\",\"Matt\",\"Ohana\",\"Pearl\"],\"articleSection\":[\"Europe\"],\"inLanguage\":\"en-US\",\"copyrightYear\":\"2026\",\"copyrightHolder\":{\"@id\":\"https:\\\/\\\/ubirataonline.com.br\\\/en\\\/#organization\"}},{\"@type\":\"WebPage\",\"@id\":\"https:\\\/\\\/ubirataonline.com.br\\\/pearl-jam-announce-first-concert-since-matt-cameron-departed-at-ohana\\\/\",\"url\":\"https:\\\/\\\/ubirataonline.com.br\\\/pearl-jam-announce-first-concert-since-matt-cameron-departed-at-ohana\\\/\",\"name\":\"Pearl Jam Announce First Concert Since Matt Cameron Departed at Ohana - Ubirat\u00e3 Online Not\u00edcias - A realidade ao seu alcance!\",\"isPartOf\":{\"@id\":\"https:\\\/\\\/ubirataonline.com.br\\\/#website\"},\"primaryImageOfPage\":{\"@id\":\"https:\\\/\\\/ubirataonline.com.br\\\/pearl-jam-announce-first-concert-since-matt-cameron-departed-at-ohana\\\/#primaryimage\"},\"image\":{\"@id\":\"https:\\\/\\\/ubirataonline.com.br\\\/pearl-jam-announce-first-concert-since-matt-cameron-departed-at-ohana\\\/#primaryimage\"},\"thumbnailUrl\":\"https:\\\/\\\/ubirataonline.com.br\\\/wp-content\\\/uploads\\\/2026\\\/05\\\/Pearl-Jam-Announce-First-Concert-Since-Matt-Cameron-Departed-at.jpg\",\"datePublished\":\"2026-05-12T16:48:07+00:00\",\"dateModified\":\"2026-05-12T16:48:10+00:00\",\"description\":\"The Ohana festival in Dana Point, California, has rolled out the lineup for their 10-year anniversary celebration, and it includes Pearl Jam\u2018s first date\",\"breadcrumb\":{\"@id\":\"https:\\\/\\\/ubirataonline.com.br\\\/pearl-jam-announce-first-concert-since-matt-cameron-departed-at-ohana\\\/#breadcrumb\"},\"inLanguage\":\"en-US\",\"potentialAction\":[{\"@type\":\"ReadAction\",\"target\":[\"https:\\\/\\\/ubirataonline.com.br\\\/pearl-jam-announce-first-concert-since-matt-cameron-departed-at-ohana\\\/\"]}]},{\"@type\":\"ImageObject\",\"inLanguage\":\"en-US\",\"@id\":\"https:\\\/\\\/ubirataonline.com.br\\\/pearl-jam-announce-first-concert-since-matt-cameron-departed-at-ohana\\\/#primaryimage\",\"url\":\"https:\\\/\\\/ubirataonline.com.br\\\/wp-content\\\/uploads\\\/2026\\\/05\\\/Pearl-Jam-Announce-First-Concert-Since-Matt-Cameron-Departed-at.jpg\",\"contentUrl\":\"https:\\\/\\\/ubirataonline.com.br\\\/wp-content\\\/uploads\\\/2026\\\/05\\\/Pearl-Jam-Announce-First-Concert-Since-Matt-Cameron-Departed-at.jpg\",\"width\":1600,\"height\":900,\"caption\":\"Eddie Vedder of Pearl Jam on May 03, 2025 in New Orleans, Louisiana. Tim Mosenfelder\\\/WireImage\\\/Getty Images\"},{\"@type\":\"BreadcrumbList\",\"@id\":\"https:\\\/\\\/ubirataonline.com.br\\\/pearl-jam-announce-first-concert-since-matt-cameron-departed-at-ohana\\\/#breadcrumb\",\"itemListElement\":[{\"@type\":\"ListItem\",\"position\":1,\"name\":\"In\u00edcio\",\"item\":\"https:\\\/\\\/ubirataonline.com.br\\\/\"},{\"@type\":\"ListItem\",\"position\":2,\"name\":\"Pearl Jam Announce First Concert Since Matt Cameron Departed at Ohana\"}]},{\"@type\":\"WebSite\",\"@id\":\"https:\\\/\\\/ubirataonline.com.br\\\/#website\",\"url\":\"https:\\\/\\\/ubirataonline.com.br\\\/\",\"name\":\"Ubirat\u00e3 Online Not\u00edcias\",\"description\":\"Not\u00edcias de Ubirat\u00e3, regi\u00e3o, Brasil e mundo, com informa\u00e7\u00e3o atualizada e compromisso com o leitor.\",\"publisher\":{\"@id\":\"https:\\\/\\\/ubirataonline.com.br\\\/#organization\"},\"alternateName\":\"Ubirat\u00e3 Online\",\"potentialAction\":[{\"@type\":\"SearchAction\",\"target\":{\"@type\":\"EntryPoint\",\"urlTemplate\":\"https:\\\/\\\/ubirataonline.com.br\\\/?s={search_term_string}\"},\"query-input\":{\"@type\":\"PropertyValueSpecification\",\"valueRequired\":true,\"valueName\":\"search_term_string\"}}],\"inLanguage\":\"en-US\"},{\"@type\":[\"Organization\",\"Place\"],\"@id\":\"https:\\\/\\\/ubirataonline.com.br\\\/#organization\",\"name\":\"Ubirat\u00e3 Online Not\u00edcias\",\"alternateName\":\"Ubirat\u00e3 Online\",\"url\":\"https:\\\/\\\/ubirataonline.com.br\\\/\",\"logo\":{\"@id\":\"https:\\\/\\\/ubirataonline.com.br\\\/pearl-jam-announce-first-concert-since-matt-cameron-departed-at-ohana\\\/#local-main-organization-logo\"},\"image\":{\"@id\":\"https:\\\/\\\/ubirataonline.com.br\\\/pearl-jam-announce-first-concert-since-matt-cameron-departed-at-ohana\\\/#local-main-organization-logo\"},\"sameAs\":[\"https:\\\/\\\/www.facebook.com\\\/portalubirataonline\",\"https:\\\/\\\/x.com\\\/ubirataonline\",\"https:\\\/\\\/mastodon.social\\\/@ubirataonline\",\"https:\\\/\\\/www.facebook.com\\\/groups\\\/311144672285604\",\"https:\\\/\\\/www.facebook.com\\\/UBTAOnline\",\"https:\\\/\\\/www.instagram.com\\\/portalubirataonline\\\/\",\"https:\\\/\\\/twitter.com\\\/ubirataonline\"],\"description\":\"Somos um portal de not\u00edcias independente, criado em 5 de janeiro de 2009, com o objetivo de informar, conectar e valorizar a nossa comunidade de Ubirat\u00e3 e toda aregi\u00e3o. Com conte\u00fado atualizado, confi\u00e1vel e relevante, o Ubirat\u00e3 Online \u00e9 o seu espa\u00e7o para ficar por dentro dos principais acontecimentos locais, regionais, Brasil, Mundo e de interesse geral. Nosso compromisso \u00e9 com a verdade, a transpar\u00eancia e o respeito ao leitor.\",\"legalName\":\"UBIRATA ONLINE NOT\u00cdCIAS\",\"foundingDate\":\"2009-01-05\",\"numberOfEmployees\":{\"@type\":\"QuantitativeValue\",\"minValue\":\"1\",\"maxValue\":\"10\"},\"publishingPrinciples\":\"https:\\\/\\\/ubirataonline.com.br\\\/faq\\\/\",\"address\":{\"@id\":\"https:\\\/\\\/ubirataonline.com.br\\\/pearl-jam-announce-first-concert-since-matt-cameron-departed-at-ohana\\\/#local-main-place-address\"},\"geo\":{\"@type\":\"GeoCoordinates\",\"latitude\":\"-24.5361401\",\"longitude\":\"-52.9921776\"},\"telephone\":[\"+5544998308235\"],\"contactPoint\":{\"@type\":\"ContactPoint\",\"email\":\"contato@ubirataonline.com.br\"},\"openingHoursSpecification\":{\"@type\":\"OpeningHoursSpecification\",\"dayOfWeek\":[\"Monday\",\"Tuesday\",\"Wednesday\",\"Thursday\",\"Friday\",\"Saturday\",\"Sunday\"],\"opens\":\"00:00\",\"closes\":\"23:59\"},\"email\":\"contato@ubirataonline.com.br\",\"vatID\":\"47.621.418\\\/0001-80\"},{\"@type\":\"Person\",\"@id\":\"https:\\\/\\\/ubirataonline.com.br\\\/#\\\/schema\\\/person\\\/372f87bbd3fdd79b8556b84c98d0bc1c\",\"name\":\"REDA\u00c7\u00c3O: UBIRAT\u00c3 ONLINE - F\u00c1BIO AUGUSTO CELESTINO\",\"pronouns\":\"Ele\",\"description\":\"Desde 2003 trabalhando com not\u00edcias.\",\"sameAs\":[\"http:\\\/\\\/ubirataoline.com.br\",\"https:\\\/\\\/www.facebook.com\\\/portalubirataonline\",\"https:\\\/\\\/www.instagram.com\\\/ubirataonline_oficial\",\"https:\\\/\\\/x.com\\\/x.com\\\/ubirataonline\"],\"honorificPrefix\":\"Mr.\",\"honorificSuffix\":\"MD\",\"birthDate\":\"1980-06-16\",\"gender\":\"masculino\",\"award\":[\"V\u00e1rios pr\u00eamios de melhor portal da cidade\"],\"jobTitle\":\"Diretor\",\"url\":\"https:\\\/\\\/ubirataonline.com.br\\\/en\\\/author\\\/ubirataonline\\\/\"},{\"@type\":\"PostalAddress\",\"@id\":\"https:\\\/\\\/ubirataonline.com.br\\\/pearl-jam-announce-first-concert-since-matt-cameron-departed-at-ohana\\\/#local-main-place-address\",\"streetAddress\":\"Rua dos Coqueiros, 104 - Bairro Boa Vista, Rua dos Coqueiros, 104 Bairro Boa Vista\",\"addressLocality\":\"UBIRATA\",\"postalCode\":\"85440-000\",\"addressRegion\":\"PR\",\"addressCountry\":\"BR\"},{\"@type\":\"ImageObject\",\"inLanguage\":\"en-US\",\"@id\":\"https:\\\/\\\/ubirataonline.com.br\\\/pearl-jam-announce-first-concert-since-matt-cameron-departed-at-ohana\\\/#local-main-organization-logo\",\"url\":\"https:\\\/\\\/ubirataonline.com.br\\\/wp-content\\\/uploads\\\/2026\\\/06\\\/logoubirataonline-1.webp\",\"contentUrl\":\"https:\\\/\\\/ubirataonline.com.br\\\/wp-content\\\/uploads\\\/2026\\\/06\\\/logoubirataonline-1.webp\",\"width\":500,\"height\":500,\"caption\":\"Ubirat\u00e3 Online Not\u00edcias\"}]}<\/script>\n<meta name=\"geo.placename\" content=\"UBIRATA\" \/>\n<meta name=\"geo.position\" content=\"-24.5361401;-52.9921776\" \/>\n<meta name=\"geo.region\" content=\"Brazil\" \/>\n<!-- \/ Yoast SEO Premium plugin. -->","yoast_head_json":{"title":"Pearl Jam Announce First Concert Since Matt Cameron Departed at Ohana - Ubirat\u00e3 Online Not\u00edcias - A realidade ao seu alcance!","description":"The Ohana festival in Dana Point, California, has rolled out the lineup for their 10-year anniversary celebration, and it includes Pearl Jam\u2018s first date","robots":{"index":"index","follow":"follow","max-snippet":"max-snippet:-1","max-image-preview":"max-image-preview:large","max-video-preview":"max-video-preview:-1"},"canonical":"https:\/\/ubirataonline.com.br\/en\/pearl-jam-announce-first-concert-since-matt-cameron-departed-at-ohana\/","og_locale":"en_US","og_type":"article","og_title":"Pearl Jam Announce First Concert Since Matt Cameron Departed at Ohana","og_description":"The Ohana festival in Dana Point, California, has rolled out the lineup for their 10-year anniversary celebration, and it includes Pearl Jam\u2018s first date","og_url":"https:\/\/ubirataonline.com.br\/en\/pearl-jam-announce-first-concert-since-matt-cameron-departed-at-ohana\/","og_site_name":"Ubirat\u00e3 Online Not\u00edcias - A realidade ao seu alcance!","article_publisher":"https:\/\/www.facebook.com\/portalubirataonline","article_author":"https:\/\/www.facebook.com\/portalubirataonline","article_published_time":"2026-05-12T16:48:07+00:00","article_modified_time":"2026-05-12T16:48:10+00:00","og_image":[{"width":1600,"height":900,"url":"https:\/\/ubirataonline.com.br\/wp-content\/uploads\/2026\/05\/Pearl-Jam-Announce-First-Concert-Since-Matt-Cameron-Departed-at.jpg","type":"image\/jpeg"}],"author":"REDA\u00c7\u00c3O: UBIRAT\u00c3 ONLINE - F\u00c1BIO AUGUSTO CELESTINO","twitter_card":"summary_large_image","twitter_creator":"@x.com\/ubirataonline","twitter_site":"@ubirataonline","twitter_misc":{"Written by":"REDA\u00c7\u00c3O: UBIRAT\u00c3 ONLINE - F\u00c1BIO AUGUSTO CELESTINO","Est. reading time":"2 minutes"},"schema":{"@context":"https:\/\/schema.org","@graph":[{"@type":"NewsArticle","@id":"https:\/\/ubirataonline.com.br\/pearl-jam-announce-first-concert-since-matt-cameron-departed-at-ohana\/#article","isPartOf":{"@id":"https:\/\/ubirataonline.com.br\/pearl-jam-announce-first-concert-since-matt-cameron-departed-at-ohana\/"},"author":{"name":"REDA\u00c7\u00c3O: UBIRAT\u00c3 ONLINE - F\u00c1BIO AUGUSTO CELESTINO","@id":"https:\/\/ubirataonline.com.br\/#\/schema\/person\/372f87bbd3fdd79b8556b84c98d0bc1c"},"headline":"Pearl Jam Announce First Concert Since Matt Cameron Departed at Ohana","datePublished":"2026-05-12T16:48:07+00:00","dateModified":"2026-05-12T16:48:10+00:00","mainEntityOfPage":{"@id":"https:\/\/ubirataonline.com.br\/pearl-jam-announce-first-concert-since-matt-cameron-departed-at-ohana\/"},"wordCount":385,"publisher":{"@id":"https:\/\/ubirataonline.com.br\/#organization"},"image":{"@id":"https:\/\/ubirataonline.com.br\/pearl-jam-announce-first-concert-since-matt-cameron-departed-at-ohana\/#primaryimage"},"thumbnailUrl":"https:\/\/ubirataonline.com.br\/wp-content\/uploads\/2026\/05\/Pearl-Jam-Announce-First-Concert-Since-Matt-Cameron-Departed-at.jpg","keywords":["announce","Cameron","concert","Departed","Jam","Matt","Ohana","Pearl"],"articleSection":["Europe"],"inLanguage":"en-US","copyrightYear":"2026","copyrightHolder":{"@id":"https:\/\/ubirataonline.com.br\/en\/#organization"}},{"@type":"WebPage","@id":"https:\/\/ubirataonline.com.br\/pearl-jam-announce-first-concert-since-matt-cameron-departed-at-ohana\/","url":"https:\/\/ubirataonline.com.br\/pearl-jam-announce-first-concert-since-matt-cameron-departed-at-ohana\/","name":"Pearl Jam Announce First Concert Since Matt Cameron Departed at Ohana - Ubirat\u00e3 Online Not\u00edcias - A realidade ao seu alcance!","isPartOf":{"@id":"https:\/\/ubirataonline.com.br\/#website"},"primaryImageOfPage":{"@id":"https:\/\/ubirataonline.com.br\/pearl-jam-announce-first-concert-since-matt-cameron-departed-at-ohana\/#primaryimage"},"image":{"@id":"https:\/\/ubirataonline.com.br\/pearl-jam-announce-first-concert-since-matt-cameron-departed-at-ohana\/#primaryimage"},"thumbnailUrl":"https:\/\/ubirataonline.com.br\/wp-content\/uploads\/2026\/05\/Pearl-Jam-Announce-First-Concert-Since-Matt-Cameron-Departed-at.jpg","datePublished":"2026-05-12T16:48:07+00:00","dateModified":"2026-05-12T16:48:10+00:00","description":"The Ohana festival in Dana Point, California, has rolled out the lineup for their 10-year anniversary celebration, and it includes Pearl Jam\u2018s first date","breadcrumb":{"@id":"https:\/\/ubirataonline.com.br\/pearl-jam-announce-first-concert-since-matt-cameron-departed-at-ohana\/#breadcrumb"},"inLanguage":"en-US","potentialAction":[{"@type":"ReadAction","target":["https:\/\/ubirataonline.com.br\/pearl-jam-announce-first-concert-since-matt-cameron-departed-at-ohana\/"]}]},{"@type":"ImageObject","inLanguage":"en-US","@id":"https:\/\/ubirataonline.com.br\/pearl-jam-announce-first-concert-since-matt-cameron-departed-at-ohana\/#primaryimage","url":"https:\/\/ubirataonline.com.br\/wp-content\/uploads\/2026\/05\/Pearl-Jam-Announce-First-Concert-Since-Matt-Cameron-Departed-at.jpg","contentUrl":"https:\/\/ubirataonline.com.br\/wp-content\/uploads\/2026\/05\/Pearl-Jam-Announce-First-Concert-Since-Matt-Cameron-Departed-at.jpg","width":1600,"height":900,"caption":"Eddie Vedder of Pearl Jam on May 03, 2025 in New Orleans, Louisiana. Tim Mosenfelder\/WireImage\/Getty Images"},{"@type":"BreadcrumbList","@id":"https:\/\/ubirataonline.com.br\/pearl-jam-announce-first-concert-since-matt-cameron-departed-at-ohana\/#breadcrumb","itemListElement":[{"@type":"ListItem","position":1,"name":"In\u00edcio","item":"https:\/\/ubirataonline.com.br\/"},{"@type":"ListItem","position":2,"name":"Pearl Jam Announce First Concert Since Matt Cameron Departed at Ohana"}]},{"@type":"WebSite","@id":"https:\/\/ubirataonline.com.br\/#website","url":"https:\/\/ubirataonline.com.br\/","name":"Ubirat\u00e3 Online Not\u00edcias","description":"Not\u00edcias de Ubirat\u00e3, regi\u00e3o, Brasil e mundo, com informa\u00e7\u00e3o atualizada e compromisso com o leitor.","publisher":{"@id":"https:\/\/ubirataonline.com.br\/#organization"},"alternateName":"Ubirat\u00e3 Online","potentialAction":[{"@type":"SearchAction","target":{"@type":"EntryPoint","urlTemplate":"https:\/\/ubirataonline.com.br\/?s={search_term_string}"},"query-input":{"@type":"PropertyValueSpecification","valueRequired":true,"valueName":"search_term_string"}}],"inLanguage":"en-US"},{"@type":["Organization","Place"],"@id":"https:\/\/ubirataonline.com.br\/#organization","name":"Ubirat\u00e3 Online Not\u00edcias","alternateName":"Ubirat\u00e3 Online","url":"https:\/\/ubirataonline.com.br\/","logo":{"@id":"https:\/\/ubirataonline.com.br\/pearl-jam-announce-first-concert-since-matt-cameron-departed-at-ohana\/#local-main-organization-logo"},"image":{"@id":"https:\/\/ubirataonline.com.br\/pearl-jam-announce-first-concert-since-matt-cameron-departed-at-ohana\/#local-main-organization-logo"},"sameAs":["https:\/\/www.facebook.com\/portalubirataonline","https:\/\/x.com\/ubirataonline","https:\/\/mastodon.social\/@ubirataonline","https:\/\/www.facebook.com\/groups\/311144672285604","https:\/\/www.facebook.com\/UBTAOnline","https:\/\/www.instagram.com\/portalubirataonline\/","https:\/\/twitter.com\/ubirataonline"],"description":"Somos um portal de not\u00edcias independente, criado em 5 de janeiro de 2009, com o objetivo de informar, conectar e valorizar a nossa comunidade de Ubirat\u00e3 e toda aregi\u00e3o. Com conte\u00fado atualizado, confi\u00e1vel e relevante, o Ubirat\u00e3 Online \u00e9 o seu espa\u00e7o para ficar por dentro dos principais acontecimentos locais, regionais, Brasil, Mundo e de interesse geral. Nosso compromisso \u00e9 com a verdade, a transpar\u00eancia e o respeito ao leitor.","legalName":"UBIRATA ONLINE NOT\u00cdCIAS","foundingDate":"2009-01-05","numberOfEmployees":{"@type":"QuantitativeValue","minValue":"1","maxValue":"10"},"publishingPrinciples":"https:\/\/ubirataonline.com.br\/faq\/","address":{"@id":"https:\/\/ubirataonline.com.br\/pearl-jam-announce-first-concert-since-matt-cameron-departed-at-ohana\/#local-main-place-address"},"geo":{"@type":"GeoCoordinates","latitude":"-24.5361401","longitude":"-52.9921776"},"telephone":["+5544998308235"],"contactPoint":{"@type":"ContactPoint","email":"contato@ubirataonline.com.br"},"openingHoursSpecification":{"@type":"OpeningHoursSpecification","dayOfWeek":["Monday","Tuesday","Wednesday","Thursday","Friday","Saturday","Sunday"],"opens":"00:00","closes":"23:59"},"email":"contato@ubirataonline.com.br","vatID":"47.621.418\/0001-80"},{"@type":"Person","@id":"https:\/\/ubirataonline.com.br\/#\/schema\/person\/372f87bbd3fdd79b8556b84c98d0bc1c","name":"REDA\u00c7\u00c3O: UBIRAT\u00c3 ONLINE - F\u00c1BIO AUGUSTO CELESTINO","pronouns":"Ele","description":"Desde 2003 trabalhando com not\u00edcias.","sameAs":["http:\/\/ubirataoline.com.br","https:\/\/www.facebook.com\/portalubirataonline","https:\/\/www.instagram.com\/ubirataonline_oficial","https:\/\/x.com\/x.com\/ubirataonline"],"honorificPrefix":"Mr.","honorificSuffix":"MD","birthDate":"1980-06-16","gender":"masculino","award":["V\u00e1rios pr\u00eamios de melhor portal da cidade"],"jobTitle":"Diretor","url":"https:\/\/ubirataonline.com.br\/en\/author\/ubirataonline\/"},{"@type":"PostalAddress","@id":"https:\/\/ubirataonline.com.br\/pearl-jam-announce-first-concert-since-matt-cameron-departed-at-ohana\/#local-main-place-address","streetAddress":"Rua dos Coqueiros, 104 - Bairro Boa Vista, Rua dos Coqueiros, 104 Bairro Boa Vista","addressLocality":"UBIRATA","postalCode":"85440-000","addressRegion":"PR","addressCountry":"BR"},{"@type":"ImageObject","inLanguage":"en-US","@id":"https:\/\/ubirataonline.com.br\/pearl-jam-announce-first-concert-since-matt-cameron-departed-at-ohana\/#local-main-organization-logo","url":"https:\/\/ubirataonline.com.br\/wp-content\/uploads\/2026\/06\/logoubirataonline-1.webp","contentUrl":"https:\/\/ubirataonline.com.br\/wp-content\/uploads\/2026\/06\/logoubirataonline-1.webp","width":500,"height":500,"caption":"Ubirat\u00e3 Online Not\u00edcias"}]},"geo.placename":"UBIRATA","geo.position":{"lat":"-24.5361401","long":"-52.9921776"},"geo.region":"Brazil"},"_links":{"self":[{"href":"https:\/\/ubirataonline.com.br\/en\/wp-json\/wp\/v2\/posts\/127893","targetHints":{"allow":["GET"]}}],"collection":[{"href":"https:\/\/ubirataonline.com.br\/en\/wp-json\/wp\/v2\/posts"}],"about":[{"href":"https:\/\/ubirataonline.com.br\/en\/wp-json\/wp\/v2\/types\/post"}],"author":[{"embeddable":true,"href":"https:\/\/ubirataonline.com.br\/en\/wp-json\/wp\/v2\/users\/1"}],"replies":[{"embeddable":true,"href":"https:\/\/ubirataonline.com.br\/en\/wp-json\/wp\/v2\/comments?post=127893"}],"version-history":[{"count":0,"href":"https:\/\/ubirataonline.com.br\/en\/wp-json\/wp\/v2\/posts\/127893\/revisions"}],"wp:featuredmedia":[{"embeddable":true,"href":"https:\/\/ubirataonline.com.br\/en\/wp-json\/wp\/v2\/media\/127894"}],"wp:attachment":[{"href":"https:\/\/ubirataonline.com.br\/en\/wp-json\/wp\/v2\/media?parent=127893"}],"wp:term":[{"taxonomy":"category","embeddable":true,"href":"https:\/\/ubirataonline.com.br\/en\/wp-json\/wp\/v2\/categories?post=127893"},{"taxonomy":"post_tag","embeddable":true,"href":"https:\/\/ubirataonline.com.br\/en\/wp-json\/wp\/v2\/tags?post=127893"}],"curies":[{"name":"wp","href":"https:\/\/api.w.org\/{rel}","templated":true}]}}