{"id":128388,"date":"2026-05-13T02:34:17","date_gmt":"2026-05-13T05:34:17","guid":{"rendered":"https:\/\/ubirataonline.com.br\/lula-anuncia-fim-da-taxa-das-blusinhas-em-compras-de-ate-us-50\/"},"modified":"2026-05-13T02:34:20","modified_gmt":"2026-05-13T05:34:20","slug":"lula-anuncia-fim-da-taxa-das-blusinhas-em-compras-de-ate-us-50","status":"publish","type":"post","link":"https:\/\/ubirataonline.com.br\/en\/lula-anuncia-fim-da-taxa-das-blusinhas-em-compras-de-ate-us-50\/","title":{"rendered":"Lula anuncia fim da \u201ctaxa das blusinhas\u201d em compras de at\u00e9 US$ 50"},"content":{"rendered":"<p><\/p>\n<div id=\"post-content\">\n<p>O presidente\u00a0Luiz In\u00e1cio Lula da Silva\u00a0(PT) assinou nesta ter\u00e7a-feira (12\/05) uma medida provis\u00f3ria que acaba com a \u201ctaxa das blusinhas\u201d, o imposto de importa\u00e7\u00e3o de 20% sobre compras internacionais de at\u00e9 US$ 50 em plataformas como Shein, Shopee e AliExpress.<\/p>\n<p>O an\u00fancio foi feito de \u00faltima hora, no Pal\u00e1cio do Planalto. Para valores acima de US$ 50, permanece a tributa\u00e7\u00e3o de at\u00e9 60%, com desconto fixo de US$ 20. <\/p>\n<p>O programa Remessa Conforme entrou em vigor em agosto de 2024, ap\u00f3s a aprova\u00e7\u00e3o de um projeto de lei pelo Congresso Nacional.<\/p>\n<h2 class=\"wp-block-heading\" id=\"h-a-partir-de-quando-a-taxa-das-blusinhas-deixa-de-valer\">A partir de quando a taxa das blusinhas deixa de valer?<\/h2>\n<p>O secret\u00e1rio-executivo do Minist\u00e9rio da Fazenda, Rog\u00e9rio Ceron, afirmou que a revoga\u00e7\u00e3o da taxa das blusinhas come\u00e7ar\u00e1 a valer a partir desta quarta-feira (13\/05).<\/p>\n<p>\u201cDepois de tr\u00eas anos em que n\u00f3s conseguimos praticamente eliminar o contrabando e regularizar o setor, n\u00f3s podemos dar um passo adiante. Temos a satisfa\u00e7\u00e3o de anunciar que foi zerada a tributa\u00e7\u00e3o sobre a importa\u00e7\u00e3o da famosa \u2018taxa das blusinhas&#8217;\u201d, disse.<\/p>\n<p>A ministra da Casa Civil, Miriam Belchior, destacou que a medida representa um \u201cavan\u00e7o importante\u201d e que ser\u00e1 regulamentada por uma portaria do Minist\u00e9rio da Fazenda. As novas regras devem ser publicadas no Di\u00e1rio Oficial da Uni\u00e3o (DOU).<\/p>\n<p>A possibilidade do fim da taxa das blusinhas j\u00e1 era\u00a0avaliada pelo governo, diante do desgaste na popularidade do presidente e da proximidade das elei\u00e7\u00f5es.<\/p>\n<p>Em 2025, o governo arrecadou R$ 5 bilh\u00f5es com o imposto de importa\u00e7\u00e3o sobre encomendas internacionais, segundo dados da Receita Federal. Em 2024, a arrecada\u00e7\u00e3o tamb\u00e9m j\u00e1 havia sido a maior da s\u00e9rie hist\u00f3rica, somando R$ 2,88 bilh\u00f5es.<\/p>\n<section class=\"virals\">\n<article class=\"cardnews cardnews--post cardnews--has-thumbnail cardnews--editorial-noticias\"> <a href=\"https:\/\/www.tribunapr.com.br\/noticias\/parana\/conheca-mel-raro-interior-parana-floradas-especiais-sabor-suave\/?utm_source=noticias-virais-rodape&amp;utm_medium=internal-tribuna&amp;utm_campaign=tribuna\" class=\"cardnews__postlink\"> <\/p>\n<div class=\"cardnews__image\" is-api-thumb=\"\"><\/div>\n<div class=\"cardnews__content cardhome__content\">\n<div class=\"cardnews__content-wrapper\">\n<p> <span style=\"\"> Denomina\u00e7\u00e3o de Origem <\/span> <\/p>\n<p>Conhe\u00e7a o mel raro do interior do Paran\u00e1 que nasce de floradas especiais e tem sabor suave<\/p>\n<\/p><\/div>\n<\/p><\/div>\n<p> <\/a> <\/article>\n<article class=\"cardnews cardnews--post cardnews--has-thumbnail cardnews--editorial-noticias\"> <a href=\"https:\/\/www.tribunapr.com.br\/noticias\/curitiba-regiao\/curitiba-e-a-nova-miami-capital-e-a-que-mais-recebe-cubanos-do-brasil\/?utm_source=noticias-virais-rodape&amp;utm_medium=internal-tribuna&amp;utm_campaign=tribuna\" class=\"cardnews__postlink\"> <\/p>\n<div class=\"cardnews__image\" is-api-thumb=\"\"><img decoding=\"async\" src=\"https:\/\/www.tribunapr.com.br\/wp-content\/uploads\/2026\/04\/02194022\/centro-de-Curitiba-370x210.jpg\" loading=\"lazy\" alt=\"Curitiba \u00e9 a nova Miami: capital paranaense \u00e9 a que mais recebe cubanos do Brasil\"\/><\/div>\n<div class=\"cardnews__content cardhome__content\">\n<div class=\"cardnews__content-wrapper\">\n<p> <span style=\"\"> Imigra\u00e7\u00e3o <\/span> <\/p>\n<p>Curitiba \u00e9 a nova Miami: capital paranaense \u00e9 a que mais recebe cubanos do Brasil<\/p>\n<\/p><\/div>\n<\/p><\/div>\n<p> <\/a> <\/article>\n<article class=\"cardnews cardnews--post cardnews--has-thumbnail cardnews--editorial-noticias\"> <a href=\"https:\/\/www.tribunapr.com.br\/noticias\/parana\/futebol-ajuda-imigrantes-venezuelanos-reconstruir-vinculos-curitiba\/?utm_source=noticias-virais-rodape&amp;utm_medium=internal-tribuna&amp;utm_campaign=tribuna\" class=\"cardnews__postlink\"> <\/p>\n<div class=\"cardnews__image\" is-api-thumb=\"\"><img decoding=\"async\" src=\"https:\/\/www.tribunapr.com.br\/wp-content\/uploads\/2026\/04\/12141044\/liga-venezuela-370x210.jpg\" loading=\"lazy\" alt=\"Futebol ajuda imigrantes venezuelanos a reconstruir v\u00ednculos em Curitiba\"\/><\/div>\n<div class=\"cardnews__content cardhome__content\">\n<div class=\"cardnews__content-wrapper\">\n<p> <span style=\"\"> Paix\u00e3o compartilhada <\/span> <\/p>\n<p>Futebol ajuda imigrantes venezuelanos a reconstruir v\u00ednculos em Curitiba<\/p>\n<\/p><\/div>\n<\/p><\/div>\n<p> <\/a> <\/article>\n<\/section>\n<div id=\"tribuna-follow-cta\">\n<p> <span class=\"cta-title\">Siga a <span class=\"tribuna-color\">Tribuna<\/span> no Google, e acompanhe as \u00faltimas not\u00edcias de Curitiba e regi\u00e3o!<\/span> <\/p>\n<p> <a href=\"https:\/\/profile.google.com\/cp\/CgwvZy8xMmxxajUzM3Mac2h0dHBzOi8vd3d3LnRyaWJ1bmFwci5jb20uYnIvdml2YS92aXRyaW5lL2dpZ2FudGUtZG8tdmVzdHVhcmlvLXJlaW5hdWd1cmEtbG9qYS1lbS1zaG9wcGluZy10cmFkaWNpb25hbC1kZS1jdXJpdGliYS8iElRyaWJ1bmEgZG8gUGFyYW7DoSqAAwrHAWh0dHBzOi8vZW5jcnlwdGVkLXRibjIuZ3N0YXRpYy5jb20vZmF2aWNvbi10Ym4_cT10Ym46QU5kOUdjUVJPbjVDRjR6TzJPbkUwTXZrRlRCRTY2U0g1bGlaVDRaZTV3bWNKeU5GRm1BSnluM01nNU9PR3BXY1pYMzZwYU5HUWtsZ09JVEFLTTNNZVNGbTc1aWp6M3k2ajUtQ3M2b25kX2JUcFFQQkVLd3RsUjBsTmJESnUtVHhrNXQtbFlCNlVpOWZSVVFjT2cSswFodHRwczovL2VuY3J5cHRlZC10Ym4zLmdzdGF0aWMuY29tL2Zhdmljb24tdGJuP3E9dGJuJTNBQU5kOUdjU0FMaWJ2eFF0YXdFMFRueVdWWmVKRS1MZEdRZjVTUi1OZ2RMazhyZzIwVy1nM0JuQ1F4VDNKZFBjRXR2THdBeVRxUDJEdHVycEdVR29CQkxpYzM5al9wSmFxRERaMHNCYW05WEVhSGVsMmZTQmdKdlF4WWVyMw\" target=\"_blank\" title=\"Seguir a Tribuna no Google\">  <\/a> <\/div>\n<\/p><\/div>\n<p><a href=\"https:\/\/www.tribunapr.com.br\/noticias\/brasil\/governo-anuncia-fim-da-taxa-das-blusinhas-em-compras-de-ate-us-50\/\">Fonte do Artigo <\/a><\/p>","protected":false},"excerpt":{"rendered":"<p>O presidente\u00a0Luiz In\u00e1cio Lula da Silva\u00a0(PT) assinou nesta ter\u00e7a-feira (12\/05) uma medida provis\u00f3ria que acaba com a \u201ctaxa das blusinhas\u201d, o imposto de importa\u00e7\u00e3o de 20% sobre compras internacionais de at\u00e9 US$ 50 em plataformas como Shein, Shopee e AliExpress. O an\u00fancio foi feito de \u00faltima hora, no Pal\u00e1cio do Planalto. Para valores acima de [&hellip;]<\/p>\n","protected":false},"author":1,"featured_media":128389,"comment_status":"closed","ping_status":"","sticky":false,"template":"","format":"standard","meta":{"googlesitekit_rrm_CAow2JLhCw:productID":"","_gspb_post_css":"","maa_idioma":"","maa_pais":"","footnotes":""},"categories":[1],"tags":[5278,3452,35237,24782,3489,3531,1629,14118],"class_list":["post-128388","post","type-post","status-publish","format-standard","has-post-thumbnail","hentry","category-ubirata","tag-anuncia","tag-ate","tag-blusinhas","tag-compras","tag-das","tag-fim","tag-lula","tag-taxa"],"blocksy_meta":[],"yoast_head":"<!-- This site is optimized with the Yoast SEO Premium plugin v27.6 (Yoast SEO v27.6) - https:\/\/yoast.com\/product\/yoast-seo-premium-wordpress\/ -->\n<title>Lula anuncia fim da \u201ctaxa das blusinhas\u201d em compras de at\u00e9 US$ 50 - Ubirat\u00e3 Online Not\u00edcias - A realidade ao seu alcance!<\/title>\n<meta name=\"description\" content=\"O presidente\u00a0Luiz In\u00e1cio Lula da Silva\u00a0(PT) assinou nesta ter\u00e7a-feira (12\/05) uma medida provis\u00f3ria que acaba com a \u201ctaxa das blusinhas\u201d, o imposto de\" \/>\n<meta name=\"robots\" content=\"index, follow, max-snippet:-1, max-image-preview:large, max-video-preview:-1\" \/>\n<link rel=\"canonical\" href=\"https:\/\/ubirataonline.com.br\/en\/lula-anuncia-fim-da-taxa-das-blusinhas-em-compras-de-ate-us-50\/\" \/>\n<meta property=\"og:locale\" content=\"en_US\" \/>\n<meta property=\"og:type\" content=\"article\" \/>\n<meta property=\"og:title\" content=\"Lula anuncia fim da \u201ctaxa das blusinhas\u201d em compras de at\u00e9 US$ 50\" \/>\n<meta property=\"og:description\" content=\"O presidente\u00a0Luiz In\u00e1cio Lula da Silva\u00a0(PT) assinou nesta ter\u00e7a-feira (12\/05) uma medida provis\u00f3ria que acaba com a \u201ctaxa das blusinhas\u201d, o imposto de\" \/>\n<meta property=\"og:url\" content=\"https:\/\/ubirataonline.com.br\/en\/lula-anuncia-fim-da-taxa-das-blusinhas-em-compras-de-ate-us-50\/\" \/>\n<meta property=\"og:site_name\" content=\"Ubirat\u00e3 Online Not\u00edcias - A realidade ao seu alcance!\" \/>\n<meta property=\"article:publisher\" content=\"https:\/\/www.facebook.com\/portalubirataonline\" \/>\n<meta property=\"article:author\" content=\"https:\/\/www.facebook.com\/portalubirataonline\" \/>\n<meta property=\"article:published_time\" content=\"2026-05-13T05:34:17+00:00\" \/>\n<meta property=\"article:modified_time\" content=\"2026-05-13T05:34:20+00:00\" \/>\n<meta property=\"og:image\" content=\"https:\/\/ubirataonline.com.br\/wp-content\/uploads\/2026\/05\/Lula-anuncia-fim-da-taxa-das-blusinhas-em-compras-de.jpg\" \/>\n\t<meta property=\"og:image:width\" content=\"2000\" \/>\n\t<meta property=\"og:image:height\" content=\"1333\" \/>\n\t<meta property=\"og:image:type\" content=\"image\/jpeg\" \/>\n<meta name=\"author\" content=\"REDA\u00c7\u00c3O: UBIRAT\u00c3 ONLINE - F\u00c1BIO AUGUSTO CELESTINO\" \/>\n<meta name=\"twitter:card\" content=\"summary_large_image\" \/>\n<meta name=\"twitter:creator\" content=\"@x.com\/ubirataonline\" \/>\n<meta name=\"twitter:site\" content=\"@ubirataonline\" \/>\n<meta name=\"twitter:label1\" content=\"Written by\" \/>\n\t<meta name=\"twitter:data1\" content=\"REDA\u00c7\u00c3O: UBIRAT\u00c3 ONLINE - F\u00c1BIO AUGUSTO CELESTINO\" \/>\n\t<meta name=\"twitter:label2\" content=\"Est. reading time\" \/>\n\t<meta name=\"twitter:data2\" content=\"2 minutes\" \/>\n<script type=\"application\/ld+json\" class=\"yoast-schema-graph\">{\"@context\":\"https:\\\/\\\/schema.org\",\"@graph\":[{\"@type\":\"NewsArticle\",\"@id\":\"https:\\\/\\\/ubirataonline.com.br\\\/lula-anuncia-fim-da-taxa-das-blusinhas-em-compras-de-ate-us-50\\\/#article\",\"isPartOf\":{\"@id\":\"https:\\\/\\\/ubirataonline.com.br\\\/lula-anuncia-fim-da-taxa-das-blusinhas-em-compras-de-ate-us-50\\\/\"},\"author\":{\"name\":\"REDA\u00c7\u00c3O: UBIRAT\u00c3 ONLINE - F\u00c1BIO AUGUSTO CELESTINO\",\"@id\":\"https:\\\/\\\/ubirataonline.com.br\\\/#\\\/schema\\\/person\\\/372f87bbd3fdd79b8556b84c98d0bc1c\"},\"headline\":\"Lula anuncia fim da \u201ctaxa das blusinhas\u201d em compras de at\u00e9 US$ 50\",\"datePublished\":\"2026-05-13T05:34:17+00:00\",\"dateModified\":\"2026-05-13T05:34:20+00:00\",\"mainEntityOfPage\":{\"@id\":\"https:\\\/\\\/ubirataonline.com.br\\\/lula-anuncia-fim-da-taxa-das-blusinhas-em-compras-de-ate-us-50\\\/\"},\"wordCount\":371,\"publisher\":{\"@id\":\"https:\\\/\\\/ubirataonline.com.br\\\/#organization\"},\"image\":{\"@id\":\"https:\\\/\\\/ubirataonline.com.br\\\/lula-anuncia-fim-da-taxa-das-blusinhas-em-compras-de-ate-us-50\\\/#primaryimage\"},\"thumbnailUrl\":\"https:\\\/\\\/ubirataonline.com.br\\\/wp-content\\\/uploads\\\/2026\\\/05\\\/Lula-anuncia-fim-da-taxa-das-blusinhas-em-compras-de.jpg\",\"keywords\":[\"anuncia\",\"at\u00e9\",\"blusinhas\",\"compras\",\"das\",\"fim\",\"Lula\",\"taxa\"],\"articleSection\":[\"Ubirat\u00e3\"],\"inLanguage\":\"en-US\",\"copyrightYear\":\"2026\",\"copyrightHolder\":{\"@id\":\"https:\\\/\\\/ubirataonline.com.br\\\/en\\\/#organization\"}},{\"@type\":\"WebPage\",\"@id\":\"https:\\\/\\\/ubirataonline.com.br\\\/lula-anuncia-fim-da-taxa-das-blusinhas-em-compras-de-ate-us-50\\\/\",\"url\":\"https:\\\/\\\/ubirataonline.com.br\\\/lula-anuncia-fim-da-taxa-das-blusinhas-em-compras-de-ate-us-50\\\/\",\"name\":\"Lula anuncia fim da \u201ctaxa das blusinhas\u201d em compras de at\u00e9 US$ 50 - Ubirat\u00e3 Online Not\u00edcias - A realidade ao seu alcance!\",\"isPartOf\":{\"@id\":\"https:\\\/\\\/ubirataonline.com.br\\\/#website\"},\"primaryImageOfPage\":{\"@id\":\"https:\\\/\\\/ubirataonline.com.br\\\/lula-anuncia-fim-da-taxa-das-blusinhas-em-compras-de-ate-us-50\\\/#primaryimage\"},\"image\":{\"@id\":\"https:\\\/\\\/ubirataonline.com.br\\\/lula-anuncia-fim-da-taxa-das-blusinhas-em-compras-de-ate-us-50\\\/#primaryimage\"},\"thumbnailUrl\":\"https:\\\/\\\/ubirataonline.com.br\\\/wp-content\\\/uploads\\\/2026\\\/05\\\/Lula-anuncia-fim-da-taxa-das-blusinhas-em-compras-de.jpg\",\"datePublished\":\"2026-05-13T05:34:17+00:00\",\"dateModified\":\"2026-05-13T05:34:20+00:00\",\"description\":\"O presidente\u00a0Luiz In\u00e1cio Lula da Silva\u00a0(PT) assinou nesta ter\u00e7a-feira (12\\\/05) uma medida provis\u00f3ria que acaba com a \u201ctaxa das blusinhas\u201d, o imposto de\",\"breadcrumb\":{\"@id\":\"https:\\\/\\\/ubirataonline.com.br\\\/lula-anuncia-fim-da-taxa-das-blusinhas-em-compras-de-ate-us-50\\\/#breadcrumb\"},\"inLanguage\":\"en-US\",\"potentialAction\":[{\"@type\":\"ReadAction\",\"target\":[\"https:\\\/\\\/ubirataonline.com.br\\\/lula-anuncia-fim-da-taxa-das-blusinhas-em-compras-de-ate-us-50\\\/\"]}]},{\"@type\":\"ImageObject\",\"inLanguage\":\"en-US\",\"@id\":\"https:\\\/\\\/ubirataonline.com.br\\\/lula-anuncia-fim-da-taxa-das-blusinhas-em-compras-de-ate-us-50\\\/#primaryimage\",\"url\":\"https:\\\/\\\/ubirataonline.com.br\\\/wp-content\\\/uploads\\\/2026\\\/05\\\/Lula-anuncia-fim-da-taxa-das-blusinhas-em-compras-de.jpg\",\"contentUrl\":\"https:\\\/\\\/ubirataonline.com.br\\\/wp-content\\\/uploads\\\/2026\\\/05\\\/Lula-anuncia-fim-da-taxa-das-blusinhas-em-compras-de.jpg\",\"width\":2000,\"height\":1333,\"caption\":\"Imagem ilustrativa de mulher fazendo compra online. Foto: Depositphotos\"},{\"@type\":\"BreadcrumbList\",\"@id\":\"https:\\\/\\\/ubirataonline.com.br\\\/lula-anuncia-fim-da-taxa-das-blusinhas-em-compras-de-ate-us-50\\\/#breadcrumb\",\"itemListElement\":[{\"@type\":\"ListItem\",\"position\":1,\"name\":\"In\u00edcio\",\"item\":\"https:\\\/\\\/ubirataonline.com.br\\\/\"},{\"@type\":\"ListItem\",\"position\":2,\"name\":\"Lula anuncia fim da \u201ctaxa das blusinhas\u201d em compras de at\u00e9 US$ 50\"}]},{\"@type\":\"WebSite\",\"@id\":\"https:\\\/\\\/ubirataonline.com.br\\\/#website\",\"url\":\"https:\\\/\\\/ubirataonline.com.br\\\/\",\"name\":\"Ubirat\u00e3 Online Not\u00edcias\",\"description\":\"Not\u00edcias de Ubirat\u00e3, regi\u00e3o, Brasil e mundo, com informa\u00e7\u00e3o atualizada e compromisso com o leitor.\",\"publisher\":{\"@id\":\"https:\\\/\\\/ubirataonline.com.br\\\/#organization\"},\"alternateName\":\"Ubirat\u00e3 Online\",\"potentialAction\":[{\"@type\":\"SearchAction\",\"target\":{\"@type\":\"EntryPoint\",\"urlTemplate\":\"https:\\\/\\\/ubirataonline.com.br\\\/?s={search_term_string}\"},\"query-input\":{\"@type\":\"PropertyValueSpecification\",\"valueRequired\":true,\"valueName\":\"search_term_string\"}}],\"inLanguage\":\"en-US\"},{\"@type\":[\"Organization\",\"Place\"],\"@id\":\"https:\\\/\\\/ubirataonline.com.br\\\/#organization\",\"name\":\"Ubirat\u00e3 Online Not\u00edcias\",\"alternateName\":\"Ubirat\u00e3 Online\",\"url\":\"https:\\\/\\\/ubirataonline.com.br\\\/\",\"logo\":{\"@id\":\"https:\\\/\\\/ubirataonline.com.br\\\/lula-anuncia-fim-da-taxa-das-blusinhas-em-compras-de-ate-us-50\\\/#local-main-organization-logo\"},\"image\":{\"@id\":\"https:\\\/\\\/ubirataonline.com.br\\\/lula-anuncia-fim-da-taxa-das-blusinhas-em-compras-de-ate-us-50\\\/#local-main-organization-logo\"},\"sameAs\":[\"https:\\\/\\\/www.facebook.com\\\/portalubirataonline\",\"https:\\\/\\\/x.com\\\/ubirataonline\",\"https:\\\/\\\/mastodon.social\\\/@ubirataonline\",\"https:\\\/\\\/www.facebook.com\\\/groups\\\/311144672285604\",\"https:\\\/\\\/www.facebook.com\\\/UBTAOnline\",\"https:\\\/\\\/www.instagram.com\\\/portalubirataonline\\\/\",\"https:\\\/\\\/twitter.com\\\/ubirataonline\"],\"description\":\"Somos um portal de not\u00edcias independente, criado em 5 de janeiro de 2009, com o objetivo de informar, conectar e valorizar a nossa comunidade de Ubirat\u00e3 e toda aregi\u00e3o. Com conte\u00fado atualizado, confi\u00e1vel e relevante, o Ubirat\u00e3 Online \u00e9 o seu espa\u00e7o para ficar por dentro dos principais acontecimentos locais, regionais, Brasil, Mundo e de interesse geral. Nosso compromisso \u00e9 com a verdade, a transpar\u00eancia e o respeito ao leitor.\",\"legalName\":\"UBIRATA ONLINE NOT\u00cdCIAS\",\"foundingDate\":\"2009-01-05\",\"numberOfEmployees\":{\"@type\":\"QuantitativeValue\",\"minValue\":\"1\",\"maxValue\":\"10\"},\"publishingPrinciples\":\"https:\\\/\\\/ubirataonline.com.br\\\/faq\\\/\",\"address\":{\"@id\":\"https:\\\/\\\/ubirataonline.com.br\\\/lula-anuncia-fim-da-taxa-das-blusinhas-em-compras-de-ate-us-50\\\/#local-main-place-address\"},\"geo\":{\"@type\":\"GeoCoordinates\",\"latitude\":\"-24.5361401\",\"longitude\":\"-52.9921776\"},\"telephone\":[\"+5544998308235\"],\"contactPoint\":{\"@type\":\"ContactPoint\",\"email\":\"contato@ubirataonline.com.br\"},\"openingHoursSpecification\":{\"@type\":\"OpeningHoursSpecification\",\"dayOfWeek\":[\"Monday\",\"Tuesday\",\"Wednesday\",\"Thursday\",\"Friday\",\"Saturday\",\"Sunday\"],\"opens\":\"00:00\",\"closes\":\"23:59\"},\"email\":\"contato@ubirataonline.com.br\",\"vatID\":\"47.621.418\\\/0001-80\"},{\"@type\":\"Person\",\"@id\":\"https:\\\/\\\/ubirataonline.com.br\\\/#\\\/schema\\\/person\\\/372f87bbd3fdd79b8556b84c98d0bc1c\",\"name\":\"REDA\u00c7\u00c3O: UBIRAT\u00c3 ONLINE - F\u00c1BIO AUGUSTO CELESTINO\",\"pronouns\":\"Ele\",\"description\":\"Desde 2003 trabalhando com not\u00edcias.\",\"sameAs\":[\"http:\\\/\\\/ubirataoline.com.br\",\"https:\\\/\\\/www.facebook.com\\\/portalubirataonline\",\"https:\\\/\\\/www.instagram.com\\\/ubirataonline_oficial\",\"https:\\\/\\\/x.com\\\/x.com\\\/ubirataonline\"],\"honorificPrefix\":\"Mr.\",\"honorificSuffix\":\"MD\",\"birthDate\":\"1980-06-16\",\"gender\":\"masculino\",\"award\":[\"V\u00e1rios pr\u00eamios de melhor portal da cidade\"],\"jobTitle\":\"Diretor\",\"url\":\"https:\\\/\\\/ubirataonline.com.br\\\/en\\\/author\\\/ubirataonline\\\/\"},{\"@type\":\"PostalAddress\",\"@id\":\"https:\\\/\\\/ubirataonline.com.br\\\/lula-anuncia-fim-da-taxa-das-blusinhas-em-compras-de-ate-us-50\\\/#local-main-place-address\",\"streetAddress\":\"Rua dos Coqueiros, 104 - Bairro Boa Vista, Rua dos Coqueiros, 104 Bairro Boa Vista\",\"addressLocality\":\"UBIRATA\",\"postalCode\":\"85440-000\",\"addressRegion\":\"PR\",\"addressCountry\":\"BR\"},{\"@type\":\"ImageObject\",\"inLanguage\":\"en-US\",\"@id\":\"https:\\\/\\\/ubirataonline.com.br\\\/lula-anuncia-fim-da-taxa-das-blusinhas-em-compras-de-ate-us-50\\\/#local-main-organization-logo\",\"url\":\"https:\\\/\\\/ubirataonline.com.br\\\/wp-content\\\/uploads\\\/2026\\\/06\\\/logoubirataonline-1.webp\",\"contentUrl\":\"https:\\\/\\\/ubirataonline.com.br\\\/wp-content\\\/uploads\\\/2026\\\/06\\\/logoubirataonline-1.webp\",\"width\":500,\"height\":500,\"caption\":\"Ubirat\u00e3 Online Not\u00edcias\"}]}<\/script>\n<meta name=\"geo.placename\" content=\"UBIRATA\" \/>\n<meta name=\"geo.position\" content=\"-24.5361401;-52.9921776\" \/>\n<meta name=\"geo.region\" content=\"Brazil\" \/>\n<!-- \/ Yoast SEO Premium plugin. -->","yoast_head_json":{"title":"Lula anuncia fim da \u201ctaxa das blusinhas\u201d em compras de at\u00e9 US$ 50 - Ubirat\u00e3 Online Not\u00edcias - A realidade ao seu alcance!","description":"O presidente\u00a0Luiz In\u00e1cio Lula da Silva\u00a0(PT) assinou nesta ter\u00e7a-feira (12\/05) uma medida provis\u00f3ria que acaba com a \u201ctaxa das blusinhas\u201d, o imposto de","robots":{"index":"index","follow":"follow","max-snippet":"max-snippet:-1","max-image-preview":"max-image-preview:large","max-video-preview":"max-video-preview:-1"},"canonical":"https:\/\/ubirataonline.com.br\/en\/lula-anuncia-fim-da-taxa-das-blusinhas-em-compras-de-ate-us-50\/","og_locale":"en_US","og_type":"article","og_title":"Lula anuncia fim da \u201ctaxa das blusinhas\u201d em compras de at\u00e9 US$ 50","og_description":"O presidente\u00a0Luiz In\u00e1cio Lula da Silva\u00a0(PT) assinou nesta ter\u00e7a-feira (12\/05) uma medida provis\u00f3ria que acaba com a \u201ctaxa das blusinhas\u201d, o imposto de","og_url":"https:\/\/ubirataonline.com.br\/en\/lula-anuncia-fim-da-taxa-das-blusinhas-em-compras-de-ate-us-50\/","og_site_name":"Ubirat\u00e3 Online Not\u00edcias - A realidade ao seu alcance!","article_publisher":"https:\/\/www.facebook.com\/portalubirataonline","article_author":"https:\/\/www.facebook.com\/portalubirataonline","article_published_time":"2026-05-13T05:34:17+00:00","article_modified_time":"2026-05-13T05:34:20+00:00","og_image":[{"width":2000,"height":1333,"url":"https:\/\/ubirataonline.com.br\/wp-content\/uploads\/2026\/05\/Lula-anuncia-fim-da-taxa-das-blusinhas-em-compras-de.jpg","type":"image\/jpeg"}],"author":"REDA\u00c7\u00c3O: UBIRAT\u00c3 ONLINE - F\u00c1BIO AUGUSTO CELESTINO","twitter_card":"summary_large_image","twitter_creator":"@x.com\/ubirataonline","twitter_site":"@ubirataonline","twitter_misc":{"Written by":"REDA\u00c7\u00c3O: UBIRAT\u00c3 ONLINE - F\u00c1BIO AUGUSTO CELESTINO","Est. reading time":"2 minutes"},"schema":{"@context":"https:\/\/schema.org","@graph":[{"@type":"NewsArticle","@id":"https:\/\/ubirataonline.com.br\/lula-anuncia-fim-da-taxa-das-blusinhas-em-compras-de-ate-us-50\/#article","isPartOf":{"@id":"https:\/\/ubirataonline.com.br\/lula-anuncia-fim-da-taxa-das-blusinhas-em-compras-de-ate-us-50\/"},"author":{"name":"REDA\u00c7\u00c3O: UBIRAT\u00c3 ONLINE - F\u00c1BIO AUGUSTO CELESTINO","@id":"https:\/\/ubirataonline.com.br\/#\/schema\/person\/372f87bbd3fdd79b8556b84c98d0bc1c"},"headline":"Lula anuncia fim da \u201ctaxa das blusinhas\u201d em compras de at\u00e9 US$ 50","datePublished":"2026-05-13T05:34:17+00:00","dateModified":"2026-05-13T05:34:20+00:00","mainEntityOfPage":{"@id":"https:\/\/ubirataonline.com.br\/lula-anuncia-fim-da-taxa-das-blusinhas-em-compras-de-ate-us-50\/"},"wordCount":371,"publisher":{"@id":"https:\/\/ubirataonline.com.br\/#organization"},"image":{"@id":"https:\/\/ubirataonline.com.br\/lula-anuncia-fim-da-taxa-das-blusinhas-em-compras-de-ate-us-50\/#primaryimage"},"thumbnailUrl":"https:\/\/ubirataonline.com.br\/wp-content\/uploads\/2026\/05\/Lula-anuncia-fim-da-taxa-das-blusinhas-em-compras-de.jpg","keywords":["anuncia","at\u00e9","blusinhas","compras","das","fim","Lula","taxa"],"articleSection":["Ubirat\u00e3"],"inLanguage":"en-US","copyrightYear":"2026","copyrightHolder":{"@id":"https:\/\/ubirataonline.com.br\/en\/#organization"}},{"@type":"WebPage","@id":"https:\/\/ubirataonline.com.br\/lula-anuncia-fim-da-taxa-das-blusinhas-em-compras-de-ate-us-50\/","url":"https:\/\/ubirataonline.com.br\/lula-anuncia-fim-da-taxa-das-blusinhas-em-compras-de-ate-us-50\/","name":"Lula anuncia fim da \u201ctaxa das blusinhas\u201d em compras de at\u00e9 US$ 50 - Ubirat\u00e3 Online Not\u00edcias - A realidade ao seu alcance!","isPartOf":{"@id":"https:\/\/ubirataonline.com.br\/#website"},"primaryImageOfPage":{"@id":"https:\/\/ubirataonline.com.br\/lula-anuncia-fim-da-taxa-das-blusinhas-em-compras-de-ate-us-50\/#primaryimage"},"image":{"@id":"https:\/\/ubirataonline.com.br\/lula-anuncia-fim-da-taxa-das-blusinhas-em-compras-de-ate-us-50\/#primaryimage"},"thumbnailUrl":"https:\/\/ubirataonline.com.br\/wp-content\/uploads\/2026\/05\/Lula-anuncia-fim-da-taxa-das-blusinhas-em-compras-de.jpg","datePublished":"2026-05-13T05:34:17+00:00","dateModified":"2026-05-13T05:34:20+00:00","description":"O presidente\u00a0Luiz In\u00e1cio Lula da Silva\u00a0(PT) assinou nesta ter\u00e7a-feira (12\/05) uma medida provis\u00f3ria que acaba com a \u201ctaxa das blusinhas\u201d, o imposto de","breadcrumb":{"@id":"https:\/\/ubirataonline.com.br\/lula-anuncia-fim-da-taxa-das-blusinhas-em-compras-de-ate-us-50\/#breadcrumb"},"inLanguage":"en-US","potentialAction":[{"@type":"ReadAction","target":["https:\/\/ubirataonline.com.br\/lula-anuncia-fim-da-taxa-das-blusinhas-em-compras-de-ate-us-50\/"]}]},{"@type":"ImageObject","inLanguage":"en-US","@id":"https:\/\/ubirataonline.com.br\/lula-anuncia-fim-da-taxa-das-blusinhas-em-compras-de-ate-us-50\/#primaryimage","url":"https:\/\/ubirataonline.com.br\/wp-content\/uploads\/2026\/05\/Lula-anuncia-fim-da-taxa-das-blusinhas-em-compras-de.jpg","contentUrl":"https:\/\/ubirataonline.com.br\/wp-content\/uploads\/2026\/05\/Lula-anuncia-fim-da-taxa-das-blusinhas-em-compras-de.jpg","width":2000,"height":1333,"caption":"Imagem ilustrativa de mulher fazendo compra online. Foto: Depositphotos"},{"@type":"BreadcrumbList","@id":"https:\/\/ubirataonline.com.br\/lula-anuncia-fim-da-taxa-das-blusinhas-em-compras-de-ate-us-50\/#breadcrumb","itemListElement":[{"@type":"ListItem","position":1,"name":"In\u00edcio","item":"https:\/\/ubirataonline.com.br\/"},{"@type":"ListItem","position":2,"name":"Lula anuncia fim da \u201ctaxa das blusinhas\u201d em compras de at\u00e9 US$ 50"}]},{"@type":"WebSite","@id":"https:\/\/ubirataonline.com.br\/#website","url":"https:\/\/ubirataonline.com.br\/","name":"Ubirat\u00e3 Online Not\u00edcias","description":"Not\u00edcias de Ubirat\u00e3, regi\u00e3o, Brasil e mundo, com informa\u00e7\u00e3o atualizada e compromisso com o leitor.","publisher":{"@id":"https:\/\/ubirataonline.com.br\/#organization"},"alternateName":"Ubirat\u00e3 Online","potentialAction":[{"@type":"SearchAction","target":{"@type":"EntryPoint","urlTemplate":"https:\/\/ubirataonline.com.br\/?s={search_term_string}"},"query-input":{"@type":"PropertyValueSpecification","valueRequired":true,"valueName":"search_term_string"}}],"inLanguage":"en-US"},{"@type":["Organization","Place"],"@id":"https:\/\/ubirataonline.com.br\/#organization","name":"Ubirat\u00e3 Online Not\u00edcias","alternateName":"Ubirat\u00e3 Online","url":"https:\/\/ubirataonline.com.br\/","logo":{"@id":"https:\/\/ubirataonline.com.br\/lula-anuncia-fim-da-taxa-das-blusinhas-em-compras-de-ate-us-50\/#local-main-organization-logo"},"image":{"@id":"https:\/\/ubirataonline.com.br\/lula-anuncia-fim-da-taxa-das-blusinhas-em-compras-de-ate-us-50\/#local-main-organization-logo"},"sameAs":["https:\/\/www.facebook.com\/portalubirataonline","https:\/\/x.com\/ubirataonline","https:\/\/mastodon.social\/@ubirataonline","https:\/\/www.facebook.com\/groups\/311144672285604","https:\/\/www.facebook.com\/UBTAOnline","https:\/\/www.instagram.com\/portalubirataonline\/","https:\/\/twitter.com\/ubirataonline"],"description":"Somos um portal de not\u00edcias independente, criado em 5 de janeiro de 2009, com o objetivo de informar, conectar e valorizar a nossa comunidade de Ubirat\u00e3 e toda aregi\u00e3o. Com conte\u00fado atualizado, confi\u00e1vel e relevante, o Ubirat\u00e3 Online \u00e9 o seu espa\u00e7o para ficar por dentro dos principais acontecimentos locais, regionais, Brasil, Mundo e de interesse geral. Nosso compromisso \u00e9 com a verdade, a transpar\u00eancia e o respeito ao leitor.","legalName":"UBIRATA ONLINE NOT\u00cdCIAS","foundingDate":"2009-01-05","numberOfEmployees":{"@type":"QuantitativeValue","minValue":"1","maxValue":"10"},"publishingPrinciples":"https:\/\/ubirataonline.com.br\/faq\/","address":{"@id":"https:\/\/ubirataonline.com.br\/lula-anuncia-fim-da-taxa-das-blusinhas-em-compras-de-ate-us-50\/#local-main-place-address"},"geo":{"@type":"GeoCoordinates","latitude":"-24.5361401","longitude":"-52.9921776"},"telephone":["+5544998308235"],"contactPoint":{"@type":"ContactPoint","email":"contato@ubirataonline.com.br"},"openingHoursSpecification":{"@type":"OpeningHoursSpecification","dayOfWeek":["Monday","Tuesday","Wednesday","Thursday","Friday","Saturday","Sunday"],"opens":"00:00","closes":"23:59"},"email":"contato@ubirataonline.com.br","vatID":"47.621.418\/0001-80"},{"@type":"Person","@id":"https:\/\/ubirataonline.com.br\/#\/schema\/person\/372f87bbd3fdd79b8556b84c98d0bc1c","name":"REDA\u00c7\u00c3O: UBIRAT\u00c3 ONLINE - F\u00c1BIO AUGUSTO CELESTINO","pronouns":"Ele","description":"Desde 2003 trabalhando com not\u00edcias.","sameAs":["http:\/\/ubirataoline.com.br","https:\/\/www.facebook.com\/portalubirataonline","https:\/\/www.instagram.com\/ubirataonline_oficial","https:\/\/x.com\/x.com\/ubirataonline"],"honorificPrefix":"Mr.","honorificSuffix":"MD","birthDate":"1980-06-16","gender":"masculino","award":["V\u00e1rios pr\u00eamios de melhor portal da cidade"],"jobTitle":"Diretor","url":"https:\/\/ubirataonline.com.br\/en\/author\/ubirataonline\/"},{"@type":"PostalAddress","@id":"https:\/\/ubirataonline.com.br\/lula-anuncia-fim-da-taxa-das-blusinhas-em-compras-de-ate-us-50\/#local-main-place-address","streetAddress":"Rua dos Coqueiros, 104 - Bairro Boa Vista, Rua dos Coqueiros, 104 Bairro Boa Vista","addressLocality":"UBIRATA","postalCode":"85440-000","addressRegion":"PR","addressCountry":"BR"},{"@type":"ImageObject","inLanguage":"en-US","@id":"https:\/\/ubirataonline.com.br\/lula-anuncia-fim-da-taxa-das-blusinhas-em-compras-de-ate-us-50\/#local-main-organization-logo","url":"https:\/\/ubirataonline.com.br\/wp-content\/uploads\/2026\/06\/logoubirataonline-1.webp","contentUrl":"https:\/\/ubirataonline.com.br\/wp-content\/uploads\/2026\/06\/logoubirataonline-1.webp","width":500,"height":500,"caption":"Ubirat\u00e3 Online Not\u00edcias"}]},"geo.placename":"UBIRATA","geo.position":{"lat":"-24.5361401","long":"-52.9921776"},"geo.region":"Brazil"},"_links":{"self":[{"href":"https:\/\/ubirataonline.com.br\/en\/wp-json\/wp\/v2\/posts\/128388","targetHints":{"allow":["GET"]}}],"collection":[{"href":"https:\/\/ubirataonline.com.br\/en\/wp-json\/wp\/v2\/posts"}],"about":[{"href":"https:\/\/ubirataonline.com.br\/en\/wp-json\/wp\/v2\/types\/post"}],"author":[{"embeddable":true,"href":"https:\/\/ubirataonline.com.br\/en\/wp-json\/wp\/v2\/users\/1"}],"replies":[{"embeddable":true,"href":"https:\/\/ubirataonline.com.br\/en\/wp-json\/wp\/v2\/comments?post=128388"}],"version-history":[{"count":0,"href":"https:\/\/ubirataonline.com.br\/en\/wp-json\/wp\/v2\/posts\/128388\/revisions"}],"wp:featuredmedia":[{"embeddable":true,"href":"https:\/\/ubirataonline.com.br\/en\/wp-json\/wp\/v2\/media\/128389"}],"wp:attachment":[{"href":"https:\/\/ubirataonline.com.br\/en\/wp-json\/wp\/v2\/media?parent=128388"}],"wp:term":[{"taxonomy":"category","embeddable":true,"href":"https:\/\/ubirataonline.com.br\/en\/wp-json\/wp\/v2\/categories?post=128388"},{"taxonomy":"post_tag","embeddable":true,"href":"https:\/\/ubirataonline.com.br\/en\/wp-json\/wp\/v2\/tags?post=128388"}],"curies":[{"name":"wp","href":"https:\/\/api.w.org\/{rel}","templated":true}]}}