{"id":128426,"date":"2026-05-13T04:46:09","date_gmt":"2026-05-13T07:46:09","guid":{"rendered":"https:\/\/ubirataonline.com.br\/all-eyes-on-congressional-dist-2-democratic-race-as-powell-pulls-ahead\/"},"modified":"2026-05-13T04:46:12","modified_gmt":"2026-05-13T07:46:12","slug":"all-eyes-on-congressional-dist-2-democratic-race-as-powell-pulls-ahead","status":"publish","type":"post","link":"https:\/\/ubirataonline.com.br\/en\/all-eyes-on-congressional-dist-2-democratic-race-as-powell-pulls-ahead\/","title":{"rendered":"All eyes on Congressional Dist. 2 Democratic race as Powell pulls ahead"},"content":{"rendered":"<p><br \/>\n<\/p>\n<div id=\"\">\n<p class=\"text | article-text\">OMAHA, Neb. (WOWT) &#8211; Nebraska\u2019s 2nd Congressional District Democratic primary at one point seemed headed for a recount as results posted late Tuesday night showed the top two contenders separated by less than 1,000 votes. <\/p>\n<p class=\"text | article-text\">John Cavanaugh had been slightly ahead of Denise Powell after Douglas County Election Commission\u2019s 9:45 p.m. update; but the 10:45 p.m. results put her ahead with 19,516 votes to Cavanaugh\u2019s 18,647 \u2014 a difference of 869 votes.<\/p>\n<p class=\"text | article-text\">Both candidates made appearances at their respective gatherings at around 10 p.m. Powell gave a brief statement, thanking supporters and saying the race was too close to call. <\/p>\n<p class=\"text | article-text\">\u201cLet\u2019s get this done, shall we?\u201d she said.<\/p>\n<p class=\"text | article-text\">Simultaneously, Cavanaugh addressed those at his gathering, reiterating his campaign messages and reminding his supporters that he\u2019s looking to push back against President Trump. <\/p>\n<p class=\"text | article-text\">Nebraska law triggers an automatic recount when the margin separating the top candidates is 1% or less, in races with more than 500 votes cast. <\/p>\n<div class=\"article-raw-html w-100 mb-3\">\n<p><iframe loading=\"lazy\" title=\"LIVE: Nebraska Primary Election Results 2026 | NE-02, Governor, Senate | First Alert 6\" width=\"1366\" height=\"768\" src=\"https:\/\/www.youtube.com\/embed\/7KjAukxqU4k?feature=oembed\" frameborder=\"0\" allow=\"accelerometer; autoplay; clipboard-write; encrypted-media; gyroscope; picture-in-picture; web-share\" referrerpolicy=\"strict-origin-when-cross-origin\" allowfullscreen><\/iframe><\/p>\n<\/div>\n<h3 class=\"header | article-header w-100\">Early winners<\/h3>\n<p class=\"text | article-text\">Early ballot counts were enough for The Associated Press to call several primary races shortly after the polls closed at 8 p.m. Tuesday. <\/p>\n<p class=\"text | article-text\">Gov. Jim Pillen will face Democratic challenger Lynne Walz in the General Election. Sen. Pete Ricketts also secured his spot on the November ballot. Cindy Burbank won the Democratic primary \u2014 but she has said in previous news reports that she plans to drop out of the race in order to give Independent Dan Osborn a better chance against Ricketts. <\/p>\n<p class=\"text | article-text\">Elsewhere in the state, Chris Backemeyer won the Democratic nomination for U.S. House in Nebraska\u2019s 1st Congressional District. Backemeyer will face incumbent U.S. Rep. Mike Flood, who ran unopposed in the Republican primary.<\/p>\n<p class=\"text | article-text\">Nebraska\u2019s primary election on Tuesday, May 12, will narrow the field of candidates going into the general election on Tuesday, Nov. 3.<\/p>\n<p class=\"text | article-text\">Note that Tuesday night\u2019s vote tallies will be unofficial until the Secretary of State certifies the election. The most recent results from the Douglas County Election Commission posted just after polls closed at 8 p.m., with updates at 9:45, 10:45, and 11:30 p.m.<\/p>\n<div class=\"link-list | article-link-list w-100 p-3 my-3 border-top border-bottom border-light\">\n<div class=\"px-0 px-sm-3 py-md-3 px-md-5\">\n<h5 class=\"mb-3 fw-bold\">ELECTION 2026<\/h5>\n<div class=\"card-deck mx-n2 mb-n3\">\n<div class=\"interstitial-link article-interstitial-link mb-3 mx-2 card bg-transparent mb-3\">\n<div class=\"card-body row p-2\">\n<figure class=\"media-item | figure media-item-image mb-0 col-4 align-self-center\">\n<div class=\"figure-wrapper img-wrapper figure-img mb-0\"><\/div>\n<\/figure>\n<\/div>\n<\/div>\n<\/div>\n<\/div>\n<\/div>\n<h3 class=\"header | article-header w-100\">Top races<\/h3>\n<h4 class=\"header | article-header w-100\">NE-02<\/h4>\n<p class=\"text | article-text\">Tuesday\u2019s most-watched \u2014 and most contentious \u2014 race will be the Democratic primary for the 2nd Congressional District representative, especially as State Sen. John Cavanaugh and Denise Powell ramped up their fierce campaigns in recent weeks. <\/p>\n<ul class=\"list | article-list\">\n<li><span>Van Argyrakis &#8211; 0.3%<\/span><\/li>\n<li><span>Kishla Askins &#8211; 5.8%<\/span><\/li>\n<li><span>John Cavanaugh &#8211; 36.8%<\/span><\/li>\n<li><span>James Leuschen &#8211; 0.6%<\/span><\/li>\n<li><span>Denise Powell &#8211; 38.9%<\/span><\/li>\n<li><span>Crystal Rhoades &#8211; 13.9%<\/span><\/li>\n<li><span>Melanie Williams &#8211; 3.8%<\/span><\/li>\n<\/ul>\n<p class=\"text | article-text\"><b>Brinker Harding<\/b>, a longtime Omaha City Councilman, is unopposed on the Republican primary ballot and will advance to the General Election in November; as will Libertarian <b>Eric Michael Foreman<\/b>.<\/p>\n<h4 class=\"header | article-header w-100\">NE-01<\/h4>\n<p class=\"text | article-text\">Democats are choosing between two candidates: <\/p>\n<ul class=\"list | article-list\">\n<li><span><b>Chris Backemeyer &#8211; 59.2%<\/b><\/span><\/li>\n<li><span>Eric Moyer &#8211; 40.8%<\/span><\/li>\n<\/ul>\n<p class=\"text | article-text\">The winner will face incumbent Congressman <b>Mike Flood<\/b>, who is running unopposed in the Republican primary. <\/p>\n<h4 class=\"header | article-header w-100\">Governor<\/h4>\n<p class=\"text | article-text\">Five people filed to attempt to primary Gov. Jim Pillen on the Republican ballot. Pillen won, receiving 33,379 votes<\/p>\n<ul class=\"list | article-list\">\n<li><span>Sal Holguin &#8211; 0.8%<\/span><\/li>\n<li><span>Sheila J. Korth-Focken &#8211; 7.6%<\/span><\/li>\n<li><span><b>Jim Pillen &#8211; 75.7%<\/b><\/span><\/li>\n<li><span>Gary L. Rogge &#8211; 3.7%<\/span><\/li>\n<li><span>Jacy Todd &#8211; 2.7%<\/span><\/li>\n<li><span>John Walz &#8211; 9.5%<\/span><\/li>\n<\/ul>\n<p class=\"text | article-text\">Two people are running on the Democratic ticket. Lynne Walz won with 51,935 votes.<\/p>\n<ul class=\"list | article-list\">\n<li><span>Larry Marvin &#8211; 8.7%<\/span><\/li>\n<li><span><b>Lynne Walz &#8211; 91.3%<\/b><\/span><\/li>\n<\/ul>\n<p class=\"text | article-text\">Two people are also in the running for the Legal Marijuana Now party:<\/p>\n<ul class=\"list | article-list\">\n<li><span>Rick Beard &#8211; 68.9%<\/span><\/li>\n<li><span>James J. Charvat III &#8211; 31.9%<\/span><\/li>\n<\/ul>\n<h4 class=\"header | article-header w-100\">U.S. Senator<\/h4>\n<p class=\"text | article-text\">Incumbent Pete Ricketts has four challengers on the Republican ballot. Ricketts won with 67,620 votes.<\/p>\n<ul class=\"list | article-list\">\n<li><span>Todd Knobel &#8211; 7.8%<\/span><\/li>\n<li><span>Eric Mortimore &#8211; 7.8%<\/span><\/li>\n<li><span><b>Pete Ricketts &#8211; 81.8%<\/b><\/span><\/li>\n<li><span>Debb Axtell Schultz &#8211; 5.9%<\/span><\/li>\n<li><span>Mac Stevens &#8211; 2.6%<\/span><\/li>\n<\/ul>\n<p class=\"text | article-text\">The Democratic run has made headlines in the lead-up to the primary, with Cindy Burbank saying she would drop out of the race entirely if she won in order to give potential independent Dan Osborn a leg up in November; and <a href=\"https:\/\/nebraskademocrats.org\/blog\/ndp-press-release-statement-on-u-s-senate-candidate-william-forbes\/\" target=\"_blank\" rel=\"noreferrer\" title=\"https:\/\/nebraskademocrats.org\/blog\/ndp-press-release-statement-on-u-s-senate-candidate-william-forbes\/\">the Nebraska Democratic Party accusing William Forbes<\/a> of being a GOP plant who is only in the race to pull votes away from Osborn. Burbank won with 48,559 votes.<\/p>\n<ul class=\"list | article-list\">\n<li><span><b>Cindy Burbank &#8211; 89.2%<\/b><\/span><\/li>\n<li><span>William J. Forbes &#8211; 10.8%<\/span><\/li>\n<\/ul>\n<p class=\"text | article-text\">The Legal Marijuana Now party also has two candidates trying to make the November ballot.<\/p>\n<ul class=\"list | article-list\">\n<li><span>Earl Starkey &#8211; 33.6%<\/span><\/li>\n<li><span>Mike Marvin &#8211; 66.4%<\/span><\/li>\n<\/ul>\n<p class=\"text | article-text\"><a href=\"https:\/\/www.wowt.com\/politics\/election-results\/\" target=\"_blank\" rel=\"noreferrer\" title=\"https:\/\/www.wowt.com\/politics\/election-results\/\"><i>More election results<\/i><\/a><\/p>\n<h3 class=\"header | article-header w-100\">Other statewide races<\/h3>\n<p class=\"text | article-text\">Nebraska Attorney General <b>Mike Hilgers<\/b>, a Republican, will face Democratic candidate <b>Jocelyn Brasher<\/b> in November as both are running unopposed in their respective primaries.<\/p>\n<p class=\"text | article-text\">State Auditor <b>Mike Foley<\/b> is running unopposed on the Republican primary ballot, and currently has no challenger for the General Election. <\/p>\n<p class=\"text | article-text\">State Treasurer <b>Joey Spellerberg<\/b>, a Republican,<b> <\/b>will also automatically advance, as will Democrat <b>Daniel Ebers<\/b>.<\/p>\n<h4 class=\"header | article-header w-100\">Secretary of State<\/h4>\n<p class=\"text | article-text\">Incumbent Bob Evnen is being challenged in the a Republican primary by Scott Petersen. <\/p>\n<ul class=\"list | article-list\">\n<li><span>Bob Evnen &#8211; 45.2%<\/span><\/li>\n<li><span><b>Scott Petersen &#8211; 54.8%<\/b><\/span><\/li>\n<\/ul>\n<p class=\"text | article-text\">Two Democrats are also vying for the November race. Slattery won.<\/p>\n<ul class=\"list | article-list\">\n<li><span>Lee M. Cimfel &#8211; 9%<\/span><\/li>\n<li><span><b>Sarah J. Slattery &#8211; 91%<\/b><\/span><\/li>\n<\/ul>\n<p class=\"text | article-text\">Democrat Susanne Shore\u2019s candidacy for the nonpartisan Dist. 4 Regent seat brought a bit of attention to the race, regardless of whether they\u2019re in the district or not, as she is the wife of U.S. Sen. Pete Ricketts, a Republican. <\/p>\n<ul class=\"list | article-list\">\n<li><span>Larry Bradley &#8211; 19.9%<\/span><\/li>\n<li><span>Jim Rogers &#8211; 15.6%<\/span><\/li>\n<li><span>Susanne Shore &#8211; 35.1%<\/span><\/li>\n<li><span>Michael Skocz &#8211; 5.1%<\/span><\/li>\n<li><span>Justin Solomon &#8211; 24.3%<\/span><\/li>\n<\/ul>\n<p class=\"text | article-text\"><a href=\"https:\/\/www.wowt.com\/politics\/election-results\/\" target=\"_blank\" rel=\"noreferrer\" title=\"https:\/\/www.wowt.com\/politics\/election-results\/\"><i>More election results<\/i><\/a><\/p>\n<div class=\"article-raw-html w-100 mb-3\">\n<div>\n<div class=\"flourish-embed flourish-chart\" data-src=\"https:\/\/www.wowt.com\/2026\/05\/12\/election-2026-voters-cast-ballots-nebraska-primary-races\/visualisation\/28945966\"><img decoding=\"async\" src=\"https:\/\/public.flourish.studio\/visualisation\/28945966\/thumbnail\" width=\"100%\" alt=\"chart visualization\"\/><\/div>\n<\/div>\n<\/div>\n<h3 class=\"header | article-header w-100\">Douglas County races<\/h3>\n<h4 class=\"header | article-header w-100\">County Attorney<\/h4>\n<p class=\"text | article-text\">Two Democrats are in the running to challenge County Attorney <b>Don Kleine<\/b>, a Republican,<b> <\/b>in the General Election.<\/p>\n<ul class=\"list | article-list\">\n<li><span>Makayla Danner &#8211; 51.5%<\/span><\/li>\n<li><span>Amy Jacobsen &#8211; 48.5%<\/span><\/li>\n<\/ul>\n<h4 class=\"header | article-header w-100\">County Clerk<\/h4>\n<p class=\"text | article-text\">Former State Sen. Justin Wayne is one of two Democrats running for this position:<\/p>\n<ul class=\"list | article-list\">\n<li><span>Justin Wayne &#8211; 61.3%<\/span><\/li>\n<li><span>Tom Barrett &#8211; 38.7%<\/span><\/li>\n<\/ul>\n<h4 class=\"header | article-header w-100\"><a href=\"https:\/\/www.wowt.com\/2026\/01\/08\/former-state-senator-tony-vargas-files-douglas-county-treasurer-race\/\" target=\"_blank\" rel=\"noreferrer\" title=\"https:\/\/www.wowt.com\/2026\/01\/08\/former-state-senator-tony-vargas-files-douglas-county-treasurer-race\/\">County Treasurer<\/a><\/h4>\n<p class=\"text | article-text\">Tony Vargas, who ran two tight races to unseat Congressman Don Bacon is among two Democrats running for county seat. Tim Cavanaugh currently holds the seat, replacing John Ewing Jr. after he became Omaha\u2019s new mayor last June. <\/p>\n<ul class=\"list | article-list\">\n<li><span>Christian Espinosa Torres &#8211; 18.9%<\/span><\/li>\n<li><span>Tony Vargas &#8211; 81.1%<\/span><\/li>\n<\/ul>\n<p class=\"text | article-text\"><a href=\"https:\/\/www.wowt.com\/politics\/election-results\/\" target=\"_blank\" rel=\"noreferrer\" title=\"https:\/\/www.wowt.com\/politics\/election-results\/\"><i>More election results<\/i><\/a><\/p>\n<h3 class=\"header | article-header w-100\">Sarpy County races<\/h3>\n<h4 class=\"header | article-header w-100\">Bellevue Mayor<\/h4>\n<p class=\"text | article-text\">This race did not appear on ballots as both candidates automatically advance. <\/p>\n<h4 class=\"header | article-header w-100\">Papillion Mayor<\/h4>\n<ul class=\"list | article-list\">\n<li><span>Becky Hoch &#8211; 24.2%<\/span><\/li>\n<li><span>Joe Hunter &#8211; 28%<\/span><\/li>\n<li><span>Brad Kustka &#8211; 3.5%<\/span><\/li>\n<li><span>Chase Stenger &#8211; 1.5%<\/span><\/li>\n<li><span>Kenneth Stopak &#8211; 2.3%<\/span><\/li>\n<li><span>Bob Stubbe &#8211; 40.5%<\/span><\/li>\n<\/ul>\n<p class=\"text | article-text\"><a href=\"https:\/\/www.wowt.com\/politics\/election-results\/\" target=\"_blank\" rel=\"noreferrer\" title=\"https:\/\/www.wowt.com\/politics\/election-results\/\"><i>More election results<\/i><\/a><\/p>\n<p class=\"text | article-text\"><i>\u2014<\/i><\/p>\n<p class=\"text | article-text\"><i>Watch breaking news and election results unfold on our livestream. <\/i><a href=\"https:\/\/www.wowt.com\/page\/how-to-stream-wowt-first-alert-6\/\" rel=\"\" title=\"https:\/\/www.wowt.com\/page\/how-to-stream-wowt-first-alert-6\/\"><i>Download the First Alert 6 streaming app<\/i><\/a><i> to your TV or find us in <\/i><a href=\"https:\/\/www.wowt.com\/page\/how-to-stream-wowt-first-alert-6\/\" rel=\"\" title=\"https:\/\/www.wowt.com\/page\/how-to-stream-wowt-first-alert-6\/\"><i>your favorite streaming platform<\/i><\/a><i>.<\/i><\/p>\n<\/div>\n<p><i>Copyright 2026 WOWT. All rights reserved.<\/i><\/p>\n<p><br \/>\n<br \/><a href=\"https:\/\/www.wowt.com\/2026\/05\/12\/election-2026-voters-cast-ballots-nebraska-primary-races\/\">Source link <\/a><\/p>","protected":false},"excerpt":{"rendered":"<p>OMAHA, Neb. (WOWT) &#8211; Nebraska\u2019s 2nd Congressional District Democratic primary at one point seemed headed for a recount as results posted late Tuesday night showed the top two contenders separated by less than 1,000 votes. John Cavanaugh had been slightly ahead of Denise Powell after Douglas County Election Commission\u2019s 9:45 p.m. update; but the 10:45 [&hellip;]<\/p>\n","protected":false},"author":1,"featured_media":128427,"comment_status":"closed","ping_status":"","sticky":false,"template":"","format":"standard","meta":{"googlesitekit_rrm_CAow2JLhCw:productID":"","_gspb_post_css":"","maa_idioma":"","maa_pais":"","footnotes":""},"categories":[1],"tags":[3392,27488,23299,35253,11995,13462,18937,10090],"class_list":["post-128426","post","type-post","status-publish","format-standard","has-post-thumbnail","hentry","category-ubirata","tag-ahead","tag-congressional","tag-democratic","tag-dist","tag-eyes","tag-powell","tag-pulls","tag-race"],"blocksy_meta":[],"yoast_head":"<!-- This site is optimized with the Yoast SEO Premium plugin v27.6 (Yoast SEO v27.6) - https:\/\/yoast.com\/product\/yoast-seo-premium-wordpress\/ -->\n<title>All eyes on Congressional Dist. 2 Democratic race as Powell pulls ahead - Ubirat\u00e3 Online Not\u00edcias - A realidade ao seu alcance!<\/title>\n<meta name=\"description\" content=\"OMAHA, Neb. (WOWT) - Nebraska\u2019s 2nd Congressional District Democratic primary at one point seemed headed for a recount as results posted late Tuesday\" \/>\n<meta name=\"robots\" content=\"index, follow, max-snippet:-1, max-image-preview:large, max-video-preview:-1\" \/>\n<link rel=\"canonical\" href=\"https:\/\/ubirataonline.com.br\/en\/all-eyes-on-congressional-dist-2-democratic-race-as-powell-pulls-ahead\/\" \/>\n<meta property=\"og:locale\" content=\"en_US\" \/>\n<meta property=\"og:type\" content=\"article\" \/>\n<meta property=\"og:title\" content=\"All eyes on Congressional Dist. 2 Democratic race as Powell pulls ahead\" \/>\n<meta property=\"og:description\" content=\"OMAHA, Neb. (WOWT) - Nebraska\u2019s 2nd Congressional District Democratic primary at one point seemed headed for a recount as results posted late Tuesday\" \/>\n<meta property=\"og:url\" content=\"https:\/\/ubirataonline.com.br\/en\/all-eyes-on-congressional-dist-2-democratic-race-as-powell-pulls-ahead\/\" \/>\n<meta property=\"og:site_name\" content=\"Ubirat\u00e3 Online Not\u00edcias - A realidade ao seu alcance!\" \/>\n<meta property=\"article:publisher\" content=\"https:\/\/www.facebook.com\/portalubirataonline\" \/>\n<meta property=\"article:author\" content=\"https:\/\/www.facebook.com\/portalubirataonline\" \/>\n<meta property=\"article:published_time\" content=\"2026-05-13T07:46:09+00:00\" \/>\n<meta property=\"article:modified_time\" content=\"2026-05-13T07:46:12+00:00\" \/>\n<meta property=\"og:image\" content=\"https:\/\/ubirataonline.com.br\/wp-content\/uploads\/2026\/05\/All-eyes-on-Congressional-Dist-2-Democratic-race-as-Powell.jpg\" \/>\n\t<meta property=\"og:image:width\" content=\"1200\" \/>\n\t<meta property=\"og:image:height\" content=\"600\" \/>\n\t<meta property=\"og:image:type\" content=\"image\/jpeg\" \/>\n<meta name=\"author\" content=\"REDA\u00c7\u00c3O: UBIRAT\u00c3 ONLINE - F\u00c1BIO AUGUSTO CELESTINO\" \/>\n<meta name=\"twitter:card\" content=\"summary_large_image\" \/>\n<meta name=\"twitter:creator\" content=\"@x.com\/ubirataonline\" \/>\n<meta name=\"twitter:site\" content=\"@ubirataonline\" \/>\n<meta name=\"twitter:label1\" content=\"Written by\" \/>\n\t<meta name=\"twitter:data1\" content=\"REDA\u00c7\u00c3O: UBIRAT\u00c3 ONLINE - F\u00c1BIO AUGUSTO CELESTINO\" \/>\n\t<meta name=\"twitter:label2\" content=\"Est. reading time\" \/>\n\t<meta name=\"twitter:data2\" content=\"5 minutes\" \/>\n<script type=\"application\/ld+json\" class=\"yoast-schema-graph\">{\"@context\":\"https:\\\/\\\/schema.org\",\"@graph\":[{\"@type\":\"NewsArticle\",\"@id\":\"https:\\\/\\\/ubirataonline.com.br\\\/all-eyes-on-congressional-dist-2-democratic-race-as-powell-pulls-ahead\\\/#article\",\"isPartOf\":{\"@id\":\"https:\\\/\\\/ubirataonline.com.br\\\/all-eyes-on-congressional-dist-2-democratic-race-as-powell-pulls-ahead\\\/\"},\"author\":{\"name\":\"REDA\u00c7\u00c3O: UBIRAT\u00c3 ONLINE - F\u00c1BIO AUGUSTO CELESTINO\",\"@id\":\"https:\\\/\\\/ubirataonline.com.br\\\/#\\\/schema\\\/person\\\/372f87bbd3fdd79b8556b84c98d0bc1c\"},\"headline\":\"All eyes on Congressional Dist. 2 Democratic race as Powell pulls ahead\",\"datePublished\":\"2026-05-13T07:46:09+00:00\",\"dateModified\":\"2026-05-13T07:46:12+00:00\",\"mainEntityOfPage\":{\"@id\":\"https:\\\/\\\/ubirataonline.com.br\\\/all-eyes-on-congressional-dist-2-democratic-race-as-powell-pulls-ahead\\\/\"},\"wordCount\":1032,\"publisher\":{\"@id\":\"https:\\\/\\\/ubirataonline.com.br\\\/#organization\"},\"image\":{\"@id\":\"https:\\\/\\\/ubirataonline.com.br\\\/all-eyes-on-congressional-dist-2-democratic-race-as-powell-pulls-ahead\\\/#primaryimage\"},\"thumbnailUrl\":\"https:\\\/\\\/ubirataonline.com.br\\\/wp-content\\\/uploads\\\/2026\\\/05\\\/All-eyes-on-Congressional-Dist-2-Democratic-race-as-Powell.jpg\",\"keywords\":[\"ahead\",\"congressional\",\"Democratic\",\"Dist\",\"eyes\",\"Powell\",\"pulls\",\"race\"],\"articleSection\":[\"Ubirat\u00e3\"],\"inLanguage\":\"en-US\",\"copyrightYear\":\"2026\",\"copyrightHolder\":{\"@id\":\"https:\\\/\\\/ubirataonline.com.br\\\/en\\\/#organization\"}},{\"@type\":\"WebPage\",\"@id\":\"https:\\\/\\\/ubirataonline.com.br\\\/all-eyes-on-congressional-dist-2-democratic-race-as-powell-pulls-ahead\\\/\",\"url\":\"https:\\\/\\\/ubirataonline.com.br\\\/all-eyes-on-congressional-dist-2-democratic-race-as-powell-pulls-ahead\\\/\",\"name\":\"All eyes on Congressional Dist. 2 Democratic race as Powell pulls ahead - Ubirat\u00e3 Online Not\u00edcias - A realidade ao seu alcance!\",\"isPartOf\":{\"@id\":\"https:\\\/\\\/ubirataonline.com.br\\\/#website\"},\"primaryImageOfPage\":{\"@id\":\"https:\\\/\\\/ubirataonline.com.br\\\/all-eyes-on-congressional-dist-2-democratic-race-as-powell-pulls-ahead\\\/#primaryimage\"},\"image\":{\"@id\":\"https:\\\/\\\/ubirataonline.com.br\\\/all-eyes-on-congressional-dist-2-democratic-race-as-powell-pulls-ahead\\\/#primaryimage\"},\"thumbnailUrl\":\"https:\\\/\\\/ubirataonline.com.br\\\/wp-content\\\/uploads\\\/2026\\\/05\\\/All-eyes-on-Congressional-Dist-2-Democratic-race-as-Powell.jpg\",\"datePublished\":\"2026-05-13T07:46:09+00:00\",\"dateModified\":\"2026-05-13T07:46:12+00:00\",\"description\":\"OMAHA, Neb. (WOWT) - Nebraska\u2019s 2nd Congressional District Democratic primary at one point seemed headed for a recount as results posted late Tuesday\",\"breadcrumb\":{\"@id\":\"https:\\\/\\\/ubirataonline.com.br\\\/all-eyes-on-congressional-dist-2-democratic-race-as-powell-pulls-ahead\\\/#breadcrumb\"},\"inLanguage\":\"en-US\",\"potentialAction\":[{\"@type\":\"ReadAction\",\"target\":[\"https:\\\/\\\/ubirataonline.com.br\\\/all-eyes-on-congressional-dist-2-democratic-race-as-powell-pulls-ahead\\\/\"]}]},{\"@type\":\"ImageObject\",\"inLanguage\":\"en-US\",\"@id\":\"https:\\\/\\\/ubirataonline.com.br\\\/all-eyes-on-congressional-dist-2-democratic-race-as-powell-pulls-ahead\\\/#primaryimage\",\"url\":\"https:\\\/\\\/ubirataonline.com.br\\\/wp-content\\\/uploads\\\/2026\\\/05\\\/All-eyes-on-Congressional-Dist-2-Democratic-race-as-Powell.jpg\",\"contentUrl\":\"https:\\\/\\\/ubirataonline.com.br\\\/wp-content\\\/uploads\\\/2026\\\/05\\\/All-eyes-on-Congressional-Dist-2-Democratic-race-as-Powell.jpg\",\"width\":1200,\"height\":600,\"caption\":\"All eyes on Congressional Dist. 2 Democratic race as Powell pulls ahead\"},{\"@type\":\"BreadcrumbList\",\"@id\":\"https:\\\/\\\/ubirataonline.com.br\\\/all-eyes-on-congressional-dist-2-democratic-race-as-powell-pulls-ahead\\\/#breadcrumb\",\"itemListElement\":[{\"@type\":\"ListItem\",\"position\":1,\"name\":\"In\u00edcio\",\"item\":\"https:\\\/\\\/ubirataonline.com.br\\\/\"},{\"@type\":\"ListItem\",\"position\":2,\"name\":\"All eyes on Congressional Dist. 2 Democratic race as Powell pulls ahead\"}]},{\"@type\":\"WebSite\",\"@id\":\"https:\\\/\\\/ubirataonline.com.br\\\/#website\",\"url\":\"https:\\\/\\\/ubirataonline.com.br\\\/\",\"name\":\"Ubirat\u00e3 Online Not\u00edcias\",\"description\":\"Not\u00edcias de Ubirat\u00e3, regi\u00e3o, Brasil e mundo, com informa\u00e7\u00e3o atualizada e compromisso com o leitor.\",\"publisher\":{\"@id\":\"https:\\\/\\\/ubirataonline.com.br\\\/#organization\"},\"alternateName\":\"Ubirat\u00e3 Online\",\"potentialAction\":[{\"@type\":\"SearchAction\",\"target\":{\"@type\":\"EntryPoint\",\"urlTemplate\":\"https:\\\/\\\/ubirataonline.com.br\\\/?s={search_term_string}\"},\"query-input\":{\"@type\":\"PropertyValueSpecification\",\"valueRequired\":true,\"valueName\":\"search_term_string\"}}],\"inLanguage\":\"en-US\"},{\"@type\":[\"Organization\",\"Place\"],\"@id\":\"https:\\\/\\\/ubirataonline.com.br\\\/#organization\",\"name\":\"Ubirat\u00e3 Online Not\u00edcias\",\"alternateName\":\"Ubirat\u00e3 Online\",\"url\":\"https:\\\/\\\/ubirataonline.com.br\\\/\",\"logo\":{\"@id\":\"https:\\\/\\\/ubirataonline.com.br\\\/all-eyes-on-congressional-dist-2-democratic-race-as-powell-pulls-ahead\\\/#local-main-organization-logo\"},\"image\":{\"@id\":\"https:\\\/\\\/ubirataonline.com.br\\\/all-eyes-on-congressional-dist-2-democratic-race-as-powell-pulls-ahead\\\/#local-main-organization-logo\"},\"sameAs\":[\"https:\\\/\\\/www.facebook.com\\\/portalubirataonline\",\"https:\\\/\\\/x.com\\\/ubirataonline\",\"https:\\\/\\\/mastodon.social\\\/@ubirataonline\",\"https:\\\/\\\/www.facebook.com\\\/groups\\\/311144672285604\",\"https:\\\/\\\/www.facebook.com\\\/UBTAOnline\",\"https:\\\/\\\/www.instagram.com\\\/portalubirataonline\\\/\",\"https:\\\/\\\/twitter.com\\\/ubirataonline\"],\"description\":\"Somos um portal de not\u00edcias independente, criado em 5 de janeiro de 2009, com o objetivo de informar, conectar e valorizar a nossa comunidade de Ubirat\u00e3 e toda aregi\u00e3o. Com conte\u00fado atualizado, confi\u00e1vel e relevante, o Ubirat\u00e3 Online \u00e9 o seu espa\u00e7o para ficar por dentro dos principais acontecimentos locais, regionais, Brasil, Mundo e de interesse geral. Nosso compromisso \u00e9 com a verdade, a transpar\u00eancia e o respeito ao leitor.\",\"legalName\":\"UBIRATA ONLINE NOT\u00cdCIAS\",\"foundingDate\":\"2009-01-05\",\"numberOfEmployees\":{\"@type\":\"QuantitativeValue\",\"minValue\":\"1\",\"maxValue\":\"10\"},\"publishingPrinciples\":\"https:\\\/\\\/ubirataonline.com.br\\\/faq\\\/\",\"address\":{\"@id\":\"https:\\\/\\\/ubirataonline.com.br\\\/all-eyes-on-congressional-dist-2-democratic-race-as-powell-pulls-ahead\\\/#local-main-place-address\"},\"geo\":{\"@type\":\"GeoCoordinates\",\"latitude\":\"-24.5361401\",\"longitude\":\"-52.9921776\"},\"telephone\":[\"+5544998308235\"],\"contactPoint\":{\"@type\":\"ContactPoint\",\"email\":\"contato@ubirataonline.com.br\"},\"openingHoursSpecification\":{\"@type\":\"OpeningHoursSpecification\",\"dayOfWeek\":[\"Monday\",\"Tuesday\",\"Wednesday\",\"Thursday\",\"Friday\",\"Saturday\",\"Sunday\"],\"opens\":\"00:00\",\"closes\":\"23:59\"},\"email\":\"contato@ubirataonline.com.br\",\"vatID\":\"47.621.418\\\/0001-80\"},{\"@type\":\"Person\",\"@id\":\"https:\\\/\\\/ubirataonline.com.br\\\/#\\\/schema\\\/person\\\/372f87bbd3fdd79b8556b84c98d0bc1c\",\"name\":\"REDA\u00c7\u00c3O: UBIRAT\u00c3 ONLINE - F\u00c1BIO AUGUSTO CELESTINO\",\"pronouns\":\"Ele\",\"description\":\"Desde 2003 trabalhando com not\u00edcias.\",\"sameAs\":[\"http:\\\/\\\/ubirataoline.com.br\",\"https:\\\/\\\/www.facebook.com\\\/portalubirataonline\",\"https:\\\/\\\/www.instagram.com\\\/ubirataonline_oficial\",\"https:\\\/\\\/x.com\\\/x.com\\\/ubirataonline\"],\"honorificPrefix\":\"Mr.\",\"honorificSuffix\":\"MD\",\"birthDate\":\"1980-06-16\",\"gender\":\"masculino\",\"award\":[\"V\u00e1rios pr\u00eamios de melhor portal da cidade\"],\"jobTitle\":\"Diretor\",\"url\":\"https:\\\/\\\/ubirataonline.com.br\\\/en\\\/author\\\/ubirataonline\\\/\"},{\"@type\":\"PostalAddress\",\"@id\":\"https:\\\/\\\/ubirataonline.com.br\\\/all-eyes-on-congressional-dist-2-democratic-race-as-powell-pulls-ahead\\\/#local-main-place-address\",\"streetAddress\":\"Rua dos Coqueiros, 104 - Bairro Boa Vista, Rua dos Coqueiros, 104 Bairro Boa Vista\",\"addressLocality\":\"UBIRATA\",\"postalCode\":\"85440-000\",\"addressRegion\":\"PR\",\"addressCountry\":\"BR\"},{\"@type\":\"ImageObject\",\"inLanguage\":\"en-US\",\"@id\":\"https:\\\/\\\/ubirataonline.com.br\\\/all-eyes-on-congressional-dist-2-democratic-race-as-powell-pulls-ahead\\\/#local-main-organization-logo\",\"url\":\"https:\\\/\\\/ubirataonline.com.br\\\/wp-content\\\/uploads\\\/2026\\\/06\\\/logoubirataonline-1.webp\",\"contentUrl\":\"https:\\\/\\\/ubirataonline.com.br\\\/wp-content\\\/uploads\\\/2026\\\/06\\\/logoubirataonline-1.webp\",\"width\":500,\"height\":500,\"caption\":\"Ubirat\u00e3 Online Not\u00edcias\"}]}<\/script>\n<meta name=\"geo.placename\" content=\"UBIRATA\" \/>\n<meta name=\"geo.position\" content=\"-24.5361401;-52.9921776\" \/>\n<meta name=\"geo.region\" content=\"Brazil\" \/>\n<!-- \/ Yoast SEO Premium plugin. -->","yoast_head_json":{"title":"All eyes on Congressional Dist. 2 Democratic race as Powell pulls ahead - Ubirat\u00e3 Online Not\u00edcias - A realidade ao seu alcance!","description":"OMAHA, Neb. (WOWT) - Nebraska\u2019s 2nd Congressional District Democratic primary at one point seemed headed for a recount as results posted late Tuesday","robots":{"index":"index","follow":"follow","max-snippet":"max-snippet:-1","max-image-preview":"max-image-preview:large","max-video-preview":"max-video-preview:-1"},"canonical":"https:\/\/ubirataonline.com.br\/en\/all-eyes-on-congressional-dist-2-democratic-race-as-powell-pulls-ahead\/","og_locale":"en_US","og_type":"article","og_title":"All eyes on Congressional Dist. 2 Democratic race as Powell pulls ahead","og_description":"OMAHA, Neb. (WOWT) - Nebraska\u2019s 2nd Congressional District Democratic primary at one point seemed headed for a recount as results posted late Tuesday","og_url":"https:\/\/ubirataonline.com.br\/en\/all-eyes-on-congressional-dist-2-democratic-race-as-powell-pulls-ahead\/","og_site_name":"Ubirat\u00e3 Online Not\u00edcias - A realidade ao seu alcance!","article_publisher":"https:\/\/www.facebook.com\/portalubirataonline","article_author":"https:\/\/www.facebook.com\/portalubirataonline","article_published_time":"2026-05-13T07:46:09+00:00","article_modified_time":"2026-05-13T07:46:12+00:00","og_image":[{"width":1200,"height":600,"url":"https:\/\/ubirataonline.com.br\/wp-content\/uploads\/2026\/05\/All-eyes-on-Congressional-Dist-2-Democratic-race-as-Powell.jpg","type":"image\/jpeg"}],"author":"REDA\u00c7\u00c3O: UBIRAT\u00c3 ONLINE - F\u00c1BIO AUGUSTO CELESTINO","twitter_card":"summary_large_image","twitter_creator":"@x.com\/ubirataonline","twitter_site":"@ubirataonline","twitter_misc":{"Written by":"REDA\u00c7\u00c3O: UBIRAT\u00c3 ONLINE - F\u00c1BIO AUGUSTO CELESTINO","Est. reading time":"5 minutes"},"schema":{"@context":"https:\/\/schema.org","@graph":[{"@type":"NewsArticle","@id":"https:\/\/ubirataonline.com.br\/all-eyes-on-congressional-dist-2-democratic-race-as-powell-pulls-ahead\/#article","isPartOf":{"@id":"https:\/\/ubirataonline.com.br\/all-eyes-on-congressional-dist-2-democratic-race-as-powell-pulls-ahead\/"},"author":{"name":"REDA\u00c7\u00c3O: UBIRAT\u00c3 ONLINE - F\u00c1BIO AUGUSTO CELESTINO","@id":"https:\/\/ubirataonline.com.br\/#\/schema\/person\/372f87bbd3fdd79b8556b84c98d0bc1c"},"headline":"All eyes on Congressional Dist. 2 Democratic race as Powell pulls ahead","datePublished":"2026-05-13T07:46:09+00:00","dateModified":"2026-05-13T07:46:12+00:00","mainEntityOfPage":{"@id":"https:\/\/ubirataonline.com.br\/all-eyes-on-congressional-dist-2-democratic-race-as-powell-pulls-ahead\/"},"wordCount":1032,"publisher":{"@id":"https:\/\/ubirataonline.com.br\/#organization"},"image":{"@id":"https:\/\/ubirataonline.com.br\/all-eyes-on-congressional-dist-2-democratic-race-as-powell-pulls-ahead\/#primaryimage"},"thumbnailUrl":"https:\/\/ubirataonline.com.br\/wp-content\/uploads\/2026\/05\/All-eyes-on-Congressional-Dist-2-Democratic-race-as-Powell.jpg","keywords":["ahead","congressional","Democratic","Dist","eyes","Powell","pulls","race"],"articleSection":["Ubirat\u00e3"],"inLanguage":"en-US","copyrightYear":"2026","copyrightHolder":{"@id":"https:\/\/ubirataonline.com.br\/en\/#organization"}},{"@type":"WebPage","@id":"https:\/\/ubirataonline.com.br\/all-eyes-on-congressional-dist-2-democratic-race-as-powell-pulls-ahead\/","url":"https:\/\/ubirataonline.com.br\/all-eyes-on-congressional-dist-2-democratic-race-as-powell-pulls-ahead\/","name":"All eyes on Congressional Dist. 2 Democratic race as Powell pulls ahead - Ubirat\u00e3 Online Not\u00edcias - A realidade ao seu alcance!","isPartOf":{"@id":"https:\/\/ubirataonline.com.br\/#website"},"primaryImageOfPage":{"@id":"https:\/\/ubirataonline.com.br\/all-eyes-on-congressional-dist-2-democratic-race-as-powell-pulls-ahead\/#primaryimage"},"image":{"@id":"https:\/\/ubirataonline.com.br\/all-eyes-on-congressional-dist-2-democratic-race-as-powell-pulls-ahead\/#primaryimage"},"thumbnailUrl":"https:\/\/ubirataonline.com.br\/wp-content\/uploads\/2026\/05\/All-eyes-on-Congressional-Dist-2-Democratic-race-as-Powell.jpg","datePublished":"2026-05-13T07:46:09+00:00","dateModified":"2026-05-13T07:46:12+00:00","description":"OMAHA, Neb. (WOWT) - Nebraska\u2019s 2nd Congressional District Democratic primary at one point seemed headed for a recount as results posted late Tuesday","breadcrumb":{"@id":"https:\/\/ubirataonline.com.br\/all-eyes-on-congressional-dist-2-democratic-race-as-powell-pulls-ahead\/#breadcrumb"},"inLanguage":"en-US","potentialAction":[{"@type":"ReadAction","target":["https:\/\/ubirataonline.com.br\/all-eyes-on-congressional-dist-2-democratic-race-as-powell-pulls-ahead\/"]}]},{"@type":"ImageObject","inLanguage":"en-US","@id":"https:\/\/ubirataonline.com.br\/all-eyes-on-congressional-dist-2-democratic-race-as-powell-pulls-ahead\/#primaryimage","url":"https:\/\/ubirataonline.com.br\/wp-content\/uploads\/2026\/05\/All-eyes-on-Congressional-Dist-2-Democratic-race-as-Powell.jpg","contentUrl":"https:\/\/ubirataonline.com.br\/wp-content\/uploads\/2026\/05\/All-eyes-on-Congressional-Dist-2-Democratic-race-as-Powell.jpg","width":1200,"height":600,"caption":"All eyes on Congressional Dist. 2 Democratic race as Powell pulls ahead"},{"@type":"BreadcrumbList","@id":"https:\/\/ubirataonline.com.br\/all-eyes-on-congressional-dist-2-democratic-race-as-powell-pulls-ahead\/#breadcrumb","itemListElement":[{"@type":"ListItem","position":1,"name":"In\u00edcio","item":"https:\/\/ubirataonline.com.br\/"},{"@type":"ListItem","position":2,"name":"All eyes on Congressional Dist. 2 Democratic race as Powell pulls ahead"}]},{"@type":"WebSite","@id":"https:\/\/ubirataonline.com.br\/#website","url":"https:\/\/ubirataonline.com.br\/","name":"Ubirat\u00e3 Online Not\u00edcias","description":"Not\u00edcias de Ubirat\u00e3, regi\u00e3o, Brasil e mundo, com informa\u00e7\u00e3o atualizada e compromisso com o leitor.","publisher":{"@id":"https:\/\/ubirataonline.com.br\/#organization"},"alternateName":"Ubirat\u00e3 Online","potentialAction":[{"@type":"SearchAction","target":{"@type":"EntryPoint","urlTemplate":"https:\/\/ubirataonline.com.br\/?s={search_term_string}"},"query-input":{"@type":"PropertyValueSpecification","valueRequired":true,"valueName":"search_term_string"}}],"inLanguage":"en-US"},{"@type":["Organization","Place"],"@id":"https:\/\/ubirataonline.com.br\/#organization","name":"Ubirat\u00e3 Online Not\u00edcias","alternateName":"Ubirat\u00e3 Online","url":"https:\/\/ubirataonline.com.br\/","logo":{"@id":"https:\/\/ubirataonline.com.br\/all-eyes-on-congressional-dist-2-democratic-race-as-powell-pulls-ahead\/#local-main-organization-logo"},"image":{"@id":"https:\/\/ubirataonline.com.br\/all-eyes-on-congressional-dist-2-democratic-race-as-powell-pulls-ahead\/#local-main-organization-logo"},"sameAs":["https:\/\/www.facebook.com\/portalubirataonline","https:\/\/x.com\/ubirataonline","https:\/\/mastodon.social\/@ubirataonline","https:\/\/www.facebook.com\/groups\/311144672285604","https:\/\/www.facebook.com\/UBTAOnline","https:\/\/www.instagram.com\/portalubirataonline\/","https:\/\/twitter.com\/ubirataonline"],"description":"Somos um portal de not\u00edcias independente, criado em 5 de janeiro de 2009, com o objetivo de informar, conectar e valorizar a nossa comunidade de Ubirat\u00e3 e toda aregi\u00e3o. Com conte\u00fado atualizado, confi\u00e1vel e relevante, o Ubirat\u00e3 Online \u00e9 o seu espa\u00e7o para ficar por dentro dos principais acontecimentos locais, regionais, Brasil, Mundo e de interesse geral. Nosso compromisso \u00e9 com a verdade, a transpar\u00eancia e o respeito ao leitor.","legalName":"UBIRATA ONLINE NOT\u00cdCIAS","foundingDate":"2009-01-05","numberOfEmployees":{"@type":"QuantitativeValue","minValue":"1","maxValue":"10"},"publishingPrinciples":"https:\/\/ubirataonline.com.br\/faq\/","address":{"@id":"https:\/\/ubirataonline.com.br\/all-eyes-on-congressional-dist-2-democratic-race-as-powell-pulls-ahead\/#local-main-place-address"},"geo":{"@type":"GeoCoordinates","latitude":"-24.5361401","longitude":"-52.9921776"},"telephone":["+5544998308235"],"contactPoint":{"@type":"ContactPoint","email":"contato@ubirataonline.com.br"},"openingHoursSpecification":{"@type":"OpeningHoursSpecification","dayOfWeek":["Monday","Tuesday","Wednesday","Thursday","Friday","Saturday","Sunday"],"opens":"00:00","closes":"23:59"},"email":"contato@ubirataonline.com.br","vatID":"47.621.418\/0001-80"},{"@type":"Person","@id":"https:\/\/ubirataonline.com.br\/#\/schema\/person\/372f87bbd3fdd79b8556b84c98d0bc1c","name":"REDA\u00c7\u00c3O: UBIRAT\u00c3 ONLINE - F\u00c1BIO AUGUSTO CELESTINO","pronouns":"Ele","description":"Desde 2003 trabalhando com not\u00edcias.","sameAs":["http:\/\/ubirataoline.com.br","https:\/\/www.facebook.com\/portalubirataonline","https:\/\/www.instagram.com\/ubirataonline_oficial","https:\/\/x.com\/x.com\/ubirataonline"],"honorificPrefix":"Mr.","honorificSuffix":"MD","birthDate":"1980-06-16","gender":"masculino","award":["V\u00e1rios pr\u00eamios de melhor portal da cidade"],"jobTitle":"Diretor","url":"https:\/\/ubirataonline.com.br\/en\/author\/ubirataonline\/"},{"@type":"PostalAddress","@id":"https:\/\/ubirataonline.com.br\/all-eyes-on-congressional-dist-2-democratic-race-as-powell-pulls-ahead\/#local-main-place-address","streetAddress":"Rua dos Coqueiros, 104 - Bairro Boa Vista, Rua dos Coqueiros, 104 Bairro Boa Vista","addressLocality":"UBIRATA","postalCode":"85440-000","addressRegion":"PR","addressCountry":"BR"},{"@type":"ImageObject","inLanguage":"en-US","@id":"https:\/\/ubirataonline.com.br\/all-eyes-on-congressional-dist-2-democratic-race-as-powell-pulls-ahead\/#local-main-organization-logo","url":"https:\/\/ubirataonline.com.br\/wp-content\/uploads\/2026\/06\/logoubirataonline-1.webp","contentUrl":"https:\/\/ubirataonline.com.br\/wp-content\/uploads\/2026\/06\/logoubirataonline-1.webp","width":500,"height":500,"caption":"Ubirat\u00e3 Online Not\u00edcias"}]},"geo.placename":"UBIRATA","geo.position":{"lat":"-24.5361401","long":"-52.9921776"},"geo.region":"Brazil"},"_links":{"self":[{"href":"https:\/\/ubirataonline.com.br\/en\/wp-json\/wp\/v2\/posts\/128426","targetHints":{"allow":["GET"]}}],"collection":[{"href":"https:\/\/ubirataonline.com.br\/en\/wp-json\/wp\/v2\/posts"}],"about":[{"href":"https:\/\/ubirataonline.com.br\/en\/wp-json\/wp\/v2\/types\/post"}],"author":[{"embeddable":true,"href":"https:\/\/ubirataonline.com.br\/en\/wp-json\/wp\/v2\/users\/1"}],"replies":[{"embeddable":true,"href":"https:\/\/ubirataonline.com.br\/en\/wp-json\/wp\/v2\/comments?post=128426"}],"version-history":[{"count":0,"href":"https:\/\/ubirataonline.com.br\/en\/wp-json\/wp\/v2\/posts\/128426\/revisions"}],"wp:featuredmedia":[{"embeddable":true,"href":"https:\/\/ubirataonline.com.br\/en\/wp-json\/wp\/v2\/media\/128427"}],"wp:attachment":[{"href":"https:\/\/ubirataonline.com.br\/en\/wp-json\/wp\/v2\/media?parent=128426"}],"wp:term":[{"taxonomy":"category","embeddable":true,"href":"https:\/\/ubirataonline.com.br\/en\/wp-json\/wp\/v2\/categories?post=128426"},{"taxonomy":"post_tag","embeddable":true,"href":"https:\/\/ubirataonline.com.br\/en\/wp-json\/wp\/v2\/tags?post=128426"}],"curies":[{"name":"wp","href":"https:\/\/api.w.org\/{rel}","templated":true}]}}