{"id":128518,"date":"2026-05-13T07:53:10","date_gmt":"2026-05-13T10:53:10","guid":{"rendered":"https:\/\/ubirataonline.com.br\/today-links-mary-and-the-eucharist-with-one-devotion\/"},"modified":"2026-05-13T07:53:14","modified_gmt":"2026-05-13T10:53:14","slug":"today-links-mary-and-the-eucharist-with-one-devotion","status":"publish","type":"post","link":"https:\/\/ubirataonline.com.br\/en\/today-links-mary-and-the-eucharist-with-one-devotion\/","title":{"rendered":"Today links Mary and the Eucharist with one devotion"},"content":{"rendered":"<p><\/p>\n<div id=\"free-content\"><span aria-label=\"post subtitle\" class=\"SubHeading_subheading__NJ_eJ\">Because of St. Peter Julian Eymard, today is not only Our Lady of Fatima but also Our Lady of the Blessed Sacrament. Here&#8217;s why.<\/span><\/p>\n<div style=\"flex-wrap:wrap\" class=\"\">\n<p>May is the month of gardens filled with colorful flowers, lifting our spirits with the joy of spring\u2019s arrival. And as Catholics, we celebrate the whole month with Marian feasts. This month abounds with reminders and opportunities to honor and celebrate our Blessed Mother: from Our Lady, Queen of the May, on May 1 to the Feast of the Visitation on May 31. And of course, famously, May 13 is the Feast of Our Lady of Fatima, when the Catholic world celebrates one of the most important Marian apparitions of all time.<\/p>\n<\/div>\n<div style=\"flex-wrap:wrap\" class=\"\">\n<p>May 13, 1917, was the first apparition of Our Lady of Fatima\u00a0to the three shepherd children \u2014 Lucia, Jacinta, and Francisco. Although there were multiple apparitions, May 13 is the feast of Our Lady of Fatima on the Church calendar. The seers were young children, playing together, when they first saw Our Lady appear, \u201cmore brilliant than the sun.\u201d Mary exhorted them on this date to \u201cpray, pray very much. Make sacrifices for sinners.&#8221;<\/p>\n<\/div>\n<div style=\"flex-wrap:wrap\" class=\"\">\n<p>Our Lady asked the three shepherd children, \u201cDo you wish to offer yourselves to God to endure all the sufferings that He may be pleased to send you, as both an act of reparation for the sins with which He is offended and an act of supplication for the conversion of sinners? Well then, you will have much to suffer. But the grace of God will be your comfort.\u201d <\/p>\n<\/div>\n<div style=\"flex-wrap:wrap\" class=\"\">\n<p>And then, Our Lady added, \u201cPray the Rosary every day to obtain peace for the world and the end of the war.\u201d<\/p>\n<\/div>\n<div style=\"flex-wrap:wrap\" class=\"\">\n<p>And so Our Lady\u2019s advice on how to help souls is to pray the Rosary every day, and offer up sacrifices for sinners. Do we take that opportunity every day? <\/p>\n<\/div>\n<div style=\"flex-wrap:wrap\" class=\"\">\n<p>Why not offer up a daily chore or little, loving sacrifices while praying the words Our Lady of Fatima taught us: \u201cO Jesus, it is for love of Thee, for the conversion of sinners, and in reparation of the sins committed against the Immaculate Heart of Mary.\u201d The advice of Our Lady of Fatima on how to help souls is clear: \u201cPray the Rosary every day.\u201d<\/p>\n<\/div>\n<h2 class=\"Heading_heading__PlVsb\">Angel&#8217;s devotion<\/h2>\n<div style=\"flex-wrap:wrap\" class=\"\">\n<p>Fatima does not just encourage devotion to the Rosary, but also the Eucharist. The children of Fatima had three encounters with the Angel of Peace who prepared them to meet Our Lady, and these meetings are filled with details that urge greater love and fidelity to the Eucharist. For example, in the final meeting, the Angel held a Host over a chalice he kept suspended in mid-air, then prostrated himself on the ground before this Eucharistic miracle, as he prayed three times:\u00a0<\/p>\n<\/div>\n<div style=\"flex-wrap:wrap\" class=\"\">\n<p>\u201cMost Holy Trinity, Father, Son and Holy Spirit, I adore You profoundly. I offer You the most precious Body, Blood, Soul and Divinity of Jesus Christ, present in all the tabernacles of the world in reparation for the outrages, sacrileges, and indifference by which He is offended. And, through the infinite merits of the Sacred Heart of Jesus and the Immaculate Heart of Mary, I beg of You the conversion of sinners.\u201d<\/p>\n<\/div>\n<div style=\"flex-wrap:wrap\" class=\"\">\n<p>Thus, the Feast of Our Lady of Fatima is not only a day to renew our devotion to the Rosary, but also to renew our love for the Eucharist.<\/p>\n<\/div>\n<h2 class=\"Heading_heading__PlVsb\">Two feasts on same day<\/h2>\n<div style=\"flex-wrap:wrap\" class=\"\">\n<p>And get this: the feast of Our Lady of Fatima, May 13, is actually the same day as the Feast of Our Lady of the Blessed Sacrament! The Feast of Our Lady of the Blessed Sacrament is on May 13 because it is the day St. Peter Julian Eymard, that great saint of the Eucharist, founded the Congregation of the Most Blessed Sacrament and told his novices to pray: \u201cOur Lady of the Blessed Sacrament, pray for us who have recourse to thee.\u201d <\/p>\n<\/div>\n<div style=\"flex-wrap:wrap\" class=\"\">\n<p>Mary\u2019s womb was, after all, the tabernacle that held the Infant Christ. St. Pope Pius X said that Mary\u2019s title, \u201cOur Lady of the Blessed Sacrament\u201d is perhaps the most meaningful of all. St. Peter Julian Eymard once had a holy dream about the connection between Our Lady and the Eucharist. In this dream there was a naval battle against the church, which floated as a ship between two pillars which rose up and anchored the ship in safety. Those pillars were topped by a statue of Our Lady on one, and the Eucharist on the other.\u00a0<\/p>\n<\/div>\n<div style=\"flex-wrap:wrap\" class=\"\">\n<p>This May we should challenge ourself to pray more Rosaries and offer more Holy Hours before the Blessed Sacrament. <\/p>\n<\/div>\n<h2 class=\"Heading_heading__PlVsb\">A lesson from Poland<\/h2>\n<div style=\"flex-wrap:wrap\" class=\"\">\n<p>Here is a recommendation for a simple but profound way to inspire more devotion to Mary and to the Eucharist this month. This recommendation comes from a tradition related to another title of Mary: Our Lady of Cz\u0119stochowa.<\/p>\n<\/div>\n<div style=\"flex-wrap:wrap\" class=\"\">\n<p>Tradition tells us that St. Helena discovered this icon in the Holy Land in the fourth century.\u00a0 It was brought to Poland in the 15th century by St. Ladislaus. Legend holds the icon is painted by St. Luke on a board from the table used by the Holy Family in Nazareth. There have been many miracles associated with this image. Notably, this image of the Blessed Mother\u2019s face and neck bears scars and scratches from when the monastery that houses the icon was attacked. Every time the image of Our Lady is repaired \u2026 the scars reappear! Her beautiful eyes reflect deep sorrow and pain and upon looking at this image of Our Lady, it is like a call to offer consolation to her.\u00a0<\/p>\n<\/div>\n<div style=\"flex-wrap:wrap\" class=\"\">\n<p>There is a widespread tradition in Poland that is known as the \u201cCall of Jasna Gora,\u201d which consists of the faithful pausing at 9:00 p.m. to call out with love and devotion to Our Lady of Czestochowa by praying this simple prayer:<\/p>\n<\/div>\n<div style=\"flex-wrap:wrap\" class=\"\">\n<p>\u201cMary, Our Lady of Czestochowa, I am close to you. I remember you. I keep watch.\u201d<\/p>\n<\/div>\n<div style=\"flex-wrap:wrap\" class=\"\">\n<p>On one of his papal visits to Poland, Pope Saint John Paul II suggested that this prayer be part of the life of every family in that country. But we should <em>all<\/em> feel invited to join in this call. Here\u2019s a suggestion: set an alarm on your phone to ring at 9 pm and when it sounds, pray the Call of Jasna Gora. You can even adapt it to your favorite title of Mary. For example: \u201cMary, Our Lady of the Blessed Sacrament, I am close to you, I remember you. I keep watch.\u201d<\/p>\n<\/div>\n<div style=\"flex-wrap:wrap\" class=\"\">\n<p>Our Lord Himself exhorts us to \u201cwatch and pray so that you will not fall into temptation\u201d (Matthew 26:41). What a wonderful way to combine watchfulness and prayer, and to honor both Our Lady and Our Eucharistic Lord, who prizes both devotion to His Mother and the watchfulness of Holy Hours.<\/p>\n<\/div>\n<div style=\"flex-wrap:wrap\" class=\"\">\n<p>As a gift to Our Lady this May, why not pray a guided Holy Hour of prayers themed around consoling and lavishing Our Blessed Mother with love.\u00a0<a href=\"https:\/\/www.catholicholyhour.com\/first-thursday-club\/\">Sign up here<\/a>\u00a0to get a link to a free prayer guide honoring Our Lady and an option to join a free 33-Day Consecration to Our Lady.<\/p>\n<\/div>\n<p><!--$?--><template id=\"B:0\"\/><!--\/$--><!--$?--><template id=\"B:1\"\/><!--\/$--><\/div>\n<p><a href=\"https:\/\/aleteia.org\/2026\/05\/13\/today-links-mary-and-the-eucharist-with-one-devotion\/\">Source link <\/a><\/p>","protected":false},"excerpt":{"rendered":"<p>Because of St. Peter Julian Eymard, today is not only Our Lady of Fatima but also Our Lady of the Blessed Sacrament. Here&#8217;s why. May is the month of gardens filled with colorful flowers, lifting our spirits with the joy of spring\u2019s arrival. And as Catholics, we celebrate the whole month with Marian feasts. This [&hellip;]<\/p>\n","protected":false},"author":1,"featured_media":128519,"comment_status":"closed","ping_status":"","sticky":false,"template":"","format":"standard","meta":{"googlesitekit_rrm_CAow2JLhCw:productID":"","_gspb_post_css":"","maa_idioma":"","maa_pais":"","footnotes":""},"categories":[1],"tags":[35287,35286,13861,9489,5307],"class_list":["post-128518","post","type-post","status-publish","format-standard","has-post-thumbnail","hentry","category-ubirata","tag-devotion","tag-eucharist","tag-links","tag-mary","tag-today"],"blocksy_meta":[],"yoast_head":"<!-- This site is optimized with the Yoast SEO Premium plugin v27.6 (Yoast SEO v27.6) - https:\/\/yoast.com\/product\/yoast-seo-premium-wordpress\/ -->\n<title>Today links Mary and the Eucharist with one devotion - Ubirat\u00e3 Online Not\u00edcias - A realidade ao seu alcance!<\/title>\n<meta name=\"description\" content=\"Because of St. Peter Julian Eymard, today is not only Our Lady of Fatima but also Our Lady of the Blessed Sacrament. Here&#039;s why. May is the month of\" \/>\n<meta name=\"robots\" content=\"index, follow, max-snippet:-1, max-image-preview:large, max-video-preview:-1\" \/>\n<link rel=\"canonical\" href=\"https:\/\/ubirataonline.com.br\/en\/today-links-mary-and-the-eucharist-with-one-devotion\/\" \/>\n<meta property=\"og:locale\" content=\"en_US\" \/>\n<meta property=\"og:type\" content=\"article\" \/>\n<meta property=\"og:title\" content=\"Today links Mary and the Eucharist with one devotion\" \/>\n<meta property=\"og:description\" content=\"Because of St. Peter Julian Eymard, today is not only Our Lady of Fatima but also Our Lady of the Blessed Sacrament. Here&#039;s why. May is the month of\" \/>\n<meta property=\"og:url\" content=\"https:\/\/ubirataonline.com.br\/en\/today-links-mary-and-the-eucharist-with-one-devotion\/\" \/>\n<meta property=\"og:site_name\" content=\"Ubirat\u00e3 Online Not\u00edcias - A realidade ao seu alcance!\" \/>\n<meta property=\"article:publisher\" content=\"https:\/\/www.facebook.com\/portalubirataonline\" \/>\n<meta property=\"article:author\" content=\"https:\/\/www.facebook.com\/portalubirataonline\" \/>\n<meta property=\"article:published_time\" content=\"2026-05-13T10:53:10+00:00\" \/>\n<meta property=\"article:modified_time\" content=\"2026-05-13T10:53:14+00:00\" \/>\n<meta property=\"og:image\" content=\"https:\/\/ubirataonline.com.br\/wp-content\/uploads\/2026\/05\/Today-links-Mary-and-the-Eucharist-with-one-devotion.jpeg\" \/>\n\t<meta property=\"og:image:width\" content=\"1200\" \/>\n\t<meta property=\"og:image:height\" content=\"675\" \/>\n\t<meta property=\"og:image:type\" content=\"image\/jpeg\" \/>\n<meta name=\"author\" content=\"REDA\u00c7\u00c3O: UBIRAT\u00c3 ONLINE - F\u00c1BIO AUGUSTO CELESTINO\" \/>\n<meta name=\"twitter:card\" content=\"summary_large_image\" \/>\n<meta name=\"twitter:creator\" content=\"@x.com\/ubirataonline\" \/>\n<meta name=\"twitter:site\" content=\"@ubirataonline\" \/>\n<meta name=\"twitter:label1\" content=\"Written by\" \/>\n\t<meta name=\"twitter:data1\" content=\"REDA\u00c7\u00c3O: UBIRAT\u00c3 ONLINE - F\u00c1BIO AUGUSTO CELESTINO\" \/>\n\t<meta name=\"twitter:label2\" content=\"Est. reading time\" \/>\n\t<meta name=\"twitter:data2\" content=\"6 minutes\" \/>\n<script type=\"application\/ld+json\" class=\"yoast-schema-graph\">{\"@context\":\"https:\\\/\\\/schema.org\",\"@graph\":[{\"@type\":\"NewsArticle\",\"@id\":\"https:\\\/\\\/ubirataonline.com.br\\\/today-links-mary-and-the-eucharist-with-one-devotion\\\/#article\",\"isPartOf\":{\"@id\":\"https:\\\/\\\/ubirataonline.com.br\\\/today-links-mary-and-the-eucharist-with-one-devotion\\\/\"},\"author\":{\"name\":\"REDA\u00c7\u00c3O: UBIRAT\u00c3 ONLINE - F\u00c1BIO AUGUSTO CELESTINO\",\"@id\":\"https:\\\/\\\/ubirataonline.com.br\\\/#\\\/schema\\\/person\\\/372f87bbd3fdd79b8556b84c98d0bc1c\"},\"headline\":\"Today links Mary and the Eucharist with one devotion\",\"datePublished\":\"2026-05-13T10:53:10+00:00\",\"dateModified\":\"2026-05-13T10:53:14+00:00\",\"mainEntityOfPage\":{\"@id\":\"https:\\\/\\\/ubirataonline.com.br\\\/today-links-mary-and-the-eucharist-with-one-devotion\\\/\"},\"wordCount\":1198,\"publisher\":{\"@id\":\"https:\\\/\\\/ubirataonline.com.br\\\/#organization\"},\"image\":{\"@id\":\"https:\\\/\\\/ubirataonline.com.br\\\/today-links-mary-and-the-eucharist-with-one-devotion\\\/#primaryimage\"},\"thumbnailUrl\":\"https:\\\/\\\/ubirataonline.com.br\\\/wp-content\\\/uploads\\\/2026\\\/05\\\/Today-links-Mary-and-the-Eucharist-with-one-devotion.jpeg\",\"keywords\":[\"devotion\",\"Eucharist\",\"links\",\"Mary\",\"today\"],\"articleSection\":[\"Ubirat\u00e3\"],\"inLanguage\":\"en-US\",\"copyrightYear\":\"2026\",\"copyrightHolder\":{\"@id\":\"https:\\\/\\\/ubirataonline.com.br\\\/en\\\/#organization\"}},{\"@type\":\"WebPage\",\"@id\":\"https:\\\/\\\/ubirataonline.com.br\\\/today-links-mary-and-the-eucharist-with-one-devotion\\\/\",\"url\":\"https:\\\/\\\/ubirataonline.com.br\\\/today-links-mary-and-the-eucharist-with-one-devotion\\\/\",\"name\":\"Today links Mary and the Eucharist with one devotion - Ubirat\u00e3 Online Not\u00edcias - A realidade ao seu alcance!\",\"isPartOf\":{\"@id\":\"https:\\\/\\\/ubirataonline.com.br\\\/#website\"},\"primaryImageOfPage\":{\"@id\":\"https:\\\/\\\/ubirataonline.com.br\\\/today-links-mary-and-the-eucharist-with-one-devotion\\\/#primaryimage\"},\"image\":{\"@id\":\"https:\\\/\\\/ubirataonline.com.br\\\/today-links-mary-and-the-eucharist-with-one-devotion\\\/#primaryimage\"},\"thumbnailUrl\":\"https:\\\/\\\/ubirataonline.com.br\\\/wp-content\\\/uploads\\\/2026\\\/05\\\/Today-links-Mary-and-the-Eucharist-with-one-devotion.jpeg\",\"datePublished\":\"2026-05-13T10:53:10+00:00\",\"dateModified\":\"2026-05-13T10:53:14+00:00\",\"description\":\"Because of St. Peter Julian Eymard, today is not only Our Lady of Fatima but also Our Lady of the Blessed Sacrament. Here's why. May is the month of\",\"breadcrumb\":{\"@id\":\"https:\\\/\\\/ubirataonline.com.br\\\/today-links-mary-and-the-eucharist-with-one-devotion\\\/#breadcrumb\"},\"inLanguage\":\"en-US\",\"potentialAction\":[{\"@type\":\"ReadAction\",\"target\":[\"https:\\\/\\\/ubirataonline.com.br\\\/today-links-mary-and-the-eucharist-with-one-devotion\\\/\"]}]},{\"@type\":\"ImageObject\",\"inLanguage\":\"en-US\",\"@id\":\"https:\\\/\\\/ubirataonline.com.br\\\/today-links-mary-and-the-eucharist-with-one-devotion\\\/#primaryimage\",\"url\":\"https:\\\/\\\/ubirataonline.com.br\\\/wp-content\\\/uploads\\\/2026\\\/05\\\/Today-links-Mary-and-the-Eucharist-with-one-devotion.jpeg\",\"contentUrl\":\"https:\\\/\\\/ubirataonline.com.br\\\/wp-content\\\/uploads\\\/2026\\\/05\\\/Today-links-Mary-and-the-Eucharist-with-one-devotion.jpeg\",\"width\":1200,\"height\":675,\"caption\":\"Today links Mary and the Eucharist with one devotion\"},{\"@type\":\"BreadcrumbList\",\"@id\":\"https:\\\/\\\/ubirataonline.com.br\\\/today-links-mary-and-the-eucharist-with-one-devotion\\\/#breadcrumb\",\"itemListElement\":[{\"@type\":\"ListItem\",\"position\":1,\"name\":\"In\u00edcio\",\"item\":\"https:\\\/\\\/ubirataonline.com.br\\\/\"},{\"@type\":\"ListItem\",\"position\":2,\"name\":\"Today links Mary and the Eucharist with one devotion\"}]},{\"@type\":\"WebSite\",\"@id\":\"https:\\\/\\\/ubirataonline.com.br\\\/#website\",\"url\":\"https:\\\/\\\/ubirataonline.com.br\\\/\",\"name\":\"Ubirat\u00e3 Online Not\u00edcias\",\"description\":\"Not\u00edcias de Ubirat\u00e3, regi\u00e3o, Brasil e mundo, com informa\u00e7\u00e3o atualizada e compromisso com o leitor.\",\"publisher\":{\"@id\":\"https:\\\/\\\/ubirataonline.com.br\\\/#organization\"},\"alternateName\":\"Ubirat\u00e3 Online\",\"potentialAction\":[{\"@type\":\"SearchAction\",\"target\":{\"@type\":\"EntryPoint\",\"urlTemplate\":\"https:\\\/\\\/ubirataonline.com.br\\\/?s={search_term_string}\"},\"query-input\":{\"@type\":\"PropertyValueSpecification\",\"valueRequired\":true,\"valueName\":\"search_term_string\"}}],\"inLanguage\":\"en-US\"},{\"@type\":[\"Organization\",\"Place\"],\"@id\":\"https:\\\/\\\/ubirataonline.com.br\\\/#organization\",\"name\":\"Ubirat\u00e3 Online Not\u00edcias\",\"alternateName\":\"Ubirat\u00e3 Online\",\"url\":\"https:\\\/\\\/ubirataonline.com.br\\\/\",\"logo\":{\"@id\":\"https:\\\/\\\/ubirataonline.com.br\\\/today-links-mary-and-the-eucharist-with-one-devotion\\\/#local-main-organization-logo\"},\"image\":{\"@id\":\"https:\\\/\\\/ubirataonline.com.br\\\/today-links-mary-and-the-eucharist-with-one-devotion\\\/#local-main-organization-logo\"},\"sameAs\":[\"https:\\\/\\\/www.facebook.com\\\/portalubirataonline\",\"https:\\\/\\\/x.com\\\/ubirataonline\",\"https:\\\/\\\/mastodon.social\\\/@ubirataonline\",\"https:\\\/\\\/www.facebook.com\\\/groups\\\/311144672285604\",\"https:\\\/\\\/www.facebook.com\\\/UBTAOnline\",\"https:\\\/\\\/www.instagram.com\\\/portalubirataonline\\\/\",\"https:\\\/\\\/twitter.com\\\/ubirataonline\"],\"description\":\"Somos um portal de not\u00edcias independente, criado em 5 de janeiro de 2009, com o objetivo de informar, conectar e valorizar a nossa comunidade de Ubirat\u00e3 e toda aregi\u00e3o. Com conte\u00fado atualizado, confi\u00e1vel e relevante, o Ubirat\u00e3 Online \u00e9 o seu espa\u00e7o para ficar por dentro dos principais acontecimentos locais, regionais, Brasil, Mundo e de interesse geral. Nosso compromisso \u00e9 com a verdade, a transpar\u00eancia e o respeito ao leitor.\",\"legalName\":\"UBIRATA ONLINE NOT\u00cdCIAS\",\"foundingDate\":\"2009-01-05\",\"numberOfEmployees\":{\"@type\":\"QuantitativeValue\",\"minValue\":\"1\",\"maxValue\":\"10\"},\"publishingPrinciples\":\"https:\\\/\\\/ubirataonline.com.br\\\/faq\\\/\",\"address\":{\"@id\":\"https:\\\/\\\/ubirataonline.com.br\\\/today-links-mary-and-the-eucharist-with-one-devotion\\\/#local-main-place-address\"},\"geo\":{\"@type\":\"GeoCoordinates\",\"latitude\":\"-24.5361401\",\"longitude\":\"-52.9921776\"},\"telephone\":[\"+5544998308235\"],\"contactPoint\":{\"@type\":\"ContactPoint\",\"email\":\"contato@ubirataonline.com.br\"},\"openingHoursSpecification\":{\"@type\":\"OpeningHoursSpecification\",\"dayOfWeek\":[\"Monday\",\"Tuesday\",\"Wednesday\",\"Thursday\",\"Friday\",\"Saturday\",\"Sunday\"],\"opens\":\"00:00\",\"closes\":\"23:59\"},\"email\":\"contato@ubirataonline.com.br\",\"vatID\":\"47.621.418\\\/0001-80\"},{\"@type\":\"Person\",\"@id\":\"https:\\\/\\\/ubirataonline.com.br\\\/#\\\/schema\\\/person\\\/372f87bbd3fdd79b8556b84c98d0bc1c\",\"name\":\"REDA\u00c7\u00c3O: UBIRAT\u00c3 ONLINE - F\u00c1BIO AUGUSTO CELESTINO\",\"pronouns\":\"Ele\",\"description\":\"Desde 2003 trabalhando com not\u00edcias.\",\"sameAs\":[\"http:\\\/\\\/ubirataoline.com.br\",\"https:\\\/\\\/www.facebook.com\\\/portalubirataonline\",\"https:\\\/\\\/www.instagram.com\\\/ubirataonline_oficial\",\"https:\\\/\\\/x.com\\\/x.com\\\/ubirataonline\"],\"honorificPrefix\":\"Mr.\",\"honorificSuffix\":\"MD\",\"birthDate\":\"1980-06-16\",\"gender\":\"masculino\",\"award\":[\"V\u00e1rios pr\u00eamios de melhor portal da cidade\"],\"jobTitle\":\"Diretor\",\"url\":\"https:\\\/\\\/ubirataonline.com.br\\\/en\\\/author\\\/ubirataonline\\\/\"},{\"@type\":\"PostalAddress\",\"@id\":\"https:\\\/\\\/ubirataonline.com.br\\\/today-links-mary-and-the-eucharist-with-one-devotion\\\/#local-main-place-address\",\"streetAddress\":\"Rua dos Coqueiros, 104 - Bairro Boa Vista, Rua dos Coqueiros, 104 Bairro Boa Vista\",\"addressLocality\":\"UBIRATA\",\"postalCode\":\"85440-000\",\"addressRegion\":\"PR\",\"addressCountry\":\"BR\"},{\"@type\":\"ImageObject\",\"inLanguage\":\"en-US\",\"@id\":\"https:\\\/\\\/ubirataonline.com.br\\\/today-links-mary-and-the-eucharist-with-one-devotion\\\/#local-main-organization-logo\",\"url\":\"https:\\\/\\\/ubirataonline.com.br\\\/wp-content\\\/uploads\\\/2026\\\/06\\\/logoubirataonline-1.webp\",\"contentUrl\":\"https:\\\/\\\/ubirataonline.com.br\\\/wp-content\\\/uploads\\\/2026\\\/06\\\/logoubirataonline-1.webp\",\"width\":500,\"height\":500,\"caption\":\"Ubirat\u00e3 Online Not\u00edcias\"}]}<\/script>\n<meta name=\"geo.placename\" content=\"UBIRATA\" \/>\n<meta name=\"geo.position\" content=\"-24.5361401;-52.9921776\" \/>\n<meta name=\"geo.region\" content=\"Brazil\" \/>\n<!-- \/ Yoast SEO Premium plugin. -->","yoast_head_json":{"title":"Today links Mary and the Eucharist with one devotion - Ubirat\u00e3 Online Not\u00edcias - A realidade ao seu alcance!","description":"Because of St. Peter Julian Eymard, today is not only Our Lady of Fatima but also Our Lady of the Blessed Sacrament. Here's why. May is the month of","robots":{"index":"index","follow":"follow","max-snippet":"max-snippet:-1","max-image-preview":"max-image-preview:large","max-video-preview":"max-video-preview:-1"},"canonical":"https:\/\/ubirataonline.com.br\/en\/today-links-mary-and-the-eucharist-with-one-devotion\/","og_locale":"en_US","og_type":"article","og_title":"Today links Mary and the Eucharist with one devotion","og_description":"Because of St. Peter Julian Eymard, today is not only Our Lady of Fatima but also Our Lady of the Blessed Sacrament. Here's why. May is the month of","og_url":"https:\/\/ubirataonline.com.br\/en\/today-links-mary-and-the-eucharist-with-one-devotion\/","og_site_name":"Ubirat\u00e3 Online Not\u00edcias - A realidade ao seu alcance!","article_publisher":"https:\/\/www.facebook.com\/portalubirataonline","article_author":"https:\/\/www.facebook.com\/portalubirataonline","article_published_time":"2026-05-13T10:53:10+00:00","article_modified_time":"2026-05-13T10:53:14+00:00","og_image":[{"width":1200,"height":675,"url":"https:\/\/ubirataonline.com.br\/wp-content\/uploads\/2026\/05\/Today-links-Mary-and-the-Eucharist-with-one-devotion.jpeg","type":"image\/jpeg"}],"author":"REDA\u00c7\u00c3O: UBIRAT\u00c3 ONLINE - F\u00c1BIO AUGUSTO CELESTINO","twitter_card":"summary_large_image","twitter_creator":"@x.com\/ubirataonline","twitter_site":"@ubirataonline","twitter_misc":{"Written by":"REDA\u00c7\u00c3O: UBIRAT\u00c3 ONLINE - F\u00c1BIO AUGUSTO CELESTINO","Est. reading time":"6 minutes"},"schema":{"@context":"https:\/\/schema.org","@graph":[{"@type":"NewsArticle","@id":"https:\/\/ubirataonline.com.br\/today-links-mary-and-the-eucharist-with-one-devotion\/#article","isPartOf":{"@id":"https:\/\/ubirataonline.com.br\/today-links-mary-and-the-eucharist-with-one-devotion\/"},"author":{"name":"REDA\u00c7\u00c3O: UBIRAT\u00c3 ONLINE - F\u00c1BIO AUGUSTO CELESTINO","@id":"https:\/\/ubirataonline.com.br\/#\/schema\/person\/372f87bbd3fdd79b8556b84c98d0bc1c"},"headline":"Today links Mary and the Eucharist with one devotion","datePublished":"2026-05-13T10:53:10+00:00","dateModified":"2026-05-13T10:53:14+00:00","mainEntityOfPage":{"@id":"https:\/\/ubirataonline.com.br\/today-links-mary-and-the-eucharist-with-one-devotion\/"},"wordCount":1198,"publisher":{"@id":"https:\/\/ubirataonline.com.br\/#organization"},"image":{"@id":"https:\/\/ubirataonline.com.br\/today-links-mary-and-the-eucharist-with-one-devotion\/#primaryimage"},"thumbnailUrl":"https:\/\/ubirataonline.com.br\/wp-content\/uploads\/2026\/05\/Today-links-Mary-and-the-Eucharist-with-one-devotion.jpeg","keywords":["devotion","Eucharist","links","Mary","today"],"articleSection":["Ubirat\u00e3"],"inLanguage":"en-US","copyrightYear":"2026","copyrightHolder":{"@id":"https:\/\/ubirataonline.com.br\/en\/#organization"}},{"@type":"WebPage","@id":"https:\/\/ubirataonline.com.br\/today-links-mary-and-the-eucharist-with-one-devotion\/","url":"https:\/\/ubirataonline.com.br\/today-links-mary-and-the-eucharist-with-one-devotion\/","name":"Today links Mary and the Eucharist with one devotion - Ubirat\u00e3 Online Not\u00edcias - A realidade ao seu alcance!","isPartOf":{"@id":"https:\/\/ubirataonline.com.br\/#website"},"primaryImageOfPage":{"@id":"https:\/\/ubirataonline.com.br\/today-links-mary-and-the-eucharist-with-one-devotion\/#primaryimage"},"image":{"@id":"https:\/\/ubirataonline.com.br\/today-links-mary-and-the-eucharist-with-one-devotion\/#primaryimage"},"thumbnailUrl":"https:\/\/ubirataonline.com.br\/wp-content\/uploads\/2026\/05\/Today-links-Mary-and-the-Eucharist-with-one-devotion.jpeg","datePublished":"2026-05-13T10:53:10+00:00","dateModified":"2026-05-13T10:53:14+00:00","description":"Because of St. Peter Julian Eymard, today is not only Our Lady of Fatima but also Our Lady of the Blessed Sacrament. Here's why. May is the month of","breadcrumb":{"@id":"https:\/\/ubirataonline.com.br\/today-links-mary-and-the-eucharist-with-one-devotion\/#breadcrumb"},"inLanguage":"en-US","potentialAction":[{"@type":"ReadAction","target":["https:\/\/ubirataonline.com.br\/today-links-mary-and-the-eucharist-with-one-devotion\/"]}]},{"@type":"ImageObject","inLanguage":"en-US","@id":"https:\/\/ubirataonline.com.br\/today-links-mary-and-the-eucharist-with-one-devotion\/#primaryimage","url":"https:\/\/ubirataonline.com.br\/wp-content\/uploads\/2026\/05\/Today-links-Mary-and-the-Eucharist-with-one-devotion.jpeg","contentUrl":"https:\/\/ubirataonline.com.br\/wp-content\/uploads\/2026\/05\/Today-links-Mary-and-the-Eucharist-with-one-devotion.jpeg","width":1200,"height":675,"caption":"Today links Mary and the Eucharist with one devotion"},{"@type":"BreadcrumbList","@id":"https:\/\/ubirataonline.com.br\/today-links-mary-and-the-eucharist-with-one-devotion\/#breadcrumb","itemListElement":[{"@type":"ListItem","position":1,"name":"In\u00edcio","item":"https:\/\/ubirataonline.com.br\/"},{"@type":"ListItem","position":2,"name":"Today links Mary and the Eucharist with one devotion"}]},{"@type":"WebSite","@id":"https:\/\/ubirataonline.com.br\/#website","url":"https:\/\/ubirataonline.com.br\/","name":"Ubirat\u00e3 Online Not\u00edcias","description":"Not\u00edcias de Ubirat\u00e3, regi\u00e3o, Brasil e mundo, com informa\u00e7\u00e3o atualizada e compromisso com o leitor.","publisher":{"@id":"https:\/\/ubirataonline.com.br\/#organization"},"alternateName":"Ubirat\u00e3 Online","potentialAction":[{"@type":"SearchAction","target":{"@type":"EntryPoint","urlTemplate":"https:\/\/ubirataonline.com.br\/?s={search_term_string}"},"query-input":{"@type":"PropertyValueSpecification","valueRequired":true,"valueName":"search_term_string"}}],"inLanguage":"en-US"},{"@type":["Organization","Place"],"@id":"https:\/\/ubirataonline.com.br\/#organization","name":"Ubirat\u00e3 Online Not\u00edcias","alternateName":"Ubirat\u00e3 Online","url":"https:\/\/ubirataonline.com.br\/","logo":{"@id":"https:\/\/ubirataonline.com.br\/today-links-mary-and-the-eucharist-with-one-devotion\/#local-main-organization-logo"},"image":{"@id":"https:\/\/ubirataonline.com.br\/today-links-mary-and-the-eucharist-with-one-devotion\/#local-main-organization-logo"},"sameAs":["https:\/\/www.facebook.com\/portalubirataonline","https:\/\/x.com\/ubirataonline","https:\/\/mastodon.social\/@ubirataonline","https:\/\/www.facebook.com\/groups\/311144672285604","https:\/\/www.facebook.com\/UBTAOnline","https:\/\/www.instagram.com\/portalubirataonline\/","https:\/\/twitter.com\/ubirataonline"],"description":"Somos um portal de not\u00edcias independente, criado em 5 de janeiro de 2009, com o objetivo de informar, conectar e valorizar a nossa comunidade de Ubirat\u00e3 e toda aregi\u00e3o. Com conte\u00fado atualizado, confi\u00e1vel e relevante, o Ubirat\u00e3 Online \u00e9 o seu espa\u00e7o para ficar por dentro dos principais acontecimentos locais, regionais, Brasil, Mundo e de interesse geral. Nosso compromisso \u00e9 com a verdade, a transpar\u00eancia e o respeito ao leitor.","legalName":"UBIRATA ONLINE NOT\u00cdCIAS","foundingDate":"2009-01-05","numberOfEmployees":{"@type":"QuantitativeValue","minValue":"1","maxValue":"10"},"publishingPrinciples":"https:\/\/ubirataonline.com.br\/faq\/","address":{"@id":"https:\/\/ubirataonline.com.br\/today-links-mary-and-the-eucharist-with-one-devotion\/#local-main-place-address"},"geo":{"@type":"GeoCoordinates","latitude":"-24.5361401","longitude":"-52.9921776"},"telephone":["+5544998308235"],"contactPoint":{"@type":"ContactPoint","email":"contato@ubirataonline.com.br"},"openingHoursSpecification":{"@type":"OpeningHoursSpecification","dayOfWeek":["Monday","Tuesday","Wednesday","Thursday","Friday","Saturday","Sunday"],"opens":"00:00","closes":"23:59"},"email":"contato@ubirataonline.com.br","vatID":"47.621.418\/0001-80"},{"@type":"Person","@id":"https:\/\/ubirataonline.com.br\/#\/schema\/person\/372f87bbd3fdd79b8556b84c98d0bc1c","name":"REDA\u00c7\u00c3O: UBIRAT\u00c3 ONLINE - F\u00c1BIO AUGUSTO CELESTINO","pronouns":"Ele","description":"Desde 2003 trabalhando com not\u00edcias.","sameAs":["http:\/\/ubirataoline.com.br","https:\/\/www.facebook.com\/portalubirataonline","https:\/\/www.instagram.com\/ubirataonline_oficial","https:\/\/x.com\/x.com\/ubirataonline"],"honorificPrefix":"Mr.","honorificSuffix":"MD","birthDate":"1980-06-16","gender":"masculino","award":["V\u00e1rios pr\u00eamios de melhor portal da cidade"],"jobTitle":"Diretor","url":"https:\/\/ubirataonline.com.br\/en\/author\/ubirataonline\/"},{"@type":"PostalAddress","@id":"https:\/\/ubirataonline.com.br\/today-links-mary-and-the-eucharist-with-one-devotion\/#local-main-place-address","streetAddress":"Rua dos Coqueiros, 104 - Bairro Boa Vista, Rua dos Coqueiros, 104 Bairro Boa Vista","addressLocality":"UBIRATA","postalCode":"85440-000","addressRegion":"PR","addressCountry":"BR"},{"@type":"ImageObject","inLanguage":"en-US","@id":"https:\/\/ubirataonline.com.br\/today-links-mary-and-the-eucharist-with-one-devotion\/#local-main-organization-logo","url":"https:\/\/ubirataonline.com.br\/wp-content\/uploads\/2026\/06\/logoubirataonline-1.webp","contentUrl":"https:\/\/ubirataonline.com.br\/wp-content\/uploads\/2026\/06\/logoubirataonline-1.webp","width":500,"height":500,"caption":"Ubirat\u00e3 Online Not\u00edcias"}]},"geo.placename":"UBIRATA","geo.position":{"lat":"-24.5361401","long":"-52.9921776"},"geo.region":"Brazil"},"_links":{"self":[{"href":"https:\/\/ubirataonline.com.br\/en\/wp-json\/wp\/v2\/posts\/128518","targetHints":{"allow":["GET"]}}],"collection":[{"href":"https:\/\/ubirataonline.com.br\/en\/wp-json\/wp\/v2\/posts"}],"about":[{"href":"https:\/\/ubirataonline.com.br\/en\/wp-json\/wp\/v2\/types\/post"}],"author":[{"embeddable":true,"href":"https:\/\/ubirataonline.com.br\/en\/wp-json\/wp\/v2\/users\/1"}],"replies":[{"embeddable":true,"href":"https:\/\/ubirataonline.com.br\/en\/wp-json\/wp\/v2\/comments?post=128518"}],"version-history":[{"count":0,"href":"https:\/\/ubirataonline.com.br\/en\/wp-json\/wp\/v2\/posts\/128518\/revisions"}],"wp:featuredmedia":[{"embeddable":true,"href":"https:\/\/ubirataonline.com.br\/en\/wp-json\/wp\/v2\/media\/128519"}],"wp:attachment":[{"href":"https:\/\/ubirataonline.com.br\/en\/wp-json\/wp\/v2\/media?parent=128518"}],"wp:term":[{"taxonomy":"category","embeddable":true,"href":"https:\/\/ubirataonline.com.br\/en\/wp-json\/wp\/v2\/categories?post=128518"},{"taxonomy":"post_tag","embeddable":true,"href":"https:\/\/ubirataonline.com.br\/en\/wp-json\/wp\/v2\/tags?post=128518"}],"curies":[{"name":"wp","href":"https:\/\/api.w.org\/{rel}","templated":true}]}}