{"id":128552,"date":"2026-05-13T08:44:09","date_gmt":"2026-05-13T11:44:09","guid":{"rendered":"https:\/\/ubirataonline.com.br\/lil-tjay-reflects-on-waking-from-coma-following-2022-shooting\/"},"modified":"2026-05-13T08:44:14","modified_gmt":"2026-05-13T11:44:14","slug":"lil-tjay-reflects-on-waking-from-coma-following-2022-shooting","status":"publish","type":"post","link":"https:\/\/ubirataonline.com.br\/en\/lil-tjay-reflects-on-waking-from-coma-following-2022-shooting\/","title":{"rendered":"Lil Tjay Reflects on Waking From Coma Following 2022 Shooting"},"content":{"rendered":"<p><br \/>\n<\/p>\n<div>\n<div class=\"flex flex-col gap-6 md:gap-8\">\n<p class=\"w-full font-normal font-inter text-[16px] leading-[1.75] text-black break-words antialiased\"><a class=\"font-normal text-[#007daf] transition-none hover:underline hover:text-black\" href=\"https:\/\/www.complex.com\/tag\/lil-tjay\" target=\"_self\" rel=\"\">Lil Tjay<\/a> is opening up about one of the most traumatic moments of his life, recalling what it felt like waking up from a coma after surviving <a class=\"font-normal text-[#007daf] transition-none hover:underline hover:text-black\" href=\"https:\/\/www.complex.com\/music\/a\/tracewilliamcowen\/lil-tjay-shot-in-new-jersey-emergency-surgery\" target=\"_self\" rel=\"\">a near-fatal shooting in 2022<\/a>.<\/p>\n<p class=\"w-full font-normal font-inter text-[16px] leading-[1.75] text-black break-words antialiased\">During a recent appearance on <em class=\"italic\">Mornings With Mero<\/em> on Hot 97, the Bronx rapper described the confusion and shock he experienced when he first regained consciousness in the hospital following the incident.<\/p>\n<p class=\"w-full font-normal font-inter text-[16px] leading-[1.75] text-black break-words antialiased\">&#8220;I just remember waking up,&#8221; Tjay said. &#8220;It was a doctor or nurse named Lauren. She walked in and was like, &#8216;Oh, he&#8217;s up.'&#8221;<\/p>\n<p class=\"w-full font-normal font-inter text-[16px] leading-[1.75] text-black break-words antialiased\">The rapper explained that the moment felt surreal and unlike anything he expected.<\/p>\n<p class=\"w-full font-normal font-inter text-[16px] leading-[1.75] text-black break-words antialiased\">&#8220;She told me, &#8216;You didn&#8217;t look so good last week,'&#8221; he continued. &#8220;And I&#8217;m like, &#8216;Last week?'&#8221;<\/p>\n<\/div>\n<div class=\"flex flex-col gap-6 md:gap-8\">\n<p class=\"w-full font-normal font-inter text-[16px] leading-[1.75] text-black break-words antialiased\">Tjay said he had no idea how much time had passed or even what had happened to him.<\/p>\n<p class=\"w-full font-normal font-inter text-[16px] leading-[1.75] text-black break-words antialiased\">&#8220;It didn&#8217;t feel like nothing,&#8221; he said. &#8220;I didn&#8217;t even know what happened. I didn&#8217;t even know where I was at.&#8221;<\/p>\n<\/div>\n<div class=\"flex flex-col gap-6 md:gap-8\">\n<p class=\"w-full font-normal font-inter text-[16px] leading-[1.75] text-black break-words antialiased\">The rapper was shot multiple times during a 2022 incident in Edgewater, New Jersey, and underwent emergency surgery afterward. At the time, news surrounding his condition sparked widespread concern across hip-hop, with many artists and fans rallying around him during recovery.<\/p>\n<p class=\"w-full font-normal font-inter text-[16px] leading-[1.75] text-black break-words antialiased\">Looking back now, Tjay said the experience dramatically changed his perspective on life and forced him to confront his own vulnerability for the first time.<\/p>\n<p class=\"w-full font-normal font-inter text-[16px] leading-[1.75] text-black break-words antialiased\">&#8220;I never thought I&#8217;d get shot,&#8221; he admitted while discussing the outro track &#8220;Do What I Can&#8221; from his latest album, <em class=\"italic\">They Just Ain&#8217;t You<\/em>. &#8220;I just thought I could do whatever I want.&#8221;<\/p>\n<\/div>\n<div class=\"flex flex-col gap-6 md:gap-8\">\n<p class=\"w-full font-normal font-inter text-[16px] leading-[1.75] text-black break-words antialiased\">The near-death experience, he explained, shattered the sense of invincibility he once carried.<\/p>\n<p class=\"w-full font-normal font-inter text-[16px] leading-[1.75] text-black break-words antialiased\">&#8220;The fact that I took any type of L or anything even happened to me that I didn&#8217;t plan, I was just like, &#8216;Oh shit, I could be just like anybody else,'&#8221; he said.<\/p>\n<p class=\"w-full font-normal font-inter text-[16px] leading-[1.75] text-black break-words antialiased\">Tjay added that the shooting and recovery process made him more intentional moving forward, both personally and musically.<\/p>\n<\/div>\n<\/div>\n<p><br \/>\n<br \/><a href=\"https:\/\/www.complex.com\/music\/a\/markelibert\/lil-tjay-wakes-from-coma\">Source link <\/a><\/p>\n","protected":false},"excerpt":{"rendered":"<p>Lil Tjay is opening up about one of the most traumatic moments of his life, recalling what it felt like waking up from a coma after surviving a near-fatal shooting in 2022. During a recent appearance on Mornings With Mero on Hot 97, the Bronx rapper described the confusion and shock he experienced when he [&hellip;]<\/p>\n","protected":false},"author":1,"featured_media":128553,"comment_status":"closed","ping_status":"","sticky":false,"template":"","format":"standard","meta":{"googlesitekit_rrm_CAow2JLhCw:productID":"","_gspb_post_css":"","maa_idioma":"","maa_pais":"","footnotes":""},"categories":[1],"tags":[29037,12817,6478,4352,35297,35298],"class_list":["post-128552","post","type-post","status-publish","format-standard","has-post-thumbnail","hentry","category-ubirata","tag-coma","tag-lil","tag-reflects","tag-shooting","tag-tjay","tag-waking"],"blocksy_meta":[],"yoast_head":"<!-- This site is optimized with the Yoast SEO Premium plugin v27.6 (Yoast SEO v27.6) - https:\/\/yoast.com\/product\/yoast-seo-premium-wordpress\/ -->\n<title>Lil Tjay Reflects on Waking From Coma Following 2022 Shooting - Ubirat\u00e3 Online Not\u00edcias - A realidade ao seu alcance!<\/title>\n<meta name=\"description\" content=\"Lil Tjay is opening up about one of the most traumatic moments of his life, recalling what it felt like waking up from a coma after surviving a near-fatal\" \/>\n<meta name=\"robots\" content=\"index, follow, max-snippet:-1, max-image-preview:large, max-video-preview:-1\" \/>\n<link rel=\"canonical\" href=\"https:\/\/ubirataonline.com.br\/en\/lil-tjay-reflects-on-waking-from-coma-following-2022-shooting\/\" \/>\n<meta property=\"og:locale\" content=\"en_US\" \/>\n<meta property=\"og:type\" content=\"article\" \/>\n<meta property=\"og:title\" content=\"Lil Tjay Reflects on Waking From Coma Following 2022 Shooting\" \/>\n<meta property=\"og:description\" content=\"Lil Tjay is opening up about one of the most traumatic moments of his life, recalling what it felt like waking up from a coma after surviving a near-fatal\" \/>\n<meta property=\"og:url\" content=\"https:\/\/ubirataonline.com.br\/en\/lil-tjay-reflects-on-waking-from-coma-following-2022-shooting\/\" \/>\n<meta property=\"og:site_name\" content=\"Ubirat\u00e3 Online Not\u00edcias - A realidade ao seu alcance!\" \/>\n<meta property=\"article:publisher\" content=\"https:\/\/www.facebook.com\/portalubirataonline\" \/>\n<meta property=\"article:author\" content=\"https:\/\/www.facebook.com\/portalubirataonline\" \/>\n<meta property=\"article:published_time\" content=\"2026-05-13T11:44:09+00:00\" \/>\n<meta property=\"article:modified_time\" content=\"2026-05-13T11:44:14+00:00\" \/>\n<meta property=\"og:image\" content=\"https:\/\/ubirataonline.com.br\/wp-content\/uploads\/2026\/05\/Lil-Tjay-Reflects-on-Waking-From-Coma-Following-2022-Shooting-768x432.png\" \/>\n\t<meta property=\"og:image:width\" content=\"768\" \/>\n\t<meta property=\"og:image:height\" content=\"432\" \/>\n\t<meta property=\"og:image:type\" content=\"image\/png\" \/>\n<meta name=\"author\" content=\"REDA\u00c7\u00c3O: UBIRAT\u00c3 ONLINE - F\u00c1BIO AUGUSTO CELESTINO\" \/>\n<meta name=\"twitter:card\" content=\"summary_large_image\" \/>\n<meta name=\"twitter:creator\" content=\"@x.com\/ubirataonline\" \/>\n<meta name=\"twitter:site\" content=\"@ubirataonline\" \/>\n<meta name=\"twitter:label1\" content=\"Written by\" \/>\n\t<meta name=\"twitter:data1\" content=\"REDA\u00c7\u00c3O: UBIRAT\u00c3 ONLINE - F\u00c1BIO AUGUSTO CELESTINO\" \/>\n\t<meta name=\"twitter:label2\" content=\"Est. reading time\" \/>\n\t<meta name=\"twitter:data2\" content=\"2 minutes\" \/>\n<script type=\"application\/ld+json\" class=\"yoast-schema-graph\">{\"@context\":\"https:\\\/\\\/schema.org\",\"@graph\":[{\"@type\":\"NewsArticle\",\"@id\":\"https:\\\/\\\/ubirataonline.com.br\\\/lil-tjay-reflects-on-waking-from-coma-following-2022-shooting\\\/#article\",\"isPartOf\":{\"@id\":\"https:\\\/\\\/ubirataonline.com.br\\\/lil-tjay-reflects-on-waking-from-coma-following-2022-shooting\\\/\"},\"author\":{\"name\":\"REDA\u00c7\u00c3O: UBIRAT\u00c3 ONLINE - F\u00c1BIO AUGUSTO CELESTINO\",\"@id\":\"https:\\\/\\\/ubirataonline.com.br\\\/#\\\/schema\\\/person\\\/372f87bbd3fdd79b8556b84c98d0bc1c\"},\"headline\":\"Lil Tjay Reflects on Waking From Coma Following 2022 Shooting\",\"datePublished\":\"2026-05-13T11:44:09+00:00\",\"dateModified\":\"2026-05-13T11:44:14+00:00\",\"mainEntityOfPage\":{\"@id\":\"https:\\\/\\\/ubirataonline.com.br\\\/lil-tjay-reflects-on-waking-from-coma-following-2022-shooting\\\/\"},\"wordCount\":341,\"publisher\":{\"@id\":\"https:\\\/\\\/ubirataonline.com.br\\\/#organization\"},\"image\":{\"@id\":\"https:\\\/\\\/ubirataonline.com.br\\\/lil-tjay-reflects-on-waking-from-coma-following-2022-shooting\\\/#primaryimage\"},\"thumbnailUrl\":\"https:\\\/\\\/ubirataonline.com.br\\\/wp-content\\\/uploads\\\/2026\\\/05\\\/Lil-Tjay-Reflects-on-Waking-From-Coma-Following-2022-Shooting.png\",\"keywords\":[\"coma\",\"Lil\",\"reflects\",\"shooting\",\"Tjay\",\"Waking\"],\"articleSection\":[\"Ubirat\u00e3\"],\"inLanguage\":\"en-US\",\"copyrightYear\":\"2026\",\"copyrightHolder\":{\"@id\":\"https:\\\/\\\/ubirataonline.com.br\\\/en\\\/#organization\"}},{\"@type\":\"WebPage\",\"@id\":\"https:\\\/\\\/ubirataonline.com.br\\\/lil-tjay-reflects-on-waking-from-coma-following-2022-shooting\\\/\",\"url\":\"https:\\\/\\\/ubirataonline.com.br\\\/lil-tjay-reflects-on-waking-from-coma-following-2022-shooting\\\/\",\"name\":\"Lil Tjay Reflects on Waking From Coma Following 2022 Shooting - Ubirat\u00e3 Online Not\u00edcias - A realidade ao seu alcance!\",\"isPartOf\":{\"@id\":\"https:\\\/\\\/ubirataonline.com.br\\\/#website\"},\"primaryImageOfPage\":{\"@id\":\"https:\\\/\\\/ubirataonline.com.br\\\/lil-tjay-reflects-on-waking-from-coma-following-2022-shooting\\\/#primaryimage\"},\"image\":{\"@id\":\"https:\\\/\\\/ubirataonline.com.br\\\/lil-tjay-reflects-on-waking-from-coma-following-2022-shooting\\\/#primaryimage\"},\"thumbnailUrl\":\"https:\\\/\\\/ubirataonline.com.br\\\/wp-content\\\/uploads\\\/2026\\\/05\\\/Lil-Tjay-Reflects-on-Waking-From-Coma-Following-2022-Shooting.png\",\"datePublished\":\"2026-05-13T11:44:09+00:00\",\"dateModified\":\"2026-05-13T11:44:14+00:00\",\"description\":\"Lil Tjay is opening up about one of the most traumatic moments of his life, recalling what it felt like waking up from a coma after surviving a near-fatal\",\"breadcrumb\":{\"@id\":\"https:\\\/\\\/ubirataonline.com.br\\\/lil-tjay-reflects-on-waking-from-coma-following-2022-shooting\\\/#breadcrumb\"},\"inLanguage\":\"en-US\",\"potentialAction\":[{\"@type\":\"ReadAction\",\"target\":[\"https:\\\/\\\/ubirataonline.com.br\\\/lil-tjay-reflects-on-waking-from-coma-following-2022-shooting\\\/\"]}]},{\"@type\":\"ImageObject\",\"inLanguage\":\"en-US\",\"@id\":\"https:\\\/\\\/ubirataonline.com.br\\\/lil-tjay-reflects-on-waking-from-coma-following-2022-shooting\\\/#primaryimage\",\"url\":\"https:\\\/\\\/ubirataonline.com.br\\\/wp-content\\\/uploads\\\/2026\\\/05\\\/Lil-Tjay-Reflects-on-Waking-From-Coma-Following-2022-Shooting.png\",\"contentUrl\":\"https:\\\/\\\/ubirataonline.com.br\\\/wp-content\\\/uploads\\\/2026\\\/05\\\/Lil-Tjay-Reflects-on-Waking-From-Coma-Following-2022-Shooting.png\",\"width\":1920,\"height\":1080,\"caption\":\"(Photo by Venla Shalin\\\/Redferns)\"},{\"@type\":\"BreadcrumbList\",\"@id\":\"https:\\\/\\\/ubirataonline.com.br\\\/lil-tjay-reflects-on-waking-from-coma-following-2022-shooting\\\/#breadcrumb\",\"itemListElement\":[{\"@type\":\"ListItem\",\"position\":1,\"name\":\"In\u00edcio\",\"item\":\"https:\\\/\\\/ubirataonline.com.br\\\/\"},{\"@type\":\"ListItem\",\"position\":2,\"name\":\"Lil Tjay Reflects on Waking From Coma Following 2022 Shooting\"}]},{\"@type\":\"WebSite\",\"@id\":\"https:\\\/\\\/ubirataonline.com.br\\\/#website\",\"url\":\"https:\\\/\\\/ubirataonline.com.br\\\/\",\"name\":\"Ubirat\u00e3 Online Not\u00edcias\",\"description\":\"Not\u00edcias de Ubirat\u00e3, regi\u00e3o, Brasil e mundo, com informa\u00e7\u00e3o atualizada e compromisso com o leitor.\",\"publisher\":{\"@id\":\"https:\\\/\\\/ubirataonline.com.br\\\/#organization\"},\"alternateName\":\"Ubirat\u00e3 Online\",\"potentialAction\":[{\"@type\":\"SearchAction\",\"target\":{\"@type\":\"EntryPoint\",\"urlTemplate\":\"https:\\\/\\\/ubirataonline.com.br\\\/?s={search_term_string}\"},\"query-input\":{\"@type\":\"PropertyValueSpecification\",\"valueRequired\":true,\"valueName\":\"search_term_string\"}}],\"inLanguage\":\"en-US\"},{\"@type\":[\"Organization\",\"Place\"],\"@id\":\"https:\\\/\\\/ubirataonline.com.br\\\/#organization\",\"name\":\"Ubirat\u00e3 Online Not\u00edcias\",\"alternateName\":\"Ubirat\u00e3 Online\",\"url\":\"https:\\\/\\\/ubirataonline.com.br\\\/\",\"logo\":{\"@id\":\"https:\\\/\\\/ubirataonline.com.br\\\/lil-tjay-reflects-on-waking-from-coma-following-2022-shooting\\\/#local-main-organization-logo\"},\"image\":{\"@id\":\"https:\\\/\\\/ubirataonline.com.br\\\/lil-tjay-reflects-on-waking-from-coma-following-2022-shooting\\\/#local-main-organization-logo\"},\"sameAs\":[\"https:\\\/\\\/www.facebook.com\\\/portalubirataonline\",\"https:\\\/\\\/x.com\\\/ubirataonline\",\"https:\\\/\\\/mastodon.social\\\/@ubirataonline\",\"https:\\\/\\\/www.facebook.com\\\/groups\\\/311144672285604\",\"https:\\\/\\\/www.facebook.com\\\/UBTAOnline\",\"https:\\\/\\\/www.instagram.com\\\/portalubirataonline\\\/\",\"https:\\\/\\\/twitter.com\\\/ubirataonline\"],\"description\":\"Somos um portal de not\u00edcias independente, criado em 5 de janeiro de 2009, com o objetivo de informar, conectar e valorizar a nossa comunidade de Ubirat\u00e3 e toda aregi\u00e3o. Com conte\u00fado atualizado, confi\u00e1vel e relevante, o Ubirat\u00e3 Online \u00e9 o seu espa\u00e7o para ficar por dentro dos principais acontecimentos locais, regionais, Brasil, Mundo e de interesse geral. Nosso compromisso \u00e9 com a verdade, a transpar\u00eancia e o respeito ao leitor.\",\"legalName\":\"UBIRATA ONLINE NOT\u00cdCIAS\",\"foundingDate\":\"2009-01-05\",\"numberOfEmployees\":{\"@type\":\"QuantitativeValue\",\"minValue\":\"1\",\"maxValue\":\"10\"},\"publishingPrinciples\":\"https:\\\/\\\/ubirataonline.com.br\\\/faq\\\/\",\"address\":{\"@id\":\"https:\\\/\\\/ubirataonline.com.br\\\/lil-tjay-reflects-on-waking-from-coma-following-2022-shooting\\\/#local-main-place-address\"},\"geo\":{\"@type\":\"GeoCoordinates\",\"latitude\":\"-24.5361401\",\"longitude\":\"-52.9921776\"},\"telephone\":[\"+5544998308235\"],\"contactPoint\":{\"@type\":\"ContactPoint\",\"email\":\"contato@ubirataonline.com.br\"},\"openingHoursSpecification\":{\"@type\":\"OpeningHoursSpecification\",\"dayOfWeek\":[\"Monday\",\"Tuesday\",\"Wednesday\",\"Thursday\",\"Friday\",\"Saturday\",\"Sunday\"],\"opens\":\"00:00\",\"closes\":\"23:59\"},\"email\":\"contato@ubirataonline.com.br\",\"vatID\":\"47.621.418\\\/0001-80\"},{\"@type\":\"Person\",\"@id\":\"https:\\\/\\\/ubirataonline.com.br\\\/#\\\/schema\\\/person\\\/372f87bbd3fdd79b8556b84c98d0bc1c\",\"name\":\"REDA\u00c7\u00c3O: UBIRAT\u00c3 ONLINE - F\u00c1BIO AUGUSTO CELESTINO\",\"pronouns\":\"Ele\",\"description\":\"Desde 2003 trabalhando com not\u00edcias.\",\"sameAs\":[\"http:\\\/\\\/ubirataoline.com.br\",\"https:\\\/\\\/www.facebook.com\\\/portalubirataonline\",\"https:\\\/\\\/www.instagram.com\\\/ubirataonline_oficial\",\"https:\\\/\\\/x.com\\\/x.com\\\/ubirataonline\"],\"honorificPrefix\":\"Mr.\",\"honorificSuffix\":\"MD\",\"birthDate\":\"1980-06-16\",\"gender\":\"masculino\",\"award\":[\"V\u00e1rios pr\u00eamios de melhor portal da cidade\"],\"jobTitle\":\"Diretor\",\"url\":\"https:\\\/\\\/ubirataonline.com.br\\\/en\\\/author\\\/ubirataonline\\\/\"},{\"@type\":\"PostalAddress\",\"@id\":\"https:\\\/\\\/ubirataonline.com.br\\\/lil-tjay-reflects-on-waking-from-coma-following-2022-shooting\\\/#local-main-place-address\",\"streetAddress\":\"Rua dos Coqueiros, 104 - Bairro Boa Vista, Rua dos Coqueiros, 104 Bairro Boa Vista\",\"addressLocality\":\"UBIRATA\",\"postalCode\":\"85440-000\",\"addressRegion\":\"PR\",\"addressCountry\":\"BR\"},{\"@type\":\"ImageObject\",\"inLanguage\":\"en-US\",\"@id\":\"https:\\\/\\\/ubirataonline.com.br\\\/lil-tjay-reflects-on-waking-from-coma-following-2022-shooting\\\/#local-main-organization-logo\",\"url\":\"https:\\\/\\\/ubirataonline.com.br\\\/wp-content\\\/uploads\\\/2026\\\/06\\\/logoubirataonline-1.webp\",\"contentUrl\":\"https:\\\/\\\/ubirataonline.com.br\\\/wp-content\\\/uploads\\\/2026\\\/06\\\/logoubirataonline-1.webp\",\"width\":500,\"height\":500,\"caption\":\"Ubirat\u00e3 Online Not\u00edcias\"}]}<\/script>\n<meta name=\"geo.placename\" content=\"UBIRATA\" \/>\n<meta name=\"geo.position\" content=\"-24.5361401;-52.9921776\" \/>\n<meta name=\"geo.region\" content=\"Brazil\" \/>\n<!-- \/ Yoast SEO Premium plugin. -->","yoast_head_json":{"title":"Lil Tjay Reflects on Waking From Coma Following 2022 Shooting - Ubirat\u00e3 Online Not\u00edcias - A realidade ao seu alcance!","description":"Lil Tjay is opening up about one of the most traumatic moments of his life, recalling what it felt like waking up from a coma after surviving a near-fatal","robots":{"index":"index","follow":"follow","max-snippet":"max-snippet:-1","max-image-preview":"max-image-preview:large","max-video-preview":"max-video-preview:-1"},"canonical":"https:\/\/ubirataonline.com.br\/en\/lil-tjay-reflects-on-waking-from-coma-following-2022-shooting\/","og_locale":"en_US","og_type":"article","og_title":"Lil Tjay Reflects on Waking From Coma Following 2022 Shooting","og_description":"Lil Tjay is opening up about one of the most traumatic moments of his life, recalling what it felt like waking up from a coma after surviving a near-fatal","og_url":"https:\/\/ubirataonline.com.br\/en\/lil-tjay-reflects-on-waking-from-coma-following-2022-shooting\/","og_site_name":"Ubirat\u00e3 Online Not\u00edcias - A realidade ao seu alcance!","article_publisher":"https:\/\/www.facebook.com\/portalubirataonline","article_author":"https:\/\/www.facebook.com\/portalubirataonline","article_published_time":"2026-05-13T11:44:09+00:00","article_modified_time":"2026-05-13T11:44:14+00:00","og_image":[{"width":768,"height":432,"url":"https:\/\/ubirataonline.com.br\/wp-content\/uploads\/2026\/05\/Lil-Tjay-Reflects-on-Waking-From-Coma-Following-2022-Shooting-768x432.png","type":"image\/png"}],"author":"REDA\u00c7\u00c3O: UBIRAT\u00c3 ONLINE - F\u00c1BIO AUGUSTO CELESTINO","twitter_card":"summary_large_image","twitter_creator":"@x.com\/ubirataonline","twitter_site":"@ubirataonline","twitter_misc":{"Written by":"REDA\u00c7\u00c3O: UBIRAT\u00c3 ONLINE - F\u00c1BIO AUGUSTO CELESTINO","Est. reading time":"2 minutes"},"schema":{"@context":"https:\/\/schema.org","@graph":[{"@type":"NewsArticle","@id":"https:\/\/ubirataonline.com.br\/lil-tjay-reflects-on-waking-from-coma-following-2022-shooting\/#article","isPartOf":{"@id":"https:\/\/ubirataonline.com.br\/lil-tjay-reflects-on-waking-from-coma-following-2022-shooting\/"},"author":{"name":"REDA\u00c7\u00c3O: UBIRAT\u00c3 ONLINE - F\u00c1BIO AUGUSTO CELESTINO","@id":"https:\/\/ubirataonline.com.br\/#\/schema\/person\/372f87bbd3fdd79b8556b84c98d0bc1c"},"headline":"Lil Tjay Reflects on Waking From Coma Following 2022 Shooting","datePublished":"2026-05-13T11:44:09+00:00","dateModified":"2026-05-13T11:44:14+00:00","mainEntityOfPage":{"@id":"https:\/\/ubirataonline.com.br\/lil-tjay-reflects-on-waking-from-coma-following-2022-shooting\/"},"wordCount":341,"publisher":{"@id":"https:\/\/ubirataonline.com.br\/#organization"},"image":{"@id":"https:\/\/ubirataonline.com.br\/lil-tjay-reflects-on-waking-from-coma-following-2022-shooting\/#primaryimage"},"thumbnailUrl":"https:\/\/ubirataonline.com.br\/wp-content\/uploads\/2026\/05\/Lil-Tjay-Reflects-on-Waking-From-Coma-Following-2022-Shooting.png","keywords":["coma","Lil","reflects","shooting","Tjay","Waking"],"articleSection":["Ubirat\u00e3"],"inLanguage":"en-US","copyrightYear":"2026","copyrightHolder":{"@id":"https:\/\/ubirataonline.com.br\/en\/#organization"}},{"@type":"WebPage","@id":"https:\/\/ubirataonline.com.br\/lil-tjay-reflects-on-waking-from-coma-following-2022-shooting\/","url":"https:\/\/ubirataonline.com.br\/lil-tjay-reflects-on-waking-from-coma-following-2022-shooting\/","name":"Lil Tjay Reflects on Waking From Coma Following 2022 Shooting - Ubirat\u00e3 Online Not\u00edcias - A realidade ao seu alcance!","isPartOf":{"@id":"https:\/\/ubirataonline.com.br\/#website"},"primaryImageOfPage":{"@id":"https:\/\/ubirataonline.com.br\/lil-tjay-reflects-on-waking-from-coma-following-2022-shooting\/#primaryimage"},"image":{"@id":"https:\/\/ubirataonline.com.br\/lil-tjay-reflects-on-waking-from-coma-following-2022-shooting\/#primaryimage"},"thumbnailUrl":"https:\/\/ubirataonline.com.br\/wp-content\/uploads\/2026\/05\/Lil-Tjay-Reflects-on-Waking-From-Coma-Following-2022-Shooting.png","datePublished":"2026-05-13T11:44:09+00:00","dateModified":"2026-05-13T11:44:14+00:00","description":"Lil Tjay is opening up about one of the most traumatic moments of his life, recalling what it felt like waking up from a coma after surviving a near-fatal","breadcrumb":{"@id":"https:\/\/ubirataonline.com.br\/lil-tjay-reflects-on-waking-from-coma-following-2022-shooting\/#breadcrumb"},"inLanguage":"en-US","potentialAction":[{"@type":"ReadAction","target":["https:\/\/ubirataonline.com.br\/lil-tjay-reflects-on-waking-from-coma-following-2022-shooting\/"]}]},{"@type":"ImageObject","inLanguage":"en-US","@id":"https:\/\/ubirataonline.com.br\/lil-tjay-reflects-on-waking-from-coma-following-2022-shooting\/#primaryimage","url":"https:\/\/ubirataonline.com.br\/wp-content\/uploads\/2026\/05\/Lil-Tjay-Reflects-on-Waking-From-Coma-Following-2022-Shooting.png","contentUrl":"https:\/\/ubirataonline.com.br\/wp-content\/uploads\/2026\/05\/Lil-Tjay-Reflects-on-Waking-From-Coma-Following-2022-Shooting.png","width":1920,"height":1080,"caption":"(Photo by Venla Shalin\/Redferns)"},{"@type":"BreadcrumbList","@id":"https:\/\/ubirataonline.com.br\/lil-tjay-reflects-on-waking-from-coma-following-2022-shooting\/#breadcrumb","itemListElement":[{"@type":"ListItem","position":1,"name":"In\u00edcio","item":"https:\/\/ubirataonline.com.br\/"},{"@type":"ListItem","position":2,"name":"Lil Tjay Reflects on Waking From Coma Following 2022 Shooting"}]},{"@type":"WebSite","@id":"https:\/\/ubirataonline.com.br\/#website","url":"https:\/\/ubirataonline.com.br\/","name":"Ubirat\u00e3 Online Not\u00edcias","description":"Not\u00edcias de Ubirat\u00e3, regi\u00e3o, Brasil e mundo, com informa\u00e7\u00e3o atualizada e compromisso com o leitor.","publisher":{"@id":"https:\/\/ubirataonline.com.br\/#organization"},"alternateName":"Ubirat\u00e3 Online","potentialAction":[{"@type":"SearchAction","target":{"@type":"EntryPoint","urlTemplate":"https:\/\/ubirataonline.com.br\/?s={search_term_string}"},"query-input":{"@type":"PropertyValueSpecification","valueRequired":true,"valueName":"search_term_string"}}],"inLanguage":"en-US"},{"@type":["Organization","Place"],"@id":"https:\/\/ubirataonline.com.br\/#organization","name":"Ubirat\u00e3 Online Not\u00edcias","alternateName":"Ubirat\u00e3 Online","url":"https:\/\/ubirataonline.com.br\/","logo":{"@id":"https:\/\/ubirataonline.com.br\/lil-tjay-reflects-on-waking-from-coma-following-2022-shooting\/#local-main-organization-logo"},"image":{"@id":"https:\/\/ubirataonline.com.br\/lil-tjay-reflects-on-waking-from-coma-following-2022-shooting\/#local-main-organization-logo"},"sameAs":["https:\/\/www.facebook.com\/portalubirataonline","https:\/\/x.com\/ubirataonline","https:\/\/mastodon.social\/@ubirataonline","https:\/\/www.facebook.com\/groups\/311144672285604","https:\/\/www.facebook.com\/UBTAOnline","https:\/\/www.instagram.com\/portalubirataonline\/","https:\/\/twitter.com\/ubirataonline"],"description":"Somos um portal de not\u00edcias independente, criado em 5 de janeiro de 2009, com o objetivo de informar, conectar e valorizar a nossa comunidade de Ubirat\u00e3 e toda aregi\u00e3o. Com conte\u00fado atualizado, confi\u00e1vel e relevante, o Ubirat\u00e3 Online \u00e9 o seu espa\u00e7o para ficar por dentro dos principais acontecimentos locais, regionais, Brasil, Mundo e de interesse geral. Nosso compromisso \u00e9 com a verdade, a transpar\u00eancia e o respeito ao leitor.","legalName":"UBIRATA ONLINE NOT\u00cdCIAS","foundingDate":"2009-01-05","numberOfEmployees":{"@type":"QuantitativeValue","minValue":"1","maxValue":"10"},"publishingPrinciples":"https:\/\/ubirataonline.com.br\/faq\/","address":{"@id":"https:\/\/ubirataonline.com.br\/lil-tjay-reflects-on-waking-from-coma-following-2022-shooting\/#local-main-place-address"},"geo":{"@type":"GeoCoordinates","latitude":"-24.5361401","longitude":"-52.9921776"},"telephone":["+5544998308235"],"contactPoint":{"@type":"ContactPoint","email":"contato@ubirataonline.com.br"},"openingHoursSpecification":{"@type":"OpeningHoursSpecification","dayOfWeek":["Monday","Tuesday","Wednesday","Thursday","Friday","Saturday","Sunday"],"opens":"00:00","closes":"23:59"},"email":"contato@ubirataonline.com.br","vatID":"47.621.418\/0001-80"},{"@type":"Person","@id":"https:\/\/ubirataonline.com.br\/#\/schema\/person\/372f87bbd3fdd79b8556b84c98d0bc1c","name":"REDA\u00c7\u00c3O: UBIRAT\u00c3 ONLINE - F\u00c1BIO AUGUSTO CELESTINO","pronouns":"Ele","description":"Desde 2003 trabalhando com not\u00edcias.","sameAs":["http:\/\/ubirataoline.com.br","https:\/\/www.facebook.com\/portalubirataonline","https:\/\/www.instagram.com\/ubirataonline_oficial","https:\/\/x.com\/x.com\/ubirataonline"],"honorificPrefix":"Mr.","honorificSuffix":"MD","birthDate":"1980-06-16","gender":"masculino","award":["V\u00e1rios pr\u00eamios de melhor portal da cidade"],"jobTitle":"Diretor","url":"https:\/\/ubirataonline.com.br\/en\/author\/ubirataonline\/"},{"@type":"PostalAddress","@id":"https:\/\/ubirataonline.com.br\/lil-tjay-reflects-on-waking-from-coma-following-2022-shooting\/#local-main-place-address","streetAddress":"Rua dos Coqueiros, 104 - Bairro Boa Vista, Rua dos Coqueiros, 104 Bairro Boa Vista","addressLocality":"UBIRATA","postalCode":"85440-000","addressRegion":"PR","addressCountry":"BR"},{"@type":"ImageObject","inLanguage":"en-US","@id":"https:\/\/ubirataonline.com.br\/lil-tjay-reflects-on-waking-from-coma-following-2022-shooting\/#local-main-organization-logo","url":"https:\/\/ubirataonline.com.br\/wp-content\/uploads\/2026\/06\/logoubirataonline-1.webp","contentUrl":"https:\/\/ubirataonline.com.br\/wp-content\/uploads\/2026\/06\/logoubirataonline-1.webp","width":500,"height":500,"caption":"Ubirat\u00e3 Online Not\u00edcias"}]},"geo.placename":"UBIRATA","geo.position":{"lat":"-24.5361401","long":"-52.9921776"},"geo.region":"Brazil"},"_links":{"self":[{"href":"https:\/\/ubirataonline.com.br\/en\/wp-json\/wp\/v2\/posts\/128552","targetHints":{"allow":["GET"]}}],"collection":[{"href":"https:\/\/ubirataonline.com.br\/en\/wp-json\/wp\/v2\/posts"}],"about":[{"href":"https:\/\/ubirataonline.com.br\/en\/wp-json\/wp\/v2\/types\/post"}],"author":[{"embeddable":true,"href":"https:\/\/ubirataonline.com.br\/en\/wp-json\/wp\/v2\/users\/1"}],"replies":[{"embeddable":true,"href":"https:\/\/ubirataonline.com.br\/en\/wp-json\/wp\/v2\/comments?post=128552"}],"version-history":[{"count":0,"href":"https:\/\/ubirataonline.com.br\/en\/wp-json\/wp\/v2\/posts\/128552\/revisions"}],"wp:featuredmedia":[{"embeddable":true,"href":"https:\/\/ubirataonline.com.br\/en\/wp-json\/wp\/v2\/media\/128553"}],"wp:attachment":[{"href":"https:\/\/ubirataonline.com.br\/en\/wp-json\/wp\/v2\/media?parent=128552"}],"wp:term":[{"taxonomy":"category","embeddable":true,"href":"https:\/\/ubirataonline.com.br\/en\/wp-json\/wp\/v2\/categories?post=128552"},{"taxonomy":"post_tag","embeddable":true,"href":"https:\/\/ubirataonline.com.br\/en\/wp-json\/wp\/v2\/tags?post=128552"}],"curies":[{"name":"wp","href":"https:\/\/api.w.org\/{rel}","templated":true}]}}