{"id":128573,"date":"2026-05-13T09:17:05","date_gmt":"2026-05-13T12:17:05","guid":{"rendered":"https:\/\/ubirataonline.com.br\/the-fall-of-an-mlb-superstar-plus-a-sad-day-in-the-nba\/"},"modified":"2026-05-13T09:17:09","modified_gmt":"2026-05-13T12:17:09","slug":"the-fall-of-an-mlb-superstar-plus-a-sad-day-in-the-nba","status":"publish","type":"post","link":"https:\/\/ubirataonline.com.br\/en\/the-fall-of-an-mlb-superstar-plus-a-sad-day-in-the-nba\/","title":{"rendered":"The fall of an MLB superstar, plus a sad day in the NBA"},"content":{"rendered":"<p><br \/>\n<\/p>\n<div>\n<p><strong><span>The Pulse Newsletter <\/span><\/strong>&#x1f4e3;<span> | This is <em>The Athletic\u2019<\/em>s daily sports newsletter. <\/span><a href=\"https:\/\/www.nytimes.com\/athletic\/newsletters\/the-pulse\/\"><span>Sign up here<\/span><\/a><span> to receive The Pulse directly in your inbox.<\/span><\/p>\n<hr\/>\n<p><span>Good morning! Consider basket weaving today. Inside:\u00a0<\/span><\/p>\n<hr\/>\n<h3>Forgotten Faces: <b>The fall of Yasiel Puig<\/b><\/h3>\n<p><span>There was a brief period where Yasiel Puig was probably MLB\u2019s most talented player. His story was inspirational, that of a talented Cuban player defecting to the United States. He put together an unforgettable debut season, where pundits wondered if he should be an All-Star in his rookie season despite playing for just a month prior.\u00a0<\/span><\/p>\n<p><span>Nearly 13 years later, Puig is playing for a semi-pro team in Toronto and has possible jail time ahead of him. How did he get here?\u00a0<\/span><\/p>\n<p><span>It\u2019s the subject of a fantastic <\/span><a href=\"https:\/\/www.nytimes.com\/athletic\/7274036\/2026\/05\/13\/yasiel-puig-sentence-mlb-canadian-baseball\/\"><span>story<\/span><\/a><span> by Dan Robson today. Two takeaways from me:\u00a0<\/span><\/p>\n<ul>\n<li style=\"font-weight: 400;\" aria-level=\"1\"><span>I was covering MLB when Puig debuted, and I will never forget how stunning he was. <\/span><b>An electric hitter and a better fielder, Puig mania was real.<\/b><span> Over his first two seasons, he posted an .888 OPS (well above average) and made the All-Star team in his second year. Most saw a superstar coming of age.\u00a0<\/span><\/li>\n<li style=\"font-weight: 400;\" aria-level=\"1\"><span>He promptly faltered, both on and off the field. Sexual assault lawsuits, illegal gambling, lying to federal law enforcement. Puig was out of the league by 2019, at 28 years old.\u00a0<\/span><\/li>\n<\/ul>\n<p><span>So now he\u2019s hitting home runs at a sparsely packed game in Toronto, full of fans who don\u2019t know what to make of the now-35-year-old. He has just two weeks until he reports for sentencing.\u00a0<\/span><\/p>\n<p><a href=\"https:\/\/www.nytimes.com\/athletic\/7274036\/2026\/05\/13\/yasiel-puig-sentence-mlb-canadian-baseball\/\"><b>Read the full story here<\/b><\/a><span>.<\/span><\/p>\n<hr\/>\n<h3><b><strong>About Last Night<\/strong>: In the NHL, grit<\/b><\/h3>\n<div id=\"attachment_7275090\" class=\"wp-caption alignnone\">\n<div class=\"wp-caption-image-container\">\n<div class=\"inline-credits\">\n<p>\n      <span class=\"credits-text\">Ethan Miller \/ Getty Images<\/span><\/p>\n<\/div>\n<\/div>\n<\/div>\n<p><span>I think, at this point, it\u2019s easy to say the NHL playoffs have been slightly more entertaining than the NBA\u2019s postseason. <\/span><i><span>So far<\/span><\/i><span>, before you yell at me. Just look at last night\u2019s games:\u00a0<\/span><\/p>\n<ul>\n<li style=\"font-weight: 400;\" aria-level=\"1\"><b>Vegas escaped overtime with a 3-2 win over Anaheim<\/b><span> at home <\/span><a href=\"https:\/\/www.nytimes.com\/athletic\/7274989\/2026\/05\/13\/ducks-golden-knights-nhl-playoffs-game-5-score-result-takeaways\/\"><span>thanks to Pavel Dorofeyev\u2019s punch-in<\/span><\/a><span>. It was his second goal of the game and sent the home crowd into a frenzy. Again, playoff hockey is the best. The Golden Knights have a 3-2 series lead.\u00a0<\/span><\/li>\n<li style=\"font-weight: 400;\" aria-level=\"1\"><b>Earlier, the Sabres knotted up their series with the Canadiens at 2-2<\/b><span> in what was the most impressive game of the evening: on the road, on the ropes in what felt like an elimination game for a Buffalo team with little playoff experience. The 3-2 win in front of that Montreal crowd was plain gutsy. <\/span><a href=\"https:\/\/www.nytimes.com\/athletic\/7274713\/2026\/05\/12\/sabres-canadiens-nhl-playoffs-game-4-score-result-takeaways\/\"><span>Great series, this<\/span><\/a><span>.<\/span><span><br \/><\/span><\/li>\n<\/ul>\n<p><b>In the NBA, there is a feeling of inevitability if Victor Wembanyama plays.<\/b><span> San Antonio routed visiting Minnesota <\/span><a href=\"https:\/\/www.nytimes.com\/athletic\/7274842\/2026\/05\/12\/spurs-timberwolves-nba-playoffs-game-4-score-result-takeaways\/\"><span>126-97<\/span><\/a><span> to take a 3-2 lead in that series. Wembanyama scored 27 points and grabbed 17 rebounds. It\u2019s hard to count out this Minnesota team, but don\u2019t be shocked if this one is wrapped Friday.\u00a0<\/span><\/p>\n<p><span>Let\u2019s move on to some sobering updates:<\/span><\/p>\n<hr\/>\n<h3><b>News to Know<\/b><\/h3>\n<div id=\"attachment_7274585\" class=\"wp-caption alignnone\">\n<div class=\"wp-caption-image-container\"><img decoding=\"async\" loading=\"lazy\" class=\"wp-image-7274585 size-large\" src=\"https:\/\/static01.nyt.com\/athletic\/uploads\/wp\/2026\/05\/12195126\/GettyImages-2245562062-1024x683.jpg\" alt=\"\" width=\"1024\" height=\"683\" srcset=\"https:\/\/static01.nyt.com\/athletic\/uploads\/wp\/2026\/05\/12195126\/GettyImages-2245562062-1024x683.jpg 1024w, https:\/\/static01.nyt.com\/athletic\/uploads\/wp\/2026\/05\/12195126\/GettyImages-2245562062-300x200.jpg 300w, https:\/\/static01.nyt.com\/athletic\/uploads\/wp\/2026\/05\/12195126\/GettyImages-2245562062-1536x1024.jpg 1536w, https:\/\/static01.nyt.com\/athletic\/uploads\/wp\/2026\/05\/12195126\/GettyImages-2245562062-2048x1365.jpg 2048w\" sizes=\"auto, (max-width: 1024px) 100vw, 1024px\"\/><\/p>\n<div class=\"inline-credits\">\n<p>\n      <span class=\"credits-text\">Grant Burke \/ NBAE via Getty Images<\/span><\/p>\n<\/div>\n<\/div>\n<\/div>\n<p><strong><b>A tough day in the NBA<\/b><\/strong><br \/><span>Despite the aforementioned playoff game, the NBA news of the day emerged via tragedy:\u00a0<\/span><\/p>\n<ul>\n<li style=\"font-weight: 400;\" aria-level=\"1\"><span>Jason Collins, the league\u2019s first openly gay active player, died yesterday at the age of 47 following a prolonged bout with brain cancer. Collins was, in short, an inspiration and will be remembered as a titan of the NBA\u2019s history. <\/span><a href=\"https:\/\/www.nytimes.com\/athletic\/7274411\/2026\/05\/12\/jason-collins-obituary-nba\/\"><span>Make some time for Mirin Fader\u2019s tribute<\/span><\/a><span>.<\/span><span><br \/><\/span><\/li>\n<li style=\"font-weight: 400;\" aria-level=\"1\"><span>Grizzlies forward Brandon Clarke (pictured), just 29, was found dead Monday at a home in California. Officials are still investigating the cause of death. Clarke, a 2019 first-round pick, was due in court Friday for an arraignment stemming from an arrest last month in Arkansas.<\/span> <a href=\"https:\/\/www.nytimes.com\/athletic\/7273558\/2026\/05\/12\/brandon-clarke-grizzlies-dead\/\"><span>Current and former teammates paid tribute to him yesterday<\/span><\/a><span>.<\/span><\/li>\n<\/ul>\n<p><span>Elsewhere in the league, sources told <\/span><i><span>The Athletic<\/span><\/i><span> that 76ers team president Daryl Morey will not return to the organization next season, but Nick Nurse will remain as head coach. <\/span><a href=\"https:\/\/www.nytimes.com\/athletic\/7271281\/2026\/05\/12\/daryl-morey-sixers-nick-nurse\/\"><span>More here<\/span><\/a><span>.<\/span><\/p>\n<p><strong><b>Everyone\u2019s ganging up on Ole Miss<\/b><\/strong><br \/><span>Before this week, the animus between LSU and Ole Miss after Lane Kiffin\u2019s job swap had actually died down a bit. Then, in a Vanity Fair piece, Kiffin indicated that a stronger sense of \u201ccampus diversity\u201d at LSU <\/span><a href=\"https:\/\/www.nytimes.com\/athletic\/7272839\/2026\/05\/12\/lane-kiffin-lsu-ole-miss-diversity\/\"><span>factored into his switching jobs<\/span><\/a><span>, adding that he struggled with convincing Black recruits to attend Ole Miss over segregation concerns. Everyone\u2019s very mad, and it was great timing for ABC to announce that this fall\u2019s game between the two schools <\/span><a href=\"https:\/\/www.nytimes.com\/athletic\/7271575\/2026\/05\/12\/lsu-lane-kiffin-ole-miss-abc-college-football-schedule\/\"><span>will be in prime time<\/span><\/a><span>.\u00a0<\/span><\/p>\n<p><span>Later in the day, Texas coach Steve Sarkisian took a potshot at Ole Miss\u2019 academic rigor \u2014 or lack thereof \u2014 by indicating in a USA Today story that transfers only have to \u201ctake basket weaving\u201d in order to get an Ole Miss degree. <\/span><a href=\"https:\/\/www.nytimes.com\/athletic\/7273543\/2026\/05\/12\/texas-steve-sarkisian-ole-miss-basket-weaving\/\"><span>Read his quotes here<\/span><\/a><span>. What a day.<\/span><\/p>\n<p><strong><b>Sinner ties a record<\/b><\/strong><br \/><span>Jannik Sinner won his 31st consecutive ATP Masters 1000 match at the Italian Open yesterday, which equals the record set by Novak Djokovic. Sinner, 24, will be the overwhelming favorite in the remainder of his Italian Open matches, as the Masters 1000 level is one rung below the Grand Slams. He\u2019s <\/span><a href=\"https:\/\/www.nytimes.com\/athletic\/7272714\/2026\/05\/12\/tennis-jannik-sinner-atp-1000-win-record\/\"><span>playing really, really wel<\/span><\/a><span>l heading into a Carlos Alcaraz-less French Open.<\/span><\/p>\n<p><strong>More news:<\/strong><\/p>\n<ul>\n<li style=\"font-weight: 400;\" aria-level=\"1\"><b>Navy\u2019s athletic director <\/b><span>is open to moving the <\/span><b>Army-Navy game<\/b><span> up a week. <\/span><a href=\"https:\/\/www.nytimes.com\/athletic\/7273692\/2026\/05\/12\/army-navy-football-schedule-move-ad-michael-kelly\/\"><span>It\u2019s all connected to the College Football Playoff<\/span><\/a><span>.<\/span><span><br \/><\/span><\/li>\n<li style=\"font-weight: 400;\" aria-level=\"1\"><span>A day after the game was postponed, the <\/span><b>Montreal Victoire<\/b> <a href=\"https:\/\/www.nytimes.com\/athletic\/7274716\/2026\/05\/12\/montreal-victoire-minnesota-frost-pwhl-playoffs-score-results-takeaways\/\"><span>advanced to the <\/span><b>PWHL Finals<\/b><\/a><span> with a win over Minnesota.<\/span><span><br \/><\/span><\/li>\n<li style=\"font-weight: 400;\" aria-level=\"1\"><span>The <\/span><b>Lakers<\/b><span> want <\/span><b>LeBron James<\/b><span> back, of course, but general manager Rob Pelinka said yesterday James <\/span><a href=\"https:\/\/www.nytimes.com\/athletic\/7273858\/2026\/05\/12\/lebron-james-future-lakers-offseason-luka-reaves\/\"><span>is not the offseason priority<\/span><\/a><span>.<\/span><span><br \/><\/span><\/li>\n<li style=\"font-weight: 400;\" aria-level=\"1\"><b>MLB<\/b><span> and its <\/span><b>players\u2019 union <\/b><span>began negotiations on a new collective bargaining agreement. <\/span><a href=\"https:\/\/www.nytimes.com\/athletic\/7273215\/2026\/05\/12\/mlb-union-labor-negotiations-begin\/\"><span>It could get ugly<\/span><\/a><span>.<\/span><span><br \/><\/span><\/li>\n<li style=\"font-weight: 400;\" aria-level=\"1\"><span>NFL international news: The <\/span><b>Bengals<\/b><span> and <\/span><b>Falcons<\/b><span> are <\/span><a href=\"https:\/\/www.nytimes.com\/athletic\/7274034\/2026\/05\/12\/bengals-falcons-madrid-game-2026\/\"><span>heading to <\/span><b>Spain<\/b><\/a><span>, while the <\/span><b>Saints<\/b><span> and <\/span><b>Steelers<\/b> <a href=\"https:\/\/www.nytimes.com\/athletic\/7274548\/2026\/05\/12\/steelers-saints-nfl-game-paris-france\/\"><span>will play in <\/span><b>Paris<\/b><\/a><span>.<\/span><span><br \/><\/span><\/li>\n<li style=\"font-weight: 400;\" aria-level=\"1\"><b>Missouri running back Ahmad Hardy<\/b><span> was released from the hospital, per a source, after suffering a gunshot wound over the weekend. <\/span><a href=\"https:\/\/www.nytimes.com\/athletic\/7273956\/2026\/05\/12\/missouri-ahmad-hardy-hospital-release-shooting\/\"><span>He\u2019ll begin rehab immediately<\/span><\/a><span>.<\/span><span><br \/><\/span><\/li>\n<li style=\"font-weight: 400;\" aria-level=\"1\"><b>Cristo Fern\u00e1ndez<\/b><span>, the actor who portrays <\/span><b>Dani Rojas <\/b><span>on <\/span><b>\u201cTed Lasso,\u201d<\/b><span> signed a contract with a<\/span><b> USL club<\/b><span> to actually play pro soccer. <\/span><a href=\"https:\/\/www.nytimes.com\/athletic\/7273268\/2026\/05\/12\/cristo-fernandez-el-paso-locomotive-ted-lasso-dani-rojas-usl-championship\/\"><span>See more<\/span><\/a><span>. <\/span><span><br \/><\/span><\/li>\n<li style=\"font-weight: 400;\" aria-level=\"1\"><span>A massive <b>anti-doping investigation <\/b>in <b>rugby<\/b> resulted in multiple long suspensions for notable players, including an 11-year ban for a former Georgian captain. <a href=\"https:\/\/www.nytimes.com\/athletic\/7272896\/2026\/05\/12\/georgia-rugby-ban-cannabis-sharikadze\/\">Read our full report<\/a>.<\/span><\/li>\n<\/ul>\n<p><span>&#x1f4f0;\u00a0<a style=\"font-weight: 400;\" href=\"https:\/\/www.nytimes.com\/athletic\/news\/\">Find more news here 24\/7<\/a><\/span>.<\/p>\n<hr\/>\n<h3><b>Watch Guide<\/b><\/h3>\n<p><b>&#x1f4fa; EPL: Crystal Palace at Manchester City<br \/><\/b><b>3 p.m. ET on USA Network<br \/><\/b><span>City is heavily favored here and must win this match if they have any dream of catching Arsenal in the Premier League title race. Wonky things can happen when pressure is applied.\u00a0<\/span><\/p>\n<p><b>&#x1f4fa; NBA: Cavaliers at Pistons<br \/><\/b><b>8 p.m. ET on ESPN<\/b><span><br \/><\/span><span>The home team has won all four games in this series. Cleveland has momentum. The fun part is that these two are quite evenly matched. Lock in.\u00a0<\/span><\/p>\n<p><b>&#x1f4fa; NHL: Wild at Avalanche<br \/><\/b><b>8 p.m. ET on TNT and HBO Max<br \/><\/b><b><span>Colorado can close out Minnesota here in five games. So much for that <\/span><a href=\"https:\/\/www.nytimes.com\/athletic\/7267289\/2026\/05\/10\/wild-avalanche-nhl-playoffs-game-3-win\/\"><span>Avalanche antidote<\/span><\/a><span> the Wild cooked up. Still time to make tweaks, I guess?<\/span><\/b><b\/><\/p>\n<p><i>Get tickets to games like these <\/i><a href=\"https:\/\/stubhub.prf.hn\/l\/jXBQP09\" rel=\"nofollow noopener noreferrer\"><i>here<\/i><\/a><i>.<\/i><\/p>\n<hr\/>\n<h3>Pulse Picks<\/h3>\n<p><img decoding=\"async\" loading=\"lazy\" class=\"alignnone\" src=\"https:\/\/static01.nyt.com\/athletic\/uploads\/wp\/2025\/08\/28025928\/Tennis-Handshake-Ostapenko-scaled.jpg?width=1920&amp;quality=70&amp;auto=webp\" alt=\"\" width=\"1920\" height=\"960\"\/><\/p>\n<p><span>The biggest drama in <\/span><b>tennis<\/b><span> arguably does not come during the actual match. It occurs during the <\/span><b>handshake<\/b><span>. <\/span><a href=\"https:\/\/www.nytimes.com\/athletic\/6580441\/2026\/05\/12\/tennis-handshake-controversy-rules-etiquette\/\"><span>I love this story<\/span><\/a><span>.\u00a0<\/span><\/p>\n<p><span>The one thing missing from <\/span><b>golf\u2019s <\/b><span>last few years? <\/span><a href=\"https:\/\/www.nytimes.com\/athletic\/7271257\/2026\/05\/12\/scottie-scheffler-vs-rory-mcilroy-duel-wish-pga-championship\/\"><span>A true battle between <\/span><b>Scottie Scheffler<\/b><span> and <\/span><b>Rory McIlroy<\/b><span> in a major<\/span><\/a><span>.\u00a0<\/span><\/p>\n<p><span>(Also, sign up for <\/span><a href=\"https:\/\/www.nytimes.com\/athletic\/newsletters\/golf-briefing\/\"><span>our golf newsletter<\/span><\/a><span> for full <\/span><b>PGA Championship<\/b><span> coverage this weekend.)\u00a0<\/span><\/p>\n<p><span>Thirty years ago, <\/span><b>Spike Lee <\/b><span>had an odd request for New Era: He wanted a <\/span><b>red Yankees hat<\/b><span>. <\/span><a href=\"https:\/\/www.nytimes.com\/athletic\/7273073\/2026\/05\/12\/yankees-hat-spike-lee-culture-merch-colors\/\"><span>It sparked a baseball hat revolution<\/span><\/a><span>.\u00a0<\/span><\/p>\n<p><span>The newest craze in <\/span><b>college football<\/b><span> is \u2026 <\/span><a href=\"https:\/\/www.nytimes.com\/athletic\/7271577\/2026\/05\/12\/college-football-mixed-use-stadium-districts-revenue\/\"><b>mixed-use districts<\/b><\/a><span>.\u00a0<\/span><\/p>\n<p><span>Stephen Nesbitt took reader questions for <\/span><b>MLB rule changes<\/b><span>. <\/span><a href=\"https:\/\/www.nytimes.com\/athletic\/7273902\/2026\/05\/13\/mlb-mailbag-reader-rule-change-suggestions\/\"><span>The results were more fun than I expected<\/span><\/a><span>.\u00a0<\/span><\/p>\n<p><b>Most-clicked in the newsletter yesterday<\/b><span>: Our news story on the Nebraska football players <\/span><a href=\"https:\/\/www.nytimes.com\/athletic\/7271578\/2026\/05\/11\/nebraska-nil-case-playfly-college-sports-commission\/\"><span>losing an NIL appeal<\/span><\/a><span>.\u00a0<\/span><\/p>\n<p><b>Most-read on the website yesterday<\/b><span>: The Brandon Clarke story above.<\/span><\/p>\n<p><span>&#x1f4eb; That\u2019s all for now! Say hello at <a href=\"https:\/\/www.nytimes.com\/athletic\/7274664\/2026\/05\/13\/yasiel-puig-arrest-spurs-sabres-golden-knights-the-pulse\/mailto:thepulse@theathletic.com\" rel=\"nofollow noopener noreferrer\">thepulse@theathletic.com<\/a>, check out <a href=\"https:\/\/www.nytimes.com\/athletic\/5803046\/2025\/12\/31\/the-athletic-newsletters-sign-up\/\">our other newsletters<\/a> and <a href=\"https:\/\/www.instagram.com\/realchrisbranch\" rel=\"nofollow noopener noreferrer\">connect with me on Instagram<\/a> for more.<\/span><\/p>\n<\/div>\n<p><script async src=\"\/\/www.instagram.com\/embed.js\"><\/script><br \/>\n<br \/><br \/>\n<br \/><a href=\"https:\/\/www.nytimes.com\/athletic\/7274664\/2026\/05\/13\/yasiel-puig-arrest-spurs-sabres-golden-knights-the-pulse\/\">Source link <\/a><\/p>","protected":false},"excerpt":{"rendered":"<p>The Pulse Newsletter &#x1f4e3; | This is The Athletic\u2019s daily sports newsletter. Sign up here to receive The Pulse directly in your inbox. Good morning! Consider basket weaving today. Inside:\u00a0 Forgotten Faces: The fall of Yasiel Puig There was a brief period where Yasiel Puig was probably MLB\u2019s most talented player. His story was inspirational, [&hellip;]<\/p>\n","protected":false},"author":1,"featured_media":128574,"comment_status":"closed","ping_status":"","sticky":false,"template":"","format":"standard","meta":{"googlesitekit_rrm_CAow2JLhCw:productID":"","_gspb_post_css":"","maa_idioma":"","maa_pais":"","footnotes":""},"categories":[1],"tags":[3064,4279,4780,4039,4584,9693],"class_list":["post-128573","post","type-post","status-publish","format-standard","has-post-thumbnail","hentry","category-ubirata","tag-day","tag-fall","tag-mlb","tag-nba","tag-sad","tag-superstar"],"blocksy_meta":[],"yoast_head":"<!-- This site is optimized with the Yoast SEO Premium plugin v27.6 (Yoast SEO v27.6) - https:\/\/yoast.com\/product\/yoast-seo-premium-wordpress\/ -->\n<title>The fall of an MLB superstar, plus a sad day in the NBA - Ubirat\u00e3 Online Not\u00edcias - A realidade ao seu alcance!<\/title>\n<meta name=\"description\" content=\"The Pulse Newsletter &#x1f4e3; | This is The Athletic\u2019s daily sports newsletter. Sign up here to receive The Pulse directly in your inbox.Good morning!\" \/>\n<meta name=\"robots\" content=\"index, follow, max-snippet:-1, max-image-preview:large, max-video-preview:-1\" \/>\n<link rel=\"canonical\" href=\"https:\/\/ubirataonline.com.br\/en\/the-fall-of-an-mlb-superstar-plus-a-sad-day-in-the-nba\/\" \/>\n<meta property=\"og:locale\" content=\"en_US\" \/>\n<meta property=\"og:type\" content=\"article\" \/>\n<meta property=\"og:title\" content=\"The fall of an MLB superstar, plus a sad day in the NBA\" \/>\n<meta property=\"og:description\" content=\"The Pulse Newsletter &#x1f4e3; | This is The Athletic\u2019s daily sports newsletter. Sign up here to receive The Pulse directly in your inbox.Good morning!\" \/>\n<meta property=\"og:url\" content=\"https:\/\/ubirataonline.com.br\/en\/the-fall-of-an-mlb-superstar-plus-a-sad-day-in-the-nba\/\" \/>\n<meta property=\"og:site_name\" content=\"Ubirat\u00e3 Online Not\u00edcias - A realidade ao seu alcance!\" \/>\n<meta property=\"article:publisher\" content=\"https:\/\/www.facebook.com\/portalubirataonline\" \/>\n<meta property=\"article:author\" content=\"https:\/\/www.facebook.com\/portalubirataonline\" \/>\n<meta property=\"article:published_time\" content=\"2026-05-13T12:17:05+00:00\" \/>\n<meta property=\"article:modified_time\" content=\"2026-05-13T12:17:09+00:00\" \/>\n<meta property=\"og:image\" content=\"https:\/\/ubirataonline.com.br\/wp-content\/uploads\/2026\/05\/The-fall-of-an-MLB-superstar-plus-a-sad-day.jpg\" \/>\n\t<meta property=\"og:image:width\" content=\"1200\" \/>\n\t<meta property=\"og:image:height\" content=\"831\" \/>\n\t<meta property=\"og:image:type\" content=\"image\/jpeg\" \/>\n<meta name=\"author\" content=\"REDA\u00c7\u00c3O: UBIRAT\u00c3 ONLINE - F\u00c1BIO AUGUSTO CELESTINO\" \/>\n<meta name=\"twitter:card\" content=\"summary_large_image\" \/>\n<meta name=\"twitter:creator\" content=\"@x.com\/ubirataonline\" \/>\n<meta name=\"twitter:site\" content=\"@ubirataonline\" \/>\n<meta name=\"twitter:label1\" content=\"Written by\" \/>\n\t<meta name=\"twitter:data1\" content=\"REDA\u00c7\u00c3O: UBIRAT\u00c3 ONLINE - F\u00c1BIO AUGUSTO CELESTINO\" \/>\n\t<meta name=\"twitter:label2\" content=\"Est. reading time\" \/>\n\t<meta name=\"twitter:data2\" content=\"7 minutes\" \/>\n<script type=\"application\/ld+json\" class=\"yoast-schema-graph\">{\"@context\":\"https:\\\/\\\/schema.org\",\"@graph\":[{\"@type\":\"NewsArticle\",\"@id\":\"https:\\\/\\\/ubirataonline.com.br\\\/the-fall-of-an-mlb-superstar-plus-a-sad-day-in-the-nba\\\/#article\",\"isPartOf\":{\"@id\":\"https:\\\/\\\/ubirataonline.com.br\\\/the-fall-of-an-mlb-superstar-plus-a-sad-day-in-the-nba\\\/\"},\"author\":{\"name\":\"REDA\u00c7\u00c3O: UBIRAT\u00c3 ONLINE - F\u00c1BIO AUGUSTO CELESTINO\",\"@id\":\"https:\\\/\\\/ubirataonline.com.br\\\/#\\\/schema\\\/person\\\/372f87bbd3fdd79b8556b84c98d0bc1c\"},\"headline\":\"The fall of an MLB superstar, plus a sad day in the NBA\",\"datePublished\":\"2026-05-13T12:17:05+00:00\",\"dateModified\":\"2026-05-13T12:17:09+00:00\",\"mainEntityOfPage\":{\"@id\":\"https:\\\/\\\/ubirataonline.com.br\\\/the-fall-of-an-mlb-superstar-plus-a-sad-day-in-the-nba\\\/\"},\"wordCount\":1353,\"publisher\":{\"@id\":\"https:\\\/\\\/ubirataonline.com.br\\\/#organization\"},\"image\":{\"@id\":\"https:\\\/\\\/ubirataonline.com.br\\\/the-fall-of-an-mlb-superstar-plus-a-sad-day-in-the-nba\\\/#primaryimage\"},\"thumbnailUrl\":\"https:\\\/\\\/ubirataonline.com.br\\\/wp-content\\\/uploads\\\/2026\\\/05\\\/The-fall-of-an-MLB-superstar-plus-a-sad-day.jpg\",\"keywords\":[\"day\",\"Fall\",\"MLB\",\"NBA\",\"SAD\",\"superstar\"],\"articleSection\":[\"Ubirat\u00e3\"],\"inLanguage\":\"en-US\",\"copyrightYear\":\"2026\",\"copyrightHolder\":{\"@id\":\"https:\\\/\\\/ubirataonline.com.br\\\/en\\\/#organization\"}},{\"@type\":\"WebPage\",\"@id\":\"https:\\\/\\\/ubirataonline.com.br\\\/the-fall-of-an-mlb-superstar-plus-a-sad-day-in-the-nba\\\/\",\"url\":\"https:\\\/\\\/ubirataonline.com.br\\\/the-fall-of-an-mlb-superstar-plus-a-sad-day-in-the-nba\\\/\",\"name\":\"The fall of an MLB superstar, plus a sad day in the NBA - Ubirat\u00e3 Online Not\u00edcias - A realidade ao seu alcance!\",\"isPartOf\":{\"@id\":\"https:\\\/\\\/ubirataonline.com.br\\\/#website\"},\"primaryImageOfPage\":{\"@id\":\"https:\\\/\\\/ubirataonline.com.br\\\/the-fall-of-an-mlb-superstar-plus-a-sad-day-in-the-nba\\\/#primaryimage\"},\"image\":{\"@id\":\"https:\\\/\\\/ubirataonline.com.br\\\/the-fall-of-an-mlb-superstar-plus-a-sad-day-in-the-nba\\\/#primaryimage\"},\"thumbnailUrl\":\"https:\\\/\\\/ubirataonline.com.br\\\/wp-content\\\/uploads\\\/2026\\\/05\\\/The-fall-of-an-MLB-superstar-plus-a-sad-day.jpg\",\"datePublished\":\"2026-05-13T12:17:05+00:00\",\"dateModified\":\"2026-05-13T12:17:09+00:00\",\"description\":\"The Pulse Newsletter &#x1f4e3; | This is The Athletic\u2019s daily sports newsletter. Sign up here to receive The Pulse directly in your inbox.Good morning!\",\"breadcrumb\":{\"@id\":\"https:\\\/\\\/ubirataonline.com.br\\\/the-fall-of-an-mlb-superstar-plus-a-sad-day-in-the-nba\\\/#breadcrumb\"},\"inLanguage\":\"en-US\",\"potentialAction\":[{\"@type\":\"ReadAction\",\"target\":[\"https:\\\/\\\/ubirataonline.com.br\\\/the-fall-of-an-mlb-superstar-plus-a-sad-day-in-the-nba\\\/\"]}]},{\"@type\":\"ImageObject\",\"inLanguage\":\"en-US\",\"@id\":\"https:\\\/\\\/ubirataonline.com.br\\\/the-fall-of-an-mlb-superstar-plus-a-sad-day-in-the-nba\\\/#primaryimage\",\"url\":\"https:\\\/\\\/ubirataonline.com.br\\\/wp-content\\\/uploads\\\/2026\\\/05\\\/The-fall-of-an-MLB-superstar-plus-a-sad-day.jpg\",\"contentUrl\":\"https:\\\/\\\/ubirataonline.com.br\\\/wp-content\\\/uploads\\\/2026\\\/05\\\/The-fall-of-an-MLB-superstar-plus-a-sad-day.jpg\",\"width\":1200,\"height\":831,\"caption\":\"The fall of an MLB superstar, plus a sad day in the NBA\"},{\"@type\":\"BreadcrumbList\",\"@id\":\"https:\\\/\\\/ubirataonline.com.br\\\/the-fall-of-an-mlb-superstar-plus-a-sad-day-in-the-nba\\\/#breadcrumb\",\"itemListElement\":[{\"@type\":\"ListItem\",\"position\":1,\"name\":\"In\u00edcio\",\"item\":\"https:\\\/\\\/ubirataonline.com.br\\\/\"},{\"@type\":\"ListItem\",\"position\":2,\"name\":\"The fall of an MLB superstar, plus a sad day in the NBA\"}]},{\"@type\":\"WebSite\",\"@id\":\"https:\\\/\\\/ubirataonline.com.br\\\/#website\",\"url\":\"https:\\\/\\\/ubirataonline.com.br\\\/\",\"name\":\"Ubirat\u00e3 Online Not\u00edcias\",\"description\":\"Not\u00edcias de Ubirat\u00e3, regi\u00e3o, Brasil e mundo, com informa\u00e7\u00e3o atualizada e compromisso com o leitor.\",\"publisher\":{\"@id\":\"https:\\\/\\\/ubirataonline.com.br\\\/#organization\"},\"alternateName\":\"Ubirat\u00e3 Online\",\"potentialAction\":[{\"@type\":\"SearchAction\",\"target\":{\"@type\":\"EntryPoint\",\"urlTemplate\":\"https:\\\/\\\/ubirataonline.com.br\\\/?s={search_term_string}\"},\"query-input\":{\"@type\":\"PropertyValueSpecification\",\"valueRequired\":true,\"valueName\":\"search_term_string\"}}],\"inLanguage\":\"en-US\"},{\"@type\":[\"Organization\",\"Place\"],\"@id\":\"https:\\\/\\\/ubirataonline.com.br\\\/#organization\",\"name\":\"Ubirat\u00e3 Online Not\u00edcias\",\"alternateName\":\"Ubirat\u00e3 Online\",\"url\":\"https:\\\/\\\/ubirataonline.com.br\\\/\",\"logo\":{\"@id\":\"https:\\\/\\\/ubirataonline.com.br\\\/the-fall-of-an-mlb-superstar-plus-a-sad-day-in-the-nba\\\/#local-main-organization-logo\"},\"image\":{\"@id\":\"https:\\\/\\\/ubirataonline.com.br\\\/the-fall-of-an-mlb-superstar-plus-a-sad-day-in-the-nba\\\/#local-main-organization-logo\"},\"sameAs\":[\"https:\\\/\\\/www.facebook.com\\\/portalubirataonline\",\"https:\\\/\\\/x.com\\\/ubirataonline\",\"https:\\\/\\\/mastodon.social\\\/@ubirataonline\",\"https:\\\/\\\/www.facebook.com\\\/groups\\\/311144672285604\",\"https:\\\/\\\/www.facebook.com\\\/UBTAOnline\",\"https:\\\/\\\/www.instagram.com\\\/portalubirataonline\\\/\",\"https:\\\/\\\/twitter.com\\\/ubirataonline\"],\"description\":\"Somos um portal de not\u00edcias independente, criado em 5 de janeiro de 2009, com o objetivo de informar, conectar e valorizar a nossa comunidade de Ubirat\u00e3 e toda aregi\u00e3o. Com conte\u00fado atualizado, confi\u00e1vel e relevante, o Ubirat\u00e3 Online \u00e9 o seu espa\u00e7o para ficar por dentro dos principais acontecimentos locais, regionais, Brasil, Mundo e de interesse geral. Nosso compromisso \u00e9 com a verdade, a transpar\u00eancia e o respeito ao leitor.\",\"legalName\":\"UBIRATA ONLINE NOT\u00cdCIAS\",\"foundingDate\":\"2009-01-05\",\"numberOfEmployees\":{\"@type\":\"QuantitativeValue\",\"minValue\":\"1\",\"maxValue\":\"10\"},\"publishingPrinciples\":\"https:\\\/\\\/ubirataonline.com.br\\\/faq\\\/\",\"address\":{\"@id\":\"https:\\\/\\\/ubirataonline.com.br\\\/the-fall-of-an-mlb-superstar-plus-a-sad-day-in-the-nba\\\/#local-main-place-address\"},\"geo\":{\"@type\":\"GeoCoordinates\",\"latitude\":\"-24.5361401\",\"longitude\":\"-52.9921776\"},\"telephone\":[\"+5544998308235\"],\"contactPoint\":{\"@type\":\"ContactPoint\",\"email\":\"contato@ubirataonline.com.br\"},\"openingHoursSpecification\":{\"@type\":\"OpeningHoursSpecification\",\"dayOfWeek\":[\"Monday\",\"Tuesday\",\"Wednesday\",\"Thursday\",\"Friday\",\"Saturday\",\"Sunday\"],\"opens\":\"00:00\",\"closes\":\"23:59\"},\"email\":\"contato@ubirataonline.com.br\",\"vatID\":\"47.621.418\\\/0001-80\"},{\"@type\":\"Person\",\"@id\":\"https:\\\/\\\/ubirataonline.com.br\\\/#\\\/schema\\\/person\\\/372f87bbd3fdd79b8556b84c98d0bc1c\",\"name\":\"REDA\u00c7\u00c3O: UBIRAT\u00c3 ONLINE - F\u00c1BIO AUGUSTO CELESTINO\",\"pronouns\":\"Ele\",\"description\":\"Desde 2003 trabalhando com not\u00edcias.\",\"sameAs\":[\"http:\\\/\\\/ubirataoline.com.br\",\"https:\\\/\\\/www.facebook.com\\\/portalubirataonline\",\"https:\\\/\\\/www.instagram.com\\\/ubirataonline_oficial\",\"https:\\\/\\\/x.com\\\/x.com\\\/ubirataonline\"],\"honorificPrefix\":\"Mr.\",\"honorificSuffix\":\"MD\",\"birthDate\":\"1980-06-16\",\"gender\":\"masculino\",\"award\":[\"V\u00e1rios pr\u00eamios de melhor portal da cidade\"],\"jobTitle\":\"Diretor\",\"url\":\"https:\\\/\\\/ubirataonline.com.br\\\/en\\\/author\\\/ubirataonline\\\/\"},{\"@type\":\"PostalAddress\",\"@id\":\"https:\\\/\\\/ubirataonline.com.br\\\/the-fall-of-an-mlb-superstar-plus-a-sad-day-in-the-nba\\\/#local-main-place-address\",\"streetAddress\":\"Rua dos Coqueiros, 104 - Bairro Boa Vista, Rua dos Coqueiros, 104 Bairro Boa Vista\",\"addressLocality\":\"UBIRATA\",\"postalCode\":\"85440-000\",\"addressRegion\":\"PR\",\"addressCountry\":\"BR\"},{\"@type\":\"ImageObject\",\"inLanguage\":\"en-US\",\"@id\":\"https:\\\/\\\/ubirataonline.com.br\\\/the-fall-of-an-mlb-superstar-plus-a-sad-day-in-the-nba\\\/#local-main-organization-logo\",\"url\":\"https:\\\/\\\/ubirataonline.com.br\\\/wp-content\\\/uploads\\\/2026\\\/06\\\/logoubirataonline-1.webp\",\"contentUrl\":\"https:\\\/\\\/ubirataonline.com.br\\\/wp-content\\\/uploads\\\/2026\\\/06\\\/logoubirataonline-1.webp\",\"width\":500,\"height\":500,\"caption\":\"Ubirat\u00e3 Online Not\u00edcias\"}]}<\/script>\n<meta name=\"geo.placename\" content=\"UBIRATA\" \/>\n<meta name=\"geo.position\" content=\"-24.5361401;-52.9921776\" \/>\n<meta name=\"geo.region\" content=\"Brazil\" \/>\n<!-- \/ Yoast SEO Premium plugin. -->","yoast_head_json":{"title":"The fall of an MLB superstar, plus a sad day in the NBA - Ubirat\u00e3 Online Not\u00edcias - A realidade ao seu alcance!","description":"The Pulse Newsletter &#x1f4e3; | This is The Athletic\u2019s daily sports newsletter. Sign up here to receive The Pulse directly in your inbox.Good morning!","robots":{"index":"index","follow":"follow","max-snippet":"max-snippet:-1","max-image-preview":"max-image-preview:large","max-video-preview":"max-video-preview:-1"},"canonical":"https:\/\/ubirataonline.com.br\/en\/the-fall-of-an-mlb-superstar-plus-a-sad-day-in-the-nba\/","og_locale":"en_US","og_type":"article","og_title":"The fall of an MLB superstar, plus a sad day in the NBA","og_description":"The Pulse Newsletter &#x1f4e3; | This is The Athletic\u2019s daily sports newsletter. Sign up here to receive The Pulse directly in your inbox.Good morning!","og_url":"https:\/\/ubirataonline.com.br\/en\/the-fall-of-an-mlb-superstar-plus-a-sad-day-in-the-nba\/","og_site_name":"Ubirat\u00e3 Online Not\u00edcias - A realidade ao seu alcance!","article_publisher":"https:\/\/www.facebook.com\/portalubirataonline","article_author":"https:\/\/www.facebook.com\/portalubirataonline","article_published_time":"2026-05-13T12:17:05+00:00","article_modified_time":"2026-05-13T12:17:09+00:00","og_image":[{"width":1200,"height":831,"url":"https:\/\/ubirataonline.com.br\/wp-content\/uploads\/2026\/05\/The-fall-of-an-MLB-superstar-plus-a-sad-day.jpg","type":"image\/jpeg"}],"author":"REDA\u00c7\u00c3O: UBIRAT\u00c3 ONLINE - F\u00c1BIO AUGUSTO CELESTINO","twitter_card":"summary_large_image","twitter_creator":"@x.com\/ubirataonline","twitter_site":"@ubirataonline","twitter_misc":{"Written by":"REDA\u00c7\u00c3O: UBIRAT\u00c3 ONLINE - F\u00c1BIO AUGUSTO CELESTINO","Est. reading time":"7 minutes"},"schema":{"@context":"https:\/\/schema.org","@graph":[{"@type":"NewsArticle","@id":"https:\/\/ubirataonline.com.br\/the-fall-of-an-mlb-superstar-plus-a-sad-day-in-the-nba\/#article","isPartOf":{"@id":"https:\/\/ubirataonline.com.br\/the-fall-of-an-mlb-superstar-plus-a-sad-day-in-the-nba\/"},"author":{"name":"REDA\u00c7\u00c3O: UBIRAT\u00c3 ONLINE - F\u00c1BIO AUGUSTO CELESTINO","@id":"https:\/\/ubirataonline.com.br\/#\/schema\/person\/372f87bbd3fdd79b8556b84c98d0bc1c"},"headline":"The fall of an MLB superstar, plus a sad day in the NBA","datePublished":"2026-05-13T12:17:05+00:00","dateModified":"2026-05-13T12:17:09+00:00","mainEntityOfPage":{"@id":"https:\/\/ubirataonline.com.br\/the-fall-of-an-mlb-superstar-plus-a-sad-day-in-the-nba\/"},"wordCount":1353,"publisher":{"@id":"https:\/\/ubirataonline.com.br\/#organization"},"image":{"@id":"https:\/\/ubirataonline.com.br\/the-fall-of-an-mlb-superstar-plus-a-sad-day-in-the-nba\/#primaryimage"},"thumbnailUrl":"https:\/\/ubirataonline.com.br\/wp-content\/uploads\/2026\/05\/The-fall-of-an-MLB-superstar-plus-a-sad-day.jpg","keywords":["day","Fall","MLB","NBA","SAD","superstar"],"articleSection":["Ubirat\u00e3"],"inLanguage":"en-US","copyrightYear":"2026","copyrightHolder":{"@id":"https:\/\/ubirataonline.com.br\/en\/#organization"}},{"@type":"WebPage","@id":"https:\/\/ubirataonline.com.br\/the-fall-of-an-mlb-superstar-plus-a-sad-day-in-the-nba\/","url":"https:\/\/ubirataonline.com.br\/the-fall-of-an-mlb-superstar-plus-a-sad-day-in-the-nba\/","name":"The fall of an MLB superstar, plus a sad day in the NBA - Ubirat\u00e3 Online Not\u00edcias - A realidade ao seu alcance!","isPartOf":{"@id":"https:\/\/ubirataonline.com.br\/#website"},"primaryImageOfPage":{"@id":"https:\/\/ubirataonline.com.br\/the-fall-of-an-mlb-superstar-plus-a-sad-day-in-the-nba\/#primaryimage"},"image":{"@id":"https:\/\/ubirataonline.com.br\/the-fall-of-an-mlb-superstar-plus-a-sad-day-in-the-nba\/#primaryimage"},"thumbnailUrl":"https:\/\/ubirataonline.com.br\/wp-content\/uploads\/2026\/05\/The-fall-of-an-MLB-superstar-plus-a-sad-day.jpg","datePublished":"2026-05-13T12:17:05+00:00","dateModified":"2026-05-13T12:17:09+00:00","description":"The Pulse Newsletter &#x1f4e3; | This is The Athletic\u2019s daily sports newsletter. Sign up here to receive The Pulse directly in your inbox.Good morning!","breadcrumb":{"@id":"https:\/\/ubirataonline.com.br\/the-fall-of-an-mlb-superstar-plus-a-sad-day-in-the-nba\/#breadcrumb"},"inLanguage":"en-US","potentialAction":[{"@type":"ReadAction","target":["https:\/\/ubirataonline.com.br\/the-fall-of-an-mlb-superstar-plus-a-sad-day-in-the-nba\/"]}]},{"@type":"ImageObject","inLanguage":"en-US","@id":"https:\/\/ubirataonline.com.br\/the-fall-of-an-mlb-superstar-plus-a-sad-day-in-the-nba\/#primaryimage","url":"https:\/\/ubirataonline.com.br\/wp-content\/uploads\/2026\/05\/The-fall-of-an-MLB-superstar-plus-a-sad-day.jpg","contentUrl":"https:\/\/ubirataonline.com.br\/wp-content\/uploads\/2026\/05\/The-fall-of-an-MLB-superstar-plus-a-sad-day.jpg","width":1200,"height":831,"caption":"The fall of an MLB superstar, plus a sad day in the NBA"},{"@type":"BreadcrumbList","@id":"https:\/\/ubirataonline.com.br\/the-fall-of-an-mlb-superstar-plus-a-sad-day-in-the-nba\/#breadcrumb","itemListElement":[{"@type":"ListItem","position":1,"name":"In\u00edcio","item":"https:\/\/ubirataonline.com.br\/"},{"@type":"ListItem","position":2,"name":"The fall of an MLB superstar, plus a sad day in the NBA"}]},{"@type":"WebSite","@id":"https:\/\/ubirataonline.com.br\/#website","url":"https:\/\/ubirataonline.com.br\/","name":"Ubirat\u00e3 Online Not\u00edcias","description":"Not\u00edcias de Ubirat\u00e3, regi\u00e3o, Brasil e mundo, com informa\u00e7\u00e3o atualizada e compromisso com o leitor.","publisher":{"@id":"https:\/\/ubirataonline.com.br\/#organization"},"alternateName":"Ubirat\u00e3 Online","potentialAction":[{"@type":"SearchAction","target":{"@type":"EntryPoint","urlTemplate":"https:\/\/ubirataonline.com.br\/?s={search_term_string}"},"query-input":{"@type":"PropertyValueSpecification","valueRequired":true,"valueName":"search_term_string"}}],"inLanguage":"en-US"},{"@type":["Organization","Place"],"@id":"https:\/\/ubirataonline.com.br\/#organization","name":"Ubirat\u00e3 Online Not\u00edcias","alternateName":"Ubirat\u00e3 Online","url":"https:\/\/ubirataonline.com.br\/","logo":{"@id":"https:\/\/ubirataonline.com.br\/the-fall-of-an-mlb-superstar-plus-a-sad-day-in-the-nba\/#local-main-organization-logo"},"image":{"@id":"https:\/\/ubirataonline.com.br\/the-fall-of-an-mlb-superstar-plus-a-sad-day-in-the-nba\/#local-main-organization-logo"},"sameAs":["https:\/\/www.facebook.com\/portalubirataonline","https:\/\/x.com\/ubirataonline","https:\/\/mastodon.social\/@ubirataonline","https:\/\/www.facebook.com\/groups\/311144672285604","https:\/\/www.facebook.com\/UBTAOnline","https:\/\/www.instagram.com\/portalubirataonline\/","https:\/\/twitter.com\/ubirataonline"],"description":"Somos um portal de not\u00edcias independente, criado em 5 de janeiro de 2009, com o objetivo de informar, conectar e valorizar a nossa comunidade de Ubirat\u00e3 e toda aregi\u00e3o. Com conte\u00fado atualizado, confi\u00e1vel e relevante, o Ubirat\u00e3 Online \u00e9 o seu espa\u00e7o para ficar por dentro dos principais acontecimentos locais, regionais, Brasil, Mundo e de interesse geral. Nosso compromisso \u00e9 com a verdade, a transpar\u00eancia e o respeito ao leitor.","legalName":"UBIRATA ONLINE NOT\u00cdCIAS","foundingDate":"2009-01-05","numberOfEmployees":{"@type":"QuantitativeValue","minValue":"1","maxValue":"10"},"publishingPrinciples":"https:\/\/ubirataonline.com.br\/faq\/","address":{"@id":"https:\/\/ubirataonline.com.br\/the-fall-of-an-mlb-superstar-plus-a-sad-day-in-the-nba\/#local-main-place-address"},"geo":{"@type":"GeoCoordinates","latitude":"-24.5361401","longitude":"-52.9921776"},"telephone":["+5544998308235"],"contactPoint":{"@type":"ContactPoint","email":"contato@ubirataonline.com.br"},"openingHoursSpecification":{"@type":"OpeningHoursSpecification","dayOfWeek":["Monday","Tuesday","Wednesday","Thursday","Friday","Saturday","Sunday"],"opens":"00:00","closes":"23:59"},"email":"contato@ubirataonline.com.br","vatID":"47.621.418\/0001-80"},{"@type":"Person","@id":"https:\/\/ubirataonline.com.br\/#\/schema\/person\/372f87bbd3fdd79b8556b84c98d0bc1c","name":"REDA\u00c7\u00c3O: UBIRAT\u00c3 ONLINE - F\u00c1BIO AUGUSTO CELESTINO","pronouns":"Ele","description":"Desde 2003 trabalhando com not\u00edcias.","sameAs":["http:\/\/ubirataoline.com.br","https:\/\/www.facebook.com\/portalubirataonline","https:\/\/www.instagram.com\/ubirataonline_oficial","https:\/\/x.com\/x.com\/ubirataonline"],"honorificPrefix":"Mr.","honorificSuffix":"MD","birthDate":"1980-06-16","gender":"masculino","award":["V\u00e1rios pr\u00eamios de melhor portal da cidade"],"jobTitle":"Diretor","url":"https:\/\/ubirataonline.com.br\/en\/author\/ubirataonline\/"},{"@type":"PostalAddress","@id":"https:\/\/ubirataonline.com.br\/the-fall-of-an-mlb-superstar-plus-a-sad-day-in-the-nba\/#local-main-place-address","streetAddress":"Rua dos Coqueiros, 104 - Bairro Boa Vista, Rua dos Coqueiros, 104 Bairro Boa Vista","addressLocality":"UBIRATA","postalCode":"85440-000","addressRegion":"PR","addressCountry":"BR"},{"@type":"ImageObject","inLanguage":"en-US","@id":"https:\/\/ubirataonline.com.br\/the-fall-of-an-mlb-superstar-plus-a-sad-day-in-the-nba\/#local-main-organization-logo","url":"https:\/\/ubirataonline.com.br\/wp-content\/uploads\/2026\/06\/logoubirataonline-1.webp","contentUrl":"https:\/\/ubirataonline.com.br\/wp-content\/uploads\/2026\/06\/logoubirataonline-1.webp","width":500,"height":500,"caption":"Ubirat\u00e3 Online Not\u00edcias"}]},"geo.placename":"UBIRATA","geo.position":{"lat":"-24.5361401","long":"-52.9921776"},"geo.region":"Brazil"},"_links":{"self":[{"href":"https:\/\/ubirataonline.com.br\/en\/wp-json\/wp\/v2\/posts\/128573","targetHints":{"allow":["GET"]}}],"collection":[{"href":"https:\/\/ubirataonline.com.br\/en\/wp-json\/wp\/v2\/posts"}],"about":[{"href":"https:\/\/ubirataonline.com.br\/en\/wp-json\/wp\/v2\/types\/post"}],"author":[{"embeddable":true,"href":"https:\/\/ubirataonline.com.br\/en\/wp-json\/wp\/v2\/users\/1"}],"replies":[{"embeddable":true,"href":"https:\/\/ubirataonline.com.br\/en\/wp-json\/wp\/v2\/comments?post=128573"}],"version-history":[{"count":0,"href":"https:\/\/ubirataonline.com.br\/en\/wp-json\/wp\/v2\/posts\/128573\/revisions"}],"wp:featuredmedia":[{"embeddable":true,"href":"https:\/\/ubirataonline.com.br\/en\/wp-json\/wp\/v2\/media\/128574"}],"wp:attachment":[{"href":"https:\/\/ubirataonline.com.br\/en\/wp-json\/wp\/v2\/media?parent=128573"}],"wp:term":[{"taxonomy":"category","embeddable":true,"href":"https:\/\/ubirataonline.com.br\/en\/wp-json\/wp\/v2\/categories?post=128573"},{"taxonomy":"post_tag","embeddable":true,"href":"https:\/\/ubirataonline.com.br\/en\/wp-json\/wp\/v2\/tags?post=128573"}],"curies":[{"name":"wp","href":"https:\/\/api.w.org\/{rel}","templated":true}]}}