{"id":128590,"date":"2026-05-13T09:51:08","date_gmt":"2026-05-13T12:51:08","guid":{"rendered":"https:\/\/ubirataonline.com.br\/best-bay-area-events-parades-and-festivals\/"},"modified":"2026-05-13T09:51:13","modified_gmt":"2026-05-13T12:51:13","slug":"best-bay-area-events-parades-and-festivals","status":"publish","type":"post","link":"https:\/\/ubirataonline.com.br\/en\/best-bay-area-events-parades-and-festivals\/","title":{"rendered":"Best Bay Area events, parades and festivals"},"content":{"rendered":"<p><br \/>\n<\/p>\n<div id=\"\">\n<section class=\"rel pb32 -mx20 sm:-mx40 lg:-mx56 x100vw sm:cw-80 lg:cw-112\" aria-label=\"Carousel Gallery\">\n<div class=\"rel x100\">\n<figure role=\"group\" aria-hidden=\"false\" aria-label=\"Frame 1 of 2\" class=\"rel m0 fdc top tdl300 td300 ttfeio rel o100 vv f x100\">\n<div class=\"rel x100 ar3-2 block\"><picture><source type=\"image\/webp\" media=\"(min-width: 1060px)\" srcset=\"https:\/\/s.hdnux.com\/photos\/01\/66\/17\/22\/30995641\/4\/960x0.webp\"\/><source type=\"image\/webp\" media=\"(min-width: 1048px)\" srcset=\"https:\/\/s.hdnux.com\/photos\/01\/66\/17\/22\/30995641\/4\/640x0.webp\"\/><source type=\"image\/webp\" media=\"(min-width: 1024px)\" srcset=\"https:\/\/s.hdnux.com\/photos\/01\/66\/17\/22\/30995641\/4\/1080x0.webp\"\/><source type=\"image\/webp\" media=\"(min-width: 784px)\" srcset=\"https:\/\/s.hdnux.com\/photos\/01\/66\/17\/22\/30995641\/4\/960x0.webp\"\/><source type=\"image\/webp\" media=\"(min-width: 768px)\" srcset=\"https:\/\/s.hdnux.com\/photos\/01\/66\/17\/22\/30995641\/4\/720x0.webp\"\/><source type=\"image\/webp\" media=\"(min-width: 768px)\" srcset=\"https:\/\/s.hdnux.com\/photos\/01\/66\/17\/22\/30995641\/4\/960x0.webp\"\/><source type=\"image\/webp\" media=\"(min-width: 720px)\" srcset=\"https:\/\/s.hdnux.com\/photos\/01\/66\/17\/22\/30995641\/4\/768x0.webp\"\/><source type=\"image\/webp\" media=\"(min-width: 640px)\" srcset=\"https:\/\/s.hdnux.com\/photos\/01\/66\/17\/22\/30995641\/4\/720x0.webp\"\/><source type=\"image\/webp\" media=\"(min-width: 480px)\" srcset=\"https:\/\/s.hdnux.com\/photos\/01\/66\/17\/22\/30995641\/4\/640x0.webp\"\/><source type=\"image\/webp\" media=\"(min-width: 360px)\" srcset=\"https:\/\/s.hdnux.com\/photos\/01\/66\/17\/22\/30995641\/4\/480x0.webp\"\/><source type=\"image\/webp\" media=\"(min-width: 240px)\" srcset=\"https:\/\/s.hdnux.com\/photos\/01\/66\/17\/22\/30995641\/4\/360x0.webp\"\/><source type=\"image\/webp\" media=\"(max-width: 239px)\" srcset=\"https:\/\/s.hdnux.com\/photos\/01\/66\/17\/22\/30995641\/4\/240x0.webp\"\/><\/picture><\/div><figcaption id=\"mediaCaptionAria\" class=\"f fdc g2 rel px20 sm:px0 td300 ttfeio tdl300 o100 rel\"><span class=\"photoCaption c-gray700 block oy-hidden mh46px\"><\/p>\n<div data-server-side-rendered=\"true\" class=\"r12zgbl0 ruduv2y\">\n<p>Members of Scouting America and Scouts BSA work together as they prepare to raise flags at the\u00a0Benicia Historic Arsenal Post Cemetery before the Arsenal Program during Memorial Day events in\u00a0Benicia in\u00a02025.<\/p>\n<\/div>\n<p><\/span><span class=\"photoCredit c-gray600 block rel z1 mt2 p4ywqby mnh24px\"><span>Lea Suzuki\/S.F. Chronicle<\/span><\/span><\/figcaption><\/figure>\n<figure role=\"group\" aria-hidden=\"true\" aria-label=\"Frame 2 of 2\" class=\"rel m0 fdc top tdl300 td300 ttfeio abs o0 vh f x100\">\n<div class=\"rel x100 ar3-2 block\"><picture><source type=\"image\/webp\" media=\"(min-width: 1060px)\" srcset=\"https:\/\/s.hdnux.com\/photos\/01\/66\/17\/23\/30995708\/4\/960x0.webp\"\/><source type=\"image\/webp\" media=\"(min-width: 1048px)\" srcset=\"https:\/\/s.hdnux.com\/photos\/01\/66\/17\/23\/30995708\/4\/640x0.webp\"\/><source type=\"image\/webp\" media=\"(min-width: 1024px)\" srcset=\"https:\/\/s.hdnux.com\/photos\/01\/66\/17\/23\/30995708\/4\/1080x0.webp\"\/><source type=\"image\/webp\" media=\"(min-width: 784px)\" srcset=\"https:\/\/s.hdnux.com\/photos\/01\/66\/17\/23\/30995708\/4\/960x0.webp\"\/><source type=\"image\/webp\" media=\"(min-width: 768px)\" srcset=\"https:\/\/s.hdnux.com\/photos\/01\/66\/17\/23\/30995708\/4\/720x0.webp\"\/><source type=\"image\/webp\" media=\"(min-width: 768px)\" srcset=\"https:\/\/s.hdnux.com\/photos\/01\/66\/17\/23\/30995708\/4\/960x0.webp\"\/><source type=\"image\/webp\" media=\"(min-width: 720px)\" srcset=\"https:\/\/s.hdnux.com\/photos\/01\/66\/17\/23\/30995708\/4\/768x0.webp\"\/><source type=\"image\/webp\" media=\"(min-width: 640px)\" srcset=\"https:\/\/s.hdnux.com\/photos\/01\/66\/17\/23\/30995708\/4\/720x0.webp\"\/><source type=\"image\/webp\" media=\"(min-width: 480px)\" srcset=\"https:\/\/s.hdnux.com\/photos\/01\/66\/17\/23\/30995708\/4\/640x0.webp\"\/><source type=\"image\/webp\" media=\"(min-width: 360px)\" srcset=\"https:\/\/s.hdnux.com\/photos\/01\/66\/17\/23\/30995708\/4\/480x0.webp\"\/><source type=\"image\/webp\" media=\"(min-width: 240px)\" srcset=\"https:\/\/s.hdnux.com\/photos\/01\/66\/17\/23\/30995708\/4\/360x0.webp\"\/><source type=\"image\/webp\" media=\"(max-width: 239px)\" srcset=\"https:\/\/s.hdnux.com\/photos\/01\/66\/17\/23\/30995708\/4\/240x0.webp\"\/><img decoding=\"async\" alt=\"Festivalgoers congregate by a LOVE installation during BottleRock 2025 at Napa Valley Expo in Napa.\" loading=\"lazy\" srcset=\"https:\/\/s.hdnux.com\/photos\/01\/66\/17\/23\/30995708\/4\/80x0.jpg 80w, https:\/\/s.hdnux.com\/photos\/01\/66\/17\/23\/30995708\/4\/160x0.jpg 160w, https:\/\/s.hdnux.com\/photos\/01\/66\/17\/23\/30995708\/4\/240x0.jpg 240w, https:\/\/s.hdnux.com\/photos\/01\/66\/17\/23\/30995708\/4\/360x0.jpg 360w, https:\/\/s.hdnux.com\/photos\/01\/66\/17\/23\/30995708\/4\/480x0.jpg 480w, https:\/\/s.hdnux.com\/photos\/01\/66\/17\/23\/30995708\/4\/640x0.jpg 640w, https:\/\/s.hdnux.com\/photos\/01\/66\/17\/23\/30995708\/4\/720x0.jpg 720w, https:\/\/s.hdnux.com\/photos\/01\/66\/17\/23\/30995708\/4\/960x0.jpg 960w, https:\/\/s.hdnux.com\/photos\/01\/66\/17\/23\/30995708\/4\/1080x0.jpg 1080w, https:\/\/s.hdnux.com\/photos\/01\/66\/17\/23\/30995708\/4\/1440x0.jpg 1440w, https:\/\/s.hdnux.com\/photos\/01\/66\/17\/23\/30995708\/4\/1920x0.jpg 1920w\" sizes=\"(min-width: 1200px) 1440px, 100vw\" src=\"aspect-ratio:3 \/ 2\" class=\"x100 y100 opc bgpc ofcv bgscv block bg-black mnh0px fill\"\/><\/picture><\/div><figcaption id=\"mediaCaptionAria\" class=\"f fdc g2 rel px20 sm:px0 td300 ttfeio tdl300 o0 rel\"><span class=\"photoCaption c-gray700 block oy-hidden mh46px\"><\/p>\n<div data-server-side-rendered=\"true\" class=\"r12zgbl0 ruduv2y\">\n<p>Festivalgoers congregate by a LOVE installation during BottleRock 2025 at Napa Valley Expo in Napa.<\/p>\n<\/div>\n<p><\/span><span class=\"photoCredit c-gray600 block rel z1 mt2 p4ywqby mnh24px\"><span>Scott Strazzante\/S.F. Chronicle<\/span><\/span><\/figcaption><\/figure>\n<\/div>\n<\/section>\n<div class=\"r1udwkp5 d1uy5mhj articleBody mb32\" data-block-type=\"text\" data-dropcap=\"false\">\n<p>Celebrated on the last Monday in May, Memorial Day will see Bay Area organizations marking the occasion with wreath-laying ceremonies, memorial services and special presentations honoring American soldiers and their personal sacrifices made for our country.<\/p>\n<\/div>\n<div class=\"r1udwkp5 d1uy5mhj articleBody mb32\" data-block-type=\"text\" data-dropcap=\"false\">\n<p>But in addition to solemn observances on May 25, the three-day weekend marks the unofficial start to the summer season. Whether you choose to hit the beach for an afternoon barbecue, or brave the crowds at one of the many large-scale events \u2014 including Carnaval San Francisco and the BottleRock Napa Valley music festival \u2014 there are an abundance of celebratory options to get into some good fun.<\/p>\n<\/div>\n<p><h2>Services and ceremonies<\/h2>\n<\/p>\n<p><h3>Memorial Day flag planting at San Francisco National Cemetery<\/h3>\n<\/p>\n<div class=\"r1udwkp5 d1uy5mhj articleBody mb32\" data-block-type=\"text\" data-dropcap=\"false\">\n<p>Join scouts of all ages to help plant thousands of flags in preparation for the Presidio National Cemetery\u2019s Memorial Day observance. While it is a major service event for local Scouts, friends, families and community volunteers are encouraged to participate in this tribute to fallen U.S. military personnel.<\/p>\n<\/div>\n<div class=\"pt16 sy16 bb bt b-gray300 mb32\">\n<div class=\"\">\n<p class=\"uiTextSmall f aic jcc\">Article continues below this ad<\/p>\n<\/div>\n<\/div>\n<div class=\"r1udwkp5 d1uy5mhj articleBody mb32\" data-block-type=\"text\" data-dropcap=\"false\">\n<p><em>Arrive by 8:45 a.m.; program 9-11 a.m. Saturday, May 23. Free, registration required. San Francisco Presidio National Cemetery, 1 Lincoln Blvd., S.F. <\/em><em><a href=\"http:\/\/www.goldengatescouting.org\/memorial-day-flags\" data-link=\"native\" class=\"\">www.goldengatescouting.org\/memorial-day-flags<\/a><\/em><\/p>\n<\/div>\n<p><h3>Royal Canadian Legion Memorial Day service<\/h3>\n<\/p>\n<div class=\"r1udwkp5 d1uy5mhj articleBody mb32\" data-block-type=\"text\" data-dropcap=\"false\">\n<p>Branch 25 of the Royal Canadian Legion San Francisco Bay Area plans to host a program honoring the holiday with members of the U.S. Naval Sea Cadet Corps, Arkansas Division.<\/p>\n<\/div>\n<div class=\"mb32\">\n<div class=\"x100 bg-white f fdc aic mxa p20 deep br4\">\n<div class=\"f fdc aic mb10\">\n<div class=\"f aic jcc\">\n<div class=\"f aic\">\n<p><svg xmlns=\"http:\/\/www.w3.org\/2000\/svg\" width=\"50\" height=\"50\" viewbox=\"0 0 101 100\" fill=\"none\" class=\"y100 bubi3gv\" role=\"img\" aria-label=\"San Francisco Chronicle Logo\"><desc>San Francisco Chronicle Logo<\/desc><use href=\"#logosource-sfchronicle-badge\"\/><\/svg><\/p>\n<\/div>\n<p><svg width=\"40\" height=\"40\" fill=\"none\" viewbox=\"0 0 24 24\" class=\"p0\"><path d=\"M23.7449 12.27C23.7449 11.48 23.6749 10.73 23.5549 10H12.2549V14.51H18.7249C18.4349 15.99 17.5849 17.24 16.3249 18.09V21.09H20.1849C22.4449 19 23.7449 15.92 23.7449 12.27Z\" fill=\"#4285F4\"\/><path d=\"M12.2549 24C15.4949 24 18.2049 22.92 20.1849 21.09L16.3249 18.09C15.2449 18.81 13.8749 19.25 12.2549 19.25C9.12492 19.25 6.47492 17.14 5.52492 14.29H1.54492V17.38C3.51492 21.3 7.56492 24 12.2549 24Z\" fill=\"#34A853\"\/><path d=\"M5.52488 14.29C5.27488 13.57 5.14488 12.8 5.14488 12C5.14488 11.2 5.28488 10.43 5.52488 9.71V6.62H1.54488C0.724882 8.24 0.254883 10.06 0.254883 12C0.254883 13.94 0.724882 15.76 1.54488 17.38L5.52488 14.29Z\" fill=\"#FBBC05\"\/><path d=\"M12.2549 4.75C14.0249 4.75 15.6049 5.36 16.8549 6.55L20.2749 3.13C18.2049 1.19 15.4949 0 12.2549 0C7.56492 0 3.51492 2.7 1.54492 6.62L5.52492 9.71C6.47492 6.86 9.12492 4.75 12.2549 4.75Z\" fill=\"#EA4335\"\/><\/svg><\/div>\n<\/div>\n<p>Make us a Preferred Source to get more of our news when you search.<\/p>\n<p><a href=\"https:\/\/www.google.com\/preferences\/source?q=sfchronicle.com\" data-link=\"native\" role=\"button\" aria-label=\"Add Preferred Source\" class=\"td300 cp f aic jcc disabled:cd wsn px24 y40px px16 py8 buttonSm fs13 xs:fs16 xs:buttonLg bg-primaryAccessible hover:o80 c-white disabled:bg-gray300 disabled:c-gray600 border bn tac br2\"><\/p>\n<p>Add Preferred Source<\/p>\n<p><\/a><\/div>\n<\/div>\n<div class=\"r1udwkp5 d1uy5mhj articleBody mb32\" data-block-type=\"text\" data-dropcap=\"false\">\n<p><em>11 a.m.-noon Saturday, May 23. Free. Greenlawn Memorial Park, 1100 El Camino Real, Colma. 203-997-6330. <\/em><em><a href=\"http:\/\/www.royalcanadianlegionus25.com\" data-link=\"native\" class=\"\">www.royalcanadianlegionus25.com<\/a><\/em><\/p>\n<\/div>\n<div class=\"pt16 sy16 bb bt b-gray300 mb32\">\n<div class=\"\">\n<p class=\"uiTextSmall f aic jcc\">Article continues below this ad<\/p>\n<\/div>\n<\/div>\n<figure class=\"rel f m0 fdc -mx20 sm:mx0 x100vw sm:x100 mb32\">\n<div class=\"rel x100 block\"><picture><source type=\"image\/webp\" media=\"(min-width: 1260px)\" srcset=\"https:\/\/s.hdnux.com\/photos\/01\/66\/17\/22\/30995646\/10\/ratio3x2_960.webp\"\/><source type=\"image\/webp\" media=\"(min-width: 1186px)\" srcset=\"https:\/\/s.hdnux.com\/photos\/01\/66\/17\/22\/30995646\/10\/ratio3x2_720.webp\"\/><source type=\"image\/webp\" media=\"(min-width: 1048px)\" srcset=\"https:\/\/s.hdnux.com\/photos\/01\/66\/17\/22\/30995646\/10\/ratio3x2_640.webp\"\/><source type=\"image\/webp\" media=\"(min-width: 874px)\" srcset=\"https:\/\/s.hdnux.com\/photos\/01\/66\/17\/22\/30995646\/10\/ratio3x2_960.webp\"\/><source type=\"image\/webp\" media=\"(min-width: 798px)\" srcset=\"https:\/\/s.hdnux.com\/photos\/01\/66\/17\/22\/30995646\/10\/ratio3x2_720.webp\"\/><source type=\"image\/webp\" media=\"(min-width: 768px)\" srcset=\"https:\/\/s.hdnux.com\/photos\/01\/66\/17\/22\/30995646\/10\/ratio3x2_640.webp\"\/><source type=\"image\/webp\" media=\"(min-width: 768px)\" srcset=\"https:\/\/s.hdnux.com\/photos\/01\/66\/17\/22\/30995646\/10\/ratio3x2_960.webp\"\/><source type=\"image\/webp\" media=\"(min-width: 720px)\" srcset=\"https:\/\/s.hdnux.com\/photos\/01\/66\/17\/22\/30995646\/10\/ratio3x2_768.webp\"\/><source type=\"image\/webp\" media=\"(min-width: 640px)\" srcset=\"https:\/\/s.hdnux.com\/photos\/01\/66\/17\/22\/30995646\/10\/ratio3x2_720.webp\"\/><source type=\"image\/webp\" media=\"(min-width: 480px)\" srcset=\"https:\/\/s.hdnux.com\/photos\/01\/66\/17\/22\/30995646\/10\/ratio3x2_640.webp\"\/><source type=\"image\/webp\" media=\"(min-width: 360px)\" srcset=\"https:\/\/s.hdnux.com\/photos\/01\/66\/17\/22\/30995646\/10\/ratio3x2_480.webp\"\/><source type=\"image\/webp\" media=\"(min-width: 240px)\" srcset=\"https:\/\/s.hdnux.com\/photos\/01\/66\/17\/22\/30995646\/10\/ratio3x2_360.webp\"\/><source type=\"image\/webp\" media=\"(max-width: 239px)\" srcset=\"https:\/\/s.hdnux.com\/photos\/01\/66\/17\/22\/30995646\/10\/ratio3x2_240.webp\"\/><img decoding=\"async\" alt=\"Flags are taken out to decorate graves ahead of Memorial Day at Golden Gate National Cemetery in San Bruno in 2024.\" loading=\"lazy\" srcset=\"https:\/\/s.hdnux.com\/photos\/01\/66\/17\/22\/30995646\/10\/ratio3x2_80.jpg 80w, https:\/\/s.hdnux.com\/photos\/01\/66\/17\/22\/30995646\/10\/ratio3x2_160.jpg 160w, https:\/\/s.hdnux.com\/photos\/01\/66\/17\/22\/30995646\/10\/ratio3x2_240.jpg 240w, https:\/\/s.hdnux.com\/photos\/01\/66\/17\/22\/30995646\/10\/ratio3x2_360.jpg 360w, https:\/\/s.hdnux.com\/photos\/01\/66\/17\/22\/30995646\/10\/ratio3x2_480.jpg 480w, https:\/\/s.hdnux.com\/photos\/01\/66\/17\/22\/30995646\/10\/ratio3x2_640.jpg 640w, https:\/\/s.hdnux.com\/photos\/01\/66\/17\/22\/30995646\/10\/ratio3x2_720.jpg 720w, https:\/\/s.hdnux.com\/photos\/01\/66\/17\/22\/30995646\/10\/ratio3x2_960.jpg 960w\" sizes=\"(min-width: 1260px) 960px, (min-width: 1048px) 67vw, (min-width: 768px) 90vw, 100vw\" src=\"aspect-ratio:3 \/ 2\" class=\"x100 y100 opc bgpc ofcv bgscv block bg-gray200 mnh0px fill\"\/><\/picture><\/div><figcaption id=\"mediaCaptionAria\" class=\"f fdc g2 rel pt8 px20 sm:px0 rel\"><span class=\"photoCaption c-gray700 block ya\"><\/p>\n<div data-server-side-rendered=\"true\" class=\"r12zgbl0 ruduv2y\">\n<p>Flags are taken out to decorate graves ahead of Memorial Day at Golden Gate National Cemetery in San Bruno in 2024.<\/p>\n<\/div>\n<p><\/span><span class=\"photoCredit c-gray600 block rel z1 mt2 mr48\"><span>Santiago Mejia\/S.F. Chronicle<\/span><\/span><\/figcaption><\/figure>\n<p><h3>Benicia Arsenal Post Cemetery Memorial Day ceremony<\/h3>\n<\/p>\n<div class=\"r1udwkp5 d1uy5mhj articleBody mb32\" data-block-type=\"text\" data-dropcap=\"false\">\n<p>Commemorate Memorial Day with a visit to the oldest military cemetery on the West Coast.<\/p>\n<\/div>\n<div class=\"r1udwkp5 d1uy5mhj articleBody mb32\" data-block-type=\"text\" data-dropcap=\"false\">\n<p><em>10 a.m. Monday, May 25. Free. Birch Road, Benicia. <\/em><em><a href=\"http:\/\/www.cem.va.gov\/Memorial-Day\" data-link=\"native\" class=\"\">www.cem.va.gov\/Memorial-Day<\/a><\/em><\/p>\n<\/div>\n<p><h3>San Rafael Memorial Day service<\/h3>\n<\/p>\n<div class=\"r1udwkp5 d1uy5mhj articleBody mb32\" data-block-type=\"text\" data-dropcap=\"false\">\n<p>The <a href=\"https:\/\/www.facebook.com\/people\/Marin-County-United-Veterans-Council\/100066410301894\/\" data-link=\"native\" class=\"\">Marin County United Veterans Council<\/a> will conduct a program featuring patriotic music, speakers, a flag display and wreath-laying ceremony.<\/p>\n<\/div>\n<div class=\"pt16 sy16 bb bt b-gray300 mb32\">\n<div class=\"\">\n<p class=\"uiTextSmall f aic jcc\">Article continues below this ad<\/p>\n<\/div>\n<\/div>\n<div class=\"r1udwkp5 d1uy5mhj articleBody mb32\" data-block-type=\"text\" data-dropcap=\"false\">\n<p><em>9-11 a.m. Monday, May 25. Free. Marin Center Exhibit Hall, 20 Avenue of the Flags, San Rafael. 415-473-7000. <\/em><em><a href=\"http:\/\/www.marincenter.marincounty.gov\" data-link=\"native\" class=\"\">www.marincenter.marincounty.gov<\/a><\/em><\/p>\n<\/div>\n<p><h3>Hillsborough Memorial Day music festival and parade<\/h3>\n<\/p>\n<div class=\"r1udwkp5 d1uy5mhj articleBody mb32\" data-block-type=\"text\" data-dropcap=\"false\">\n<p>The town parade kicks off an afternoon filled with Memorial Day activities, including a wreath laying observance and memorial ceremony followed by a carnival with live music and food trucks.<\/p>\n<\/div>\n<div class=\"r1udwkp5 d1uy5mhj articleBody mb32\" data-block-type=\"text\" data-dropcap=\"false\">\n<p><em>Parade 10 a.m.; observance 11 a.m.; music festival 11 a.m.-2:30 p.m. Monday, May 25. Free. Town Hall, 1600 Floribunda Ave., Hillsborough. 650-375-7400. <\/em><em><a href=\"http:\/\/www.hillsborough.net\/281\/Annual-Memorial-Day-Event\" data-link=\"native\" class=\"\">www.hillsborough.net\/281\/Annual-Memorial-Day-Event<\/a><\/em><\/p>\n<\/div>\n<p><h3>USS Hornet Memorial Day 2026<\/h3>\n<\/p>\n<div class=\"r1udwkp5 d1uy5mhj articleBody mb32\" data-block-type=\"text\" data-dropcap=\"false\">\n<p>Observe the occasion onboard the USS Hornet with a wreath-laying ceremony, color guard presentation, guest speakers and an <a href=\"https:\/\/partiful.com\/e\/UXLCk29UGHzLoHzdUNb1\" data-link=\"native\" class=\"\">Operation Charlie challenge workout<\/a> and brunch.\u00a0<\/p>\n<\/div>\n<div class=\"pt16 sy16 bb bt b-gray300 mb32\">\n<div class=\"\">\n<p class=\"uiTextSmall f aic jcc\">Article continues below this ad<\/p>\n<\/div>\n<\/div>\n<div class=\"r1udwkp5 d1uy5mhj articleBody mb32\" data-block-type=\"text\" data-dropcap=\"false\">\n<p><em>10 a.m.-5 p.m. Monday, May 25. Included with museum admission. USS Hornet Museum,707 W. Hornet Ave., Pier 3, Alameda. 510-521-8448. <\/em><em><a href=\"http:\/\/www.uss-hornet.org\" data-link=\"native\" class=\"\">www.uss-hornet.org<\/a><\/em><\/p>\n<\/div>\n<figure class=\"rel f m0 fdc -mx20 sm:mx0 x100vw sm:x100 mb32\">\n<div class=\"rel x100 block\"><picture><source type=\"image\/webp\" media=\"(min-width: 1260px)\" srcset=\"https:\/\/s.hdnux.com\/photos\/01\/66\/17\/23\/30995675\/8\/ratio3x2_960.webp\"\/><source type=\"image\/webp\" media=\"(min-width: 1186px)\" srcset=\"https:\/\/s.hdnux.com\/photos\/01\/66\/17\/23\/30995675\/8\/ratio3x2_720.webp\"\/><source type=\"image\/webp\" media=\"(min-width: 1048px)\" srcset=\"https:\/\/s.hdnux.com\/photos\/01\/66\/17\/23\/30995675\/8\/ratio3x2_640.webp\"\/><source type=\"image\/webp\" media=\"(min-width: 874px)\" srcset=\"https:\/\/s.hdnux.com\/photos\/01\/66\/17\/23\/30995675\/8\/ratio3x2_960.webp\"\/><source type=\"image\/webp\" media=\"(min-width: 798px)\" srcset=\"https:\/\/s.hdnux.com\/photos\/01\/66\/17\/23\/30995675\/8\/ratio3x2_720.webp\"\/><source type=\"image\/webp\" media=\"(min-width: 768px)\" srcset=\"https:\/\/s.hdnux.com\/photos\/01\/66\/17\/23\/30995675\/8\/ratio3x2_640.webp\"\/><source type=\"image\/webp\" media=\"(min-width: 768px)\" srcset=\"https:\/\/s.hdnux.com\/photos\/01\/66\/17\/23\/30995675\/8\/ratio3x2_960.webp\"\/><source type=\"image\/webp\" media=\"(min-width: 720px)\" srcset=\"https:\/\/s.hdnux.com\/photos\/01\/66\/17\/23\/30995675\/8\/ratio3x2_768.webp\"\/><source type=\"image\/webp\" media=\"(min-width: 640px)\" srcset=\"https:\/\/s.hdnux.com\/photos\/01\/66\/17\/23\/30995675\/8\/ratio3x2_720.webp\"\/><source type=\"image\/webp\" media=\"(min-width: 480px)\" srcset=\"https:\/\/s.hdnux.com\/photos\/01\/66\/17\/23\/30995675\/8\/ratio3x2_640.webp\"\/><source type=\"image\/webp\" media=\"(min-width: 360px)\" srcset=\"https:\/\/s.hdnux.com\/photos\/01\/66\/17\/23\/30995675\/8\/ratio3x2_480.webp\"\/><source type=\"image\/webp\" media=\"(min-width: 240px)\" srcset=\"https:\/\/s.hdnux.com\/photos\/01\/66\/17\/23\/30995675\/8\/ratio3x2_360.webp\"\/><source type=\"image\/webp\" media=\"(max-width: 239px)\" srcset=\"https:\/\/s.hdnux.com\/photos\/01\/66\/17\/23\/30995675\/8\/ratio3x2_240.webp\"\/><img decoding=\"async\" alt=\"Chaplain Wallace Whatley addresses the audience gathered at the fantail for the wreath toss during Memorial Day services on the USS Hornet Sea, Air and Space Museum in Alameda in 2022.\" loading=\"lazy\" srcset=\"https:\/\/s.hdnux.com\/photos\/01\/66\/17\/23\/30995675\/8\/ratio3x2_80.jpg 80w, https:\/\/s.hdnux.com\/photos\/01\/66\/17\/23\/30995675\/8\/ratio3x2_160.jpg 160w, https:\/\/s.hdnux.com\/photos\/01\/66\/17\/23\/30995675\/8\/ratio3x2_240.jpg 240w, https:\/\/s.hdnux.com\/photos\/01\/66\/17\/23\/30995675\/8\/ratio3x2_360.jpg 360w, https:\/\/s.hdnux.com\/photos\/01\/66\/17\/23\/30995675\/8\/ratio3x2_480.jpg 480w, https:\/\/s.hdnux.com\/photos\/01\/66\/17\/23\/30995675\/8\/ratio3x2_640.jpg 640w, https:\/\/s.hdnux.com\/photos\/01\/66\/17\/23\/30995675\/8\/ratio3x2_720.jpg 720w, https:\/\/s.hdnux.com\/photos\/01\/66\/17\/23\/30995675\/8\/ratio3x2_960.jpg 960w\" sizes=\"(min-width: 1260px) 960px, (min-width: 1048px) 67vw, (min-width: 768px) 90vw, 100vw\" src=\"aspect-ratio:3 \/ 2\" class=\"x100 y100 opc bgpc ofcv bgscv block bg-gray200 mnh0px fill\"\/><\/picture><\/div><figcaption id=\"mediaCaptionAria\" class=\"f fdc g2 rel pt8 px20 sm:px0 rel\"><span class=\"photoCaption c-gray700 block ya\"><\/p>\n<div data-server-side-rendered=\"true\" class=\"r12zgbl0 ruduv2y\">\n<p>Chaplain Wallace Whatley addresses the audience gathered at the fantail for the wreath toss during Memorial Day services on the USS Hornet Sea, Air and Space Museum in Alameda in 2022.<\/p>\n<\/div>\n<p><\/span><span class=\"photoCredit c-gray600 block rel z1 mt2 mr48\"><span>Don Feria\/For the S.F. Chronicle<\/span><\/span><\/figcaption><\/figure>\n<p><h3>San Francisco Maritime National Park lost boat ceremony<\/h3>\n<\/p>\n<div class=\"r1udwkp5 d1uy5mhj articleBody mb32\" data-block-type=\"text\" data-dropcap=\"false\">\n<p>The crew of the USS Pampanito will host a ceremony to honor those who have served and lost their lives while in service to the country at sea.<\/p>\n<\/div>\n<div class=\"r1udwkp5 d1uy5mhj articleBody mb32\" data-block-type=\"text\" data-dropcap=\"false\">\n<p><em>10 a.m.-noon Monday, May 25. Free. USS Pampanito, Historic Pier 45, S.F. 415-561-6662. <\/em><em><a href=\"http:\/\/www.maritime.org\/event\/lostboatceremony\" data-link=\"native\" class=\"\">www.maritime.org\/event\/lostboatceremony<\/a><\/em><\/p>\n<\/div>\n<div class=\"pt16 sy16 bb bt b-gray300 mb32\">\n<div class=\"\">\n<p class=\"uiTextSmall f aic jcc\">Article continues below this ad<\/p>\n<\/div>\n<\/div>\n<p><h3>Mountain View Cemetery Memorial Day commemoration<\/h3>\n<\/p>\n<div class=\"r1udwkp5 d1uy5mhj articleBody mb32\" data-block-type=\"text\" data-dropcap=\"false\">\n<p>Celebrating its 102nd anniversary, the memorial event is set to include a presentation of colors, salute to the fallen, refreshments, walking tours, live music and speakers.\u00a0<\/p>\n<\/div>\n<div class=\"r1udwkp5 d1uy5mhj articleBody mb32\" data-block-type=\"text\" data-dropcap=\"false\">\n<p><em>10 a.m.-noon ceremony; 11:30 a.m.-1 p.m. tour Monday, May 25. Free. 5000 Piedmont Ave., Oakland. 510-658-2588. <\/em><em><a href=\"http:\/\/www.mountainviewcemetery.org\" data-link=\"native\" class=\"\">www.mountainviewcemetery.org<\/a><\/em><\/p>\n<\/div>\n<figure class=\"rel f m0 fdc -mx20 sm:mx0 x100vw sm:x100 mb32\">\n<div class=\"rel x100 block\"><picture><source type=\"image\/webp\" media=\"(min-width: 1260px)\" srcset=\"https:\/\/s.hdnux.com\/photos\/01\/37\/35\/45\/25024881\/6\/ratio3x2_960.webp\"\/><source type=\"image\/webp\" media=\"(min-width: 1186px)\" srcset=\"https:\/\/s.hdnux.com\/photos\/01\/37\/35\/45\/25024881\/6\/ratio3x2_720.webp\"\/><source type=\"image\/webp\" media=\"(min-width: 1048px)\" srcset=\"https:\/\/s.hdnux.com\/photos\/01\/37\/35\/45\/25024881\/6\/ratio3x2_640.webp\"\/><source type=\"image\/webp\" media=\"(min-width: 874px)\" srcset=\"https:\/\/s.hdnux.com\/photos\/01\/37\/35\/45\/25024881\/6\/ratio3x2_960.webp\"\/><source type=\"image\/webp\" media=\"(min-width: 798px)\" srcset=\"https:\/\/s.hdnux.com\/photos\/01\/37\/35\/45\/25024881\/6\/ratio3x2_720.webp\"\/><source type=\"image\/webp\" media=\"(min-width: 768px)\" srcset=\"https:\/\/s.hdnux.com\/photos\/01\/37\/35\/45\/25024881\/6\/ratio3x2_640.webp\"\/><source type=\"image\/webp\" media=\"(min-width: 768px)\" srcset=\"https:\/\/s.hdnux.com\/photos\/01\/37\/35\/45\/25024881\/6\/ratio3x2_960.webp\"\/><source type=\"image\/webp\" media=\"(min-width: 720px)\" srcset=\"https:\/\/s.hdnux.com\/photos\/01\/37\/35\/45\/25024881\/6\/ratio3x2_768.webp\"\/><source type=\"image\/webp\" media=\"(min-width: 640px)\" srcset=\"https:\/\/s.hdnux.com\/photos\/01\/37\/35\/45\/25024881\/6\/ratio3x2_720.webp\"\/><source type=\"image\/webp\" media=\"(min-width: 480px)\" srcset=\"https:\/\/s.hdnux.com\/photos\/01\/37\/35\/45\/25024881\/6\/ratio3x2_640.webp\"\/><source type=\"image\/webp\" media=\"(min-width: 360px)\" srcset=\"https:\/\/s.hdnux.com\/photos\/01\/37\/35\/45\/25024881\/6\/ratio3x2_480.webp\"\/><source type=\"image\/webp\" media=\"(min-width: 240px)\" srcset=\"https:\/\/s.hdnux.com\/photos\/01\/37\/35\/45\/25024881\/6\/ratio3x2_360.webp\"\/><source type=\"image\/webp\" media=\"(max-width: 239px)\" srcset=\"https:\/\/s.hdnux.com\/photos\/01\/37\/35\/45\/25024881\/6\/ratio3x2_240.webp\"\/><img decoding=\"async\" alt=\"The Sea Cadet Band of the West is pictured at a past USS San Francisco Memorial Day ceremony.\" loading=\"lazy\" srcset=\"https:\/\/s.hdnux.com\/photos\/01\/37\/35\/45\/25024881\/6\/ratio3x2_80.jpg 80w, https:\/\/s.hdnux.com\/photos\/01\/37\/35\/45\/25024881\/6\/ratio3x2_160.jpg 160w, https:\/\/s.hdnux.com\/photos\/01\/37\/35\/45\/25024881\/6\/ratio3x2_240.jpg 240w, https:\/\/s.hdnux.com\/photos\/01\/37\/35\/45\/25024881\/6\/ratio3x2_360.jpg 360w, https:\/\/s.hdnux.com\/photos\/01\/37\/35\/45\/25024881\/6\/ratio3x2_480.jpg 480w, https:\/\/s.hdnux.com\/photos\/01\/37\/35\/45\/25024881\/6\/ratio3x2_640.jpg 640w, https:\/\/s.hdnux.com\/photos\/01\/37\/35\/45\/25024881\/6\/ratio3x2_720.jpg 720w, https:\/\/s.hdnux.com\/photos\/01\/37\/35\/45\/25024881\/6\/ratio3x2_960.jpg 960w\" sizes=\"(min-width: 1260px) 960px, (min-width: 1048px) 67vw, (min-width: 768px) 90vw, 100vw\" src=\"aspect-ratio:3 \/ 2\" class=\"x100 y100 opc bgpc ofcv bgscv block bg-gray200 mnh0px fill\"\/><\/picture><\/div><figcaption id=\"mediaCaptionAria\" class=\"f fdc g2 rel pt8 px20 sm:px0 rel\"><span class=\"photoCaption c-gray700 block ya\"><\/p>\n<div data-server-side-rendered=\"true\" class=\"r12zgbl0 ruduv2y\">\n<p>The Sea Cadet Band of the West is pictured at a past USS San Francisco Memorial Day ceremony.<\/p>\n<\/div>\n<p><\/span><span class=\"photoCredit c-gray600 block rel z1 mt2 mr48\"><span>USS San Francisco Memorial<\/span><\/span><\/figcaption><\/figure>\n<p><h3>Fallen Heroes memorial wreath laying<\/h3>\n<\/p>\n<div class=\"r1udwkp5 d1uy5mhj articleBody mb32\" data-block-type=\"text\" data-dropcap=\"false\">\n<p>Join the City of San Mateo for a ceremony and wreath laying at a Fallen Heroes memorial, which honors San Mateo residents who lost their lives in the line of duty serving as service members, police and firefighters.\u00a0<\/p>\n<\/div>\n<div class=\"r1udwkp5 d1uy5mhj articleBody mb32\" data-block-type=\"text\" data-dropcap=\"false\">\n<p><em>10 a.m. Monday, May 25. Free. Central Park Lawn, 50 E. 5th Ave., San Mateo. <\/em><em><a href=\"http:\/\/www.cityofsanmateo.org\" data-link=\"native\" class=\"\">www.cityofsanmateo.org<\/a><\/em><\/p>\n<\/div>\n<p><h3>Mill Valley Memorial Day parade: \u2018Our Democracy\u2019\u00a0<\/h3>\n<\/p>\n<div class=\"r1udwkp5 d1uy5mhj articleBody mb32\" data-block-type=\"text\" data-dropcap=\"false\">\n<p>Mark the holiday with a small-town parade and memorial service. Stake out a spot near downtown\u2019s Lytton Square, where some of those marching will pause for brief performances. Be ready for singing, dancing, creative floats and more. A carnival and live music concert continue Monday\u2019s festivities at the community center after the parade.<\/p>\n<\/div>\n<div class=\"r1udwkp5 d1uy5mhj articleBody mb32\" data-block-type=\"text\" data-dropcap=\"false\">\n<p><em>10:30 a.m. Monday, May 25. Free. Parade route runs from Old Mill Park to Mount Tamalpais High School along Miller Avenue, Mill Valley. <\/em><em><a href=\"http:\/\/www.mviloveaparade.com\" data-link=\"native\" class=\"\">www.mviloveaparade.com<\/a><\/em><\/p>\n<\/div>\n<figure class=\"rel f m0 fdc -mx20 sm:mx0 x100vw sm:x100 mb32\">\n<div class=\"rel x100 block\"><picture><source type=\"image\/webp\" media=\"(min-width: 1260px)\" srcset=\"https:\/\/s.hdnux.com\/photos\/01\/66\/17\/23\/30995657\/7\/ratio3x2_960.webp\"\/><source type=\"image\/webp\" media=\"(min-width: 1186px)\" srcset=\"https:\/\/s.hdnux.com\/photos\/01\/66\/17\/23\/30995657\/7\/ratio3x2_720.webp\"\/><source type=\"image\/webp\" media=\"(min-width: 1048px)\" srcset=\"https:\/\/s.hdnux.com\/photos\/01\/66\/17\/23\/30995657\/7\/ratio3x2_640.webp\"\/><source type=\"image\/webp\" media=\"(min-width: 874px)\" srcset=\"https:\/\/s.hdnux.com\/photos\/01\/66\/17\/23\/30995657\/7\/ratio3x2_960.webp\"\/><source type=\"image\/webp\" media=\"(min-width: 798px)\" srcset=\"https:\/\/s.hdnux.com\/photos\/01\/66\/17\/23\/30995657\/7\/ratio3x2_720.webp\"\/><source type=\"image\/webp\" media=\"(min-width: 768px)\" srcset=\"https:\/\/s.hdnux.com\/photos\/01\/66\/17\/23\/30995657\/7\/ratio3x2_640.webp\"\/><source type=\"image\/webp\" media=\"(min-width: 768px)\" srcset=\"https:\/\/s.hdnux.com\/photos\/01\/66\/17\/23\/30995657\/7\/ratio3x2_960.webp\"\/><source type=\"image\/webp\" media=\"(min-width: 720px)\" srcset=\"https:\/\/s.hdnux.com\/photos\/01\/66\/17\/23\/30995657\/7\/ratio3x2_768.webp\"\/><source type=\"image\/webp\" media=\"(min-width: 640px)\" srcset=\"https:\/\/s.hdnux.com\/photos\/01\/66\/17\/23\/30995657\/7\/ratio3x2_720.webp\"\/><source type=\"image\/webp\" media=\"(min-width: 480px)\" srcset=\"https:\/\/s.hdnux.com\/photos\/01\/66\/17\/23\/30995657\/7\/ratio3x2_640.webp\"\/><source type=\"image\/webp\" media=\"(min-width: 360px)\" srcset=\"https:\/\/s.hdnux.com\/photos\/01\/66\/17\/23\/30995657\/7\/ratio3x2_480.webp\"\/><source type=\"image\/webp\" media=\"(min-width: 240px)\" srcset=\"https:\/\/s.hdnux.com\/photos\/01\/66\/17\/23\/30995657\/7\/ratio3x2_360.webp\"\/><source type=\"image\/webp\" media=\"(max-width: 239px)\" srcset=\"https:\/\/s.hdnux.com\/photos\/01\/66\/17\/23\/30995657\/7\/ratio3x2_240.webp\"\/><img decoding=\"async\" alt=\"The 63D Readiness Division in a rifle salute during a Memorial Day ceremony at the San Francisco National Cemetery in 2023.\" loading=\"lazy\" srcset=\"https:\/\/s.hdnux.com\/photos\/01\/66\/17\/23\/30995657\/7\/ratio3x2_80.jpg 80w, https:\/\/s.hdnux.com\/photos\/01\/66\/17\/23\/30995657\/7\/ratio3x2_160.jpg 160w, https:\/\/s.hdnux.com\/photos\/01\/66\/17\/23\/30995657\/7\/ratio3x2_240.jpg 240w, https:\/\/s.hdnux.com\/photos\/01\/66\/17\/23\/30995657\/7\/ratio3x2_360.jpg 360w, https:\/\/s.hdnux.com\/photos\/01\/66\/17\/23\/30995657\/7\/ratio3x2_480.jpg 480w, https:\/\/s.hdnux.com\/photos\/01\/66\/17\/23\/30995657\/7\/ratio3x2_640.jpg 640w, https:\/\/s.hdnux.com\/photos\/01\/66\/17\/23\/30995657\/7\/ratio3x2_720.jpg 720w, https:\/\/s.hdnux.com\/photos\/01\/66\/17\/23\/30995657\/7\/ratio3x2_960.jpg 960w\" sizes=\"(min-width: 1260px) 960px, (min-width: 1048px) 67vw, (min-width: 768px) 90vw, 100vw\" src=\"aspect-ratio:3 \/ 2\" class=\"x100 y100 opc bgpc ofcv bgscv block bg-gray200 mnh0px fill\"\/><\/picture><\/div><figcaption id=\"mediaCaptionAria\" class=\"f fdc g2 rel pt8 px20 sm:px0 rel\"><span class=\"photoCaption c-gray700 block ya\"><\/p>\n<div data-server-side-rendered=\"true\" class=\"r12zgbl0 ruduv2y\">\n<p>The 63D Readiness Division in a rifle salute during a Memorial Day ceremony at the San Francisco National Cemetery in 2023.<\/p>\n<\/div>\n<p><\/span><span class=\"photoCredit c-gray600 block rel z1 mt2 mr48\"><span>Santiago Mejia\/S.F. Chronicle<\/span><\/span><\/figcaption><\/figure>\n<p><h3>157th annual San Francisco National Cemetery Memorial Day ceremony<\/h3>\n<\/p>\n<div class=\"r1udwkp5 d1uy5mhj articleBody mb32\" data-block-type=\"text\" data-dropcap=\"false\">\n<p>Following a <a href=\"https:\/\/presidio.gov\/explore\/attractions\/san-francisco-national-cemetery\" data-link=\"native\" class=\"\">formal ceremony<\/a> and salute at 10:30 a.m., <a href=\"https:\/\/www.interfaithpresidio.org\/\" data-link=\"native\" class=\"\">Presidio Chapel<\/a> will host a meditative concert with organist Alla Gladysheva at 12:15 p.m. Take <a href=\"https:\/\/presidio.gov\/explore\/blog\/discover-eight-presidio-memorials-and-monuments\" data-link=\"native\" class=\"\">a self-guided tour<\/a> of the Presidio\u2019s memorials and monuments. Explore a <a href=\"https:\/\/presidio.gov\/explore\/attractions\/presidio-officers-club\" data-link=\"native\" class=\"\">history exhibition at the Officer\u2019s Club,<\/a> enjoy <a href=\"https:\/\/presidio.gov\/explore\/attractions\/presidio-pop-up\" data-link=\"native\" class=\"\">local food trucks on the Main Parade Lawn<\/a> and more.<\/p>\n<\/div>\n<div class=\"r1udwkp5 d1uy5mhj articleBody mb32\" data-block-type=\"text\" data-dropcap=\"false\">\n<p>The <a href=\"https:\/\/www.cem.va.gov\/cems\/nchp\/GoldenGate.asp\" data-link=\"native\" class=\"\">Golden Gate National Cemetery<\/a> in San Bruno will also hold a morning Memorial Day ceremony.<\/p>\n<\/div>\n<div class=\"r1udwkp5 d1uy5mhj articleBody mb32\" data-block-type=\"text\" data-dropcap=\"false\">\n<p><em>10:30 a.m.-noon Monday, May 25. Free. Presidio National Cemetery, 1 Lincoln Blvd., S.F. and Presidio Chapel, 130 Fisher Loop, the Presidio, S.F. 415-561-3930. <\/em><em><a href=\"http:\/\/www.presidio.gov\/explore\/events\" data-link=\"native\" class=\"\">www.presidio.gov\/explore\/events<\/a><\/em><\/p>\n<\/div>\n<p><h3>Golden Gate National Cemetery Memorial Day ceremony<\/h3>\n<\/p>\n<div class=\"r1udwkp5 d1uy5mhj articleBody mb32\" data-block-type=\"text\" data-dropcap=\"false\">\n<p>The San Bruno national cemetery hosts its annual VA Memorial Day commemoration.\u00a0<\/p>\n<\/div>\n<div class=\"r1udwkp5 d1uy5mhj articleBody mb32\" data-block-type=\"text\" data-dropcap=\"false\">\n<p><em>11 a.m. Monday, May 25. Free. 1300 Sneath Lane, San Bruno. <\/em><em><a href=\"http:\/\/www.cem.va.gov\/Memorial-Day\" data-link=\"native\" class=\"\">www.cem.va.gov\/Memorial-Day<\/a><\/em><\/p>\n<\/div>\n<p><h3>SS Jeremiah O\u2019Brien memorial cruise<\/h3>\n<\/p>\n<div class=\"r1udwkp5 d1uy5mhj articleBody mb32\" data-block-type=\"text\" data-dropcap=\"false\">\n<p>The historic Liberty ship sails the bay with a Merchant Marine memorial ceremony, guided ship access and lunch.\u00a0<\/p>\n<\/div>\n<div class=\"r1udwkp5 d1uy5mhj articleBody mb32\" data-block-type=\"text\" data-dropcap=\"false\">\n<p><em>Boarding 9 a.m.; cruise 10 a.m.-2 p.m. Saturday, May 30. $30-$175; veterans\/active military and children 7 and under free; reservations required. Pier 35, Fisherman\u2019s Wharf, S.F. 415-544-0100. <\/em><em><a href=\"http:\/\/www.ssjeremiahobrien.org\/memorial-cruise\" data-link=\"native\" class=\"\">www.ssjeremiahobrien.org\/memorial-cruise<\/a><\/em><\/p>\n<\/div>\n<figure class=\"rel f m0 fdc -mx20 sm:mx0 x100vw sm:x100 mb32\">\n<div class=\"rel x100 block\"><picture><source type=\"image\/webp\" media=\"(min-width: 1260px)\" srcset=\"https:\/\/s.hdnux.com\/photos\/01\/66\/17\/22\/30995608\/3\/ratio4x3_960.webp\"\/><source type=\"image\/webp\" media=\"(min-width: 1186px)\" srcset=\"https:\/\/s.hdnux.com\/photos\/01\/66\/17\/22\/30995608\/3\/ratio4x3_720.webp\"\/><source type=\"image\/webp\" media=\"(min-width: 1048px)\" srcset=\"https:\/\/s.hdnux.com\/photos\/01\/66\/17\/22\/30995608\/3\/ratio4x3_640.webp\"\/><source type=\"image\/webp\" media=\"(min-width: 874px)\" srcset=\"https:\/\/s.hdnux.com\/photos\/01\/66\/17\/22\/30995608\/3\/ratio4x3_960.webp\"\/><source type=\"image\/webp\" media=\"(min-width: 798px)\" srcset=\"https:\/\/s.hdnux.com\/photos\/01\/66\/17\/22\/30995608\/3\/ratio4x3_720.webp\"\/><source type=\"image\/webp\" media=\"(min-width: 768px)\" srcset=\"https:\/\/s.hdnux.com\/photos\/01\/66\/17\/22\/30995608\/3\/ratio4x3_640.webp\"\/><source type=\"image\/webp\" media=\"(min-width: 768px)\" srcset=\"https:\/\/s.hdnux.com\/photos\/01\/66\/17\/22\/30995608\/3\/ratio4x3_960.webp\"\/><source type=\"image\/webp\" media=\"(min-width: 720px)\" srcset=\"https:\/\/s.hdnux.com\/photos\/01\/66\/17\/22\/30995608\/3\/ratio4x3_768.webp\"\/><source type=\"image\/webp\" media=\"(min-width: 640px)\" srcset=\"https:\/\/s.hdnux.com\/photos\/01\/66\/17\/22\/30995608\/3\/ratio4x3_720.webp\"\/><source type=\"image\/webp\" media=\"(min-width: 480px)\" srcset=\"https:\/\/s.hdnux.com\/photos\/01\/66\/17\/22\/30995608\/3\/ratio4x3_640.webp\"\/><source type=\"image\/webp\" media=\"(min-width: 360px)\" srcset=\"https:\/\/s.hdnux.com\/photos\/01\/66\/17\/22\/30995608\/3\/ratio4x3_480.webp\"\/><source type=\"image\/webp\" media=\"(min-width: 240px)\" srcset=\"https:\/\/s.hdnux.com\/photos\/01\/66\/17\/22\/30995608\/3\/ratio4x3_360.webp\"\/><source type=\"image\/webp\" media=\"(max-width: 239px)\" srcset=\"https:\/\/s.hdnux.com\/photos\/01\/66\/17\/22\/30995608\/3\/ratio4x3_240.webp\"\/><img decoding=\"async\" alt=\"The 52nd annual Muir Beach Volunteer Firefighters\u2019 fundraising barbecue is scheduled for May 24.\" loading=\"lazy\" srcset=\"https:\/\/s.hdnux.com\/photos\/01\/66\/17\/22\/30995608\/3\/ratio4x3_80.jpg 80w, https:\/\/s.hdnux.com\/photos\/01\/66\/17\/22\/30995608\/3\/ratio4x3_160.jpg 160w, https:\/\/s.hdnux.com\/photos\/01\/66\/17\/22\/30995608\/3\/ratio4x3_240.jpg 240w, https:\/\/s.hdnux.com\/photos\/01\/66\/17\/22\/30995608\/3\/ratio4x3_360.jpg 360w, https:\/\/s.hdnux.com\/photos\/01\/66\/17\/22\/30995608\/3\/ratio4x3_480.jpg 480w, https:\/\/s.hdnux.com\/photos\/01\/66\/17\/22\/30995608\/3\/ratio4x3_640.jpg 640w, https:\/\/s.hdnux.com\/photos\/01\/66\/17\/22\/30995608\/3\/ratio4x3_720.jpg 720w, https:\/\/s.hdnux.com\/photos\/01\/66\/17\/22\/30995608\/3\/ratio4x3_960.jpg 960w\" sizes=\"(min-width: 1260px) 960px, (min-width: 1048px) 67vw, (min-width: 768px) 90vw, 100vw\" src=\"aspect-ratio:4 \/ 3\" class=\"x100 y100 opc bgpc ofcv bgscv block bg-gray200 mnh0px fill\"\/><\/picture><\/div><figcaption id=\"mediaCaptionAria\" class=\"f fdc g2 rel pt8 px20 sm:px0 rel\"><span class=\"photoCaption c-gray700 block ya\"><\/p>\n<div data-server-side-rendered=\"true\" class=\"r12zgbl0 ruduv2y\">\n<p>The 52nd annual Muir Beach Volunteer Firefighters\u2019 fundraising barbecue is scheduled for May 24.<\/p>\n<\/div>\n<p><\/span><span class=\"photoCredit c-gray600 block rel z1 mt2 mr48\"><span>MBVFA<\/span><\/span><\/figcaption><\/figure>\n<p><h2>Festivals and other events<\/h2>\n<\/p>\n<p><h3>Mill Valley Memorial Day carnival and day on the green<\/h3>\n<\/p>\n<div class=\"r1udwkp5 d1uy5mhj articleBody mb32\" data-block-type=\"text\" data-dropcap=\"false\">\n<p>Bring the family and celebrate old-fashioned fun with a 25th anniversary Memorial Day weekend tradition featuring carnival rides, midway games and treats, live entertainment and vendors. On Monday, the event will include an extended outdoor music festival, food and drink vendors and more.<\/p>\n<\/div>\n<div class=\"r1udwkp5 d1uy5mhj articleBody mb32\" data-block-type=\"text\" data-dropcap=\"false\">\n<p><em>4-10 p.m. Friday, May 22; noon-10 p.m. Saturday-Sunday, May 23-24; noon-5 p.m. Monday, May 25. Free admission; ride tickets and wristbands available. Friends Field, Mill Valley Community Center, 180 Camino Alto, Mill Valley. 415-389-7789. <\/em><em><a href=\"http:\/\/www.cityofmillvalley.gov\" data-link=\"native\" class=\"\">www.cityofmillvalley.gov<\/a><\/em><\/p>\n<\/div>\n<p><h3>Carnaval San Francisco<\/h3>\n<\/p>\n<div class=\"r1udwkp5 d1uy5mhj articleBody mb32\" data-block-type=\"text\" data-dropcap=\"false\">\n<p>The free Mission District celebration features five music stages, DJ block parties, food vendors, cultural pavilions and a grand parade on Sunday morning.\u00a0<\/p>\n<\/div>\n<div class=\"r1udwkp5 d1uy5mhj articleBody mb32\" data-block-type=\"text\" data-dropcap=\"false\">\n<p><em>Festival 11 a.m.-6 p.m. Saturday-Sunday, May 23-24; parade 10 a.m.-2 p.m. Sunday, May 24. Harrison Street between 17th and 24th streets, S.F.; parade starts at 24th and Bryant streets. Free; grandstand tickets available. 415-691-1147. <\/em><em><a href=\"http:\/\/www.carnavalsanfrancisco.org\" data-link=\"native\" class=\"\">www.carnavalsanfrancisco.org<\/a><\/em><\/p>\n<\/div>\n<figure class=\"rel f m0 fdc -mx20 sm:mx0 x100vw sm:x100 mb32\">\n<div class=\"rel x100 block\"><picture><source type=\"image\/webp\" media=\"(min-width: 1260px)\" srcset=\"https:\/\/s.hdnux.com\/photos\/01\/33\/05\/51\/23878213\/7\/ratio3x2_960.webp\"\/><source type=\"image\/webp\" media=\"(min-width: 1186px)\" srcset=\"https:\/\/s.hdnux.com\/photos\/01\/33\/05\/51\/23878213\/7\/ratio3x2_720.webp\"\/><source type=\"image\/webp\" media=\"(min-width: 1048px)\" srcset=\"https:\/\/s.hdnux.com\/photos\/01\/33\/05\/51\/23878213\/7\/ratio3x2_640.webp\"\/><source type=\"image\/webp\" media=\"(min-width: 874px)\" srcset=\"https:\/\/s.hdnux.com\/photos\/01\/33\/05\/51\/23878213\/7\/ratio3x2_960.webp\"\/><source type=\"image\/webp\" media=\"(min-width: 798px)\" srcset=\"https:\/\/s.hdnux.com\/photos\/01\/33\/05\/51\/23878213\/7\/ratio3x2_720.webp\"\/><source type=\"image\/webp\" media=\"(min-width: 768px)\" srcset=\"https:\/\/s.hdnux.com\/photos\/01\/33\/05\/51\/23878213\/7\/ratio3x2_640.webp\"\/><source type=\"image\/webp\" media=\"(min-width: 768px)\" srcset=\"https:\/\/s.hdnux.com\/photos\/01\/33\/05\/51\/23878213\/7\/ratio3x2_960.webp\"\/><source type=\"image\/webp\" media=\"(min-width: 720px)\" srcset=\"https:\/\/s.hdnux.com\/photos\/01\/33\/05\/51\/23878213\/7\/ratio3x2_768.webp\"\/><source type=\"image\/webp\" media=\"(min-width: 640px)\" srcset=\"https:\/\/s.hdnux.com\/photos\/01\/33\/05\/51\/23878213\/7\/ratio3x2_720.webp\"\/><source type=\"image\/webp\" media=\"(min-width: 480px)\" srcset=\"https:\/\/s.hdnux.com\/photos\/01\/33\/05\/51\/23878213\/7\/ratio3x2_640.webp\"\/><source type=\"image\/webp\" media=\"(min-width: 360px)\" srcset=\"https:\/\/s.hdnux.com\/photos\/01\/33\/05\/51\/23878213\/7\/ratio3x2_480.webp\"\/><source type=\"image\/webp\" media=\"(min-width: 240px)\" srcset=\"https:\/\/s.hdnux.com\/photos\/01\/33\/05\/51\/23878213\/7\/ratio3x2_360.webp\"\/><source type=\"image\/webp\" media=\"(max-width: 239px)\" srcset=\"https:\/\/s.hdnux.com\/photos\/01\/33\/05\/51\/23878213\/7\/ratio3x2_240.webp\"\/><img decoding=\"async\" alt=\"A group participating in the Carnaval Grand Parade wave to spectators along Mission Street in San Francisco in 2023.\" loading=\"lazy\" srcset=\"https:\/\/s.hdnux.com\/photos\/01\/33\/05\/51\/23878213\/7\/ratio3x2_80.jpg 80w, https:\/\/s.hdnux.com\/photos\/01\/33\/05\/51\/23878213\/7\/ratio3x2_160.jpg 160w, https:\/\/s.hdnux.com\/photos\/01\/33\/05\/51\/23878213\/7\/ratio3x2_240.jpg 240w, https:\/\/s.hdnux.com\/photos\/01\/33\/05\/51\/23878213\/7\/ratio3x2_360.jpg 360w, https:\/\/s.hdnux.com\/photos\/01\/33\/05\/51\/23878213\/7\/ratio3x2_480.jpg 480w, https:\/\/s.hdnux.com\/photos\/01\/33\/05\/51\/23878213\/7\/ratio3x2_640.jpg 640w, https:\/\/s.hdnux.com\/photos\/01\/33\/05\/51\/23878213\/7\/ratio3x2_720.jpg 720w, https:\/\/s.hdnux.com\/photos\/01\/33\/05\/51\/23878213\/7\/ratio3x2_960.jpg 960w\" sizes=\"(min-width: 1260px) 960px, (min-width: 1048px) 67vw, (min-width: 768px) 90vw, 100vw\" src=\"aspect-ratio:3 \/ 2\" class=\"x100 y100 opc bgpc ofcv bgscv block bg-gray200 mnh0px fill\"\/><\/picture><\/div><figcaption id=\"mediaCaptionAria\" class=\"f fdc g2 rel pt8 px20 sm:px0 rel\"><span class=\"photoCaption c-gray700 block ya\"><\/p>\n<div data-server-side-rendered=\"true\" class=\"r12zgbl0 ruduv2y\">\n<p>A group participating in the Carnaval Grand Parade wave to spectators along Mission Street in San Francisco in 2023.<\/p>\n<\/div>\n<p><\/span><span class=\"photoCredit c-gray600 block rel z1 mt2 mr48\"><span>Benjamin Fanjoy\/For the S.F. Chronicle<\/span><\/span><\/figcaption><\/figure>\n<p><h3>Marin\u00a0Greek festival<\/h3>\n<\/p>\n<div class=\"r1udwkp5 d1uy5mhj articleBody mb32\" data-block-type=\"text\" data-dropcap=\"false\">\n<p>Celebrate the holiday weekend with live music from the Kymata Band, Greek food, wine and sweet treats, speakers, cultural activities and dancing.\u00a0\u00a0<\/p>\n<\/div>\n<div class=\"r1udwkp5 d1uy5mhj articleBody mb32\" data-block-type=\"text\" data-dropcap=\"false\">\n<p><em>5-9 p.m. Friday, May 22; 11 a.m.-9 p.m. Saturday, May 23; 11 a.m.-8 p.m. Sunday, May 24. Free admission on Friday; $4-$5 Saturday-Sunday. Nativity of Christ Greek Orthodox Church, 1110 Highland Dr., Novato. 415-883-1998. <\/em><em><a href=\"http:\/\/www.nativityofchrist.org\/marin-greek-festival\" data-link=\"native\" class=\"\">www.nativityofchrist.org\/marin-greek-festival<\/a><\/em><\/p>\n<\/div>\n<p><h3>Bay Area KidFest<\/h3>\n<\/p>\n<div class=\"r1udwkp5 d1uy5mhj articleBody mb32\" data-block-type=\"text\" data-dropcap=\"false\">\n<p>The 35th edition of the popular two day family festival is set to offer carnival rides, live entertainment, character meet-and-greets, a marketplace and food vendors, kids\u2019 activities, and a Memorial Day ceremony scheduled at noon on Monday.\u00a0<\/p>\n<\/div>\n<div class=\"r1udwkp5 d1uy5mhj articleBody mb32\" data-block-type=\"text\" data-dropcap=\"false\">\n<p><em>10 a.m.-6 p.m. Sunday-Monday, May 24-25. $9-$10; under age 2 or 65 and older free; ride tickets $1.50-$80; parking $10. Toyota Concord Pavilion, 2000 Kirker Pass Road, Concord. 925-408-4014. <\/em><em><a href=\"http:\/\/www.kidfestconcord.com\" data-link=\"native\" class=\"\">www.kidfestconcord.com<\/a><\/em><\/p>\n<\/div>\n<p><h3>Point Reyes open studios<\/h3>\n<\/p>\n<div class=\"r1udwkp5 d1uy5mhj articleBody mb32\" data-block-type=\"text\" data-dropcap=\"false\">\n<p>Join West Marin artists open studios in Point Reyes Station, Inverness and Inverness Park for a self-guided holiday weekend art tour. <a href=\"https:\/\/pointreyesart.com\/map\/\" data-link=\"native\" class=\"\">Studio locations map<\/a> can be found online.<\/p>\n<\/div>\n<div class=\"r1udwkp5 d1uy5mhj articleBody mb32\" data-block-type=\"text\" data-dropcap=\"false\">\n<p><em>11 a.m.-5 p.m. Saturday-Monday, May 23-25. Free. Various artist studios, Point Reyes Station. <\/em><em><a href=\"http:\/\/www.pointreyesart.com\" data-link=\"native\" class=\"\">www.pointreyesart.com<\/a><\/em><\/p>\n<\/div>\n<figure class=\"rel f m0 fdc -mx20 sm:mx0 x100vw sm:x100 mb32\">\n<div class=\"rel x100 block\"><picture><source type=\"image\/webp\" media=\"(min-width: 1260px)\" srcset=\"https:\/\/s.hdnux.com\/photos\/01\/66\/17\/22\/30995609\/3\/ratio4x3_960.webp\"\/><source type=\"image\/webp\" media=\"(min-width: 1186px)\" srcset=\"https:\/\/s.hdnux.com\/photos\/01\/66\/17\/22\/30995609\/3\/ratio4x3_720.webp\"\/><source type=\"image\/webp\" media=\"(min-width: 1048px)\" srcset=\"https:\/\/s.hdnux.com\/photos\/01\/66\/17\/22\/30995609\/3\/ratio4x3_640.webp\"\/><source type=\"image\/webp\" media=\"(min-width: 874px)\" srcset=\"https:\/\/s.hdnux.com\/photos\/01\/66\/17\/22\/30995609\/3\/ratio4x3_960.webp\"\/><source type=\"image\/webp\" media=\"(min-width: 798px)\" srcset=\"https:\/\/s.hdnux.com\/photos\/01\/66\/17\/22\/30995609\/3\/ratio4x3_720.webp\"\/><source type=\"image\/webp\" media=\"(min-width: 768px)\" srcset=\"https:\/\/s.hdnux.com\/photos\/01\/66\/17\/22\/30995609\/3\/ratio4x3_640.webp\"\/><source type=\"image\/webp\" media=\"(min-width: 768px)\" srcset=\"https:\/\/s.hdnux.com\/photos\/01\/66\/17\/22\/30995609\/3\/ratio4x3_960.webp\"\/><source type=\"image\/webp\" media=\"(min-width: 720px)\" srcset=\"https:\/\/s.hdnux.com\/photos\/01\/66\/17\/22\/30995609\/3\/ratio4x3_768.webp\"\/><source type=\"image\/webp\" media=\"(min-width: 640px)\" srcset=\"https:\/\/s.hdnux.com\/photos\/01\/66\/17\/22\/30995609\/3\/ratio4x3_720.webp\"\/><source type=\"image\/webp\" media=\"(min-width: 480px)\" srcset=\"https:\/\/s.hdnux.com\/photos\/01\/66\/17\/22\/30995609\/3\/ratio4x3_640.webp\"\/><source type=\"image\/webp\" media=\"(min-width: 360px)\" srcset=\"https:\/\/s.hdnux.com\/photos\/01\/66\/17\/22\/30995609\/3\/ratio4x3_480.webp\"\/><source type=\"image\/webp\" media=\"(min-width: 240px)\" srcset=\"https:\/\/s.hdnux.com\/photos\/01\/66\/17\/22\/30995609\/3\/ratio4x3_360.webp\"\/><source type=\"image\/webp\" media=\"(max-width: 239px)\" srcset=\"https:\/\/s.hdnux.com\/photos\/01\/66\/17\/22\/30995609\/3\/ratio4x3_240.webp\"\/><img decoding=\"async\" alt=\"Andres Allstars band is scheduled to perform at the\u00a0Muir Beach Volunteer Firefighter\u2019s fundraising barbecue on May 24.\" loading=\"lazy\" srcset=\"https:\/\/s.hdnux.com\/photos\/01\/66\/17\/22\/30995609\/3\/ratio4x3_80.jpg 80w, https:\/\/s.hdnux.com\/photos\/01\/66\/17\/22\/30995609\/3\/ratio4x3_160.jpg 160w, https:\/\/s.hdnux.com\/photos\/01\/66\/17\/22\/30995609\/3\/ratio4x3_240.jpg 240w, https:\/\/s.hdnux.com\/photos\/01\/66\/17\/22\/30995609\/3\/ratio4x3_360.jpg 360w, https:\/\/s.hdnux.com\/photos\/01\/66\/17\/22\/30995609\/3\/ratio4x3_480.jpg 480w, https:\/\/s.hdnux.com\/photos\/01\/66\/17\/22\/30995609\/3\/ratio4x3_640.jpg 640w, https:\/\/s.hdnux.com\/photos\/01\/66\/17\/22\/30995609\/3\/ratio4x3_720.jpg 720w, https:\/\/s.hdnux.com\/photos\/01\/66\/17\/22\/30995609\/3\/ratio4x3_960.jpg 960w\" sizes=\"(min-width: 1260px) 960px, (min-width: 1048px) 67vw, (min-width: 768px) 90vw, 100vw\" src=\"aspect-ratio:4 \/ 3\" class=\"x100 y100 opc bgpc ofcv bgscv block bg-gray200 mnh0px fill\"\/><\/picture><\/div><figcaption id=\"mediaCaptionAria\" class=\"f fdc g2 rel pt8 px20 sm:px0 rel\"><span class=\"photoCaption c-gray700 block ya\"><\/p>\n<div data-server-side-rendered=\"true\" class=\"r12zgbl0 ruduv2y\">\n<p>Andres Allstars band is scheduled to perform at the\u00a0Muir Beach Volunteer Firefighter\u2019s fundraising barbecue on May 24.<\/p>\n<\/div>\n<p><\/span><span class=\"photoCredit c-gray600 block rel z1 mt2 mr48\"><span>MBVFA<\/span><\/span><\/figcaption><\/figure>\n<p><h3>52nd annual Muir Beach Volunteer Firefighters\u2019 barbecue<\/h3>\n<\/p>\n<div class=\"r1udwkp5 d1uy5mhj articleBody mb32\" data-block-type=\"text\" data-dropcap=\"false\">\n<p>The popular North Bay fundraising event is scheduled to include a barbecue or vegetarian tamale lunch, dessert, plus live music with Sunhunter and the Andre Pessis All-Stars. There will be craft beer and wine, children\u2019s activities, a raffle and family-friendly fun.<\/p>\n<\/div>\n<div class=\"r1udwkp5 d1uy5mhj articleBody mb32\" data-block-type=\"text\" data-dropcap=\"false\">\n<p><em>Noon-5 p.m. Sunday, May 24. $10 walk\/bike-in; $30 per vehicle. Santos Meadow, 2704 Muir Woods Road, Muir Beach. <\/em><em><a href=\"http:\/\/www.muirbeachfire.com\" data-link=\"native\" class=\"\">www.muirbeachfire.com<\/a><\/em><\/p>\n<\/div>\n<p><h3>San Ramon art and wind festival<\/h3>\n<\/p>\n<div class=\"r1udwkp5 d1uy5mhj articleBody mb32\" data-block-type=\"text\" data-dropcap=\"false\">\n<p>The annual celebration of all things that fly is set to feature fine art, crafts and specialty food vendors, <a href=\"https:\/\/www.sanramon.ca.gov\/our_city\/departments_and_divisions\/parks_community_services\/events\/art_and_wind_festival\/event_schedule\" data-link=\"native\" class=\"\">live entertainment on three stages,<\/a> children\u2019s activities, professional kite-flying demonstrations and a kite-making workshop.\u00a0\u00a0<\/p>\n<\/div>\n<div class=\"r1udwkp5 d1uy5mhj articleBody mb32\" data-block-type=\"text\" data-dropcap=\"false\">\n<p>The city of San Ramon will host a <a href=\"https:\/\/www.sanramon.ca.gov\/our_city\/departments_and_divisions\/parks_community_services\/events\/calendar\" data-link=\"native\" class=\"\">Memorial Day ceremony<\/a> from 9-10 a.m. at Memorial Park.<\/p>\n<\/div>\n<div class=\"r1udwkp5 d1uy5mhj articleBody mb32\" data-block-type=\"text\" data-dropcap=\"false\">\n<p><em>11 a.m.-6 p.m. Sunday-Monday, May 24-25. Free. Central Park, 12501 Alcosta Blvd., San Ramon. 925-973-2500. <\/em><em><a href=\"http:\/\/www.sanramon.ca.gov\" data-link=\"native\" class=\"\">www.sanramon.ca.gov<\/a><\/em><\/p>\n<\/div>\n<p><h3>Bolinas Memorial Day food festival<\/h3>\n<\/p>\n<div class=\"r1udwkp5 d1uy5mhj articleBody mb32\" data-block-type=\"text\" data-dropcap=\"false\">\n<p>Enjoy Memorial Day afternoon in Bolinas with Thai food, paella, tamales, oysters, live music and drinks.<\/p>\n<\/div>\n<div class=\"r1udwkp5 d1uy5mhj articleBody mb32\" data-block-type=\"text\" data-dropcap=\"false\">\n<p><em>Noon-5 p.m. Monday, May 25. Free. Bolinas Community Center, 14 Wharf Road, Bolinas. 415-868-2128. <\/em><em><a href=\"http:\/\/www.bocenter.org\" data-link=\"native\" class=\"\">www.bocenter.org<\/a><\/em><\/p>\n<\/div>\n<p><h3>R&amp;B and Ribs Memorial Day Sunday<\/h3>\n<\/p>\n<div class=\"r1udwkp5 d1uy5mhj articleBody mb32\" data-block-type=\"text\" data-dropcap=\"false\">\n<p>The San Francisco-born party pairs DJ sets with barbecue vendors on the SVN West rooftop.\u00a0<\/p>\n<\/div>\n<div class=\"r1udwkp5 d1uy5mhj articleBody mb32\" data-block-type=\"text\" data-dropcap=\"false\">\n<p>Hang out for an afternoon celebration with barbecue lunch and live DJ sets from Shawn Looney, Jake D, Amal, Zuri Alexa and Knowpa Slaps.<\/p>\n<\/div>\n<div class=\"r1udwkp5 d1uy5mhj articleBody mb32\" data-block-type=\"text\" data-dropcap=\"false\">\n<p><em>2-8 p.m. Sunday, May 24. $30-$36.71; 21 and older. SVN West Rooftop, 10 S. Van Ness Ave., S.F. <\/em><em><a href=\"http:\/\/www.rnbandribs.com\/events\" data-link=\"native\" class=\"\">www.rnbandribs.com\/events<\/a><\/em><\/p>\n<\/div>\n<p><h3>29th annual El Rio &#8230; Kickin\u2019 Memorial Day bash<\/h3>\n<\/p>\n<div class=\"r1udwkp5 d1uy5mhj articleBody mb32\" data-block-type=\"text\" data-dropcap=\"false\">\n<p>Hang out with a beverage and enjoy barbecue on the patio as MCs Leigh Crow and Ruby Vixen host a program featuring live music from Joe Rut and the Sunshine Shovelers, Nashville Honeymoon, Noelle and the Deserters and Caravan 222; with DJ Mexican Spitfire spinning old-timey country hits.<\/p>\n<\/div>\n<div class=\"r1udwkp5 d1uy5mhj articleBody mb32\" data-block-type=\"text\" data-dropcap=\"false\">\n<p><em>2-8 p.m. Monday, May 25. $20; 21 and older. El Rio, 3158 Mission St., S.F. 415-282-3325. <\/em><em><a href=\"http:\/\/www.elriosf.com\/calendar\" data-link=\"native\" class=\"\">www.elriosf.com\/calendar<\/a><\/em><\/p>\n<\/div>\n<\/div>\n<p><br \/>\n<br \/><a href=\"https:\/\/www.sfchronicle.com\/entertainment\/festivals\/article\/memorial-day-weekend-events-22251427.php\">Source link <\/a><\/p>","protected":false},"excerpt":{"rendered":"<p>Members of Scouting America and Scouts BSA work together as they prepare to raise flags at the\u00a0Benicia Historic Arsenal Post Cemetery before the Arsenal Program during Memorial Day events in\u00a0Benicia in\u00a02025. Lea Suzuki\/S.F. Chronicle Festivalgoers congregate by a LOVE installation during BottleRock 2025 at Napa Valley Expo in Napa. Scott Strazzante\/S.F. Chronicle Celebrated on the [&hellip;]<\/p>\n","protected":false},"author":1,"featured_media":128591,"comment_status":"closed","ping_status":"","sticky":false,"template":"","format":"standard","meta":{"googlesitekit_rrm_CAow2JLhCw:productID":"","_gspb_post_css":"","maa_idioma":"","maa_pais":"","footnotes":""},"categories":[1],"tags":[4917,6913,10200,19880,14657],"class_list":["post-128590","post","type-post","status-publish","format-standard","has-post-thumbnail","hentry","category-ubirata","tag-area","tag-bay","tag-events","tag-festivals","tag-parades"],"blocksy_meta":[],"yoast_head":"<!-- This site is optimized with the Yoast SEO Premium plugin v27.6 (Yoast SEO v27.6) - https:\/\/yoast.com\/product\/yoast-seo-premium-wordpress\/ -->\n<title>Best Bay Area events, parades and festivals - Ubirat\u00e3 Online Not\u00edcias - A realidade ao seu alcance!<\/title>\n<meta name=\"description\" content=\"Members of Scouting America and Scouts BSA work together as they prepare to raise flags at the\u00a0Benicia Historic Arsenal Post Cemetery before the Arsenal\" \/>\n<meta name=\"robots\" content=\"index, follow, max-snippet:-1, max-image-preview:large, max-video-preview:-1\" \/>\n<link rel=\"canonical\" href=\"https:\/\/ubirataonline.com.br\/en\/best-bay-area-events-parades-and-festivals\/\" \/>\n<meta property=\"og:locale\" content=\"en_US\" \/>\n<meta property=\"og:type\" content=\"article\" \/>\n<meta property=\"og:title\" content=\"Best Bay Area events, parades and festivals\" \/>\n<meta property=\"og:description\" content=\"Members of Scouting America and Scouts BSA work together as they prepare to raise flags at the\u00a0Benicia Historic Arsenal Post Cemetery before the Arsenal\" \/>\n<meta property=\"og:url\" content=\"https:\/\/ubirataonline.com.br\/en\/best-bay-area-events-parades-and-festivals\/\" \/>\n<meta property=\"og:site_name\" content=\"Ubirat\u00e3 Online Not\u00edcias - A realidade ao seu alcance!\" \/>\n<meta property=\"article:publisher\" content=\"https:\/\/www.facebook.com\/portalubirataonline\" \/>\n<meta property=\"article:author\" content=\"https:\/\/www.facebook.com\/portalubirataonline\" \/>\n<meta property=\"article:published_time\" content=\"2026-05-13T12:51:08+00:00\" \/>\n<meta property=\"article:modified_time\" content=\"2026-05-13T12:51:13+00:00\" \/>\n<meta property=\"og:image\" content=\"https:\/\/ubirataonline.com.br\/wp-content\/uploads\/2026\/05\/Best-Bay-Area-events-parades-and-festivals.jpg\" \/>\n\t<meta property=\"og:image:width\" content=\"2048\" \/>\n\t<meta property=\"og:image:height\" content=\"1365\" \/>\n\t<meta property=\"og:image:type\" content=\"image\/jpeg\" \/>\n<meta name=\"author\" content=\"REDA\u00c7\u00c3O: UBIRAT\u00c3 ONLINE - F\u00c1BIO AUGUSTO CELESTINO\" \/>\n<meta name=\"twitter:card\" content=\"summary_large_image\" \/>\n<meta name=\"twitter:creator\" content=\"@x.com\/ubirataonline\" \/>\n<meta name=\"twitter:site\" content=\"@ubirataonline\" \/>\n<meta name=\"twitter:label1\" content=\"Written by\" \/>\n\t<meta name=\"twitter:data1\" content=\"REDA\u00c7\u00c3O: UBIRAT\u00c3 ONLINE - F\u00c1BIO AUGUSTO CELESTINO\" \/>\n\t<meta name=\"twitter:label2\" content=\"Est. reading time\" \/>\n\t<meta name=\"twitter:data2\" content=\"9 minutes\" \/>\n<script type=\"application\/ld+json\" class=\"yoast-schema-graph\">{\"@context\":\"https:\\\/\\\/schema.org\",\"@graph\":[{\"@type\":\"NewsArticle\",\"@id\":\"https:\\\/\\\/ubirataonline.com.br\\\/best-bay-area-events-parades-and-festivals\\\/#article\",\"isPartOf\":{\"@id\":\"https:\\\/\\\/ubirataonline.com.br\\\/best-bay-area-events-parades-and-festivals\\\/\"},\"author\":{\"name\":\"REDA\u00c7\u00c3O: UBIRAT\u00c3 ONLINE - F\u00c1BIO AUGUSTO CELESTINO\",\"@id\":\"https:\\\/\\\/ubirataonline.com.br\\\/#\\\/schema\\\/person\\\/372f87bbd3fdd79b8556b84c98d0bc1c\"},\"headline\":\"Best Bay Area events, parades and festivals\",\"datePublished\":\"2026-05-13T12:51:08+00:00\",\"dateModified\":\"2026-05-13T12:51:13+00:00\",\"mainEntityOfPage\":{\"@id\":\"https:\\\/\\\/ubirataonline.com.br\\\/best-bay-area-events-parades-and-festivals\\\/\"},\"wordCount\":1851,\"publisher\":{\"@id\":\"https:\\\/\\\/ubirataonline.com.br\\\/#organization\"},\"image\":{\"@id\":\"https:\\\/\\\/ubirataonline.com.br\\\/best-bay-area-events-parades-and-festivals\\\/#primaryimage\"},\"thumbnailUrl\":\"https:\\\/\\\/ubirataonline.com.br\\\/wp-content\\\/uploads\\\/2026\\\/05\\\/Best-Bay-Area-events-parades-and-festivals.jpg\",\"keywords\":[\"\u00e1rea\",\"Bay\",\"Events\",\"festivals\",\"Parades\"],\"articleSection\":[\"Ubirat\u00e3\"],\"inLanguage\":\"en-US\",\"copyrightYear\":\"2026\",\"copyrightHolder\":{\"@id\":\"https:\\\/\\\/ubirataonline.com.br\\\/en\\\/#organization\"}},{\"@type\":\"WebPage\",\"@id\":\"https:\\\/\\\/ubirataonline.com.br\\\/best-bay-area-events-parades-and-festivals\\\/\",\"url\":\"https:\\\/\\\/ubirataonline.com.br\\\/best-bay-area-events-parades-and-festivals\\\/\",\"name\":\"Best Bay Area events, parades and festivals - Ubirat\u00e3 Online Not\u00edcias - A realidade ao seu alcance!\",\"isPartOf\":{\"@id\":\"https:\\\/\\\/ubirataonline.com.br\\\/#website\"},\"primaryImageOfPage\":{\"@id\":\"https:\\\/\\\/ubirataonline.com.br\\\/best-bay-area-events-parades-and-festivals\\\/#primaryimage\"},\"image\":{\"@id\":\"https:\\\/\\\/ubirataonline.com.br\\\/best-bay-area-events-parades-and-festivals\\\/#primaryimage\"},\"thumbnailUrl\":\"https:\\\/\\\/ubirataonline.com.br\\\/wp-content\\\/uploads\\\/2026\\\/05\\\/Best-Bay-Area-events-parades-and-festivals.jpg\",\"datePublished\":\"2026-05-13T12:51:08+00:00\",\"dateModified\":\"2026-05-13T12:51:13+00:00\",\"description\":\"Members of Scouting America and Scouts BSA work together as they prepare to raise flags at the\u00a0Benicia Historic Arsenal Post Cemetery before the Arsenal\",\"breadcrumb\":{\"@id\":\"https:\\\/\\\/ubirataonline.com.br\\\/best-bay-area-events-parades-and-festivals\\\/#breadcrumb\"},\"inLanguage\":\"en-US\",\"potentialAction\":[{\"@type\":\"ReadAction\",\"target\":[\"https:\\\/\\\/ubirataonline.com.br\\\/best-bay-area-events-parades-and-festivals\\\/\"]}]},{\"@type\":\"ImageObject\",\"inLanguage\":\"en-US\",\"@id\":\"https:\\\/\\\/ubirataonline.com.br\\\/best-bay-area-events-parades-and-festivals\\\/#primaryimage\",\"url\":\"https:\\\/\\\/ubirataonline.com.br\\\/wp-content\\\/uploads\\\/2026\\\/05\\\/Best-Bay-Area-events-parades-and-festivals.jpg\",\"contentUrl\":\"https:\\\/\\\/ubirataonline.com.br\\\/wp-content\\\/uploads\\\/2026\\\/05\\\/Best-Bay-Area-events-parades-and-festivals.jpg\",\"width\":2048,\"height\":1365,\"caption\":\"Members of Scouting America and Scouts BSA work together as they prepare to raise flags at the\u00a0Benicia Historic Arsenal Post Cemetery before the Arsenal Program during Memorial Day events in\u00a0Benicia in\u00a02025. Lea Suzuki\\\/S.F. Chronicle\"},{\"@type\":\"BreadcrumbList\",\"@id\":\"https:\\\/\\\/ubirataonline.com.br\\\/best-bay-area-events-parades-and-festivals\\\/#breadcrumb\",\"itemListElement\":[{\"@type\":\"ListItem\",\"position\":1,\"name\":\"In\u00edcio\",\"item\":\"https:\\\/\\\/ubirataonline.com.br\\\/\"},{\"@type\":\"ListItem\",\"position\":2,\"name\":\"Best Bay Area events, parades and festivals\"}]},{\"@type\":\"WebSite\",\"@id\":\"https:\\\/\\\/ubirataonline.com.br\\\/#website\",\"url\":\"https:\\\/\\\/ubirataonline.com.br\\\/\",\"name\":\"Ubirat\u00e3 Online Not\u00edcias\",\"description\":\"Not\u00edcias de Ubirat\u00e3, regi\u00e3o, Brasil e mundo, com informa\u00e7\u00e3o atualizada e compromisso com o leitor.\",\"publisher\":{\"@id\":\"https:\\\/\\\/ubirataonline.com.br\\\/#organization\"},\"alternateName\":\"Ubirat\u00e3 Online\",\"potentialAction\":[{\"@type\":\"SearchAction\",\"target\":{\"@type\":\"EntryPoint\",\"urlTemplate\":\"https:\\\/\\\/ubirataonline.com.br\\\/?s={search_term_string}\"},\"query-input\":{\"@type\":\"PropertyValueSpecification\",\"valueRequired\":true,\"valueName\":\"search_term_string\"}}],\"inLanguage\":\"en-US\"},{\"@type\":[\"Organization\",\"Place\"],\"@id\":\"https:\\\/\\\/ubirataonline.com.br\\\/#organization\",\"name\":\"Ubirat\u00e3 Online Not\u00edcias\",\"alternateName\":\"Ubirat\u00e3 Online\",\"url\":\"https:\\\/\\\/ubirataonline.com.br\\\/\",\"logo\":{\"@id\":\"https:\\\/\\\/ubirataonline.com.br\\\/best-bay-area-events-parades-and-festivals\\\/#local-main-organization-logo\"},\"image\":{\"@id\":\"https:\\\/\\\/ubirataonline.com.br\\\/best-bay-area-events-parades-and-festivals\\\/#local-main-organization-logo\"},\"sameAs\":[\"https:\\\/\\\/www.facebook.com\\\/portalubirataonline\",\"https:\\\/\\\/x.com\\\/ubirataonline\",\"https:\\\/\\\/mastodon.social\\\/@ubirataonline\",\"https:\\\/\\\/www.facebook.com\\\/groups\\\/311144672285604\",\"https:\\\/\\\/www.facebook.com\\\/UBTAOnline\",\"https:\\\/\\\/www.instagram.com\\\/portalubirataonline\\\/\",\"https:\\\/\\\/twitter.com\\\/ubirataonline\"],\"description\":\"Somos um portal de not\u00edcias independente, criado em 5 de janeiro de 2009, com o objetivo de informar, conectar e valorizar a nossa comunidade de Ubirat\u00e3 e toda aregi\u00e3o. Com conte\u00fado atualizado, confi\u00e1vel e relevante, o Ubirat\u00e3 Online \u00e9 o seu espa\u00e7o para ficar por dentro dos principais acontecimentos locais, regionais, Brasil, Mundo e de interesse geral. Nosso compromisso \u00e9 com a verdade, a transpar\u00eancia e o respeito ao leitor.\",\"legalName\":\"UBIRATA ONLINE NOT\u00cdCIAS\",\"foundingDate\":\"2009-01-05\",\"numberOfEmployees\":{\"@type\":\"QuantitativeValue\",\"minValue\":\"1\",\"maxValue\":\"10\"},\"publishingPrinciples\":\"https:\\\/\\\/ubirataonline.com.br\\\/faq\\\/\",\"address\":{\"@id\":\"https:\\\/\\\/ubirataonline.com.br\\\/best-bay-area-events-parades-and-festivals\\\/#local-main-place-address\"},\"geo\":{\"@type\":\"GeoCoordinates\",\"latitude\":\"-24.5361401\",\"longitude\":\"-52.9921776\"},\"telephone\":[\"+5544998308235\"],\"contactPoint\":{\"@type\":\"ContactPoint\",\"email\":\"contato@ubirataonline.com.br\"},\"openingHoursSpecification\":{\"@type\":\"OpeningHoursSpecification\",\"dayOfWeek\":[\"Monday\",\"Tuesday\",\"Wednesday\",\"Thursday\",\"Friday\",\"Saturday\",\"Sunday\"],\"opens\":\"00:00\",\"closes\":\"23:59\"},\"email\":\"contato@ubirataonline.com.br\",\"vatID\":\"47.621.418\\\/0001-80\"},{\"@type\":\"Person\",\"@id\":\"https:\\\/\\\/ubirataonline.com.br\\\/#\\\/schema\\\/person\\\/372f87bbd3fdd79b8556b84c98d0bc1c\",\"name\":\"REDA\u00c7\u00c3O: UBIRAT\u00c3 ONLINE - F\u00c1BIO AUGUSTO CELESTINO\",\"pronouns\":\"Ele\",\"description\":\"Desde 2003 trabalhando com not\u00edcias.\",\"sameAs\":[\"http:\\\/\\\/ubirataoline.com.br\",\"https:\\\/\\\/www.facebook.com\\\/portalubirataonline\",\"https:\\\/\\\/www.instagram.com\\\/ubirataonline_oficial\",\"https:\\\/\\\/x.com\\\/x.com\\\/ubirataonline\"],\"honorificPrefix\":\"Mr.\",\"honorificSuffix\":\"MD\",\"birthDate\":\"1980-06-16\",\"gender\":\"masculino\",\"award\":[\"V\u00e1rios pr\u00eamios de melhor portal da cidade\"],\"jobTitle\":\"Diretor\",\"url\":\"https:\\\/\\\/ubirataonline.com.br\\\/en\\\/author\\\/ubirataonline\\\/\"},{\"@type\":\"PostalAddress\",\"@id\":\"https:\\\/\\\/ubirataonline.com.br\\\/best-bay-area-events-parades-and-festivals\\\/#local-main-place-address\",\"streetAddress\":\"Rua dos Coqueiros, 104 - Bairro Boa Vista, Rua dos Coqueiros, 104 Bairro Boa Vista\",\"addressLocality\":\"UBIRATA\",\"postalCode\":\"85440-000\",\"addressRegion\":\"PR\",\"addressCountry\":\"BR\"},{\"@type\":\"ImageObject\",\"inLanguage\":\"en-US\",\"@id\":\"https:\\\/\\\/ubirataonline.com.br\\\/best-bay-area-events-parades-and-festivals\\\/#local-main-organization-logo\",\"url\":\"https:\\\/\\\/ubirataonline.com.br\\\/wp-content\\\/uploads\\\/2026\\\/06\\\/logoubirataonline-1.webp\",\"contentUrl\":\"https:\\\/\\\/ubirataonline.com.br\\\/wp-content\\\/uploads\\\/2026\\\/06\\\/logoubirataonline-1.webp\",\"width\":500,\"height\":500,\"caption\":\"Ubirat\u00e3 Online Not\u00edcias\"}]}<\/script>\n<meta name=\"geo.placename\" content=\"UBIRATA\" \/>\n<meta name=\"geo.position\" content=\"-24.5361401;-52.9921776\" \/>\n<meta name=\"geo.region\" content=\"Brazil\" \/>\n<!-- \/ Yoast SEO Premium plugin. -->","yoast_head_json":{"title":"Best Bay Area events, parades and festivals - Ubirat\u00e3 Online Not\u00edcias - A realidade ao seu alcance!","description":"Members of Scouting America and Scouts BSA work together as they prepare to raise flags at the\u00a0Benicia Historic Arsenal Post Cemetery before the Arsenal","robots":{"index":"index","follow":"follow","max-snippet":"max-snippet:-1","max-image-preview":"max-image-preview:large","max-video-preview":"max-video-preview:-1"},"canonical":"https:\/\/ubirataonline.com.br\/en\/best-bay-area-events-parades-and-festivals\/","og_locale":"en_US","og_type":"article","og_title":"Best Bay Area events, parades and festivals","og_description":"Members of Scouting America and Scouts BSA work together as they prepare to raise flags at the\u00a0Benicia Historic Arsenal Post Cemetery before the Arsenal","og_url":"https:\/\/ubirataonline.com.br\/en\/best-bay-area-events-parades-and-festivals\/","og_site_name":"Ubirat\u00e3 Online Not\u00edcias - A realidade ao seu alcance!","article_publisher":"https:\/\/www.facebook.com\/portalubirataonline","article_author":"https:\/\/www.facebook.com\/portalubirataonline","article_published_time":"2026-05-13T12:51:08+00:00","article_modified_time":"2026-05-13T12:51:13+00:00","og_image":[{"width":2048,"height":1365,"url":"https:\/\/ubirataonline.com.br\/wp-content\/uploads\/2026\/05\/Best-Bay-Area-events-parades-and-festivals.jpg","type":"image\/jpeg"}],"author":"REDA\u00c7\u00c3O: UBIRAT\u00c3 ONLINE - F\u00c1BIO AUGUSTO CELESTINO","twitter_card":"summary_large_image","twitter_creator":"@x.com\/ubirataonline","twitter_site":"@ubirataonline","twitter_misc":{"Written by":"REDA\u00c7\u00c3O: UBIRAT\u00c3 ONLINE - F\u00c1BIO AUGUSTO CELESTINO","Est. reading time":"9 minutes"},"schema":{"@context":"https:\/\/schema.org","@graph":[{"@type":"NewsArticle","@id":"https:\/\/ubirataonline.com.br\/best-bay-area-events-parades-and-festivals\/#article","isPartOf":{"@id":"https:\/\/ubirataonline.com.br\/best-bay-area-events-parades-and-festivals\/"},"author":{"name":"REDA\u00c7\u00c3O: UBIRAT\u00c3 ONLINE - F\u00c1BIO AUGUSTO CELESTINO","@id":"https:\/\/ubirataonline.com.br\/#\/schema\/person\/372f87bbd3fdd79b8556b84c98d0bc1c"},"headline":"Best Bay Area events, parades and festivals","datePublished":"2026-05-13T12:51:08+00:00","dateModified":"2026-05-13T12:51:13+00:00","mainEntityOfPage":{"@id":"https:\/\/ubirataonline.com.br\/best-bay-area-events-parades-and-festivals\/"},"wordCount":1851,"publisher":{"@id":"https:\/\/ubirataonline.com.br\/#organization"},"image":{"@id":"https:\/\/ubirataonline.com.br\/best-bay-area-events-parades-and-festivals\/#primaryimage"},"thumbnailUrl":"https:\/\/ubirataonline.com.br\/wp-content\/uploads\/2026\/05\/Best-Bay-Area-events-parades-and-festivals.jpg","keywords":["\u00e1rea","Bay","Events","festivals","Parades"],"articleSection":["Ubirat\u00e3"],"inLanguage":"en-US","copyrightYear":"2026","copyrightHolder":{"@id":"https:\/\/ubirataonline.com.br\/en\/#organization"}},{"@type":"WebPage","@id":"https:\/\/ubirataonline.com.br\/best-bay-area-events-parades-and-festivals\/","url":"https:\/\/ubirataonline.com.br\/best-bay-area-events-parades-and-festivals\/","name":"Best Bay Area events, parades and festivals - Ubirat\u00e3 Online Not\u00edcias - A realidade ao seu alcance!","isPartOf":{"@id":"https:\/\/ubirataonline.com.br\/#website"},"primaryImageOfPage":{"@id":"https:\/\/ubirataonline.com.br\/best-bay-area-events-parades-and-festivals\/#primaryimage"},"image":{"@id":"https:\/\/ubirataonline.com.br\/best-bay-area-events-parades-and-festivals\/#primaryimage"},"thumbnailUrl":"https:\/\/ubirataonline.com.br\/wp-content\/uploads\/2026\/05\/Best-Bay-Area-events-parades-and-festivals.jpg","datePublished":"2026-05-13T12:51:08+00:00","dateModified":"2026-05-13T12:51:13+00:00","description":"Members of Scouting America and Scouts BSA work together as they prepare to raise flags at the\u00a0Benicia Historic Arsenal Post Cemetery before the Arsenal","breadcrumb":{"@id":"https:\/\/ubirataonline.com.br\/best-bay-area-events-parades-and-festivals\/#breadcrumb"},"inLanguage":"en-US","potentialAction":[{"@type":"ReadAction","target":["https:\/\/ubirataonline.com.br\/best-bay-area-events-parades-and-festivals\/"]}]},{"@type":"ImageObject","inLanguage":"en-US","@id":"https:\/\/ubirataonline.com.br\/best-bay-area-events-parades-and-festivals\/#primaryimage","url":"https:\/\/ubirataonline.com.br\/wp-content\/uploads\/2026\/05\/Best-Bay-Area-events-parades-and-festivals.jpg","contentUrl":"https:\/\/ubirataonline.com.br\/wp-content\/uploads\/2026\/05\/Best-Bay-Area-events-parades-and-festivals.jpg","width":2048,"height":1365,"caption":"Members of Scouting America and Scouts BSA work together as they prepare to raise flags at the\u00a0Benicia Historic Arsenal Post Cemetery before the Arsenal Program during Memorial Day events in\u00a0Benicia in\u00a02025. Lea Suzuki\/S.F. Chronicle"},{"@type":"BreadcrumbList","@id":"https:\/\/ubirataonline.com.br\/best-bay-area-events-parades-and-festivals\/#breadcrumb","itemListElement":[{"@type":"ListItem","position":1,"name":"In\u00edcio","item":"https:\/\/ubirataonline.com.br\/"},{"@type":"ListItem","position":2,"name":"Best Bay Area events, parades and festivals"}]},{"@type":"WebSite","@id":"https:\/\/ubirataonline.com.br\/#website","url":"https:\/\/ubirataonline.com.br\/","name":"Ubirat\u00e3 Online Not\u00edcias","description":"Not\u00edcias de Ubirat\u00e3, regi\u00e3o, Brasil e mundo, com informa\u00e7\u00e3o atualizada e compromisso com o leitor.","publisher":{"@id":"https:\/\/ubirataonline.com.br\/#organization"},"alternateName":"Ubirat\u00e3 Online","potentialAction":[{"@type":"SearchAction","target":{"@type":"EntryPoint","urlTemplate":"https:\/\/ubirataonline.com.br\/?s={search_term_string}"},"query-input":{"@type":"PropertyValueSpecification","valueRequired":true,"valueName":"search_term_string"}}],"inLanguage":"en-US"},{"@type":["Organization","Place"],"@id":"https:\/\/ubirataonline.com.br\/#organization","name":"Ubirat\u00e3 Online Not\u00edcias","alternateName":"Ubirat\u00e3 Online","url":"https:\/\/ubirataonline.com.br\/","logo":{"@id":"https:\/\/ubirataonline.com.br\/best-bay-area-events-parades-and-festivals\/#local-main-organization-logo"},"image":{"@id":"https:\/\/ubirataonline.com.br\/best-bay-area-events-parades-and-festivals\/#local-main-organization-logo"},"sameAs":["https:\/\/www.facebook.com\/portalubirataonline","https:\/\/x.com\/ubirataonline","https:\/\/mastodon.social\/@ubirataonline","https:\/\/www.facebook.com\/groups\/311144672285604","https:\/\/www.facebook.com\/UBTAOnline","https:\/\/www.instagram.com\/portalubirataonline\/","https:\/\/twitter.com\/ubirataonline"],"description":"Somos um portal de not\u00edcias independente, criado em 5 de janeiro de 2009, com o objetivo de informar, conectar e valorizar a nossa comunidade de Ubirat\u00e3 e toda aregi\u00e3o. Com conte\u00fado atualizado, confi\u00e1vel e relevante, o Ubirat\u00e3 Online \u00e9 o seu espa\u00e7o para ficar por dentro dos principais acontecimentos locais, regionais, Brasil, Mundo e de interesse geral. Nosso compromisso \u00e9 com a verdade, a transpar\u00eancia e o respeito ao leitor.","legalName":"UBIRATA ONLINE NOT\u00cdCIAS","foundingDate":"2009-01-05","numberOfEmployees":{"@type":"QuantitativeValue","minValue":"1","maxValue":"10"},"publishingPrinciples":"https:\/\/ubirataonline.com.br\/faq\/","address":{"@id":"https:\/\/ubirataonline.com.br\/best-bay-area-events-parades-and-festivals\/#local-main-place-address"},"geo":{"@type":"GeoCoordinates","latitude":"-24.5361401","longitude":"-52.9921776"},"telephone":["+5544998308235"],"contactPoint":{"@type":"ContactPoint","email":"contato@ubirataonline.com.br"},"openingHoursSpecification":{"@type":"OpeningHoursSpecification","dayOfWeek":["Monday","Tuesday","Wednesday","Thursday","Friday","Saturday","Sunday"],"opens":"00:00","closes":"23:59"},"email":"contato@ubirataonline.com.br","vatID":"47.621.418\/0001-80"},{"@type":"Person","@id":"https:\/\/ubirataonline.com.br\/#\/schema\/person\/372f87bbd3fdd79b8556b84c98d0bc1c","name":"REDA\u00c7\u00c3O: UBIRAT\u00c3 ONLINE - F\u00c1BIO AUGUSTO CELESTINO","pronouns":"Ele","description":"Desde 2003 trabalhando com not\u00edcias.","sameAs":["http:\/\/ubirataoline.com.br","https:\/\/www.facebook.com\/portalubirataonline","https:\/\/www.instagram.com\/ubirataonline_oficial","https:\/\/x.com\/x.com\/ubirataonline"],"honorificPrefix":"Mr.","honorificSuffix":"MD","birthDate":"1980-06-16","gender":"masculino","award":["V\u00e1rios pr\u00eamios de melhor portal da cidade"],"jobTitle":"Diretor","url":"https:\/\/ubirataonline.com.br\/en\/author\/ubirataonline\/"},{"@type":"PostalAddress","@id":"https:\/\/ubirataonline.com.br\/best-bay-area-events-parades-and-festivals\/#local-main-place-address","streetAddress":"Rua dos Coqueiros, 104 - Bairro Boa Vista, Rua dos Coqueiros, 104 Bairro Boa Vista","addressLocality":"UBIRATA","postalCode":"85440-000","addressRegion":"PR","addressCountry":"BR"},{"@type":"ImageObject","inLanguage":"en-US","@id":"https:\/\/ubirataonline.com.br\/best-bay-area-events-parades-and-festivals\/#local-main-organization-logo","url":"https:\/\/ubirataonline.com.br\/wp-content\/uploads\/2026\/06\/logoubirataonline-1.webp","contentUrl":"https:\/\/ubirataonline.com.br\/wp-content\/uploads\/2026\/06\/logoubirataonline-1.webp","width":500,"height":500,"caption":"Ubirat\u00e3 Online Not\u00edcias"}]},"geo.placename":"UBIRATA","geo.position":{"lat":"-24.5361401","long":"-52.9921776"},"geo.region":"Brazil"},"_links":{"self":[{"href":"https:\/\/ubirataonline.com.br\/en\/wp-json\/wp\/v2\/posts\/128590","targetHints":{"allow":["GET"]}}],"collection":[{"href":"https:\/\/ubirataonline.com.br\/en\/wp-json\/wp\/v2\/posts"}],"about":[{"href":"https:\/\/ubirataonline.com.br\/en\/wp-json\/wp\/v2\/types\/post"}],"author":[{"embeddable":true,"href":"https:\/\/ubirataonline.com.br\/en\/wp-json\/wp\/v2\/users\/1"}],"replies":[{"embeddable":true,"href":"https:\/\/ubirataonline.com.br\/en\/wp-json\/wp\/v2\/comments?post=128590"}],"version-history":[{"count":0,"href":"https:\/\/ubirataonline.com.br\/en\/wp-json\/wp\/v2\/posts\/128590\/revisions"}],"wp:featuredmedia":[{"embeddable":true,"href":"https:\/\/ubirataonline.com.br\/en\/wp-json\/wp\/v2\/media\/128591"}],"wp:attachment":[{"href":"https:\/\/ubirataonline.com.br\/en\/wp-json\/wp\/v2\/media?parent=128590"}],"wp:term":[{"taxonomy":"category","embeddable":true,"href":"https:\/\/ubirataonline.com.br\/en\/wp-json\/wp\/v2\/categories?post=128590"},{"taxonomy":"post_tag","embeddable":true,"href":"https:\/\/ubirataonline.com.br\/en\/wp-json\/wp\/v2\/tags?post=128590"}],"curies":[{"name":"wp","href":"https:\/\/api.w.org\/{rel}","templated":true}]}}