{"id":128828,"date":"2026-05-13T16:03:16","date_gmt":"2026-05-13T19:03:16","guid":{"rendered":"https:\/\/ubirataonline.com.br\/kevin-warsh-wins-senate-confirmation-as-the-next-federal-reserve-chair\/"},"modified":"2026-05-13T16:03:19","modified_gmt":"2026-05-13T19:03:19","slug":"kevin-warsh-wins-senate-confirmation-as-the-next-federal-reserve-chair","status":"publish","type":"post","link":"https:\/\/ubirataonline.com.br\/en\/kevin-warsh-wins-senate-confirmation-as-the-next-federal-reserve-chair\/","title":{"rendered":"Kevin Warsh wins Senate confirmation as the next Federal Reserve chair"},"content":{"rendered":"<p><\/p>\n<div id=\"RegularArticle-ArticleBody-5\" data-module=\"ArticleBody\" data-test=\"articleBody-2\" data-analytics=\"RegularArticle-articleBody-5-2\"><span class=\"HighlightShare-hidden\" style=\"top:0;left:0\"\/><\/p>\n<div class=\"InlineImage-imageEmbed\" id=\"ArticleBody-InlineImage-108294704\" data-test=\"InlineImage\">\n<div class=\"InlineImage-wrapper\">\n<div>\n<p>Kevin Warsh, nominee for US Federal Reserve Chair, testifies during a Senate Banking Committee hearing on his nomination on Capitol Hill in Washington, DC, on April 21, 2026. <\/p>\n<p>Mandel Ngan | Afp | Getty Images<\/p>\n<\/div>\n<\/div>\n<\/div>\n<div class=\"group\">\n<p>Kevin Warsh was confirmed Wednesday as the next Federal Reserve chair, taking over the central bank at a time when President Donald Trump is pushing for lower interest rates even as fresh inflation data complicates the case for cuts.<\/p>\n<p>In the most divisive vote ever for a Fed chair, Warsh, 56, won confirmation to take over for Jerome Powell, who has served in the top leadership position since 2018 and whose term will expire Friday.<\/p>\n<p>The Senate voted 54-45 to confirm Warsh, ending a monthslong saga that began in the summer of 2025 and included an extensive search for Powell&#8217;s successor. The vote was almost completely along party lines, with only Pennsylvania Democrat Sen. John Fetterman crossing over to vote for Warsh.<\/p>\n<p>Trump has made no secret that he expects Warsh to lower rates after having lashed out repeatedly at Powell for monetary policy the president has felt was too restrictive. Warsh was part of a derby that included nearly a dozen candidates at one point, including current Governors Christopher Waller and Michelle Bowman.<\/p>\n<\/div>\n<div class=\"group\">\n<p>The confirmation comes, however, following separate reports this week showing inflation well above the Fed&#8217;s 2% target and pipeline pressures accelerating at their highest levels in more than three years. Markets have been scaling back expectations for rate cuts are even pricing in a chance of an increase later this year.<\/p>\n<p>Rep. French Hill, R-Ariz., praised the Fed&#8217;s decision and Warsh&#8217;s inflation-fighting credentials.<\/p>\n<p>&#8220;Chairman Warsh has repeatedly emphasized the importance of placing affordability and price stability at the center of our economic agenda,&#8221; Hill said in a statement. &#8220;His commitment to disciplined monetary policy will help restore confidence in our economy and support long-term prosperity.&#8221;<\/p>\n<p>This will be Warsh&#8217;s second stint at the Fed.<\/p>\n<p>During his first run, he served from 2006-11, a time during which Fed officials initially dismissed dangers from the subprime mortgage meltdown that led to the global financial crisis, then implemented a historic set of policies aimed at rescuing the economy. Part of those rescue endeavors included an unprecedented expansion of asset purchases that sent the Fed&#8217;s balance sheet past $4 trillion, a program known as quantitative easing that Warsh argued then had gone too far.<\/p>\n<p>Since leaving the Fed, Warsh has been a consistent critic of monetary policy and last year, in a CNBC interview, called for &#8220;regime change&#8221; at the central bank. During the period, he&#8217;s been a lecturer at the Stanford School of Business and has served on various boards of directors. <\/p>\n<p>Warsh takes the place of Stephen Miran on the Fed board, who was appointed to governor in September 2025 to fill the few months left on the unexpired term of Adriana Kugler, who resigned unexpectedly in August. <\/p>\n<p>Miran has dissented from each of the Federal Open Market Committee&#8217;s votes since taking the seat. When the committee voted to cut by a quarter percentage point at each of last three meetings in 2025, Miran voiced support for a larger half-point cut. This year, he&#8217;s opposed votes to keep the federal funds rate steady, arguing for quarter-point reductions.<\/p>\n<p>Warsh&#8217;s first meeting as chair of the FOMC is scheduled for June 16-17.<\/p>\n<p>He also will be the wealthiest Fed chair ever, with holdings well north of $100 million. As Fed chair, he&#8217;ll have to divest himself many of his investments under a strict new policy implemented since disclosures of questionable trading practices among top officials.<\/p>\n<\/div>\n<div class=\"ArticleBody-googlePreferredSourceContainer\" data-module=\"GooglePreferredSource\" data-id=\"RegularArticle-GooglePreferredSource-5\"><a href=\"https:\/\/www.google.com\/preferences\/source?q=https:\/\/www.cnbc.com\/\" target=\"_blank\" rel=\"noopener noreferrer\">Choose CNBC as your preferred source on Google and never miss a moment from the most trusted name in business news.<\/a><\/div>\n<\/div>\n<p><a href=\"https:\/\/www.cnbc.com\/2026\/05\/13\/kevin-warsh-wins-senate-confirmation-as-the-next-federal-reserve-chair.html\">Source link <\/a><\/p>","protected":false},"excerpt":{"rendered":"<p>Kevin Warsh, nominee for US Federal Reserve Chair, testifies during a Senate Banking Committee hearing on his nomination on Capitol Hill in Washington, DC, on April 21, 2026. Mandel Ngan | Afp | Getty Images Kevin Warsh was confirmed Wednesday as the next Federal Reserve chair, taking over the central bank at a time when [&hellip;]<\/p>\n","protected":false},"author":1,"featured_media":128829,"comment_status":"closed","ping_status":"","sticky":false,"template":"","format":"standard","meta":{"googlesitekit_rrm_CAow2JLhCw:productID":"","_gspb_post_css":"","maa_idioma":"","maa_pais":"","footnotes":""},"categories":[1],"tags":[13464,23186,4154,6817,14206,8591,17387,8195],"class_list":["post-128828","post","type-post","status-publish","format-standard","has-post-thumbnail","hentry","category-ubirata","tag-chair","tag-confirmation","tag-federal","tag-kevin","tag-reserve","tag-senate","tag-warsh","tag-wins"],"blocksy_meta":[],"yoast_head":"<!-- This site is optimized with the Yoast SEO Premium plugin v27.6 (Yoast SEO v27.6) - https:\/\/yoast.com\/product\/yoast-seo-premium-wordpress\/ -->\n<title>Kevin Warsh wins Senate confirmation as the next Federal Reserve chair - Ubirat\u00e3 Online Not\u00edcias - A realidade ao seu alcance!<\/title>\n<meta name=\"description\" content=\"Kevin Warsh, nominee for US Federal Reserve Chair, testifies during a Senate Banking Committee hearing on his nomination on Capitol Hill in Washington,\" \/>\n<meta name=\"robots\" content=\"index, follow, max-snippet:-1, max-image-preview:large, max-video-preview:-1\" \/>\n<link rel=\"canonical\" href=\"https:\/\/ubirataonline.com.br\/en\/kevin-warsh-wins-senate-confirmation-as-the-next-federal-reserve-chair\/\" \/>\n<meta property=\"og:locale\" content=\"en_US\" \/>\n<meta property=\"og:type\" content=\"article\" \/>\n<meta property=\"og:title\" content=\"Kevin Warsh wins Senate confirmation as the next Federal Reserve chair\" \/>\n<meta property=\"og:description\" content=\"Kevin Warsh, nominee for US Federal Reserve Chair, testifies during a Senate Banking Committee hearing on his nomination on Capitol Hill in Washington,\" \/>\n<meta property=\"og:url\" content=\"https:\/\/ubirataonline.com.br\/en\/kevin-warsh-wins-senate-confirmation-as-the-next-federal-reserve-chair\/\" \/>\n<meta property=\"og:site_name\" content=\"Ubirat\u00e3 Online Not\u00edcias - A realidade ao seu alcance!\" \/>\n<meta property=\"article:publisher\" content=\"https:\/\/www.facebook.com\/portalubirataonline\" \/>\n<meta property=\"article:author\" content=\"https:\/\/www.facebook.com\/portalubirataonline\" \/>\n<meta property=\"article:published_time\" content=\"2026-05-13T19:03:16+00:00\" \/>\n<meta property=\"article:modified_time\" content=\"2026-05-13T19:03:19+00:00\" \/>\n<meta property=\"og:image\" content=\"https:\/\/ubirataonline.com.br\/wp-content\/uploads\/2026\/05\/Kevin-Warsh-wins-Senate-confirmation-as-the-next-Federal-Reserve.jpeg\" \/>\n\t<meta property=\"og:image:width\" content=\"1920\" \/>\n\t<meta property=\"og:image:height\" content=\"1080\" \/>\n\t<meta property=\"og:image:type\" content=\"image\/jpeg\" \/>\n<meta name=\"author\" content=\"REDA\u00c7\u00c3O: UBIRAT\u00c3 ONLINE - F\u00c1BIO AUGUSTO CELESTINO\" \/>\n<meta name=\"twitter:card\" content=\"summary_large_image\" \/>\n<meta name=\"twitter:creator\" content=\"@x.com\/ubirataonline\" \/>\n<meta name=\"twitter:site\" content=\"@ubirataonline\" \/>\n<meta name=\"twitter:label1\" content=\"Written by\" \/>\n\t<meta name=\"twitter:data1\" content=\"REDA\u00c7\u00c3O: UBIRAT\u00c3 ONLINE - F\u00c1BIO AUGUSTO CELESTINO\" \/>\n\t<meta name=\"twitter:label2\" content=\"Est. reading time\" \/>\n\t<meta name=\"twitter:data2\" content=\"3 minutes\" \/>\n<script type=\"application\/ld+json\" class=\"yoast-schema-graph\">{\"@context\":\"https:\\\/\\\/schema.org\",\"@graph\":[{\"@type\":\"NewsArticle\",\"@id\":\"https:\\\/\\\/ubirataonline.com.br\\\/kevin-warsh-wins-senate-confirmation-as-the-next-federal-reserve-chair\\\/#article\",\"isPartOf\":{\"@id\":\"https:\\\/\\\/ubirataonline.com.br\\\/kevin-warsh-wins-senate-confirmation-as-the-next-federal-reserve-chair\\\/\"},\"author\":{\"name\":\"REDA\u00c7\u00c3O: UBIRAT\u00c3 ONLINE - F\u00c1BIO AUGUSTO CELESTINO\",\"@id\":\"https:\\\/\\\/ubirataonline.com.br\\\/#\\\/schema\\\/person\\\/372f87bbd3fdd79b8556b84c98d0bc1c\"},\"headline\":\"Kevin Warsh wins Senate confirmation as the next Federal Reserve chair\",\"datePublished\":\"2026-05-13T19:03:16+00:00\",\"dateModified\":\"2026-05-13T19:03:19+00:00\",\"mainEntityOfPage\":{\"@id\":\"https:\\\/\\\/ubirataonline.com.br\\\/kevin-warsh-wins-senate-confirmation-as-the-next-federal-reserve-chair\\\/\"},\"wordCount\":633,\"publisher\":{\"@id\":\"https:\\\/\\\/ubirataonline.com.br\\\/#organization\"},\"image\":{\"@id\":\"https:\\\/\\\/ubirataonline.com.br\\\/kevin-warsh-wins-senate-confirmation-as-the-next-federal-reserve-chair\\\/#primaryimage\"},\"thumbnailUrl\":\"https:\\\/\\\/ubirataonline.com.br\\\/wp-content\\\/uploads\\\/2026\\\/05\\\/Kevin-Warsh-wins-Senate-confirmation-as-the-next-Federal-Reserve.jpeg\",\"keywords\":[\"chair\",\"confirmation\",\"Federal\",\"Kevin\",\"Reserve\",\"Senate\",\"Warsh\",\"wins\"],\"articleSection\":[\"Ubirat\u00e3\"],\"inLanguage\":\"en-US\",\"copyrightYear\":\"2026\",\"copyrightHolder\":{\"@id\":\"https:\\\/\\\/ubirataonline.com.br\\\/en\\\/#organization\"}},{\"@type\":\"WebPage\",\"@id\":\"https:\\\/\\\/ubirataonline.com.br\\\/kevin-warsh-wins-senate-confirmation-as-the-next-federal-reserve-chair\\\/\",\"url\":\"https:\\\/\\\/ubirataonline.com.br\\\/kevin-warsh-wins-senate-confirmation-as-the-next-federal-reserve-chair\\\/\",\"name\":\"Kevin Warsh wins Senate confirmation as the next Federal Reserve chair - Ubirat\u00e3 Online Not\u00edcias - A realidade ao seu alcance!\",\"isPartOf\":{\"@id\":\"https:\\\/\\\/ubirataonline.com.br\\\/#website\"},\"primaryImageOfPage\":{\"@id\":\"https:\\\/\\\/ubirataonline.com.br\\\/kevin-warsh-wins-senate-confirmation-as-the-next-federal-reserve-chair\\\/#primaryimage\"},\"image\":{\"@id\":\"https:\\\/\\\/ubirataonline.com.br\\\/kevin-warsh-wins-senate-confirmation-as-the-next-federal-reserve-chair\\\/#primaryimage\"},\"thumbnailUrl\":\"https:\\\/\\\/ubirataonline.com.br\\\/wp-content\\\/uploads\\\/2026\\\/05\\\/Kevin-Warsh-wins-Senate-confirmation-as-the-next-Federal-Reserve.jpeg\",\"datePublished\":\"2026-05-13T19:03:16+00:00\",\"dateModified\":\"2026-05-13T19:03:19+00:00\",\"description\":\"Kevin Warsh, nominee for US Federal Reserve Chair, testifies during a Senate Banking Committee hearing on his nomination on Capitol Hill in Washington,\",\"breadcrumb\":{\"@id\":\"https:\\\/\\\/ubirataonline.com.br\\\/kevin-warsh-wins-senate-confirmation-as-the-next-federal-reserve-chair\\\/#breadcrumb\"},\"inLanguage\":\"en-US\",\"potentialAction\":[{\"@type\":\"ReadAction\",\"target\":[\"https:\\\/\\\/ubirataonline.com.br\\\/kevin-warsh-wins-senate-confirmation-as-the-next-federal-reserve-chair\\\/\"]}]},{\"@type\":\"ImageObject\",\"inLanguage\":\"en-US\",\"@id\":\"https:\\\/\\\/ubirataonline.com.br\\\/kevin-warsh-wins-senate-confirmation-as-the-next-federal-reserve-chair\\\/#primaryimage\",\"url\":\"https:\\\/\\\/ubirataonline.com.br\\\/wp-content\\\/uploads\\\/2026\\\/05\\\/Kevin-Warsh-wins-Senate-confirmation-as-the-next-Federal-Reserve.jpeg\",\"contentUrl\":\"https:\\\/\\\/ubirataonline.com.br\\\/wp-content\\\/uploads\\\/2026\\\/05\\\/Kevin-Warsh-wins-Senate-confirmation-as-the-next-Federal-Reserve.jpeg\",\"width\":1920,\"height\":1080,\"caption\":\"Kevin Warsh wins Senate confirmation as the next Federal Reserve chair\"},{\"@type\":\"BreadcrumbList\",\"@id\":\"https:\\\/\\\/ubirataonline.com.br\\\/kevin-warsh-wins-senate-confirmation-as-the-next-federal-reserve-chair\\\/#breadcrumb\",\"itemListElement\":[{\"@type\":\"ListItem\",\"position\":1,\"name\":\"In\u00edcio\",\"item\":\"https:\\\/\\\/ubirataonline.com.br\\\/\"},{\"@type\":\"ListItem\",\"position\":2,\"name\":\"Kevin Warsh wins Senate confirmation as the next Federal Reserve chair\"}]},{\"@type\":\"WebSite\",\"@id\":\"https:\\\/\\\/ubirataonline.com.br\\\/#website\",\"url\":\"https:\\\/\\\/ubirataonline.com.br\\\/\",\"name\":\"Ubirat\u00e3 Online Not\u00edcias\",\"description\":\"Not\u00edcias de Ubirat\u00e3, regi\u00e3o, Brasil e mundo, com informa\u00e7\u00e3o atualizada e compromisso com o leitor.\",\"publisher\":{\"@id\":\"https:\\\/\\\/ubirataonline.com.br\\\/#organization\"},\"alternateName\":\"Ubirat\u00e3 Online\",\"potentialAction\":[{\"@type\":\"SearchAction\",\"target\":{\"@type\":\"EntryPoint\",\"urlTemplate\":\"https:\\\/\\\/ubirataonline.com.br\\\/?s={search_term_string}\"},\"query-input\":{\"@type\":\"PropertyValueSpecification\",\"valueRequired\":true,\"valueName\":\"search_term_string\"}}],\"inLanguage\":\"en-US\"},{\"@type\":[\"Organization\",\"Place\"],\"@id\":\"https:\\\/\\\/ubirataonline.com.br\\\/#organization\",\"name\":\"Ubirat\u00e3 Online Not\u00edcias\",\"alternateName\":\"Ubirat\u00e3 Online\",\"url\":\"https:\\\/\\\/ubirataonline.com.br\\\/\",\"logo\":{\"@id\":\"https:\\\/\\\/ubirataonline.com.br\\\/kevin-warsh-wins-senate-confirmation-as-the-next-federal-reserve-chair\\\/#local-main-organization-logo\"},\"image\":{\"@id\":\"https:\\\/\\\/ubirataonline.com.br\\\/kevin-warsh-wins-senate-confirmation-as-the-next-federal-reserve-chair\\\/#local-main-organization-logo\"},\"sameAs\":[\"https:\\\/\\\/www.facebook.com\\\/portalubirataonline\",\"https:\\\/\\\/x.com\\\/ubirataonline\",\"https:\\\/\\\/mastodon.social\\\/@ubirataonline\",\"https:\\\/\\\/www.facebook.com\\\/groups\\\/311144672285604\",\"https:\\\/\\\/www.facebook.com\\\/UBTAOnline\",\"https:\\\/\\\/www.instagram.com\\\/portalubirataonline\\\/\",\"https:\\\/\\\/twitter.com\\\/ubirataonline\"],\"description\":\"Somos um portal de not\u00edcias independente, criado em 5 de janeiro de 2009, com o objetivo de informar, conectar e valorizar a nossa comunidade de Ubirat\u00e3 e toda aregi\u00e3o. Com conte\u00fado atualizado, confi\u00e1vel e relevante, o Ubirat\u00e3 Online \u00e9 o seu espa\u00e7o para ficar por dentro dos principais acontecimentos locais, regionais, Brasil, Mundo e de interesse geral. Nosso compromisso \u00e9 com a verdade, a transpar\u00eancia e o respeito ao leitor.\",\"legalName\":\"UBIRATA ONLINE NOT\u00cdCIAS\",\"foundingDate\":\"2009-01-05\",\"numberOfEmployees\":{\"@type\":\"QuantitativeValue\",\"minValue\":\"1\",\"maxValue\":\"10\"},\"publishingPrinciples\":\"https:\\\/\\\/ubirataonline.com.br\\\/faq\\\/\",\"address\":{\"@id\":\"https:\\\/\\\/ubirataonline.com.br\\\/kevin-warsh-wins-senate-confirmation-as-the-next-federal-reserve-chair\\\/#local-main-place-address\"},\"geo\":{\"@type\":\"GeoCoordinates\",\"latitude\":\"-24.5361401\",\"longitude\":\"-52.9921776\"},\"telephone\":[\"+5544998308235\"],\"contactPoint\":{\"@type\":\"ContactPoint\",\"email\":\"contato@ubirataonline.com.br\"},\"openingHoursSpecification\":{\"@type\":\"OpeningHoursSpecification\",\"dayOfWeek\":[\"Monday\",\"Tuesday\",\"Wednesday\",\"Thursday\",\"Friday\",\"Saturday\",\"Sunday\"],\"opens\":\"00:00\",\"closes\":\"23:59\"},\"email\":\"contato@ubirataonline.com.br\",\"vatID\":\"47.621.418\\\/0001-80\"},{\"@type\":\"Person\",\"@id\":\"https:\\\/\\\/ubirataonline.com.br\\\/#\\\/schema\\\/person\\\/372f87bbd3fdd79b8556b84c98d0bc1c\",\"name\":\"REDA\u00c7\u00c3O: UBIRAT\u00c3 ONLINE - F\u00c1BIO AUGUSTO CELESTINO\",\"pronouns\":\"Ele\",\"description\":\"Desde 2003 trabalhando com not\u00edcias.\",\"sameAs\":[\"http:\\\/\\\/ubirataoline.com.br\",\"https:\\\/\\\/www.facebook.com\\\/portalubirataonline\",\"https:\\\/\\\/www.instagram.com\\\/ubirataonline_oficial\",\"https:\\\/\\\/x.com\\\/x.com\\\/ubirataonline\"],\"honorificPrefix\":\"Mr.\",\"honorificSuffix\":\"MD\",\"birthDate\":\"1980-06-16\",\"gender\":\"masculino\",\"award\":[\"V\u00e1rios pr\u00eamios de melhor portal da cidade\"],\"jobTitle\":\"Diretor\",\"url\":\"https:\\\/\\\/ubirataonline.com.br\\\/en\\\/author\\\/ubirataonline\\\/\"},{\"@type\":\"PostalAddress\",\"@id\":\"https:\\\/\\\/ubirataonline.com.br\\\/kevin-warsh-wins-senate-confirmation-as-the-next-federal-reserve-chair\\\/#local-main-place-address\",\"streetAddress\":\"Rua dos Coqueiros, 104 - Bairro Boa Vista, Rua dos Coqueiros, 104 Bairro Boa Vista\",\"addressLocality\":\"UBIRATA\",\"postalCode\":\"85440-000\",\"addressRegion\":\"PR\",\"addressCountry\":\"BR\"},{\"@type\":\"ImageObject\",\"inLanguage\":\"en-US\",\"@id\":\"https:\\\/\\\/ubirataonline.com.br\\\/kevin-warsh-wins-senate-confirmation-as-the-next-federal-reserve-chair\\\/#local-main-organization-logo\",\"url\":\"https:\\\/\\\/ubirataonline.com.br\\\/wp-content\\\/uploads\\\/2026\\\/06\\\/logoubirataonline-1.webp\",\"contentUrl\":\"https:\\\/\\\/ubirataonline.com.br\\\/wp-content\\\/uploads\\\/2026\\\/06\\\/logoubirataonline-1.webp\",\"width\":500,\"height\":500,\"caption\":\"Ubirat\u00e3 Online Not\u00edcias\"}]}<\/script>\n<meta name=\"geo.placename\" content=\"UBIRATA\" \/>\n<meta name=\"geo.position\" content=\"-24.5361401;-52.9921776\" \/>\n<meta name=\"geo.region\" content=\"Brazil\" \/>\n<!-- \/ Yoast SEO Premium plugin. -->","yoast_head_json":{"title":"Kevin Warsh wins Senate confirmation as the next Federal Reserve chair - Ubirat\u00e3 Online Not\u00edcias - A realidade ao seu alcance!","description":"Kevin Warsh, nominee for US Federal Reserve Chair, testifies during a Senate Banking Committee hearing on his nomination on Capitol Hill in Washington,","robots":{"index":"index","follow":"follow","max-snippet":"max-snippet:-1","max-image-preview":"max-image-preview:large","max-video-preview":"max-video-preview:-1"},"canonical":"https:\/\/ubirataonline.com.br\/en\/kevin-warsh-wins-senate-confirmation-as-the-next-federal-reserve-chair\/","og_locale":"en_US","og_type":"article","og_title":"Kevin Warsh wins Senate confirmation as the next Federal Reserve chair","og_description":"Kevin Warsh, nominee for US Federal Reserve Chair, testifies during a Senate Banking Committee hearing on his nomination on Capitol Hill in Washington,","og_url":"https:\/\/ubirataonline.com.br\/en\/kevin-warsh-wins-senate-confirmation-as-the-next-federal-reserve-chair\/","og_site_name":"Ubirat\u00e3 Online Not\u00edcias - A realidade ao seu alcance!","article_publisher":"https:\/\/www.facebook.com\/portalubirataonline","article_author":"https:\/\/www.facebook.com\/portalubirataonline","article_published_time":"2026-05-13T19:03:16+00:00","article_modified_time":"2026-05-13T19:03:19+00:00","og_image":[{"width":1920,"height":1080,"url":"https:\/\/ubirataonline.com.br\/wp-content\/uploads\/2026\/05\/Kevin-Warsh-wins-Senate-confirmation-as-the-next-Federal-Reserve.jpeg","type":"image\/jpeg"}],"author":"REDA\u00c7\u00c3O: UBIRAT\u00c3 ONLINE - F\u00c1BIO AUGUSTO CELESTINO","twitter_card":"summary_large_image","twitter_creator":"@x.com\/ubirataonline","twitter_site":"@ubirataonline","twitter_misc":{"Written by":"REDA\u00c7\u00c3O: UBIRAT\u00c3 ONLINE - F\u00c1BIO AUGUSTO CELESTINO","Est. reading time":"3 minutes"},"schema":{"@context":"https:\/\/schema.org","@graph":[{"@type":"NewsArticle","@id":"https:\/\/ubirataonline.com.br\/kevin-warsh-wins-senate-confirmation-as-the-next-federal-reserve-chair\/#article","isPartOf":{"@id":"https:\/\/ubirataonline.com.br\/kevin-warsh-wins-senate-confirmation-as-the-next-federal-reserve-chair\/"},"author":{"name":"REDA\u00c7\u00c3O: UBIRAT\u00c3 ONLINE - F\u00c1BIO AUGUSTO CELESTINO","@id":"https:\/\/ubirataonline.com.br\/#\/schema\/person\/372f87bbd3fdd79b8556b84c98d0bc1c"},"headline":"Kevin Warsh wins Senate confirmation as the next Federal Reserve chair","datePublished":"2026-05-13T19:03:16+00:00","dateModified":"2026-05-13T19:03:19+00:00","mainEntityOfPage":{"@id":"https:\/\/ubirataonline.com.br\/kevin-warsh-wins-senate-confirmation-as-the-next-federal-reserve-chair\/"},"wordCount":633,"publisher":{"@id":"https:\/\/ubirataonline.com.br\/#organization"},"image":{"@id":"https:\/\/ubirataonline.com.br\/kevin-warsh-wins-senate-confirmation-as-the-next-federal-reserve-chair\/#primaryimage"},"thumbnailUrl":"https:\/\/ubirataonline.com.br\/wp-content\/uploads\/2026\/05\/Kevin-Warsh-wins-Senate-confirmation-as-the-next-Federal-Reserve.jpeg","keywords":["chair","confirmation","Federal","Kevin","Reserve","Senate","Warsh","wins"],"articleSection":["Ubirat\u00e3"],"inLanguage":"en-US","copyrightYear":"2026","copyrightHolder":{"@id":"https:\/\/ubirataonline.com.br\/en\/#organization"}},{"@type":"WebPage","@id":"https:\/\/ubirataonline.com.br\/kevin-warsh-wins-senate-confirmation-as-the-next-federal-reserve-chair\/","url":"https:\/\/ubirataonline.com.br\/kevin-warsh-wins-senate-confirmation-as-the-next-federal-reserve-chair\/","name":"Kevin Warsh wins Senate confirmation as the next Federal Reserve chair - Ubirat\u00e3 Online Not\u00edcias - A realidade ao seu alcance!","isPartOf":{"@id":"https:\/\/ubirataonline.com.br\/#website"},"primaryImageOfPage":{"@id":"https:\/\/ubirataonline.com.br\/kevin-warsh-wins-senate-confirmation-as-the-next-federal-reserve-chair\/#primaryimage"},"image":{"@id":"https:\/\/ubirataonline.com.br\/kevin-warsh-wins-senate-confirmation-as-the-next-federal-reserve-chair\/#primaryimage"},"thumbnailUrl":"https:\/\/ubirataonline.com.br\/wp-content\/uploads\/2026\/05\/Kevin-Warsh-wins-Senate-confirmation-as-the-next-Federal-Reserve.jpeg","datePublished":"2026-05-13T19:03:16+00:00","dateModified":"2026-05-13T19:03:19+00:00","description":"Kevin Warsh, nominee for US Federal Reserve Chair, testifies during a Senate Banking Committee hearing on his nomination on Capitol Hill in Washington,","breadcrumb":{"@id":"https:\/\/ubirataonline.com.br\/kevin-warsh-wins-senate-confirmation-as-the-next-federal-reserve-chair\/#breadcrumb"},"inLanguage":"en-US","potentialAction":[{"@type":"ReadAction","target":["https:\/\/ubirataonline.com.br\/kevin-warsh-wins-senate-confirmation-as-the-next-federal-reserve-chair\/"]}]},{"@type":"ImageObject","inLanguage":"en-US","@id":"https:\/\/ubirataonline.com.br\/kevin-warsh-wins-senate-confirmation-as-the-next-federal-reserve-chair\/#primaryimage","url":"https:\/\/ubirataonline.com.br\/wp-content\/uploads\/2026\/05\/Kevin-Warsh-wins-Senate-confirmation-as-the-next-Federal-Reserve.jpeg","contentUrl":"https:\/\/ubirataonline.com.br\/wp-content\/uploads\/2026\/05\/Kevin-Warsh-wins-Senate-confirmation-as-the-next-Federal-Reserve.jpeg","width":1920,"height":1080,"caption":"Kevin Warsh wins Senate confirmation as the next Federal Reserve chair"},{"@type":"BreadcrumbList","@id":"https:\/\/ubirataonline.com.br\/kevin-warsh-wins-senate-confirmation-as-the-next-federal-reserve-chair\/#breadcrumb","itemListElement":[{"@type":"ListItem","position":1,"name":"In\u00edcio","item":"https:\/\/ubirataonline.com.br\/"},{"@type":"ListItem","position":2,"name":"Kevin Warsh wins Senate confirmation as the next Federal Reserve chair"}]},{"@type":"WebSite","@id":"https:\/\/ubirataonline.com.br\/#website","url":"https:\/\/ubirataonline.com.br\/","name":"Ubirat\u00e3 Online Not\u00edcias","description":"Not\u00edcias de Ubirat\u00e3, regi\u00e3o, Brasil e mundo, com informa\u00e7\u00e3o atualizada e compromisso com o leitor.","publisher":{"@id":"https:\/\/ubirataonline.com.br\/#organization"},"alternateName":"Ubirat\u00e3 Online","potentialAction":[{"@type":"SearchAction","target":{"@type":"EntryPoint","urlTemplate":"https:\/\/ubirataonline.com.br\/?s={search_term_string}"},"query-input":{"@type":"PropertyValueSpecification","valueRequired":true,"valueName":"search_term_string"}}],"inLanguage":"en-US"},{"@type":["Organization","Place"],"@id":"https:\/\/ubirataonline.com.br\/#organization","name":"Ubirat\u00e3 Online Not\u00edcias","alternateName":"Ubirat\u00e3 Online","url":"https:\/\/ubirataonline.com.br\/","logo":{"@id":"https:\/\/ubirataonline.com.br\/kevin-warsh-wins-senate-confirmation-as-the-next-federal-reserve-chair\/#local-main-organization-logo"},"image":{"@id":"https:\/\/ubirataonline.com.br\/kevin-warsh-wins-senate-confirmation-as-the-next-federal-reserve-chair\/#local-main-organization-logo"},"sameAs":["https:\/\/www.facebook.com\/portalubirataonline","https:\/\/x.com\/ubirataonline","https:\/\/mastodon.social\/@ubirataonline","https:\/\/www.facebook.com\/groups\/311144672285604","https:\/\/www.facebook.com\/UBTAOnline","https:\/\/www.instagram.com\/portalubirataonline\/","https:\/\/twitter.com\/ubirataonline"],"description":"Somos um portal de not\u00edcias independente, criado em 5 de janeiro de 2009, com o objetivo de informar, conectar e valorizar a nossa comunidade de Ubirat\u00e3 e toda aregi\u00e3o. Com conte\u00fado atualizado, confi\u00e1vel e relevante, o Ubirat\u00e3 Online \u00e9 o seu espa\u00e7o para ficar por dentro dos principais acontecimentos locais, regionais, Brasil, Mundo e de interesse geral. Nosso compromisso \u00e9 com a verdade, a transpar\u00eancia e o respeito ao leitor.","legalName":"UBIRATA ONLINE NOT\u00cdCIAS","foundingDate":"2009-01-05","numberOfEmployees":{"@type":"QuantitativeValue","minValue":"1","maxValue":"10"},"publishingPrinciples":"https:\/\/ubirataonline.com.br\/faq\/","address":{"@id":"https:\/\/ubirataonline.com.br\/kevin-warsh-wins-senate-confirmation-as-the-next-federal-reserve-chair\/#local-main-place-address"},"geo":{"@type":"GeoCoordinates","latitude":"-24.5361401","longitude":"-52.9921776"},"telephone":["+5544998308235"],"contactPoint":{"@type":"ContactPoint","email":"contato@ubirataonline.com.br"},"openingHoursSpecification":{"@type":"OpeningHoursSpecification","dayOfWeek":["Monday","Tuesday","Wednesday","Thursday","Friday","Saturday","Sunday"],"opens":"00:00","closes":"23:59"},"email":"contato@ubirataonline.com.br","vatID":"47.621.418\/0001-80"},{"@type":"Person","@id":"https:\/\/ubirataonline.com.br\/#\/schema\/person\/372f87bbd3fdd79b8556b84c98d0bc1c","name":"REDA\u00c7\u00c3O: UBIRAT\u00c3 ONLINE - F\u00c1BIO AUGUSTO CELESTINO","pronouns":"Ele","description":"Desde 2003 trabalhando com not\u00edcias.","sameAs":["http:\/\/ubirataoline.com.br","https:\/\/www.facebook.com\/portalubirataonline","https:\/\/www.instagram.com\/ubirataonline_oficial","https:\/\/x.com\/x.com\/ubirataonline"],"honorificPrefix":"Mr.","honorificSuffix":"MD","birthDate":"1980-06-16","gender":"masculino","award":["V\u00e1rios pr\u00eamios de melhor portal da cidade"],"jobTitle":"Diretor","url":"https:\/\/ubirataonline.com.br\/en\/author\/ubirataonline\/"},{"@type":"PostalAddress","@id":"https:\/\/ubirataonline.com.br\/kevin-warsh-wins-senate-confirmation-as-the-next-federal-reserve-chair\/#local-main-place-address","streetAddress":"Rua dos Coqueiros, 104 - Bairro Boa Vista, Rua dos Coqueiros, 104 Bairro Boa Vista","addressLocality":"UBIRATA","postalCode":"85440-000","addressRegion":"PR","addressCountry":"BR"},{"@type":"ImageObject","inLanguage":"en-US","@id":"https:\/\/ubirataonline.com.br\/kevin-warsh-wins-senate-confirmation-as-the-next-federal-reserve-chair\/#local-main-organization-logo","url":"https:\/\/ubirataonline.com.br\/wp-content\/uploads\/2026\/06\/logoubirataonline-1.webp","contentUrl":"https:\/\/ubirataonline.com.br\/wp-content\/uploads\/2026\/06\/logoubirataonline-1.webp","width":500,"height":500,"caption":"Ubirat\u00e3 Online Not\u00edcias"}]},"geo.placename":"UBIRATA","geo.position":{"lat":"-24.5361401","long":"-52.9921776"},"geo.region":"Brazil"},"_links":{"self":[{"href":"https:\/\/ubirataonline.com.br\/en\/wp-json\/wp\/v2\/posts\/128828","targetHints":{"allow":["GET"]}}],"collection":[{"href":"https:\/\/ubirataonline.com.br\/en\/wp-json\/wp\/v2\/posts"}],"about":[{"href":"https:\/\/ubirataonline.com.br\/en\/wp-json\/wp\/v2\/types\/post"}],"author":[{"embeddable":true,"href":"https:\/\/ubirataonline.com.br\/en\/wp-json\/wp\/v2\/users\/1"}],"replies":[{"embeddable":true,"href":"https:\/\/ubirataonline.com.br\/en\/wp-json\/wp\/v2\/comments?post=128828"}],"version-history":[{"count":0,"href":"https:\/\/ubirataonline.com.br\/en\/wp-json\/wp\/v2\/posts\/128828\/revisions"}],"wp:featuredmedia":[{"embeddable":true,"href":"https:\/\/ubirataonline.com.br\/en\/wp-json\/wp\/v2\/media\/128829"}],"wp:attachment":[{"href":"https:\/\/ubirataonline.com.br\/en\/wp-json\/wp\/v2\/media?parent=128828"}],"wp:term":[{"taxonomy":"category","embeddable":true,"href":"https:\/\/ubirataonline.com.br\/en\/wp-json\/wp\/v2\/categories?post=128828"},{"taxonomy":"post_tag","embeddable":true,"href":"https:\/\/ubirataonline.com.br\/en\/wp-json\/wp\/v2\/tags?post=128828"}],"curies":[{"name":"wp","href":"https:\/\/api.w.org\/{rel}","templated":true}]}}