{"id":128848,"date":"2026-05-13T16:25:12","date_gmt":"2026-05-13T19:25:12","guid":{"rendered":"https:\/\/ubirataonline.com.br\/senado-dos-eua-aprova-warsh-para-presidencia-do-fed-em-meio-a-debate-sobre-autonomia-de-bc\/"},"modified":"2026-05-13T16:25:14","modified_gmt":"2026-05-13T19:25:14","slug":"senado-dos-eua-aprova-warsh-para-presidencia-do-fed-em-meio-a-debate-sobre-autonomia-de-bc","status":"publish","type":"post","link":"https:\/\/ubirataonline.com.br\/en\/senado-dos-eua-aprova-warsh-para-presidencia-do-fed-em-meio-a-debate-sobre-autonomia-de-bc\/","title":{"rendered":"Senado dos EUA aprova Warsh para presid\u00eancia do Fed em meio a debate sobre autonomia de BC"},"content":{"rendered":"<p><\/p>\n<div id=\"texto\">\n<p>O Senado dos Estados Unidos aprovou nesta quarta-feira, 13, por 54-45, a nomea\u00e7\u00e3o de Kevin Warsh para um mandato de quatro anos \u00e0 frente da presid\u00eancia do Federal Reserve (Fed, o banco central norte-americano), consolidando a troca de comando no BC dos EUA em um momento de forte escrut\u00ednio sobre a independ\u00eancia da institui\u00e7\u00e3o e de press\u00e3o da Casa Branca por juros mais baixos. O mandato de Jerome Powell termina na sexta-feira, 15, e Warsh deve presidir j\u00e1 a pr\u00f3xima reuni\u00e3o do Comit\u00ea Federal de Mercado Aberto (FOMC, na sigla em ingl\u00eas), marcada para junho.<\/p>\n<p>A confirma\u00e7\u00e3o de Warsh ocorre ap\u00f3s o Senado j\u00e1 ter aprovado, na ter\u00e7a-feira, sua entrada no Conselho do Fed para um mandato de 14 anos como diretor. Com maioria republicana, o plen\u00e1rio acelerou o processo para garantir a transi\u00e7\u00e3o antes do fim do mandato de Powell. O nome do ex-diretor do banco central havia sido aprovado pelo Comit\u00ea Banc\u00e1rio do Senado no fim de abril.<\/p>\n<p>Indicado pelo presidente dos EUA, Donald Trump, em janeiro, Warsh chega ao comando do Fed cercado por questionamentos sobre o grau de autonomia diante da Casa Branca. Durante sua sabatina no Senado, o economista afirmou que a independ\u00eancia da pol\u00edtica monet\u00e1ria \u00e9 \u201cessencial\u201d, mas evitou criticar as reiteradas press\u00f5es p\u00fablicas de Trump por cortes de juros. Tamb\u00e9m disse n\u00e3o acreditar que coment\u00e1rios de autoridades eleitas representem, por si s\u00f3, amea\u00e7a relevante \u00e0 independ\u00eancia operacional do Fed.<\/p>\n<p>As declara\u00e7\u00f5es alimentaram cr\u00edticas de ex-dirigentes da institui\u00e7\u00e3o. O ex-presidente do Fed de Boston Eric Rosengren avaliou que a audi\u00eancia de confirma\u00e7\u00e3o refor\u00e7ou d\u00favidas sobre a independ\u00eancia de Warsh em rela\u00e7\u00e3o ao governo Trump e afirmou que o indicado n\u00e3o demonstrou disposi\u00e7\u00e3o para divergir da administra\u00e7\u00e3o republicana.<\/p>\n<p>Ainda assim, parte do mercado interpretou o depoimento como relativamente hawkish. Em an\u00e1lise divulgada ap\u00f3s a audi\u00eancia, o Bank of America (BofA) afirmou que Warsh n\u00e3o apresentou argumentos convincentes para cortes de juros no curto prazo e sinalizou prefer\u00eancia por uma postura cautelosa diante da infla\u00e7\u00e3o. O banco destacou ainda cr\u00edticas do indicado ao uso excessivo de \u201corienta\u00e7\u00e3o futura\u201d e sua defesa de mudan\u00e7as na comunica\u00e7\u00e3o do Fed.<\/p>\n<p>Warsh tamb\u00e9m tem defendido uma redu\u00e7\u00e3o mais agressiva do balan\u00e7o patrimonial do banco central, atualmente acima de US$ 6 trilh\u00f5es. Antes mesmo da indica\u00e7\u00e3o, ele argumentou que o Fed deveria reduzir significativamente sua carteira de ativos e abandonar gradualmente a concentra\u00e7\u00e3o em t\u00edtulos longos do Tesouro americano. Analistas, por\u00e9m, avaliam que qualquer movimento mais profundo depender\u00e1 de coordena\u00e7\u00e3o com o Tesouro e de apoio do restante do FOMC. Para a Fitch, a a\u00e7\u00e3o \u00e9 arriscada e improv\u00e1vel de ser feita rapidamente.<\/p>\n<p>No Conselho do Fed, como diretor, a chegada de Warsh ocorre na vaga anteriormente ocupada por Stephen Miran, tamb\u00e9m indicado por Trump, e cujo mandato terminou em janeiro. Considerado um dos dirigentes mais dovish da institui\u00e7\u00e3o, Miran vinha defendendo apoio monet\u00e1rio \u00e0 economia e chegou a afirmar, em mar\u00e7o, que o banco central poderia estar \u201cperseguindo uma infla\u00e7\u00e3o fantasma\u201d.<\/p>\n<p>Powell, por sua vez, declarou no fim de abril que confia na capacidade de Warsh para construir um consenso dentro do Fed e afirmou esperar continuidade institucional na condu\u00e7\u00e3o da pol\u00edtica monet\u00e1ria, em sua \u00faltima decis\u00e3o monet\u00e1ria \u00e0 frente do banco central. Ao mesmo tempo, reconheceu que a autoridade monet\u00e1ria ainda enfrenta riscos \u00e0 sua autonomia. \u201cAdoraria pensar que j\u00e1 passamos pela era de press\u00f5es sobre o Fed\u201d, disse na ocasi\u00e3o. Apesar de deixar a presid\u00eancia nesta sexta-feira, Powell continuar\u00e1 seu mandato como diretor do BC norte-americano. <\/p>\n<\/p><\/div>\n<p><a href=\"https:\/\/cgn.inf.br\/noticia\/2104900\/senado-dos-eua-aprova-warsh-para-presidencia-do-fed-em-meio-a-debate-sobre-autonomia-de-bc\">Fonte do Artigo <\/a><\/p>","protected":false},"excerpt":{"rendered":"<p>O Senado dos Estados Unidos aprovou nesta quarta-feira, 13, por 54-45, a nomea\u00e7\u00e3o de Kevin Warsh para um mandato de quatro anos \u00e0 frente da presid\u00eancia do Federal Reserve (Fed, o banco central norte-americano), consolidando a troca de comando no BC dos EUA em um momento de forte escrut\u00ednio sobre a independ\u00eancia da institui\u00e7\u00e3o e [&hellip;]<\/p>\n","protected":false},"author":1,"featured_media":92994,"comment_status":"closed","ping_status":"","sticky":false,"template":"","format":"standard","meta":{"googlesitekit_rrm_CAow2JLhCw:productID":"","_gspb_post_css":"","maa_idioma":"","maa_pais":"","footnotes":""},"categories":[1],"tags":[5844,16152,8304,3113,1604,5315,11128,2904,5087,5379,3203,17387],"class_list":["post-128848","post","type-post","status-publish","format-standard","has-post-thumbnail","hentry","category-ubirata","tag-aprova","tag-autonomia","tag-debate","tag-dos","tag-eua","tag-fed","tag-meio","tag-para","tag-presidencia","tag-senado","tag-sobre","tag-warsh"],"blocksy_meta":[],"yoast_head":"<!-- This site is optimized with the Yoast SEO Premium plugin v27.6 (Yoast SEO v27.6) - https:\/\/yoast.com\/product\/yoast-seo-premium-wordpress\/ -->\n<title>Senado dos EUA aprova Warsh para presid\u00eancia do Fed em meio a debate sobre autonomia de BC - Ubirat\u00e3 Online Not\u00edcias - A realidade ao seu alcance!<\/title>\n<meta name=\"description\" content=\"O Senado dos Estados Unidos aprovou nesta quarta-feira, 13, por 54-45, a nomea\u00e7\u00e3o de Kevin Warsh para um mandato de quatro anos \u00e0 frente da presid\u00eancia do\" \/>\n<meta name=\"robots\" content=\"index, follow, max-snippet:-1, max-image-preview:large, max-video-preview:-1\" \/>\n<link rel=\"canonical\" href=\"https:\/\/ubirataonline.com.br\/en\/senado-dos-eua-aprova-warsh-para-presidencia-do-fed-em-meio-a-debate-sobre-autonomia-de-bc\/\" \/>\n<meta property=\"og:locale\" content=\"en_US\" \/>\n<meta property=\"og:type\" content=\"article\" \/>\n<meta property=\"og:title\" content=\"Senado dos EUA aprova Warsh para presid\u00eancia do Fed em meio a debate sobre autonomia de BC\" \/>\n<meta property=\"og:description\" content=\"O Senado dos Estados Unidos aprovou nesta quarta-feira, 13, por 54-45, a nomea\u00e7\u00e3o de Kevin Warsh para um mandato de quatro anos \u00e0 frente da presid\u00eancia do\" \/>\n<meta property=\"og:url\" content=\"https:\/\/ubirataonline.com.br\/en\/senado-dos-eua-aprova-warsh-para-presidencia-do-fed-em-meio-a-debate-sobre-autonomia-de-bc\/\" \/>\n<meta property=\"og:site_name\" content=\"Ubirat\u00e3 Online Not\u00edcias - A realidade ao seu alcance!\" \/>\n<meta property=\"article:publisher\" content=\"https:\/\/www.facebook.com\/portalubirataonline\" \/>\n<meta property=\"article:author\" content=\"https:\/\/www.facebook.com\/portalubirataonline\" \/>\n<meta property=\"article:published_time\" content=\"2026-05-13T19:25:12+00:00\" \/>\n<meta property=\"article:modified_time\" content=\"2026-05-13T19:25:14+00:00\" \/>\n<meta property=\"og:image\" content=\"https:\/\/ubirataonline.com.br\/wp-content\/uploads\/2026\/03\/Gilmar-ve-explicacao-insuficiente-e-da-72-horas-para-MPRJ.gif\" \/>\n\t<meta property=\"og:image:width\" content=\"768\" \/>\n\t<meta property=\"og:image:height\" content=\"461\" \/>\n\t<meta property=\"og:image:type\" content=\"image\/gif\" \/>\n<meta name=\"author\" content=\"REDA\u00c7\u00c3O: UBIRAT\u00c3 ONLINE - F\u00c1BIO AUGUSTO CELESTINO\" \/>\n<meta name=\"twitter:card\" content=\"summary_large_image\" \/>\n<meta name=\"twitter:creator\" content=\"@x.com\/ubirataonline\" \/>\n<meta name=\"twitter:site\" content=\"@ubirataonline\" \/>\n<meta name=\"twitter:label1\" content=\"Written by\" \/>\n\t<meta name=\"twitter:data1\" content=\"REDA\u00c7\u00c3O: UBIRAT\u00c3 ONLINE - F\u00c1BIO AUGUSTO CELESTINO\" \/>\n\t<meta name=\"twitter:label2\" content=\"Est. reading time\" \/>\n\t<meta name=\"twitter:data2\" content=\"3 minutes\" \/>\n<script type=\"application\/ld+json\" class=\"yoast-schema-graph\">{\"@context\":\"https:\\\/\\\/schema.org\",\"@graph\":[{\"@type\":\"NewsArticle\",\"@id\":\"https:\\\/\\\/ubirataonline.com.br\\\/senado-dos-eua-aprova-warsh-para-presidencia-do-fed-em-meio-a-debate-sobre-autonomia-de-bc\\\/#article\",\"isPartOf\":{\"@id\":\"https:\\\/\\\/ubirataonline.com.br\\\/senado-dos-eua-aprova-warsh-para-presidencia-do-fed-em-meio-a-debate-sobre-autonomia-de-bc\\\/\"},\"author\":{\"name\":\"REDA\u00c7\u00c3O: UBIRAT\u00c3 ONLINE - F\u00c1BIO AUGUSTO CELESTINO\",\"@id\":\"https:\\\/\\\/ubirataonline.com.br\\\/#\\\/schema\\\/person\\\/372f87bbd3fdd79b8556b84c98d0bc1c\"},\"headline\":\"Senado dos EUA aprova Warsh para presid\u00eancia do Fed em meio a debate sobre autonomia de BC\",\"datePublished\":\"2026-05-13T19:25:12+00:00\",\"dateModified\":\"2026-05-13T19:25:14+00:00\",\"mainEntityOfPage\":{\"@id\":\"https:\\\/\\\/ubirataonline.com.br\\\/senado-dos-eua-aprova-warsh-para-presidencia-do-fed-em-meio-a-debate-sobre-autonomia-de-bc\\\/\"},\"wordCount\":660,\"publisher\":{\"@id\":\"https:\\\/\\\/ubirataonline.com.br\\\/#organization\"},\"image\":{\"@id\":\"https:\\\/\\\/ubirataonline.com.br\\\/senado-dos-eua-aprova-warsh-para-presidencia-do-fed-em-meio-a-debate-sobre-autonomia-de-bc\\\/#primaryimage\"},\"thumbnailUrl\":\"https:\\\/\\\/ubirataonline.com.br\\\/wp-content\\\/uploads\\\/2026\\\/03\\\/Gilmar-ve-explicacao-insuficiente-e-da-72-horas-para-MPRJ.gif\",\"keywords\":[\"aprova\",\"autonomia\",\"debate\",\"dos\",\"EUA\",\"Fed\",\"meio\",\"para\",\"Presid\u00eancia\",\"Senado\",\"sobre\",\"Warsh\"],\"articleSection\":[\"Ubirat\u00e3\"],\"inLanguage\":\"en-US\",\"copyrightYear\":\"2026\",\"copyrightHolder\":{\"@id\":\"https:\\\/\\\/ubirataonline.com.br\\\/en\\\/#organization\"}},{\"@type\":\"WebPage\",\"@id\":\"https:\\\/\\\/ubirataonline.com.br\\\/senado-dos-eua-aprova-warsh-para-presidencia-do-fed-em-meio-a-debate-sobre-autonomia-de-bc\\\/\",\"url\":\"https:\\\/\\\/ubirataonline.com.br\\\/senado-dos-eua-aprova-warsh-para-presidencia-do-fed-em-meio-a-debate-sobre-autonomia-de-bc\\\/\",\"name\":\"Senado dos EUA aprova Warsh para presid\u00eancia do Fed em meio a debate sobre autonomia de BC - Ubirat\u00e3 Online Not\u00edcias - A realidade ao seu alcance!\",\"isPartOf\":{\"@id\":\"https:\\\/\\\/ubirataonline.com.br\\\/#website\"},\"primaryImageOfPage\":{\"@id\":\"https:\\\/\\\/ubirataonline.com.br\\\/senado-dos-eua-aprova-warsh-para-presidencia-do-fed-em-meio-a-debate-sobre-autonomia-de-bc\\\/#primaryimage\"},\"image\":{\"@id\":\"https:\\\/\\\/ubirataonline.com.br\\\/senado-dos-eua-aprova-warsh-para-presidencia-do-fed-em-meio-a-debate-sobre-autonomia-de-bc\\\/#primaryimage\"},\"thumbnailUrl\":\"https:\\\/\\\/ubirataonline.com.br\\\/wp-content\\\/uploads\\\/2026\\\/03\\\/Gilmar-ve-explicacao-insuficiente-e-da-72-horas-para-MPRJ.gif\",\"datePublished\":\"2026-05-13T19:25:12+00:00\",\"dateModified\":\"2026-05-13T19:25:14+00:00\",\"description\":\"O Senado dos Estados Unidos aprovou nesta quarta-feira, 13, por 54-45, a nomea\u00e7\u00e3o de Kevin Warsh para um mandato de quatro anos \u00e0 frente da presid\u00eancia do\",\"breadcrumb\":{\"@id\":\"https:\\\/\\\/ubirataonline.com.br\\\/senado-dos-eua-aprova-warsh-para-presidencia-do-fed-em-meio-a-debate-sobre-autonomia-de-bc\\\/#breadcrumb\"},\"inLanguage\":\"en-US\",\"potentialAction\":[{\"@type\":\"ReadAction\",\"target\":[\"https:\\\/\\\/ubirataonline.com.br\\\/senado-dos-eua-aprova-warsh-para-presidencia-do-fed-em-meio-a-debate-sobre-autonomia-de-bc\\\/\"]}]},{\"@type\":\"ImageObject\",\"inLanguage\":\"en-US\",\"@id\":\"https:\\\/\\\/ubirataonline.com.br\\\/senado-dos-eua-aprova-warsh-para-presidencia-do-fed-em-meio-a-debate-sobre-autonomia-de-bc\\\/#primaryimage\",\"url\":\"https:\\\/\\\/ubirataonline.com.br\\\/wp-content\\\/uploads\\\/2026\\\/03\\\/Gilmar-ve-explicacao-insuficiente-e-da-72-horas-para-MPRJ.gif\",\"contentUrl\":\"https:\\\/\\\/ubirataonline.com.br\\\/wp-content\\\/uploads\\\/2026\\\/03\\\/Gilmar-ve-explicacao-insuficiente-e-da-72-horas-para-MPRJ.gif\",\"width\":768,\"height\":461,\"caption\":\"Gilmar v\u00ea explica\u00e7\u00e3o insuficiente e d\u00e1 72 horas para MPRJ explicar pagamento de penduricalhos\"},{\"@type\":\"BreadcrumbList\",\"@id\":\"https:\\\/\\\/ubirataonline.com.br\\\/senado-dos-eua-aprova-warsh-para-presidencia-do-fed-em-meio-a-debate-sobre-autonomia-de-bc\\\/#breadcrumb\",\"itemListElement\":[{\"@type\":\"ListItem\",\"position\":1,\"name\":\"In\u00edcio\",\"item\":\"https:\\\/\\\/ubirataonline.com.br\\\/\"},{\"@type\":\"ListItem\",\"position\":2,\"name\":\"Senado dos EUA aprova Warsh para presid\u00eancia do Fed em meio a debate sobre autonomia de BC\"}]},{\"@type\":\"WebSite\",\"@id\":\"https:\\\/\\\/ubirataonline.com.br\\\/#website\",\"url\":\"https:\\\/\\\/ubirataonline.com.br\\\/\",\"name\":\"Ubirat\u00e3 Online Not\u00edcias\",\"description\":\"Not\u00edcias de Ubirat\u00e3, regi\u00e3o, Brasil e mundo, com informa\u00e7\u00e3o atualizada e compromisso com o leitor.\",\"publisher\":{\"@id\":\"https:\\\/\\\/ubirataonline.com.br\\\/#organization\"},\"alternateName\":\"Ubirat\u00e3 Online\",\"potentialAction\":[{\"@type\":\"SearchAction\",\"target\":{\"@type\":\"EntryPoint\",\"urlTemplate\":\"https:\\\/\\\/ubirataonline.com.br\\\/?s={search_term_string}\"},\"query-input\":{\"@type\":\"PropertyValueSpecification\",\"valueRequired\":true,\"valueName\":\"search_term_string\"}}],\"inLanguage\":\"en-US\"},{\"@type\":[\"Organization\",\"Place\"],\"@id\":\"https:\\\/\\\/ubirataonline.com.br\\\/#organization\",\"name\":\"Ubirat\u00e3 Online Not\u00edcias\",\"alternateName\":\"Ubirat\u00e3 Online\",\"url\":\"https:\\\/\\\/ubirataonline.com.br\\\/\",\"logo\":{\"@id\":\"https:\\\/\\\/ubirataonline.com.br\\\/senado-dos-eua-aprova-warsh-para-presidencia-do-fed-em-meio-a-debate-sobre-autonomia-de-bc\\\/#local-main-organization-logo\"},\"image\":{\"@id\":\"https:\\\/\\\/ubirataonline.com.br\\\/senado-dos-eua-aprova-warsh-para-presidencia-do-fed-em-meio-a-debate-sobre-autonomia-de-bc\\\/#local-main-organization-logo\"},\"sameAs\":[\"https:\\\/\\\/www.facebook.com\\\/portalubirataonline\",\"https:\\\/\\\/x.com\\\/ubirataonline\",\"https:\\\/\\\/mastodon.social\\\/@ubirataonline\",\"https:\\\/\\\/www.facebook.com\\\/groups\\\/311144672285604\",\"https:\\\/\\\/www.facebook.com\\\/UBTAOnline\",\"https:\\\/\\\/www.instagram.com\\\/portalubirataonline\\\/\",\"https:\\\/\\\/twitter.com\\\/ubirataonline\"],\"description\":\"Somos um portal de not\u00edcias independente, criado em 5 de janeiro de 2009, com o objetivo de informar, conectar e valorizar a nossa comunidade de Ubirat\u00e3 e toda aregi\u00e3o. Com conte\u00fado atualizado, confi\u00e1vel e relevante, o Ubirat\u00e3 Online \u00e9 o seu espa\u00e7o para ficar por dentro dos principais acontecimentos locais, regionais, Brasil, Mundo e de interesse geral. Nosso compromisso \u00e9 com a verdade, a transpar\u00eancia e o respeito ao leitor.\",\"legalName\":\"UBIRATA ONLINE NOT\u00cdCIAS\",\"foundingDate\":\"2009-01-05\",\"numberOfEmployees\":{\"@type\":\"QuantitativeValue\",\"minValue\":\"1\",\"maxValue\":\"10\"},\"publishingPrinciples\":\"https:\\\/\\\/ubirataonline.com.br\\\/faq\\\/\",\"address\":{\"@id\":\"https:\\\/\\\/ubirataonline.com.br\\\/senado-dos-eua-aprova-warsh-para-presidencia-do-fed-em-meio-a-debate-sobre-autonomia-de-bc\\\/#local-main-place-address\"},\"geo\":{\"@type\":\"GeoCoordinates\",\"latitude\":\"-24.5361401\",\"longitude\":\"-52.9921776\"},\"telephone\":[\"+5544998308235\"],\"contactPoint\":{\"@type\":\"ContactPoint\",\"email\":\"contato@ubirataonline.com.br\"},\"openingHoursSpecification\":{\"@type\":\"OpeningHoursSpecification\",\"dayOfWeek\":[\"Monday\",\"Tuesday\",\"Wednesday\",\"Thursday\",\"Friday\",\"Saturday\",\"Sunday\"],\"opens\":\"00:00\",\"closes\":\"23:59\"},\"email\":\"contato@ubirataonline.com.br\",\"vatID\":\"47.621.418\\\/0001-80\"},{\"@type\":\"Person\",\"@id\":\"https:\\\/\\\/ubirataonline.com.br\\\/#\\\/schema\\\/person\\\/372f87bbd3fdd79b8556b84c98d0bc1c\",\"name\":\"REDA\u00c7\u00c3O: UBIRAT\u00c3 ONLINE - F\u00c1BIO AUGUSTO CELESTINO\",\"pronouns\":\"Ele\",\"description\":\"Desde 2003 trabalhando com not\u00edcias.\",\"sameAs\":[\"http:\\\/\\\/ubirataoline.com.br\",\"https:\\\/\\\/www.facebook.com\\\/portalubirataonline\",\"https:\\\/\\\/www.instagram.com\\\/ubirataonline_oficial\",\"https:\\\/\\\/x.com\\\/x.com\\\/ubirataonline\"],\"honorificPrefix\":\"Mr.\",\"honorificSuffix\":\"MD\",\"birthDate\":\"1980-06-16\",\"gender\":\"masculino\",\"award\":[\"V\u00e1rios pr\u00eamios de melhor portal da cidade\"],\"jobTitle\":\"Diretor\",\"url\":\"https:\\\/\\\/ubirataonline.com.br\\\/en\\\/author\\\/ubirataonline\\\/\"},{\"@type\":\"PostalAddress\",\"@id\":\"https:\\\/\\\/ubirataonline.com.br\\\/senado-dos-eua-aprova-warsh-para-presidencia-do-fed-em-meio-a-debate-sobre-autonomia-de-bc\\\/#local-main-place-address\",\"streetAddress\":\"Rua dos Coqueiros, 104 - Bairro Boa Vista, Rua dos Coqueiros, 104 Bairro Boa Vista\",\"addressLocality\":\"UBIRATA\",\"postalCode\":\"85440-000\",\"addressRegion\":\"PR\",\"addressCountry\":\"BR\"},{\"@type\":\"ImageObject\",\"inLanguage\":\"en-US\",\"@id\":\"https:\\\/\\\/ubirataonline.com.br\\\/senado-dos-eua-aprova-warsh-para-presidencia-do-fed-em-meio-a-debate-sobre-autonomia-de-bc\\\/#local-main-organization-logo\",\"url\":\"https:\\\/\\\/ubirataonline.com.br\\\/wp-content\\\/uploads\\\/2026\\\/06\\\/logoubirataonline-1.webp\",\"contentUrl\":\"https:\\\/\\\/ubirataonline.com.br\\\/wp-content\\\/uploads\\\/2026\\\/06\\\/logoubirataonline-1.webp\",\"width\":500,\"height\":500,\"caption\":\"Ubirat\u00e3 Online Not\u00edcias\"}]}<\/script>\n<meta name=\"geo.placename\" content=\"UBIRATA\" \/>\n<meta name=\"geo.position\" content=\"-24.5361401;-52.9921776\" \/>\n<meta name=\"geo.region\" content=\"Brazil\" \/>\n<!-- \/ Yoast SEO Premium plugin. -->","yoast_head_json":{"title":"Senado dos EUA aprova Warsh para presid\u00eancia do Fed em meio a debate sobre autonomia de BC - Ubirat\u00e3 Online Not\u00edcias - A realidade ao seu alcance!","description":"O Senado dos Estados Unidos aprovou nesta quarta-feira, 13, por 54-45, a nomea\u00e7\u00e3o de Kevin Warsh para um mandato de quatro anos \u00e0 frente da presid\u00eancia do","robots":{"index":"index","follow":"follow","max-snippet":"max-snippet:-1","max-image-preview":"max-image-preview:large","max-video-preview":"max-video-preview:-1"},"canonical":"https:\/\/ubirataonline.com.br\/en\/senado-dos-eua-aprova-warsh-para-presidencia-do-fed-em-meio-a-debate-sobre-autonomia-de-bc\/","og_locale":"en_US","og_type":"article","og_title":"Senado dos EUA aprova Warsh para presid\u00eancia do Fed em meio a debate sobre autonomia de BC","og_description":"O Senado dos Estados Unidos aprovou nesta quarta-feira, 13, por 54-45, a nomea\u00e7\u00e3o de Kevin Warsh para um mandato de quatro anos \u00e0 frente da presid\u00eancia do","og_url":"https:\/\/ubirataonline.com.br\/en\/senado-dos-eua-aprova-warsh-para-presidencia-do-fed-em-meio-a-debate-sobre-autonomia-de-bc\/","og_site_name":"Ubirat\u00e3 Online Not\u00edcias - A realidade ao seu alcance!","article_publisher":"https:\/\/www.facebook.com\/portalubirataonline","article_author":"https:\/\/www.facebook.com\/portalubirataonline","article_published_time":"2026-05-13T19:25:12+00:00","article_modified_time":"2026-05-13T19:25:14+00:00","og_image":[{"width":768,"height":461,"url":"https:\/\/ubirataonline.com.br\/wp-content\/uploads\/2026\/03\/Gilmar-ve-explicacao-insuficiente-e-da-72-horas-para-MPRJ.gif","type":"image\/gif"}],"author":"REDA\u00c7\u00c3O: UBIRAT\u00c3 ONLINE - F\u00c1BIO AUGUSTO CELESTINO","twitter_card":"summary_large_image","twitter_creator":"@x.com\/ubirataonline","twitter_site":"@ubirataonline","twitter_misc":{"Written by":"REDA\u00c7\u00c3O: UBIRAT\u00c3 ONLINE - F\u00c1BIO AUGUSTO CELESTINO","Est. reading time":"3 minutes"},"schema":{"@context":"https:\/\/schema.org","@graph":[{"@type":"NewsArticle","@id":"https:\/\/ubirataonline.com.br\/senado-dos-eua-aprova-warsh-para-presidencia-do-fed-em-meio-a-debate-sobre-autonomia-de-bc\/#article","isPartOf":{"@id":"https:\/\/ubirataonline.com.br\/senado-dos-eua-aprova-warsh-para-presidencia-do-fed-em-meio-a-debate-sobre-autonomia-de-bc\/"},"author":{"name":"REDA\u00c7\u00c3O: UBIRAT\u00c3 ONLINE - F\u00c1BIO AUGUSTO CELESTINO","@id":"https:\/\/ubirataonline.com.br\/#\/schema\/person\/372f87bbd3fdd79b8556b84c98d0bc1c"},"headline":"Senado dos EUA aprova Warsh para presid\u00eancia do Fed em meio a debate sobre autonomia de BC","datePublished":"2026-05-13T19:25:12+00:00","dateModified":"2026-05-13T19:25:14+00:00","mainEntityOfPage":{"@id":"https:\/\/ubirataonline.com.br\/senado-dos-eua-aprova-warsh-para-presidencia-do-fed-em-meio-a-debate-sobre-autonomia-de-bc\/"},"wordCount":660,"publisher":{"@id":"https:\/\/ubirataonline.com.br\/#organization"},"image":{"@id":"https:\/\/ubirataonline.com.br\/senado-dos-eua-aprova-warsh-para-presidencia-do-fed-em-meio-a-debate-sobre-autonomia-de-bc\/#primaryimage"},"thumbnailUrl":"https:\/\/ubirataonline.com.br\/wp-content\/uploads\/2026\/03\/Gilmar-ve-explicacao-insuficiente-e-da-72-horas-para-MPRJ.gif","keywords":["aprova","autonomia","debate","dos","EUA","Fed","meio","para","Presid\u00eancia","Senado","sobre","Warsh"],"articleSection":["Ubirat\u00e3"],"inLanguage":"en-US","copyrightYear":"2026","copyrightHolder":{"@id":"https:\/\/ubirataonline.com.br\/en\/#organization"}},{"@type":"WebPage","@id":"https:\/\/ubirataonline.com.br\/senado-dos-eua-aprova-warsh-para-presidencia-do-fed-em-meio-a-debate-sobre-autonomia-de-bc\/","url":"https:\/\/ubirataonline.com.br\/senado-dos-eua-aprova-warsh-para-presidencia-do-fed-em-meio-a-debate-sobre-autonomia-de-bc\/","name":"Senado dos EUA aprova Warsh para presid\u00eancia do Fed em meio a debate sobre autonomia de BC - Ubirat\u00e3 Online Not\u00edcias - A realidade ao seu alcance!","isPartOf":{"@id":"https:\/\/ubirataonline.com.br\/#website"},"primaryImageOfPage":{"@id":"https:\/\/ubirataonline.com.br\/senado-dos-eua-aprova-warsh-para-presidencia-do-fed-em-meio-a-debate-sobre-autonomia-de-bc\/#primaryimage"},"image":{"@id":"https:\/\/ubirataonline.com.br\/senado-dos-eua-aprova-warsh-para-presidencia-do-fed-em-meio-a-debate-sobre-autonomia-de-bc\/#primaryimage"},"thumbnailUrl":"https:\/\/ubirataonline.com.br\/wp-content\/uploads\/2026\/03\/Gilmar-ve-explicacao-insuficiente-e-da-72-horas-para-MPRJ.gif","datePublished":"2026-05-13T19:25:12+00:00","dateModified":"2026-05-13T19:25:14+00:00","description":"O Senado dos Estados Unidos aprovou nesta quarta-feira, 13, por 54-45, a nomea\u00e7\u00e3o de Kevin Warsh para um mandato de quatro anos \u00e0 frente da presid\u00eancia do","breadcrumb":{"@id":"https:\/\/ubirataonline.com.br\/senado-dos-eua-aprova-warsh-para-presidencia-do-fed-em-meio-a-debate-sobre-autonomia-de-bc\/#breadcrumb"},"inLanguage":"en-US","potentialAction":[{"@type":"ReadAction","target":["https:\/\/ubirataonline.com.br\/senado-dos-eua-aprova-warsh-para-presidencia-do-fed-em-meio-a-debate-sobre-autonomia-de-bc\/"]}]},{"@type":"ImageObject","inLanguage":"en-US","@id":"https:\/\/ubirataonline.com.br\/senado-dos-eua-aprova-warsh-para-presidencia-do-fed-em-meio-a-debate-sobre-autonomia-de-bc\/#primaryimage","url":"https:\/\/ubirataonline.com.br\/wp-content\/uploads\/2026\/03\/Gilmar-ve-explicacao-insuficiente-e-da-72-horas-para-MPRJ.gif","contentUrl":"https:\/\/ubirataonline.com.br\/wp-content\/uploads\/2026\/03\/Gilmar-ve-explicacao-insuficiente-e-da-72-horas-para-MPRJ.gif","width":768,"height":461,"caption":"Gilmar v\u00ea explica\u00e7\u00e3o insuficiente e d\u00e1 72 horas para MPRJ explicar pagamento de penduricalhos"},{"@type":"BreadcrumbList","@id":"https:\/\/ubirataonline.com.br\/senado-dos-eua-aprova-warsh-para-presidencia-do-fed-em-meio-a-debate-sobre-autonomia-de-bc\/#breadcrumb","itemListElement":[{"@type":"ListItem","position":1,"name":"In\u00edcio","item":"https:\/\/ubirataonline.com.br\/"},{"@type":"ListItem","position":2,"name":"Senado dos EUA aprova Warsh para presid\u00eancia do Fed em meio a debate sobre autonomia de BC"}]},{"@type":"WebSite","@id":"https:\/\/ubirataonline.com.br\/#website","url":"https:\/\/ubirataonline.com.br\/","name":"Ubirat\u00e3 Online Not\u00edcias","description":"Not\u00edcias de Ubirat\u00e3, regi\u00e3o, Brasil e mundo, com informa\u00e7\u00e3o atualizada e compromisso com o leitor.","publisher":{"@id":"https:\/\/ubirataonline.com.br\/#organization"},"alternateName":"Ubirat\u00e3 Online","potentialAction":[{"@type":"SearchAction","target":{"@type":"EntryPoint","urlTemplate":"https:\/\/ubirataonline.com.br\/?s={search_term_string}"},"query-input":{"@type":"PropertyValueSpecification","valueRequired":true,"valueName":"search_term_string"}}],"inLanguage":"en-US"},{"@type":["Organization","Place"],"@id":"https:\/\/ubirataonline.com.br\/#organization","name":"Ubirat\u00e3 Online Not\u00edcias","alternateName":"Ubirat\u00e3 Online","url":"https:\/\/ubirataonline.com.br\/","logo":{"@id":"https:\/\/ubirataonline.com.br\/senado-dos-eua-aprova-warsh-para-presidencia-do-fed-em-meio-a-debate-sobre-autonomia-de-bc\/#local-main-organization-logo"},"image":{"@id":"https:\/\/ubirataonline.com.br\/senado-dos-eua-aprova-warsh-para-presidencia-do-fed-em-meio-a-debate-sobre-autonomia-de-bc\/#local-main-organization-logo"},"sameAs":["https:\/\/www.facebook.com\/portalubirataonline","https:\/\/x.com\/ubirataonline","https:\/\/mastodon.social\/@ubirataonline","https:\/\/www.facebook.com\/groups\/311144672285604","https:\/\/www.facebook.com\/UBTAOnline","https:\/\/www.instagram.com\/portalubirataonline\/","https:\/\/twitter.com\/ubirataonline"],"description":"Somos um portal de not\u00edcias independente, criado em 5 de janeiro de 2009, com o objetivo de informar, conectar e valorizar a nossa comunidade de Ubirat\u00e3 e toda aregi\u00e3o. Com conte\u00fado atualizado, confi\u00e1vel e relevante, o Ubirat\u00e3 Online \u00e9 o seu espa\u00e7o para ficar por dentro dos principais acontecimentos locais, regionais, Brasil, Mundo e de interesse geral. Nosso compromisso \u00e9 com a verdade, a transpar\u00eancia e o respeito ao leitor.","legalName":"UBIRATA ONLINE NOT\u00cdCIAS","foundingDate":"2009-01-05","numberOfEmployees":{"@type":"QuantitativeValue","minValue":"1","maxValue":"10"},"publishingPrinciples":"https:\/\/ubirataonline.com.br\/faq\/","address":{"@id":"https:\/\/ubirataonline.com.br\/senado-dos-eua-aprova-warsh-para-presidencia-do-fed-em-meio-a-debate-sobre-autonomia-de-bc\/#local-main-place-address"},"geo":{"@type":"GeoCoordinates","latitude":"-24.5361401","longitude":"-52.9921776"},"telephone":["+5544998308235"],"contactPoint":{"@type":"ContactPoint","email":"contato@ubirataonline.com.br"},"openingHoursSpecification":{"@type":"OpeningHoursSpecification","dayOfWeek":["Monday","Tuesday","Wednesday","Thursday","Friday","Saturday","Sunday"],"opens":"00:00","closes":"23:59"},"email":"contato@ubirataonline.com.br","vatID":"47.621.418\/0001-80"},{"@type":"Person","@id":"https:\/\/ubirataonline.com.br\/#\/schema\/person\/372f87bbd3fdd79b8556b84c98d0bc1c","name":"REDA\u00c7\u00c3O: UBIRAT\u00c3 ONLINE - F\u00c1BIO AUGUSTO CELESTINO","pronouns":"Ele","description":"Desde 2003 trabalhando com not\u00edcias.","sameAs":["http:\/\/ubirataoline.com.br","https:\/\/www.facebook.com\/portalubirataonline","https:\/\/www.instagram.com\/ubirataonline_oficial","https:\/\/x.com\/x.com\/ubirataonline"],"honorificPrefix":"Mr.","honorificSuffix":"MD","birthDate":"1980-06-16","gender":"masculino","award":["V\u00e1rios pr\u00eamios de melhor portal da cidade"],"jobTitle":"Diretor","url":"https:\/\/ubirataonline.com.br\/en\/author\/ubirataonline\/"},{"@type":"PostalAddress","@id":"https:\/\/ubirataonline.com.br\/senado-dos-eua-aprova-warsh-para-presidencia-do-fed-em-meio-a-debate-sobre-autonomia-de-bc\/#local-main-place-address","streetAddress":"Rua dos Coqueiros, 104 - Bairro Boa Vista, Rua dos Coqueiros, 104 Bairro Boa Vista","addressLocality":"UBIRATA","postalCode":"85440-000","addressRegion":"PR","addressCountry":"BR"},{"@type":"ImageObject","inLanguage":"en-US","@id":"https:\/\/ubirataonline.com.br\/senado-dos-eua-aprova-warsh-para-presidencia-do-fed-em-meio-a-debate-sobre-autonomia-de-bc\/#local-main-organization-logo","url":"https:\/\/ubirataonline.com.br\/wp-content\/uploads\/2026\/06\/logoubirataonline-1.webp","contentUrl":"https:\/\/ubirataonline.com.br\/wp-content\/uploads\/2026\/06\/logoubirataonline-1.webp","width":500,"height":500,"caption":"Ubirat\u00e3 Online Not\u00edcias"}]},"geo.placename":"UBIRATA","geo.position":{"lat":"-24.5361401","long":"-52.9921776"},"geo.region":"Brazil"},"_links":{"self":[{"href":"https:\/\/ubirataonline.com.br\/en\/wp-json\/wp\/v2\/posts\/128848","targetHints":{"allow":["GET"]}}],"collection":[{"href":"https:\/\/ubirataonline.com.br\/en\/wp-json\/wp\/v2\/posts"}],"about":[{"href":"https:\/\/ubirataonline.com.br\/en\/wp-json\/wp\/v2\/types\/post"}],"author":[{"embeddable":true,"href":"https:\/\/ubirataonline.com.br\/en\/wp-json\/wp\/v2\/users\/1"}],"replies":[{"embeddable":true,"href":"https:\/\/ubirataonline.com.br\/en\/wp-json\/wp\/v2\/comments?post=128848"}],"version-history":[{"count":0,"href":"https:\/\/ubirataonline.com.br\/en\/wp-json\/wp\/v2\/posts\/128848\/revisions"}],"wp:featuredmedia":[{"embeddable":true,"href":"https:\/\/ubirataonline.com.br\/en\/wp-json\/wp\/v2\/media\/92994"}],"wp:attachment":[{"href":"https:\/\/ubirataonline.com.br\/en\/wp-json\/wp\/v2\/media?parent=128848"}],"wp:term":[{"taxonomy":"category","embeddable":true,"href":"https:\/\/ubirataonline.com.br\/en\/wp-json\/wp\/v2\/categories?post=128848"},{"taxonomy":"post_tag","embeddable":true,"href":"https:\/\/ubirataonline.com.br\/en\/wp-json\/wp\/v2\/tags?post=128848"}],"curies":[{"name":"wp","href":"https:\/\/api.w.org\/{rel}","templated":true}]}}