{"id":129037,"date":"2026-05-13T20:52:09","date_gmt":"2026-05-13T23:52:09","guid":{"rendered":"https:\/\/ubirataonline.com.br\/4-new-mls-shows-tied-to-2026-fifa-world-cup-to-air-this-summer\/"},"modified":"2026-05-13T20:52:12","modified_gmt":"2026-05-13T23:52:12","slug":"4-new-mls-shows-tied-to-2026-fifa-world-cup-to-air-this-summer","status":"publish","type":"post","link":"https:\/\/ubirataonline.com.br\/en\/4-new-mls-shows-tied-to-2026-fifa-world-cup-to-air-this-summer\/","title":{"rendered":"4 New MLS Shows Tied to 2026 FIFA World Cup to Air This Summer"},"content":{"rendered":"<p><br \/>\n<\/p>\n<div><iframe class=\"trinity-player trinity-iframe\" src=\"https:\/\/trinitymedia.ai\/player\/trinity-i\/2900023920\/?pageURL=https%3A%2F%2Fwww.thewrap.com%2Fculture-lifestyle%2Fsports%2Ffifa-world-cup-2026-major-league-soccer-new-shows-mls%2F&amp;readContentType=URL\" style=\"border: 0; display: block; width: 100% !important; height: 80px !important\"><\/iframe><\/p>\n<p>Major League\u00a0Soccer is getting into the spirit of the <a href=\"https:\/\/www.thewrap.com\/media-platforms\/tv\/telemundo-2026-27-slate-fifa-world-cup\/\">2026 FIFA World Cup<\/a> a month early with four new series celebrating the sport.<\/p>\n<p>\u201cCup Dreams,\u201d \u201cCup Reflections,\u201d \u201cNational Anthems\u201d and \u201cBreakaway\u201d will soon air in varying capacities across Amazon, Apple TV, Fox and Tubi, with additional content made for TikTok, X, Instagram and YouTube still to come. Other streaming distribution partners and timings will be announced at a later date.<\/p>\n<p>The longform titles are designed to \u201cshowcase player and club storytelling\u201d in order for fans to <a href=\"https:\/\/www.thewrap.com\/culture-lifestyle\/sports\/timothee-chalamet-fifa-world-cup-short-film-backyard-legends\/\">get to know the athletes<\/a> as both \u201cparticipants and community ambassadors,\u201d per the MLS. Meanwhile, the shortform content will be more tournament-specific, highlighting key moments from the summer matches.<\/p>\n<div class=\"wp-block-the-wrap-read-more\">\n<div class=\"the-wrap-read-more__container\">\n\t\t<a class=\"the-wrap-read-more__image\" href=\"https:\/\/www.thewrap.com\/culture-lifestyle\/sports\/timothee-chalamet-fifa-world-cup-short-film-backyard-legends\/\"><br \/>\n\t\t\t\t\t\t\t\t\t\t\t\t<\/a><\/p><\/div>\n<\/div>\n<p>\u201cCup Dreams\u201d will air first on Amazon devices starting on Thursday; 11-episode docuseries \u201cCup Reflections\u201d will then air on Apple TV, Alexa\/Fire TV, Prime Video, Tubi, Fox and MLS-owned channels; 9-episode \u201cNational Anthems\u201d will follow suit on the same platforms; with \u201cBreakaway\u201d eventually going even further behind the scenes as well.<\/p>\n<p>\u201cThe FIFA World Cup is a massive opportunity for MLS to share the stories that make us the fastest growing league in the world,\u201d said Seth Bacon, EVP of Media for MLS. \u201cWe\u2019re not just creating content, we\u2019re showcasing the players, their communities and the powerful journeys that connect fans to the beautiful game. Our fans will get closer than ever to the stories behind the League and the people shaping its future.\u201d<\/p>\n<p>This is all in addition to the <a href=\"https:\/\/www.thewrap.com\/creative-content\/movies\/summer-of-94-soccer-documentary-sxsw-premiere-world-cup-2026\/\">dozen-plus documentaries<\/a> Major League\u00a0Soccer will be participating in this year, which the MLS further touted as \u201cone of the most historic soccer years in North America.\u201d The 23rd FIFA World Cup will be co-hosted by 16 cities across the United States, Canada and Mexico next month \u2014 the first time three nations have split the duties \u2014 with the total number of teams increasing from 32 to 48.<\/p>\n<p><em>The 2026 FIFA World Cup runs June 11 through July 19.<\/em><\/p>\n<div class=\"wp-block-the-wrap-read-more\">\n<div class=\"the-wrap-read-more__container\">\n\t\t<a class=\"the-wrap-read-more__image\" href=\"https:\/\/www.thewrap.com\/culture-lifestyle\/sports\/apple-tv-mls-season-opener-major-league-soccer\/\"><br \/>\n\t\t\t\t\t\t\t<img loading=\"lazy\" decoding=\"async\" width=\"300\" height=\"169\" src=\"https:\/\/i0.wp.com\/www.thewrap.com\/wp-content\/uploads\/2026\/02\/mls-apple.jpg?fit=300%2C169&amp;quality=89&amp;ssl=1\" class=\"attachment-medium size-medium\" alt=\"MLS on Apple TV\" srcset=\"https:\/\/i0.wp.com\/www.thewrap.com\/wp-content\/uploads\/2026\/02\/mls-apple.jpg?w=1200&amp;quality=89&amp;ssl=1 1200w, https:\/\/i0.wp.com\/www.thewrap.com\/wp-content\/uploads\/2026\/02\/mls-apple.jpg?resize=300%2C169&amp;quality=89&amp;ssl=1 300w, https:\/\/i0.wp.com\/www.thewrap.com\/wp-content\/uploads\/2026\/02\/mls-apple.jpg?resize=1024%2C576&amp;quality=89&amp;ssl=1 1024w, https:\/\/i0.wp.com\/www.thewrap.com\/wp-content\/uploads\/2026\/02\/mls-apple.jpg?resize=768%2C432&amp;quality=89&amp;ssl=1 768w, https:\/\/i0.wp.com\/www.thewrap.com\/wp-content\/uploads\/2026\/02\/mls-apple.jpg?resize=320%2C180&amp;quality=89&amp;ssl=1 320w, https:\/\/i0.wp.com\/www.thewrap.com\/wp-content\/uploads\/2026\/02\/mls-apple.jpg?resize=640%2C360&amp;quality=89&amp;ssl=1 640w, https:\/\/i0.wp.com\/www.thewrap.com\/wp-content\/uploads\/2026\/02\/mls-apple.jpg?resize=380%2C214&amp;quality=89&amp;ssl=1 380w, https:\/\/i0.wp.com\/www.thewrap.com\/wp-content\/uploads\/2026\/02\/mls-apple.jpg?resize=760%2C428&amp;quality=89&amp;ssl=1 760w, https:\/\/i0.wp.com\/www.thewrap.com\/wp-content\/uploads\/2026\/02\/mls-apple.jpg?resize=394%2C222&amp;quality=89&amp;ssl=1 394w, https:\/\/i0.wp.com\/www.thewrap.com\/wp-content\/uploads\/2026\/02\/mls-apple.jpg?resize=788%2C444&amp;quality=89&amp;ssl=1 788w, https:\/\/i0.wp.com\/www.thewrap.com\/wp-content\/uploads\/2026\/02\/mls-apple.jpg?resize=778%2C438&amp;quality=89&amp;ssl=1 778w, https:\/\/i0.wp.com\/www.thewrap.com\/wp-content\/uploads\/2026\/02\/mls-apple.jpg?resize=976%2C549&amp;quality=89&amp;ssl=1 976w, https:\/\/i0.wp.com\/www.thewrap.com\/wp-content\/uploads\/2026\/02\/mls-apple.jpg?resize=990%2C557&amp;quality=89&amp;ssl=1 990w\" sizes=\"auto, (max-width: 300px) 100vw, 300px\" data-portal-copyright=\"TheWrap\" data-has-syndication-rights=\"1\"\/>\t\t\t\t\t<\/a><\/p><\/div>\n<\/div><\/div>\n<p><br \/>\n<br \/><a href=\"https:\/\/www.thewrap.com\/culture-lifestyle\/sports\/fifa-world-cup-2026-major-league-soccer-new-shows-mls\/\">Source link <\/a><\/p>","protected":false},"excerpt":{"rendered":"<p>Major League\u00a0Soccer is getting into the spirit of the 2026 FIFA World Cup a month early with four new series celebrating the sport. \u201cCup Dreams,\u201d \u201cCup Reflections,\u201d \u201cNational Anthems\u201d and \u201cBreakaway\u201d will soon air in varying capacities across Amazon, Apple TV, Fox and Tubi, with additional content made for TikTok, X, Instagram and YouTube still [&hellip;]<\/p>\n","protected":false},"author":1,"featured_media":129038,"comment_status":"closed","ping_status":"","sticky":false,"template":"","format":"standard","meta":{"googlesitekit_rrm_CAow2JLhCw:productID":"","_gspb_post_css":"","maa_idioma":"","maa_pais":"","footnotes":""},"categories":[1],"tags":[6062,3468,55,2953,3790,9378,7926,4633],"class_list":["post-129037","post","type-post","status-publish","format-standard","has-post-thumbnail","hentry","category-ubirata","tag-air","tag-cup","tag-fifa","tag-mls","tag-shows","tag-summer","tag-tied","tag-world"],"blocksy_meta":[],"yoast_head":"<!-- This site is optimized with the Yoast SEO Premium plugin v27.6 (Yoast SEO v27.6) - https:\/\/yoast.com\/product\/yoast-seo-premium-wordpress\/ -->\n<title>4 New MLS Shows Tied to 2026 FIFA World Cup to Air This Summer - Ubirat\u00e3 Online Not\u00edcias - A realidade ao seu alcance!<\/title>\n<meta name=\"description\" content=\"Major League\u00a0Soccer is getting into the spirit of the 2026 FIFA World Cup a month early with four new series celebrating the sport. \u201cCup Dreams,\u201d \u201cCup\" \/>\n<meta name=\"robots\" content=\"index, follow, max-snippet:-1, max-image-preview:large, max-video-preview:-1\" \/>\n<link rel=\"canonical\" href=\"https:\/\/ubirataonline.com.br\/en\/4-new-mls-shows-tied-to-2026-fifa-world-cup-to-air-this-summer\/\" \/>\n<meta property=\"og:locale\" content=\"en_US\" \/>\n<meta property=\"og:type\" content=\"article\" \/>\n<meta property=\"og:title\" content=\"4 New MLS Shows Tied to 2026 FIFA World Cup to Air This Summer\" \/>\n<meta property=\"og:description\" content=\"Major League\u00a0Soccer is getting into the spirit of the 2026 FIFA World Cup a month early with four new series celebrating the sport. \u201cCup Dreams,\u201d \u201cCup\" \/>\n<meta property=\"og:url\" content=\"https:\/\/ubirataonline.com.br\/en\/4-new-mls-shows-tied-to-2026-fifa-world-cup-to-air-this-summer\/\" \/>\n<meta property=\"og:site_name\" content=\"Ubirat\u00e3 Online Not\u00edcias - A realidade ao seu alcance!\" \/>\n<meta property=\"article:publisher\" content=\"https:\/\/www.facebook.com\/portalubirataonline\" \/>\n<meta property=\"article:author\" content=\"https:\/\/www.facebook.com\/portalubirataonline\" \/>\n<meta property=\"article:published_time\" content=\"2026-05-13T23:52:09+00:00\" \/>\n<meta property=\"article:modified_time\" content=\"2026-05-13T23:52:12+00:00\" \/>\n<meta property=\"og:image\" content=\"https:\/\/ubirataonline.com.br\/wp-content\/uploads\/2026\/05\/4-New-MLS-Shows-Tied-to-2026-FIFA-World-Cup.jpg\" \/>\n\t<meta property=\"og:image:width\" content=\"1200\" \/>\n\t<meta property=\"og:image:height\" content=\"675\" \/>\n\t<meta property=\"og:image:type\" content=\"image\/jpeg\" \/>\n<meta name=\"author\" content=\"REDA\u00c7\u00c3O: UBIRAT\u00c3 ONLINE - F\u00c1BIO AUGUSTO CELESTINO\" \/>\n<meta name=\"twitter:card\" content=\"summary_large_image\" \/>\n<meta name=\"twitter:creator\" content=\"@x.com\/ubirataonline\" \/>\n<meta name=\"twitter:site\" content=\"@ubirataonline\" \/>\n<meta name=\"twitter:label1\" content=\"Written by\" \/>\n\t<meta name=\"twitter:data1\" content=\"REDA\u00c7\u00c3O: UBIRAT\u00c3 ONLINE - F\u00c1BIO AUGUSTO CELESTINO\" \/>\n\t<meta name=\"twitter:label2\" content=\"Est. reading time\" \/>\n\t<meta name=\"twitter:data2\" content=\"2 minutes\" \/>\n<script type=\"application\/ld+json\" class=\"yoast-schema-graph\">{\"@context\":\"https:\\\/\\\/schema.org\",\"@graph\":[{\"@type\":\"NewsArticle\",\"@id\":\"https:\\\/\\\/ubirataonline.com.br\\\/4-new-mls-shows-tied-to-2026-fifa-world-cup-to-air-this-summer\\\/#article\",\"isPartOf\":{\"@id\":\"https:\\\/\\\/ubirataonline.com.br\\\/4-new-mls-shows-tied-to-2026-fifa-world-cup-to-air-this-summer\\\/\"},\"author\":{\"name\":\"REDA\u00c7\u00c3O: UBIRAT\u00c3 ONLINE - F\u00c1BIO AUGUSTO CELESTINO\",\"@id\":\"https:\\\/\\\/ubirataonline.com.br\\\/#\\\/schema\\\/person\\\/372f87bbd3fdd79b8556b84c98d0bc1c\"},\"headline\":\"4 New MLS Shows Tied to 2026 FIFA World Cup to Air This Summer\",\"datePublished\":\"2026-05-13T23:52:09+00:00\",\"dateModified\":\"2026-05-13T23:52:12+00:00\",\"mainEntityOfPage\":{\"@id\":\"https:\\\/\\\/ubirataonline.com.br\\\/4-new-mls-shows-tied-to-2026-fifa-world-cup-to-air-this-summer\\\/\"},\"wordCount\":337,\"publisher\":{\"@id\":\"https:\\\/\\\/ubirataonline.com.br\\\/#organization\"},\"image\":{\"@id\":\"https:\\\/\\\/ubirataonline.com.br\\\/4-new-mls-shows-tied-to-2026-fifa-world-cup-to-air-this-summer\\\/#primaryimage\"},\"thumbnailUrl\":\"https:\\\/\\\/ubirataonline.com.br\\\/wp-content\\\/uploads\\\/2026\\\/05\\\/4-New-MLS-Shows-Tied-to-2026-FIFA-World-Cup.jpg\",\"keywords\":[\"Air\",\"Cup\",\"FIFA\",\"MLS\",\"shows\",\"summer\",\"tied\",\"World\"],\"articleSection\":[\"Ubirat\u00e3\"],\"inLanguage\":\"en-US\",\"copyrightYear\":\"2026\",\"copyrightHolder\":{\"@id\":\"https:\\\/\\\/ubirataonline.com.br\\\/en\\\/#organization\"}},{\"@type\":\"WebPage\",\"@id\":\"https:\\\/\\\/ubirataonline.com.br\\\/4-new-mls-shows-tied-to-2026-fifa-world-cup-to-air-this-summer\\\/\",\"url\":\"https:\\\/\\\/ubirataonline.com.br\\\/4-new-mls-shows-tied-to-2026-fifa-world-cup-to-air-this-summer\\\/\",\"name\":\"4 New MLS Shows Tied to 2026 FIFA World Cup to Air This Summer - Ubirat\u00e3 Online Not\u00edcias - A realidade ao seu alcance!\",\"isPartOf\":{\"@id\":\"https:\\\/\\\/ubirataonline.com.br\\\/#website\"},\"primaryImageOfPage\":{\"@id\":\"https:\\\/\\\/ubirataonline.com.br\\\/4-new-mls-shows-tied-to-2026-fifa-world-cup-to-air-this-summer\\\/#primaryimage\"},\"image\":{\"@id\":\"https:\\\/\\\/ubirataonline.com.br\\\/4-new-mls-shows-tied-to-2026-fifa-world-cup-to-air-this-summer\\\/#primaryimage\"},\"thumbnailUrl\":\"https:\\\/\\\/ubirataonline.com.br\\\/wp-content\\\/uploads\\\/2026\\\/05\\\/4-New-MLS-Shows-Tied-to-2026-FIFA-World-Cup.jpg\",\"datePublished\":\"2026-05-13T23:52:09+00:00\",\"dateModified\":\"2026-05-13T23:52:12+00:00\",\"description\":\"Major League\u00a0Soccer is getting into the spirit of the 2026 FIFA World Cup a month early with four new series celebrating the sport. \u201cCup Dreams,\u201d \u201cCup\",\"breadcrumb\":{\"@id\":\"https:\\\/\\\/ubirataonline.com.br\\\/4-new-mls-shows-tied-to-2026-fifa-world-cup-to-air-this-summer\\\/#breadcrumb\"},\"inLanguage\":\"en-US\",\"potentialAction\":[{\"@type\":\"ReadAction\",\"target\":[\"https:\\\/\\\/ubirataonline.com.br\\\/4-new-mls-shows-tied-to-2026-fifa-world-cup-to-air-this-summer\\\/\"]}]},{\"@type\":\"ImageObject\",\"inLanguage\":\"en-US\",\"@id\":\"https:\\\/\\\/ubirataonline.com.br\\\/4-new-mls-shows-tied-to-2026-fifa-world-cup-to-air-this-summer\\\/#primaryimage\",\"url\":\"https:\\\/\\\/ubirataonline.com.br\\\/wp-content\\\/uploads\\\/2026\\\/05\\\/4-New-MLS-Shows-Tied-to-2026-FIFA-World-Cup.jpg\",\"contentUrl\":\"https:\\\/\\\/ubirataonline.com.br\\\/wp-content\\\/uploads\\\/2026\\\/05\\\/4-New-MLS-Shows-Tied-to-2026-FIFA-World-Cup.jpg\",\"width\":1200,\"height\":675,\"caption\":\"MLS commissioner Don Garber ahead of the 2026 FIFA World Cup draw at the John F. Kennedy Center for the Performing Arts on Dec. 4, 2025. (Photo by Sam Corum\\\/PA Images via Getty Images)\"},{\"@type\":\"BreadcrumbList\",\"@id\":\"https:\\\/\\\/ubirataonline.com.br\\\/4-new-mls-shows-tied-to-2026-fifa-world-cup-to-air-this-summer\\\/#breadcrumb\",\"itemListElement\":[{\"@type\":\"ListItem\",\"position\":1,\"name\":\"In\u00edcio\",\"item\":\"https:\\\/\\\/ubirataonline.com.br\\\/\"},{\"@type\":\"ListItem\",\"position\":2,\"name\":\"4 New MLS Shows Tied to 2026 FIFA World Cup to Air This Summer\"}]},{\"@type\":\"WebSite\",\"@id\":\"https:\\\/\\\/ubirataonline.com.br\\\/#website\",\"url\":\"https:\\\/\\\/ubirataonline.com.br\\\/\",\"name\":\"Ubirat\u00e3 Online Not\u00edcias\",\"description\":\"Not\u00edcias de Ubirat\u00e3, regi\u00e3o, Brasil e mundo, com informa\u00e7\u00e3o atualizada e compromisso com o leitor.\",\"publisher\":{\"@id\":\"https:\\\/\\\/ubirataonline.com.br\\\/#organization\"},\"alternateName\":\"Ubirat\u00e3 Online\",\"potentialAction\":[{\"@type\":\"SearchAction\",\"target\":{\"@type\":\"EntryPoint\",\"urlTemplate\":\"https:\\\/\\\/ubirataonline.com.br\\\/?s={search_term_string}\"},\"query-input\":{\"@type\":\"PropertyValueSpecification\",\"valueRequired\":true,\"valueName\":\"search_term_string\"}}],\"inLanguage\":\"en-US\"},{\"@type\":[\"Organization\",\"Place\"],\"@id\":\"https:\\\/\\\/ubirataonline.com.br\\\/#organization\",\"name\":\"Ubirat\u00e3 Online Not\u00edcias\",\"alternateName\":\"Ubirat\u00e3 Online\",\"url\":\"https:\\\/\\\/ubirataonline.com.br\\\/\",\"logo\":{\"@id\":\"https:\\\/\\\/ubirataonline.com.br\\\/4-new-mls-shows-tied-to-2026-fifa-world-cup-to-air-this-summer\\\/#local-main-organization-logo\"},\"image\":{\"@id\":\"https:\\\/\\\/ubirataonline.com.br\\\/4-new-mls-shows-tied-to-2026-fifa-world-cup-to-air-this-summer\\\/#local-main-organization-logo\"},\"sameAs\":[\"https:\\\/\\\/www.facebook.com\\\/portalubirataonline\",\"https:\\\/\\\/x.com\\\/ubirataonline\",\"https:\\\/\\\/mastodon.social\\\/@ubirataonline\",\"https:\\\/\\\/www.facebook.com\\\/groups\\\/311144672285604\",\"https:\\\/\\\/www.facebook.com\\\/UBTAOnline\",\"https:\\\/\\\/www.instagram.com\\\/portalubirataonline\\\/\",\"https:\\\/\\\/twitter.com\\\/ubirataonline\"],\"description\":\"Somos um portal de not\u00edcias independente, criado em 5 de janeiro de 2009, com o objetivo de informar, conectar e valorizar a nossa comunidade de Ubirat\u00e3 e toda aregi\u00e3o. Com conte\u00fado atualizado, confi\u00e1vel e relevante, o Ubirat\u00e3 Online \u00e9 o seu espa\u00e7o para ficar por dentro dos principais acontecimentos locais, regionais, Brasil, Mundo e de interesse geral. Nosso compromisso \u00e9 com a verdade, a transpar\u00eancia e o respeito ao leitor.\",\"legalName\":\"UBIRATA ONLINE NOT\u00cdCIAS\",\"foundingDate\":\"2009-01-05\",\"numberOfEmployees\":{\"@type\":\"QuantitativeValue\",\"minValue\":\"1\",\"maxValue\":\"10\"},\"publishingPrinciples\":\"https:\\\/\\\/ubirataonline.com.br\\\/faq\\\/\",\"address\":{\"@id\":\"https:\\\/\\\/ubirataonline.com.br\\\/4-new-mls-shows-tied-to-2026-fifa-world-cup-to-air-this-summer\\\/#local-main-place-address\"},\"geo\":{\"@type\":\"GeoCoordinates\",\"latitude\":\"-24.5361401\",\"longitude\":\"-52.9921776\"},\"telephone\":[\"+5544998308235\"],\"contactPoint\":{\"@type\":\"ContactPoint\",\"email\":\"contato@ubirataonline.com.br\"},\"openingHoursSpecification\":{\"@type\":\"OpeningHoursSpecification\",\"dayOfWeek\":[\"Monday\",\"Tuesday\",\"Wednesday\",\"Thursday\",\"Friday\",\"Saturday\",\"Sunday\"],\"opens\":\"00:00\",\"closes\":\"23:59\"},\"email\":\"contato@ubirataonline.com.br\",\"vatID\":\"47.621.418\\\/0001-80\"},{\"@type\":\"Person\",\"@id\":\"https:\\\/\\\/ubirataonline.com.br\\\/#\\\/schema\\\/person\\\/372f87bbd3fdd79b8556b84c98d0bc1c\",\"name\":\"REDA\u00c7\u00c3O: UBIRAT\u00c3 ONLINE - F\u00c1BIO AUGUSTO CELESTINO\",\"pronouns\":\"Ele\",\"description\":\"Desde 2003 trabalhando com not\u00edcias.\",\"sameAs\":[\"http:\\\/\\\/ubirataoline.com.br\",\"https:\\\/\\\/www.facebook.com\\\/portalubirataonline\",\"https:\\\/\\\/www.instagram.com\\\/ubirataonline_oficial\",\"https:\\\/\\\/x.com\\\/x.com\\\/ubirataonline\"],\"honorificPrefix\":\"Mr.\",\"honorificSuffix\":\"MD\",\"birthDate\":\"1980-06-16\",\"gender\":\"masculino\",\"award\":[\"V\u00e1rios pr\u00eamios de melhor portal da cidade\"],\"jobTitle\":\"Diretor\",\"url\":\"https:\\\/\\\/ubirataonline.com.br\\\/en\\\/author\\\/ubirataonline\\\/\"},{\"@type\":\"PostalAddress\",\"@id\":\"https:\\\/\\\/ubirataonline.com.br\\\/4-new-mls-shows-tied-to-2026-fifa-world-cup-to-air-this-summer\\\/#local-main-place-address\",\"streetAddress\":\"Rua dos Coqueiros, 104 - Bairro Boa Vista, Rua dos Coqueiros, 104 Bairro Boa Vista\",\"addressLocality\":\"UBIRATA\",\"postalCode\":\"85440-000\",\"addressRegion\":\"PR\",\"addressCountry\":\"BR\"},{\"@type\":\"ImageObject\",\"inLanguage\":\"en-US\",\"@id\":\"https:\\\/\\\/ubirataonline.com.br\\\/4-new-mls-shows-tied-to-2026-fifa-world-cup-to-air-this-summer\\\/#local-main-organization-logo\",\"url\":\"https:\\\/\\\/ubirataonline.com.br\\\/wp-content\\\/uploads\\\/2026\\\/06\\\/logoubirataonline-1.webp\",\"contentUrl\":\"https:\\\/\\\/ubirataonline.com.br\\\/wp-content\\\/uploads\\\/2026\\\/06\\\/logoubirataonline-1.webp\",\"width\":500,\"height\":500,\"caption\":\"Ubirat\u00e3 Online Not\u00edcias\"}]}<\/script>\n<meta name=\"geo.placename\" content=\"UBIRATA\" \/>\n<meta name=\"geo.position\" content=\"-24.5361401;-52.9921776\" \/>\n<meta name=\"geo.region\" content=\"Brazil\" \/>\n<!-- \/ Yoast SEO Premium plugin. -->","yoast_head_json":{"title":"4 New MLS Shows Tied to 2026 FIFA World Cup to Air This Summer - Ubirat\u00e3 Online Not\u00edcias - A realidade ao seu alcance!","description":"Major League\u00a0Soccer is getting into the spirit of the 2026 FIFA World Cup a month early with four new series celebrating the sport. \u201cCup Dreams,\u201d \u201cCup","robots":{"index":"index","follow":"follow","max-snippet":"max-snippet:-1","max-image-preview":"max-image-preview:large","max-video-preview":"max-video-preview:-1"},"canonical":"https:\/\/ubirataonline.com.br\/en\/4-new-mls-shows-tied-to-2026-fifa-world-cup-to-air-this-summer\/","og_locale":"en_US","og_type":"article","og_title":"4 New MLS Shows Tied to 2026 FIFA World Cup to Air This Summer","og_description":"Major League\u00a0Soccer is getting into the spirit of the 2026 FIFA World Cup a month early with four new series celebrating the sport. \u201cCup Dreams,\u201d \u201cCup","og_url":"https:\/\/ubirataonline.com.br\/en\/4-new-mls-shows-tied-to-2026-fifa-world-cup-to-air-this-summer\/","og_site_name":"Ubirat\u00e3 Online Not\u00edcias - A realidade ao seu alcance!","article_publisher":"https:\/\/www.facebook.com\/portalubirataonline","article_author":"https:\/\/www.facebook.com\/portalubirataonline","article_published_time":"2026-05-13T23:52:09+00:00","article_modified_time":"2026-05-13T23:52:12+00:00","og_image":[{"width":1200,"height":675,"url":"https:\/\/ubirataonline.com.br\/wp-content\/uploads\/2026\/05\/4-New-MLS-Shows-Tied-to-2026-FIFA-World-Cup.jpg","type":"image\/jpeg"}],"author":"REDA\u00c7\u00c3O: UBIRAT\u00c3 ONLINE - F\u00c1BIO AUGUSTO CELESTINO","twitter_card":"summary_large_image","twitter_creator":"@x.com\/ubirataonline","twitter_site":"@ubirataonline","twitter_misc":{"Written by":"REDA\u00c7\u00c3O: UBIRAT\u00c3 ONLINE - F\u00c1BIO AUGUSTO CELESTINO","Est. reading time":"2 minutes"},"schema":{"@context":"https:\/\/schema.org","@graph":[{"@type":"NewsArticle","@id":"https:\/\/ubirataonline.com.br\/4-new-mls-shows-tied-to-2026-fifa-world-cup-to-air-this-summer\/#article","isPartOf":{"@id":"https:\/\/ubirataonline.com.br\/4-new-mls-shows-tied-to-2026-fifa-world-cup-to-air-this-summer\/"},"author":{"name":"REDA\u00c7\u00c3O: UBIRAT\u00c3 ONLINE - F\u00c1BIO AUGUSTO CELESTINO","@id":"https:\/\/ubirataonline.com.br\/#\/schema\/person\/372f87bbd3fdd79b8556b84c98d0bc1c"},"headline":"4 New MLS Shows Tied to 2026 FIFA World Cup to Air This Summer","datePublished":"2026-05-13T23:52:09+00:00","dateModified":"2026-05-13T23:52:12+00:00","mainEntityOfPage":{"@id":"https:\/\/ubirataonline.com.br\/4-new-mls-shows-tied-to-2026-fifa-world-cup-to-air-this-summer\/"},"wordCount":337,"publisher":{"@id":"https:\/\/ubirataonline.com.br\/#organization"},"image":{"@id":"https:\/\/ubirataonline.com.br\/4-new-mls-shows-tied-to-2026-fifa-world-cup-to-air-this-summer\/#primaryimage"},"thumbnailUrl":"https:\/\/ubirataonline.com.br\/wp-content\/uploads\/2026\/05\/4-New-MLS-Shows-Tied-to-2026-FIFA-World-Cup.jpg","keywords":["Air","Cup","FIFA","MLS","shows","summer","tied","World"],"articleSection":["Ubirat\u00e3"],"inLanguage":"en-US","copyrightYear":"2026","copyrightHolder":{"@id":"https:\/\/ubirataonline.com.br\/en\/#organization"}},{"@type":"WebPage","@id":"https:\/\/ubirataonline.com.br\/4-new-mls-shows-tied-to-2026-fifa-world-cup-to-air-this-summer\/","url":"https:\/\/ubirataonline.com.br\/4-new-mls-shows-tied-to-2026-fifa-world-cup-to-air-this-summer\/","name":"4 New MLS Shows Tied to 2026 FIFA World Cup to Air This Summer - Ubirat\u00e3 Online Not\u00edcias - A realidade ao seu alcance!","isPartOf":{"@id":"https:\/\/ubirataonline.com.br\/#website"},"primaryImageOfPage":{"@id":"https:\/\/ubirataonline.com.br\/4-new-mls-shows-tied-to-2026-fifa-world-cup-to-air-this-summer\/#primaryimage"},"image":{"@id":"https:\/\/ubirataonline.com.br\/4-new-mls-shows-tied-to-2026-fifa-world-cup-to-air-this-summer\/#primaryimage"},"thumbnailUrl":"https:\/\/ubirataonline.com.br\/wp-content\/uploads\/2026\/05\/4-New-MLS-Shows-Tied-to-2026-FIFA-World-Cup.jpg","datePublished":"2026-05-13T23:52:09+00:00","dateModified":"2026-05-13T23:52:12+00:00","description":"Major League\u00a0Soccer is getting into the spirit of the 2026 FIFA World Cup a month early with four new series celebrating the sport. \u201cCup Dreams,\u201d \u201cCup","breadcrumb":{"@id":"https:\/\/ubirataonline.com.br\/4-new-mls-shows-tied-to-2026-fifa-world-cup-to-air-this-summer\/#breadcrumb"},"inLanguage":"en-US","potentialAction":[{"@type":"ReadAction","target":["https:\/\/ubirataonline.com.br\/4-new-mls-shows-tied-to-2026-fifa-world-cup-to-air-this-summer\/"]}]},{"@type":"ImageObject","inLanguage":"en-US","@id":"https:\/\/ubirataonline.com.br\/4-new-mls-shows-tied-to-2026-fifa-world-cup-to-air-this-summer\/#primaryimage","url":"https:\/\/ubirataonline.com.br\/wp-content\/uploads\/2026\/05\/4-New-MLS-Shows-Tied-to-2026-FIFA-World-Cup.jpg","contentUrl":"https:\/\/ubirataonline.com.br\/wp-content\/uploads\/2026\/05\/4-New-MLS-Shows-Tied-to-2026-FIFA-World-Cup.jpg","width":1200,"height":675,"caption":"MLS commissioner Don Garber ahead of the 2026 FIFA World Cup draw at the John F. Kennedy Center for the Performing Arts on Dec. 4, 2025. (Photo by Sam Corum\/PA Images via Getty Images)"},{"@type":"BreadcrumbList","@id":"https:\/\/ubirataonline.com.br\/4-new-mls-shows-tied-to-2026-fifa-world-cup-to-air-this-summer\/#breadcrumb","itemListElement":[{"@type":"ListItem","position":1,"name":"In\u00edcio","item":"https:\/\/ubirataonline.com.br\/"},{"@type":"ListItem","position":2,"name":"4 New MLS Shows Tied to 2026 FIFA World Cup to Air This Summer"}]},{"@type":"WebSite","@id":"https:\/\/ubirataonline.com.br\/#website","url":"https:\/\/ubirataonline.com.br\/","name":"Ubirat\u00e3 Online Not\u00edcias","description":"Not\u00edcias de Ubirat\u00e3, regi\u00e3o, Brasil e mundo, com informa\u00e7\u00e3o atualizada e compromisso com o leitor.","publisher":{"@id":"https:\/\/ubirataonline.com.br\/#organization"},"alternateName":"Ubirat\u00e3 Online","potentialAction":[{"@type":"SearchAction","target":{"@type":"EntryPoint","urlTemplate":"https:\/\/ubirataonline.com.br\/?s={search_term_string}"},"query-input":{"@type":"PropertyValueSpecification","valueRequired":true,"valueName":"search_term_string"}}],"inLanguage":"en-US"},{"@type":["Organization","Place"],"@id":"https:\/\/ubirataonline.com.br\/#organization","name":"Ubirat\u00e3 Online Not\u00edcias","alternateName":"Ubirat\u00e3 Online","url":"https:\/\/ubirataonline.com.br\/","logo":{"@id":"https:\/\/ubirataonline.com.br\/4-new-mls-shows-tied-to-2026-fifa-world-cup-to-air-this-summer\/#local-main-organization-logo"},"image":{"@id":"https:\/\/ubirataonline.com.br\/4-new-mls-shows-tied-to-2026-fifa-world-cup-to-air-this-summer\/#local-main-organization-logo"},"sameAs":["https:\/\/www.facebook.com\/portalubirataonline","https:\/\/x.com\/ubirataonline","https:\/\/mastodon.social\/@ubirataonline","https:\/\/www.facebook.com\/groups\/311144672285604","https:\/\/www.facebook.com\/UBTAOnline","https:\/\/www.instagram.com\/portalubirataonline\/","https:\/\/twitter.com\/ubirataonline"],"description":"Somos um portal de not\u00edcias independente, criado em 5 de janeiro de 2009, com o objetivo de informar, conectar e valorizar a nossa comunidade de Ubirat\u00e3 e toda aregi\u00e3o. Com conte\u00fado atualizado, confi\u00e1vel e relevante, o Ubirat\u00e3 Online \u00e9 o seu espa\u00e7o para ficar por dentro dos principais acontecimentos locais, regionais, Brasil, Mundo e de interesse geral. Nosso compromisso \u00e9 com a verdade, a transpar\u00eancia e o respeito ao leitor.","legalName":"UBIRATA ONLINE NOT\u00cdCIAS","foundingDate":"2009-01-05","numberOfEmployees":{"@type":"QuantitativeValue","minValue":"1","maxValue":"10"},"publishingPrinciples":"https:\/\/ubirataonline.com.br\/faq\/","address":{"@id":"https:\/\/ubirataonline.com.br\/4-new-mls-shows-tied-to-2026-fifa-world-cup-to-air-this-summer\/#local-main-place-address"},"geo":{"@type":"GeoCoordinates","latitude":"-24.5361401","longitude":"-52.9921776"},"telephone":["+5544998308235"],"contactPoint":{"@type":"ContactPoint","email":"contato@ubirataonline.com.br"},"openingHoursSpecification":{"@type":"OpeningHoursSpecification","dayOfWeek":["Monday","Tuesday","Wednesday","Thursday","Friday","Saturday","Sunday"],"opens":"00:00","closes":"23:59"},"email":"contato@ubirataonline.com.br","vatID":"47.621.418\/0001-80"},{"@type":"Person","@id":"https:\/\/ubirataonline.com.br\/#\/schema\/person\/372f87bbd3fdd79b8556b84c98d0bc1c","name":"REDA\u00c7\u00c3O: UBIRAT\u00c3 ONLINE - F\u00c1BIO AUGUSTO CELESTINO","pronouns":"Ele","description":"Desde 2003 trabalhando com not\u00edcias.","sameAs":["http:\/\/ubirataoline.com.br","https:\/\/www.facebook.com\/portalubirataonline","https:\/\/www.instagram.com\/ubirataonline_oficial","https:\/\/x.com\/x.com\/ubirataonline"],"honorificPrefix":"Mr.","honorificSuffix":"MD","birthDate":"1980-06-16","gender":"masculino","award":["V\u00e1rios pr\u00eamios de melhor portal da cidade"],"jobTitle":"Diretor","url":"https:\/\/ubirataonline.com.br\/en\/author\/ubirataonline\/"},{"@type":"PostalAddress","@id":"https:\/\/ubirataonline.com.br\/4-new-mls-shows-tied-to-2026-fifa-world-cup-to-air-this-summer\/#local-main-place-address","streetAddress":"Rua dos Coqueiros, 104 - Bairro Boa Vista, Rua dos Coqueiros, 104 Bairro Boa Vista","addressLocality":"UBIRATA","postalCode":"85440-000","addressRegion":"PR","addressCountry":"BR"},{"@type":"ImageObject","inLanguage":"en-US","@id":"https:\/\/ubirataonline.com.br\/4-new-mls-shows-tied-to-2026-fifa-world-cup-to-air-this-summer\/#local-main-organization-logo","url":"https:\/\/ubirataonline.com.br\/wp-content\/uploads\/2026\/06\/logoubirataonline-1.webp","contentUrl":"https:\/\/ubirataonline.com.br\/wp-content\/uploads\/2026\/06\/logoubirataonline-1.webp","width":500,"height":500,"caption":"Ubirat\u00e3 Online Not\u00edcias"}]},"geo.placename":"UBIRATA","geo.position":{"lat":"-24.5361401","long":"-52.9921776"},"geo.region":"Brazil"},"_links":{"self":[{"href":"https:\/\/ubirataonline.com.br\/en\/wp-json\/wp\/v2\/posts\/129037","targetHints":{"allow":["GET"]}}],"collection":[{"href":"https:\/\/ubirataonline.com.br\/en\/wp-json\/wp\/v2\/posts"}],"about":[{"href":"https:\/\/ubirataonline.com.br\/en\/wp-json\/wp\/v2\/types\/post"}],"author":[{"embeddable":true,"href":"https:\/\/ubirataonline.com.br\/en\/wp-json\/wp\/v2\/users\/1"}],"replies":[{"embeddable":true,"href":"https:\/\/ubirataonline.com.br\/en\/wp-json\/wp\/v2\/comments?post=129037"}],"version-history":[{"count":0,"href":"https:\/\/ubirataonline.com.br\/en\/wp-json\/wp\/v2\/posts\/129037\/revisions"}],"wp:featuredmedia":[{"embeddable":true,"href":"https:\/\/ubirataonline.com.br\/en\/wp-json\/wp\/v2\/media\/129038"}],"wp:attachment":[{"href":"https:\/\/ubirataonline.com.br\/en\/wp-json\/wp\/v2\/media?parent=129037"}],"wp:term":[{"taxonomy":"category","embeddable":true,"href":"https:\/\/ubirataonline.com.br\/en\/wp-json\/wp\/v2\/categories?post=129037"},{"taxonomy":"post_tag","embeddable":true,"href":"https:\/\/ubirataonline.com.br\/en\/wp-json\/wp\/v2\/tags?post=129037"}],"curies":[{"name":"wp","href":"https:\/\/api.w.org\/{rel}","templated":true}]}}