{"id":129051,"date":"2026-05-13T21:13:04","date_gmt":"2026-05-14T00:13:04","guid":{"rendered":"https:\/\/ubirataonline.com.br\/wednesday-against-the-wild-colorado-avalanche\/"},"modified":"2026-05-13T21:13:07","modified_gmt":"2026-05-14T00:13:07","slug":"wednesday-against-the-wild-colorado-avalanche","status":"publish","type":"post","link":"https:\/\/ubirataonline.com.br\/en\/wednesday-against-the-wild-colorado-avalanche\/","title":{"rendered":"Wednesday Against the Wild | Colorado Avalanche"},"content":{"rendered":"<p><\/p>\n<div>\n<h2>Leading the Way<\/h2>\n<h3>Nate the Great<\/h3>\n<p>MacKinnon is tied for fifth in the NHL in goals (6) and points (12).\u00a0<\/p>\n<h3>All Hail Cale<\/h3>\n<p>Cale Makar is tied for first among NHL defensemen in goals (4).\u00a0<\/p>\n<h3>Toewser\u00a0Laser<\/h3>\n<p>Among NHL blueliners,\u00a0Devon Toews is tied for fifth in points (7)\u00a0while\u00a0ranking tied for seventh in goals (2) and tied for eighth in assists (5).\u00a0<\/p>\n<h2>Series History<\/h2>\n<p>The Avalanche and Wild have met in the playoffs on three\u00a0previous\u00a0occasions, all in the Round One, with Minnesota winning in 2003 and 2014 in seven games while Colorado was victorious in six contests in 2008.\u00a0<\/p>\n<h2>Making Plays Against Minnesota<\/h2>\n<p>MacKinnon has posted 18 points (6g\/12a) in 11 playoff games against the Wild, in addition to 70 points in 55 regular-season\u00a0contests.\u00a0<\/p>\n<p>Necas has recorded seven points (1g\/6a) in four playoff contests against Minnesota, along with nine points (5g\/4a) in 15 regular-season games.\u00a0<\/p>\n<p>Colton has registered three points (1g\/2a) in four playoff games against the Wild, in addition to eight points (4g\/4a) in 16 regular-season contests.\u00a0<\/p>\n<h2>Scoring in St. Paul<\/h2>\n<p>Matt Boldy leads the Wild in goals (7) while ranking third in points (11) and tied for fifth in assists (4).\u00a0<\/p>\n<p>Quinn Hughes and Kirill Kaprizov are tied for the Minnesota lead in points (14) and assists (10) while ranking tied for second in goals (4).\u00a0<\/p>\n<p>Brock Faber is tied for second on the Wild in goals (4) while ranking fourth in points (10) and assists (6).\u00a0<\/p>\n<h2>A Numbers Game<\/h2>\n<h3>10<\/h3>\n<p>Among the remaining playoff teams, the Avalanche\u2019s 10 five-on-five\u00a0goals against\u00a0are the second fewest in the NHL.\u00a0<\/p>\n<h3>+10<\/h3>\n<p>Colorado has posted an NHL-best +10 third-period goal differential in the playoffs.\u00a0<\/p>\n<h3>18<\/h3>\n<p>The Avalanche\u2019s 18 goals at home in the playoffs are tied for the second most in the NHL.\u00a0<\/p>\n<h2>Quotes That Left a Mark<\/h2>\n<p>&#8220;Even when they tied it up, there was a sense of belief that we were just\u00a0gonna\u00a0keep rolling and we were\u00a0gonna\u00a0get rewarded eventually. [We] trusted our forecheck, kept turning pucks over that way and sustained some pressure and those guys (Colton and Kelly) with great shots.&#8221;\u00a0<\/p>\n<p>&#8212; Gabriel Landeskog on the Avalanche\u2019s third period in Game Four\u00a0<\/p>\n<p>&#8220;It&#8217;s a high-pressure game for both teams. We feel as though our game plan last night (Monday) and how we played is super repeatable. And especially when you come home [and have]\u00a0the ability to feed off our fans who&#8217;ve been amazing all year for us [and] have the last change. Quick reset here with the day off today, and then just try and get back after it tomorrow. But I think the main message is the urgency, the competitiveness, the game plan [and] the structure is all repeatable for our group.&#8221;<\/p>\n<p>&#8212; Logan O&#8217;Connor on Game Five<\/p>\n<\/p><\/div>\n<p><a href=\"https:\/\/www.nhl.com\/avalanche\/news\/game-preview-05-13-26\">Source link <\/a><\/p>\n","protected":false},"excerpt":{"rendered":"<p>Leading the Way Nate the Great MacKinnon is tied for fifth in the NHL in goals (6) and points (12).\u00a0 All Hail Cale Cale Makar is tied for first among NHL defensemen in goals (4).\u00a0 Toewser\u00a0Laser Among NHL blueliners,\u00a0Devon Toews is tied for fifth in points (7)\u00a0while\u00a0ranking tied for seventh in goals (2) and tied [&hellip;]<\/p>\n","protected":false},"author":1,"featured_media":129052,"comment_status":"closed","ping_status":"","sticky":false,"template":"","format":"standard","meta":{"googlesitekit_rrm_CAow2JLhCw:productID":"","_gspb_post_css":"","maa_idioma":"","maa_pais":"","footnotes":""},"categories":[1],"tags":[10307,2977,7795,7901],"class_list":["post-129051","post","type-post","status-publish","format-standard","has-post-thumbnail","hentry","category-ubirata","tag-avalanche","tag-colorado","tag-wednesday","tag-wild"],"blocksy_meta":[],"yoast_head":"<!-- This site is optimized with the Yoast SEO Premium plugin v27.6 (Yoast SEO v27.6) - https:\/\/yoast.com\/product\/yoast-seo-premium-wordpress\/ -->\n<title>Wednesday Against the Wild | Colorado Avalanche - Ubirat\u00e3 Online Not\u00edcias - A realidade ao seu alcance!<\/title>\n<meta name=\"description\" content=\"Leading the Way Nate the Great MacKinnon is tied for fifth in the NHL in goals (6) and points (12).\u00a0 All Hail Cale Cale Makar is tied for first among NHL\" \/>\n<meta name=\"robots\" content=\"index, follow, max-snippet:-1, max-image-preview:large, max-video-preview:-1\" \/>\n<link rel=\"canonical\" href=\"https:\/\/ubirataonline.com.br\/en\/wednesday-against-the-wild-colorado-avalanche\/\" \/>\n<meta property=\"og:locale\" content=\"en_US\" \/>\n<meta property=\"og:type\" content=\"article\" \/>\n<meta property=\"og:title\" content=\"Wednesday Against the Wild | Colorado Avalanche\" \/>\n<meta property=\"og:description\" content=\"Leading the Way Nate the Great MacKinnon is tied for fifth in the NHL in goals (6) and points (12).\u00a0 All Hail Cale Cale Makar is tied for first among NHL\" \/>\n<meta property=\"og:url\" content=\"https:\/\/ubirataonline.com.br\/en\/wednesday-against-the-wild-colorado-avalanche\/\" \/>\n<meta property=\"og:site_name\" content=\"Ubirat\u00e3 Online Not\u00edcias - A realidade ao seu alcance!\" \/>\n<meta property=\"article:publisher\" content=\"https:\/\/www.facebook.com\/portalubirataonline\" \/>\n<meta property=\"article:author\" content=\"https:\/\/www.facebook.com\/portalubirataonline\" \/>\n<meta property=\"article:published_time\" content=\"2026-05-14T00:13:04+00:00\" \/>\n<meta property=\"article:modified_time\" content=\"2026-05-14T00:13:07+00:00\" \/>\n<meta property=\"og:image\" content=\"https:\/\/ubirataonline.com.br\/wp-content\/uploads\/2026\/05\/Wednesday-Against-the-Wild-Colorado-Avalanche.png\" \/>\n\t<meta property=\"og:image:width\" content=\"1280\" \/>\n\t<meta property=\"og:image:height\" content=\"720\" \/>\n\t<meta property=\"og:image:type\" content=\"image\/png\" \/>\n<meta name=\"author\" content=\"REDA\u00c7\u00c3O: UBIRAT\u00c3 ONLINE - F\u00c1BIO AUGUSTO CELESTINO\" \/>\n<meta name=\"twitter:card\" content=\"summary_large_image\" \/>\n<meta name=\"twitter:creator\" content=\"@x.com\/ubirataonline\" \/>\n<meta name=\"twitter:site\" content=\"@ubirataonline\" \/>\n<meta name=\"twitter:label1\" content=\"Written by\" \/>\n\t<meta name=\"twitter:data1\" content=\"REDA\u00c7\u00c3O: UBIRAT\u00c3 ONLINE - F\u00c1BIO AUGUSTO CELESTINO\" \/>\n\t<meta name=\"twitter:label2\" content=\"Est. reading time\" \/>\n\t<meta name=\"twitter:data2\" content=\"2 minutes\" \/>\n<script type=\"application\/ld+json\" class=\"yoast-schema-graph\">{\"@context\":\"https:\\\/\\\/schema.org\",\"@graph\":[{\"@type\":\"NewsArticle\",\"@id\":\"https:\\\/\\\/ubirataonline.com.br\\\/wednesday-against-the-wild-colorado-avalanche\\\/#article\",\"isPartOf\":{\"@id\":\"https:\\\/\\\/ubirataonline.com.br\\\/wednesday-against-the-wild-colorado-avalanche\\\/\"},\"author\":{\"name\":\"REDA\u00c7\u00c3O: UBIRAT\u00c3 ONLINE - F\u00c1BIO AUGUSTO CELESTINO\",\"@id\":\"https:\\\/\\\/ubirataonline.com.br\\\/#\\\/schema\\\/person\\\/372f87bbd3fdd79b8556b84c98d0bc1c\"},\"headline\":\"Wednesday Against the Wild | Colorado Avalanche\",\"datePublished\":\"2026-05-14T00:13:04+00:00\",\"dateModified\":\"2026-05-14T00:13:07+00:00\",\"mainEntityOfPage\":{\"@id\":\"https:\\\/\\\/ubirataonline.com.br\\\/wednesday-against-the-wild-colorado-avalanche\\\/\"},\"wordCount\":450,\"publisher\":{\"@id\":\"https:\\\/\\\/ubirataonline.com.br\\\/#organization\"},\"image\":{\"@id\":\"https:\\\/\\\/ubirataonline.com.br\\\/wednesday-against-the-wild-colorado-avalanche\\\/#primaryimage\"},\"thumbnailUrl\":\"https:\\\/\\\/ubirataonline.com.br\\\/wp-content\\\/uploads\\\/2026\\\/05\\\/Wednesday-Against-the-Wild-Colorado-Avalanche.png\",\"keywords\":[\"Avalanche\",\"Colorado\",\"Wednesday\",\"wild\"],\"articleSection\":[\"Ubirat\u00e3\"],\"inLanguage\":\"en-US\",\"copyrightYear\":\"2026\",\"copyrightHolder\":{\"@id\":\"https:\\\/\\\/ubirataonline.com.br\\\/en\\\/#organization\"}},{\"@type\":\"WebPage\",\"@id\":\"https:\\\/\\\/ubirataonline.com.br\\\/wednesday-against-the-wild-colorado-avalanche\\\/\",\"url\":\"https:\\\/\\\/ubirataonline.com.br\\\/wednesday-against-the-wild-colorado-avalanche\\\/\",\"name\":\"Wednesday Against the Wild | Colorado Avalanche - Ubirat\u00e3 Online Not\u00edcias - A realidade ao seu alcance!\",\"isPartOf\":{\"@id\":\"https:\\\/\\\/ubirataonline.com.br\\\/#website\"},\"primaryImageOfPage\":{\"@id\":\"https:\\\/\\\/ubirataonline.com.br\\\/wednesday-against-the-wild-colorado-avalanche\\\/#primaryimage\"},\"image\":{\"@id\":\"https:\\\/\\\/ubirataonline.com.br\\\/wednesday-against-the-wild-colorado-avalanche\\\/#primaryimage\"},\"thumbnailUrl\":\"https:\\\/\\\/ubirataonline.com.br\\\/wp-content\\\/uploads\\\/2026\\\/05\\\/Wednesday-Against-the-Wild-Colorado-Avalanche.png\",\"datePublished\":\"2026-05-14T00:13:04+00:00\",\"dateModified\":\"2026-05-14T00:13:07+00:00\",\"description\":\"Leading the Way Nate the Great MacKinnon is tied for fifth in the NHL in goals (6) and points (12).\u00a0 All Hail Cale Cale Makar is tied for first among NHL\",\"breadcrumb\":{\"@id\":\"https:\\\/\\\/ubirataonline.com.br\\\/wednesday-against-the-wild-colorado-avalanche\\\/#breadcrumb\"},\"inLanguage\":\"en-US\",\"potentialAction\":[{\"@type\":\"ReadAction\",\"target\":[\"https:\\\/\\\/ubirataonline.com.br\\\/wednesday-against-the-wild-colorado-avalanche\\\/\"]}]},{\"@type\":\"ImageObject\",\"inLanguage\":\"en-US\",\"@id\":\"https:\\\/\\\/ubirataonline.com.br\\\/wednesday-against-the-wild-colorado-avalanche\\\/#primaryimage\",\"url\":\"https:\\\/\\\/ubirataonline.com.br\\\/wp-content\\\/uploads\\\/2026\\\/05\\\/Wednesday-Against-the-Wild-Colorado-Avalanche.png\",\"contentUrl\":\"https:\\\/\\\/ubirataonline.com.br\\\/wp-content\\\/uploads\\\/2026\\\/05\\\/Wednesday-Against-the-Wild-Colorado-Avalanche.png\",\"width\":1280,\"height\":720,\"caption\":\"Wednesday Against the Wild | Colorado Avalanche\"},{\"@type\":\"BreadcrumbList\",\"@id\":\"https:\\\/\\\/ubirataonline.com.br\\\/wednesday-against-the-wild-colorado-avalanche\\\/#breadcrumb\",\"itemListElement\":[{\"@type\":\"ListItem\",\"position\":1,\"name\":\"In\u00edcio\",\"item\":\"https:\\\/\\\/ubirataonline.com.br\\\/\"},{\"@type\":\"ListItem\",\"position\":2,\"name\":\"Wednesday Against the Wild | Colorado Avalanche\"}]},{\"@type\":\"WebSite\",\"@id\":\"https:\\\/\\\/ubirataonline.com.br\\\/#website\",\"url\":\"https:\\\/\\\/ubirataonline.com.br\\\/\",\"name\":\"Ubirat\u00e3 Online Not\u00edcias\",\"description\":\"Not\u00edcias de Ubirat\u00e3, regi\u00e3o, Brasil e mundo, com informa\u00e7\u00e3o atualizada e compromisso com o leitor.\",\"publisher\":{\"@id\":\"https:\\\/\\\/ubirataonline.com.br\\\/#organization\"},\"alternateName\":\"Ubirat\u00e3 Online\",\"potentialAction\":[{\"@type\":\"SearchAction\",\"target\":{\"@type\":\"EntryPoint\",\"urlTemplate\":\"https:\\\/\\\/ubirataonline.com.br\\\/?s={search_term_string}\"},\"query-input\":{\"@type\":\"PropertyValueSpecification\",\"valueRequired\":true,\"valueName\":\"search_term_string\"}}],\"inLanguage\":\"en-US\"},{\"@type\":[\"Organization\",\"Place\"],\"@id\":\"https:\\\/\\\/ubirataonline.com.br\\\/#organization\",\"name\":\"Ubirat\u00e3 Online Not\u00edcias\",\"alternateName\":\"Ubirat\u00e3 Online\",\"url\":\"https:\\\/\\\/ubirataonline.com.br\\\/\",\"logo\":{\"@id\":\"https:\\\/\\\/ubirataonline.com.br\\\/wednesday-against-the-wild-colorado-avalanche\\\/#local-main-organization-logo\"},\"image\":{\"@id\":\"https:\\\/\\\/ubirataonline.com.br\\\/wednesday-against-the-wild-colorado-avalanche\\\/#local-main-organization-logo\"},\"sameAs\":[\"https:\\\/\\\/www.facebook.com\\\/portalubirataonline\",\"https:\\\/\\\/x.com\\\/ubirataonline\",\"https:\\\/\\\/mastodon.social\\\/@ubirataonline\",\"https:\\\/\\\/www.facebook.com\\\/groups\\\/311144672285604\",\"https:\\\/\\\/www.facebook.com\\\/UBTAOnline\",\"https:\\\/\\\/www.instagram.com\\\/portalubirataonline\\\/\",\"https:\\\/\\\/twitter.com\\\/ubirataonline\"],\"description\":\"Somos um portal de not\u00edcias independente, criado em 5 de janeiro de 2009, com o objetivo de informar, conectar e valorizar a nossa comunidade de Ubirat\u00e3 e toda aregi\u00e3o. Com conte\u00fado atualizado, confi\u00e1vel e relevante, o Ubirat\u00e3 Online \u00e9 o seu espa\u00e7o para ficar por dentro dos principais acontecimentos locais, regionais, Brasil, Mundo e de interesse geral. Nosso compromisso \u00e9 com a verdade, a transpar\u00eancia e o respeito ao leitor.\",\"legalName\":\"UBIRATA ONLINE NOT\u00cdCIAS\",\"foundingDate\":\"2009-01-05\",\"numberOfEmployees\":{\"@type\":\"QuantitativeValue\",\"minValue\":\"1\",\"maxValue\":\"10\"},\"publishingPrinciples\":\"https:\\\/\\\/ubirataonline.com.br\\\/faq\\\/\",\"address\":{\"@id\":\"https:\\\/\\\/ubirataonline.com.br\\\/wednesday-against-the-wild-colorado-avalanche\\\/#local-main-place-address\"},\"geo\":{\"@type\":\"GeoCoordinates\",\"latitude\":\"-24.5361401\",\"longitude\":\"-52.9921776\"},\"telephone\":[\"+5544998308235\"],\"contactPoint\":{\"@type\":\"ContactPoint\",\"email\":\"contato@ubirataonline.com.br\"},\"openingHoursSpecification\":{\"@type\":\"OpeningHoursSpecification\",\"dayOfWeek\":[\"Monday\",\"Tuesday\",\"Wednesday\",\"Thursday\",\"Friday\",\"Saturday\",\"Sunday\"],\"opens\":\"00:00\",\"closes\":\"23:59\"},\"email\":\"contato@ubirataonline.com.br\",\"vatID\":\"47.621.418\\\/0001-80\"},{\"@type\":\"Person\",\"@id\":\"https:\\\/\\\/ubirataonline.com.br\\\/#\\\/schema\\\/person\\\/372f87bbd3fdd79b8556b84c98d0bc1c\",\"name\":\"REDA\u00c7\u00c3O: UBIRAT\u00c3 ONLINE - F\u00c1BIO AUGUSTO CELESTINO\",\"pronouns\":\"Ele\",\"description\":\"Desde 2003 trabalhando com not\u00edcias.\",\"sameAs\":[\"http:\\\/\\\/ubirataoline.com.br\",\"https:\\\/\\\/www.facebook.com\\\/portalubirataonline\",\"https:\\\/\\\/www.instagram.com\\\/ubirataonline_oficial\",\"https:\\\/\\\/x.com\\\/x.com\\\/ubirataonline\"],\"honorificPrefix\":\"Mr.\",\"honorificSuffix\":\"MD\",\"birthDate\":\"1980-06-16\",\"gender\":\"masculino\",\"award\":[\"V\u00e1rios pr\u00eamios de melhor portal da cidade\"],\"jobTitle\":\"Diretor\",\"url\":\"https:\\\/\\\/ubirataonline.com.br\\\/en\\\/author\\\/ubirataonline\\\/\"},{\"@type\":\"PostalAddress\",\"@id\":\"https:\\\/\\\/ubirataonline.com.br\\\/wednesday-against-the-wild-colorado-avalanche\\\/#local-main-place-address\",\"streetAddress\":\"Rua dos Coqueiros, 104 - Bairro Boa Vista, Rua dos Coqueiros, 104 Bairro Boa Vista\",\"addressLocality\":\"UBIRATA\",\"postalCode\":\"85440-000\",\"addressRegion\":\"PR\",\"addressCountry\":\"BR\"},{\"@type\":\"ImageObject\",\"inLanguage\":\"en-US\",\"@id\":\"https:\\\/\\\/ubirataonline.com.br\\\/wednesday-against-the-wild-colorado-avalanche\\\/#local-main-organization-logo\",\"url\":\"https:\\\/\\\/ubirataonline.com.br\\\/wp-content\\\/uploads\\\/2026\\\/06\\\/logoubirataonline-1.webp\",\"contentUrl\":\"https:\\\/\\\/ubirataonline.com.br\\\/wp-content\\\/uploads\\\/2026\\\/06\\\/logoubirataonline-1.webp\",\"width\":500,\"height\":500,\"caption\":\"Ubirat\u00e3 Online Not\u00edcias\"}]}<\/script>\n<meta name=\"geo.placename\" content=\"UBIRATA\" \/>\n<meta name=\"geo.position\" content=\"-24.5361401;-52.9921776\" \/>\n<meta name=\"geo.region\" content=\"Brazil\" \/>\n<!-- \/ Yoast SEO Premium plugin. -->","yoast_head_json":{"title":"Wednesday Against the Wild | Colorado Avalanche - Ubirat\u00e3 Online Not\u00edcias - A realidade ao seu alcance!","description":"Leading the Way Nate the Great MacKinnon is tied for fifth in the NHL in goals (6) and points (12).\u00a0 All Hail Cale Cale Makar is tied for first among NHL","robots":{"index":"index","follow":"follow","max-snippet":"max-snippet:-1","max-image-preview":"max-image-preview:large","max-video-preview":"max-video-preview:-1"},"canonical":"https:\/\/ubirataonline.com.br\/en\/wednesday-against-the-wild-colorado-avalanche\/","og_locale":"en_US","og_type":"article","og_title":"Wednesday Against the Wild | Colorado Avalanche","og_description":"Leading the Way Nate the Great MacKinnon is tied for fifth in the NHL in goals (6) and points (12).\u00a0 All Hail Cale Cale Makar is tied for first among NHL","og_url":"https:\/\/ubirataonline.com.br\/en\/wednesday-against-the-wild-colorado-avalanche\/","og_site_name":"Ubirat\u00e3 Online Not\u00edcias - A realidade ao seu alcance!","article_publisher":"https:\/\/www.facebook.com\/portalubirataonline","article_author":"https:\/\/www.facebook.com\/portalubirataonline","article_published_time":"2026-05-14T00:13:04+00:00","article_modified_time":"2026-05-14T00:13:07+00:00","og_image":[{"width":1280,"height":720,"url":"https:\/\/ubirataonline.com.br\/wp-content\/uploads\/2026\/05\/Wednesday-Against-the-Wild-Colorado-Avalanche.png","type":"image\/png"}],"author":"REDA\u00c7\u00c3O: UBIRAT\u00c3 ONLINE - F\u00c1BIO AUGUSTO CELESTINO","twitter_card":"summary_large_image","twitter_creator":"@x.com\/ubirataonline","twitter_site":"@ubirataonline","twitter_misc":{"Written by":"REDA\u00c7\u00c3O: UBIRAT\u00c3 ONLINE - F\u00c1BIO AUGUSTO CELESTINO","Est. reading time":"2 minutes"},"schema":{"@context":"https:\/\/schema.org","@graph":[{"@type":"NewsArticle","@id":"https:\/\/ubirataonline.com.br\/wednesday-against-the-wild-colorado-avalanche\/#article","isPartOf":{"@id":"https:\/\/ubirataonline.com.br\/wednesday-against-the-wild-colorado-avalanche\/"},"author":{"name":"REDA\u00c7\u00c3O: UBIRAT\u00c3 ONLINE - F\u00c1BIO AUGUSTO CELESTINO","@id":"https:\/\/ubirataonline.com.br\/#\/schema\/person\/372f87bbd3fdd79b8556b84c98d0bc1c"},"headline":"Wednesday Against the Wild | Colorado Avalanche","datePublished":"2026-05-14T00:13:04+00:00","dateModified":"2026-05-14T00:13:07+00:00","mainEntityOfPage":{"@id":"https:\/\/ubirataonline.com.br\/wednesday-against-the-wild-colorado-avalanche\/"},"wordCount":450,"publisher":{"@id":"https:\/\/ubirataonline.com.br\/#organization"},"image":{"@id":"https:\/\/ubirataonline.com.br\/wednesday-against-the-wild-colorado-avalanche\/#primaryimage"},"thumbnailUrl":"https:\/\/ubirataonline.com.br\/wp-content\/uploads\/2026\/05\/Wednesday-Against-the-Wild-Colorado-Avalanche.png","keywords":["Avalanche","Colorado","Wednesday","wild"],"articleSection":["Ubirat\u00e3"],"inLanguage":"en-US","copyrightYear":"2026","copyrightHolder":{"@id":"https:\/\/ubirataonline.com.br\/en\/#organization"}},{"@type":"WebPage","@id":"https:\/\/ubirataonline.com.br\/wednesday-against-the-wild-colorado-avalanche\/","url":"https:\/\/ubirataonline.com.br\/wednesday-against-the-wild-colorado-avalanche\/","name":"Wednesday Against the Wild | Colorado Avalanche - Ubirat\u00e3 Online Not\u00edcias - A realidade ao seu alcance!","isPartOf":{"@id":"https:\/\/ubirataonline.com.br\/#website"},"primaryImageOfPage":{"@id":"https:\/\/ubirataonline.com.br\/wednesday-against-the-wild-colorado-avalanche\/#primaryimage"},"image":{"@id":"https:\/\/ubirataonline.com.br\/wednesday-against-the-wild-colorado-avalanche\/#primaryimage"},"thumbnailUrl":"https:\/\/ubirataonline.com.br\/wp-content\/uploads\/2026\/05\/Wednesday-Against-the-Wild-Colorado-Avalanche.png","datePublished":"2026-05-14T00:13:04+00:00","dateModified":"2026-05-14T00:13:07+00:00","description":"Leading the Way Nate the Great MacKinnon is tied for fifth in the NHL in goals (6) and points (12).\u00a0 All Hail Cale Cale Makar is tied for first among NHL","breadcrumb":{"@id":"https:\/\/ubirataonline.com.br\/wednesday-against-the-wild-colorado-avalanche\/#breadcrumb"},"inLanguage":"en-US","potentialAction":[{"@type":"ReadAction","target":["https:\/\/ubirataonline.com.br\/wednesday-against-the-wild-colorado-avalanche\/"]}]},{"@type":"ImageObject","inLanguage":"en-US","@id":"https:\/\/ubirataonline.com.br\/wednesday-against-the-wild-colorado-avalanche\/#primaryimage","url":"https:\/\/ubirataonline.com.br\/wp-content\/uploads\/2026\/05\/Wednesday-Against-the-Wild-Colorado-Avalanche.png","contentUrl":"https:\/\/ubirataonline.com.br\/wp-content\/uploads\/2026\/05\/Wednesday-Against-the-Wild-Colorado-Avalanche.png","width":1280,"height":720,"caption":"Wednesday Against the Wild | Colorado Avalanche"},{"@type":"BreadcrumbList","@id":"https:\/\/ubirataonline.com.br\/wednesday-against-the-wild-colorado-avalanche\/#breadcrumb","itemListElement":[{"@type":"ListItem","position":1,"name":"In\u00edcio","item":"https:\/\/ubirataonline.com.br\/"},{"@type":"ListItem","position":2,"name":"Wednesday Against the Wild | Colorado Avalanche"}]},{"@type":"WebSite","@id":"https:\/\/ubirataonline.com.br\/#website","url":"https:\/\/ubirataonline.com.br\/","name":"Ubirat\u00e3 Online Not\u00edcias","description":"Not\u00edcias de Ubirat\u00e3, regi\u00e3o, Brasil e mundo, com informa\u00e7\u00e3o atualizada e compromisso com o leitor.","publisher":{"@id":"https:\/\/ubirataonline.com.br\/#organization"},"alternateName":"Ubirat\u00e3 Online","potentialAction":[{"@type":"SearchAction","target":{"@type":"EntryPoint","urlTemplate":"https:\/\/ubirataonline.com.br\/?s={search_term_string}"},"query-input":{"@type":"PropertyValueSpecification","valueRequired":true,"valueName":"search_term_string"}}],"inLanguage":"en-US"},{"@type":["Organization","Place"],"@id":"https:\/\/ubirataonline.com.br\/#organization","name":"Ubirat\u00e3 Online Not\u00edcias","alternateName":"Ubirat\u00e3 Online","url":"https:\/\/ubirataonline.com.br\/","logo":{"@id":"https:\/\/ubirataonline.com.br\/wednesday-against-the-wild-colorado-avalanche\/#local-main-organization-logo"},"image":{"@id":"https:\/\/ubirataonline.com.br\/wednesday-against-the-wild-colorado-avalanche\/#local-main-organization-logo"},"sameAs":["https:\/\/www.facebook.com\/portalubirataonline","https:\/\/x.com\/ubirataonline","https:\/\/mastodon.social\/@ubirataonline","https:\/\/www.facebook.com\/groups\/311144672285604","https:\/\/www.facebook.com\/UBTAOnline","https:\/\/www.instagram.com\/portalubirataonline\/","https:\/\/twitter.com\/ubirataonline"],"description":"Somos um portal de not\u00edcias independente, criado em 5 de janeiro de 2009, com o objetivo de informar, conectar e valorizar a nossa comunidade de Ubirat\u00e3 e toda aregi\u00e3o. Com conte\u00fado atualizado, confi\u00e1vel e relevante, o Ubirat\u00e3 Online \u00e9 o seu espa\u00e7o para ficar por dentro dos principais acontecimentos locais, regionais, Brasil, Mundo e de interesse geral. Nosso compromisso \u00e9 com a verdade, a transpar\u00eancia e o respeito ao leitor.","legalName":"UBIRATA ONLINE NOT\u00cdCIAS","foundingDate":"2009-01-05","numberOfEmployees":{"@type":"QuantitativeValue","minValue":"1","maxValue":"10"},"publishingPrinciples":"https:\/\/ubirataonline.com.br\/faq\/","address":{"@id":"https:\/\/ubirataonline.com.br\/wednesday-against-the-wild-colorado-avalanche\/#local-main-place-address"},"geo":{"@type":"GeoCoordinates","latitude":"-24.5361401","longitude":"-52.9921776"},"telephone":["+5544998308235"],"contactPoint":{"@type":"ContactPoint","email":"contato@ubirataonline.com.br"},"openingHoursSpecification":{"@type":"OpeningHoursSpecification","dayOfWeek":["Monday","Tuesday","Wednesday","Thursday","Friday","Saturday","Sunday"],"opens":"00:00","closes":"23:59"},"email":"contato@ubirataonline.com.br","vatID":"47.621.418\/0001-80"},{"@type":"Person","@id":"https:\/\/ubirataonline.com.br\/#\/schema\/person\/372f87bbd3fdd79b8556b84c98d0bc1c","name":"REDA\u00c7\u00c3O: UBIRAT\u00c3 ONLINE - F\u00c1BIO AUGUSTO CELESTINO","pronouns":"Ele","description":"Desde 2003 trabalhando com not\u00edcias.","sameAs":["http:\/\/ubirataoline.com.br","https:\/\/www.facebook.com\/portalubirataonline","https:\/\/www.instagram.com\/ubirataonline_oficial","https:\/\/x.com\/x.com\/ubirataonline"],"honorificPrefix":"Mr.","honorificSuffix":"MD","birthDate":"1980-06-16","gender":"masculino","award":["V\u00e1rios pr\u00eamios de melhor portal da cidade"],"jobTitle":"Diretor","url":"https:\/\/ubirataonline.com.br\/en\/author\/ubirataonline\/"},{"@type":"PostalAddress","@id":"https:\/\/ubirataonline.com.br\/wednesday-against-the-wild-colorado-avalanche\/#local-main-place-address","streetAddress":"Rua dos Coqueiros, 104 - Bairro Boa Vista, Rua dos Coqueiros, 104 Bairro Boa Vista","addressLocality":"UBIRATA","postalCode":"85440-000","addressRegion":"PR","addressCountry":"BR"},{"@type":"ImageObject","inLanguage":"en-US","@id":"https:\/\/ubirataonline.com.br\/wednesday-against-the-wild-colorado-avalanche\/#local-main-organization-logo","url":"https:\/\/ubirataonline.com.br\/wp-content\/uploads\/2026\/06\/logoubirataonline-1.webp","contentUrl":"https:\/\/ubirataonline.com.br\/wp-content\/uploads\/2026\/06\/logoubirataonline-1.webp","width":500,"height":500,"caption":"Ubirat\u00e3 Online Not\u00edcias"}]},"geo.placename":"UBIRATA","geo.position":{"lat":"-24.5361401","long":"-52.9921776"},"geo.region":"Brazil"},"_links":{"self":[{"href":"https:\/\/ubirataonline.com.br\/en\/wp-json\/wp\/v2\/posts\/129051","targetHints":{"allow":["GET"]}}],"collection":[{"href":"https:\/\/ubirataonline.com.br\/en\/wp-json\/wp\/v2\/posts"}],"about":[{"href":"https:\/\/ubirataonline.com.br\/en\/wp-json\/wp\/v2\/types\/post"}],"author":[{"embeddable":true,"href":"https:\/\/ubirataonline.com.br\/en\/wp-json\/wp\/v2\/users\/1"}],"replies":[{"embeddable":true,"href":"https:\/\/ubirataonline.com.br\/en\/wp-json\/wp\/v2\/comments?post=129051"}],"version-history":[{"count":0,"href":"https:\/\/ubirataonline.com.br\/en\/wp-json\/wp\/v2\/posts\/129051\/revisions"}],"wp:featuredmedia":[{"embeddable":true,"href":"https:\/\/ubirataonline.com.br\/en\/wp-json\/wp\/v2\/media\/129052"}],"wp:attachment":[{"href":"https:\/\/ubirataonline.com.br\/en\/wp-json\/wp\/v2\/media?parent=129051"}],"wp:term":[{"taxonomy":"category","embeddable":true,"href":"https:\/\/ubirataonline.com.br\/en\/wp-json\/wp\/v2\/categories?post=129051"},{"taxonomy":"post_tag","embeddable":true,"href":"https:\/\/ubirataonline.com.br\/en\/wp-json\/wp\/v2\/tags?post=129051"}],"curies":[{"name":"wp","href":"https:\/\/api.w.org\/{rel}","templated":true}]}}