{"id":129108,"date":"2026-05-13T22:32:09","date_gmt":"2026-05-14T01:32:09","guid":{"rendered":"https:\/\/ubirataonline.com.br\/is-the-republican-party-too-tied-to-trump-i-asked-hannity\/"},"modified":"2026-05-13T22:32:11","modified_gmt":"2026-05-14T01:32:11","slug":"is-the-republican-party-too-tied-to-trump-i-asked-hannity","status":"publish","type":"post","link":"https:\/\/ubirataonline.com.br\/en\/is-the-republican-party-too-tied-to-trump-i-asked-hannity\/","title":{"rendered":"Is the Republican Party too tied to Trump? I asked Hannity"},"content":{"rendered":"<p><br \/>\n<\/p>\n<div id=\"\">\n<p><story-emphasis util-module-path=\"elements\/story\" section=\"opinion\" link=\"\/opinion\"\/><\/p>\n<hr class=\"colorbar section-opinion\"\/>\n<h2 class=\"display-5 subhead spacer-small\">Fox News host Sean Hannity has spent decades shaping conservative media. In a wide-ranging interview, he reflects on his new podcast and whether the Republican Party is too tied to President Trump.<\/h2>\n<\/p>\n<div id=\"videoWrap\" class=\"spacer-large videoWrap\" style=\"position:relative\"><media-video video-id=\"90047952007\" title=\"Sean Hannity talks about Trump's legacy\" poster=\"https:\/\/www.gannett-cdn.com\/authoring\/authoring-images\/2025\/10\/30\/PAPP\/86995861007-ciattarelli-251030-a.jpg?crop=4578,2575,x0,y62\" util-module-path=\"elements\/media\" placement=\"snow-video-story-priority\"><\/p>\n<div id=\"uwVideoPlaceholder\" slot=\"placeholder\" style=\"z-index:19;width:100%;padding-bottom:56.25%;position:relative\">\n<div class=\"vidplaybtn\" style=\"display:-moz-box;display:-ms-flexbox;display:-webkit-flex;display:flex;background-color:rgba(0,0,0,.4);border:2px solid #fff;border-radius:80px;cursor:pointer;height:80px;width:80px;position:absolute;top:50%;left:50%;transform:translate(-50%,-50%);z-index:10\"><img decoding=\"async\" class=\"vidplayicon\" src=\"https:\/\/www.gannett-cdn.com\/appservices\/universal-web\/universal\/icons\/icon-play-alt-white.svg\" alt=\"play\" style=\"height:40px;margin:auto 18px auto 27px;width:40px\"\/><\/div>\n<\/div>\n<div slot=\"videoDetails\" id=\"videoDetails\" class=\"videoDetails\" style=\"padding-top:8px;padding-bottom:8px\">\n<div id=\"videoDetailsContainer\" class=\"videoDetailsContainer\" hidden=\"\">\n<p>Sean Hannity talks about Trump&#8217;s legacy<\/p>\n<p>Fox News host Sean Hannity says President Trump will be revered for years to come.<\/p>\n<\/div>\n<\/div>\n<p><\/media-video><\/div>\n<p>Sean Hannity has been a fixture of conservative media for 30 years. He joined Fox News in 1996 and is the <a href=\"https:\/\/www.forbes.com\/sites\/andymeek\/2022\/04\/21\/fox-news-channels-sean-hannity-just-broke-a-primetime-cable-news-record\/\" target=\"_blank\" rel=\"noreferrer noopener\">longest-running prime-time host<\/a> in cable news; his show averages <a href=\"https:\/\/ustvdb.com\/networks\/fox-news\/shows\/hannity\/\" target=\"_blank\" rel=\"noreferrer noopener\">about 3 million<\/a> viewers a night.<\/p>\n<partner-banner util-module-path=\"elements\/partner\" class=\"spacer-large\" min-height=\"600\" fluid=\"\" outstream=\"\" momentum=\"\"\/>\n<p>At 64, Hannity is adding to his workload rather than scaling back. In March, he launched a twice-weekly podcast, &#8220;<a href=\"https:\/\/www.youtube.com\/@HangOutwithSeanHannity\" target=\"_blank\" rel=\"noreferrer noopener\">Hang Out with Sean Hannity<\/a>,&#8221; with early guests including Stephen A. Smith, Democratic Pennsylvania Sen. John Fetterman and Republican Florida Gov. <a target=\"_blank\" href=\"https:\/\/www.usatoday.com\/news\/politics\/ron-desantis\/\" data-autotag=\"a3bd4397-a472-4c2f-b512-dfd74c06e59c\">Ron DeSantis<\/a>.<\/p>\n<p>I spoke with Hannity about the podcast, his former Fox colleagues Tucker Carlson and Megyn Kelly, his <a href=\"https:\/\/www.latimes.com\/entertainment-arts\/business\/story\/2023-11-26\/fox-news-host-sean-hannity-newsom-desantis-debate\" target=\"_blank\" rel=\"noreferrer noopener\">relationship<\/a>&#8211;<a href=\"https:\/\/x.com\/seanhannity\/status\/2027040261365182504?ref_src=twsrc%5Etfw%7Ctwcamp%5Etweetembed%7Ctwterm%5E2027040261365182504%7Ctwgr%5Ed79cbfd388fc2119a8cb942b72feb231714e4b4a%7Ctwcon%5Es1_&amp;ref_url=https%3A%2F%2Fnypost.com%2F2026%2F02%2F26%2Fus-news%2Fsean-hannity-and-gavin-newsom-clash-over-joe-biden-support%2F\" target=\"_blank\" rel=\"noreferrer noopener\">turned<\/a>&#8211;<a href=\"https:\/\/www.thedailybeast.com\/gavin-newsom-unloads-on-fox-news-star-sean-hannity-amid-maga-meltdown\/\" target=\"_blank\" rel=\"noreferrer noopener\">feud<\/a> with Democratic California Gov. Gavin Newsom and the future of the Republican Party after President <a target=\"_blank\" href=\"https:\/\/www.usatoday.com\/news\/politics\/donald-trump\/\" data-autotag=\"26f031d1-9924-4f10-b4e6-019d076113d5\">Donald Trump<\/a>.<\/p>\n<p>Our conversation has been edited for length and clarity.<\/p>\n<h2 class=\"presto-h2 wp-block-heading\">You&#8217;ve been in this business for decades, with a successful radio and TV show. Why start a podcast?<\/h2>\n<p><media-image image-set=\"https:\/\/www.gannett-cdn.com\/authoring\/authoring-images\/2026\/03\/07\/USAT\/89035805007-stephena.png bestCrop, https:\/\/www.gannett-cdn.com\/authoring\/authoring-images\/2026\/03\/07\/USAT\/89035805007-stephena.png?crop=1039,778,x229,y0 4:3, https:\/\/www.gannett-cdn.com\/authoring\/authoring-images\/2026\/03\/07\/USAT\/89035805007-stephena.png?crop=585,778,x459,y0 3:4, https:\/\/www.gannett-cdn.com\/authoring\/authoring-images\/2026\/03\/07\/USAT\/89035805007-stephena.png?crop=1384,778,x74,y0 16:9\" image-alt=\"\" credit=\"Courtesy of Fox News\" caption=\"Stephen A. Smith and Fox News' Sean Hannity (right) on the latter's debut podcast &quot;Hang Out with Sean Hannity.&quot;\" orientation=\"horizontal\" class=\"spacer-large\" util-module-path=\"elements\/media\"\/><\/p>\n<p>Radio&#8217;s different, TV&#8217;s different, the podcast is different, and I love all of them. It&#8217;s just fun. I feel like I&#8217;ve had an undeserved life being able to do it. The audience has been so supportive of me over all these years in each medium, and I&#8217;m very blessed.<\/p>\n<partner-banner util-module-path=\"elements\/partner\" fluid=\"\" bottom=\"\" lazy=\"\" class=\"spacer-large\" min-height=\"390\" outstream=\"\"\/>\n<p>People ask, when do you rest? I&#8217;ll rest when I&#8217;m dead.<\/p>\n<p><media-gallery-promo asset-id=\"33964475\" class=\"column ten-column no-gutter spacer-large\"\/><\/p>\n<p>I grew up in an environment \u2013 maybe this has something to do with it \u2013 where I kind of got to raise myself. My mom was the valedictorian of her high school class, but college wasn&#8217;t in the cards. She was a prison guard, worked 16-hour shifts almost every day of her adult life. It was good, on the one hand because I was independent. From the time I was 8, I was making my own money, I was buying my own food. It wasn&#8217;t like we had dinner on the table at 6 o&#8217;clock and everyone had to be there. But it gave me the independence to just pursue all the things I wanted to do. And one of them was always to work.<\/p>\n<partner-inline util-module-path=\"elements\/partner\" class=\"spacer-large\" placement=\"native-article_link\" sizes=\"[[300, 250], [3, 3]]\" min-height=\"250\" fluid=\"\" outstream=\"\"\/>\n<h2 class=\"presto-h2 wp-block-heading\">Your former Fox colleagues Megyn Kelly and Tucker Carlson have done well going out on their own. Do you still stay in touch?<\/h2>\n<p><cta-atoms-container-inline util-module-path=\"elements\/cta\" class=\"spacer-large\"\/><\/p>\n<p>I don&#8217;t. I&#8217;m just not in touch with them. You know, it&#8217;s so funny. It&#8217;s like every time I do an interview, I assume (that) because they worked at Fox, people want me to engage in a conflict, a battle, a fight. I&#8217;m just not at that stage of my life and career.<\/p>\n<p><media-image image-set=\"https:\/\/www.gannett-cdn.com\/authoring\/authoring-images\/2026\/05\/11\/USAT\/90034461007-sean-hannity.JPG bestCrop, https:\/\/www.gannett-cdn.com\/authoring\/authoring-images\/2026\/05\/11\/USAT\/90034461007-sean-hannity.JPG?crop=2999,2251,x0,y66 4:3, https:\/\/www.gannett-cdn.com\/authoring\/authoring-images\/2026\/05\/11\/USAT\/90034461007-sean-hannity.JPG?crop=1788,2383,x750,y0 3:4, https:\/\/www.gannett-cdn.com\/authoring\/authoring-images\/2026\/05\/11\/USAT\/90034461007-sean-hannity.JPG?crop=2999,1687,x0,y0 16:9\" image-alt=\"\" credit=\"Frank Micelotta\/PictureGroup for Fox News Media, Frank Micelotta\/PictureGroup for Fox News Media\" caption=\"CHICAGO, IL - AUGUST 19: FOX NEWS MEDIA at the Democratic National Convention in Chicago, Illinois on August 19, 2024. (Photo by Frank Micelotta\/PictureGroup for Fox News Media)\" orientation=\"horizontal\" class=\"spacer-large\" util-module-path=\"elements\/media\"\/><\/p>\n<p>I will say this. I never had any problems with them when they were at Fox at all, really got along fine.<\/p>\n<partner-banner util-module-path=\"elements\/partner\" fluid=\"\" bottom=\"\" lazy=\"\" class=\"spacer-large\" min-height=\"600\" outstream=\"\" momentum=\"\"\/><partner-inline util-module-path=\"elements\/partner\" placement=\"native-article_link\" sizes=\"[[300, 250], [3, 3]]\" min-height=\"250\" fluid=\"\" outstream=\"\"\/>\n<p>I&#8217;m really grateful for what I do at Fox. What other people do on air, whatever controversial things they bring up, I&#8217;m not going to spend my time paying attention to it or commenting on it or caring.<\/p>\n<p class=\"related-link\"><span class=\"exclude-from-newsgate\"><strong style=\"margin-right:3px\">Can we all just get along? <\/strong><a href=\"https:\/\/www.usatoday.com\/story\/opinion\/columnist\/2024\/09\/08\/fox-news-kat-timpf-trump-harris-binary-thinking-politics\/74921458007\/\" rel=\"noreferrer\" target=\"_blank\">Fox News&#8217; Kat Timpf says yes, even in a divisive election year. | Opinion<\/a><\/span><\/p>\n<h2 class=\"presto-h2 wp-block-heading\">You&#8217;ve been open about your relationship with Gavin Newsom, but that&#8217;s changed in recent months. What&#8217;s going on, and is Newsom a serious threat for 2028?<\/h2>\n<p>Yeah, we&#8217;re not friends anymore. I think his odds are diminishing in large part because he&#8217;s done such a poor job in his state. No. 1, I think that&#8217;ll be a big issue. His answer to everything is going to be, we have the <a href=\"https:\/\/calmatters.org\/commentary\/2025\/05\/california-fourth-ranked-economy-budget\/\" target=\"_blank\" rel=\"noreferrer noopener\">fourth largest economy<\/a>. That&#8217;s not really good enough.<\/p>\n<partner-banner util-module-path=\"elements\/partner\" fluid=\"\" bottom=\"\" lazy=\"\" class=\"spacer-large\" min-height=\"390\" outstream=\"\"\/><media-image image-set=\"https:\/\/www.gannett-cdn.com\/authoring\/authoring-images\/2025\/11\/13\/USAT\/87255940007-20251108-t-212344-z-1143967158-rc-2-kshaj-2-a-5-n-rtrmadp-3-usaredistricting.JPG bestCrop, https:\/\/www.gannett-cdn.com\/authoring\/authoring-images\/2025\/11\/13\/USAT\/87255940007-20251108-t-212344-z-1143967158-rc-2-kshaj-2-a-5-n-rtrmadp-3-usaredistricting.JPG?crop=2655,1993,x329,y0 4:3, https:\/\/www.gannett-cdn.com\/authoring\/authoring-images\/2025\/11\/13\/USAT\/87255940007-20251108-t-212344-z-1143967158-rc-2-kshaj-2-a-5-n-rtrmadp-3-usaredistricting.JPG?crop=1494,1993,x1343,y0 3:4, https:\/\/www.gannett-cdn.com\/authoring\/authoring-images\/2025\/11\/13\/USAT\/87255940007-20251108-t-212344-z-1143967158-rc-2-kshaj-2-a-5-n-rtrmadp-3-usaredistricting.JPG?crop=2988,1682,x2,y311 16:9\" image-alt=\"\" credit=\"Adrees Latif\/Reuters\" caption=\"California Gov. Gavin Newsom applauds at a rally on Nov. 8, 2025.\" orientation=\"horizontal\" class=\"spacer-large\" util-module-path=\"elements\/media\"\/><\/p>\n<p>Largest <a href=\"https:\/\/turbotax.intuit.com\/tax-tips\/fun-facts\/states-with-the-highest-and-lowest-taxes\/L6HPAVqSF\" target=\"_blank\" rel=\"noreferrer noopener\">income tax<\/a>, <a href=\"https:\/\/usafacts.org\/articles\/how-much-do-you-pay-in-gas-taxes\/\" target=\"_blank\" rel=\"noreferrer noopener\">gas tax<\/a>, <a href=\"https:\/\/taxfoundation.org\/data\/all\/state\/sales-tax-rates\/\" target=\"_blank\" rel=\"noreferrer noopener\">sales tax<\/a> in the entire country. And they still are running a <a href=\"https:\/\/fox40.com\/inside-california-politics\/california-ongoing-budget-deficits-lao-report\/\" target=\"_blank\" rel=\"noreferrer noopener\">multibillion dollar deficit<\/a>, sanctuary state.\u00a0<\/p>\n<p>They have the <a href=\"https:\/\/calmatters.org\/commentary\/2025\/09\/california-living-costs-highest-poverty\/\" target=\"_blank\" rel=\"noreferrer noopener\">worst poverty rate<\/a>, the <a href=\"https:\/\/calmatters.org\/housing\/homelessness\/2025\/01\/hud-pit-count-2024\/\" target=\"_blank\" rel=\"noreferrer noopener\">worst homeless rate<\/a>. Here&#8217;s my biggest complaint, though. The guy doesn&#8217;t show up. He doesn&#8217;t work. The guy&#8217;s never in California. He&#8217;s a world traveler. He&#8217;s in Davos. He&#8217;s in Munich. He&#8217;s here, there, everywhere. (Newsom has frequently <a href=\"http:\/\/google.com\/search?q=newsom+attacks+hannity&amp;rlz=1C5OZZY_enUS1157US1157&amp;oq=newsom+attacks+hannity&amp;gs_lcrp=EgZjaHJvbWUyBggAEEUYOTIHCAEQIRiPAtIBCDMzMjZqMGo3qAIAsAIA&amp;sourceid=chrome&amp;ie=UTF-8\" target=\"_blank\" rel=\"noreferrer noopener\">criticized Hannity<\/a> by name on his podcast and on social media.) He&#8217;s a full-time Trump stalker. He&#8217;s a half-time Hannity stalker. He thinks he&#8217;s funny. It&#8217;s not.<\/p>\n<p class=\"related-link\"><span class=\"exclude-from-newsgate\"><strong style=\"margin-right:3px\">Marco Rubio just made <\/strong><a href=\"https:\/\/www.usatoday.com\/story\/opinion\/columnist\/2026\/05\/08\/rubio-pope-leadership-republicans-2028\/89975206007\/\" rel=\"noreferrer\" target=\"_blank\">a compelling case for the GOP&#8217;s future | Opinion<\/a><\/span><\/p>\n<h2 class=\"presto-h2 wp-block-heading\">Do you worry the conservative movement has become too tied to Trump personally?<\/h2>\n<p><media-image image-set=\"https:\/\/www.gannett-cdn.com\/authoring\/authoring-images\/2026\/05\/12\/USAT\/90049323007-usatsi-27508921.jpg bestCrop, https:\/\/www.gannett-cdn.com\/authoring\/authoring-images\/2026\/05\/12\/USAT\/90049323007-usatsi-27508921.jpg?crop=3595,2698,x193,y0 4:3, https:\/\/www.gannett-cdn.com\/authoring\/authoring-images\/2026\/05\/12\/USAT\/90049323007-usatsi-27508921.jpg?crop=2025,2699,x459,y0 3:4, https:\/\/www.gannett-cdn.com\/authoring\/authoring-images\/2026\/05\/12\/USAT\/90049323007-usatsi-27508921.jpg?crop=4597,2587,x0,y56 16:9\" image-alt=\"\" credit=\"Peter Ackerman, Asbury Park Press via USA TODAY NETWORK\" caption=\"FOX News Channel's Sean Hannity hosted a Town Hall with Republican Gubernatorial Candidate Jack Ciattarelli at the Crystal Point Yacht Club in Point Pleasant, NJ on Oct. 30, 2025.\" orientation=\"horizontal\" class=\"spacer-large\" util-module-path=\"elements\/media\"\/><\/p>\n<p>No, I don&#8217;t. If you go back after President Ronald Reagan and he had a great presidency, really phenomenal success. And I think we&#8217;re going to have the same golden era of economic success.<\/p>\n<p>So do I think that just as Republicans quoted Reagan for decades after he was president, that they&#8217;ll be doing the same thing with President Trump? I do. I think that he has reshaped the conservative movement for decades to come.<\/p>\n<partner-banner util-module-path=\"elements\/partner\" fluid=\"\" bottom=\"\" lazy=\"\" class=\"spacer-large\" min-height=\"390\" outstream=\"\"\/>\n<p><em>Ingrid Jacques is a columnist at USA TODAY. Contact her at ijacques@usatoday.com or on X: @<a href=\"https:\/\/twitter.com\/Ingrid_Jacques\" target=\"_blank\" rel=\"noreferrer noopener\">Ingrid_Jacques<\/a><\/em><\/p>\n<p><media-oembed util-module-path=\"elements\/media\" provider-name=\"\" class=\"column ten-column no-gutter spacer-large\"\/><lit-timestamp class=\"column ten-column no-gutter spacer-small\" slot=\"timestamp\" publishdate=\"2026-05-13 09:08:00.541926805 +0000 UTC\" updatedate=\"2026-05-13 09:08:00.541926805 +0000 UTC\"\/><\/div>\n<p><script async src=\"\/\/platform.twitter.com\/widgets.js\" charset=\"utf-8\"><\/script><br \/>\n<br \/><br \/>\n<br \/><a href=\"https:\/\/www.usatoday.com\/story\/opinion\/columnist\/2026\/05\/13\/fox-news-host-sean-hannity-gavin-newsom-tucker-carlson\/89996819007\/\">Source link <\/a><\/p>\n","protected":false},"excerpt":{"rendered":"<p>Fox News host Sean Hannity has spent decades shaping conservative media. In a wide-ranging interview, he reflects on his new podcast and whether the Republican Party is too tied to President Trump. Sean Hannity talks about Trump&#8217;s legacy Fox News host Sean Hannity says President Trump will be revered for years to come. Sean Hannity [&hellip;]<\/p>\n","protected":false},"author":1,"featured_media":129109,"comment_status":"closed","ping_status":"","sticky":false,"template":"","format":"standard","meta":{"googlesitekit_rrm_CAow2JLhCw:productID":"","_gspb_post_css":"","maa_idioma":"","maa_pais":"","footnotes":""},"categories":[2725],"tags":[11575,29798,7567,33300,7926,1603],"class_list":["post-129108","post","type-post","status-publish","format-standard","has-post-thumbnail","hentry","category-europe","tag-asked","tag-hannity","tag-party","tag-republican","tag-tied","tag-trump"],"blocksy_meta":[],"yoast_head":"<!-- This site is optimized with the Yoast SEO Premium plugin v27.6 (Yoast SEO v27.6) - https:\/\/yoast.com\/product\/yoast-seo-premium-wordpress\/ -->\n<title>Is the Republican Party too tied to Trump? I asked Hannity - Ubirat\u00e3 Online Not\u00edcias - A realidade ao seu alcance!<\/title>\n<meta name=\"description\" content=\"Fox News host Sean Hannity has spent decades shaping conservative media. In a wide-ranging interview, he reflects on his new podcast and whether the\" \/>\n<meta name=\"robots\" content=\"index, follow, max-snippet:-1, max-image-preview:large, max-video-preview:-1\" \/>\n<link rel=\"canonical\" href=\"https:\/\/ubirataonline.com.br\/en\/is-the-republican-party-too-tied-to-trump-i-asked-hannity\/\" \/>\n<meta property=\"og:locale\" content=\"en_US\" \/>\n<meta property=\"og:type\" content=\"article\" \/>\n<meta property=\"og:title\" content=\"Is the Republican Party too tied to Trump? I asked Hannity\" \/>\n<meta property=\"og:description\" content=\"Fox News host Sean Hannity has spent decades shaping conservative media. In a wide-ranging interview, he reflects on his new podcast and whether the\" \/>\n<meta property=\"og:url\" content=\"https:\/\/ubirataonline.com.br\/en\/is-the-republican-party-too-tied-to-trump-i-asked-hannity\/\" \/>\n<meta property=\"og:site_name\" content=\"Ubirat\u00e3 Online Not\u00edcias - A realidade ao seu alcance!\" \/>\n<meta property=\"article:publisher\" content=\"https:\/\/www.facebook.com\/portalubirataonline\" \/>\n<meta property=\"article:author\" content=\"https:\/\/www.facebook.com\/portalubirataonline\" \/>\n<meta property=\"article:published_time\" content=\"2026-05-14T01:32:09+00:00\" \/>\n<meta property=\"article:modified_time\" content=\"2026-05-14T01:32:11+00:00\" \/>\n<meta property=\"og:image\" content=\"https:\/\/ubirataonline.com.br\/wp-content\/uploads\/2026\/05\/Is-the-Republican-Party-too-tied-to-Trump-I-asked.JPG\" \/>\n\t<meta property=\"og:image:width\" content=\"1200\" \/>\n\t<meta property=\"og:image:height\" content=\"675\" \/>\n\t<meta property=\"og:image:type\" content=\"image\/jpeg\" \/>\n<meta name=\"author\" content=\"REDA\u00c7\u00c3O: UBIRAT\u00c3 ONLINE - F\u00c1BIO AUGUSTO CELESTINO\" \/>\n<meta name=\"twitter:card\" content=\"summary_large_image\" \/>\n<meta name=\"twitter:creator\" content=\"@x.com\/ubirataonline\" \/>\n<meta name=\"twitter:site\" content=\"@ubirataonline\" \/>\n<meta name=\"twitter:label1\" content=\"Written by\" \/>\n\t<meta name=\"twitter:data1\" content=\"REDA\u00c7\u00c3O: UBIRAT\u00c3 ONLINE - F\u00c1BIO AUGUSTO CELESTINO\" \/>\n\t<meta name=\"twitter:label2\" content=\"Est. reading time\" \/>\n\t<meta name=\"twitter:data2\" content=\"4 minutes\" \/>\n<script type=\"application\/ld+json\" class=\"yoast-schema-graph\">{\"@context\":\"https:\\\/\\\/schema.org\",\"@graph\":[{\"@type\":\"NewsArticle\",\"@id\":\"https:\\\/\\\/ubirataonline.com.br\\\/is-the-republican-party-too-tied-to-trump-i-asked-hannity\\\/#article\",\"isPartOf\":{\"@id\":\"https:\\\/\\\/ubirataonline.com.br\\\/is-the-republican-party-too-tied-to-trump-i-asked-hannity\\\/\"},\"author\":{\"name\":\"REDA\u00c7\u00c3O: UBIRAT\u00c3 ONLINE - F\u00c1BIO AUGUSTO CELESTINO\",\"@id\":\"https:\\\/\\\/ubirataonline.com.br\\\/#\\\/schema\\\/person\\\/372f87bbd3fdd79b8556b84c98d0bc1c\"},\"headline\":\"Is the Republican Party too tied to Trump? I asked Hannity\",\"datePublished\":\"2026-05-14T01:32:09+00:00\",\"dateModified\":\"2026-05-14T01:32:11+00:00\",\"mainEntityOfPage\":{\"@id\":\"https:\\\/\\\/ubirataonline.com.br\\\/is-the-republican-party-too-tied-to-trump-i-asked-hannity\\\/\"},\"wordCount\":872,\"publisher\":{\"@id\":\"https:\\\/\\\/ubirataonline.com.br\\\/#organization\"},\"image\":{\"@id\":\"https:\\\/\\\/ubirataonline.com.br\\\/is-the-republican-party-too-tied-to-trump-i-asked-hannity\\\/#primaryimage\"},\"thumbnailUrl\":\"https:\\\/\\\/ubirataonline.com.br\\\/wp-content\\\/uploads\\\/2026\\\/05\\\/Is-the-Republican-Party-too-tied-to-Trump-I-asked.JPG\",\"keywords\":[\"Asked\",\"HANNITY\",\"party\",\"Republican\",\"tied\",\"Trump\"],\"articleSection\":[\"Europe\"],\"inLanguage\":\"en-US\",\"copyrightYear\":\"2026\",\"copyrightHolder\":{\"@id\":\"https:\\\/\\\/ubirataonline.com.br\\\/en\\\/#organization\"}},{\"@type\":\"WebPage\",\"@id\":\"https:\\\/\\\/ubirataonline.com.br\\\/is-the-republican-party-too-tied-to-trump-i-asked-hannity\\\/\",\"url\":\"https:\\\/\\\/ubirataonline.com.br\\\/is-the-republican-party-too-tied-to-trump-i-asked-hannity\\\/\",\"name\":\"Is the Republican Party too tied to Trump? I asked Hannity - Ubirat\u00e3 Online Not\u00edcias - A realidade ao seu alcance!\",\"isPartOf\":{\"@id\":\"https:\\\/\\\/ubirataonline.com.br\\\/#website\"},\"primaryImageOfPage\":{\"@id\":\"https:\\\/\\\/ubirataonline.com.br\\\/is-the-republican-party-too-tied-to-trump-i-asked-hannity\\\/#primaryimage\"},\"image\":{\"@id\":\"https:\\\/\\\/ubirataonline.com.br\\\/is-the-republican-party-too-tied-to-trump-i-asked-hannity\\\/#primaryimage\"},\"thumbnailUrl\":\"https:\\\/\\\/ubirataonline.com.br\\\/wp-content\\\/uploads\\\/2026\\\/05\\\/Is-the-Republican-Party-too-tied-to-Trump-I-asked.JPG\",\"datePublished\":\"2026-05-14T01:32:09+00:00\",\"dateModified\":\"2026-05-14T01:32:11+00:00\",\"description\":\"Fox News host Sean Hannity has spent decades shaping conservative media. In a wide-ranging interview, he reflects on his new podcast and whether the\",\"breadcrumb\":{\"@id\":\"https:\\\/\\\/ubirataonline.com.br\\\/is-the-republican-party-too-tied-to-trump-i-asked-hannity\\\/#breadcrumb\"},\"inLanguage\":\"en-US\",\"potentialAction\":[{\"@type\":\"ReadAction\",\"target\":[\"https:\\\/\\\/ubirataonline.com.br\\\/is-the-republican-party-too-tied-to-trump-i-asked-hannity\\\/\"]}]},{\"@type\":\"ImageObject\",\"inLanguage\":\"en-US\",\"@id\":\"https:\\\/\\\/ubirataonline.com.br\\\/is-the-republican-party-too-tied-to-trump-i-asked-hannity\\\/#primaryimage\",\"url\":\"https:\\\/\\\/ubirataonline.com.br\\\/wp-content\\\/uploads\\\/2026\\\/05\\\/Is-the-Republican-Party-too-tied-to-Trump-I-asked.JPG\",\"contentUrl\":\"https:\\\/\\\/ubirataonline.com.br\\\/wp-content\\\/uploads\\\/2026\\\/05\\\/Is-the-Republican-Party-too-tied-to-Trump-I-asked.JPG\",\"width\":1200,\"height\":675,\"caption\":\"Is the Republican Party too tied to Trump? I asked Hannity\"},{\"@type\":\"BreadcrumbList\",\"@id\":\"https:\\\/\\\/ubirataonline.com.br\\\/is-the-republican-party-too-tied-to-trump-i-asked-hannity\\\/#breadcrumb\",\"itemListElement\":[{\"@type\":\"ListItem\",\"position\":1,\"name\":\"In\u00edcio\",\"item\":\"https:\\\/\\\/ubirataonline.com.br\\\/\"},{\"@type\":\"ListItem\",\"position\":2,\"name\":\"Is the Republican Party too tied to Trump? I asked Hannity\"}]},{\"@type\":\"WebSite\",\"@id\":\"https:\\\/\\\/ubirataonline.com.br\\\/#website\",\"url\":\"https:\\\/\\\/ubirataonline.com.br\\\/\",\"name\":\"Ubirat\u00e3 Online Not\u00edcias\",\"description\":\"Not\u00edcias de Ubirat\u00e3, regi\u00e3o, Brasil e mundo, com informa\u00e7\u00e3o atualizada e compromisso com o leitor.\",\"publisher\":{\"@id\":\"https:\\\/\\\/ubirataonline.com.br\\\/#organization\"},\"alternateName\":\"Ubirat\u00e3 Online\",\"potentialAction\":[{\"@type\":\"SearchAction\",\"target\":{\"@type\":\"EntryPoint\",\"urlTemplate\":\"https:\\\/\\\/ubirataonline.com.br\\\/?s={search_term_string}\"},\"query-input\":{\"@type\":\"PropertyValueSpecification\",\"valueRequired\":true,\"valueName\":\"search_term_string\"}}],\"inLanguage\":\"en-US\"},{\"@type\":[\"Organization\",\"Place\"],\"@id\":\"https:\\\/\\\/ubirataonline.com.br\\\/#organization\",\"name\":\"Ubirat\u00e3 Online Not\u00edcias\",\"alternateName\":\"Ubirat\u00e3 Online\",\"url\":\"https:\\\/\\\/ubirataonline.com.br\\\/\",\"logo\":{\"@id\":\"https:\\\/\\\/ubirataonline.com.br\\\/is-the-republican-party-too-tied-to-trump-i-asked-hannity\\\/#local-main-organization-logo\"},\"image\":{\"@id\":\"https:\\\/\\\/ubirataonline.com.br\\\/is-the-republican-party-too-tied-to-trump-i-asked-hannity\\\/#local-main-organization-logo\"},\"sameAs\":[\"https:\\\/\\\/www.facebook.com\\\/portalubirataonline\",\"https:\\\/\\\/x.com\\\/ubirataonline\",\"https:\\\/\\\/mastodon.social\\\/@ubirataonline\",\"https:\\\/\\\/www.facebook.com\\\/groups\\\/311144672285604\",\"https:\\\/\\\/www.facebook.com\\\/UBTAOnline\",\"https:\\\/\\\/www.instagram.com\\\/portalubirataonline\\\/\",\"https:\\\/\\\/twitter.com\\\/ubirataonline\"],\"description\":\"Somos um portal de not\u00edcias independente, criado em 5 de janeiro de 2009, com o objetivo de informar, conectar e valorizar a nossa comunidade de Ubirat\u00e3 e toda aregi\u00e3o. Com conte\u00fado atualizado, confi\u00e1vel e relevante, o Ubirat\u00e3 Online \u00e9 o seu espa\u00e7o para ficar por dentro dos principais acontecimentos locais, regionais, Brasil, Mundo e de interesse geral. Nosso compromisso \u00e9 com a verdade, a transpar\u00eancia e o respeito ao leitor.\",\"legalName\":\"UBIRATA ONLINE NOT\u00cdCIAS\",\"foundingDate\":\"2009-01-05\",\"numberOfEmployees\":{\"@type\":\"QuantitativeValue\",\"minValue\":\"1\",\"maxValue\":\"10\"},\"publishingPrinciples\":\"https:\\\/\\\/ubirataonline.com.br\\\/faq\\\/\",\"address\":{\"@id\":\"https:\\\/\\\/ubirataonline.com.br\\\/is-the-republican-party-too-tied-to-trump-i-asked-hannity\\\/#local-main-place-address\"},\"geo\":{\"@type\":\"GeoCoordinates\",\"latitude\":\"-24.5361401\",\"longitude\":\"-52.9921776\"},\"telephone\":[\"+5544998308235\"],\"contactPoint\":{\"@type\":\"ContactPoint\",\"email\":\"contato@ubirataonline.com.br\"},\"openingHoursSpecification\":{\"@type\":\"OpeningHoursSpecification\",\"dayOfWeek\":[\"Monday\",\"Tuesday\",\"Wednesday\",\"Thursday\",\"Friday\",\"Saturday\",\"Sunday\"],\"opens\":\"00:00\",\"closes\":\"23:59\"},\"email\":\"contato@ubirataonline.com.br\",\"vatID\":\"47.621.418\\\/0001-80\"},{\"@type\":\"Person\",\"@id\":\"https:\\\/\\\/ubirataonline.com.br\\\/#\\\/schema\\\/person\\\/372f87bbd3fdd79b8556b84c98d0bc1c\",\"name\":\"REDA\u00c7\u00c3O: UBIRAT\u00c3 ONLINE - F\u00c1BIO AUGUSTO CELESTINO\",\"pronouns\":\"Ele\",\"description\":\"Desde 2003 trabalhando com not\u00edcias.\",\"sameAs\":[\"http:\\\/\\\/ubirataoline.com.br\",\"https:\\\/\\\/www.facebook.com\\\/portalubirataonline\",\"https:\\\/\\\/www.instagram.com\\\/ubirataonline_oficial\",\"https:\\\/\\\/x.com\\\/x.com\\\/ubirataonline\"],\"honorificPrefix\":\"Mr.\",\"honorificSuffix\":\"MD\",\"birthDate\":\"1980-06-16\",\"gender\":\"masculino\",\"award\":[\"V\u00e1rios pr\u00eamios de melhor portal da cidade\"],\"jobTitle\":\"Diretor\",\"url\":\"https:\\\/\\\/ubirataonline.com.br\\\/en\\\/author\\\/ubirataonline\\\/\"},{\"@type\":\"PostalAddress\",\"@id\":\"https:\\\/\\\/ubirataonline.com.br\\\/is-the-republican-party-too-tied-to-trump-i-asked-hannity\\\/#local-main-place-address\",\"streetAddress\":\"Rua dos Coqueiros, 104 - Bairro Boa Vista, Rua dos Coqueiros, 104 Bairro Boa Vista\",\"addressLocality\":\"UBIRATA\",\"postalCode\":\"85440-000\",\"addressRegion\":\"PR\",\"addressCountry\":\"BR\"},{\"@type\":\"ImageObject\",\"inLanguage\":\"en-US\",\"@id\":\"https:\\\/\\\/ubirataonline.com.br\\\/is-the-republican-party-too-tied-to-trump-i-asked-hannity\\\/#local-main-organization-logo\",\"url\":\"https:\\\/\\\/ubirataonline.com.br\\\/wp-content\\\/uploads\\\/2026\\\/06\\\/logoubirataonline-1.webp\",\"contentUrl\":\"https:\\\/\\\/ubirataonline.com.br\\\/wp-content\\\/uploads\\\/2026\\\/06\\\/logoubirataonline-1.webp\",\"width\":500,\"height\":500,\"caption\":\"Ubirat\u00e3 Online Not\u00edcias\"}]}<\/script>\n<meta name=\"geo.placename\" content=\"UBIRATA\" \/>\n<meta name=\"geo.position\" content=\"-24.5361401;-52.9921776\" \/>\n<meta name=\"geo.region\" content=\"Brazil\" \/>\n<!-- \/ Yoast SEO Premium plugin. -->","yoast_head_json":{"title":"Is the Republican Party too tied to Trump? I asked Hannity - Ubirat\u00e3 Online Not\u00edcias - A realidade ao seu alcance!","description":"Fox News host Sean Hannity has spent decades shaping conservative media. In a wide-ranging interview, he reflects on his new podcast and whether the","robots":{"index":"index","follow":"follow","max-snippet":"max-snippet:-1","max-image-preview":"max-image-preview:large","max-video-preview":"max-video-preview:-1"},"canonical":"https:\/\/ubirataonline.com.br\/en\/is-the-republican-party-too-tied-to-trump-i-asked-hannity\/","og_locale":"en_US","og_type":"article","og_title":"Is the Republican Party too tied to Trump? I asked Hannity","og_description":"Fox News host Sean Hannity has spent decades shaping conservative media. In a wide-ranging interview, he reflects on his new podcast and whether the","og_url":"https:\/\/ubirataonline.com.br\/en\/is-the-republican-party-too-tied-to-trump-i-asked-hannity\/","og_site_name":"Ubirat\u00e3 Online Not\u00edcias - A realidade ao seu alcance!","article_publisher":"https:\/\/www.facebook.com\/portalubirataonline","article_author":"https:\/\/www.facebook.com\/portalubirataonline","article_published_time":"2026-05-14T01:32:09+00:00","article_modified_time":"2026-05-14T01:32:11+00:00","og_image":[{"width":1200,"height":675,"url":"https:\/\/ubirataonline.com.br\/wp-content\/uploads\/2026\/05\/Is-the-Republican-Party-too-tied-to-Trump-I-asked.JPG","type":"image\/jpeg"}],"author":"REDA\u00c7\u00c3O: UBIRAT\u00c3 ONLINE - F\u00c1BIO AUGUSTO CELESTINO","twitter_card":"summary_large_image","twitter_creator":"@x.com\/ubirataonline","twitter_site":"@ubirataonline","twitter_misc":{"Written by":"REDA\u00c7\u00c3O: UBIRAT\u00c3 ONLINE - F\u00c1BIO AUGUSTO CELESTINO","Est. reading time":"4 minutes"},"schema":{"@context":"https:\/\/schema.org","@graph":[{"@type":"NewsArticle","@id":"https:\/\/ubirataonline.com.br\/is-the-republican-party-too-tied-to-trump-i-asked-hannity\/#article","isPartOf":{"@id":"https:\/\/ubirataonline.com.br\/is-the-republican-party-too-tied-to-trump-i-asked-hannity\/"},"author":{"name":"REDA\u00c7\u00c3O: UBIRAT\u00c3 ONLINE - F\u00c1BIO AUGUSTO CELESTINO","@id":"https:\/\/ubirataonline.com.br\/#\/schema\/person\/372f87bbd3fdd79b8556b84c98d0bc1c"},"headline":"Is the Republican Party too tied to Trump? I asked Hannity","datePublished":"2026-05-14T01:32:09+00:00","dateModified":"2026-05-14T01:32:11+00:00","mainEntityOfPage":{"@id":"https:\/\/ubirataonline.com.br\/is-the-republican-party-too-tied-to-trump-i-asked-hannity\/"},"wordCount":872,"publisher":{"@id":"https:\/\/ubirataonline.com.br\/#organization"},"image":{"@id":"https:\/\/ubirataonline.com.br\/is-the-republican-party-too-tied-to-trump-i-asked-hannity\/#primaryimage"},"thumbnailUrl":"https:\/\/ubirataonline.com.br\/wp-content\/uploads\/2026\/05\/Is-the-Republican-Party-too-tied-to-Trump-I-asked.JPG","keywords":["Asked","HANNITY","party","Republican","tied","Trump"],"articleSection":["Europe"],"inLanguage":"en-US","copyrightYear":"2026","copyrightHolder":{"@id":"https:\/\/ubirataonline.com.br\/en\/#organization"}},{"@type":"WebPage","@id":"https:\/\/ubirataonline.com.br\/is-the-republican-party-too-tied-to-trump-i-asked-hannity\/","url":"https:\/\/ubirataonline.com.br\/is-the-republican-party-too-tied-to-trump-i-asked-hannity\/","name":"Is the Republican Party too tied to Trump? I asked Hannity - Ubirat\u00e3 Online Not\u00edcias - A realidade ao seu alcance!","isPartOf":{"@id":"https:\/\/ubirataonline.com.br\/#website"},"primaryImageOfPage":{"@id":"https:\/\/ubirataonline.com.br\/is-the-republican-party-too-tied-to-trump-i-asked-hannity\/#primaryimage"},"image":{"@id":"https:\/\/ubirataonline.com.br\/is-the-republican-party-too-tied-to-trump-i-asked-hannity\/#primaryimage"},"thumbnailUrl":"https:\/\/ubirataonline.com.br\/wp-content\/uploads\/2026\/05\/Is-the-Republican-Party-too-tied-to-Trump-I-asked.JPG","datePublished":"2026-05-14T01:32:09+00:00","dateModified":"2026-05-14T01:32:11+00:00","description":"Fox News host Sean Hannity has spent decades shaping conservative media. In a wide-ranging interview, he reflects on his new podcast and whether the","breadcrumb":{"@id":"https:\/\/ubirataonline.com.br\/is-the-republican-party-too-tied-to-trump-i-asked-hannity\/#breadcrumb"},"inLanguage":"en-US","potentialAction":[{"@type":"ReadAction","target":["https:\/\/ubirataonline.com.br\/is-the-republican-party-too-tied-to-trump-i-asked-hannity\/"]}]},{"@type":"ImageObject","inLanguage":"en-US","@id":"https:\/\/ubirataonline.com.br\/is-the-republican-party-too-tied-to-trump-i-asked-hannity\/#primaryimage","url":"https:\/\/ubirataonline.com.br\/wp-content\/uploads\/2026\/05\/Is-the-Republican-Party-too-tied-to-Trump-I-asked.JPG","contentUrl":"https:\/\/ubirataonline.com.br\/wp-content\/uploads\/2026\/05\/Is-the-Republican-Party-too-tied-to-Trump-I-asked.JPG","width":1200,"height":675,"caption":"Is the Republican Party too tied to Trump? I asked Hannity"},{"@type":"BreadcrumbList","@id":"https:\/\/ubirataonline.com.br\/is-the-republican-party-too-tied-to-trump-i-asked-hannity\/#breadcrumb","itemListElement":[{"@type":"ListItem","position":1,"name":"In\u00edcio","item":"https:\/\/ubirataonline.com.br\/"},{"@type":"ListItem","position":2,"name":"Is the Republican Party too tied to Trump? I asked Hannity"}]},{"@type":"WebSite","@id":"https:\/\/ubirataonline.com.br\/#website","url":"https:\/\/ubirataonline.com.br\/","name":"Ubirat\u00e3 Online Not\u00edcias","description":"Not\u00edcias de Ubirat\u00e3, regi\u00e3o, Brasil e mundo, com informa\u00e7\u00e3o atualizada e compromisso com o leitor.","publisher":{"@id":"https:\/\/ubirataonline.com.br\/#organization"},"alternateName":"Ubirat\u00e3 Online","potentialAction":[{"@type":"SearchAction","target":{"@type":"EntryPoint","urlTemplate":"https:\/\/ubirataonline.com.br\/?s={search_term_string}"},"query-input":{"@type":"PropertyValueSpecification","valueRequired":true,"valueName":"search_term_string"}}],"inLanguage":"en-US"},{"@type":["Organization","Place"],"@id":"https:\/\/ubirataonline.com.br\/#organization","name":"Ubirat\u00e3 Online Not\u00edcias","alternateName":"Ubirat\u00e3 Online","url":"https:\/\/ubirataonline.com.br\/","logo":{"@id":"https:\/\/ubirataonline.com.br\/is-the-republican-party-too-tied-to-trump-i-asked-hannity\/#local-main-organization-logo"},"image":{"@id":"https:\/\/ubirataonline.com.br\/is-the-republican-party-too-tied-to-trump-i-asked-hannity\/#local-main-organization-logo"},"sameAs":["https:\/\/www.facebook.com\/portalubirataonline","https:\/\/x.com\/ubirataonline","https:\/\/mastodon.social\/@ubirataonline","https:\/\/www.facebook.com\/groups\/311144672285604","https:\/\/www.facebook.com\/UBTAOnline","https:\/\/www.instagram.com\/portalubirataonline\/","https:\/\/twitter.com\/ubirataonline"],"description":"Somos um portal de not\u00edcias independente, criado em 5 de janeiro de 2009, com o objetivo de informar, conectar e valorizar a nossa comunidade de Ubirat\u00e3 e toda aregi\u00e3o. Com conte\u00fado atualizado, confi\u00e1vel e relevante, o Ubirat\u00e3 Online \u00e9 o seu espa\u00e7o para ficar por dentro dos principais acontecimentos locais, regionais, Brasil, Mundo e de interesse geral. Nosso compromisso \u00e9 com a verdade, a transpar\u00eancia e o respeito ao leitor.","legalName":"UBIRATA ONLINE NOT\u00cdCIAS","foundingDate":"2009-01-05","numberOfEmployees":{"@type":"QuantitativeValue","minValue":"1","maxValue":"10"},"publishingPrinciples":"https:\/\/ubirataonline.com.br\/faq\/","address":{"@id":"https:\/\/ubirataonline.com.br\/is-the-republican-party-too-tied-to-trump-i-asked-hannity\/#local-main-place-address"},"geo":{"@type":"GeoCoordinates","latitude":"-24.5361401","longitude":"-52.9921776"},"telephone":["+5544998308235"],"contactPoint":{"@type":"ContactPoint","email":"contato@ubirataonline.com.br"},"openingHoursSpecification":{"@type":"OpeningHoursSpecification","dayOfWeek":["Monday","Tuesday","Wednesday","Thursday","Friday","Saturday","Sunday"],"opens":"00:00","closes":"23:59"},"email":"contato@ubirataonline.com.br","vatID":"47.621.418\/0001-80"},{"@type":"Person","@id":"https:\/\/ubirataonline.com.br\/#\/schema\/person\/372f87bbd3fdd79b8556b84c98d0bc1c","name":"REDA\u00c7\u00c3O: UBIRAT\u00c3 ONLINE - F\u00c1BIO AUGUSTO CELESTINO","pronouns":"Ele","description":"Desde 2003 trabalhando com not\u00edcias.","sameAs":["http:\/\/ubirataoline.com.br","https:\/\/www.facebook.com\/portalubirataonline","https:\/\/www.instagram.com\/ubirataonline_oficial","https:\/\/x.com\/x.com\/ubirataonline"],"honorificPrefix":"Mr.","honorificSuffix":"MD","birthDate":"1980-06-16","gender":"masculino","award":["V\u00e1rios pr\u00eamios de melhor portal da cidade"],"jobTitle":"Diretor","url":"https:\/\/ubirataonline.com.br\/en\/author\/ubirataonline\/"},{"@type":"PostalAddress","@id":"https:\/\/ubirataonline.com.br\/is-the-republican-party-too-tied-to-trump-i-asked-hannity\/#local-main-place-address","streetAddress":"Rua dos Coqueiros, 104 - Bairro Boa Vista, Rua dos Coqueiros, 104 Bairro Boa Vista","addressLocality":"UBIRATA","postalCode":"85440-000","addressRegion":"PR","addressCountry":"BR"},{"@type":"ImageObject","inLanguage":"en-US","@id":"https:\/\/ubirataonline.com.br\/is-the-republican-party-too-tied-to-trump-i-asked-hannity\/#local-main-organization-logo","url":"https:\/\/ubirataonline.com.br\/wp-content\/uploads\/2026\/06\/logoubirataonline-1.webp","contentUrl":"https:\/\/ubirataonline.com.br\/wp-content\/uploads\/2026\/06\/logoubirataonline-1.webp","width":500,"height":500,"caption":"Ubirat\u00e3 Online Not\u00edcias"}]},"geo.placename":"UBIRATA","geo.position":{"lat":"-24.5361401","long":"-52.9921776"},"geo.region":"Brazil"},"_links":{"self":[{"href":"https:\/\/ubirataonline.com.br\/en\/wp-json\/wp\/v2\/posts\/129108","targetHints":{"allow":["GET"]}}],"collection":[{"href":"https:\/\/ubirataonline.com.br\/en\/wp-json\/wp\/v2\/posts"}],"about":[{"href":"https:\/\/ubirataonline.com.br\/en\/wp-json\/wp\/v2\/types\/post"}],"author":[{"embeddable":true,"href":"https:\/\/ubirataonline.com.br\/en\/wp-json\/wp\/v2\/users\/1"}],"replies":[{"embeddable":true,"href":"https:\/\/ubirataonline.com.br\/en\/wp-json\/wp\/v2\/comments?post=129108"}],"version-history":[{"count":0,"href":"https:\/\/ubirataonline.com.br\/en\/wp-json\/wp\/v2\/posts\/129108\/revisions"}],"wp:featuredmedia":[{"embeddable":true,"href":"https:\/\/ubirataonline.com.br\/en\/wp-json\/wp\/v2\/media\/129109"}],"wp:attachment":[{"href":"https:\/\/ubirataonline.com.br\/en\/wp-json\/wp\/v2\/media?parent=129108"}],"wp:term":[{"taxonomy":"category","embeddable":true,"href":"https:\/\/ubirataonline.com.br\/en\/wp-json\/wp\/v2\/categories?post=129108"},{"taxonomy":"post_tag","embeddable":true,"href":"https:\/\/ubirataonline.com.br\/en\/wp-json\/wp\/v2\/tags?post=129108"}],"curies":[{"name":"wp","href":"https:\/\/api.w.org\/{rel}","templated":true}]}}