{"id":129297,"date":"2026-05-14T03:43:07","date_gmt":"2026-05-14T06:43:07","guid":{"rendered":"https:\/\/ubirataonline.com.br\/parana-se-torna-o-4o-estado-com-mais-acoes-contra-o-crime-organizado\/"},"modified":"2026-05-14T03:43:11","modified_gmt":"2026-05-14T06:43:11","slug":"parana-se-torna-o-4o-estado-com-mais-acoes-contra-o-crime-organizado","status":"publish","type":"post","link":"https:\/\/ubirataonline.com.br\/en\/parana-se-torna-o-4o-estado-com-mais-acoes-contra-o-crime-organizado\/","title":{"rendered":"Paran\u00e1 se torna o 4\u00ba estado com mais a\u00e7\u00f5es contra o crime organizado"},"content":{"rendered":"<p><\/p>\n<div id=\"post-content\">\n<p>No Paran\u00e1, 1.788 novos casos relacionados a organiza\u00e7\u00f5es criminosas chegaram ao Poder Judici\u00e1rio, em 2025, segundo dados do Conselho Nacional de Justi\u00e7a (CNJ). Em compara\u00e7\u00e3o com 2024, o volume de processos <strong>aumentou 26,8%<\/strong>. O n\u00famero de a\u00e7\u00f5es julgadas tamb\u00e9m cresceu: foram 860 processos conclu\u00eddos em 2024, contra 1.140 em 2025.\u00a0<\/p>\n<p>No cen\u00e1rio nacional,<strong> o Paran\u00e1 aparece como o quarto estado<\/strong> com maior n\u00famero de novos processos envolvendo organiza\u00e7\u00f5es criminosas nos tribunais estaduais. \u00c0 frente est\u00e3o apenas Cear\u00e1, Santa Catarina e Mato Grosso. O Tribunal de Justi\u00e7a do Paran\u00e1 (TJ-PR) registrou, ano passado, mais aberturas de processos do que os tribunais estaduais do Rio de Janeiro, com 628 processos, e de S\u00e3o Paulo, com 1.109. O Supremo Tribunal de Justi\u00e7a (STJ) lidera o ranking.<\/p>\n<p>Apesar da associa\u00e7\u00e3o imediata com tr\u00e1fico de drogas e fac\u00e7\u00f5es armadas, o conceito de<strong> organiza\u00e7\u00e3o criminosa<\/strong> \u00e9 mais amplo na legisla\u00e7\u00e3o brasileira. A lei define o crime como a associa\u00e7\u00e3o estruturada de quatro ou mais pessoas, com divis\u00e3o de tarefas e atua\u00e7\u00e3o coordenada para obten\u00e7\u00e3o de vantagem direta ou indireta por meio de pr\u00e1ticas il\u00edcitas.<\/p>\n<p>Na pr\u00e1tica, essas estruturas tamb\u00e9m operam em esquemas financeiros, fraudes fiscais, desvios de recursos p\u00fablicos, <strong>lavagem de dinheiro<\/strong>, explora\u00e7\u00e3o de jogos ilegais e infiltra\u00e7\u00e3o em setores formais da economia. <\/p>\n<p>Segundo o promotor de Justi\u00e7a do Grupo de Atua\u00e7\u00e3o Especial de Combate \u00e0s Organiza\u00e7\u00f5es Criminosas (Gaeco) de Londrina, <strong>Leandro Antunes Meirelles Machado<\/strong>, a principal caracter\u00edstica dessas organiza\u00e7\u00f5es \u00e9 justamente a capacidade de se adaptar e penetrar em diferentes \u00e1reas da sociedade.<\/p>\n<p>\u201cQuando se fala em organiza\u00e7\u00e3o criminosa, n\u00e3o temos apenas a organiza\u00e7\u00e3o violenta, relacionada ao tr\u00e1fico il\u00edcito de entorpecentes, e eventualmente a roubos e homic\u00eddios. Temos diversas outras que tamb\u00e9m causam <strong>danos similares<\/strong>, como desvio de verbas p\u00fablicas, sonega\u00e7\u00e3o fiscal e explora\u00e7\u00e3o de jogos de azar. A longo prazo, essas pr\u00e1ticas tamb\u00e9m corroem toda a estrutura social e do Estado\u201d, afirma.<\/p>\n<h2 class=\"wp-block-heading\" id=\"h-parana-reune-rotas-estrategicas-do-crime\">Paran\u00e1 re\u00fane rotas estrat\u00e9gicas do crime<\/h2>\n<p>Na pr\u00e1tica, para <strong>Rui Dissenha<\/strong>, professor do Departamento de Direito da Universidade Federal do Paran\u00e1 (UFPR), o Paran\u00e1 re\u00fane caracter\u00edsticas geogr\u00e1ficas e econ\u00f4micas que favorecem diferentes atua\u00e7\u00f5es do crime organizado.<\/p>\n<p>\u201cNo Paran\u00e1, voc\u00ea tem <strong>dois extremos<\/strong> interessantes. Tem um <strong>porto <\/strong>muito importante em Paranagu\u00e1, que manda droga para a Europa e para a \u00c1frica, e tem uma<strong> zona de fronteira<\/strong> muito ativa economicamente em Foz do Igua\u00e7u e em Gua\u00edra. As caracter\u00edsticas do crime organizado nesses espa\u00e7os s\u00e3o completamente diferentes\u201d, afirma.<\/p>\n<p>Segundo Dissenha, al\u00e9m da <strong>log\u00edstica ligada ao tr\u00e1fico e ao contrabando<\/strong>, essas organiza\u00e7\u00f5es dependem de estruturas financeiras sofisticadas para movimentar recursos e ocultar patrim\u00f4nio il\u00edcito. <\/p>\n<p>Essa din\u00e2mica tamb\u00e9m aparece nos processos analisados pelo Judici\u00e1rio paranaense. Entre os assuntos mais recorrentes nas a\u00e7\u00f5es est\u00e3o promo\u00e7\u00e3o, constitui\u00e7\u00e3o e financiamento de organiza\u00e7\u00e3o criminosa,<strong> tr\u00e1fico de drogas<\/strong> e lavagem ou oculta\u00e7\u00e3o de bens, direitos e valores.<\/p>\n<p>A complexidade dessas estruturas criminosas impacta diretamente o <strong>tempo das investiga\u00e7\u00f5es<\/strong> e dos processos judiciais. No Paran\u00e1, as apura\u00e7\u00f5es relacionadas ao crime organizado s\u00e3o conduzidas principalmente pelo Gaeco, em conjunto com for\u00e7as policiais e \u00f3rg\u00e3os de intelig\u00eancia.<\/p>\n<p>Em 2025, o Gaeco realizou, em m\u00e9dia, <strong>uma opera\u00e7\u00e3o a cada 3,5 dias<\/strong>. O tempo necess\u00e1rio para identificar integrantes das organiza\u00e7\u00f5es varia conforme o grau de especializa\u00e7\u00e3o do grupo criminoso, a estrutura financeira envolvida e o volume de provas que precisam ser produzidas. Em muitos casos, as investiga\u00e7\u00f5es se estendem por <strong>meses ou at\u00e9 anos<\/strong>.<\/p>\n<p>\u201cQuando se faz necess\u00e1ria uma intercepta\u00e7\u00e3o telef\u00f4nica, uma quebra telem\u00e1tica ou, principalmente, uma quebra de sigilo fiscal e banc\u00e1rio, as investiga\u00e7\u00f5es tendem a demorar mais\u201d, explica o promotor Leandro Antunes. Segundo ele, o maior tempo de apura\u00e7\u00e3o costuma resultar em <strong>opera\u00e7\u00f5es mais robustas e em provas mais consistentes<\/strong> para subsidiar as a\u00e7\u00f5es judiciais.<\/p>\n<p>Com base nas evid\u00eancias e na quantidade de provas, a dificuldade tamb\u00e9m se estende no andamento dos processos. A maioria das a\u00e7\u00f5es envolvendo organiza\u00e7\u00f5es criminosas no Paran\u00e1 re\u00fane de um a tr\u00eas r\u00e9us. Para o professor Rui Dissenha, isso n\u00e3o significa que as organiza\u00e7\u00f5es sejam pequenas, mas evidencia os <strong>limites t\u00e9cnicos e operacionais<\/strong> das investiga\u00e7\u00f5es. \u201cOs grandes casos de crime organizado envolvem muito mais pessoas. Mas, quanto mais gente, mais dif\u00edcil fica a pr\u00f3pria investiga\u00e7\u00e3o\u201d, afirma.<\/p>\n<p>No Paran\u00e1, o <strong>tempo m\u00e9dio de tramita\u00e7\u00e3o desses processos \u00e9 de 950 dias<\/strong>, cerca de dois anos e sete meses. A m\u00e9dia no estado \u00e9 <strong>61 dias superior \u00e0 m\u00e9dia nacional<\/strong>. Ainda assim, Dissenha avalia que a dura\u00e7\u00e3o acompanha a complexidade das apura\u00e7\u00f5es, que normalmente envolvem per\u00edcias financeiras e cruzamento de dados banc\u00e1rios.<\/p>\n<h2 class=\"wp-block-heading\" id=\"h-nova-lei-amplia-infiltracoes-policiais\">Nova lei amplia infiltra\u00e7\u00f5es policiais<\/h2>\n<p>Na tentativa de fortalecer o combate \u00e0s organiza\u00e7\u00f5es criminosas no pa\u00eds, o Governo Federal lan\u00e7ou, na ter\u00e7a-feira (12\/5), o <a href=\"https:\/\/www.gov.br\/planalto\/pt-br\/acompanhe-o-planalto\/noticias\/2026\/05\/governo-do-brasil-lanca-programa-para-desarticular-crime-organizado-com-investimentos-e-financiamentos-de-r-11-bi\">Programa Brasil Contra o Crime Organizado<\/a>. A inten\u00e7\u00e3o alegada do projeto \u00e9 servir como uma nova estrat\u00e9gia nacional para desarticular as estruturas econ\u00f4micas, operacionais e territoriais que sustentam as organiza\u00e7\u00f5es criminosas.\u00a0<\/p>\n<p>Com a iniciativa, R$ 1,06 bilh\u00e3o sair\u00e3o dos cofres da Uni\u00e3o para a\u00e7\u00f5es ainda em 2026. De acordo com o governo federal, R$ 388,9 milh\u00f5es v\u00e3o para a\u00e7\u00f5es de asfixia financeira, R$ 330,6 milh\u00f5es para o eixo do sistema prisional, R$ 201 milh\u00f5es para esclarecimento de homic\u00eddios e R$ 145,2 milh\u00f5es para a\u00e7\u00f5es de enfrentamento ao tr\u00e1fico de armas.<\/p>\n<p>Em n\u00edvel federal, a novidade \u00e9 mais um dos esfor\u00e7os contra o organiza\u00e7\u00f5es criminosas no primeiro semestre. Em mar\u00e7o, o Congresso Nacional aprovou a <a href=\"https:\/\/www.planalto.gov.br\/ccivil_03\/_ato2023-2026\/2026\/lei\/l15358.htm\">Lei 15.358\/2026<\/a>, apelidada de<strong> Lei Antifac\u00e7\u00e3o<\/strong>. O texto concentra mudan\u00e7as no endurecimento das puni\u00e7\u00f5es a lideran\u00e7as criminosas, bloqueio financeiro das fac\u00e7\u00f5es e neutraliza\u00e7\u00e3o do comando exercido de dentro dos pres\u00eddios.<\/p>\n<p>A <strong>nova legisla\u00e7\u00e3o<\/strong> cria oficialmente a figura da fac\u00e7\u00e3o criminosa, diferenciando-a das demais organiza\u00e7\u00f5es criminosas em casos envolvendo grupos estruturados com atua\u00e7\u00e3o violenta. Entre as medidas na previstas tamb\u00e9m est\u00e3o mecanismos mais amplos para confisco de bens, incluindo criptomoedas, al\u00e9m de ampliar das infiltra\u00e7\u00f5es policiais e a base de dados de intelig\u00eancia.<\/p>\n<p>Para o promotor Leandro Antunes, a <strong>nova legisla\u00e7\u00e3o amplia investiga\u00e7\u00f5es<\/strong> e adapta o sistema jur\u00eddico \u00e0 complexidade do crime organizado. \u201cAt\u00e9 ent\u00e3o, t\u00ednhamos basicamente a mesma legisla\u00e7\u00e3o para coibir um furto de supermercado e, por exemplo, utiliz\u00e1vamos essa mesma estrutura legal para o enfrentamento da criminalidade organizada. Com esse marco legal, passamos a dispor de instrumentos pr\u00f3prios para o enfrentamento desse crime espec\u00edfico\u201d, afirma.<\/p>\n<h2 class=\"wp-block-heading\" id=\"h-judiciario-ainda-deve-adequar-uso-da-lei\">Judici\u00e1rio ainda deve adequar uso da lei<\/h2>\n<p>Apesar disso, o professor Rui Dissenha avalia que parte das novas regras pode enfrentar questionamentos na aplica\u00e7\u00e3o do Judici\u00e1rio, embora reconhe\u00e7a avan\u00e7os. Segundo ele, o conceito de organiza\u00e7\u00e3o criminosa ainda \u00e9 relativamente recente na legisla\u00e7\u00e3o brasileira. Embora existam leis sobre o tema desde os anos 2000, inspiradas em modelos de combate \u00e0s <strong>m\u00e1fias italianas<\/strong>, a defini\u00e7\u00e3o jur\u00eddica mais consolidada s\u00f3 surgiu em 2013.<\/p>\n<p>Na avalia\u00e7\u00e3o de Rui Dissenha, a nova lei traz avan\u00e7os na <strong>apreens\u00e3o de patrim\u00f4nio ligado ao crime organizado<\/strong>, mas tamb\u00e9m levanta preocupa\u00e7\u00f5es jur\u00eddicas. Ele critica a chamada apreens\u00e3o presumida, que transfere ao investigado a obriga\u00e7\u00e3o de comprovar a origem l\u00edcita de bens incompat\u00edveis com sua renda.\u00a0<\/p>\n<p>\u201cS\u00e3o medidas exageradas. Num pa\u00eds em que 40% da economia beira a informalidade, o sujeito n\u00e3o consegue comprovar aquilo por outra raz\u00e3o, porque n\u00e3o tem patrim\u00f4nio formalizado\u201d, afirma. O professor tamb\u00e9m questiona a<strong> previs\u00e3o de pris\u00e3o imediata<\/strong> ap\u00f3s condena\u00e7\u00e3o pelo Tribunal do J\u00fari, por entender que a medida fere o princ\u00edpio constitucional da presun\u00e7\u00e3o de inoc\u00eancia e pode antecipar puni\u00e7\u00f5es antes da an\u00e1lise de recursos em segunda inst\u00e2ncia.<\/p>\n<p>Apesar das cr\u00edticas, o professor acredita que a aplica\u00e7\u00e3o pr\u00e1tica da lei ainda passar\u00e1 por um per\u00edodo de <strong>consolida\u00e7\u00e3o jurisprudencial<\/strong>. Segundo ele, muitas interpreta\u00e7\u00f5es dever\u00e3o ser definidas gradualmente pelos tribunais \u00e0 medida que os novos instrumentos come\u00e7arem a ser utilizados nas investiga\u00e7\u00f5es e processos. \u201cS\u00e3o assuntos que devem ser revistos aos poucos. Ser\u00e1 preciso testar os novos instrumentos previstos na lei para criar uma base de jurisprud\u00eancia\u201d, diz.<\/p>\n<section class=\"virals\">\n<article class=\"cardnews cardnews--post cardnews--has-thumbnail cardnews--editorial-noticias\"> <a href=\"https:\/\/www.tribunapr.com.br\/noticias\/parana\/conheca-mel-raro-interior-parana-floradas-especiais-sabor-suave\/?utm_source=noticias-virais-rodape&amp;utm_medium=internal-tribuna&amp;utm_campaign=tribuna\" class=\"cardnews__postlink\"> <\/p>\n<div class=\"cardnews__image\" is-api-thumb=\"\"><\/div>\n<div class=\"cardnews__content cardhome__content\">\n<div class=\"cardnews__content-wrapper\">\n<p> <span style=\"\"> Denomina\u00e7\u00e3o de Origem <\/span> <\/p>\n<p>Conhe\u00e7a o mel raro do interior do Paran\u00e1 que nasce de floradas especiais e tem sabor suave<\/p>\n<\/p><\/div>\n<\/p><\/div>\n<p> <\/a> <\/article>\n<article class=\"cardnews cardnews--post cardnews--has-thumbnail cardnews--editorial-noticias\"> <a href=\"https:\/\/www.tribunapr.com.br\/noticias\/curitiba-regiao\/curitiba-e-a-nova-miami-capital-e-a-que-mais-recebe-cubanos-do-brasil\/?utm_source=noticias-virais-rodape&amp;utm_medium=internal-tribuna&amp;utm_campaign=tribuna\" class=\"cardnews__postlink\"> <\/p>\n<div class=\"cardnews__image\" is-api-thumb=\"\"><img decoding=\"async\" src=\"https:\/\/www.tribunapr.com.br\/wp-content\/uploads\/2026\/04\/02194022\/centro-de-Curitiba-370x210.jpg\" loading=\"lazy\" alt=\"Curitiba \u00e9 a nova Miami: capital paranaense \u00e9 a que mais recebe cubanos do Brasil\"\/><\/div>\n<div class=\"cardnews__content cardhome__content\">\n<div class=\"cardnews__content-wrapper\">\n<p> <span style=\"\"> Imigra\u00e7\u00e3o <\/span> <\/p>\n<p>Curitiba \u00e9 a nova Miami: capital paranaense \u00e9 a que mais recebe cubanos do Brasil<\/p>\n<\/p><\/div>\n<\/p><\/div>\n<p> <\/a> <\/article>\n<article class=\"cardnews cardnews--post cardnews--has-thumbnail cardnews--editorial-noticias\"> <a href=\"https:\/\/www.tribunapr.com.br\/noticias\/parana\/futebol-ajuda-imigrantes-venezuelanos-reconstruir-vinculos-curitiba\/?utm_source=noticias-virais-rodape&amp;utm_medium=internal-tribuna&amp;utm_campaign=tribuna\" class=\"cardnews__postlink\"> <\/p>\n<div class=\"cardnews__image\" is-api-thumb=\"\"><img decoding=\"async\" src=\"https:\/\/www.tribunapr.com.br\/wp-content\/uploads\/2026\/04\/12141044\/liga-venezuela-370x210.jpg\" loading=\"lazy\" alt=\"Futebol ajuda imigrantes venezuelanos a reconstruir v\u00ednculos em Curitiba\"\/><\/div>\n<div class=\"cardnews__content cardhome__content\">\n<div class=\"cardnews__content-wrapper\">\n<p> <span style=\"\"> Paix\u00e3o compartilhada <\/span> <\/p>\n<p>Futebol ajuda imigrantes venezuelanos a reconstruir v\u00ednculos em Curitiba<\/p>\n<\/p><\/div>\n<\/p><\/div>\n<p> <\/a> <\/article>\n<\/section>\n<div id=\"tribuna-follow-cta\">\n<p> <span class=\"cta-title\">Siga a <span class=\"tribuna-color\">Tribuna<\/span> no Google, e acompanhe as \u00faltimas not\u00edcias de Curitiba e regi\u00e3o!<\/span> <\/p>\n<p> <a href=\"https:\/\/profile.google.com\/cp\/CgwvZy8xMmxxajUzM3Mac2h0dHBzOi8vd3d3LnRyaWJ1bmFwci5jb20uYnIvdml2YS92aXRyaW5lL2dpZ2FudGUtZG8tdmVzdHVhcmlvLXJlaW5hdWd1cmEtbG9qYS1lbS1zaG9wcGluZy10cmFkaWNpb25hbC1kZS1jdXJpdGliYS8iElRyaWJ1bmEgZG8gUGFyYW7DoSqAAwrHAWh0dHBzOi8vZW5jcnlwdGVkLXRibjIuZ3N0YXRpYy5jb20vZmF2aWNvbi10Ym4_cT10Ym46QU5kOUdjUVJPbjVDRjR6TzJPbkUwTXZrRlRCRTY2U0g1bGlaVDRaZTV3bWNKeU5GRm1BSnluM01nNU9PR3BXY1pYMzZwYU5HUWtsZ09JVEFLTTNNZVNGbTc1aWp6M3k2ajUtQ3M2b25kX2JUcFFQQkVLd3RsUjBsTmJESnUtVHhrNXQtbFlCNlVpOWZSVVFjT2cSswFodHRwczovL2VuY3J5cHRlZC10Ym4zLmdzdGF0aWMuY29tL2Zhdmljb24tdGJuP3E9dGJuJTNBQU5kOUdjU0FMaWJ2eFF0YXdFMFRueVdWWmVKRS1MZEdRZjVTUi1OZ2RMazhyZzIwVy1nM0JuQ1F4VDNKZFBjRXR2THdBeVRxUDJEdHVycEdVR29CQkxpYzM5al9wSmFxRERaMHNCYW05WEVhSGVsMmZTQmdKdlF4WWVyMw\" target=\"_blank\" title=\"Seguir a Tribuna no Google\">  <\/a> <\/div>\n<\/p><\/div>\n<p><a href=\"https:\/\/www.tribunapr.com.br\/noticias\/parana\/parana-ultrapassa-eixo-rj-sp-torna-4o-estado-mais-acoes-contra-crime-organizado\/\">Fonte do Artigo <\/a><\/p>","protected":false},"excerpt":{"rendered":"<p>No Paran\u00e1, 1.788 novos casos relacionados a organiza\u00e7\u00f5es criminosas chegaram ao Poder Judici\u00e1rio, em 2025, segundo dados do Conselho Nacional de Justi\u00e7a (CNJ). Em compara\u00e7\u00e3o com 2024, o volume de processos aumentou 26,8%. O n\u00famero de a\u00e7\u00f5es julgadas tamb\u00e9m cresceu: foram 860 processos conclu\u00eddos em 2024, contra 1.140 em 2025.\u00a0 No cen\u00e1rio nacional, o Paran\u00e1 [&hellip;]<\/p>\n","protected":false},"author":1,"featured_media":129298,"comment_status":"closed","ping_status":"","sticky":false,"template":"","format":"standard","meta":{"googlesitekit_rrm_CAow2JLhCw:productID":"","_gspb_post_css":"","maa_idioma":"","maa_pais":"","footnotes":""},"categories":[1],"tags":[5175,6252,3180,1826,3447,2926,6250,90,7965],"class_list":["post-129297","post","type-post","status-publish","format-standard","has-post-thumbnail","hentry","category-ubirata","tag-4o","tag-acoes","tag-contra","tag-crime","tag-estado","tag-mais","tag-organizado","tag-parana","tag-torna"],"blocksy_meta":[],"yoast_head":"<!-- This site is optimized with the Yoast SEO Premium plugin v27.6 (Yoast SEO v27.6) - https:\/\/yoast.com\/product\/yoast-seo-premium-wordpress\/ -->\n<title>Paran\u00e1 se torna o 4\u00ba estado com mais a\u00e7\u00f5es contra o crime organizado - Ubirat\u00e3 Online Not\u00edcias - A realidade ao seu alcance!<\/title>\n<meta name=\"description\" content=\"No Paran\u00e1, 1.788 novos casos relacionados a organiza\u00e7\u00f5es criminosas chegaram ao Poder Judici\u00e1rio, em 2025, segundo dados do Conselho Nacional de Justi\u00e7a\" \/>\n<meta name=\"robots\" content=\"index, follow, max-snippet:-1, max-image-preview:large, max-video-preview:-1\" \/>\n<link rel=\"canonical\" href=\"https:\/\/ubirataonline.com.br\/en\/parana-se-torna-o-4o-estado-com-mais-acoes-contra-o-crime-organizado\/\" \/>\n<meta property=\"og:locale\" content=\"en_US\" \/>\n<meta property=\"og:type\" content=\"article\" \/>\n<meta property=\"og:title\" content=\"Paran\u00e1 se torna o 4\u00ba estado com mais a\u00e7\u00f5es contra o crime organizado\" \/>\n<meta property=\"og:description\" content=\"No Paran\u00e1, 1.788 novos casos relacionados a organiza\u00e7\u00f5es criminosas chegaram ao Poder Judici\u00e1rio, em 2025, segundo dados do Conselho Nacional de Justi\u00e7a\" \/>\n<meta property=\"og:url\" content=\"https:\/\/ubirataonline.com.br\/en\/parana-se-torna-o-4o-estado-com-mais-acoes-contra-o-crime-organizado\/\" \/>\n<meta property=\"og:site_name\" content=\"Ubirat\u00e3 Online Not\u00edcias - A realidade ao seu alcance!\" \/>\n<meta property=\"article:publisher\" content=\"https:\/\/www.facebook.com\/portalubirataonline\" \/>\n<meta property=\"article:author\" content=\"https:\/\/www.facebook.com\/portalubirataonline\" \/>\n<meta property=\"article:published_time\" content=\"2026-05-14T06:43:07+00:00\" \/>\n<meta property=\"article:modified_time\" content=\"2026-05-14T06:43:11+00:00\" \/>\n<meta property=\"og:image\" content=\"https:\/\/ubirataonline.com.br\/wp-content\/uploads\/2026\/05\/Parana-se-torna-o-4o-estado-com-mais-acoes-contra.jpg\" \/>\n\t<meta property=\"og:image:width\" content=\"2560\" \/>\n\t<meta property=\"og:image:height\" content=\"1707\" \/>\n\t<meta property=\"og:image:type\" content=\"image\/jpeg\" \/>\n<meta name=\"author\" content=\"REDA\u00c7\u00c3O: UBIRAT\u00c3 ONLINE - F\u00c1BIO AUGUSTO CELESTINO\" \/>\n<meta name=\"twitter:card\" content=\"summary_large_image\" \/>\n<meta name=\"twitter:creator\" content=\"@x.com\/ubirataonline\" \/>\n<meta name=\"twitter:site\" content=\"@ubirataonline\" \/>\n<meta name=\"twitter:label1\" content=\"Written by\" \/>\n\t<meta name=\"twitter:data1\" content=\"REDA\u00c7\u00c3O: UBIRAT\u00c3 ONLINE - F\u00c1BIO AUGUSTO CELESTINO\" \/>\n\t<meta name=\"twitter:label2\" content=\"Est. reading time\" \/>\n\t<meta name=\"twitter:data2\" content=\"8 minutes\" \/>\n<script type=\"application\/ld+json\" class=\"yoast-schema-graph\">{\"@context\":\"https:\\\/\\\/schema.org\",\"@graph\":[{\"@type\":\"NewsArticle\",\"@id\":\"https:\\\/\\\/ubirataonline.com.br\\\/parana-se-torna-o-4o-estado-com-mais-acoes-contra-o-crime-organizado\\\/#article\",\"isPartOf\":{\"@id\":\"https:\\\/\\\/ubirataonline.com.br\\\/parana-se-torna-o-4o-estado-com-mais-acoes-contra-o-crime-organizado\\\/\"},\"author\":{\"name\":\"REDA\u00c7\u00c3O: UBIRAT\u00c3 ONLINE - F\u00c1BIO AUGUSTO CELESTINO\",\"@id\":\"https:\\\/\\\/ubirataonline.com.br\\\/#\\\/schema\\\/person\\\/372f87bbd3fdd79b8556b84c98d0bc1c\"},\"headline\":\"Paran\u00e1 se torna o 4\u00ba estado com mais a\u00e7\u00f5es contra o crime organizado\",\"datePublished\":\"2026-05-14T06:43:07+00:00\",\"dateModified\":\"2026-05-14T06:43:11+00:00\",\"mainEntityOfPage\":{\"@id\":\"https:\\\/\\\/ubirataonline.com.br\\\/parana-se-torna-o-4o-estado-com-mais-acoes-contra-o-crime-organizado\\\/\"},\"wordCount\":1534,\"publisher\":{\"@id\":\"https:\\\/\\\/ubirataonline.com.br\\\/#organization\"},\"image\":{\"@id\":\"https:\\\/\\\/ubirataonline.com.br\\\/parana-se-torna-o-4o-estado-com-mais-acoes-contra-o-crime-organizado\\\/#primaryimage\"},\"thumbnailUrl\":\"https:\\\/\\\/ubirataonline.com.br\\\/wp-content\\\/uploads\\\/2026\\\/05\\\/Parana-se-torna-o-4o-estado-com-mais-acoes-contra.jpg\",\"keywords\":[\"4\u00ba\",\"a\u00e7\u00f5es\",\"contra\",\"Crime\",\"estado\",\"mais\",\"organizado\",\"paran\u00e1\",\"torna\"],\"articleSection\":[\"Ubirat\u00e3\"],\"inLanguage\":\"en-US\",\"copyrightYear\":\"2026\",\"copyrightHolder\":{\"@id\":\"https:\\\/\\\/ubirataonline.com.br\\\/en\\\/#organization\"}},{\"@type\":\"WebPage\",\"@id\":\"https:\\\/\\\/ubirataonline.com.br\\\/parana-se-torna-o-4o-estado-com-mais-acoes-contra-o-crime-organizado\\\/\",\"url\":\"https:\\\/\\\/ubirataonline.com.br\\\/parana-se-torna-o-4o-estado-com-mais-acoes-contra-o-crime-organizado\\\/\",\"name\":\"Paran\u00e1 se torna o 4\u00ba estado com mais a\u00e7\u00f5es contra o crime organizado - Ubirat\u00e3 Online Not\u00edcias - A realidade ao seu alcance!\",\"isPartOf\":{\"@id\":\"https:\\\/\\\/ubirataonline.com.br\\\/#website\"},\"primaryImageOfPage\":{\"@id\":\"https:\\\/\\\/ubirataonline.com.br\\\/parana-se-torna-o-4o-estado-com-mais-acoes-contra-o-crime-organizado\\\/#primaryimage\"},\"image\":{\"@id\":\"https:\\\/\\\/ubirataonline.com.br\\\/parana-se-torna-o-4o-estado-com-mais-acoes-contra-o-crime-organizado\\\/#primaryimage\"},\"thumbnailUrl\":\"https:\\\/\\\/ubirataonline.com.br\\\/wp-content\\\/uploads\\\/2026\\\/05\\\/Parana-se-torna-o-4o-estado-com-mais-acoes-contra.jpg\",\"datePublished\":\"2026-05-14T06:43:07+00:00\",\"dateModified\":\"2026-05-14T06:43:11+00:00\",\"description\":\"No Paran\u00e1, 1.788 novos casos relacionados a organiza\u00e7\u00f5es criminosas chegaram ao Poder Judici\u00e1rio, em 2025, segundo dados do Conselho Nacional de Justi\u00e7a\",\"breadcrumb\":{\"@id\":\"https:\\\/\\\/ubirataonline.com.br\\\/parana-se-torna-o-4o-estado-com-mais-acoes-contra-o-crime-organizado\\\/#breadcrumb\"},\"inLanguage\":\"en-US\",\"potentialAction\":[{\"@type\":\"ReadAction\",\"target\":[\"https:\\\/\\\/ubirataonline.com.br\\\/parana-se-torna-o-4o-estado-com-mais-acoes-contra-o-crime-organizado\\\/\"]}]},{\"@type\":\"ImageObject\",\"inLanguage\":\"en-US\",\"@id\":\"https:\\\/\\\/ubirataonline.com.br\\\/parana-se-torna-o-4o-estado-com-mais-acoes-contra-o-crime-organizado\\\/#primaryimage\",\"url\":\"https:\\\/\\\/ubirataonline.com.br\\\/wp-content\\\/uploads\\\/2026\\\/05\\\/Parana-se-torna-o-4o-estado-com-mais-acoes-contra.jpg\",\"contentUrl\":\"https:\\\/\\\/ubirataonline.com.br\\\/wp-content\\\/uploads\\\/2026\\\/05\\\/Parana-se-torna-o-4o-estado-com-mais-acoes-contra.jpg\",\"width\":2560,\"height\":1707,\"caption\":\"Guaratuba, 30 de junho de 2021. Opera\u00e7\u00e3o For\u00e7a e Honra do GAECO.\"},{\"@type\":\"BreadcrumbList\",\"@id\":\"https:\\\/\\\/ubirataonline.com.br\\\/parana-se-torna-o-4o-estado-com-mais-acoes-contra-o-crime-organizado\\\/#breadcrumb\",\"itemListElement\":[{\"@type\":\"ListItem\",\"position\":1,\"name\":\"In\u00edcio\",\"item\":\"https:\\\/\\\/ubirataonline.com.br\\\/\"},{\"@type\":\"ListItem\",\"position\":2,\"name\":\"Paran\u00e1 se torna o 4\u00ba estado com mais a\u00e7\u00f5es contra o crime organizado\"}]},{\"@type\":\"WebSite\",\"@id\":\"https:\\\/\\\/ubirataonline.com.br\\\/#website\",\"url\":\"https:\\\/\\\/ubirataonline.com.br\\\/\",\"name\":\"Ubirat\u00e3 Online Not\u00edcias\",\"description\":\"Not\u00edcias de Ubirat\u00e3, regi\u00e3o, Brasil e mundo, com informa\u00e7\u00e3o atualizada e compromisso com o leitor.\",\"publisher\":{\"@id\":\"https:\\\/\\\/ubirataonline.com.br\\\/#organization\"},\"alternateName\":\"Ubirat\u00e3 Online\",\"potentialAction\":[{\"@type\":\"SearchAction\",\"target\":{\"@type\":\"EntryPoint\",\"urlTemplate\":\"https:\\\/\\\/ubirataonline.com.br\\\/?s={search_term_string}\"},\"query-input\":{\"@type\":\"PropertyValueSpecification\",\"valueRequired\":true,\"valueName\":\"search_term_string\"}}],\"inLanguage\":\"en-US\"},{\"@type\":[\"Organization\",\"Place\"],\"@id\":\"https:\\\/\\\/ubirataonline.com.br\\\/#organization\",\"name\":\"Ubirat\u00e3 Online Not\u00edcias\",\"alternateName\":\"Ubirat\u00e3 Online\",\"url\":\"https:\\\/\\\/ubirataonline.com.br\\\/\",\"logo\":{\"@id\":\"https:\\\/\\\/ubirataonline.com.br\\\/parana-se-torna-o-4o-estado-com-mais-acoes-contra-o-crime-organizado\\\/#local-main-organization-logo\"},\"image\":{\"@id\":\"https:\\\/\\\/ubirataonline.com.br\\\/parana-se-torna-o-4o-estado-com-mais-acoes-contra-o-crime-organizado\\\/#local-main-organization-logo\"},\"sameAs\":[\"https:\\\/\\\/www.facebook.com\\\/portalubirataonline\",\"https:\\\/\\\/x.com\\\/ubirataonline\",\"https:\\\/\\\/mastodon.social\\\/@ubirataonline\",\"https:\\\/\\\/www.facebook.com\\\/groups\\\/311144672285604\",\"https:\\\/\\\/www.facebook.com\\\/UBTAOnline\",\"https:\\\/\\\/www.instagram.com\\\/portalubirataonline\\\/\",\"https:\\\/\\\/twitter.com\\\/ubirataonline\"],\"description\":\"Somos um portal de not\u00edcias independente, criado em 5 de janeiro de 2009, com o objetivo de informar, conectar e valorizar a nossa comunidade de Ubirat\u00e3 e toda aregi\u00e3o. Com conte\u00fado atualizado, confi\u00e1vel e relevante, o Ubirat\u00e3 Online \u00e9 o seu espa\u00e7o para ficar por dentro dos principais acontecimentos locais, regionais, Brasil, Mundo e de interesse geral. Nosso compromisso \u00e9 com a verdade, a transpar\u00eancia e o respeito ao leitor.\",\"legalName\":\"UBIRATA ONLINE NOT\u00cdCIAS\",\"foundingDate\":\"2009-01-05\",\"numberOfEmployees\":{\"@type\":\"QuantitativeValue\",\"minValue\":\"1\",\"maxValue\":\"10\"},\"publishingPrinciples\":\"https:\\\/\\\/ubirataonline.com.br\\\/faq\\\/\",\"address\":{\"@id\":\"https:\\\/\\\/ubirataonline.com.br\\\/parana-se-torna-o-4o-estado-com-mais-acoes-contra-o-crime-organizado\\\/#local-main-place-address\"},\"geo\":{\"@type\":\"GeoCoordinates\",\"latitude\":\"-24.5361401\",\"longitude\":\"-52.9921776\"},\"telephone\":[\"+5544998308235\"],\"contactPoint\":{\"@type\":\"ContactPoint\",\"email\":\"contato@ubirataonline.com.br\"},\"openingHoursSpecification\":{\"@type\":\"OpeningHoursSpecification\",\"dayOfWeek\":[\"Monday\",\"Tuesday\",\"Wednesday\",\"Thursday\",\"Friday\",\"Saturday\",\"Sunday\"],\"opens\":\"00:00\",\"closes\":\"23:59\"},\"email\":\"contato@ubirataonline.com.br\",\"vatID\":\"47.621.418\\\/0001-80\"},{\"@type\":\"Person\",\"@id\":\"https:\\\/\\\/ubirataonline.com.br\\\/#\\\/schema\\\/person\\\/372f87bbd3fdd79b8556b84c98d0bc1c\",\"name\":\"REDA\u00c7\u00c3O: UBIRAT\u00c3 ONLINE - F\u00c1BIO AUGUSTO CELESTINO\",\"pronouns\":\"Ele\",\"description\":\"Desde 2003 trabalhando com not\u00edcias.\",\"sameAs\":[\"http:\\\/\\\/ubirataoline.com.br\",\"https:\\\/\\\/www.facebook.com\\\/portalubirataonline\",\"https:\\\/\\\/www.instagram.com\\\/ubirataonline_oficial\",\"https:\\\/\\\/x.com\\\/x.com\\\/ubirataonline\"],\"honorificPrefix\":\"Mr.\",\"honorificSuffix\":\"MD\",\"birthDate\":\"1980-06-16\",\"gender\":\"masculino\",\"award\":[\"V\u00e1rios pr\u00eamios de melhor portal da cidade\"],\"jobTitle\":\"Diretor\",\"url\":\"https:\\\/\\\/ubirataonline.com.br\\\/en\\\/author\\\/ubirataonline\\\/\"},{\"@type\":\"PostalAddress\",\"@id\":\"https:\\\/\\\/ubirataonline.com.br\\\/parana-se-torna-o-4o-estado-com-mais-acoes-contra-o-crime-organizado\\\/#local-main-place-address\",\"streetAddress\":\"Rua dos Coqueiros, 104 - Bairro Boa Vista, Rua dos Coqueiros, 104 Bairro Boa Vista\",\"addressLocality\":\"UBIRATA\",\"postalCode\":\"85440-000\",\"addressRegion\":\"PR\",\"addressCountry\":\"BR\"},{\"@type\":\"ImageObject\",\"inLanguage\":\"en-US\",\"@id\":\"https:\\\/\\\/ubirataonline.com.br\\\/parana-se-torna-o-4o-estado-com-mais-acoes-contra-o-crime-organizado\\\/#local-main-organization-logo\",\"url\":\"https:\\\/\\\/ubirataonline.com.br\\\/wp-content\\\/uploads\\\/2026\\\/06\\\/logoubirataonline-1.webp\",\"contentUrl\":\"https:\\\/\\\/ubirataonline.com.br\\\/wp-content\\\/uploads\\\/2026\\\/06\\\/logoubirataonline-1.webp\",\"width\":500,\"height\":500,\"caption\":\"Ubirat\u00e3 Online Not\u00edcias\"}]}<\/script>\n<meta name=\"geo.placename\" content=\"UBIRATA\" \/>\n<meta name=\"geo.position\" content=\"-24.5361401;-52.9921776\" \/>\n<meta name=\"geo.region\" content=\"Brazil\" \/>\n<!-- \/ Yoast SEO Premium plugin. -->","yoast_head_json":{"title":"Paran\u00e1 se torna o 4\u00ba estado com mais a\u00e7\u00f5es contra o crime organizado - Ubirat\u00e3 Online Not\u00edcias - A realidade ao seu alcance!","description":"No Paran\u00e1, 1.788 novos casos relacionados a organiza\u00e7\u00f5es criminosas chegaram ao Poder Judici\u00e1rio, em 2025, segundo dados do Conselho Nacional de Justi\u00e7a","robots":{"index":"index","follow":"follow","max-snippet":"max-snippet:-1","max-image-preview":"max-image-preview:large","max-video-preview":"max-video-preview:-1"},"canonical":"https:\/\/ubirataonline.com.br\/en\/parana-se-torna-o-4o-estado-com-mais-acoes-contra-o-crime-organizado\/","og_locale":"en_US","og_type":"article","og_title":"Paran\u00e1 se torna o 4\u00ba estado com mais a\u00e7\u00f5es contra o crime organizado","og_description":"No Paran\u00e1, 1.788 novos casos relacionados a organiza\u00e7\u00f5es criminosas chegaram ao Poder Judici\u00e1rio, em 2025, segundo dados do Conselho Nacional de Justi\u00e7a","og_url":"https:\/\/ubirataonline.com.br\/en\/parana-se-torna-o-4o-estado-com-mais-acoes-contra-o-crime-organizado\/","og_site_name":"Ubirat\u00e3 Online Not\u00edcias - A realidade ao seu alcance!","article_publisher":"https:\/\/www.facebook.com\/portalubirataonline","article_author":"https:\/\/www.facebook.com\/portalubirataonline","article_published_time":"2026-05-14T06:43:07+00:00","article_modified_time":"2026-05-14T06:43:11+00:00","og_image":[{"width":2560,"height":1707,"url":"https:\/\/ubirataonline.com.br\/wp-content\/uploads\/2026\/05\/Parana-se-torna-o-4o-estado-com-mais-acoes-contra.jpg","type":"image\/jpeg"}],"author":"REDA\u00c7\u00c3O: UBIRAT\u00c3 ONLINE - F\u00c1BIO AUGUSTO CELESTINO","twitter_card":"summary_large_image","twitter_creator":"@x.com\/ubirataonline","twitter_site":"@ubirataonline","twitter_misc":{"Written by":"REDA\u00c7\u00c3O: UBIRAT\u00c3 ONLINE - F\u00c1BIO AUGUSTO CELESTINO","Est. reading time":"8 minutes"},"schema":{"@context":"https:\/\/schema.org","@graph":[{"@type":"NewsArticle","@id":"https:\/\/ubirataonline.com.br\/parana-se-torna-o-4o-estado-com-mais-acoes-contra-o-crime-organizado\/#article","isPartOf":{"@id":"https:\/\/ubirataonline.com.br\/parana-se-torna-o-4o-estado-com-mais-acoes-contra-o-crime-organizado\/"},"author":{"name":"REDA\u00c7\u00c3O: UBIRAT\u00c3 ONLINE - F\u00c1BIO AUGUSTO CELESTINO","@id":"https:\/\/ubirataonline.com.br\/#\/schema\/person\/372f87bbd3fdd79b8556b84c98d0bc1c"},"headline":"Paran\u00e1 se torna o 4\u00ba estado com mais a\u00e7\u00f5es contra o crime organizado","datePublished":"2026-05-14T06:43:07+00:00","dateModified":"2026-05-14T06:43:11+00:00","mainEntityOfPage":{"@id":"https:\/\/ubirataonline.com.br\/parana-se-torna-o-4o-estado-com-mais-acoes-contra-o-crime-organizado\/"},"wordCount":1534,"publisher":{"@id":"https:\/\/ubirataonline.com.br\/#organization"},"image":{"@id":"https:\/\/ubirataonline.com.br\/parana-se-torna-o-4o-estado-com-mais-acoes-contra-o-crime-organizado\/#primaryimage"},"thumbnailUrl":"https:\/\/ubirataonline.com.br\/wp-content\/uploads\/2026\/05\/Parana-se-torna-o-4o-estado-com-mais-acoes-contra.jpg","keywords":["4\u00ba","a\u00e7\u00f5es","contra","Crime","estado","mais","organizado","paran\u00e1","torna"],"articleSection":["Ubirat\u00e3"],"inLanguage":"en-US","copyrightYear":"2026","copyrightHolder":{"@id":"https:\/\/ubirataonline.com.br\/en\/#organization"}},{"@type":"WebPage","@id":"https:\/\/ubirataonline.com.br\/parana-se-torna-o-4o-estado-com-mais-acoes-contra-o-crime-organizado\/","url":"https:\/\/ubirataonline.com.br\/parana-se-torna-o-4o-estado-com-mais-acoes-contra-o-crime-organizado\/","name":"Paran\u00e1 se torna o 4\u00ba estado com mais a\u00e7\u00f5es contra o crime organizado - Ubirat\u00e3 Online Not\u00edcias - A realidade ao seu alcance!","isPartOf":{"@id":"https:\/\/ubirataonline.com.br\/#website"},"primaryImageOfPage":{"@id":"https:\/\/ubirataonline.com.br\/parana-se-torna-o-4o-estado-com-mais-acoes-contra-o-crime-organizado\/#primaryimage"},"image":{"@id":"https:\/\/ubirataonline.com.br\/parana-se-torna-o-4o-estado-com-mais-acoes-contra-o-crime-organizado\/#primaryimage"},"thumbnailUrl":"https:\/\/ubirataonline.com.br\/wp-content\/uploads\/2026\/05\/Parana-se-torna-o-4o-estado-com-mais-acoes-contra.jpg","datePublished":"2026-05-14T06:43:07+00:00","dateModified":"2026-05-14T06:43:11+00:00","description":"No Paran\u00e1, 1.788 novos casos relacionados a organiza\u00e7\u00f5es criminosas chegaram ao Poder Judici\u00e1rio, em 2025, segundo dados do Conselho Nacional de Justi\u00e7a","breadcrumb":{"@id":"https:\/\/ubirataonline.com.br\/parana-se-torna-o-4o-estado-com-mais-acoes-contra-o-crime-organizado\/#breadcrumb"},"inLanguage":"en-US","potentialAction":[{"@type":"ReadAction","target":["https:\/\/ubirataonline.com.br\/parana-se-torna-o-4o-estado-com-mais-acoes-contra-o-crime-organizado\/"]}]},{"@type":"ImageObject","inLanguage":"en-US","@id":"https:\/\/ubirataonline.com.br\/parana-se-torna-o-4o-estado-com-mais-acoes-contra-o-crime-organizado\/#primaryimage","url":"https:\/\/ubirataonline.com.br\/wp-content\/uploads\/2026\/05\/Parana-se-torna-o-4o-estado-com-mais-acoes-contra.jpg","contentUrl":"https:\/\/ubirataonline.com.br\/wp-content\/uploads\/2026\/05\/Parana-se-torna-o-4o-estado-com-mais-acoes-contra.jpg","width":2560,"height":1707,"caption":"Guaratuba, 30 de junho de 2021. Opera\u00e7\u00e3o For\u00e7a e Honra do GAECO."},{"@type":"BreadcrumbList","@id":"https:\/\/ubirataonline.com.br\/parana-se-torna-o-4o-estado-com-mais-acoes-contra-o-crime-organizado\/#breadcrumb","itemListElement":[{"@type":"ListItem","position":1,"name":"In\u00edcio","item":"https:\/\/ubirataonline.com.br\/"},{"@type":"ListItem","position":2,"name":"Paran\u00e1 se torna o 4\u00ba estado com mais a\u00e7\u00f5es contra o crime organizado"}]},{"@type":"WebSite","@id":"https:\/\/ubirataonline.com.br\/#website","url":"https:\/\/ubirataonline.com.br\/","name":"Ubirat\u00e3 Online Not\u00edcias","description":"Not\u00edcias de Ubirat\u00e3, regi\u00e3o, Brasil e mundo, com informa\u00e7\u00e3o atualizada e compromisso com o leitor.","publisher":{"@id":"https:\/\/ubirataonline.com.br\/#organization"},"alternateName":"Ubirat\u00e3 Online","potentialAction":[{"@type":"SearchAction","target":{"@type":"EntryPoint","urlTemplate":"https:\/\/ubirataonline.com.br\/?s={search_term_string}"},"query-input":{"@type":"PropertyValueSpecification","valueRequired":true,"valueName":"search_term_string"}}],"inLanguage":"en-US"},{"@type":["Organization","Place"],"@id":"https:\/\/ubirataonline.com.br\/#organization","name":"Ubirat\u00e3 Online Not\u00edcias","alternateName":"Ubirat\u00e3 Online","url":"https:\/\/ubirataonline.com.br\/","logo":{"@id":"https:\/\/ubirataonline.com.br\/parana-se-torna-o-4o-estado-com-mais-acoes-contra-o-crime-organizado\/#local-main-organization-logo"},"image":{"@id":"https:\/\/ubirataonline.com.br\/parana-se-torna-o-4o-estado-com-mais-acoes-contra-o-crime-organizado\/#local-main-organization-logo"},"sameAs":["https:\/\/www.facebook.com\/portalubirataonline","https:\/\/x.com\/ubirataonline","https:\/\/mastodon.social\/@ubirataonline","https:\/\/www.facebook.com\/groups\/311144672285604","https:\/\/www.facebook.com\/UBTAOnline","https:\/\/www.instagram.com\/portalubirataonline\/","https:\/\/twitter.com\/ubirataonline"],"description":"Somos um portal de not\u00edcias independente, criado em 5 de janeiro de 2009, com o objetivo de informar, conectar e valorizar a nossa comunidade de Ubirat\u00e3 e toda aregi\u00e3o. Com conte\u00fado atualizado, confi\u00e1vel e relevante, o Ubirat\u00e3 Online \u00e9 o seu espa\u00e7o para ficar por dentro dos principais acontecimentos locais, regionais, Brasil, Mundo e de interesse geral. Nosso compromisso \u00e9 com a verdade, a transpar\u00eancia e o respeito ao leitor.","legalName":"UBIRATA ONLINE NOT\u00cdCIAS","foundingDate":"2009-01-05","numberOfEmployees":{"@type":"QuantitativeValue","minValue":"1","maxValue":"10"},"publishingPrinciples":"https:\/\/ubirataonline.com.br\/faq\/","address":{"@id":"https:\/\/ubirataonline.com.br\/parana-se-torna-o-4o-estado-com-mais-acoes-contra-o-crime-organizado\/#local-main-place-address"},"geo":{"@type":"GeoCoordinates","latitude":"-24.5361401","longitude":"-52.9921776"},"telephone":["+5544998308235"],"contactPoint":{"@type":"ContactPoint","email":"contato@ubirataonline.com.br"},"openingHoursSpecification":{"@type":"OpeningHoursSpecification","dayOfWeek":["Monday","Tuesday","Wednesday","Thursday","Friday","Saturday","Sunday"],"opens":"00:00","closes":"23:59"},"email":"contato@ubirataonline.com.br","vatID":"47.621.418\/0001-80"},{"@type":"Person","@id":"https:\/\/ubirataonline.com.br\/#\/schema\/person\/372f87bbd3fdd79b8556b84c98d0bc1c","name":"REDA\u00c7\u00c3O: UBIRAT\u00c3 ONLINE - F\u00c1BIO AUGUSTO CELESTINO","pronouns":"Ele","description":"Desde 2003 trabalhando com not\u00edcias.","sameAs":["http:\/\/ubirataoline.com.br","https:\/\/www.facebook.com\/portalubirataonline","https:\/\/www.instagram.com\/ubirataonline_oficial","https:\/\/x.com\/x.com\/ubirataonline"],"honorificPrefix":"Mr.","honorificSuffix":"MD","birthDate":"1980-06-16","gender":"masculino","award":["V\u00e1rios pr\u00eamios de melhor portal da cidade"],"jobTitle":"Diretor","url":"https:\/\/ubirataonline.com.br\/en\/author\/ubirataonline\/"},{"@type":"PostalAddress","@id":"https:\/\/ubirataonline.com.br\/parana-se-torna-o-4o-estado-com-mais-acoes-contra-o-crime-organizado\/#local-main-place-address","streetAddress":"Rua dos Coqueiros, 104 - Bairro Boa Vista, Rua dos Coqueiros, 104 Bairro Boa Vista","addressLocality":"UBIRATA","postalCode":"85440-000","addressRegion":"PR","addressCountry":"BR"},{"@type":"ImageObject","inLanguage":"en-US","@id":"https:\/\/ubirataonline.com.br\/parana-se-torna-o-4o-estado-com-mais-acoes-contra-o-crime-organizado\/#local-main-organization-logo","url":"https:\/\/ubirataonline.com.br\/wp-content\/uploads\/2026\/06\/logoubirataonline-1.webp","contentUrl":"https:\/\/ubirataonline.com.br\/wp-content\/uploads\/2026\/06\/logoubirataonline-1.webp","width":500,"height":500,"caption":"Ubirat\u00e3 Online Not\u00edcias"}]},"geo.placename":"UBIRATA","geo.position":{"lat":"-24.5361401","long":"-52.9921776"},"geo.region":"Brazil"},"_links":{"self":[{"href":"https:\/\/ubirataonline.com.br\/en\/wp-json\/wp\/v2\/posts\/129297","targetHints":{"allow":["GET"]}}],"collection":[{"href":"https:\/\/ubirataonline.com.br\/en\/wp-json\/wp\/v2\/posts"}],"about":[{"href":"https:\/\/ubirataonline.com.br\/en\/wp-json\/wp\/v2\/types\/post"}],"author":[{"embeddable":true,"href":"https:\/\/ubirataonline.com.br\/en\/wp-json\/wp\/v2\/users\/1"}],"replies":[{"embeddable":true,"href":"https:\/\/ubirataonline.com.br\/en\/wp-json\/wp\/v2\/comments?post=129297"}],"version-history":[{"count":0,"href":"https:\/\/ubirataonline.com.br\/en\/wp-json\/wp\/v2\/posts\/129297\/revisions"}],"wp:featuredmedia":[{"embeddable":true,"href":"https:\/\/ubirataonline.com.br\/en\/wp-json\/wp\/v2\/media\/129298"}],"wp:attachment":[{"href":"https:\/\/ubirataonline.com.br\/en\/wp-json\/wp\/v2\/media?parent=129297"}],"wp:term":[{"taxonomy":"category","embeddable":true,"href":"https:\/\/ubirataonline.com.br\/en\/wp-json\/wp\/v2\/categories?post=129297"},{"taxonomy":"post_tag","embeddable":true,"href":"https:\/\/ubirataonline.com.br\/en\/wp-json\/wp\/v2\/tags?post=129297"}],"curies":[{"name":"wp","href":"https:\/\/api.w.org\/{rel}","templated":true}]}}