{"id":129433,"date":"2026-05-14T08:46:09","date_gmt":"2026-05-14T11:46:09","guid":{"rendered":"https:\/\/ubirataonline.com.br\/falecimentos-em-curitiba-obituario-desta-quinta-feira-14-05-2026\/"},"modified":"2026-05-14T08:46:11","modified_gmt":"2026-05-14T11:46:11","slug":"falecimentos-em-curitiba-obituario-desta-quinta-feira-14-05-2026","status":"publish","type":"post","link":"https:\/\/ubirataonline.com.br\/en\/falecimentos-em-curitiba-obituario-desta-quinta-feira-14-05-2026\/","title":{"rendered":"Falecimentos em Curitiba; Obitu\u00e1rio desta quinta-feira, 14\/05\/2026"},"content":{"rendered":"<p><\/p>\n<div id=\"post-content\">\n<p><strong>AGNELO BATISTA FILHO, <\/strong>68 ano(s). Profiss\u00e3o: CHEFE. Filia\u00e7\u00e3o: AGNELO BATISTA e ISABEL PINTO. Sepultamento: MUNICIPAL \u00c1GUA VERDE, quarta-feira, 13 de maio de 2026 \u00e0s 17:00h. Data do Falecimento: 13\/05\/2026. <\/p>\n<p><strong>AGOSTINHO SILVERIO MEIRA, <\/strong>79 ano(s). Profiss\u00e3o: FUNCION\u00c1RIO P\u00daBLICO MUNICIPAL. C\u00f4njuge: MARIA JOSE MEIRA. Filia\u00e7\u00e3o: ANTONIO MEIRA e MARIA SILVERIO PEREIRA. Sepultamento: MUNICIPAL SANTA CANDIDA, quinta-feira, 14 de maio de 2026 \u00e0s 17:00h. Data do Falecimento: 13\/05\/2026. <\/p>\n<p><strong>ANNA EDUARDA GONCALVES CRUZ, <\/strong>35 ano(s). Profiss\u00e3o: PSIC\u00d3LOGO(A). Filia\u00e7\u00e3o: JOSE EDUARDO STEVAN CRUZ e ADRIANE RITTER GONCALVES. Sepultamento: A DEFINIR, quinta-feira, 14 de maio de 2026 \u00e0s 17:00h. Data do Falecimento: 14\/05\/2026. <\/p>\n<p><strong>ANTENOR ELIZIO DE SOUZA, <\/strong>86 ano(s). Profiss\u00e3o: MAQUINISTA. C\u00f4njuge: TEREZA DE JESUS. Filia\u00e7\u00e3o: JOSE PEDRO DE SOUZA SANTOS e ELIZIA ROSA DE SOUZ. Sepultamento: (CURITIBA) CEMIT\u00c9RIO PAROQUIAL COL\u00d4NIA ORLEANS, quinta-feira, 14 de maio de 2026 \u00e0s 16:30h. Data do Falecimento: 14\/05\/2026. <\/p>\n<p><strong>ANTONIO BOMFIM, <\/strong>90 ano(s). Profiss\u00e3o: POLICIAL MILITAR. C\u00f4njuge: GIRLENE LOIOLA JACANUTTI BOMFIM. Filia\u00e7\u00e3o: JULIO BOMFIM e ROSA DOS SANTOS BOMFIM. Sepultamento: MUNICIPAL SANTA CANDIDA, quinta-feira, 14 de maio de 2026 \u00e0s 16:30h. Data do Falecimento: 13\/05\/2026. <\/p>\n<p><strong>ANTONIO FRANCISCO DE SENA, <\/strong>59 ano(s). Profiss\u00e3o: METAL\u00daRGICO. Filia\u00e7\u00e3o: JOAQUIM CICERO DE SENA e BNEVINUTA ANTONIA DE JESUS SENA. Sepultamento: (CURITIBA) VERTICAL, quinta-feira, 14 de maio de 2026 \u00e0s 15:00h. Data do Falecimento: 13\/05\/2026. <\/p>\n<p><strong>ARI DE SOUZA, <\/strong>58 ano(s). Profiss\u00e3o: JARDINEIRO. Filia\u00e7\u00e3o: SEBASTIAO SABINO DE SOUZA e MARIA ROSARIA VICENTE DE SOUZA. Sepultamento: (CURITIBA) PAROQUIAL S\u00c3O MARCOS, quinta-feira, 14 de maio de 2026 \u00e0s 16:00h. Data do Falecimento: 13\/05\/2026. <\/p>\n<p><strong>CARMEN MARIA FRANCIOSI DE LIMA, <\/strong>89 ano(s). Profiss\u00e3o: PROFESSOR(A). C\u00f4njuge: NICANOR DE LIMA. Filia\u00e7\u00e3o: ALBINO FRANCIOSI e DELVINA ASSONI. Sepultamento: (CURITIBA) VERTICAL, quinta-feira, 14 de maio de 2026 \u00e0s 17:00h. Data do Falecimento: 13\/05\/2026. <\/p>\n<p><strong>CLEA MATTAR ANDREATA, <\/strong>85 ano(s). Profiss\u00e3o: DO LAR. C\u00f4njuge: DIRCEU DE CASTRO ANDREATTA. Filia\u00e7\u00e3o: WALDOMIRO MATTAR e JUVENTINA MATTAR. Sepultamento: (S.J.DOS PINHAIS) CEMITERIO MEMORIAL DA VIDA, quarta-feira, 13 de maio de 2026 \u00e0s 16:00h. Data do Falecimento: 13\/05\/2026. <\/p>\n<p><strong>DARCI PAULO LAUTERT, <\/strong>83 ano(s). Profiss\u00e3o: PORTEIRO(A). C\u00f4njuge: ANAIR OSTRUFK LAUTERT. Filia\u00e7\u00e3o: ALFREDO LAUTERT e ELFRIDA WINK. Sepultamento: (CURITIBA) VERTICAL, quinta-feira, 14 de maio de 2026 \u00e0s 10:30h. Data do Falecimento: 13\/05\/2026. <\/p>\n<p><strong>DENOIL JOSE DE OLIVEIRA, <\/strong>65 ano(s). Profiss\u00e3o: PORTEIRO(A). C\u00f4njuge: CATARINA OSSAXCZ DE OLIVEIRA. Filia\u00e7\u00e3o: DARIO DE OLIVEIRA e OTILIA MORAES DE OLIVEIRA. Sepultamento: (AL.TAMANDAR\u00c9) CEMIT\u00c9RIO VATICANO, sexta-feira, 15 de maio de 2026 \u00e0s 10:00h. Data do Falecimento: 14\/05\/2026. <\/p>\n<p><strong>DIVANDIR VICELLI, <\/strong>86 ano(s). Profiss\u00e3o: DO LAR. Filia\u00e7\u00e3o: PEDRO ARTHUR VICELLI e MARIA CATARINA VICELLI. Sepultamento: MUNICIPAL \u00c1GUA VERDE, quarta-feira, 13 de maio de 2026 \u00e0s 17:00h. Data do Falecimento: 13\/05\/2026. <\/p>\n<p><strong>DONIZETTI VICENTE DA SILVA, <\/strong>65 ano(s). Profiss\u00e3o: AUTONOMO. C\u00f4njuge: DORALINA DE FATIMA DAS DORES. Filia\u00e7\u00e3o: LONGUINHO VICENTE DA SILVA e ANTONIA PEDROSO DA SILVA. Sepultamento: (CURITIBA) PARQUE S\u00c3O PEDRO, quinta-feira, 14 de maio de 2026 \u00e0s 17:00h. Data do Falecimento: 13\/05\/2026. <\/p>\n<p><strong>DORACY ANDREATTA LIPSKI, <\/strong>93 ano(s). Profiss\u00e3o: COSTUREIRO(A). Filia\u00e7\u00e3o: RICIERE ANDREATTA e BENEDITA ALVES DE MIRANDA. Sepultamento: CREMAT\u00d3RIO MEMORIAL DA VIDA (S.J.DOS PINHAIS), quinta-feira, 14 de maio de 2026 \u00e0s 16:00h. Data do Falecimento: 13\/05\/2026. <\/p>\n<p><strong>ELENA FOLTRAN, <\/strong>81 ano(s). Profiss\u00e3o: DO LAR. C\u00f4njuge: ANTONIO CARLOS FOLTRAN. Filia\u00e7\u00e3o: JOAO BILOBRAM e MARIA CHIMUDA. Sepultamento: (PINHAIS) CEMIT\u00c9RIO JARDIM DA SAUDADE\/PINHAIS, quinta-feira, 14 de maio de 2026 \u00e0s 15:00h. Data do Falecimento: 13\/05\/2026. <\/p>\n<p><strong>ELIZABETH DE SOUZA WEBER, <\/strong>71 ano(s). Profiss\u00e3o: FISIOTERAPEUTA. C\u00f4njuge: LUIZ FERNANDO WEBER. Filia\u00e7\u00e3o: JOAO FRANCISCO DE SOUZA e MARIA AFONSINA DE JESUS. Sepultamento: (CURITIBA) CEMIT\u00c9RIO PAROQUIAL CAMPO COMPRIDO, quinta-feira, 14 de maio de 2026 \u00e0s 17:00h. Data do Falecimento: 13\/05\/2026. <\/p>\n<p><strong>ELOI ALMEIDA DE LIMA, <\/strong>75 ano(s). Profiss\u00e3o: MOTORISTA. Filia\u00e7\u00e3o: FRANCISCO FERREIRA DE LIMA e MARIA ALMEIDA DE LIMA. Sepultamento: (S.J.DOS PINHAIS) CEM. MUNICIPAL S\u00c3O JO\u00c3O BATISTA, quinta-feira, 14 de maio de 2026 \u00e0s 16:00h. Data do Falecimento: 13\/05\/2026. <\/p>\n<p><strong>ERMIDE CARLETTO CERON, <\/strong>93 ano(s). Profiss\u00e3o: DO LAR. Filia\u00e7\u00e3o: ANTONIO CARLETO e ANNA CARLETTO. Sepultamento: (CURITIBA) CEMIT\u00c9RIO PAROQUIAL SANTA C\u00c2NDIDA, quarta-feira, 13 de maio de 2026 \u00e0s 16:30h. Data do Falecimento: 13\/05\/2026. <\/p>\n<p><strong>GUARACI ANTONIO ESCORSIN, <\/strong>73 ano(s). Profiss\u00e3o: ENGENHEIRO(A) QU\u00cdMICO. Filia\u00e7\u00e3o: ALTHAIR ANTHERO ESCORSIN e IVANETE INGLEZINA MENEGUSSO ESCORSIN. Sepultamento: (CURITIBA) PARQUE IGUA\u00c7U, quinta-feira, 14 de maio de 2026 \u00e0s 11:00h. Data do Falecimento: 13\/05\/2026. <\/p>\n<p><strong>GUILHERMINA BARBOSA RIBAS, <\/strong>79 ano(s). Profiss\u00e3o: DO LAR. Filia\u00e7\u00e3o: DAMASIO BARBOSA RIBAS e ARACI DE LIMA RIBAS. Sepultamento: CREMAT\u00d3RIO LUTO CURITIBA (FAZENDA RIO GRANDE), quinta-feira, 14 de maio de 2026 \u00e0s 21:00h. Data do Falecimento: 13\/05\/2026. <\/p>\n<p><strong>HARVEY FREDERICO SCHLENKER, <\/strong>68 ano(s). Profiss\u00e3o: FUNCION\u00c1RIO P\u00daBLICO ESTADUAL. C\u00f4njuge: SUELEN MARQUARDT. Filia\u00e7\u00e3o: HARVED JOAO SCHLENKER e HARVEY FREDERICO SCHLENKER. Sepultamento: CREMAT\u00d3RIO VATICANO (ALMIRANTE TAMANDAR\u00c9-PR), quinta-feira, 14 de maio de 2026 \u00e0s 11:00h. Data do Falecimento: 13\/05\/2026. <\/p>\n<p><strong>HELENA FERNANDES DE SOUZA, <\/strong>62 ano(s). Profiss\u00e3o: DO LAR. C\u00f4njuge: PAULO RENATO DE SOUZA. Filia\u00e7\u00e3o: OLINDA FERNANDES. Sepultamento: CEMIT\u00c9RIO JD ETERNO \u2013 PARANAGU\u00c1 PR, quinta-feira, 14 de maio de 2026. Data do Falecimento: 13\/05\/2026. <\/p>\n<p><strong>ILAIR TEREZINHA ALVES GONCALVES, <\/strong>75 ano(s). Profiss\u00e3o: PROFESSOR(A). Filia\u00e7\u00e3o: FRANCISCO ALVES GONCALVES e ROSA FURQUIM GONCALVES. Sepultamento: (COLOMBO) CEMIT\u00c9RIO PAROQUIAL NOSSA SRA DO ROSARIO, quinta-feira, 14 de maio de 2026 \u00e0s 16:00h. Data do Falecimento: 13\/05\/2026. <\/p>\n<p><strong>IOLANDA MENDES MAZURKIEVIZ, <\/strong>83 ano(s). Profiss\u00e3o: DO LAR. C\u00f4njuge: RUI LADISLAU MAZURKIEVIZ. Filia\u00e7\u00e3o: ALFREDO MENDES e FRIDA MENDES. Sepultamento: (CURITIBA) VERTICAL, quinta-feira, 14 de maio de 2026 \u00e0s 16:30h. Data do Falecimento: 13\/05\/2026. <\/p>\n<p><strong>IRIS IGNES DI GIOVANI, <\/strong>93 ano(s). Profiss\u00e3o: PREPARADOR(A). Filia\u00e7\u00e3o: BORTOLIN BORTOLOTO e MARIA BORTOLOTO. Sepultamento: (CURITIBA) PARQUE IGUA\u00c7U, quarta-feira, 13 de maio de 2026 \u00e0s 17:00h. Data do Falecimento: 13\/05\/2026. <\/p>\n<p><strong>JANDERSON VELOSO BENTO, <\/strong>29 ano(s). Profiss\u00e3o: ATENDENTE. Filia\u00e7\u00e3o: OQUIMAR VELOSO BENTO e MARLENE VELOSO DO NASCIMENTO. Sepultamento: MUNICIOAL S\u00c3O JOAO BHATISTA, quinta-feira, 14 de maio de 2026. Data do Falecimento: 13\/05\/2026. <\/p>\n<p><strong>JOAO CARLOS MACHADO, <\/strong>74 ano(s). Profiss\u00e3o: ARQUITETO(A). Filia\u00e7\u00e3o: JOSE ABILIO MACHADO e ROSE MARY OGG MACHADO. Sepultamento: CREMAT\u00d3RIO VERTICAL (CURITIBA), quinta-feira, 14 de maio de 2026 \u00e0s 11:30h. Data do Falecimento: 13\/05\/2026. <\/p>\n<p><strong>JOAO LUIS IGERSKI DAS NEVES, <\/strong>50 ano(s). Profiss\u00e3o: OPERADOR(A) EMPILHADEIRA. Filia\u00e7\u00e3o: JOAO MARIA FERREIRA DAS NEVES e MARIA LUIZA IGERSKI DAS NEVES. Sepultamento: (S.J.DOS PINHAIS) CEMIT\u00c9RIO PQ SR DO BONFIM, quinta-feira, 14 de maio de 2026 \u00e0s 16:30h. Data do Falecimento: 13\/05\/2026. <\/p>\n<p><strong>JOAO NIVALDO DE OLIVEIRA, <\/strong>59 ano(s). Profiss\u00e3o: AUXILIAR SERVI\u00c7OS GERAIS. Filia\u00e7\u00e3o: ANTONIO PIRES DE OLIVEIRA e ALCINDA MIRANDA DE OLIVEIRA. Sepultamento: (PINHAIS) CREMAT\u00d3RIO JARDIM DA SAUDADE, quinta-feira, 14 de maio de 2026 \u00e0s 10:00h. Data do Falecimento: 13\/05\/2026. <\/p>\n<p><strong>JOSE BELARMINO VIEIRA, <\/strong>78 ano(s). Profiss\u00e3o: METAL\u00daRGICO. Filia\u00e7\u00e3o: ANTONIO PEDRO VIEIRA e ISABEL PAULINO DOS SANTOS. Sepultamento: (FAZENDA RIO GRANDE) CEMIT\u00c9RIO MUNICIPAL FAZENDA RIO GRANDE, quinta-feira, 14 de maio de 2026. Data do Falecimento: 13\/05\/2026. <\/p>\n<p><strong>JOSIANE CRISTINA ANTONIEVICZ, <\/strong>51 ano(s). Profiss\u00e3o: VENDEDOR(A). C\u00f4njuge: JOSE BAPTISTA SILVA NETO. Filia\u00e7\u00e3o: LINDOLFO ANTONIEVICZ e LENIR ANTONIEVICZ. Sepultamento: MUNICIPAL BOQUEIR\u00c3O, quinta-feira, 14 de maio de 2026 \u00e0s 17:00h. Data do Falecimento: 13\/05\/2026. <\/p>\n<p><strong>JOSMAR MARCELO OBEREK, <\/strong>56 ano(s). Profiss\u00e3o: AUXILIAR. Filia\u00e7\u00e3o: SILVESTRE OBEREK e CELIA MARIA OBEREK. Sepultamento: MUNICIPAL DA CIDADE DE ORIGEM, quarta-feira, 13 de maio de 2026 \u00e0s 17:00h. Data do Falecimento: 13\/05\/2026. <\/p>\n<p><strong>JOVINO JOSE DOS SANTOS, <\/strong>91 ano(s). Profiss\u00e3o: MILITAR. C\u00f4njuge: MARIA DE JESUS DOS SANTOS. Filia\u00e7\u00e3o: JESUINO JOSE DOS SANTOS e BELARMINA MARIA DE JESUS. Sepultamento: (CURITIBA) CEMIT\u00c9RIO JARDIM DA SAUDADE \u2013 CURITIBA, quinta-feira, 14 de maio de 2026 \u00e0s 11:30h. Data do Falecimento: 14\/05\/2026. <\/p>\n<p><strong>LOURIVAL MARTINS, <\/strong>95 ano(s). Profiss\u00e3o: EMPRESARIO(A). C\u00f4njuge: ROSA NETTO MARTINS. Filia\u00e7\u00e3o: PEDRO MARTINS e VENTURA GARCIA. Sepultamento: MUNICIPAL DE GOIOERE, quinta-feira, 14 de maio de 2026 \u00e0s 17:00h. Data do Falecimento: 13\/05\/2026. <\/p>\n<p><strong>LUIZ FERNANDO SCHADLICK, <\/strong>72 ano(s). Profiss\u00e3o: MOTORISTA. C\u00f4njuge: LUCINDA ZELMA SCHADLICK. Filia\u00e7\u00e3o: MAX FREDERICO SCHADLICK e ALTAMIRA JUDITH SCHADLICK. Sepultamento: MUNICIPAL \u00c1GUA VERDE, quinta-feira, 14 de maio de 2026 \u00e0s 16:30h. Data do Falecimento: 13\/05\/2026. <\/p>\n<p><strong>MARCOS ANTONIO DOUBEK DE LIMA, <\/strong>70 ano(s). Profiss\u00e3o: AUTONOMO. Filia\u00e7\u00e3o: JOAO ANTONIO DE LIMA e IONE DOUBEK DE LIMA. Sepultamento: CREMAT\u00d3RIO VATICANO (ALMIRANTE TAMANDAR\u00c9-PR), quinta-feira, 14 de maio de 2026 \u00e0s 14:00h. Data do Falecimento: 13\/05\/2026. <\/p>\n<p><strong>MARIA DE LOURDES CUNHA LUIZ, <\/strong>65 ano(s). Profiss\u00e3o: DO LAR. Filia\u00e7\u00e3o: LAZARO BENEDICTO DA CUNHA e MARIANA DO PRADO CUNHA. Sepultamento: (S.J.DOS PINHAIS) CEMIT\u00c9RIO PQ SR DO BONFIM, quinta-feira, 14 de maio de 2026 \u00e0s 15:00h. Data do Falecimento: 13\/05\/2026. <\/p>\n<p><strong>MARIA DE LOURDES SOUZA DE ANDRADE, <\/strong>95 ano(s). Profiss\u00e3o: AUXILIAR SERVI\u00c7OS GERAIS. C\u00f4njuge: AIRTON DE ANDRADE. Filia\u00e7\u00e3o: ANTONIO MACHADO DE SOUZA e JOSEFA MACHADO DE SOUZA. Sepultamento: (PIRAQUARA) CEMIT\u00c9RIO MUNICIPAL BOM JESUS DOS PASSOS, quinta-feira, 14 de maio de 2026 \u00e0s 16:30h. Data do Falecimento: 13\/05\/2026. <\/p>\n<p><strong>MARIA HELENA ZANATO DA SILVA, <\/strong>73 ano(s). C\u00f4njuge: ADILSON PEDRO DA SILVA. Filia\u00e7\u00e3o: ARMANDO ZANATO e IRACEMA LUIZA GOELLNER ZANATO. Sepultamento: (AL.TAMANDAR\u00c9) CEMIT\u00c9RIO VATICANO, quinta-feira, 14 de maio de 2026 \u00e0s 13:00h. Data do Falecimento: 13\/05\/2026. <\/p>\n<p><strong>MARIA JOSE DA SILVA GONCALVES, <\/strong>78 ano(s). Profiss\u00e3o: DO LAR. Filia\u00e7\u00e3o: MARCIANO ROMUALDO DA SILVA e GEORGINA DA COSTA SILVA. Sepultamento: (PINHAIS) CREMAT\u00d3RIO JARDIM DA SAUDADE, quinta-feira, 14 de maio de 2026 \u00e0s 11:00h. Data do Falecimento: 13\/05\/2026. <\/p>\n<p><strong>MILTON JOSE MARCELO, <\/strong>40 ano(s). Filia\u00e7\u00e3o: ANTONIA MARIA MARCELO. Sepultamento: (CURITIBA) VERTICAL, quinta-feira, 14 de maio de 2026 \u00e0s 09:00h. Data do Falecimento: 13\/05\/2026. <\/p>\n<p><strong>OSVALDO RODRIGUES NOGUEIRA, <\/strong>62 ano(s). Profiss\u00e3o: PEDREIRO. Filia\u00e7\u00e3o: PACIFICO RODRIGUES NOGUEIRA e JOSELITA MARCELINA DE JESUS. Sepultamento: (S.J.DOS PINHAIS) CEMITERIO MEMORIAL DA VIDA, quinta-feira, 14 de maio de 2026 \u00e0s 14:00h. Data do Falecimento: 13\/05\/2026. <\/p>\n<p><strong>PAULINHO DALMAZ, <\/strong>73 ano(s). Profiss\u00e3o: ENGENHEIRO(A) CIVIL. C\u00f4njuge: VANIA LUIZA. Filia\u00e7\u00e3o: ANDREA DALMAZ e IDALINA ROVEDA DALMAZ. Sepultamento: (CURITIBA) PARQUE IGUA\u00c7U, quinta-feira, 14 de maio de 2026 \u00e0s 15:00h. Data do Falecimento: 13\/05\/2026. <\/p>\n<p><strong>PAULO ROBERTO POLICENO DE SOUZA BARELLA, <\/strong>72 ano(s). Profiss\u00e3o: MEC\u00c2NICO. C\u00f4njuge: LUCI MEIRA PAYOKI. Filia\u00e7\u00e3o: FORTUNATO BARELLA e EDITH POLICENO DE SOUZA. Sepultamento: (AL.TAMANDAR\u00c9) CEMIT\u00c9RIO VATICANO, quinta-feira, 14 de maio de 2026 \u00e0s 17:00h. Data do Falecimento: 13\/05\/2026. <\/p>\n<p><strong>ROGER HANIEL LOPES, <\/strong>26 ano(s). Profiss\u00e3o: AUXILIAR COZINHA. Filia\u00e7\u00e3o: OSVALDO ANASTACIO LOPES e MARIA CAETANO LOPES. Sepultamento: (CURITIBA) VERTICAL, quinta-feira, 14 de maio de 2026. Data do Falecimento: 13\/05\/2026. <\/p>\n<p><strong>ROSALINA BATISTA RIBEIRO VENTURA, <\/strong>85 ano(s). Profiss\u00e3o: DO LAR. C\u00f4njuge: JOSE REZENE VENTURA. Filia\u00e7\u00e3o: JOAQUIM BATISTA RIBEIRO e LUCILIA BATISTA RIBEIRO. Sepultamento: (S.J.DOS PINHAIS) CEMIT\u00c9RIO PQ SR DO BONFIM, quinta-feira, 14 de maio de 2026 \u00e0s 15:30h. Data do Falecimento: 13\/05\/2026. <\/p>\n<p><strong>ROSE MARIA DA SILVA DA LUZ, <\/strong>78 ano(s). Profiss\u00e3o: COZINHEIRO(A). C\u00f4njuge: JOAO DINIZ. Filia\u00e7\u00e3o: ANAOR RAUL PEREIRA DA SILVA e LUZIA ROSA JANGADA. Sepultamento: MUNICIPAL BOQUEIR\u00c3O, quinta-feira, 14 de maio de 2026 \u00e0s 14:00h. Data do Falecimento: 13\/05\/2026. <\/p>\n<p><strong>SANDRA LUCIA SCHNAIDER LESKA, <\/strong>75 ano(s). Profiss\u00e3o: DO LAR. Filia\u00e7\u00e3o: DJALMA PEDRO SCHNAIDER e NEIDA D OLIVEIRA SCHNAIDER. Sepultamento: CREMAT\u00d3RIO PERPETUO SOCORRO (CAMPO LARGO-PR), quarta-feira, 13 de maio de 2026 \u00e0s 17:00h. Data do Falecimento: 13\/05\/2026. <\/p>\n<p><strong>TERESA ELISA DE LARA, <\/strong>63 ano(s). Profiss\u00e3o: RECEPCIONISTA. C\u00f4njuge: OSMAIR JOSE DE LARA. Filia\u00e7\u00e3o: DIONISIO JOSE DIAS e MARIA CUSTODIA GONCALVES DIAS. Sepultamento: (S.J.DOS PINHAIS) CEMITERIO PEDRO FUSS, quinta-feira, 14 de maio de 2026 \u00e0s 14:30h. Data do Falecimento: 13\/05\/2026. <\/p>\n<p><strong>VERA LUCIA DE AMORIM FORTINI, <\/strong>62 ano(s). Profiss\u00e3o: DO LAR. Filia\u00e7\u00e3o: JUVENTINO DE AMORIM e MARIA TEREZA DE LIMA PEREIRA. Sepultamento: (PINHAIS) COMPLEXO CERIMONIAL DE PINHAIS, quarta-feira, 13 de maio de 2026 \u00e0s 20:00h. Data do Falecimento: 13\/05\/2026. <\/p>\n<section class=\"virals\">\n<article class=\"cardnews cardnews--post cardnews--has-thumbnail cardnews--editorial-noticias\"> <a href=\"https:\/\/www.tribunapr.com.br\/noticias\/parana\/conheca-mel-raro-interior-parana-floradas-especiais-sabor-suave\/?utm_source=noticias-virais-rodape&amp;utm_medium=internal-tribuna&amp;utm_campaign=tribuna\" class=\"cardnews__postlink\"> <\/p>\n<div class=\"cardnews__image\" is-api-thumb=\"\"><\/div>\n<div class=\"cardnews__content cardhome__content\">\n<div class=\"cardnews__content-wrapper\">\n<p> <span style=\"\"> Denomina\u00e7\u00e3o de Origem <\/span> <\/p>\n<p>Conhe\u00e7a o mel raro do interior do Paran\u00e1 que nasce de floradas especiais e tem sabor suave<\/p>\n<\/p><\/div>\n<\/p><\/div>\n<p> <\/a> <\/article>\n<article class=\"cardnews cardnews--post cardnews--has-thumbnail cardnews--editorial-noticias\"> <a href=\"https:\/\/www.tribunapr.com.br\/noticias\/curitiba-regiao\/curitiba-e-a-nova-miami-capital-e-a-que-mais-recebe-cubanos-do-brasil\/?utm_source=noticias-virais-rodape&amp;utm_medium=internal-tribuna&amp;utm_campaign=tribuna\" class=\"cardnews__postlink\"> <\/p>\n<div class=\"cardnews__image\" is-api-thumb=\"\"><img decoding=\"async\" src=\"https:\/\/www.tribunapr.com.br\/wp-content\/uploads\/2026\/04\/02194022\/centro-de-Curitiba-370x210.jpg\" loading=\"lazy\" alt=\"Curitiba \u00e9 a nova Miami: capital paranaense \u00e9 a que mais recebe cubanos do Brasil\"\/><\/div>\n<div class=\"cardnews__content cardhome__content\">\n<div class=\"cardnews__content-wrapper\">\n<p> <span style=\"\"> Imigra\u00e7\u00e3o <\/span> <\/p>\n<p>Curitiba \u00e9 a nova Miami: capital paranaense \u00e9 a que mais recebe cubanos do Brasil<\/p>\n<\/p><\/div>\n<\/p><\/div>\n<p> <\/a> <\/article>\n<article class=\"cardnews cardnews--post cardnews--has-thumbnail cardnews--editorial-noticias\"> <a href=\"https:\/\/www.tribunapr.com.br\/noticias\/parana\/futebol-ajuda-imigrantes-venezuelanos-reconstruir-vinculos-curitiba\/?utm_source=noticias-virais-rodape&amp;utm_medium=internal-tribuna&amp;utm_campaign=tribuna\" class=\"cardnews__postlink\"> <\/p>\n<div class=\"cardnews__image\" is-api-thumb=\"\"><img decoding=\"async\" src=\"https:\/\/www.tribunapr.com.br\/wp-content\/uploads\/2026\/04\/12141044\/liga-venezuela-370x210.jpg\" loading=\"lazy\" alt=\"Futebol ajuda imigrantes venezuelanos a reconstruir v\u00ednculos em Curitiba\"\/><\/div>\n<div class=\"cardnews__content cardhome__content\">\n<div class=\"cardnews__content-wrapper\">\n<p> <span style=\"\"> Paix\u00e3o compartilhada <\/span> <\/p>\n<p>Futebol ajuda imigrantes venezuelanos a reconstruir v\u00ednculos em Curitiba<\/p>\n<\/p><\/div>\n<\/p><\/div>\n<p> <\/a> <\/article>\n<\/section>\n<div id=\"tribuna-follow-cta\">\n<p> <span class=\"cta-title\">Siga a <span class=\"tribuna-color\">Tribuna<\/span> no Google, e acompanhe as \u00faltimas not\u00edcias de Curitiba e regi\u00e3o!<\/span> <\/p>\n<p> <a href=\"https:\/\/profile.google.com\/cp\/CgwvZy8xMmxxajUzM3Mac2h0dHBzOi8vd3d3LnRyaWJ1bmFwci5jb20uYnIvdml2YS92aXRyaW5lL2dpZ2FudGUtZG8tdmVzdHVhcmlvLXJlaW5hdWd1cmEtbG9qYS1lbS1zaG9wcGluZy10cmFkaWNpb25hbC1kZS1jdXJpdGliYS8iElRyaWJ1bmEgZG8gUGFyYW7DoSqAAwrHAWh0dHBzOi8vZW5jcnlwdGVkLXRibjIuZ3N0YXRpYy5jb20vZmF2aWNvbi10Ym4_cT10Ym46QU5kOUdjUVJPbjVDRjR6TzJPbkUwTXZrRlRCRTY2U0g1bGlaVDRaZTV3bWNKeU5GRm1BSnluM01nNU9PR3BXY1pYMzZwYU5HUWtsZ09JVEFLTTNNZVNGbTc1aWp6M3k2ajUtQ3M2b25kX2JUcFFQQkVLd3RsUjBsTmJESnUtVHhrNXQtbFlCNlVpOWZSVVFjT2cSswFodHRwczovL2VuY3J5cHRlZC10Ym4zLmdzdGF0aWMuY29tL2Zhdmljb24tdGJuP3E9dGJuJTNBQU5kOUdjU0FMaWJ2eFF0YXdFMFRueVdWWmVKRS1MZEdRZjVTUi1OZ2RMazhyZzIwVy1nM0JuQ1F4VDNKZFBjRXR2THdBeVRxUDJEdHVycEdVR29CQkxpYzM5al9wSmFxRERaMHNCYW05WEVhSGVsMmZTQmdKdlF4WWVyMw\" target=\"_blank\" title=\"Seguir a Tribuna no Google\">  <\/a> <\/div>\n<\/p><\/div>\n<p><a href=\"https:\/\/www.tribunapr.com.br\/noticias\/falecimentos\/falecimentos-em-curitiba-obituario-desta-quinta-feira-14-05-2026\/\">Fonte do Artigo <\/a><\/p>","protected":false},"excerpt":{"rendered":"<p>AGNELO BATISTA FILHO, 68 ano(s). Profiss\u00e3o: CHEFE. Filia\u00e7\u00e3o: AGNELO BATISTA e ISABEL PINTO. Sepultamento: MUNICIPAL \u00c1GUA VERDE, quarta-feira, 13 de maio de 2026 \u00e0s 17:00h. Data do Falecimento: 13\/05\/2026. AGOSTINHO SILVERIO MEIRA, 79 ano(s). Profiss\u00e3o: FUNCION\u00c1RIO P\u00daBLICO MUNICIPAL. C\u00f4njuge: MARIA JOSE MEIRA. Filia\u00e7\u00e3o: ANTONIO MEIRA e MARIA SILVERIO PEREIRA. Sepultamento: MUNICIPAL SANTA CANDIDA, quinta-feira, 14 [&hellip;]<\/p>\n","protected":false},"author":1,"featured_media":79624,"comment_status":"closed","ping_status":"","sticky":false,"template":"","format":"standard","meta":{"googlesitekit_rrm_CAow2JLhCw:productID":"","_gspb_post_css":"","maa_idioma":"","maa_pais":"","footnotes":""},"categories":[1],"tags":[151,3469,2985,2983,4201],"class_list":["post-129433","post","type-post","status-publish","format-standard","has-post-thumbnail","hentry","category-ubirata","tag-curitiba","tag-desta","tag-falecimentos","tag-obituario","tag-quintafeira"],"blocksy_meta":[],"yoast_head":"<!-- This site is optimized with the Yoast SEO Premium plugin v27.6 (Yoast SEO v27.6) - https:\/\/yoast.com\/product\/yoast-seo-premium-wordpress\/ -->\n<title>Falecimentos em Curitiba; Obitu\u00e1rio desta quinta-feira, 14\/05\/2026 - Ubirat\u00e3 Online Not\u00edcias - A realidade ao seu alcance!<\/title>\n<meta name=\"description\" content=\"AGNELO BATISTA FILHO, 68 ano(s). Profiss\u00e3o: CHEFE. Filia\u00e7\u00e3o: AGNELO BATISTA e ISABEL PINTO. Sepultamento: MUNICIPAL \u00c1GUA VERDE, quarta-feira, 13 de maio\" \/>\n<meta name=\"robots\" content=\"index, follow, max-snippet:-1, max-image-preview:large, max-video-preview:-1\" \/>\n<link rel=\"canonical\" href=\"https:\/\/ubirataonline.com.br\/en\/falecimentos-em-curitiba-obituario-desta-quinta-feira-14-05-2026\/\" \/>\n<meta property=\"og:locale\" content=\"en_US\" \/>\n<meta property=\"og:type\" content=\"article\" \/>\n<meta property=\"og:title\" content=\"Falecimentos em Curitiba; Obitu\u00e1rio desta quinta-feira, 14\/05\/2026\" \/>\n<meta property=\"og:description\" content=\"AGNELO BATISTA FILHO, 68 ano(s). Profiss\u00e3o: CHEFE. Filia\u00e7\u00e3o: AGNELO BATISTA e ISABEL PINTO. Sepultamento: MUNICIPAL \u00c1GUA VERDE, quarta-feira, 13 de maio\" \/>\n<meta property=\"og:url\" content=\"https:\/\/ubirataonline.com.br\/en\/falecimentos-em-curitiba-obituario-desta-quinta-feira-14-05-2026\/\" \/>\n<meta property=\"og:site_name\" content=\"Ubirat\u00e3 Online Not\u00edcias - A realidade ao seu alcance!\" \/>\n<meta property=\"article:publisher\" content=\"https:\/\/www.facebook.com\/portalubirataonline\" \/>\n<meta property=\"article:author\" content=\"https:\/\/www.facebook.com\/portalubirataonline\" \/>\n<meta property=\"article:published_time\" content=\"2026-05-14T11:46:09+00:00\" \/>\n<meta property=\"article:modified_time\" content=\"2026-05-14T11:46:11+00:00\" \/>\n<meta property=\"og:image\" content=\"https:\/\/ubirataonline.com.br\/wp-content\/uploads\/2026\/01\/falecimentos-em-curitiba.jpg\" \/>\n\t<meta property=\"og:image:width\" content=\"1200\" \/>\n\t<meta property=\"og:image:height\" content=\"800\" \/>\n\t<meta property=\"og:image:type\" content=\"image\/jpeg\" \/>\n<meta name=\"author\" content=\"REDA\u00c7\u00c3O: UBIRAT\u00c3 ONLINE - F\u00c1BIO AUGUSTO CELESTINO\" \/>\n<meta name=\"twitter:card\" content=\"summary_large_image\" \/>\n<meta name=\"twitter:creator\" content=\"@x.com\/ubirataonline\" \/>\n<meta name=\"twitter:site\" content=\"@ubirataonline\" \/>\n<meta name=\"twitter:label1\" content=\"Written by\" \/>\n\t<meta name=\"twitter:data1\" content=\"REDA\u00c7\u00c3O: UBIRAT\u00c3 ONLINE - F\u00c1BIO AUGUSTO CELESTINO\" \/>\n\t<meta name=\"twitter:label2\" content=\"Est. reading time\" \/>\n\t<meta name=\"twitter:data2\" content=\"9 minutes\" \/>\n<script type=\"application\/ld+json\" class=\"yoast-schema-graph\">{\"@context\":\"https:\\\/\\\/schema.org\",\"@graph\":[{\"@type\":\"NewsArticle\",\"@id\":\"https:\\\/\\\/ubirataonline.com.br\\\/falecimentos-em-curitiba-obituario-desta-quinta-feira-14-05-2026\\\/#article\",\"isPartOf\":{\"@id\":\"https:\\\/\\\/ubirataonline.com.br\\\/falecimentos-em-curitiba-obituario-desta-quinta-feira-14-05-2026\\\/\"},\"author\":{\"name\":\"REDA\u00c7\u00c3O: UBIRAT\u00c3 ONLINE - F\u00c1BIO AUGUSTO CELESTINO\",\"@id\":\"https:\\\/\\\/ubirataonline.com.br\\\/#\\\/schema\\\/person\\\/372f87bbd3fdd79b8556b84c98d0bc1c\"},\"headline\":\"Falecimentos em Curitiba; Obitu\u00e1rio desta quinta-feira, 14\\\/05\\\/2026\",\"datePublished\":\"2026-05-14T11:46:09+00:00\",\"dateModified\":\"2026-05-14T11:46:11+00:00\",\"mainEntityOfPage\":{\"@id\":\"https:\\\/\\\/ubirataonline.com.br\\\/falecimentos-em-curitiba-obituario-desta-quinta-feira-14-05-2026\\\/\"},\"wordCount\":1905,\"publisher\":{\"@id\":\"https:\\\/\\\/ubirataonline.com.br\\\/#organization\"},\"image\":{\"@id\":\"https:\\\/\\\/ubirataonline.com.br\\\/falecimentos-em-curitiba-obituario-desta-quinta-feira-14-05-2026\\\/#primaryimage\"},\"thumbnailUrl\":\"https:\\\/\\\/ubirataonline.com.br\\\/wp-content\\\/uploads\\\/2026\\\/01\\\/falecimentos-em-curitiba.jpg\",\"keywords\":[\"Curitiba\",\"desta\",\"falecimentos\",\"Obitu\u00e1rio\",\"quintafeira\"],\"articleSection\":[\"Ubirat\u00e3\"],\"inLanguage\":\"en-US\",\"copyrightYear\":\"2026\",\"copyrightHolder\":{\"@id\":\"https:\\\/\\\/ubirataonline.com.br\\\/en\\\/#organization\"}},{\"@type\":\"WebPage\",\"@id\":\"https:\\\/\\\/ubirataonline.com.br\\\/falecimentos-em-curitiba-obituario-desta-quinta-feira-14-05-2026\\\/\",\"url\":\"https:\\\/\\\/ubirataonline.com.br\\\/falecimentos-em-curitiba-obituario-desta-quinta-feira-14-05-2026\\\/\",\"name\":\"Falecimentos em Curitiba; Obitu\u00e1rio desta quinta-feira, 14\\\/05\\\/2026 - Ubirat\u00e3 Online Not\u00edcias - A realidade ao seu alcance!\",\"isPartOf\":{\"@id\":\"https:\\\/\\\/ubirataonline.com.br\\\/#website\"},\"primaryImageOfPage\":{\"@id\":\"https:\\\/\\\/ubirataonline.com.br\\\/falecimentos-em-curitiba-obituario-desta-quinta-feira-14-05-2026\\\/#primaryimage\"},\"image\":{\"@id\":\"https:\\\/\\\/ubirataonline.com.br\\\/falecimentos-em-curitiba-obituario-desta-quinta-feira-14-05-2026\\\/#primaryimage\"},\"thumbnailUrl\":\"https:\\\/\\\/ubirataonline.com.br\\\/wp-content\\\/uploads\\\/2026\\\/01\\\/falecimentos-em-curitiba.jpg\",\"datePublished\":\"2026-05-14T11:46:09+00:00\",\"dateModified\":\"2026-05-14T11:46:11+00:00\",\"description\":\"AGNELO BATISTA FILHO, 68 ano(s). Profiss\u00e3o: CHEFE. Filia\u00e7\u00e3o: AGNELO BATISTA e ISABEL PINTO. Sepultamento: MUNICIPAL \u00c1GUA VERDE, quarta-feira, 13 de maio\",\"breadcrumb\":{\"@id\":\"https:\\\/\\\/ubirataonline.com.br\\\/falecimentos-em-curitiba-obituario-desta-quinta-feira-14-05-2026\\\/#breadcrumb\"},\"inLanguage\":\"en-US\",\"potentialAction\":[{\"@type\":\"ReadAction\",\"target\":[\"https:\\\/\\\/ubirataonline.com.br\\\/falecimentos-em-curitiba-obituario-desta-quinta-feira-14-05-2026\\\/\"]}]},{\"@type\":\"ImageObject\",\"inLanguage\":\"en-US\",\"@id\":\"https:\\\/\\\/ubirataonline.com.br\\\/falecimentos-em-curitiba-obituario-desta-quinta-feira-14-05-2026\\\/#primaryimage\",\"url\":\"https:\\\/\\\/ubirataonline.com.br\\\/wp-content\\\/uploads\\\/2026\\\/01\\\/falecimentos-em-curitiba.jpg\",\"contentUrl\":\"https:\\\/\\\/ubirataonline.com.br\\\/wp-content\\\/uploads\\\/2026\\\/01\\\/falecimentos-em-curitiba.jpg\",\"width\":1200,\"height\":800},{\"@type\":\"BreadcrumbList\",\"@id\":\"https:\\\/\\\/ubirataonline.com.br\\\/falecimentos-em-curitiba-obituario-desta-quinta-feira-14-05-2026\\\/#breadcrumb\",\"itemListElement\":[{\"@type\":\"ListItem\",\"position\":1,\"name\":\"In\u00edcio\",\"item\":\"https:\\\/\\\/ubirataonline.com.br\\\/\"},{\"@type\":\"ListItem\",\"position\":2,\"name\":\"Falecimentos em Curitiba; Obitu\u00e1rio desta quinta-feira, 14\\\/05\\\/2026\"}]},{\"@type\":\"WebSite\",\"@id\":\"https:\\\/\\\/ubirataonline.com.br\\\/#website\",\"url\":\"https:\\\/\\\/ubirataonline.com.br\\\/\",\"name\":\"Ubirat\u00e3 Online Not\u00edcias\",\"description\":\"Not\u00edcias de Ubirat\u00e3, regi\u00e3o, Brasil e mundo, com informa\u00e7\u00e3o atualizada e compromisso com o leitor.\",\"publisher\":{\"@id\":\"https:\\\/\\\/ubirataonline.com.br\\\/#organization\"},\"alternateName\":\"Ubirat\u00e3 Online\",\"potentialAction\":[{\"@type\":\"SearchAction\",\"target\":{\"@type\":\"EntryPoint\",\"urlTemplate\":\"https:\\\/\\\/ubirataonline.com.br\\\/?s={search_term_string}\"},\"query-input\":{\"@type\":\"PropertyValueSpecification\",\"valueRequired\":true,\"valueName\":\"search_term_string\"}}],\"inLanguage\":\"en-US\"},{\"@type\":[\"Organization\",\"Place\"],\"@id\":\"https:\\\/\\\/ubirataonline.com.br\\\/#organization\",\"name\":\"Ubirat\u00e3 Online Not\u00edcias\",\"alternateName\":\"Ubirat\u00e3 Online\",\"url\":\"https:\\\/\\\/ubirataonline.com.br\\\/\",\"logo\":{\"@id\":\"https:\\\/\\\/ubirataonline.com.br\\\/falecimentos-em-curitiba-obituario-desta-quinta-feira-14-05-2026\\\/#local-main-organization-logo\"},\"image\":{\"@id\":\"https:\\\/\\\/ubirataonline.com.br\\\/falecimentos-em-curitiba-obituario-desta-quinta-feira-14-05-2026\\\/#local-main-organization-logo\"},\"sameAs\":[\"https:\\\/\\\/www.facebook.com\\\/portalubirataonline\",\"https:\\\/\\\/x.com\\\/ubirataonline\",\"https:\\\/\\\/mastodon.social\\\/@ubirataonline\",\"https:\\\/\\\/www.facebook.com\\\/groups\\\/311144672285604\",\"https:\\\/\\\/www.facebook.com\\\/UBTAOnline\",\"https:\\\/\\\/www.instagram.com\\\/portalubirataonline\\\/\",\"https:\\\/\\\/twitter.com\\\/ubirataonline\"],\"description\":\"Somos um portal de not\u00edcias independente, criado em 5 de janeiro de 2009, com o objetivo de informar, conectar e valorizar a nossa comunidade de Ubirat\u00e3 e toda aregi\u00e3o. Com conte\u00fado atualizado, confi\u00e1vel e relevante, o Ubirat\u00e3 Online \u00e9 o seu espa\u00e7o para ficar por dentro dos principais acontecimentos locais, regionais, Brasil, Mundo e de interesse geral. Nosso compromisso \u00e9 com a verdade, a transpar\u00eancia e o respeito ao leitor.\",\"legalName\":\"UBIRATA ONLINE NOT\u00cdCIAS\",\"foundingDate\":\"2009-01-05\",\"numberOfEmployees\":{\"@type\":\"QuantitativeValue\",\"minValue\":\"1\",\"maxValue\":\"10\"},\"publishingPrinciples\":\"https:\\\/\\\/ubirataonline.com.br\\\/faq\\\/\",\"address\":{\"@id\":\"https:\\\/\\\/ubirataonline.com.br\\\/falecimentos-em-curitiba-obituario-desta-quinta-feira-14-05-2026\\\/#local-main-place-address\"},\"geo\":{\"@type\":\"GeoCoordinates\",\"latitude\":\"-24.5361401\",\"longitude\":\"-52.9921776\"},\"telephone\":[\"+5544998308235\"],\"contactPoint\":{\"@type\":\"ContactPoint\",\"email\":\"contato@ubirataonline.com.br\"},\"openingHoursSpecification\":{\"@type\":\"OpeningHoursSpecification\",\"dayOfWeek\":[\"Monday\",\"Tuesday\",\"Wednesday\",\"Thursday\",\"Friday\",\"Saturday\",\"Sunday\"],\"opens\":\"00:00\",\"closes\":\"23:59\"},\"email\":\"contato@ubirataonline.com.br\",\"vatID\":\"47.621.418\\\/0001-80\"},{\"@type\":\"Person\",\"@id\":\"https:\\\/\\\/ubirataonline.com.br\\\/#\\\/schema\\\/person\\\/372f87bbd3fdd79b8556b84c98d0bc1c\",\"name\":\"REDA\u00c7\u00c3O: UBIRAT\u00c3 ONLINE - F\u00c1BIO AUGUSTO CELESTINO\",\"pronouns\":\"Ele\",\"description\":\"Desde 2003 trabalhando com not\u00edcias.\",\"sameAs\":[\"http:\\\/\\\/ubirataoline.com.br\",\"https:\\\/\\\/www.facebook.com\\\/portalubirataonline\",\"https:\\\/\\\/www.instagram.com\\\/ubirataonline_oficial\",\"https:\\\/\\\/x.com\\\/x.com\\\/ubirataonline\"],\"honorificPrefix\":\"Mr.\",\"honorificSuffix\":\"MD\",\"birthDate\":\"1980-06-16\",\"gender\":\"masculino\",\"award\":[\"V\u00e1rios pr\u00eamios de melhor portal da cidade\"],\"jobTitle\":\"Diretor\",\"url\":\"https:\\\/\\\/ubirataonline.com.br\\\/en\\\/author\\\/ubirataonline\\\/\"},{\"@type\":\"PostalAddress\",\"@id\":\"https:\\\/\\\/ubirataonline.com.br\\\/falecimentos-em-curitiba-obituario-desta-quinta-feira-14-05-2026\\\/#local-main-place-address\",\"streetAddress\":\"Rua dos Coqueiros, 104 - Bairro Boa Vista, Rua dos Coqueiros, 104 Bairro Boa Vista\",\"addressLocality\":\"UBIRATA\",\"postalCode\":\"85440-000\",\"addressRegion\":\"PR\",\"addressCountry\":\"BR\"},{\"@type\":\"ImageObject\",\"inLanguage\":\"en-US\",\"@id\":\"https:\\\/\\\/ubirataonline.com.br\\\/falecimentos-em-curitiba-obituario-desta-quinta-feira-14-05-2026\\\/#local-main-organization-logo\",\"url\":\"https:\\\/\\\/ubirataonline.com.br\\\/wp-content\\\/uploads\\\/2026\\\/06\\\/logoubirataonline-1.webp\",\"contentUrl\":\"https:\\\/\\\/ubirataonline.com.br\\\/wp-content\\\/uploads\\\/2026\\\/06\\\/logoubirataonline-1.webp\",\"width\":500,\"height\":500,\"caption\":\"Ubirat\u00e3 Online Not\u00edcias\"}]}<\/script>\n<meta name=\"geo.placename\" content=\"UBIRATA\" \/>\n<meta name=\"geo.position\" content=\"-24.5361401;-52.9921776\" \/>\n<meta name=\"geo.region\" content=\"Brazil\" \/>\n<!-- \/ Yoast SEO Premium plugin. -->","yoast_head_json":{"title":"Falecimentos em Curitiba; Obitu\u00e1rio desta quinta-feira, 14\/05\/2026 - Ubirat\u00e3 Online Not\u00edcias - A realidade ao seu alcance!","description":"AGNELO BATISTA FILHO, 68 ano(s). Profiss\u00e3o: CHEFE. Filia\u00e7\u00e3o: AGNELO BATISTA e ISABEL PINTO. Sepultamento: MUNICIPAL \u00c1GUA VERDE, quarta-feira, 13 de maio","robots":{"index":"index","follow":"follow","max-snippet":"max-snippet:-1","max-image-preview":"max-image-preview:large","max-video-preview":"max-video-preview:-1"},"canonical":"https:\/\/ubirataonline.com.br\/en\/falecimentos-em-curitiba-obituario-desta-quinta-feira-14-05-2026\/","og_locale":"en_US","og_type":"article","og_title":"Falecimentos em Curitiba; Obitu\u00e1rio desta quinta-feira, 14\/05\/2026","og_description":"AGNELO BATISTA FILHO, 68 ano(s). Profiss\u00e3o: CHEFE. Filia\u00e7\u00e3o: AGNELO BATISTA e ISABEL PINTO. Sepultamento: MUNICIPAL \u00c1GUA VERDE, quarta-feira, 13 de maio","og_url":"https:\/\/ubirataonline.com.br\/en\/falecimentos-em-curitiba-obituario-desta-quinta-feira-14-05-2026\/","og_site_name":"Ubirat\u00e3 Online Not\u00edcias - A realidade ao seu alcance!","article_publisher":"https:\/\/www.facebook.com\/portalubirataonline","article_author":"https:\/\/www.facebook.com\/portalubirataonline","article_published_time":"2026-05-14T11:46:09+00:00","article_modified_time":"2026-05-14T11:46:11+00:00","og_image":[{"width":1200,"height":800,"url":"https:\/\/ubirataonline.com.br\/wp-content\/uploads\/2026\/01\/falecimentos-em-curitiba.jpg","type":"image\/jpeg"}],"author":"REDA\u00c7\u00c3O: UBIRAT\u00c3 ONLINE - F\u00c1BIO AUGUSTO CELESTINO","twitter_card":"summary_large_image","twitter_creator":"@x.com\/ubirataonline","twitter_site":"@ubirataonline","twitter_misc":{"Written by":"REDA\u00c7\u00c3O: UBIRAT\u00c3 ONLINE - F\u00c1BIO AUGUSTO CELESTINO","Est. reading time":"9 minutes"},"schema":{"@context":"https:\/\/schema.org","@graph":[{"@type":"NewsArticle","@id":"https:\/\/ubirataonline.com.br\/falecimentos-em-curitiba-obituario-desta-quinta-feira-14-05-2026\/#article","isPartOf":{"@id":"https:\/\/ubirataonline.com.br\/falecimentos-em-curitiba-obituario-desta-quinta-feira-14-05-2026\/"},"author":{"name":"REDA\u00c7\u00c3O: UBIRAT\u00c3 ONLINE - F\u00c1BIO AUGUSTO CELESTINO","@id":"https:\/\/ubirataonline.com.br\/#\/schema\/person\/372f87bbd3fdd79b8556b84c98d0bc1c"},"headline":"Falecimentos em Curitiba; Obitu\u00e1rio desta quinta-feira, 14\/05\/2026","datePublished":"2026-05-14T11:46:09+00:00","dateModified":"2026-05-14T11:46:11+00:00","mainEntityOfPage":{"@id":"https:\/\/ubirataonline.com.br\/falecimentos-em-curitiba-obituario-desta-quinta-feira-14-05-2026\/"},"wordCount":1905,"publisher":{"@id":"https:\/\/ubirataonline.com.br\/#organization"},"image":{"@id":"https:\/\/ubirataonline.com.br\/falecimentos-em-curitiba-obituario-desta-quinta-feira-14-05-2026\/#primaryimage"},"thumbnailUrl":"https:\/\/ubirataonline.com.br\/wp-content\/uploads\/2026\/01\/falecimentos-em-curitiba.jpg","keywords":["Curitiba","desta","falecimentos","Obitu\u00e1rio","quintafeira"],"articleSection":["Ubirat\u00e3"],"inLanguage":"en-US","copyrightYear":"2026","copyrightHolder":{"@id":"https:\/\/ubirataonline.com.br\/en\/#organization"}},{"@type":"WebPage","@id":"https:\/\/ubirataonline.com.br\/falecimentos-em-curitiba-obituario-desta-quinta-feira-14-05-2026\/","url":"https:\/\/ubirataonline.com.br\/falecimentos-em-curitiba-obituario-desta-quinta-feira-14-05-2026\/","name":"Falecimentos em Curitiba; Obitu\u00e1rio desta quinta-feira, 14\/05\/2026 - Ubirat\u00e3 Online Not\u00edcias - A realidade ao seu alcance!","isPartOf":{"@id":"https:\/\/ubirataonline.com.br\/#website"},"primaryImageOfPage":{"@id":"https:\/\/ubirataonline.com.br\/falecimentos-em-curitiba-obituario-desta-quinta-feira-14-05-2026\/#primaryimage"},"image":{"@id":"https:\/\/ubirataonline.com.br\/falecimentos-em-curitiba-obituario-desta-quinta-feira-14-05-2026\/#primaryimage"},"thumbnailUrl":"https:\/\/ubirataonline.com.br\/wp-content\/uploads\/2026\/01\/falecimentos-em-curitiba.jpg","datePublished":"2026-05-14T11:46:09+00:00","dateModified":"2026-05-14T11:46:11+00:00","description":"AGNELO BATISTA FILHO, 68 ano(s). Profiss\u00e3o: CHEFE. Filia\u00e7\u00e3o: AGNELO BATISTA e ISABEL PINTO. Sepultamento: MUNICIPAL \u00c1GUA VERDE, quarta-feira, 13 de maio","breadcrumb":{"@id":"https:\/\/ubirataonline.com.br\/falecimentos-em-curitiba-obituario-desta-quinta-feira-14-05-2026\/#breadcrumb"},"inLanguage":"en-US","potentialAction":[{"@type":"ReadAction","target":["https:\/\/ubirataonline.com.br\/falecimentos-em-curitiba-obituario-desta-quinta-feira-14-05-2026\/"]}]},{"@type":"ImageObject","inLanguage":"en-US","@id":"https:\/\/ubirataonline.com.br\/falecimentos-em-curitiba-obituario-desta-quinta-feira-14-05-2026\/#primaryimage","url":"https:\/\/ubirataonline.com.br\/wp-content\/uploads\/2026\/01\/falecimentos-em-curitiba.jpg","contentUrl":"https:\/\/ubirataonline.com.br\/wp-content\/uploads\/2026\/01\/falecimentos-em-curitiba.jpg","width":1200,"height":800},{"@type":"BreadcrumbList","@id":"https:\/\/ubirataonline.com.br\/falecimentos-em-curitiba-obituario-desta-quinta-feira-14-05-2026\/#breadcrumb","itemListElement":[{"@type":"ListItem","position":1,"name":"In\u00edcio","item":"https:\/\/ubirataonline.com.br\/"},{"@type":"ListItem","position":2,"name":"Falecimentos em Curitiba; Obitu\u00e1rio desta quinta-feira, 14\/05\/2026"}]},{"@type":"WebSite","@id":"https:\/\/ubirataonline.com.br\/#website","url":"https:\/\/ubirataonline.com.br\/","name":"Ubirat\u00e3 Online Not\u00edcias","description":"Not\u00edcias de Ubirat\u00e3, regi\u00e3o, Brasil e mundo, com informa\u00e7\u00e3o atualizada e compromisso com o leitor.","publisher":{"@id":"https:\/\/ubirataonline.com.br\/#organization"},"alternateName":"Ubirat\u00e3 Online","potentialAction":[{"@type":"SearchAction","target":{"@type":"EntryPoint","urlTemplate":"https:\/\/ubirataonline.com.br\/?s={search_term_string}"},"query-input":{"@type":"PropertyValueSpecification","valueRequired":true,"valueName":"search_term_string"}}],"inLanguage":"en-US"},{"@type":["Organization","Place"],"@id":"https:\/\/ubirataonline.com.br\/#organization","name":"Ubirat\u00e3 Online Not\u00edcias","alternateName":"Ubirat\u00e3 Online","url":"https:\/\/ubirataonline.com.br\/","logo":{"@id":"https:\/\/ubirataonline.com.br\/falecimentos-em-curitiba-obituario-desta-quinta-feira-14-05-2026\/#local-main-organization-logo"},"image":{"@id":"https:\/\/ubirataonline.com.br\/falecimentos-em-curitiba-obituario-desta-quinta-feira-14-05-2026\/#local-main-organization-logo"},"sameAs":["https:\/\/www.facebook.com\/portalubirataonline","https:\/\/x.com\/ubirataonline","https:\/\/mastodon.social\/@ubirataonline","https:\/\/www.facebook.com\/groups\/311144672285604","https:\/\/www.facebook.com\/UBTAOnline","https:\/\/www.instagram.com\/portalubirataonline\/","https:\/\/twitter.com\/ubirataonline"],"description":"Somos um portal de not\u00edcias independente, criado em 5 de janeiro de 2009, com o objetivo de informar, conectar e valorizar a nossa comunidade de Ubirat\u00e3 e toda aregi\u00e3o. Com conte\u00fado atualizado, confi\u00e1vel e relevante, o Ubirat\u00e3 Online \u00e9 o seu espa\u00e7o para ficar por dentro dos principais acontecimentos locais, regionais, Brasil, Mundo e de interesse geral. Nosso compromisso \u00e9 com a verdade, a transpar\u00eancia e o respeito ao leitor.","legalName":"UBIRATA ONLINE NOT\u00cdCIAS","foundingDate":"2009-01-05","numberOfEmployees":{"@type":"QuantitativeValue","minValue":"1","maxValue":"10"},"publishingPrinciples":"https:\/\/ubirataonline.com.br\/faq\/","address":{"@id":"https:\/\/ubirataonline.com.br\/falecimentos-em-curitiba-obituario-desta-quinta-feira-14-05-2026\/#local-main-place-address"},"geo":{"@type":"GeoCoordinates","latitude":"-24.5361401","longitude":"-52.9921776"},"telephone":["+5544998308235"],"contactPoint":{"@type":"ContactPoint","email":"contato@ubirataonline.com.br"},"openingHoursSpecification":{"@type":"OpeningHoursSpecification","dayOfWeek":["Monday","Tuesday","Wednesday","Thursday","Friday","Saturday","Sunday"],"opens":"00:00","closes":"23:59"},"email":"contato@ubirataonline.com.br","vatID":"47.621.418\/0001-80"},{"@type":"Person","@id":"https:\/\/ubirataonline.com.br\/#\/schema\/person\/372f87bbd3fdd79b8556b84c98d0bc1c","name":"REDA\u00c7\u00c3O: UBIRAT\u00c3 ONLINE - F\u00c1BIO AUGUSTO CELESTINO","pronouns":"Ele","description":"Desde 2003 trabalhando com not\u00edcias.","sameAs":["http:\/\/ubirataoline.com.br","https:\/\/www.facebook.com\/portalubirataonline","https:\/\/www.instagram.com\/ubirataonline_oficial","https:\/\/x.com\/x.com\/ubirataonline"],"honorificPrefix":"Mr.","honorificSuffix":"MD","birthDate":"1980-06-16","gender":"masculino","award":["V\u00e1rios pr\u00eamios de melhor portal da cidade"],"jobTitle":"Diretor","url":"https:\/\/ubirataonline.com.br\/en\/author\/ubirataonline\/"},{"@type":"PostalAddress","@id":"https:\/\/ubirataonline.com.br\/falecimentos-em-curitiba-obituario-desta-quinta-feira-14-05-2026\/#local-main-place-address","streetAddress":"Rua dos Coqueiros, 104 - Bairro Boa Vista, Rua dos Coqueiros, 104 Bairro Boa Vista","addressLocality":"UBIRATA","postalCode":"85440-000","addressRegion":"PR","addressCountry":"BR"},{"@type":"ImageObject","inLanguage":"en-US","@id":"https:\/\/ubirataonline.com.br\/falecimentos-em-curitiba-obituario-desta-quinta-feira-14-05-2026\/#local-main-organization-logo","url":"https:\/\/ubirataonline.com.br\/wp-content\/uploads\/2026\/06\/logoubirataonline-1.webp","contentUrl":"https:\/\/ubirataonline.com.br\/wp-content\/uploads\/2026\/06\/logoubirataonline-1.webp","width":500,"height":500,"caption":"Ubirat\u00e3 Online Not\u00edcias"}]},"geo.placename":"UBIRATA","geo.position":{"lat":"-24.5361401","long":"-52.9921776"},"geo.region":"Brazil"},"_links":{"self":[{"href":"https:\/\/ubirataonline.com.br\/en\/wp-json\/wp\/v2\/posts\/129433","targetHints":{"allow":["GET"]}}],"collection":[{"href":"https:\/\/ubirataonline.com.br\/en\/wp-json\/wp\/v2\/posts"}],"about":[{"href":"https:\/\/ubirataonline.com.br\/en\/wp-json\/wp\/v2\/types\/post"}],"author":[{"embeddable":true,"href":"https:\/\/ubirataonline.com.br\/en\/wp-json\/wp\/v2\/users\/1"}],"replies":[{"embeddable":true,"href":"https:\/\/ubirataonline.com.br\/en\/wp-json\/wp\/v2\/comments?post=129433"}],"version-history":[{"count":0,"href":"https:\/\/ubirataonline.com.br\/en\/wp-json\/wp\/v2\/posts\/129433\/revisions"}],"wp:featuredmedia":[{"embeddable":true,"href":"https:\/\/ubirataonline.com.br\/en\/wp-json\/wp\/v2\/media\/79624"}],"wp:attachment":[{"href":"https:\/\/ubirataonline.com.br\/en\/wp-json\/wp\/v2\/media?parent=129433"}],"wp:term":[{"taxonomy":"category","embeddable":true,"href":"https:\/\/ubirataonline.com.br\/en\/wp-json\/wp\/v2\/categories?post=129433"},{"taxonomy":"post_tag","embeddable":true,"href":"https:\/\/ubirataonline.com.br\/en\/wp-json\/wp\/v2\/tags?post=129433"}],"curies":[{"name":"wp","href":"https:\/\/api.w.org\/{rel}","templated":true}]}}