{"id":129569,"date":"2026-05-14T12:15:19","date_gmt":"2026-05-14T15:15:19","guid":{"rendered":"https:\/\/ubirataonline.com.br\/social-media-videos-take-center-stage-in-l-a-mayoral-campaign\/"},"modified":"2026-05-14T12:15:22","modified_gmt":"2026-05-14T15:15:22","slug":"social-media-videos-take-center-stage-in-l-a-mayoral-campaign","status":"publish","type":"post","link":"https:\/\/ubirataonline.com.br\/en\/social-media-videos-take-center-stage-in-l-a-mayoral-campaign\/","title":{"rendered":"Social media videos take center stage in L.A. mayoral campaign"},"content":{"rendered":"<p><\/p>\n<div data-element=\"story-body\" data-subscriber-content=\"\">\n<p>Spencer Pratt speaks into his smartphone camera, blaming Los Angeles Mayor Karen Bass for the environmental catastrophe of the Palisades fire, which burned his house, and the homeless crisis that triggered \u201ca sudden outbreak of a medieval disease,\u201d which we learn is typhus.<\/p>\n<p>Then there\u2019s City Councilmember Nithya Raman, holding a tiny microphone, walking and talking in an influencer style as she explains to viewers how she\u2019ll bring back Hollywood, make sure the streetlights work and oppose rich contracts for the city\u2019s police union.<\/p>\n<p>Bass is running a more traditional campaign, but even she is pushing her ads out on streaming platforms and social media, and posting videos on Instagram. <\/p>\n<p>\u201cThis is the new era of campaigning,\u201d said Sara Sadhwani, a politics professor at Pomona College. \u201cSocial media has changed the game. People have always looked for candidates they could have a beer with, but now it\u2019s about the ways in which they\u2019re able to connect with voters online.\u201d<\/p>\n<p>TV ads used to dominate in Los Angeles mayoral election campaigns. This year, candidates are increasingly pivoting to social media to post snappy, off-the-cuff videos that could fuel momentum for their campaigns if they go viral.<\/p>\n<p>Pratt in particular has built a national following with the help of ads gone viral on social media, including ones produced by his own camp as well as outside supporters. <\/p>\n<p>In one of his spots, Pratt appears outside Raman\u2019s home in Silver Lake and the mayor\u2019s city-owned mansion in Hancock Park, and then in front of the Pacific Palisades lot where his home burned in the 2025 fire. <\/p>\n<p>The pitch is that Pratt knows the consequences of failed leadership. The 30-second clip has racked up more than 13 million views since it was released in April.<\/p>\n<p>Political consultant Mike Trujillo said Pratt\u2019s role on \u201cThe Hills\u201d and other reality TV shows has given him an edge in the viral ad wars. <\/p>\n<p>\u201cIt\u2019s just second nature. So you\u2019re seeing him lean into things he already knows a little better,\u201d said Trujillo, who isn\u2019t affiliated with any of the mayoral campaigns. <\/p>\n<p>At the same time, Trujillo and others pointed out that social media has its limits. A viral video can spur buzz and raise a candidate\u2019s profile, but many of the viewers won\u2019t be voting in the city\u2019s June 2 primary election. <\/p>\n<p>\u201cMy college roommate could be watching in South Carolina,\u201d said longtime Democratic strategist Bill Carrick, who worked on former Mayor Eric Garcetti\u2019s 2017 reelection campaign.<\/p>\n<p>Bass, who has raised more money than any other candidate \u2014 with a war chest of nearly $4 million including public matching funds \u2014 is targeting Los Angeles voters in spots aired on \u201cJeopardy,\u201d \u201cWheel of Fortune,\u201d the NBA semifinals and other telecasts, according to Federal Communications Commission filings. <\/p>\n<p>Neither Raman nor Pratt has spent on a television ad on L.A.\u2019s top local stations, according to the filings. (Pratt did appear, unpaid, on \u201cThe Masked Singer\u201d in February for 57 seconds when his wife, <a class=\"link\" href=\"https:\/\/www.youtube.com\/watch?v=TJzI5Qspruw\" target=\"_blank\">Heidi Montag, was revealed as Snowcone<\/a>, one filing noted.)<\/p>\n<p>Bass\u2019 campaign has raised less money than in her 2022 run, but the incumbent isn\u2019t competing against anyone with pockets nearly as deep for advertisement spending as then-candidate Rick Caruso, who spent more than $100 million in his failed bid to beat Bass. <\/p>\n<p>\u201cCaruso outspent us 11 to 1 and we still won,\u201d Bass spokesperson Alex Stack said. \u201cThis time it\u2019s a bigger field. \u2026 We\u2019re running a dynamic, diverse media strategy.\u201d<\/p>\n<p>Bass is also getting some help from outside supporters.<\/p>\n<p>Four groups, including the L.A. County Federation of Labor, have spent a total of nearly $200,000 on the mayor\u2019s behalf, sending out fliers and mailers and phone-banking in support of the incumbent. (The labor group also reported spending $221,000 <a class=\"link\" href=\"https:\/\/www.latimes.com\/california\/story\/2026-05-12\/union-funded-attack-ad-against-pratt-seems-aimed-at-helping-him-make-runoff-analysts-say\">for an ad attacking Pratt,<\/a> but which analysts say is aimed at keeping Bass\u2019 progressive rival, Raman, out of the runoff.) <\/p>\n<p>Pratt and Raman are also getting outside support. One ad, created using artificial intelligence by Los Angeles-based AI filmmaker Charles Curran, <a class=\"link\" href=\"https:\/\/www.latimes.com\/world-nation\/story\/2026-05-06\/spencer-pratt-goes-viral-ai-superhero-la-votes\">depicts Pratt as a Batman-like character<\/a> fighting to save Los Angeles. Former Florida Gov. Jeb Bush hailed it as the \u201cbest political ad of the year.\u201d<\/p>\n<p>In the video, which features vulgar language from an AI-generated Gov. Gavin Newsom about a \u201ctransgender migrant,\u201d Pratt battles masked socialist enemies while frustrated Angelenos throw tomatoes at Bass and Newsom. <\/p>\n<p>Curran released another AI-powered video this month portraying Pratt as a hero in a \u201cStar Wars\u201d-type universe, once again fighting Bass, Newsom and masked socialists.<\/p>\n<p>The tagline for both videos: \u201cLA is worth saving. Vote Spencer Pratt.\u201d <\/p>\n<p>The Raman campaign has also received support from outside sources, including a recent video from comedian Adam Conover suggesting that Bass is attempting to elevate Pratt\u2019s campaign in order to avoid facing Raman in a runoff. That video got about 700,000 views.<\/p>\n<p>Raman\u2019s videos have not gotten as many views as some of Pratt\u2019s, but have still gotten hundreds of thousands of views on X and Instagram. <\/p>\n<p>In one, she talks about bringing Hollywood film shoots back to L.A. as she walks across a Disney lot. That video got nearly 100,000 views.<\/p>\n<p>The Raman campaign has also used targeted advertising on Instagram and YouTube, getting millions of views on some of its more formal campaign ads. <\/p>\n<p>Because Raman got into the race with just four months before the primary, she has raised less money and can\u2019t necessarily spend on big broadcast television ads that can cost millions. <\/p>\n<p>Many campaigns, meanwhile, have pivoted to another newer form of media to get their message out: podcasts. <\/p>\n<p>Bass has gone on dozens of podcasts over the last year, most recently speaking on the \u201cHigher Learning\u201d podcast, which covers issues in Black culture and politics. In April, Raman went on \u201cPod Save America\u201d and Pratt went on \u201cThe Joe Rogan Experience.\u201d<\/p>\n<p>Mayoral candidate Adam Miller, a tech entrepreneur, has lent his campaign $4 million.  It is trying all the tactics \u2014 television ads, social media video and static ads, kiosks and billboards.<\/p>\n<p>\u201cIt\u2019s not an infinite amount of money,\u201d said Bill Burton, Miller\u2019s campaign advisor. \u201cYou still have to make choices based on what\u2019s the frequency of ads you\u2019re trying to get to your most likely voters.\u201d<\/p>\n<p>Meanwhile, community organizer Rae Huang\u2019s campaign is hoping to reach voters with an \u201cauthentic, digital-first campaign.\u201d<\/p>\n<p>\u201cWe don\u2019t have the resources for major TV or mail,\u201d said Amy Quichiz, Huang\u2019s co-campaign manager. <\/p>\n<p>To that end, the campaign pays for small Instagram boosts to its videos as well as for Instagram ads asking people to contribute to Huang\u2019s campaign. But the videos are purposely lower production value than a traditional ad. <\/p>\n<p>\u201cA bit less polished creates more trust,\u201d Quichiz said. <\/p>\n<p>As the June 2 primary nears, the candidates are likely to be more active than ever on social media, in targeted ads and on broadcast television, each hoping to get in the last word. <\/p>\n<p>\u201cWith less than a month until election day, this campaign blitz on social media and on television is only just beginning,\u201d Sadhwani said.<\/p>\n<\/p><\/div>\n<p><a href=\"https:\/\/www.latimes.com\/california\/story\/2026-05-13\/social-media-videos-take-center-stage-in-la-mayoral-campaign\">Source link <\/a><\/p>","protected":false},"excerpt":{"rendered":"<p>Spencer Pratt speaks into his smartphone camera, blaming Los Angeles Mayor Karen Bass for the environmental catastrophe of the Palisades fire, which burned his house, and the homeless crisis that triggered \u201ca sudden outbreak of a medieval disease,\u201d which we learn is typhus. Then there\u2019s City Councilmember Nithya Raman, holding a tiny microphone, walking and [&hellip;]<\/p>\n","protected":false},"author":1,"featured_media":129570,"comment_status":"closed","ping_status":"","sticky":false,"template":"","format":"standard","meta":{"googlesitekit_rrm_CAow2JLhCw:productID":"","_gspb_post_css":"","maa_idioma":"","maa_pais":"","footnotes":""},"categories":[1],"tags":[4662,4922,7050,31185,14763,146,12148,9781],"class_list":["post-129569","post","type-post","status-publish","format-standard","has-post-thumbnail","hentry","category-ubirata","tag-campaign","tag-center","tag-l-a","tag-mayoral","tag-media","tag-social","tag-stage","tag-videos"],"blocksy_meta":[],"yoast_head":"<!-- This site is optimized with the Yoast SEO Premium plugin v27.6 (Yoast SEO v27.6) - https:\/\/yoast.com\/product\/yoast-seo-premium-wordpress\/ -->\n<title>Social media videos take center stage in L.A. mayoral campaign - Ubirat\u00e3 Online Not\u00edcias - A realidade ao seu alcance!<\/title>\n<meta name=\"description\" content=\"Spencer Pratt speaks into his smartphone camera, blaming Los Angeles Mayor Karen Bass for the environmental catastrophe of the Palisades fire, which\" \/>\n<meta name=\"robots\" content=\"index, follow, max-snippet:-1, max-image-preview:large, max-video-preview:-1\" \/>\n<link rel=\"canonical\" href=\"https:\/\/ubirataonline.com.br\/en\/social-media-videos-take-center-stage-in-l-a-mayoral-campaign\/\" \/>\n<meta property=\"og:locale\" content=\"en_US\" \/>\n<meta property=\"og:type\" content=\"article\" \/>\n<meta property=\"og:title\" content=\"Social media videos take center stage in L.A. mayoral campaign\" \/>\n<meta property=\"og:description\" content=\"Spencer Pratt speaks into his smartphone camera, blaming Los Angeles Mayor Karen Bass for the environmental catastrophe of the Palisades fire, which\" \/>\n<meta property=\"og:url\" content=\"https:\/\/ubirataonline.com.br\/en\/social-media-videos-take-center-stage-in-l-a-mayoral-campaign\/\" \/>\n<meta property=\"og:site_name\" content=\"Ubirat\u00e3 Online Not\u00edcias - A realidade ao seu alcance!\" \/>\n<meta property=\"article:publisher\" content=\"https:\/\/www.facebook.com\/portalubirataonline\" \/>\n<meta property=\"article:author\" content=\"https:\/\/www.facebook.com\/portalubirataonline\" \/>\n<meta property=\"article:published_time\" content=\"2026-05-14T15:15:19+00:00\" \/>\n<meta property=\"article:modified_time\" content=\"2026-05-14T15:15:22+00:00\" \/>\n<meta property=\"og:image\" content=\"https:\/\/ubirataonline.com.br\/wp-content\/uploads\/2026\/05\/Social-media-videos-take-center-stage-in-LA-mayoral-campaign.com2F9f2F422Fbcc506d141d68674caf82b1f.jpeg\" \/>\n\t<meta property=\"og:image:width\" content=\"1200\" \/>\n\t<meta property=\"og:image:height\" content=\"630\" \/>\n\t<meta property=\"og:image:type\" content=\"image\/jpeg\" \/>\n<meta name=\"author\" content=\"REDA\u00c7\u00c3O: UBIRAT\u00c3 ONLINE - F\u00c1BIO AUGUSTO CELESTINO\" \/>\n<meta name=\"twitter:card\" content=\"summary_large_image\" \/>\n<meta name=\"twitter:creator\" content=\"@x.com\/ubirataonline\" \/>\n<meta name=\"twitter:site\" content=\"@ubirataonline\" \/>\n<meta name=\"twitter:label1\" content=\"Written by\" \/>\n\t<meta name=\"twitter:data1\" content=\"REDA\u00c7\u00c3O: UBIRAT\u00c3 ONLINE - F\u00c1BIO AUGUSTO CELESTINO\" \/>\n\t<meta name=\"twitter:label2\" content=\"Est. reading time\" \/>\n\t<meta name=\"twitter:data2\" content=\"6 minutes\" \/>\n<script type=\"application\/ld+json\" class=\"yoast-schema-graph\">{\"@context\":\"https:\\\/\\\/schema.org\",\"@graph\":[{\"@type\":\"NewsArticle\",\"@id\":\"https:\\\/\\\/ubirataonline.com.br\\\/social-media-videos-take-center-stage-in-l-a-mayoral-campaign\\\/#article\",\"isPartOf\":{\"@id\":\"https:\\\/\\\/ubirataonline.com.br\\\/social-media-videos-take-center-stage-in-l-a-mayoral-campaign\\\/\"},\"author\":{\"name\":\"REDA\u00c7\u00c3O: UBIRAT\u00c3 ONLINE - F\u00c1BIO AUGUSTO CELESTINO\",\"@id\":\"https:\\\/\\\/ubirataonline.com.br\\\/#\\\/schema\\\/person\\\/372f87bbd3fdd79b8556b84c98d0bc1c\"},\"headline\":\"Social media videos take center stage in L.A. mayoral campaign\",\"datePublished\":\"2026-05-14T15:15:19+00:00\",\"dateModified\":\"2026-05-14T15:15:22+00:00\",\"mainEntityOfPage\":{\"@id\":\"https:\\\/\\\/ubirataonline.com.br\\\/social-media-videos-take-center-stage-in-l-a-mayoral-campaign\\\/\"},\"wordCount\":1197,\"publisher\":{\"@id\":\"https:\\\/\\\/ubirataonline.com.br\\\/#organization\"},\"image\":{\"@id\":\"https:\\\/\\\/ubirataonline.com.br\\\/social-media-videos-take-center-stage-in-l-a-mayoral-campaign\\\/#primaryimage\"},\"thumbnailUrl\":\"https:\\\/\\\/ubirataonline.com.br\\\/wp-content\\\/uploads\\\/2026\\\/05\\\/Social-media-videos-take-center-stage-in-LA-mayoral-campaign.com2F9f2F422Fbcc506d141d68674caf82b1f.jpeg\",\"keywords\":[\"Campaign\",\"Center\",\"L.A\",\"mayoral\",\"Media\",\"social\",\"stage\",\"Videos\"],\"articleSection\":[\"Ubirat\u00e3\"],\"inLanguage\":\"en-US\",\"copyrightYear\":\"2026\",\"copyrightHolder\":{\"@id\":\"https:\\\/\\\/ubirataonline.com.br\\\/en\\\/#organization\"}},{\"@type\":\"WebPage\",\"@id\":\"https:\\\/\\\/ubirataonline.com.br\\\/social-media-videos-take-center-stage-in-l-a-mayoral-campaign\\\/\",\"url\":\"https:\\\/\\\/ubirataonline.com.br\\\/social-media-videos-take-center-stage-in-l-a-mayoral-campaign\\\/\",\"name\":\"Social media videos take center stage in L.A. mayoral campaign - Ubirat\u00e3 Online Not\u00edcias - A realidade ao seu alcance!\",\"isPartOf\":{\"@id\":\"https:\\\/\\\/ubirataonline.com.br\\\/#website\"},\"primaryImageOfPage\":{\"@id\":\"https:\\\/\\\/ubirataonline.com.br\\\/social-media-videos-take-center-stage-in-l-a-mayoral-campaign\\\/#primaryimage\"},\"image\":{\"@id\":\"https:\\\/\\\/ubirataonline.com.br\\\/social-media-videos-take-center-stage-in-l-a-mayoral-campaign\\\/#primaryimage\"},\"thumbnailUrl\":\"https:\\\/\\\/ubirataonline.com.br\\\/wp-content\\\/uploads\\\/2026\\\/05\\\/Social-media-videos-take-center-stage-in-LA-mayoral-campaign.com2F9f2F422Fbcc506d141d68674caf82b1f.jpeg\",\"datePublished\":\"2026-05-14T15:15:19+00:00\",\"dateModified\":\"2026-05-14T15:15:22+00:00\",\"description\":\"Spencer Pratt speaks into his smartphone camera, blaming Los Angeles Mayor Karen Bass for the environmental catastrophe of the Palisades fire, which\",\"breadcrumb\":{\"@id\":\"https:\\\/\\\/ubirataonline.com.br\\\/social-media-videos-take-center-stage-in-l-a-mayoral-campaign\\\/#breadcrumb\"},\"inLanguage\":\"en-US\",\"potentialAction\":[{\"@type\":\"ReadAction\",\"target\":[\"https:\\\/\\\/ubirataonline.com.br\\\/social-media-videos-take-center-stage-in-l-a-mayoral-campaign\\\/\"]}]},{\"@type\":\"ImageObject\",\"inLanguage\":\"en-US\",\"@id\":\"https:\\\/\\\/ubirataonline.com.br\\\/social-media-videos-take-center-stage-in-l-a-mayoral-campaign\\\/#primaryimage\",\"url\":\"https:\\\/\\\/ubirataonline.com.br\\\/wp-content\\\/uploads\\\/2026\\\/05\\\/Social-media-videos-take-center-stage-in-LA-mayoral-campaign.com2F9f2F422Fbcc506d141d68674caf82b1f.jpeg\",\"contentUrl\":\"https:\\\/\\\/ubirataonline.com.br\\\/wp-content\\\/uploads\\\/2026\\\/05\\\/Social-media-videos-take-center-stage-in-LA-mayoral-campaign.com2F9f2F422Fbcc506d141d68674caf82b1f.jpeg\",\"width\":1200,\"height\":630,\"caption\":\"Social media videos take center stage in L.A. mayoral campaign\"},{\"@type\":\"BreadcrumbList\",\"@id\":\"https:\\\/\\\/ubirataonline.com.br\\\/social-media-videos-take-center-stage-in-l-a-mayoral-campaign\\\/#breadcrumb\",\"itemListElement\":[{\"@type\":\"ListItem\",\"position\":1,\"name\":\"In\u00edcio\",\"item\":\"https:\\\/\\\/ubirataonline.com.br\\\/\"},{\"@type\":\"ListItem\",\"position\":2,\"name\":\"Social media videos take center stage in L.A. mayoral campaign\"}]},{\"@type\":\"WebSite\",\"@id\":\"https:\\\/\\\/ubirataonline.com.br\\\/#website\",\"url\":\"https:\\\/\\\/ubirataonline.com.br\\\/\",\"name\":\"Ubirat\u00e3 Online Not\u00edcias\",\"description\":\"Not\u00edcias de Ubirat\u00e3, regi\u00e3o, Brasil e mundo, com informa\u00e7\u00e3o atualizada e compromisso com o leitor.\",\"publisher\":{\"@id\":\"https:\\\/\\\/ubirataonline.com.br\\\/#organization\"},\"alternateName\":\"Ubirat\u00e3 Online\",\"potentialAction\":[{\"@type\":\"SearchAction\",\"target\":{\"@type\":\"EntryPoint\",\"urlTemplate\":\"https:\\\/\\\/ubirataonline.com.br\\\/?s={search_term_string}\"},\"query-input\":{\"@type\":\"PropertyValueSpecification\",\"valueRequired\":true,\"valueName\":\"search_term_string\"}}],\"inLanguage\":\"en-US\"},{\"@type\":[\"Organization\",\"Place\"],\"@id\":\"https:\\\/\\\/ubirataonline.com.br\\\/#organization\",\"name\":\"Ubirat\u00e3 Online Not\u00edcias\",\"alternateName\":\"Ubirat\u00e3 Online\",\"url\":\"https:\\\/\\\/ubirataonline.com.br\\\/\",\"logo\":{\"@id\":\"https:\\\/\\\/ubirataonline.com.br\\\/social-media-videos-take-center-stage-in-l-a-mayoral-campaign\\\/#local-main-organization-logo\"},\"image\":{\"@id\":\"https:\\\/\\\/ubirataonline.com.br\\\/social-media-videos-take-center-stage-in-l-a-mayoral-campaign\\\/#local-main-organization-logo\"},\"sameAs\":[\"https:\\\/\\\/www.facebook.com\\\/portalubirataonline\",\"https:\\\/\\\/x.com\\\/ubirataonline\",\"https:\\\/\\\/mastodon.social\\\/@ubirataonline\",\"https:\\\/\\\/www.facebook.com\\\/groups\\\/311144672285604\",\"https:\\\/\\\/www.facebook.com\\\/UBTAOnline\",\"https:\\\/\\\/www.instagram.com\\\/portalubirataonline\\\/\",\"https:\\\/\\\/twitter.com\\\/ubirataonline\"],\"description\":\"Somos um portal de not\u00edcias independente, criado em 5 de janeiro de 2009, com o objetivo de informar, conectar e valorizar a nossa comunidade de Ubirat\u00e3 e toda aregi\u00e3o. Com conte\u00fado atualizado, confi\u00e1vel e relevante, o Ubirat\u00e3 Online \u00e9 o seu espa\u00e7o para ficar por dentro dos principais acontecimentos locais, regionais, Brasil, Mundo e de interesse geral. Nosso compromisso \u00e9 com a verdade, a transpar\u00eancia e o respeito ao leitor.\",\"legalName\":\"UBIRATA ONLINE NOT\u00cdCIAS\",\"foundingDate\":\"2009-01-05\",\"numberOfEmployees\":{\"@type\":\"QuantitativeValue\",\"minValue\":\"1\",\"maxValue\":\"10\"},\"publishingPrinciples\":\"https:\\\/\\\/ubirataonline.com.br\\\/faq\\\/\",\"address\":{\"@id\":\"https:\\\/\\\/ubirataonline.com.br\\\/social-media-videos-take-center-stage-in-l-a-mayoral-campaign\\\/#local-main-place-address\"},\"geo\":{\"@type\":\"GeoCoordinates\",\"latitude\":\"-24.5361401\",\"longitude\":\"-52.9921776\"},\"telephone\":[\"+5544998308235\"],\"contactPoint\":{\"@type\":\"ContactPoint\",\"email\":\"contato@ubirataonline.com.br\"},\"openingHoursSpecification\":{\"@type\":\"OpeningHoursSpecification\",\"dayOfWeek\":[\"Monday\",\"Tuesday\",\"Wednesday\",\"Thursday\",\"Friday\",\"Saturday\",\"Sunday\"],\"opens\":\"00:00\",\"closes\":\"23:59\"},\"email\":\"contato@ubirataonline.com.br\",\"vatID\":\"47.621.418\\\/0001-80\"},{\"@type\":\"Person\",\"@id\":\"https:\\\/\\\/ubirataonline.com.br\\\/#\\\/schema\\\/person\\\/372f87bbd3fdd79b8556b84c98d0bc1c\",\"name\":\"REDA\u00c7\u00c3O: UBIRAT\u00c3 ONLINE - F\u00c1BIO AUGUSTO CELESTINO\",\"pronouns\":\"Ele\",\"description\":\"Desde 2003 trabalhando com not\u00edcias.\",\"sameAs\":[\"http:\\\/\\\/ubirataoline.com.br\",\"https:\\\/\\\/www.facebook.com\\\/portalubirataonline\",\"https:\\\/\\\/www.instagram.com\\\/ubirataonline_oficial\",\"https:\\\/\\\/x.com\\\/x.com\\\/ubirataonline\"],\"honorificPrefix\":\"Mr.\",\"honorificSuffix\":\"MD\",\"birthDate\":\"1980-06-16\",\"gender\":\"masculino\",\"award\":[\"V\u00e1rios pr\u00eamios de melhor portal da cidade\"],\"jobTitle\":\"Diretor\",\"url\":\"https:\\\/\\\/ubirataonline.com.br\\\/en\\\/author\\\/ubirataonline\\\/\"},{\"@type\":\"PostalAddress\",\"@id\":\"https:\\\/\\\/ubirataonline.com.br\\\/social-media-videos-take-center-stage-in-l-a-mayoral-campaign\\\/#local-main-place-address\",\"streetAddress\":\"Rua dos Coqueiros, 104 - Bairro Boa Vista, Rua dos Coqueiros, 104 Bairro Boa Vista\",\"addressLocality\":\"UBIRATA\",\"postalCode\":\"85440-000\",\"addressRegion\":\"PR\",\"addressCountry\":\"BR\"},{\"@type\":\"ImageObject\",\"inLanguage\":\"en-US\",\"@id\":\"https:\\\/\\\/ubirataonline.com.br\\\/social-media-videos-take-center-stage-in-l-a-mayoral-campaign\\\/#local-main-organization-logo\",\"url\":\"https:\\\/\\\/ubirataonline.com.br\\\/wp-content\\\/uploads\\\/2026\\\/06\\\/logoubirataonline-1.webp\",\"contentUrl\":\"https:\\\/\\\/ubirataonline.com.br\\\/wp-content\\\/uploads\\\/2026\\\/06\\\/logoubirataonline-1.webp\",\"width\":500,\"height\":500,\"caption\":\"Ubirat\u00e3 Online Not\u00edcias\"}]}<\/script>\n<meta name=\"geo.placename\" content=\"UBIRATA\" \/>\n<meta name=\"geo.position\" content=\"-24.5361401;-52.9921776\" \/>\n<meta name=\"geo.region\" content=\"Brazil\" \/>\n<!-- \/ Yoast SEO Premium plugin. -->","yoast_head_json":{"title":"Social media videos take center stage in L.A. mayoral campaign - Ubirat\u00e3 Online Not\u00edcias - A realidade ao seu alcance!","description":"Spencer Pratt speaks into his smartphone camera, blaming Los Angeles Mayor Karen Bass for the environmental catastrophe of the Palisades fire, which","robots":{"index":"index","follow":"follow","max-snippet":"max-snippet:-1","max-image-preview":"max-image-preview:large","max-video-preview":"max-video-preview:-1"},"canonical":"https:\/\/ubirataonline.com.br\/en\/social-media-videos-take-center-stage-in-l-a-mayoral-campaign\/","og_locale":"en_US","og_type":"article","og_title":"Social media videos take center stage in L.A. mayoral campaign","og_description":"Spencer Pratt speaks into his smartphone camera, blaming Los Angeles Mayor Karen Bass for the environmental catastrophe of the Palisades fire, which","og_url":"https:\/\/ubirataonline.com.br\/en\/social-media-videos-take-center-stage-in-l-a-mayoral-campaign\/","og_site_name":"Ubirat\u00e3 Online Not\u00edcias - A realidade ao seu alcance!","article_publisher":"https:\/\/www.facebook.com\/portalubirataonline","article_author":"https:\/\/www.facebook.com\/portalubirataonline","article_published_time":"2026-05-14T15:15:19+00:00","article_modified_time":"2026-05-14T15:15:22+00:00","og_image":[{"width":1200,"height":630,"url":"https:\/\/ubirataonline.com.br\/wp-content\/uploads\/2026\/05\/Social-media-videos-take-center-stage-in-LA-mayoral-campaign.com2F9f2F422Fbcc506d141d68674caf82b1f.jpeg","type":"image\/jpeg"}],"author":"REDA\u00c7\u00c3O: UBIRAT\u00c3 ONLINE - F\u00c1BIO AUGUSTO CELESTINO","twitter_card":"summary_large_image","twitter_creator":"@x.com\/ubirataonline","twitter_site":"@ubirataonline","twitter_misc":{"Written by":"REDA\u00c7\u00c3O: UBIRAT\u00c3 ONLINE - F\u00c1BIO AUGUSTO CELESTINO","Est. reading time":"6 minutes"},"schema":{"@context":"https:\/\/schema.org","@graph":[{"@type":"NewsArticle","@id":"https:\/\/ubirataonline.com.br\/social-media-videos-take-center-stage-in-l-a-mayoral-campaign\/#article","isPartOf":{"@id":"https:\/\/ubirataonline.com.br\/social-media-videos-take-center-stage-in-l-a-mayoral-campaign\/"},"author":{"name":"REDA\u00c7\u00c3O: UBIRAT\u00c3 ONLINE - F\u00c1BIO AUGUSTO CELESTINO","@id":"https:\/\/ubirataonline.com.br\/#\/schema\/person\/372f87bbd3fdd79b8556b84c98d0bc1c"},"headline":"Social media videos take center stage in L.A. mayoral campaign","datePublished":"2026-05-14T15:15:19+00:00","dateModified":"2026-05-14T15:15:22+00:00","mainEntityOfPage":{"@id":"https:\/\/ubirataonline.com.br\/social-media-videos-take-center-stage-in-l-a-mayoral-campaign\/"},"wordCount":1197,"publisher":{"@id":"https:\/\/ubirataonline.com.br\/#organization"},"image":{"@id":"https:\/\/ubirataonline.com.br\/social-media-videos-take-center-stage-in-l-a-mayoral-campaign\/#primaryimage"},"thumbnailUrl":"https:\/\/ubirataonline.com.br\/wp-content\/uploads\/2026\/05\/Social-media-videos-take-center-stage-in-LA-mayoral-campaign.com2F9f2F422Fbcc506d141d68674caf82b1f.jpeg","keywords":["Campaign","Center","L.A","mayoral","Media","social","stage","Videos"],"articleSection":["Ubirat\u00e3"],"inLanguage":"en-US","copyrightYear":"2026","copyrightHolder":{"@id":"https:\/\/ubirataonline.com.br\/en\/#organization"}},{"@type":"WebPage","@id":"https:\/\/ubirataonline.com.br\/social-media-videos-take-center-stage-in-l-a-mayoral-campaign\/","url":"https:\/\/ubirataonline.com.br\/social-media-videos-take-center-stage-in-l-a-mayoral-campaign\/","name":"Social media videos take center stage in L.A. mayoral campaign - Ubirat\u00e3 Online Not\u00edcias - A realidade ao seu alcance!","isPartOf":{"@id":"https:\/\/ubirataonline.com.br\/#website"},"primaryImageOfPage":{"@id":"https:\/\/ubirataonline.com.br\/social-media-videos-take-center-stage-in-l-a-mayoral-campaign\/#primaryimage"},"image":{"@id":"https:\/\/ubirataonline.com.br\/social-media-videos-take-center-stage-in-l-a-mayoral-campaign\/#primaryimage"},"thumbnailUrl":"https:\/\/ubirataonline.com.br\/wp-content\/uploads\/2026\/05\/Social-media-videos-take-center-stage-in-LA-mayoral-campaign.com2F9f2F422Fbcc506d141d68674caf82b1f.jpeg","datePublished":"2026-05-14T15:15:19+00:00","dateModified":"2026-05-14T15:15:22+00:00","description":"Spencer Pratt speaks into his smartphone camera, blaming Los Angeles Mayor Karen Bass for the environmental catastrophe of the Palisades fire, which","breadcrumb":{"@id":"https:\/\/ubirataonline.com.br\/social-media-videos-take-center-stage-in-l-a-mayoral-campaign\/#breadcrumb"},"inLanguage":"en-US","potentialAction":[{"@type":"ReadAction","target":["https:\/\/ubirataonline.com.br\/social-media-videos-take-center-stage-in-l-a-mayoral-campaign\/"]}]},{"@type":"ImageObject","inLanguage":"en-US","@id":"https:\/\/ubirataonline.com.br\/social-media-videos-take-center-stage-in-l-a-mayoral-campaign\/#primaryimage","url":"https:\/\/ubirataonline.com.br\/wp-content\/uploads\/2026\/05\/Social-media-videos-take-center-stage-in-LA-mayoral-campaign.com2F9f2F422Fbcc506d141d68674caf82b1f.jpeg","contentUrl":"https:\/\/ubirataonline.com.br\/wp-content\/uploads\/2026\/05\/Social-media-videos-take-center-stage-in-LA-mayoral-campaign.com2F9f2F422Fbcc506d141d68674caf82b1f.jpeg","width":1200,"height":630,"caption":"Social media videos take center stage in L.A. mayoral campaign"},{"@type":"BreadcrumbList","@id":"https:\/\/ubirataonline.com.br\/social-media-videos-take-center-stage-in-l-a-mayoral-campaign\/#breadcrumb","itemListElement":[{"@type":"ListItem","position":1,"name":"In\u00edcio","item":"https:\/\/ubirataonline.com.br\/"},{"@type":"ListItem","position":2,"name":"Social media videos take center stage in L.A. mayoral campaign"}]},{"@type":"WebSite","@id":"https:\/\/ubirataonline.com.br\/#website","url":"https:\/\/ubirataonline.com.br\/","name":"Ubirat\u00e3 Online Not\u00edcias","description":"Not\u00edcias de Ubirat\u00e3, regi\u00e3o, Brasil e mundo, com informa\u00e7\u00e3o atualizada e compromisso com o leitor.","publisher":{"@id":"https:\/\/ubirataonline.com.br\/#organization"},"alternateName":"Ubirat\u00e3 Online","potentialAction":[{"@type":"SearchAction","target":{"@type":"EntryPoint","urlTemplate":"https:\/\/ubirataonline.com.br\/?s={search_term_string}"},"query-input":{"@type":"PropertyValueSpecification","valueRequired":true,"valueName":"search_term_string"}}],"inLanguage":"en-US"},{"@type":["Organization","Place"],"@id":"https:\/\/ubirataonline.com.br\/#organization","name":"Ubirat\u00e3 Online Not\u00edcias","alternateName":"Ubirat\u00e3 Online","url":"https:\/\/ubirataonline.com.br\/","logo":{"@id":"https:\/\/ubirataonline.com.br\/social-media-videos-take-center-stage-in-l-a-mayoral-campaign\/#local-main-organization-logo"},"image":{"@id":"https:\/\/ubirataonline.com.br\/social-media-videos-take-center-stage-in-l-a-mayoral-campaign\/#local-main-organization-logo"},"sameAs":["https:\/\/www.facebook.com\/portalubirataonline","https:\/\/x.com\/ubirataonline","https:\/\/mastodon.social\/@ubirataonline","https:\/\/www.facebook.com\/groups\/311144672285604","https:\/\/www.facebook.com\/UBTAOnline","https:\/\/www.instagram.com\/portalubirataonline\/","https:\/\/twitter.com\/ubirataonline"],"description":"Somos um portal de not\u00edcias independente, criado em 5 de janeiro de 2009, com o objetivo de informar, conectar e valorizar a nossa comunidade de Ubirat\u00e3 e toda aregi\u00e3o. Com conte\u00fado atualizado, confi\u00e1vel e relevante, o Ubirat\u00e3 Online \u00e9 o seu espa\u00e7o para ficar por dentro dos principais acontecimentos locais, regionais, Brasil, Mundo e de interesse geral. Nosso compromisso \u00e9 com a verdade, a transpar\u00eancia e o respeito ao leitor.","legalName":"UBIRATA ONLINE NOT\u00cdCIAS","foundingDate":"2009-01-05","numberOfEmployees":{"@type":"QuantitativeValue","minValue":"1","maxValue":"10"},"publishingPrinciples":"https:\/\/ubirataonline.com.br\/faq\/","address":{"@id":"https:\/\/ubirataonline.com.br\/social-media-videos-take-center-stage-in-l-a-mayoral-campaign\/#local-main-place-address"},"geo":{"@type":"GeoCoordinates","latitude":"-24.5361401","longitude":"-52.9921776"},"telephone":["+5544998308235"],"contactPoint":{"@type":"ContactPoint","email":"contato@ubirataonline.com.br"},"openingHoursSpecification":{"@type":"OpeningHoursSpecification","dayOfWeek":["Monday","Tuesday","Wednesday","Thursday","Friday","Saturday","Sunday"],"opens":"00:00","closes":"23:59"},"email":"contato@ubirataonline.com.br","vatID":"47.621.418\/0001-80"},{"@type":"Person","@id":"https:\/\/ubirataonline.com.br\/#\/schema\/person\/372f87bbd3fdd79b8556b84c98d0bc1c","name":"REDA\u00c7\u00c3O: UBIRAT\u00c3 ONLINE - F\u00c1BIO AUGUSTO CELESTINO","pronouns":"Ele","description":"Desde 2003 trabalhando com not\u00edcias.","sameAs":["http:\/\/ubirataoline.com.br","https:\/\/www.facebook.com\/portalubirataonline","https:\/\/www.instagram.com\/ubirataonline_oficial","https:\/\/x.com\/x.com\/ubirataonline"],"honorificPrefix":"Mr.","honorificSuffix":"MD","birthDate":"1980-06-16","gender":"masculino","award":["V\u00e1rios pr\u00eamios de melhor portal da cidade"],"jobTitle":"Diretor","url":"https:\/\/ubirataonline.com.br\/en\/author\/ubirataonline\/"},{"@type":"PostalAddress","@id":"https:\/\/ubirataonline.com.br\/social-media-videos-take-center-stage-in-l-a-mayoral-campaign\/#local-main-place-address","streetAddress":"Rua dos Coqueiros, 104 - Bairro Boa Vista, Rua dos Coqueiros, 104 Bairro Boa Vista","addressLocality":"UBIRATA","postalCode":"85440-000","addressRegion":"PR","addressCountry":"BR"},{"@type":"ImageObject","inLanguage":"en-US","@id":"https:\/\/ubirataonline.com.br\/social-media-videos-take-center-stage-in-l-a-mayoral-campaign\/#local-main-organization-logo","url":"https:\/\/ubirataonline.com.br\/wp-content\/uploads\/2026\/06\/logoubirataonline-1.webp","contentUrl":"https:\/\/ubirataonline.com.br\/wp-content\/uploads\/2026\/06\/logoubirataonline-1.webp","width":500,"height":500,"caption":"Ubirat\u00e3 Online Not\u00edcias"}]},"geo.placename":"UBIRATA","geo.position":{"lat":"-24.5361401","long":"-52.9921776"},"geo.region":"Brazil"},"_links":{"self":[{"href":"https:\/\/ubirataonline.com.br\/en\/wp-json\/wp\/v2\/posts\/129569","targetHints":{"allow":["GET"]}}],"collection":[{"href":"https:\/\/ubirataonline.com.br\/en\/wp-json\/wp\/v2\/posts"}],"about":[{"href":"https:\/\/ubirataonline.com.br\/en\/wp-json\/wp\/v2\/types\/post"}],"author":[{"embeddable":true,"href":"https:\/\/ubirataonline.com.br\/en\/wp-json\/wp\/v2\/users\/1"}],"replies":[{"embeddable":true,"href":"https:\/\/ubirataonline.com.br\/en\/wp-json\/wp\/v2\/comments?post=129569"}],"version-history":[{"count":0,"href":"https:\/\/ubirataonline.com.br\/en\/wp-json\/wp\/v2\/posts\/129569\/revisions"}],"wp:featuredmedia":[{"embeddable":true,"href":"https:\/\/ubirataonline.com.br\/en\/wp-json\/wp\/v2\/media\/129570"}],"wp:attachment":[{"href":"https:\/\/ubirataonline.com.br\/en\/wp-json\/wp\/v2\/media?parent=129569"}],"wp:term":[{"taxonomy":"category","embeddable":true,"href":"https:\/\/ubirataonline.com.br\/en\/wp-json\/wp\/v2\/categories?post=129569"},{"taxonomy":"post_tag","embeddable":true,"href":"https:\/\/ubirataonline.com.br\/en\/wp-json\/wp\/v2\/tags?post=129569"}],"curies":[{"name":"wp","href":"https:\/\/api.w.org\/{rel}","templated":true}]}}