{"id":129899,"date":"2026-05-14T19:52:08","date_gmt":"2026-05-14T22:52:08","guid":{"rendered":"https:\/\/ubirataonline.com.br\/trump-is-cutting-the-numbers-of-us-troops-in-europe-heres-how\/"},"modified":"2026-05-14T19:52:10","modified_gmt":"2026-05-14T22:52:10","slug":"trump-is-cutting-the-numbers-of-us-troops-in-europe-heres-how","status":"publish","type":"post","link":"https:\/\/ubirataonline.com.br\/en\/trump-is-cutting-the-numbers-of-us-troops-in-europe-heres-how\/","title":{"rendered":"Trump is cutting the numbers of US troops in Europe. Here\u2019s how"},"content":{"rendered":"<p><\/p>\n<div data-editable=\"content\" itemprop=\"articleBody\" data-reorderable=\"content\">\n<p class=\"paragraph-elevate inline-placeholder vossi-paragraph_elevate\" data-uri=\"cms.cnn.com\/_components\/paragraph\/instances\/cmp5z9aon002x2ep5g4qhfd1k@published\" data-editable=\"text\" data-component-name=\"paragraph\" data-article-gutter=\"true\">\n            This week Defense Secretary Pete Hegseth abruptly cancelled two US military deployments to Europe and ordered the removal of other personnel from the continent, according to two defense officials, in a series of moves meant to reduce the number of US troops following criticism by President Donald Trump about support from European allies.\n    <\/p>\n<p class=\"paragraph-elevate inline-placeholder vossi-paragraph_elevate\" data-uri=\"cms.cnn.com\/_components\/paragraph\/instances\/cmp5zcqxf0009356sc130qyra@published\" data-editable=\"text\" data-component-name=\"paragraph\" data-article-gutter=\"true\">\n            A memo signed by Hegseth abruptly halted the scheduled deployment of 2nd Armored Brigade Combat Team, 1st Cavalry Division, which was expected to rotate through Poland and other countries including the Baltic states and Romania, the two defense officials said. Some personnel from the brigade were already in Europe and now must redeploy back to the US.\n    <\/p>\n<p class=\"paragraph-elevate inline-placeholder vossi-paragraph_elevate\" data-uri=\"cms.cnn.com\/_components\/paragraph\/instances\/cmp5zcqxf000a356sr844muyn@published\" data-editable=\"text\" data-component-name=\"paragraph\" data-article-gutter=\"true\">\n            The memo also cancelled the future deployment to Germany of a battalion that specializes in firing long-range rockets and missiles, the defense officials said, and has directed that a command in Europe overseeing those capabilities be removed from the continent.\n    <\/p>\n<p class=\"paragraph-elevate inline-placeholder vossi-paragraph_elevate\" data-uri=\"cms.cnn.com\/_components\/paragraph\/instances\/cmp5zcqxf000b356sbj63qukx@published\" data-editable=\"text\" data-component-name=\"paragraph\" data-article-gutter=\"true\">\n            The change comes after Trump criticized German Chancellor Friedrich Merz who had said the US was being \u201chumiliated\u201d by Iran and has repeatedly criticized NATO countries for not participating in the Iran war. Pentagon spokesman Sean Parnell <a href=\"https:\/\/www.cnn.com\/2026\/05\/01\/politics\/us-troop-withdrawal-germany-trump-merz\">announced<\/a> on May 1 that the Pentagon would withdraw roughly 5,000 troops from Germany, after \u201ca thorough review of the Department\u2019s force posture in Europe.\u201d\n    <\/p>\n<p class=\"paragraph-elevate inline-placeholder vossi-paragraph_elevate\" data-uri=\"cms.cnn.com\/_components\/paragraph\/instances\/cmp5zcqxf000c356sonlb9pcy@published\" data-editable=\"text\" data-component-name=\"paragraph\" data-article-gutter=\"true\">\n            The cancellation of scheduled rotations and deployments could be a way to work around the logistical challenges of quickly withdrawing forces who are permanently stationed in Germany, particularly those whose families are also stationed there, while still bringing numbers down. There are roughly 4,700 soldiers in the brigade combat team whose deployment to Europe has been cancelled, and over 500 soldiers in the long-range rocket and missile battalion, one of the defense officials said.\n    <\/p>\n<p class=\"paragraph-elevate inline-placeholder vossi-paragraph_elevate\" data-uri=\"cms.cnn.com\/_components\/paragraph\/instances\/cmp5zcqxf000d356sxbiakw06@published\" data-editable=\"text\" data-component-name=\"paragraph\" data-article-gutter=\"true\">\n            As of 2025 there were roughly 38,000 US troops in Germany, according to the Council on Foreign Relations, and 80,000 troops in Europe overall.\n    <\/p>\n<p class=\"paragraph-elevate inline-placeholder vossi-paragraph_elevate\" data-uri=\"cms.cnn.com\/_components\/paragraph\/instances\/cmp5zcqxf000e356s1vzol1lg@published\" data-editable=\"text\" data-component-name=\"paragraph\" data-article-gutter=\"true\">\n            Defense Department  talking points on the troop level changes reviewed by CNN tie the decision directly to frustration with Europe and Germany in particular, saying that European nationals \u201chave not stepped up when America needed them,\u201d and that \u201crecent Germany rhetoric has been inappropriate and unhelpful.\u201d\n    <\/p>\n<p class=\"paragraph-elevate inline-placeholder vossi-paragraph_elevate\" data-uri=\"cms.cnn.com\/_components\/paragraph\/instances\/cmp5zcqxf000f356srrxcf51v@published\" data-editable=\"text\" data-component-name=\"paragraph\" data-article-gutter=\"true\">\n            \u201cThe President is rightly reacting to these counterproductive remarks,\u201d the talking points say. They also say the decision will \u201chelp restore readiness\u201d and send a clear signal that Germany and other allies must take over primary responsibility for Europe\u2019s defense.\n    <\/p>\n<p class=\"paragraph-elevate inline-placeholder vossi-paragraph_elevate\" data-uri=\"cms.cnn.com\/_components\/paragraph\/instances\/cmp5zcqxf000g356sn0pdl6sy@published\" data-editable=\"text\" data-component-name=\"paragraph\" data-article-gutter=\"true\">\n            The Defense Department declined to comment on the deployment cancellations and on the prepared talking points.\n    <\/p>\n<p class=\"paragraph-elevate inline-placeholder vossi-paragraph_elevate\" data-uri=\"cms.cnn.com\/_components\/paragraph\/instances\/cmp5zcqxg000h356s57aclo2g@published\" data-editable=\"text\" data-component-name=\"paragraph\" data-article-gutter=\"true\">\n            It\u2019s unclear how many soldiers with 2nd Armored Brigade Combat Team who were already in Europe will now be redeploying back to the US. The talking points say that the Biden administration \u201csurged US brigade combat teams\u201d in Europe in response to Russia\u2019s invasion of Ukraine, but such a move \u201cwas always intended to be temporary.\u201d\n    <\/p>\n<p class=\"paragraph-elevate inline-placeholder vossi-paragraph_elevate\" data-uri=\"cms.cnn.com\/_components\/paragraph\/instances\/cmp5zcqxg000i356scdz8knhn@published\" data-editable=\"text\" data-component-name=\"paragraph\" data-article-gutter=\"true\">\n            The battalion focused on long-range missiles \u2014 3rd Battalion, 12th Field Artillery Regiment \u2014 was expected to deploy to Germany later this year and \u201cultimately be stationed in Germany in the years ahead,\u201d the prepared talking points say.\n    <\/p>\n<p class=\"paragraph-elevate inline-placeholder vossi-paragraph_elevate\" data-uri=\"cms.cnn.com\/_components\/paragraph\/instances\/cmp5zcqxg000j356sx57xb8h5@published\" data-editable=\"text\" data-component-name=\"paragraph\" data-article-gutter=\"true\">\n            The announcement of the intent to withdraw troops has raised eyebrows on Capitol Hill; the Republican chairmen of the House and Senate Armed Services committees said in a statement they were \u201cvery concerned\u201d by the decision.\n    <\/p>\n<p class=\"paragraph-elevate inline-placeholder vossi-paragraph_elevate\" data-uri=\"cms.cnn.com\/_components\/paragraph\/instances\/cmp5zcqxg000k356sdqu7bkul@published\" data-editable=\"text\" data-component-name=\"paragraph\" data-article-gutter=\"true\">\n            \u201cGermany has stepped up in response to President Trump\u2019s call for greater burden sharing, significantly increasing defense spending and providing seamless access, basing, and overflight for US forces in support of Operation Epic Fury,\u201d Sen. Roger Wicker and Rep. Mike Rogers said in a joint statement on May 2 after the planned reduction of troops in Germany was first announced.\n    <\/p>\n<p class=\"paragraph-elevate inline-placeholder vossi-paragraph_elevate\" data-uri=\"cms.cnn.com\/_components\/paragraph\/instances\/cmp5zcqxg000l356sh3jlbxkk@published\" data-editable=\"text\" data-component-name=\"paragraph\" data-article-gutter=\"true\">\n            The <a href=\"https:\/\/www.congress.gov\/bill\/119th-congress\/senate-bill\/1071\/text\" target=\"_blank\">2026 funding bill<\/a> for the Pentagon said that the US military could not have under 76,000 troops permanently stationed or deployed to Europe for more than 45 days without providing a series of notifications and certifications to Congress about strategy.\n    <\/p>\n<p class=\"paragraph-elevate inline-placeholder vossi-paragraph_elevate\" data-uri=\"cms.cnn.com\/_components\/paragraph\/instances\/cmp5zcqxg000m356sgpym1wup@published\" data-editable=\"text\" data-component-name=\"paragraph\" data-article-gutter=\"true\">\n            On Thursday, Democratic Sen. Jeanne Shaheen told reporters that the cancellation of the deployment to Poland \u201ccame as a surprise.\u201d\n    <\/p>\n<p class=\"paragraph-elevate inline-placeholder vossi-paragraph_elevate\" data-uri=\"cms.cnn.com\/_components\/paragraph\/instances\/cmp5zcqxg000n356sducn0s1i@published\" data-editable=\"text\" data-component-name=\"paragraph\" data-article-gutter=\"true\">\n            \u201cAs far as I know, we weren\u2019t notified about it,\u201d said Shaheen, who sits on the Senate Armed Services Committee.\n    <\/p>\n<p class=\"paragraph-elevate inline-placeholder vossi-paragraph_elevate\" data-uri=\"cms.cnn.com\/_components\/paragraph\/instances\/cmp5zcqxg000o356slmvy7sdd@published\" data-editable=\"text\" data-component-name=\"paragraph\" data-article-gutter=\"true\">\n            \u201cIt is, I think, very short sighted,\u201d she said. \u201cIt sends the wrong message \u2014 wrong message to Vladimir Putin, wrong message to China, wrong message to Iran.\u201d\n    <\/p>\n<p class=\"paragraph-elevate inline-placeholder vossi-paragraph_elevate\" data-uri=\"cms.cnn.com\/_components\/paragraph\/instances\/cmp5zcqxg000p356sr0hwhgif@published\" data-editable=\"text\" data-component-name=\"paragraph\" data-article-gutter=\"true\">\n            Military officials have made clear that Russia still poses a threat to the US and its allies in Europe. Gen. Alex Grynkewich, commander of US European Command and the NATO Supreme Allied Commander Europe, told lawmakers in March that Russia \u201cis an enduring regional challenger, capable of threatening the US homeland.\u201d\n    <\/p>\n<p class=\"paragraph-elevate inline-placeholder vossi-paragraph_elevate\" data-uri=\"cms.cnn.com\/_components\/paragraph\/instances\/cmp5zcqxg000q356sa46svyjg@published\" data-editable=\"text\" data-component-name=\"paragraph\" data-article-gutter=\"true\">\n            \u201cDespite significant losses in Ukraine,\u201d Grynkewich also <a href=\"https:\/\/www.war.gov\/News\/News-Stories\/Article\/Article\/4437408\/leaders-address-war-in-ukraine-russia-threat\/\" target=\"_blank\">said during an earlier hearing<\/a>, \u201cRussia retains the capability and the capacity to threaten US interests with its large and increasingly diverse nuclear stockpile, asymmetric capabilities and competent ground, air and maritime forces.\u201d\n    <\/p>\n<\/p><\/div>\n<p><a href=\"https:\/\/www.cnn.com\/2026\/05\/14\/politics\/us-military-troop-numbers-europe-trump\">Source link <\/a><\/p>","protected":false},"excerpt":{"rendered":"<p>This week Defense Secretary Pete Hegseth abruptly cancelled two US military deployments to Europe and ordered the removal of other personnel from the continent, according to two defense officials, in a series of moves meant to reduce the number of US troops following criticism by President Donald Trump about support from European allies. A memo [&hellip;]<\/p>\n","protected":false},"author":1,"featured_media":129900,"comment_status":"closed","ping_status":"","sticky":false,"template":"","format":"standard","meta":{"googlesitekit_rrm_CAow2JLhCw:productID":"","_gspb_post_css":"","maa_idioma":"","maa_pais":"","footnotes":""},"categories":[1],"tags":[20940,13671,5578,8813,12423,1603],"class_list":["post-129899","post","type-post","status-publish","format-standard","has-post-thumbnail","hentry","category-ubirata","tag-cutting","tag-europe","tag-heres","tag-numbers","tag-troops","tag-trump"],"blocksy_meta":[],"yoast_head":"<!-- This site is optimized with the Yoast SEO Premium plugin v27.6 (Yoast SEO v27.6) - https:\/\/yoast.com\/product\/yoast-seo-premium-wordpress\/ -->\n<title>Trump is cutting the numbers of US troops in Europe. Here\u2019s how - Ubirat\u00e3 Online Not\u00edcias - A realidade ao seu alcance!<\/title>\n<meta name=\"description\" content=\"This week Defense Secretary Pete Hegseth abruptly cancelled two US military deployments to Europe and ordered the removal of other personnel from the\" \/>\n<meta name=\"robots\" content=\"index, follow, max-snippet:-1, max-image-preview:large, max-video-preview:-1\" \/>\n<link rel=\"canonical\" href=\"https:\/\/ubirataonline.com.br\/en\/trump-is-cutting-the-numbers-of-us-troops-in-europe-heres-how\/\" \/>\n<meta property=\"og:locale\" content=\"en_US\" \/>\n<meta property=\"og:type\" content=\"article\" \/>\n<meta property=\"og:title\" content=\"Trump is cutting the numbers of US troops in Europe. Here\u2019s how\" \/>\n<meta property=\"og:description\" content=\"This week Defense Secretary Pete Hegseth abruptly cancelled two US military deployments to Europe and ordered the removal of other personnel from the\" \/>\n<meta property=\"og:url\" content=\"https:\/\/ubirataonline.com.br\/en\/trump-is-cutting-the-numbers-of-us-troops-in-europe-heres-how\/\" \/>\n<meta property=\"og:site_name\" content=\"Ubirat\u00e3 Online Not\u00edcias - A realidade ao seu alcance!\" \/>\n<meta property=\"article:publisher\" content=\"https:\/\/www.facebook.com\/portalubirataonline\" \/>\n<meta property=\"article:author\" content=\"https:\/\/www.facebook.com\/portalubirataonline\" \/>\n<meta property=\"article:published_time\" content=\"2026-05-14T22:52:08+00:00\" \/>\n<meta property=\"article:modified_time\" content=\"2026-05-14T22:52:10+00:00\" \/>\n<meta property=\"og:image\" content=\"https:\/\/ubirataonline.com.br\/wp-content\/uploads\/2026\/05\/Trump-is-cutting-the-numbers-of-US-troops-in-Europe.jpg\" \/>\n\t<meta property=\"og:image:width\" content=\"800\" \/>\n\t<meta property=\"og:image:height\" content=\"450\" \/>\n\t<meta property=\"og:image:type\" content=\"image\/jpeg\" \/>\n<meta name=\"author\" content=\"REDA\u00c7\u00c3O: UBIRAT\u00c3 ONLINE - F\u00c1BIO AUGUSTO CELESTINO\" \/>\n<meta name=\"twitter:card\" content=\"summary_large_image\" \/>\n<meta name=\"twitter:creator\" content=\"@x.com\/ubirataonline\" \/>\n<meta name=\"twitter:site\" content=\"@ubirataonline\" \/>\n<meta name=\"twitter:label1\" content=\"Written by\" \/>\n\t<meta name=\"twitter:data1\" content=\"REDA\u00c7\u00c3O: UBIRAT\u00c3 ONLINE - F\u00c1BIO AUGUSTO CELESTINO\" \/>\n\t<meta name=\"twitter:label2\" content=\"Est. reading time\" \/>\n\t<meta name=\"twitter:data2\" content=\"4 minutes\" \/>\n<script type=\"application\/ld+json\" class=\"yoast-schema-graph\">{\"@context\":\"https:\\\/\\\/schema.org\",\"@graph\":[{\"@type\":\"NewsArticle\",\"@id\":\"https:\\\/\\\/ubirataonline.com.br\\\/trump-is-cutting-the-numbers-of-us-troops-in-europe-heres-how\\\/#article\",\"isPartOf\":{\"@id\":\"https:\\\/\\\/ubirataonline.com.br\\\/trump-is-cutting-the-numbers-of-us-troops-in-europe-heres-how\\\/\"},\"author\":{\"name\":\"REDA\u00c7\u00c3O: UBIRAT\u00c3 ONLINE - F\u00c1BIO AUGUSTO CELESTINO\",\"@id\":\"https:\\\/\\\/ubirataonline.com.br\\\/#\\\/schema\\\/person\\\/372f87bbd3fdd79b8556b84c98d0bc1c\"},\"headline\":\"Trump is cutting the numbers of US troops in Europe. Here\u2019s how\",\"datePublished\":\"2026-05-14T22:52:08+00:00\",\"dateModified\":\"2026-05-14T22:52:10+00:00\",\"mainEntityOfPage\":{\"@id\":\"https:\\\/\\\/ubirataonline.com.br\\\/trump-is-cutting-the-numbers-of-us-troops-in-europe-heres-how\\\/\"},\"wordCount\":809,\"publisher\":{\"@id\":\"https:\\\/\\\/ubirataonline.com.br\\\/#organization\"},\"image\":{\"@id\":\"https:\\\/\\\/ubirataonline.com.br\\\/trump-is-cutting-the-numbers-of-us-troops-in-europe-heres-how\\\/#primaryimage\"},\"thumbnailUrl\":\"https:\\\/\\\/ubirataonline.com.br\\\/wp-content\\\/uploads\\\/2026\\\/05\\\/Trump-is-cutting-the-numbers-of-US-troops-in-Europe.jpg\",\"keywords\":[\"cutting\",\"Europe\",\"Heres\",\"numbers\",\"Troops\",\"Trump\"],\"articleSection\":[\"Ubirat\u00e3\"],\"inLanguage\":\"en-US\",\"copyrightYear\":\"2026\",\"copyrightHolder\":{\"@id\":\"https:\\\/\\\/ubirataonline.com.br\\\/en\\\/#organization\"}},{\"@type\":\"WebPage\",\"@id\":\"https:\\\/\\\/ubirataonline.com.br\\\/trump-is-cutting-the-numbers-of-us-troops-in-europe-heres-how\\\/\",\"url\":\"https:\\\/\\\/ubirataonline.com.br\\\/trump-is-cutting-the-numbers-of-us-troops-in-europe-heres-how\\\/\",\"name\":\"Trump is cutting the numbers of US troops in Europe. Here\u2019s how - Ubirat\u00e3 Online Not\u00edcias - A realidade ao seu alcance!\",\"isPartOf\":{\"@id\":\"https:\\\/\\\/ubirataonline.com.br\\\/#website\"},\"primaryImageOfPage\":{\"@id\":\"https:\\\/\\\/ubirataonline.com.br\\\/trump-is-cutting-the-numbers-of-us-troops-in-europe-heres-how\\\/#primaryimage\"},\"image\":{\"@id\":\"https:\\\/\\\/ubirataonline.com.br\\\/trump-is-cutting-the-numbers-of-us-troops-in-europe-heres-how\\\/#primaryimage\"},\"thumbnailUrl\":\"https:\\\/\\\/ubirataonline.com.br\\\/wp-content\\\/uploads\\\/2026\\\/05\\\/Trump-is-cutting-the-numbers-of-US-troops-in-Europe.jpg\",\"datePublished\":\"2026-05-14T22:52:08+00:00\",\"dateModified\":\"2026-05-14T22:52:10+00:00\",\"description\":\"This week Defense Secretary Pete Hegseth abruptly cancelled two US military deployments to Europe and ordered the removal of other personnel from the\",\"breadcrumb\":{\"@id\":\"https:\\\/\\\/ubirataonline.com.br\\\/trump-is-cutting-the-numbers-of-us-troops-in-europe-heres-how\\\/#breadcrumb\"},\"inLanguage\":\"en-US\",\"potentialAction\":[{\"@type\":\"ReadAction\",\"target\":[\"https:\\\/\\\/ubirataonline.com.br\\\/trump-is-cutting-the-numbers-of-us-troops-in-europe-heres-how\\\/\"]}]},{\"@type\":\"ImageObject\",\"inLanguage\":\"en-US\",\"@id\":\"https:\\\/\\\/ubirataonline.com.br\\\/trump-is-cutting-the-numbers-of-us-troops-in-europe-heres-how\\\/#primaryimage\",\"url\":\"https:\\\/\\\/ubirataonline.com.br\\\/wp-content\\\/uploads\\\/2026\\\/05\\\/Trump-is-cutting-the-numbers-of-US-troops-in-Europe.jpg\",\"contentUrl\":\"https:\\\/\\\/ubirataonline.com.br\\\/wp-content\\\/uploads\\\/2026\\\/05\\\/Trump-is-cutting-the-numbers-of-US-troops-in-Europe.jpg\",\"width\":800,\"height\":450,\"caption\":\"Maja Hitij\\\/Getty Images\"},{\"@type\":\"BreadcrumbList\",\"@id\":\"https:\\\/\\\/ubirataonline.com.br\\\/trump-is-cutting-the-numbers-of-us-troops-in-europe-heres-how\\\/#breadcrumb\",\"itemListElement\":[{\"@type\":\"ListItem\",\"position\":1,\"name\":\"In\u00edcio\",\"item\":\"https:\\\/\\\/ubirataonline.com.br\\\/\"},{\"@type\":\"ListItem\",\"position\":2,\"name\":\"Trump is cutting the numbers of US troops in Europe. Here\u2019s how\"}]},{\"@type\":\"WebSite\",\"@id\":\"https:\\\/\\\/ubirataonline.com.br\\\/#website\",\"url\":\"https:\\\/\\\/ubirataonline.com.br\\\/\",\"name\":\"Ubirat\u00e3 Online Not\u00edcias\",\"description\":\"Not\u00edcias de Ubirat\u00e3, regi\u00e3o, Brasil e mundo, com informa\u00e7\u00e3o atualizada e compromisso com o leitor.\",\"publisher\":{\"@id\":\"https:\\\/\\\/ubirataonline.com.br\\\/#organization\"},\"alternateName\":\"Ubirat\u00e3 Online\",\"potentialAction\":[{\"@type\":\"SearchAction\",\"target\":{\"@type\":\"EntryPoint\",\"urlTemplate\":\"https:\\\/\\\/ubirataonline.com.br\\\/?s={search_term_string}\"},\"query-input\":{\"@type\":\"PropertyValueSpecification\",\"valueRequired\":true,\"valueName\":\"search_term_string\"}}],\"inLanguage\":\"en-US\"},{\"@type\":[\"Organization\",\"Place\"],\"@id\":\"https:\\\/\\\/ubirataonline.com.br\\\/#organization\",\"name\":\"Ubirat\u00e3 Online Not\u00edcias\",\"alternateName\":\"Ubirat\u00e3 Online\",\"url\":\"https:\\\/\\\/ubirataonline.com.br\\\/\",\"logo\":{\"@id\":\"https:\\\/\\\/ubirataonline.com.br\\\/trump-is-cutting-the-numbers-of-us-troops-in-europe-heres-how\\\/#local-main-organization-logo\"},\"image\":{\"@id\":\"https:\\\/\\\/ubirataonline.com.br\\\/trump-is-cutting-the-numbers-of-us-troops-in-europe-heres-how\\\/#local-main-organization-logo\"},\"sameAs\":[\"https:\\\/\\\/www.facebook.com\\\/portalubirataonline\",\"https:\\\/\\\/x.com\\\/ubirataonline\",\"https:\\\/\\\/mastodon.social\\\/@ubirataonline\",\"https:\\\/\\\/www.facebook.com\\\/groups\\\/311144672285604\",\"https:\\\/\\\/www.facebook.com\\\/UBTAOnline\",\"https:\\\/\\\/www.instagram.com\\\/portalubirataonline\\\/\",\"https:\\\/\\\/twitter.com\\\/ubirataonline\"],\"description\":\"Somos um portal de not\u00edcias independente, criado em 5 de janeiro de 2009, com o objetivo de informar, conectar e valorizar a nossa comunidade de Ubirat\u00e3 e toda aregi\u00e3o. Com conte\u00fado atualizado, confi\u00e1vel e relevante, o Ubirat\u00e3 Online \u00e9 o seu espa\u00e7o para ficar por dentro dos principais acontecimentos locais, regionais, Brasil, Mundo e de interesse geral. Nosso compromisso \u00e9 com a verdade, a transpar\u00eancia e o respeito ao leitor.\",\"legalName\":\"UBIRATA ONLINE NOT\u00cdCIAS\",\"foundingDate\":\"2009-01-05\",\"numberOfEmployees\":{\"@type\":\"QuantitativeValue\",\"minValue\":\"1\",\"maxValue\":\"10\"},\"publishingPrinciples\":\"https:\\\/\\\/ubirataonline.com.br\\\/faq\\\/\",\"address\":{\"@id\":\"https:\\\/\\\/ubirataonline.com.br\\\/trump-is-cutting-the-numbers-of-us-troops-in-europe-heres-how\\\/#local-main-place-address\"},\"geo\":{\"@type\":\"GeoCoordinates\",\"latitude\":\"-24.5361401\",\"longitude\":\"-52.9921776\"},\"telephone\":[\"+5544998308235\"],\"contactPoint\":{\"@type\":\"ContactPoint\",\"email\":\"contato@ubirataonline.com.br\"},\"openingHoursSpecification\":{\"@type\":\"OpeningHoursSpecification\",\"dayOfWeek\":[\"Monday\",\"Tuesday\",\"Wednesday\",\"Thursday\",\"Friday\",\"Saturday\",\"Sunday\"],\"opens\":\"00:00\",\"closes\":\"23:59\"},\"email\":\"contato@ubirataonline.com.br\",\"vatID\":\"47.621.418\\\/0001-80\"},{\"@type\":\"Person\",\"@id\":\"https:\\\/\\\/ubirataonline.com.br\\\/#\\\/schema\\\/person\\\/372f87bbd3fdd79b8556b84c98d0bc1c\",\"name\":\"REDA\u00c7\u00c3O: UBIRAT\u00c3 ONLINE - F\u00c1BIO AUGUSTO CELESTINO\",\"pronouns\":\"Ele\",\"description\":\"Desde 2003 trabalhando com not\u00edcias.\",\"sameAs\":[\"http:\\\/\\\/ubirataoline.com.br\",\"https:\\\/\\\/www.facebook.com\\\/portalubirataonline\",\"https:\\\/\\\/www.instagram.com\\\/ubirataonline_oficial\",\"https:\\\/\\\/x.com\\\/x.com\\\/ubirataonline\"],\"honorificPrefix\":\"Mr.\",\"honorificSuffix\":\"MD\",\"birthDate\":\"1980-06-16\",\"gender\":\"masculino\",\"award\":[\"V\u00e1rios pr\u00eamios de melhor portal da cidade\"],\"jobTitle\":\"Diretor\",\"url\":\"https:\\\/\\\/ubirataonline.com.br\\\/en\\\/author\\\/ubirataonline\\\/\"},{\"@type\":\"PostalAddress\",\"@id\":\"https:\\\/\\\/ubirataonline.com.br\\\/trump-is-cutting-the-numbers-of-us-troops-in-europe-heres-how\\\/#local-main-place-address\",\"streetAddress\":\"Rua dos Coqueiros, 104 - Bairro Boa Vista, Rua dos Coqueiros, 104 Bairro Boa Vista\",\"addressLocality\":\"UBIRATA\",\"postalCode\":\"85440-000\",\"addressRegion\":\"PR\",\"addressCountry\":\"BR\"},{\"@type\":\"ImageObject\",\"inLanguage\":\"en-US\",\"@id\":\"https:\\\/\\\/ubirataonline.com.br\\\/trump-is-cutting-the-numbers-of-us-troops-in-europe-heres-how\\\/#local-main-organization-logo\",\"url\":\"https:\\\/\\\/ubirataonline.com.br\\\/wp-content\\\/uploads\\\/2026\\\/06\\\/logoubirataonline-1.webp\",\"contentUrl\":\"https:\\\/\\\/ubirataonline.com.br\\\/wp-content\\\/uploads\\\/2026\\\/06\\\/logoubirataonline-1.webp\",\"width\":500,\"height\":500,\"caption\":\"Ubirat\u00e3 Online Not\u00edcias\"}]}<\/script>\n<meta name=\"geo.placename\" content=\"UBIRATA\" \/>\n<meta name=\"geo.position\" content=\"-24.5361401;-52.9921776\" \/>\n<meta name=\"geo.region\" content=\"Brazil\" \/>\n<!-- \/ Yoast SEO Premium plugin. -->","yoast_head_json":{"title":"Trump is cutting the numbers of US troops in Europe. Here\u2019s how - Ubirat\u00e3 Online Not\u00edcias - A realidade ao seu alcance!","description":"This week Defense Secretary Pete Hegseth abruptly cancelled two US military deployments to Europe and ordered the removal of other personnel from the","robots":{"index":"index","follow":"follow","max-snippet":"max-snippet:-1","max-image-preview":"max-image-preview:large","max-video-preview":"max-video-preview:-1"},"canonical":"https:\/\/ubirataonline.com.br\/en\/trump-is-cutting-the-numbers-of-us-troops-in-europe-heres-how\/","og_locale":"en_US","og_type":"article","og_title":"Trump is cutting the numbers of US troops in Europe. Here\u2019s how","og_description":"This week Defense Secretary Pete Hegseth abruptly cancelled two US military deployments to Europe and ordered the removal of other personnel from the","og_url":"https:\/\/ubirataonline.com.br\/en\/trump-is-cutting-the-numbers-of-us-troops-in-europe-heres-how\/","og_site_name":"Ubirat\u00e3 Online Not\u00edcias - A realidade ao seu alcance!","article_publisher":"https:\/\/www.facebook.com\/portalubirataonline","article_author":"https:\/\/www.facebook.com\/portalubirataonline","article_published_time":"2026-05-14T22:52:08+00:00","article_modified_time":"2026-05-14T22:52:10+00:00","og_image":[{"width":800,"height":450,"url":"https:\/\/ubirataonline.com.br\/wp-content\/uploads\/2026\/05\/Trump-is-cutting-the-numbers-of-US-troops-in-Europe.jpg","type":"image\/jpeg"}],"author":"REDA\u00c7\u00c3O: UBIRAT\u00c3 ONLINE - F\u00c1BIO AUGUSTO CELESTINO","twitter_card":"summary_large_image","twitter_creator":"@x.com\/ubirataonline","twitter_site":"@ubirataonline","twitter_misc":{"Written by":"REDA\u00c7\u00c3O: UBIRAT\u00c3 ONLINE - F\u00c1BIO AUGUSTO CELESTINO","Est. reading time":"4 minutes"},"schema":{"@context":"https:\/\/schema.org","@graph":[{"@type":"NewsArticle","@id":"https:\/\/ubirataonline.com.br\/trump-is-cutting-the-numbers-of-us-troops-in-europe-heres-how\/#article","isPartOf":{"@id":"https:\/\/ubirataonline.com.br\/trump-is-cutting-the-numbers-of-us-troops-in-europe-heres-how\/"},"author":{"name":"REDA\u00c7\u00c3O: UBIRAT\u00c3 ONLINE - F\u00c1BIO AUGUSTO CELESTINO","@id":"https:\/\/ubirataonline.com.br\/#\/schema\/person\/372f87bbd3fdd79b8556b84c98d0bc1c"},"headline":"Trump is cutting the numbers of US troops in Europe. Here\u2019s how","datePublished":"2026-05-14T22:52:08+00:00","dateModified":"2026-05-14T22:52:10+00:00","mainEntityOfPage":{"@id":"https:\/\/ubirataonline.com.br\/trump-is-cutting-the-numbers-of-us-troops-in-europe-heres-how\/"},"wordCount":809,"publisher":{"@id":"https:\/\/ubirataonline.com.br\/#organization"},"image":{"@id":"https:\/\/ubirataonline.com.br\/trump-is-cutting-the-numbers-of-us-troops-in-europe-heres-how\/#primaryimage"},"thumbnailUrl":"https:\/\/ubirataonline.com.br\/wp-content\/uploads\/2026\/05\/Trump-is-cutting-the-numbers-of-US-troops-in-Europe.jpg","keywords":["cutting","Europe","Heres","numbers","Troops","Trump"],"articleSection":["Ubirat\u00e3"],"inLanguage":"en-US","copyrightYear":"2026","copyrightHolder":{"@id":"https:\/\/ubirataonline.com.br\/en\/#organization"}},{"@type":"WebPage","@id":"https:\/\/ubirataonline.com.br\/trump-is-cutting-the-numbers-of-us-troops-in-europe-heres-how\/","url":"https:\/\/ubirataonline.com.br\/trump-is-cutting-the-numbers-of-us-troops-in-europe-heres-how\/","name":"Trump is cutting the numbers of US troops in Europe. Here\u2019s how - Ubirat\u00e3 Online Not\u00edcias - A realidade ao seu alcance!","isPartOf":{"@id":"https:\/\/ubirataonline.com.br\/#website"},"primaryImageOfPage":{"@id":"https:\/\/ubirataonline.com.br\/trump-is-cutting-the-numbers-of-us-troops-in-europe-heres-how\/#primaryimage"},"image":{"@id":"https:\/\/ubirataonline.com.br\/trump-is-cutting-the-numbers-of-us-troops-in-europe-heres-how\/#primaryimage"},"thumbnailUrl":"https:\/\/ubirataonline.com.br\/wp-content\/uploads\/2026\/05\/Trump-is-cutting-the-numbers-of-US-troops-in-Europe.jpg","datePublished":"2026-05-14T22:52:08+00:00","dateModified":"2026-05-14T22:52:10+00:00","description":"This week Defense Secretary Pete Hegseth abruptly cancelled two US military deployments to Europe and ordered the removal of other personnel from the","breadcrumb":{"@id":"https:\/\/ubirataonline.com.br\/trump-is-cutting-the-numbers-of-us-troops-in-europe-heres-how\/#breadcrumb"},"inLanguage":"en-US","potentialAction":[{"@type":"ReadAction","target":["https:\/\/ubirataonline.com.br\/trump-is-cutting-the-numbers-of-us-troops-in-europe-heres-how\/"]}]},{"@type":"ImageObject","inLanguage":"en-US","@id":"https:\/\/ubirataonline.com.br\/trump-is-cutting-the-numbers-of-us-troops-in-europe-heres-how\/#primaryimage","url":"https:\/\/ubirataonline.com.br\/wp-content\/uploads\/2026\/05\/Trump-is-cutting-the-numbers-of-US-troops-in-Europe.jpg","contentUrl":"https:\/\/ubirataonline.com.br\/wp-content\/uploads\/2026\/05\/Trump-is-cutting-the-numbers-of-US-troops-in-Europe.jpg","width":800,"height":450,"caption":"Maja Hitij\/Getty Images"},{"@type":"BreadcrumbList","@id":"https:\/\/ubirataonline.com.br\/trump-is-cutting-the-numbers-of-us-troops-in-europe-heres-how\/#breadcrumb","itemListElement":[{"@type":"ListItem","position":1,"name":"In\u00edcio","item":"https:\/\/ubirataonline.com.br\/"},{"@type":"ListItem","position":2,"name":"Trump is cutting the numbers of US troops in Europe. Here\u2019s how"}]},{"@type":"WebSite","@id":"https:\/\/ubirataonline.com.br\/#website","url":"https:\/\/ubirataonline.com.br\/","name":"Ubirat\u00e3 Online Not\u00edcias","description":"Not\u00edcias de Ubirat\u00e3, regi\u00e3o, Brasil e mundo, com informa\u00e7\u00e3o atualizada e compromisso com o leitor.","publisher":{"@id":"https:\/\/ubirataonline.com.br\/#organization"},"alternateName":"Ubirat\u00e3 Online","potentialAction":[{"@type":"SearchAction","target":{"@type":"EntryPoint","urlTemplate":"https:\/\/ubirataonline.com.br\/?s={search_term_string}"},"query-input":{"@type":"PropertyValueSpecification","valueRequired":true,"valueName":"search_term_string"}}],"inLanguage":"en-US"},{"@type":["Organization","Place"],"@id":"https:\/\/ubirataonline.com.br\/#organization","name":"Ubirat\u00e3 Online Not\u00edcias","alternateName":"Ubirat\u00e3 Online","url":"https:\/\/ubirataonline.com.br\/","logo":{"@id":"https:\/\/ubirataonline.com.br\/trump-is-cutting-the-numbers-of-us-troops-in-europe-heres-how\/#local-main-organization-logo"},"image":{"@id":"https:\/\/ubirataonline.com.br\/trump-is-cutting-the-numbers-of-us-troops-in-europe-heres-how\/#local-main-organization-logo"},"sameAs":["https:\/\/www.facebook.com\/portalubirataonline","https:\/\/x.com\/ubirataonline","https:\/\/mastodon.social\/@ubirataonline","https:\/\/www.facebook.com\/groups\/311144672285604","https:\/\/www.facebook.com\/UBTAOnline","https:\/\/www.instagram.com\/portalubirataonline\/","https:\/\/twitter.com\/ubirataonline"],"description":"Somos um portal de not\u00edcias independente, criado em 5 de janeiro de 2009, com o objetivo de informar, conectar e valorizar a nossa comunidade de Ubirat\u00e3 e toda aregi\u00e3o. Com conte\u00fado atualizado, confi\u00e1vel e relevante, o Ubirat\u00e3 Online \u00e9 o seu espa\u00e7o para ficar por dentro dos principais acontecimentos locais, regionais, Brasil, Mundo e de interesse geral. Nosso compromisso \u00e9 com a verdade, a transpar\u00eancia e o respeito ao leitor.","legalName":"UBIRATA ONLINE NOT\u00cdCIAS","foundingDate":"2009-01-05","numberOfEmployees":{"@type":"QuantitativeValue","minValue":"1","maxValue":"10"},"publishingPrinciples":"https:\/\/ubirataonline.com.br\/faq\/","address":{"@id":"https:\/\/ubirataonline.com.br\/trump-is-cutting-the-numbers-of-us-troops-in-europe-heres-how\/#local-main-place-address"},"geo":{"@type":"GeoCoordinates","latitude":"-24.5361401","longitude":"-52.9921776"},"telephone":["+5544998308235"],"contactPoint":{"@type":"ContactPoint","email":"contato@ubirataonline.com.br"},"openingHoursSpecification":{"@type":"OpeningHoursSpecification","dayOfWeek":["Monday","Tuesday","Wednesday","Thursday","Friday","Saturday","Sunday"],"opens":"00:00","closes":"23:59"},"email":"contato@ubirataonline.com.br","vatID":"47.621.418\/0001-80"},{"@type":"Person","@id":"https:\/\/ubirataonline.com.br\/#\/schema\/person\/372f87bbd3fdd79b8556b84c98d0bc1c","name":"REDA\u00c7\u00c3O: UBIRAT\u00c3 ONLINE - F\u00c1BIO AUGUSTO CELESTINO","pronouns":"Ele","description":"Desde 2003 trabalhando com not\u00edcias.","sameAs":["http:\/\/ubirataoline.com.br","https:\/\/www.facebook.com\/portalubirataonline","https:\/\/www.instagram.com\/ubirataonline_oficial","https:\/\/x.com\/x.com\/ubirataonline"],"honorificPrefix":"Mr.","honorificSuffix":"MD","birthDate":"1980-06-16","gender":"masculino","award":["V\u00e1rios pr\u00eamios de melhor portal da cidade"],"jobTitle":"Diretor","url":"https:\/\/ubirataonline.com.br\/en\/author\/ubirataonline\/"},{"@type":"PostalAddress","@id":"https:\/\/ubirataonline.com.br\/trump-is-cutting-the-numbers-of-us-troops-in-europe-heres-how\/#local-main-place-address","streetAddress":"Rua dos Coqueiros, 104 - Bairro Boa Vista, Rua dos Coqueiros, 104 Bairro Boa Vista","addressLocality":"UBIRATA","postalCode":"85440-000","addressRegion":"PR","addressCountry":"BR"},{"@type":"ImageObject","inLanguage":"en-US","@id":"https:\/\/ubirataonline.com.br\/trump-is-cutting-the-numbers-of-us-troops-in-europe-heres-how\/#local-main-organization-logo","url":"https:\/\/ubirataonline.com.br\/wp-content\/uploads\/2026\/06\/logoubirataonline-1.webp","contentUrl":"https:\/\/ubirataonline.com.br\/wp-content\/uploads\/2026\/06\/logoubirataonline-1.webp","width":500,"height":500,"caption":"Ubirat\u00e3 Online Not\u00edcias"}]},"geo.placename":"UBIRATA","geo.position":{"lat":"-24.5361401","long":"-52.9921776"},"geo.region":"Brazil"},"_links":{"self":[{"href":"https:\/\/ubirataonline.com.br\/en\/wp-json\/wp\/v2\/posts\/129899","targetHints":{"allow":["GET"]}}],"collection":[{"href":"https:\/\/ubirataonline.com.br\/en\/wp-json\/wp\/v2\/posts"}],"about":[{"href":"https:\/\/ubirataonline.com.br\/en\/wp-json\/wp\/v2\/types\/post"}],"author":[{"embeddable":true,"href":"https:\/\/ubirataonline.com.br\/en\/wp-json\/wp\/v2\/users\/1"}],"replies":[{"embeddable":true,"href":"https:\/\/ubirataonline.com.br\/en\/wp-json\/wp\/v2\/comments?post=129899"}],"version-history":[{"count":0,"href":"https:\/\/ubirataonline.com.br\/en\/wp-json\/wp\/v2\/posts\/129899\/revisions"}],"wp:featuredmedia":[{"embeddable":true,"href":"https:\/\/ubirataonline.com.br\/en\/wp-json\/wp\/v2\/media\/129900"}],"wp:attachment":[{"href":"https:\/\/ubirataonline.com.br\/en\/wp-json\/wp\/v2\/media?parent=129899"}],"wp:term":[{"taxonomy":"category","embeddable":true,"href":"https:\/\/ubirataonline.com.br\/en\/wp-json\/wp\/v2\/categories?post=129899"},{"taxonomy":"post_tag","embeddable":true,"href":"https:\/\/ubirataonline.com.br\/en\/wp-json\/wp\/v2\/tags?post=129899"}],"curies":[{"name":"wp","href":"https:\/\/api.w.org\/{rel}","templated":true}]}}