{"id":130111,"date":"2026-05-15T01:15:13","date_gmt":"2026-05-15T04:15:13","guid":{"rendered":"https:\/\/ubirataonline.com.br\/final-action-dates-for-eb-1-eb-2-retrogress-in-june-2026-visa-bulletin\/"},"modified":"2026-05-15T01:15:16","modified_gmt":"2026-05-15T04:15:16","slug":"final-action-dates-for-eb-1-eb-2-retrogress-in-june-2026-visa-bulletin","status":"publish","type":"post","link":"https:\/\/ubirataonline.com.br\/en\/final-action-dates-for-eb-1-eb-2-retrogress-in-june-2026-visa-bulletin\/","title":{"rendered":"Final Action Dates for EB-1, EB-2 retrogress in June 2026 visa bulletin"},"content":{"rendered":"<p><\/p>\n<div>\n<div class=\"e9jwa\">\n<div class=\"vdo_embedd\">\n<div class=\"GfdvZ\">\n<section class=\"_bIDB  clearfix id-r-component leadmedia undefined undefined  E9tg9\" style=\"top:0px\">\n<div class=\"_bIDB\" data-ua-type=\"1\" onclick=\"stpPgtnAndPrvntDefault(event)\">\n<div class=\"ypVvZ\">\n<div class=\"WGttI\"><\/div>\n<\/div>\n<\/div>\n<div class=\"Ta7d_ img_cptn\"><span title=\"US State Department warns dates for Green Card applicants from India may move back further -- in its June 2026 visa bulletin.\">US State Department warns dates for Green Card applicants from India may move back further &#8212; in its June 2026 visa bulletin.<\/span><\/div>\n<\/section>\n<\/div><\/div>\n<\/div>\n<p>The June 2026 visa bulletin published by the State Department offered little to no hope for Indian Green Card hopefuls as the queue became longer, increasing the waiting time. To break it down, India&#8217;s Final Action Date for the EB-1 category moved back by three and a half months to December 15, 2022.<!-- --> In the EB-2 category, India&#8217;s Final Action Date retrogresses by more than 10 months to September 1, 2013.<span class=\"id-r-component br\" data-pos=\"3\"\/><\/p>\n<p><h2>What are EB-1 and EB-2?<\/h2>\n<\/p>\n<p><span class=\"id-r-component br\" data-pos=\"5\"\/>EB-1 and EB-2 are the two employment-based Green Card categories in the US immigration system. These are the most used paths by H-1Bs to apply for Green Cards. EB-1 is for people with extraordinary ability, researchers, and managers. EB-2 is for people with advanced degrees like software engineers, data scientists, doctors, and researchers. <!-- -->EB-1 has a shorter waiting period compared to EB-2 and EB-3.<span class=\"id-r-component br\" data-pos=\"10\"\/><\/p>\n<p><h2>What is the Final Action Date?<\/h2>\n<\/p>\n<p><span class=\"id-r-component br\" data-pos=\"12\"\/>Final Action Date mentioned in the monthly visa bulletin is a crucial marker for the movement. This date determines who can actually receive a Green Card approval this month. So this month, those who have Priority Date before December 15, 2022 for an EB-1 Green Card will get their permanent residence. For EB-2, those with a Priority Date before September 1, 2013, will get a Green Card this month. Priority Date is the date the employer filed the PERM labor certification or the US received the I-140 petition.<span class=\"id-r-component br\" data-pos=\"16\"\/><\/p>\n<p><h2>Other developments in June visa bulletin<\/h2>\n<\/p>\n<p><span class=\"id-r-component br\" data-pos=\"18\"\/><\/p>\n<div class=\"cdatainfo   id-r-component\" data-pos=\"19\">\n<ul>\n<li>EB-1: China&#8217;s cutoff date remains at April 1, 2023. For all other countries, this category is current, which means there is no waiting time.<\/li>\n<li>EB-2: China&#8217;s cutoff date is September 1, 2021. For other countries, it is current.<\/li>\n<li>EB-3: India&#8217;s cutoff date inches forward to December 15, 2023 and China&#8217;s cutoff date is now August 1, 2021. For other countries. the EB-3 cutoff date if June 1, 2024.<\/li>\n<li>EB-5: The EB5 unreserved category for India remains at May 1, 2022, and China\u2019s unreserved cutoff date remains at September 22, 2016. The EB5 category remains current for all other chargeability areas and for the three EB5 set-aside categories (rural, high unemployment, and infrastructure) across all countries.<\/li>\n<\/ul>\n<\/div>\n<p><span class=\"id-r-component br\" data-pos=\"20\"\/><\/p>\n<p><h2>Why retrogression?<\/h2>\n<\/p>\n<p><span class=\"id-r-component br\" data-pos=\"22\"\/>Retrogression is the dates moving back from earlier dates when the quota is full. The USCIS said: &#8220;High demand and number use by aliens chargeable to India in the EB-1 and EB-2 visa categories have made it necessary to retrogress the final action dates to hold number use within the FY 2026 annual limit.&#8221; It also warned of further retrogressions, or making the categories \u201cunavailable,\u201d if India\u2019s pro-rated limits in the EB-1 or EB-2 categories are reached before the fiscal year ends.<!-- --> This situation will be continually monitored, and any necessary adjustments will be made accordingly, the bulletin said.<\/div>\n<p><a href=\"https:\/\/timesofindia.indiatimes.com\/world\/us\/bad-news-for-indian-green-card-applicants-final-action-dates-for-eb-1-eb-2-retrogress-in-june-2026-visa-bulletin\/articleshow\/131092646.cms\">Source link <\/a><\/p>","protected":false},"excerpt":{"rendered":"<p>US State Department warns dates for Green Card applicants from India may move back further &#8212; in its June 2026 visa bulletin. The June 2026 visa bulletin published by the State Department offered little to no hope for Indian Green Card hopefuls as the queue became longer, increasing the waiting time. To break it down, [&hellip;]<\/p>\n","protected":false},"author":1,"featured_media":130112,"comment_status":"closed","ping_status":"","sticky":false,"template":"","format":"standard","meta":{"googlesitekit_rrm_CAow2JLhCw:productID":"","_gspb_post_css":"","maa_idioma":"","maa_pais":"","footnotes":""},"categories":[1],"tags":[3660,17289,12089,35703,35704,2942,7269,35705,16825],"class_list":["post-130111","post","type-post","status-publish","format-standard","has-post-thumbnail","hentry","category-ubirata","tag-action","tag-bulletin","tag-dates","tag-eb1","tag-eb2","tag-final","tag-june","tag-retrogress","tag-visa"],"blocksy_meta":[],"yoast_head":"<!-- This site is optimized with the Yoast SEO Premium plugin v27.6 (Yoast SEO v27.6) - https:\/\/yoast.com\/product\/yoast-seo-premium-wordpress\/ -->\n<title>Final Action Dates for EB-1, EB-2 retrogress in June 2026 visa bulletin - Ubirat\u00e3 Online Not\u00edcias - A realidade ao seu alcance!<\/title>\n<meta name=\"description\" content=\"US State Department warns dates for Green Card applicants from India may move back further -- in its June 2026 visa bulletin. The June 2026 visa bulletin\" \/>\n<meta name=\"robots\" content=\"index, follow, max-snippet:-1, max-image-preview:large, max-video-preview:-1\" \/>\n<link rel=\"canonical\" href=\"https:\/\/ubirataonline.com.br\/en\/final-action-dates-for-eb-1-eb-2-retrogress-in-june-2026-visa-bulletin\/\" \/>\n<meta property=\"og:locale\" content=\"en_US\" \/>\n<meta property=\"og:type\" content=\"article\" \/>\n<meta property=\"og:title\" content=\"Final Action Dates for EB-1, EB-2 retrogress in June 2026 visa bulletin\" \/>\n<meta property=\"og:description\" content=\"US State Department warns dates for Green Card applicants from India may move back further -- in its June 2026 visa bulletin. The June 2026 visa bulletin\" \/>\n<meta property=\"og:url\" content=\"https:\/\/ubirataonline.com.br\/en\/final-action-dates-for-eb-1-eb-2-retrogress-in-june-2026-visa-bulletin\/\" \/>\n<meta property=\"og:site_name\" content=\"Ubirat\u00e3 Online Not\u00edcias - A realidade ao seu alcance!\" \/>\n<meta property=\"article:publisher\" content=\"https:\/\/www.facebook.com\/portalubirataonline\" \/>\n<meta property=\"article:author\" content=\"https:\/\/www.facebook.com\/portalubirataonline\" \/>\n<meta property=\"article:published_time\" content=\"2026-05-15T04:15:13+00:00\" \/>\n<meta property=\"article:modified_time\" content=\"2026-05-15T04:15:16+00:00\" \/>\n<meta property=\"og:image\" content=\"https:\/\/ubirataonline.com.br\/wp-content\/uploads\/2026\/05\/Final-Action-Dates-for-EB-1-EB-2-retrogress-in-June-2026.jpg\" \/>\n\t<meta property=\"og:image:width\" content=\"1280\" \/>\n\t<meta property=\"og:image:height\" content=\"720\" \/>\n\t<meta property=\"og:image:type\" content=\"image\/jpeg\" \/>\n<meta name=\"author\" content=\"REDA\u00c7\u00c3O: UBIRAT\u00c3 ONLINE - F\u00c1BIO AUGUSTO CELESTINO\" \/>\n<meta name=\"twitter:card\" content=\"summary_large_image\" \/>\n<meta name=\"twitter:creator\" content=\"@x.com\/ubirataonline\" \/>\n<meta name=\"twitter:site\" content=\"@ubirataonline\" \/>\n<meta name=\"twitter:label1\" content=\"Written by\" \/>\n\t<meta name=\"twitter:data1\" content=\"REDA\u00c7\u00c3O: UBIRAT\u00c3 ONLINE - F\u00c1BIO AUGUSTO CELESTINO\" \/>\n\t<meta name=\"twitter:label2\" content=\"Est. reading time\" \/>\n\t<meta name=\"twitter:data2\" content=\"2 minutes\" \/>\n<script type=\"application\/ld+json\" class=\"yoast-schema-graph\">{\"@context\":\"https:\\\/\\\/schema.org\",\"@graph\":[{\"@type\":\"NewsArticle\",\"@id\":\"https:\\\/\\\/ubirataonline.com.br\\\/final-action-dates-for-eb-1-eb-2-retrogress-in-june-2026-visa-bulletin\\\/#article\",\"isPartOf\":{\"@id\":\"https:\\\/\\\/ubirataonline.com.br\\\/final-action-dates-for-eb-1-eb-2-retrogress-in-june-2026-visa-bulletin\\\/\"},\"author\":{\"name\":\"REDA\u00c7\u00c3O: UBIRAT\u00c3 ONLINE - F\u00c1BIO AUGUSTO CELESTINO\",\"@id\":\"https:\\\/\\\/ubirataonline.com.br\\\/#\\\/schema\\\/person\\\/372f87bbd3fdd79b8556b84c98d0bc1c\"},\"headline\":\"Final Action Dates for EB-1, EB-2 retrogress in June 2026 visa bulletin\",\"datePublished\":\"2026-05-15T04:15:13+00:00\",\"dateModified\":\"2026-05-15T04:15:16+00:00\",\"mainEntityOfPage\":{\"@id\":\"https:\\\/\\\/ubirataonline.com.br\\\/final-action-dates-for-eb-1-eb-2-retrogress-in-june-2026-visa-bulletin\\\/\"},\"wordCount\":474,\"publisher\":{\"@id\":\"https:\\\/\\\/ubirataonline.com.br\\\/#organization\"},\"image\":{\"@id\":\"https:\\\/\\\/ubirataonline.com.br\\\/final-action-dates-for-eb-1-eb-2-retrogress-in-june-2026-visa-bulletin\\\/#primaryimage\"},\"thumbnailUrl\":\"https:\\\/\\\/ubirataonline.com.br\\\/wp-content\\\/uploads\\\/2026\\\/05\\\/Final-Action-Dates-for-EB-1-EB-2-retrogress-in-June-2026.jpg\",\"keywords\":[\"action\",\"Bulletin\",\"dates\",\"EB1\",\"EB2\",\"final\",\"June\",\"retrogress\",\"Visa\"],\"articleSection\":[\"Ubirat\u00e3\"],\"inLanguage\":\"en-US\",\"copyrightYear\":\"2026\",\"copyrightHolder\":{\"@id\":\"https:\\\/\\\/ubirataonline.com.br\\\/en\\\/#organization\"}},{\"@type\":\"WebPage\",\"@id\":\"https:\\\/\\\/ubirataonline.com.br\\\/final-action-dates-for-eb-1-eb-2-retrogress-in-june-2026-visa-bulletin\\\/\",\"url\":\"https:\\\/\\\/ubirataonline.com.br\\\/final-action-dates-for-eb-1-eb-2-retrogress-in-june-2026-visa-bulletin\\\/\",\"name\":\"Final Action Dates for EB-1, EB-2 retrogress in June 2026 visa bulletin - Ubirat\u00e3 Online Not\u00edcias - A realidade ao seu alcance!\",\"isPartOf\":{\"@id\":\"https:\\\/\\\/ubirataonline.com.br\\\/#website\"},\"primaryImageOfPage\":{\"@id\":\"https:\\\/\\\/ubirataonline.com.br\\\/final-action-dates-for-eb-1-eb-2-retrogress-in-june-2026-visa-bulletin\\\/#primaryimage\"},\"image\":{\"@id\":\"https:\\\/\\\/ubirataonline.com.br\\\/final-action-dates-for-eb-1-eb-2-retrogress-in-june-2026-visa-bulletin\\\/#primaryimage\"},\"thumbnailUrl\":\"https:\\\/\\\/ubirataonline.com.br\\\/wp-content\\\/uploads\\\/2026\\\/05\\\/Final-Action-Dates-for-EB-1-EB-2-retrogress-in-June-2026.jpg\",\"datePublished\":\"2026-05-15T04:15:13+00:00\",\"dateModified\":\"2026-05-15T04:15:16+00:00\",\"description\":\"US State Department warns dates for Green Card applicants from India may move back further -- in its June 2026 visa bulletin. The June 2026 visa bulletin\",\"breadcrumb\":{\"@id\":\"https:\\\/\\\/ubirataonline.com.br\\\/final-action-dates-for-eb-1-eb-2-retrogress-in-june-2026-visa-bulletin\\\/#breadcrumb\"},\"inLanguage\":\"en-US\",\"potentialAction\":[{\"@type\":\"ReadAction\",\"target\":[\"https:\\\/\\\/ubirataonline.com.br\\\/final-action-dates-for-eb-1-eb-2-retrogress-in-june-2026-visa-bulletin\\\/\"]}]},{\"@type\":\"ImageObject\",\"inLanguage\":\"en-US\",\"@id\":\"https:\\\/\\\/ubirataonline.com.br\\\/final-action-dates-for-eb-1-eb-2-retrogress-in-june-2026-visa-bulletin\\\/#primaryimage\",\"url\":\"https:\\\/\\\/ubirataonline.com.br\\\/wp-content\\\/uploads\\\/2026\\\/05\\\/Final-Action-Dates-for-EB-1-EB-2-retrogress-in-June-2026.jpg\",\"contentUrl\":\"https:\\\/\\\/ubirataonline.com.br\\\/wp-content\\\/uploads\\\/2026\\\/05\\\/Final-Action-Dates-for-EB-1-EB-2-retrogress-in-June-2026.jpg\",\"width\":1280,\"height\":720,\"caption\":\"&#x27;Everything Has A Limit&#x27;: At BRICS Summit, Iran Slams UAE For &#x27;INVOLVEMENT&#x27; In Israeli-US War\"},{\"@type\":\"BreadcrumbList\",\"@id\":\"https:\\\/\\\/ubirataonline.com.br\\\/final-action-dates-for-eb-1-eb-2-retrogress-in-june-2026-visa-bulletin\\\/#breadcrumb\",\"itemListElement\":[{\"@type\":\"ListItem\",\"position\":1,\"name\":\"In\u00edcio\",\"item\":\"https:\\\/\\\/ubirataonline.com.br\\\/\"},{\"@type\":\"ListItem\",\"position\":2,\"name\":\"Final Action Dates for EB-1, EB-2 retrogress in June 2026 visa bulletin\"}]},{\"@type\":\"WebSite\",\"@id\":\"https:\\\/\\\/ubirataonline.com.br\\\/#website\",\"url\":\"https:\\\/\\\/ubirataonline.com.br\\\/\",\"name\":\"Ubirat\u00e3 Online Not\u00edcias\",\"description\":\"Not\u00edcias de Ubirat\u00e3, regi\u00e3o, Brasil e mundo, com informa\u00e7\u00e3o atualizada e compromisso com o leitor.\",\"publisher\":{\"@id\":\"https:\\\/\\\/ubirataonline.com.br\\\/#organization\"},\"alternateName\":\"Ubirat\u00e3 Online\",\"potentialAction\":[{\"@type\":\"SearchAction\",\"target\":{\"@type\":\"EntryPoint\",\"urlTemplate\":\"https:\\\/\\\/ubirataonline.com.br\\\/?s={search_term_string}\"},\"query-input\":{\"@type\":\"PropertyValueSpecification\",\"valueRequired\":true,\"valueName\":\"search_term_string\"}}],\"inLanguage\":\"en-US\"},{\"@type\":[\"Organization\",\"Place\"],\"@id\":\"https:\\\/\\\/ubirataonline.com.br\\\/#organization\",\"name\":\"Ubirat\u00e3 Online Not\u00edcias\",\"alternateName\":\"Ubirat\u00e3 Online\",\"url\":\"https:\\\/\\\/ubirataonline.com.br\\\/\",\"logo\":{\"@id\":\"https:\\\/\\\/ubirataonline.com.br\\\/final-action-dates-for-eb-1-eb-2-retrogress-in-june-2026-visa-bulletin\\\/#local-main-organization-logo\"},\"image\":{\"@id\":\"https:\\\/\\\/ubirataonline.com.br\\\/final-action-dates-for-eb-1-eb-2-retrogress-in-june-2026-visa-bulletin\\\/#local-main-organization-logo\"},\"sameAs\":[\"https:\\\/\\\/www.facebook.com\\\/portalubirataonline\",\"https:\\\/\\\/x.com\\\/ubirataonline\",\"https:\\\/\\\/mastodon.social\\\/@ubirataonline\",\"https:\\\/\\\/www.facebook.com\\\/groups\\\/311144672285604\",\"https:\\\/\\\/www.facebook.com\\\/UBTAOnline\",\"https:\\\/\\\/www.instagram.com\\\/portalubirataonline\\\/\",\"https:\\\/\\\/twitter.com\\\/ubirataonline\"],\"description\":\"Somos um portal de not\u00edcias independente, criado em 5 de janeiro de 2009, com o objetivo de informar, conectar e valorizar a nossa comunidade de Ubirat\u00e3 e toda aregi\u00e3o. Com conte\u00fado atualizado, confi\u00e1vel e relevante, o Ubirat\u00e3 Online \u00e9 o seu espa\u00e7o para ficar por dentro dos principais acontecimentos locais, regionais, Brasil, Mundo e de interesse geral. Nosso compromisso \u00e9 com a verdade, a transpar\u00eancia e o respeito ao leitor.\",\"legalName\":\"UBIRATA ONLINE NOT\u00cdCIAS\",\"foundingDate\":\"2009-01-05\",\"numberOfEmployees\":{\"@type\":\"QuantitativeValue\",\"minValue\":\"1\",\"maxValue\":\"10\"},\"publishingPrinciples\":\"https:\\\/\\\/ubirataonline.com.br\\\/faq\\\/\",\"address\":{\"@id\":\"https:\\\/\\\/ubirataonline.com.br\\\/final-action-dates-for-eb-1-eb-2-retrogress-in-june-2026-visa-bulletin\\\/#local-main-place-address\"},\"geo\":{\"@type\":\"GeoCoordinates\",\"latitude\":\"-24.5361401\",\"longitude\":\"-52.9921776\"},\"telephone\":[\"+5544998308235\"],\"contactPoint\":{\"@type\":\"ContactPoint\",\"email\":\"contato@ubirataonline.com.br\"},\"openingHoursSpecification\":{\"@type\":\"OpeningHoursSpecification\",\"dayOfWeek\":[\"Monday\",\"Tuesday\",\"Wednesday\",\"Thursday\",\"Friday\",\"Saturday\",\"Sunday\"],\"opens\":\"00:00\",\"closes\":\"23:59\"},\"email\":\"contato@ubirataonline.com.br\",\"vatID\":\"47.621.418\\\/0001-80\"},{\"@type\":\"Person\",\"@id\":\"https:\\\/\\\/ubirataonline.com.br\\\/#\\\/schema\\\/person\\\/372f87bbd3fdd79b8556b84c98d0bc1c\",\"name\":\"REDA\u00c7\u00c3O: UBIRAT\u00c3 ONLINE - F\u00c1BIO AUGUSTO CELESTINO\",\"pronouns\":\"Ele\",\"description\":\"Desde 2003 trabalhando com not\u00edcias.\",\"sameAs\":[\"http:\\\/\\\/ubirataoline.com.br\",\"https:\\\/\\\/www.facebook.com\\\/portalubirataonline\",\"https:\\\/\\\/www.instagram.com\\\/ubirataonline_oficial\",\"https:\\\/\\\/x.com\\\/x.com\\\/ubirataonline\"],\"honorificPrefix\":\"Mr.\",\"honorificSuffix\":\"MD\",\"birthDate\":\"1980-06-16\",\"gender\":\"masculino\",\"award\":[\"V\u00e1rios pr\u00eamios de melhor portal da cidade\"],\"jobTitle\":\"Diretor\",\"url\":\"https:\\\/\\\/ubirataonline.com.br\\\/en\\\/author\\\/ubirataonline\\\/\"},{\"@type\":\"PostalAddress\",\"@id\":\"https:\\\/\\\/ubirataonline.com.br\\\/final-action-dates-for-eb-1-eb-2-retrogress-in-june-2026-visa-bulletin\\\/#local-main-place-address\",\"streetAddress\":\"Rua dos Coqueiros, 104 - Bairro Boa Vista, Rua dos Coqueiros, 104 Bairro Boa Vista\",\"addressLocality\":\"UBIRATA\",\"postalCode\":\"85440-000\",\"addressRegion\":\"PR\",\"addressCountry\":\"BR\"},{\"@type\":\"ImageObject\",\"inLanguage\":\"en-US\",\"@id\":\"https:\\\/\\\/ubirataonline.com.br\\\/final-action-dates-for-eb-1-eb-2-retrogress-in-june-2026-visa-bulletin\\\/#local-main-organization-logo\",\"url\":\"https:\\\/\\\/ubirataonline.com.br\\\/wp-content\\\/uploads\\\/2026\\\/06\\\/logoubirataonline-1.webp\",\"contentUrl\":\"https:\\\/\\\/ubirataonline.com.br\\\/wp-content\\\/uploads\\\/2026\\\/06\\\/logoubirataonline-1.webp\",\"width\":500,\"height\":500,\"caption\":\"Ubirat\u00e3 Online Not\u00edcias\"}]}<\/script>\n<meta name=\"geo.placename\" content=\"UBIRATA\" \/>\n<meta name=\"geo.position\" content=\"-24.5361401;-52.9921776\" \/>\n<meta name=\"geo.region\" content=\"Brazil\" \/>\n<!-- \/ Yoast SEO Premium plugin. -->","yoast_head_json":{"title":"Final Action Dates for EB-1, EB-2 retrogress in June 2026 visa bulletin - Ubirat\u00e3 Online Not\u00edcias - A realidade ao seu alcance!","description":"US State Department warns dates for Green Card applicants from India may move back further -- in its June 2026 visa bulletin. The June 2026 visa bulletin","robots":{"index":"index","follow":"follow","max-snippet":"max-snippet:-1","max-image-preview":"max-image-preview:large","max-video-preview":"max-video-preview:-1"},"canonical":"https:\/\/ubirataonline.com.br\/en\/final-action-dates-for-eb-1-eb-2-retrogress-in-june-2026-visa-bulletin\/","og_locale":"en_US","og_type":"article","og_title":"Final Action Dates for EB-1, EB-2 retrogress in June 2026 visa bulletin","og_description":"US State Department warns dates for Green Card applicants from India may move back further -- in its June 2026 visa bulletin. The June 2026 visa bulletin","og_url":"https:\/\/ubirataonline.com.br\/en\/final-action-dates-for-eb-1-eb-2-retrogress-in-june-2026-visa-bulletin\/","og_site_name":"Ubirat\u00e3 Online Not\u00edcias - A realidade ao seu alcance!","article_publisher":"https:\/\/www.facebook.com\/portalubirataonline","article_author":"https:\/\/www.facebook.com\/portalubirataonline","article_published_time":"2026-05-15T04:15:13+00:00","article_modified_time":"2026-05-15T04:15:16+00:00","og_image":[{"width":1280,"height":720,"url":"https:\/\/ubirataonline.com.br\/wp-content\/uploads\/2026\/05\/Final-Action-Dates-for-EB-1-EB-2-retrogress-in-June-2026.jpg","type":"image\/jpeg"}],"author":"REDA\u00c7\u00c3O: UBIRAT\u00c3 ONLINE - F\u00c1BIO AUGUSTO CELESTINO","twitter_card":"summary_large_image","twitter_creator":"@x.com\/ubirataonline","twitter_site":"@ubirataonline","twitter_misc":{"Written by":"REDA\u00c7\u00c3O: UBIRAT\u00c3 ONLINE - F\u00c1BIO AUGUSTO CELESTINO","Est. reading time":"2 minutes"},"schema":{"@context":"https:\/\/schema.org","@graph":[{"@type":"NewsArticle","@id":"https:\/\/ubirataonline.com.br\/final-action-dates-for-eb-1-eb-2-retrogress-in-june-2026-visa-bulletin\/#article","isPartOf":{"@id":"https:\/\/ubirataonline.com.br\/final-action-dates-for-eb-1-eb-2-retrogress-in-june-2026-visa-bulletin\/"},"author":{"name":"REDA\u00c7\u00c3O: UBIRAT\u00c3 ONLINE - F\u00c1BIO AUGUSTO CELESTINO","@id":"https:\/\/ubirataonline.com.br\/#\/schema\/person\/372f87bbd3fdd79b8556b84c98d0bc1c"},"headline":"Final Action Dates for EB-1, EB-2 retrogress in June 2026 visa bulletin","datePublished":"2026-05-15T04:15:13+00:00","dateModified":"2026-05-15T04:15:16+00:00","mainEntityOfPage":{"@id":"https:\/\/ubirataonline.com.br\/final-action-dates-for-eb-1-eb-2-retrogress-in-june-2026-visa-bulletin\/"},"wordCount":474,"publisher":{"@id":"https:\/\/ubirataonline.com.br\/#organization"},"image":{"@id":"https:\/\/ubirataonline.com.br\/final-action-dates-for-eb-1-eb-2-retrogress-in-june-2026-visa-bulletin\/#primaryimage"},"thumbnailUrl":"https:\/\/ubirataonline.com.br\/wp-content\/uploads\/2026\/05\/Final-Action-Dates-for-EB-1-EB-2-retrogress-in-June-2026.jpg","keywords":["action","Bulletin","dates","EB1","EB2","final","June","retrogress","Visa"],"articleSection":["Ubirat\u00e3"],"inLanguage":"en-US","copyrightYear":"2026","copyrightHolder":{"@id":"https:\/\/ubirataonline.com.br\/en\/#organization"}},{"@type":"WebPage","@id":"https:\/\/ubirataonline.com.br\/final-action-dates-for-eb-1-eb-2-retrogress-in-june-2026-visa-bulletin\/","url":"https:\/\/ubirataonline.com.br\/final-action-dates-for-eb-1-eb-2-retrogress-in-june-2026-visa-bulletin\/","name":"Final Action Dates for EB-1, EB-2 retrogress in June 2026 visa bulletin - Ubirat\u00e3 Online Not\u00edcias - A realidade ao seu alcance!","isPartOf":{"@id":"https:\/\/ubirataonline.com.br\/#website"},"primaryImageOfPage":{"@id":"https:\/\/ubirataonline.com.br\/final-action-dates-for-eb-1-eb-2-retrogress-in-june-2026-visa-bulletin\/#primaryimage"},"image":{"@id":"https:\/\/ubirataonline.com.br\/final-action-dates-for-eb-1-eb-2-retrogress-in-june-2026-visa-bulletin\/#primaryimage"},"thumbnailUrl":"https:\/\/ubirataonline.com.br\/wp-content\/uploads\/2026\/05\/Final-Action-Dates-for-EB-1-EB-2-retrogress-in-June-2026.jpg","datePublished":"2026-05-15T04:15:13+00:00","dateModified":"2026-05-15T04:15:16+00:00","description":"US State Department warns dates for Green Card applicants from India may move back further -- in its June 2026 visa bulletin. The June 2026 visa bulletin","breadcrumb":{"@id":"https:\/\/ubirataonline.com.br\/final-action-dates-for-eb-1-eb-2-retrogress-in-june-2026-visa-bulletin\/#breadcrumb"},"inLanguage":"en-US","potentialAction":[{"@type":"ReadAction","target":["https:\/\/ubirataonline.com.br\/final-action-dates-for-eb-1-eb-2-retrogress-in-june-2026-visa-bulletin\/"]}]},{"@type":"ImageObject","inLanguage":"en-US","@id":"https:\/\/ubirataonline.com.br\/final-action-dates-for-eb-1-eb-2-retrogress-in-june-2026-visa-bulletin\/#primaryimage","url":"https:\/\/ubirataonline.com.br\/wp-content\/uploads\/2026\/05\/Final-Action-Dates-for-EB-1-EB-2-retrogress-in-June-2026.jpg","contentUrl":"https:\/\/ubirataonline.com.br\/wp-content\/uploads\/2026\/05\/Final-Action-Dates-for-EB-1-EB-2-retrogress-in-June-2026.jpg","width":1280,"height":720,"caption":"&#x27;Everything Has A Limit&#x27;: At BRICS Summit, Iran Slams UAE For &#x27;INVOLVEMENT&#x27; In Israeli-US War"},{"@type":"BreadcrumbList","@id":"https:\/\/ubirataonline.com.br\/final-action-dates-for-eb-1-eb-2-retrogress-in-june-2026-visa-bulletin\/#breadcrumb","itemListElement":[{"@type":"ListItem","position":1,"name":"In\u00edcio","item":"https:\/\/ubirataonline.com.br\/"},{"@type":"ListItem","position":2,"name":"Final Action Dates for EB-1, EB-2 retrogress in June 2026 visa bulletin"}]},{"@type":"WebSite","@id":"https:\/\/ubirataonline.com.br\/#website","url":"https:\/\/ubirataonline.com.br\/","name":"Ubirat\u00e3 Online Not\u00edcias","description":"Not\u00edcias de Ubirat\u00e3, regi\u00e3o, Brasil e mundo, com informa\u00e7\u00e3o atualizada e compromisso com o leitor.","publisher":{"@id":"https:\/\/ubirataonline.com.br\/#organization"},"alternateName":"Ubirat\u00e3 Online","potentialAction":[{"@type":"SearchAction","target":{"@type":"EntryPoint","urlTemplate":"https:\/\/ubirataonline.com.br\/?s={search_term_string}"},"query-input":{"@type":"PropertyValueSpecification","valueRequired":true,"valueName":"search_term_string"}}],"inLanguage":"en-US"},{"@type":["Organization","Place"],"@id":"https:\/\/ubirataonline.com.br\/#organization","name":"Ubirat\u00e3 Online Not\u00edcias","alternateName":"Ubirat\u00e3 Online","url":"https:\/\/ubirataonline.com.br\/","logo":{"@id":"https:\/\/ubirataonline.com.br\/final-action-dates-for-eb-1-eb-2-retrogress-in-june-2026-visa-bulletin\/#local-main-organization-logo"},"image":{"@id":"https:\/\/ubirataonline.com.br\/final-action-dates-for-eb-1-eb-2-retrogress-in-june-2026-visa-bulletin\/#local-main-organization-logo"},"sameAs":["https:\/\/www.facebook.com\/portalubirataonline","https:\/\/x.com\/ubirataonline","https:\/\/mastodon.social\/@ubirataonline","https:\/\/www.facebook.com\/groups\/311144672285604","https:\/\/www.facebook.com\/UBTAOnline","https:\/\/www.instagram.com\/portalubirataonline\/","https:\/\/twitter.com\/ubirataonline"],"description":"Somos um portal de not\u00edcias independente, criado em 5 de janeiro de 2009, com o objetivo de informar, conectar e valorizar a nossa comunidade de Ubirat\u00e3 e toda aregi\u00e3o. Com conte\u00fado atualizado, confi\u00e1vel e relevante, o Ubirat\u00e3 Online \u00e9 o seu espa\u00e7o para ficar por dentro dos principais acontecimentos locais, regionais, Brasil, Mundo e de interesse geral. Nosso compromisso \u00e9 com a verdade, a transpar\u00eancia e o respeito ao leitor.","legalName":"UBIRATA ONLINE NOT\u00cdCIAS","foundingDate":"2009-01-05","numberOfEmployees":{"@type":"QuantitativeValue","minValue":"1","maxValue":"10"},"publishingPrinciples":"https:\/\/ubirataonline.com.br\/faq\/","address":{"@id":"https:\/\/ubirataonline.com.br\/final-action-dates-for-eb-1-eb-2-retrogress-in-june-2026-visa-bulletin\/#local-main-place-address"},"geo":{"@type":"GeoCoordinates","latitude":"-24.5361401","longitude":"-52.9921776"},"telephone":["+5544998308235"],"contactPoint":{"@type":"ContactPoint","email":"contato@ubirataonline.com.br"},"openingHoursSpecification":{"@type":"OpeningHoursSpecification","dayOfWeek":["Monday","Tuesday","Wednesday","Thursday","Friday","Saturday","Sunday"],"opens":"00:00","closes":"23:59"},"email":"contato@ubirataonline.com.br","vatID":"47.621.418\/0001-80"},{"@type":"Person","@id":"https:\/\/ubirataonline.com.br\/#\/schema\/person\/372f87bbd3fdd79b8556b84c98d0bc1c","name":"REDA\u00c7\u00c3O: UBIRAT\u00c3 ONLINE - F\u00c1BIO AUGUSTO CELESTINO","pronouns":"Ele","description":"Desde 2003 trabalhando com not\u00edcias.","sameAs":["http:\/\/ubirataoline.com.br","https:\/\/www.facebook.com\/portalubirataonline","https:\/\/www.instagram.com\/ubirataonline_oficial","https:\/\/x.com\/x.com\/ubirataonline"],"honorificPrefix":"Mr.","honorificSuffix":"MD","birthDate":"1980-06-16","gender":"masculino","award":["V\u00e1rios pr\u00eamios de melhor portal da cidade"],"jobTitle":"Diretor","url":"https:\/\/ubirataonline.com.br\/en\/author\/ubirataonline\/"},{"@type":"PostalAddress","@id":"https:\/\/ubirataonline.com.br\/final-action-dates-for-eb-1-eb-2-retrogress-in-june-2026-visa-bulletin\/#local-main-place-address","streetAddress":"Rua dos Coqueiros, 104 - Bairro Boa Vista, Rua dos Coqueiros, 104 Bairro Boa Vista","addressLocality":"UBIRATA","postalCode":"85440-000","addressRegion":"PR","addressCountry":"BR"},{"@type":"ImageObject","inLanguage":"en-US","@id":"https:\/\/ubirataonline.com.br\/final-action-dates-for-eb-1-eb-2-retrogress-in-june-2026-visa-bulletin\/#local-main-organization-logo","url":"https:\/\/ubirataonline.com.br\/wp-content\/uploads\/2026\/06\/logoubirataonline-1.webp","contentUrl":"https:\/\/ubirataonline.com.br\/wp-content\/uploads\/2026\/06\/logoubirataonline-1.webp","width":500,"height":500,"caption":"Ubirat\u00e3 Online Not\u00edcias"}]},"geo.placename":"UBIRATA","geo.position":{"lat":"-24.5361401","long":"-52.9921776"},"geo.region":"Brazil"},"_links":{"self":[{"href":"https:\/\/ubirataonline.com.br\/en\/wp-json\/wp\/v2\/posts\/130111","targetHints":{"allow":["GET"]}}],"collection":[{"href":"https:\/\/ubirataonline.com.br\/en\/wp-json\/wp\/v2\/posts"}],"about":[{"href":"https:\/\/ubirataonline.com.br\/en\/wp-json\/wp\/v2\/types\/post"}],"author":[{"embeddable":true,"href":"https:\/\/ubirataonline.com.br\/en\/wp-json\/wp\/v2\/users\/1"}],"replies":[{"embeddable":true,"href":"https:\/\/ubirataonline.com.br\/en\/wp-json\/wp\/v2\/comments?post=130111"}],"version-history":[{"count":0,"href":"https:\/\/ubirataonline.com.br\/en\/wp-json\/wp\/v2\/posts\/130111\/revisions"}],"wp:featuredmedia":[{"embeddable":true,"href":"https:\/\/ubirataonline.com.br\/en\/wp-json\/wp\/v2\/media\/130112"}],"wp:attachment":[{"href":"https:\/\/ubirataonline.com.br\/en\/wp-json\/wp\/v2\/media?parent=130111"}],"wp:term":[{"taxonomy":"category","embeddable":true,"href":"https:\/\/ubirataonline.com.br\/en\/wp-json\/wp\/v2\/categories?post=130111"},{"taxonomy":"post_tag","embeddable":true,"href":"https:\/\/ubirataonline.com.br\/en\/wp-json\/wp\/v2\/tags?post=130111"}],"curies":[{"name":"wp","href":"https:\/\/api.w.org\/{rel}","templated":true}]}}