{"id":130280,"date":"2026-05-15T07:50:10","date_gmt":"2026-05-15T10:50:10","guid":{"rendered":"https:\/\/ubirataonline.com.br\/a-moment-that-changed-me-i-saw-my-first-total-solar-eclipse-and-its-beauty-shook-me-to-my-core-astronomy\/"},"modified":"2026-05-15T07:50:13","modified_gmt":"2026-05-15T10:50:13","slug":"a-moment-that-changed-me-i-saw-my-first-total-solar-eclipse-and-its-beauty-shook-me-to-my-core-astronomy","status":"publish","type":"post","link":"https:\/\/ubirataonline.com.br\/en\/a-moment-that-changed-me-i-saw-my-first-total-solar-eclipse-and-its-beauty-shook-me-to-my-core-astronomy\/","title":{"rendered":"A moment that changed me: I saw my first total solar eclipse \u2013 and its beauty shook me to my core | Astronomy"},"content":{"rendered":"<p><br \/>\n<\/p>\n<div>\n<p class=\"dcr-130mj7b\"><span style=\"color:var(--drop-cap);font-weight:700\" class=\"dcr-15rw6c2\">I<\/span> have never driven with more determination than when rushing away from Shelby Park in Nashville. We had reached Davidson Street when my husband shouted: \u201cThere! There\u2019s sunlight!\u201d I skidded into a car park of a printing company with barely any time to spare. We jumped out of the car, put on our dark glasses, and looked at the quickly disappearing sun. It was surrounded by clouds, but a tiny sliver of light was still shining. This was 1.27pm on 21 August 2017. We had travelled all the way from London to Tennessee to experience the Great American Eclipse \u2013 an astronomical phenomenon I had never seen before.<\/p>\n<p class=\"dcr-130mj7b\">As an Italian-born astronomer, I had always felt at a bit of a disadvantage. I have a doctorate in astrophysics, focused on collisions between galaxies. I have seen many celestial phenomena \u2013 comets, planetary alignments, fireballs, galaxies, northern lights \u2013 but not a total solar eclipse.<\/p>\n<p class=\"dcr-130mj7b\">Moving to the UK in 2007,<strong> <\/strong>I heard so many stories about the 1999 total solar eclipse. I hadn\u2019t witnessed it myself, as it was not visible from Italy. Several friends mentioned they had gone to Cornwall or crossed the Channel to France to get a glimpse of this once-in-a-century event. The UK is not going to have another until 23 September 2090. I felt cheated by geographical fate.<\/p>\n<p class=\"dcr-130mj7b\">For the following 18 years, I chased partial eclipses of the sun, telling myself the difference between 90% cover and totality couldn\u2019t be that great. It turns out the difference is vast.<\/p>\n<p class=\"dcr-130mj7b\">That morning, in 2017, the sky was crystal clear. We found a hilltop park and perched there, ready for the lunchtime show. We regularly checked the sun through a small solar telescope while wearing our eclipse glasses. It\u2019s extremely dangerous to look at the sun without them: you do not want to ruin your sight for a quick glimpse at our star.<\/p>\n<p class=\"dcr-130mj7b\">As often happens when I set up my telescope in a public space, people flock to it. Many were gathered to witness the spectacle, all talking about the wonder of the universe and the imminent eclipse. I knew the theory, but I was not ready for the experience.<\/p>\n<p class=\"dcr-130mj7b\">Finally, just before noon, we watched as the moon slowly crossed the face of the sun. Then, minutes before totality, the worst happened: clouds. Many rolling clouds from every direction. We knew we couldn\u2019t stay in place: if we wanted to see the eclipse, we needed to move to where the sun was shining. We jumped in the car and chased the last rays into that car park.<\/p>\n<p class=\"dcr-130mj7b\">In the moment of totality, the world around you changes completely. As the moon covers the sun, you are plunged into a peculiar twilight. The outermost layer of the sun\u2019s atmosphere, the corona, usually invisible to the naked eye, becomes apparent. We only had about 50 seconds of the eclipse before a cloud blocked it, but its beauty shook me to my core.<\/p>\n<figure id=\"31fd1ea0-40ae-4b11-b6fc-21c7e62dc7ba\" data-spacefinder-role=\"inline\" data-spacefinder-type=\"model.dotcomrendering.pageElements.ImageBlockElement\" class=\"dcr-173mewl\"><figcaption data-spacefinder-role=\"inline\" class=\"dcr-fd61eq\"><span class=\"dcr-1inf02i\"><svg width=\"18\" height=\"13\" viewbox=\"0 0 18 13\"><path d=\"M18 3.5v8l-1.5 1.5h-15l-1.5-1.5v-8l1.5-1.5h3.5l2-2h4l2 2h3.5l1.5 1.5zm-9 7.5c1.9 0 3.5-1.6 3.5-3.5s-1.6-3.5-3.5-3.5-3.5 1.6-3.5 3.5 1.6 3.5 3.5 3.5z\"\/><\/svg><\/span><span class=\"dcr-1qvd3m6\">The sun disappears behind the moon during the Great North American Eclipse on 8 April 2024 in Mazatl\u00e1n, Mexico.<\/span> Photograph: H\u00e9ctor Vivas\/Getty Images<\/figcaption><\/figure>\n<p class=\"dcr-130mj7b\">Everything went quiet as birds landed and hushed, believing night was imminent. My husband and I found ourselves moved to tears. I had expected to witness a rare astronomical event, but I gained a new appreciation for the incredible coincidences that make the eclipses possible. We live on a planet where the apparent sizes of the moon and the sun are the same, so that one can cover the other in the sky. You don\u2019t get this on Mars!<\/p>\n<aside data-spacefinder-role=\"showcase\" data-gu-name=\"pullquote\" class=\"dcr-v6upx6\"><svg viewbox=\"0 0 22 14\" style=\"fill:var(--pullquote-icon)\" class=\"dcr-scql1j\"><title>double quotation mark<\/title><path d=\"M5.255 0h4.75c-.572 4.53-1.077 8.972-1.297 13.941H0C.792 9.104 2.44 4.53 5.255 0Zm11.061 0H21c-.506 4.53-1.077 8.972-1.297 13.941h-8.686c.902-4.837 2.485-9.411 5.3-13.941Z\"\/><\/svg><\/p>\n<blockquote class=\"dcr-zzndwp\"><p>I understood in that moment why solar eclipses have often been viewed as omens or auspicious signs from the gods<\/p><\/blockquote>\n<\/aside>\n<p class=\"dcr-130mj7b\">I understood in that moment why solar eclipses have often been viewed as omens or auspicious signs from the gods, and why astronomers have long sought to predict these events: there was power in this knowledge. Suddenly, I felt that seeing only one was not enough; I had to experience more.<\/p>\n<p class=\"dcr-130mj7b\">In April 2024, my husband and I travelled to Mexico to see the second Great American Eclipse. On a beach in Mazatl\u00e1n, we saw the moon cover the sun for over four minutes. It was very different from 2017 because the sun was at the peak of its solar cycle, so the corona was wispier. The laughter and joyful chatter of the tens of thousands of people gathered to watch immediately turned into a profound and quasi-religious silence as the sun turned black. Once again came the feeling of overwhelming appreciation for our extraordinary universe.<\/p>\n<figure id=\"cd624012-d5bd-4bab-b4d8-763edb9fb459\" data-spacefinder-role=\"richLink\" data-spacefinder-type=\"model.dotcomrendering.pageElements.RichLinkBlockElement\" class=\"dcr-47fhrn\"><gu-island name=\"RichLinkComponent\" priority=\"feature\" deferuntil=\"idle\" props=\"{&quot;richLinkIndex&quot;:13,&quot;element&quot;:{&quot;_type&quot;:&quot;model.dotcomrendering.pageElements.RichLinkBlockElement&quot;,&quot;prefix&quot;:&quot;Related: &quot;,&quot;text&quot;:&quot;Scientists discover 27 potential new planets that orbit two stars in solar systems far, far away&quot;,&quot;elementId&quot;:&quot;cd624012-d5bd-4bab-b4d8-763edb9fb459&quot;,&quot;role&quot;:&quot;richLink&quot;,&quot;url&quot;:&quot;https:\/\/www.theguardian.com\/science\/2026\/may\/04\/scientists-discover-27-potential-new-planets&quot;},&quot;ajaxUrl&quot;:&quot;https:\/\/api.nextgen.guardianapps.co.uk&quot;,&quot;format&quot;:{&quot;design&quot;:10,&quot;display&quot;:2,&quot;theme&quot;:4}}\"\/><\/figure>\n<p class=\"dcr-130mj7b\">I now describe myself as an \u201ceclipse hunter\u201d. I have already booked trips to Spain for the total eclipses on 12 August 2026 and 2 August 2027. The latter will be the longest eclipse for the rest of the century, with totality lasting over six minutes due to an excellent alignment between the Earth, moon and sun \u2013 so long that one might almost get bored by it \u2026 but I know that, for me, this cosmic phenomenon will remain endlessly fascinating.<\/p>\n<p class=\"dcr-130mj7b\"><em>Invisible Rainbows by Alfredo Carpineti is out on 21<\/em><em> May (Wilton Square Books, \u00a316.99)<\/em><em> To support the Guardian, order your copy at <a href=\"https:\/\/guardianbookshop.com\/invisible-rainbows-9781806770441\/?utm_source=editoriallink&amp;utm_medium=merch&amp;utm_campaign=article\" data-link-name=\"in body link\">guardianbookshop.com<\/a>.<\/em> <em>Delivery charges may apply.<\/em><\/p>\n<footer class=\"dcr-130mj7b\">\n<p class=\"dcr-130mj7b\"><em><span data-dcr-style=\"bullet\"\/> <\/em><strong>Do you have an opinion on the issues raised in this article? If you would like to submit a response of up to 300 words by email to be considered for publication in our letters section, please click here.<\/strong><\/p>\n<\/footer>\n<\/div>\n<p><br \/>\n<br \/><a href=\"https:\/\/www.theguardian.com\/lifeandstyle\/2026\/may\/13\/a-moment-that-changed-me-i-saw-my-first-total-solar-eclipse-and-its-beauty-shook-me-to-my-core\">Source link <\/a><\/p>","protected":false},"excerpt":{"rendered":"<p>I have never driven with more determination than when rushing away from Shelby Park in Nashville. We had reached Davidson Street when my husband shouted: \u201cThere! There\u2019s sunlight!\u201d I skidded into a car park of a printing company with barely any time to spare. We jumped out of the car, put on our dark glasses, [&hellip;]<\/p>\n","protected":false},"author":1,"featured_media":130281,"comment_status":"closed","ping_status":"","sticky":false,"template":"","format":"standard","meta":{"googlesitekit_rrm_CAow2JLhCw:productID":"","_gspb_post_css":"","maa_idioma":"","maa_pais":"","footnotes":""},"categories":[2725],"tags":[35780,16163,6492,5641,19471,6672,35779,4718,6413],"class_list":["post-130280","post","type-post","status-publish","format-standard","has-post-thumbnail","hentry","category-europe","tag-astronomy","tag-beauty","tag-changed","tag-core","tag-eclipse","tag-moment","tag-shook","tag-solar","tag-total"],"blocksy_meta":[],"yoast_head":"<!-- This site is optimized with the Yoast SEO Premium plugin v27.6 (Yoast SEO v27.6) - https:\/\/yoast.com\/product\/yoast-seo-premium-wordpress\/ -->\n<title>A moment that changed me: I saw my first total solar eclipse \u2013 and its beauty shook me to my core | Astronomy - Ubirat\u00e3 Online Not\u00edcias - A realidade ao seu alcance!<\/title>\n<meta name=\"description\" content=\"I have never driven with more determination than when rushing away from Shelby Park in Nashville. We had reached Davidson Street when my husband shouted:\" \/>\n<meta name=\"robots\" content=\"index, follow, max-snippet:-1, max-image-preview:large, max-video-preview:-1\" \/>\n<link rel=\"canonical\" href=\"https:\/\/ubirataonline.com.br\/en\/a-moment-that-changed-me-i-saw-my-first-total-solar-eclipse-and-its-beauty-shook-me-to-my-core-astronomy\/\" \/>\n<meta property=\"og:locale\" content=\"en_US\" \/>\n<meta property=\"og:type\" content=\"article\" \/>\n<meta property=\"og:title\" content=\"A moment that changed me: I saw my first total solar eclipse \u2013 and its beauty shook me to my core | Astronomy\" \/>\n<meta property=\"og:description\" content=\"I have never driven with more determination than when rushing away from Shelby Park in Nashville. We had reached Davidson Street when my husband shouted:\" \/>\n<meta property=\"og:url\" content=\"https:\/\/ubirataonline.com.br\/en\/a-moment-that-changed-me-i-saw-my-first-total-solar-eclipse-and-its-beauty-shook-me-to-my-core-astronomy\/\" \/>\n<meta property=\"og:site_name\" content=\"Ubirat\u00e3 Online Not\u00edcias - A realidade ao seu alcance!\" \/>\n<meta property=\"article:publisher\" content=\"https:\/\/www.facebook.com\/portalubirataonline\" \/>\n<meta property=\"article:author\" content=\"https:\/\/www.facebook.com\/portalubirataonline\" \/>\n<meta property=\"article:published_time\" content=\"2026-05-15T10:50:10+00:00\" \/>\n<meta property=\"article:modified_time\" content=\"2026-05-15T10:50:13+00:00\" \/>\n<meta property=\"og:image\" content=\"https:\/\/ubirataonline.com.br\/wp-content\/uploads\/2026\/05\/A-moment-that-changed-me-I-saw-my-first-total.jpg\" \/>\n\t<meta property=\"og:image:width\" content=\"1200\" \/>\n\t<meta property=\"og:image:height\" content=\"630\" \/>\n\t<meta property=\"og:image:type\" content=\"image\/jpeg\" \/>\n<meta name=\"author\" content=\"REDA\u00c7\u00c3O: UBIRAT\u00c3 ONLINE - F\u00c1BIO AUGUSTO CELESTINO\" \/>\n<meta name=\"twitter:card\" content=\"summary_large_image\" \/>\n<meta name=\"twitter:creator\" content=\"@x.com\/ubirataonline\" \/>\n<meta name=\"twitter:site\" content=\"@ubirataonline\" \/>\n<meta name=\"twitter:label1\" content=\"Written by\" \/>\n\t<meta name=\"twitter:data1\" content=\"REDA\u00c7\u00c3O: UBIRAT\u00c3 ONLINE - F\u00c1BIO AUGUSTO CELESTINO\" \/>\n\t<meta name=\"twitter:label2\" content=\"Est. reading time\" \/>\n\t<meta name=\"twitter:data2\" content=\"5 minutes\" \/>\n<script type=\"application\/ld+json\" class=\"yoast-schema-graph\">{\"@context\":\"https:\\\/\\\/schema.org\",\"@graph\":[{\"@type\":\"NewsArticle\",\"@id\":\"https:\\\/\\\/ubirataonline.com.br\\\/a-moment-that-changed-me-i-saw-my-first-total-solar-eclipse-and-its-beauty-shook-me-to-my-core-astronomy\\\/#article\",\"isPartOf\":{\"@id\":\"https:\\\/\\\/ubirataonline.com.br\\\/a-moment-that-changed-me-i-saw-my-first-total-solar-eclipse-and-its-beauty-shook-me-to-my-core-astronomy\\\/\"},\"author\":{\"name\":\"REDA\u00c7\u00c3O: UBIRAT\u00c3 ONLINE - F\u00c1BIO AUGUSTO CELESTINO\",\"@id\":\"https:\\\/\\\/ubirataonline.com.br\\\/#\\\/schema\\\/person\\\/372f87bbd3fdd79b8556b84c98d0bc1c\"},\"headline\":\"A moment that changed me: I saw my first total solar eclipse \u2013 and its beauty shook me to my core | Astronomy\",\"datePublished\":\"2026-05-15T10:50:10+00:00\",\"dateModified\":\"2026-05-15T10:50:13+00:00\",\"mainEntityOfPage\":{\"@id\":\"https:\\\/\\\/ubirataonline.com.br\\\/a-moment-that-changed-me-i-saw-my-first-total-solar-eclipse-and-its-beauty-shook-me-to-my-core-astronomy\\\/\"},\"wordCount\":926,\"publisher\":{\"@id\":\"https:\\\/\\\/ubirataonline.com.br\\\/#organization\"},\"image\":{\"@id\":\"https:\\\/\\\/ubirataonline.com.br\\\/a-moment-that-changed-me-i-saw-my-first-total-solar-eclipse-and-its-beauty-shook-me-to-my-core-astronomy\\\/#primaryimage\"},\"thumbnailUrl\":\"https:\\\/\\\/ubirataonline.com.br\\\/wp-content\\\/uploads\\\/2026\\\/05\\\/A-moment-that-changed-me-I-saw-my-first-total.jpg\",\"keywords\":[\"Astronomy\",\"Beauty\",\"changed\",\"core\",\"eclipse\",\"moment\",\"shook\",\"solar\",\"Total\"],\"articleSection\":[\"Europe\"],\"inLanguage\":\"en-US\",\"copyrightYear\":\"2026\",\"copyrightHolder\":{\"@id\":\"https:\\\/\\\/ubirataonline.com.br\\\/en\\\/#organization\"}},{\"@type\":\"WebPage\",\"@id\":\"https:\\\/\\\/ubirataonline.com.br\\\/a-moment-that-changed-me-i-saw-my-first-total-solar-eclipse-and-its-beauty-shook-me-to-my-core-astronomy\\\/\",\"url\":\"https:\\\/\\\/ubirataonline.com.br\\\/a-moment-that-changed-me-i-saw-my-first-total-solar-eclipse-and-its-beauty-shook-me-to-my-core-astronomy\\\/\",\"name\":\"A moment that changed me: I saw my first total solar eclipse \u2013 and its beauty shook me to my core | Astronomy - Ubirat\u00e3 Online Not\u00edcias - A realidade ao seu alcance!\",\"isPartOf\":{\"@id\":\"https:\\\/\\\/ubirataonline.com.br\\\/#website\"},\"primaryImageOfPage\":{\"@id\":\"https:\\\/\\\/ubirataonline.com.br\\\/a-moment-that-changed-me-i-saw-my-first-total-solar-eclipse-and-its-beauty-shook-me-to-my-core-astronomy\\\/#primaryimage\"},\"image\":{\"@id\":\"https:\\\/\\\/ubirataonline.com.br\\\/a-moment-that-changed-me-i-saw-my-first-total-solar-eclipse-and-its-beauty-shook-me-to-my-core-astronomy\\\/#primaryimage\"},\"thumbnailUrl\":\"https:\\\/\\\/ubirataonline.com.br\\\/wp-content\\\/uploads\\\/2026\\\/05\\\/A-moment-that-changed-me-I-saw-my-first-total.jpg\",\"datePublished\":\"2026-05-15T10:50:10+00:00\",\"dateModified\":\"2026-05-15T10:50:13+00:00\",\"description\":\"I have never driven with more determination than when rushing away from Shelby Park in Nashville. We had reached Davidson Street when my husband shouted:\",\"breadcrumb\":{\"@id\":\"https:\\\/\\\/ubirataonline.com.br\\\/a-moment-that-changed-me-i-saw-my-first-total-solar-eclipse-and-its-beauty-shook-me-to-my-core-astronomy\\\/#breadcrumb\"},\"inLanguage\":\"en-US\",\"potentialAction\":[{\"@type\":\"ReadAction\",\"target\":[\"https:\\\/\\\/ubirataonline.com.br\\\/a-moment-that-changed-me-i-saw-my-first-total-solar-eclipse-and-its-beauty-shook-me-to-my-core-astronomy\\\/\"]}]},{\"@type\":\"ImageObject\",\"inLanguage\":\"en-US\",\"@id\":\"https:\\\/\\\/ubirataonline.com.br\\\/a-moment-that-changed-me-i-saw-my-first-total-solar-eclipse-and-its-beauty-shook-me-to-my-core-astronomy\\\/#primaryimage\",\"url\":\"https:\\\/\\\/ubirataonline.com.br\\\/wp-content\\\/uploads\\\/2026\\\/05\\\/A-moment-that-changed-me-I-saw-my-first-total.jpg\",\"contentUrl\":\"https:\\\/\\\/ubirataonline.com.br\\\/wp-content\\\/uploads\\\/2026\\\/05\\\/A-moment-that-changed-me-I-saw-my-first-total.jpg\",\"width\":1200,\"height\":630,\"caption\":\"Dr Alfredo Carpineti (right) and his husband Chris prepare for the eclipse in Nashville, Tennessee, on 21 August 2017. Photograph: Courtesy of Alfredo Carpineti\"},{\"@type\":\"BreadcrumbList\",\"@id\":\"https:\\\/\\\/ubirataonline.com.br\\\/a-moment-that-changed-me-i-saw-my-first-total-solar-eclipse-and-its-beauty-shook-me-to-my-core-astronomy\\\/#breadcrumb\",\"itemListElement\":[{\"@type\":\"ListItem\",\"position\":1,\"name\":\"In\u00edcio\",\"item\":\"https:\\\/\\\/ubirataonline.com.br\\\/\"},{\"@type\":\"ListItem\",\"position\":2,\"name\":\"A moment that changed me: I saw my first total solar eclipse \u2013 and its beauty shook me to my core | Astronomy\"}]},{\"@type\":\"WebSite\",\"@id\":\"https:\\\/\\\/ubirataonline.com.br\\\/#website\",\"url\":\"https:\\\/\\\/ubirataonline.com.br\\\/\",\"name\":\"Ubirat\u00e3 Online Not\u00edcias\",\"description\":\"Not\u00edcias de Ubirat\u00e3, regi\u00e3o, Brasil e mundo, com informa\u00e7\u00e3o atualizada e compromisso com o leitor.\",\"publisher\":{\"@id\":\"https:\\\/\\\/ubirataonline.com.br\\\/#organization\"},\"alternateName\":\"Ubirat\u00e3 Online\",\"potentialAction\":[{\"@type\":\"SearchAction\",\"target\":{\"@type\":\"EntryPoint\",\"urlTemplate\":\"https:\\\/\\\/ubirataonline.com.br\\\/?s={search_term_string}\"},\"query-input\":{\"@type\":\"PropertyValueSpecification\",\"valueRequired\":true,\"valueName\":\"search_term_string\"}}],\"inLanguage\":\"en-US\"},{\"@type\":[\"Organization\",\"Place\"],\"@id\":\"https:\\\/\\\/ubirataonline.com.br\\\/#organization\",\"name\":\"Ubirat\u00e3 Online Not\u00edcias\",\"alternateName\":\"Ubirat\u00e3 Online\",\"url\":\"https:\\\/\\\/ubirataonline.com.br\\\/\",\"logo\":{\"@id\":\"https:\\\/\\\/ubirataonline.com.br\\\/a-moment-that-changed-me-i-saw-my-first-total-solar-eclipse-and-its-beauty-shook-me-to-my-core-astronomy\\\/#local-main-organization-logo\"},\"image\":{\"@id\":\"https:\\\/\\\/ubirataonline.com.br\\\/a-moment-that-changed-me-i-saw-my-first-total-solar-eclipse-and-its-beauty-shook-me-to-my-core-astronomy\\\/#local-main-organization-logo\"},\"sameAs\":[\"https:\\\/\\\/www.facebook.com\\\/portalubirataonline\",\"https:\\\/\\\/x.com\\\/ubirataonline\",\"https:\\\/\\\/mastodon.social\\\/@ubirataonline\",\"https:\\\/\\\/www.facebook.com\\\/groups\\\/311144672285604\",\"https:\\\/\\\/www.facebook.com\\\/UBTAOnline\",\"https:\\\/\\\/www.instagram.com\\\/portalubirataonline\\\/\",\"https:\\\/\\\/twitter.com\\\/ubirataonline\"],\"description\":\"Somos um portal de not\u00edcias independente, criado em 5 de janeiro de 2009, com o objetivo de informar, conectar e valorizar a nossa comunidade de Ubirat\u00e3 e toda aregi\u00e3o. Com conte\u00fado atualizado, confi\u00e1vel e relevante, o Ubirat\u00e3 Online \u00e9 o seu espa\u00e7o para ficar por dentro dos principais acontecimentos locais, regionais, Brasil, Mundo e de interesse geral. Nosso compromisso \u00e9 com a verdade, a transpar\u00eancia e o respeito ao leitor.\",\"legalName\":\"UBIRATA ONLINE NOT\u00cdCIAS\",\"foundingDate\":\"2009-01-05\",\"numberOfEmployees\":{\"@type\":\"QuantitativeValue\",\"minValue\":\"1\",\"maxValue\":\"10\"},\"publishingPrinciples\":\"https:\\\/\\\/ubirataonline.com.br\\\/faq\\\/\",\"address\":{\"@id\":\"https:\\\/\\\/ubirataonline.com.br\\\/a-moment-that-changed-me-i-saw-my-first-total-solar-eclipse-and-its-beauty-shook-me-to-my-core-astronomy\\\/#local-main-place-address\"},\"geo\":{\"@type\":\"GeoCoordinates\",\"latitude\":\"-24.5361401\",\"longitude\":\"-52.9921776\"},\"telephone\":[\"+5544998308235\"],\"contactPoint\":{\"@type\":\"ContactPoint\",\"email\":\"contato@ubirataonline.com.br\"},\"openingHoursSpecification\":{\"@type\":\"OpeningHoursSpecification\",\"dayOfWeek\":[\"Monday\",\"Tuesday\",\"Wednesday\",\"Thursday\",\"Friday\",\"Saturday\",\"Sunday\"],\"opens\":\"00:00\",\"closes\":\"23:59\"},\"email\":\"contato@ubirataonline.com.br\",\"vatID\":\"47.621.418\\\/0001-80\"},{\"@type\":\"Person\",\"@id\":\"https:\\\/\\\/ubirataonline.com.br\\\/#\\\/schema\\\/person\\\/372f87bbd3fdd79b8556b84c98d0bc1c\",\"name\":\"REDA\u00c7\u00c3O: UBIRAT\u00c3 ONLINE - F\u00c1BIO AUGUSTO CELESTINO\",\"pronouns\":\"Ele\",\"description\":\"Desde 2003 trabalhando com not\u00edcias.\",\"sameAs\":[\"http:\\\/\\\/ubirataoline.com.br\",\"https:\\\/\\\/www.facebook.com\\\/portalubirataonline\",\"https:\\\/\\\/www.instagram.com\\\/ubirataonline_oficial\",\"https:\\\/\\\/x.com\\\/x.com\\\/ubirataonline\"],\"honorificPrefix\":\"Mr.\",\"honorificSuffix\":\"MD\",\"birthDate\":\"1980-06-16\",\"gender\":\"masculino\",\"award\":[\"V\u00e1rios pr\u00eamios de melhor portal da cidade\"],\"jobTitle\":\"Diretor\",\"url\":\"https:\\\/\\\/ubirataonline.com.br\\\/en\\\/author\\\/ubirataonline\\\/\"},{\"@type\":\"PostalAddress\",\"@id\":\"https:\\\/\\\/ubirataonline.com.br\\\/a-moment-that-changed-me-i-saw-my-first-total-solar-eclipse-and-its-beauty-shook-me-to-my-core-astronomy\\\/#local-main-place-address\",\"streetAddress\":\"Rua dos Coqueiros, 104 - Bairro Boa Vista, Rua dos Coqueiros, 104 Bairro Boa Vista\",\"addressLocality\":\"UBIRATA\",\"postalCode\":\"85440-000\",\"addressRegion\":\"PR\",\"addressCountry\":\"BR\"},{\"@type\":\"ImageObject\",\"inLanguage\":\"en-US\",\"@id\":\"https:\\\/\\\/ubirataonline.com.br\\\/a-moment-that-changed-me-i-saw-my-first-total-solar-eclipse-and-its-beauty-shook-me-to-my-core-astronomy\\\/#local-main-organization-logo\",\"url\":\"https:\\\/\\\/ubirataonline.com.br\\\/wp-content\\\/uploads\\\/2026\\\/06\\\/logoubirataonline-1.webp\",\"contentUrl\":\"https:\\\/\\\/ubirataonline.com.br\\\/wp-content\\\/uploads\\\/2026\\\/06\\\/logoubirataonline-1.webp\",\"width\":500,\"height\":500,\"caption\":\"Ubirat\u00e3 Online Not\u00edcias\"}]}<\/script>\n<meta name=\"geo.placename\" content=\"UBIRATA\" \/>\n<meta name=\"geo.position\" content=\"-24.5361401;-52.9921776\" \/>\n<meta name=\"geo.region\" content=\"Brazil\" \/>\n<!-- \/ Yoast SEO Premium plugin. -->","yoast_head_json":{"title":"A moment that changed me: I saw my first total solar eclipse \u2013 and its beauty shook me to my core | Astronomy - Ubirat\u00e3 Online Not\u00edcias - A realidade ao seu alcance!","description":"I have never driven with more determination than when rushing away from Shelby Park in Nashville. We had reached Davidson Street when my husband shouted:","robots":{"index":"index","follow":"follow","max-snippet":"max-snippet:-1","max-image-preview":"max-image-preview:large","max-video-preview":"max-video-preview:-1"},"canonical":"https:\/\/ubirataonline.com.br\/en\/a-moment-that-changed-me-i-saw-my-first-total-solar-eclipse-and-its-beauty-shook-me-to-my-core-astronomy\/","og_locale":"en_US","og_type":"article","og_title":"A moment that changed me: I saw my first total solar eclipse \u2013 and its beauty shook me to my core | Astronomy","og_description":"I have never driven with more determination than when rushing away from Shelby Park in Nashville. We had reached Davidson Street when my husband shouted:","og_url":"https:\/\/ubirataonline.com.br\/en\/a-moment-that-changed-me-i-saw-my-first-total-solar-eclipse-and-its-beauty-shook-me-to-my-core-astronomy\/","og_site_name":"Ubirat\u00e3 Online Not\u00edcias - A realidade ao seu alcance!","article_publisher":"https:\/\/www.facebook.com\/portalubirataonline","article_author":"https:\/\/www.facebook.com\/portalubirataonline","article_published_time":"2026-05-15T10:50:10+00:00","article_modified_time":"2026-05-15T10:50:13+00:00","og_image":[{"width":1200,"height":630,"url":"https:\/\/ubirataonline.com.br\/wp-content\/uploads\/2026\/05\/A-moment-that-changed-me-I-saw-my-first-total.jpg","type":"image\/jpeg"}],"author":"REDA\u00c7\u00c3O: UBIRAT\u00c3 ONLINE - F\u00c1BIO AUGUSTO CELESTINO","twitter_card":"summary_large_image","twitter_creator":"@x.com\/ubirataonline","twitter_site":"@ubirataonline","twitter_misc":{"Written by":"REDA\u00c7\u00c3O: UBIRAT\u00c3 ONLINE - F\u00c1BIO AUGUSTO CELESTINO","Est. reading time":"5 minutes"},"schema":{"@context":"https:\/\/schema.org","@graph":[{"@type":"NewsArticle","@id":"https:\/\/ubirataonline.com.br\/a-moment-that-changed-me-i-saw-my-first-total-solar-eclipse-and-its-beauty-shook-me-to-my-core-astronomy\/#article","isPartOf":{"@id":"https:\/\/ubirataonline.com.br\/a-moment-that-changed-me-i-saw-my-first-total-solar-eclipse-and-its-beauty-shook-me-to-my-core-astronomy\/"},"author":{"name":"REDA\u00c7\u00c3O: UBIRAT\u00c3 ONLINE - F\u00c1BIO AUGUSTO CELESTINO","@id":"https:\/\/ubirataonline.com.br\/#\/schema\/person\/372f87bbd3fdd79b8556b84c98d0bc1c"},"headline":"A moment that changed me: I saw my first total solar eclipse \u2013 and its beauty shook me to my core | Astronomy","datePublished":"2026-05-15T10:50:10+00:00","dateModified":"2026-05-15T10:50:13+00:00","mainEntityOfPage":{"@id":"https:\/\/ubirataonline.com.br\/a-moment-that-changed-me-i-saw-my-first-total-solar-eclipse-and-its-beauty-shook-me-to-my-core-astronomy\/"},"wordCount":926,"publisher":{"@id":"https:\/\/ubirataonline.com.br\/#organization"},"image":{"@id":"https:\/\/ubirataonline.com.br\/a-moment-that-changed-me-i-saw-my-first-total-solar-eclipse-and-its-beauty-shook-me-to-my-core-astronomy\/#primaryimage"},"thumbnailUrl":"https:\/\/ubirataonline.com.br\/wp-content\/uploads\/2026\/05\/A-moment-that-changed-me-I-saw-my-first-total.jpg","keywords":["Astronomy","Beauty","changed","core","eclipse","moment","shook","solar","Total"],"articleSection":["Europe"],"inLanguage":"en-US","copyrightYear":"2026","copyrightHolder":{"@id":"https:\/\/ubirataonline.com.br\/en\/#organization"}},{"@type":"WebPage","@id":"https:\/\/ubirataonline.com.br\/a-moment-that-changed-me-i-saw-my-first-total-solar-eclipse-and-its-beauty-shook-me-to-my-core-astronomy\/","url":"https:\/\/ubirataonline.com.br\/a-moment-that-changed-me-i-saw-my-first-total-solar-eclipse-and-its-beauty-shook-me-to-my-core-astronomy\/","name":"A moment that changed me: I saw my first total solar eclipse \u2013 and its beauty shook me to my core | Astronomy - Ubirat\u00e3 Online Not\u00edcias - A realidade ao seu alcance!","isPartOf":{"@id":"https:\/\/ubirataonline.com.br\/#website"},"primaryImageOfPage":{"@id":"https:\/\/ubirataonline.com.br\/a-moment-that-changed-me-i-saw-my-first-total-solar-eclipse-and-its-beauty-shook-me-to-my-core-astronomy\/#primaryimage"},"image":{"@id":"https:\/\/ubirataonline.com.br\/a-moment-that-changed-me-i-saw-my-first-total-solar-eclipse-and-its-beauty-shook-me-to-my-core-astronomy\/#primaryimage"},"thumbnailUrl":"https:\/\/ubirataonline.com.br\/wp-content\/uploads\/2026\/05\/A-moment-that-changed-me-I-saw-my-first-total.jpg","datePublished":"2026-05-15T10:50:10+00:00","dateModified":"2026-05-15T10:50:13+00:00","description":"I have never driven with more determination than when rushing away from Shelby Park in Nashville. We had reached Davidson Street when my husband shouted:","breadcrumb":{"@id":"https:\/\/ubirataonline.com.br\/a-moment-that-changed-me-i-saw-my-first-total-solar-eclipse-and-its-beauty-shook-me-to-my-core-astronomy\/#breadcrumb"},"inLanguage":"en-US","potentialAction":[{"@type":"ReadAction","target":["https:\/\/ubirataonline.com.br\/a-moment-that-changed-me-i-saw-my-first-total-solar-eclipse-and-its-beauty-shook-me-to-my-core-astronomy\/"]}]},{"@type":"ImageObject","inLanguage":"en-US","@id":"https:\/\/ubirataonline.com.br\/a-moment-that-changed-me-i-saw-my-first-total-solar-eclipse-and-its-beauty-shook-me-to-my-core-astronomy\/#primaryimage","url":"https:\/\/ubirataonline.com.br\/wp-content\/uploads\/2026\/05\/A-moment-that-changed-me-I-saw-my-first-total.jpg","contentUrl":"https:\/\/ubirataonline.com.br\/wp-content\/uploads\/2026\/05\/A-moment-that-changed-me-I-saw-my-first-total.jpg","width":1200,"height":630,"caption":"Dr Alfredo Carpineti (right) and his husband Chris prepare for the eclipse in Nashville, Tennessee, on 21 August 2017. Photograph: Courtesy of Alfredo Carpineti"},{"@type":"BreadcrumbList","@id":"https:\/\/ubirataonline.com.br\/a-moment-that-changed-me-i-saw-my-first-total-solar-eclipse-and-its-beauty-shook-me-to-my-core-astronomy\/#breadcrumb","itemListElement":[{"@type":"ListItem","position":1,"name":"In\u00edcio","item":"https:\/\/ubirataonline.com.br\/"},{"@type":"ListItem","position":2,"name":"A moment that changed me: I saw my first total solar eclipse \u2013 and its beauty shook me to my core | Astronomy"}]},{"@type":"WebSite","@id":"https:\/\/ubirataonline.com.br\/#website","url":"https:\/\/ubirataonline.com.br\/","name":"Ubirat\u00e3 Online Not\u00edcias","description":"Not\u00edcias de Ubirat\u00e3, regi\u00e3o, Brasil e mundo, com informa\u00e7\u00e3o atualizada e compromisso com o leitor.","publisher":{"@id":"https:\/\/ubirataonline.com.br\/#organization"},"alternateName":"Ubirat\u00e3 Online","potentialAction":[{"@type":"SearchAction","target":{"@type":"EntryPoint","urlTemplate":"https:\/\/ubirataonline.com.br\/?s={search_term_string}"},"query-input":{"@type":"PropertyValueSpecification","valueRequired":true,"valueName":"search_term_string"}}],"inLanguage":"en-US"},{"@type":["Organization","Place"],"@id":"https:\/\/ubirataonline.com.br\/#organization","name":"Ubirat\u00e3 Online Not\u00edcias","alternateName":"Ubirat\u00e3 Online","url":"https:\/\/ubirataonline.com.br\/","logo":{"@id":"https:\/\/ubirataonline.com.br\/a-moment-that-changed-me-i-saw-my-first-total-solar-eclipse-and-its-beauty-shook-me-to-my-core-astronomy\/#local-main-organization-logo"},"image":{"@id":"https:\/\/ubirataonline.com.br\/a-moment-that-changed-me-i-saw-my-first-total-solar-eclipse-and-its-beauty-shook-me-to-my-core-astronomy\/#local-main-organization-logo"},"sameAs":["https:\/\/www.facebook.com\/portalubirataonline","https:\/\/x.com\/ubirataonline","https:\/\/mastodon.social\/@ubirataonline","https:\/\/www.facebook.com\/groups\/311144672285604","https:\/\/www.facebook.com\/UBTAOnline","https:\/\/www.instagram.com\/portalubirataonline\/","https:\/\/twitter.com\/ubirataonline"],"description":"Somos um portal de not\u00edcias independente, criado em 5 de janeiro de 2009, com o objetivo de informar, conectar e valorizar a nossa comunidade de Ubirat\u00e3 e toda aregi\u00e3o. Com conte\u00fado atualizado, confi\u00e1vel e relevante, o Ubirat\u00e3 Online \u00e9 o seu espa\u00e7o para ficar por dentro dos principais acontecimentos locais, regionais, Brasil, Mundo e de interesse geral. Nosso compromisso \u00e9 com a verdade, a transpar\u00eancia e o respeito ao leitor.","legalName":"UBIRATA ONLINE NOT\u00cdCIAS","foundingDate":"2009-01-05","numberOfEmployees":{"@type":"QuantitativeValue","minValue":"1","maxValue":"10"},"publishingPrinciples":"https:\/\/ubirataonline.com.br\/faq\/","address":{"@id":"https:\/\/ubirataonline.com.br\/a-moment-that-changed-me-i-saw-my-first-total-solar-eclipse-and-its-beauty-shook-me-to-my-core-astronomy\/#local-main-place-address"},"geo":{"@type":"GeoCoordinates","latitude":"-24.5361401","longitude":"-52.9921776"},"telephone":["+5544998308235"],"contactPoint":{"@type":"ContactPoint","email":"contato@ubirataonline.com.br"},"openingHoursSpecification":{"@type":"OpeningHoursSpecification","dayOfWeek":["Monday","Tuesday","Wednesday","Thursday","Friday","Saturday","Sunday"],"opens":"00:00","closes":"23:59"},"email":"contato@ubirataonline.com.br","vatID":"47.621.418\/0001-80"},{"@type":"Person","@id":"https:\/\/ubirataonline.com.br\/#\/schema\/person\/372f87bbd3fdd79b8556b84c98d0bc1c","name":"REDA\u00c7\u00c3O: UBIRAT\u00c3 ONLINE - F\u00c1BIO AUGUSTO CELESTINO","pronouns":"Ele","description":"Desde 2003 trabalhando com not\u00edcias.","sameAs":["http:\/\/ubirataoline.com.br","https:\/\/www.facebook.com\/portalubirataonline","https:\/\/www.instagram.com\/ubirataonline_oficial","https:\/\/x.com\/x.com\/ubirataonline"],"honorificPrefix":"Mr.","honorificSuffix":"MD","birthDate":"1980-06-16","gender":"masculino","award":["V\u00e1rios pr\u00eamios de melhor portal da cidade"],"jobTitle":"Diretor","url":"https:\/\/ubirataonline.com.br\/en\/author\/ubirataonline\/"},{"@type":"PostalAddress","@id":"https:\/\/ubirataonline.com.br\/a-moment-that-changed-me-i-saw-my-first-total-solar-eclipse-and-its-beauty-shook-me-to-my-core-astronomy\/#local-main-place-address","streetAddress":"Rua dos Coqueiros, 104 - Bairro Boa Vista, Rua dos Coqueiros, 104 Bairro Boa Vista","addressLocality":"UBIRATA","postalCode":"85440-000","addressRegion":"PR","addressCountry":"BR"},{"@type":"ImageObject","inLanguage":"en-US","@id":"https:\/\/ubirataonline.com.br\/a-moment-that-changed-me-i-saw-my-first-total-solar-eclipse-and-its-beauty-shook-me-to-my-core-astronomy\/#local-main-organization-logo","url":"https:\/\/ubirataonline.com.br\/wp-content\/uploads\/2026\/06\/logoubirataonline-1.webp","contentUrl":"https:\/\/ubirataonline.com.br\/wp-content\/uploads\/2026\/06\/logoubirataonline-1.webp","width":500,"height":500,"caption":"Ubirat\u00e3 Online Not\u00edcias"}]},"geo.placename":"UBIRATA","geo.position":{"lat":"-24.5361401","long":"-52.9921776"},"geo.region":"Brazil"},"_links":{"self":[{"href":"https:\/\/ubirataonline.com.br\/en\/wp-json\/wp\/v2\/posts\/130280","targetHints":{"allow":["GET"]}}],"collection":[{"href":"https:\/\/ubirataonline.com.br\/en\/wp-json\/wp\/v2\/posts"}],"about":[{"href":"https:\/\/ubirataonline.com.br\/en\/wp-json\/wp\/v2\/types\/post"}],"author":[{"embeddable":true,"href":"https:\/\/ubirataonline.com.br\/en\/wp-json\/wp\/v2\/users\/1"}],"replies":[{"embeddable":true,"href":"https:\/\/ubirataonline.com.br\/en\/wp-json\/wp\/v2\/comments?post=130280"}],"version-history":[{"count":0,"href":"https:\/\/ubirataonline.com.br\/en\/wp-json\/wp\/v2\/posts\/130280\/revisions"}],"wp:featuredmedia":[{"embeddable":true,"href":"https:\/\/ubirataonline.com.br\/en\/wp-json\/wp\/v2\/media\/130281"}],"wp:attachment":[{"href":"https:\/\/ubirataonline.com.br\/en\/wp-json\/wp\/v2\/media?parent=130280"}],"wp:term":[{"taxonomy":"category","embeddable":true,"href":"https:\/\/ubirataonline.com.br\/en\/wp-json\/wp\/v2\/categories?post=130280"},{"taxonomy":"post_tag","embeddable":true,"href":"https:\/\/ubirataonline.com.br\/en\/wp-json\/wp\/v2\/tags?post=130280"}],"curies":[{"name":"wp","href":"https:\/\/api.w.org\/{rel}","templated":true}]}}