{"id":130412,"date":"2026-05-15T11:21:09","date_gmt":"2026-05-15T14:21:09","guid":{"rendered":"https:\/\/ubirataonline.com.br\/ministerio-publico-do-parana-obtem-decisao-liminar-que-obriga-municipio-de-paulo-frontin-a-contratar-psicologo-e-assistente-social-para-atendimento-na-casa-lar\/"},"modified":"2026-05-15T11:21:10","modified_gmt":"2026-05-15T14:21:10","slug":"ministerio-publico-do-parana-obtem-decisao-liminar-que-obriga-municipio-de-paulo-frontin-a-contratar-psicologo-e-assistente-social-para-atendimento-na-casa-lar","status":"publish","type":"post","link":"https:\/\/ubirataonline.com.br\/en\/ministerio-publico-do-parana-obtem-decisao-liminar-que-obriga-municipio-de-paulo-frontin-a-contratar-psicologo-e-assistente-social-para-atendimento-na-casa-lar\/","title":{"rendered":"Minist\u00e9rio P\u00fablico do Paran\u00e1 obt\u00e9m decis\u00e3o liminar que obriga Munic\u00edpio de Paulo Frontin a contratar psic\u00f3logo e assistente social para atendimento na Casa Lar"},"content":{"rendered":"<p><\/p>\n<div>\n<p>O Minist\u00e9rio P\u00fablico do Paran\u00e1 obteve decis\u00e3o judicial liminar determinando que o Munic\u00edpio de Paulo Frontin, no Sudeste do estado, regularize em at\u00e9 30 dias a situa\u00e7\u00e3o de falta de pessoal na Casa Lar, que acolhe crian\u00e7as e adolescentes em situa\u00e7\u00e3o de risco. A decis\u00e3o decorre de a\u00e7\u00e3o civil p\u00fablica ajuizada pela Promotoria de Justi\u00e7a de Mallet, sede da comarca.<\/p>\n<p class=\"text-align-center\"><a href=\"https:\/\/apps.mppr.mp.br\/audios\/play\/3cd815957b1a6a0584a1aef8321b621f\" target=\"_blank\"><strong>\u00c1udio do Promotor de Justi\u00e7a Bruno Fanchin<\/strong><\/a><\/p>\n<p>Conforme apurado pelo MPPR, a Casa Lar n\u00e3o conta com os recursos humanos m\u00ednimos obrigat\u00f3rios definidos pelas normas vigentes, o que dificulta ou mesmo impossibilita o atendimento adequado \u00e0s crian\u00e7as e adolescentes.<\/p>\n<p>Atendendo o pedido da Promotoria de Justi\u00e7a, o Ju\u00edzo da Vara da Inf\u00e2ncia e da Juventude de Mallet determinou que o Munic\u00edpio de Paulo Frontin, \u201cno prazo de 30 dias, adote as provid\u00eancias necess\u00e1rias para compor a equipe t\u00e9cnica da institui\u00e7\u00e3o de acolhimento com psic\u00f3logo e assistente social, os quais devem cumprir, cada um, jornada de 30 horas semanais, com dedica\u00e7\u00e3o exclusiva ao servi\u00e7o\u201d, em observ\u00e2ncia \u00e0s normas em vigor, sob pena de multa di\u00e1ria de mil reais, at\u00e9 o limite de R$ 60 mil.<\/p>\n<p>Processo 0000772-07.2026.8.16.0106 (sob sigilo)<\/p>\n<p><em>Informa\u00e7\u00f5es para a imprensa:<br \/>Assessoria de Comunica\u00e7\u00e3o<br \/><a href=\"https:\/\/mppr.mp.br\/cdn-cgi\/l\/email-protection\" class=\"__cf_email__\" data-cfemail=\"0f6c60627a61666c6e6c6e604f627f7f7d21627f216d7d\">[email\u00a0protected]<\/a><br \/>(41) 3250-4249<\/em><\/p>\n<\/div>\n<p><a href=\"https:\/\/mppr.mp.br\/Noticia\/Ministerio-Publico-do-Parana-obtem-decisao-liminar-que-obriga-Municipio-de-Paulo-Frontin\">Source link <\/a><\/p>\n","protected":false},"excerpt":{"rendered":"<p>O Minist\u00e9rio P\u00fablico do Paran\u00e1 obteve decis\u00e3o judicial liminar determinando que o Munic\u00edpio de Paulo Frontin, no Sudeste do estado, regularize em at\u00e9 30 dias a situa\u00e7\u00e3o de falta de pessoal na Casa Lar, que acolhe crian\u00e7as e adolescentes em situa\u00e7\u00e3o de risco. A decis\u00e3o decorre de a\u00e7\u00e3o civil p\u00fablica ajuizada pela Promotoria de Justi\u00e7a [&hellip;]<\/p>\n","protected":false},"author":1,"featured_media":93476,"comment_status":"closed","ping_status":"","sticky":false,"template":"","format":"standard","meta":{"googlesitekit_rrm_CAow2JLhCw:productID":"","_gspb_post_css":"","maa_idioma":"","maa_pais":"","footnotes":""},"categories":[1],"tags":[35825,4265,2861,4618,6435,35823,4184,9993,3438,3714,25431,5559,2904,90,3263,35824,3439,146],"class_list":["post-130412","post","type-post","status-publish","format-standard","has-post-thumbnail","hentry","category-ubirata","tag-assistente","tag-atendimento","tag-casa","tag-contratar","tag-decisao","tag-frontin","tag-lar","tag-liminar","tag-ministerio","tag-municipio","tag-obriga","tag-obtem","tag-para","tag-parana","tag-paulo","tag-psicologo","tag-publico","tag-social"],"blocksy_meta":[],"yoast_head":"<!-- This site is optimized with the Yoast SEO Premium plugin v27.6 (Yoast SEO v27.6) - https:\/\/yoast.com\/product\/yoast-seo-premium-wordpress\/ -->\n<title>Minist\u00e9rio P\u00fablico do Paran\u00e1 obt\u00e9m decis\u00e3o liminar que obriga Munic\u00edpio de Paulo Frontin a contratar psic\u00f3logo e assistente social para atendimento na Casa Lar - Ubirat\u00e3 Online Not\u00edcias - A realidade ao seu alcance!<\/title>\n<meta name=\"description\" content=\"O Minist\u00e9rio P\u00fablico do Paran\u00e1 obteve decis\u00e3o judicial liminar determinando que o Munic\u00edpio de Paulo Frontin, no Sudeste do estado, regularize em at\u00e9 30\" \/>\n<meta name=\"robots\" content=\"index, follow, max-snippet:-1, max-image-preview:large, max-video-preview:-1\" \/>\n<link rel=\"canonical\" href=\"https:\/\/ubirataonline.com.br\/en\/ministerio-publico-do-parana-obtem-decisao-liminar-que-obriga-municipio-de-paulo-frontin-a-contratar-psicologo-e-assistente-social-para-atendimento-na-casa-lar\/\" \/>\n<meta property=\"og:locale\" content=\"en_US\" \/>\n<meta property=\"og:type\" content=\"article\" \/>\n<meta property=\"og:title\" content=\"Minist\u00e9rio P\u00fablico do Paran\u00e1 obt\u00e9m decis\u00e3o liminar que obriga Munic\u00edpio de Paulo Frontin a contratar psic\u00f3logo e assistente social para atendimento na Casa Lar\" \/>\n<meta property=\"og:description\" content=\"O Minist\u00e9rio P\u00fablico do Paran\u00e1 obteve decis\u00e3o judicial liminar determinando que o Munic\u00edpio de Paulo Frontin, no Sudeste do estado, regularize em at\u00e9 30\" \/>\n<meta property=\"og:url\" content=\"https:\/\/ubirataonline.com.br\/en\/ministerio-publico-do-parana-obtem-decisao-liminar-que-obriga-municipio-de-paulo-frontin-a-contratar-psicologo-e-assistente-social-para-atendimento-na-casa-lar\/\" \/>\n<meta property=\"og:site_name\" content=\"Ubirat\u00e3 Online Not\u00edcias - A realidade ao seu alcance!\" \/>\n<meta property=\"article:publisher\" content=\"https:\/\/www.facebook.com\/portalubirataonline\" \/>\n<meta property=\"article:author\" content=\"https:\/\/www.facebook.com\/portalubirataonline\" \/>\n<meta property=\"article:published_time\" content=\"2026-05-15T14:21:09+00:00\" \/>\n<meta property=\"article:modified_time\" content=\"2026-05-15T14:21:10+00:00\" \/>\n<meta property=\"og:image\" content=\"https:\/\/ubirataonline.com.br\/wp-content\/uploads\/2026\/03\/Em-Cascavel-Gaeco-Policia-Civil-e-PM-deflagram-operacao-que.png\" \/>\n\t<meta property=\"og:image:width\" content=\"240\" \/>\n\t<meta property=\"og:image:height\" content=\"240\" \/>\n\t<meta property=\"og:image:type\" content=\"image\/png\" \/>\n<meta name=\"author\" content=\"REDA\u00c7\u00c3O: UBIRAT\u00c3 ONLINE - F\u00c1BIO AUGUSTO CELESTINO\" \/>\n<meta name=\"twitter:card\" content=\"summary_large_image\" \/>\n<meta name=\"twitter:creator\" content=\"@x.com\/ubirataonline\" \/>\n<meta name=\"twitter:site\" content=\"@ubirataonline\" \/>\n<meta name=\"twitter:label1\" content=\"Written by\" \/>\n\t<meta name=\"twitter:data1\" content=\"REDA\u00c7\u00c3O: UBIRAT\u00c3 ONLINE - F\u00c1BIO AUGUSTO CELESTINO\" \/>\n\t<meta name=\"twitter:label2\" content=\"Est. reading time\" \/>\n\t<meta name=\"twitter:data2\" content=\"1 minute\" \/>\n<script type=\"application\/ld+json\" class=\"yoast-schema-graph\">{\"@context\":\"https:\\\/\\\/schema.org\",\"@graph\":[{\"@type\":\"NewsArticle\",\"@id\":\"https:\\\/\\\/ubirataonline.com.br\\\/ministerio-publico-do-parana-obtem-decisao-liminar-que-obriga-municipio-de-paulo-frontin-a-contratar-psicologo-e-assistente-social-para-atendimento-na-casa-lar\\\/#article\",\"isPartOf\":{\"@id\":\"https:\\\/\\\/ubirataonline.com.br\\\/ministerio-publico-do-parana-obtem-decisao-liminar-que-obriga-municipio-de-paulo-frontin-a-contratar-psicologo-e-assistente-social-para-atendimento-na-casa-lar\\\/\"},\"author\":{\"name\":\"REDA\u00c7\u00c3O: UBIRAT\u00c3 ONLINE - F\u00c1BIO AUGUSTO CELESTINO\",\"@id\":\"https:\\\/\\\/ubirataonline.com.br\\\/#\\\/schema\\\/person\\\/372f87bbd3fdd79b8556b84c98d0bc1c\"},\"headline\":\"Minist\u00e9rio P\u00fablico do Paran\u00e1 obt\u00e9m decis\u00e3o liminar que obriga Munic\u00edpio de Paulo Frontin a contratar psic\u00f3logo e assistente social para atendimento na Casa Lar\",\"datePublished\":\"2026-05-15T14:21:09+00:00\",\"dateModified\":\"2026-05-15T14:21:10+00:00\",\"mainEntityOfPage\":{\"@id\":\"https:\\\/\\\/ubirataonline.com.br\\\/ministerio-publico-do-parana-obtem-decisao-liminar-que-obriga-municipio-de-paulo-frontin-a-contratar-psicologo-e-assistente-social-para-atendimento-na-casa-lar\\\/\"},\"wordCount\":257,\"publisher\":{\"@id\":\"https:\\\/\\\/ubirataonline.com.br\\\/#organization\"},\"image\":{\"@id\":\"https:\\\/\\\/ubirataonline.com.br\\\/ministerio-publico-do-parana-obtem-decisao-liminar-que-obriga-municipio-de-paulo-frontin-a-contratar-psicologo-e-assistente-social-para-atendimento-na-casa-lar\\\/#primaryimage\"},\"thumbnailUrl\":\"https:\\\/\\\/ubirataonline.com.br\\\/wp-content\\\/uploads\\\/2026\\\/03\\\/Em-Cascavel-Gaeco-Policia-Civil-e-PM-deflagram-operacao-que.png\",\"keywords\":[\"assistente\",\"atendimento\",\"Casa\",\"contratar\",\"decis\u00e3o\",\"Frontin\",\"lar\",\"Liminar\",\"Minist\u00e9rio\",\"Munic\u00edpio\",\"obriga\",\"obt\u00e9m\",\"para\",\"paran\u00e1\",\"Paulo\",\"psic\u00f3logo\",\"P\u00fablico\",\"social\"],\"articleSection\":[\"Ubirat\u00e3\"],\"inLanguage\":\"en-US\",\"copyrightYear\":\"2026\",\"copyrightHolder\":{\"@id\":\"https:\\\/\\\/ubirataonline.com.br\\\/en\\\/#organization\"}},{\"@type\":\"WebPage\",\"@id\":\"https:\\\/\\\/ubirataonline.com.br\\\/ministerio-publico-do-parana-obtem-decisao-liminar-que-obriga-municipio-de-paulo-frontin-a-contratar-psicologo-e-assistente-social-para-atendimento-na-casa-lar\\\/\",\"url\":\"https:\\\/\\\/ubirataonline.com.br\\\/ministerio-publico-do-parana-obtem-decisao-liminar-que-obriga-municipio-de-paulo-frontin-a-contratar-psicologo-e-assistente-social-para-atendimento-na-casa-lar\\\/\",\"name\":\"Minist\u00e9rio P\u00fablico do Paran\u00e1 obt\u00e9m decis\u00e3o liminar que obriga Munic\u00edpio de Paulo Frontin a contratar psic\u00f3logo e assistente social para atendimento na Casa Lar - Ubirat\u00e3 Online Not\u00edcias - A realidade ao seu alcance!\",\"isPartOf\":{\"@id\":\"https:\\\/\\\/ubirataonline.com.br\\\/#website\"},\"primaryImageOfPage\":{\"@id\":\"https:\\\/\\\/ubirataonline.com.br\\\/ministerio-publico-do-parana-obtem-decisao-liminar-que-obriga-municipio-de-paulo-frontin-a-contratar-psicologo-e-assistente-social-para-atendimento-na-casa-lar\\\/#primaryimage\"},\"image\":{\"@id\":\"https:\\\/\\\/ubirataonline.com.br\\\/ministerio-publico-do-parana-obtem-decisao-liminar-que-obriga-municipio-de-paulo-frontin-a-contratar-psicologo-e-assistente-social-para-atendimento-na-casa-lar\\\/#primaryimage\"},\"thumbnailUrl\":\"https:\\\/\\\/ubirataonline.com.br\\\/wp-content\\\/uploads\\\/2026\\\/03\\\/Em-Cascavel-Gaeco-Policia-Civil-e-PM-deflagram-operacao-que.png\",\"datePublished\":\"2026-05-15T14:21:09+00:00\",\"dateModified\":\"2026-05-15T14:21:10+00:00\",\"description\":\"O Minist\u00e9rio P\u00fablico do Paran\u00e1 obteve decis\u00e3o judicial liminar determinando que o Munic\u00edpio de Paulo Frontin, no Sudeste do estado, regularize em at\u00e9 30\",\"breadcrumb\":{\"@id\":\"https:\\\/\\\/ubirataonline.com.br\\\/ministerio-publico-do-parana-obtem-decisao-liminar-que-obriga-municipio-de-paulo-frontin-a-contratar-psicologo-e-assistente-social-para-atendimento-na-casa-lar\\\/#breadcrumb\"},\"inLanguage\":\"en-US\",\"potentialAction\":[{\"@type\":\"ReadAction\",\"target\":[\"https:\\\/\\\/ubirataonline.com.br\\\/ministerio-publico-do-parana-obtem-decisao-liminar-que-obriga-municipio-de-paulo-frontin-a-contratar-psicologo-e-assistente-social-para-atendimento-na-casa-lar\\\/\"]}]},{\"@type\":\"ImageObject\",\"inLanguage\":\"en-US\",\"@id\":\"https:\\\/\\\/ubirataonline.com.br\\\/ministerio-publico-do-parana-obtem-decisao-liminar-que-obriga-municipio-de-paulo-frontin-a-contratar-psicologo-e-assistente-social-para-atendimento-na-casa-lar\\\/#primaryimage\",\"url\":\"https:\\\/\\\/ubirataonline.com.br\\\/wp-content\\\/uploads\\\/2026\\\/03\\\/Em-Cascavel-Gaeco-Policia-Civil-e-PM-deflagram-operacao-que.png\",\"contentUrl\":\"https:\\\/\\\/ubirataonline.com.br\\\/wp-content\\\/uploads\\\/2026\\\/03\\\/Em-Cascavel-Gaeco-Policia-Civil-e-PM-deflagram-operacao-que.png\",\"width\":240,\"height\":240,\"caption\":\"Em Cascavel, Gaeco, Pol\u00edcia Civil e PM deflagram opera\u00e7\u00e3o que investiga o uso do sistema drive-thru para a venda de drogas em com\u00e9rcio pr\u00f3ximo de escola\"},{\"@type\":\"BreadcrumbList\",\"@id\":\"https:\\\/\\\/ubirataonline.com.br\\\/ministerio-publico-do-parana-obtem-decisao-liminar-que-obriga-municipio-de-paulo-frontin-a-contratar-psicologo-e-assistente-social-para-atendimento-na-casa-lar\\\/#breadcrumb\",\"itemListElement\":[{\"@type\":\"ListItem\",\"position\":1,\"name\":\"In\u00edcio\",\"item\":\"https:\\\/\\\/ubirataonline.com.br\\\/\"},{\"@type\":\"ListItem\",\"position\":2,\"name\":\"Minist\u00e9rio P\u00fablico do Paran\u00e1 obt\u00e9m decis\u00e3o liminar que obriga Munic\u00edpio de Paulo Frontin a contratar psic\u00f3logo e assistente social para atendimento na Casa Lar\"}]},{\"@type\":\"WebSite\",\"@id\":\"https:\\\/\\\/ubirataonline.com.br\\\/#website\",\"url\":\"https:\\\/\\\/ubirataonline.com.br\\\/\",\"name\":\"Ubirat\u00e3 Online Not\u00edcias\",\"description\":\"Not\u00edcias de Ubirat\u00e3, regi\u00e3o, Brasil e mundo, com informa\u00e7\u00e3o atualizada e compromisso com o leitor.\",\"publisher\":{\"@id\":\"https:\\\/\\\/ubirataonline.com.br\\\/#organization\"},\"alternateName\":\"Ubirat\u00e3 Online\",\"potentialAction\":[{\"@type\":\"SearchAction\",\"target\":{\"@type\":\"EntryPoint\",\"urlTemplate\":\"https:\\\/\\\/ubirataonline.com.br\\\/?s={search_term_string}\"},\"query-input\":{\"@type\":\"PropertyValueSpecification\",\"valueRequired\":true,\"valueName\":\"search_term_string\"}}],\"inLanguage\":\"en-US\"},{\"@type\":[\"Organization\",\"Place\"],\"@id\":\"https:\\\/\\\/ubirataonline.com.br\\\/#organization\",\"name\":\"Ubirat\u00e3 Online Not\u00edcias\",\"alternateName\":\"Ubirat\u00e3 Online\",\"url\":\"https:\\\/\\\/ubirataonline.com.br\\\/\",\"logo\":{\"@id\":\"https:\\\/\\\/ubirataonline.com.br\\\/ministerio-publico-do-parana-obtem-decisao-liminar-que-obriga-municipio-de-paulo-frontin-a-contratar-psicologo-e-assistente-social-para-atendimento-na-casa-lar\\\/#local-main-organization-logo\"},\"image\":{\"@id\":\"https:\\\/\\\/ubirataonline.com.br\\\/ministerio-publico-do-parana-obtem-decisao-liminar-que-obriga-municipio-de-paulo-frontin-a-contratar-psicologo-e-assistente-social-para-atendimento-na-casa-lar\\\/#local-main-organization-logo\"},\"sameAs\":[\"https:\\\/\\\/www.facebook.com\\\/portalubirataonline\",\"https:\\\/\\\/x.com\\\/ubirataonline\",\"https:\\\/\\\/mastodon.social\\\/@ubirataonline\",\"https:\\\/\\\/www.facebook.com\\\/groups\\\/311144672285604\",\"https:\\\/\\\/www.facebook.com\\\/UBTAOnline\",\"https:\\\/\\\/www.instagram.com\\\/portalubirataonline\\\/\",\"https:\\\/\\\/twitter.com\\\/ubirataonline\"],\"description\":\"Somos um portal de not\u00edcias independente, criado em 5 de janeiro de 2009, com o objetivo de informar, conectar e valorizar a nossa comunidade de Ubirat\u00e3 e toda aregi\u00e3o. Com conte\u00fado atualizado, confi\u00e1vel e relevante, o Ubirat\u00e3 Online \u00e9 o seu espa\u00e7o para ficar por dentro dos principais acontecimentos locais, regionais, Brasil, Mundo e de interesse geral. Nosso compromisso \u00e9 com a verdade, a transpar\u00eancia e o respeito ao leitor.\",\"legalName\":\"UBIRATA ONLINE NOT\u00cdCIAS\",\"foundingDate\":\"2009-01-05\",\"numberOfEmployees\":{\"@type\":\"QuantitativeValue\",\"minValue\":\"1\",\"maxValue\":\"10\"},\"publishingPrinciples\":\"https:\\\/\\\/ubirataonline.com.br\\\/faq\\\/\",\"address\":{\"@id\":\"https:\\\/\\\/ubirataonline.com.br\\\/ministerio-publico-do-parana-obtem-decisao-liminar-que-obriga-municipio-de-paulo-frontin-a-contratar-psicologo-e-assistente-social-para-atendimento-na-casa-lar\\\/#local-main-place-address\"},\"geo\":{\"@type\":\"GeoCoordinates\",\"latitude\":\"-24.5361401\",\"longitude\":\"-52.9921776\"},\"telephone\":[\"+5544998308235\"],\"contactPoint\":{\"@type\":\"ContactPoint\",\"email\":\"contato@ubirataonline.com.br\"},\"openingHoursSpecification\":{\"@type\":\"OpeningHoursSpecification\",\"dayOfWeek\":[\"Monday\",\"Tuesday\",\"Wednesday\",\"Thursday\",\"Friday\",\"Saturday\",\"Sunday\"],\"opens\":\"00:00\",\"closes\":\"23:59\"},\"email\":\"contato@ubirataonline.com.br\",\"vatID\":\"47.621.418\\\/0001-80\"},{\"@type\":\"Person\",\"@id\":\"https:\\\/\\\/ubirataonline.com.br\\\/#\\\/schema\\\/person\\\/372f87bbd3fdd79b8556b84c98d0bc1c\",\"name\":\"REDA\u00c7\u00c3O: UBIRAT\u00c3 ONLINE - F\u00c1BIO AUGUSTO CELESTINO\",\"pronouns\":\"Ele\",\"description\":\"Desde 2003 trabalhando com not\u00edcias.\",\"sameAs\":[\"http:\\\/\\\/ubirataoline.com.br\",\"https:\\\/\\\/www.facebook.com\\\/portalubirataonline\",\"https:\\\/\\\/www.instagram.com\\\/ubirataonline_oficial\",\"https:\\\/\\\/x.com\\\/x.com\\\/ubirataonline\"],\"honorificPrefix\":\"Mr.\",\"honorificSuffix\":\"MD\",\"birthDate\":\"1980-06-16\",\"gender\":\"masculino\",\"award\":[\"V\u00e1rios pr\u00eamios de melhor portal da cidade\"],\"jobTitle\":\"Diretor\",\"url\":\"https:\\\/\\\/ubirataonline.com.br\\\/en\\\/author\\\/ubirataonline\\\/\"},{\"@type\":\"PostalAddress\",\"@id\":\"https:\\\/\\\/ubirataonline.com.br\\\/ministerio-publico-do-parana-obtem-decisao-liminar-que-obriga-municipio-de-paulo-frontin-a-contratar-psicologo-e-assistente-social-para-atendimento-na-casa-lar\\\/#local-main-place-address\",\"streetAddress\":\"Rua dos Coqueiros, 104 - Bairro Boa Vista, Rua dos Coqueiros, 104 Bairro Boa Vista\",\"addressLocality\":\"UBIRATA\",\"postalCode\":\"85440-000\",\"addressRegion\":\"PR\",\"addressCountry\":\"BR\"},{\"@type\":\"ImageObject\",\"inLanguage\":\"en-US\",\"@id\":\"https:\\\/\\\/ubirataonline.com.br\\\/ministerio-publico-do-parana-obtem-decisao-liminar-que-obriga-municipio-de-paulo-frontin-a-contratar-psicologo-e-assistente-social-para-atendimento-na-casa-lar\\\/#local-main-organization-logo\",\"url\":\"https:\\\/\\\/ubirataonline.com.br\\\/wp-content\\\/uploads\\\/2026\\\/06\\\/logoubirataonline-1.webp\",\"contentUrl\":\"https:\\\/\\\/ubirataonline.com.br\\\/wp-content\\\/uploads\\\/2026\\\/06\\\/logoubirataonline-1.webp\",\"width\":500,\"height\":500,\"caption\":\"Ubirat\u00e3 Online Not\u00edcias\"}]}<\/script>\n<meta name=\"geo.placename\" content=\"UBIRATA\" \/>\n<meta name=\"geo.position\" content=\"-24.5361401;-52.9921776\" \/>\n<meta name=\"geo.region\" content=\"Brazil\" \/>\n<!-- \/ Yoast SEO Premium plugin. -->","yoast_head_json":{"title":"Minist\u00e9rio P\u00fablico do Paran\u00e1 obt\u00e9m decis\u00e3o liminar que obriga Munic\u00edpio de Paulo Frontin a contratar psic\u00f3logo e assistente social para atendimento na Casa Lar - Ubirat\u00e3 Online Not\u00edcias - A realidade ao seu alcance!","description":"O Minist\u00e9rio P\u00fablico do Paran\u00e1 obteve decis\u00e3o judicial liminar determinando que o Munic\u00edpio de Paulo Frontin, no Sudeste do estado, regularize em at\u00e9 30","robots":{"index":"index","follow":"follow","max-snippet":"max-snippet:-1","max-image-preview":"max-image-preview:large","max-video-preview":"max-video-preview:-1"},"canonical":"https:\/\/ubirataonline.com.br\/en\/ministerio-publico-do-parana-obtem-decisao-liminar-que-obriga-municipio-de-paulo-frontin-a-contratar-psicologo-e-assistente-social-para-atendimento-na-casa-lar\/","og_locale":"en_US","og_type":"article","og_title":"Minist\u00e9rio P\u00fablico do Paran\u00e1 obt\u00e9m decis\u00e3o liminar que obriga Munic\u00edpio de Paulo Frontin a contratar psic\u00f3logo e assistente social para atendimento na Casa Lar","og_description":"O Minist\u00e9rio P\u00fablico do Paran\u00e1 obteve decis\u00e3o judicial liminar determinando que o Munic\u00edpio de Paulo Frontin, no Sudeste do estado, regularize em at\u00e9 30","og_url":"https:\/\/ubirataonline.com.br\/en\/ministerio-publico-do-parana-obtem-decisao-liminar-que-obriga-municipio-de-paulo-frontin-a-contratar-psicologo-e-assistente-social-para-atendimento-na-casa-lar\/","og_site_name":"Ubirat\u00e3 Online Not\u00edcias - A realidade ao seu alcance!","article_publisher":"https:\/\/www.facebook.com\/portalubirataonline","article_author":"https:\/\/www.facebook.com\/portalubirataonline","article_published_time":"2026-05-15T14:21:09+00:00","article_modified_time":"2026-05-15T14:21:10+00:00","og_image":[{"width":240,"height":240,"url":"https:\/\/ubirataonline.com.br\/wp-content\/uploads\/2026\/03\/Em-Cascavel-Gaeco-Policia-Civil-e-PM-deflagram-operacao-que.png","type":"image\/png"}],"author":"REDA\u00c7\u00c3O: UBIRAT\u00c3 ONLINE - F\u00c1BIO AUGUSTO CELESTINO","twitter_card":"summary_large_image","twitter_creator":"@x.com\/ubirataonline","twitter_site":"@ubirataonline","twitter_misc":{"Written by":"REDA\u00c7\u00c3O: UBIRAT\u00c3 ONLINE - F\u00c1BIO AUGUSTO CELESTINO","Est. reading time":"1 minute"},"schema":{"@context":"https:\/\/schema.org","@graph":[{"@type":"NewsArticle","@id":"https:\/\/ubirataonline.com.br\/ministerio-publico-do-parana-obtem-decisao-liminar-que-obriga-municipio-de-paulo-frontin-a-contratar-psicologo-e-assistente-social-para-atendimento-na-casa-lar\/#article","isPartOf":{"@id":"https:\/\/ubirataonline.com.br\/ministerio-publico-do-parana-obtem-decisao-liminar-que-obriga-municipio-de-paulo-frontin-a-contratar-psicologo-e-assistente-social-para-atendimento-na-casa-lar\/"},"author":{"name":"REDA\u00c7\u00c3O: UBIRAT\u00c3 ONLINE - F\u00c1BIO AUGUSTO CELESTINO","@id":"https:\/\/ubirataonline.com.br\/#\/schema\/person\/372f87bbd3fdd79b8556b84c98d0bc1c"},"headline":"Minist\u00e9rio P\u00fablico do Paran\u00e1 obt\u00e9m decis\u00e3o liminar que obriga Munic\u00edpio de Paulo Frontin a contratar psic\u00f3logo e assistente social para atendimento na Casa Lar","datePublished":"2026-05-15T14:21:09+00:00","dateModified":"2026-05-15T14:21:10+00:00","mainEntityOfPage":{"@id":"https:\/\/ubirataonline.com.br\/ministerio-publico-do-parana-obtem-decisao-liminar-que-obriga-municipio-de-paulo-frontin-a-contratar-psicologo-e-assistente-social-para-atendimento-na-casa-lar\/"},"wordCount":257,"publisher":{"@id":"https:\/\/ubirataonline.com.br\/#organization"},"image":{"@id":"https:\/\/ubirataonline.com.br\/ministerio-publico-do-parana-obtem-decisao-liminar-que-obriga-municipio-de-paulo-frontin-a-contratar-psicologo-e-assistente-social-para-atendimento-na-casa-lar\/#primaryimage"},"thumbnailUrl":"https:\/\/ubirataonline.com.br\/wp-content\/uploads\/2026\/03\/Em-Cascavel-Gaeco-Policia-Civil-e-PM-deflagram-operacao-que.png","keywords":["assistente","atendimento","Casa","contratar","decis\u00e3o","Frontin","lar","Liminar","Minist\u00e9rio","Munic\u00edpio","obriga","obt\u00e9m","para","paran\u00e1","Paulo","psic\u00f3logo","P\u00fablico","social"],"articleSection":["Ubirat\u00e3"],"inLanguage":"en-US","copyrightYear":"2026","copyrightHolder":{"@id":"https:\/\/ubirataonline.com.br\/en\/#organization"}},{"@type":"WebPage","@id":"https:\/\/ubirataonline.com.br\/ministerio-publico-do-parana-obtem-decisao-liminar-que-obriga-municipio-de-paulo-frontin-a-contratar-psicologo-e-assistente-social-para-atendimento-na-casa-lar\/","url":"https:\/\/ubirataonline.com.br\/ministerio-publico-do-parana-obtem-decisao-liminar-que-obriga-municipio-de-paulo-frontin-a-contratar-psicologo-e-assistente-social-para-atendimento-na-casa-lar\/","name":"Minist\u00e9rio P\u00fablico do Paran\u00e1 obt\u00e9m decis\u00e3o liminar que obriga Munic\u00edpio de Paulo Frontin a contratar psic\u00f3logo e assistente social para atendimento na Casa Lar - Ubirat\u00e3 Online Not\u00edcias - A realidade ao seu alcance!","isPartOf":{"@id":"https:\/\/ubirataonline.com.br\/#website"},"primaryImageOfPage":{"@id":"https:\/\/ubirataonline.com.br\/ministerio-publico-do-parana-obtem-decisao-liminar-que-obriga-municipio-de-paulo-frontin-a-contratar-psicologo-e-assistente-social-para-atendimento-na-casa-lar\/#primaryimage"},"image":{"@id":"https:\/\/ubirataonline.com.br\/ministerio-publico-do-parana-obtem-decisao-liminar-que-obriga-municipio-de-paulo-frontin-a-contratar-psicologo-e-assistente-social-para-atendimento-na-casa-lar\/#primaryimage"},"thumbnailUrl":"https:\/\/ubirataonline.com.br\/wp-content\/uploads\/2026\/03\/Em-Cascavel-Gaeco-Policia-Civil-e-PM-deflagram-operacao-que.png","datePublished":"2026-05-15T14:21:09+00:00","dateModified":"2026-05-15T14:21:10+00:00","description":"O Minist\u00e9rio P\u00fablico do Paran\u00e1 obteve decis\u00e3o judicial liminar determinando que o Munic\u00edpio de Paulo Frontin, no Sudeste do estado, regularize em at\u00e9 30","breadcrumb":{"@id":"https:\/\/ubirataonline.com.br\/ministerio-publico-do-parana-obtem-decisao-liminar-que-obriga-municipio-de-paulo-frontin-a-contratar-psicologo-e-assistente-social-para-atendimento-na-casa-lar\/#breadcrumb"},"inLanguage":"en-US","potentialAction":[{"@type":"ReadAction","target":["https:\/\/ubirataonline.com.br\/ministerio-publico-do-parana-obtem-decisao-liminar-que-obriga-municipio-de-paulo-frontin-a-contratar-psicologo-e-assistente-social-para-atendimento-na-casa-lar\/"]}]},{"@type":"ImageObject","inLanguage":"en-US","@id":"https:\/\/ubirataonline.com.br\/ministerio-publico-do-parana-obtem-decisao-liminar-que-obriga-municipio-de-paulo-frontin-a-contratar-psicologo-e-assistente-social-para-atendimento-na-casa-lar\/#primaryimage","url":"https:\/\/ubirataonline.com.br\/wp-content\/uploads\/2026\/03\/Em-Cascavel-Gaeco-Policia-Civil-e-PM-deflagram-operacao-que.png","contentUrl":"https:\/\/ubirataonline.com.br\/wp-content\/uploads\/2026\/03\/Em-Cascavel-Gaeco-Policia-Civil-e-PM-deflagram-operacao-que.png","width":240,"height":240,"caption":"Em Cascavel, Gaeco, Pol\u00edcia Civil e PM deflagram opera\u00e7\u00e3o que investiga o uso do sistema drive-thru para a venda de drogas em com\u00e9rcio pr\u00f3ximo de escola"},{"@type":"BreadcrumbList","@id":"https:\/\/ubirataonline.com.br\/ministerio-publico-do-parana-obtem-decisao-liminar-que-obriga-municipio-de-paulo-frontin-a-contratar-psicologo-e-assistente-social-para-atendimento-na-casa-lar\/#breadcrumb","itemListElement":[{"@type":"ListItem","position":1,"name":"In\u00edcio","item":"https:\/\/ubirataonline.com.br\/"},{"@type":"ListItem","position":2,"name":"Minist\u00e9rio P\u00fablico do Paran\u00e1 obt\u00e9m decis\u00e3o liminar que obriga Munic\u00edpio de Paulo Frontin a contratar psic\u00f3logo e assistente social para atendimento na Casa Lar"}]},{"@type":"WebSite","@id":"https:\/\/ubirataonline.com.br\/#website","url":"https:\/\/ubirataonline.com.br\/","name":"Ubirat\u00e3 Online Not\u00edcias","description":"Not\u00edcias de Ubirat\u00e3, regi\u00e3o, Brasil e mundo, com informa\u00e7\u00e3o atualizada e compromisso com o leitor.","publisher":{"@id":"https:\/\/ubirataonline.com.br\/#organization"},"alternateName":"Ubirat\u00e3 Online","potentialAction":[{"@type":"SearchAction","target":{"@type":"EntryPoint","urlTemplate":"https:\/\/ubirataonline.com.br\/?s={search_term_string}"},"query-input":{"@type":"PropertyValueSpecification","valueRequired":true,"valueName":"search_term_string"}}],"inLanguage":"en-US"},{"@type":["Organization","Place"],"@id":"https:\/\/ubirataonline.com.br\/#organization","name":"Ubirat\u00e3 Online Not\u00edcias","alternateName":"Ubirat\u00e3 Online","url":"https:\/\/ubirataonline.com.br\/","logo":{"@id":"https:\/\/ubirataonline.com.br\/ministerio-publico-do-parana-obtem-decisao-liminar-que-obriga-municipio-de-paulo-frontin-a-contratar-psicologo-e-assistente-social-para-atendimento-na-casa-lar\/#local-main-organization-logo"},"image":{"@id":"https:\/\/ubirataonline.com.br\/ministerio-publico-do-parana-obtem-decisao-liminar-que-obriga-municipio-de-paulo-frontin-a-contratar-psicologo-e-assistente-social-para-atendimento-na-casa-lar\/#local-main-organization-logo"},"sameAs":["https:\/\/www.facebook.com\/portalubirataonline","https:\/\/x.com\/ubirataonline","https:\/\/mastodon.social\/@ubirataonline","https:\/\/www.facebook.com\/groups\/311144672285604","https:\/\/www.facebook.com\/UBTAOnline","https:\/\/www.instagram.com\/portalubirataonline\/","https:\/\/twitter.com\/ubirataonline"],"description":"Somos um portal de not\u00edcias independente, criado em 5 de janeiro de 2009, com o objetivo de informar, conectar e valorizar a nossa comunidade de Ubirat\u00e3 e toda aregi\u00e3o. Com conte\u00fado atualizado, confi\u00e1vel e relevante, o Ubirat\u00e3 Online \u00e9 o seu espa\u00e7o para ficar por dentro dos principais acontecimentos locais, regionais, Brasil, Mundo e de interesse geral. Nosso compromisso \u00e9 com a verdade, a transpar\u00eancia e o respeito ao leitor.","legalName":"UBIRATA ONLINE NOT\u00cdCIAS","foundingDate":"2009-01-05","numberOfEmployees":{"@type":"QuantitativeValue","minValue":"1","maxValue":"10"},"publishingPrinciples":"https:\/\/ubirataonline.com.br\/faq\/","address":{"@id":"https:\/\/ubirataonline.com.br\/ministerio-publico-do-parana-obtem-decisao-liminar-que-obriga-municipio-de-paulo-frontin-a-contratar-psicologo-e-assistente-social-para-atendimento-na-casa-lar\/#local-main-place-address"},"geo":{"@type":"GeoCoordinates","latitude":"-24.5361401","longitude":"-52.9921776"},"telephone":["+5544998308235"],"contactPoint":{"@type":"ContactPoint","email":"contato@ubirataonline.com.br"},"openingHoursSpecification":{"@type":"OpeningHoursSpecification","dayOfWeek":["Monday","Tuesday","Wednesday","Thursday","Friday","Saturday","Sunday"],"opens":"00:00","closes":"23:59"},"email":"contato@ubirataonline.com.br","vatID":"47.621.418\/0001-80"},{"@type":"Person","@id":"https:\/\/ubirataonline.com.br\/#\/schema\/person\/372f87bbd3fdd79b8556b84c98d0bc1c","name":"REDA\u00c7\u00c3O: UBIRAT\u00c3 ONLINE - F\u00c1BIO AUGUSTO CELESTINO","pronouns":"Ele","description":"Desde 2003 trabalhando com not\u00edcias.","sameAs":["http:\/\/ubirataoline.com.br","https:\/\/www.facebook.com\/portalubirataonline","https:\/\/www.instagram.com\/ubirataonline_oficial","https:\/\/x.com\/x.com\/ubirataonline"],"honorificPrefix":"Mr.","honorificSuffix":"MD","birthDate":"1980-06-16","gender":"masculino","award":["V\u00e1rios pr\u00eamios de melhor portal da cidade"],"jobTitle":"Diretor","url":"https:\/\/ubirataonline.com.br\/en\/author\/ubirataonline\/"},{"@type":"PostalAddress","@id":"https:\/\/ubirataonline.com.br\/ministerio-publico-do-parana-obtem-decisao-liminar-que-obriga-municipio-de-paulo-frontin-a-contratar-psicologo-e-assistente-social-para-atendimento-na-casa-lar\/#local-main-place-address","streetAddress":"Rua dos Coqueiros, 104 - Bairro Boa Vista, Rua dos Coqueiros, 104 Bairro Boa Vista","addressLocality":"UBIRATA","postalCode":"85440-000","addressRegion":"PR","addressCountry":"BR"},{"@type":"ImageObject","inLanguage":"en-US","@id":"https:\/\/ubirataonline.com.br\/ministerio-publico-do-parana-obtem-decisao-liminar-que-obriga-municipio-de-paulo-frontin-a-contratar-psicologo-e-assistente-social-para-atendimento-na-casa-lar\/#local-main-organization-logo","url":"https:\/\/ubirataonline.com.br\/wp-content\/uploads\/2026\/06\/logoubirataonline-1.webp","contentUrl":"https:\/\/ubirataonline.com.br\/wp-content\/uploads\/2026\/06\/logoubirataonline-1.webp","width":500,"height":500,"caption":"Ubirat\u00e3 Online Not\u00edcias"}]},"geo.placename":"UBIRATA","geo.position":{"lat":"-24.5361401","long":"-52.9921776"},"geo.region":"Brazil"},"_links":{"self":[{"href":"https:\/\/ubirataonline.com.br\/en\/wp-json\/wp\/v2\/posts\/130412","targetHints":{"allow":["GET"]}}],"collection":[{"href":"https:\/\/ubirataonline.com.br\/en\/wp-json\/wp\/v2\/posts"}],"about":[{"href":"https:\/\/ubirataonline.com.br\/en\/wp-json\/wp\/v2\/types\/post"}],"author":[{"embeddable":true,"href":"https:\/\/ubirataonline.com.br\/en\/wp-json\/wp\/v2\/users\/1"}],"replies":[{"embeddable":true,"href":"https:\/\/ubirataonline.com.br\/en\/wp-json\/wp\/v2\/comments?post=130412"}],"version-history":[{"count":0,"href":"https:\/\/ubirataonline.com.br\/en\/wp-json\/wp\/v2\/posts\/130412\/revisions"}],"wp:featuredmedia":[{"embeddable":true,"href":"https:\/\/ubirataonline.com.br\/en\/wp-json\/wp\/v2\/media\/93476"}],"wp:attachment":[{"href":"https:\/\/ubirataonline.com.br\/en\/wp-json\/wp\/v2\/media?parent=130412"}],"wp:term":[{"taxonomy":"category","embeddable":true,"href":"https:\/\/ubirataonline.com.br\/en\/wp-json\/wp\/v2\/categories?post=130412"},{"taxonomy":"post_tag","embeddable":true,"href":"https:\/\/ubirataonline.com.br\/en\/wp-json\/wp\/v2\/tags?post=130412"}],"curies":[{"name":"wp","href":"https:\/\/api.w.org\/{rel}","templated":true}]}}