{"id":130577,"date":"2026-05-15T16:13:17","date_gmt":"2026-05-15T19:13:17","guid":{"rendered":"https:\/\/ubirataonline.com.br\/pais-denunciam-abandono-de-criancas-autistas-e-fila-sem-atendimento-na-saude\/"},"modified":"2026-05-15T16:13:19","modified_gmt":"2026-05-15T19:13:19","slug":"pais-denunciam-abandono-de-criancas-autistas-e-fila-sem-atendimento-na-saude","status":"publish","type":"post","link":"https:\/\/ubirataonline.com.br\/en\/pais-denunciam-abandono-de-criancas-autistas-e-fila-sem-atendimento-na-saude\/","title":{"rendered":"pais denunciam abandono de crian\u00e7as autistas e fila sem atendimento na sa\u00fade"},"content":{"rendered":"<p><\/p>\n<div id=\"texto\">\n<p>Enquanto moradores seguem denunciando filas, falta de m\u00e9dicos e falhas graves no atendimento da sa\u00fade p\u00fablica de Assis Chateaubriand, uma nova den\u00fancia exp\u00f5e outro lado do colapso: o drama de fam\u00edlias que tentam garantir tratamento para crian\u00e7as com autismo e encontram portas fechadas, filas intermin\u00e1veis e aus\u00eancia de suporte especializado no munic\u00edpio.<\/p>\n<p>Na tarde desta sexta-feira (15), o jornalista Luiz Haab conversou com Tatiane e Tiago, pais da pequena L\u00edlian, de apenas quatro anos, diagnosticada com Transtorno do Espectro Autista (TEA) n\u00edvel 3 \u2014 classifica\u00e7\u00e3o que indica necessidade elevada de suporte. Segundo o casal, a filha est\u00e1 h\u00e1 mais de um ano sem acesso ao acompanhamento adequado pela rede p\u00fablica.<\/p>\n<p>\u201cDesde mar\u00e7o do ano passado estamos lutando atr\u00e1s dos tratamentos dela e at\u00e9 agora nada\u201d, relata a m\u00e3e.<\/p>\n<p>A crian\u00e7a apresenta dificuldades severas de comunica\u00e7\u00e3o, aus\u00eancia de contato visual, irritabilidade intensa e outros sinais caracter\u00edsticos do quadro. Atualmente, segundo os pais, ela recebe apenas um atendimento semanal na APAE, quantidade considerada insuficiente diante das necessidades cl\u00ednicas da menina.<\/p>\n<p>\u201cO munic\u00edpio hoje n\u00e3o oferece nenhum atendimento para ela al\u00e9m da APAE. S\u00f3 que ela precisa de terapia v\u00e1rias vezes por semana, e l\u00e1 n\u00e3o conseguem atender toda a demanda\u201d, afirma Tatiane.<\/p>\n<p>O casal relata ter procurado diversas vezes a Prefeitura e os servi\u00e7os p\u00fablicos de sa\u00fade em busca de acompanhamento multidisciplinar, mas afirma que sempre recebeu a mesma resposta: falta de profissionais.<\/p>\n<p>Segundo eles, houve ainda uma negativa para acesso ao chamado Centro, estrutura que teria recursos adequados para terapias voltadas a crian\u00e7as neurodivergentes. A justificativa apresentada, conforme os pais, seria o fato de a crian\u00e7a j\u00e1 frequentar a APAE.<\/p>\n<p>\u201cFalaram que por ela estar na APAE, n\u00e3o poderia ser atendida no Centro\u201d, diz o pai.<\/p>\n<p>A alternativa oferecida pela rede municipal teria sido o encaminhamento ao CAPS. Por\u00e9m, de acordo com os relatos, o local n\u00e3o possui estrutura m\u00ednima para terapias infantis voltadas ao autismo severo.<\/p>\n<p>\u201cL\u00e1 n\u00e3o tem materiais l\u00fadicos, pedag\u00f3gicos, n\u00e3o tem recursos para fazer as terapias\u201d, denunciam.<\/p>\n<p>O caso ganha contornos ainda mais delicados porque, segundo a fam\u00edlia, L\u00edlian permaneceu durante um ano em fila de espera e, depois disso, acabou informada de que n\u00e3o poderia receber o atendimento solicitado.<\/p>\n<p>Mesmo com laudos emitidos por tr\u00eas neurologistas diferentes, os pais afirmam que continuam enfrentando resist\u00eancia para conseguir suporte adequado.<\/p>\n<p>\u201cNem os laudos aceitam. At\u00e9 receita m\u00e9dica j\u00e1 disseram que estava errada\u201d, afirma Tatiane.<\/p>\n<p>A situa\u00e7\u00e3o j\u00e1 chegou ao Minist\u00e9rio P\u00fablico. Ainda assim, segundo os pais, o avan\u00e7o esperado n\u00e3o aconteceu.<\/p>\n<p>\u201cO Minist\u00e9rio P\u00fablico falou que ela n\u00e3o precisava desse atendimento especializado\u201d, relatam.<\/p>\n<p>Durante a entrevista, o casal tamb\u00e9m descreveu o desgaste emocional provocado pela busca constante por atendimento. Eles afirmam que chegaram a ser acusados de neglig\u00eancia justamente enquanto tentavam garantir tratamento para a filha.<\/p>\n<p>\u201cDisseram que a gente estava negligenciando ela. Mas neglig\u00eancia \u00e9 n\u00e3o correr atr\u00e1s. E a gente corre atr\u00e1s todos os dias\u201d, desabafa o pai.<\/p>\n<p>Segundo eles, a press\u00e3o e as cobran\u00e7as constantes j\u00e1 afetaram at\u00e9 rela\u00e7\u00f5es pessoais.<\/p>\n<p>\u201cTem gente que deixou de conversar com a gente porque cobramos a situa\u00e7\u00e3o\u201d, contam.<\/p>\n<p>As den\u00fancias sobre o atendimento a crian\u00e7as autistas se somam \u00e0s outras reclama\u00e7\u00f5es recentes feitas por moradores de Assis Chateaubriand e j\u00e1 publicadas pela CGN. Na primeira reportagem, pacientes denunciaram falta de m\u00e9dicos, longas filas e demora no Hospital Beneficente Moacir Micheleto e nas unidades b\u00e1sicas de sa\u00fade. J\u00e1 na segunda mat\u00e9ria, um paciente com c\u00e2ncer afirmou ter sido deixado para tr\u00e1s em Cascavel ap\u00f3s uma sess\u00e3o de quimioterapia, sem transporte para voltar ao munic\u00edpio.<\/p>\n<p>Agora, os relatos envolvendo crian\u00e7as com TEA ampliam ainda mais a press\u00e3o sobre a administra\u00e7\u00e3o municipal e levantam questionamentos sobre a capacidade da rede p\u00fablica de oferecer acompanhamento b\u00e1sico a pacientes que dependem de atendimento cont\u00ednuo e especializado.<\/p>\n<p>Ao final da entrevista, os pais atribu\u00edram responsabilidade direta ao poder p\u00fablico municipal.<\/p>\n<p>\u201cA responsabilidade \u00e9 do prefeito e dos vereadores. Eles viram as costas para tudo\u201d, afirmaram.<\/p>\n<p>A reportagem procurou novamente a Prefeitura de Assis Chateaubriand. Um contato via WhatsApp foi disponibilizado pela administra\u00e7\u00e3o municipal para solicita\u00e7\u00e3o de posicionamento oficial. At\u00e9 o fechamento desta mat\u00e9ria, n\u00e3o houve retorno.<\/p>\n<\/p><\/div>\n<p><a href=\"https:\/\/cgn.inf.br\/noticia\/2106437\/assis-chateaubriand-pais-denunciam-abandono-de-criancas-autistas-e-fila-sem-atendimento-na-saude-publica\">Fonte do Artigo <\/a><\/p>","protected":false},"excerpt":{"rendered":"<p>Enquanto moradores seguem denunciando filas, falta de m\u00e9dicos e falhas graves no atendimento da sa\u00fade p\u00fablica de Assis Chateaubriand, uma nova den\u00fancia exp\u00f5e outro lado do colapso: o drama de fam\u00edlias que tentam garantir tratamento para crian\u00e7as com autismo e encontram portas fechadas, filas intermin\u00e1veis e aus\u00eancia de suporte especializado no munic\u00edpio. Na tarde desta [&hellip;]<\/p>\n","protected":false},"author":1,"featured_media":130578,"comment_status":"closed","ping_status":"","sticky":false,"template":"","format":"standard","meta":{"googlesitekit_rrm_CAow2JLhCw:productID":"","_gspb_post_css":"","maa_idioma":"","maa_pais":"","footnotes":""},"categories":[1],"tags":[21904,4265,11068,5911,17140,9271,3598,78,3610],"class_list":["post-130577","post","type-post","status-publish","format-standard","has-post-thumbnail","hentry","category-ubirata","tag-abandono","tag-atendimento","tag-autistas","tag-criancas","tag-denunciam","tag-fila","tag-pais","tag-saude","tag-sem"],"blocksy_meta":[],"yoast_head":"<!-- This site is optimized with the Yoast SEO Premium plugin v27.6 (Yoast SEO v27.6) - https:\/\/yoast.com\/product\/yoast-seo-premium-wordpress\/ -->\n<title>pais denunciam abandono de crian\u00e7as autistas e fila sem atendimento na sa\u00fade - Ubirat\u00e3 Online Not\u00edcias - A realidade ao seu alcance!<\/title>\n<meta name=\"description\" content=\"Enquanto moradores seguem denunciando filas, falta de m\u00e9dicos e falhas graves no atendimento da sa\u00fade p\u00fablica de Assis Chateaubriand, uma nova den\u00fancia\" \/>\n<meta name=\"robots\" content=\"index, follow, max-snippet:-1, max-image-preview:large, max-video-preview:-1\" \/>\n<link rel=\"canonical\" href=\"https:\/\/ubirataonline.com.br\/en\/pais-denunciam-abandono-de-criancas-autistas-e-fila-sem-atendimento-na-saude\/\" \/>\n<meta property=\"og:locale\" content=\"en_US\" \/>\n<meta property=\"og:type\" content=\"article\" \/>\n<meta property=\"og:title\" content=\"pais denunciam abandono de crian\u00e7as autistas e fila sem atendimento na sa\u00fade\" \/>\n<meta property=\"og:description\" content=\"Enquanto moradores seguem denunciando filas, falta de m\u00e9dicos e falhas graves no atendimento da sa\u00fade p\u00fablica de Assis Chateaubriand, uma nova den\u00fancia\" \/>\n<meta property=\"og:url\" content=\"https:\/\/ubirataonline.com.br\/en\/pais-denunciam-abandono-de-criancas-autistas-e-fila-sem-atendimento-na-saude\/\" \/>\n<meta property=\"og:site_name\" content=\"Ubirat\u00e3 Online Not\u00edcias - A realidade ao seu alcance!\" \/>\n<meta property=\"article:publisher\" content=\"https:\/\/www.facebook.com\/portalubirataonline\" \/>\n<meta property=\"article:author\" content=\"https:\/\/www.facebook.com\/portalubirataonline\" \/>\n<meta property=\"article:published_time\" content=\"2026-05-15T19:13:17+00:00\" \/>\n<meta property=\"article:modified_time\" content=\"2026-05-15T19:13:19+00:00\" \/>\n<meta property=\"og:image\" content=\"https:\/\/ubirataonline.com.br\/wp-content\/uploads\/2026\/05\/pais-denunciam-abandono-de-criancas-autistas-e-fila-sem-atendimento.jpg\" \/>\n\t<meta property=\"og:image:width\" content=\"1200\" \/>\n\t<meta property=\"og:image:height\" content=\"719\" \/>\n\t<meta property=\"og:image:type\" content=\"image\/jpeg\" \/>\n<meta name=\"author\" content=\"REDA\u00c7\u00c3O: UBIRAT\u00c3 ONLINE - F\u00c1BIO AUGUSTO CELESTINO\" \/>\n<meta name=\"twitter:card\" content=\"summary_large_image\" \/>\n<meta name=\"twitter:creator\" content=\"@x.com\/ubirataonline\" \/>\n<meta name=\"twitter:site\" content=\"@ubirataonline\" \/>\n<meta name=\"twitter:label1\" content=\"Written by\" \/>\n\t<meta name=\"twitter:data1\" content=\"REDA\u00c7\u00c3O: UBIRAT\u00c3 ONLINE - F\u00c1BIO AUGUSTO CELESTINO\" \/>\n\t<meta name=\"twitter:label2\" content=\"Est. reading time\" \/>\n\t<meta name=\"twitter:data2\" content=\"4 minutes\" \/>\n<script type=\"application\/ld+json\" class=\"yoast-schema-graph\">{\"@context\":\"https:\\\/\\\/schema.org\",\"@graph\":[{\"@type\":\"NewsArticle\",\"@id\":\"https:\\\/\\\/ubirataonline.com.br\\\/pais-denunciam-abandono-de-criancas-autistas-e-fila-sem-atendimento-na-saude\\\/#article\",\"isPartOf\":{\"@id\":\"https:\\\/\\\/ubirataonline.com.br\\\/pais-denunciam-abandono-de-criancas-autistas-e-fila-sem-atendimento-na-saude\\\/\"},\"author\":{\"name\":\"REDA\u00c7\u00c3O: UBIRAT\u00c3 ONLINE - F\u00c1BIO AUGUSTO CELESTINO\",\"@id\":\"https:\\\/\\\/ubirataonline.com.br\\\/#\\\/schema\\\/person\\\/372f87bbd3fdd79b8556b84c98d0bc1c\"},\"headline\":\"pais denunciam abandono de crian\u00e7as autistas e fila sem atendimento na sa\u00fade\",\"datePublished\":\"2026-05-15T19:13:17+00:00\",\"dateModified\":\"2026-05-15T19:13:19+00:00\",\"mainEntityOfPage\":{\"@id\":\"https:\\\/\\\/ubirataonline.com.br\\\/pais-denunciam-abandono-de-criancas-autistas-e-fila-sem-atendimento-na-saude\\\/\"},\"wordCount\":781,\"publisher\":{\"@id\":\"https:\\\/\\\/ubirataonline.com.br\\\/#organization\"},\"image\":{\"@id\":\"https:\\\/\\\/ubirataonline.com.br\\\/pais-denunciam-abandono-de-criancas-autistas-e-fila-sem-atendimento-na-saude\\\/#primaryimage\"},\"thumbnailUrl\":\"https:\\\/\\\/ubirataonline.com.br\\\/wp-content\\\/uploads\\\/2026\\\/05\\\/pais-denunciam-abandono-de-criancas-autistas-e-fila-sem-atendimento.jpg\",\"keywords\":[\"abandono\",\"atendimento\",\"autistas\",\"crian\u00e7as\",\"denunciam\",\"fila\",\"pa\u00eds\",\"sa\u00fade\",\"sem\"],\"articleSection\":[\"Ubirat\u00e3\"],\"inLanguage\":\"en-US\",\"copyrightYear\":\"2026\",\"copyrightHolder\":{\"@id\":\"https:\\\/\\\/ubirataonline.com.br\\\/en\\\/#organization\"}},{\"@type\":\"WebPage\",\"@id\":\"https:\\\/\\\/ubirataonline.com.br\\\/pais-denunciam-abandono-de-criancas-autistas-e-fila-sem-atendimento-na-saude\\\/\",\"url\":\"https:\\\/\\\/ubirataonline.com.br\\\/pais-denunciam-abandono-de-criancas-autistas-e-fila-sem-atendimento-na-saude\\\/\",\"name\":\"pais denunciam abandono de crian\u00e7as autistas e fila sem atendimento na sa\u00fade - Ubirat\u00e3 Online Not\u00edcias - A realidade ao seu alcance!\",\"isPartOf\":{\"@id\":\"https:\\\/\\\/ubirataonline.com.br\\\/#website\"},\"primaryImageOfPage\":{\"@id\":\"https:\\\/\\\/ubirataonline.com.br\\\/pais-denunciam-abandono-de-criancas-autistas-e-fila-sem-atendimento-na-saude\\\/#primaryimage\"},\"image\":{\"@id\":\"https:\\\/\\\/ubirataonline.com.br\\\/pais-denunciam-abandono-de-criancas-autistas-e-fila-sem-atendimento-na-saude\\\/#primaryimage\"},\"thumbnailUrl\":\"https:\\\/\\\/ubirataonline.com.br\\\/wp-content\\\/uploads\\\/2026\\\/05\\\/pais-denunciam-abandono-de-criancas-autistas-e-fila-sem-atendimento.jpg\",\"datePublished\":\"2026-05-15T19:13:17+00:00\",\"dateModified\":\"2026-05-15T19:13:19+00:00\",\"description\":\"Enquanto moradores seguem denunciando filas, falta de m\u00e9dicos e falhas graves no atendimento da sa\u00fade p\u00fablica de Assis Chateaubriand, uma nova den\u00fancia\",\"breadcrumb\":{\"@id\":\"https:\\\/\\\/ubirataonline.com.br\\\/pais-denunciam-abandono-de-criancas-autistas-e-fila-sem-atendimento-na-saude\\\/#breadcrumb\"},\"inLanguage\":\"en-US\",\"potentialAction\":[{\"@type\":\"ReadAction\",\"target\":[\"https:\\\/\\\/ubirataonline.com.br\\\/pais-denunciam-abandono-de-criancas-autistas-e-fila-sem-atendimento-na-saude\\\/\"]}]},{\"@type\":\"ImageObject\",\"inLanguage\":\"en-US\",\"@id\":\"https:\\\/\\\/ubirataonline.com.br\\\/pais-denunciam-abandono-de-criancas-autistas-e-fila-sem-atendimento-na-saude\\\/#primaryimage\",\"url\":\"https:\\\/\\\/ubirataonline.com.br\\\/wp-content\\\/uploads\\\/2026\\\/05\\\/pais-denunciam-abandono-de-criancas-autistas-e-fila-sem-atendimento.jpg\",\"contentUrl\":\"https:\\\/\\\/ubirataonline.com.br\\\/wp-content\\\/uploads\\\/2026\\\/05\\\/pais-denunciam-abandono-de-criancas-autistas-e-fila-sem-atendimento.jpg\",\"width\":1200,\"height\":719,\"caption\":\"\"},{\"@type\":\"BreadcrumbList\",\"@id\":\"https:\\\/\\\/ubirataonline.com.br\\\/pais-denunciam-abandono-de-criancas-autistas-e-fila-sem-atendimento-na-saude\\\/#breadcrumb\",\"itemListElement\":[{\"@type\":\"ListItem\",\"position\":1,\"name\":\"In\u00edcio\",\"item\":\"https:\\\/\\\/ubirataonline.com.br\\\/\"},{\"@type\":\"ListItem\",\"position\":2,\"name\":\"pais denunciam abandono de crian\u00e7as autistas e fila sem atendimento na sa\u00fade\"}]},{\"@type\":\"WebSite\",\"@id\":\"https:\\\/\\\/ubirataonline.com.br\\\/#website\",\"url\":\"https:\\\/\\\/ubirataonline.com.br\\\/\",\"name\":\"Ubirat\u00e3 Online Not\u00edcias\",\"description\":\"Not\u00edcias de Ubirat\u00e3, regi\u00e3o, Brasil e mundo, com informa\u00e7\u00e3o atualizada e compromisso com o leitor.\",\"publisher\":{\"@id\":\"https:\\\/\\\/ubirataonline.com.br\\\/#organization\"},\"alternateName\":\"Ubirat\u00e3 Online\",\"potentialAction\":[{\"@type\":\"SearchAction\",\"target\":{\"@type\":\"EntryPoint\",\"urlTemplate\":\"https:\\\/\\\/ubirataonline.com.br\\\/?s={search_term_string}\"},\"query-input\":{\"@type\":\"PropertyValueSpecification\",\"valueRequired\":true,\"valueName\":\"search_term_string\"}}],\"inLanguage\":\"en-US\"},{\"@type\":[\"Organization\",\"Place\"],\"@id\":\"https:\\\/\\\/ubirataonline.com.br\\\/#organization\",\"name\":\"Ubirat\u00e3 Online Not\u00edcias\",\"alternateName\":\"Ubirat\u00e3 Online\",\"url\":\"https:\\\/\\\/ubirataonline.com.br\\\/\",\"logo\":{\"@id\":\"https:\\\/\\\/ubirataonline.com.br\\\/pais-denunciam-abandono-de-criancas-autistas-e-fila-sem-atendimento-na-saude\\\/#local-main-organization-logo\"},\"image\":{\"@id\":\"https:\\\/\\\/ubirataonline.com.br\\\/pais-denunciam-abandono-de-criancas-autistas-e-fila-sem-atendimento-na-saude\\\/#local-main-organization-logo\"},\"sameAs\":[\"https:\\\/\\\/www.facebook.com\\\/portalubirataonline\",\"https:\\\/\\\/x.com\\\/ubirataonline\",\"https:\\\/\\\/mastodon.social\\\/@ubirataonline\",\"https:\\\/\\\/www.facebook.com\\\/groups\\\/311144672285604\",\"https:\\\/\\\/www.facebook.com\\\/UBTAOnline\",\"https:\\\/\\\/www.instagram.com\\\/portalubirataonline\\\/\",\"https:\\\/\\\/twitter.com\\\/ubirataonline\"],\"description\":\"Somos um portal de not\u00edcias independente, criado em 5 de janeiro de 2009, com o objetivo de informar, conectar e valorizar a nossa comunidade de Ubirat\u00e3 e toda aregi\u00e3o. Com conte\u00fado atualizado, confi\u00e1vel e relevante, o Ubirat\u00e3 Online \u00e9 o seu espa\u00e7o para ficar por dentro dos principais acontecimentos locais, regionais, Brasil, Mundo e de interesse geral. Nosso compromisso \u00e9 com a verdade, a transpar\u00eancia e o respeito ao leitor.\",\"legalName\":\"UBIRATA ONLINE NOT\u00cdCIAS\",\"foundingDate\":\"2009-01-05\",\"numberOfEmployees\":{\"@type\":\"QuantitativeValue\",\"minValue\":\"1\",\"maxValue\":\"10\"},\"publishingPrinciples\":\"https:\\\/\\\/ubirataonline.com.br\\\/faq\\\/\",\"address\":{\"@id\":\"https:\\\/\\\/ubirataonline.com.br\\\/pais-denunciam-abandono-de-criancas-autistas-e-fila-sem-atendimento-na-saude\\\/#local-main-place-address\"},\"geo\":{\"@type\":\"GeoCoordinates\",\"latitude\":\"-24.5361401\",\"longitude\":\"-52.9921776\"},\"telephone\":[\"+5544998308235\"],\"contactPoint\":{\"@type\":\"ContactPoint\",\"email\":\"contato@ubirataonline.com.br\"},\"openingHoursSpecification\":{\"@type\":\"OpeningHoursSpecification\",\"dayOfWeek\":[\"Monday\",\"Tuesday\",\"Wednesday\",\"Thursday\",\"Friday\",\"Saturday\",\"Sunday\"],\"opens\":\"00:00\",\"closes\":\"23:59\"},\"email\":\"contato@ubirataonline.com.br\",\"vatID\":\"47.621.418\\\/0001-80\"},{\"@type\":\"Person\",\"@id\":\"https:\\\/\\\/ubirataonline.com.br\\\/#\\\/schema\\\/person\\\/372f87bbd3fdd79b8556b84c98d0bc1c\",\"name\":\"REDA\u00c7\u00c3O: UBIRAT\u00c3 ONLINE - F\u00c1BIO AUGUSTO CELESTINO\",\"pronouns\":\"Ele\",\"description\":\"Desde 2003 trabalhando com not\u00edcias.\",\"sameAs\":[\"http:\\\/\\\/ubirataoline.com.br\",\"https:\\\/\\\/www.facebook.com\\\/portalubirataonline\",\"https:\\\/\\\/www.instagram.com\\\/ubirataonline_oficial\",\"https:\\\/\\\/x.com\\\/x.com\\\/ubirataonline\"],\"honorificPrefix\":\"Mr.\",\"honorificSuffix\":\"MD\",\"birthDate\":\"1980-06-16\",\"gender\":\"masculino\",\"award\":[\"V\u00e1rios pr\u00eamios de melhor portal da cidade\"],\"jobTitle\":\"Diretor\",\"url\":\"https:\\\/\\\/ubirataonline.com.br\\\/en\\\/author\\\/ubirataonline\\\/\"},{\"@type\":\"PostalAddress\",\"@id\":\"https:\\\/\\\/ubirataonline.com.br\\\/pais-denunciam-abandono-de-criancas-autistas-e-fila-sem-atendimento-na-saude\\\/#local-main-place-address\",\"streetAddress\":\"Rua dos Coqueiros, 104 - Bairro Boa Vista, Rua dos Coqueiros, 104 Bairro Boa Vista\",\"addressLocality\":\"UBIRATA\",\"postalCode\":\"85440-000\",\"addressRegion\":\"PR\",\"addressCountry\":\"BR\"},{\"@type\":\"ImageObject\",\"inLanguage\":\"en-US\",\"@id\":\"https:\\\/\\\/ubirataonline.com.br\\\/pais-denunciam-abandono-de-criancas-autistas-e-fila-sem-atendimento-na-saude\\\/#local-main-organization-logo\",\"url\":\"https:\\\/\\\/ubirataonline.com.br\\\/wp-content\\\/uploads\\\/2026\\\/06\\\/logoubirataonline-1.webp\",\"contentUrl\":\"https:\\\/\\\/ubirataonline.com.br\\\/wp-content\\\/uploads\\\/2026\\\/06\\\/logoubirataonline-1.webp\",\"width\":500,\"height\":500,\"caption\":\"Ubirat\u00e3 Online Not\u00edcias\"}]}<\/script>\n<meta name=\"geo.placename\" content=\"UBIRATA\" \/>\n<meta name=\"geo.position\" content=\"-24.5361401;-52.9921776\" \/>\n<meta name=\"geo.region\" content=\"Brazil\" \/>\n<!-- \/ Yoast SEO Premium plugin. -->","yoast_head_json":{"title":"pais denunciam abandono de crian\u00e7as autistas e fila sem atendimento na sa\u00fade - Ubirat\u00e3 Online Not\u00edcias - A realidade ao seu alcance!","description":"Enquanto moradores seguem denunciando filas, falta de m\u00e9dicos e falhas graves no atendimento da sa\u00fade p\u00fablica de Assis Chateaubriand, uma nova den\u00fancia","robots":{"index":"index","follow":"follow","max-snippet":"max-snippet:-1","max-image-preview":"max-image-preview:large","max-video-preview":"max-video-preview:-1"},"canonical":"https:\/\/ubirataonline.com.br\/en\/pais-denunciam-abandono-de-criancas-autistas-e-fila-sem-atendimento-na-saude\/","og_locale":"en_US","og_type":"article","og_title":"pais denunciam abandono de crian\u00e7as autistas e fila sem atendimento na sa\u00fade","og_description":"Enquanto moradores seguem denunciando filas, falta de m\u00e9dicos e falhas graves no atendimento da sa\u00fade p\u00fablica de Assis Chateaubriand, uma nova den\u00fancia","og_url":"https:\/\/ubirataonline.com.br\/en\/pais-denunciam-abandono-de-criancas-autistas-e-fila-sem-atendimento-na-saude\/","og_site_name":"Ubirat\u00e3 Online Not\u00edcias - A realidade ao seu alcance!","article_publisher":"https:\/\/www.facebook.com\/portalubirataonline","article_author":"https:\/\/www.facebook.com\/portalubirataonline","article_published_time":"2026-05-15T19:13:17+00:00","article_modified_time":"2026-05-15T19:13:19+00:00","og_image":[{"width":1200,"height":719,"url":"https:\/\/ubirataonline.com.br\/wp-content\/uploads\/2026\/05\/pais-denunciam-abandono-de-criancas-autistas-e-fila-sem-atendimento.jpg","type":"image\/jpeg"}],"author":"REDA\u00c7\u00c3O: UBIRAT\u00c3 ONLINE - F\u00c1BIO AUGUSTO CELESTINO","twitter_card":"summary_large_image","twitter_creator":"@x.com\/ubirataonline","twitter_site":"@ubirataonline","twitter_misc":{"Written by":"REDA\u00c7\u00c3O: UBIRAT\u00c3 ONLINE - F\u00c1BIO AUGUSTO CELESTINO","Est. reading time":"4 minutes"},"schema":{"@context":"https:\/\/schema.org","@graph":[{"@type":"NewsArticle","@id":"https:\/\/ubirataonline.com.br\/pais-denunciam-abandono-de-criancas-autistas-e-fila-sem-atendimento-na-saude\/#article","isPartOf":{"@id":"https:\/\/ubirataonline.com.br\/pais-denunciam-abandono-de-criancas-autistas-e-fila-sem-atendimento-na-saude\/"},"author":{"name":"REDA\u00c7\u00c3O: UBIRAT\u00c3 ONLINE - F\u00c1BIO AUGUSTO CELESTINO","@id":"https:\/\/ubirataonline.com.br\/#\/schema\/person\/372f87bbd3fdd79b8556b84c98d0bc1c"},"headline":"pais denunciam abandono de crian\u00e7as autistas e fila sem atendimento na sa\u00fade","datePublished":"2026-05-15T19:13:17+00:00","dateModified":"2026-05-15T19:13:19+00:00","mainEntityOfPage":{"@id":"https:\/\/ubirataonline.com.br\/pais-denunciam-abandono-de-criancas-autistas-e-fila-sem-atendimento-na-saude\/"},"wordCount":781,"publisher":{"@id":"https:\/\/ubirataonline.com.br\/#organization"},"image":{"@id":"https:\/\/ubirataonline.com.br\/pais-denunciam-abandono-de-criancas-autistas-e-fila-sem-atendimento-na-saude\/#primaryimage"},"thumbnailUrl":"https:\/\/ubirataonline.com.br\/wp-content\/uploads\/2026\/05\/pais-denunciam-abandono-de-criancas-autistas-e-fila-sem-atendimento.jpg","keywords":["abandono","atendimento","autistas","crian\u00e7as","denunciam","fila","pa\u00eds","sa\u00fade","sem"],"articleSection":["Ubirat\u00e3"],"inLanguage":"en-US","copyrightYear":"2026","copyrightHolder":{"@id":"https:\/\/ubirataonline.com.br\/en\/#organization"}},{"@type":"WebPage","@id":"https:\/\/ubirataonline.com.br\/pais-denunciam-abandono-de-criancas-autistas-e-fila-sem-atendimento-na-saude\/","url":"https:\/\/ubirataonline.com.br\/pais-denunciam-abandono-de-criancas-autistas-e-fila-sem-atendimento-na-saude\/","name":"pais denunciam abandono de crian\u00e7as autistas e fila sem atendimento na sa\u00fade - Ubirat\u00e3 Online Not\u00edcias - A realidade ao seu alcance!","isPartOf":{"@id":"https:\/\/ubirataonline.com.br\/#website"},"primaryImageOfPage":{"@id":"https:\/\/ubirataonline.com.br\/pais-denunciam-abandono-de-criancas-autistas-e-fila-sem-atendimento-na-saude\/#primaryimage"},"image":{"@id":"https:\/\/ubirataonline.com.br\/pais-denunciam-abandono-de-criancas-autistas-e-fila-sem-atendimento-na-saude\/#primaryimage"},"thumbnailUrl":"https:\/\/ubirataonline.com.br\/wp-content\/uploads\/2026\/05\/pais-denunciam-abandono-de-criancas-autistas-e-fila-sem-atendimento.jpg","datePublished":"2026-05-15T19:13:17+00:00","dateModified":"2026-05-15T19:13:19+00:00","description":"Enquanto moradores seguem denunciando filas, falta de m\u00e9dicos e falhas graves no atendimento da sa\u00fade p\u00fablica de Assis Chateaubriand, uma nova den\u00fancia","breadcrumb":{"@id":"https:\/\/ubirataonline.com.br\/pais-denunciam-abandono-de-criancas-autistas-e-fila-sem-atendimento-na-saude\/#breadcrumb"},"inLanguage":"en-US","potentialAction":[{"@type":"ReadAction","target":["https:\/\/ubirataonline.com.br\/pais-denunciam-abandono-de-criancas-autistas-e-fila-sem-atendimento-na-saude\/"]}]},{"@type":"ImageObject","inLanguage":"en-US","@id":"https:\/\/ubirataonline.com.br\/pais-denunciam-abandono-de-criancas-autistas-e-fila-sem-atendimento-na-saude\/#primaryimage","url":"https:\/\/ubirataonline.com.br\/wp-content\/uploads\/2026\/05\/pais-denunciam-abandono-de-criancas-autistas-e-fila-sem-atendimento.jpg","contentUrl":"https:\/\/ubirataonline.com.br\/wp-content\/uploads\/2026\/05\/pais-denunciam-abandono-de-criancas-autistas-e-fila-sem-atendimento.jpg","width":1200,"height":719,"caption":""},{"@type":"BreadcrumbList","@id":"https:\/\/ubirataonline.com.br\/pais-denunciam-abandono-de-criancas-autistas-e-fila-sem-atendimento-na-saude\/#breadcrumb","itemListElement":[{"@type":"ListItem","position":1,"name":"In\u00edcio","item":"https:\/\/ubirataonline.com.br\/"},{"@type":"ListItem","position":2,"name":"pais denunciam abandono de crian\u00e7as autistas e fila sem atendimento na sa\u00fade"}]},{"@type":"WebSite","@id":"https:\/\/ubirataonline.com.br\/#website","url":"https:\/\/ubirataonline.com.br\/","name":"Ubirat\u00e3 Online Not\u00edcias","description":"Not\u00edcias de Ubirat\u00e3, regi\u00e3o, Brasil e mundo, com informa\u00e7\u00e3o atualizada e compromisso com o leitor.","publisher":{"@id":"https:\/\/ubirataonline.com.br\/#organization"},"alternateName":"Ubirat\u00e3 Online","potentialAction":[{"@type":"SearchAction","target":{"@type":"EntryPoint","urlTemplate":"https:\/\/ubirataonline.com.br\/?s={search_term_string}"},"query-input":{"@type":"PropertyValueSpecification","valueRequired":true,"valueName":"search_term_string"}}],"inLanguage":"en-US"},{"@type":["Organization","Place"],"@id":"https:\/\/ubirataonline.com.br\/#organization","name":"Ubirat\u00e3 Online Not\u00edcias","alternateName":"Ubirat\u00e3 Online","url":"https:\/\/ubirataonline.com.br\/","logo":{"@id":"https:\/\/ubirataonline.com.br\/pais-denunciam-abandono-de-criancas-autistas-e-fila-sem-atendimento-na-saude\/#local-main-organization-logo"},"image":{"@id":"https:\/\/ubirataonline.com.br\/pais-denunciam-abandono-de-criancas-autistas-e-fila-sem-atendimento-na-saude\/#local-main-organization-logo"},"sameAs":["https:\/\/www.facebook.com\/portalubirataonline","https:\/\/x.com\/ubirataonline","https:\/\/mastodon.social\/@ubirataonline","https:\/\/www.facebook.com\/groups\/311144672285604","https:\/\/www.facebook.com\/UBTAOnline","https:\/\/www.instagram.com\/portalubirataonline\/","https:\/\/twitter.com\/ubirataonline"],"description":"Somos um portal de not\u00edcias independente, criado em 5 de janeiro de 2009, com o objetivo de informar, conectar e valorizar a nossa comunidade de Ubirat\u00e3 e toda aregi\u00e3o. Com conte\u00fado atualizado, confi\u00e1vel e relevante, o Ubirat\u00e3 Online \u00e9 o seu espa\u00e7o para ficar por dentro dos principais acontecimentos locais, regionais, Brasil, Mundo e de interesse geral. Nosso compromisso \u00e9 com a verdade, a transpar\u00eancia e o respeito ao leitor.","legalName":"UBIRATA ONLINE NOT\u00cdCIAS","foundingDate":"2009-01-05","numberOfEmployees":{"@type":"QuantitativeValue","minValue":"1","maxValue":"10"},"publishingPrinciples":"https:\/\/ubirataonline.com.br\/faq\/","address":{"@id":"https:\/\/ubirataonline.com.br\/pais-denunciam-abandono-de-criancas-autistas-e-fila-sem-atendimento-na-saude\/#local-main-place-address"},"geo":{"@type":"GeoCoordinates","latitude":"-24.5361401","longitude":"-52.9921776"},"telephone":["+5544998308235"],"contactPoint":{"@type":"ContactPoint","email":"contato@ubirataonline.com.br"},"openingHoursSpecification":{"@type":"OpeningHoursSpecification","dayOfWeek":["Monday","Tuesday","Wednesday","Thursday","Friday","Saturday","Sunday"],"opens":"00:00","closes":"23:59"},"email":"contato@ubirataonline.com.br","vatID":"47.621.418\/0001-80"},{"@type":"Person","@id":"https:\/\/ubirataonline.com.br\/#\/schema\/person\/372f87bbd3fdd79b8556b84c98d0bc1c","name":"REDA\u00c7\u00c3O: UBIRAT\u00c3 ONLINE - F\u00c1BIO AUGUSTO CELESTINO","pronouns":"Ele","description":"Desde 2003 trabalhando com not\u00edcias.","sameAs":["http:\/\/ubirataoline.com.br","https:\/\/www.facebook.com\/portalubirataonline","https:\/\/www.instagram.com\/ubirataonline_oficial","https:\/\/x.com\/x.com\/ubirataonline"],"honorificPrefix":"Mr.","honorificSuffix":"MD","birthDate":"1980-06-16","gender":"masculino","award":["V\u00e1rios pr\u00eamios de melhor portal da cidade"],"jobTitle":"Diretor","url":"https:\/\/ubirataonline.com.br\/en\/author\/ubirataonline\/"},{"@type":"PostalAddress","@id":"https:\/\/ubirataonline.com.br\/pais-denunciam-abandono-de-criancas-autistas-e-fila-sem-atendimento-na-saude\/#local-main-place-address","streetAddress":"Rua dos Coqueiros, 104 - Bairro Boa Vista, Rua dos Coqueiros, 104 Bairro Boa Vista","addressLocality":"UBIRATA","postalCode":"85440-000","addressRegion":"PR","addressCountry":"BR"},{"@type":"ImageObject","inLanguage":"en-US","@id":"https:\/\/ubirataonline.com.br\/pais-denunciam-abandono-de-criancas-autistas-e-fila-sem-atendimento-na-saude\/#local-main-organization-logo","url":"https:\/\/ubirataonline.com.br\/wp-content\/uploads\/2026\/06\/logoubirataonline-1.webp","contentUrl":"https:\/\/ubirataonline.com.br\/wp-content\/uploads\/2026\/06\/logoubirataonline-1.webp","width":500,"height":500,"caption":"Ubirat\u00e3 Online Not\u00edcias"}]},"geo.placename":"UBIRATA","geo.position":{"lat":"-24.5361401","long":"-52.9921776"},"geo.region":"Brazil"},"_links":{"self":[{"href":"https:\/\/ubirataonline.com.br\/en\/wp-json\/wp\/v2\/posts\/130577","targetHints":{"allow":["GET"]}}],"collection":[{"href":"https:\/\/ubirataonline.com.br\/en\/wp-json\/wp\/v2\/posts"}],"about":[{"href":"https:\/\/ubirataonline.com.br\/en\/wp-json\/wp\/v2\/types\/post"}],"author":[{"embeddable":true,"href":"https:\/\/ubirataonline.com.br\/en\/wp-json\/wp\/v2\/users\/1"}],"replies":[{"embeddable":true,"href":"https:\/\/ubirataonline.com.br\/en\/wp-json\/wp\/v2\/comments?post=130577"}],"version-history":[{"count":0,"href":"https:\/\/ubirataonline.com.br\/en\/wp-json\/wp\/v2\/posts\/130577\/revisions"}],"wp:featuredmedia":[{"embeddable":true,"href":"https:\/\/ubirataonline.com.br\/en\/wp-json\/wp\/v2\/media\/130578"}],"wp:attachment":[{"href":"https:\/\/ubirataonline.com.br\/en\/wp-json\/wp\/v2\/media?parent=130577"}],"wp:term":[{"taxonomy":"category","embeddable":true,"href":"https:\/\/ubirataonline.com.br\/en\/wp-json\/wp\/v2\/categories?post=130577"},{"taxonomy":"post_tag","embeddable":true,"href":"https:\/\/ubirataonline.com.br\/en\/wp-json\/wp\/v2\/tags?post=130577"}],"curies":[{"name":"wp","href":"https:\/\/api.w.org\/{rel}","templated":true}]}}