{"id":131166,"date":"2026-05-16T08:57:10","date_gmt":"2026-05-16T11:57:10","guid":{"rendered":"https:\/\/ubirataonline.com.br\/to-juz-koniec-lewandowski-oglasza-ws-przyszlosci\/"},"modified":"2026-05-16T08:57:13","modified_gmt":"2026-05-16T11:57:13","slug":"to-juz-koniec-lewandowski-oglasza-ws-przyszlosci","status":"publish","type":"post","link":"https:\/\/ubirataonline.com.br\/en\/to-juz-koniec-lewandowski-oglasza-ws-przyszlosci\/","title":{"rendered":"To ju\u017c koniec! Lewandowski og\u0142asza ws. przysz\u0142o\u015bci"},"content":{"rendered":"<p><\/p>\n<div>\n<p class=\"contentpart contentpart--default contentpart--text\" data-position=\"0\">Rozstanie <a href=\"https:\/\/sportowefakty.wp.pl\/pilka-nozna\/robert-lewandowski\">Roberta Lewandowskiego<\/a>\u00a0z <a href=\"https:\/\/sportowefakty.wp.pl\/pilka-nozna\/fc-barcelona\">FC Barcelon\u0105<\/a>\u00a0sta\u0142o si\u0119 faktem. Po tygodniach rozm\u00f3w o nowej umowie strony nie osi\u0105gn\u0119\u0142y porozumienia i kapitan reprezentacji Polski odchodzi po czterech latach gry w Katalonii. Polak nie chcia\u0142 zaakceptowa\u0107 roli rezerwowego, a taka zosta\u0142a mu zaproponowana.<\/p>\n<p class=\"contentpart contentpart--default contentpart--text\" data-position=\"1\">Lewandowski trafi\u0142 do Barcelony latem 2022 r. z Bayernu Monachium i szybko sta\u0142 si\u0119 jedn\u0105 z kluczowych postaci zespo\u0142u prowadzonego przez Xaviego. W debiutanckim sezonie zdoby\u0142 koron\u0119 kr\u00f3la strzelc\u00f3w ligi hiszpa\u0144skiej i mia\u0142 du\u017cy udzia\u0142 w mistrzostwie kraju.<\/p>\n<div>\n<div class=\"nzjtlr jqnfgt ___h250___\" data-class=\"nzjtlr\">   <\/div>\n<\/div>\n<p class=\"contentpart contentpart--default contentpart--text\" data-position=\"2\"><strong>ZOBACZ WIDEO: Sonda po g\u0142o\u015bnych doniesieniach o Lewandowskim. Zapytali\u015bmy Polak\u00f3w<\/strong><\/p>\n<p class=\"contentpart contentpart--default contentpart--text\" data-position=\"4\">Przez cztery lata gry w FC Barcelonie napastnik si\u0119gn\u0105\u0142 po trzy mistrzostwa Hiszpanii, Puchar Kr\u00f3la oraz trzy Superpuchary Hiszpanii. Obecnie najpowa\u017cniejszym kierunkiem dalszej kariery Polaka jest Al-Hilal w Arabii Saudyjskiej. <strong>Jak poinformowa\u0142 Jaros\u0142aw Koli\u0144ski z WP SportoweFakty, szejkowie maj\u0105 zaoferowa\u0107 Polakowi 90 mln euro za sezon.<\/strong><\/p>\n<p class=\"contentpart contentpart--default contentpart--text\" data-position=\"5\">&#8220;Po czterech latach pe\u0142nych wyzwa\u0144 i ci\u0119\u017ckiej pracy, nadszed\u0142 czas, aby i\u015b\u0107 dalej. Odchodz\u0119 z poczuciem, \u017ce misja jest uko\u0144czona. 4 sezony, 3 mistrzostwa. Nigdy nie zapomn\u0119 mi\u0142o\u015bci, kt\u00f3r\u0105 otrzyma\u0142em od fan\u00f3w od moich pierwszych dni. Katalonia to moje miejsce na ziemi. Dzi\u0119kuj\u0119 wszystkim, kt\u00f3rych pozna\u0142em po drodze w tych pi\u0119knych czterech latach. Szczeg\u00f3lne podzi\u0119kowania kieruj\u0119 do prezesa Laporty za to, \u017ce da\u0142 mi szans\u0119 prze\u017cy\u0107 najbardziej niesamowity rozdzia\u0142 w mojej karierze. Barca jest z powrotem tam, gdzie nale\u017cy&#8221; &#8211; napisa\u0142 na Instagramie <a href=\"https:\/\/sportowefakty.wp.pl\/pilka-nozna\/robert-lewandowski\">Robert Lewandowski<\/a>.<\/p>\n<div>\n<div class=\"zlccgm jqnfgt ___h250___\" data-class=\"zlccgm\">  <img decoding=\"async\" src=\"https:\/\/v.wpimg.pl\/X3dwLnN2d1IFFTpdYUl6R0ZNbgcnEHQREVV2TGEGbUtRT2MdOlZ2RBQUKABgQjQcDRotCStBd1IAAWMeIlM7VgwYIAorQAdEFFk_GCkQJQ\" alt=\"\" width=\"45\" height=\"58\" loading=\"lazy\"\/> <\/div>\n<\/div><\/div>\n<p><a href=\"https:\/\/sportowefakty.wp.pl\/pilka-nozna\/1251051\/to-juz-koniec-lewandowski-oglasza-ws-przyszlosci\">Source link <\/a><\/p>","protected":false},"excerpt":{"rendered":"<p>Rozstanie Roberta Lewandowskiego\u00a0z FC Barcelon\u0105\u00a0sta\u0142o si\u0119 faktem. Po tygodniach rozm\u00f3w o nowej umowie strony nie osi\u0105gn\u0119\u0142y porozumienia i kapitan reprezentacji Polski odchodzi po czterech latach gry w Katalonii. Polak nie chcia\u0142 zaakceptowa\u0107 roli rezerwowego, a taka zosta\u0142a mu zaproponowana. Lewandowski trafi\u0142 do Barcelony latem 2022 r. z Bayernu Monachium i szybko sta\u0142 si\u0119 jedn\u0105 z [&hellip;]<\/p>\n","protected":false},"author":1,"featured_media":131167,"comment_status":"closed","ping_status":"","sticky":false,"template":"","format":"standard","meta":{"googlesitekit_rrm_CAow2JLhCw:productID":"","_gspb_post_css":"","maa_idioma":"","maa_pais":"","footnotes":""},"categories":[1],"tags":[36025,36026,21427,36027,36028],"class_list":["post-131166","post","type-post","status-publish","format-standard","has-post-thumbnail","hentry","category-ubirata","tag-juz","tag-koniec","tag-lewandowski","tag-oglasza","tag-przyszlosci"],"blocksy_meta":[],"yoast_head":"<!-- This site is optimized with the Yoast SEO Premium plugin v27.6 (Yoast SEO v27.6) - https:\/\/yoast.com\/product\/yoast-seo-premium-wordpress\/ -->\n<title>To ju\u017c koniec! Lewandowski og\u0142asza ws. przysz\u0142o\u015bci - Ubirat\u00e3 Online Not\u00edcias - A realidade ao seu alcance!<\/title>\n<meta name=\"description\" content=\"Rozstanie Roberta Lewandowskiego\u00a0z FC Barcelon\u0105\u00a0sta\u0142o si\u0119 faktem. Po tygodniach rozm\u00f3w o nowej umowie strony nie osi\u0105gn\u0119\u0142y porozumienia i kapitan\" \/>\n<meta name=\"robots\" content=\"index, follow, max-snippet:-1, max-image-preview:large, max-video-preview:-1\" \/>\n<link rel=\"canonical\" href=\"https:\/\/ubirataonline.com.br\/en\/to-juz-koniec-lewandowski-oglasza-ws-przyszlosci\/\" \/>\n<meta property=\"og:locale\" content=\"en_US\" \/>\n<meta property=\"og:type\" content=\"article\" \/>\n<meta property=\"og:title\" content=\"To ju\u017c koniec! Lewandowski og\u0142asza ws. przysz\u0142o\u015bci\" \/>\n<meta property=\"og:description\" content=\"Rozstanie Roberta Lewandowskiego\u00a0z FC Barcelon\u0105\u00a0sta\u0142o si\u0119 faktem. Po tygodniach rozm\u00f3w o nowej umowie strony nie osi\u0105gn\u0119\u0142y porozumienia i kapitan\" \/>\n<meta property=\"og:url\" content=\"https:\/\/ubirataonline.com.br\/en\/to-juz-koniec-lewandowski-oglasza-ws-przyszlosci\/\" \/>\n<meta property=\"og:site_name\" content=\"Ubirat\u00e3 Online Not\u00edcias - A realidade ao seu alcance!\" \/>\n<meta property=\"article:publisher\" content=\"https:\/\/www.facebook.com\/portalubirataonline\" \/>\n<meta property=\"article:author\" content=\"https:\/\/www.facebook.com\/portalubirataonline\" \/>\n<meta property=\"article:published_time\" content=\"2026-05-16T11:57:10+00:00\" \/>\n<meta property=\"article:modified_time\" content=\"2026-05-16T11:57:13+00:00\" \/>\n<meta property=\"og:image\" content=\"https:\/\/ubirataonline.com.br\/wp-content\/uploads\/2026\/05\/To-juz-koniec-Lewandowski-oglasza-ws-przyszlosci.jpg\" \/>\n\t<meta property=\"og:image:width\" content=\"1024\" \/>\n\t<meta property=\"og:image:height\" content=\"683\" \/>\n\t<meta property=\"og:image:type\" content=\"image\/jpeg\" \/>\n<meta name=\"author\" content=\"REDA\u00c7\u00c3O: UBIRAT\u00c3 ONLINE - F\u00c1BIO AUGUSTO CELESTINO\" \/>\n<meta name=\"twitter:card\" content=\"summary_large_image\" \/>\n<meta name=\"twitter:creator\" content=\"@x.com\/ubirataonline\" \/>\n<meta name=\"twitter:site\" content=\"@ubirataonline\" \/>\n<meta name=\"twitter:label1\" content=\"Written by\" \/>\n\t<meta name=\"twitter:data1\" content=\"REDA\u00c7\u00c3O: UBIRAT\u00c3 ONLINE - F\u00c1BIO AUGUSTO CELESTINO\" \/>\n\t<meta name=\"twitter:label2\" content=\"Est. reading time\" \/>\n\t<meta name=\"twitter:data2\" content=\"1 minute\" \/>\n<script type=\"application\/ld+json\" class=\"yoast-schema-graph\">{\"@context\":\"https:\\\/\\\/schema.org\",\"@graph\":[{\"@type\":\"NewsArticle\",\"@id\":\"https:\\\/\\\/ubirataonline.com.br\\\/to-juz-koniec-lewandowski-oglasza-ws-przyszlosci\\\/#article\",\"isPartOf\":{\"@id\":\"https:\\\/\\\/ubirataonline.com.br\\\/to-juz-koniec-lewandowski-oglasza-ws-przyszlosci\\\/\"},\"author\":{\"name\":\"REDA\u00c7\u00c3O: UBIRAT\u00c3 ONLINE - F\u00c1BIO AUGUSTO CELESTINO\",\"@id\":\"https:\\\/\\\/ubirataonline.com.br\\\/#\\\/schema\\\/person\\\/372f87bbd3fdd79b8556b84c98d0bc1c\"},\"headline\":\"To ju\u017c koniec! Lewandowski og\u0142asza ws. przysz\u0142o\u015bci\",\"datePublished\":\"2026-05-16T11:57:10+00:00\",\"dateModified\":\"2026-05-16T11:57:13+00:00\",\"mainEntityOfPage\":{\"@id\":\"https:\\\/\\\/ubirataonline.com.br\\\/to-juz-koniec-lewandowski-oglasza-ws-przyszlosci\\\/\"},\"wordCount\":263,\"publisher\":{\"@id\":\"https:\\\/\\\/ubirataonline.com.br\\\/#organization\"},\"image\":{\"@id\":\"https:\\\/\\\/ubirataonline.com.br\\\/to-juz-koniec-lewandowski-oglasza-ws-przyszlosci\\\/#primaryimage\"},\"thumbnailUrl\":\"https:\\\/\\\/ubirataonline.com.br\\\/wp-content\\\/uploads\\\/2026\\\/05\\\/To-juz-koniec-Lewandowski-oglasza-ws-przyszlosci.jpg\",\"keywords\":[\"ju\u017c\",\"koniec\",\"Lewandowski\",\"og\u0142asza\",\"przysz\u0142o\u015bci\"],\"articleSection\":[\"Ubirat\u00e3\"],\"inLanguage\":\"en-US\",\"copyrightYear\":\"2026\",\"copyrightHolder\":{\"@id\":\"https:\\\/\\\/ubirataonline.com.br\\\/en\\\/#organization\"}},{\"@type\":\"WebPage\",\"@id\":\"https:\\\/\\\/ubirataonline.com.br\\\/to-juz-koniec-lewandowski-oglasza-ws-przyszlosci\\\/\",\"url\":\"https:\\\/\\\/ubirataonline.com.br\\\/to-juz-koniec-lewandowski-oglasza-ws-przyszlosci\\\/\",\"name\":\"To ju\u017c koniec! Lewandowski og\u0142asza ws. przysz\u0142o\u015bci - Ubirat\u00e3 Online Not\u00edcias - A realidade ao seu alcance!\",\"isPartOf\":{\"@id\":\"https:\\\/\\\/ubirataonline.com.br\\\/#website\"},\"primaryImageOfPage\":{\"@id\":\"https:\\\/\\\/ubirataonline.com.br\\\/to-juz-koniec-lewandowski-oglasza-ws-przyszlosci\\\/#primaryimage\"},\"image\":{\"@id\":\"https:\\\/\\\/ubirataonline.com.br\\\/to-juz-koniec-lewandowski-oglasza-ws-przyszlosci\\\/#primaryimage\"},\"thumbnailUrl\":\"https:\\\/\\\/ubirataonline.com.br\\\/wp-content\\\/uploads\\\/2026\\\/05\\\/To-juz-koniec-Lewandowski-oglasza-ws-przyszlosci.jpg\",\"datePublished\":\"2026-05-16T11:57:10+00:00\",\"dateModified\":\"2026-05-16T11:57:13+00:00\",\"description\":\"Rozstanie Roberta Lewandowskiego\u00a0z FC Barcelon\u0105\u00a0sta\u0142o si\u0119 faktem. Po tygodniach rozm\u00f3w o nowej umowie strony nie osi\u0105gn\u0119\u0142y porozumienia i kapitan\",\"breadcrumb\":{\"@id\":\"https:\\\/\\\/ubirataonline.com.br\\\/to-juz-koniec-lewandowski-oglasza-ws-przyszlosci\\\/#breadcrumb\"},\"inLanguage\":\"en-US\",\"potentialAction\":[{\"@type\":\"ReadAction\",\"target\":[\"https:\\\/\\\/ubirataonline.com.br\\\/to-juz-koniec-lewandowski-oglasza-ws-przyszlosci\\\/\"]}]},{\"@type\":\"ImageObject\",\"inLanguage\":\"en-US\",\"@id\":\"https:\\\/\\\/ubirataonline.com.br\\\/to-juz-koniec-lewandowski-oglasza-ws-przyszlosci\\\/#primaryimage\",\"url\":\"https:\\\/\\\/ubirataonline.com.br\\\/wp-content\\\/uploads\\\/2026\\\/05\\\/To-juz-koniec-Lewandowski-oglasza-ws-przyszlosci.jpg\",\"contentUrl\":\"https:\\\/\\\/ubirataonline.com.br\\\/wp-content\\\/uploads\\\/2026\\\/05\\\/To-juz-koniec-Lewandowski-oglasza-ws-przyszlosci.jpg\",\"width\":1024,\"height\":683,\"caption\":\"Getty Images \\\/ Javier Borrego\\\/Europa Press \\\/ Na zdj\u0119ciu: Robert Lewandowski.\"},{\"@type\":\"BreadcrumbList\",\"@id\":\"https:\\\/\\\/ubirataonline.com.br\\\/to-juz-koniec-lewandowski-oglasza-ws-przyszlosci\\\/#breadcrumb\",\"itemListElement\":[{\"@type\":\"ListItem\",\"position\":1,\"name\":\"In\u00edcio\",\"item\":\"https:\\\/\\\/ubirataonline.com.br\\\/\"},{\"@type\":\"ListItem\",\"position\":2,\"name\":\"To ju\u017c koniec! Lewandowski og\u0142asza ws. przysz\u0142o\u015bci\"}]},{\"@type\":\"WebSite\",\"@id\":\"https:\\\/\\\/ubirataonline.com.br\\\/#website\",\"url\":\"https:\\\/\\\/ubirataonline.com.br\\\/\",\"name\":\"Ubirat\u00e3 Online Not\u00edcias\",\"description\":\"Not\u00edcias de Ubirat\u00e3, regi\u00e3o, Brasil e mundo, com informa\u00e7\u00e3o atualizada e compromisso com o leitor.\",\"publisher\":{\"@id\":\"https:\\\/\\\/ubirataonline.com.br\\\/#organization\"},\"alternateName\":\"Ubirat\u00e3 Online\",\"potentialAction\":[{\"@type\":\"SearchAction\",\"target\":{\"@type\":\"EntryPoint\",\"urlTemplate\":\"https:\\\/\\\/ubirataonline.com.br\\\/?s={search_term_string}\"},\"query-input\":{\"@type\":\"PropertyValueSpecification\",\"valueRequired\":true,\"valueName\":\"search_term_string\"}}],\"inLanguage\":\"en-US\"},{\"@type\":[\"Organization\",\"Place\"],\"@id\":\"https:\\\/\\\/ubirataonline.com.br\\\/#organization\",\"name\":\"Ubirat\u00e3 Online Not\u00edcias\",\"alternateName\":\"Ubirat\u00e3 Online\",\"url\":\"https:\\\/\\\/ubirataonline.com.br\\\/\",\"logo\":{\"@id\":\"https:\\\/\\\/ubirataonline.com.br\\\/to-juz-koniec-lewandowski-oglasza-ws-przyszlosci\\\/#local-main-organization-logo\"},\"image\":{\"@id\":\"https:\\\/\\\/ubirataonline.com.br\\\/to-juz-koniec-lewandowski-oglasza-ws-przyszlosci\\\/#local-main-organization-logo\"},\"sameAs\":[\"https:\\\/\\\/www.facebook.com\\\/portalubirataonline\",\"https:\\\/\\\/x.com\\\/ubirataonline\",\"https:\\\/\\\/mastodon.social\\\/@ubirataonline\",\"https:\\\/\\\/www.facebook.com\\\/groups\\\/311144672285604\",\"https:\\\/\\\/www.facebook.com\\\/UBTAOnline\",\"https:\\\/\\\/www.instagram.com\\\/portalubirataonline\\\/\",\"https:\\\/\\\/twitter.com\\\/ubirataonline\"],\"description\":\"Somos um portal de not\u00edcias independente, criado em 5 de janeiro de 2009, com o objetivo de informar, conectar e valorizar a nossa comunidade de Ubirat\u00e3 e toda aregi\u00e3o. Com conte\u00fado atualizado, confi\u00e1vel e relevante, o Ubirat\u00e3 Online \u00e9 o seu espa\u00e7o para ficar por dentro dos principais acontecimentos locais, regionais, Brasil, Mundo e de interesse geral. Nosso compromisso \u00e9 com a verdade, a transpar\u00eancia e o respeito ao leitor.\",\"legalName\":\"UBIRATA ONLINE NOT\u00cdCIAS\",\"foundingDate\":\"2009-01-05\",\"numberOfEmployees\":{\"@type\":\"QuantitativeValue\",\"minValue\":\"1\",\"maxValue\":\"10\"},\"publishingPrinciples\":\"https:\\\/\\\/ubirataonline.com.br\\\/faq\\\/\",\"address\":{\"@id\":\"https:\\\/\\\/ubirataonline.com.br\\\/to-juz-koniec-lewandowski-oglasza-ws-przyszlosci\\\/#local-main-place-address\"},\"geo\":{\"@type\":\"GeoCoordinates\",\"latitude\":\"-24.5361401\",\"longitude\":\"-52.9921776\"},\"telephone\":[\"+5544998308235\"],\"contactPoint\":{\"@type\":\"ContactPoint\",\"email\":\"contato@ubirataonline.com.br\"},\"openingHoursSpecification\":{\"@type\":\"OpeningHoursSpecification\",\"dayOfWeek\":[\"Monday\",\"Tuesday\",\"Wednesday\",\"Thursday\",\"Friday\",\"Saturday\",\"Sunday\"],\"opens\":\"00:00\",\"closes\":\"23:59\"},\"email\":\"contato@ubirataonline.com.br\",\"vatID\":\"47.621.418\\\/0001-80\"},{\"@type\":\"Person\",\"@id\":\"https:\\\/\\\/ubirataonline.com.br\\\/#\\\/schema\\\/person\\\/372f87bbd3fdd79b8556b84c98d0bc1c\",\"name\":\"REDA\u00c7\u00c3O: UBIRAT\u00c3 ONLINE - F\u00c1BIO AUGUSTO CELESTINO\",\"pronouns\":\"Ele\",\"description\":\"Desde 2003 trabalhando com not\u00edcias.\",\"sameAs\":[\"http:\\\/\\\/ubirataoline.com.br\",\"https:\\\/\\\/www.facebook.com\\\/portalubirataonline\",\"https:\\\/\\\/www.instagram.com\\\/ubirataonline_oficial\",\"https:\\\/\\\/x.com\\\/x.com\\\/ubirataonline\"],\"honorificPrefix\":\"Mr.\",\"honorificSuffix\":\"MD\",\"birthDate\":\"1980-06-16\",\"gender\":\"masculino\",\"award\":[\"V\u00e1rios pr\u00eamios de melhor portal da cidade\"],\"jobTitle\":\"Diretor\",\"url\":\"https:\\\/\\\/ubirataonline.com.br\\\/en\\\/author\\\/ubirataonline\\\/\"},{\"@type\":\"PostalAddress\",\"@id\":\"https:\\\/\\\/ubirataonline.com.br\\\/to-juz-koniec-lewandowski-oglasza-ws-przyszlosci\\\/#local-main-place-address\",\"streetAddress\":\"Rua dos Coqueiros, 104 - Bairro Boa Vista, Rua dos Coqueiros, 104 Bairro Boa Vista\",\"addressLocality\":\"UBIRATA\",\"postalCode\":\"85440-000\",\"addressRegion\":\"PR\",\"addressCountry\":\"BR\"},{\"@type\":\"ImageObject\",\"inLanguage\":\"en-US\",\"@id\":\"https:\\\/\\\/ubirataonline.com.br\\\/to-juz-koniec-lewandowski-oglasza-ws-przyszlosci\\\/#local-main-organization-logo\",\"url\":\"https:\\\/\\\/ubirataonline.com.br\\\/wp-content\\\/uploads\\\/2026\\\/06\\\/logoubirataonline-1.webp\",\"contentUrl\":\"https:\\\/\\\/ubirataonline.com.br\\\/wp-content\\\/uploads\\\/2026\\\/06\\\/logoubirataonline-1.webp\",\"width\":500,\"height\":500,\"caption\":\"Ubirat\u00e3 Online Not\u00edcias\"}]}<\/script>\n<meta name=\"geo.placename\" content=\"UBIRATA\" \/>\n<meta name=\"geo.position\" content=\"-24.5361401;-52.9921776\" \/>\n<meta name=\"geo.region\" content=\"Brazil\" \/>\n<!-- \/ Yoast SEO Premium plugin. -->","yoast_head_json":{"title":"To ju\u017c koniec! Lewandowski og\u0142asza ws. przysz\u0142o\u015bci - Ubirat\u00e3 Online Not\u00edcias - A realidade ao seu alcance!","description":"Rozstanie Roberta Lewandowskiego\u00a0z FC Barcelon\u0105\u00a0sta\u0142o si\u0119 faktem. Po tygodniach rozm\u00f3w o nowej umowie strony nie osi\u0105gn\u0119\u0142y porozumienia i kapitan","robots":{"index":"index","follow":"follow","max-snippet":"max-snippet:-1","max-image-preview":"max-image-preview:large","max-video-preview":"max-video-preview:-1"},"canonical":"https:\/\/ubirataonline.com.br\/en\/to-juz-koniec-lewandowski-oglasza-ws-przyszlosci\/","og_locale":"en_US","og_type":"article","og_title":"To ju\u017c koniec! Lewandowski og\u0142asza ws. przysz\u0142o\u015bci","og_description":"Rozstanie Roberta Lewandowskiego\u00a0z FC Barcelon\u0105\u00a0sta\u0142o si\u0119 faktem. Po tygodniach rozm\u00f3w o nowej umowie strony nie osi\u0105gn\u0119\u0142y porozumienia i kapitan","og_url":"https:\/\/ubirataonline.com.br\/en\/to-juz-koniec-lewandowski-oglasza-ws-przyszlosci\/","og_site_name":"Ubirat\u00e3 Online Not\u00edcias - A realidade ao seu alcance!","article_publisher":"https:\/\/www.facebook.com\/portalubirataonline","article_author":"https:\/\/www.facebook.com\/portalubirataonline","article_published_time":"2026-05-16T11:57:10+00:00","article_modified_time":"2026-05-16T11:57:13+00:00","og_image":[{"width":1024,"height":683,"url":"https:\/\/ubirataonline.com.br\/wp-content\/uploads\/2026\/05\/To-juz-koniec-Lewandowski-oglasza-ws-przyszlosci.jpg","type":"image\/jpeg"}],"author":"REDA\u00c7\u00c3O: UBIRAT\u00c3 ONLINE - F\u00c1BIO AUGUSTO CELESTINO","twitter_card":"summary_large_image","twitter_creator":"@x.com\/ubirataonline","twitter_site":"@ubirataonline","twitter_misc":{"Written by":"REDA\u00c7\u00c3O: UBIRAT\u00c3 ONLINE - F\u00c1BIO AUGUSTO CELESTINO","Est. reading time":"1 minute"},"schema":{"@context":"https:\/\/schema.org","@graph":[{"@type":"NewsArticle","@id":"https:\/\/ubirataonline.com.br\/to-juz-koniec-lewandowski-oglasza-ws-przyszlosci\/#article","isPartOf":{"@id":"https:\/\/ubirataonline.com.br\/to-juz-koniec-lewandowski-oglasza-ws-przyszlosci\/"},"author":{"name":"REDA\u00c7\u00c3O: UBIRAT\u00c3 ONLINE - F\u00c1BIO AUGUSTO CELESTINO","@id":"https:\/\/ubirataonline.com.br\/#\/schema\/person\/372f87bbd3fdd79b8556b84c98d0bc1c"},"headline":"To ju\u017c koniec! Lewandowski og\u0142asza ws. przysz\u0142o\u015bci","datePublished":"2026-05-16T11:57:10+00:00","dateModified":"2026-05-16T11:57:13+00:00","mainEntityOfPage":{"@id":"https:\/\/ubirataonline.com.br\/to-juz-koniec-lewandowski-oglasza-ws-przyszlosci\/"},"wordCount":263,"publisher":{"@id":"https:\/\/ubirataonline.com.br\/#organization"},"image":{"@id":"https:\/\/ubirataonline.com.br\/to-juz-koniec-lewandowski-oglasza-ws-przyszlosci\/#primaryimage"},"thumbnailUrl":"https:\/\/ubirataonline.com.br\/wp-content\/uploads\/2026\/05\/To-juz-koniec-Lewandowski-oglasza-ws-przyszlosci.jpg","keywords":["ju\u017c","koniec","Lewandowski","og\u0142asza","przysz\u0142o\u015bci"],"articleSection":["Ubirat\u00e3"],"inLanguage":"en-US","copyrightYear":"2026","copyrightHolder":{"@id":"https:\/\/ubirataonline.com.br\/en\/#organization"}},{"@type":"WebPage","@id":"https:\/\/ubirataonline.com.br\/to-juz-koniec-lewandowski-oglasza-ws-przyszlosci\/","url":"https:\/\/ubirataonline.com.br\/to-juz-koniec-lewandowski-oglasza-ws-przyszlosci\/","name":"To ju\u017c koniec! Lewandowski og\u0142asza ws. przysz\u0142o\u015bci - Ubirat\u00e3 Online Not\u00edcias - A realidade ao seu alcance!","isPartOf":{"@id":"https:\/\/ubirataonline.com.br\/#website"},"primaryImageOfPage":{"@id":"https:\/\/ubirataonline.com.br\/to-juz-koniec-lewandowski-oglasza-ws-przyszlosci\/#primaryimage"},"image":{"@id":"https:\/\/ubirataonline.com.br\/to-juz-koniec-lewandowski-oglasza-ws-przyszlosci\/#primaryimage"},"thumbnailUrl":"https:\/\/ubirataonline.com.br\/wp-content\/uploads\/2026\/05\/To-juz-koniec-Lewandowski-oglasza-ws-przyszlosci.jpg","datePublished":"2026-05-16T11:57:10+00:00","dateModified":"2026-05-16T11:57:13+00:00","description":"Rozstanie Roberta Lewandowskiego\u00a0z FC Barcelon\u0105\u00a0sta\u0142o si\u0119 faktem. Po tygodniach rozm\u00f3w o nowej umowie strony nie osi\u0105gn\u0119\u0142y porozumienia i kapitan","breadcrumb":{"@id":"https:\/\/ubirataonline.com.br\/to-juz-koniec-lewandowski-oglasza-ws-przyszlosci\/#breadcrumb"},"inLanguage":"en-US","potentialAction":[{"@type":"ReadAction","target":["https:\/\/ubirataonline.com.br\/to-juz-koniec-lewandowski-oglasza-ws-przyszlosci\/"]}]},{"@type":"ImageObject","inLanguage":"en-US","@id":"https:\/\/ubirataonline.com.br\/to-juz-koniec-lewandowski-oglasza-ws-przyszlosci\/#primaryimage","url":"https:\/\/ubirataonline.com.br\/wp-content\/uploads\/2026\/05\/To-juz-koniec-Lewandowski-oglasza-ws-przyszlosci.jpg","contentUrl":"https:\/\/ubirataonline.com.br\/wp-content\/uploads\/2026\/05\/To-juz-koniec-Lewandowski-oglasza-ws-przyszlosci.jpg","width":1024,"height":683,"caption":"Getty Images \/ Javier Borrego\/Europa Press \/ Na zdj\u0119ciu: Robert Lewandowski."},{"@type":"BreadcrumbList","@id":"https:\/\/ubirataonline.com.br\/to-juz-koniec-lewandowski-oglasza-ws-przyszlosci\/#breadcrumb","itemListElement":[{"@type":"ListItem","position":1,"name":"In\u00edcio","item":"https:\/\/ubirataonline.com.br\/"},{"@type":"ListItem","position":2,"name":"To ju\u017c koniec! Lewandowski og\u0142asza ws. przysz\u0142o\u015bci"}]},{"@type":"WebSite","@id":"https:\/\/ubirataonline.com.br\/#website","url":"https:\/\/ubirataonline.com.br\/","name":"Ubirat\u00e3 Online Not\u00edcias","description":"Not\u00edcias de Ubirat\u00e3, regi\u00e3o, Brasil e mundo, com informa\u00e7\u00e3o atualizada e compromisso com o leitor.","publisher":{"@id":"https:\/\/ubirataonline.com.br\/#organization"},"alternateName":"Ubirat\u00e3 Online","potentialAction":[{"@type":"SearchAction","target":{"@type":"EntryPoint","urlTemplate":"https:\/\/ubirataonline.com.br\/?s={search_term_string}"},"query-input":{"@type":"PropertyValueSpecification","valueRequired":true,"valueName":"search_term_string"}}],"inLanguage":"en-US"},{"@type":["Organization","Place"],"@id":"https:\/\/ubirataonline.com.br\/#organization","name":"Ubirat\u00e3 Online Not\u00edcias","alternateName":"Ubirat\u00e3 Online","url":"https:\/\/ubirataonline.com.br\/","logo":{"@id":"https:\/\/ubirataonline.com.br\/to-juz-koniec-lewandowski-oglasza-ws-przyszlosci\/#local-main-organization-logo"},"image":{"@id":"https:\/\/ubirataonline.com.br\/to-juz-koniec-lewandowski-oglasza-ws-przyszlosci\/#local-main-organization-logo"},"sameAs":["https:\/\/www.facebook.com\/portalubirataonline","https:\/\/x.com\/ubirataonline","https:\/\/mastodon.social\/@ubirataonline","https:\/\/www.facebook.com\/groups\/311144672285604","https:\/\/www.facebook.com\/UBTAOnline","https:\/\/www.instagram.com\/portalubirataonline\/","https:\/\/twitter.com\/ubirataonline"],"description":"Somos um portal de not\u00edcias independente, criado em 5 de janeiro de 2009, com o objetivo de informar, conectar e valorizar a nossa comunidade de Ubirat\u00e3 e toda aregi\u00e3o. Com conte\u00fado atualizado, confi\u00e1vel e relevante, o Ubirat\u00e3 Online \u00e9 o seu espa\u00e7o para ficar por dentro dos principais acontecimentos locais, regionais, Brasil, Mundo e de interesse geral. Nosso compromisso \u00e9 com a verdade, a transpar\u00eancia e o respeito ao leitor.","legalName":"UBIRATA ONLINE NOT\u00cdCIAS","foundingDate":"2009-01-05","numberOfEmployees":{"@type":"QuantitativeValue","minValue":"1","maxValue":"10"},"publishingPrinciples":"https:\/\/ubirataonline.com.br\/faq\/","address":{"@id":"https:\/\/ubirataonline.com.br\/to-juz-koniec-lewandowski-oglasza-ws-przyszlosci\/#local-main-place-address"},"geo":{"@type":"GeoCoordinates","latitude":"-24.5361401","longitude":"-52.9921776"},"telephone":["+5544998308235"],"contactPoint":{"@type":"ContactPoint","email":"contato@ubirataonline.com.br"},"openingHoursSpecification":{"@type":"OpeningHoursSpecification","dayOfWeek":["Monday","Tuesday","Wednesday","Thursday","Friday","Saturday","Sunday"],"opens":"00:00","closes":"23:59"},"email":"contato@ubirataonline.com.br","vatID":"47.621.418\/0001-80"},{"@type":"Person","@id":"https:\/\/ubirataonline.com.br\/#\/schema\/person\/372f87bbd3fdd79b8556b84c98d0bc1c","name":"REDA\u00c7\u00c3O: UBIRAT\u00c3 ONLINE - F\u00c1BIO AUGUSTO CELESTINO","pronouns":"Ele","description":"Desde 2003 trabalhando com not\u00edcias.","sameAs":["http:\/\/ubirataoline.com.br","https:\/\/www.facebook.com\/portalubirataonline","https:\/\/www.instagram.com\/ubirataonline_oficial","https:\/\/x.com\/x.com\/ubirataonline"],"honorificPrefix":"Mr.","honorificSuffix":"MD","birthDate":"1980-06-16","gender":"masculino","award":["V\u00e1rios pr\u00eamios de melhor portal da cidade"],"jobTitle":"Diretor","url":"https:\/\/ubirataonline.com.br\/en\/author\/ubirataonline\/"},{"@type":"PostalAddress","@id":"https:\/\/ubirataonline.com.br\/to-juz-koniec-lewandowski-oglasza-ws-przyszlosci\/#local-main-place-address","streetAddress":"Rua dos Coqueiros, 104 - Bairro Boa Vista, Rua dos Coqueiros, 104 Bairro Boa Vista","addressLocality":"UBIRATA","postalCode":"85440-000","addressRegion":"PR","addressCountry":"BR"},{"@type":"ImageObject","inLanguage":"en-US","@id":"https:\/\/ubirataonline.com.br\/to-juz-koniec-lewandowski-oglasza-ws-przyszlosci\/#local-main-organization-logo","url":"https:\/\/ubirataonline.com.br\/wp-content\/uploads\/2026\/06\/logoubirataonline-1.webp","contentUrl":"https:\/\/ubirataonline.com.br\/wp-content\/uploads\/2026\/06\/logoubirataonline-1.webp","width":500,"height":500,"caption":"Ubirat\u00e3 Online Not\u00edcias"}]},"geo.placename":"UBIRATA","geo.position":{"lat":"-24.5361401","long":"-52.9921776"},"geo.region":"Brazil"},"_links":{"self":[{"href":"https:\/\/ubirataonline.com.br\/en\/wp-json\/wp\/v2\/posts\/131166","targetHints":{"allow":["GET"]}}],"collection":[{"href":"https:\/\/ubirataonline.com.br\/en\/wp-json\/wp\/v2\/posts"}],"about":[{"href":"https:\/\/ubirataonline.com.br\/en\/wp-json\/wp\/v2\/types\/post"}],"author":[{"embeddable":true,"href":"https:\/\/ubirataonline.com.br\/en\/wp-json\/wp\/v2\/users\/1"}],"replies":[{"embeddable":true,"href":"https:\/\/ubirataonline.com.br\/en\/wp-json\/wp\/v2\/comments?post=131166"}],"version-history":[{"count":0,"href":"https:\/\/ubirataonline.com.br\/en\/wp-json\/wp\/v2\/posts\/131166\/revisions"}],"wp:featuredmedia":[{"embeddable":true,"href":"https:\/\/ubirataonline.com.br\/en\/wp-json\/wp\/v2\/media\/131167"}],"wp:attachment":[{"href":"https:\/\/ubirataonline.com.br\/en\/wp-json\/wp\/v2\/media?parent=131166"}],"wp:term":[{"taxonomy":"category","embeddable":true,"href":"https:\/\/ubirataonline.com.br\/en\/wp-json\/wp\/v2\/categories?post=131166"},{"taxonomy":"post_tag","embeddable":true,"href":"https:\/\/ubirataonline.com.br\/en\/wp-json\/wp\/v2\/tags?post=131166"}],"curies":[{"name":"wp","href":"https:\/\/api.w.org\/{rel}","templated":true}]}}