{"id":131208,"date":"2026-05-16T09:55:12","date_gmt":"2026-05-16T12:55:12","guid":{"rendered":"https:\/\/ubirataonline.com.br\/fc-bayern-6-positionen-kompany-wirbelt-startelf-gegen-koln-durch-fusball\/"},"modified":"2026-05-16T09:55:17","modified_gmt":"2026-05-16T12:55:17","slug":"fc-bayern-6-positionen-kompany-wirbelt-startelf-gegen-koln-durch-fusball","status":"publish","type":"post","link":"https:\/\/ubirataonline.com.br\/en\/fc-bayern-6-positionen-kompany-wirbelt-startelf-gegen-koln-durch-fusball\/","title":{"rendered":"FC Bayern: 6 Positionen! Kompany wirbelt Startelf gegen K\u00f6ln durch | Fu\u00dfball"},"content":{"rendered":"<p><br \/>\n<\/p>\n<div><!--[--><!--[--><a class=\"skip-content skip-content--link\" href=\"#in-content-skip-link-target-v-0-0\"><span>TTS-Player \u00fcberspringen<\/span><span aria-hidden=\"true\">\u21b5<\/span><\/a><!--[--><!--]--><a id=\"in-content-skip-link-target-v-0-0\" class=\"skip-content--target-link-hidden skip-content skip-content--target-link\" href=\"#in-content-skip-link-target-v-0-0\">Artikel weiterlesen<\/a><!--]--><\/p>\n<p><!--[--><!--[--><b>Der Meister will zum Abschluss noch einmal liefern! F\u00fcr den <\/b><!--]--><a href=\"https:\/\/sportbild.bild.de\/bundesliga\/vereine\/bayern-muenchen\/home-33283572.sport.html\" class=\"text-link\"><!----><!--[--><!--[--><b>FC Bayern<\/b><!--]--><!--]--><\/a><!--[--><b> steht das letzte Bundesliga-Spiel an. Gegen den 1. FC K\u00f6ln soll das Tore-Konto weiter steigen. 117 Treffer hat der Meister bislang erzielt. Danach gibt es die Meisterschale.<\/b><!--]--><!--]--><\/p>\n<h3 class=\"cross-heading\"><!--[--><!--[-->Vincent Kompany baut Startelf kr\u00e4ftig um<!--]--><!--]--><\/h3>\n<p><!--[--><!--[-->Trainer Vincent Kompany ver\u00e4ndert seine Mannschaft im Vergleich zum 1:0-Sieg in Wolfsburg auf sechs Positionen (15.30 Uhr, Einzelspiel bei Sky, Konferenz auf DAZN und im SPORT BILD-Liveticker).<!--]--><!--]--><\/p>\n<figure class=\"fig fig--embed\"><!--[--><\/p>\n<div class=\"embed\"><!--[--><\/p>\n<div class=\"embed-placeholder__container\" data-vendor-id=\"5e71760b69966540e4554f01\">\n<p><!--[--><!--[--> An dieser Stelle findest du Inhalte aus Twitter <!--]--><!--]--><\/p>\n<p><!--[--><!--[--> Um mit Inhalten aus Twitter und anderen sozialen Netzwerken zu interagieren oder diese darzustellen, brauchen wir deine Zustimmung. <!--]--><!--]--><\/p>\n<p><!--[--><!--[--><button type=\"button\" class=\"embed-placeholder__button\"><!--[--> soziale Netzwerke aktivieren <!--]--><\/button><!--]--><!--]--><!--[--><span> Um eingebettete Inhalte anzuzeigen, ist Ihre jederzeit widerrufliche Einwilligung (\u00fcber den Schalter oder \u00fcber &#8221; <a class=\"embed-placeholder__text-link\" href=\"#\" rel=\"noopener noreferrer\" title=\"Tracking widerrufen\"> Widerruf Tracking und Cookies<\/a> &#8221; am Seitenende) zur Verarbeitung personenbezogener Daten n\u00f6tig. <abbr title=\"Die betreffenden Drittl\u00e4nder, insb. die USA, weisen im Zweifel nicht das Datenschutzniveau auf, das Sie unter der DSGVO genie\u00dfen. Das kann Nachteile wie eine erschwerte Durchsetzung von Betroffenenrechten, eine fehlende Kontrolle der Weiterverarbeitung und \u00dcbermittlung der Daten oder Zugriffe auf die Daten durch staatliche Stellen, insb. Beh\u00f6rden der USA, zu Kontroll- und \u00dcberwachungszwecken bedeuten, ohne dass Ihnen Rechtsbehelfe dagegen zustehen. Dies liegt nicht in der Hand von Axel Springer, sondern bedarf einer Regelung auf Gesetzgebungsebene.\"> Dabei k\u00f6nnen Daten in Drittl\u00e4nder wie die USA \u00fcbermittelt werden (Art. 49 Abs. 1 lit. a DSGVO)<\/abbr>. Mit dem Aktivieren des Inhalts stimmen Sie zu. Weitere Infos finden Sie <a class=\"embed-placeholder__text-link\" href=\"#\" rel=\"noopener noreferrer\" title=\"Zu den Privatsph\u00e4re Einstellungen\"> hier<\/a>. <\/span><!--]--><\/div>\n<p><!--]--><\/div>\n<p><!----><!--]--><\/figure>\n<p><!--[--><a href=\"https:\/\/sportbild.bild.de\/fussball\/fc-bayern-muenchen\/offizielles-klub-statement-fc-bayern-verkuendet-neuer-entscheidung-6a0736f64166b8e84c362c45\" class=\"text-link\"><!----><!--[--><!--[-->Manuel Neuer<!--]--><!--]--><\/a><!--[-->, Dayot Upamecano, Jonathan Tah, Luis D\u00edaz, Konrad Laimer und Lennart Karl r\u00fccken f\u00fcr Jonas Urbig, Minjae Kim, Nicolas Jackson, Michael Olise, Hiroki Ito und Josip Stanisic in die Startelf.<!--]--><!--]--><\/p>\n<p><!--[--><!--[-->F\u00fcr Lennart Karl ist es ein besonderes Spiel. Er steht erstmals seit dem 4. April wieder in der Anfangsformation. Damals gewann Bayern 3:2 in Freiburg. Danach fiel er mit einem Muskelfaserriss aus und kam nur noch als Einwechselspieler zum Einsatz.<!--]--><!--]--><\/p>\n<aside class=\"related-topics\">\n<h4 class=\"related-topics__heading\">Mehr zum Thema<\/h4>\n<\/aside>\n<h3 class=\"cross-heading\"><!--[--><!--[-->Minjae Kim fehlt mit Knieproblemen<!--]--><!--]--><\/h3>\n<p><!--[--><!--[-->Minjae Kim steht wegen leichter Knieprobleme nicht im Kader.<!--]--><!--]--><\/p>\n<p><!--[--><!--[-->So spielen die Bayern: Neuer \u2013 Laimer, Upamecano, Tah, Bischof \u2013 Goretzka, Kimmich \u2013 Karl, Musiala, Diaz \u2013 Kane.<!--]--><!--]--><\/p>\n<p><!--]--><\/div>\n<p><br \/>\n<br \/><a href=\"https:\/\/sportbild.bild.de\/fussball\/fc-bayern-muenchen\/fc-bayern-6-positionen-kompany-wirbelt-startelf-gegen-koeln-durch-6a08656b9c68f73e5afcc343\">Source link <\/a><\/p>\n","protected":false},"excerpt":{"rendered":"<p>TTS-Player \u00fcberspringen\u21b5Artikel weiterlesen Der Meister will zum Abschluss noch einmal liefern! F\u00fcr den FC Bayern steht das letzte Bundesliga-Spiel an. Gegen den 1. FC K\u00f6ln soll das Tore-Konto weiter steigen. 117 Treffer hat der Meister bislang erzielt. Danach gibt es die Meisterschale. Vincent Kompany baut Startelf kr\u00e4ftig um Trainer Vincent Kompany ver\u00e4ndert seine Mannschaft im [&hellip;]<\/p>\n","protected":false},"author":1,"featured_media":131209,"comment_status":"closed","ping_status":"","sticky":false,"template":"","format":"standard","meta":{"googlesitekit_rrm_CAow2JLhCw:productID":"","_gspb_post_css":"","maa_idioma":"","maa_pais":"","footnotes":""},"categories":[1],"tags":[2918,36051,26958,8442,36050,7010,36048,32965,36049],"class_list":["post-131208","post","type-post","status-publish","format-standard","has-post-thumbnail","hentry","category-ubirata","tag-bayern","tag-durch","tag-fusball","tag-gegen","tag-koln","tag-kompany","tag-positionen","tag-startelf","tag-wirbelt"],"blocksy_meta":[],"yoast_head":"<!-- This site is optimized with the Yoast SEO Premium plugin v27.6 (Yoast SEO v27.6) - https:\/\/yoast.com\/product\/yoast-seo-premium-wordpress\/ -->\n<title>FC Bayern: 6 Positionen! Kompany wirbelt Startelf gegen K\u00f6ln durch | Fu\u00dfball - Ubirat\u00e3 Online Not\u00edcias - A realidade ao seu alcance!<\/title>\n<meta name=\"description\" content=\"Artikel weiterlesenMehr zum Thema  Source link\" \/>\n<meta name=\"robots\" content=\"index, follow, max-snippet:-1, max-image-preview:large, max-video-preview:-1\" \/>\n<link rel=\"canonical\" href=\"https:\/\/ubirataonline.com.br\/en\/fc-bayern-6-positionen-kompany-wirbelt-startelf-gegen-koln-durch-fusball\/\" \/>\n<meta property=\"og:locale\" content=\"en_US\" \/>\n<meta property=\"og:type\" content=\"article\" \/>\n<meta property=\"og:title\" content=\"FC Bayern: 6 Positionen! Kompany wirbelt Startelf gegen K\u00f6ln durch | Fu\u00dfball\" \/>\n<meta property=\"og:description\" content=\"Artikel weiterlesenMehr zum Thema  Source link\" \/>\n<meta property=\"og:url\" content=\"https:\/\/ubirataonline.com.br\/en\/fc-bayern-6-positionen-kompany-wirbelt-startelf-gegen-koln-durch-fusball\/\" \/>\n<meta property=\"og:site_name\" content=\"Ubirat\u00e3 Online Not\u00edcias - A realidade ao seu alcance!\" \/>\n<meta property=\"article:publisher\" content=\"https:\/\/www.facebook.com\/portalubirataonline\" \/>\n<meta property=\"article:author\" content=\"https:\/\/www.facebook.com\/portalubirataonline\" \/>\n<meta property=\"article:published_time\" content=\"2026-05-16T12:55:12+00:00\" \/>\n<meta property=\"article:modified_time\" content=\"2026-05-16T12:55:17+00:00\" \/>\n<meta property=\"og:image\" content=\"https:\/\/ubirataonline.com.br\/wp-content\/uploads\/2026\/05\/FC-Bayern-6-Positionen-Kompany-wirbelt-Startelf-gegen-Koln-durch.jpeg\" \/>\n\t<meta property=\"og:image:width\" content=\"1280\" \/>\n\t<meta property=\"og:image:height\" content=\"720\" \/>\n\t<meta property=\"og:image:type\" content=\"image\/jpeg\" \/>\n<meta name=\"author\" content=\"REDA\u00c7\u00c3O: UBIRAT\u00c3 ONLINE - F\u00c1BIO AUGUSTO CELESTINO\" \/>\n<meta name=\"twitter:card\" content=\"summary_large_image\" \/>\n<meta name=\"twitter:creator\" content=\"@x.com\/ubirataonline\" \/>\n<meta name=\"twitter:site\" content=\"@ubirataonline\" \/>\n<meta name=\"twitter:label1\" content=\"Written by\" \/>\n\t<meta name=\"twitter:data1\" content=\"REDA\u00c7\u00c3O: UBIRAT\u00c3 ONLINE - F\u00c1BIO AUGUSTO CELESTINO\" \/>\n\t<meta name=\"twitter:label2\" content=\"Est. reading time\" \/>\n\t<meta name=\"twitter:data2\" content=\"1 minute\" \/>\n<script type=\"application\/ld+json\" class=\"yoast-schema-graph\">{\"@context\":\"https:\\\/\\\/schema.org\",\"@graph\":[{\"@type\":\"NewsArticle\",\"@id\":\"https:\\\/\\\/ubirataonline.com.br\\\/fc-bayern-6-positionen-kompany-wirbelt-startelf-gegen-koln-durch-fusball\\\/#article\",\"isPartOf\":{\"@id\":\"https:\\\/\\\/ubirataonline.com.br\\\/fc-bayern-6-positionen-kompany-wirbelt-startelf-gegen-koln-durch-fusball\\\/\"},\"author\":{\"name\":\"REDA\u00c7\u00c3O: UBIRAT\u00c3 ONLINE - F\u00c1BIO AUGUSTO CELESTINO\",\"@id\":\"https:\\\/\\\/ubirataonline.com.br\\\/#\\\/schema\\\/person\\\/372f87bbd3fdd79b8556b84c98d0bc1c\"},\"headline\":\"FC Bayern: 6 Positionen! Kompany wirbelt Startelf gegen K\u00f6ln durch | Fu\u00dfball\",\"datePublished\":\"2026-05-16T12:55:12+00:00\",\"dateModified\":\"2026-05-16T12:55:17+00:00\",\"mainEntityOfPage\":{\"@id\":\"https:\\\/\\\/ubirataonline.com.br\\\/fc-bayern-6-positionen-kompany-wirbelt-startelf-gegen-koln-durch-fusball\\\/\"},\"wordCount\":283,\"publisher\":{\"@id\":\"https:\\\/\\\/ubirataonline.com.br\\\/#organization\"},\"image\":{\"@id\":\"https:\\\/\\\/ubirataonline.com.br\\\/fc-bayern-6-positionen-kompany-wirbelt-startelf-gegen-koln-durch-fusball\\\/#primaryimage\"},\"thumbnailUrl\":\"https:\\\/\\\/ubirataonline.com.br\\\/wp-content\\\/uploads\\\/2026\\\/05\\\/FC-Bayern-6-Positionen-Kompany-wirbelt-Startelf-gegen-Koln-durch.jpeg\",\"keywords\":[\"Bayern\",\"durch\",\"Fu\u00dfball\",\"gegen\",\"K\u00f6ln\",\"Kompany\",\"Positionen\",\"Startelf\",\"wirbelt\"],\"articleSection\":[\"Ubirat\u00e3\"],\"inLanguage\":\"en-US\",\"copyrightYear\":\"2026\",\"copyrightHolder\":{\"@id\":\"https:\\\/\\\/ubirataonline.com.br\\\/en\\\/#organization\"}},{\"@type\":\"WebPage\",\"@id\":\"https:\\\/\\\/ubirataonline.com.br\\\/fc-bayern-6-positionen-kompany-wirbelt-startelf-gegen-koln-durch-fusball\\\/\",\"url\":\"https:\\\/\\\/ubirataonline.com.br\\\/fc-bayern-6-positionen-kompany-wirbelt-startelf-gegen-koln-durch-fusball\\\/\",\"name\":\"FC Bayern: 6 Positionen! Kompany wirbelt Startelf gegen K\u00f6ln durch | Fu\u00dfball - Ubirat\u00e3 Online Not\u00edcias - A realidade ao seu alcance!\",\"isPartOf\":{\"@id\":\"https:\\\/\\\/ubirataonline.com.br\\\/#website\"},\"primaryImageOfPage\":{\"@id\":\"https:\\\/\\\/ubirataonline.com.br\\\/fc-bayern-6-positionen-kompany-wirbelt-startelf-gegen-koln-durch-fusball\\\/#primaryimage\"},\"image\":{\"@id\":\"https:\\\/\\\/ubirataonline.com.br\\\/fc-bayern-6-positionen-kompany-wirbelt-startelf-gegen-koln-durch-fusball\\\/#primaryimage\"},\"thumbnailUrl\":\"https:\\\/\\\/ubirataonline.com.br\\\/wp-content\\\/uploads\\\/2026\\\/05\\\/FC-Bayern-6-Positionen-Kompany-wirbelt-Startelf-gegen-Koln-durch.jpeg\",\"datePublished\":\"2026-05-16T12:55:12+00:00\",\"dateModified\":\"2026-05-16T12:55:17+00:00\",\"description\":\"Artikel weiterlesenMehr zum Thema Source link\",\"breadcrumb\":{\"@id\":\"https:\\\/\\\/ubirataonline.com.br\\\/fc-bayern-6-positionen-kompany-wirbelt-startelf-gegen-koln-durch-fusball\\\/#breadcrumb\"},\"inLanguage\":\"en-US\",\"potentialAction\":[{\"@type\":\"ReadAction\",\"target\":[\"https:\\\/\\\/ubirataonline.com.br\\\/fc-bayern-6-positionen-kompany-wirbelt-startelf-gegen-koln-durch-fusball\\\/\"]}]},{\"@type\":\"ImageObject\",\"inLanguage\":\"en-US\",\"@id\":\"https:\\\/\\\/ubirataonline.com.br\\\/fc-bayern-6-positionen-kompany-wirbelt-startelf-gegen-koln-durch-fusball\\\/#primaryimage\",\"url\":\"https:\\\/\\\/ubirataonline.com.br\\\/wp-content\\\/uploads\\\/2026\\\/05\\\/FC-Bayern-6-Positionen-Kompany-wirbelt-Startelf-gegen-Koln-durch.jpeg\",\"contentUrl\":\"https:\\\/\\\/ubirataonline.com.br\\\/wp-content\\\/uploads\\\/2026\\\/05\\\/FC-Bayern-6-Positionen-Kompany-wirbelt-Startelf-gegen-Koln-durch.jpeg\",\"width\":1280,\"height\":720,\"caption\":\"Vincent Kompany (40) Foto: Harry Langer\\\/dpa\"},{\"@type\":\"BreadcrumbList\",\"@id\":\"https:\\\/\\\/ubirataonline.com.br\\\/fc-bayern-6-positionen-kompany-wirbelt-startelf-gegen-koln-durch-fusball\\\/#breadcrumb\",\"itemListElement\":[{\"@type\":\"ListItem\",\"position\":1,\"name\":\"In\u00edcio\",\"item\":\"https:\\\/\\\/ubirataonline.com.br\\\/\"},{\"@type\":\"ListItem\",\"position\":2,\"name\":\"FC Bayern: 6 Positionen! Kompany wirbelt Startelf gegen K\u00f6ln durch | Fu\u00dfball\"}]},{\"@type\":\"WebSite\",\"@id\":\"https:\\\/\\\/ubirataonline.com.br\\\/#website\",\"url\":\"https:\\\/\\\/ubirataonline.com.br\\\/\",\"name\":\"Ubirat\u00e3 Online Not\u00edcias\",\"description\":\"Not\u00edcias de Ubirat\u00e3, regi\u00e3o, Brasil e mundo, com informa\u00e7\u00e3o atualizada e compromisso com o leitor.\",\"publisher\":{\"@id\":\"https:\\\/\\\/ubirataonline.com.br\\\/#organization\"},\"alternateName\":\"Ubirat\u00e3 Online\",\"potentialAction\":[{\"@type\":\"SearchAction\",\"target\":{\"@type\":\"EntryPoint\",\"urlTemplate\":\"https:\\\/\\\/ubirataonline.com.br\\\/?s={search_term_string}\"},\"query-input\":{\"@type\":\"PropertyValueSpecification\",\"valueRequired\":true,\"valueName\":\"search_term_string\"}}],\"inLanguage\":\"en-US\"},{\"@type\":[\"Organization\",\"Place\"],\"@id\":\"https:\\\/\\\/ubirataonline.com.br\\\/#organization\",\"name\":\"Ubirat\u00e3 Online Not\u00edcias\",\"alternateName\":\"Ubirat\u00e3 Online\",\"url\":\"https:\\\/\\\/ubirataonline.com.br\\\/\",\"logo\":{\"@id\":\"https:\\\/\\\/ubirataonline.com.br\\\/fc-bayern-6-positionen-kompany-wirbelt-startelf-gegen-koln-durch-fusball\\\/#local-main-organization-logo\"},\"image\":{\"@id\":\"https:\\\/\\\/ubirataonline.com.br\\\/fc-bayern-6-positionen-kompany-wirbelt-startelf-gegen-koln-durch-fusball\\\/#local-main-organization-logo\"},\"sameAs\":[\"https:\\\/\\\/www.facebook.com\\\/portalubirataonline\",\"https:\\\/\\\/x.com\\\/ubirataonline\",\"https:\\\/\\\/mastodon.social\\\/@ubirataonline\",\"https:\\\/\\\/www.facebook.com\\\/groups\\\/311144672285604\",\"https:\\\/\\\/www.facebook.com\\\/UBTAOnline\",\"https:\\\/\\\/www.instagram.com\\\/portalubirataonline\\\/\",\"https:\\\/\\\/twitter.com\\\/ubirataonline\"],\"description\":\"Somos um portal de not\u00edcias independente, criado em 5 de janeiro de 2009, com o objetivo de informar, conectar e valorizar a nossa comunidade de Ubirat\u00e3 e toda aregi\u00e3o. Com conte\u00fado atualizado, confi\u00e1vel e relevante, o Ubirat\u00e3 Online \u00e9 o seu espa\u00e7o para ficar por dentro dos principais acontecimentos locais, regionais, Brasil, Mundo e de interesse geral. Nosso compromisso \u00e9 com a verdade, a transpar\u00eancia e o respeito ao leitor.\",\"legalName\":\"UBIRATA ONLINE NOT\u00cdCIAS\",\"foundingDate\":\"2009-01-05\",\"numberOfEmployees\":{\"@type\":\"QuantitativeValue\",\"minValue\":\"1\",\"maxValue\":\"10\"},\"publishingPrinciples\":\"https:\\\/\\\/ubirataonline.com.br\\\/faq\\\/\",\"address\":{\"@id\":\"https:\\\/\\\/ubirataonline.com.br\\\/fc-bayern-6-positionen-kompany-wirbelt-startelf-gegen-koln-durch-fusball\\\/#local-main-place-address\"},\"geo\":{\"@type\":\"GeoCoordinates\",\"latitude\":\"-24.5361401\",\"longitude\":\"-52.9921776\"},\"telephone\":[\"+5544998308235\"],\"contactPoint\":{\"@type\":\"ContactPoint\",\"email\":\"contato@ubirataonline.com.br\"},\"openingHoursSpecification\":{\"@type\":\"OpeningHoursSpecification\",\"dayOfWeek\":[\"Monday\",\"Tuesday\",\"Wednesday\",\"Thursday\",\"Friday\",\"Saturday\",\"Sunday\"],\"opens\":\"00:00\",\"closes\":\"23:59\"},\"email\":\"contato@ubirataonline.com.br\",\"vatID\":\"47.621.418\\\/0001-80\"},{\"@type\":\"Person\",\"@id\":\"https:\\\/\\\/ubirataonline.com.br\\\/#\\\/schema\\\/person\\\/372f87bbd3fdd79b8556b84c98d0bc1c\",\"name\":\"REDA\u00c7\u00c3O: UBIRAT\u00c3 ONLINE - F\u00c1BIO AUGUSTO CELESTINO\",\"pronouns\":\"Ele\",\"description\":\"Desde 2003 trabalhando com not\u00edcias.\",\"sameAs\":[\"http:\\\/\\\/ubirataoline.com.br\",\"https:\\\/\\\/www.facebook.com\\\/portalubirataonline\",\"https:\\\/\\\/www.instagram.com\\\/ubirataonline_oficial\",\"https:\\\/\\\/x.com\\\/x.com\\\/ubirataonline\"],\"honorificPrefix\":\"Mr.\",\"honorificSuffix\":\"MD\",\"birthDate\":\"1980-06-16\",\"gender\":\"masculino\",\"award\":[\"V\u00e1rios pr\u00eamios de melhor portal da cidade\"],\"jobTitle\":\"Diretor\",\"url\":\"https:\\\/\\\/ubirataonline.com.br\\\/en\\\/author\\\/ubirataonline\\\/\"},{\"@type\":\"PostalAddress\",\"@id\":\"https:\\\/\\\/ubirataonline.com.br\\\/fc-bayern-6-positionen-kompany-wirbelt-startelf-gegen-koln-durch-fusball\\\/#local-main-place-address\",\"streetAddress\":\"Rua dos Coqueiros, 104 - Bairro Boa Vista, Rua dos Coqueiros, 104 Bairro Boa Vista\",\"addressLocality\":\"UBIRATA\",\"postalCode\":\"85440-000\",\"addressRegion\":\"PR\",\"addressCountry\":\"BR\"},{\"@type\":\"ImageObject\",\"inLanguage\":\"en-US\",\"@id\":\"https:\\\/\\\/ubirataonline.com.br\\\/fc-bayern-6-positionen-kompany-wirbelt-startelf-gegen-koln-durch-fusball\\\/#local-main-organization-logo\",\"url\":\"https:\\\/\\\/ubirataonline.com.br\\\/wp-content\\\/uploads\\\/2026\\\/06\\\/logoubirataonline-1.webp\",\"contentUrl\":\"https:\\\/\\\/ubirataonline.com.br\\\/wp-content\\\/uploads\\\/2026\\\/06\\\/logoubirataonline-1.webp\",\"width\":500,\"height\":500,\"caption\":\"Ubirat\u00e3 Online Not\u00edcias\"}]}<\/script>\n<meta name=\"geo.placename\" content=\"UBIRATA\" \/>\n<meta name=\"geo.position\" content=\"-24.5361401;-52.9921776\" \/>\n<meta name=\"geo.region\" content=\"Brazil\" \/>\n<!-- \/ Yoast SEO Premium plugin. -->","yoast_head_json":{"title":"FC Bayern: 6 Positionen! Kompany wirbelt Startelf gegen K\u00f6ln durch | Fu\u00dfball - Ubirat\u00e3 Online Not\u00edcias - A realidade ao seu alcance!","description":"Artikel weiterlesenMehr zum Thema  Source link","robots":{"index":"index","follow":"follow","max-snippet":"max-snippet:-1","max-image-preview":"max-image-preview:large","max-video-preview":"max-video-preview:-1"},"canonical":"https:\/\/ubirataonline.com.br\/en\/fc-bayern-6-positionen-kompany-wirbelt-startelf-gegen-koln-durch-fusball\/","og_locale":"en_US","og_type":"article","og_title":"FC Bayern: 6 Positionen! Kompany wirbelt Startelf gegen K\u00f6ln durch | Fu\u00dfball","og_description":"Artikel weiterlesenMehr zum Thema  Source link","og_url":"https:\/\/ubirataonline.com.br\/en\/fc-bayern-6-positionen-kompany-wirbelt-startelf-gegen-koln-durch-fusball\/","og_site_name":"Ubirat\u00e3 Online Not\u00edcias - A realidade ao seu alcance!","article_publisher":"https:\/\/www.facebook.com\/portalubirataonline","article_author":"https:\/\/www.facebook.com\/portalubirataonline","article_published_time":"2026-05-16T12:55:12+00:00","article_modified_time":"2026-05-16T12:55:17+00:00","og_image":[{"width":1280,"height":720,"url":"https:\/\/ubirataonline.com.br\/wp-content\/uploads\/2026\/05\/FC-Bayern-6-Positionen-Kompany-wirbelt-Startelf-gegen-Koln-durch.jpeg","type":"image\/jpeg"}],"author":"REDA\u00c7\u00c3O: UBIRAT\u00c3 ONLINE - F\u00c1BIO AUGUSTO CELESTINO","twitter_card":"summary_large_image","twitter_creator":"@x.com\/ubirataonline","twitter_site":"@ubirataonline","twitter_misc":{"Written by":"REDA\u00c7\u00c3O: UBIRAT\u00c3 ONLINE - F\u00c1BIO AUGUSTO CELESTINO","Est. reading time":"1 minute"},"schema":{"@context":"https:\/\/schema.org","@graph":[{"@type":"NewsArticle","@id":"https:\/\/ubirataonline.com.br\/fc-bayern-6-positionen-kompany-wirbelt-startelf-gegen-koln-durch-fusball\/#article","isPartOf":{"@id":"https:\/\/ubirataonline.com.br\/fc-bayern-6-positionen-kompany-wirbelt-startelf-gegen-koln-durch-fusball\/"},"author":{"name":"REDA\u00c7\u00c3O: UBIRAT\u00c3 ONLINE - F\u00c1BIO AUGUSTO CELESTINO","@id":"https:\/\/ubirataonline.com.br\/#\/schema\/person\/372f87bbd3fdd79b8556b84c98d0bc1c"},"headline":"FC Bayern: 6 Positionen! Kompany wirbelt Startelf gegen K\u00f6ln durch | Fu\u00dfball","datePublished":"2026-05-16T12:55:12+00:00","dateModified":"2026-05-16T12:55:17+00:00","mainEntityOfPage":{"@id":"https:\/\/ubirataonline.com.br\/fc-bayern-6-positionen-kompany-wirbelt-startelf-gegen-koln-durch-fusball\/"},"wordCount":283,"publisher":{"@id":"https:\/\/ubirataonline.com.br\/#organization"},"image":{"@id":"https:\/\/ubirataonline.com.br\/fc-bayern-6-positionen-kompany-wirbelt-startelf-gegen-koln-durch-fusball\/#primaryimage"},"thumbnailUrl":"https:\/\/ubirataonline.com.br\/wp-content\/uploads\/2026\/05\/FC-Bayern-6-Positionen-Kompany-wirbelt-Startelf-gegen-Koln-durch.jpeg","keywords":["Bayern","durch","Fu\u00dfball","gegen","K\u00f6ln","Kompany","Positionen","Startelf","wirbelt"],"articleSection":["Ubirat\u00e3"],"inLanguage":"en-US","copyrightYear":"2026","copyrightHolder":{"@id":"https:\/\/ubirataonline.com.br\/en\/#organization"}},{"@type":"WebPage","@id":"https:\/\/ubirataonline.com.br\/fc-bayern-6-positionen-kompany-wirbelt-startelf-gegen-koln-durch-fusball\/","url":"https:\/\/ubirataonline.com.br\/fc-bayern-6-positionen-kompany-wirbelt-startelf-gegen-koln-durch-fusball\/","name":"FC Bayern: 6 Positionen! Kompany wirbelt Startelf gegen K\u00f6ln durch | Fu\u00dfball - Ubirat\u00e3 Online Not\u00edcias - A realidade ao seu alcance!","isPartOf":{"@id":"https:\/\/ubirataonline.com.br\/#website"},"primaryImageOfPage":{"@id":"https:\/\/ubirataonline.com.br\/fc-bayern-6-positionen-kompany-wirbelt-startelf-gegen-koln-durch-fusball\/#primaryimage"},"image":{"@id":"https:\/\/ubirataonline.com.br\/fc-bayern-6-positionen-kompany-wirbelt-startelf-gegen-koln-durch-fusball\/#primaryimage"},"thumbnailUrl":"https:\/\/ubirataonline.com.br\/wp-content\/uploads\/2026\/05\/FC-Bayern-6-Positionen-Kompany-wirbelt-Startelf-gegen-Koln-durch.jpeg","datePublished":"2026-05-16T12:55:12+00:00","dateModified":"2026-05-16T12:55:17+00:00","description":"Artikel weiterlesenMehr zum Thema Source link","breadcrumb":{"@id":"https:\/\/ubirataonline.com.br\/fc-bayern-6-positionen-kompany-wirbelt-startelf-gegen-koln-durch-fusball\/#breadcrumb"},"inLanguage":"en-US","potentialAction":[{"@type":"ReadAction","target":["https:\/\/ubirataonline.com.br\/fc-bayern-6-positionen-kompany-wirbelt-startelf-gegen-koln-durch-fusball\/"]}]},{"@type":"ImageObject","inLanguage":"en-US","@id":"https:\/\/ubirataonline.com.br\/fc-bayern-6-positionen-kompany-wirbelt-startelf-gegen-koln-durch-fusball\/#primaryimage","url":"https:\/\/ubirataonline.com.br\/wp-content\/uploads\/2026\/05\/FC-Bayern-6-Positionen-Kompany-wirbelt-Startelf-gegen-Koln-durch.jpeg","contentUrl":"https:\/\/ubirataonline.com.br\/wp-content\/uploads\/2026\/05\/FC-Bayern-6-Positionen-Kompany-wirbelt-Startelf-gegen-Koln-durch.jpeg","width":1280,"height":720,"caption":"Vincent Kompany (40) Foto: Harry Langer\/dpa"},{"@type":"BreadcrumbList","@id":"https:\/\/ubirataonline.com.br\/fc-bayern-6-positionen-kompany-wirbelt-startelf-gegen-koln-durch-fusball\/#breadcrumb","itemListElement":[{"@type":"ListItem","position":1,"name":"In\u00edcio","item":"https:\/\/ubirataonline.com.br\/"},{"@type":"ListItem","position":2,"name":"FC Bayern: 6 Positionen! Kompany wirbelt Startelf gegen K\u00f6ln durch | Fu\u00dfball"}]},{"@type":"WebSite","@id":"https:\/\/ubirataonline.com.br\/#website","url":"https:\/\/ubirataonline.com.br\/","name":"Ubirat\u00e3 Online Not\u00edcias","description":"Not\u00edcias de Ubirat\u00e3, regi\u00e3o, Brasil e mundo, com informa\u00e7\u00e3o atualizada e compromisso com o leitor.","publisher":{"@id":"https:\/\/ubirataonline.com.br\/#organization"},"alternateName":"Ubirat\u00e3 Online","potentialAction":[{"@type":"SearchAction","target":{"@type":"EntryPoint","urlTemplate":"https:\/\/ubirataonline.com.br\/?s={search_term_string}"},"query-input":{"@type":"PropertyValueSpecification","valueRequired":true,"valueName":"search_term_string"}}],"inLanguage":"en-US"},{"@type":["Organization","Place"],"@id":"https:\/\/ubirataonline.com.br\/#organization","name":"Ubirat\u00e3 Online Not\u00edcias","alternateName":"Ubirat\u00e3 Online","url":"https:\/\/ubirataonline.com.br\/","logo":{"@id":"https:\/\/ubirataonline.com.br\/fc-bayern-6-positionen-kompany-wirbelt-startelf-gegen-koln-durch-fusball\/#local-main-organization-logo"},"image":{"@id":"https:\/\/ubirataonline.com.br\/fc-bayern-6-positionen-kompany-wirbelt-startelf-gegen-koln-durch-fusball\/#local-main-organization-logo"},"sameAs":["https:\/\/www.facebook.com\/portalubirataonline","https:\/\/x.com\/ubirataonline","https:\/\/mastodon.social\/@ubirataonline","https:\/\/www.facebook.com\/groups\/311144672285604","https:\/\/www.facebook.com\/UBTAOnline","https:\/\/www.instagram.com\/portalubirataonline\/","https:\/\/twitter.com\/ubirataonline"],"description":"Somos um portal de not\u00edcias independente, criado em 5 de janeiro de 2009, com o objetivo de informar, conectar e valorizar a nossa comunidade de Ubirat\u00e3 e toda aregi\u00e3o. Com conte\u00fado atualizado, confi\u00e1vel e relevante, o Ubirat\u00e3 Online \u00e9 o seu espa\u00e7o para ficar por dentro dos principais acontecimentos locais, regionais, Brasil, Mundo e de interesse geral. Nosso compromisso \u00e9 com a verdade, a transpar\u00eancia e o respeito ao leitor.","legalName":"UBIRATA ONLINE NOT\u00cdCIAS","foundingDate":"2009-01-05","numberOfEmployees":{"@type":"QuantitativeValue","minValue":"1","maxValue":"10"},"publishingPrinciples":"https:\/\/ubirataonline.com.br\/faq\/","address":{"@id":"https:\/\/ubirataonline.com.br\/fc-bayern-6-positionen-kompany-wirbelt-startelf-gegen-koln-durch-fusball\/#local-main-place-address"},"geo":{"@type":"GeoCoordinates","latitude":"-24.5361401","longitude":"-52.9921776"},"telephone":["+5544998308235"],"contactPoint":{"@type":"ContactPoint","email":"contato@ubirataonline.com.br"},"openingHoursSpecification":{"@type":"OpeningHoursSpecification","dayOfWeek":["Monday","Tuesday","Wednesday","Thursday","Friday","Saturday","Sunday"],"opens":"00:00","closes":"23:59"},"email":"contato@ubirataonline.com.br","vatID":"47.621.418\/0001-80"},{"@type":"Person","@id":"https:\/\/ubirataonline.com.br\/#\/schema\/person\/372f87bbd3fdd79b8556b84c98d0bc1c","name":"REDA\u00c7\u00c3O: UBIRAT\u00c3 ONLINE - F\u00c1BIO AUGUSTO CELESTINO","pronouns":"Ele","description":"Desde 2003 trabalhando com not\u00edcias.","sameAs":["http:\/\/ubirataoline.com.br","https:\/\/www.facebook.com\/portalubirataonline","https:\/\/www.instagram.com\/ubirataonline_oficial","https:\/\/x.com\/x.com\/ubirataonline"],"honorificPrefix":"Mr.","honorificSuffix":"MD","birthDate":"1980-06-16","gender":"masculino","award":["V\u00e1rios pr\u00eamios de melhor portal da cidade"],"jobTitle":"Diretor","url":"https:\/\/ubirataonline.com.br\/en\/author\/ubirataonline\/"},{"@type":"PostalAddress","@id":"https:\/\/ubirataonline.com.br\/fc-bayern-6-positionen-kompany-wirbelt-startelf-gegen-koln-durch-fusball\/#local-main-place-address","streetAddress":"Rua dos Coqueiros, 104 - Bairro Boa Vista, Rua dos Coqueiros, 104 Bairro Boa Vista","addressLocality":"UBIRATA","postalCode":"85440-000","addressRegion":"PR","addressCountry":"BR"},{"@type":"ImageObject","inLanguage":"en-US","@id":"https:\/\/ubirataonline.com.br\/fc-bayern-6-positionen-kompany-wirbelt-startelf-gegen-koln-durch-fusball\/#local-main-organization-logo","url":"https:\/\/ubirataonline.com.br\/wp-content\/uploads\/2026\/06\/logoubirataonline-1.webp","contentUrl":"https:\/\/ubirataonline.com.br\/wp-content\/uploads\/2026\/06\/logoubirataonline-1.webp","width":500,"height":500,"caption":"Ubirat\u00e3 Online Not\u00edcias"}]},"geo.placename":"UBIRATA","geo.position":{"lat":"-24.5361401","long":"-52.9921776"},"geo.region":"Brazil"},"_links":{"self":[{"href":"https:\/\/ubirataonline.com.br\/en\/wp-json\/wp\/v2\/posts\/131208","targetHints":{"allow":["GET"]}}],"collection":[{"href":"https:\/\/ubirataonline.com.br\/en\/wp-json\/wp\/v2\/posts"}],"about":[{"href":"https:\/\/ubirataonline.com.br\/en\/wp-json\/wp\/v2\/types\/post"}],"author":[{"embeddable":true,"href":"https:\/\/ubirataonline.com.br\/en\/wp-json\/wp\/v2\/users\/1"}],"replies":[{"embeddable":true,"href":"https:\/\/ubirataonline.com.br\/en\/wp-json\/wp\/v2\/comments?post=131208"}],"version-history":[{"count":0,"href":"https:\/\/ubirataonline.com.br\/en\/wp-json\/wp\/v2\/posts\/131208\/revisions"}],"wp:featuredmedia":[{"embeddable":true,"href":"https:\/\/ubirataonline.com.br\/en\/wp-json\/wp\/v2\/media\/131209"}],"wp:attachment":[{"href":"https:\/\/ubirataonline.com.br\/en\/wp-json\/wp\/v2\/media?parent=131208"}],"wp:term":[{"taxonomy":"category","embeddable":true,"href":"https:\/\/ubirataonline.com.br\/en\/wp-json\/wp\/v2\/categories?post=131208"},{"taxonomy":"post_tag","embeddable":true,"href":"https:\/\/ubirataonline.com.br\/en\/wp-json\/wp\/v2\/tags?post=131208"}],"curies":[{"name":"wp","href":"https:\/\/api.w.org\/{rel}","templated":true}]}}