{"id":131223,"date":"2026-05-16T10:19:08","date_gmt":"2026-05-16T13:19:08","guid":{"rendered":"https:\/\/ubirataonline.com.br\/%f0%9f%9a%a8-kompany-rests-olise-for-goretzkas-farewell\/"},"modified":"2026-05-16T10:19:11","modified_gmt":"2026-05-16T13:19:11","slug":"%f0%9f%9a%a8-kompany-rests-olise-for-goretzkas-farewell","status":"publish","type":"post","link":"https:\/\/ubirataonline.com.br\/en\/%f0%9f%9a%a8-kompany-rests-olise-for-goretzkas-farewell\/","title":{"rendered":"&#x1f6a8; Kompany rests Olise for Goretzka&#8217;s farewell"},"content":{"rendered":"<p><br \/>\n<\/p>\n<div>\n<p>Bayern head into the final Bundesliga matchday with their eyes on the Pokal final.<\/p>\n<p>For this reason, coach <strong>Vincent Kompany<\/strong> has decided to rest <strong>Michael Olise<\/strong>, one of the standout players of the season, to avoid any physical setback ahead of the cup clash.<\/p>\n<figure class=\"content-figure\">\n<div class=\"content-image\"><button aria-label=\"View larger image\" class=\"lightbox-btn\" data-ylk=\"elm:expand;itc:1;sec:image-lightbox;slk:lightbox-open;\"><span class=\"lightbox-expand\"><svg viewbox=\"0 0 22 22\" aria-hidden=\"true\" class=\"size-4 lg:size-6\" width=\"22\" height=\"22\"><path d=\"M12.372.92c0-.506.41-.916.915-.916L21 0l-.004 7.712a.917.917 0 0 1-1.832 0V3.183l-6.827 6.828-1.349-1.348 6.828-6.828h-4.529a.915.915 0 0 1-.915-.915M1.835 17.816l6.828-6.828 1.349 1.349-6.829 6.827h4.529a.915.915 0 0 1 0 1.831L0 21l.004-7.713a.916.916 0 0 1 1.831 0z\"\/><\/svg><\/span><\/button><dialog aria-label=\"Image Lightbox\" class=\"lightbox-overlay\" aria-modal=\"true\"\/><\/div><figcaption class=\"fig-caption\"\/><\/figure>\n<p>The big surprise in <a class=\"link\" href=\"https:\/\/sports.yahoo.com\/soccer\/teams\/bayern-munich\/\" data-i13n=\"sec:content-canvas;subsec:anchor_text;elm:context_link\" data-ylk=\"slk:Bayern;sec:content-canvas;subsec:anchor_text;elm:context_link;itc:0\" data-yga=\"{&quot;yLinkElement&quot;:&quot;context_link&quot;,&quot;yModuleName&quot;:&quot;content-canvas&quot;,&quot;yLinkText&quot;:&quot;Bayern&quot;,&quot;ySubModuleName&quot;:&quot;anchor_text&quot;,&quot;yHasCommerce&quot;:false}\">Bayern<\/a>\u2019s starting XI is <strong><a class=\"link\" href=\"https:\/\/sports.yahoo.com\/soccer\/players\/4088019\/\" data-i13n=\"sec:content-canvas;subsec:anchor_text;elm:context_link\" data-ylk=\"slk:Lennart Karl;sec:content-canvas;subsec:anchor_text;elm:context_link;itc:0\" data-yga=\"{&quot;yLinkElement&quot;:&quot;context_link&quot;,&quot;yModuleName&quot;:&quot;content-canvas&quot;,&quot;yLinkText&quot;:&quot;Lennart Karl&quot;,&quot;ySubModuleName&quot;:&quot;anchor_text&quot;,&quot;yHasCommerce&quot;:false}\">Lennart Karl<\/a><\/strong>. The very young academy product will take Olise\u2019s place. The match against K\u00f6ln will also carry a strong emotional weight.<\/p>\n<p>Advertisement<\/p>\n<p><strong>Leon Goretzka<\/strong> will start in what has been confirmed as his final official match in a Bayern Munich shirt, as he will leave the club this coming summer.<\/p>\n<p>The Allianz Arena is therefore getting ready to say goodbye to one of its key figures of recent years and, at the same time, welcome one of the brightest prospects from its academy in a match full of intrigue.<\/p>\n<p><em>This article was translated into English by Artificial Intelligence. <a href=\"https:\/\/onefootball.com\/es\/noticias\/kompany-da-descanso-a-olise-en-la-despedida-de-goretzka-42875145\" rel=\"nofollow noopener\" target=\"_blank\" data-ylk=\"slk:You can read the original version in &#x1f1ea;&#x1f1f8; here.;elm:context_link;itc:0;sec:content-canvas\" data-yga=\"{&quot;yLinkElement&quot;:&quot;context_link&quot;,&quot;yModuleName&quot;:&quot;content-canvas&quot;,&quot;yLinkText&quot;:&quot;You can read the original version in &#x1f1ea;&#x1f1f8; here.&quot;}\" class=\"link\">You can read the original version in &#x1f1ea;&#x1f1f8; here.<\/a><\/em><\/p>\n<\/div>\n<p><br \/>\n<br \/><a href=\"https:\/\/sports.yahoo.com\/articles\/kompany-rests-olise-goretzkas-farewell-124200206.html\">Source link <\/a><\/p>","protected":false},"excerpt":{"rendered":"<p>Bayern head into the final Bundesliga matchday with their eyes on the Pokal final. For this reason, coach Vincent Kompany has decided to rest Michael Olise, one of the standout players of the season, to avoid any physical setback ahead of the cup clash. The big surprise in Bayern\u2019s starting XI is Lennart Karl. The [&hellip;]<\/p>\n","protected":false},"author":1,"featured_media":131224,"comment_status":"closed","ping_status":"","sticky":false,"template":"","format":"standard","meta":{"googlesitekit_rrm_CAow2JLhCw:productID":"","_gspb_post_css":"","maa_idioma":"","maa_pais":"","footnotes":""},"categories":[1],"tags":[20261,36057,7010,28313,15107],"class_list":["post-131223","post","type-post","status-publish","format-standard","has-post-thumbnail","hentry","category-ubirata","tag-farewell","tag-goretzkas","tag-kompany","tag-olise","tag-rests"],"blocksy_meta":[],"yoast_head":"<!-- This site is optimized with the Yoast SEO Premium plugin v27.6 (Yoast SEO v27.6) - https:\/\/yoast.com\/product\/yoast-seo-premium-wordpress\/ -->\n<title>&#x1f6a8; Kompany rests Olise for Goretzka&#039;s farewell - Ubirat\u00e3 Online Not\u00edcias - A realidade ao seu alcance!<\/title>\n<meta name=\"description\" content=\"Bayern head into the final Bundesliga matchday with their eyes on the Pokal final.For this reason, coach Vincent Kompany has decided to rest Michael\" \/>\n<meta name=\"robots\" content=\"index, follow, max-snippet:-1, max-image-preview:large, max-video-preview:-1\" \/>\n<link rel=\"canonical\" href=\"https:\/\/ubirataonline.com.br\/en\/\ud83d\udea8-kompany-rests-olise-for-goretzkas-farewell\/\" \/>\n<meta property=\"og:locale\" content=\"en_US\" \/>\n<meta property=\"og:type\" content=\"article\" \/>\n<meta property=\"og:title\" content=\"&#x1f6a8; Kompany rests Olise for Goretzka&#039;s farewell\" \/>\n<meta property=\"og:description\" content=\"Bayern head into the final Bundesliga matchday with their eyes on the Pokal final.For this reason, coach Vincent Kompany has decided to rest Michael\" \/>\n<meta property=\"og:url\" content=\"https:\/\/ubirataonline.com.br\/en\/\ud83d\udea8-kompany-rests-olise-for-goretzkas-farewell\/\" \/>\n<meta property=\"og:site_name\" content=\"Ubirat\u00e3 Online Not\u00edcias - A realidade ao seu alcance!\" \/>\n<meta property=\"article:publisher\" content=\"https:\/\/www.facebook.com\/portalubirataonline\" \/>\n<meta property=\"article:author\" content=\"https:\/\/www.facebook.com\/portalubirataonline\" \/>\n<meta property=\"article:published_time\" content=\"2026-05-16T13:19:08+00:00\" \/>\n<meta property=\"article:modified_time\" content=\"2026-05-16T13:19:11+00:00\" \/>\n<meta property=\"og:image\" content=\"https:\/\/ubirataonline.com.br\/wp-content\/uploads\/2026\/05\/Kompany-rests-Olise-for-Goretzkas-farewell.jpeg\" \/>\n\t<meta property=\"og:image:width\" content=\"1200\" \/>\n\t<meta property=\"og:image:height\" content=\"800\" \/>\n\t<meta property=\"og:image:type\" content=\"image\/jpeg\" \/>\n<meta name=\"author\" content=\"REDA\u00c7\u00c3O: UBIRAT\u00c3 ONLINE - F\u00c1BIO AUGUSTO CELESTINO\" \/>\n<meta name=\"twitter:card\" content=\"summary_large_image\" \/>\n<meta name=\"twitter:creator\" content=\"@x.com\/ubirataonline\" \/>\n<meta name=\"twitter:site\" content=\"@ubirataonline\" \/>\n<meta name=\"twitter:label1\" content=\"Written by\" \/>\n\t<meta name=\"twitter:data1\" content=\"REDA\u00c7\u00c3O: UBIRAT\u00c3 ONLINE - F\u00c1BIO AUGUSTO CELESTINO\" \/>\n\t<meta name=\"twitter:label2\" content=\"Est. reading time\" \/>\n\t<meta name=\"twitter:data2\" content=\"1 minute\" \/>\n<script type=\"application\/ld+json\" class=\"yoast-schema-graph\">{\"@context\":\"https:\\\/\\\/schema.org\",\"@graph\":[{\"@type\":\"NewsArticle\",\"@id\":\"https:\\\/\\\/ubirataonline.com.br\\\/%f0%9f%9a%a8-kompany-rests-olise-for-goretzkas-farewell\\\/#article\",\"isPartOf\":{\"@id\":\"https:\\\/\\\/ubirataonline.com.br\\\/%f0%9f%9a%a8-kompany-rests-olise-for-goretzkas-farewell\\\/\"},\"author\":{\"name\":\"REDA\u00c7\u00c3O: UBIRAT\u00c3 ONLINE - F\u00c1BIO AUGUSTO CELESTINO\",\"@id\":\"https:\\\/\\\/ubirataonline.com.br\\\/#\\\/schema\\\/person\\\/372f87bbd3fdd79b8556b84c98d0bc1c\"},\"headline\":\"&#x1f6a8; Kompany rests Olise for Goretzka&#8217;s farewell\",\"datePublished\":\"2026-05-16T13:19:08+00:00\",\"dateModified\":\"2026-05-16T13:19:11+00:00\",\"mainEntityOfPage\":{\"@id\":\"https:\\\/\\\/ubirataonline.com.br\\\/%f0%9f%9a%a8-kompany-rests-olise-for-goretzkas-farewell\\\/\"},\"wordCount\":182,\"publisher\":{\"@id\":\"https:\\\/\\\/ubirataonline.com.br\\\/#organization\"},\"image\":{\"@id\":\"https:\\\/\\\/ubirataonline.com.br\\\/%f0%9f%9a%a8-kompany-rests-olise-for-goretzkas-farewell\\\/#primaryimage\"},\"thumbnailUrl\":\"https:\\\/\\\/ubirataonline.com.br\\\/wp-content\\\/uploads\\\/2026\\\/05\\\/Kompany-rests-Olise-for-Goretzkas-farewell.jpeg\",\"keywords\":[\"farewell\",\"Goretzkas\",\"Kompany\",\"Olise\",\"rests\"],\"articleSection\":[\"Ubirat\u00e3\"],\"inLanguage\":\"en-US\",\"copyrightYear\":\"2026\",\"copyrightHolder\":{\"@id\":\"https:\\\/\\\/ubirataonline.com.br\\\/en\\\/#organization\"}},{\"@type\":\"WebPage\",\"@id\":\"https:\\\/\\\/ubirataonline.com.br\\\/%f0%9f%9a%a8-kompany-rests-olise-for-goretzkas-farewell\\\/\",\"url\":\"https:\\\/\\\/ubirataonline.com.br\\\/%f0%9f%9a%a8-kompany-rests-olise-for-goretzkas-farewell\\\/\",\"name\":\"&#x1f6a8; Kompany rests Olise for Goretzka's farewell - Ubirat\u00e3 Online Not\u00edcias - A realidade ao seu alcance!\",\"isPartOf\":{\"@id\":\"https:\\\/\\\/ubirataonline.com.br\\\/#website\"},\"primaryImageOfPage\":{\"@id\":\"https:\\\/\\\/ubirataonline.com.br\\\/%f0%9f%9a%a8-kompany-rests-olise-for-goretzkas-farewell\\\/#primaryimage\"},\"image\":{\"@id\":\"https:\\\/\\\/ubirataonline.com.br\\\/%f0%9f%9a%a8-kompany-rests-olise-for-goretzkas-farewell\\\/#primaryimage\"},\"thumbnailUrl\":\"https:\\\/\\\/ubirataonline.com.br\\\/wp-content\\\/uploads\\\/2026\\\/05\\\/Kompany-rests-Olise-for-Goretzkas-farewell.jpeg\",\"datePublished\":\"2026-05-16T13:19:08+00:00\",\"dateModified\":\"2026-05-16T13:19:11+00:00\",\"description\":\"Bayern head into the final Bundesliga matchday with their eyes on the Pokal final.For this reason, coach Vincent Kompany has decided to rest Michael\",\"breadcrumb\":{\"@id\":\"https:\\\/\\\/ubirataonline.com.br\\\/%f0%9f%9a%a8-kompany-rests-olise-for-goretzkas-farewell\\\/#breadcrumb\"},\"inLanguage\":\"en-US\",\"potentialAction\":[{\"@type\":\"ReadAction\",\"target\":[\"https:\\\/\\\/ubirataonline.com.br\\\/%f0%9f%9a%a8-kompany-rests-olise-for-goretzkas-farewell\\\/\"]}]},{\"@type\":\"ImageObject\",\"inLanguage\":\"en-US\",\"@id\":\"https:\\\/\\\/ubirataonline.com.br\\\/%f0%9f%9a%a8-kompany-rests-olise-for-goretzkas-farewell\\\/#primaryimage\",\"url\":\"https:\\\/\\\/ubirataonline.com.br\\\/wp-content\\\/uploads\\\/2026\\\/05\\\/Kompany-rests-Olise-for-Goretzkas-farewell.jpeg\",\"contentUrl\":\"https:\\\/\\\/ubirataonline.com.br\\\/wp-content\\\/uploads\\\/2026\\\/05\\\/Kompany-rests-Olise-for-Goretzkas-farewell.jpeg\",\"width\":1200,\"height\":800,\"caption\":\"&#x1f6a8; Kompany rests Olise for Goretzka's farewell\"},{\"@type\":\"BreadcrumbList\",\"@id\":\"https:\\\/\\\/ubirataonline.com.br\\\/%f0%9f%9a%a8-kompany-rests-olise-for-goretzkas-farewell\\\/#breadcrumb\",\"itemListElement\":[{\"@type\":\"ListItem\",\"position\":1,\"name\":\"In\u00edcio\",\"item\":\"https:\\\/\\\/ubirataonline.com.br\\\/\"},{\"@type\":\"ListItem\",\"position\":2,\"name\":\"&#x1f6a8; Kompany rests Olise for Goretzka&#8217;s farewell\"}]},{\"@type\":\"WebSite\",\"@id\":\"https:\\\/\\\/ubirataonline.com.br\\\/#website\",\"url\":\"https:\\\/\\\/ubirataonline.com.br\\\/\",\"name\":\"Ubirat\u00e3 Online Not\u00edcias\",\"description\":\"Not\u00edcias de Ubirat\u00e3, regi\u00e3o, Brasil e mundo, com informa\u00e7\u00e3o atualizada e compromisso com o leitor.\",\"publisher\":{\"@id\":\"https:\\\/\\\/ubirataonline.com.br\\\/#organization\"},\"alternateName\":\"Ubirat\u00e3 Online\",\"potentialAction\":[{\"@type\":\"SearchAction\",\"target\":{\"@type\":\"EntryPoint\",\"urlTemplate\":\"https:\\\/\\\/ubirataonline.com.br\\\/?s={search_term_string}\"},\"query-input\":{\"@type\":\"PropertyValueSpecification\",\"valueRequired\":true,\"valueName\":\"search_term_string\"}}],\"inLanguage\":\"en-US\"},{\"@type\":[\"Organization\",\"Place\"],\"@id\":\"https:\\\/\\\/ubirataonline.com.br\\\/#organization\",\"name\":\"Ubirat\u00e3 Online Not\u00edcias\",\"alternateName\":\"Ubirat\u00e3 Online\",\"url\":\"https:\\\/\\\/ubirataonline.com.br\\\/\",\"logo\":{\"@id\":\"https:\\\/\\\/ubirataonline.com.br\\\/%f0%9f%9a%a8-kompany-rests-olise-for-goretzkas-farewell\\\/#local-main-organization-logo\"},\"image\":{\"@id\":\"https:\\\/\\\/ubirataonline.com.br\\\/%f0%9f%9a%a8-kompany-rests-olise-for-goretzkas-farewell\\\/#local-main-organization-logo\"},\"sameAs\":[\"https:\\\/\\\/www.facebook.com\\\/portalubirataonline\",\"https:\\\/\\\/x.com\\\/ubirataonline\",\"https:\\\/\\\/mastodon.social\\\/@ubirataonline\",\"https:\\\/\\\/www.facebook.com\\\/groups\\\/311144672285604\",\"https:\\\/\\\/www.facebook.com\\\/UBTAOnline\",\"https:\\\/\\\/www.instagram.com\\\/portalubirataonline\\\/\",\"https:\\\/\\\/twitter.com\\\/ubirataonline\"],\"description\":\"Somos um portal de not\u00edcias independente, criado em 5 de janeiro de 2009, com o objetivo de informar, conectar e valorizar a nossa comunidade de Ubirat\u00e3 e toda aregi\u00e3o. Com conte\u00fado atualizado, confi\u00e1vel e relevante, o Ubirat\u00e3 Online \u00e9 o seu espa\u00e7o para ficar por dentro dos principais acontecimentos locais, regionais, Brasil, Mundo e de interesse geral. Nosso compromisso \u00e9 com a verdade, a transpar\u00eancia e o respeito ao leitor.\",\"legalName\":\"UBIRATA ONLINE NOT\u00cdCIAS\",\"foundingDate\":\"2009-01-05\",\"numberOfEmployees\":{\"@type\":\"QuantitativeValue\",\"minValue\":\"1\",\"maxValue\":\"10\"},\"publishingPrinciples\":\"https:\\\/\\\/ubirataonline.com.br\\\/faq\\\/\",\"address\":{\"@id\":\"https:\\\/\\\/ubirataonline.com.br\\\/%f0%9f%9a%a8-kompany-rests-olise-for-goretzkas-farewell\\\/#local-main-place-address\"},\"geo\":{\"@type\":\"GeoCoordinates\",\"latitude\":\"-24.5361401\",\"longitude\":\"-52.9921776\"},\"telephone\":[\"+5544998308235\"],\"contactPoint\":{\"@type\":\"ContactPoint\",\"email\":\"contato@ubirataonline.com.br\"},\"openingHoursSpecification\":{\"@type\":\"OpeningHoursSpecification\",\"dayOfWeek\":[\"Monday\",\"Tuesday\",\"Wednesday\",\"Thursday\",\"Friday\",\"Saturday\",\"Sunday\"],\"opens\":\"00:00\",\"closes\":\"23:59\"},\"email\":\"contato@ubirataonline.com.br\",\"vatID\":\"47.621.418\\\/0001-80\"},{\"@type\":\"Person\",\"@id\":\"https:\\\/\\\/ubirataonline.com.br\\\/#\\\/schema\\\/person\\\/372f87bbd3fdd79b8556b84c98d0bc1c\",\"name\":\"REDA\u00c7\u00c3O: UBIRAT\u00c3 ONLINE - F\u00c1BIO AUGUSTO CELESTINO\",\"pronouns\":\"Ele\",\"description\":\"Desde 2003 trabalhando com not\u00edcias.\",\"sameAs\":[\"http:\\\/\\\/ubirataoline.com.br\",\"https:\\\/\\\/www.facebook.com\\\/portalubirataonline\",\"https:\\\/\\\/www.instagram.com\\\/ubirataonline_oficial\",\"https:\\\/\\\/x.com\\\/x.com\\\/ubirataonline\"],\"honorificPrefix\":\"Mr.\",\"honorificSuffix\":\"MD\",\"birthDate\":\"1980-06-16\",\"gender\":\"masculino\",\"award\":[\"V\u00e1rios pr\u00eamios de melhor portal da cidade\"],\"jobTitle\":\"Diretor\",\"url\":\"https:\\\/\\\/ubirataonline.com.br\\\/en\\\/author\\\/ubirataonline\\\/\"},{\"@type\":\"PostalAddress\",\"@id\":\"https:\\\/\\\/ubirataonline.com.br\\\/%f0%9f%9a%a8-kompany-rests-olise-for-goretzkas-farewell\\\/#local-main-place-address\",\"streetAddress\":\"Rua dos Coqueiros, 104 - Bairro Boa Vista, Rua dos Coqueiros, 104 Bairro Boa Vista\",\"addressLocality\":\"UBIRATA\",\"postalCode\":\"85440-000\",\"addressRegion\":\"PR\",\"addressCountry\":\"BR\"},{\"@type\":\"ImageObject\",\"inLanguage\":\"en-US\",\"@id\":\"https:\\\/\\\/ubirataonline.com.br\\\/%f0%9f%9a%a8-kompany-rests-olise-for-goretzkas-farewell\\\/#local-main-organization-logo\",\"url\":\"https:\\\/\\\/ubirataonline.com.br\\\/wp-content\\\/uploads\\\/2026\\\/06\\\/logoubirataonline-1.webp\",\"contentUrl\":\"https:\\\/\\\/ubirataonline.com.br\\\/wp-content\\\/uploads\\\/2026\\\/06\\\/logoubirataonline-1.webp\",\"width\":500,\"height\":500,\"caption\":\"Ubirat\u00e3 Online Not\u00edcias\"}]}<\/script>\n<meta name=\"geo.placename\" content=\"UBIRATA\" \/>\n<meta name=\"geo.position\" content=\"-24.5361401;-52.9921776\" \/>\n<meta name=\"geo.region\" content=\"Brazil\" \/>\n<!-- \/ Yoast SEO Premium plugin. -->","yoast_head_json":{"title":"&#x1f6a8; Kompany rests Olise for Goretzka's farewell - Ubirat\u00e3 Online Not\u00edcias - A realidade ao seu alcance!","description":"Bayern head into the final Bundesliga matchday with their eyes on the Pokal final.For this reason, coach Vincent Kompany has decided to rest Michael","robots":{"index":"index","follow":"follow","max-snippet":"max-snippet:-1","max-image-preview":"max-image-preview:large","max-video-preview":"max-video-preview:-1"},"canonical":"https:\/\/ubirataonline.com.br\/en\/\ud83d\udea8-kompany-rests-olise-for-goretzkas-farewell\/","og_locale":"en_US","og_type":"article","og_title":"&#x1f6a8; Kompany rests Olise for Goretzka's farewell","og_description":"Bayern head into the final Bundesliga matchday with their eyes on the Pokal final.For this reason, coach Vincent Kompany has decided to rest Michael","og_url":"https:\/\/ubirataonline.com.br\/en\/\ud83d\udea8-kompany-rests-olise-for-goretzkas-farewell\/","og_site_name":"Ubirat\u00e3 Online Not\u00edcias - A realidade ao seu alcance!","article_publisher":"https:\/\/www.facebook.com\/portalubirataonline","article_author":"https:\/\/www.facebook.com\/portalubirataonline","article_published_time":"2026-05-16T13:19:08+00:00","article_modified_time":"2026-05-16T13:19:11+00:00","og_image":[{"width":1200,"height":800,"url":"https:\/\/ubirataonline.com.br\/wp-content\/uploads\/2026\/05\/Kompany-rests-Olise-for-Goretzkas-farewell.jpeg","type":"image\/jpeg"}],"author":"REDA\u00c7\u00c3O: UBIRAT\u00c3 ONLINE - F\u00c1BIO AUGUSTO CELESTINO","twitter_card":"summary_large_image","twitter_creator":"@x.com\/ubirataonline","twitter_site":"@ubirataonline","twitter_misc":{"Written by":"REDA\u00c7\u00c3O: UBIRAT\u00c3 ONLINE - F\u00c1BIO AUGUSTO CELESTINO","Est. reading time":"1 minute"},"schema":{"@context":"https:\/\/schema.org","@graph":[{"@type":"NewsArticle","@id":"https:\/\/ubirataonline.com.br\/%f0%9f%9a%a8-kompany-rests-olise-for-goretzkas-farewell\/#article","isPartOf":{"@id":"https:\/\/ubirataonline.com.br\/%f0%9f%9a%a8-kompany-rests-olise-for-goretzkas-farewell\/"},"author":{"name":"REDA\u00c7\u00c3O: UBIRAT\u00c3 ONLINE - F\u00c1BIO AUGUSTO CELESTINO","@id":"https:\/\/ubirataonline.com.br\/#\/schema\/person\/372f87bbd3fdd79b8556b84c98d0bc1c"},"headline":"&#x1f6a8; Kompany rests Olise for Goretzka&#8217;s farewell","datePublished":"2026-05-16T13:19:08+00:00","dateModified":"2026-05-16T13:19:11+00:00","mainEntityOfPage":{"@id":"https:\/\/ubirataonline.com.br\/%f0%9f%9a%a8-kompany-rests-olise-for-goretzkas-farewell\/"},"wordCount":182,"publisher":{"@id":"https:\/\/ubirataonline.com.br\/#organization"},"image":{"@id":"https:\/\/ubirataonline.com.br\/%f0%9f%9a%a8-kompany-rests-olise-for-goretzkas-farewell\/#primaryimage"},"thumbnailUrl":"https:\/\/ubirataonline.com.br\/wp-content\/uploads\/2026\/05\/Kompany-rests-Olise-for-Goretzkas-farewell.jpeg","keywords":["farewell","Goretzkas","Kompany","Olise","rests"],"articleSection":["Ubirat\u00e3"],"inLanguage":"en-US","copyrightYear":"2026","copyrightHolder":{"@id":"https:\/\/ubirataonline.com.br\/en\/#organization"}},{"@type":"WebPage","@id":"https:\/\/ubirataonline.com.br\/%f0%9f%9a%a8-kompany-rests-olise-for-goretzkas-farewell\/","url":"https:\/\/ubirataonline.com.br\/%f0%9f%9a%a8-kompany-rests-olise-for-goretzkas-farewell\/","name":"&#x1f6a8; Kompany rests Olise for Goretzka's farewell - Ubirat\u00e3 Online Not\u00edcias - A realidade ao seu alcance!","isPartOf":{"@id":"https:\/\/ubirataonline.com.br\/#website"},"primaryImageOfPage":{"@id":"https:\/\/ubirataonline.com.br\/%f0%9f%9a%a8-kompany-rests-olise-for-goretzkas-farewell\/#primaryimage"},"image":{"@id":"https:\/\/ubirataonline.com.br\/%f0%9f%9a%a8-kompany-rests-olise-for-goretzkas-farewell\/#primaryimage"},"thumbnailUrl":"https:\/\/ubirataonline.com.br\/wp-content\/uploads\/2026\/05\/Kompany-rests-Olise-for-Goretzkas-farewell.jpeg","datePublished":"2026-05-16T13:19:08+00:00","dateModified":"2026-05-16T13:19:11+00:00","description":"Bayern head into the final Bundesliga matchday with their eyes on the Pokal final.For this reason, coach Vincent Kompany has decided to rest Michael","breadcrumb":{"@id":"https:\/\/ubirataonline.com.br\/%f0%9f%9a%a8-kompany-rests-olise-for-goretzkas-farewell\/#breadcrumb"},"inLanguage":"en-US","potentialAction":[{"@type":"ReadAction","target":["https:\/\/ubirataonline.com.br\/%f0%9f%9a%a8-kompany-rests-olise-for-goretzkas-farewell\/"]}]},{"@type":"ImageObject","inLanguage":"en-US","@id":"https:\/\/ubirataonline.com.br\/%f0%9f%9a%a8-kompany-rests-olise-for-goretzkas-farewell\/#primaryimage","url":"https:\/\/ubirataonline.com.br\/wp-content\/uploads\/2026\/05\/Kompany-rests-Olise-for-Goretzkas-farewell.jpeg","contentUrl":"https:\/\/ubirataonline.com.br\/wp-content\/uploads\/2026\/05\/Kompany-rests-Olise-for-Goretzkas-farewell.jpeg","width":1200,"height":800,"caption":"&#x1f6a8; Kompany rests Olise for Goretzka's farewell"},{"@type":"BreadcrumbList","@id":"https:\/\/ubirataonline.com.br\/%f0%9f%9a%a8-kompany-rests-olise-for-goretzkas-farewell\/#breadcrumb","itemListElement":[{"@type":"ListItem","position":1,"name":"In\u00edcio","item":"https:\/\/ubirataonline.com.br\/"},{"@type":"ListItem","position":2,"name":"&#x1f6a8; Kompany rests Olise for Goretzka&#8217;s farewell"}]},{"@type":"WebSite","@id":"https:\/\/ubirataonline.com.br\/#website","url":"https:\/\/ubirataonline.com.br\/","name":"Ubirat\u00e3 Online Not\u00edcias","description":"Not\u00edcias de Ubirat\u00e3, regi\u00e3o, Brasil e mundo, com informa\u00e7\u00e3o atualizada e compromisso com o leitor.","publisher":{"@id":"https:\/\/ubirataonline.com.br\/#organization"},"alternateName":"Ubirat\u00e3 Online","potentialAction":[{"@type":"SearchAction","target":{"@type":"EntryPoint","urlTemplate":"https:\/\/ubirataonline.com.br\/?s={search_term_string}"},"query-input":{"@type":"PropertyValueSpecification","valueRequired":true,"valueName":"search_term_string"}}],"inLanguage":"en-US"},{"@type":["Organization","Place"],"@id":"https:\/\/ubirataonline.com.br\/#organization","name":"Ubirat\u00e3 Online Not\u00edcias","alternateName":"Ubirat\u00e3 Online","url":"https:\/\/ubirataonline.com.br\/","logo":{"@id":"https:\/\/ubirataonline.com.br\/%f0%9f%9a%a8-kompany-rests-olise-for-goretzkas-farewell\/#local-main-organization-logo"},"image":{"@id":"https:\/\/ubirataonline.com.br\/%f0%9f%9a%a8-kompany-rests-olise-for-goretzkas-farewell\/#local-main-organization-logo"},"sameAs":["https:\/\/www.facebook.com\/portalubirataonline","https:\/\/x.com\/ubirataonline","https:\/\/mastodon.social\/@ubirataonline","https:\/\/www.facebook.com\/groups\/311144672285604","https:\/\/www.facebook.com\/UBTAOnline","https:\/\/www.instagram.com\/portalubirataonline\/","https:\/\/twitter.com\/ubirataonline"],"description":"Somos um portal de not\u00edcias independente, criado em 5 de janeiro de 2009, com o objetivo de informar, conectar e valorizar a nossa comunidade de Ubirat\u00e3 e toda aregi\u00e3o. Com conte\u00fado atualizado, confi\u00e1vel e relevante, o Ubirat\u00e3 Online \u00e9 o seu espa\u00e7o para ficar por dentro dos principais acontecimentos locais, regionais, Brasil, Mundo e de interesse geral. Nosso compromisso \u00e9 com a verdade, a transpar\u00eancia e o respeito ao leitor.","legalName":"UBIRATA ONLINE NOT\u00cdCIAS","foundingDate":"2009-01-05","numberOfEmployees":{"@type":"QuantitativeValue","minValue":"1","maxValue":"10"},"publishingPrinciples":"https:\/\/ubirataonline.com.br\/faq\/","address":{"@id":"https:\/\/ubirataonline.com.br\/%f0%9f%9a%a8-kompany-rests-olise-for-goretzkas-farewell\/#local-main-place-address"},"geo":{"@type":"GeoCoordinates","latitude":"-24.5361401","longitude":"-52.9921776"},"telephone":["+5544998308235"],"contactPoint":{"@type":"ContactPoint","email":"contato@ubirataonline.com.br"},"openingHoursSpecification":{"@type":"OpeningHoursSpecification","dayOfWeek":["Monday","Tuesday","Wednesday","Thursday","Friday","Saturday","Sunday"],"opens":"00:00","closes":"23:59"},"email":"contato@ubirataonline.com.br","vatID":"47.621.418\/0001-80"},{"@type":"Person","@id":"https:\/\/ubirataonline.com.br\/#\/schema\/person\/372f87bbd3fdd79b8556b84c98d0bc1c","name":"REDA\u00c7\u00c3O: UBIRAT\u00c3 ONLINE - F\u00c1BIO AUGUSTO CELESTINO","pronouns":"Ele","description":"Desde 2003 trabalhando com not\u00edcias.","sameAs":["http:\/\/ubirataoline.com.br","https:\/\/www.facebook.com\/portalubirataonline","https:\/\/www.instagram.com\/ubirataonline_oficial","https:\/\/x.com\/x.com\/ubirataonline"],"honorificPrefix":"Mr.","honorificSuffix":"MD","birthDate":"1980-06-16","gender":"masculino","award":["V\u00e1rios pr\u00eamios de melhor portal da cidade"],"jobTitle":"Diretor","url":"https:\/\/ubirataonline.com.br\/en\/author\/ubirataonline\/"},{"@type":"PostalAddress","@id":"https:\/\/ubirataonline.com.br\/%f0%9f%9a%a8-kompany-rests-olise-for-goretzkas-farewell\/#local-main-place-address","streetAddress":"Rua dos Coqueiros, 104 - Bairro Boa Vista, Rua dos Coqueiros, 104 Bairro Boa Vista","addressLocality":"UBIRATA","postalCode":"85440-000","addressRegion":"PR","addressCountry":"BR"},{"@type":"ImageObject","inLanguage":"en-US","@id":"https:\/\/ubirataonline.com.br\/%f0%9f%9a%a8-kompany-rests-olise-for-goretzkas-farewell\/#local-main-organization-logo","url":"https:\/\/ubirataonline.com.br\/wp-content\/uploads\/2026\/06\/logoubirataonline-1.webp","contentUrl":"https:\/\/ubirataonline.com.br\/wp-content\/uploads\/2026\/06\/logoubirataonline-1.webp","width":500,"height":500,"caption":"Ubirat\u00e3 Online Not\u00edcias"}]},"geo.placename":"UBIRATA","geo.position":{"lat":"-24.5361401","long":"-52.9921776"},"geo.region":"Brazil"},"_links":{"self":[{"href":"https:\/\/ubirataonline.com.br\/en\/wp-json\/wp\/v2\/posts\/131223","targetHints":{"allow":["GET"]}}],"collection":[{"href":"https:\/\/ubirataonline.com.br\/en\/wp-json\/wp\/v2\/posts"}],"about":[{"href":"https:\/\/ubirataonline.com.br\/en\/wp-json\/wp\/v2\/types\/post"}],"author":[{"embeddable":true,"href":"https:\/\/ubirataonline.com.br\/en\/wp-json\/wp\/v2\/users\/1"}],"replies":[{"embeddable":true,"href":"https:\/\/ubirataonline.com.br\/en\/wp-json\/wp\/v2\/comments?post=131223"}],"version-history":[{"count":0,"href":"https:\/\/ubirataonline.com.br\/en\/wp-json\/wp\/v2\/posts\/131223\/revisions"}],"wp:featuredmedia":[{"embeddable":true,"href":"https:\/\/ubirataonline.com.br\/en\/wp-json\/wp\/v2\/media\/131224"}],"wp:attachment":[{"href":"https:\/\/ubirataonline.com.br\/en\/wp-json\/wp\/v2\/media?parent=131223"}],"wp:term":[{"taxonomy":"category","embeddable":true,"href":"https:\/\/ubirataonline.com.br\/en\/wp-json\/wp\/v2\/categories?post=131223"},{"taxonomy":"post_tag","embeddable":true,"href":"https:\/\/ubirataonline.com.br\/en\/wp-json\/wp\/v2\/tags?post=131223"}],"curies":[{"name":"wp","href":"https:\/\/api.w.org\/{rel}","templated":true}]}}