{"id":131255,"date":"2026-05-16T11:00:12","date_gmt":"2026-05-16T14:00:12","guid":{"rendered":"https:\/\/ubirataonline.com.br\/daca-delays-recipients-are-losing-protections-and-work-permits-as-wait-times-surge\/"},"modified":"2026-05-16T11:00:14","modified_gmt":"2026-05-16T14:00:14","slug":"daca-delays-recipients-are-losing-protections-and-work-permits-as-wait-times-surge","status":"publish","type":"post","link":"https:\/\/ubirataonline.com.br\/en\/daca-delays-recipients-are-losing-protections-and-work-permits-as-wait-times-surge\/","title":{"rendered":"DACA delays: Recipients are losing protections and work permits as wait times surge"},"content":{"rendered":"<p><\/p>\n<div data-editable=\"content\" itemprop=\"articleBody\" data-reorderable=\"content\">\n<p class=\"paragraph-elevate inline-placeholder vossi-paragraph_elevate\" data-uri=\"cms.cnn.com\/_components\/paragraph\/instances\/cmp2tv2ni001q27p4aw40clzi@published\" data-editable=\"text\" data-component-name=\"paragraph\" data-article-gutter=\"true\">\n            Marco, 26, graduated from one of the country\u2019s top medical schools last week. He found his calling after witnessing his grandmother battle cancer, and he sometimes worked up to 40 to 60 hours a week to afford his education.\n    <\/p>\n<p class=\"paragraph-elevate inline-placeholder vossi-paragraph_elevate\" data-uri=\"cms.cnn.com\/_components\/paragraph\/instances\/cmp2twwo100023b6rcrm8q84v@published\" data-editable=\"text\" data-component-name=\"paragraph\" data-article-gutter=\"true\">\n            That dream is now in jeopardy.\n    <\/p>\n<p class=\"paragraph-elevate inline-placeholder vossi-paragraph_elevate\" data-uri=\"cms.cnn.com\/_components\/paragraph\/instances\/cmp2twwo100033b6r63d22oe6@published\" data-editable=\"text\" data-component-name=\"paragraph\" data-article-gutter=\"true\">\n            Marco is one of the over 500,000 active recipients of Deferred Action for Childhood Arrivals (DACA) &#8211; an Obama-era program temporarily shielding some immigrants brought to the US as children from deportation \u2013 who are granted a work permit they can renew every two years. He applied for his renewal in December 2025, his lawyer says, and still has not received it.\n    <\/p>\n<p class=\"paragraph-elevate inline-placeholder vossi-paragraph_elevate\" data-uri=\"cms.cnn.com\/_components\/paragraph\/instances\/cmp2xf33700033b6r5yjl9k31@published\" data-editable=\"text\" data-component-name=\"paragraph\" data-article-gutter=\"true\">\n            He joins a growing number of recipients who risk losing their work permits and falling out of status due to processing delays. (CNN agreed to use the pseudonym \u201cMarco,\u201d as he feared speaking to the media could jeopardize his renewal.)\n    <\/p>\n<p class=\"paragraph-elevate inline-placeholder vossi-paragraph_elevate\" data-uri=\"cms.cnn.com\/_components\/paragraph\/instances\/cmp2twwo100043b6r286pt2bk@published\" data-editable=\"text\" data-component-name=\"paragraph\" data-article-gutter=\"true\">\n            \u201cThis is a dramatic increase in people dealing with incredibly long, and disruptive delays\u2026 we are seeing somewhere between a 400% and 1000% increase in processing times, based on our conversations with small businesses, large employers at roundtables and DACA recipients around the country,\u201d said Todd Schulte, president of FWD.us, a bipartisan advocacy organization that works with more than 100 US employers on DACA policy. \u201cAnd this did not happen in the first Trump term. This is quite different.\u201d\n    <\/p>\n<div data-uri=\"cms.cnn.com\/_components\/image\/instances\/cmp2wwb1k00023b6r868a1kx2@published\" class=\"image_large-elevate vossi-image_large-elevate  image_large__hide-placeholder\" data-image-variation=\"image_large\" data-name=\"050726-DACA-Recipient-05.jpg\" data-component-name=\"image\" data-observe-resizes=\"\" data-breakpoints=\"{\" image_large--eq-extra-small=\"\" data-original-ratio=\"0.75\" data-original-height=\"2250\" data-original-width=\"3000\" data-url=\"https:\/\/media.cnn.com\/api\/v1\/images\/stellar\/prod\/050726-daca-recipient-05.jpg?c=original\" data-editable=\"settings\" data-article-gutter=\"true\">\n<div class=\"image_large__container\" data-image-variation=\"image_large\" data-breakpoints=\"{\" image_large--eq-extra-small=\"\">\n       <picture class=\"image_large__picture\"><source height=\"undefined\" width=\"679\" media=\"(max-width: 479px)\" srcset=\"https:\/\/media.cnn.com\/api\/v1\/images\/stellar\/prod\/050726-daca-recipient-05.jpg?c=original&amp;q=w_679,c_fill\/f_webp\" type=\"image\/webp\"><source height=\"undefined\" width=\"967\" media=\"(min-width: 480px) and (max-width: 767px)\" srcset=\"https:\/\/media.cnn.com\/api\/v1\/images\/stellar\/prod\/050726-daca-recipient-05.jpg?c=original&amp;q=w_967,c_fill\/f_webp\" type=\"image\/webp\"><source height=\"undefined\" width=\"860\" media=\"(min-width: 768px) and (max-width: 1023px)\" srcset=\"https:\/\/media.cnn.com\/api\/v1\/images\/stellar\/prod\/050726-daca-recipient-05.jpg?c=original&amp;q=w_860,c_fill\/f_webp\" type=\"image\/webp\"><source height=\"undefined\" width=\"860\" media=\"(min-width: 1024px) and (max-width: 1279px)\" srcset=\"https:\/\/media.cnn.com\/api\/v1\/images\/stellar\/prod\/050726-daca-recipient-05.jpg?c=original&amp;q=w_860,c_fill\/f_webp\" type=\"image\/webp\"><source height=\"undefined\" width=\"860\" media=\"(min-width: 1280px)\" srcset=\"https:\/\/media.cnn.com\/api\/v1\/images\/stellar\/prod\/050726-daca-recipient-05.jpg?c=original&amp;q=w_860,c_fill\/f_webp\" type=\"image\/webp\"><\/source><\/source><\/source><\/source><\/source><\/picture>\n    <\/div>\n<\/div>\n<p class=\"paragraph-elevate inline-placeholder vossi-paragraph_elevate\" data-uri=\"cms.cnn.com\/_components\/paragraph\/instances\/cmp2twwo100053b6rciuzhtww@published\" data-editable=\"text\" data-component-name=\"paragraph\" data-article-gutter=\"true\">\n            Without his renewal, Marco can\u2019t start his residency in anesthesiology this summer. He says that would delay him from paying off over $100,000 in student loans.\n    <\/p>\n<p class=\"paragraph-elevate inline-placeholder vossi-paragraph_elevate\" data-uri=\"cms.cnn.com\/_components\/paragraph\/instances\/cmp2twwo100063b6rby89qkpi@published\" data-editable=\"text\" data-component-name=\"paragraph\" data-article-gutter=\"true\">\n            \u201cIt would ruin me,\u201d he said.\n    <\/p>\n<p class=\"paragraph-elevate inline-placeholder vossi-paragraph_elevate\" data-uri=\"cms.cnn.com\/_components\/paragraph\/instances\/cmp2twwo100073b6rkiw9tajp@published\" data-editable=\"text\" data-component-name=\"paragraph\" data-article-gutter=\"true\">\n            The median wait time for renewals between October 1, 2025, and February 28, 2026, was about 70 days, up from a median of about 15 days in fiscal year 2025, according to US Citizenship and Immigration Services (USCIS) data. Immigration lawyers and advocates who spoke to CNN say most of their clients\u2019 processing times are currently higher than four months.\n    <\/p>\n<p class=\"paragraph-elevate inline-placeholder vossi-paragraph_elevate\" data-uri=\"cms.cnn.com\/_components\/paragraph\/instances\/cmp2twwo100083b6r0l4rgpzi@published\" data-editable=\"text\" data-component-name=\"paragraph\" data-article-gutter=\"true\">\n            The latest data from USCIS shows that nearly 25,600 renewal applications were pending in September 2025. No updated figures have been released, and no current data exists on the number of recipients who have lost their work permits despite filing within the agency\u2019s strongly encouraged 120\u2013150-day window.\n    <\/p>\n<p class=\"paragraph-elevate inline-placeholder vossi-paragraph_elevate\" data-uri=\"cms.cnn.com\/_components\/paragraph\/instances\/cmp2twwo100093b6r7ay4d12f@published\" data-editable=\"text\" data-component-name=\"paragraph\" data-article-gutter=\"true\">\n            The slowdown is happening amid the Trump administration\u2019s push to reduce illegal immigration, and an even more dramatic reduction in legal immigration, according <a href=\"https:\/\/www.cato.org\/blog\/trump-has-cut-legal-immigration-more-illegal-immigration\" target=\"_blank\">to Cato Institute,<\/a> a libertarian think tank.\n    <\/p>\n<p class=\"paragraph-elevate inline-placeholder vossi-paragraph_elevate\" data-uri=\"cms.cnn.com\/_components\/paragraph\/instances\/cmp2twwo1000a3b6riiuoanv8@published\" data-editable=\"text\" data-component-name=\"paragraph\" data-article-gutter=\"true\">\n            When asked whether recent changes to the DACA renewal process had contributed to longer processing times, USCIS did not directly address the question.\n    <\/p>\n<p class=\"paragraph-elevate inline-placeholder vossi-paragraph_elevate\" data-uri=\"cms.cnn.com\/_components\/paragraph\/instances\/cmp2txmvu00103b6rbwl6cck7@published\" data-editable=\"text\" data-component-name=\"paragraph\" data-article-gutter=\"true\">\n            In a statement to CNN, USCIS spokesperson Zach Kahler said: \u201cUnder the leadership of President Trump, USCIS is safeguarding the American people by more thoroughly screening and vetting all aliens.\u201d\n    <\/p>\n<p class=\"paragraph-elevate inline-placeholder vossi-paragraph_elevate\" data-uri=\"cms.cnn.com\/_components\/paragraph\/instances\/cmp2twwo1000b3b6r7m8jqtqx@published\" data-editable=\"text\" data-component-name=\"paragraph\" data-article-gutter=\"true\">\n            Many people involved in the immigration system say system changes have led to longer wait times.\n    <\/p>\n<p class=\"paragraph-elevate inline-placeholder vossi-paragraph_elevate\" data-uri=\"cms.cnn.com\/_components\/paragraph\/instances\/cmp2xmu6900053b6rcx6a7w0g@published\" data-editable=\"text\" data-component-name=\"paragraph\" data-article-gutter=\"true\">\n            On April 28, USCIS announced an enhanced vetting process, requiring the re-submission of fingerprint-based background checks through an expanded FBI system, temporarily pausing immigration decisions, according to an internal memo viewed by CNN. Immigration lawyers like Dan Berger, who is also the founder of a DACA clinic at Cornell Law School and has knowledge of the memo, said \u201cthis can lead to longer processing times.\u201d\n    <\/p>\n<p class=\"paragraph-elevate inline-placeholder vossi-paragraph_elevate\" data-uri=\"cms.cnn.com\/_components\/paragraph\/instances\/cmp2xn718000a3b6rae3xtsjh@published\" data-editable=\"text\" data-component-name=\"paragraph\" data-article-gutter=\"true\">\n            Berger notes that as early as December, his office began seeing DACA recipients called in for fingerprints \u2013 reinstating a pre-pandemic practice that had been replaced by using biometrics already on file.\n    <\/p>\n<p class=\"paragraph-elevate inline-placeholder vossi-paragraph_elevate\" data-uri=\"cms.cnn.com\/_components\/paragraph\/instances\/cmp2twwo1000c3b6rryi0wlg4@published\" data-editable=\"text\" data-component-name=\"paragraph\" data-article-gutter=\"true\">\n            Critics of the DACA program argue the delays are warranted.\n    <\/p>\n<p class=\"paragraph-elevate inline-placeholder vossi-paragraph_elevate\" data-uri=\"cms.cnn.com\/_components\/paragraph\/instances\/cmp2twwo1000d3b6r5vp7x423@published\" data-editable=\"text\" data-component-name=\"paragraph\" data-article-gutter=\"true\">\n            Mark Krikorian, executive director of the Center for Immigration Studies, which advocates for limited immigration, said the current pace is necessary to adequately process applications.\n    <\/p>\n<p class=\"paragraph-elevate inline-placeholder vossi-paragraph_elevate\" data-uri=\"cms.cnn.com\/_components\/paragraph\/instances\/cmp2twwo1000e3b6rawrahy9v@published\" data-editable=\"text\" data-component-name=\"paragraph\" data-article-gutter=\"true\">\n            \u201cThe fact that applications were being processed more quickly in the past is more of an indictment of how superficial the process was. They were rubber stamping,\u201d he said. \u201cAnd when you stop rubber stamping things, it takes longer to process them.\u201d\n    <\/p>\n<p class=\"paragraph-elevate inline-placeholder vossi-paragraph_elevate\" data-uri=\"cms.cnn.com\/_components\/paragraph\/instances\/cmp2twwo1000f3b6r8xuqeyhz@published\" data-editable=\"text\" data-component-name=\"paragraph\" data-article-gutter=\"true\">\n            Marco, who came to the US from Mexico when he was four, was scheduled for his in-person biometrics renewal in January. His appointment was pushed back another month because of a snowstorm.\n    <\/p>\n<div data-uri=\"cms.cnn.com\/_components\/image\/instances\/cmp2wx28500043b6rdtzdv6ae@published\" class=\"image-elevate vossi-image_elevate  image__hide-placeholder\" data-image-variation=\"image\" data-name=\"050726-DACA-Recipient-04.jpg\" data-component-name=\"image\" data-observe-resizes=\"\" data-breakpoints=\"{\" image--eq-extra-small=\"\" data-original-ratio=\"0.6666666666666666\" data-original-height=\"2000\" data-original-width=\"3000\" data-url=\"https:\/\/media.cnn.com\/api\/v1\/images\/stellar\/prod\/050726-daca-recipient-04.jpg?c=original\" data-editable=\"settings\">\n<div class=\"image__container\" data-image-variation=\"image\" data-breakpoints=\"{\" image--eq-extra-small=\"\">\n       <picture class=\"image__picture\"><source height=\"undefined\" width=\"679\" media=\"(max-width: 479px)\" srcset=\"https:\/\/media.cnn.com\/api\/v1\/images\/stellar\/prod\/050726-daca-recipient-04.jpg?c=original&amp;q=w_679,c_fill\/f_webp\" type=\"image\/webp\"><source height=\"undefined\" width=\"967\" media=\"(min-width: 480px) and (max-width: 767px)\" srcset=\"https:\/\/media.cnn.com\/api\/v1\/images\/stellar\/prod\/050726-daca-recipient-04.jpg?c=original&amp;q=w_967,c_fill\/f_webp\" type=\"image\/webp\"><source height=\"undefined\" width=\"1159\" media=\"(min-width: 768px) and (max-width: 1023px)\" srcset=\"https:\/\/media.cnn.com\/api\/v1\/images\/stellar\/prod\/050726-daca-recipient-04.jpg?c=original&amp;q=w_1159,c_fill\/f_webp\" type=\"image\/webp\"><source height=\"undefined\" width=\"1093\" media=\"(min-width: 1024px) and (max-width: 1279px)\" srcset=\"https:\/\/media.cnn.com\/api\/v1\/images\/stellar\/prod\/050726-daca-recipient-04.jpg?c=original&amp;q=w_1093,c_fill\/f_webp\" type=\"image\/webp\"><source height=\"undefined\" width=\"1316\" media=\"(min-width: 1280px)\" srcset=\"https:\/\/media.cnn.com\/api\/v1\/images\/stellar\/prod\/050726-daca-recipient-04.jpg?c=original&amp;q=w_1316,c_fill\/f_webp\" type=\"image\/webp\"><img decoding=\"async\" src=\"https:\/\/media.cnn.com\/api\/v1\/images\/stellar\/prod\/050726-daca-recipient-04.jpg?c=original&amp;q=w_1093,c_fill\" alt=\"If Marco can\u2019t start his residency in anesthesiology this summer, it would delay him from paying off over $100,000 in student loans. \u201cIt would ruin me,\u201d he said.\" class=\"image__dam-img image__dam-img--loading\" onload=\"this.classList.remove('image__dam-img--loading')\" onerror=\"imageLoadError(this)\" height=\"2000\" width=\"3000\" loading=\"lazy\"\/><\/source><\/source><\/source><\/source><\/source><\/picture>\n    <\/div>\n<\/div>\n<p class=\"paragraph-elevate inline-placeholder vossi-paragraph_elevate\" data-uri=\"cms.cnn.com\/_components\/paragraph\/instances\/cmp2twwo1000g3b6reambgkij@published\" data-editable=\"text\" data-component-name=\"paragraph\" data-article-gutter=\"true\">\n            \u201cMy (record) is squeaky clean, not even a parking ticket, or an overdue library book,\u201d he told CNN.\n    <\/p>\n<p class=\"paragraph-elevate inline-placeholder vossi-paragraph_elevate\" data-uri=\"cms.cnn.com\/_components\/paragraph\/instances\/cmp2twwo1000h3b6rqb60fl1k@published\" data-editable=\"text\" data-component-name=\"paragraph\" data-article-gutter=\"true\">\n            Democratic Sen. Alex Padilla of California has pressed the Department of Homeland Security and USCIS for answers on the delays, alongside several Senate and House colleagues. California has nearly 150,000 DACA recipients, according to USCIS.\n    <\/p>\n<p class=\"paragraph-elevate inline-placeholder vossi-paragraph_elevate\" data-uri=\"cms.cnn.com\/_components\/paragraph\/instances\/cmp2twwo1000i3b6rz7ojxf6b@published\" data-editable=\"text\" data-component-name=\"paragraph\" data-article-gutter=\"true\">\n            An aide for Senator Padilla said they\u2019ve seen an uptick in requests for help with renewal delays and lapsed work permits since late last year.\n    <\/p>\n<p class=\"paragraph-elevate inline-placeholder vossi-paragraph_elevate\" data-uri=\"cms.cnn.com\/_components\/paragraph\/instances\/cmp2twwo1000j3b6rc25v2e7g@published\" data-editable=\"text\" data-component-name=\"paragraph\" data-article-gutter=\"true\">\n            \u201cIt has downstream impacts &#8211; on employers, on families, on people participating in the labor market,\u201d the aide said.\n    <\/p>\n<p class=\"paragraph-elevate inline-placeholder vossi-paragraph_elevate\" data-uri=\"cms.cnn.com\/_components\/paragraph\/instances\/cmp2twwo1000k3b6rhp1ldwez@published\" data-editable=\"text\" data-component-name=\"paragraph\" data-article-gutter=\"true\">\n            More than 90 percent of DACA recipients over 25 are employed, and earn approximately $27.9 billion a year according to the Institute on Taxation and Economic Policy. They pay more than $2 billion in local and state taxes, and $2 billion in Social Security and Medicare according to the same group\u2019s estimates. According to the Center for American Progress, DACA-recipient households pay over $6 billion in federal taxes.\n    <\/p>\n<p class=\"paragraph-elevate inline-placeholder vossi-paragraph_elevate\" data-uri=\"cms.cnn.com\/_components\/paragraph\/instances\/cmp2twwo1000l3b6rsnzdwchz@published\" data-editable=\"text\" data-component-name=\"paragraph\" data-article-gutter=\"true\">\n            Maria Fuentes, 36, is a registered nurse in Kentucky who has had DACA status since 2012. The single mother of three lost nearly two months of wages &#8211; approximately $9,000 \u2013 due to a lapse in her work permit and being unable to work.\n    <\/p>\n<p class=\"paragraph-elevate inline-placeholder vossi-paragraph_elevate\" data-uri=\"cms.cnn.com\/_components\/paragraph\/instances\/cmp2twwo1000m3b6rh4dh6jet@published\" data-editable=\"text\" data-component-name=\"paragraph\" data-article-gutter=\"true\">\n            For those two months, her employer, TJ Samson Community Hospital, held her position. Their director of human resources wrote to USCIS that the hospital relied on her \u201cfull-time availability to maintain safe staffing levels,\u201d according to a letter seen by CNN, noting that losing her would hurt patient care.\n    <\/p>\n<p class=\"paragraph-elevate inline-placeholder vossi-paragraph_elevate\" data-uri=\"cms.cnn.com\/_components\/paragraph\/instances\/cmp2twwo1000n3b6rtnms5n5z@published\" data-editable=\"text\" data-component-name=\"paragraph\" data-article-gutter=\"true\">\n            The United States already faces healthcare workforce shortages. The healthcare industry heavily depends on DACA workers, according to the Coalition for the American Dream, who estimates <a href=\"https:\/\/www.coalitionfortheamericandream.us\/daca-economics\/\" target=\"_blank\">37,000 healthcare personnel<\/a> across the country could be lost if DACA recipients were to lose their work permits.\n    <\/p>\n<p class=\"paragraph-elevate inline-placeholder vossi-paragraph_elevate\" data-uri=\"cms.cnn.com\/_components\/paragraph\/instances\/cmp2twwo1000o3b6ru0tgxzyt@published\" data-editable=\"text\" data-component-name=\"paragraph\" data-article-gutter=\"true\">\n            Removing DACA workers from the labor force would also eliminate up to $32 billion in projected lifetime earnings tied to DACA recipients employed in healthcare. In other industries like manufacturing, retail, construction, and business services, the loss of lifetime earnings would be between $25 billion and $28 billion, according to the same group\u2019s estimates.\n    <\/p>\n<p class=\"paragraph-elevate inline-placeholder vossi-paragraph_elevate\" data-uri=\"cms.cnn.com\/_components\/paragraph\/instances\/cmp2twwo1000p3b6rbp0kvtvi@published\" data-editable=\"text\" data-component-name=\"paragraph\" data-article-gutter=\"true\">\n            The same report from the Coalition for the American Dream states that, even if replacements could be found in these labor-short industries, businesses could incur more than $8 billion in additional recruitment and training costs.\n    <\/p>\n<p class=\"paragraph-elevate inline-placeholder vossi-paragraph_elevate\" data-uri=\"cms.cnn.com\/_components\/paragraph\/instances\/cmp2twwo1000q3b6rx2e2rn2y@published\" data-editable=\"text\" data-component-name=\"paragraph\" data-article-gutter=\"true\">\n            Fuentes\u2019 employer held on. But others have not.\n    <\/p>\n<p class=\"paragraph-elevate inline-placeholder vossi-paragraph_elevate\" data-uri=\"cms.cnn.com\/_components\/paragraph\/instances\/cmp2twwo1000r3b6r7ocdgj0q@published\" data-editable=\"text\" data-component-name=\"paragraph\" data-article-gutter=\"true\">\n            Evelyn, (who spoke to CNN on the condition that only her first name be used, for fear of jeopardizing her renewal), a 34-year-old professional in retail banking who has had DACA for the last 14 years, was given an unpaid leave of absence and has until June 30 before her termination, unless her DACA renewal is approved before that.\n    <\/p>\n<p class=\"paragraph-elevate inline-placeholder vossi-paragraph_elevate\" data-uri=\"cms.cnn.com\/_components\/paragraph\/instances\/cmp2twwo1000s3b6ryt06f86w@published\" data-editable=\"text\" data-component-name=\"paragraph\" data-article-gutter=\"true\">\n            Angie, (who spoke to CNN on the condition that only her first name be used, citing fear of retaliation),  a postpartum nurse at a hospital in Houston, Elsa Sanchez, a manager at an IT healthcare company in the Bay Area, and Xochilt Lopez, a retail manager who had been with the same company for seven years, waited on unpaid leave for DACA renewals that never came. All three told CNN they were terminated.\n    <\/p>\n<p class=\"paragraph-elevate inline-placeholder vossi-paragraph_elevate\" data-uri=\"cms.cnn.com\/_components\/paragraph\/instances\/cmp2twwo1000t3b6rmmr181e5@published\" data-editable=\"text\" data-component-name=\"paragraph\" data-article-gutter=\"true\">\n            Some of these cases are compounded by new restrictive immigration policies.\n    <\/p>\n<p class=\"paragraph-elevate inline-placeholder vossi-paragraph_elevate\" data-uri=\"cms.cnn.com\/_components\/paragraph\/instances\/cmp2twwo1000u3b6rmuvt2evk@published\" data-editable=\"text\" data-component-name=\"paragraph\" data-article-gutter=\"true\">\n            A Nigerian-born DACA recipient who completed his fellowship in orthopedic surgery in New York was set to begin a new position in an underserved medical center in rural Pennsylvania this fall. (CNN agreed to omit his name as he cited fear of retaliation while his renewal is pending.) But he hasn\u2019t been able to work since February after his work permit wasn\u2019t renewed.\n    <\/p>\n<p class=\"paragraph-elevate inline-placeholder vossi-paragraph_elevate\" data-uri=\"cms.cnn.com\/_components\/paragraph\/instances\/cmp2twwo1000v3b6r4bxeturf@published\" data-editable=\"text\" data-component-name=\"paragraph\" data-article-gutter=\"true\">\n            His situation is compounded by a presidential proclamation that froze renewals for nationals of 39 countries, including Nigeria. However, in the last two weeks, USCIS updated its website indicating that physicians that fall under this group were no longer subject to this hold.\n    <\/p>\n<p class=\"paragraph-elevate inline-placeholder vossi-paragraph_elevate\" data-uri=\"cms.cnn.com\/_components\/paragraph\/instances\/cmp2xo3ja000f3b6ruupf6b48@published\" data-editable=\"text\" data-component-name=\"paragraph\" data-article-gutter=\"true\">\n            In a statement to CNN, a spokesperson for USCIS said it is \u201cnow processing certain applications associated with medical physicians,\u201d noting they will be expected to go through vetting processes that include background checks, biometrics, social media screening and \u201cnew risk-based adjudication processes to close security gaps and prevent fraud.\u201d\n    <\/p>\n<p class=\"paragraph-elevate inline-placeholder vossi-paragraph_elevate\" data-uri=\"cms.cnn.com\/_components\/paragraph\/instances\/cmp2twwo1000w3b6rwdj7yg7t@published\" data-editable=\"text\" data-component-name=\"paragraph\" data-article-gutter=\"true\">\n            The surgeon has still not received his DACA renewal and noted he only has six weeks of savings left.\n    <\/p>\n<p class=\"paragraph-elevate inline-placeholder vossi-paragraph_elevate\" data-uri=\"cms.cnn.com\/_components\/paragraph\/instances\/cmp2twwo1000x3b6rfexsfypf@published\" data-editable=\"text\" data-component-name=\"paragraph\" data-article-gutter=\"true\">\n            \u201cMy whole family is here,\u201d he said. \u201cI don\u2019t know what the option is.\u201d\n    <\/p>\n<\/p><\/div>\n<p><a href=\"https:\/\/www.cnn.com\/2026\/05\/16\/business\/daca-processing-delays\">Source link <\/a><\/p>","protected":false},"excerpt":{"rendered":"<p>Marco, 26, graduated from one of the country\u2019s top medical schools last week. He found his calling after witnessing his grandmother battle cancer, and he sometimes worked up to 40 to 60 hours a week to afford his education. That dream is now in jeopardy. Marco is one of the over 500,000 active recipients of [&hellip;]<\/p>\n","protected":false},"author":1,"featured_media":131256,"comment_status":"closed","ping_status":"","sticky":false,"template":"","format":"standard","meta":{"googlesitekit_rrm_CAow2JLhCw:productID":"","_gspb_post_css":"","maa_idioma":"","maa_pais":"","footnotes":""},"categories":[1],"tags":[19045,12443,8421,36063,29091,31275,8688,3727,10862,6096],"class_list":["post-131255","post","type-post","status-publish","format-standard","has-post-thumbnail","hentry","category-ubirata","tag-daca","tag-delays","tag-losing","tag-permits","tag-protections","tag-recipients","tag-surge","tag-times","tag-wait","tag-work"],"blocksy_meta":[],"yoast_head":"<!-- This site is optimized with the Yoast SEO Premium plugin v27.6 (Yoast SEO v27.6) - https:\/\/yoast.com\/product\/yoast-seo-premium-wordpress\/ -->\n<title>DACA delays: Recipients are losing protections and work permits as wait times surge - Ubirat\u00e3 Online Not\u00edcias - A realidade ao seu alcance!<\/title>\n<meta name=\"description\" content=\"Marco, 26, graduated from one of the country\u2019s top medical schools last week. He found his calling after witnessing his grandmother battle cancer, and he\" \/>\n<meta name=\"robots\" content=\"index, follow, max-snippet:-1, max-image-preview:large, max-video-preview:-1\" \/>\n<link rel=\"canonical\" href=\"https:\/\/ubirataonline.com.br\/en\/daca-delays-recipients-are-losing-protections-and-work-permits-as-wait-times-surge\/\" \/>\n<meta property=\"og:locale\" content=\"en_US\" \/>\n<meta property=\"og:type\" content=\"article\" \/>\n<meta property=\"og:title\" content=\"DACA delays: Recipients are losing protections and work permits as wait times surge\" \/>\n<meta property=\"og:description\" content=\"Marco, 26, graduated from one of the country\u2019s top medical schools last week. He found his calling after witnessing his grandmother battle cancer, and he\" \/>\n<meta property=\"og:url\" content=\"https:\/\/ubirataonline.com.br\/en\/daca-delays-recipients-are-losing-protections-and-work-permits-as-wait-times-surge\/\" \/>\n<meta property=\"og:site_name\" content=\"Ubirat\u00e3 Online Not\u00edcias - A realidade ao seu alcance!\" \/>\n<meta property=\"article:publisher\" content=\"https:\/\/www.facebook.com\/portalubirataonline\" \/>\n<meta property=\"article:author\" content=\"https:\/\/www.facebook.com\/portalubirataonline\" \/>\n<meta property=\"article:published_time\" content=\"2026-05-16T14:00:12+00:00\" \/>\n<meta property=\"article:modified_time\" content=\"2026-05-16T14:00:14+00:00\" \/>\n<meta property=\"og:image\" content=\"https:\/\/ubirataonline.com.br\/wp-content\/uploads\/2026\/05\/DACA-delays-Recipients-are-losing-protections-and-work-permits-as.jpg\" \/>\n\t<meta property=\"og:image:width\" content=\"800\" \/>\n\t<meta property=\"og:image:height\" content=\"450\" \/>\n\t<meta property=\"og:image:type\" content=\"image\/jpeg\" \/>\n<meta name=\"author\" content=\"REDA\u00c7\u00c3O: UBIRAT\u00c3 ONLINE - F\u00c1BIO AUGUSTO CELESTINO\" \/>\n<meta name=\"twitter:card\" content=\"summary_large_image\" \/>\n<meta name=\"twitter:creator\" content=\"@x.com\/ubirataonline\" \/>\n<meta name=\"twitter:site\" content=\"@ubirataonline\" \/>\n<meta name=\"twitter:label1\" content=\"Written by\" \/>\n\t<meta name=\"twitter:data1\" content=\"REDA\u00c7\u00c3O: UBIRAT\u00c3 ONLINE - F\u00c1BIO AUGUSTO CELESTINO\" \/>\n\t<meta name=\"twitter:label2\" content=\"Est. reading time\" \/>\n\t<meta name=\"twitter:data2\" content=\"7 minutes\" \/>\n<script type=\"application\/ld+json\" class=\"yoast-schema-graph\">{\"@context\":\"https:\\\/\\\/schema.org\",\"@graph\":[{\"@type\":\"NewsArticle\",\"@id\":\"https:\\\/\\\/ubirataonline.com.br\\\/daca-delays-recipients-are-losing-protections-and-work-permits-as-wait-times-surge\\\/#article\",\"isPartOf\":{\"@id\":\"https:\\\/\\\/ubirataonline.com.br\\\/daca-delays-recipients-are-losing-protections-and-work-permits-as-wait-times-surge\\\/\"},\"author\":{\"name\":\"REDA\u00c7\u00c3O: UBIRAT\u00c3 ONLINE - F\u00c1BIO AUGUSTO CELESTINO\",\"@id\":\"https:\\\/\\\/ubirataonline.com.br\\\/#\\\/schema\\\/person\\\/372f87bbd3fdd79b8556b84c98d0bc1c\"},\"headline\":\"DACA delays: Recipients are losing protections and work permits as wait times surge\",\"datePublished\":\"2026-05-16T14:00:12+00:00\",\"dateModified\":\"2026-05-16T14:00:14+00:00\",\"mainEntityOfPage\":{\"@id\":\"https:\\\/\\\/ubirataonline.com.br\\\/daca-delays-recipients-are-losing-protections-and-work-permits-as-wait-times-surge\\\/\"},\"wordCount\":1387,\"publisher\":{\"@id\":\"https:\\\/\\\/ubirataonline.com.br\\\/#organization\"},\"image\":{\"@id\":\"https:\\\/\\\/ubirataonline.com.br\\\/daca-delays-recipients-are-losing-protections-and-work-permits-as-wait-times-surge\\\/#primaryimage\"},\"thumbnailUrl\":\"https:\\\/\\\/ubirataonline.com.br\\\/wp-content\\\/uploads\\\/2026\\\/05\\\/DACA-delays-Recipients-are-losing-protections-and-work-permits-as.jpg\",\"keywords\":[\"dac\u0103\",\"delays\",\"losing\",\"permits\",\"protections\",\"recipients\",\"surge\",\"Times\",\"wait\",\"Work\"],\"articleSection\":[\"Ubirat\u00e3\"],\"inLanguage\":\"en-US\",\"copyrightYear\":\"2026\",\"copyrightHolder\":{\"@id\":\"https:\\\/\\\/ubirataonline.com.br\\\/en\\\/#organization\"}},{\"@type\":\"WebPage\",\"@id\":\"https:\\\/\\\/ubirataonline.com.br\\\/daca-delays-recipients-are-losing-protections-and-work-permits-as-wait-times-surge\\\/\",\"url\":\"https:\\\/\\\/ubirataonline.com.br\\\/daca-delays-recipients-are-losing-protections-and-work-permits-as-wait-times-surge\\\/\",\"name\":\"DACA delays: Recipients are losing protections and work permits as wait times surge - Ubirat\u00e3 Online Not\u00edcias - A realidade ao seu alcance!\",\"isPartOf\":{\"@id\":\"https:\\\/\\\/ubirataonline.com.br\\\/#website\"},\"primaryImageOfPage\":{\"@id\":\"https:\\\/\\\/ubirataonline.com.br\\\/daca-delays-recipients-are-losing-protections-and-work-permits-as-wait-times-surge\\\/#primaryimage\"},\"image\":{\"@id\":\"https:\\\/\\\/ubirataonline.com.br\\\/daca-delays-recipients-are-losing-protections-and-work-permits-as-wait-times-surge\\\/#primaryimage\"},\"thumbnailUrl\":\"https:\\\/\\\/ubirataonline.com.br\\\/wp-content\\\/uploads\\\/2026\\\/05\\\/DACA-delays-Recipients-are-losing-protections-and-work-permits-as.jpg\",\"datePublished\":\"2026-05-16T14:00:12+00:00\",\"dateModified\":\"2026-05-16T14:00:14+00:00\",\"description\":\"Marco, 26, graduated from one of the country\u2019s top medical schools last week. He found his calling after witnessing his grandmother battle cancer, and he\",\"breadcrumb\":{\"@id\":\"https:\\\/\\\/ubirataonline.com.br\\\/daca-delays-recipients-are-losing-protections-and-work-permits-as-wait-times-surge\\\/#breadcrumb\"},\"inLanguage\":\"en-US\",\"potentialAction\":[{\"@type\":\"ReadAction\",\"target\":[\"https:\\\/\\\/ubirataonline.com.br\\\/daca-delays-recipients-are-losing-protections-and-work-permits-as-wait-times-surge\\\/\"]}]},{\"@type\":\"ImageObject\",\"inLanguage\":\"en-US\",\"@id\":\"https:\\\/\\\/ubirataonline.com.br\\\/daca-delays-recipients-are-losing-protections-and-work-permits-as-wait-times-surge\\\/#primaryimage\",\"url\":\"https:\\\/\\\/ubirataonline.com.br\\\/wp-content\\\/uploads\\\/2026\\\/05\\\/DACA-delays-Recipients-are-losing-protections-and-work-permits-as.jpg\",\"contentUrl\":\"https:\\\/\\\/ubirataonline.com.br\\\/wp-content\\\/uploads\\\/2026\\\/05\\\/DACA-delays-Recipients-are-losing-protections-and-work-permits-as.jpg\",\"width\":800,\"height\":450,\"caption\":\"Michele Abercrombie\\\/CNN\"},{\"@type\":\"BreadcrumbList\",\"@id\":\"https:\\\/\\\/ubirataonline.com.br\\\/daca-delays-recipients-are-losing-protections-and-work-permits-as-wait-times-surge\\\/#breadcrumb\",\"itemListElement\":[{\"@type\":\"ListItem\",\"position\":1,\"name\":\"In\u00edcio\",\"item\":\"https:\\\/\\\/ubirataonline.com.br\\\/\"},{\"@type\":\"ListItem\",\"position\":2,\"name\":\"DACA delays: Recipients are losing protections and work permits as wait times surge\"}]},{\"@type\":\"WebSite\",\"@id\":\"https:\\\/\\\/ubirataonline.com.br\\\/#website\",\"url\":\"https:\\\/\\\/ubirataonline.com.br\\\/\",\"name\":\"Ubirat\u00e3 Online Not\u00edcias\",\"description\":\"Not\u00edcias de Ubirat\u00e3, regi\u00e3o, Brasil e mundo, com informa\u00e7\u00e3o atualizada e compromisso com o leitor.\",\"publisher\":{\"@id\":\"https:\\\/\\\/ubirataonline.com.br\\\/#organization\"},\"alternateName\":\"Ubirat\u00e3 Online\",\"potentialAction\":[{\"@type\":\"SearchAction\",\"target\":{\"@type\":\"EntryPoint\",\"urlTemplate\":\"https:\\\/\\\/ubirataonline.com.br\\\/?s={search_term_string}\"},\"query-input\":{\"@type\":\"PropertyValueSpecification\",\"valueRequired\":true,\"valueName\":\"search_term_string\"}}],\"inLanguage\":\"en-US\"},{\"@type\":[\"Organization\",\"Place\"],\"@id\":\"https:\\\/\\\/ubirataonline.com.br\\\/#organization\",\"name\":\"Ubirat\u00e3 Online Not\u00edcias\",\"alternateName\":\"Ubirat\u00e3 Online\",\"url\":\"https:\\\/\\\/ubirataonline.com.br\\\/\",\"logo\":{\"@id\":\"https:\\\/\\\/ubirataonline.com.br\\\/daca-delays-recipients-are-losing-protections-and-work-permits-as-wait-times-surge\\\/#local-main-organization-logo\"},\"image\":{\"@id\":\"https:\\\/\\\/ubirataonline.com.br\\\/daca-delays-recipients-are-losing-protections-and-work-permits-as-wait-times-surge\\\/#local-main-organization-logo\"},\"sameAs\":[\"https:\\\/\\\/www.facebook.com\\\/portalubirataonline\",\"https:\\\/\\\/x.com\\\/ubirataonline\",\"https:\\\/\\\/mastodon.social\\\/@ubirataonline\",\"https:\\\/\\\/www.facebook.com\\\/groups\\\/311144672285604\",\"https:\\\/\\\/www.facebook.com\\\/UBTAOnline\",\"https:\\\/\\\/www.instagram.com\\\/portalubirataonline\\\/\",\"https:\\\/\\\/twitter.com\\\/ubirataonline\"],\"description\":\"Somos um portal de not\u00edcias independente, criado em 5 de janeiro de 2009, com o objetivo de informar, conectar e valorizar a nossa comunidade de Ubirat\u00e3 e toda aregi\u00e3o. Com conte\u00fado atualizado, confi\u00e1vel e relevante, o Ubirat\u00e3 Online \u00e9 o seu espa\u00e7o para ficar por dentro dos principais acontecimentos locais, regionais, Brasil, Mundo e de interesse geral. Nosso compromisso \u00e9 com a verdade, a transpar\u00eancia e o respeito ao leitor.\",\"legalName\":\"UBIRATA ONLINE NOT\u00cdCIAS\",\"foundingDate\":\"2009-01-05\",\"numberOfEmployees\":{\"@type\":\"QuantitativeValue\",\"minValue\":\"1\",\"maxValue\":\"10\"},\"publishingPrinciples\":\"https:\\\/\\\/ubirataonline.com.br\\\/faq\\\/\",\"address\":{\"@id\":\"https:\\\/\\\/ubirataonline.com.br\\\/daca-delays-recipients-are-losing-protections-and-work-permits-as-wait-times-surge\\\/#local-main-place-address\"},\"geo\":{\"@type\":\"GeoCoordinates\",\"latitude\":\"-24.5361401\",\"longitude\":\"-52.9921776\"},\"telephone\":[\"+5544998308235\"],\"contactPoint\":{\"@type\":\"ContactPoint\",\"email\":\"contato@ubirataonline.com.br\"},\"openingHoursSpecification\":{\"@type\":\"OpeningHoursSpecification\",\"dayOfWeek\":[\"Monday\",\"Tuesday\",\"Wednesday\",\"Thursday\",\"Friday\",\"Saturday\",\"Sunday\"],\"opens\":\"00:00\",\"closes\":\"23:59\"},\"email\":\"contato@ubirataonline.com.br\",\"vatID\":\"47.621.418\\\/0001-80\"},{\"@type\":\"Person\",\"@id\":\"https:\\\/\\\/ubirataonline.com.br\\\/#\\\/schema\\\/person\\\/372f87bbd3fdd79b8556b84c98d0bc1c\",\"name\":\"REDA\u00c7\u00c3O: UBIRAT\u00c3 ONLINE - F\u00c1BIO AUGUSTO CELESTINO\",\"pronouns\":\"Ele\",\"description\":\"Desde 2003 trabalhando com not\u00edcias.\",\"sameAs\":[\"http:\\\/\\\/ubirataoline.com.br\",\"https:\\\/\\\/www.facebook.com\\\/portalubirataonline\",\"https:\\\/\\\/www.instagram.com\\\/ubirataonline_oficial\",\"https:\\\/\\\/x.com\\\/x.com\\\/ubirataonline\"],\"honorificPrefix\":\"Mr.\",\"honorificSuffix\":\"MD\",\"birthDate\":\"1980-06-16\",\"gender\":\"masculino\",\"award\":[\"V\u00e1rios pr\u00eamios de melhor portal da cidade\"],\"jobTitle\":\"Diretor\",\"url\":\"https:\\\/\\\/ubirataonline.com.br\\\/en\\\/author\\\/ubirataonline\\\/\"},{\"@type\":\"PostalAddress\",\"@id\":\"https:\\\/\\\/ubirataonline.com.br\\\/daca-delays-recipients-are-losing-protections-and-work-permits-as-wait-times-surge\\\/#local-main-place-address\",\"streetAddress\":\"Rua dos Coqueiros, 104 - Bairro Boa Vista, Rua dos Coqueiros, 104 Bairro Boa Vista\",\"addressLocality\":\"UBIRATA\",\"postalCode\":\"85440-000\",\"addressRegion\":\"PR\",\"addressCountry\":\"BR\"},{\"@type\":\"ImageObject\",\"inLanguage\":\"en-US\",\"@id\":\"https:\\\/\\\/ubirataonline.com.br\\\/daca-delays-recipients-are-losing-protections-and-work-permits-as-wait-times-surge\\\/#local-main-organization-logo\",\"url\":\"https:\\\/\\\/ubirataonline.com.br\\\/wp-content\\\/uploads\\\/2026\\\/06\\\/logoubirataonline-1.webp\",\"contentUrl\":\"https:\\\/\\\/ubirataonline.com.br\\\/wp-content\\\/uploads\\\/2026\\\/06\\\/logoubirataonline-1.webp\",\"width\":500,\"height\":500,\"caption\":\"Ubirat\u00e3 Online Not\u00edcias\"}]}<\/script>\n<meta name=\"geo.placename\" content=\"UBIRATA\" \/>\n<meta name=\"geo.position\" content=\"-24.5361401;-52.9921776\" \/>\n<meta name=\"geo.region\" content=\"Brazil\" \/>\n<!-- \/ Yoast SEO Premium plugin. -->","yoast_head_json":{"title":"DACA delays: Recipients are losing protections and work permits as wait times surge - Ubirat\u00e3 Online Not\u00edcias - A realidade ao seu alcance!","description":"Marco, 26, graduated from one of the country\u2019s top medical schools last week. He found his calling after witnessing his grandmother battle cancer, and he","robots":{"index":"index","follow":"follow","max-snippet":"max-snippet:-1","max-image-preview":"max-image-preview:large","max-video-preview":"max-video-preview:-1"},"canonical":"https:\/\/ubirataonline.com.br\/en\/daca-delays-recipients-are-losing-protections-and-work-permits-as-wait-times-surge\/","og_locale":"en_US","og_type":"article","og_title":"DACA delays: Recipients are losing protections and work permits as wait times surge","og_description":"Marco, 26, graduated from one of the country\u2019s top medical schools last week. He found his calling after witnessing his grandmother battle cancer, and he","og_url":"https:\/\/ubirataonline.com.br\/en\/daca-delays-recipients-are-losing-protections-and-work-permits-as-wait-times-surge\/","og_site_name":"Ubirat\u00e3 Online Not\u00edcias - A realidade ao seu alcance!","article_publisher":"https:\/\/www.facebook.com\/portalubirataonline","article_author":"https:\/\/www.facebook.com\/portalubirataonline","article_published_time":"2026-05-16T14:00:12+00:00","article_modified_time":"2026-05-16T14:00:14+00:00","og_image":[{"width":800,"height":450,"url":"https:\/\/ubirataonline.com.br\/wp-content\/uploads\/2026\/05\/DACA-delays-Recipients-are-losing-protections-and-work-permits-as.jpg","type":"image\/jpeg"}],"author":"REDA\u00c7\u00c3O: UBIRAT\u00c3 ONLINE - F\u00c1BIO AUGUSTO CELESTINO","twitter_card":"summary_large_image","twitter_creator":"@x.com\/ubirataonline","twitter_site":"@ubirataonline","twitter_misc":{"Written by":"REDA\u00c7\u00c3O: UBIRAT\u00c3 ONLINE - F\u00c1BIO AUGUSTO CELESTINO","Est. reading time":"7 minutes"},"schema":{"@context":"https:\/\/schema.org","@graph":[{"@type":"NewsArticle","@id":"https:\/\/ubirataonline.com.br\/daca-delays-recipients-are-losing-protections-and-work-permits-as-wait-times-surge\/#article","isPartOf":{"@id":"https:\/\/ubirataonline.com.br\/daca-delays-recipients-are-losing-protections-and-work-permits-as-wait-times-surge\/"},"author":{"name":"REDA\u00c7\u00c3O: UBIRAT\u00c3 ONLINE - F\u00c1BIO AUGUSTO CELESTINO","@id":"https:\/\/ubirataonline.com.br\/#\/schema\/person\/372f87bbd3fdd79b8556b84c98d0bc1c"},"headline":"DACA delays: Recipients are losing protections and work permits as wait times surge","datePublished":"2026-05-16T14:00:12+00:00","dateModified":"2026-05-16T14:00:14+00:00","mainEntityOfPage":{"@id":"https:\/\/ubirataonline.com.br\/daca-delays-recipients-are-losing-protections-and-work-permits-as-wait-times-surge\/"},"wordCount":1387,"publisher":{"@id":"https:\/\/ubirataonline.com.br\/#organization"},"image":{"@id":"https:\/\/ubirataonline.com.br\/daca-delays-recipients-are-losing-protections-and-work-permits-as-wait-times-surge\/#primaryimage"},"thumbnailUrl":"https:\/\/ubirataonline.com.br\/wp-content\/uploads\/2026\/05\/DACA-delays-Recipients-are-losing-protections-and-work-permits-as.jpg","keywords":["dac\u0103","delays","losing","permits","protections","recipients","surge","Times","wait","Work"],"articleSection":["Ubirat\u00e3"],"inLanguage":"en-US","copyrightYear":"2026","copyrightHolder":{"@id":"https:\/\/ubirataonline.com.br\/en\/#organization"}},{"@type":"WebPage","@id":"https:\/\/ubirataonline.com.br\/daca-delays-recipients-are-losing-protections-and-work-permits-as-wait-times-surge\/","url":"https:\/\/ubirataonline.com.br\/daca-delays-recipients-are-losing-protections-and-work-permits-as-wait-times-surge\/","name":"DACA delays: Recipients are losing protections and work permits as wait times surge - Ubirat\u00e3 Online Not\u00edcias - A realidade ao seu alcance!","isPartOf":{"@id":"https:\/\/ubirataonline.com.br\/#website"},"primaryImageOfPage":{"@id":"https:\/\/ubirataonline.com.br\/daca-delays-recipients-are-losing-protections-and-work-permits-as-wait-times-surge\/#primaryimage"},"image":{"@id":"https:\/\/ubirataonline.com.br\/daca-delays-recipients-are-losing-protections-and-work-permits-as-wait-times-surge\/#primaryimage"},"thumbnailUrl":"https:\/\/ubirataonline.com.br\/wp-content\/uploads\/2026\/05\/DACA-delays-Recipients-are-losing-protections-and-work-permits-as.jpg","datePublished":"2026-05-16T14:00:12+00:00","dateModified":"2026-05-16T14:00:14+00:00","description":"Marco, 26, graduated from one of the country\u2019s top medical schools last week. He found his calling after witnessing his grandmother battle cancer, and he","breadcrumb":{"@id":"https:\/\/ubirataonline.com.br\/daca-delays-recipients-are-losing-protections-and-work-permits-as-wait-times-surge\/#breadcrumb"},"inLanguage":"en-US","potentialAction":[{"@type":"ReadAction","target":["https:\/\/ubirataonline.com.br\/daca-delays-recipients-are-losing-protections-and-work-permits-as-wait-times-surge\/"]}]},{"@type":"ImageObject","inLanguage":"en-US","@id":"https:\/\/ubirataonline.com.br\/daca-delays-recipients-are-losing-protections-and-work-permits-as-wait-times-surge\/#primaryimage","url":"https:\/\/ubirataonline.com.br\/wp-content\/uploads\/2026\/05\/DACA-delays-Recipients-are-losing-protections-and-work-permits-as.jpg","contentUrl":"https:\/\/ubirataonline.com.br\/wp-content\/uploads\/2026\/05\/DACA-delays-Recipients-are-losing-protections-and-work-permits-as.jpg","width":800,"height":450,"caption":"Michele Abercrombie\/CNN"},{"@type":"BreadcrumbList","@id":"https:\/\/ubirataonline.com.br\/daca-delays-recipients-are-losing-protections-and-work-permits-as-wait-times-surge\/#breadcrumb","itemListElement":[{"@type":"ListItem","position":1,"name":"In\u00edcio","item":"https:\/\/ubirataonline.com.br\/"},{"@type":"ListItem","position":2,"name":"DACA delays: Recipients are losing protections and work permits as wait times surge"}]},{"@type":"WebSite","@id":"https:\/\/ubirataonline.com.br\/#website","url":"https:\/\/ubirataonline.com.br\/","name":"Ubirat\u00e3 Online Not\u00edcias","description":"Not\u00edcias de Ubirat\u00e3, regi\u00e3o, Brasil e mundo, com informa\u00e7\u00e3o atualizada e compromisso com o leitor.","publisher":{"@id":"https:\/\/ubirataonline.com.br\/#organization"},"alternateName":"Ubirat\u00e3 Online","potentialAction":[{"@type":"SearchAction","target":{"@type":"EntryPoint","urlTemplate":"https:\/\/ubirataonline.com.br\/?s={search_term_string}"},"query-input":{"@type":"PropertyValueSpecification","valueRequired":true,"valueName":"search_term_string"}}],"inLanguage":"en-US"},{"@type":["Organization","Place"],"@id":"https:\/\/ubirataonline.com.br\/#organization","name":"Ubirat\u00e3 Online Not\u00edcias","alternateName":"Ubirat\u00e3 Online","url":"https:\/\/ubirataonline.com.br\/","logo":{"@id":"https:\/\/ubirataonline.com.br\/daca-delays-recipients-are-losing-protections-and-work-permits-as-wait-times-surge\/#local-main-organization-logo"},"image":{"@id":"https:\/\/ubirataonline.com.br\/daca-delays-recipients-are-losing-protections-and-work-permits-as-wait-times-surge\/#local-main-organization-logo"},"sameAs":["https:\/\/www.facebook.com\/portalubirataonline","https:\/\/x.com\/ubirataonline","https:\/\/mastodon.social\/@ubirataonline","https:\/\/www.facebook.com\/groups\/311144672285604","https:\/\/www.facebook.com\/UBTAOnline","https:\/\/www.instagram.com\/portalubirataonline\/","https:\/\/twitter.com\/ubirataonline"],"description":"Somos um portal de not\u00edcias independente, criado em 5 de janeiro de 2009, com o objetivo de informar, conectar e valorizar a nossa comunidade de Ubirat\u00e3 e toda aregi\u00e3o. Com conte\u00fado atualizado, confi\u00e1vel e relevante, o Ubirat\u00e3 Online \u00e9 o seu espa\u00e7o para ficar por dentro dos principais acontecimentos locais, regionais, Brasil, Mundo e de interesse geral. Nosso compromisso \u00e9 com a verdade, a transpar\u00eancia e o respeito ao leitor.","legalName":"UBIRATA ONLINE NOT\u00cdCIAS","foundingDate":"2009-01-05","numberOfEmployees":{"@type":"QuantitativeValue","minValue":"1","maxValue":"10"},"publishingPrinciples":"https:\/\/ubirataonline.com.br\/faq\/","address":{"@id":"https:\/\/ubirataonline.com.br\/daca-delays-recipients-are-losing-protections-and-work-permits-as-wait-times-surge\/#local-main-place-address"},"geo":{"@type":"GeoCoordinates","latitude":"-24.5361401","longitude":"-52.9921776"},"telephone":["+5544998308235"],"contactPoint":{"@type":"ContactPoint","email":"contato@ubirataonline.com.br"},"openingHoursSpecification":{"@type":"OpeningHoursSpecification","dayOfWeek":["Monday","Tuesday","Wednesday","Thursday","Friday","Saturday","Sunday"],"opens":"00:00","closes":"23:59"},"email":"contato@ubirataonline.com.br","vatID":"47.621.418\/0001-80"},{"@type":"Person","@id":"https:\/\/ubirataonline.com.br\/#\/schema\/person\/372f87bbd3fdd79b8556b84c98d0bc1c","name":"REDA\u00c7\u00c3O: UBIRAT\u00c3 ONLINE - F\u00c1BIO AUGUSTO CELESTINO","pronouns":"Ele","description":"Desde 2003 trabalhando com not\u00edcias.","sameAs":["http:\/\/ubirataoline.com.br","https:\/\/www.facebook.com\/portalubirataonline","https:\/\/www.instagram.com\/ubirataonline_oficial","https:\/\/x.com\/x.com\/ubirataonline"],"honorificPrefix":"Mr.","honorificSuffix":"MD","birthDate":"1980-06-16","gender":"masculino","award":["V\u00e1rios pr\u00eamios de melhor portal da cidade"],"jobTitle":"Diretor","url":"https:\/\/ubirataonline.com.br\/en\/author\/ubirataonline\/"},{"@type":"PostalAddress","@id":"https:\/\/ubirataonline.com.br\/daca-delays-recipients-are-losing-protections-and-work-permits-as-wait-times-surge\/#local-main-place-address","streetAddress":"Rua dos Coqueiros, 104 - Bairro Boa Vista, Rua dos Coqueiros, 104 Bairro Boa Vista","addressLocality":"UBIRATA","postalCode":"85440-000","addressRegion":"PR","addressCountry":"BR"},{"@type":"ImageObject","inLanguage":"en-US","@id":"https:\/\/ubirataonline.com.br\/daca-delays-recipients-are-losing-protections-and-work-permits-as-wait-times-surge\/#local-main-organization-logo","url":"https:\/\/ubirataonline.com.br\/wp-content\/uploads\/2026\/06\/logoubirataonline-1.webp","contentUrl":"https:\/\/ubirataonline.com.br\/wp-content\/uploads\/2026\/06\/logoubirataonline-1.webp","width":500,"height":500,"caption":"Ubirat\u00e3 Online Not\u00edcias"}]},"geo.placename":"UBIRATA","geo.position":{"lat":"-24.5361401","long":"-52.9921776"},"geo.region":"Brazil"},"_links":{"self":[{"href":"https:\/\/ubirataonline.com.br\/en\/wp-json\/wp\/v2\/posts\/131255","targetHints":{"allow":["GET"]}}],"collection":[{"href":"https:\/\/ubirataonline.com.br\/en\/wp-json\/wp\/v2\/posts"}],"about":[{"href":"https:\/\/ubirataonline.com.br\/en\/wp-json\/wp\/v2\/types\/post"}],"author":[{"embeddable":true,"href":"https:\/\/ubirataonline.com.br\/en\/wp-json\/wp\/v2\/users\/1"}],"replies":[{"embeddable":true,"href":"https:\/\/ubirataonline.com.br\/en\/wp-json\/wp\/v2\/comments?post=131255"}],"version-history":[{"count":0,"href":"https:\/\/ubirataonline.com.br\/en\/wp-json\/wp\/v2\/posts\/131255\/revisions"}],"wp:featuredmedia":[{"embeddable":true,"href":"https:\/\/ubirataonline.com.br\/en\/wp-json\/wp\/v2\/media\/131256"}],"wp:attachment":[{"href":"https:\/\/ubirataonline.com.br\/en\/wp-json\/wp\/v2\/media?parent=131255"}],"wp:term":[{"taxonomy":"category","embeddable":true,"href":"https:\/\/ubirataonline.com.br\/en\/wp-json\/wp\/v2\/categories?post=131255"},{"taxonomy":"post_tag","embeddable":true,"href":"https:\/\/ubirataonline.com.br\/en\/wp-json\/wp\/v2\/tags?post=131255"}],"curies":[{"name":"wp","href":"https:\/\/api.w.org\/{rel}","templated":true}]}}