{"id":131348,"date":"2026-05-16T13:31:16","date_gmt":"2026-05-16T16:31:16","guid":{"rendered":"https:\/\/ubirataonline.com.br\/bernardo-silva-on-manchester-city-rivals-and-hatred-plus-frances-scary-world-cup-squad\/"},"modified":"2026-05-16T13:31:19","modified_gmt":"2026-05-16T16:31:19","slug":"bernardo-silva-on-manchester-city-rivals-and-hatred-plus-frances-scary-world-cup-squad","status":"publish","type":"post","link":"https:\/\/ubirataonline.com.br\/en\/bernardo-silva-on-manchester-city-rivals-and-hatred-plus-frances-scary-world-cup-squad\/","title":{"rendered":"Bernardo Silva on Manchester City rivals and \u2018hatred\u2019. Plus: France\u2019s scary World Cup squad"},"content":{"rendered":"<p><\/p>\n<div>\n<p><span>The Athletic FC &#x26bd; is <\/span><i><span>The Athletic<\/span><\/i><span>\u2019s daily football (or soccer, if you prefer) newsletter. <\/span><a href=\"https:\/\/www.nytimes.com\/athletic\/newsletters\/the-athletic-fc\/\"><span>Sign up to receive it directly to your inbox<\/span><\/a><span>.<\/span><\/p>\n<hr\/>\n<p>Hi! He\u2019s been one of the Premier League\u2019s most gifted playmakers, and it turns out Bernardo Silva has opinions as wide as his passing range. He\u2019ll be missed.<\/p>\n<p>Coming up:<\/p>\n<p>&#x1f5e3;&#xfe0f; Bernardo\u00a0<a href=\"https:\/\/www.nytimes.com\/athletic\/7280461\/2026\/05\/15\/bernardo-silva-manchester-city-arsenal-guardiola-interview\/\" target=\"_blank\" rel=\"noopener\">interview<\/a><\/p>\n<p>&#x1f1eb;&#x1f1f7; Can <a href=\"https:\/\/www.nytimes.com\/athletic\/7279420\/2026\/05\/14\/france-world-cup-squad-2026\/\" target=\"_blank\" rel=\"noopener\">anyone stop<\/a> France?<\/p>\n<p>&#x1f3f4;&#xe0067;&#xe0062;&#xe0065;&#xe006e;&#xe0067;&#xe007f; EPL\u2019s English coach <a href=\"https:\/\/www.nytimes.com\/athletic\/7277644\/2026\/05\/15\/lack-english-managers-premier-league\/\" target=\"_blank\" rel=\"noopener\">shortage<\/a><\/p>\n<p>&#x1f466; City\u2019s youth <a href=\"https:\/\/www.nytimes.com\/athletic\/7279976\/2026\/05\/14\/fa-youth-cup-final-man-city-man-united\/\" target=\"_blank\" rel=\"noopener\">dominance<\/a><\/p>\n<hr\/>\n<h2><strong>Golden Silva: Man City star on being a bad loser and Arsenal learning to \u2018man up\u2019<\/strong><\/h2>\n<div id=\"attachment_7281448\" class=\"wp-caption alignnone\">\n<div class=\"wp-caption-image-container\"><\/div>\n<\/div>\n<p>At their very best, Pep Guardiola\u2019s Manchester City have moved the ball with a mesmeric, sometimes robotic, precision as their unique style transformed them into a Premier League-winning machine.<\/p>\n<p>But despite the system being the star, part of City\u2019s wider appeal has been Guardiola\u2019s signing of players who can also produce moments of undiluted brilliance.<\/p>\n<p>Perhaps this season it\u2019s been Rayan Cherki or Jeremy Doku, but the master of invention, the veteran of inspiration at the Etihad, is Bernardo Silva. The Portugal midfielder is preparing to draw a close to his trophy-laden spell in Manchester at the end of this season, and has sat down for a <a href=\"https:\/\/www.nytimes.com\/athletic\/7280461\/2026\/05\/15\/bernardo-silva-manchester-city-arsenal-guardiola-interview\/\" target=\"_blank\" rel=\"noopener\">rare interview<\/a> with <em>The Athletic\u2019s<\/em> Oliver Kay to reflect.<\/p>\n<p>There\u2019s plenty to enjoy, including thoughts on his own technique and how he sees the game, but Bernardo is especially gripping on the nature of rivalry \u2014 City\u2019s clashes with Liverpool and, more recently, Arsenal; with the current title race still in play.<\/p>\n<p>He\u2019s also, at 31, prepared to say what he thinks (it helps that he\u2019ll be leaving soon) and has not been shy (hello, Gunners) as he discusses his memorable spell through a series of photographs and what comes next.<\/p>\n<p>&#x1f5e3;&#xfe0f; On Arsenal: \u201cThey\u2019ve been growing and \u2026 well, it\u2019s a team that has been together for, what, five years now, so it\u2019s only natural that they would man up a little bit and start challenging for titles, so, yeah, let\u2019s see what happens.\u201d<\/p>\n<p>&#x1f5e3;&#xfe0f; On the title race: \u201cNo, I\u2019m not in love (with Arsenal). I do believe our main rivals (in his time at City) were Liverpool by far. I also believe \u2014 and I know this is very subjective \u2014 that if we were not in a transitional season and if we didn\u2019t make so many mistakes, we would have won this league.\u201d<\/p>\n<p>&#x1f5e3;&#xfe0f; On City\u2019s 2017-18 side who won the title with 100 points:<\/p>\n<p>\u201cIn future, I think people will look back and think that this (City) generation was \u2026 if not the best, then one of the best in the history of English football\u2026\u201d<\/p>\n<p>&#x1f5e3;&#xfe0f; On the rivalry with Klopp\u2019s Liverpool:<\/p>\n<p>\u201cThey made us better. We made them better for sure. When you\u2019re living this kind of rivalry, you can\u2019t like each other. They have to hate us. We have to hate them. That\u2019s totally normal.\u201d<\/p>\n<p>&#x1f5e3;&#xfe0f; On Guardiola\u2019s genius:<\/p>\n<p>\u201cEven when we have a very successful season, he\u2019s always finding new ways so that teams can\u2019t adapt to us. In terms of offensive concepts, I would say he\u2019s by far the best manager I\u2019ve seen. I don\u2019t think there is anyone better.\u201d<\/p>\n<h3>\u2018Easier\u2019 to play in EPL than France<\/h3>\n<p>Bernardo addresses the allegations that Manchester City breached Premier League financial regulations more than 100 times between 2009 and 2018. He hopes there\u2019s a swift resolution on that front (don\u2019t we all, Bernie?) but also suspects rivals have used the unproven breaches to undermine City\u2019s achievements.<\/p>\n<p>And while you would think that in a highly physical league, the 5ft 8in playmaker might struggle, he has a contrarian view, saying he found it \u201ceasier\u201d since joining from Monaco of France\u2019s Ligue 1 in 2017 because of the technical way City play.<\/p>\n<p>In fact, the only time he buttons up is when it comes to his next destination. Barcelona? Silva isn\u2019t giving any hints, but he does have a message for his agent if he wants to talk shop in the meantime.<\/p>\n<ul>\n<li>Bernardo isn\u2019t the only one leaving City at the end of the campaign, and no this isn\u2019t a casual world exclusive concerning the gaffer. But Guardiola is losing a long-term colleague. <a href=\"https:\/\/www.nytimes.com\/athletic\/7278501\/2026\/05\/14\/pep-guardiola-city-future-lorenzo-buenaventura\/\">Fitness coach Lorenzo Buenaventura,<\/a> who has worked with Guardiola for 15 years, is set to say goodbye at the end of the season. Goalkeeper coach Xabi Mancisidor is also off.<\/li>\n<\/ul>\n<hr\/>\n<h2><b>News round-up<\/b><\/h2>\n<ul>\n<li>Freedom of expression and football fandom go hand in hand. Even the most powerful club owners can\u2019t stop chants and grumbles of dissent on the terraces. But they can censor flags criticising them. Ask Real <a href=\"https:\/\/www.nytimes.com\/athletic\/7280419\/2026\/05\/14\/real-madrid-perez-mbappe-vinicius-banner-boos\/\">Madrid president<\/a> Florentino Perez.<\/li>\n<li>If you read <a href=\"https:\/\/www.nytimes.com\/athletic\/7268495\/2026\/05\/13\/real-madrid-brazil-carlo-ancelotti-interview\/\" target=\"_blank\" rel=\"noopener\">Adam Crafton\u2019s insightful interview with him<\/a>, you\u2019ll know Carlo Ancelotti is loving life as Brazil\u2019s manager. <a href=\"https:\/\/www.nytimes.com\/athletic\/7279500\/2026\/05\/14\/carlo-ancelotti-brazil-contract-extension\/\">He has now signed a contract extension until 2030<\/a>.<\/li>\n<li>You wouldn\u2019t think Shakira, Madonna, or boyband BTS would get out of bed to play a free gig. But they are, in the sense that they\u2019re <a href=\"https:\/\/www.nytimes.com\/athletic\/7279951\/2026\/05\/14\/world-cup-final-shakira-madonna-bts-pay\/\">not getting a fee for performing<\/a> at the first-ever World Cup final half-time show. To be fair, the billions of eyeballs watching them do so probably amount to dollar signs somewhere down the line.<\/li>\n<li>Donald Trump\u2019s administration is appearing to make life <a href=\"https:\/\/www.nytimes.com\/athletic\/7279070\/2026\/05\/14\/world-cup-visa-bond-waiver-explained\/\" target=\"_self\" rel=\"noopener\">a little easier, and cheaper<\/a>, for fans hoping to travel to the U.S. for next month\u2019s tournament. But will waiving tourist bonds make much difference?<\/li>\n<li>Early next week will be a key phase in the fast-moving and engrossing <a href=\"https:\/\/www.nytimes.com\/athletic\/7278515\/2026\/05\/14\/southampton-spy-middlesbrough-date-efl-hearing\/\">spygate scandal<\/a>, casting a shadow over the ongoing EFL Championship play-offs. Finalists Southampton could potentially be kicked out and lose their chance for promotion to the Premier League.<\/li>\n<li>Lamine Yamal waved a Palestinian flag during Barcelona\u2019s recent title-winning parade. It has led to some very <a href=\"https:\/\/www.nytimes.com\/athletic\/7279125\/2026\/05\/14\/lamine-yamal-palestinian-flag-israel-gaza\/\">spiky diplomatic exchanges<\/a> between indignant Israeli politicians and their Spanish counterparts.<\/li>\n<li>Shall we sort a GoFundMe for Sir Jim Ratcliffe? Reports have emerged that his <a href=\"https:\/\/www.nytimes.com\/athletic\/7276021\/2026\/05\/15\/manchester-united-jim-ratcliffe-uk-rich-list\/\">estimated wealth has dropped by \u00a32billion<\/a>. Actually, he should be OK \u2014 the Manchester United co-owner still commands a \u00a315.19bn overall fortune.<\/li>\n<\/ul>\n<hr\/>\n<h2><strong>Show of strength: France\u2019s frightening World Cup squad, and Kiwis\u2019 Braintree player\u00a0<\/strong><\/h2>\n<div id=\"attachment_7279879\" class=\"wp-caption alignnone\">\n<div class=\"wp-caption-image-container\"><img decoding=\"async\" loading=\"lazy\" class=\"wp-image-7279879 size-full\" src=\"https:\/\/static01.nyt.com\/athletic\/uploads\/wp\/2026\/05\/14150822\/GettyImages-2246585764-scaled-e1778785717180.jpg\" alt=\"\" width=\"2073\" height=\"1382\" srcset=\"https:\/\/static01.nyt.com\/athletic\/uploads\/wp\/2026\/05\/14150822\/GettyImages-2246585764-scaled-e1778785717180.jpg 2073w, https:\/\/static01.nyt.com\/athletic\/uploads\/wp\/2026\/05\/14150822\/GettyImages-2246585764-scaled-e1778785717180-300x200.jpg 300w, https:\/\/static01.nyt.com\/athletic\/uploads\/wp\/2026\/05\/14150822\/GettyImages-2246585764-scaled-e1778785717180-1024x683.jpg 1024w, https:\/\/static01.nyt.com\/athletic\/uploads\/wp\/2026\/05\/14150822\/GettyImages-2246585764-scaled-e1778785717180-1536x1024.jpg 1536w, https:\/\/static01.nyt.com\/athletic\/uploads\/wp\/2026\/05\/14150822\/GettyImages-2246585764-scaled-e1778785717180-2048x1365.jpg 2048w\" sizes=\"auto, (max-width: 2073px) 100vw, 2073px\"\/><\/p>\n<div class=\"inline-credits\">\n<p>\n      <span class=\"credits-text\">Kylian Mbappe leads a dangerous France squad (Xavier Laine\/Getty Images)<\/span><\/p>\n<\/div>\n<\/div>\n<\/div>\n<p>OK, so by virtue of the fact it\u2019s a group of every nation\u2019s very best players, you might expect a major footballing superpower like <a href=\"https:\/\/www.nytimes.com\/athletic\/7279420\/2026\/05\/14\/france-world-cup-squad-2026\/\">France to have a star-studded World Cup squad<\/a>.<\/p>\n<p>But they really have got one to make rivals quake this time. On Thursday, manager Didier Deschamps named a roster bursting with frightening talent.<\/p>\n<p>In the forward positions alone, he has Kylian Mbappe, Ousmane Dembele, Michael Olise, Desire Doue, Maghnes Akliouche, Bradley Barcola, Rayan Cherki, Jean-Philippe Mateta and Marcus Thuram.<\/p>\n<p>There are a few interesting calls too: Palace\u2019s Mateta was by no means a certainty, and elsewhere, Real Madrid\u2019s experienced midfielder Eduardo Camavinga has missed out.<\/p>\n<p>I guess the question is: who\u2019s beating that?<\/p>\n<p>Maybe not \u2014 and this is with throwing no shade at my Kiwi friends \u2014 New Zealand. It\u2019s not that Chris Wood, who has made their squad, won\u2019t score goals \u2014 he could smash headers in a phone box.<\/p>\n<p>But they\u2019ve also included 36-year-old <a href=\"https:\/\/www.nytimes.com\/athletic\/7278656\/2026\/05\/14\/new-zealand-world-cup-squad-2026\/\">Tommy Smith, of English fifth-tier side Braintree Town<\/a>. Both are set to make history as the first New Zealand players to appear at two World Cups.<\/p>\n<p>Anyone smell a fairytale story?<\/p>\n<hr\/>\n<h2><b>EPL\u2019s national shortage: <strong>Why are there only two English managers with permanent jobs?<\/strong><\/b><\/h2>\n<p>It\u2019s been 34 years since an Englishman last guided a team to the English top-flight title.<\/p>\n<p>While the other top European leagues have plenty of native sons managing their best clubs, an English manager has never won the Premier League.<\/p>\n<p>Why not? And why does it matter? The Athletic\u2019s <a href=\"https:\/\/www.nytimes.com\/athletic\/7277644\/2026\/05\/15\/lack-english-managers-premier-league\/\" target=\"_blank\" rel=\"noopener\">Daniel Taylor has spoken to Howard Wilkinson<\/a>, who did it last when his Leeds United side won the old First Division in 1991-92.<\/p>\n<p>The 82-year-old believes there are some about who are capable of doing it, but the Premier League\u2019s global reach means clubs simply aren\u2019t bothered by the nationality of their manager\/head coach.<\/p>\n<p><img decoding=\"async\" class=\"alignnone size-full wp-image-7281453\" src=\"https:\/\/static01.nyt.com\/athletic\/uploads\/wp\/2026\/05\/15053734\/Howard-1.png\" alt=\"\"\/><\/p>\n<p>There is hope though. Frank Lampard has gone again at Coventry City and Michael Carrick has taken to life at Manchester United nicely.<\/p>\n<hr\/>\n<h2><b>Around TAFC<\/b><\/h2>\n<ul>\n<li>When is a stripe just too big? It depends on what you think of Manchester United\u2019s newly unveiled 2026-27 home shirt. Adidas says it has modelled the design on the United\u2019s FA Cup-winning kit from 1976-77, but in a modern twist, it has supersized the company\u2019s iconic three stripes down the sleeve. <a href=\"https:\/\/www.nytimes.com\/athletic\/7265733\/2026\/05\/15\/manchester-united-new-kit-2026-27-reviewed\/\" target=\"_blank\" rel=\"noopener\">Carl Anka gives his view<\/a>.<\/li>\n<li>\n<p aria-level=\"1\">It\u2019s Friday, and it\u2019s now officially NOT too early to talk about World Cup fever. So if you\u2019re shaking your hips Shakira style, and day-dreaming about the World Cup final on July 19, you can find out more about its impressive venue. As part of The Athletic\u2019s guide to the 16 stadiums that will host the tournament, we\u2019ve gone <a href=\"https:\/\/www.nytimes.com\/athletic\/7268008\" target=\"_blank\" rel=\"noopener\">into fine detail<\/a> on New Jersey\u2019s MetLife, or as it will be called in a not-at-all-wordy shift for the duration of the tournament, the New York New Jersey Stadium. Find out more.<\/p>\n<\/li>\n<li>\n<p aria-level=\"1\">The Premier League\u2019s various edge-of-your-seat races \u2014 the title, Europe, and relegation \u2014 resume this weekend. Find out what <a href=\"https:\/\/www.nytimes.com\/athletic\/7278494\/2026\/05\/15\/premier-league-predictions-matchweek-37-arsenal-man-city-liverpool\/?source=emp_shared_article&amp;unlocked_article_code=1.ilA.6Jh1.ZI4wp2AVxxa7\">our crack prediction unit<\/a> (Oli Kay, an algorithm, a guest subscriber on rotation, and a six-year-old boy) think is going to happen as Arsenal, West Ham and Spurs all head into action.<\/p>\n<\/li>\n<li>Thursday\u2019s most clicked: <a href=\"https:\/\/www.nytimes.com\/athletic\/7276024\/2026\/05\/13\/man-city-premier-league-title-race-palace\/\" target=\"_blank\" rel=\"noopener\">Is the magic back for Phil Foden?<\/a><\/li>\n<\/ul>\n<p>&#x1f4ec; Love TAFC? Check out The Athletic\u2019s <a href=\"https:\/\/links.e1.nytimes.com\/s\/c\/jiOP69HUa76tD3B6ZDDP_qSHZvNDZe8_WhvH6U7CkA1XQc25XwsXS7DvJUgDH5H3cXJu1U0b1hvu5EfSGPxL12pQNdIDduWpVSrTd0s3qew9GacBJ1bwSoZLWV--824cNAIOi2d_KuOUscUmqHfYn9zB-_uzkFXLS3-L7mhHe_Pxh6nvCzAqZSigPJxatf17GC3amzEr2q0Dr7T5paiSPcDQrDxGnMcK9Df7JnKXFqR2SUMCggMLwLFB_X6lz7qElMUuQOeki3KZ8KmFL-y7I9Oym1fCWFlhX8ZlmSie-evLPa3yEZaQjJ3ovGA371k7pgJsFTx-J03Ey5yGDioZM1PH9neOnXuUczpwSDD1sDDqsNZrlVmsUvILlXF4_CP1EtC3mfPoc6aeeMduD5ct3tjaXK02jgc2dluopcCPB757CB8XXS9aVtvHnBGzyECebrsrsjlx056aA90J0CcJSeitYCY1i0O-Nk4OLvfpWbv67n6SCLQhIQLRUTJcPT5F69tyHEkF08_gCgvTc-LPw1triUYF_kLEA5ZK7T7XIN4RUfP0evNul3r9mjruzGugSB5VaBjYqV8JFvAwXPNxkPhOl7biS4I9qEUcUO7frnnb_6CfbI1JDRUBvwXDCxjLh-eMhhVhvsiuMxTbs53VEcKHJyf-8gBBLH68wzCahJbS5G0FNKxiIc0hL4EGxx_E0W5BHsu2c1v90JzGuJbe2r_zwHO7RuhAKQ6bpxQt804Tnrqfo-X1jK01cT6v_85e4HBa_wFJMeWL7WSwQnpB3MBL6qDF1emtth855BKkRKFlWJSptrALfXemdX7UAEEnsjlX1V5GbRqetdLfIf2M9YznzQ-xGicIeLYRxhhC583w16ZYrmWJ0zLvycxWIEs9i3XGAQTLHehOpVmT_Qgm7aFsZyqbns1LTg6kAVIdV6_VKXHnDs8loiJRRR3vxjnEprIx698hDBAnWDLje6qmMw-PG-lPmsE5Z6RuW0DWodZzZ4bVcVDDgKLTf6RWMC4L-6Wx6xK9NY-8QUwETuf8OhppgvwWyhUeP_OfQmOAAnpAGkoCRzgblz4\/9fWR8Bu0ME3B5gPR8vAe47NaPnFjFoBd\/8\">other newsletters<\/a>, including <a href=\"https:\/\/links.e1.nytimes.com\/s\/c\/1MlS88TalYSpYcR-m-w89VfVNtedm8r0khgZeKgvEBMJWTs6TqCDE7K3rZoo-QIxkwum1Vs76RQY2Oax5UnGvR43BiCkSsNEwd-QmAm8sTw2x7FlkNa3_lh9eIZ0kttcVISTdS-n5LDQo6UirAh2vfgw-OgT7Ivjgd7GeW3lIGVnFojq2GgZL6dU7Rj-ixvx3LxGyybqBCrP92rpJyQUVwkKKEjoPYjz2O3IuwFg2orGIG7KxwTl_3vabzaSQCzwfXyo8dWyzmsigaX7giNzbhEVkvKWpD5fBz2dmpr85OBAs7eazVzzWno1RQt1Gnian5Tt-4UdsaQf7WI37vHtx5Jofr3lY0AdoprRt1JdkpfZ23gbI6oHILePiijhStT7yKfgu4ilZgeChhFB2m9e5w\/Kmprv6G1UtRK5jQrGb8YpckFo0z4_Lbt\/8\">Full-Time, for women\u2019s soccer<\/a>.<\/p>\n<hr\/>\n<h2><b>Catch a match<\/b><\/h2>\n<p>(Selected games)<\/p>\n<p>Friday \u2013 Premier League: Aston Villa vs Liverpool, 3pm\/8pm \u2014 NBC, Peacock Premium\/Sky Sports.<\/p>\n<p>Saturday \u2013 FA Cup final: Chelsea vs Manchester City, 10am\/3pm \u2014 ESPN, <a href=\"https:\/\/www.fubo.tv\/welcome\/leagues\/3605753?irmp=5579095&amp;irad=596299&amp;sharedid=USA_Soccer_FA-Cup_Chelsea-FC-vs-Manchester-City_PtnrUS_TA_Email_Newsletters&amp;utm_source=theathletic&amp;utm_medium=newsletter&amp;utm_campaign=newsletters&amp;utm_content=USA_Soccer_FA-Cup_Chelsea-FC-vs-Manchester-City_PtnrUS_TA_Email_Newsletters\" rel=\"nofollow noopener noreferrer\">Fubo<\/a>\/BBC, TNT Sports; Scottish Premiership: Celtic vs Heart of Midlothian, 7.30am\/12.30pm \u2014 Paramount+\/Sky Sports; German Bundesliga (both 9.30am\/2.30pm): Borussia Monchengladbach vs Hoffenheim; Eintracht Frankfurt vs Stuttgart \u2014 both ESPN (U.S. only); MLS: New York Red Bulls vs New York City, 7.30pm\/12.30am; San Jose Earthquakes vs FC Dallas, 10.30pm\/3.30am \u2014 Apple TV in both regions.<\/p>\n<p>Sunday \u2013 Premier League: Manchester United vs Nottingham Forest, 7.30am\/12.30pm; Leeds United vs Brighton and Hove Albion, 10am\/3pm; Newcastle United vs West Ham United, 12.30pm\/5.30pm \u2014 all USA Network\/Sky Sports; La Liga: Sevilla vs Real Madrid, 1pm\/6pm; Barcelona vs Real Betis, 3.15pm\/8.15pm \u2014 both ESPN\/Premier Sports; Serie A: Roma vs Lazio, 6am\/11am \u2014 Paramount+, DAZN\/DAZN; Ligue 1: Paris FC vs Paris Saint-Germain, 3pm\/8pm \u2014 beIN Sports, Fanatiz, <a href=\"https:\/\/www.fubo.tv\/welcome\/leagues\/3606627?irmp=5579095&amp;irad=398866&amp;sharedid=USA_Soccer_French-Ligue-1_Paris-FC-vs-Paris-Saint-Germain_PtnrUS_TA_Email_Newsletters&amp;utm_source=theathletic&amp;utm_medium=newsletter&amp;utm_campaign=newsletters&amp;utm_content=USA_Soccer_French-Ligue-1_Paris-FC-vs-Paris-Saint-Germain_PtnrUS_TA_Email_Newsletters\" rel=\"nofollow noopener noreferrer\">Fubo<\/a>\/Ligue1+; MLS: Inter Miami vs Portland Timbers, 6pm\/11pm \u2014 Apple TV in both regions.<\/p>\n<hr\/>\n<h2><b>And finally\u2026<\/b><\/h2>\n<div id=\"attachment_7281442\" class=\"wp-caption alignnone\">\n<div class=\"wp-caption-image-container\"><img decoding=\"async\" loading=\"lazy\" class=\"wp-image-7281442 size-full\" src=\"https:\/\/static01.nyt.com\/athletic\/uploads\/wp\/2026\/05\/15052510\/ssstwitter.com_1778826987218-ezgif.com-video-to-gif-converter.gif\" alt=\"\" width=\"800\" height=\"450\"\/><\/div>\n<\/div>\n<p>While it might be the end of an era for Bernardo in a few weeks, the future still looks bright for City.<\/p>\n<p>Their academy has long been the envy of the football world, and it is showing no signs of slowing the production line that has produced stars such as Phil Foden and Nico O\u2019Reilly.<\/p>\n<p>Bernardo has much to say about rivalry in his interview, and City got one over on Manchester United on Thursday, <a href=\"https:\/\/www.nytimes.com\/athletic\/7279976\/2026\/05\/14\/fa-youth-cup-final-man-city-man-united\/\">beating them 2-1 to win the FA Youth Cup,<\/a> with respective first-team managers Pep Guardiola and Michael Carrick watching on.<\/p>\n<p>Former England and Liverpool striker Emile Heskey\u2019s son Reigan scored the late winner, with a lovely dummy and shot (above), as his dad cheered him on.<\/p>\n<p>It was a good night for gifted offspring, as Floyd Samba \u2014 son of former Blackburn Rovers defender Chris \u2014 got City\u2019s first goal. Other top performers and names to watch out for were Ryan McAidoo for City and United\u2019s highly promising 15-year-old forward JJ Gabriel and his team-mate Jim Thwaites.<\/p>\n<p>But it was not a good night for United Under-18s coach Darren Fletcher, who called out the FA for <a href=\"https:\/\/www.nytimes.com\/athletic\/7281276\/2026\/05\/15\/darren-fletcher-fa-youth-cup-final-man-city-man-united\/\" target=\"_blank\" rel=\"noopener\">allowing City to put on a \u2018parade\u2019<\/a> when presented with the trophy.<\/p>\n<p>Bernardo is right, some rivalries go very deep.<\/p>\n<\/div>\n<p><script async src=\"\/\/platform.twitter.com\/widgets.js\" charset=\"utf-8\"><\/script><\/p>\n<p><a href=\"https:\/\/www.nytimes.com\/athletic\/7281433\/2026\/05\/15\/bernardo-silva-interview-arsenal-man-up\/\">Source link <\/a><\/p>","protected":false},"excerpt":{"rendered":"<p>The Athletic FC &#x26bd; is The Athletic\u2019s daily football (or soccer, if you prefer) newsletter. Sign up to receive it directly to your inbox. Hi! He\u2019s been one of the Premier League\u2019s most gifted playmakers, and it turns out Bernardo Silva has opinions as wide as his passing range. He\u2019ll be missed. Coming up: &#x1f5e3;&#xfe0f; [&hellip;]<\/p>\n","protected":false},"author":1,"featured_media":131349,"comment_status":"closed","ping_status":"","sticky":false,"template":"","format":"standard","meta":{"googlesitekit_rrm_CAow2JLhCw:productID":"","_gspb_post_css":"","maa_idioma":"","maa_pais":"","footnotes":""},"categories":[1],"tags":[22226,2982,3468,8696,31597,3154,12633,18330,15767,11945,4633],"class_list":["post-131348","post","type-post","status-publish","format-standard","has-post-thumbnail","hentry","category-ubirata","tag-bernardo","tag-city","tag-cup","tag-frances","tag-hatred","tag-manchester","tag-rivals","tag-scary","tag-silva","tag-squad","tag-world"],"blocksy_meta":[],"yoast_head":"<!-- This site is optimized with the Yoast SEO Premium plugin v27.6 (Yoast SEO v27.6) - https:\/\/yoast.com\/product\/yoast-seo-premium-wordpress\/ -->\n<title>Bernardo Silva on Manchester City rivals and \u2018hatred\u2019. Plus: France\u2019s scary World Cup squad - Ubirat\u00e3 Online Not\u00edcias - A realidade ao seu alcance!<\/title>\n<meta name=\"description\" content=\"The Athletic FC &#x26bd; is The Athletic\u2019s daily football (or soccer, if you prefer) newsletter. Sign up to receive it directly to your inbox.Hi! He\u2019s\" \/>\n<meta name=\"robots\" content=\"index, follow, max-snippet:-1, max-image-preview:large, max-video-preview:-1\" \/>\n<link rel=\"canonical\" href=\"https:\/\/ubirataonline.com.br\/en\/bernardo-silva-on-manchester-city-rivals-and-hatred-plus-frances-scary-world-cup-squad\/\" \/>\n<meta property=\"og:locale\" content=\"en_US\" \/>\n<meta property=\"og:type\" content=\"article\" \/>\n<meta property=\"og:title\" content=\"Bernardo Silva on Manchester City rivals and \u2018hatred\u2019. Plus: France\u2019s scary World Cup squad\" \/>\n<meta property=\"og:description\" content=\"The Athletic FC &#x26bd; is The Athletic\u2019s daily football (or soccer, if you prefer) newsletter. Sign up to receive it directly to your inbox.Hi! He\u2019s\" \/>\n<meta property=\"og:url\" content=\"https:\/\/ubirataonline.com.br\/en\/bernardo-silva-on-manchester-city-rivals-and-hatred-plus-frances-scary-world-cup-squad\/\" \/>\n<meta property=\"og:site_name\" content=\"Ubirat\u00e3 Online Not\u00edcias - A realidade ao seu alcance!\" \/>\n<meta property=\"article:publisher\" content=\"https:\/\/www.facebook.com\/portalubirataonline\" \/>\n<meta property=\"article:author\" content=\"https:\/\/www.facebook.com\/portalubirataonline\" \/>\n<meta property=\"article:published_time\" content=\"2026-05-16T16:31:16+00:00\" \/>\n<meta property=\"article:modified_time\" content=\"2026-05-16T16:31:19+00:00\" \/>\n<meta property=\"og:image\" content=\"https:\/\/ubirataonline.com.br\/wp-content\/uploads\/2026\/05\/Bernardo-Silva-on-Manchester-City-rivals-and-\u2018hatred-Plus-Frances.jpg\" \/>\n\t<meta property=\"og:image:width\" content=\"1200\" \/>\n\t<meta property=\"og:image:height\" content=\"800\" \/>\n\t<meta property=\"og:image:type\" content=\"image\/jpeg\" \/>\n<meta name=\"author\" content=\"REDA\u00c7\u00c3O: UBIRAT\u00c3 ONLINE - F\u00c1BIO AUGUSTO CELESTINO\" \/>\n<meta name=\"twitter:card\" content=\"summary_large_image\" \/>\n<meta name=\"twitter:creator\" content=\"@x.com\/ubirataonline\" \/>\n<meta name=\"twitter:site\" content=\"@ubirataonline\" \/>\n<meta name=\"twitter:label1\" content=\"Written by\" \/>\n\t<meta name=\"twitter:data1\" content=\"REDA\u00c7\u00c3O: UBIRAT\u00c3 ONLINE - F\u00c1BIO AUGUSTO CELESTINO\" \/>\n\t<meta name=\"twitter:label2\" content=\"Est. reading time\" \/>\n\t<meta name=\"twitter:data2\" content=\"10 minutes\" \/>\n<script type=\"application\/ld+json\" class=\"yoast-schema-graph\">{\"@context\":\"https:\\\/\\\/schema.org\",\"@graph\":[{\"@type\":\"NewsArticle\",\"@id\":\"https:\\\/\\\/ubirataonline.com.br\\\/bernardo-silva-on-manchester-city-rivals-and-hatred-plus-frances-scary-world-cup-squad\\\/#article\",\"isPartOf\":{\"@id\":\"https:\\\/\\\/ubirataonline.com.br\\\/bernardo-silva-on-manchester-city-rivals-and-hatred-plus-frances-scary-world-cup-squad\\\/\"},\"author\":{\"name\":\"REDA\u00c7\u00c3O: UBIRAT\u00c3 ONLINE - F\u00c1BIO AUGUSTO CELESTINO\",\"@id\":\"https:\\\/\\\/ubirataonline.com.br\\\/#\\\/schema\\\/person\\\/372f87bbd3fdd79b8556b84c98d0bc1c\"},\"headline\":\"Bernardo Silva on Manchester City rivals and \u2018hatred\u2019. Plus: France\u2019s scary World Cup squad\",\"datePublished\":\"2026-05-16T16:31:16+00:00\",\"dateModified\":\"2026-05-16T16:31:19+00:00\",\"mainEntityOfPage\":{\"@id\":\"https:\\\/\\\/ubirataonline.com.br\\\/bernardo-silva-on-manchester-city-rivals-and-hatred-plus-frances-scary-world-cup-squad\\\/\"},\"wordCount\":2070,\"publisher\":{\"@id\":\"https:\\\/\\\/ubirataonline.com.br\\\/#organization\"},\"image\":{\"@id\":\"https:\\\/\\\/ubirataonline.com.br\\\/bernardo-silva-on-manchester-city-rivals-and-hatred-plus-frances-scary-world-cup-squad\\\/#primaryimage\"},\"thumbnailUrl\":\"https:\\\/\\\/ubirataonline.com.br\\\/wp-content\\\/uploads\\\/2026\\\/05\\\/Bernardo-Silva-on-Manchester-City-rivals-and-\u2018hatred-Plus-Frances.jpg\",\"keywords\":[\"Bernardo\",\"City\",\"Cup\",\"franc\u00eas\",\"Hatred\",\"Manchester\",\"Rivals\",\"Scary\",\"Silva\",\"squad\",\"World\"],\"articleSection\":[\"Ubirat\u00e3\"],\"inLanguage\":\"en-US\",\"copyrightYear\":\"2026\",\"copyrightHolder\":{\"@id\":\"https:\\\/\\\/ubirataonline.com.br\\\/en\\\/#organization\"}},{\"@type\":\"WebPage\",\"@id\":\"https:\\\/\\\/ubirataonline.com.br\\\/bernardo-silva-on-manchester-city-rivals-and-hatred-plus-frances-scary-world-cup-squad\\\/\",\"url\":\"https:\\\/\\\/ubirataonline.com.br\\\/bernardo-silva-on-manchester-city-rivals-and-hatred-plus-frances-scary-world-cup-squad\\\/\",\"name\":\"Bernardo Silva on Manchester City rivals and \u2018hatred\u2019. Plus: France\u2019s scary World Cup squad - Ubirat\u00e3 Online Not\u00edcias - A realidade ao seu alcance!\",\"isPartOf\":{\"@id\":\"https:\\\/\\\/ubirataonline.com.br\\\/#website\"},\"primaryImageOfPage\":{\"@id\":\"https:\\\/\\\/ubirataonline.com.br\\\/bernardo-silva-on-manchester-city-rivals-and-hatred-plus-frances-scary-world-cup-squad\\\/#primaryimage\"},\"image\":{\"@id\":\"https:\\\/\\\/ubirataonline.com.br\\\/bernardo-silva-on-manchester-city-rivals-and-hatred-plus-frances-scary-world-cup-squad\\\/#primaryimage\"},\"thumbnailUrl\":\"https:\\\/\\\/ubirataonline.com.br\\\/wp-content\\\/uploads\\\/2026\\\/05\\\/Bernardo-Silva-on-Manchester-City-rivals-and-\u2018hatred-Plus-Frances.jpg\",\"datePublished\":\"2026-05-16T16:31:16+00:00\",\"dateModified\":\"2026-05-16T16:31:19+00:00\",\"description\":\"The Athletic FC &#x26bd; is The Athletic\u2019s daily football (or soccer, if you prefer) newsletter. Sign up to receive it directly to your inbox.Hi! He\u2019s\",\"breadcrumb\":{\"@id\":\"https:\\\/\\\/ubirataonline.com.br\\\/bernardo-silva-on-manchester-city-rivals-and-hatred-plus-frances-scary-world-cup-squad\\\/#breadcrumb\"},\"inLanguage\":\"en-US\",\"potentialAction\":[{\"@type\":\"ReadAction\",\"target\":[\"https:\\\/\\\/ubirataonline.com.br\\\/bernardo-silva-on-manchester-city-rivals-and-hatred-plus-frances-scary-world-cup-squad\\\/\"]}]},{\"@type\":\"ImageObject\",\"inLanguage\":\"en-US\",\"@id\":\"https:\\\/\\\/ubirataonline.com.br\\\/bernardo-silva-on-manchester-city-rivals-and-hatred-plus-frances-scary-world-cup-squad\\\/#primaryimage\",\"url\":\"https:\\\/\\\/ubirataonline.com.br\\\/wp-content\\\/uploads\\\/2026\\\/05\\\/Bernardo-Silva-on-Manchester-City-rivals-and-\u2018hatred-Plus-Frances.jpg\",\"contentUrl\":\"https:\\\/\\\/ubirataonline.com.br\\\/wp-content\\\/uploads\\\/2026\\\/05\\\/Bernardo-Silva-on-Manchester-City-rivals-and-\u2018hatred-Plus-Frances.jpg\",\"width\":1200,\"height\":800,\"caption\":\"Bernardo Silva on Manchester City rivals and \u2018hatred\u2019. Plus: France\u2019s scary World Cup squad\"},{\"@type\":\"BreadcrumbList\",\"@id\":\"https:\\\/\\\/ubirataonline.com.br\\\/bernardo-silva-on-manchester-city-rivals-and-hatred-plus-frances-scary-world-cup-squad\\\/#breadcrumb\",\"itemListElement\":[{\"@type\":\"ListItem\",\"position\":1,\"name\":\"In\u00edcio\",\"item\":\"https:\\\/\\\/ubirataonline.com.br\\\/\"},{\"@type\":\"ListItem\",\"position\":2,\"name\":\"Bernardo Silva on Manchester City rivals and \u2018hatred\u2019. Plus: France\u2019s scary World Cup squad\"}]},{\"@type\":\"WebSite\",\"@id\":\"https:\\\/\\\/ubirataonline.com.br\\\/#website\",\"url\":\"https:\\\/\\\/ubirataonline.com.br\\\/\",\"name\":\"Ubirat\u00e3 Online Not\u00edcias\",\"description\":\"Not\u00edcias de Ubirat\u00e3, regi\u00e3o, Brasil e mundo, com informa\u00e7\u00e3o atualizada e compromisso com o leitor.\",\"publisher\":{\"@id\":\"https:\\\/\\\/ubirataonline.com.br\\\/#organization\"},\"alternateName\":\"Ubirat\u00e3 Online\",\"potentialAction\":[{\"@type\":\"SearchAction\",\"target\":{\"@type\":\"EntryPoint\",\"urlTemplate\":\"https:\\\/\\\/ubirataonline.com.br\\\/?s={search_term_string}\"},\"query-input\":{\"@type\":\"PropertyValueSpecification\",\"valueRequired\":true,\"valueName\":\"search_term_string\"}}],\"inLanguage\":\"en-US\"},{\"@type\":[\"Organization\",\"Place\"],\"@id\":\"https:\\\/\\\/ubirataonline.com.br\\\/#organization\",\"name\":\"Ubirat\u00e3 Online Not\u00edcias\",\"alternateName\":\"Ubirat\u00e3 Online\",\"url\":\"https:\\\/\\\/ubirataonline.com.br\\\/\",\"logo\":{\"@id\":\"https:\\\/\\\/ubirataonline.com.br\\\/bernardo-silva-on-manchester-city-rivals-and-hatred-plus-frances-scary-world-cup-squad\\\/#local-main-organization-logo\"},\"image\":{\"@id\":\"https:\\\/\\\/ubirataonline.com.br\\\/bernardo-silva-on-manchester-city-rivals-and-hatred-plus-frances-scary-world-cup-squad\\\/#local-main-organization-logo\"},\"sameAs\":[\"https:\\\/\\\/www.facebook.com\\\/portalubirataonline\",\"https:\\\/\\\/x.com\\\/ubirataonline\",\"https:\\\/\\\/mastodon.social\\\/@ubirataonline\",\"https:\\\/\\\/www.facebook.com\\\/groups\\\/311144672285604\",\"https:\\\/\\\/www.facebook.com\\\/UBTAOnline\",\"https:\\\/\\\/www.instagram.com\\\/portalubirataonline\\\/\",\"https:\\\/\\\/twitter.com\\\/ubirataonline\"],\"description\":\"Somos um portal de not\u00edcias independente, criado em 5 de janeiro de 2009, com o objetivo de informar, conectar e valorizar a nossa comunidade de Ubirat\u00e3 e toda aregi\u00e3o. Com conte\u00fado atualizado, confi\u00e1vel e relevante, o Ubirat\u00e3 Online \u00e9 o seu espa\u00e7o para ficar por dentro dos principais acontecimentos locais, regionais, Brasil, Mundo e de interesse geral. Nosso compromisso \u00e9 com a verdade, a transpar\u00eancia e o respeito ao leitor.\",\"legalName\":\"UBIRATA ONLINE NOT\u00cdCIAS\",\"foundingDate\":\"2009-01-05\",\"numberOfEmployees\":{\"@type\":\"QuantitativeValue\",\"minValue\":\"1\",\"maxValue\":\"10\"},\"publishingPrinciples\":\"https:\\\/\\\/ubirataonline.com.br\\\/faq\\\/\",\"address\":{\"@id\":\"https:\\\/\\\/ubirataonline.com.br\\\/bernardo-silva-on-manchester-city-rivals-and-hatred-plus-frances-scary-world-cup-squad\\\/#local-main-place-address\"},\"geo\":{\"@type\":\"GeoCoordinates\",\"latitude\":\"-24.5361401\",\"longitude\":\"-52.9921776\"},\"telephone\":[\"+5544998308235\"],\"contactPoint\":{\"@type\":\"ContactPoint\",\"email\":\"contato@ubirataonline.com.br\"},\"openingHoursSpecification\":{\"@type\":\"OpeningHoursSpecification\",\"dayOfWeek\":[\"Monday\",\"Tuesday\",\"Wednesday\",\"Thursday\",\"Friday\",\"Saturday\",\"Sunday\"],\"opens\":\"00:00\",\"closes\":\"23:59\"},\"email\":\"contato@ubirataonline.com.br\",\"vatID\":\"47.621.418\\\/0001-80\"},{\"@type\":\"Person\",\"@id\":\"https:\\\/\\\/ubirataonline.com.br\\\/#\\\/schema\\\/person\\\/372f87bbd3fdd79b8556b84c98d0bc1c\",\"name\":\"REDA\u00c7\u00c3O: UBIRAT\u00c3 ONLINE - F\u00c1BIO AUGUSTO CELESTINO\",\"pronouns\":\"Ele\",\"description\":\"Desde 2003 trabalhando com not\u00edcias.\",\"sameAs\":[\"http:\\\/\\\/ubirataoline.com.br\",\"https:\\\/\\\/www.facebook.com\\\/portalubirataonline\",\"https:\\\/\\\/www.instagram.com\\\/ubirataonline_oficial\",\"https:\\\/\\\/x.com\\\/x.com\\\/ubirataonline\"],\"honorificPrefix\":\"Mr.\",\"honorificSuffix\":\"MD\",\"birthDate\":\"1980-06-16\",\"gender\":\"masculino\",\"award\":[\"V\u00e1rios pr\u00eamios de melhor portal da cidade\"],\"jobTitle\":\"Diretor\",\"url\":\"https:\\\/\\\/ubirataonline.com.br\\\/en\\\/author\\\/ubirataonline\\\/\"},{\"@type\":\"PostalAddress\",\"@id\":\"https:\\\/\\\/ubirataonline.com.br\\\/bernardo-silva-on-manchester-city-rivals-and-hatred-plus-frances-scary-world-cup-squad\\\/#local-main-place-address\",\"streetAddress\":\"Rua dos Coqueiros, 104 - Bairro Boa Vista, Rua dos Coqueiros, 104 Bairro Boa Vista\",\"addressLocality\":\"UBIRATA\",\"postalCode\":\"85440-000\",\"addressRegion\":\"PR\",\"addressCountry\":\"BR\"},{\"@type\":\"ImageObject\",\"inLanguage\":\"en-US\",\"@id\":\"https:\\\/\\\/ubirataonline.com.br\\\/bernardo-silva-on-manchester-city-rivals-and-hatred-plus-frances-scary-world-cup-squad\\\/#local-main-organization-logo\",\"url\":\"https:\\\/\\\/ubirataonline.com.br\\\/wp-content\\\/uploads\\\/2026\\\/06\\\/logoubirataonline-1.webp\",\"contentUrl\":\"https:\\\/\\\/ubirataonline.com.br\\\/wp-content\\\/uploads\\\/2026\\\/06\\\/logoubirataonline-1.webp\",\"width\":500,\"height\":500,\"caption\":\"Ubirat\u00e3 Online Not\u00edcias\"}]}<\/script>\n<meta name=\"geo.placename\" content=\"UBIRATA\" \/>\n<meta name=\"geo.position\" content=\"-24.5361401;-52.9921776\" \/>\n<meta name=\"geo.region\" content=\"Brazil\" \/>\n<!-- \/ Yoast SEO Premium plugin. -->","yoast_head_json":{"title":"Bernardo Silva on Manchester City rivals and \u2018hatred\u2019. Plus: France\u2019s scary World Cup squad - Ubirat\u00e3 Online Not\u00edcias - A realidade ao seu alcance!","description":"The Athletic FC &#x26bd; is The Athletic\u2019s daily football (or soccer, if you prefer) newsletter. Sign up to receive it directly to your inbox.Hi! He\u2019s","robots":{"index":"index","follow":"follow","max-snippet":"max-snippet:-1","max-image-preview":"max-image-preview:large","max-video-preview":"max-video-preview:-1"},"canonical":"https:\/\/ubirataonline.com.br\/en\/bernardo-silva-on-manchester-city-rivals-and-hatred-plus-frances-scary-world-cup-squad\/","og_locale":"en_US","og_type":"article","og_title":"Bernardo Silva on Manchester City rivals and \u2018hatred\u2019. Plus: France\u2019s scary World Cup squad","og_description":"The Athletic FC &#x26bd; is The Athletic\u2019s daily football (or soccer, if you prefer) newsletter. Sign up to receive it directly to your inbox.Hi! He\u2019s","og_url":"https:\/\/ubirataonline.com.br\/en\/bernardo-silva-on-manchester-city-rivals-and-hatred-plus-frances-scary-world-cup-squad\/","og_site_name":"Ubirat\u00e3 Online Not\u00edcias - A realidade ao seu alcance!","article_publisher":"https:\/\/www.facebook.com\/portalubirataonline","article_author":"https:\/\/www.facebook.com\/portalubirataonline","article_published_time":"2026-05-16T16:31:16+00:00","article_modified_time":"2026-05-16T16:31:19+00:00","og_image":[{"width":1200,"height":800,"url":"https:\/\/ubirataonline.com.br\/wp-content\/uploads\/2026\/05\/Bernardo-Silva-on-Manchester-City-rivals-and-\u2018hatred-Plus-Frances.jpg","type":"image\/jpeg"}],"author":"REDA\u00c7\u00c3O: UBIRAT\u00c3 ONLINE - F\u00c1BIO AUGUSTO CELESTINO","twitter_card":"summary_large_image","twitter_creator":"@x.com\/ubirataonline","twitter_site":"@ubirataonline","twitter_misc":{"Written by":"REDA\u00c7\u00c3O: UBIRAT\u00c3 ONLINE - F\u00c1BIO AUGUSTO CELESTINO","Est. reading time":"10 minutes"},"schema":{"@context":"https:\/\/schema.org","@graph":[{"@type":"NewsArticle","@id":"https:\/\/ubirataonline.com.br\/bernardo-silva-on-manchester-city-rivals-and-hatred-plus-frances-scary-world-cup-squad\/#article","isPartOf":{"@id":"https:\/\/ubirataonline.com.br\/bernardo-silva-on-manchester-city-rivals-and-hatred-plus-frances-scary-world-cup-squad\/"},"author":{"name":"REDA\u00c7\u00c3O: UBIRAT\u00c3 ONLINE - F\u00c1BIO AUGUSTO CELESTINO","@id":"https:\/\/ubirataonline.com.br\/#\/schema\/person\/372f87bbd3fdd79b8556b84c98d0bc1c"},"headline":"Bernardo Silva on Manchester City rivals and \u2018hatred\u2019. Plus: France\u2019s scary World Cup squad","datePublished":"2026-05-16T16:31:16+00:00","dateModified":"2026-05-16T16:31:19+00:00","mainEntityOfPage":{"@id":"https:\/\/ubirataonline.com.br\/bernardo-silva-on-manchester-city-rivals-and-hatred-plus-frances-scary-world-cup-squad\/"},"wordCount":2070,"publisher":{"@id":"https:\/\/ubirataonline.com.br\/#organization"},"image":{"@id":"https:\/\/ubirataonline.com.br\/bernardo-silva-on-manchester-city-rivals-and-hatred-plus-frances-scary-world-cup-squad\/#primaryimage"},"thumbnailUrl":"https:\/\/ubirataonline.com.br\/wp-content\/uploads\/2026\/05\/Bernardo-Silva-on-Manchester-City-rivals-and-\u2018hatred-Plus-Frances.jpg","keywords":["Bernardo","City","Cup","franc\u00eas","Hatred","Manchester","Rivals","Scary","Silva","squad","World"],"articleSection":["Ubirat\u00e3"],"inLanguage":"en-US","copyrightYear":"2026","copyrightHolder":{"@id":"https:\/\/ubirataonline.com.br\/en\/#organization"}},{"@type":"WebPage","@id":"https:\/\/ubirataonline.com.br\/bernardo-silva-on-manchester-city-rivals-and-hatred-plus-frances-scary-world-cup-squad\/","url":"https:\/\/ubirataonline.com.br\/bernardo-silva-on-manchester-city-rivals-and-hatred-plus-frances-scary-world-cup-squad\/","name":"Bernardo Silva on Manchester City rivals and \u2018hatred\u2019. Plus: France\u2019s scary World Cup squad - Ubirat\u00e3 Online Not\u00edcias - A realidade ao seu alcance!","isPartOf":{"@id":"https:\/\/ubirataonline.com.br\/#website"},"primaryImageOfPage":{"@id":"https:\/\/ubirataonline.com.br\/bernardo-silva-on-manchester-city-rivals-and-hatred-plus-frances-scary-world-cup-squad\/#primaryimage"},"image":{"@id":"https:\/\/ubirataonline.com.br\/bernardo-silva-on-manchester-city-rivals-and-hatred-plus-frances-scary-world-cup-squad\/#primaryimage"},"thumbnailUrl":"https:\/\/ubirataonline.com.br\/wp-content\/uploads\/2026\/05\/Bernardo-Silva-on-Manchester-City-rivals-and-\u2018hatred-Plus-Frances.jpg","datePublished":"2026-05-16T16:31:16+00:00","dateModified":"2026-05-16T16:31:19+00:00","description":"The Athletic FC &#x26bd; is The Athletic\u2019s daily football (or soccer, if you prefer) newsletter. Sign up to receive it directly to your inbox.Hi! He\u2019s","breadcrumb":{"@id":"https:\/\/ubirataonline.com.br\/bernardo-silva-on-manchester-city-rivals-and-hatred-plus-frances-scary-world-cup-squad\/#breadcrumb"},"inLanguage":"en-US","potentialAction":[{"@type":"ReadAction","target":["https:\/\/ubirataonline.com.br\/bernardo-silva-on-manchester-city-rivals-and-hatred-plus-frances-scary-world-cup-squad\/"]}]},{"@type":"ImageObject","inLanguage":"en-US","@id":"https:\/\/ubirataonline.com.br\/bernardo-silva-on-manchester-city-rivals-and-hatred-plus-frances-scary-world-cup-squad\/#primaryimage","url":"https:\/\/ubirataonline.com.br\/wp-content\/uploads\/2026\/05\/Bernardo-Silva-on-Manchester-City-rivals-and-\u2018hatred-Plus-Frances.jpg","contentUrl":"https:\/\/ubirataonline.com.br\/wp-content\/uploads\/2026\/05\/Bernardo-Silva-on-Manchester-City-rivals-and-\u2018hatred-Plus-Frances.jpg","width":1200,"height":800,"caption":"Bernardo Silva on Manchester City rivals and \u2018hatred\u2019. Plus: France\u2019s scary World Cup squad"},{"@type":"BreadcrumbList","@id":"https:\/\/ubirataonline.com.br\/bernardo-silva-on-manchester-city-rivals-and-hatred-plus-frances-scary-world-cup-squad\/#breadcrumb","itemListElement":[{"@type":"ListItem","position":1,"name":"In\u00edcio","item":"https:\/\/ubirataonline.com.br\/"},{"@type":"ListItem","position":2,"name":"Bernardo Silva on Manchester City rivals and \u2018hatred\u2019. Plus: France\u2019s scary World Cup squad"}]},{"@type":"WebSite","@id":"https:\/\/ubirataonline.com.br\/#website","url":"https:\/\/ubirataonline.com.br\/","name":"Ubirat\u00e3 Online Not\u00edcias","description":"Not\u00edcias de Ubirat\u00e3, regi\u00e3o, Brasil e mundo, com informa\u00e7\u00e3o atualizada e compromisso com o leitor.","publisher":{"@id":"https:\/\/ubirataonline.com.br\/#organization"},"alternateName":"Ubirat\u00e3 Online","potentialAction":[{"@type":"SearchAction","target":{"@type":"EntryPoint","urlTemplate":"https:\/\/ubirataonline.com.br\/?s={search_term_string}"},"query-input":{"@type":"PropertyValueSpecification","valueRequired":true,"valueName":"search_term_string"}}],"inLanguage":"en-US"},{"@type":["Organization","Place"],"@id":"https:\/\/ubirataonline.com.br\/#organization","name":"Ubirat\u00e3 Online Not\u00edcias","alternateName":"Ubirat\u00e3 Online","url":"https:\/\/ubirataonline.com.br\/","logo":{"@id":"https:\/\/ubirataonline.com.br\/bernardo-silva-on-manchester-city-rivals-and-hatred-plus-frances-scary-world-cup-squad\/#local-main-organization-logo"},"image":{"@id":"https:\/\/ubirataonline.com.br\/bernardo-silva-on-manchester-city-rivals-and-hatred-plus-frances-scary-world-cup-squad\/#local-main-organization-logo"},"sameAs":["https:\/\/www.facebook.com\/portalubirataonline","https:\/\/x.com\/ubirataonline","https:\/\/mastodon.social\/@ubirataonline","https:\/\/www.facebook.com\/groups\/311144672285604","https:\/\/www.facebook.com\/UBTAOnline","https:\/\/www.instagram.com\/portalubirataonline\/","https:\/\/twitter.com\/ubirataonline"],"description":"Somos um portal de not\u00edcias independente, criado em 5 de janeiro de 2009, com o objetivo de informar, conectar e valorizar a nossa comunidade de Ubirat\u00e3 e toda aregi\u00e3o. Com conte\u00fado atualizado, confi\u00e1vel e relevante, o Ubirat\u00e3 Online \u00e9 o seu espa\u00e7o para ficar por dentro dos principais acontecimentos locais, regionais, Brasil, Mundo e de interesse geral. Nosso compromisso \u00e9 com a verdade, a transpar\u00eancia e o respeito ao leitor.","legalName":"UBIRATA ONLINE NOT\u00cdCIAS","foundingDate":"2009-01-05","numberOfEmployees":{"@type":"QuantitativeValue","minValue":"1","maxValue":"10"},"publishingPrinciples":"https:\/\/ubirataonline.com.br\/faq\/","address":{"@id":"https:\/\/ubirataonline.com.br\/bernardo-silva-on-manchester-city-rivals-and-hatred-plus-frances-scary-world-cup-squad\/#local-main-place-address"},"geo":{"@type":"GeoCoordinates","latitude":"-24.5361401","longitude":"-52.9921776"},"telephone":["+5544998308235"],"contactPoint":{"@type":"ContactPoint","email":"contato@ubirataonline.com.br"},"openingHoursSpecification":{"@type":"OpeningHoursSpecification","dayOfWeek":["Monday","Tuesday","Wednesday","Thursday","Friday","Saturday","Sunday"],"opens":"00:00","closes":"23:59"},"email":"contato@ubirataonline.com.br","vatID":"47.621.418\/0001-80"},{"@type":"Person","@id":"https:\/\/ubirataonline.com.br\/#\/schema\/person\/372f87bbd3fdd79b8556b84c98d0bc1c","name":"REDA\u00c7\u00c3O: UBIRAT\u00c3 ONLINE - F\u00c1BIO AUGUSTO CELESTINO","pronouns":"Ele","description":"Desde 2003 trabalhando com not\u00edcias.","sameAs":["http:\/\/ubirataoline.com.br","https:\/\/www.facebook.com\/portalubirataonline","https:\/\/www.instagram.com\/ubirataonline_oficial","https:\/\/x.com\/x.com\/ubirataonline"],"honorificPrefix":"Mr.","honorificSuffix":"MD","birthDate":"1980-06-16","gender":"masculino","award":["V\u00e1rios pr\u00eamios de melhor portal da cidade"],"jobTitle":"Diretor","url":"https:\/\/ubirataonline.com.br\/en\/author\/ubirataonline\/"},{"@type":"PostalAddress","@id":"https:\/\/ubirataonline.com.br\/bernardo-silva-on-manchester-city-rivals-and-hatred-plus-frances-scary-world-cup-squad\/#local-main-place-address","streetAddress":"Rua dos Coqueiros, 104 - Bairro Boa Vista, Rua dos Coqueiros, 104 Bairro Boa Vista","addressLocality":"UBIRATA","postalCode":"85440-000","addressRegion":"PR","addressCountry":"BR"},{"@type":"ImageObject","inLanguage":"en-US","@id":"https:\/\/ubirataonline.com.br\/bernardo-silva-on-manchester-city-rivals-and-hatred-plus-frances-scary-world-cup-squad\/#local-main-organization-logo","url":"https:\/\/ubirataonline.com.br\/wp-content\/uploads\/2026\/06\/logoubirataonline-1.webp","contentUrl":"https:\/\/ubirataonline.com.br\/wp-content\/uploads\/2026\/06\/logoubirataonline-1.webp","width":500,"height":500,"caption":"Ubirat\u00e3 Online Not\u00edcias"}]},"geo.placename":"UBIRATA","geo.position":{"lat":"-24.5361401","long":"-52.9921776"},"geo.region":"Brazil"},"_links":{"self":[{"href":"https:\/\/ubirataonline.com.br\/en\/wp-json\/wp\/v2\/posts\/131348","targetHints":{"allow":["GET"]}}],"collection":[{"href":"https:\/\/ubirataonline.com.br\/en\/wp-json\/wp\/v2\/posts"}],"about":[{"href":"https:\/\/ubirataonline.com.br\/en\/wp-json\/wp\/v2\/types\/post"}],"author":[{"embeddable":true,"href":"https:\/\/ubirataonline.com.br\/en\/wp-json\/wp\/v2\/users\/1"}],"replies":[{"embeddable":true,"href":"https:\/\/ubirataonline.com.br\/en\/wp-json\/wp\/v2\/comments?post=131348"}],"version-history":[{"count":0,"href":"https:\/\/ubirataonline.com.br\/en\/wp-json\/wp\/v2\/posts\/131348\/revisions"}],"wp:featuredmedia":[{"embeddable":true,"href":"https:\/\/ubirataonline.com.br\/en\/wp-json\/wp\/v2\/media\/131349"}],"wp:attachment":[{"href":"https:\/\/ubirataonline.com.br\/en\/wp-json\/wp\/v2\/media?parent=131348"}],"wp:term":[{"taxonomy":"category","embeddable":true,"href":"https:\/\/ubirataonline.com.br\/en\/wp-json\/wp\/v2\/categories?post=131348"},{"taxonomy":"post_tag","embeddable":true,"href":"https:\/\/ubirataonline.com.br\/en\/wp-json\/wp\/v2\/tags?post=131348"}],"curies":[{"name":"wp","href":"https:\/\/api.w.org\/{rel}","templated":true}]}}