{"id":131469,"date":"2026-05-16T16:33:08","date_gmt":"2026-05-16T19:33:08","guid":{"rendered":"https:\/\/ubirataonline.com.br\/la-nieve-cubre-montana-valle-de-uco-y-el-sur\/"},"modified":"2026-05-16T16:33:10","modified_gmt":"2026-05-16T19:33:10","slug":"la-nieve-cubre-montana-valle-de-uco-y-el-sur","status":"publish","type":"post","link":"https:\/\/ubirataonline.com.br\/en\/la-nieve-cubre-montana-valle-de-uco-y-el-sur\/","title":{"rendered":"la nieve cubre monta\u00f1a, Valle de Uco y el Sur"},"content":{"rendered":"<p><br \/>\n<\/p>\n<div data-twitter-link=\"\">\n<p id=\"p-1778950644706-64799\" data-start=\"818\" data-end=\"999\">Uno de los puntos donde se registr\u00f3 una fuerte ca\u00edda de nieve fue<strong> Vallecitos<\/strong>, en <strong>alta monta\u00f1a<\/strong>. All\u00ed se espera que la temperatura oscile entre los 0\u00b0C y los -9\u00b0C durante este s\u00e1bado.<\/p>\n<p id=\"p-1778950644706-34677\" data-start=\"1001\" data-end=\"1224\">Tambi\u00e9n nieva en <strong>Las Cuevas<\/strong>, cerca del t\u00fanel internacional Cristo Redentor, donde las condiciones son todav\u00eda m\u00e1s extremas. En esa zona cordillerana la m\u00e1xima prevista es de 0\u00b0C y la m\u00ednima podr\u00eda descender hasta los -20\u00b0C.<\/p>\n<div contenteditable=\"false\" class=\"embed_cont type_freetext\" rel=\"freetext\" id=\"embed824_wrap\" data-provider=\"YouTube\">\n<p>Embed &#8211; Nevadas en la localidad de Las Cuevas<span onclick=\"parent.parent.TinyMCETdcuerpo.preview_embed('embed824')\" class=\"embed_colapse less\" id=\"embed824_colapse\"\/><span onclick=\"parent.parent.TinyMCETdcuerpo.delete_embed('embed824')\" class=\"embed_delete less\" id=\"embed824_delete\"\/><\/p>\n<\/p><\/div>\n<p id=\"p-1778950644706-3000\" data-start=\"1226\" data-end=\"1416\"><a href=\"https:\/\/www.diariouno.com.ar\/sociedad\/pronostico-del-tiempo-este-sabado-rige-alerta-amarilla-nevadas-casi-toda-la-provincia-n1556447\" target=\"_blank\" rel=\"follow\">La alerta amarilla emitida por el SMN anticip\u00f3 nevadas<\/a><strong\/> de intensidad moderada para distintos sectores cordilleranos de Mendoza, con posibles complicaciones en rutas de monta\u00f1a y zonas altas.<\/p>\n<h2 id=\"p-1778950644706-3792\">El Manzano Hist\u00f3rico tambi\u00e9n amaneci\u00f3 nevado<\/h2>\n<div contenteditable=\"false\" class=\"embed_cont type_freetext\" rel=\"freetext\" id=\"embed255_wrap\" data-provider=\"YouTube\">\n<p>Embed &#8211; Nieve en Tunuy\u00e1n<span onclick=\"parent.parent.TinyMCETdcuerpo.preview_embed('embed255')\" class=\"embed_colapse less\" id=\"embed255_colapse\"\/><span onclick=\"parent.parent.TinyMCETdcuerpo.delete_embed('embed255')\" class=\"embed_delete less\" id=\"embed255_delete\"\/><\/p>\n<\/p><\/div>\n<p id=\"p-1778950644706-76886\" data-start=\"1468\" data-end=\"1645\">En el <strong>Valle de Uco<\/strong>, el fen\u00f3meno tambi\u00e9n lleg\u00f3 al <strong>Manzano Hist\u00f3rico<\/strong>, en Tunuy\u00e1n, donde durante la jornada comenzaron a circular im\u00e1genes de nieve acumulada en distintos sectores.<\/p>\n<p id=\"p-1778950644706-59285\" data-start=\"1647\" data-end=\"1786\">Para esa regi\u00f3n se esperan m\u00e1ximas cercanas a los 8\u00b0C y m\u00ednimas de 2\u00b0C, en un s\u00e1bado marcado por el tiempo inestable y el fr\u00edo persistente.<\/p>\n<p id=\"p-1778950644706-8590\" data-start=\"1788\" data-end=\"1968\">Mientras tanto, en el Este provincial no se registraban nevadas, aunque el descenso de temperatura tambi\u00e9n se hac\u00eda sentir. All\u00ed las m\u00e1ximas rondaban los 8\u00b0C y las m\u00ednimas los 5\u00b0C.<\/p>\n<div contenteditable=\"false\" class=\"embed_cont type_imagen\" id=\"1832501-Libre-1318917813_wrap\">\n<p>postales vallecitos <span onclick=\"parent.parent.TinyMCETdcuerpo.preview_embed('1832501-Libre-1318917813')\" class=\"embed_colapse less\" id=\"1832501-Libre-1318917813_colapse\"\/>  <span onclick=\"parent.parent.TinyMCETdcuerpo.delete_embed('1832501-Libre-1318917813')\" class=\"embed_delete less\" id=\"1832501-Libre-1318917813_delete\"\/><\/p>\n<div id=\"1832501-Libre-1318917813_content\" class=\"embed_content\"><\/div>\n<div class=\"embed_wrapper-cont\" id=\"p-1778951439357-71997\">\n<div id=\"1832501-Libre-1318917813_epigrafe\" class=\"embed_epigrafe\">\n<p id=\"p-1778951472779-43545\">Algunas im\u00e1genes de la cordillera durante la primera nevada de la temporada 2026.<\/p>\n<\/div><\/div>\n<\/p><\/div>\n<h2 id=\"p-1778954090509-34020\"\/>\n<p id=\"p-1778954090666-58661\">En tanto, en el Valle de Las Le\u00f1as, en el departamento de Malarg\u00fce, la nieve cay\u00f3 intensamente desde la madrugada de este s\u00e1bado. As\u00ed lo reflej\u00f3 en su cuenta de Instagram el mendocino Lucho Mart\u00edn. <\/p>\n<div contenteditable=\"false\" class=\"embed_cont type_freetext\" rel=\"freetext\" id=\"embed1844_wrap\" data-provider=\"YouTube\">\n<p>Embed &#8211; As\u00ed amanec\u00eda Las Le\u00f1as, Mendoza este lunes @luchomartin90 20 04 2026<span onclick=\"parent.parent.TinyMCETdcuerpo.preview_embed('embed1844')\" class=\"embed_colapse less\" id=\"embed1844_colapse\"\/><span onclick=\"parent.parent.TinyMCETdcuerpo.delete_embed('embed1844')\" class=\"embed_delete less\" id=\"embed1844_delete\"\/><\/p>\n<\/p><\/div>\n<h2 id=\"p-1778950644706-26951\">C\u00f3mo seguir\u00e1 el tiempo en Mendoza<\/h2>\n<p id=\"p-1778950644706-89757\" data-start=\"2009\" data-end=\"2186\">En el Sur provincial est\u00e1n previstas bajas temperaturas y <strong>nevadas<\/strong> en algunos sectores, como el Valle de las Le\u00f1as, en Malarg\u00fce. Este s\u00e1bado el term\u00f3metro en el sur mendocino oscilar\u00e1 entre los 13\u00b0C de m\u00e1xima y 1\u00b0C de m\u00ednima, con condiciones inestables durante gran parte de la jornada.<\/p>\n<p id=\"p-1778950644706-88049\" data-start=\"2188\" data-end=\"2383\" data-is-last-node=\"\" data-is-only-node=\"\">El pron\u00f3stico indica que el tiempo seguir\u00e1 fr\u00edo durante las pr\u00f3ximas horas y que podr\u00edan mantenerse<strong> nevadas <\/strong>en distintos puntos de Mendoza, especialmente en \u00e1reas de <strong>alta monta\u00f1a.<\/strong><\/p>\n<\/p><\/div>\n<p><script xmlns:deferer=\"no\">\nsetTimeout(function(){\n  !function(f,b,e,v,n,t,s)\n  {if(f.fbq)return;n=f.fbq=function(){n.callMethod?\n  n.callMethod.apply(n,arguments):n.queue.push(arguments)};\n  if(!f._fbq)f._fbq=n;n.push=n;n.loaded=!0;n.version=\"2.0\";\n  n.queue=[];t=b.createElement(e);t.async=!0;\n  t.src=v;s=b.getElementsByTagName(e)[0];\n  s.parentNode.insertBefore(t,s)}(window, document,\"script\",\n  \"https:\/\/connect.facebook.net\/en_US\/fbevents.js\");\n  fbq(\"init\", \"281273192029661\");\n  fbq(\"track\", \"PageView\");\n}, 3000);\n<\/script><br \/>\n<br \/><br \/>\n<br \/><a href=\"https:\/\/www.diariouno.com.ar\/sociedad\/postales-la-fuerte-nevada-mayo-mendoza-la-nieve-cubre-montana-valle-uco-y-el-sur-n1556546\">Source link <\/a><\/p>\n","protected":false},"excerpt":{"rendered":"<p>Uno de los puntos donde se registr\u00f3 una fuerte ca\u00edda de nieve fue Vallecitos, en alta monta\u00f1a. All\u00ed se espera que la temperatura oscile entre los 0\u00b0C y los -9\u00b0C durante este s\u00e1bado. Tambi\u00e9n nieva en Las Cuevas, cerca del t\u00fanel internacional Cristo Redentor, donde las condiciones son todav\u00eda m\u00e1s extremas. En esa zona cordillerana [&hellip;]<\/p>\n","protected":false},"author":1,"featured_media":131470,"comment_status":"closed","ping_status":"","sticky":false,"template":"","format":"standard","meta":{"googlesitekit_rrm_CAow2JLhCw:productID":"","_gspb_post_css":"","maa_idioma":"","maa_pais":"","footnotes":""},"categories":[1],"tags":[36138,16495,20029,9023,36139,8552],"class_list":["post-131469","post","type-post","status-publish","format-standard","has-post-thumbnail","hentry","category-ubirata","tag-cubre","tag-montana","tag-nieve","tag-sur","tag-uco","tag-valle"],"blocksy_meta":[],"yoast_head":"<!-- This site is optimized with the Yoast SEO Premium plugin v27.6 (Yoast SEO v27.6) - https:\/\/yoast.com\/product\/yoast-seo-premium-wordpress\/ -->\n<title>la nieve cubre monta\u00f1a, Valle de Uco y el Sur - Ubirat\u00e3 Online Not\u00edcias - A realidade ao seu alcance!<\/title>\n<meta name=\"description\" content=\"Uno de los puntos donde se registr\u00f3 una fuerte ca\u00edda de nieve fue Vallecitos, en alta monta\u00f1a. All\u00ed se espera que la temperatura oscile entre los 0\u00b0C y\" \/>\n<meta name=\"robots\" content=\"index, follow, max-snippet:-1, max-image-preview:large, max-video-preview:-1\" \/>\n<link rel=\"canonical\" href=\"https:\/\/ubirataonline.com.br\/en\/la-nieve-cubre-montana-valle-de-uco-y-el-sur\/\" \/>\n<meta property=\"og:locale\" content=\"en_US\" \/>\n<meta property=\"og:type\" content=\"article\" \/>\n<meta property=\"og:title\" content=\"la nieve cubre monta\u00f1a, Valle de Uco y el Sur\" \/>\n<meta property=\"og:description\" content=\"Uno de los puntos donde se registr\u00f3 una fuerte ca\u00edda de nieve fue Vallecitos, en alta monta\u00f1a. All\u00ed se espera que la temperatura oscile entre los 0\u00b0C y\" \/>\n<meta property=\"og:url\" content=\"https:\/\/ubirataonline.com.br\/en\/la-nieve-cubre-montana-valle-de-uco-y-el-sur\/\" \/>\n<meta property=\"og:site_name\" content=\"Ubirat\u00e3 Online Not\u00edcias - A realidade ao seu alcance!\" \/>\n<meta property=\"article:publisher\" content=\"https:\/\/www.facebook.com\/portalubirataonline\" \/>\n<meta property=\"article:author\" content=\"https:\/\/www.facebook.com\/portalubirataonline\" \/>\n<meta property=\"article:published_time\" content=\"2026-05-16T19:33:08+00:00\" \/>\n<meta property=\"article:modified_time\" content=\"2026-05-16T19:33:10+00:00\" \/>\n<meta property=\"og:image\" content=\"https:\/\/ubirataonline.com.br\/wp-content\/uploads\/2026\/05\/la-nieve-cubre-montana-Valle-de-Uco-y-el-Sur.jpg\" \/>\n\t<meta property=\"og:image:width\" content=\"1200\" \/>\n\t<meta property=\"og:image:height\" content=\"675\" \/>\n\t<meta property=\"og:image:type\" content=\"image\/jpeg\" \/>\n<meta name=\"author\" content=\"REDA\u00c7\u00c3O: UBIRAT\u00c3 ONLINE - F\u00c1BIO AUGUSTO CELESTINO\" \/>\n<meta name=\"twitter:card\" content=\"summary_large_image\" \/>\n<meta name=\"twitter:creator\" content=\"@x.com\/ubirataonline\" \/>\n<meta name=\"twitter:site\" content=\"@ubirataonline\" \/>\n<meta name=\"twitter:label1\" content=\"Written by\" \/>\n\t<meta name=\"twitter:data1\" content=\"REDA\u00c7\u00c3O: UBIRAT\u00c3 ONLINE - F\u00c1BIO AUGUSTO CELESTINO\" \/>\n\t<meta name=\"twitter:label2\" content=\"Est. reading time\" \/>\n\t<meta name=\"twitter:data2\" content=\"2 minutes\" \/>\n<script type=\"application\/ld+json\" class=\"yoast-schema-graph\">{\"@context\":\"https:\\\/\\\/schema.org\",\"@graph\":[{\"@type\":\"NewsArticle\",\"@id\":\"https:\\\/\\\/ubirataonline.com.br\\\/la-nieve-cubre-montana-valle-de-uco-y-el-sur\\\/#article\",\"isPartOf\":{\"@id\":\"https:\\\/\\\/ubirataonline.com.br\\\/la-nieve-cubre-montana-valle-de-uco-y-el-sur\\\/\"},\"author\":{\"name\":\"REDA\u00c7\u00c3O: UBIRAT\u00c3 ONLINE - F\u00c1BIO AUGUSTO CELESTINO\",\"@id\":\"https:\\\/\\\/ubirataonline.com.br\\\/#\\\/schema\\\/person\\\/372f87bbd3fdd79b8556b84c98d0bc1c\"},\"headline\":\"la nieve cubre monta\u00f1a, Valle de Uco y el Sur\",\"datePublished\":\"2026-05-16T19:33:08+00:00\",\"dateModified\":\"2026-05-16T19:33:10+00:00\",\"mainEntityOfPage\":{\"@id\":\"https:\\\/\\\/ubirataonline.com.br\\\/la-nieve-cubre-montana-valle-de-uco-y-el-sur\\\/\"},\"wordCount\":407,\"publisher\":{\"@id\":\"https:\\\/\\\/ubirataonline.com.br\\\/#organization\"},\"image\":{\"@id\":\"https:\\\/\\\/ubirataonline.com.br\\\/la-nieve-cubre-montana-valle-de-uco-y-el-sur\\\/#primaryimage\"},\"thumbnailUrl\":\"https:\\\/\\\/ubirataonline.com.br\\\/wp-content\\\/uploads\\\/2026\\\/05\\\/la-nieve-cubre-montana-Valle-de-Uco-y-el-Sur.jpg\",\"keywords\":[\"cubre\",\"Montana\",\"nieve\",\"sur\",\"Uco\",\"Valle\"],\"articleSection\":[\"Ubirat\u00e3\"],\"inLanguage\":\"en-US\",\"copyrightYear\":\"2026\",\"copyrightHolder\":{\"@id\":\"https:\\\/\\\/ubirataonline.com.br\\\/en\\\/#organization\"}},{\"@type\":\"WebPage\",\"@id\":\"https:\\\/\\\/ubirataonline.com.br\\\/la-nieve-cubre-montana-valle-de-uco-y-el-sur\\\/\",\"url\":\"https:\\\/\\\/ubirataonline.com.br\\\/la-nieve-cubre-montana-valle-de-uco-y-el-sur\\\/\",\"name\":\"la nieve cubre monta\u00f1a, Valle de Uco y el Sur - Ubirat\u00e3 Online Not\u00edcias - A realidade ao seu alcance!\",\"isPartOf\":{\"@id\":\"https:\\\/\\\/ubirataonline.com.br\\\/#website\"},\"primaryImageOfPage\":{\"@id\":\"https:\\\/\\\/ubirataonline.com.br\\\/la-nieve-cubre-montana-valle-de-uco-y-el-sur\\\/#primaryimage\"},\"image\":{\"@id\":\"https:\\\/\\\/ubirataonline.com.br\\\/la-nieve-cubre-montana-valle-de-uco-y-el-sur\\\/#primaryimage\"},\"thumbnailUrl\":\"https:\\\/\\\/ubirataonline.com.br\\\/wp-content\\\/uploads\\\/2026\\\/05\\\/la-nieve-cubre-montana-Valle-de-Uco-y-el-Sur.jpg\",\"datePublished\":\"2026-05-16T19:33:08+00:00\",\"dateModified\":\"2026-05-16T19:33:10+00:00\",\"description\":\"Uno de los puntos donde se registr\u00f3 una fuerte ca\u00edda de nieve fue Vallecitos, en alta monta\u00f1a. All\u00ed se espera que la temperatura oscile entre los 0\u00b0C y\",\"breadcrumb\":{\"@id\":\"https:\\\/\\\/ubirataonline.com.br\\\/la-nieve-cubre-montana-valle-de-uco-y-el-sur\\\/#breadcrumb\"},\"inLanguage\":\"en-US\",\"potentialAction\":[{\"@type\":\"ReadAction\",\"target\":[\"https:\\\/\\\/ubirataonline.com.br\\\/la-nieve-cubre-montana-valle-de-uco-y-el-sur\\\/\"]}]},{\"@type\":\"ImageObject\",\"inLanguage\":\"en-US\",\"@id\":\"https:\\\/\\\/ubirataonline.com.br\\\/la-nieve-cubre-montana-valle-de-uco-y-el-sur\\\/#primaryimage\",\"url\":\"https:\\\/\\\/ubirataonline.com.br\\\/wp-content\\\/uploads\\\/2026\\\/05\\\/la-nieve-cubre-montana-Valle-de-Uco-y-el-Sur.jpg\",\"contentUrl\":\"https:\\\/\\\/ubirataonline.com.br\\\/wp-content\\\/uploads\\\/2026\\\/05\\\/la-nieve-cubre-montana-Valle-de-Uco-y-el-Sur.jpg\",\"width\":1200,\"height\":675,\"caption\":\"As\u00ed se ve\u00eda la zona de Vallecitos, en la cordillera mendocina en la ma\u00f1ana de este s\u00e1bado 16 de mayo.&nbsp;\"},{\"@type\":\"BreadcrumbList\",\"@id\":\"https:\\\/\\\/ubirataonline.com.br\\\/la-nieve-cubre-montana-valle-de-uco-y-el-sur\\\/#breadcrumb\",\"itemListElement\":[{\"@type\":\"ListItem\",\"position\":1,\"name\":\"In\u00edcio\",\"item\":\"https:\\\/\\\/ubirataonline.com.br\\\/\"},{\"@type\":\"ListItem\",\"position\":2,\"name\":\"la nieve cubre monta\u00f1a, Valle de Uco y el Sur\"}]},{\"@type\":\"WebSite\",\"@id\":\"https:\\\/\\\/ubirataonline.com.br\\\/#website\",\"url\":\"https:\\\/\\\/ubirataonline.com.br\\\/\",\"name\":\"Ubirat\u00e3 Online Not\u00edcias\",\"description\":\"Not\u00edcias de Ubirat\u00e3, regi\u00e3o, Brasil e mundo, com informa\u00e7\u00e3o atualizada e compromisso com o leitor.\",\"publisher\":{\"@id\":\"https:\\\/\\\/ubirataonline.com.br\\\/#organization\"},\"alternateName\":\"Ubirat\u00e3 Online\",\"potentialAction\":[{\"@type\":\"SearchAction\",\"target\":{\"@type\":\"EntryPoint\",\"urlTemplate\":\"https:\\\/\\\/ubirataonline.com.br\\\/?s={search_term_string}\"},\"query-input\":{\"@type\":\"PropertyValueSpecification\",\"valueRequired\":true,\"valueName\":\"search_term_string\"}}],\"inLanguage\":\"en-US\"},{\"@type\":[\"Organization\",\"Place\"],\"@id\":\"https:\\\/\\\/ubirataonline.com.br\\\/#organization\",\"name\":\"Ubirat\u00e3 Online Not\u00edcias\",\"alternateName\":\"Ubirat\u00e3 Online\",\"url\":\"https:\\\/\\\/ubirataonline.com.br\\\/\",\"logo\":{\"@id\":\"https:\\\/\\\/ubirataonline.com.br\\\/la-nieve-cubre-montana-valle-de-uco-y-el-sur\\\/#local-main-organization-logo\"},\"image\":{\"@id\":\"https:\\\/\\\/ubirataonline.com.br\\\/la-nieve-cubre-montana-valle-de-uco-y-el-sur\\\/#local-main-organization-logo\"},\"sameAs\":[\"https:\\\/\\\/www.facebook.com\\\/portalubirataonline\",\"https:\\\/\\\/x.com\\\/ubirataonline\",\"https:\\\/\\\/mastodon.social\\\/@ubirataonline\",\"https:\\\/\\\/www.facebook.com\\\/groups\\\/311144672285604\",\"https:\\\/\\\/www.facebook.com\\\/UBTAOnline\",\"https:\\\/\\\/www.instagram.com\\\/portalubirataonline\\\/\",\"https:\\\/\\\/twitter.com\\\/ubirataonline\"],\"description\":\"Somos um portal de not\u00edcias independente, criado em 5 de janeiro de 2009, com o objetivo de informar, conectar e valorizar a nossa comunidade de Ubirat\u00e3 e toda aregi\u00e3o. Com conte\u00fado atualizado, confi\u00e1vel e relevante, o Ubirat\u00e3 Online \u00e9 o seu espa\u00e7o para ficar por dentro dos principais acontecimentos locais, regionais, Brasil, Mundo e de interesse geral. Nosso compromisso \u00e9 com a verdade, a transpar\u00eancia e o respeito ao leitor.\",\"legalName\":\"UBIRATA ONLINE NOT\u00cdCIAS\",\"foundingDate\":\"2009-01-05\",\"numberOfEmployees\":{\"@type\":\"QuantitativeValue\",\"minValue\":\"1\",\"maxValue\":\"10\"},\"publishingPrinciples\":\"https:\\\/\\\/ubirataonline.com.br\\\/faq\\\/\",\"address\":{\"@id\":\"https:\\\/\\\/ubirataonline.com.br\\\/la-nieve-cubre-montana-valle-de-uco-y-el-sur\\\/#local-main-place-address\"},\"geo\":{\"@type\":\"GeoCoordinates\",\"latitude\":\"-24.5361401\",\"longitude\":\"-52.9921776\"},\"telephone\":[\"+5544998308235\"],\"contactPoint\":{\"@type\":\"ContactPoint\",\"email\":\"contato@ubirataonline.com.br\"},\"openingHoursSpecification\":{\"@type\":\"OpeningHoursSpecification\",\"dayOfWeek\":[\"Monday\",\"Tuesday\",\"Wednesday\",\"Thursday\",\"Friday\",\"Saturday\",\"Sunday\"],\"opens\":\"00:00\",\"closes\":\"23:59\"},\"email\":\"contato@ubirataonline.com.br\",\"vatID\":\"47.621.418\\\/0001-80\"},{\"@type\":\"Person\",\"@id\":\"https:\\\/\\\/ubirataonline.com.br\\\/#\\\/schema\\\/person\\\/372f87bbd3fdd79b8556b84c98d0bc1c\",\"name\":\"REDA\u00c7\u00c3O: UBIRAT\u00c3 ONLINE - F\u00c1BIO AUGUSTO CELESTINO\",\"pronouns\":\"Ele\",\"description\":\"Desde 2003 trabalhando com not\u00edcias.\",\"sameAs\":[\"http:\\\/\\\/ubirataoline.com.br\",\"https:\\\/\\\/www.facebook.com\\\/portalubirataonline\",\"https:\\\/\\\/www.instagram.com\\\/ubirataonline_oficial\",\"https:\\\/\\\/x.com\\\/x.com\\\/ubirataonline\"],\"honorificPrefix\":\"Mr.\",\"honorificSuffix\":\"MD\",\"birthDate\":\"1980-06-16\",\"gender\":\"masculino\",\"award\":[\"V\u00e1rios pr\u00eamios de melhor portal da cidade\"],\"jobTitle\":\"Diretor\",\"url\":\"https:\\\/\\\/ubirataonline.com.br\\\/en\\\/author\\\/ubirataonline\\\/\"},{\"@type\":\"PostalAddress\",\"@id\":\"https:\\\/\\\/ubirataonline.com.br\\\/la-nieve-cubre-montana-valle-de-uco-y-el-sur\\\/#local-main-place-address\",\"streetAddress\":\"Rua dos Coqueiros, 104 - Bairro Boa Vista, Rua dos Coqueiros, 104 Bairro Boa Vista\",\"addressLocality\":\"UBIRATA\",\"postalCode\":\"85440-000\",\"addressRegion\":\"PR\",\"addressCountry\":\"BR\"},{\"@type\":\"ImageObject\",\"inLanguage\":\"en-US\",\"@id\":\"https:\\\/\\\/ubirataonline.com.br\\\/la-nieve-cubre-montana-valle-de-uco-y-el-sur\\\/#local-main-organization-logo\",\"url\":\"https:\\\/\\\/ubirataonline.com.br\\\/wp-content\\\/uploads\\\/2026\\\/06\\\/logoubirataonline-1.webp\",\"contentUrl\":\"https:\\\/\\\/ubirataonline.com.br\\\/wp-content\\\/uploads\\\/2026\\\/06\\\/logoubirataonline-1.webp\",\"width\":500,\"height\":500,\"caption\":\"Ubirat\u00e3 Online Not\u00edcias\"}]}<\/script>\n<meta name=\"geo.placename\" content=\"UBIRATA\" \/>\n<meta name=\"geo.position\" content=\"-24.5361401;-52.9921776\" \/>\n<meta name=\"geo.region\" content=\"Brazil\" \/>\n<!-- \/ Yoast SEO Premium plugin. -->","yoast_head_json":{"title":"la nieve cubre monta\u00f1a, Valle de Uco y el Sur - Ubirat\u00e3 Online Not\u00edcias - A realidade ao seu alcance!","description":"Uno de los puntos donde se registr\u00f3 una fuerte ca\u00edda de nieve fue Vallecitos, en alta monta\u00f1a. All\u00ed se espera que la temperatura oscile entre los 0\u00b0C y","robots":{"index":"index","follow":"follow","max-snippet":"max-snippet:-1","max-image-preview":"max-image-preview:large","max-video-preview":"max-video-preview:-1"},"canonical":"https:\/\/ubirataonline.com.br\/en\/la-nieve-cubre-montana-valle-de-uco-y-el-sur\/","og_locale":"en_US","og_type":"article","og_title":"la nieve cubre monta\u00f1a, Valle de Uco y el Sur","og_description":"Uno de los puntos donde se registr\u00f3 una fuerte ca\u00edda de nieve fue Vallecitos, en alta monta\u00f1a. All\u00ed se espera que la temperatura oscile entre los 0\u00b0C y","og_url":"https:\/\/ubirataonline.com.br\/en\/la-nieve-cubre-montana-valle-de-uco-y-el-sur\/","og_site_name":"Ubirat\u00e3 Online Not\u00edcias - A realidade ao seu alcance!","article_publisher":"https:\/\/www.facebook.com\/portalubirataonline","article_author":"https:\/\/www.facebook.com\/portalubirataonline","article_published_time":"2026-05-16T19:33:08+00:00","article_modified_time":"2026-05-16T19:33:10+00:00","og_image":[{"width":1200,"height":675,"url":"https:\/\/ubirataonline.com.br\/wp-content\/uploads\/2026\/05\/la-nieve-cubre-montana-Valle-de-Uco-y-el-Sur.jpg","type":"image\/jpeg"}],"author":"REDA\u00c7\u00c3O: UBIRAT\u00c3 ONLINE - F\u00c1BIO AUGUSTO CELESTINO","twitter_card":"summary_large_image","twitter_creator":"@x.com\/ubirataonline","twitter_site":"@ubirataonline","twitter_misc":{"Written by":"REDA\u00c7\u00c3O: UBIRAT\u00c3 ONLINE - F\u00c1BIO AUGUSTO CELESTINO","Est. reading time":"2 minutes"},"schema":{"@context":"https:\/\/schema.org","@graph":[{"@type":"NewsArticle","@id":"https:\/\/ubirataonline.com.br\/la-nieve-cubre-montana-valle-de-uco-y-el-sur\/#article","isPartOf":{"@id":"https:\/\/ubirataonline.com.br\/la-nieve-cubre-montana-valle-de-uco-y-el-sur\/"},"author":{"name":"REDA\u00c7\u00c3O: UBIRAT\u00c3 ONLINE - F\u00c1BIO AUGUSTO CELESTINO","@id":"https:\/\/ubirataonline.com.br\/#\/schema\/person\/372f87bbd3fdd79b8556b84c98d0bc1c"},"headline":"la nieve cubre monta\u00f1a, Valle de Uco y el Sur","datePublished":"2026-05-16T19:33:08+00:00","dateModified":"2026-05-16T19:33:10+00:00","mainEntityOfPage":{"@id":"https:\/\/ubirataonline.com.br\/la-nieve-cubre-montana-valle-de-uco-y-el-sur\/"},"wordCount":407,"publisher":{"@id":"https:\/\/ubirataonline.com.br\/#organization"},"image":{"@id":"https:\/\/ubirataonline.com.br\/la-nieve-cubre-montana-valle-de-uco-y-el-sur\/#primaryimage"},"thumbnailUrl":"https:\/\/ubirataonline.com.br\/wp-content\/uploads\/2026\/05\/la-nieve-cubre-montana-Valle-de-Uco-y-el-Sur.jpg","keywords":["cubre","Montana","nieve","sur","Uco","Valle"],"articleSection":["Ubirat\u00e3"],"inLanguage":"en-US","copyrightYear":"2026","copyrightHolder":{"@id":"https:\/\/ubirataonline.com.br\/en\/#organization"}},{"@type":"WebPage","@id":"https:\/\/ubirataonline.com.br\/la-nieve-cubre-montana-valle-de-uco-y-el-sur\/","url":"https:\/\/ubirataonline.com.br\/la-nieve-cubre-montana-valle-de-uco-y-el-sur\/","name":"la nieve cubre monta\u00f1a, Valle de Uco y el Sur - Ubirat\u00e3 Online Not\u00edcias - A realidade ao seu alcance!","isPartOf":{"@id":"https:\/\/ubirataonline.com.br\/#website"},"primaryImageOfPage":{"@id":"https:\/\/ubirataonline.com.br\/la-nieve-cubre-montana-valle-de-uco-y-el-sur\/#primaryimage"},"image":{"@id":"https:\/\/ubirataonline.com.br\/la-nieve-cubre-montana-valle-de-uco-y-el-sur\/#primaryimage"},"thumbnailUrl":"https:\/\/ubirataonline.com.br\/wp-content\/uploads\/2026\/05\/la-nieve-cubre-montana-Valle-de-Uco-y-el-Sur.jpg","datePublished":"2026-05-16T19:33:08+00:00","dateModified":"2026-05-16T19:33:10+00:00","description":"Uno de los puntos donde se registr\u00f3 una fuerte ca\u00edda de nieve fue Vallecitos, en alta monta\u00f1a. All\u00ed se espera que la temperatura oscile entre los 0\u00b0C y","breadcrumb":{"@id":"https:\/\/ubirataonline.com.br\/la-nieve-cubre-montana-valle-de-uco-y-el-sur\/#breadcrumb"},"inLanguage":"en-US","potentialAction":[{"@type":"ReadAction","target":["https:\/\/ubirataonline.com.br\/la-nieve-cubre-montana-valle-de-uco-y-el-sur\/"]}]},{"@type":"ImageObject","inLanguage":"en-US","@id":"https:\/\/ubirataonline.com.br\/la-nieve-cubre-montana-valle-de-uco-y-el-sur\/#primaryimage","url":"https:\/\/ubirataonline.com.br\/wp-content\/uploads\/2026\/05\/la-nieve-cubre-montana-Valle-de-Uco-y-el-Sur.jpg","contentUrl":"https:\/\/ubirataonline.com.br\/wp-content\/uploads\/2026\/05\/la-nieve-cubre-montana-Valle-de-Uco-y-el-Sur.jpg","width":1200,"height":675,"caption":"As\u00ed se ve\u00eda la zona de Vallecitos, en la cordillera mendocina en la ma\u00f1ana de este s\u00e1bado 16 de mayo.&nbsp;"},{"@type":"BreadcrumbList","@id":"https:\/\/ubirataonline.com.br\/la-nieve-cubre-montana-valle-de-uco-y-el-sur\/#breadcrumb","itemListElement":[{"@type":"ListItem","position":1,"name":"In\u00edcio","item":"https:\/\/ubirataonline.com.br\/"},{"@type":"ListItem","position":2,"name":"la nieve cubre monta\u00f1a, Valle de Uco y el Sur"}]},{"@type":"WebSite","@id":"https:\/\/ubirataonline.com.br\/#website","url":"https:\/\/ubirataonline.com.br\/","name":"Ubirat\u00e3 Online Not\u00edcias","description":"Not\u00edcias de Ubirat\u00e3, regi\u00e3o, Brasil e mundo, com informa\u00e7\u00e3o atualizada e compromisso com o leitor.","publisher":{"@id":"https:\/\/ubirataonline.com.br\/#organization"},"alternateName":"Ubirat\u00e3 Online","potentialAction":[{"@type":"SearchAction","target":{"@type":"EntryPoint","urlTemplate":"https:\/\/ubirataonline.com.br\/?s={search_term_string}"},"query-input":{"@type":"PropertyValueSpecification","valueRequired":true,"valueName":"search_term_string"}}],"inLanguage":"en-US"},{"@type":["Organization","Place"],"@id":"https:\/\/ubirataonline.com.br\/#organization","name":"Ubirat\u00e3 Online Not\u00edcias","alternateName":"Ubirat\u00e3 Online","url":"https:\/\/ubirataonline.com.br\/","logo":{"@id":"https:\/\/ubirataonline.com.br\/la-nieve-cubre-montana-valle-de-uco-y-el-sur\/#local-main-organization-logo"},"image":{"@id":"https:\/\/ubirataonline.com.br\/la-nieve-cubre-montana-valle-de-uco-y-el-sur\/#local-main-organization-logo"},"sameAs":["https:\/\/www.facebook.com\/portalubirataonline","https:\/\/x.com\/ubirataonline","https:\/\/mastodon.social\/@ubirataonline","https:\/\/www.facebook.com\/groups\/311144672285604","https:\/\/www.facebook.com\/UBTAOnline","https:\/\/www.instagram.com\/portalubirataonline\/","https:\/\/twitter.com\/ubirataonline"],"description":"Somos um portal de not\u00edcias independente, criado em 5 de janeiro de 2009, com o objetivo de informar, conectar e valorizar a nossa comunidade de Ubirat\u00e3 e toda aregi\u00e3o. Com conte\u00fado atualizado, confi\u00e1vel e relevante, o Ubirat\u00e3 Online \u00e9 o seu espa\u00e7o para ficar por dentro dos principais acontecimentos locais, regionais, Brasil, Mundo e de interesse geral. Nosso compromisso \u00e9 com a verdade, a transpar\u00eancia e o respeito ao leitor.","legalName":"UBIRATA ONLINE NOT\u00cdCIAS","foundingDate":"2009-01-05","numberOfEmployees":{"@type":"QuantitativeValue","minValue":"1","maxValue":"10"},"publishingPrinciples":"https:\/\/ubirataonline.com.br\/faq\/","address":{"@id":"https:\/\/ubirataonline.com.br\/la-nieve-cubre-montana-valle-de-uco-y-el-sur\/#local-main-place-address"},"geo":{"@type":"GeoCoordinates","latitude":"-24.5361401","longitude":"-52.9921776"},"telephone":["+5544998308235"],"contactPoint":{"@type":"ContactPoint","email":"contato@ubirataonline.com.br"},"openingHoursSpecification":{"@type":"OpeningHoursSpecification","dayOfWeek":["Monday","Tuesday","Wednesday","Thursday","Friday","Saturday","Sunday"],"opens":"00:00","closes":"23:59"},"email":"contato@ubirataonline.com.br","vatID":"47.621.418\/0001-80"},{"@type":"Person","@id":"https:\/\/ubirataonline.com.br\/#\/schema\/person\/372f87bbd3fdd79b8556b84c98d0bc1c","name":"REDA\u00c7\u00c3O: UBIRAT\u00c3 ONLINE - F\u00c1BIO AUGUSTO CELESTINO","pronouns":"Ele","description":"Desde 2003 trabalhando com not\u00edcias.","sameAs":["http:\/\/ubirataoline.com.br","https:\/\/www.facebook.com\/portalubirataonline","https:\/\/www.instagram.com\/ubirataonline_oficial","https:\/\/x.com\/x.com\/ubirataonline"],"honorificPrefix":"Mr.","honorificSuffix":"MD","birthDate":"1980-06-16","gender":"masculino","award":["V\u00e1rios pr\u00eamios de melhor portal da cidade"],"jobTitle":"Diretor","url":"https:\/\/ubirataonline.com.br\/en\/author\/ubirataonline\/"},{"@type":"PostalAddress","@id":"https:\/\/ubirataonline.com.br\/la-nieve-cubre-montana-valle-de-uco-y-el-sur\/#local-main-place-address","streetAddress":"Rua dos Coqueiros, 104 - Bairro Boa Vista, Rua dos Coqueiros, 104 Bairro Boa Vista","addressLocality":"UBIRATA","postalCode":"85440-000","addressRegion":"PR","addressCountry":"BR"},{"@type":"ImageObject","inLanguage":"en-US","@id":"https:\/\/ubirataonline.com.br\/la-nieve-cubre-montana-valle-de-uco-y-el-sur\/#local-main-organization-logo","url":"https:\/\/ubirataonline.com.br\/wp-content\/uploads\/2026\/06\/logoubirataonline-1.webp","contentUrl":"https:\/\/ubirataonline.com.br\/wp-content\/uploads\/2026\/06\/logoubirataonline-1.webp","width":500,"height":500,"caption":"Ubirat\u00e3 Online Not\u00edcias"}]},"geo.placename":"UBIRATA","geo.position":{"lat":"-24.5361401","long":"-52.9921776"},"geo.region":"Brazil"},"_links":{"self":[{"href":"https:\/\/ubirataonline.com.br\/en\/wp-json\/wp\/v2\/posts\/131469","targetHints":{"allow":["GET"]}}],"collection":[{"href":"https:\/\/ubirataonline.com.br\/en\/wp-json\/wp\/v2\/posts"}],"about":[{"href":"https:\/\/ubirataonline.com.br\/en\/wp-json\/wp\/v2\/types\/post"}],"author":[{"embeddable":true,"href":"https:\/\/ubirataonline.com.br\/en\/wp-json\/wp\/v2\/users\/1"}],"replies":[{"embeddable":true,"href":"https:\/\/ubirataonline.com.br\/en\/wp-json\/wp\/v2\/comments?post=131469"}],"version-history":[{"count":0,"href":"https:\/\/ubirataonline.com.br\/en\/wp-json\/wp\/v2\/posts\/131469\/revisions"}],"wp:featuredmedia":[{"embeddable":true,"href":"https:\/\/ubirataonline.com.br\/en\/wp-json\/wp\/v2\/media\/131470"}],"wp:attachment":[{"href":"https:\/\/ubirataonline.com.br\/en\/wp-json\/wp\/v2\/media?parent=131469"}],"wp:term":[{"taxonomy":"category","embeddable":true,"href":"https:\/\/ubirataonline.com.br\/en\/wp-json\/wp\/v2\/categories?post=131469"},{"taxonomy":"post_tag","embeddable":true,"href":"https:\/\/ubirataonline.com.br\/en\/wp-json\/wp\/v2\/tags?post=131469"}],"curies":[{"name":"wp","href":"https:\/\/api.w.org\/{rel}","templated":true}]}}