{"id":131763,"date":"2026-05-16T23:37:12","date_gmt":"2026-05-17T02:37:12","guid":{"rendered":"https:\/\/ubirataonline.com.br\/ele-fugiu-do-nazismo-para-erguer-este-edificio-agora-um-plano-milionario-vai-reabri-lo\/"},"modified":"2026-05-16T23:37:16","modified_gmt":"2026-05-17T02:37:16","slug":"ele-fugiu-do-nazismo-para-erguer-este-edificio-agora-um-plano-milionario-vai-reabri-lo","status":"publish","type":"post","link":"https:\/\/ubirataonline.com.br\/en\/ele-fugiu-do-nazismo-para-erguer-este-edificio-agora-um-plano-milionario-vai-reabri-lo\/","title":{"rendered":"Ele fugiu do nazismo para erguer este edif\u00edcio. Agora, um plano milion\u00e1rio vai reabri-lo"},"content":{"rendered":"<p><\/p>\n<div id=\"post-content\">\n<p>O fogo amea\u00e7ou consumir uma p\u00e1gina da hist\u00f3ria da imigra\u00e7\u00e3o polonesa em Curitiba. Em dezembro de 2012, um inc\u00eandio em um apartamento parecia ser a bola de demoli\u00e7\u00e3o do <strong>Edif\u00edcio Brasil<\/strong>, uma das primeiras edifica\u00e7\u00f5es verticais do bairro das Merc\u00eas, constru\u00eddo em 1959 por um <strong>imigrante judeu polon\u00eas que, em 1942, fugiu de um gueto em seu pa\u00eds durante a ocupa\u00e7\u00e3o nazista<\/strong>. Um projeto de <em>retrofit <\/em>em an\u00e1lise quer manter essa hist\u00f3ria viva.<\/p>\n<p>O <em>retrofit <\/em>\u00e9 um processo de recupera\u00e7\u00e3o de constru\u00e7\u00f5es antigas que <strong>conserva as caracter\u00edsticas principais do projeto original<\/strong>, como o estilo arquitet\u00f4nico, e atualiza elementos que podem ser melhorados.<\/p>\n<p>O edif\u00edcio de tr\u00eas andares e 11 apartamentos com \u00e1rea comercial no t\u00e9rreo j\u00e1 enfrentava um processo lento de degrada\u00e7\u00e3o antes do <strong>inc\u00eandio<\/strong>. As transforma\u00e7\u00f5es urbanas e a aus\u00eancia de garagem foram tirando o brilho da edifica\u00e7\u00e3o, em meio a um bairro central que se verticalizava. Em 2014, o pr\u00e9dio foi definitivamente <strong>abandonado<\/strong>.<\/p>\n<p>No ano passado, a incorporadora Weefor adquiriu o edif\u00edcio da fam\u00edlia de Nathan, por meio de seu neto, por <strong>R$ 3 milh\u00f5es<\/strong>. A revitaliza\u00e7\u00e3o coordenada pela empresa conta com projeto do Est\u00fadio 41, escrit\u00f3rio de arquitetura de Curitiba com alguns pr\u00eamios na bagagem. O projeto est\u00e1 em an\u00e1lise pelo Conselho Municipal de Urbanismo. A expectativa \u00e9 que a aprova\u00e7\u00e3o saia at\u00e9 dezembro deste ano. Com o aval da prefeitura, a proje\u00e7\u00e3o da companhia \u00e9 que as obras durem dois anos.<\/p>\n<p>Para desenhar o projeto, a construtora ouviu moradores do bairro, trabalhadores e quem circula por ele. \u201cEntrevistamos 180 pessoas para entender o que elas acham do retrofit\u201d, informa<strong> Maria Eug\u00eania Fornea<\/strong>, CEO da Weefor e presidente da Ademi-PR (Associa\u00e7\u00e3o dos Dirigentes de Empresas do Mercado Imobili\u00e1rio do Paran\u00e1). O espa\u00e7o comercial vai ser mantido no t\u00e9rreo, e o edif\u00edcio vai seguir sem garagem.<\/p>\n<p>\u201cMuitos dos entrevistados, que se colocam como potenciais interessados, <strong>colocaram o carro como algo n\u00e3o t\u00e3o necess\u00e1rio<\/strong> na vida deles\u201d, conta a executiva. \u201cO que foi uma surpresa positiva, porque a gente entende que comprometeria a integra\u00e7\u00e3o com o entorno se fosse preciso colocar vagas de garagem\u201d, completa. Este \u00e9 o primeiro projeto de retrofit da Weefor.<\/p>\n<figure class=\"wp-block-image size-post_image\"><figcaption class=\"wp-element-caption\">Em 2014, o pr\u00e9dio foi desocupado, e portas e janelas lacradas com concreto e madeirite. Foto: Divulga\u00e7\u00e3o Weefor\/Brenda Pontes<\/figcaption><\/figure>\n<h2 class=\"wp-block-heading\" id=\"h-o-brasil-das-merces\">O Brasil das Merc\u00eas<\/h2>\n<p>O Edif\u00edcio Brasil foi constru\u00eddo em 1959 em alvenaria estrutural por <strong>Nuchym Szniter<\/strong>, ou Nathan, como ficou conhecido. Ele desembarcou em Curitiba em 1947, aos 27 anos de idade, fugindo dos horrores do nazismo, sem dinheiro e sem falar portugu\u00eas.<\/p>\n<p>Iniciou os dias na capital como mascate e prosperou como comerciante, at\u00e9 se interessar pelo setor imobili\u00e1rio. No fim dos anos 50, escolheu a <strong>Visconde de Rio Branco<\/strong> (n\u00famero 709), entre a rua Martim Afonso e a Alameda J\u00falia da Costa, para o empreendimento.<\/p>\n<p>No projeto original, fachadas e pilar com pastilhas coloridas, corredores em granilite e sacadas com elemento vazado. O <strong>nome do pr\u00e9dio \u00e9 um gesto de gratid\u00e3o<\/strong> pela oportunidade de recome\u00e7ar a vida no pa\u00eds. Foram 20 anos de funcionamento pleno, com fam\u00edlias ocupando os apartamentos e atividade comercial intensa. Mas assim como toda a cidade, o bairro tamb\u00e9m se transformou.<\/p>\n<p>Se nos anos 30, carro\u00e7as sa\u00eddas de Santa Felicidade atravessavam as Merc\u00eas, a reportagem \u201cUm bairro em muta\u00e7\u00e3o\u201d, de 1998 da <strong>Gazeta do Povo<\/strong>, registrou que, para melhorar o fluxo de ve\u00edculos, a prefeitura investiria R$ 346 mil para remodelar ruas do bairro. Moradores pediam a implanta\u00e7\u00e3o de sinaleiros para pedestres, e comerciantes queriam faixas espec\u00edficas para o estacionamento dos clientes. Naquele ano, a frota de ve\u00edculos no bairro era de 10.713, o equivalente a 0,76 por habitante, acima da m\u00e9dia de Curitiba, que era de 0,50.<\/p>\n<p>A passagem do tempo atingiu o Edif\u00edcio Brasil. Pouco antes do inc\u00eandio, apenas uma unidade comercial estava em funcionamento, e muitos apartamentos estavam vazios.<\/p>\n<p>Em julho de 2013, o pr\u00e9dio j\u00e1 dava sinais de abandono, com o fechamento do \u00faltimo com\u00e9rcio e <strong>picha\u00e7\u00e3o <\/strong>vista em parte da fachada. Em maio do ano seguinte, o local foi desocupado, e portas e janelas lacradas com concreto e madeirite. A degrada\u00e7\u00e3o e a ocupa\u00e7\u00e3o informal do espa\u00e7o trouxeram inseguran\u00e7a \u00e0 regi\u00e3o.<\/p>\n<h2 class=\"wp-block-heading\" id=\"h-preservar-a-alma-do-edificio\">\u201cPreservar a alma do edif\u00edcio\u201d<\/h2>\n<p>\u201cAo inv\u00e9s de demolir para construir o novo, optou-se por preservar a alma do edif\u00edcio, adaptando-o \u00e0s necessidades contempor\u00e2neas\u201d, informa material da Weefor sobre o <em>retrofit <\/em>do Edif\u00edcio Brasil. \u201cA aus\u00eancia de garagens (\u2026) \u00e9 agora ressignificada para um p\u00fablico que valoriza a mobilidade urbana, a caminhabilidade e a vida no bairro\u201d, define.<\/p>\n<p>Para a Weefor, afirma a CEO, o desafio \u00e9 evitar a gentrifica\u00e7\u00e3o da localidade em uma eventual euforia causada pelo projeto de recupera\u00e7\u00e3o. \u201cA gente quer trazer pessoas para morar, gerar moradias e resgatar a vida de um bairro muito importante, que \u00e9 a regi\u00e3o central de Curitiba. O maior desafio \u00e9 juntar todas as vari\u00e1veis, principalmente custo, para conseguir manter a mem\u00f3ria sem que isso expulse pessoas\u201d, afirma.<\/p>\n<p>A construtora vai ter de esperar o in\u00edcio das obras para saber o investimento na restaura\u00e7\u00e3o. Mas trabalha inicialmente com a expectativa de ofertar o metro quadrado a partir de R$ 11 mil. \u201cEsperamos n\u00e3o passar disso, mas n\u00e3o posso garantir que n\u00e3o v\u00e1 passar\u201d, diz Maria Eug\u00eania.<\/p>\n<section class=\"virals\">\n<article class=\"cardnews cardnews--post cardnews--has-thumbnail cardnews--editorial-noticias\"> <a href=\"https:\/\/www.tribunapr.com.br\/noticias\/parana\/conheca-mel-raro-interior-parana-floradas-especiais-sabor-suave\/?utm_source=noticias-virais-rodape&amp;utm_medium=internal-tribuna&amp;utm_campaign=tribuna\" class=\"cardnews__postlink\"> <\/p>\n<div class=\"cardnews__image\" is-api-thumb=\"\"><img decoding=\"async\" src=\"https:\/\/www.tribunapr.com.br\/wp-content\/uploads\/2026\/04\/06165055\/mel-ortigueira-370x210.jpg\" loading=\"lazy\" alt=\"Conhe\u00e7a o mel raro do interior do Paran\u00e1 que nasce de floradas especiais e tem sabor suave\"\/><\/div>\n<div class=\"cardnews__content cardhome__content\">\n<div class=\"cardnews__content-wrapper\">\n<p> <span style=\"\"> Denomina\u00e7\u00e3o de Origem <\/span> <\/p>\n<p>Conhe\u00e7a o mel raro do interior do Paran\u00e1 que nasce de floradas especiais e tem sabor suave<\/p>\n<\/p><\/div>\n<\/p><\/div>\n<p> <\/a> <\/article>\n<article class=\"cardnews cardnews--post cardnews--has-thumbnail cardnews--editorial-noticias\"> <a href=\"https:\/\/www.tribunapr.com.br\/noticias\/curitiba-regiao\/curitiba-e-a-nova-miami-capital-e-a-que-mais-recebe-cubanos-do-brasil\/?utm_source=noticias-virais-rodape&amp;utm_medium=internal-tribuna&amp;utm_campaign=tribuna\" class=\"cardnews__postlink\"> <\/p>\n<div class=\"cardnews__image\" is-api-thumb=\"\"><img decoding=\"async\" src=\"https:\/\/www.tribunapr.com.br\/wp-content\/uploads\/2026\/04\/02194022\/centro-de-Curitiba-370x210.jpg\" loading=\"lazy\" alt=\"Curitiba \u00e9 a nova Miami: capital paranaense \u00e9 a que mais recebe cubanos do Brasil\"\/><\/div>\n<div class=\"cardnews__content cardhome__content\">\n<div class=\"cardnews__content-wrapper\">\n<p> <span style=\"\"> Imigra\u00e7\u00e3o <\/span> <\/p>\n<p>Curitiba \u00e9 a nova Miami: capital paranaense \u00e9 a que mais recebe cubanos do Brasil<\/p>\n<\/p><\/div>\n<\/p><\/div>\n<p> <\/a> <\/article>\n<article class=\"cardnews cardnews--post cardnews--has-thumbnail cardnews--editorial-noticias\"> <a href=\"https:\/\/www.tribunapr.com.br\/noticias\/parana\/futebol-ajuda-imigrantes-venezuelanos-reconstruir-vinculos-curitiba\/?utm_source=noticias-virais-rodape&amp;utm_medium=internal-tribuna&amp;utm_campaign=tribuna\" class=\"cardnews__postlink\"> <\/p>\n<div class=\"cardnews__image\" is-api-thumb=\"\"><img decoding=\"async\" src=\"https:\/\/www.tribunapr.com.br\/wp-content\/uploads\/2026\/04\/12141044\/liga-venezuela-370x210.jpg\" loading=\"lazy\" alt=\"Futebol ajuda imigrantes venezuelanos a reconstruir v\u00ednculos em Curitiba\"\/><\/div>\n<div class=\"cardnews__content cardhome__content\">\n<div class=\"cardnews__content-wrapper\">\n<p> <span style=\"\"> Paix\u00e3o compartilhada <\/span> <\/p>\n<p>Futebol ajuda imigrantes venezuelanos a reconstruir v\u00ednculos em Curitiba<\/p>\n<\/p><\/div>\n<\/p><\/div>\n<p> <\/a> <\/article>\n<\/section>\n<div id=\"tribuna-follow-cta\">\n<p> <span class=\"cta-title\">Siga a <span class=\"tribuna-color\">Tribuna<\/span> no Google, e acompanhe as \u00faltimas not\u00edcias de Curitiba e regi\u00e3o!<\/span> <\/p>\n<p> <a href=\"https:\/\/profile.google.com\/cp\/CgwvZy8xMmxxajUzM3Mac2h0dHBzOi8vd3d3LnRyaWJ1bmFwci5jb20uYnIvdml2YS92aXRyaW5lL2dpZ2FudGUtZG8tdmVzdHVhcmlvLXJlaW5hdWd1cmEtbG9qYS1lbS1zaG9wcGluZy10cmFkaWNpb25hbC1kZS1jdXJpdGliYS8iElRyaWJ1bmEgZG8gUGFyYW7DoSqAAwrHAWh0dHBzOi8vZW5jcnlwdGVkLXRibjIuZ3N0YXRpYy5jb20vZmF2aWNvbi10Ym4_cT10Ym46QU5kOUdjUVJPbjVDRjR6TzJPbkUwTXZrRlRCRTY2U0g1bGlaVDRaZTV3bWNKeU5GRm1BSnluM01nNU9PR3BXY1pYMzZwYU5HUWtsZ09JVEFLTTNNZVNGbTc1aWp6M3k2ajUtQ3M2b25kX2JUcFFQQkVLd3RsUjBsTmJESnUtVHhrNXQtbFlCNlVpOWZSVVFjT2cSswFodHRwczovL2VuY3J5cHRlZC10Ym4zLmdzdGF0aWMuY29tL2Zhdmljb24tdGJuP3E9dGJuJTNBQU5kOUdjU0FMaWJ2eFF0YXdFMFRueVdWWmVKRS1MZEdRZjVTUi1OZ2RMazhyZzIwVy1nM0JuQ1F4VDNKZFBjRXR2THdBeVRxUDJEdHVycEdVR29CQkxpYzM5al9wSmFxRERaMHNCYW05WEVhSGVsMmZTQmdKdlF4WWVyMw\" target=\"_blank\" title=\"Seguir a Tribuna no Google\">  <\/a> <\/div>\n<\/p><\/div>\n<p><a href=\"https:\/\/www.tribunapr.com.br\/noticias\/curitiba-regiao\/ele-fugiu-nazismo-erguer-edificio-plano-milionario\/\">Fonte do Artigo <\/a><\/p>","protected":false},"excerpt":{"rendered":"<p>O fogo amea\u00e7ou consumir uma p\u00e1gina da hist\u00f3ria da imigra\u00e7\u00e3o polonesa em Curitiba. Em dezembro de 2012, um inc\u00eandio em um apartamento parecia ser a bola de demoli\u00e7\u00e3o do Edif\u00edcio Brasil, uma das primeiras edifica\u00e7\u00f5es verticais do bairro das Merc\u00eas, constru\u00eddo em 1959 por um imigrante judeu polon\u00eas que, em 1942, fugiu de um gueto [&hellip;]<\/p>\n","protected":false},"author":1,"featured_media":131764,"comment_status":"closed","ping_status":"","sticky":false,"template":"","format":"standard","meta":{"googlesitekit_rrm_CAow2JLhCw:productID":"","_gspb_post_css":"","maa_idioma":"","maa_pais":"","footnotes":""},"categories":[1],"tags":[6629,30193,12858,36221,7445,36220,6025,14024,2904,4485,36222,3346],"class_list":["post-131763","post","type-post","status-publish","format-standard","has-post-thumbnail","hentry","category-ubirata","tag-agora","tag-edificio","tag-ele","tag-erguer","tag-este","tag-fugiu","tag-milionario","tag-nazismo","tag-para","tag-plano","tag-reabrilo","tag-vai"],"blocksy_meta":[],"yoast_head":"<!-- This site is optimized with the Yoast SEO Premium plugin v27.6 (Yoast SEO v27.6) - https:\/\/yoast.com\/product\/yoast-seo-premium-wordpress\/ -->\n<title>Ele fugiu do nazismo para erguer este edif\u00edcio. Agora, um plano milion\u00e1rio vai reabri-lo - Ubirat\u00e3 Online Not\u00edcias - A realidade ao seu alcance!<\/title>\n<meta name=\"description\" content=\"O fogo amea\u00e7ou consumir uma p\u00e1gina da hist\u00f3ria da imigra\u00e7\u00e3o polonesa em Curitiba. Em dezembro de 2012, um inc\u00eandio em um apartamento parecia ser a bola de\" \/>\n<meta name=\"robots\" content=\"index, follow, max-snippet:-1, max-image-preview:large, max-video-preview:-1\" \/>\n<link rel=\"canonical\" href=\"https:\/\/ubirataonline.com.br\/en\/ele-fugiu-do-nazismo-para-erguer-este-edificio-agora-um-plano-milionario-vai-reabri-lo\/\" \/>\n<meta property=\"og:locale\" content=\"en_US\" \/>\n<meta property=\"og:type\" content=\"article\" \/>\n<meta property=\"og:title\" content=\"Ele fugiu do nazismo para erguer este edif\u00edcio. Agora, um plano milion\u00e1rio vai reabri-lo\" \/>\n<meta property=\"og:description\" content=\"O fogo amea\u00e7ou consumir uma p\u00e1gina da hist\u00f3ria da imigra\u00e7\u00e3o polonesa em Curitiba. Em dezembro de 2012, um inc\u00eandio em um apartamento parecia ser a bola de\" \/>\n<meta property=\"og:url\" content=\"https:\/\/ubirataonline.com.br\/en\/ele-fugiu-do-nazismo-para-erguer-este-edificio-agora-um-plano-milionario-vai-reabri-lo\/\" \/>\n<meta property=\"og:site_name\" content=\"Ubirat\u00e3 Online Not\u00edcias - A realidade ao seu alcance!\" \/>\n<meta property=\"article:publisher\" content=\"https:\/\/www.facebook.com\/portalubirataonline\" \/>\n<meta property=\"article:author\" content=\"https:\/\/www.facebook.com\/portalubirataonline\" \/>\n<meta property=\"article:published_time\" content=\"2026-05-17T02:37:12+00:00\" \/>\n<meta property=\"article:modified_time\" content=\"2026-05-17T02:37:16+00:00\" \/>\n<meta property=\"og:image\" content=\"https:\/\/ubirataonline.com.br\/wp-content\/uploads\/2026\/05\/Ele-fugiu-do-nazismo-para-erguer-este-edificio-Agora-um.jpg\" \/>\n\t<meta property=\"og:image:width\" content=\"2560\" \/>\n\t<meta property=\"og:image:height\" content=\"1440\" \/>\n\t<meta property=\"og:image:type\" content=\"image\/jpeg\" \/>\n<meta name=\"author\" content=\"REDA\u00c7\u00c3O: UBIRAT\u00c3 ONLINE - F\u00c1BIO AUGUSTO CELESTINO\" \/>\n<meta name=\"twitter:card\" content=\"summary_large_image\" \/>\n<meta name=\"twitter:creator\" content=\"@x.com\/ubirataonline\" \/>\n<meta name=\"twitter:site\" content=\"@ubirataonline\" \/>\n<meta name=\"twitter:label1\" content=\"Written by\" \/>\n\t<meta name=\"twitter:data1\" content=\"REDA\u00c7\u00c3O: UBIRAT\u00c3 ONLINE - F\u00c1BIO AUGUSTO CELESTINO\" \/>\n\t<meta name=\"twitter:label2\" content=\"Est. reading time\" \/>\n\t<meta name=\"twitter:data2\" content=\"5 minutes\" \/>\n<script type=\"application\/ld+json\" class=\"yoast-schema-graph\">{\"@context\":\"https:\\\/\\\/schema.org\",\"@graph\":[{\"@type\":\"NewsArticle\",\"@id\":\"https:\\\/\\\/ubirataonline.com.br\\\/ele-fugiu-do-nazismo-para-erguer-este-edificio-agora-um-plano-milionario-vai-reabri-lo\\\/#article\",\"isPartOf\":{\"@id\":\"https:\\\/\\\/ubirataonline.com.br\\\/ele-fugiu-do-nazismo-para-erguer-este-edificio-agora-um-plano-milionario-vai-reabri-lo\\\/\"},\"author\":{\"name\":\"REDA\u00c7\u00c3O: UBIRAT\u00c3 ONLINE - F\u00c1BIO AUGUSTO CELESTINO\",\"@id\":\"https:\\\/\\\/ubirataonline.com.br\\\/#\\\/schema\\\/person\\\/372f87bbd3fdd79b8556b84c98d0bc1c\"},\"headline\":\"Ele fugiu do nazismo para erguer este edif\u00edcio. Agora, um plano milion\u00e1rio vai reabri-lo\",\"datePublished\":\"2026-05-17T02:37:12+00:00\",\"dateModified\":\"2026-05-17T02:37:16+00:00\",\"mainEntityOfPage\":{\"@id\":\"https:\\\/\\\/ubirataonline.com.br\\\/ele-fugiu-do-nazismo-para-erguer-este-edificio-agora-um-plano-milionario-vai-reabri-lo\\\/\"},\"wordCount\":1014,\"publisher\":{\"@id\":\"https:\\\/\\\/ubirataonline.com.br\\\/#organization\"},\"image\":{\"@id\":\"https:\\\/\\\/ubirataonline.com.br\\\/ele-fugiu-do-nazismo-para-erguer-este-edificio-agora-um-plano-milionario-vai-reabri-lo\\\/#primaryimage\"},\"thumbnailUrl\":\"https:\\\/\\\/ubirataonline.com.br\\\/wp-content\\\/uploads\\\/2026\\\/05\\\/Ele-fugiu-do-nazismo-para-erguer-este-edificio-Agora-um.jpg\",\"keywords\":[\"Agora\",\"edif\u00edcio\",\"ele\",\"erguer\",\"este\",\"fugiu\",\"milion\u00e1rio\",\"nazismo\",\"para\",\"plano\",\"reabrilo\",\"vai\"],\"articleSection\":[\"Ubirat\u00e3\"],\"inLanguage\":\"en-US\",\"copyrightYear\":\"2026\",\"copyrightHolder\":{\"@id\":\"https:\\\/\\\/ubirataonline.com.br\\\/en\\\/#organization\"}},{\"@type\":\"WebPage\",\"@id\":\"https:\\\/\\\/ubirataonline.com.br\\\/ele-fugiu-do-nazismo-para-erguer-este-edificio-agora-um-plano-milionario-vai-reabri-lo\\\/\",\"url\":\"https:\\\/\\\/ubirataonline.com.br\\\/ele-fugiu-do-nazismo-para-erguer-este-edificio-agora-um-plano-milionario-vai-reabri-lo\\\/\",\"name\":\"Ele fugiu do nazismo para erguer este edif\u00edcio. Agora, um plano milion\u00e1rio vai reabri-lo - Ubirat\u00e3 Online Not\u00edcias - A realidade ao seu alcance!\",\"isPartOf\":{\"@id\":\"https:\\\/\\\/ubirataonline.com.br\\\/#website\"},\"primaryImageOfPage\":{\"@id\":\"https:\\\/\\\/ubirataonline.com.br\\\/ele-fugiu-do-nazismo-para-erguer-este-edificio-agora-um-plano-milionario-vai-reabri-lo\\\/#primaryimage\"},\"image\":{\"@id\":\"https:\\\/\\\/ubirataonline.com.br\\\/ele-fugiu-do-nazismo-para-erguer-este-edificio-agora-um-plano-milionario-vai-reabri-lo\\\/#primaryimage\"},\"thumbnailUrl\":\"https:\\\/\\\/ubirataonline.com.br\\\/wp-content\\\/uploads\\\/2026\\\/05\\\/Ele-fugiu-do-nazismo-para-erguer-este-edificio-Agora-um.jpg\",\"datePublished\":\"2026-05-17T02:37:12+00:00\",\"dateModified\":\"2026-05-17T02:37:16+00:00\",\"description\":\"O fogo amea\u00e7ou consumir uma p\u00e1gina da hist\u00f3ria da imigra\u00e7\u00e3o polonesa em Curitiba. Em dezembro de 2012, um inc\u00eandio em um apartamento parecia ser a bola de\",\"breadcrumb\":{\"@id\":\"https:\\\/\\\/ubirataonline.com.br\\\/ele-fugiu-do-nazismo-para-erguer-este-edificio-agora-um-plano-milionario-vai-reabri-lo\\\/#breadcrumb\"},\"inLanguage\":\"en-US\",\"potentialAction\":[{\"@type\":\"ReadAction\",\"target\":[\"https:\\\/\\\/ubirataonline.com.br\\\/ele-fugiu-do-nazismo-para-erguer-este-edificio-agora-um-plano-milionario-vai-reabri-lo\\\/\"]}]},{\"@type\":\"ImageObject\",\"inLanguage\":\"en-US\",\"@id\":\"https:\\\/\\\/ubirataonline.com.br\\\/ele-fugiu-do-nazismo-para-erguer-este-edificio-agora-um-plano-milionario-vai-reabri-lo\\\/#primaryimage\",\"url\":\"https:\\\/\\\/ubirataonline.com.br\\\/wp-content\\\/uploads\\\/2026\\\/05\\\/Ele-fugiu-do-nazismo-para-erguer-este-edificio-Agora-um.jpg\",\"contentUrl\":\"https:\\\/\\\/ubirataonline.com.br\\\/wp-content\\\/uploads\\\/2026\\\/05\\\/Ele-fugiu-do-nazismo-para-erguer-este-edificio-Agora-um.jpg\",\"width\":2560,\"height\":1440,\"caption\":\"O Edif\u00edcio Brasil, uma das primeiras edifica\u00e7\u00f5es verticais do bairro Merc\u00eas, constru\u00eddo em 1959 por um imigrante judeu polon\u00eas que, em 1942, fugiu de um gueto em seu pa\u00eds durante a ocupa\u00e7\u00e3o nazista. Foto: Divulga\u00e7\u00e3o Weefor\\\/Brenda Pontes\"},{\"@type\":\"BreadcrumbList\",\"@id\":\"https:\\\/\\\/ubirataonline.com.br\\\/ele-fugiu-do-nazismo-para-erguer-este-edificio-agora-um-plano-milionario-vai-reabri-lo\\\/#breadcrumb\",\"itemListElement\":[{\"@type\":\"ListItem\",\"position\":1,\"name\":\"In\u00edcio\",\"item\":\"https:\\\/\\\/ubirataonline.com.br\\\/\"},{\"@type\":\"ListItem\",\"position\":2,\"name\":\"Ele fugiu do nazismo para erguer este edif\u00edcio. Agora, um plano milion\u00e1rio vai reabri-lo\"}]},{\"@type\":\"WebSite\",\"@id\":\"https:\\\/\\\/ubirataonline.com.br\\\/#website\",\"url\":\"https:\\\/\\\/ubirataonline.com.br\\\/\",\"name\":\"Ubirat\u00e3 Online Not\u00edcias\",\"description\":\"Not\u00edcias de Ubirat\u00e3, regi\u00e3o, Brasil e mundo, com informa\u00e7\u00e3o atualizada e compromisso com o leitor.\",\"publisher\":{\"@id\":\"https:\\\/\\\/ubirataonline.com.br\\\/#organization\"},\"alternateName\":\"Ubirat\u00e3 Online\",\"potentialAction\":[{\"@type\":\"SearchAction\",\"target\":{\"@type\":\"EntryPoint\",\"urlTemplate\":\"https:\\\/\\\/ubirataonline.com.br\\\/?s={search_term_string}\"},\"query-input\":{\"@type\":\"PropertyValueSpecification\",\"valueRequired\":true,\"valueName\":\"search_term_string\"}}],\"inLanguage\":\"en-US\"},{\"@type\":[\"Organization\",\"Place\"],\"@id\":\"https:\\\/\\\/ubirataonline.com.br\\\/#organization\",\"name\":\"Ubirat\u00e3 Online Not\u00edcias\",\"alternateName\":\"Ubirat\u00e3 Online\",\"url\":\"https:\\\/\\\/ubirataonline.com.br\\\/\",\"logo\":{\"@id\":\"https:\\\/\\\/ubirataonline.com.br\\\/ele-fugiu-do-nazismo-para-erguer-este-edificio-agora-um-plano-milionario-vai-reabri-lo\\\/#local-main-organization-logo\"},\"image\":{\"@id\":\"https:\\\/\\\/ubirataonline.com.br\\\/ele-fugiu-do-nazismo-para-erguer-este-edificio-agora-um-plano-milionario-vai-reabri-lo\\\/#local-main-organization-logo\"},\"sameAs\":[\"https:\\\/\\\/www.facebook.com\\\/portalubirataonline\",\"https:\\\/\\\/x.com\\\/ubirataonline\",\"https:\\\/\\\/mastodon.social\\\/@ubirataonline\",\"https:\\\/\\\/www.facebook.com\\\/groups\\\/311144672285604\",\"https:\\\/\\\/www.facebook.com\\\/UBTAOnline\",\"https:\\\/\\\/www.instagram.com\\\/portalubirataonline\\\/\",\"https:\\\/\\\/twitter.com\\\/ubirataonline\"],\"description\":\"Somos um portal de not\u00edcias independente, criado em 5 de janeiro de 2009, com o objetivo de informar, conectar e valorizar a nossa comunidade de Ubirat\u00e3 e toda aregi\u00e3o. Com conte\u00fado atualizado, confi\u00e1vel e relevante, o Ubirat\u00e3 Online \u00e9 o seu espa\u00e7o para ficar por dentro dos principais acontecimentos locais, regionais, Brasil, Mundo e de interesse geral. Nosso compromisso \u00e9 com a verdade, a transpar\u00eancia e o respeito ao leitor.\",\"legalName\":\"UBIRATA ONLINE NOT\u00cdCIAS\",\"foundingDate\":\"2009-01-05\",\"numberOfEmployees\":{\"@type\":\"QuantitativeValue\",\"minValue\":\"1\",\"maxValue\":\"10\"},\"publishingPrinciples\":\"https:\\\/\\\/ubirataonline.com.br\\\/faq\\\/\",\"address\":{\"@id\":\"https:\\\/\\\/ubirataonline.com.br\\\/ele-fugiu-do-nazismo-para-erguer-este-edificio-agora-um-plano-milionario-vai-reabri-lo\\\/#local-main-place-address\"},\"geo\":{\"@type\":\"GeoCoordinates\",\"latitude\":\"-24.5361401\",\"longitude\":\"-52.9921776\"},\"telephone\":[\"+5544998308235\"],\"contactPoint\":{\"@type\":\"ContactPoint\",\"email\":\"contato@ubirataonline.com.br\"},\"openingHoursSpecification\":{\"@type\":\"OpeningHoursSpecification\",\"dayOfWeek\":[\"Monday\",\"Tuesday\",\"Wednesday\",\"Thursday\",\"Friday\",\"Saturday\",\"Sunday\"],\"opens\":\"00:00\",\"closes\":\"23:59\"},\"email\":\"contato@ubirataonline.com.br\",\"vatID\":\"47.621.418\\\/0001-80\"},{\"@type\":\"Person\",\"@id\":\"https:\\\/\\\/ubirataonline.com.br\\\/#\\\/schema\\\/person\\\/372f87bbd3fdd79b8556b84c98d0bc1c\",\"name\":\"REDA\u00c7\u00c3O: UBIRAT\u00c3 ONLINE - F\u00c1BIO AUGUSTO CELESTINO\",\"pronouns\":\"Ele\",\"description\":\"Desde 2003 trabalhando com not\u00edcias.\",\"sameAs\":[\"http:\\\/\\\/ubirataoline.com.br\",\"https:\\\/\\\/www.facebook.com\\\/portalubirataonline\",\"https:\\\/\\\/www.instagram.com\\\/ubirataonline_oficial\",\"https:\\\/\\\/x.com\\\/x.com\\\/ubirataonline\"],\"honorificPrefix\":\"Mr.\",\"honorificSuffix\":\"MD\",\"birthDate\":\"1980-06-16\",\"gender\":\"masculino\",\"award\":[\"V\u00e1rios pr\u00eamios de melhor portal da cidade\"],\"jobTitle\":\"Diretor\",\"url\":\"https:\\\/\\\/ubirataonline.com.br\\\/en\\\/author\\\/ubirataonline\\\/\"},{\"@type\":\"PostalAddress\",\"@id\":\"https:\\\/\\\/ubirataonline.com.br\\\/ele-fugiu-do-nazismo-para-erguer-este-edificio-agora-um-plano-milionario-vai-reabri-lo\\\/#local-main-place-address\",\"streetAddress\":\"Rua dos Coqueiros, 104 - Bairro Boa Vista, Rua dos Coqueiros, 104 Bairro Boa Vista\",\"addressLocality\":\"UBIRATA\",\"postalCode\":\"85440-000\",\"addressRegion\":\"PR\",\"addressCountry\":\"BR\"},{\"@type\":\"ImageObject\",\"inLanguage\":\"en-US\",\"@id\":\"https:\\\/\\\/ubirataonline.com.br\\\/ele-fugiu-do-nazismo-para-erguer-este-edificio-agora-um-plano-milionario-vai-reabri-lo\\\/#local-main-organization-logo\",\"url\":\"https:\\\/\\\/ubirataonline.com.br\\\/wp-content\\\/uploads\\\/2026\\\/06\\\/logoubirataonline-1.webp\",\"contentUrl\":\"https:\\\/\\\/ubirataonline.com.br\\\/wp-content\\\/uploads\\\/2026\\\/06\\\/logoubirataonline-1.webp\",\"width\":500,\"height\":500,\"caption\":\"Ubirat\u00e3 Online Not\u00edcias\"}]}<\/script>\n<meta name=\"geo.placename\" content=\"UBIRATA\" \/>\n<meta name=\"geo.position\" content=\"-24.5361401;-52.9921776\" \/>\n<meta name=\"geo.region\" content=\"Brazil\" \/>\n<!-- \/ Yoast SEO Premium plugin. -->","yoast_head_json":{"title":"Ele fugiu do nazismo para erguer este edif\u00edcio. Agora, um plano milion\u00e1rio vai reabri-lo - Ubirat\u00e3 Online Not\u00edcias - A realidade ao seu alcance!","description":"O fogo amea\u00e7ou consumir uma p\u00e1gina da hist\u00f3ria da imigra\u00e7\u00e3o polonesa em Curitiba. Em dezembro de 2012, um inc\u00eandio em um apartamento parecia ser a bola de","robots":{"index":"index","follow":"follow","max-snippet":"max-snippet:-1","max-image-preview":"max-image-preview:large","max-video-preview":"max-video-preview:-1"},"canonical":"https:\/\/ubirataonline.com.br\/en\/ele-fugiu-do-nazismo-para-erguer-este-edificio-agora-um-plano-milionario-vai-reabri-lo\/","og_locale":"en_US","og_type":"article","og_title":"Ele fugiu do nazismo para erguer este edif\u00edcio. Agora, um plano milion\u00e1rio vai reabri-lo","og_description":"O fogo amea\u00e7ou consumir uma p\u00e1gina da hist\u00f3ria da imigra\u00e7\u00e3o polonesa em Curitiba. Em dezembro de 2012, um inc\u00eandio em um apartamento parecia ser a bola de","og_url":"https:\/\/ubirataonline.com.br\/en\/ele-fugiu-do-nazismo-para-erguer-este-edificio-agora-um-plano-milionario-vai-reabri-lo\/","og_site_name":"Ubirat\u00e3 Online Not\u00edcias - A realidade ao seu alcance!","article_publisher":"https:\/\/www.facebook.com\/portalubirataonline","article_author":"https:\/\/www.facebook.com\/portalubirataonline","article_published_time":"2026-05-17T02:37:12+00:00","article_modified_time":"2026-05-17T02:37:16+00:00","og_image":[{"width":2560,"height":1440,"url":"https:\/\/ubirataonline.com.br\/wp-content\/uploads\/2026\/05\/Ele-fugiu-do-nazismo-para-erguer-este-edificio-Agora-um.jpg","type":"image\/jpeg"}],"author":"REDA\u00c7\u00c3O: UBIRAT\u00c3 ONLINE - F\u00c1BIO AUGUSTO CELESTINO","twitter_card":"summary_large_image","twitter_creator":"@x.com\/ubirataonline","twitter_site":"@ubirataonline","twitter_misc":{"Written by":"REDA\u00c7\u00c3O: UBIRAT\u00c3 ONLINE - F\u00c1BIO AUGUSTO CELESTINO","Est. reading time":"5 minutes"},"schema":{"@context":"https:\/\/schema.org","@graph":[{"@type":"NewsArticle","@id":"https:\/\/ubirataonline.com.br\/ele-fugiu-do-nazismo-para-erguer-este-edificio-agora-um-plano-milionario-vai-reabri-lo\/#article","isPartOf":{"@id":"https:\/\/ubirataonline.com.br\/ele-fugiu-do-nazismo-para-erguer-este-edificio-agora-um-plano-milionario-vai-reabri-lo\/"},"author":{"name":"REDA\u00c7\u00c3O: UBIRAT\u00c3 ONLINE - F\u00c1BIO AUGUSTO CELESTINO","@id":"https:\/\/ubirataonline.com.br\/#\/schema\/person\/372f87bbd3fdd79b8556b84c98d0bc1c"},"headline":"Ele fugiu do nazismo para erguer este edif\u00edcio. Agora, um plano milion\u00e1rio vai reabri-lo","datePublished":"2026-05-17T02:37:12+00:00","dateModified":"2026-05-17T02:37:16+00:00","mainEntityOfPage":{"@id":"https:\/\/ubirataonline.com.br\/ele-fugiu-do-nazismo-para-erguer-este-edificio-agora-um-plano-milionario-vai-reabri-lo\/"},"wordCount":1014,"publisher":{"@id":"https:\/\/ubirataonline.com.br\/#organization"},"image":{"@id":"https:\/\/ubirataonline.com.br\/ele-fugiu-do-nazismo-para-erguer-este-edificio-agora-um-plano-milionario-vai-reabri-lo\/#primaryimage"},"thumbnailUrl":"https:\/\/ubirataonline.com.br\/wp-content\/uploads\/2026\/05\/Ele-fugiu-do-nazismo-para-erguer-este-edificio-Agora-um.jpg","keywords":["Agora","edif\u00edcio","ele","erguer","este","fugiu","milion\u00e1rio","nazismo","para","plano","reabrilo","vai"],"articleSection":["Ubirat\u00e3"],"inLanguage":"en-US","copyrightYear":"2026","copyrightHolder":{"@id":"https:\/\/ubirataonline.com.br\/en\/#organization"}},{"@type":"WebPage","@id":"https:\/\/ubirataonline.com.br\/ele-fugiu-do-nazismo-para-erguer-este-edificio-agora-um-plano-milionario-vai-reabri-lo\/","url":"https:\/\/ubirataonline.com.br\/ele-fugiu-do-nazismo-para-erguer-este-edificio-agora-um-plano-milionario-vai-reabri-lo\/","name":"Ele fugiu do nazismo para erguer este edif\u00edcio. Agora, um plano milion\u00e1rio vai reabri-lo - Ubirat\u00e3 Online Not\u00edcias - A realidade ao seu alcance!","isPartOf":{"@id":"https:\/\/ubirataonline.com.br\/#website"},"primaryImageOfPage":{"@id":"https:\/\/ubirataonline.com.br\/ele-fugiu-do-nazismo-para-erguer-este-edificio-agora-um-plano-milionario-vai-reabri-lo\/#primaryimage"},"image":{"@id":"https:\/\/ubirataonline.com.br\/ele-fugiu-do-nazismo-para-erguer-este-edificio-agora-um-plano-milionario-vai-reabri-lo\/#primaryimage"},"thumbnailUrl":"https:\/\/ubirataonline.com.br\/wp-content\/uploads\/2026\/05\/Ele-fugiu-do-nazismo-para-erguer-este-edificio-Agora-um.jpg","datePublished":"2026-05-17T02:37:12+00:00","dateModified":"2026-05-17T02:37:16+00:00","description":"O fogo amea\u00e7ou consumir uma p\u00e1gina da hist\u00f3ria da imigra\u00e7\u00e3o polonesa em Curitiba. Em dezembro de 2012, um inc\u00eandio em um apartamento parecia ser a bola de","breadcrumb":{"@id":"https:\/\/ubirataonline.com.br\/ele-fugiu-do-nazismo-para-erguer-este-edificio-agora-um-plano-milionario-vai-reabri-lo\/#breadcrumb"},"inLanguage":"en-US","potentialAction":[{"@type":"ReadAction","target":["https:\/\/ubirataonline.com.br\/ele-fugiu-do-nazismo-para-erguer-este-edificio-agora-um-plano-milionario-vai-reabri-lo\/"]}]},{"@type":"ImageObject","inLanguage":"en-US","@id":"https:\/\/ubirataonline.com.br\/ele-fugiu-do-nazismo-para-erguer-este-edificio-agora-um-plano-milionario-vai-reabri-lo\/#primaryimage","url":"https:\/\/ubirataonline.com.br\/wp-content\/uploads\/2026\/05\/Ele-fugiu-do-nazismo-para-erguer-este-edificio-Agora-um.jpg","contentUrl":"https:\/\/ubirataonline.com.br\/wp-content\/uploads\/2026\/05\/Ele-fugiu-do-nazismo-para-erguer-este-edificio-Agora-um.jpg","width":2560,"height":1440,"caption":"O Edif\u00edcio Brasil, uma das primeiras edifica\u00e7\u00f5es verticais do bairro Merc\u00eas, constru\u00eddo em 1959 por um imigrante judeu polon\u00eas que, em 1942, fugiu de um gueto em seu pa\u00eds durante a ocupa\u00e7\u00e3o nazista. Foto: Divulga\u00e7\u00e3o Weefor\/Brenda Pontes"},{"@type":"BreadcrumbList","@id":"https:\/\/ubirataonline.com.br\/ele-fugiu-do-nazismo-para-erguer-este-edificio-agora-um-plano-milionario-vai-reabri-lo\/#breadcrumb","itemListElement":[{"@type":"ListItem","position":1,"name":"In\u00edcio","item":"https:\/\/ubirataonline.com.br\/"},{"@type":"ListItem","position":2,"name":"Ele fugiu do nazismo para erguer este edif\u00edcio. Agora, um plano milion\u00e1rio vai reabri-lo"}]},{"@type":"WebSite","@id":"https:\/\/ubirataonline.com.br\/#website","url":"https:\/\/ubirataonline.com.br\/","name":"Ubirat\u00e3 Online Not\u00edcias","description":"Not\u00edcias de Ubirat\u00e3, regi\u00e3o, Brasil e mundo, com informa\u00e7\u00e3o atualizada e compromisso com o leitor.","publisher":{"@id":"https:\/\/ubirataonline.com.br\/#organization"},"alternateName":"Ubirat\u00e3 Online","potentialAction":[{"@type":"SearchAction","target":{"@type":"EntryPoint","urlTemplate":"https:\/\/ubirataonline.com.br\/?s={search_term_string}"},"query-input":{"@type":"PropertyValueSpecification","valueRequired":true,"valueName":"search_term_string"}}],"inLanguage":"en-US"},{"@type":["Organization","Place"],"@id":"https:\/\/ubirataonline.com.br\/#organization","name":"Ubirat\u00e3 Online Not\u00edcias","alternateName":"Ubirat\u00e3 Online","url":"https:\/\/ubirataonline.com.br\/","logo":{"@id":"https:\/\/ubirataonline.com.br\/ele-fugiu-do-nazismo-para-erguer-este-edificio-agora-um-plano-milionario-vai-reabri-lo\/#local-main-organization-logo"},"image":{"@id":"https:\/\/ubirataonline.com.br\/ele-fugiu-do-nazismo-para-erguer-este-edificio-agora-um-plano-milionario-vai-reabri-lo\/#local-main-organization-logo"},"sameAs":["https:\/\/www.facebook.com\/portalubirataonline","https:\/\/x.com\/ubirataonline","https:\/\/mastodon.social\/@ubirataonline","https:\/\/www.facebook.com\/groups\/311144672285604","https:\/\/www.facebook.com\/UBTAOnline","https:\/\/www.instagram.com\/portalubirataonline\/","https:\/\/twitter.com\/ubirataonline"],"description":"Somos um portal de not\u00edcias independente, criado em 5 de janeiro de 2009, com o objetivo de informar, conectar e valorizar a nossa comunidade de Ubirat\u00e3 e toda aregi\u00e3o. Com conte\u00fado atualizado, confi\u00e1vel e relevante, o Ubirat\u00e3 Online \u00e9 o seu espa\u00e7o para ficar por dentro dos principais acontecimentos locais, regionais, Brasil, Mundo e de interesse geral. Nosso compromisso \u00e9 com a verdade, a transpar\u00eancia e o respeito ao leitor.","legalName":"UBIRATA ONLINE NOT\u00cdCIAS","foundingDate":"2009-01-05","numberOfEmployees":{"@type":"QuantitativeValue","minValue":"1","maxValue":"10"},"publishingPrinciples":"https:\/\/ubirataonline.com.br\/faq\/","address":{"@id":"https:\/\/ubirataonline.com.br\/ele-fugiu-do-nazismo-para-erguer-este-edificio-agora-um-plano-milionario-vai-reabri-lo\/#local-main-place-address"},"geo":{"@type":"GeoCoordinates","latitude":"-24.5361401","longitude":"-52.9921776"},"telephone":["+5544998308235"],"contactPoint":{"@type":"ContactPoint","email":"contato@ubirataonline.com.br"},"openingHoursSpecification":{"@type":"OpeningHoursSpecification","dayOfWeek":["Monday","Tuesday","Wednesday","Thursday","Friday","Saturday","Sunday"],"opens":"00:00","closes":"23:59"},"email":"contato@ubirataonline.com.br","vatID":"47.621.418\/0001-80"},{"@type":"Person","@id":"https:\/\/ubirataonline.com.br\/#\/schema\/person\/372f87bbd3fdd79b8556b84c98d0bc1c","name":"REDA\u00c7\u00c3O: UBIRAT\u00c3 ONLINE - F\u00c1BIO AUGUSTO CELESTINO","pronouns":"Ele","description":"Desde 2003 trabalhando com not\u00edcias.","sameAs":["http:\/\/ubirataoline.com.br","https:\/\/www.facebook.com\/portalubirataonline","https:\/\/www.instagram.com\/ubirataonline_oficial","https:\/\/x.com\/x.com\/ubirataonline"],"honorificPrefix":"Mr.","honorificSuffix":"MD","birthDate":"1980-06-16","gender":"masculino","award":["V\u00e1rios pr\u00eamios de melhor portal da cidade"],"jobTitle":"Diretor","url":"https:\/\/ubirataonline.com.br\/en\/author\/ubirataonline\/"},{"@type":"PostalAddress","@id":"https:\/\/ubirataonline.com.br\/ele-fugiu-do-nazismo-para-erguer-este-edificio-agora-um-plano-milionario-vai-reabri-lo\/#local-main-place-address","streetAddress":"Rua dos Coqueiros, 104 - Bairro Boa Vista, Rua dos Coqueiros, 104 Bairro Boa Vista","addressLocality":"UBIRATA","postalCode":"85440-000","addressRegion":"PR","addressCountry":"BR"},{"@type":"ImageObject","inLanguage":"en-US","@id":"https:\/\/ubirataonline.com.br\/ele-fugiu-do-nazismo-para-erguer-este-edificio-agora-um-plano-milionario-vai-reabri-lo\/#local-main-organization-logo","url":"https:\/\/ubirataonline.com.br\/wp-content\/uploads\/2026\/06\/logoubirataonline-1.webp","contentUrl":"https:\/\/ubirataonline.com.br\/wp-content\/uploads\/2026\/06\/logoubirataonline-1.webp","width":500,"height":500,"caption":"Ubirat\u00e3 Online Not\u00edcias"}]},"geo.placename":"UBIRATA","geo.position":{"lat":"-24.5361401","long":"-52.9921776"},"geo.region":"Brazil"},"_links":{"self":[{"href":"https:\/\/ubirataonline.com.br\/en\/wp-json\/wp\/v2\/posts\/131763","targetHints":{"allow":["GET"]}}],"collection":[{"href":"https:\/\/ubirataonline.com.br\/en\/wp-json\/wp\/v2\/posts"}],"about":[{"href":"https:\/\/ubirataonline.com.br\/en\/wp-json\/wp\/v2\/types\/post"}],"author":[{"embeddable":true,"href":"https:\/\/ubirataonline.com.br\/en\/wp-json\/wp\/v2\/users\/1"}],"replies":[{"embeddable":true,"href":"https:\/\/ubirataonline.com.br\/en\/wp-json\/wp\/v2\/comments?post=131763"}],"version-history":[{"count":0,"href":"https:\/\/ubirataonline.com.br\/en\/wp-json\/wp\/v2\/posts\/131763\/revisions"}],"wp:featuredmedia":[{"embeddable":true,"href":"https:\/\/ubirataonline.com.br\/en\/wp-json\/wp\/v2\/media\/131764"}],"wp:attachment":[{"href":"https:\/\/ubirataonline.com.br\/en\/wp-json\/wp\/v2\/media?parent=131763"}],"wp:term":[{"taxonomy":"category","embeddable":true,"href":"https:\/\/ubirataonline.com.br\/en\/wp-json\/wp\/v2\/categories?post=131763"},{"taxonomy":"post_tag","embeddable":true,"href":"https:\/\/ubirataonline.com.br\/en\/wp-json\/wp\/v2\/tags?post=131763"}],"curies":[{"name":"wp","href":"https:\/\/api.w.org\/{rel}","templated":true}]}}