{"id":131889,"date":"2026-05-17T02:35:10","date_gmt":"2026-05-17T05:35:10","guid":{"rendered":"https:\/\/ubirataonline.com.br\/latest-ebola-outbreak-an-emergency-of-international-concern-who-declares\/"},"modified":"2026-05-17T02:35:11","modified_gmt":"2026-05-17T05:35:11","slug":"latest-ebola-outbreak-an-emergency-of-international-concern-who-declares","status":"publish","type":"post","link":"https:\/\/ubirataonline.com.br\/en\/latest-ebola-outbreak-an-emergency-of-international-concern-who-declares\/","title":{"rendered":"Latest Ebola outbreak an emergency of international concern, WHO declares"},"content":{"rendered":"<p><br \/>\n<\/p>\n<div data-editable=\"content\" itemprop=\"articleBody\" data-reorderable=\"content\">\n<p>\n<cite class=\"source__cite vossi-source__cite\"><br \/>\n      <span class=\"source__location vossi-source__location\" data-editable=\"location\"><wbr\/><\/span><span class=\"source__text\" data-editable=\"source\">Reuters<\/span><wbr\/><span class=\"source__separator\">\u00a0\u2014\u00a0<\/span><br \/>\n    <\/cite><\/p>\n<p class=\"paragraph-elevate inline-placeholder vossi-paragraph_elevate\" data-uri=\"cms.cnn.com\/_components\/paragraph\/instances\/cmp971dm2002s2dqk1cxjbr5b@published\" data-editable=\"text\" data-component-name=\"paragraph\" data-article-gutter=\"true\">\n            The World Health Organization on Sunday declared an Ebola outbreak in the Democratic Republic of Congo and Uganda a \u201cpublic health emergency of international concern,\u201d posing risks to neighboring countries.\n    <\/p>\n<p class=\"paragraph-elevate inline-placeholder vossi-paragraph_elevate\" data-uri=\"cms.cnn.com\/_components\/paragraph\/instances\/cmp974nmk00053b6rtqujahtp@published\" data-editable=\"text\" data-component-name=\"paragraph\" data-article-gutter=\"true\">\n            The WHO said the outbreak, caused by the Bundibugyo strain of the virus, does not meet the criteria of a pandemic emergency but that countries sharing land borders with DRC are at high risk for further spread.\n    <\/p>\n<p class=\"paragraph-elevate inline-placeholder vossi-paragraph_elevate\" data-uri=\"cms.cnn.com\/_components\/paragraph\/instances\/cmp974nml00063b6r1u0j2nd1@published\" data-editable=\"text\" data-component-name=\"paragraph\" data-article-gutter=\"true\">\n            The UN health agency said in a statement that 80 suspected deaths, eight laboratory-confirmed cases and 246 suspected cases had been reported as of Saturday in DRC\u2019s Ituri province across at least three health zones, including Bunia, Rwampara and Mongbwalu.\n    <\/p>\n<p class=\"paragraph-elevate inline-placeholder vossi-paragraph_elevate\" data-uri=\"cms.cnn.com\/_components\/paragraph\/instances\/cmp974nml00083b6r3z6ygjtt@published\" data-editable=\"text\" data-component-name=\"paragraph\" data-article-gutter=\"true\">\n            The DRC health ministry had said on Friday that 80 people had died in the new outbreak in the eastern province.\n    <\/p>\n<p class=\"paragraph-elevate inline-placeholder vossi-paragraph_elevate\" data-uri=\"cms.cnn.com\/_components\/paragraph\/instances\/cmp974nml00093b6r0u97im4e@published\" data-editable=\"text\" data-component-name=\"paragraph\" data-article-gutter=\"true\">\n            The outbreak \u2013 the 17th in the country since Ebola was first identified there in 1976 \u2013 could be much larger, given the high positivity rate of the initial samples and increasing number of suspected cases being reported, the WHO said.\n    <\/p>\n<p class=\"paragraph-elevate inline-placeholder vossi-paragraph_elevate\" data-uri=\"cms.cnn.com\/_components\/paragraph\/instances\/cmp974nml000a3b6rrl2wwqxg@published\" data-editable=\"text\" data-component-name=\"paragraph\" data-article-gutter=\"true\">\n            The outbreak is \u201cextraordinary\u201d as there are no approved Bundibugyo virus-specific therapeutics or vaccines, unlike for Ebola Zaire strains, it said. All but one of the country\u2019s previous outbreaks were caused by the Zaire strain.\n    <\/p>\n<div data-uri=\"cms.cnn.com\/_components\/image\/instances\/cmp97d5iy000w3b6rveb10lt0@published\" class=\"image_large-elevate vossi-image_large-elevate  image_large__hide-placeholder\" data-image-variation=\"image_large\" data-name=\"AP26136413807840.jpg\" data-component-name=\"image\" data-observe-resizes=\"\" data-breakpoints=\"{\" image_large--eq-extra-small=\"\" data-original-ratio=\"0.6666666666666666\" data-original-height=\"3648\" data-original-width=\"5472\" data-url=\"https:\/\/media.cnn.com\/api\/v1\/images\/stellar\/prod\/ap26136413807840.jpg?c=original\" data-editable=\"settings\" data-article-gutter=\"true\">\n<div class=\"image_large__container\" data-image-variation=\"image_large\" data-breakpoints=\"{\" image_large--eq-extra-small=\"\">\n       <picture class=\"image_large__picture\"><source height=\"undefined\" width=\"679\" media=\"(max-width: 479px)\" srcset=\"https:\/\/media.cnn.com\/api\/v1\/images\/stellar\/prod\/ap26136413807840.jpg?c=original&amp;q=w_679,c_fill\/f_webp\" type=\"image\/webp\"><source height=\"undefined\" width=\"967\" media=\"(min-width: 480px) and (max-width: 767px)\" srcset=\"https:\/\/media.cnn.com\/api\/v1\/images\/stellar\/prod\/ap26136413807840.jpg?c=original&amp;q=w_967,c_fill\/f_webp\" type=\"image\/webp\"><source height=\"undefined\" width=\"860\" media=\"(min-width: 768px) and (max-width: 1023px)\" srcset=\"https:\/\/media.cnn.com\/api\/v1\/images\/stellar\/prod\/ap26136413807840.jpg?c=original&amp;q=w_860,c_fill\/f_webp\" type=\"image\/webp\"><source height=\"undefined\" width=\"860\" media=\"(min-width: 1024px) and (max-width: 1279px)\" srcset=\"https:\/\/media.cnn.com\/api\/v1\/images\/stellar\/prod\/ap26136413807840.jpg?c=original&amp;q=w_860,c_fill\/f_webp\" type=\"image\/webp\"><source height=\"undefined\" width=\"860\" media=\"(min-width: 1280px)\" srcset=\"https:\/\/media.cnn.com\/api\/v1\/images\/stellar\/prod\/ap26136413807840.jpg?c=original&amp;q=w_860,c_fill\/f_webp\" type=\"image\/webp\"><\/source><\/source><\/source><\/source><\/source><\/picture>\n    <\/div>\n<\/div>\n<p class=\"paragraph-elevate inline-placeholder vossi-paragraph_elevate\" data-uri=\"cms.cnn.com\/_components\/paragraph\/instances\/cmp974nml000b3b6ro5fvw2zr@published\" data-editable=\"text\" data-component-name=\"paragraph\" data-article-gutter=\"true\">\n            The DRC-Uganda outbreak poses a public health risk to other countries, with some cases of an international spread already documented, the agency said, advising countries to activate their national disaster and emergency-management mechanisms and undertake cross-border screening and screening at main internal roads.\n    <\/p>\n<p class=\"paragraph-elevate inline-placeholder vossi-paragraph_elevate\" data-uri=\"cms.cnn.com\/_components\/paragraph\/instances\/cmp974nml000c3b6rqiujc4md@published\" data-editable=\"text\" data-component-name=\"paragraph\" data-article-gutter=\"true\">\n            In Uganda\u2019s capital, Kampala, two apparently unrelated laboratory-confirmed cases, including one death, were reported on Friday and Saturday, from people traveling from the DRC, the WHO said.\n    <\/p>\n<p class=\"paragraph-elevate inline-placeholder vossi-paragraph_elevate\" data-uri=\"cms.cnn.com\/_components\/paragraph\/instances\/cmp974nml000d3b6r3kdgy4pq@published\" data-editable=\"text\" data-component-name=\"paragraph\" data-article-gutter=\"true\">\n            A laboratory-confirmed case was also reported in the DRC capital, Kinshasa, from a person returning from Ituri, the WHO said.\n    <\/p>\n<p class=\"paragraph-elevate inline-placeholder vossi-paragraph_elevate\" data-uri=\"cms.cnn.com\/_components\/paragraph\/instances\/cmp974nml000e3b6rn4kcd7y1@published\" data-editable=\"text\" data-component-name=\"paragraph\" data-article-gutter=\"true\">\n            Bundibugyo virus-disease contacts or cases should not travel internationally, unless as part of a medical evacuation, the WHO said.\n    <\/p>\n<p class=\"paragraph-elevate inline-placeholder vossi-paragraph_elevate\" data-uri=\"cms.cnn.com\/_components\/paragraph\/instances\/cmp974nml000f3b6r23zxrtzp@published\" data-editable=\"text\" data-component-name=\"paragraph\" data-article-gutter=\"true\">\n            The agency advised immediately isolating confirmed cases and monitoring contacts daily, with restricted national travel and no international travel until 21 days after exposure.\n    <\/p>\n<p class=\"paragraph-elevate inline-placeholder vossi-paragraph_elevate\" data-uri=\"cms.cnn.com\/_components\/paragraph\/instances\/cmp974nml000g3b6rm4k590ez@published\" data-editable=\"text\" data-component-name=\"paragraph\" data-article-gutter=\"true\">\n            At the same time, the WHO urged countries not to close their borders or restrict travel and trade out of fear, as this could lead to people and goods making informal border crossings that are not monitored.\n    <\/p>\n<div data-uri=\"cms.cnn.com\/_components\/image\/instances\/cmp97dwx5000y3b6rca4hr8mk@published\" class=\"image_large-elevate vossi-image_large-elevate  image_large__hide-placeholder\" data-image-variation=\"image_large\" data-name=\"AP26136414415616.jpg\" data-component-name=\"image\" data-observe-resizes=\"\" data-breakpoints=\"{\" image_large--eq-extra-small=\"\" data-original-ratio=\"0.6665380906460945\" data-original-height=\"3456\" data-original-width=\"5185\" data-url=\"https:\/\/media.cnn.com\/api\/v1\/images\/stellar\/prod\/ap26136414415616.jpg?c=original\" data-editable=\"settings\" data-article-gutter=\"true\">\n<div class=\"image_large__container\" data-image-variation=\"image_large\" data-breakpoints=\"{\" image_large--eq-extra-small=\"\">\n       <picture class=\"image_large__picture\"><source height=\"undefined\" width=\"679\" media=\"(max-width: 479px)\" srcset=\"https:\/\/media.cnn.com\/api\/v1\/images\/stellar\/prod\/ap26136414415616.jpg?c=original&amp;q=w_679,c_fill\/f_webp\" type=\"image\/webp\"><source height=\"undefined\" width=\"967\" media=\"(min-width: 480px) and (max-width: 767px)\" srcset=\"https:\/\/media.cnn.com\/api\/v1\/images\/stellar\/prod\/ap26136414415616.jpg?c=original&amp;q=w_967,c_fill\/f_webp\" type=\"image\/webp\"><source height=\"undefined\" width=\"860\" media=\"(min-width: 768px) and (max-width: 1023px)\" srcset=\"https:\/\/media.cnn.com\/api\/v1\/images\/stellar\/prod\/ap26136414415616.jpg?c=original&amp;q=w_860,c_fill\/f_webp\" type=\"image\/webp\"><source height=\"undefined\" width=\"860\" media=\"(min-width: 1024px) and (max-width: 1279px)\" srcset=\"https:\/\/media.cnn.com\/api\/v1\/images\/stellar\/prod\/ap26136414415616.jpg?c=original&amp;q=w_860,c_fill\/f_webp\" type=\"image\/webp\"><source height=\"undefined\" width=\"860\" media=\"(min-width: 1280px)\" srcset=\"https:\/\/media.cnn.com\/api\/v1\/images\/stellar\/prod\/ap26136414415616.jpg?c=original&amp;q=w_860,c_fill\/f_webp\" type=\"image\/webp\"><img decoding=\"async\" src=\"https:\/\/media.cnn.com\/api\/v1\/images\/stellar\/prod\/ap26136414415616.jpg?c=original&amp;q=w_860,c_fill\" alt=\"A woman sanitises her hands in front of Kibuli Muslim Hospital in Kampala, Uganda, on May 16, 2026.\" class=\"image_large__dam-img image_large__dam-img--loading\" onload=\"this.classList.remove('image_large__dam-img--loading')\" onerror=\"imageLoadError(this)\" height=\"3456\" width=\"5185\" loading=\"lazy\"\/><\/source><\/source><\/source><\/source><\/source><\/picture>\n    <\/div>\n<\/div>\n<p class=\"paragraph-elevate inline-placeholder vossi-paragraph_elevate\" data-uri=\"cms.cnn.com\/_components\/paragraph\/instances\/cmp974nml000h3b6rsq2yfpse@published\" data-editable=\"text\" data-component-name=\"paragraph\" data-article-gutter=\"true\">\n            The DRC\u2019s dense tropical forests are a natural reservoir for the Ebola virus.\n    <\/p>\n<p class=\"paragraph-elevate inline-placeholder vossi-paragraph_elevate\" data-uri=\"cms.cnn.com\/_components\/paragraph\/instances\/cmp974nml000i3b6r4lc36m3w@published\" data-editable=\"text\" data-component-name=\"paragraph\" data-article-gutter=\"true\">\n            The often-fatal virus, which causes fever, body aches, vomiting and diarrhea, spreads through direct contact with the bodily fluids of infected persons, contaminated materials or persons who have died from the disease, according to the Africa Centres for Disease Control and Prevention.\n    <\/p>\n<\/p><\/div>\n<p><br \/>\n<br \/><a href=\"https:\/\/www.cnn.com\/2026\/05\/16\/africa\/congo-uganda-ebola-international-concern-intl-hnk\">Source link <\/a><\/p>","protected":false},"excerpt":{"rendered":"<p>Reuters\u00a0\u2014\u00a0 The World Health Organization on Sunday declared an Ebola outbreak in the Democratic Republic of Congo and Uganda a \u201cpublic health emergency of international concern,\u201d posing risks to neighboring countries. The WHO said the outbreak, caused by the Bundibugyo strain of the virus, does not meet the criteria of a pandemic emergency but that [&hellip;]<\/p>\n","protected":false},"author":1,"featured_media":131890,"comment_status":"closed","ping_status":"","sticky":false,"template":"","format":"standard","meta":{"googlesitekit_rrm_CAow2JLhCw:productID":"","_gspb_post_css":"","maa_idioma":"","maa_pais":"","footnotes":""},"categories":[1],"tags":[29736,8889,35794,7734,3131,10283,21503],"class_list":["post-131889","post","type-post","status-publish","format-standard","has-post-thumbnail","hentry","category-ubirata","tag-concern","tag-declares","tag-ebola","tag-emergency","tag-international","tag-latest","tag-outbreak"],"blocksy_meta":[],"yoast_head":"<!-- This site is optimized with the Yoast SEO Premium plugin v27.6 (Yoast SEO v27.6) - https:\/\/yoast.com\/product\/yoast-seo-premium-wordpress\/ -->\n<title>Latest Ebola outbreak an emergency of international concern, WHO declares - Ubirat\u00e3 Online Not\u00edcias - A realidade ao seu alcance!<\/title>\n<meta name=\"description\" content=\"Reuters\u00a0\u2014\u00a0 The World Health Organization on Sunday declared an Ebola outbreak in the Democratic Republic of Congo and Uganda a \u201cpublic health emergency of\" \/>\n<meta name=\"robots\" content=\"index, follow, max-snippet:-1, max-image-preview:large, max-video-preview:-1\" \/>\n<link rel=\"canonical\" href=\"https:\/\/ubirataonline.com.br\/en\/latest-ebola-outbreak-an-emergency-of-international-concern-who-declares\/\" \/>\n<meta property=\"og:locale\" content=\"en_US\" \/>\n<meta property=\"og:type\" content=\"article\" \/>\n<meta property=\"og:title\" content=\"Latest Ebola outbreak an emergency of international concern, WHO declares\" \/>\n<meta property=\"og:description\" content=\"Reuters\u00a0\u2014\u00a0 The World Health Organization on Sunday declared an Ebola outbreak in the Democratic Republic of Congo and Uganda a \u201cpublic health emergency of\" \/>\n<meta property=\"og:url\" content=\"https:\/\/ubirataonline.com.br\/en\/latest-ebola-outbreak-an-emergency-of-international-concern-who-declares\/\" \/>\n<meta property=\"og:site_name\" content=\"Ubirat\u00e3 Online Not\u00edcias - A realidade ao seu alcance!\" \/>\n<meta property=\"article:publisher\" content=\"https:\/\/www.facebook.com\/portalubirataonline\" \/>\n<meta property=\"article:author\" content=\"https:\/\/www.facebook.com\/portalubirataonline\" \/>\n<meta property=\"article:published_time\" content=\"2026-05-17T05:35:10+00:00\" \/>\n<meta property=\"article:modified_time\" content=\"2026-05-17T05:35:11+00:00\" \/>\n<meta property=\"og:image\" content=\"https:\/\/ubirataonline.com.br\/wp-content\/uploads\/2026\/05\/Latest-Ebola-outbreak-an-emergency-of-international-concern-WHO-declares.jpg\" \/>\n\t<meta property=\"og:image:width\" content=\"800\" \/>\n\t<meta property=\"og:image:height\" content=\"450\" \/>\n\t<meta property=\"og:image:type\" content=\"image\/jpeg\" \/>\n<meta name=\"author\" content=\"REDA\u00c7\u00c3O: UBIRAT\u00c3 ONLINE - F\u00c1BIO AUGUSTO CELESTINO\" \/>\n<meta name=\"twitter:card\" content=\"summary_large_image\" \/>\n<meta name=\"twitter:creator\" content=\"@x.com\/ubirataonline\" \/>\n<meta name=\"twitter:site\" content=\"@ubirataonline\" \/>\n<meta name=\"twitter:label1\" content=\"Written by\" \/>\n\t<meta name=\"twitter:data1\" content=\"REDA\u00c7\u00c3O: UBIRAT\u00c3 ONLINE - F\u00c1BIO AUGUSTO CELESTINO\" \/>\n\t<meta name=\"twitter:label2\" content=\"Est. reading time\" \/>\n\t<meta name=\"twitter:data2\" content=\"2 minutes\" \/>\n<script type=\"application\/ld+json\" class=\"yoast-schema-graph\">{\"@context\":\"https:\\\/\\\/schema.org\",\"@graph\":[{\"@type\":\"NewsArticle\",\"@id\":\"https:\\\/\\\/ubirataonline.com.br\\\/latest-ebola-outbreak-an-emergency-of-international-concern-who-declares\\\/#article\",\"isPartOf\":{\"@id\":\"https:\\\/\\\/ubirataonline.com.br\\\/latest-ebola-outbreak-an-emergency-of-international-concern-who-declares\\\/\"},\"author\":{\"name\":\"REDA\u00c7\u00c3O: UBIRAT\u00c3 ONLINE - F\u00c1BIO AUGUSTO CELESTINO\",\"@id\":\"https:\\\/\\\/ubirataonline.com.br\\\/#\\\/schema\\\/person\\\/372f87bbd3fdd79b8556b84c98d0bc1c\"},\"headline\":\"Latest Ebola outbreak an emergency of international concern, WHO declares\",\"datePublished\":\"2026-05-17T05:35:10+00:00\",\"dateModified\":\"2026-05-17T05:35:11+00:00\",\"mainEntityOfPage\":{\"@id\":\"https:\\\/\\\/ubirataonline.com.br\\\/latest-ebola-outbreak-an-emergency-of-international-concern-who-declares\\\/\"},\"wordCount\":441,\"publisher\":{\"@id\":\"https:\\\/\\\/ubirataonline.com.br\\\/#organization\"},\"image\":{\"@id\":\"https:\\\/\\\/ubirataonline.com.br\\\/latest-ebola-outbreak-an-emergency-of-international-concern-who-declares\\\/#primaryimage\"},\"thumbnailUrl\":\"https:\\\/\\\/ubirataonline.com.br\\\/wp-content\\\/uploads\\\/2026\\\/05\\\/Latest-Ebola-outbreak-an-emergency-of-international-concern-WHO-declares.jpg\",\"keywords\":[\"concern\",\"declares\",\"Ebola\",\"emergency\",\"international\",\"Latest\",\"Outbreak\"],\"articleSection\":[\"Ubirat\u00e3\"],\"inLanguage\":\"en-US\",\"copyrightYear\":\"2026\",\"copyrightHolder\":{\"@id\":\"https:\\\/\\\/ubirataonline.com.br\\\/en\\\/#organization\"}},{\"@type\":\"WebPage\",\"@id\":\"https:\\\/\\\/ubirataonline.com.br\\\/latest-ebola-outbreak-an-emergency-of-international-concern-who-declares\\\/\",\"url\":\"https:\\\/\\\/ubirataonline.com.br\\\/latest-ebola-outbreak-an-emergency-of-international-concern-who-declares\\\/\",\"name\":\"Latest Ebola outbreak an emergency of international concern, WHO declares - Ubirat\u00e3 Online Not\u00edcias - A realidade ao seu alcance!\",\"isPartOf\":{\"@id\":\"https:\\\/\\\/ubirataonline.com.br\\\/#website\"},\"primaryImageOfPage\":{\"@id\":\"https:\\\/\\\/ubirataonline.com.br\\\/latest-ebola-outbreak-an-emergency-of-international-concern-who-declares\\\/#primaryimage\"},\"image\":{\"@id\":\"https:\\\/\\\/ubirataonline.com.br\\\/latest-ebola-outbreak-an-emergency-of-international-concern-who-declares\\\/#primaryimage\"},\"thumbnailUrl\":\"https:\\\/\\\/ubirataonline.com.br\\\/wp-content\\\/uploads\\\/2026\\\/05\\\/Latest-Ebola-outbreak-an-emergency-of-international-concern-WHO-declares.jpg\",\"datePublished\":\"2026-05-17T05:35:10+00:00\",\"dateModified\":\"2026-05-17T05:35:11+00:00\",\"description\":\"Reuters\u00a0\u2014\u00a0 The World Health Organization on Sunday declared an Ebola outbreak in the Democratic Republic of Congo and Uganda a \u201cpublic health emergency of\",\"breadcrumb\":{\"@id\":\"https:\\\/\\\/ubirataonline.com.br\\\/latest-ebola-outbreak-an-emergency-of-international-concern-who-declares\\\/#breadcrumb\"},\"inLanguage\":\"en-US\",\"potentialAction\":[{\"@type\":\"ReadAction\",\"target\":[\"https:\\\/\\\/ubirataonline.com.br\\\/latest-ebola-outbreak-an-emergency-of-international-concern-who-declares\\\/\"]}]},{\"@type\":\"ImageObject\",\"inLanguage\":\"en-US\",\"@id\":\"https:\\\/\\\/ubirataonline.com.br\\\/latest-ebola-outbreak-an-emergency-of-international-concern-who-declares\\\/#primaryimage\",\"url\":\"https:\\\/\\\/ubirataonline.com.br\\\/wp-content\\\/uploads\\\/2026\\\/05\\\/Latest-Ebola-outbreak-an-emergency-of-international-concern-WHO-declares.jpg\",\"contentUrl\":\"https:\\\/\\\/ubirataonline.com.br\\\/wp-content\\\/uploads\\\/2026\\\/05\\\/Latest-Ebola-outbreak-an-emergency-of-international-concern-WHO-declares.jpg\",\"width\":800,\"height\":450,\"caption\":\"Hajarah Nalwadda\\\/AP\"},{\"@type\":\"BreadcrumbList\",\"@id\":\"https:\\\/\\\/ubirataonline.com.br\\\/latest-ebola-outbreak-an-emergency-of-international-concern-who-declares\\\/#breadcrumb\",\"itemListElement\":[{\"@type\":\"ListItem\",\"position\":1,\"name\":\"In\u00edcio\",\"item\":\"https:\\\/\\\/ubirataonline.com.br\\\/\"},{\"@type\":\"ListItem\",\"position\":2,\"name\":\"Latest Ebola outbreak an emergency of international concern, WHO declares\"}]},{\"@type\":\"WebSite\",\"@id\":\"https:\\\/\\\/ubirataonline.com.br\\\/#website\",\"url\":\"https:\\\/\\\/ubirataonline.com.br\\\/\",\"name\":\"Ubirat\u00e3 Online Not\u00edcias\",\"description\":\"Not\u00edcias de Ubirat\u00e3, regi\u00e3o, Brasil e mundo, com informa\u00e7\u00e3o atualizada e compromisso com o leitor.\",\"publisher\":{\"@id\":\"https:\\\/\\\/ubirataonline.com.br\\\/#organization\"},\"alternateName\":\"Ubirat\u00e3 Online\",\"potentialAction\":[{\"@type\":\"SearchAction\",\"target\":{\"@type\":\"EntryPoint\",\"urlTemplate\":\"https:\\\/\\\/ubirataonline.com.br\\\/?s={search_term_string}\"},\"query-input\":{\"@type\":\"PropertyValueSpecification\",\"valueRequired\":true,\"valueName\":\"search_term_string\"}}],\"inLanguage\":\"en-US\"},{\"@type\":[\"Organization\",\"Place\"],\"@id\":\"https:\\\/\\\/ubirataonline.com.br\\\/#organization\",\"name\":\"Ubirat\u00e3 Online Not\u00edcias\",\"alternateName\":\"Ubirat\u00e3 Online\",\"url\":\"https:\\\/\\\/ubirataonline.com.br\\\/\",\"logo\":{\"@id\":\"https:\\\/\\\/ubirataonline.com.br\\\/latest-ebola-outbreak-an-emergency-of-international-concern-who-declares\\\/#local-main-organization-logo\"},\"image\":{\"@id\":\"https:\\\/\\\/ubirataonline.com.br\\\/latest-ebola-outbreak-an-emergency-of-international-concern-who-declares\\\/#local-main-organization-logo\"},\"sameAs\":[\"https:\\\/\\\/www.facebook.com\\\/portalubirataonline\",\"https:\\\/\\\/x.com\\\/ubirataonline\",\"https:\\\/\\\/mastodon.social\\\/@ubirataonline\",\"https:\\\/\\\/www.facebook.com\\\/groups\\\/311144672285604\",\"https:\\\/\\\/www.facebook.com\\\/UBTAOnline\",\"https:\\\/\\\/www.instagram.com\\\/portalubirataonline\\\/\",\"https:\\\/\\\/twitter.com\\\/ubirataonline\"],\"description\":\"Somos um portal de not\u00edcias independente, criado em 5 de janeiro de 2009, com o objetivo de informar, conectar e valorizar a nossa comunidade de Ubirat\u00e3 e toda aregi\u00e3o. Com conte\u00fado atualizado, confi\u00e1vel e relevante, o Ubirat\u00e3 Online \u00e9 o seu espa\u00e7o para ficar por dentro dos principais acontecimentos locais, regionais, Brasil, Mundo e de interesse geral. Nosso compromisso \u00e9 com a verdade, a transpar\u00eancia e o respeito ao leitor.\",\"legalName\":\"UBIRATA ONLINE NOT\u00cdCIAS\",\"foundingDate\":\"2009-01-05\",\"numberOfEmployees\":{\"@type\":\"QuantitativeValue\",\"minValue\":\"1\",\"maxValue\":\"10\"},\"publishingPrinciples\":\"https:\\\/\\\/ubirataonline.com.br\\\/faq\\\/\",\"address\":{\"@id\":\"https:\\\/\\\/ubirataonline.com.br\\\/latest-ebola-outbreak-an-emergency-of-international-concern-who-declares\\\/#local-main-place-address\"},\"geo\":{\"@type\":\"GeoCoordinates\",\"latitude\":\"-24.5361401\",\"longitude\":\"-52.9921776\"},\"telephone\":[\"+5544998308235\"],\"contactPoint\":{\"@type\":\"ContactPoint\",\"email\":\"contato@ubirataonline.com.br\"},\"openingHoursSpecification\":{\"@type\":\"OpeningHoursSpecification\",\"dayOfWeek\":[\"Monday\",\"Tuesday\",\"Wednesday\",\"Thursday\",\"Friday\",\"Saturday\",\"Sunday\"],\"opens\":\"00:00\",\"closes\":\"23:59\"},\"email\":\"contato@ubirataonline.com.br\",\"vatID\":\"47.621.418\\\/0001-80\"},{\"@type\":\"Person\",\"@id\":\"https:\\\/\\\/ubirataonline.com.br\\\/#\\\/schema\\\/person\\\/372f87bbd3fdd79b8556b84c98d0bc1c\",\"name\":\"REDA\u00c7\u00c3O: UBIRAT\u00c3 ONLINE - F\u00c1BIO AUGUSTO CELESTINO\",\"pronouns\":\"Ele\",\"description\":\"Desde 2003 trabalhando com not\u00edcias.\",\"sameAs\":[\"http:\\\/\\\/ubirataoline.com.br\",\"https:\\\/\\\/www.facebook.com\\\/portalubirataonline\",\"https:\\\/\\\/www.instagram.com\\\/ubirataonline_oficial\",\"https:\\\/\\\/x.com\\\/x.com\\\/ubirataonline\"],\"honorificPrefix\":\"Mr.\",\"honorificSuffix\":\"MD\",\"birthDate\":\"1980-06-16\",\"gender\":\"masculino\",\"award\":[\"V\u00e1rios pr\u00eamios de melhor portal da cidade\"],\"jobTitle\":\"Diretor\",\"url\":\"https:\\\/\\\/ubirataonline.com.br\\\/en\\\/author\\\/ubirataonline\\\/\"},{\"@type\":\"PostalAddress\",\"@id\":\"https:\\\/\\\/ubirataonline.com.br\\\/latest-ebola-outbreak-an-emergency-of-international-concern-who-declares\\\/#local-main-place-address\",\"streetAddress\":\"Rua dos Coqueiros, 104 - Bairro Boa Vista, Rua dos Coqueiros, 104 Bairro Boa Vista\",\"addressLocality\":\"UBIRATA\",\"postalCode\":\"85440-000\",\"addressRegion\":\"PR\",\"addressCountry\":\"BR\"},{\"@type\":\"ImageObject\",\"inLanguage\":\"en-US\",\"@id\":\"https:\\\/\\\/ubirataonline.com.br\\\/latest-ebola-outbreak-an-emergency-of-international-concern-who-declares\\\/#local-main-organization-logo\",\"url\":\"https:\\\/\\\/ubirataonline.com.br\\\/wp-content\\\/uploads\\\/2026\\\/06\\\/logoubirataonline-1.webp\",\"contentUrl\":\"https:\\\/\\\/ubirataonline.com.br\\\/wp-content\\\/uploads\\\/2026\\\/06\\\/logoubirataonline-1.webp\",\"width\":500,\"height\":500,\"caption\":\"Ubirat\u00e3 Online Not\u00edcias\"}]}<\/script>\n<meta name=\"geo.placename\" content=\"UBIRATA\" \/>\n<meta name=\"geo.position\" content=\"-24.5361401;-52.9921776\" \/>\n<meta name=\"geo.region\" content=\"Brazil\" \/>\n<!-- \/ Yoast SEO Premium plugin. -->","yoast_head_json":{"title":"Latest Ebola outbreak an emergency of international concern, WHO declares - Ubirat\u00e3 Online Not\u00edcias - A realidade ao seu alcance!","description":"Reuters\u00a0\u2014\u00a0 The World Health Organization on Sunday declared an Ebola outbreak in the Democratic Republic of Congo and Uganda a \u201cpublic health emergency of","robots":{"index":"index","follow":"follow","max-snippet":"max-snippet:-1","max-image-preview":"max-image-preview:large","max-video-preview":"max-video-preview:-1"},"canonical":"https:\/\/ubirataonline.com.br\/en\/latest-ebola-outbreak-an-emergency-of-international-concern-who-declares\/","og_locale":"en_US","og_type":"article","og_title":"Latest Ebola outbreak an emergency of international concern, WHO declares","og_description":"Reuters\u00a0\u2014\u00a0 The World Health Organization on Sunday declared an Ebola outbreak in the Democratic Republic of Congo and Uganda a \u201cpublic health emergency of","og_url":"https:\/\/ubirataonline.com.br\/en\/latest-ebola-outbreak-an-emergency-of-international-concern-who-declares\/","og_site_name":"Ubirat\u00e3 Online Not\u00edcias - A realidade ao seu alcance!","article_publisher":"https:\/\/www.facebook.com\/portalubirataonline","article_author":"https:\/\/www.facebook.com\/portalubirataonline","article_published_time":"2026-05-17T05:35:10+00:00","article_modified_time":"2026-05-17T05:35:11+00:00","og_image":[{"width":800,"height":450,"url":"https:\/\/ubirataonline.com.br\/wp-content\/uploads\/2026\/05\/Latest-Ebola-outbreak-an-emergency-of-international-concern-WHO-declares.jpg","type":"image\/jpeg"}],"author":"REDA\u00c7\u00c3O: UBIRAT\u00c3 ONLINE - F\u00c1BIO AUGUSTO CELESTINO","twitter_card":"summary_large_image","twitter_creator":"@x.com\/ubirataonline","twitter_site":"@ubirataonline","twitter_misc":{"Written by":"REDA\u00c7\u00c3O: UBIRAT\u00c3 ONLINE - F\u00c1BIO AUGUSTO CELESTINO","Est. reading time":"2 minutes"},"schema":{"@context":"https:\/\/schema.org","@graph":[{"@type":"NewsArticle","@id":"https:\/\/ubirataonline.com.br\/latest-ebola-outbreak-an-emergency-of-international-concern-who-declares\/#article","isPartOf":{"@id":"https:\/\/ubirataonline.com.br\/latest-ebola-outbreak-an-emergency-of-international-concern-who-declares\/"},"author":{"name":"REDA\u00c7\u00c3O: UBIRAT\u00c3 ONLINE - F\u00c1BIO AUGUSTO CELESTINO","@id":"https:\/\/ubirataonline.com.br\/#\/schema\/person\/372f87bbd3fdd79b8556b84c98d0bc1c"},"headline":"Latest Ebola outbreak an emergency of international concern, WHO declares","datePublished":"2026-05-17T05:35:10+00:00","dateModified":"2026-05-17T05:35:11+00:00","mainEntityOfPage":{"@id":"https:\/\/ubirataonline.com.br\/latest-ebola-outbreak-an-emergency-of-international-concern-who-declares\/"},"wordCount":441,"publisher":{"@id":"https:\/\/ubirataonline.com.br\/#organization"},"image":{"@id":"https:\/\/ubirataonline.com.br\/latest-ebola-outbreak-an-emergency-of-international-concern-who-declares\/#primaryimage"},"thumbnailUrl":"https:\/\/ubirataonline.com.br\/wp-content\/uploads\/2026\/05\/Latest-Ebola-outbreak-an-emergency-of-international-concern-WHO-declares.jpg","keywords":["concern","declares","Ebola","emergency","international","Latest","Outbreak"],"articleSection":["Ubirat\u00e3"],"inLanguage":"en-US","copyrightYear":"2026","copyrightHolder":{"@id":"https:\/\/ubirataonline.com.br\/en\/#organization"}},{"@type":"WebPage","@id":"https:\/\/ubirataonline.com.br\/latest-ebola-outbreak-an-emergency-of-international-concern-who-declares\/","url":"https:\/\/ubirataonline.com.br\/latest-ebola-outbreak-an-emergency-of-international-concern-who-declares\/","name":"Latest Ebola outbreak an emergency of international concern, WHO declares - Ubirat\u00e3 Online Not\u00edcias - A realidade ao seu alcance!","isPartOf":{"@id":"https:\/\/ubirataonline.com.br\/#website"},"primaryImageOfPage":{"@id":"https:\/\/ubirataonline.com.br\/latest-ebola-outbreak-an-emergency-of-international-concern-who-declares\/#primaryimage"},"image":{"@id":"https:\/\/ubirataonline.com.br\/latest-ebola-outbreak-an-emergency-of-international-concern-who-declares\/#primaryimage"},"thumbnailUrl":"https:\/\/ubirataonline.com.br\/wp-content\/uploads\/2026\/05\/Latest-Ebola-outbreak-an-emergency-of-international-concern-WHO-declares.jpg","datePublished":"2026-05-17T05:35:10+00:00","dateModified":"2026-05-17T05:35:11+00:00","description":"Reuters\u00a0\u2014\u00a0 The World Health Organization on Sunday declared an Ebola outbreak in the Democratic Republic of Congo and Uganda a \u201cpublic health emergency of","breadcrumb":{"@id":"https:\/\/ubirataonline.com.br\/latest-ebola-outbreak-an-emergency-of-international-concern-who-declares\/#breadcrumb"},"inLanguage":"en-US","potentialAction":[{"@type":"ReadAction","target":["https:\/\/ubirataonline.com.br\/latest-ebola-outbreak-an-emergency-of-international-concern-who-declares\/"]}]},{"@type":"ImageObject","inLanguage":"en-US","@id":"https:\/\/ubirataonline.com.br\/latest-ebola-outbreak-an-emergency-of-international-concern-who-declares\/#primaryimage","url":"https:\/\/ubirataonline.com.br\/wp-content\/uploads\/2026\/05\/Latest-Ebola-outbreak-an-emergency-of-international-concern-WHO-declares.jpg","contentUrl":"https:\/\/ubirataonline.com.br\/wp-content\/uploads\/2026\/05\/Latest-Ebola-outbreak-an-emergency-of-international-concern-WHO-declares.jpg","width":800,"height":450,"caption":"Hajarah Nalwadda\/AP"},{"@type":"BreadcrumbList","@id":"https:\/\/ubirataonline.com.br\/latest-ebola-outbreak-an-emergency-of-international-concern-who-declares\/#breadcrumb","itemListElement":[{"@type":"ListItem","position":1,"name":"In\u00edcio","item":"https:\/\/ubirataonline.com.br\/"},{"@type":"ListItem","position":2,"name":"Latest Ebola outbreak an emergency of international concern, WHO declares"}]},{"@type":"WebSite","@id":"https:\/\/ubirataonline.com.br\/#website","url":"https:\/\/ubirataonline.com.br\/","name":"Ubirat\u00e3 Online Not\u00edcias","description":"Not\u00edcias de Ubirat\u00e3, regi\u00e3o, Brasil e mundo, com informa\u00e7\u00e3o atualizada e compromisso com o leitor.","publisher":{"@id":"https:\/\/ubirataonline.com.br\/#organization"},"alternateName":"Ubirat\u00e3 Online","potentialAction":[{"@type":"SearchAction","target":{"@type":"EntryPoint","urlTemplate":"https:\/\/ubirataonline.com.br\/?s={search_term_string}"},"query-input":{"@type":"PropertyValueSpecification","valueRequired":true,"valueName":"search_term_string"}}],"inLanguage":"en-US"},{"@type":["Organization","Place"],"@id":"https:\/\/ubirataonline.com.br\/#organization","name":"Ubirat\u00e3 Online Not\u00edcias","alternateName":"Ubirat\u00e3 Online","url":"https:\/\/ubirataonline.com.br\/","logo":{"@id":"https:\/\/ubirataonline.com.br\/latest-ebola-outbreak-an-emergency-of-international-concern-who-declares\/#local-main-organization-logo"},"image":{"@id":"https:\/\/ubirataonline.com.br\/latest-ebola-outbreak-an-emergency-of-international-concern-who-declares\/#local-main-organization-logo"},"sameAs":["https:\/\/www.facebook.com\/portalubirataonline","https:\/\/x.com\/ubirataonline","https:\/\/mastodon.social\/@ubirataonline","https:\/\/www.facebook.com\/groups\/311144672285604","https:\/\/www.facebook.com\/UBTAOnline","https:\/\/www.instagram.com\/portalubirataonline\/","https:\/\/twitter.com\/ubirataonline"],"description":"Somos um portal de not\u00edcias independente, criado em 5 de janeiro de 2009, com o objetivo de informar, conectar e valorizar a nossa comunidade de Ubirat\u00e3 e toda aregi\u00e3o. Com conte\u00fado atualizado, confi\u00e1vel e relevante, o Ubirat\u00e3 Online \u00e9 o seu espa\u00e7o para ficar por dentro dos principais acontecimentos locais, regionais, Brasil, Mundo e de interesse geral. Nosso compromisso \u00e9 com a verdade, a transpar\u00eancia e o respeito ao leitor.","legalName":"UBIRATA ONLINE NOT\u00cdCIAS","foundingDate":"2009-01-05","numberOfEmployees":{"@type":"QuantitativeValue","minValue":"1","maxValue":"10"},"publishingPrinciples":"https:\/\/ubirataonline.com.br\/faq\/","address":{"@id":"https:\/\/ubirataonline.com.br\/latest-ebola-outbreak-an-emergency-of-international-concern-who-declares\/#local-main-place-address"},"geo":{"@type":"GeoCoordinates","latitude":"-24.5361401","longitude":"-52.9921776"},"telephone":["+5544998308235"],"contactPoint":{"@type":"ContactPoint","email":"contato@ubirataonline.com.br"},"openingHoursSpecification":{"@type":"OpeningHoursSpecification","dayOfWeek":["Monday","Tuesday","Wednesday","Thursday","Friday","Saturday","Sunday"],"opens":"00:00","closes":"23:59"},"email":"contato@ubirataonline.com.br","vatID":"47.621.418\/0001-80"},{"@type":"Person","@id":"https:\/\/ubirataonline.com.br\/#\/schema\/person\/372f87bbd3fdd79b8556b84c98d0bc1c","name":"REDA\u00c7\u00c3O: UBIRAT\u00c3 ONLINE - F\u00c1BIO AUGUSTO CELESTINO","pronouns":"Ele","description":"Desde 2003 trabalhando com not\u00edcias.","sameAs":["http:\/\/ubirataoline.com.br","https:\/\/www.facebook.com\/portalubirataonline","https:\/\/www.instagram.com\/ubirataonline_oficial","https:\/\/x.com\/x.com\/ubirataonline"],"honorificPrefix":"Mr.","honorificSuffix":"MD","birthDate":"1980-06-16","gender":"masculino","award":["V\u00e1rios pr\u00eamios de melhor portal da cidade"],"jobTitle":"Diretor","url":"https:\/\/ubirataonline.com.br\/en\/author\/ubirataonline\/"},{"@type":"PostalAddress","@id":"https:\/\/ubirataonline.com.br\/latest-ebola-outbreak-an-emergency-of-international-concern-who-declares\/#local-main-place-address","streetAddress":"Rua dos Coqueiros, 104 - Bairro Boa Vista, Rua dos Coqueiros, 104 Bairro Boa Vista","addressLocality":"UBIRATA","postalCode":"85440-000","addressRegion":"PR","addressCountry":"BR"},{"@type":"ImageObject","inLanguage":"en-US","@id":"https:\/\/ubirataonline.com.br\/latest-ebola-outbreak-an-emergency-of-international-concern-who-declares\/#local-main-organization-logo","url":"https:\/\/ubirataonline.com.br\/wp-content\/uploads\/2026\/06\/logoubirataonline-1.webp","contentUrl":"https:\/\/ubirataonline.com.br\/wp-content\/uploads\/2026\/06\/logoubirataonline-1.webp","width":500,"height":500,"caption":"Ubirat\u00e3 Online Not\u00edcias"}]},"geo.placename":"UBIRATA","geo.position":{"lat":"-24.5361401","long":"-52.9921776"},"geo.region":"Brazil"},"_links":{"self":[{"href":"https:\/\/ubirataonline.com.br\/en\/wp-json\/wp\/v2\/posts\/131889","targetHints":{"allow":["GET"]}}],"collection":[{"href":"https:\/\/ubirataonline.com.br\/en\/wp-json\/wp\/v2\/posts"}],"about":[{"href":"https:\/\/ubirataonline.com.br\/en\/wp-json\/wp\/v2\/types\/post"}],"author":[{"embeddable":true,"href":"https:\/\/ubirataonline.com.br\/en\/wp-json\/wp\/v2\/users\/1"}],"replies":[{"embeddable":true,"href":"https:\/\/ubirataonline.com.br\/en\/wp-json\/wp\/v2\/comments?post=131889"}],"version-history":[{"count":0,"href":"https:\/\/ubirataonline.com.br\/en\/wp-json\/wp\/v2\/posts\/131889\/revisions"}],"wp:featuredmedia":[{"embeddable":true,"href":"https:\/\/ubirataonline.com.br\/en\/wp-json\/wp\/v2\/media\/131890"}],"wp:attachment":[{"href":"https:\/\/ubirataonline.com.br\/en\/wp-json\/wp\/v2\/media?parent=131889"}],"wp:term":[{"taxonomy":"category","embeddable":true,"href":"https:\/\/ubirataonline.com.br\/en\/wp-json\/wp\/v2\/categories?post=131889"},{"taxonomy":"post_tag","embeddable":true,"href":"https:\/\/ubirataonline.com.br\/en\/wp-json\/wp\/v2\/tags?post=131889"}],"curies":[{"name":"wp","href":"https:\/\/api.w.org\/{rel}","templated":true}]}}