{"id":132676,"date":"2026-05-18T00:48:07","date_gmt":"2026-05-18T03:48:07","guid":{"rendered":"https:\/\/ubirataonline.com.br\/parana-registra-um-caso-de-violencia-contra-criancas-e-adolescentes-a-cada-15-minutos\/"},"modified":"2026-05-18T00:48:08","modified_gmt":"2026-05-18T03:48:08","slug":"parana-registra-um-caso-de-violencia-contra-criancas-e-adolescentes-a-cada-15-minutos","status":"publish","type":"post","link":"https:\/\/ubirataonline.com.br\/en\/parana-registra-um-caso-de-violencia-contra-criancas-e-adolescentes-a-cada-15-minutos\/","title":{"rendered":"Paran\u00e1 registra um caso de viol\u00eancia contra crian\u00e7as e adolescentes a cada 15 minutos"},"content":{"rendered":"<p><\/p>\n<div id=\"post-content\">\n<p>No Paran\u00e1, em 2025, a Secretaria de Estado da Seguran\u00e7a P\u00fablica (Sesp-PR) registrou um caso de <strong>viol\u00eancia contra crian\u00e7as e adolescentes<\/strong> a cada 15 minutos e 23 segundos. Ao longo do ano, o estado contabilizou <strong>34.221 ocorr\u00eancias envolvendo menores de idade<\/strong>, n\u00famero 63,12% maior do que o registrado em 2021.<\/p>\n<p>Nos \u00faltimos tr\u00eas anos, o Paran\u00e1 manteve mais de 30 mil registros anuais desse tipo de viol\u00eancia. Entre as cidades com maior volume de casos, Curitiba lidera com 3.831 ocorr\u00eancias, o equivalente a 11,22% do total estadual. Na sequ\u00eancia aparecem Londrina, com 1.567 registros, e Ponta Grossa, com 1.537 casos.<\/p>\n<p>Para a delegada Mariana Coelho Cantu, do N\u00facleo de Prote\u00e7\u00e3o \u00e0 Crian\u00e7a e ao Adolescente V\u00edtimas de Crimes (NUCRIA), o crescimento dos n\u00fameros n\u00e3o representa apenas aumento da viol\u00eancia, mas tamb\u00e9m casos que estavam invis\u00edveis. Com a suspens\u00e3o das aulas presenciais por um ano e cinco meses no Paran\u00e1, entre mar\u00e7o de 2020 e meados de 2021, professores deixaram de ser a principal linha de identifica\u00e7\u00e3o de sinais de abuso.\u00a0<\/p>\n<p>Quando as escolas reabriam, o efeito foi imediato. \u201cA maioria das den\u00fancias surge a partir das escolas, que conseguem identificar tanto sinais de viol\u00eancia f\u00edsica, como maus-tratos e les\u00f5es, quanto suspeitas de abuso sexual, quando a crian\u00e7a ou o adolescente apresenta altera\u00e7\u00f5es de comportamento\u201d, explica.<\/p>\n<p>Apesar da alta nos registros gerais de viol\u00eancia, os dados apontam uma redu\u00e7\u00e3o espec\u00edfica nos casos de viol\u00eancia sexual contra menores de 18 anos em 2025. Em 2023 e 2024, o Paran\u00e1 havia ultrapassado a marca de 8 mil ocorr\u00eancias anuais desse tipo. No ano passado, o n\u00famero caiu 8,41%, totalizando 7.434 registros.<\/p>\n<h2 class=\"wp-block-heading\" id=\"h-negligencia-e-um-dos-principais-motivos-de-denuncia\">Neglig\u00eancia \u00e9 um dos principais motivos de den\u00fancia<\/h2>\n<p>Apesar da redu\u00e7\u00e3o registrada nos casos de viol\u00eancia sexual no \u00faltimo ano, o estupro ainda permanece como a principal forma de viol\u00eancia n\u00e3o letal contra crian\u00e7as e adolescentes. Logo atr\u00e1s do estupro, outra mudan\u00e7a vem se consolidando: desde 2022, os maus-tratos ultrapassaram a viol\u00eancia f\u00edsica no ranking, segundo o N\u00facleo Ci\u00eancia Pela Inf\u00e2ncia (NCPI).\u00a0<\/p>\n<p>Pelo Estatuto da Crian\u00e7a e do Adolescente (ECA), os maus-tratos abrangem diferentes formas de viol\u00eancia f\u00edsica, psicol\u00f3gica e emocional contra menores de idade. Entre elas est\u00e1 a neglig\u00eancia, caracterizada pela omiss\u00e3o ou incapacidade dos respons\u00e1veis em garantir condi\u00e7\u00f5es b\u00e1sicas para o desenvolvimento saud\u00e1vel da crian\u00e7a ou do adolescente.<\/p>\n<p>Segundo Michelle Ta\u00eds Faria Feliciano, da Ger\u00eancia da Crian\u00e7a, Adolescente e Migrantes da Secretaria Municipal de Desenvolvimento Humano de Curitiba (SMDH), a neglig\u00eancia atinge principalmente crian\u00e7as na primeira inf\u00e2ncia, per\u00edodo considerado mais vulner\u00e1vel para o desenvolvimento.<\/p>\n<p>\u201cGrande parte dos casos ocorre por descuido ou desestrutura\u00e7\u00e3o familiar, como quando o pai ou a m\u00e3e s\u00e3o usu\u00e1rios de drogas. A crian\u00e7a fica \u00e0 merc\u00ea, sem cuidados b\u00e1sicos. Por isso, na rede M\u00e3e Curitibana, o acompanhamento das condi\u00e7\u00f5es dessa crian\u00e7a come\u00e7a ainda durante a gesta\u00e7\u00e3o\u201d, explica.<\/p>\n<p>A neglig\u00eancia nem sempre deixa marcas f\u00edsicas imediatas. Em muitos casos, os sinais aparecem no desenvolvimento infantil, na alimenta\u00e7\u00e3o inadequada, na aus\u00eancia de acompanhamento m\u00e9dico, no abandono escolar ou em altera\u00e7\u00f5es comportamentais. O Anu\u00e1rio Brasileiro de Seguran\u00e7a P\u00fablica de 2024 apontou que, nos casos de maus-tratos registrados no pa\u00eds, 93% dos autores eram familiares das v\u00edtimas.<\/p>\n<h2 class=\"wp-block-heading\" id=\"h-consequencias-fundamentam-crencas-da-vida-adulta\">Consequ\u00eancias fundamentam cren\u00e7as da vida adulta<\/h2>\n<p>Esses impactos, no entanto, raramente ficam restritos \u00e0 inf\u00e2ncia. Segundo a psic\u00f3loga Juliana de Melo, coordenadora da B\u00e9po Reabilita\u00e7\u00e3o Neurol\u00f3gica, as consequ\u00eancias das viol\u00eancias podem acompanhar a v\u00edtima por toda a vida. \u201cDesde que voc\u00ea nasce, voc\u00ea vai aprendendo a lidar com o mundo e com as pessoas ao seu redor e compreende quem voc\u00ea \u00e9 a partir dessa intera\u00e7\u00e3o. Essas impress\u00f5es, por mais disfuncionais que sejam, v\u00e3o refletir na vida adulta\u201d, explica.<\/p>\n<p>\u00c9 durante a primeira inf\u00e2ncia que se consolidam cren\u00e7as profundas sobre autoestima, pertencimento e seguran\u00e7a emocional. Segundo a psic\u00f3loga, as principais se relacionam a tr\u00eas conceitos: <strong>desamor<\/strong>, <strong>desvalor<\/strong> e <strong>desamparo<\/strong>.<\/p>\n<p>\u201cNo desamor, por exemplo, a crian\u00e7a entende que, ao n\u00e3o atender suas necessidades b\u00e1sicas, \u00e9 porque ela n\u00e3o \u00e9 amada e, portanto, n\u00e3o \u00e9 digna de amor. A crian\u00e7a precisa ser vista n\u00e3o apenas nas necessidades f\u00edsicas, mas tamb\u00e9m na conviv\u00eancia familiar, na rotina e no sentimento de pertencimento\u201d, explica.<\/p>\n<p>Essas experi\u00eancias tamb\u00e9m contribuem para a forma\u00e7\u00e3o das chamadas <strong>cren\u00e7as perif\u00e9ricas<\/strong>, que influenciam diretamente a maneira como a pessoa interpreta rela\u00e7\u00f5es afetivas, v\u00ednculos familiares e situa\u00e7\u00f5es sociais ao longo da vida. As consequ\u00eancias tamb\u00e9m podem se repetir entre gera\u00e7\u00f5es. \u201cNossa principal tend\u00eancia \u00e9 nos tornarmos os pais que tivemos\u201d, afirma a psic\u00f3loga.<\/p>\n<h2 class=\"wp-block-heading\" id=\"h-primeira-ruptura-do-ciclo-denuncia\">Primeira ruptura do ciclo: den\u00fancia<\/h2>\n<p>Para tentar romper os impactos da viol\u00eancia ainda na inf\u00e2ncia, a psic\u00f3loga Juliana de Melo ressalta que a intensidade das consequ\u00eancias est\u00e1 diretamente ligada ao tempo de exposi\u00e7\u00e3o da crian\u00e7a \u00e0s agress\u00f5es. Quanto mais prolongada a viol\u00eancia, maiores tendem a ser os danos.<\/p>\n<p>Nesse processo, o primeiro passo, segundo a delegada Mariana Coelho Cantu, \u00e9 a den\u00fancia, seja \u00e0 pol\u00edcia, ao Conselho Tutelar ou \u00e0 rede de prote\u00e7\u00e3o. \u201cPara n\u00f3s, a crian\u00e7a \u00e9 o in\u00edcio da investiga\u00e7\u00e3o, porque \u00e9 a partir do relato dela que conseguimos reunir os demais elementos. Em regra, essa ser\u00e1 a \u00fanica vez que a crian\u00e7a ou adolescente ser\u00e1 ouvido na delegacia\u201d, explica a delegada.<\/p>\n<p>A partir da identifica\u00e7\u00e3o da viol\u00eancia, diferentes setores passam a atuar de forma integrada. \u201cH\u00e1 atendimento da assist\u00eancia social, da sa\u00fade, acompanhamento psicol\u00f3gico e a escola tamb\u00e9m entra em estado de alerta\u201d, afirma Michelle Feliciano. Segundo ela, o fortalecimento dessa rede de prote\u00e7\u00e3o tem sido ampliado gradualmente.\u00a0<\/p>\n<p>Em Curitiba, a Comiss\u00e3o do Programa Prefeito Amigo da Crian\u00e7a monitora mensalmente indicadores e investimentos voltados \u00e0 inf\u00e2ncia nas \u00e1reas de sa\u00fade e assist\u00eancia social, articulando a\u00e7\u00f5es entre diferentes setores para ampliar medidas de prote\u00e7\u00e3o e preven\u00e7\u00e3o. \u201cQuando se fala em prote\u00e7\u00e3o \u00e0 crian\u00e7a, ningu\u00e9m recua, ningu\u00e9m questiona. Todo mundo entende que \u00e9 necess\u00e1rio mais esfor\u00e7o e mais cuidado\u201d, completa Michelle.<\/p>\n<p>Com os esfor\u00e7os, os efeitos a longo prazo podem ser ressignificados. \u201cN\u00e3o existe apagar o trauma, porque ele faz parte da hist\u00f3ria da pessoa. Mas \u00e9 poss\u00edvel mudar a maneira como ela se relaciona com essa experi\u00eancia e reduzir os impactos que isso causa na vida adulta\u201d, afirma a psic\u00f3loga Juliana de Melo.\u00a0<\/p>\n<h2 class=\"wp-block-heading\" id=\"h-denuncie\">Denuncie<\/h2>\n<p>As den\u00fancias podem ser feitas de forma an\u00f4nima pelo Disque 100 (nacional) e pelos n\u00fameros 181 (Paran\u00e1) e 156 (Curitiba).<\/p>\n<section class=\"virals\">\n<article class=\"cardnews cardnews--post cardnews--has-thumbnail cardnews--editorial-noticias\"> <a href=\"https:\/\/www.tribunapr.com.br\/noticias\/parana\/conheca-mel-raro-interior-parana-floradas-especiais-sabor-suave\/?utm_source=noticias-virais-rodape&amp;utm_medium=internal-tribuna&amp;utm_campaign=tribuna\" class=\"cardnews__postlink\"> <\/p>\n<div class=\"cardnews__image\" is-api-thumb=\"\"><\/div>\n<div class=\"cardnews__content cardhome__content\">\n<div class=\"cardnews__content-wrapper\">\n<p> <span style=\"\"> Denomina\u00e7\u00e3o de Origem <\/span> <\/p>\n<p>Conhe\u00e7a o mel raro do interior do Paran\u00e1 que nasce de floradas especiais e tem sabor suave<\/p>\n<\/p><\/div>\n<\/p><\/div>\n<p> <\/a> <\/article>\n<article class=\"cardnews cardnews--post cardnews--has-thumbnail cardnews--editorial-noticias\"> <a href=\"https:\/\/www.tribunapr.com.br\/noticias\/curitiba-regiao\/curitiba-e-a-nova-miami-capital-e-a-que-mais-recebe-cubanos-do-brasil\/?utm_source=noticias-virais-rodape&amp;utm_medium=internal-tribuna&amp;utm_campaign=tribuna\" class=\"cardnews__postlink\"> <\/p>\n<div class=\"cardnews__image\" is-api-thumb=\"\"><img decoding=\"async\" src=\"https:\/\/www.tribunapr.com.br\/wp-content\/uploads\/2026\/04\/02194022\/centro-de-Curitiba-370x210.jpg\" loading=\"lazy\" alt=\"Curitiba \u00e9 a nova Miami: capital paranaense \u00e9 a que mais recebe cubanos do Brasil\"\/><\/div>\n<div class=\"cardnews__content cardhome__content\">\n<div class=\"cardnews__content-wrapper\">\n<p> <span style=\"\"> Imigra\u00e7\u00e3o <\/span> <\/p>\n<p>Curitiba \u00e9 a nova Miami: capital paranaense \u00e9 a que mais recebe cubanos do Brasil<\/p>\n<\/p><\/div>\n<\/p><\/div>\n<p> <\/a> <\/article>\n<article class=\"cardnews cardnews--post cardnews--has-thumbnail cardnews--editorial-noticias\"> <a href=\"https:\/\/www.tribunapr.com.br\/noticias\/parana\/futebol-ajuda-imigrantes-venezuelanos-reconstruir-vinculos-curitiba\/?utm_source=noticias-virais-rodape&amp;utm_medium=internal-tribuna&amp;utm_campaign=tribuna\" class=\"cardnews__postlink\"> <\/p>\n<div class=\"cardnews__image\" is-api-thumb=\"\"><img decoding=\"async\" src=\"https:\/\/www.tribunapr.com.br\/wp-content\/uploads\/2026\/04\/12141044\/liga-venezuela-370x210.jpg\" loading=\"lazy\" alt=\"Futebol ajuda imigrantes venezuelanos a reconstruir v\u00ednculos em Curitiba\"\/><\/div>\n<div class=\"cardnews__content cardhome__content\">\n<div class=\"cardnews__content-wrapper\">\n<p> <span style=\"\"> Paix\u00e3o compartilhada <\/span> <\/p>\n<p>Futebol ajuda imigrantes venezuelanos a reconstruir v\u00ednculos em Curitiba<\/p>\n<\/p><\/div>\n<\/p><\/div>\n<p> <\/a> <\/article>\n<\/section>\n<div id=\"tribuna-follow-cta\">\n<p> <span class=\"cta-title\">Siga a <span class=\"tribuna-color\">Tribuna<\/span> no Google, e acompanhe as \u00faltimas not\u00edcias de Curitiba e regi\u00e3o!<\/span> <\/p>\n<p> <a href=\"https:\/\/profile.google.com\/cp\/CgwvZy8xMmxxajUzM3Mac2h0dHBzOi8vd3d3LnRyaWJ1bmFwci5jb20uYnIvdml2YS92aXRyaW5lL2dpZ2FudGUtZG8tdmVzdHVhcmlvLXJlaW5hdWd1cmEtbG9qYS1lbS1zaG9wcGluZy10cmFkaWNpb25hbC1kZS1jdXJpdGliYS8iElRyaWJ1bmEgZG8gUGFyYW7DoSqAAwrHAWh0dHBzOi8vZW5jcnlwdGVkLXRibjIuZ3N0YXRpYy5jb20vZmF2aWNvbi10Ym4_cT10Ym46QU5kOUdjUVJPbjVDRjR6TzJPbkUwTXZrRlRCRTY2U0g1bGlaVDRaZTV3bWNKeU5GRm1BSnluM01nNU9PR3BXY1pYMzZwYU5HUWtsZ09JVEFLTTNNZVNGbTc1aWp6M3k2ajUtQ3M2b25kX2JUcFFQQkVLd3RsUjBsTmJESnUtVHhrNXQtbFlCNlVpOWZSVVFjT2cSswFodHRwczovL2VuY3J5cHRlZC10Ym4zLmdzdGF0aWMuY29tL2Zhdmljb24tdGJuP3E9dGJuJTNBQU5kOUdjU0FMaWJ2eFF0YXdFMFRueVdWWmVKRS1MZEdRZjVTUi1OZ2RMazhyZzIwVy1nM0JuQ1F4VDNKZFBjRXR2THdBeVRxUDJEdHVycEdVR29CQkxpYzM5al9wSmFxRERaMHNCYW05WEVhSGVsMmZTQmdKdlF4WWVyMw\" target=\"_blank\" title=\"Seguir a Tribuna no Google\">  <\/a> <\/div>\n<\/p><\/div>\n<p><a href=\"https:\/\/www.tribunapr.com.br\/noticias\/parana\/parana-registra-um-caso-de-violencia-contra-criancas-e-adolescentes-a-cada-15-minutos\/\">Fonte do Artigo <\/a><\/p>","protected":false},"excerpt":{"rendered":"<p>No Paran\u00e1, em 2025, a Secretaria de Estado da Seguran\u00e7a P\u00fablica (Sesp-PR) registrou um caso de viol\u00eancia contra crian\u00e7as e adolescentes a cada 15 minutos e 23 segundos. Ao longo do ano, o estado contabilizou 34.221 ocorr\u00eancias envolvendo menores de idade, n\u00famero 63,12% maior do que o registrado em 2021. Nos \u00faltimos tr\u00eas anos, o [&hellip;]<\/p>\n","protected":false},"author":1,"featured_media":132677,"comment_status":"closed","ping_status":"","sticky":false,"template":"","format":"standard","meta":{"googlesitekit_rrm_CAow2JLhCw:productID":"","_gspb_post_css":"","maa_idioma":"","maa_pais":"","footnotes":""},"categories":[1],"tags":[3966,3650,7044,3180,5911,3305,90,5414,1913],"class_list":["post-132676","post","type-post","status-publish","format-standard","has-post-thumbnail","hentry","category-ubirata","tag-adolescentes","tag-cada","tag-caso","tag-contra","tag-criancas","tag-minutos","tag-parana","tag-registra","tag-violencia"],"blocksy_meta":[],"yoast_head":"<!-- This site is optimized with the Yoast SEO Premium plugin v27.6 (Yoast SEO v27.6) - https:\/\/yoast.com\/product\/yoast-seo-premium-wordpress\/ -->\n<title>Paran\u00e1 registra um caso de viol\u00eancia contra crian\u00e7as e adolescentes a cada 15 minutos - Ubirat\u00e3 Online Not\u00edcias - A realidade ao seu alcance!<\/title>\n<meta name=\"description\" content=\"No Paran\u00e1, em 2025, a Secretaria de Estado da Seguran\u00e7a P\u00fablica (Sesp-PR) registrou um caso de viol\u00eancia contra crian\u00e7as e adolescentes a cada 15 minutos\" \/>\n<meta name=\"robots\" content=\"index, follow, max-snippet:-1, max-image-preview:large, max-video-preview:-1\" \/>\n<link rel=\"canonical\" href=\"https:\/\/ubirataonline.com.br\/en\/parana-registra-um-caso-de-violencia-contra-criancas-e-adolescentes-a-cada-15-minutos\/\" \/>\n<meta property=\"og:locale\" content=\"en_US\" \/>\n<meta property=\"og:type\" content=\"article\" \/>\n<meta property=\"og:title\" content=\"Paran\u00e1 registra um caso de viol\u00eancia contra crian\u00e7as e adolescentes a cada 15 minutos\" \/>\n<meta property=\"og:description\" content=\"No Paran\u00e1, em 2025, a Secretaria de Estado da Seguran\u00e7a P\u00fablica (Sesp-PR) registrou um caso de viol\u00eancia contra crian\u00e7as e adolescentes a cada 15 minutos\" \/>\n<meta property=\"og:url\" content=\"https:\/\/ubirataonline.com.br\/en\/parana-registra-um-caso-de-violencia-contra-criancas-e-adolescentes-a-cada-15-minutos\/\" \/>\n<meta property=\"og:site_name\" content=\"Ubirat\u00e3 Online Not\u00edcias - A realidade ao seu alcance!\" \/>\n<meta property=\"article:publisher\" content=\"https:\/\/www.facebook.com\/portalubirataonline\" \/>\n<meta property=\"article:author\" content=\"https:\/\/www.facebook.com\/portalubirataonline\" \/>\n<meta property=\"article:published_time\" content=\"2026-05-18T03:48:07+00:00\" \/>\n<meta property=\"article:modified_time\" content=\"2026-05-18T03:48:08+00:00\" \/>\n<meta property=\"og:image\" content=\"https:\/\/ubirataonline.com.br\/wp-content\/uploads\/2026\/05\/Parana-registra-um-caso-de-violencia-contra-criancas-e-adolescentes.jpg\" \/>\n\t<meta property=\"og:image:width\" content=\"1280\" \/>\n\t<meta property=\"og:image:height\" content=\"853\" \/>\n\t<meta property=\"og:image:type\" content=\"image\/jpeg\" \/>\n<meta name=\"author\" content=\"REDA\u00c7\u00c3O: UBIRAT\u00c3 ONLINE - F\u00c1BIO AUGUSTO CELESTINO\" \/>\n<meta name=\"twitter:card\" content=\"summary_large_image\" \/>\n<meta name=\"twitter:creator\" content=\"@x.com\/ubirataonline\" \/>\n<meta name=\"twitter:site\" content=\"@ubirataonline\" \/>\n<meta name=\"twitter:label1\" content=\"Written by\" \/>\n\t<meta name=\"twitter:data1\" content=\"REDA\u00c7\u00c3O: UBIRAT\u00c3 ONLINE - F\u00c1BIO AUGUSTO CELESTINO\" \/>\n\t<meta name=\"twitter:label2\" content=\"Est. reading time\" \/>\n\t<meta name=\"twitter:data2\" content=\"6 minutes\" \/>\n<script type=\"application\/ld+json\" class=\"yoast-schema-graph\">{\"@context\":\"https:\\\/\\\/schema.org\",\"@graph\":[{\"@type\":\"NewsArticle\",\"@id\":\"https:\\\/\\\/ubirataonline.com.br\\\/parana-registra-um-caso-de-violencia-contra-criancas-e-adolescentes-a-cada-15-minutos\\\/#article\",\"isPartOf\":{\"@id\":\"https:\\\/\\\/ubirataonline.com.br\\\/parana-registra-um-caso-de-violencia-contra-criancas-e-adolescentes-a-cada-15-minutos\\\/\"},\"author\":{\"name\":\"REDA\u00c7\u00c3O: UBIRAT\u00c3 ONLINE - F\u00c1BIO AUGUSTO CELESTINO\",\"@id\":\"https:\\\/\\\/ubirataonline.com.br\\\/#\\\/schema\\\/person\\\/372f87bbd3fdd79b8556b84c98d0bc1c\"},\"headline\":\"Paran\u00e1 registra um caso de viol\u00eancia contra crian\u00e7as e adolescentes a cada 15 minutos\",\"datePublished\":\"2026-05-18T03:48:07+00:00\",\"dateModified\":\"2026-05-18T03:48:08+00:00\",\"mainEntityOfPage\":{\"@id\":\"https:\\\/\\\/ubirataonline.com.br\\\/parana-registra-um-caso-de-violencia-contra-criancas-e-adolescentes-a-cada-15-minutos\\\/\"},\"wordCount\":1240,\"publisher\":{\"@id\":\"https:\\\/\\\/ubirataonline.com.br\\\/#organization\"},\"image\":{\"@id\":\"https:\\\/\\\/ubirataonline.com.br\\\/parana-registra-um-caso-de-violencia-contra-criancas-e-adolescentes-a-cada-15-minutos\\\/#primaryimage\"},\"thumbnailUrl\":\"https:\\\/\\\/ubirataonline.com.br\\\/wp-content\\\/uploads\\\/2026\\\/05\\\/Parana-registra-um-caso-de-violencia-contra-criancas-e-adolescentes.jpg\",\"keywords\":[\"adolescentes\",\"cada\",\"caso\",\"contra\",\"crian\u00e7as\",\"minutos\",\"paran\u00e1\",\"registra\",\"Viol\u00eancia\"],\"articleSection\":[\"Ubirat\u00e3\"],\"inLanguage\":\"en-US\",\"copyrightYear\":\"2026\",\"copyrightHolder\":{\"@id\":\"https:\\\/\\\/ubirataonline.com.br\\\/en\\\/#organization\"}},{\"@type\":\"WebPage\",\"@id\":\"https:\\\/\\\/ubirataonline.com.br\\\/parana-registra-um-caso-de-violencia-contra-criancas-e-adolescentes-a-cada-15-minutos\\\/\",\"url\":\"https:\\\/\\\/ubirataonline.com.br\\\/parana-registra-um-caso-de-violencia-contra-criancas-e-adolescentes-a-cada-15-minutos\\\/\",\"name\":\"Paran\u00e1 registra um caso de viol\u00eancia contra crian\u00e7as e adolescentes a cada 15 minutos - Ubirat\u00e3 Online Not\u00edcias - A realidade ao seu alcance!\",\"isPartOf\":{\"@id\":\"https:\\\/\\\/ubirataonline.com.br\\\/#website\"},\"primaryImageOfPage\":{\"@id\":\"https:\\\/\\\/ubirataonline.com.br\\\/parana-registra-um-caso-de-violencia-contra-criancas-e-adolescentes-a-cada-15-minutos\\\/#primaryimage\"},\"image\":{\"@id\":\"https:\\\/\\\/ubirataonline.com.br\\\/parana-registra-um-caso-de-violencia-contra-criancas-e-adolescentes-a-cada-15-minutos\\\/#primaryimage\"},\"thumbnailUrl\":\"https:\\\/\\\/ubirataonline.com.br\\\/wp-content\\\/uploads\\\/2026\\\/05\\\/Parana-registra-um-caso-de-violencia-contra-criancas-e-adolescentes.jpg\",\"datePublished\":\"2026-05-18T03:48:07+00:00\",\"dateModified\":\"2026-05-18T03:48:08+00:00\",\"description\":\"No Paran\u00e1, em 2025, a Secretaria de Estado da Seguran\u00e7a P\u00fablica (Sesp-PR) registrou um caso de viol\u00eancia contra crian\u00e7as e adolescentes a cada 15 minutos\",\"breadcrumb\":{\"@id\":\"https:\\\/\\\/ubirataonline.com.br\\\/parana-registra-um-caso-de-violencia-contra-criancas-e-adolescentes-a-cada-15-minutos\\\/#breadcrumb\"},\"inLanguage\":\"en-US\",\"potentialAction\":[{\"@type\":\"ReadAction\",\"target\":[\"https:\\\/\\\/ubirataonline.com.br\\\/parana-registra-um-caso-de-violencia-contra-criancas-e-adolescentes-a-cada-15-minutos\\\/\"]}]},{\"@type\":\"ImageObject\",\"inLanguage\":\"en-US\",\"@id\":\"https:\\\/\\\/ubirataonline.com.br\\\/parana-registra-um-caso-de-violencia-contra-criancas-e-adolescentes-a-cada-15-minutos\\\/#primaryimage\",\"url\":\"https:\\\/\\\/ubirataonline.com.br\\\/wp-content\\\/uploads\\\/2026\\\/05\\\/Parana-registra-um-caso-de-violencia-contra-criancas-e-adolescentes.jpg\",\"contentUrl\":\"https:\\\/\\\/ubirataonline.com.br\\\/wp-content\\\/uploads\\\/2026\\\/05\\\/Parana-registra-um-caso-de-violencia-contra-criancas-e-adolescentes.jpg\",\"width\":1280,\"height\":853,\"caption\":\"Nos casos de maus-tratos registrados no pa\u00eds, 93% dos autores eram familiares das v\u00edtimas. Foto: Lineu Filho\\\/Tribuna do Paran\u00e1.\"},{\"@type\":\"BreadcrumbList\",\"@id\":\"https:\\\/\\\/ubirataonline.com.br\\\/parana-registra-um-caso-de-violencia-contra-criancas-e-adolescentes-a-cada-15-minutos\\\/#breadcrumb\",\"itemListElement\":[{\"@type\":\"ListItem\",\"position\":1,\"name\":\"In\u00edcio\",\"item\":\"https:\\\/\\\/ubirataonline.com.br\\\/\"},{\"@type\":\"ListItem\",\"position\":2,\"name\":\"Paran\u00e1 registra um caso de viol\u00eancia contra crian\u00e7as e adolescentes a cada 15 minutos\"}]},{\"@type\":\"WebSite\",\"@id\":\"https:\\\/\\\/ubirataonline.com.br\\\/#website\",\"url\":\"https:\\\/\\\/ubirataonline.com.br\\\/\",\"name\":\"Ubirat\u00e3 Online Not\u00edcias\",\"description\":\"Not\u00edcias de Ubirat\u00e3, regi\u00e3o, Brasil e mundo, com informa\u00e7\u00e3o atualizada e compromisso com o leitor.\",\"publisher\":{\"@id\":\"https:\\\/\\\/ubirataonline.com.br\\\/#organization\"},\"alternateName\":\"Ubirat\u00e3 Online\",\"potentialAction\":[{\"@type\":\"SearchAction\",\"target\":{\"@type\":\"EntryPoint\",\"urlTemplate\":\"https:\\\/\\\/ubirataonline.com.br\\\/?s={search_term_string}\"},\"query-input\":{\"@type\":\"PropertyValueSpecification\",\"valueRequired\":true,\"valueName\":\"search_term_string\"}}],\"inLanguage\":\"en-US\"},{\"@type\":[\"Organization\",\"Place\"],\"@id\":\"https:\\\/\\\/ubirataonline.com.br\\\/#organization\",\"name\":\"Ubirat\u00e3 Online Not\u00edcias\",\"alternateName\":\"Ubirat\u00e3 Online\",\"url\":\"https:\\\/\\\/ubirataonline.com.br\\\/\",\"logo\":{\"@id\":\"https:\\\/\\\/ubirataonline.com.br\\\/parana-registra-um-caso-de-violencia-contra-criancas-e-adolescentes-a-cada-15-minutos\\\/#local-main-organization-logo\"},\"image\":{\"@id\":\"https:\\\/\\\/ubirataonline.com.br\\\/parana-registra-um-caso-de-violencia-contra-criancas-e-adolescentes-a-cada-15-minutos\\\/#local-main-organization-logo\"},\"sameAs\":[\"https:\\\/\\\/www.facebook.com\\\/portalubirataonline\",\"https:\\\/\\\/x.com\\\/ubirataonline\",\"https:\\\/\\\/mastodon.social\\\/@ubirataonline\",\"https:\\\/\\\/www.facebook.com\\\/groups\\\/311144672285604\",\"https:\\\/\\\/www.facebook.com\\\/UBTAOnline\",\"https:\\\/\\\/www.instagram.com\\\/portalubirataonline\\\/\",\"https:\\\/\\\/twitter.com\\\/ubirataonline\"],\"description\":\"Somos um portal de not\u00edcias independente, criado em 5 de janeiro de 2009, com o objetivo de informar, conectar e valorizar a nossa comunidade de Ubirat\u00e3 e toda aregi\u00e3o. Com conte\u00fado atualizado, confi\u00e1vel e relevante, o Ubirat\u00e3 Online \u00e9 o seu espa\u00e7o para ficar por dentro dos principais acontecimentos locais, regionais, Brasil, Mundo e de interesse geral. Nosso compromisso \u00e9 com a verdade, a transpar\u00eancia e o respeito ao leitor.\",\"legalName\":\"UBIRATA ONLINE NOT\u00cdCIAS\",\"foundingDate\":\"2009-01-05\",\"numberOfEmployees\":{\"@type\":\"QuantitativeValue\",\"minValue\":\"1\",\"maxValue\":\"10\"},\"publishingPrinciples\":\"https:\\\/\\\/ubirataonline.com.br\\\/faq\\\/\",\"address\":{\"@id\":\"https:\\\/\\\/ubirataonline.com.br\\\/parana-registra-um-caso-de-violencia-contra-criancas-e-adolescentes-a-cada-15-minutos\\\/#local-main-place-address\"},\"geo\":{\"@type\":\"GeoCoordinates\",\"latitude\":\"-24.5361401\",\"longitude\":\"-52.9921776\"},\"telephone\":[\"+5544998308235\"],\"contactPoint\":{\"@type\":\"ContactPoint\",\"email\":\"contato@ubirataonline.com.br\"},\"openingHoursSpecification\":{\"@type\":\"OpeningHoursSpecification\",\"dayOfWeek\":[\"Monday\",\"Tuesday\",\"Wednesday\",\"Thursday\",\"Friday\",\"Saturday\",\"Sunday\"],\"opens\":\"00:00\",\"closes\":\"23:59\"},\"email\":\"contato@ubirataonline.com.br\",\"vatID\":\"47.621.418\\\/0001-80\"},{\"@type\":\"Person\",\"@id\":\"https:\\\/\\\/ubirataonline.com.br\\\/#\\\/schema\\\/person\\\/372f87bbd3fdd79b8556b84c98d0bc1c\",\"name\":\"REDA\u00c7\u00c3O: UBIRAT\u00c3 ONLINE - F\u00c1BIO AUGUSTO CELESTINO\",\"pronouns\":\"Ele\",\"description\":\"Desde 2003 trabalhando com not\u00edcias.\",\"sameAs\":[\"http:\\\/\\\/ubirataoline.com.br\",\"https:\\\/\\\/www.facebook.com\\\/portalubirataonline\",\"https:\\\/\\\/www.instagram.com\\\/ubirataonline_oficial\",\"https:\\\/\\\/x.com\\\/x.com\\\/ubirataonline\"],\"honorificPrefix\":\"Mr.\",\"honorificSuffix\":\"MD\",\"birthDate\":\"1980-06-16\",\"gender\":\"masculino\",\"award\":[\"V\u00e1rios pr\u00eamios de melhor portal da cidade\"],\"jobTitle\":\"Diretor\",\"url\":\"https:\\\/\\\/ubirataonline.com.br\\\/en\\\/author\\\/ubirataonline\\\/\"},{\"@type\":\"PostalAddress\",\"@id\":\"https:\\\/\\\/ubirataonline.com.br\\\/parana-registra-um-caso-de-violencia-contra-criancas-e-adolescentes-a-cada-15-minutos\\\/#local-main-place-address\",\"streetAddress\":\"Rua dos Coqueiros, 104 - Bairro Boa Vista, Rua dos Coqueiros, 104 Bairro Boa Vista\",\"addressLocality\":\"UBIRATA\",\"postalCode\":\"85440-000\",\"addressRegion\":\"PR\",\"addressCountry\":\"BR\"},{\"@type\":\"ImageObject\",\"inLanguage\":\"en-US\",\"@id\":\"https:\\\/\\\/ubirataonline.com.br\\\/parana-registra-um-caso-de-violencia-contra-criancas-e-adolescentes-a-cada-15-minutos\\\/#local-main-organization-logo\",\"url\":\"https:\\\/\\\/ubirataonline.com.br\\\/wp-content\\\/uploads\\\/2026\\\/06\\\/logoubirataonline-1.webp\",\"contentUrl\":\"https:\\\/\\\/ubirataonline.com.br\\\/wp-content\\\/uploads\\\/2026\\\/06\\\/logoubirataonline-1.webp\",\"width\":500,\"height\":500,\"caption\":\"Ubirat\u00e3 Online Not\u00edcias\"}]}<\/script>\n<meta name=\"geo.placename\" content=\"UBIRATA\" \/>\n<meta name=\"geo.position\" content=\"-24.5361401;-52.9921776\" \/>\n<meta name=\"geo.region\" content=\"Brazil\" \/>\n<!-- \/ Yoast SEO Premium plugin. -->","yoast_head_json":{"title":"Paran\u00e1 registra um caso de viol\u00eancia contra crian\u00e7as e adolescentes a cada 15 minutos - Ubirat\u00e3 Online Not\u00edcias - A realidade ao seu alcance!","description":"No Paran\u00e1, em 2025, a Secretaria de Estado da Seguran\u00e7a P\u00fablica (Sesp-PR) registrou um caso de viol\u00eancia contra crian\u00e7as e adolescentes a cada 15 minutos","robots":{"index":"index","follow":"follow","max-snippet":"max-snippet:-1","max-image-preview":"max-image-preview:large","max-video-preview":"max-video-preview:-1"},"canonical":"https:\/\/ubirataonline.com.br\/en\/parana-registra-um-caso-de-violencia-contra-criancas-e-adolescentes-a-cada-15-minutos\/","og_locale":"en_US","og_type":"article","og_title":"Paran\u00e1 registra um caso de viol\u00eancia contra crian\u00e7as e adolescentes a cada 15 minutos","og_description":"No Paran\u00e1, em 2025, a Secretaria de Estado da Seguran\u00e7a P\u00fablica (Sesp-PR) registrou um caso de viol\u00eancia contra crian\u00e7as e adolescentes a cada 15 minutos","og_url":"https:\/\/ubirataonline.com.br\/en\/parana-registra-um-caso-de-violencia-contra-criancas-e-adolescentes-a-cada-15-minutos\/","og_site_name":"Ubirat\u00e3 Online Not\u00edcias - A realidade ao seu alcance!","article_publisher":"https:\/\/www.facebook.com\/portalubirataonline","article_author":"https:\/\/www.facebook.com\/portalubirataonline","article_published_time":"2026-05-18T03:48:07+00:00","article_modified_time":"2026-05-18T03:48:08+00:00","og_image":[{"width":1280,"height":853,"url":"https:\/\/ubirataonline.com.br\/wp-content\/uploads\/2026\/05\/Parana-registra-um-caso-de-violencia-contra-criancas-e-adolescentes.jpg","type":"image\/jpeg"}],"author":"REDA\u00c7\u00c3O: UBIRAT\u00c3 ONLINE - F\u00c1BIO AUGUSTO CELESTINO","twitter_card":"summary_large_image","twitter_creator":"@x.com\/ubirataonline","twitter_site":"@ubirataonline","twitter_misc":{"Written by":"REDA\u00c7\u00c3O: UBIRAT\u00c3 ONLINE - F\u00c1BIO AUGUSTO CELESTINO","Est. reading time":"6 minutes"},"schema":{"@context":"https:\/\/schema.org","@graph":[{"@type":"NewsArticle","@id":"https:\/\/ubirataonline.com.br\/parana-registra-um-caso-de-violencia-contra-criancas-e-adolescentes-a-cada-15-minutos\/#article","isPartOf":{"@id":"https:\/\/ubirataonline.com.br\/parana-registra-um-caso-de-violencia-contra-criancas-e-adolescentes-a-cada-15-minutos\/"},"author":{"name":"REDA\u00c7\u00c3O: UBIRAT\u00c3 ONLINE - F\u00c1BIO AUGUSTO CELESTINO","@id":"https:\/\/ubirataonline.com.br\/#\/schema\/person\/372f87bbd3fdd79b8556b84c98d0bc1c"},"headline":"Paran\u00e1 registra um caso de viol\u00eancia contra crian\u00e7as e adolescentes a cada 15 minutos","datePublished":"2026-05-18T03:48:07+00:00","dateModified":"2026-05-18T03:48:08+00:00","mainEntityOfPage":{"@id":"https:\/\/ubirataonline.com.br\/parana-registra-um-caso-de-violencia-contra-criancas-e-adolescentes-a-cada-15-minutos\/"},"wordCount":1240,"publisher":{"@id":"https:\/\/ubirataonline.com.br\/#organization"},"image":{"@id":"https:\/\/ubirataonline.com.br\/parana-registra-um-caso-de-violencia-contra-criancas-e-adolescentes-a-cada-15-minutos\/#primaryimage"},"thumbnailUrl":"https:\/\/ubirataonline.com.br\/wp-content\/uploads\/2026\/05\/Parana-registra-um-caso-de-violencia-contra-criancas-e-adolescentes.jpg","keywords":["adolescentes","cada","caso","contra","crian\u00e7as","minutos","paran\u00e1","registra","Viol\u00eancia"],"articleSection":["Ubirat\u00e3"],"inLanguage":"en-US","copyrightYear":"2026","copyrightHolder":{"@id":"https:\/\/ubirataonline.com.br\/en\/#organization"}},{"@type":"WebPage","@id":"https:\/\/ubirataonline.com.br\/parana-registra-um-caso-de-violencia-contra-criancas-e-adolescentes-a-cada-15-minutos\/","url":"https:\/\/ubirataonline.com.br\/parana-registra-um-caso-de-violencia-contra-criancas-e-adolescentes-a-cada-15-minutos\/","name":"Paran\u00e1 registra um caso de viol\u00eancia contra crian\u00e7as e adolescentes a cada 15 minutos - Ubirat\u00e3 Online Not\u00edcias - A realidade ao seu alcance!","isPartOf":{"@id":"https:\/\/ubirataonline.com.br\/#website"},"primaryImageOfPage":{"@id":"https:\/\/ubirataonline.com.br\/parana-registra-um-caso-de-violencia-contra-criancas-e-adolescentes-a-cada-15-minutos\/#primaryimage"},"image":{"@id":"https:\/\/ubirataonline.com.br\/parana-registra-um-caso-de-violencia-contra-criancas-e-adolescentes-a-cada-15-minutos\/#primaryimage"},"thumbnailUrl":"https:\/\/ubirataonline.com.br\/wp-content\/uploads\/2026\/05\/Parana-registra-um-caso-de-violencia-contra-criancas-e-adolescentes.jpg","datePublished":"2026-05-18T03:48:07+00:00","dateModified":"2026-05-18T03:48:08+00:00","description":"No Paran\u00e1, em 2025, a Secretaria de Estado da Seguran\u00e7a P\u00fablica (Sesp-PR) registrou um caso de viol\u00eancia contra crian\u00e7as e adolescentes a cada 15 minutos","breadcrumb":{"@id":"https:\/\/ubirataonline.com.br\/parana-registra-um-caso-de-violencia-contra-criancas-e-adolescentes-a-cada-15-minutos\/#breadcrumb"},"inLanguage":"en-US","potentialAction":[{"@type":"ReadAction","target":["https:\/\/ubirataonline.com.br\/parana-registra-um-caso-de-violencia-contra-criancas-e-adolescentes-a-cada-15-minutos\/"]}]},{"@type":"ImageObject","inLanguage":"en-US","@id":"https:\/\/ubirataonline.com.br\/parana-registra-um-caso-de-violencia-contra-criancas-e-adolescentes-a-cada-15-minutos\/#primaryimage","url":"https:\/\/ubirataonline.com.br\/wp-content\/uploads\/2026\/05\/Parana-registra-um-caso-de-violencia-contra-criancas-e-adolescentes.jpg","contentUrl":"https:\/\/ubirataonline.com.br\/wp-content\/uploads\/2026\/05\/Parana-registra-um-caso-de-violencia-contra-criancas-e-adolescentes.jpg","width":1280,"height":853,"caption":"Nos casos de maus-tratos registrados no pa\u00eds, 93% dos autores eram familiares das v\u00edtimas. Foto: Lineu Filho\/Tribuna do Paran\u00e1."},{"@type":"BreadcrumbList","@id":"https:\/\/ubirataonline.com.br\/parana-registra-um-caso-de-violencia-contra-criancas-e-adolescentes-a-cada-15-minutos\/#breadcrumb","itemListElement":[{"@type":"ListItem","position":1,"name":"In\u00edcio","item":"https:\/\/ubirataonline.com.br\/"},{"@type":"ListItem","position":2,"name":"Paran\u00e1 registra um caso de viol\u00eancia contra crian\u00e7as e adolescentes a cada 15 minutos"}]},{"@type":"WebSite","@id":"https:\/\/ubirataonline.com.br\/#website","url":"https:\/\/ubirataonline.com.br\/","name":"Ubirat\u00e3 Online Not\u00edcias","description":"Not\u00edcias de Ubirat\u00e3, regi\u00e3o, Brasil e mundo, com informa\u00e7\u00e3o atualizada e compromisso com o leitor.","publisher":{"@id":"https:\/\/ubirataonline.com.br\/#organization"},"alternateName":"Ubirat\u00e3 Online","potentialAction":[{"@type":"SearchAction","target":{"@type":"EntryPoint","urlTemplate":"https:\/\/ubirataonline.com.br\/?s={search_term_string}"},"query-input":{"@type":"PropertyValueSpecification","valueRequired":true,"valueName":"search_term_string"}}],"inLanguage":"en-US"},{"@type":["Organization","Place"],"@id":"https:\/\/ubirataonline.com.br\/#organization","name":"Ubirat\u00e3 Online Not\u00edcias","alternateName":"Ubirat\u00e3 Online","url":"https:\/\/ubirataonline.com.br\/","logo":{"@id":"https:\/\/ubirataonline.com.br\/parana-registra-um-caso-de-violencia-contra-criancas-e-adolescentes-a-cada-15-minutos\/#local-main-organization-logo"},"image":{"@id":"https:\/\/ubirataonline.com.br\/parana-registra-um-caso-de-violencia-contra-criancas-e-adolescentes-a-cada-15-minutos\/#local-main-organization-logo"},"sameAs":["https:\/\/www.facebook.com\/portalubirataonline","https:\/\/x.com\/ubirataonline","https:\/\/mastodon.social\/@ubirataonline","https:\/\/www.facebook.com\/groups\/311144672285604","https:\/\/www.facebook.com\/UBTAOnline","https:\/\/www.instagram.com\/portalubirataonline\/","https:\/\/twitter.com\/ubirataonline"],"description":"Somos um portal de not\u00edcias independente, criado em 5 de janeiro de 2009, com o objetivo de informar, conectar e valorizar a nossa comunidade de Ubirat\u00e3 e toda aregi\u00e3o. Com conte\u00fado atualizado, confi\u00e1vel e relevante, o Ubirat\u00e3 Online \u00e9 o seu espa\u00e7o para ficar por dentro dos principais acontecimentos locais, regionais, Brasil, Mundo e de interesse geral. Nosso compromisso \u00e9 com a verdade, a transpar\u00eancia e o respeito ao leitor.","legalName":"UBIRATA ONLINE NOT\u00cdCIAS","foundingDate":"2009-01-05","numberOfEmployees":{"@type":"QuantitativeValue","minValue":"1","maxValue":"10"},"publishingPrinciples":"https:\/\/ubirataonline.com.br\/faq\/","address":{"@id":"https:\/\/ubirataonline.com.br\/parana-registra-um-caso-de-violencia-contra-criancas-e-adolescentes-a-cada-15-minutos\/#local-main-place-address"},"geo":{"@type":"GeoCoordinates","latitude":"-24.5361401","longitude":"-52.9921776"},"telephone":["+5544998308235"],"contactPoint":{"@type":"ContactPoint","email":"contato@ubirataonline.com.br"},"openingHoursSpecification":{"@type":"OpeningHoursSpecification","dayOfWeek":["Monday","Tuesday","Wednesday","Thursday","Friday","Saturday","Sunday"],"opens":"00:00","closes":"23:59"},"email":"contato@ubirataonline.com.br","vatID":"47.621.418\/0001-80"},{"@type":"Person","@id":"https:\/\/ubirataonline.com.br\/#\/schema\/person\/372f87bbd3fdd79b8556b84c98d0bc1c","name":"REDA\u00c7\u00c3O: UBIRAT\u00c3 ONLINE - F\u00c1BIO AUGUSTO CELESTINO","pronouns":"Ele","description":"Desde 2003 trabalhando com not\u00edcias.","sameAs":["http:\/\/ubirataoline.com.br","https:\/\/www.facebook.com\/portalubirataonline","https:\/\/www.instagram.com\/ubirataonline_oficial","https:\/\/x.com\/x.com\/ubirataonline"],"honorificPrefix":"Mr.","honorificSuffix":"MD","birthDate":"1980-06-16","gender":"masculino","award":["V\u00e1rios pr\u00eamios de melhor portal da cidade"],"jobTitle":"Diretor","url":"https:\/\/ubirataonline.com.br\/en\/author\/ubirataonline\/"},{"@type":"PostalAddress","@id":"https:\/\/ubirataonline.com.br\/parana-registra-um-caso-de-violencia-contra-criancas-e-adolescentes-a-cada-15-minutos\/#local-main-place-address","streetAddress":"Rua dos Coqueiros, 104 - Bairro Boa Vista, Rua dos Coqueiros, 104 Bairro Boa Vista","addressLocality":"UBIRATA","postalCode":"85440-000","addressRegion":"PR","addressCountry":"BR"},{"@type":"ImageObject","inLanguage":"en-US","@id":"https:\/\/ubirataonline.com.br\/parana-registra-um-caso-de-violencia-contra-criancas-e-adolescentes-a-cada-15-minutos\/#local-main-organization-logo","url":"https:\/\/ubirataonline.com.br\/wp-content\/uploads\/2026\/06\/logoubirataonline-1.webp","contentUrl":"https:\/\/ubirataonline.com.br\/wp-content\/uploads\/2026\/06\/logoubirataonline-1.webp","width":500,"height":500,"caption":"Ubirat\u00e3 Online Not\u00edcias"}]},"geo.placename":"UBIRATA","geo.position":{"lat":"-24.5361401","long":"-52.9921776"},"geo.region":"Brazil"},"_links":{"self":[{"href":"https:\/\/ubirataonline.com.br\/en\/wp-json\/wp\/v2\/posts\/132676","targetHints":{"allow":["GET"]}}],"collection":[{"href":"https:\/\/ubirataonline.com.br\/en\/wp-json\/wp\/v2\/posts"}],"about":[{"href":"https:\/\/ubirataonline.com.br\/en\/wp-json\/wp\/v2\/types\/post"}],"author":[{"embeddable":true,"href":"https:\/\/ubirataonline.com.br\/en\/wp-json\/wp\/v2\/users\/1"}],"replies":[{"embeddable":true,"href":"https:\/\/ubirataonline.com.br\/en\/wp-json\/wp\/v2\/comments?post=132676"}],"version-history":[{"count":0,"href":"https:\/\/ubirataonline.com.br\/en\/wp-json\/wp\/v2\/posts\/132676\/revisions"}],"wp:featuredmedia":[{"embeddable":true,"href":"https:\/\/ubirataonline.com.br\/en\/wp-json\/wp\/v2\/media\/132677"}],"wp:attachment":[{"href":"https:\/\/ubirataonline.com.br\/en\/wp-json\/wp\/v2\/media?parent=132676"}],"wp:term":[{"taxonomy":"category","embeddable":true,"href":"https:\/\/ubirataonline.com.br\/en\/wp-json\/wp\/v2\/categories?post=132676"},{"taxonomy":"post_tag","embeddable":true,"href":"https:\/\/ubirataonline.com.br\/en\/wp-json\/wp\/v2\/tags?post=132676"}],"curies":[{"name":"wp","href":"https:\/\/api.w.org\/{rel}","templated":true}]}}