{"id":133374,"date":"2026-05-18T23:47:23","date_gmt":"2026-05-19T02:47:23","guid":{"rendered":"https:\/\/ubirataonline.com.br\/kaka-relembra-acidente-grave-antes-da-estreia-profissional-a-convocacao-para-a-copa-aos-20-anos-e-temporada-historica-de-2007\/"},"modified":"2026-05-18T23:47:27","modified_gmt":"2026-05-19T02:47:27","slug":"kaka-relembra-acidente-grave-antes-da-estreia-profissional-a-convocacao-para-a-copa-aos-20-anos-e-temporada-historica-de-2007","status":"publish","type":"post","link":"https:\/\/ubirataonline.com.br\/en\/kaka-relembra-acidente-grave-antes-da-estreia-profissional-a-convocacao-para-a-copa-aos-20-anos-e-temporada-historica-de-2007\/","title":{"rendered":"Kak\u00e1 relembra acidente grave antes da estreia profissional, a convoca\u00e7\u00e3o para a Copa aos 20 anos e temporada hist\u00f3rica de 2007"},"content":{"rendered":"<p><\/p>\n<div data-block-type=\"unstyled\" data-block-weight=\"88\">\n<p class=\"content-text__container theme-color-primary-first-letter\" data-track-category=\"Link no Texto\" data-track-links=\"\"> Em outubro de 2000, <a class=\"\" href=\"https:\/\/gq.globo.com\/esporte-clube\/noticia\/2026\/05\/kaka-conta-se-recebeu-convite-de-ancelotti-relembra-bastidores-da-copa-e-explica-por-que-nao-quer-ser-treinador.ghtml\"><strong>Kak\u00e1<\/strong><\/a> sofreu grave acidente em uma piscina e fraturou a sexta v\u00e9rtebra cervical. Chegou a ouvir do m\u00e9dico que aquele era \u201cum dia de agradecer\u201d, porque casos semelhantes poderiam impedir uma pessoa de voltar a andar. Recuperado, subiu ao profissional do <strong>S\u00e3o Paulo<\/strong> no in\u00edcio de 2001 e, em 7 de mar\u00e7o, marcou os dois gols da vit\u00f3ria por 2 a 1 sobre o Botafogo, no Morumbi, em jogo decisivo da final do Torneio Rio-S\u00e3o Paulo. Foi o primeiro t\u00edtulo de sua carreira. <\/p>\n<\/p><\/div>\n<div>\n<div class=\"mc-column content-text active-extra-styles\" data-block-type=\"unstyled\" data-block-weight=\"64\">\n<p class=\"content-text__container\" data-track-category=\"Link no Texto\" data-track-links=\"\"> Em entrevista para a s\u00e9rie <strong>GQ Revisita<\/strong>, Kak\u00e1 lembra momentos marcantes da carreira, como a convoca\u00e7\u00e3o para a Copa do Mundo de 2002 pelo t\u00e9cnico <strong>Felip\u00e3o<\/strong>, quando foi selecionado ao lados dos colegas de clube Rog\u00e9rio e Belletti. &#8220;Foi uma festa no CT, tr\u00eas jogadores do S\u00e3o Paulo convocados para uma Copa, eu com 20 anos&#8221;, conta. &#8220;Uma \u00e9poca muito emocionante da minha vida.&#8221; <\/p>\n<\/p><\/div>\n<p> <button class=\"mc-read-more-btn theme-color-primary\" id=\"mc-read-more-btn\"> Continuar lendo <\/button> <\/p>\n<div class=\"cropped-block\">\n<div class=\"mc-column content-media content-media--normal content-video\" data-block-type=\"youtube\">\n<div class=\"content-media__container\">\n<p> <iframe loading=\"lazy\" title=\"Kak\u00e1 assiste e reage \u00e0 convoca\u00e7\u00e3o para a Copa do Mundo de 2002 | GQ Revisita\" width=\"1366\" height=\"768\" src=\"https:\/\/www.youtube.com\/embed\/LyEsvNW6k3o?feature=oembed\" frameborder=\"0\" allow=\"accelerometer; autoplay; clipboard-write; encrypted-media; gyroscope; picture-in-picture; web-share\" referrerpolicy=\"strict-origin-when-cross-origin\" allowfullscreen><\/iframe> <\/p>\n<\/p><\/div>\n<\/p><\/div>\n<\/p><\/div>\n<div class=\"cropped-block\">\n<div class=\"mc-column content-text active-extra-styles\" data-block-type=\"unstyled\" data-block-weight=\"64\">\n<p class=\"content-text__container\" data-track-category=\"Link no Texto\" data-track-links=\"\"> Al\u00e9m disso, comenta gols pelo Milan e pela sele\u00e7\u00e3o brasileira e a temporada hist\u00f3rica de 2007, quando venceu a <strong>Champions League<\/strong>, o <strong>Mundial de Clubes<\/strong>, a <strong>Bola de Ouro<\/strong> e o <strong>pr\u00eamio de melhor jogador do mundo da Fifa<\/strong>. \u201cNunca tive o sonho de ser o melhor do mundo\u201d, explica. O atleta atribui a conquista ao elenco do Milan, time que defendia \u00e0 \u00e9poca. <\/p>\n<\/p><\/div>\n<\/p><\/div>\n<div class=\"cropped-block\">\n<div class=\"mc-column content-text active-extra-styles\" data-block-type=\"unstyled\" data-block-weight=\"69\">\n<p class=\"content-text__container\" data-track-category=\"Link no Texto\" data-track-links=\"\"> Kak\u00e1 tamb\u00e9m fala de sua participa\u00e7\u00e3o atual na <a class=\"\" href=\"https:\/\/gq.globo.com\/esporte-clube\/noticia\/2025\/08\/como-uma-partida-de-futebol-impossivel-de-terminar-em-empate-gerou-um-negocio-milionario-para-a-geracao-z.ghtml\"><strong>Kings League<\/strong><\/a>, da qual \u00e9 presidente no Brasil. Para ele, o torneio n\u00e3o concorre com o futebol tradicional, mas funciona como complemento e aproxima\u00e7\u00e3o com outro p\u00fablico. \u201c\u00c9 um jeito de conversar com a nova gera\u00e7\u00e3o\u201d, diz. Ao lembrar de um p\u00eanalti batido na competi\u00e7\u00e3o, brinca com a press\u00e3o do ambiente digital. \u201cN\u00e3o queria virar meme e perder p\u00eanalti na Kings\u201d. <\/p>\n<\/p><\/div>\n<\/p><\/div>\n<\/p><\/div>\n<p><a href=\"https:\/\/gq.globo.com\/esporte-clube\/noticia\/2026\/05\/kaka-relembra-acidente-grave-antes-da-estreia-profissional-a-convocacao-para-a-copa-aos-20-anos-e-temporada-historica-de-2007.ghtml\">Fonte do Artigo <\/a><\/p>","protected":false},"excerpt":{"rendered":"<p>Em outubro de 2000, Kak\u00e1 sofreu grave acidente em uma piscina e fraturou a sexta v\u00e9rtebra cervical. Chegou a ouvir do m\u00e9dico que aquele era \u201cum dia de agradecer\u201d, porque casos semelhantes poderiam impedir uma pessoa de voltar a andar. Recuperado, subiu ao profissional do S\u00e3o Paulo no in\u00edcio de 2001 e, em 7 de [&hellip;]<\/p>\n","protected":false},"author":1,"featured_media":133375,"comment_status":"closed","ping_status":"","sticky":false,"template":"","format":"standard","meta":{"googlesitekit_rrm_CAow2JLhCw:productID":"","_gspb_post_css":"","maa_idioma":"","maa_pais":"","footnotes":""},"categories":[4],"tags":[26,3141,3306,3029,20867,3503,3613,9712,2997,36672,2904,16076,8735,4435],"class_list":["post-133374","post","type-post","status-publish","format-standard","has-post-thumbnail","hentry","category-brasil","tag-acidente","tag-anos","tag-antes","tag-aos","tag-convocacao","tag-copa","tag-estreia","tag-grave","tag-historica","tag-kaka","tag-para","tag-profissional","tag-relembra","tag-temporada"],"blocksy_meta":[],"yoast_head":"<!-- This site is optimized with the Yoast SEO Premium plugin v27.6 (Yoast SEO v27.6) - https:\/\/yoast.com\/product\/yoast-seo-premium-wordpress\/ -->\n<title>Kak\u00e1 relembra acidente grave antes da estreia profissional, a convoca\u00e7\u00e3o para a Copa aos 20 anos e temporada hist\u00f3rica de 2007 - Ubirat\u00e3 Online Not\u00edcias - A realidade ao seu alcance!<\/title>\n<meta name=\"description\" content=\"Em outubro de 2000, Kak\u00e1 sofreu grave acidente em uma piscina e fraturou a sexta v\u00e9rtebra cervical. Chegou a ouvir do m\u00e9dico que aquele era \u201cum dia de\" \/>\n<meta name=\"robots\" content=\"index, follow, max-snippet:-1, max-image-preview:large, max-video-preview:-1\" \/>\n<link rel=\"canonical\" href=\"https:\/\/ubirataonline.com.br\/en\/kaka-relembra-acidente-grave-antes-da-estreia-profissional-a-convocacao-para-a-copa-aos-20-anos-e-temporada-historica-de-2007\/\" \/>\n<meta property=\"og:locale\" content=\"en_US\" \/>\n<meta property=\"og:type\" content=\"article\" \/>\n<meta property=\"og:title\" content=\"Kak\u00e1 relembra acidente grave antes da estreia profissional, a convoca\u00e7\u00e3o para a Copa aos 20 anos e temporada hist\u00f3rica de 2007\" \/>\n<meta property=\"og:description\" content=\"Em outubro de 2000, Kak\u00e1 sofreu grave acidente em uma piscina e fraturou a sexta v\u00e9rtebra cervical. Chegou a ouvir do m\u00e9dico que aquele era \u201cum dia de\" \/>\n<meta property=\"og:url\" content=\"https:\/\/ubirataonline.com.br\/en\/kaka-relembra-acidente-grave-antes-da-estreia-profissional-a-convocacao-para-a-copa-aos-20-anos-e-temporada-historica-de-2007\/\" \/>\n<meta property=\"og:site_name\" content=\"Ubirat\u00e3 Online Not\u00edcias - A realidade ao seu alcance!\" \/>\n<meta property=\"article:publisher\" content=\"https:\/\/www.facebook.com\/portalubirataonline\" \/>\n<meta property=\"article:author\" content=\"https:\/\/www.facebook.com\/portalubirataonline\" \/>\n<meta property=\"article:published_time\" content=\"2026-05-19T02:47:23+00:00\" \/>\n<meta property=\"article:modified_time\" content=\"2026-05-19T02:47:27+00:00\" \/>\n<meta property=\"og:image\" content=\"https:\/\/ubirataonline.com.br\/wp-content\/uploads\/2026\/05\/Kaka-relembra-acidente-grave-antes-da-estreia-profissional-a-convocacao.jpg\" \/>\n\t<meta property=\"og:image:width\" content=\"1400\" \/>\n\t<meta property=\"og:image:height\" content=\"895\" \/>\n\t<meta property=\"og:image:type\" content=\"image\/jpeg\" \/>\n<meta name=\"author\" content=\"REDA\u00c7\u00c3O: UBIRAT\u00c3 ONLINE - F\u00c1BIO AUGUSTO CELESTINO\" \/>\n<meta name=\"twitter:card\" content=\"summary_large_image\" \/>\n<meta name=\"twitter:creator\" content=\"@x.com\/ubirataonline\" \/>\n<meta name=\"twitter:site\" content=\"@ubirataonline\" \/>\n<meta name=\"twitter:label1\" content=\"Written by\" \/>\n\t<meta name=\"twitter:data1\" content=\"REDA\u00c7\u00c3O: UBIRAT\u00c3 ONLINE - F\u00c1BIO AUGUSTO CELESTINO\" \/>\n\t<meta name=\"twitter:label2\" content=\"Est. reading time\" \/>\n\t<meta name=\"twitter:data2\" content=\"2 minutes\" \/>\n<script type=\"application\/ld+json\" class=\"yoast-schema-graph\">{\"@context\":\"https:\\\/\\\/schema.org\",\"@graph\":[{\"@type\":\"NewsArticle\",\"@id\":\"https:\\\/\\\/ubirataonline.com.br\\\/kaka-relembra-acidente-grave-antes-da-estreia-profissional-a-convocacao-para-a-copa-aos-20-anos-e-temporada-historica-de-2007\\\/#article\",\"isPartOf\":{\"@id\":\"https:\\\/\\\/ubirataonline.com.br\\\/kaka-relembra-acidente-grave-antes-da-estreia-profissional-a-convocacao-para-a-copa-aos-20-anos-e-temporada-historica-de-2007\\\/\"},\"author\":{\"name\":\"REDA\u00c7\u00c3O: UBIRAT\u00c3 ONLINE - F\u00c1BIO AUGUSTO CELESTINO\",\"@id\":\"https:\\\/\\\/ubirataonline.com.br\\\/#\\\/schema\\\/person\\\/372f87bbd3fdd79b8556b84c98d0bc1c\"},\"headline\":\"Kak\u00e1 relembra acidente grave antes da estreia profissional, a convoca\u00e7\u00e3o para a Copa aos 20 anos e temporada hist\u00f3rica de 2007\",\"datePublished\":\"2026-05-19T02:47:23+00:00\",\"dateModified\":\"2026-05-19T02:47:27+00:00\",\"mainEntityOfPage\":{\"@id\":\"https:\\\/\\\/ubirataonline.com.br\\\/kaka-relembra-acidente-grave-antes-da-estreia-profissional-a-convocacao-para-a-copa-aos-20-anos-e-temporada-historica-de-2007\\\/\"},\"wordCount\":340,\"publisher\":{\"@id\":\"https:\\\/\\\/ubirataonline.com.br\\\/#organization\"},\"image\":{\"@id\":\"https:\\\/\\\/ubirataonline.com.br\\\/kaka-relembra-acidente-grave-antes-da-estreia-profissional-a-convocacao-para-a-copa-aos-20-anos-e-temporada-historica-de-2007\\\/#primaryimage\"},\"thumbnailUrl\":\"https:\\\/\\\/ubirataonline.com.br\\\/wp-content\\\/uploads\\\/2026\\\/05\\\/Kaka-relembra-acidente-grave-antes-da-estreia-profissional-a-convocacao.jpg\",\"keywords\":[\"Acidente\",\"anos\",\"antes\",\"aos\",\"convoca\u00e7\u00e3o\",\"Copa\",\"estreia\",\"grave\",\"hist\u00f3rica\",\"Kak\u00e1\",\"para\",\"profissional\",\"relembra\",\"temporada\"],\"articleSection\":[\"Brasil\"],\"inLanguage\":\"en-US\",\"copyrightYear\":\"2026\",\"copyrightHolder\":{\"@id\":\"https:\\\/\\\/ubirataonline.com.br\\\/en\\\/#organization\"}},{\"@type\":\"WebPage\",\"@id\":\"https:\\\/\\\/ubirataonline.com.br\\\/kaka-relembra-acidente-grave-antes-da-estreia-profissional-a-convocacao-para-a-copa-aos-20-anos-e-temporada-historica-de-2007\\\/\",\"url\":\"https:\\\/\\\/ubirataonline.com.br\\\/kaka-relembra-acidente-grave-antes-da-estreia-profissional-a-convocacao-para-a-copa-aos-20-anos-e-temporada-historica-de-2007\\\/\",\"name\":\"Kak\u00e1 relembra acidente grave antes da estreia profissional, a convoca\u00e7\u00e3o para a Copa aos 20 anos e temporada hist\u00f3rica de 2007 - Ubirat\u00e3 Online Not\u00edcias - A realidade ao seu alcance!\",\"isPartOf\":{\"@id\":\"https:\\\/\\\/ubirataonline.com.br\\\/#website\"},\"primaryImageOfPage\":{\"@id\":\"https:\\\/\\\/ubirataonline.com.br\\\/kaka-relembra-acidente-grave-antes-da-estreia-profissional-a-convocacao-para-a-copa-aos-20-anos-e-temporada-historica-de-2007\\\/#primaryimage\"},\"image\":{\"@id\":\"https:\\\/\\\/ubirataonline.com.br\\\/kaka-relembra-acidente-grave-antes-da-estreia-profissional-a-convocacao-para-a-copa-aos-20-anos-e-temporada-historica-de-2007\\\/#primaryimage\"},\"thumbnailUrl\":\"https:\\\/\\\/ubirataonline.com.br\\\/wp-content\\\/uploads\\\/2026\\\/05\\\/Kaka-relembra-acidente-grave-antes-da-estreia-profissional-a-convocacao.jpg\",\"datePublished\":\"2026-05-19T02:47:23+00:00\",\"dateModified\":\"2026-05-19T02:47:27+00:00\",\"description\":\"Em outubro de 2000, Kak\u00e1 sofreu grave acidente em uma piscina e fraturou a sexta v\u00e9rtebra cervical. Chegou a ouvir do m\u00e9dico que aquele era \u201cum dia de\",\"breadcrumb\":{\"@id\":\"https:\\\/\\\/ubirataonline.com.br\\\/kaka-relembra-acidente-grave-antes-da-estreia-profissional-a-convocacao-para-a-copa-aos-20-anos-e-temporada-historica-de-2007\\\/#breadcrumb\"},\"inLanguage\":\"en-US\",\"potentialAction\":[{\"@type\":\"ReadAction\",\"target\":[\"https:\\\/\\\/ubirataonline.com.br\\\/kaka-relembra-acidente-grave-antes-da-estreia-profissional-a-convocacao-para-a-copa-aos-20-anos-e-temporada-historica-de-2007\\\/\"]}]},{\"@type\":\"ImageObject\",\"inLanguage\":\"en-US\",\"@id\":\"https:\\\/\\\/ubirataonline.com.br\\\/kaka-relembra-acidente-grave-antes-da-estreia-profissional-a-convocacao-para-a-copa-aos-20-anos-e-temporada-historica-de-2007\\\/#primaryimage\",\"url\":\"https:\\\/\\\/ubirataonline.com.br\\\/wp-content\\\/uploads\\\/2026\\\/05\\\/Kaka-relembra-acidente-grave-antes-da-estreia-profissional-a-convocacao.jpg\",\"contentUrl\":\"https:\\\/\\\/ubirataonline.com.br\\\/wp-content\\\/uploads\\\/2026\\\/05\\\/Kaka-relembra-acidente-grave-antes-da-estreia-profissional-a-convocacao.jpg\",\"width\":1400,\"height\":895,\"caption\":\"Kak\u00e1 \u00e9 capa de maio da GQ Brasil \u2014 Foto: Franco Amendola\\\/GQ Brasil\"},{\"@type\":\"BreadcrumbList\",\"@id\":\"https:\\\/\\\/ubirataonline.com.br\\\/kaka-relembra-acidente-grave-antes-da-estreia-profissional-a-convocacao-para-a-copa-aos-20-anos-e-temporada-historica-de-2007\\\/#breadcrumb\",\"itemListElement\":[{\"@type\":\"ListItem\",\"position\":1,\"name\":\"In\u00edcio\",\"item\":\"https:\\\/\\\/ubirataonline.com.br\\\/\"},{\"@type\":\"ListItem\",\"position\":2,\"name\":\"Kak\u00e1 relembra acidente grave antes da estreia profissional, a convoca\u00e7\u00e3o para a Copa aos 20 anos e temporada hist\u00f3rica de 2007\"}]},{\"@type\":\"WebSite\",\"@id\":\"https:\\\/\\\/ubirataonline.com.br\\\/#website\",\"url\":\"https:\\\/\\\/ubirataonline.com.br\\\/\",\"name\":\"Ubirat\u00e3 Online Not\u00edcias\",\"description\":\"Not\u00edcias de Ubirat\u00e3, regi\u00e3o, Brasil e mundo, com informa\u00e7\u00e3o atualizada e compromisso com o leitor.\",\"publisher\":{\"@id\":\"https:\\\/\\\/ubirataonline.com.br\\\/#organization\"},\"alternateName\":\"Ubirat\u00e3 Online\",\"potentialAction\":[{\"@type\":\"SearchAction\",\"target\":{\"@type\":\"EntryPoint\",\"urlTemplate\":\"https:\\\/\\\/ubirataonline.com.br\\\/?s={search_term_string}\"},\"query-input\":{\"@type\":\"PropertyValueSpecification\",\"valueRequired\":true,\"valueName\":\"search_term_string\"}}],\"inLanguage\":\"en-US\"},{\"@type\":[\"Organization\",\"Place\"],\"@id\":\"https:\\\/\\\/ubirataonline.com.br\\\/#organization\",\"name\":\"Ubirat\u00e3 Online Not\u00edcias\",\"alternateName\":\"Ubirat\u00e3 Online\",\"url\":\"https:\\\/\\\/ubirataonline.com.br\\\/\",\"logo\":{\"@id\":\"https:\\\/\\\/ubirataonline.com.br\\\/kaka-relembra-acidente-grave-antes-da-estreia-profissional-a-convocacao-para-a-copa-aos-20-anos-e-temporada-historica-de-2007\\\/#local-main-organization-logo\"},\"image\":{\"@id\":\"https:\\\/\\\/ubirataonline.com.br\\\/kaka-relembra-acidente-grave-antes-da-estreia-profissional-a-convocacao-para-a-copa-aos-20-anos-e-temporada-historica-de-2007\\\/#local-main-organization-logo\"},\"sameAs\":[\"https:\\\/\\\/www.facebook.com\\\/portalubirataonline\",\"https:\\\/\\\/x.com\\\/ubirataonline\",\"https:\\\/\\\/mastodon.social\\\/@ubirataonline\",\"https:\\\/\\\/www.facebook.com\\\/groups\\\/311144672285604\",\"https:\\\/\\\/www.facebook.com\\\/UBTAOnline\",\"https:\\\/\\\/www.instagram.com\\\/portalubirataonline\\\/\",\"https:\\\/\\\/twitter.com\\\/ubirataonline\"],\"description\":\"Somos um portal de not\u00edcias independente, criado em 5 de janeiro de 2009, com o objetivo de informar, conectar e valorizar a nossa comunidade de Ubirat\u00e3 e toda aregi\u00e3o. Com conte\u00fado atualizado, confi\u00e1vel e relevante, o Ubirat\u00e3 Online \u00e9 o seu espa\u00e7o para ficar por dentro dos principais acontecimentos locais, regionais, Brasil, Mundo e de interesse geral. Nosso compromisso \u00e9 com a verdade, a transpar\u00eancia e o respeito ao leitor.\",\"legalName\":\"UBIRATA ONLINE NOT\u00cdCIAS\",\"foundingDate\":\"2009-01-05\",\"numberOfEmployees\":{\"@type\":\"QuantitativeValue\",\"minValue\":\"1\",\"maxValue\":\"10\"},\"publishingPrinciples\":\"https:\\\/\\\/ubirataonline.com.br\\\/faq\\\/\",\"address\":{\"@id\":\"https:\\\/\\\/ubirataonline.com.br\\\/kaka-relembra-acidente-grave-antes-da-estreia-profissional-a-convocacao-para-a-copa-aos-20-anos-e-temporada-historica-de-2007\\\/#local-main-place-address\"},\"geo\":{\"@type\":\"GeoCoordinates\",\"latitude\":\"-24.5361401\",\"longitude\":\"-52.9921776\"},\"telephone\":[\"+5544998308235\"],\"contactPoint\":{\"@type\":\"ContactPoint\",\"email\":\"contato@ubirataonline.com.br\"},\"openingHoursSpecification\":{\"@type\":\"OpeningHoursSpecification\",\"dayOfWeek\":[\"Monday\",\"Tuesday\",\"Wednesday\",\"Thursday\",\"Friday\",\"Saturday\",\"Sunday\"],\"opens\":\"00:00\",\"closes\":\"23:59\"},\"email\":\"contato@ubirataonline.com.br\",\"vatID\":\"47.621.418\\\/0001-80\"},{\"@type\":\"Person\",\"@id\":\"https:\\\/\\\/ubirataonline.com.br\\\/#\\\/schema\\\/person\\\/372f87bbd3fdd79b8556b84c98d0bc1c\",\"name\":\"REDA\u00c7\u00c3O: UBIRAT\u00c3 ONLINE - F\u00c1BIO AUGUSTO CELESTINO\",\"pronouns\":\"Ele\",\"description\":\"Desde 2003 trabalhando com not\u00edcias.\",\"sameAs\":[\"http:\\\/\\\/ubirataoline.com.br\",\"https:\\\/\\\/www.facebook.com\\\/portalubirataonline\",\"https:\\\/\\\/www.instagram.com\\\/ubirataonline_oficial\",\"https:\\\/\\\/x.com\\\/x.com\\\/ubirataonline\"],\"honorificPrefix\":\"Mr.\",\"honorificSuffix\":\"MD\",\"birthDate\":\"1980-06-16\",\"gender\":\"masculino\",\"award\":[\"V\u00e1rios pr\u00eamios de melhor portal da cidade\"],\"jobTitle\":\"Diretor\",\"url\":\"https:\\\/\\\/ubirataonline.com.br\\\/en\\\/author\\\/ubirataonline\\\/\"},{\"@type\":\"PostalAddress\",\"@id\":\"https:\\\/\\\/ubirataonline.com.br\\\/kaka-relembra-acidente-grave-antes-da-estreia-profissional-a-convocacao-para-a-copa-aos-20-anos-e-temporada-historica-de-2007\\\/#local-main-place-address\",\"streetAddress\":\"Rua dos Coqueiros, 104 - Bairro Boa Vista, Rua dos Coqueiros, 104 Bairro Boa Vista\",\"addressLocality\":\"UBIRATA\",\"postalCode\":\"85440-000\",\"addressRegion\":\"PR\",\"addressCountry\":\"BR\"},{\"@type\":\"ImageObject\",\"inLanguage\":\"en-US\",\"@id\":\"https:\\\/\\\/ubirataonline.com.br\\\/kaka-relembra-acidente-grave-antes-da-estreia-profissional-a-convocacao-para-a-copa-aos-20-anos-e-temporada-historica-de-2007\\\/#local-main-organization-logo\",\"url\":\"https:\\\/\\\/ubirataonline.com.br\\\/wp-content\\\/uploads\\\/2026\\\/06\\\/logoubirataonline-1.webp\",\"contentUrl\":\"https:\\\/\\\/ubirataonline.com.br\\\/wp-content\\\/uploads\\\/2026\\\/06\\\/logoubirataonline-1.webp\",\"width\":500,\"height\":500,\"caption\":\"Ubirat\u00e3 Online Not\u00edcias\"}]}<\/script>\n<meta name=\"geo.placename\" content=\"UBIRATA\" \/>\n<meta name=\"geo.position\" content=\"-24.5361401;-52.9921776\" \/>\n<meta name=\"geo.region\" content=\"Brazil\" \/>\n<!-- \/ Yoast SEO Premium plugin. -->","yoast_head_json":{"title":"Kak\u00e1 relembra acidente grave antes da estreia profissional, a convoca\u00e7\u00e3o para a Copa aos 20 anos e temporada hist\u00f3rica de 2007 - Ubirat\u00e3 Online Not\u00edcias - A realidade ao seu alcance!","description":"Em outubro de 2000, Kak\u00e1 sofreu grave acidente em uma piscina e fraturou a sexta v\u00e9rtebra cervical. Chegou a ouvir do m\u00e9dico que aquele era \u201cum dia de","robots":{"index":"index","follow":"follow","max-snippet":"max-snippet:-1","max-image-preview":"max-image-preview:large","max-video-preview":"max-video-preview:-1"},"canonical":"https:\/\/ubirataonline.com.br\/en\/kaka-relembra-acidente-grave-antes-da-estreia-profissional-a-convocacao-para-a-copa-aos-20-anos-e-temporada-historica-de-2007\/","og_locale":"en_US","og_type":"article","og_title":"Kak\u00e1 relembra acidente grave antes da estreia profissional, a convoca\u00e7\u00e3o para a Copa aos 20 anos e temporada hist\u00f3rica de 2007","og_description":"Em outubro de 2000, Kak\u00e1 sofreu grave acidente em uma piscina e fraturou a sexta v\u00e9rtebra cervical. Chegou a ouvir do m\u00e9dico que aquele era \u201cum dia de","og_url":"https:\/\/ubirataonline.com.br\/en\/kaka-relembra-acidente-grave-antes-da-estreia-profissional-a-convocacao-para-a-copa-aos-20-anos-e-temporada-historica-de-2007\/","og_site_name":"Ubirat\u00e3 Online Not\u00edcias - A realidade ao seu alcance!","article_publisher":"https:\/\/www.facebook.com\/portalubirataonline","article_author":"https:\/\/www.facebook.com\/portalubirataonline","article_published_time":"2026-05-19T02:47:23+00:00","article_modified_time":"2026-05-19T02:47:27+00:00","og_image":[{"width":1400,"height":895,"url":"https:\/\/ubirataonline.com.br\/wp-content\/uploads\/2026\/05\/Kaka-relembra-acidente-grave-antes-da-estreia-profissional-a-convocacao.jpg","type":"image\/jpeg"}],"author":"REDA\u00c7\u00c3O: UBIRAT\u00c3 ONLINE - F\u00c1BIO AUGUSTO CELESTINO","twitter_card":"summary_large_image","twitter_creator":"@x.com\/ubirataonline","twitter_site":"@ubirataonline","twitter_misc":{"Written by":"REDA\u00c7\u00c3O: UBIRAT\u00c3 ONLINE - F\u00c1BIO AUGUSTO CELESTINO","Est. reading time":"2 minutes"},"schema":{"@context":"https:\/\/schema.org","@graph":[{"@type":"NewsArticle","@id":"https:\/\/ubirataonline.com.br\/kaka-relembra-acidente-grave-antes-da-estreia-profissional-a-convocacao-para-a-copa-aos-20-anos-e-temporada-historica-de-2007\/#article","isPartOf":{"@id":"https:\/\/ubirataonline.com.br\/kaka-relembra-acidente-grave-antes-da-estreia-profissional-a-convocacao-para-a-copa-aos-20-anos-e-temporada-historica-de-2007\/"},"author":{"name":"REDA\u00c7\u00c3O: UBIRAT\u00c3 ONLINE - F\u00c1BIO AUGUSTO CELESTINO","@id":"https:\/\/ubirataonline.com.br\/#\/schema\/person\/372f87bbd3fdd79b8556b84c98d0bc1c"},"headline":"Kak\u00e1 relembra acidente grave antes da estreia profissional, a convoca\u00e7\u00e3o para a Copa aos 20 anos e temporada hist\u00f3rica de 2007","datePublished":"2026-05-19T02:47:23+00:00","dateModified":"2026-05-19T02:47:27+00:00","mainEntityOfPage":{"@id":"https:\/\/ubirataonline.com.br\/kaka-relembra-acidente-grave-antes-da-estreia-profissional-a-convocacao-para-a-copa-aos-20-anos-e-temporada-historica-de-2007\/"},"wordCount":340,"publisher":{"@id":"https:\/\/ubirataonline.com.br\/#organization"},"image":{"@id":"https:\/\/ubirataonline.com.br\/kaka-relembra-acidente-grave-antes-da-estreia-profissional-a-convocacao-para-a-copa-aos-20-anos-e-temporada-historica-de-2007\/#primaryimage"},"thumbnailUrl":"https:\/\/ubirataonline.com.br\/wp-content\/uploads\/2026\/05\/Kaka-relembra-acidente-grave-antes-da-estreia-profissional-a-convocacao.jpg","keywords":["Acidente","anos","antes","aos","convoca\u00e7\u00e3o","Copa","estreia","grave","hist\u00f3rica","Kak\u00e1","para","profissional","relembra","temporada"],"articleSection":["Brasil"],"inLanguage":"en-US","copyrightYear":"2026","copyrightHolder":{"@id":"https:\/\/ubirataonline.com.br\/en\/#organization"}},{"@type":"WebPage","@id":"https:\/\/ubirataonline.com.br\/kaka-relembra-acidente-grave-antes-da-estreia-profissional-a-convocacao-para-a-copa-aos-20-anos-e-temporada-historica-de-2007\/","url":"https:\/\/ubirataonline.com.br\/kaka-relembra-acidente-grave-antes-da-estreia-profissional-a-convocacao-para-a-copa-aos-20-anos-e-temporada-historica-de-2007\/","name":"Kak\u00e1 relembra acidente grave antes da estreia profissional, a convoca\u00e7\u00e3o para a Copa aos 20 anos e temporada hist\u00f3rica de 2007 - Ubirat\u00e3 Online Not\u00edcias - A realidade ao seu alcance!","isPartOf":{"@id":"https:\/\/ubirataonline.com.br\/#website"},"primaryImageOfPage":{"@id":"https:\/\/ubirataonline.com.br\/kaka-relembra-acidente-grave-antes-da-estreia-profissional-a-convocacao-para-a-copa-aos-20-anos-e-temporada-historica-de-2007\/#primaryimage"},"image":{"@id":"https:\/\/ubirataonline.com.br\/kaka-relembra-acidente-grave-antes-da-estreia-profissional-a-convocacao-para-a-copa-aos-20-anos-e-temporada-historica-de-2007\/#primaryimage"},"thumbnailUrl":"https:\/\/ubirataonline.com.br\/wp-content\/uploads\/2026\/05\/Kaka-relembra-acidente-grave-antes-da-estreia-profissional-a-convocacao.jpg","datePublished":"2026-05-19T02:47:23+00:00","dateModified":"2026-05-19T02:47:27+00:00","description":"Em outubro de 2000, Kak\u00e1 sofreu grave acidente em uma piscina e fraturou a sexta v\u00e9rtebra cervical. Chegou a ouvir do m\u00e9dico que aquele era \u201cum dia de","breadcrumb":{"@id":"https:\/\/ubirataonline.com.br\/kaka-relembra-acidente-grave-antes-da-estreia-profissional-a-convocacao-para-a-copa-aos-20-anos-e-temporada-historica-de-2007\/#breadcrumb"},"inLanguage":"en-US","potentialAction":[{"@type":"ReadAction","target":["https:\/\/ubirataonline.com.br\/kaka-relembra-acidente-grave-antes-da-estreia-profissional-a-convocacao-para-a-copa-aos-20-anos-e-temporada-historica-de-2007\/"]}]},{"@type":"ImageObject","inLanguage":"en-US","@id":"https:\/\/ubirataonline.com.br\/kaka-relembra-acidente-grave-antes-da-estreia-profissional-a-convocacao-para-a-copa-aos-20-anos-e-temporada-historica-de-2007\/#primaryimage","url":"https:\/\/ubirataonline.com.br\/wp-content\/uploads\/2026\/05\/Kaka-relembra-acidente-grave-antes-da-estreia-profissional-a-convocacao.jpg","contentUrl":"https:\/\/ubirataonline.com.br\/wp-content\/uploads\/2026\/05\/Kaka-relembra-acidente-grave-antes-da-estreia-profissional-a-convocacao.jpg","width":1400,"height":895,"caption":"Kak\u00e1 \u00e9 capa de maio da GQ Brasil \u2014 Foto: Franco Amendola\/GQ Brasil"},{"@type":"BreadcrumbList","@id":"https:\/\/ubirataonline.com.br\/kaka-relembra-acidente-grave-antes-da-estreia-profissional-a-convocacao-para-a-copa-aos-20-anos-e-temporada-historica-de-2007\/#breadcrumb","itemListElement":[{"@type":"ListItem","position":1,"name":"In\u00edcio","item":"https:\/\/ubirataonline.com.br\/"},{"@type":"ListItem","position":2,"name":"Kak\u00e1 relembra acidente grave antes da estreia profissional, a convoca\u00e7\u00e3o para a Copa aos 20 anos e temporada hist\u00f3rica de 2007"}]},{"@type":"WebSite","@id":"https:\/\/ubirataonline.com.br\/#website","url":"https:\/\/ubirataonline.com.br\/","name":"Ubirat\u00e3 Online Not\u00edcias","description":"Not\u00edcias de Ubirat\u00e3, regi\u00e3o, Brasil e mundo, com informa\u00e7\u00e3o atualizada e compromisso com o leitor.","publisher":{"@id":"https:\/\/ubirataonline.com.br\/#organization"},"alternateName":"Ubirat\u00e3 Online","potentialAction":[{"@type":"SearchAction","target":{"@type":"EntryPoint","urlTemplate":"https:\/\/ubirataonline.com.br\/?s={search_term_string}"},"query-input":{"@type":"PropertyValueSpecification","valueRequired":true,"valueName":"search_term_string"}}],"inLanguage":"en-US"},{"@type":["Organization","Place"],"@id":"https:\/\/ubirataonline.com.br\/#organization","name":"Ubirat\u00e3 Online Not\u00edcias","alternateName":"Ubirat\u00e3 Online","url":"https:\/\/ubirataonline.com.br\/","logo":{"@id":"https:\/\/ubirataonline.com.br\/kaka-relembra-acidente-grave-antes-da-estreia-profissional-a-convocacao-para-a-copa-aos-20-anos-e-temporada-historica-de-2007\/#local-main-organization-logo"},"image":{"@id":"https:\/\/ubirataonline.com.br\/kaka-relembra-acidente-grave-antes-da-estreia-profissional-a-convocacao-para-a-copa-aos-20-anos-e-temporada-historica-de-2007\/#local-main-organization-logo"},"sameAs":["https:\/\/www.facebook.com\/portalubirataonline","https:\/\/x.com\/ubirataonline","https:\/\/mastodon.social\/@ubirataonline","https:\/\/www.facebook.com\/groups\/311144672285604","https:\/\/www.facebook.com\/UBTAOnline","https:\/\/www.instagram.com\/portalubirataonline\/","https:\/\/twitter.com\/ubirataonline"],"description":"Somos um portal de not\u00edcias independente, criado em 5 de janeiro de 2009, com o objetivo de informar, conectar e valorizar a nossa comunidade de Ubirat\u00e3 e toda aregi\u00e3o. Com conte\u00fado atualizado, confi\u00e1vel e relevante, o Ubirat\u00e3 Online \u00e9 o seu espa\u00e7o para ficar por dentro dos principais acontecimentos locais, regionais, Brasil, Mundo e de interesse geral. Nosso compromisso \u00e9 com a verdade, a transpar\u00eancia e o respeito ao leitor.","legalName":"UBIRATA ONLINE NOT\u00cdCIAS","foundingDate":"2009-01-05","numberOfEmployees":{"@type":"QuantitativeValue","minValue":"1","maxValue":"10"},"publishingPrinciples":"https:\/\/ubirataonline.com.br\/faq\/","address":{"@id":"https:\/\/ubirataonline.com.br\/kaka-relembra-acidente-grave-antes-da-estreia-profissional-a-convocacao-para-a-copa-aos-20-anos-e-temporada-historica-de-2007\/#local-main-place-address"},"geo":{"@type":"GeoCoordinates","latitude":"-24.5361401","longitude":"-52.9921776"},"telephone":["+5544998308235"],"contactPoint":{"@type":"ContactPoint","email":"contato@ubirataonline.com.br"},"openingHoursSpecification":{"@type":"OpeningHoursSpecification","dayOfWeek":["Monday","Tuesday","Wednesday","Thursday","Friday","Saturday","Sunday"],"opens":"00:00","closes":"23:59"},"email":"contato@ubirataonline.com.br","vatID":"47.621.418\/0001-80"},{"@type":"Person","@id":"https:\/\/ubirataonline.com.br\/#\/schema\/person\/372f87bbd3fdd79b8556b84c98d0bc1c","name":"REDA\u00c7\u00c3O: UBIRAT\u00c3 ONLINE - F\u00c1BIO AUGUSTO CELESTINO","pronouns":"Ele","description":"Desde 2003 trabalhando com not\u00edcias.","sameAs":["http:\/\/ubirataoline.com.br","https:\/\/www.facebook.com\/portalubirataonline","https:\/\/www.instagram.com\/ubirataonline_oficial","https:\/\/x.com\/x.com\/ubirataonline"],"honorificPrefix":"Mr.","honorificSuffix":"MD","birthDate":"1980-06-16","gender":"masculino","award":["V\u00e1rios pr\u00eamios de melhor portal da cidade"],"jobTitle":"Diretor","url":"https:\/\/ubirataonline.com.br\/en\/author\/ubirataonline\/"},{"@type":"PostalAddress","@id":"https:\/\/ubirataonline.com.br\/kaka-relembra-acidente-grave-antes-da-estreia-profissional-a-convocacao-para-a-copa-aos-20-anos-e-temporada-historica-de-2007\/#local-main-place-address","streetAddress":"Rua dos Coqueiros, 104 - Bairro Boa Vista, Rua dos Coqueiros, 104 Bairro Boa Vista","addressLocality":"UBIRATA","postalCode":"85440-000","addressRegion":"PR","addressCountry":"BR"},{"@type":"ImageObject","inLanguage":"en-US","@id":"https:\/\/ubirataonline.com.br\/kaka-relembra-acidente-grave-antes-da-estreia-profissional-a-convocacao-para-a-copa-aos-20-anos-e-temporada-historica-de-2007\/#local-main-organization-logo","url":"https:\/\/ubirataonline.com.br\/wp-content\/uploads\/2026\/06\/logoubirataonline-1.webp","contentUrl":"https:\/\/ubirataonline.com.br\/wp-content\/uploads\/2026\/06\/logoubirataonline-1.webp","width":500,"height":500,"caption":"Ubirat\u00e3 Online Not\u00edcias"}]},"geo.placename":"UBIRATA","geo.position":{"lat":"-24.5361401","long":"-52.9921776"},"geo.region":"Brazil"},"_links":{"self":[{"href":"https:\/\/ubirataonline.com.br\/en\/wp-json\/wp\/v2\/posts\/133374","targetHints":{"allow":["GET"]}}],"collection":[{"href":"https:\/\/ubirataonline.com.br\/en\/wp-json\/wp\/v2\/posts"}],"about":[{"href":"https:\/\/ubirataonline.com.br\/en\/wp-json\/wp\/v2\/types\/post"}],"author":[{"embeddable":true,"href":"https:\/\/ubirataonline.com.br\/en\/wp-json\/wp\/v2\/users\/1"}],"replies":[{"embeddable":true,"href":"https:\/\/ubirataonline.com.br\/en\/wp-json\/wp\/v2\/comments?post=133374"}],"version-history":[{"count":0,"href":"https:\/\/ubirataonline.com.br\/en\/wp-json\/wp\/v2\/posts\/133374\/revisions"}],"wp:featuredmedia":[{"embeddable":true,"href":"https:\/\/ubirataonline.com.br\/en\/wp-json\/wp\/v2\/media\/133375"}],"wp:attachment":[{"href":"https:\/\/ubirataonline.com.br\/en\/wp-json\/wp\/v2\/media?parent=133374"}],"wp:term":[{"taxonomy":"category","embeddable":true,"href":"https:\/\/ubirataonline.com.br\/en\/wp-json\/wp\/v2\/categories?post=133374"},{"taxonomy":"post_tag","embeddable":true,"href":"https:\/\/ubirataonline.com.br\/en\/wp-json\/wp\/v2\/tags?post=133374"}],"curies":[{"name":"wp","href":"https:\/\/api.w.org\/{rel}","templated":true}]}}