{"id":133548,"date":"2026-05-19T06:31:21","date_gmt":"2026-05-19T09:31:21","guid":{"rendered":"https:\/\/ubirataonline.com.br\/comercio-inaugurado-ha-uma-semana-e-alvo-de-furto-na-regiao-central-de-cascavel\/"},"modified":"2026-05-19T06:31:23","modified_gmt":"2026-05-19T09:31:23","slug":"comercio-inaugurado-ha-uma-semana-e-alvo-de-furto-na-regiao-central-de-cascavel","status":"publish","type":"post","link":"https:\/\/ubirataonline.com.br\/en\/comercio-inaugurado-ha-uma-semana-e-alvo-de-furto-na-regiao-central-de-cascavel\/","title":{"rendered":"Com\u00e9rcio inaugurado h\u00e1 uma semana \u00e9 alvo de furto na Regi\u00e3o Central de Cascavel"},"content":{"rendered":"<p><\/p>\n<div id=\"texto\">\n<p>O propriet\u00e1rio da Oklahoma Burger conversou com a reportagem da CGN ap\u00f3s o furto registrado na madrugada desta ter\u00e7a-feira (19), na regi\u00e3o central de Cascavel.<\/p>\n<p>Segundo \u00c2ngelo, dono do estabelecimento, a fam\u00edlia foi avisada por volta de 1h30 de que a porta do com\u00e9rcio havia sido arrombada. Quando chegou ao local, a Pol\u00edcia Militar j\u00e1 realizava os procedimentos da ocorr\u00eancia e havia localizado o suspeito do crime.<\/p>\n<p><strong><em>\u201cA gente foi comunicado por volta de uma e meia da manh\u00e3 que tinha sido arrombada a porta do restaurante. A pol\u00edcia j\u00e1 estava aqui no local e conseguiu prender o rapaz\u201d, contou o empres\u00e1rio.<\/em><\/strong><\/p>\n<figure class=\"wp-block-image size-large\"><\/figure>\n<h2 class=\"wp-block-heading\" id=\"h-notebook-foi-recuperado-pela-policia-militar\">Notebook foi recuperado pela Pol\u00edcia Militar<\/h2>\n<p>Conforme j\u00e1 divulgado pela CGN, um homem de 32 anos acabou preso ap\u00f3s ser localizado nas proximidades do com\u00e9rcio com uma faca, uma chave de fenda e estilha\u00e7os de vidro. O notebook levado durante a a\u00e7\u00e3o foi recuperado escondido debaixo de um ve\u00edculo estacionado nas imedia\u00e7\u00f5es. O suspeito tamb\u00e9m teria levado uma caixa com cart\u00f5es de visita da empresa.<\/p>\n<p>Apesar do arrombamento, o empres\u00e1rio relatou que o dinheiro do caixa n\u00e3o foi levado pelos criminosos.<\/p>\n<p><strong><em>\u201cEles foram direto no notebook. Pegaram a primeira caixinha de papel\u00e3o que viram do lado e levaram junto. O dinheiro ficou todo no caixa\u201d, explicou.<\/em><\/strong><\/p>\n<figure class=\"wp-block-image size-large\"><img loading=\"lazy\" decoding=\"async\" width=\"1024\" height=\"576\" src=\"https:\/\/cdn.cgn.inf.br\/fotos-cgn\/2026\/05\/19052916\/WhatsApp-Image-2026-05-19-at-03.07.44-1024x576.jpeg\" alt=\"\" class=\"wp-image-2108495\" srcset=\"https:\/\/cdn.cgn.inf.br\/fotos-cgn\/2026\/05\/19052916\/WhatsApp-Image-2026-05-19-at-03.07.44-1024x576.jpeg 1024w, https:\/\/cdn.cgn.inf.br\/fotos-cgn\/2026\/05\/19052916\/WhatsApp-Image-2026-05-19-at-03.07.44-300x169.jpeg 300w, https:\/\/cdn.cgn.inf.br\/fotos-cgn\/2026\/05\/19052916\/WhatsApp-Image-2026-05-19-at-03.07.44-768x432.jpeg 768w, https:\/\/cdn.cgn.inf.br\/fotos-cgn\/2026\/05\/19052916\/WhatsApp-Image-2026-05-19-at-03.07.44-880x495.jpeg 880w, https:\/\/cdn.cgn.inf.br\/fotos-cgn\/2026\/05\/19052916\/WhatsApp-Image-2026-05-19-at-03.07.44-500x281.jpeg 500w, https:\/\/cdn.cgn.inf.br\/fotos-cgn\/2026\/05\/19052916\/WhatsApp-Image-2026-05-19-at-03.07.44-325x183.jpeg 325w, https:\/\/cdn.cgn.inf.br\/fotos-cgn\/2026\/05\/19052916\/WhatsApp-Image-2026-05-19-at-03.07.44.jpeg 1280w\" sizes=\"auto, (max-width: 1024px) 100vw, 1024px\"\/><\/figure>\n<h2 class=\"wp-block-heading\" id=\"h-comercio-havia-sido-inaugurado-ha-apenas-uma-semana\">Com\u00e9rcio havia sido inaugurado h\u00e1 apenas uma semana<\/h2>\n<p>O caso trouxe ainda mais frustra\u00e7\u00e3o para os propriet\u00e1rios porque o espa\u00e7o f\u00edsico da hamburgueria havia sido inaugurado h\u00e1 exatamente sete dias.<\/p>\n<p>Segundo \u00c2ngelo, a empresa j\u00e1 atuava anteriormente apenas por delivery, mas havia iniciado recentemente o atendimento presencial na Avenida Brasil, na Regi\u00e3o Central da Cidade.<\/p>\n<p><strong><em>\u201cHoje faz exatamente uma semana que abrimos aqui. A gente j\u00e1 trabalhava com delivery, mas no espa\u00e7o f\u00edsico faz sete dias\u201d, lamentou.<\/em><\/strong><\/p>\n<p>Al\u00e9m do susto, o empres\u00e1rio agora tamb\u00e9m ter\u00e1 de arcar com os preju\u00edzos causados na estrutura do im\u00f3vel, principalmente na porta danificada durante a invas\u00e3o.<\/p>\n<p><strong><em>\u201cAgora temos que esperar amanhecer para conseguir arrumar. O preju\u00edzo maior ficou por conta da porta\u201d, relatou.<\/em><\/strong><\/p>\n<figure class=\"wp-block-image size-large\"><img loading=\"lazy\" decoding=\"async\" width=\"1024\" height=\"576\" src=\"https:\/\/cdn.cgn.inf.br\/fotos-cgn\/2026\/05\/19053302\/WhatsApp-Image-2026-05-19-at-02.59.37-1-1024x576.jpeg\" alt=\"\" class=\"wp-image-2108496\" srcset=\"https:\/\/cdn.cgn.inf.br\/fotos-cgn\/2026\/05\/19053302\/WhatsApp-Image-2026-05-19-at-02.59.37-1-1024x576.jpeg 1024w, https:\/\/cdn.cgn.inf.br\/fotos-cgn\/2026\/05\/19053302\/WhatsApp-Image-2026-05-19-at-02.59.37-1-300x169.jpeg 300w, https:\/\/cdn.cgn.inf.br\/fotos-cgn\/2026\/05\/19053302\/WhatsApp-Image-2026-05-19-at-02.59.37-1-768x432.jpeg 768w, https:\/\/cdn.cgn.inf.br\/fotos-cgn\/2026\/05\/19053302\/WhatsApp-Image-2026-05-19-at-02.59.37-1-880x495.jpeg 880w, https:\/\/cdn.cgn.inf.br\/fotos-cgn\/2026\/05\/19053302\/WhatsApp-Image-2026-05-19-at-02.59.37-1-500x281.jpeg 500w, https:\/\/cdn.cgn.inf.br\/fotos-cgn\/2026\/05\/19053302\/WhatsApp-Image-2026-05-19-at-02.59.37-1-325x183.jpeg 325w, https:\/\/cdn.cgn.inf.br\/fotos-cgn\/2026\/05\/19053302\/WhatsApp-Image-2026-05-19-at-02.59.37-1.jpeg 1280w\" sizes=\"auto, (max-width: 1024px) 100vw, 1024px\"\/><\/figure>\n<h2 class=\"wp-block-heading\" id=\"h-suspeito-foi-encaminhado-a-delegacia\">Suspeito foi encaminhado \u00e0 delegacia<\/h2>\n<p>Ap\u00f3s a pris\u00e3o, o homem detido foi encaminhado \u00e0 delegacia juntamente com os objetos apreendidos para os procedimentos cab\u00edveis.<\/p>\n<p>A reportagem da CGN acompanhou a chegada do suspeito \u00e0 15\u00aa Subdivis\u00e3o Policial. A mat\u00e9ria completa pode ser conferida no link abaixo:<\/p>\n<\/p><\/div>\n<p><a href=\"https:\/\/cgn.inf.br\/noticia\/2108491\/comercio-inaugurado-ha-uma-semana-e-alvo-de-furto-na-regiao-central-de-cascavel\">Fonte do Artigo <\/a><\/p>","protected":false},"excerpt":{"rendered":"<p>O propriet\u00e1rio da Oklahoma Burger conversou com a reportagem da CGN ap\u00f3s o furto registrado na madrugada desta ter\u00e7a-feira (19), na regi\u00e3o central de Cascavel. Segundo \u00c2ngelo, dono do estabelecimento, a fam\u00edlia foi avisada por volta de 1h30 de que a porta do com\u00e9rcio havia sido arrombada. Quando chegou ao local, a Pol\u00edcia Militar j\u00e1 [&hellip;]<\/p>\n","protected":false},"author":1,"featured_media":133549,"comment_status":"closed","ping_status":"","sticky":false,"template":"","format":"standard","meta":{"googlesitekit_rrm_CAow2JLhCw:productID":"","_gspb_post_css":"","maa_idioma":"","maa_pais":"","footnotes":""},"categories":[1],"tags":[5561,262,4991,5962,1609,8252,36720,6267,3268,3183],"class_list":["post-133548","post","type-post","status-publish","format-standard","has-post-thumbnail","hentry","category-ubirata","tag-alvo","tag-cascavel","tag-central","tag-comercio","tag-furto","tag-ha","tag-inaugurado","tag-regiao","tag-semana","tag-uma"],"blocksy_meta":[],"yoast_head":"<!-- This site is optimized with the Yoast SEO Premium plugin v27.6 (Yoast SEO v27.6) - https:\/\/yoast.com\/product\/yoast-seo-premium-wordpress\/ -->\n<title>Com\u00e9rcio inaugurado h\u00e1 uma semana \u00e9 alvo de furto na Regi\u00e3o Central de Cascavel - Ubirat\u00e3 Online Not\u00edcias - A realidade ao seu alcance!<\/title>\n<meta name=\"description\" content=\"O propriet\u00e1rio da Oklahoma Burger conversou com a reportagem da CGN ap\u00f3s o furto registrado na madrugada desta ter\u00e7a-feira (19), na regi\u00e3o central de\" \/>\n<meta name=\"robots\" content=\"index, follow, max-snippet:-1, max-image-preview:large, max-video-preview:-1\" \/>\n<link rel=\"canonical\" href=\"https:\/\/ubirataonline.com.br\/en\/comercio-inaugurado-ha-uma-semana-e-alvo-de-furto-na-regiao-central-de-cascavel\/\" \/>\n<meta property=\"og:locale\" content=\"en_US\" \/>\n<meta property=\"og:type\" content=\"article\" \/>\n<meta property=\"og:title\" content=\"Com\u00e9rcio inaugurado h\u00e1 uma semana \u00e9 alvo de furto na Regi\u00e3o Central de Cascavel\" \/>\n<meta property=\"og:description\" content=\"O propriet\u00e1rio da Oklahoma Burger conversou com a reportagem da CGN ap\u00f3s o furto registrado na madrugada desta ter\u00e7a-feira (19), na regi\u00e3o central de\" \/>\n<meta property=\"og:url\" content=\"https:\/\/ubirataonline.com.br\/en\/comercio-inaugurado-ha-uma-semana-e-alvo-de-furto-na-regiao-central-de-cascavel\/\" \/>\n<meta property=\"og:site_name\" content=\"Ubirat\u00e3 Online Not\u00edcias - A realidade ao seu alcance!\" \/>\n<meta property=\"article:publisher\" content=\"https:\/\/www.facebook.com\/portalubirataonline\" \/>\n<meta property=\"article:author\" content=\"https:\/\/www.facebook.com\/portalubirataonline\" \/>\n<meta property=\"article:published_time\" content=\"2026-05-19T09:31:21+00:00\" \/>\n<meta property=\"article:modified_time\" content=\"2026-05-19T09:31:23+00:00\" \/>\n<meta property=\"og:image\" content=\"https:\/\/ubirataonline.com.br\/wp-content\/uploads\/2026\/05\/Comercio-inaugurado-ha-uma-semana-e-alvo-de-furto-na.jpg\" \/>\n\t<meta property=\"og:image:width\" content=\"1280\" \/>\n\t<meta property=\"og:image:height\" content=\"720\" \/>\n\t<meta property=\"og:image:type\" content=\"image\/jpeg\" \/>\n<meta name=\"author\" content=\"REDA\u00c7\u00c3O: UBIRAT\u00c3 ONLINE - F\u00c1BIO AUGUSTO CELESTINO\" \/>\n<meta name=\"twitter:card\" content=\"summary_large_image\" \/>\n<meta name=\"twitter:creator\" content=\"@x.com\/ubirataonline\" \/>\n<meta name=\"twitter:site\" content=\"@ubirataonline\" \/>\n<meta name=\"twitter:label1\" content=\"Written by\" \/>\n\t<meta name=\"twitter:data1\" content=\"REDA\u00c7\u00c3O: UBIRAT\u00c3 ONLINE - F\u00c1BIO AUGUSTO CELESTINO\" \/>\n\t<meta name=\"twitter:label2\" content=\"Est. reading time\" \/>\n\t<meta name=\"twitter:data2\" content=\"2 minutes\" \/>\n<script type=\"application\/ld+json\" class=\"yoast-schema-graph\">{\"@context\":\"https:\\\/\\\/schema.org\",\"@graph\":[{\"@type\":\"NewsArticle\",\"@id\":\"https:\\\/\\\/ubirataonline.com.br\\\/comercio-inaugurado-ha-uma-semana-e-alvo-de-furto-na-regiao-central-de-cascavel\\\/#article\",\"isPartOf\":{\"@id\":\"https:\\\/\\\/ubirataonline.com.br\\\/comercio-inaugurado-ha-uma-semana-e-alvo-de-furto-na-regiao-central-de-cascavel\\\/\"},\"author\":{\"name\":\"REDA\u00c7\u00c3O: UBIRAT\u00c3 ONLINE - F\u00c1BIO AUGUSTO CELESTINO\",\"@id\":\"https:\\\/\\\/ubirataonline.com.br\\\/#\\\/schema\\\/person\\\/372f87bbd3fdd79b8556b84c98d0bc1c\"},\"headline\":\"Com\u00e9rcio inaugurado h\u00e1 uma semana \u00e9 alvo de furto na Regi\u00e3o Central de Cascavel\",\"datePublished\":\"2026-05-19T09:31:21+00:00\",\"dateModified\":\"2026-05-19T09:31:23+00:00\",\"mainEntityOfPage\":{\"@id\":\"https:\\\/\\\/ubirataonline.com.br\\\/comercio-inaugurado-ha-uma-semana-e-alvo-de-furto-na-regiao-central-de-cascavel\\\/\"},\"wordCount\":427,\"publisher\":{\"@id\":\"https:\\\/\\\/ubirataonline.com.br\\\/#organization\"},\"image\":{\"@id\":\"https:\\\/\\\/ubirataonline.com.br\\\/comercio-inaugurado-ha-uma-semana-e-alvo-de-furto-na-regiao-central-de-cascavel\\\/#primaryimage\"},\"thumbnailUrl\":\"https:\\\/\\\/ubirataonline.com.br\\\/wp-content\\\/uploads\\\/2026\\\/05\\\/Comercio-inaugurado-ha-uma-semana-e-alvo-de-furto-na.jpg\",\"keywords\":[\"alvo\",\"cascavel\",\"central\",\"com\u00e9rcio\",\"Furto\",\"h\u00e1\",\"inaugurado\",\"regi\u00e3o\",\"semana\",\"uma\"],\"articleSection\":[\"Ubirat\u00e3\"],\"inLanguage\":\"en-US\",\"copyrightYear\":\"2026\",\"copyrightHolder\":{\"@id\":\"https:\\\/\\\/ubirataonline.com.br\\\/en\\\/#organization\"}},{\"@type\":\"WebPage\",\"@id\":\"https:\\\/\\\/ubirataonline.com.br\\\/comercio-inaugurado-ha-uma-semana-e-alvo-de-furto-na-regiao-central-de-cascavel\\\/\",\"url\":\"https:\\\/\\\/ubirataonline.com.br\\\/comercio-inaugurado-ha-uma-semana-e-alvo-de-furto-na-regiao-central-de-cascavel\\\/\",\"name\":\"Com\u00e9rcio inaugurado h\u00e1 uma semana \u00e9 alvo de furto na Regi\u00e3o Central de Cascavel - Ubirat\u00e3 Online Not\u00edcias - A realidade ao seu alcance!\",\"isPartOf\":{\"@id\":\"https:\\\/\\\/ubirataonline.com.br\\\/#website\"},\"primaryImageOfPage\":{\"@id\":\"https:\\\/\\\/ubirataonline.com.br\\\/comercio-inaugurado-ha-uma-semana-e-alvo-de-furto-na-regiao-central-de-cascavel\\\/#primaryimage\"},\"image\":{\"@id\":\"https:\\\/\\\/ubirataonline.com.br\\\/comercio-inaugurado-ha-uma-semana-e-alvo-de-furto-na-regiao-central-de-cascavel\\\/#primaryimage\"},\"thumbnailUrl\":\"https:\\\/\\\/ubirataonline.com.br\\\/wp-content\\\/uploads\\\/2026\\\/05\\\/Comercio-inaugurado-ha-uma-semana-e-alvo-de-furto-na.jpg\",\"datePublished\":\"2026-05-19T09:31:21+00:00\",\"dateModified\":\"2026-05-19T09:31:23+00:00\",\"description\":\"O propriet\u00e1rio da Oklahoma Burger conversou com a reportagem da CGN ap\u00f3s o furto registrado na madrugada desta ter\u00e7a-feira (19), na regi\u00e3o central de\",\"breadcrumb\":{\"@id\":\"https:\\\/\\\/ubirataonline.com.br\\\/comercio-inaugurado-ha-uma-semana-e-alvo-de-furto-na-regiao-central-de-cascavel\\\/#breadcrumb\"},\"inLanguage\":\"en-US\",\"potentialAction\":[{\"@type\":\"ReadAction\",\"target\":[\"https:\\\/\\\/ubirataonline.com.br\\\/comercio-inaugurado-ha-uma-semana-e-alvo-de-furto-na-regiao-central-de-cascavel\\\/\"]}]},{\"@type\":\"ImageObject\",\"inLanguage\":\"en-US\",\"@id\":\"https:\\\/\\\/ubirataonline.com.br\\\/comercio-inaugurado-ha-uma-semana-e-alvo-de-furto-na-regiao-central-de-cascavel\\\/#primaryimage\",\"url\":\"https:\\\/\\\/ubirataonline.com.br\\\/wp-content\\\/uploads\\\/2026\\\/05\\\/Comercio-inaugurado-ha-uma-semana-e-alvo-de-furto-na.jpg\",\"contentUrl\":\"https:\\\/\\\/ubirataonline.com.br\\\/wp-content\\\/uploads\\\/2026\\\/05\\\/Comercio-inaugurado-ha-uma-semana-e-alvo-de-furto-na.jpg\",\"width\":1280,\"height\":720,\"caption\":\"\"},{\"@type\":\"BreadcrumbList\",\"@id\":\"https:\\\/\\\/ubirataonline.com.br\\\/comercio-inaugurado-ha-uma-semana-e-alvo-de-furto-na-regiao-central-de-cascavel\\\/#breadcrumb\",\"itemListElement\":[{\"@type\":\"ListItem\",\"position\":1,\"name\":\"In\u00edcio\",\"item\":\"https:\\\/\\\/ubirataonline.com.br\\\/\"},{\"@type\":\"ListItem\",\"position\":2,\"name\":\"Com\u00e9rcio inaugurado h\u00e1 uma semana \u00e9 alvo de furto na Regi\u00e3o Central de Cascavel\"}]},{\"@type\":\"WebSite\",\"@id\":\"https:\\\/\\\/ubirataonline.com.br\\\/#website\",\"url\":\"https:\\\/\\\/ubirataonline.com.br\\\/\",\"name\":\"Ubirat\u00e3 Online Not\u00edcias\",\"description\":\"Not\u00edcias de Ubirat\u00e3, regi\u00e3o, Brasil e mundo, com informa\u00e7\u00e3o atualizada e compromisso com o leitor.\",\"publisher\":{\"@id\":\"https:\\\/\\\/ubirataonline.com.br\\\/#organization\"},\"alternateName\":\"Ubirat\u00e3 Online\",\"potentialAction\":[{\"@type\":\"SearchAction\",\"target\":{\"@type\":\"EntryPoint\",\"urlTemplate\":\"https:\\\/\\\/ubirataonline.com.br\\\/?s={search_term_string}\"},\"query-input\":{\"@type\":\"PropertyValueSpecification\",\"valueRequired\":true,\"valueName\":\"search_term_string\"}}],\"inLanguage\":\"en-US\"},{\"@type\":[\"Organization\",\"Place\"],\"@id\":\"https:\\\/\\\/ubirataonline.com.br\\\/#organization\",\"name\":\"Ubirat\u00e3 Online Not\u00edcias\",\"alternateName\":\"Ubirat\u00e3 Online\",\"url\":\"https:\\\/\\\/ubirataonline.com.br\\\/\",\"logo\":{\"@id\":\"https:\\\/\\\/ubirataonline.com.br\\\/comercio-inaugurado-ha-uma-semana-e-alvo-de-furto-na-regiao-central-de-cascavel\\\/#local-main-organization-logo\"},\"image\":{\"@id\":\"https:\\\/\\\/ubirataonline.com.br\\\/comercio-inaugurado-ha-uma-semana-e-alvo-de-furto-na-regiao-central-de-cascavel\\\/#local-main-organization-logo\"},\"sameAs\":[\"https:\\\/\\\/www.facebook.com\\\/portalubirataonline\",\"https:\\\/\\\/x.com\\\/ubirataonline\",\"https:\\\/\\\/mastodon.social\\\/@ubirataonline\",\"https:\\\/\\\/www.facebook.com\\\/groups\\\/311144672285604\",\"https:\\\/\\\/www.facebook.com\\\/UBTAOnline\",\"https:\\\/\\\/www.instagram.com\\\/portalubirataonline\\\/\",\"https:\\\/\\\/twitter.com\\\/ubirataonline\"],\"description\":\"Somos um portal de not\u00edcias independente, criado em 5 de janeiro de 2009, com o objetivo de informar, conectar e valorizar a nossa comunidade de Ubirat\u00e3 e toda aregi\u00e3o. Com conte\u00fado atualizado, confi\u00e1vel e relevante, o Ubirat\u00e3 Online \u00e9 o seu espa\u00e7o para ficar por dentro dos principais acontecimentos locais, regionais, Brasil, Mundo e de interesse geral. Nosso compromisso \u00e9 com a verdade, a transpar\u00eancia e o respeito ao leitor.\",\"legalName\":\"UBIRATA ONLINE NOT\u00cdCIAS\",\"foundingDate\":\"2009-01-05\",\"numberOfEmployees\":{\"@type\":\"QuantitativeValue\",\"minValue\":\"1\",\"maxValue\":\"10\"},\"publishingPrinciples\":\"https:\\\/\\\/ubirataonline.com.br\\\/faq\\\/\",\"address\":{\"@id\":\"https:\\\/\\\/ubirataonline.com.br\\\/comercio-inaugurado-ha-uma-semana-e-alvo-de-furto-na-regiao-central-de-cascavel\\\/#local-main-place-address\"},\"geo\":{\"@type\":\"GeoCoordinates\",\"latitude\":\"-24.5361401\",\"longitude\":\"-52.9921776\"},\"telephone\":[\"+5544998308235\"],\"contactPoint\":{\"@type\":\"ContactPoint\",\"email\":\"contato@ubirataonline.com.br\"},\"openingHoursSpecification\":{\"@type\":\"OpeningHoursSpecification\",\"dayOfWeek\":[\"Monday\",\"Tuesday\",\"Wednesday\",\"Thursday\",\"Friday\",\"Saturday\",\"Sunday\"],\"opens\":\"00:00\",\"closes\":\"23:59\"},\"email\":\"contato@ubirataonline.com.br\",\"vatID\":\"47.621.418\\\/0001-80\"},{\"@type\":\"Person\",\"@id\":\"https:\\\/\\\/ubirataonline.com.br\\\/#\\\/schema\\\/person\\\/372f87bbd3fdd79b8556b84c98d0bc1c\",\"name\":\"REDA\u00c7\u00c3O: UBIRAT\u00c3 ONLINE - F\u00c1BIO AUGUSTO CELESTINO\",\"pronouns\":\"Ele\",\"description\":\"Desde 2003 trabalhando com not\u00edcias.\",\"sameAs\":[\"http:\\\/\\\/ubirataoline.com.br\",\"https:\\\/\\\/www.facebook.com\\\/portalubirataonline\",\"https:\\\/\\\/www.instagram.com\\\/ubirataonline_oficial\",\"https:\\\/\\\/x.com\\\/x.com\\\/ubirataonline\"],\"honorificPrefix\":\"Mr.\",\"honorificSuffix\":\"MD\",\"birthDate\":\"1980-06-16\",\"gender\":\"masculino\",\"award\":[\"V\u00e1rios pr\u00eamios de melhor portal da cidade\"],\"jobTitle\":\"Diretor\",\"url\":\"https:\\\/\\\/ubirataonline.com.br\\\/en\\\/author\\\/ubirataonline\\\/\"},{\"@type\":\"PostalAddress\",\"@id\":\"https:\\\/\\\/ubirataonline.com.br\\\/comercio-inaugurado-ha-uma-semana-e-alvo-de-furto-na-regiao-central-de-cascavel\\\/#local-main-place-address\",\"streetAddress\":\"Rua dos Coqueiros, 104 - Bairro Boa Vista, Rua dos Coqueiros, 104 Bairro Boa Vista\",\"addressLocality\":\"UBIRATA\",\"postalCode\":\"85440-000\",\"addressRegion\":\"PR\",\"addressCountry\":\"BR\"},{\"@type\":\"ImageObject\",\"inLanguage\":\"en-US\",\"@id\":\"https:\\\/\\\/ubirataonline.com.br\\\/comercio-inaugurado-ha-uma-semana-e-alvo-de-furto-na-regiao-central-de-cascavel\\\/#local-main-organization-logo\",\"url\":\"https:\\\/\\\/ubirataonline.com.br\\\/wp-content\\\/uploads\\\/2026\\\/06\\\/logoubirataonline-1.webp\",\"contentUrl\":\"https:\\\/\\\/ubirataonline.com.br\\\/wp-content\\\/uploads\\\/2026\\\/06\\\/logoubirataonline-1.webp\",\"width\":500,\"height\":500,\"caption\":\"Ubirat\u00e3 Online Not\u00edcias\"}]}<\/script>\n<meta name=\"geo.placename\" content=\"UBIRATA\" \/>\n<meta name=\"geo.position\" content=\"-24.5361401;-52.9921776\" \/>\n<meta name=\"geo.region\" content=\"Brazil\" \/>\n<!-- \/ Yoast SEO Premium plugin. -->","yoast_head_json":{"title":"Com\u00e9rcio inaugurado h\u00e1 uma semana \u00e9 alvo de furto na Regi\u00e3o Central de Cascavel - Ubirat\u00e3 Online Not\u00edcias - A realidade ao seu alcance!","description":"O propriet\u00e1rio da Oklahoma Burger conversou com a reportagem da CGN ap\u00f3s o furto registrado na madrugada desta ter\u00e7a-feira (19), na regi\u00e3o central de","robots":{"index":"index","follow":"follow","max-snippet":"max-snippet:-1","max-image-preview":"max-image-preview:large","max-video-preview":"max-video-preview:-1"},"canonical":"https:\/\/ubirataonline.com.br\/en\/comercio-inaugurado-ha-uma-semana-e-alvo-de-furto-na-regiao-central-de-cascavel\/","og_locale":"en_US","og_type":"article","og_title":"Com\u00e9rcio inaugurado h\u00e1 uma semana \u00e9 alvo de furto na Regi\u00e3o Central de Cascavel","og_description":"O propriet\u00e1rio da Oklahoma Burger conversou com a reportagem da CGN ap\u00f3s o furto registrado na madrugada desta ter\u00e7a-feira (19), na regi\u00e3o central de","og_url":"https:\/\/ubirataonline.com.br\/en\/comercio-inaugurado-ha-uma-semana-e-alvo-de-furto-na-regiao-central-de-cascavel\/","og_site_name":"Ubirat\u00e3 Online Not\u00edcias - A realidade ao seu alcance!","article_publisher":"https:\/\/www.facebook.com\/portalubirataonline","article_author":"https:\/\/www.facebook.com\/portalubirataonline","article_published_time":"2026-05-19T09:31:21+00:00","article_modified_time":"2026-05-19T09:31:23+00:00","og_image":[{"width":1280,"height":720,"url":"https:\/\/ubirataonline.com.br\/wp-content\/uploads\/2026\/05\/Comercio-inaugurado-ha-uma-semana-e-alvo-de-furto-na.jpg","type":"image\/jpeg"}],"author":"REDA\u00c7\u00c3O: UBIRAT\u00c3 ONLINE - F\u00c1BIO AUGUSTO CELESTINO","twitter_card":"summary_large_image","twitter_creator":"@x.com\/ubirataonline","twitter_site":"@ubirataonline","twitter_misc":{"Written by":"REDA\u00c7\u00c3O: UBIRAT\u00c3 ONLINE - F\u00c1BIO AUGUSTO CELESTINO","Est. reading time":"2 minutes"},"schema":{"@context":"https:\/\/schema.org","@graph":[{"@type":"NewsArticle","@id":"https:\/\/ubirataonline.com.br\/comercio-inaugurado-ha-uma-semana-e-alvo-de-furto-na-regiao-central-de-cascavel\/#article","isPartOf":{"@id":"https:\/\/ubirataonline.com.br\/comercio-inaugurado-ha-uma-semana-e-alvo-de-furto-na-regiao-central-de-cascavel\/"},"author":{"name":"REDA\u00c7\u00c3O: UBIRAT\u00c3 ONLINE - F\u00c1BIO AUGUSTO CELESTINO","@id":"https:\/\/ubirataonline.com.br\/#\/schema\/person\/372f87bbd3fdd79b8556b84c98d0bc1c"},"headline":"Com\u00e9rcio inaugurado h\u00e1 uma semana \u00e9 alvo de furto na Regi\u00e3o Central de Cascavel","datePublished":"2026-05-19T09:31:21+00:00","dateModified":"2026-05-19T09:31:23+00:00","mainEntityOfPage":{"@id":"https:\/\/ubirataonline.com.br\/comercio-inaugurado-ha-uma-semana-e-alvo-de-furto-na-regiao-central-de-cascavel\/"},"wordCount":427,"publisher":{"@id":"https:\/\/ubirataonline.com.br\/#organization"},"image":{"@id":"https:\/\/ubirataonline.com.br\/comercio-inaugurado-ha-uma-semana-e-alvo-de-furto-na-regiao-central-de-cascavel\/#primaryimage"},"thumbnailUrl":"https:\/\/ubirataonline.com.br\/wp-content\/uploads\/2026\/05\/Comercio-inaugurado-ha-uma-semana-e-alvo-de-furto-na.jpg","keywords":["alvo","cascavel","central","com\u00e9rcio","Furto","h\u00e1","inaugurado","regi\u00e3o","semana","uma"],"articleSection":["Ubirat\u00e3"],"inLanguage":"en-US","copyrightYear":"2026","copyrightHolder":{"@id":"https:\/\/ubirataonline.com.br\/en\/#organization"}},{"@type":"WebPage","@id":"https:\/\/ubirataonline.com.br\/comercio-inaugurado-ha-uma-semana-e-alvo-de-furto-na-regiao-central-de-cascavel\/","url":"https:\/\/ubirataonline.com.br\/comercio-inaugurado-ha-uma-semana-e-alvo-de-furto-na-regiao-central-de-cascavel\/","name":"Com\u00e9rcio inaugurado h\u00e1 uma semana \u00e9 alvo de furto na Regi\u00e3o Central de Cascavel - Ubirat\u00e3 Online Not\u00edcias - A realidade ao seu alcance!","isPartOf":{"@id":"https:\/\/ubirataonline.com.br\/#website"},"primaryImageOfPage":{"@id":"https:\/\/ubirataonline.com.br\/comercio-inaugurado-ha-uma-semana-e-alvo-de-furto-na-regiao-central-de-cascavel\/#primaryimage"},"image":{"@id":"https:\/\/ubirataonline.com.br\/comercio-inaugurado-ha-uma-semana-e-alvo-de-furto-na-regiao-central-de-cascavel\/#primaryimage"},"thumbnailUrl":"https:\/\/ubirataonline.com.br\/wp-content\/uploads\/2026\/05\/Comercio-inaugurado-ha-uma-semana-e-alvo-de-furto-na.jpg","datePublished":"2026-05-19T09:31:21+00:00","dateModified":"2026-05-19T09:31:23+00:00","description":"O propriet\u00e1rio da Oklahoma Burger conversou com a reportagem da CGN ap\u00f3s o furto registrado na madrugada desta ter\u00e7a-feira (19), na regi\u00e3o central de","breadcrumb":{"@id":"https:\/\/ubirataonline.com.br\/comercio-inaugurado-ha-uma-semana-e-alvo-de-furto-na-regiao-central-de-cascavel\/#breadcrumb"},"inLanguage":"en-US","potentialAction":[{"@type":"ReadAction","target":["https:\/\/ubirataonline.com.br\/comercio-inaugurado-ha-uma-semana-e-alvo-de-furto-na-regiao-central-de-cascavel\/"]}]},{"@type":"ImageObject","inLanguage":"en-US","@id":"https:\/\/ubirataonline.com.br\/comercio-inaugurado-ha-uma-semana-e-alvo-de-furto-na-regiao-central-de-cascavel\/#primaryimage","url":"https:\/\/ubirataonline.com.br\/wp-content\/uploads\/2026\/05\/Comercio-inaugurado-ha-uma-semana-e-alvo-de-furto-na.jpg","contentUrl":"https:\/\/ubirataonline.com.br\/wp-content\/uploads\/2026\/05\/Comercio-inaugurado-ha-uma-semana-e-alvo-de-furto-na.jpg","width":1280,"height":720,"caption":""},{"@type":"BreadcrumbList","@id":"https:\/\/ubirataonline.com.br\/comercio-inaugurado-ha-uma-semana-e-alvo-de-furto-na-regiao-central-de-cascavel\/#breadcrumb","itemListElement":[{"@type":"ListItem","position":1,"name":"In\u00edcio","item":"https:\/\/ubirataonline.com.br\/"},{"@type":"ListItem","position":2,"name":"Com\u00e9rcio inaugurado h\u00e1 uma semana \u00e9 alvo de furto na Regi\u00e3o Central de Cascavel"}]},{"@type":"WebSite","@id":"https:\/\/ubirataonline.com.br\/#website","url":"https:\/\/ubirataonline.com.br\/","name":"Ubirat\u00e3 Online Not\u00edcias","description":"Not\u00edcias de Ubirat\u00e3, regi\u00e3o, Brasil e mundo, com informa\u00e7\u00e3o atualizada e compromisso com o leitor.","publisher":{"@id":"https:\/\/ubirataonline.com.br\/#organization"},"alternateName":"Ubirat\u00e3 Online","potentialAction":[{"@type":"SearchAction","target":{"@type":"EntryPoint","urlTemplate":"https:\/\/ubirataonline.com.br\/?s={search_term_string}"},"query-input":{"@type":"PropertyValueSpecification","valueRequired":true,"valueName":"search_term_string"}}],"inLanguage":"en-US"},{"@type":["Organization","Place"],"@id":"https:\/\/ubirataonline.com.br\/#organization","name":"Ubirat\u00e3 Online Not\u00edcias","alternateName":"Ubirat\u00e3 Online","url":"https:\/\/ubirataonline.com.br\/","logo":{"@id":"https:\/\/ubirataonline.com.br\/comercio-inaugurado-ha-uma-semana-e-alvo-de-furto-na-regiao-central-de-cascavel\/#local-main-organization-logo"},"image":{"@id":"https:\/\/ubirataonline.com.br\/comercio-inaugurado-ha-uma-semana-e-alvo-de-furto-na-regiao-central-de-cascavel\/#local-main-organization-logo"},"sameAs":["https:\/\/www.facebook.com\/portalubirataonline","https:\/\/x.com\/ubirataonline","https:\/\/mastodon.social\/@ubirataonline","https:\/\/www.facebook.com\/groups\/311144672285604","https:\/\/www.facebook.com\/UBTAOnline","https:\/\/www.instagram.com\/portalubirataonline\/","https:\/\/twitter.com\/ubirataonline"],"description":"Somos um portal de not\u00edcias independente, criado em 5 de janeiro de 2009, com o objetivo de informar, conectar e valorizar a nossa comunidade de Ubirat\u00e3 e toda aregi\u00e3o. Com conte\u00fado atualizado, confi\u00e1vel e relevante, o Ubirat\u00e3 Online \u00e9 o seu espa\u00e7o para ficar por dentro dos principais acontecimentos locais, regionais, Brasil, Mundo e de interesse geral. Nosso compromisso \u00e9 com a verdade, a transpar\u00eancia e o respeito ao leitor.","legalName":"UBIRATA ONLINE NOT\u00cdCIAS","foundingDate":"2009-01-05","numberOfEmployees":{"@type":"QuantitativeValue","minValue":"1","maxValue":"10"},"publishingPrinciples":"https:\/\/ubirataonline.com.br\/faq\/","address":{"@id":"https:\/\/ubirataonline.com.br\/comercio-inaugurado-ha-uma-semana-e-alvo-de-furto-na-regiao-central-de-cascavel\/#local-main-place-address"},"geo":{"@type":"GeoCoordinates","latitude":"-24.5361401","longitude":"-52.9921776"},"telephone":["+5544998308235"],"contactPoint":{"@type":"ContactPoint","email":"contato@ubirataonline.com.br"},"openingHoursSpecification":{"@type":"OpeningHoursSpecification","dayOfWeek":["Monday","Tuesday","Wednesday","Thursday","Friday","Saturday","Sunday"],"opens":"00:00","closes":"23:59"},"email":"contato@ubirataonline.com.br","vatID":"47.621.418\/0001-80"},{"@type":"Person","@id":"https:\/\/ubirataonline.com.br\/#\/schema\/person\/372f87bbd3fdd79b8556b84c98d0bc1c","name":"REDA\u00c7\u00c3O: UBIRAT\u00c3 ONLINE - F\u00c1BIO AUGUSTO CELESTINO","pronouns":"Ele","description":"Desde 2003 trabalhando com not\u00edcias.","sameAs":["http:\/\/ubirataoline.com.br","https:\/\/www.facebook.com\/portalubirataonline","https:\/\/www.instagram.com\/ubirataonline_oficial","https:\/\/x.com\/x.com\/ubirataonline"],"honorificPrefix":"Mr.","honorificSuffix":"MD","birthDate":"1980-06-16","gender":"masculino","award":["V\u00e1rios pr\u00eamios de melhor portal da cidade"],"jobTitle":"Diretor","url":"https:\/\/ubirataonline.com.br\/en\/author\/ubirataonline\/"},{"@type":"PostalAddress","@id":"https:\/\/ubirataonline.com.br\/comercio-inaugurado-ha-uma-semana-e-alvo-de-furto-na-regiao-central-de-cascavel\/#local-main-place-address","streetAddress":"Rua dos Coqueiros, 104 - Bairro Boa Vista, Rua dos Coqueiros, 104 Bairro Boa Vista","addressLocality":"UBIRATA","postalCode":"85440-000","addressRegion":"PR","addressCountry":"BR"},{"@type":"ImageObject","inLanguage":"en-US","@id":"https:\/\/ubirataonline.com.br\/comercio-inaugurado-ha-uma-semana-e-alvo-de-furto-na-regiao-central-de-cascavel\/#local-main-organization-logo","url":"https:\/\/ubirataonline.com.br\/wp-content\/uploads\/2026\/06\/logoubirataonline-1.webp","contentUrl":"https:\/\/ubirataonline.com.br\/wp-content\/uploads\/2026\/06\/logoubirataonline-1.webp","width":500,"height":500,"caption":"Ubirat\u00e3 Online Not\u00edcias"}]},"geo.placename":"UBIRATA","geo.position":{"lat":"-24.5361401","long":"-52.9921776"},"geo.region":"Brazil"},"_links":{"self":[{"href":"https:\/\/ubirataonline.com.br\/en\/wp-json\/wp\/v2\/posts\/133548","targetHints":{"allow":["GET"]}}],"collection":[{"href":"https:\/\/ubirataonline.com.br\/en\/wp-json\/wp\/v2\/posts"}],"about":[{"href":"https:\/\/ubirataonline.com.br\/en\/wp-json\/wp\/v2\/types\/post"}],"author":[{"embeddable":true,"href":"https:\/\/ubirataonline.com.br\/en\/wp-json\/wp\/v2\/users\/1"}],"replies":[{"embeddable":true,"href":"https:\/\/ubirataonline.com.br\/en\/wp-json\/wp\/v2\/comments?post=133548"}],"version-history":[{"count":0,"href":"https:\/\/ubirataonline.com.br\/en\/wp-json\/wp\/v2\/posts\/133548\/revisions"}],"wp:featuredmedia":[{"embeddable":true,"href":"https:\/\/ubirataonline.com.br\/en\/wp-json\/wp\/v2\/media\/133549"}],"wp:attachment":[{"href":"https:\/\/ubirataonline.com.br\/en\/wp-json\/wp\/v2\/media?parent=133548"}],"wp:term":[{"taxonomy":"category","embeddable":true,"href":"https:\/\/ubirataonline.com.br\/en\/wp-json\/wp\/v2\/categories?post=133548"},{"taxonomy":"post_tag","embeddable":true,"href":"https:\/\/ubirataonline.com.br\/en\/wp-json\/wp\/v2\/tags?post=133548"}],"curies":[{"name":"wp","href":"https:\/\/api.w.org\/{rel}","templated":true}]}}