{"id":133554,"date":"2026-05-19T06:45:24","date_gmt":"2026-05-19T09:45:24","guid":{"rendered":"https:\/\/ubirataonline.com.br\/rain-moves-out-cold-front-comes-in-tuesday\/"},"modified":"2026-05-19T06:45:26","modified_gmt":"2026-05-19T09:45:26","slug":"rain-moves-out-cold-front-comes-in-tuesday","status":"publish","type":"post","link":"https:\/\/ubirataonline.com.br\/en\/rain-moves-out-cold-front-comes-in-tuesday\/","title":{"rendered":"Rain moves out, cold front comes in Tuesday"},"content":{"rendered":"<p><\/p>\n<div>\n<p><!-- article\/blocks\/poster-media --><\/p>\n<div class=\"article-poster-media-wrapper\">\n<div class=\"article-poster-media\">\n<p><!-- article\/blocks\/headline --><\/p>\n<section class=\"article-headline\">\n<p>FORECAST: Rain moves out, cold front comes into Oklahoma<\/p>\n<\/section>\n<p><!-- \/article\/blocks\/headline --><\/p><\/div>\n<\/div>\n<p><!-- \/article\/blocks\/poster-media --><\/p>\n<p>\n\t\t\t\t\t\t\t\t\t\t\t\t\tONE FROM THE FIRST ALERT WEATHER CENTER.     METEOROLOGIST JONATHAN CONDER HERE WITH YOUR FORECAST. AS WE GO INTO YOUR TUESDAY, WE\u2019LL BE LOOKING AT A LINE OF SHOWERS AND THUNDERSTORMS MOVING THROUGH CENTRAL OKLAHOMA WAY BEFORE DAYBREAK. NOT EXPECTING MUCH IN THE WAY OF SEVERE WEATHER. THE COLD FRONT CAME IN AHEAD OF THOSE STORMS, CUTTING OFF HOW MUCH INSTABILITY WE\u2019RE GOING TO HAVE NOW BEFORE 7 A.M. I MEAN, LIKE FOUR, FIVE, SIX IN THE MORNING, WE\u2019LL SEE A LINE OF SCATTERED SHOWERS AND THUNDERSTORMS MOVING ON THROUGH AND PASSING TO THE EAST AFTER 7 A.M. IT\u2019S A HIGH CHANCE THAT LINE WILL BLOSSOM FOR EASTERN OKLAHOMA. WE STILL HAVE AN ALERT ICON. T\u2588HERE\u2019S STILL A RISK. OKC JUST BARELY IN THAT RISK. MAYBE SOME POCKETS OF SOME DAMAGING WINDS EARLY. I MEAN, THAT\u2019S BEFORE DAYBREAK. AND THEN SOUTHEASTERN OKLAHOMA THROUGHOUT THE MID TO LATE MORNING, A WIND AND HAIL RISK LEVEL TWO. BUT YOU HAVE TO GET EAST OF PAULS VALLEY OVER TOWARDS ADA. WHAT\u2019S WHERE? LISTEN, IF YOU DON\u2019T HEAD OUT THE DOOR TILL ABOUT 8 A.M., MOST OF US. I DON\u2019T THINK YOU REALLY NEED AN UMBRELLA GOING OUT BEFORE. YES, SCATTERED SHOWERS AND THUNDERSTORMS, BUT I NEED YOU DRESSING FOR THE TEMPERATURES. WE\u2019RE ONLY GOING TO RECOVER BACK UP TO 60 DEGREES. AND GOOD NEWS, WINDS WILL NOT BE AS STRONG. WHILE THE NORTHEAST WIND. AND SO I\u2019D PROBABLY GO WITH A HOODIE, AT LEAST LONG SLEEVE INTO THE AFTERNOON. IT\u2019S GOING TO BE PRETTY CLOUDY TODAY. HIGHS 60S ACROSS THE BOARD BUT I 60 FOR OKC NOW TONIGHT ANOTHER ROUND OF SHOWERS. MAYBE SOME THUNDERSTORMS MOVE IN WITHOUT A RISK. WE\u2019LL GO FOR A 40% CHANCE. THAT\u2019S GOING TO BE LATE. AND MORE RAIN IS COMING. THIS IS WHAT YOU NEED TO KNOW. I DON\u2019T SEE MUCH SEVERE WEATHER. THERE MIGHT BE SOME ISOLATED RISK STAYS OUT THERE. WE\u2019LL KIND OF TAKE IT ONE DAY AT A TIME. BUT I SEE PRETTY WET WEATHER PATTERN THROUGH THE HOLIDAY WEEKEND. I UNDERSTAND IT\u2019S ONLY TUESDAY. WE\u2019RE GOING TO TAKE A LOOK AT THAT. ALL YOU GOT TO DO, COME PAY US. VISIT KOCO FIVE NEWS BRING YOU ON AIR ONLINE. WE\u2019LL BE TRACKING T\n\t\t\t\t\t\t\t\t\t\t\t<\/p>\n<div class=\"article-content--body-inner\">\n<p>\n\t\t\t\t\t\tKOCO 5 Meteorologist Jonathan Conder says Tuesday starts out with showers, storms, but the day turns cooler. &gt;&gt; Go to the KOCO weather page | Get KOCO on the Go | Subscribe to KOCO 5&#8217;s YouTube channel | Sign up for KOCO 5\u2019s Morning NewsletterKOCO 5 First Alert Weather Team, led by Chief Meteorologist Damon Lane, has been certified by WeatheRate as providing the Most Accurate Forecast in Oklahoma City for 14 consecutive years. This outstanding achievement underscores KOCO 5&#8217;s unwavering dedication to delivering reliable weather forecasts to viewers.\n\t\t\t\t\t<\/p>\n<div class=\"article-content--body-text\">\n\t\t\t\t\t\t\t\t\t\t\t\t\t\t\t\t\t\t\t<!-- article\/blocks\/side-floater --><\/p>\n<p><!-- article\/blocks\/side-floater --><\/p>\n<p><a href=\"https:\/\/www.koco.com\/article\/oklahoma-severe-storm-risk-tornado-hail-monday-tuesday-radar\/71335950\" target=\"_blank\">KOCO 5 Meteorologist Jonathan Conder<\/a> says Tuesday starts out with showers, storms, but the day turns cooler. <\/p>\n<p>&gt;&gt; <a href=\"https:\/\/www.koco.com\/weather\">Go to the KOCO weather page<\/a> | <a href=\"https:\/\/www.koco.com\/article\/get-koco-news-on-the-go-download\/44041628\">Get KOCO on the Go<\/a> | <a href=\"https:\/\/www.youtube.com\/@KOCO\" rel=\"nofollow\">Subscribe to KOCO 5&#8217;s YouTube channel<\/a> | <a href=\"https:\/\/www.koco.com\/subscribe\">Sign up for KOCO 5\u2019s Morning Newsletter<\/a><\/p>\n<p><em>KOCO 5 First Alert Weather Team, led by <\/em><a href=\"https:\/\/www.koco.com\/news-team\/8d5a1da5-6c12-4bfc-93f2-25bab515bc88\" target=\"_blank\"><em>Chief Meteorologist Damon Lane<\/em><\/a><em>, has been certified by WeatheRate as providing the Most Accurate Forecast in Oklahoma City for 14 consecutive years. This outstanding achievement underscores KOCO 5&#8217;s unwavering dedication to delivering reliable weather forecasts to viewers.<\/em><\/p>\n<\/p><\/div>\n<\/p><\/div>\n<\/p><\/div>\n<p><a href=\"https:\/\/www.koco.com\/article\/oklahoma-weather-forecast-rain-moves-out-cold-front-tuesday\/71345761\">Source link <\/a><\/p>","protected":false},"excerpt":{"rendered":"<p>FORECAST: Rain moves out, cold front comes into Oklahoma ONE FROM THE FIRST ALERT WEATHER CENTER. METEOROLOGIST JONATHAN CONDER HERE WITH YOUR FORECAST. AS WE GO INTO YOUR TUESDAY, WE\u2019LL BE LOOKING AT A LINE OF SHOWERS AND THUNDERSTORMS MOVING THROUGH CENTRAL OKLAHOMA WAY BEFORE DAYBREAK. NOT EXPECTING MUCH IN THE WAY OF SEVERE WEATHER. [&hellip;]<\/p>\n","protected":false},"author":1,"featured_media":133555,"comment_status":"closed","ping_status":"","sticky":false,"template":"","format":"standard","meta":{"googlesitekit_rrm_CAow2JLhCw:productID":"","_gspb_post_css":"","maa_idioma":"","maa_pais":"","footnotes":""},"categories":[1],"tags":[7755,12177,6536,8870,7020],"class_list":["post-133554","post","type-post","status-publish","format-standard","has-post-thumbnail","hentry","category-ubirata","tag-cold","tag-front","tag-moves","tag-rain","tag-tuesday"],"blocksy_meta":[],"yoast_head":"<!-- This site is optimized with the Yoast SEO Premium plugin v27.6 (Yoast SEO v27.6) - https:\/\/yoast.com\/product\/yoast-seo-premium-wordpress\/ -->\n<title>Rain moves out, cold front comes in Tuesday - Ubirat\u00e3 Online Not\u00edcias - A realidade ao seu alcance!<\/title>\n<meta name=\"description\" content=\"FORECAST: Rain moves out, cold front comes into Oklahoma ONE FROM THE FIRST ALERT WEATHER CENTER. METEOROLOGIST JONATHAN CONDER HERE WITH YOUR FORECAST.\" \/>\n<meta name=\"robots\" content=\"index, follow, max-snippet:-1, max-image-preview:large, max-video-preview:-1\" \/>\n<link rel=\"canonical\" href=\"https:\/\/ubirataonline.com.br\/en\/rain-moves-out-cold-front-comes-in-tuesday\/\" \/>\n<meta property=\"og:locale\" content=\"en_US\" \/>\n<meta property=\"og:type\" content=\"article\" \/>\n<meta property=\"og:title\" content=\"Rain moves out, cold front comes in Tuesday\" \/>\n<meta property=\"og:description\" content=\"FORECAST: Rain moves out, cold front comes into Oklahoma ONE FROM THE FIRST ALERT WEATHER CENTER. METEOROLOGIST JONATHAN CONDER HERE WITH YOUR FORECAST.\" \/>\n<meta property=\"og:url\" content=\"https:\/\/ubirataonline.com.br\/en\/rain-moves-out-cold-front-comes-in-tuesday\/\" \/>\n<meta property=\"og:site_name\" content=\"Ubirat\u00e3 Online Not\u00edcias - A realidade ao seu alcance!\" \/>\n<meta property=\"article:publisher\" content=\"https:\/\/www.facebook.com\/portalubirataonline\" \/>\n<meta property=\"article:author\" content=\"https:\/\/www.facebook.com\/portalubirataonline\" \/>\n<meta property=\"article:published_time\" content=\"2026-05-19T09:45:24+00:00\" \/>\n<meta property=\"article:modified_time\" content=\"2026-05-19T09:45:26+00:00\" \/>\n<meta property=\"og:image\" content=\"https:\/\/ubirataonline.com.br\/wp-content\/uploads\/2026\/05\/Rain-moves-out-cold-front-comes-in-Tuesday.jpg\" \/>\n\t<meta property=\"og:image:width\" content=\"1200\" \/>\n\t<meta property=\"og:image:height\" content=\"675\" \/>\n\t<meta property=\"og:image:type\" content=\"image\/jpeg\" \/>\n<meta name=\"author\" content=\"REDA\u00c7\u00c3O: UBIRAT\u00c3 ONLINE - F\u00c1BIO AUGUSTO CELESTINO\" \/>\n<meta name=\"twitter:card\" content=\"summary_large_image\" \/>\n<meta name=\"twitter:creator\" content=\"@x.com\/ubirataonline\" \/>\n<meta name=\"twitter:site\" content=\"@ubirataonline\" \/>\n<meta name=\"twitter:label1\" content=\"Written by\" \/>\n\t<meta name=\"twitter:data1\" content=\"REDA\u00c7\u00c3O: UBIRAT\u00c3 ONLINE - F\u00c1BIO AUGUSTO CELESTINO\" \/>\n\t<meta name=\"twitter:label2\" content=\"Est. reading time\" \/>\n\t<meta name=\"twitter:data2\" content=\"3 minutes\" \/>\n<script type=\"application\/ld+json\" class=\"yoast-schema-graph\">{\"@context\":\"https:\\\/\\\/schema.org\",\"@graph\":[{\"@type\":\"NewsArticle\",\"@id\":\"https:\\\/\\\/ubirataonline.com.br\\\/rain-moves-out-cold-front-comes-in-tuesday\\\/#article\",\"isPartOf\":{\"@id\":\"https:\\\/\\\/ubirataonline.com.br\\\/rain-moves-out-cold-front-comes-in-tuesday\\\/\"},\"author\":{\"name\":\"REDA\u00c7\u00c3O: UBIRAT\u00c3 ONLINE - F\u00c1BIO AUGUSTO CELESTINO\",\"@id\":\"https:\\\/\\\/ubirataonline.com.br\\\/#\\\/schema\\\/person\\\/372f87bbd3fdd79b8556b84c98d0bc1c\"},\"headline\":\"Rain moves out, cold front comes in Tuesday\",\"datePublished\":\"2026-05-19T09:45:24+00:00\",\"dateModified\":\"2026-05-19T09:45:26+00:00\",\"mainEntityOfPage\":{\"@id\":\"https:\\\/\\\/ubirataonline.com.br\\\/rain-moves-out-cold-front-comes-in-tuesday\\\/\"},\"wordCount\":574,\"publisher\":{\"@id\":\"https:\\\/\\\/ubirataonline.com.br\\\/#organization\"},\"image\":{\"@id\":\"https:\\\/\\\/ubirataonline.com.br\\\/rain-moves-out-cold-front-comes-in-tuesday\\\/#primaryimage\"},\"thumbnailUrl\":\"https:\\\/\\\/ubirataonline.com.br\\\/wp-content\\\/uploads\\\/2026\\\/05\\\/Rain-moves-out-cold-front-comes-in-Tuesday.jpg\",\"keywords\":[\"Cold\",\"front\",\"moves\",\"rain\",\"Tuesday\"],\"articleSection\":[\"Ubirat\u00e3\"],\"inLanguage\":\"en-US\",\"copyrightYear\":\"2026\",\"copyrightHolder\":{\"@id\":\"https:\\\/\\\/ubirataonline.com.br\\\/en\\\/#organization\"}},{\"@type\":\"WebPage\",\"@id\":\"https:\\\/\\\/ubirataonline.com.br\\\/rain-moves-out-cold-front-comes-in-tuesday\\\/\",\"url\":\"https:\\\/\\\/ubirataonline.com.br\\\/rain-moves-out-cold-front-comes-in-tuesday\\\/\",\"name\":\"Rain moves out, cold front comes in Tuesday - Ubirat\u00e3 Online Not\u00edcias - A realidade ao seu alcance!\",\"isPartOf\":{\"@id\":\"https:\\\/\\\/ubirataonline.com.br\\\/#website\"},\"primaryImageOfPage\":{\"@id\":\"https:\\\/\\\/ubirataonline.com.br\\\/rain-moves-out-cold-front-comes-in-tuesday\\\/#primaryimage\"},\"image\":{\"@id\":\"https:\\\/\\\/ubirataonline.com.br\\\/rain-moves-out-cold-front-comes-in-tuesday\\\/#primaryimage\"},\"thumbnailUrl\":\"https:\\\/\\\/ubirataonline.com.br\\\/wp-content\\\/uploads\\\/2026\\\/05\\\/Rain-moves-out-cold-front-comes-in-Tuesday.jpg\",\"datePublished\":\"2026-05-19T09:45:24+00:00\",\"dateModified\":\"2026-05-19T09:45:26+00:00\",\"description\":\"FORECAST: Rain moves out, cold front comes into Oklahoma ONE FROM THE FIRST ALERT WEATHER CENTER. METEOROLOGIST JONATHAN CONDER HERE WITH YOUR FORECAST.\",\"breadcrumb\":{\"@id\":\"https:\\\/\\\/ubirataonline.com.br\\\/rain-moves-out-cold-front-comes-in-tuesday\\\/#breadcrumb\"},\"inLanguage\":\"en-US\",\"potentialAction\":[{\"@type\":\"ReadAction\",\"target\":[\"https:\\\/\\\/ubirataonline.com.br\\\/rain-moves-out-cold-front-comes-in-tuesday\\\/\"]}]},{\"@type\":\"ImageObject\",\"inLanguage\":\"en-US\",\"@id\":\"https:\\\/\\\/ubirataonline.com.br\\\/rain-moves-out-cold-front-comes-in-tuesday\\\/#primaryimage\",\"url\":\"https:\\\/\\\/ubirataonline.com.br\\\/wp-content\\\/uploads\\\/2026\\\/05\\\/Rain-moves-out-cold-front-comes-in-Tuesday.jpg\",\"contentUrl\":\"https:\\\/\\\/ubirataonline.com.br\\\/wp-content\\\/uploads\\\/2026\\\/05\\\/Rain-moves-out-cold-front-comes-in-Tuesday.jpg\",\"width\":1200,\"height\":675,\"caption\":\"Rain moves out, cold front comes in Tuesday\"},{\"@type\":\"BreadcrumbList\",\"@id\":\"https:\\\/\\\/ubirataonline.com.br\\\/rain-moves-out-cold-front-comes-in-tuesday\\\/#breadcrumb\",\"itemListElement\":[{\"@type\":\"ListItem\",\"position\":1,\"name\":\"In\u00edcio\",\"item\":\"https:\\\/\\\/ubirataonline.com.br\\\/\"},{\"@type\":\"ListItem\",\"position\":2,\"name\":\"Rain moves out, cold front comes in Tuesday\"}]},{\"@type\":\"WebSite\",\"@id\":\"https:\\\/\\\/ubirataonline.com.br\\\/#website\",\"url\":\"https:\\\/\\\/ubirataonline.com.br\\\/\",\"name\":\"Ubirat\u00e3 Online Not\u00edcias\",\"description\":\"Not\u00edcias de Ubirat\u00e3, regi\u00e3o, Brasil e mundo, com informa\u00e7\u00e3o atualizada e compromisso com o leitor.\",\"publisher\":{\"@id\":\"https:\\\/\\\/ubirataonline.com.br\\\/#organization\"},\"alternateName\":\"Ubirat\u00e3 Online\",\"potentialAction\":[{\"@type\":\"SearchAction\",\"target\":{\"@type\":\"EntryPoint\",\"urlTemplate\":\"https:\\\/\\\/ubirataonline.com.br\\\/?s={search_term_string}\"},\"query-input\":{\"@type\":\"PropertyValueSpecification\",\"valueRequired\":true,\"valueName\":\"search_term_string\"}}],\"inLanguage\":\"en-US\"},{\"@type\":[\"Organization\",\"Place\"],\"@id\":\"https:\\\/\\\/ubirataonline.com.br\\\/#organization\",\"name\":\"Ubirat\u00e3 Online Not\u00edcias\",\"alternateName\":\"Ubirat\u00e3 Online\",\"url\":\"https:\\\/\\\/ubirataonline.com.br\\\/\",\"logo\":{\"@id\":\"https:\\\/\\\/ubirataonline.com.br\\\/rain-moves-out-cold-front-comes-in-tuesday\\\/#local-main-organization-logo\"},\"image\":{\"@id\":\"https:\\\/\\\/ubirataonline.com.br\\\/rain-moves-out-cold-front-comes-in-tuesday\\\/#local-main-organization-logo\"},\"sameAs\":[\"https:\\\/\\\/www.facebook.com\\\/portalubirataonline\",\"https:\\\/\\\/x.com\\\/ubirataonline\",\"https:\\\/\\\/mastodon.social\\\/@ubirataonline\",\"https:\\\/\\\/www.facebook.com\\\/groups\\\/311144672285604\",\"https:\\\/\\\/www.facebook.com\\\/UBTAOnline\",\"https:\\\/\\\/www.instagram.com\\\/portalubirataonline\\\/\",\"https:\\\/\\\/twitter.com\\\/ubirataonline\"],\"description\":\"Somos um portal de not\u00edcias independente, criado em 5 de janeiro de 2009, com o objetivo de informar, conectar e valorizar a nossa comunidade de Ubirat\u00e3 e toda aregi\u00e3o. Com conte\u00fado atualizado, confi\u00e1vel e relevante, o Ubirat\u00e3 Online \u00e9 o seu espa\u00e7o para ficar por dentro dos principais acontecimentos locais, regionais, Brasil, Mundo e de interesse geral. Nosso compromisso \u00e9 com a verdade, a transpar\u00eancia e o respeito ao leitor.\",\"legalName\":\"UBIRATA ONLINE NOT\u00cdCIAS\",\"foundingDate\":\"2009-01-05\",\"numberOfEmployees\":{\"@type\":\"QuantitativeValue\",\"minValue\":\"1\",\"maxValue\":\"10\"},\"publishingPrinciples\":\"https:\\\/\\\/ubirataonline.com.br\\\/faq\\\/\",\"address\":{\"@id\":\"https:\\\/\\\/ubirataonline.com.br\\\/rain-moves-out-cold-front-comes-in-tuesday\\\/#local-main-place-address\"},\"geo\":{\"@type\":\"GeoCoordinates\",\"latitude\":\"-24.5361401\",\"longitude\":\"-52.9921776\"},\"telephone\":[\"+5544998308235\"],\"contactPoint\":{\"@type\":\"ContactPoint\",\"email\":\"contato@ubirataonline.com.br\"},\"openingHoursSpecification\":{\"@type\":\"OpeningHoursSpecification\",\"dayOfWeek\":[\"Monday\",\"Tuesday\",\"Wednesday\",\"Thursday\",\"Friday\",\"Saturday\",\"Sunday\"],\"opens\":\"00:00\",\"closes\":\"23:59\"},\"email\":\"contato@ubirataonline.com.br\",\"vatID\":\"47.621.418\\\/0001-80\"},{\"@type\":\"Person\",\"@id\":\"https:\\\/\\\/ubirataonline.com.br\\\/#\\\/schema\\\/person\\\/372f87bbd3fdd79b8556b84c98d0bc1c\",\"name\":\"REDA\u00c7\u00c3O: UBIRAT\u00c3 ONLINE - F\u00c1BIO AUGUSTO CELESTINO\",\"pronouns\":\"Ele\",\"description\":\"Desde 2003 trabalhando com not\u00edcias.\",\"sameAs\":[\"http:\\\/\\\/ubirataoline.com.br\",\"https:\\\/\\\/www.facebook.com\\\/portalubirataonline\",\"https:\\\/\\\/www.instagram.com\\\/ubirataonline_oficial\",\"https:\\\/\\\/x.com\\\/x.com\\\/ubirataonline\"],\"honorificPrefix\":\"Mr.\",\"honorificSuffix\":\"MD\",\"birthDate\":\"1980-06-16\",\"gender\":\"masculino\",\"award\":[\"V\u00e1rios pr\u00eamios de melhor portal da cidade\"],\"jobTitle\":\"Diretor\",\"url\":\"https:\\\/\\\/ubirataonline.com.br\\\/en\\\/author\\\/ubirataonline\\\/\"},{\"@type\":\"PostalAddress\",\"@id\":\"https:\\\/\\\/ubirataonline.com.br\\\/rain-moves-out-cold-front-comes-in-tuesday\\\/#local-main-place-address\",\"streetAddress\":\"Rua dos Coqueiros, 104 - Bairro Boa Vista, Rua dos Coqueiros, 104 Bairro Boa Vista\",\"addressLocality\":\"UBIRATA\",\"postalCode\":\"85440-000\",\"addressRegion\":\"PR\",\"addressCountry\":\"BR\"},{\"@type\":\"ImageObject\",\"inLanguage\":\"en-US\",\"@id\":\"https:\\\/\\\/ubirataonline.com.br\\\/rain-moves-out-cold-front-comes-in-tuesday\\\/#local-main-organization-logo\",\"url\":\"https:\\\/\\\/ubirataonline.com.br\\\/wp-content\\\/uploads\\\/2026\\\/06\\\/logoubirataonline-1.webp\",\"contentUrl\":\"https:\\\/\\\/ubirataonline.com.br\\\/wp-content\\\/uploads\\\/2026\\\/06\\\/logoubirataonline-1.webp\",\"width\":500,\"height\":500,\"caption\":\"Ubirat\u00e3 Online Not\u00edcias\"}]}<\/script>\n<meta name=\"geo.placename\" content=\"UBIRATA\" \/>\n<meta name=\"geo.position\" content=\"-24.5361401;-52.9921776\" \/>\n<meta name=\"geo.region\" content=\"Brazil\" \/>\n<!-- \/ Yoast SEO Premium plugin. -->","yoast_head_json":{"title":"Rain moves out, cold front comes in Tuesday - Ubirat\u00e3 Online Not\u00edcias - A realidade ao seu alcance!","description":"FORECAST: Rain moves out, cold front comes into Oklahoma ONE FROM THE FIRST ALERT WEATHER CENTER. METEOROLOGIST JONATHAN CONDER HERE WITH YOUR FORECAST.","robots":{"index":"index","follow":"follow","max-snippet":"max-snippet:-1","max-image-preview":"max-image-preview:large","max-video-preview":"max-video-preview:-1"},"canonical":"https:\/\/ubirataonline.com.br\/en\/rain-moves-out-cold-front-comes-in-tuesday\/","og_locale":"en_US","og_type":"article","og_title":"Rain moves out, cold front comes in Tuesday","og_description":"FORECAST: Rain moves out, cold front comes into Oklahoma ONE FROM THE FIRST ALERT WEATHER CENTER. METEOROLOGIST JONATHAN CONDER HERE WITH YOUR FORECAST.","og_url":"https:\/\/ubirataonline.com.br\/en\/rain-moves-out-cold-front-comes-in-tuesday\/","og_site_name":"Ubirat\u00e3 Online Not\u00edcias - A realidade ao seu alcance!","article_publisher":"https:\/\/www.facebook.com\/portalubirataonline","article_author":"https:\/\/www.facebook.com\/portalubirataonline","article_published_time":"2026-05-19T09:45:24+00:00","article_modified_time":"2026-05-19T09:45:26+00:00","og_image":[{"width":1200,"height":675,"url":"https:\/\/ubirataonline.com.br\/wp-content\/uploads\/2026\/05\/Rain-moves-out-cold-front-comes-in-Tuesday.jpg","type":"image\/jpeg"}],"author":"REDA\u00c7\u00c3O: UBIRAT\u00c3 ONLINE - F\u00c1BIO AUGUSTO CELESTINO","twitter_card":"summary_large_image","twitter_creator":"@x.com\/ubirataonline","twitter_site":"@ubirataonline","twitter_misc":{"Written by":"REDA\u00c7\u00c3O: UBIRAT\u00c3 ONLINE - F\u00c1BIO AUGUSTO CELESTINO","Est. reading time":"3 minutes"},"schema":{"@context":"https:\/\/schema.org","@graph":[{"@type":"NewsArticle","@id":"https:\/\/ubirataonline.com.br\/rain-moves-out-cold-front-comes-in-tuesday\/#article","isPartOf":{"@id":"https:\/\/ubirataonline.com.br\/rain-moves-out-cold-front-comes-in-tuesday\/"},"author":{"name":"REDA\u00c7\u00c3O: UBIRAT\u00c3 ONLINE - F\u00c1BIO AUGUSTO CELESTINO","@id":"https:\/\/ubirataonline.com.br\/#\/schema\/person\/372f87bbd3fdd79b8556b84c98d0bc1c"},"headline":"Rain moves out, cold front comes in Tuesday","datePublished":"2026-05-19T09:45:24+00:00","dateModified":"2026-05-19T09:45:26+00:00","mainEntityOfPage":{"@id":"https:\/\/ubirataonline.com.br\/rain-moves-out-cold-front-comes-in-tuesday\/"},"wordCount":574,"publisher":{"@id":"https:\/\/ubirataonline.com.br\/#organization"},"image":{"@id":"https:\/\/ubirataonline.com.br\/rain-moves-out-cold-front-comes-in-tuesday\/#primaryimage"},"thumbnailUrl":"https:\/\/ubirataonline.com.br\/wp-content\/uploads\/2026\/05\/Rain-moves-out-cold-front-comes-in-Tuesday.jpg","keywords":["Cold","front","moves","rain","Tuesday"],"articleSection":["Ubirat\u00e3"],"inLanguage":"en-US","copyrightYear":"2026","copyrightHolder":{"@id":"https:\/\/ubirataonline.com.br\/en\/#organization"}},{"@type":"WebPage","@id":"https:\/\/ubirataonline.com.br\/rain-moves-out-cold-front-comes-in-tuesday\/","url":"https:\/\/ubirataonline.com.br\/rain-moves-out-cold-front-comes-in-tuesday\/","name":"Rain moves out, cold front comes in Tuesday - Ubirat\u00e3 Online Not\u00edcias - A realidade ao seu alcance!","isPartOf":{"@id":"https:\/\/ubirataonline.com.br\/#website"},"primaryImageOfPage":{"@id":"https:\/\/ubirataonline.com.br\/rain-moves-out-cold-front-comes-in-tuesday\/#primaryimage"},"image":{"@id":"https:\/\/ubirataonline.com.br\/rain-moves-out-cold-front-comes-in-tuesday\/#primaryimage"},"thumbnailUrl":"https:\/\/ubirataonline.com.br\/wp-content\/uploads\/2026\/05\/Rain-moves-out-cold-front-comes-in-Tuesday.jpg","datePublished":"2026-05-19T09:45:24+00:00","dateModified":"2026-05-19T09:45:26+00:00","description":"FORECAST: Rain moves out, cold front comes into Oklahoma ONE FROM THE FIRST ALERT WEATHER CENTER. METEOROLOGIST JONATHAN CONDER HERE WITH YOUR FORECAST.","breadcrumb":{"@id":"https:\/\/ubirataonline.com.br\/rain-moves-out-cold-front-comes-in-tuesday\/#breadcrumb"},"inLanguage":"en-US","potentialAction":[{"@type":"ReadAction","target":["https:\/\/ubirataonline.com.br\/rain-moves-out-cold-front-comes-in-tuesday\/"]}]},{"@type":"ImageObject","inLanguage":"en-US","@id":"https:\/\/ubirataonline.com.br\/rain-moves-out-cold-front-comes-in-tuesday\/#primaryimage","url":"https:\/\/ubirataonline.com.br\/wp-content\/uploads\/2026\/05\/Rain-moves-out-cold-front-comes-in-Tuesday.jpg","contentUrl":"https:\/\/ubirataonline.com.br\/wp-content\/uploads\/2026\/05\/Rain-moves-out-cold-front-comes-in-Tuesday.jpg","width":1200,"height":675,"caption":"Rain moves out, cold front comes in Tuesday"},{"@type":"BreadcrumbList","@id":"https:\/\/ubirataonline.com.br\/rain-moves-out-cold-front-comes-in-tuesday\/#breadcrumb","itemListElement":[{"@type":"ListItem","position":1,"name":"In\u00edcio","item":"https:\/\/ubirataonline.com.br\/"},{"@type":"ListItem","position":2,"name":"Rain moves out, cold front comes in Tuesday"}]},{"@type":"WebSite","@id":"https:\/\/ubirataonline.com.br\/#website","url":"https:\/\/ubirataonline.com.br\/","name":"Ubirat\u00e3 Online Not\u00edcias","description":"Not\u00edcias de Ubirat\u00e3, regi\u00e3o, Brasil e mundo, com informa\u00e7\u00e3o atualizada e compromisso com o leitor.","publisher":{"@id":"https:\/\/ubirataonline.com.br\/#organization"},"alternateName":"Ubirat\u00e3 Online","potentialAction":[{"@type":"SearchAction","target":{"@type":"EntryPoint","urlTemplate":"https:\/\/ubirataonline.com.br\/?s={search_term_string}"},"query-input":{"@type":"PropertyValueSpecification","valueRequired":true,"valueName":"search_term_string"}}],"inLanguage":"en-US"},{"@type":["Organization","Place"],"@id":"https:\/\/ubirataonline.com.br\/#organization","name":"Ubirat\u00e3 Online Not\u00edcias","alternateName":"Ubirat\u00e3 Online","url":"https:\/\/ubirataonline.com.br\/","logo":{"@id":"https:\/\/ubirataonline.com.br\/rain-moves-out-cold-front-comes-in-tuesday\/#local-main-organization-logo"},"image":{"@id":"https:\/\/ubirataonline.com.br\/rain-moves-out-cold-front-comes-in-tuesday\/#local-main-organization-logo"},"sameAs":["https:\/\/www.facebook.com\/portalubirataonline","https:\/\/x.com\/ubirataonline","https:\/\/mastodon.social\/@ubirataonline","https:\/\/www.facebook.com\/groups\/311144672285604","https:\/\/www.facebook.com\/UBTAOnline","https:\/\/www.instagram.com\/portalubirataonline\/","https:\/\/twitter.com\/ubirataonline"],"description":"Somos um portal de not\u00edcias independente, criado em 5 de janeiro de 2009, com o objetivo de informar, conectar e valorizar a nossa comunidade de Ubirat\u00e3 e toda aregi\u00e3o. Com conte\u00fado atualizado, confi\u00e1vel e relevante, o Ubirat\u00e3 Online \u00e9 o seu espa\u00e7o para ficar por dentro dos principais acontecimentos locais, regionais, Brasil, Mundo e de interesse geral. Nosso compromisso \u00e9 com a verdade, a transpar\u00eancia e o respeito ao leitor.","legalName":"UBIRATA ONLINE NOT\u00cdCIAS","foundingDate":"2009-01-05","numberOfEmployees":{"@type":"QuantitativeValue","minValue":"1","maxValue":"10"},"publishingPrinciples":"https:\/\/ubirataonline.com.br\/faq\/","address":{"@id":"https:\/\/ubirataonline.com.br\/rain-moves-out-cold-front-comes-in-tuesday\/#local-main-place-address"},"geo":{"@type":"GeoCoordinates","latitude":"-24.5361401","longitude":"-52.9921776"},"telephone":["+5544998308235"],"contactPoint":{"@type":"ContactPoint","email":"contato@ubirataonline.com.br"},"openingHoursSpecification":{"@type":"OpeningHoursSpecification","dayOfWeek":["Monday","Tuesday","Wednesday","Thursday","Friday","Saturday","Sunday"],"opens":"00:00","closes":"23:59"},"email":"contato@ubirataonline.com.br","vatID":"47.621.418\/0001-80"},{"@type":"Person","@id":"https:\/\/ubirataonline.com.br\/#\/schema\/person\/372f87bbd3fdd79b8556b84c98d0bc1c","name":"REDA\u00c7\u00c3O: UBIRAT\u00c3 ONLINE - F\u00c1BIO AUGUSTO CELESTINO","pronouns":"Ele","description":"Desde 2003 trabalhando com not\u00edcias.","sameAs":["http:\/\/ubirataoline.com.br","https:\/\/www.facebook.com\/portalubirataonline","https:\/\/www.instagram.com\/ubirataonline_oficial","https:\/\/x.com\/x.com\/ubirataonline"],"honorificPrefix":"Mr.","honorificSuffix":"MD","birthDate":"1980-06-16","gender":"masculino","award":["V\u00e1rios pr\u00eamios de melhor portal da cidade"],"jobTitle":"Diretor","url":"https:\/\/ubirataonline.com.br\/en\/author\/ubirataonline\/"},{"@type":"PostalAddress","@id":"https:\/\/ubirataonline.com.br\/rain-moves-out-cold-front-comes-in-tuesday\/#local-main-place-address","streetAddress":"Rua dos Coqueiros, 104 - Bairro Boa Vista, Rua dos Coqueiros, 104 Bairro Boa Vista","addressLocality":"UBIRATA","postalCode":"85440-000","addressRegion":"PR","addressCountry":"BR"},{"@type":"ImageObject","inLanguage":"en-US","@id":"https:\/\/ubirataonline.com.br\/rain-moves-out-cold-front-comes-in-tuesday\/#local-main-organization-logo","url":"https:\/\/ubirataonline.com.br\/wp-content\/uploads\/2026\/06\/logoubirataonline-1.webp","contentUrl":"https:\/\/ubirataonline.com.br\/wp-content\/uploads\/2026\/06\/logoubirataonline-1.webp","width":500,"height":500,"caption":"Ubirat\u00e3 Online Not\u00edcias"}]},"geo.placename":"UBIRATA","geo.position":{"lat":"-24.5361401","long":"-52.9921776"},"geo.region":"Brazil"},"_links":{"self":[{"href":"https:\/\/ubirataonline.com.br\/en\/wp-json\/wp\/v2\/posts\/133554","targetHints":{"allow":["GET"]}}],"collection":[{"href":"https:\/\/ubirataonline.com.br\/en\/wp-json\/wp\/v2\/posts"}],"about":[{"href":"https:\/\/ubirataonline.com.br\/en\/wp-json\/wp\/v2\/types\/post"}],"author":[{"embeddable":true,"href":"https:\/\/ubirataonline.com.br\/en\/wp-json\/wp\/v2\/users\/1"}],"replies":[{"embeddable":true,"href":"https:\/\/ubirataonline.com.br\/en\/wp-json\/wp\/v2\/comments?post=133554"}],"version-history":[{"count":0,"href":"https:\/\/ubirataonline.com.br\/en\/wp-json\/wp\/v2\/posts\/133554\/revisions"}],"wp:featuredmedia":[{"embeddable":true,"href":"https:\/\/ubirataonline.com.br\/en\/wp-json\/wp\/v2\/media\/133555"}],"wp:attachment":[{"href":"https:\/\/ubirataonline.com.br\/en\/wp-json\/wp\/v2\/media?parent=133554"}],"wp:term":[{"taxonomy":"category","embeddable":true,"href":"https:\/\/ubirataonline.com.br\/en\/wp-json\/wp\/v2\/categories?post=133554"},{"taxonomy":"post_tag","embeddable":true,"href":"https:\/\/ubirataonline.com.br\/en\/wp-json\/wp\/v2\/tags?post=133554"}],"curies":[{"name":"wp","href":"https:\/\/api.w.org\/{rel}","templated":true}]}}