{"id":133953,"date":"2026-05-19T15:54:26","date_gmt":"2026-05-19T18:54:26","guid":{"rendered":"https:\/\/ubirataonline.com.br\/vance-says-iran-not-a-forever-war-as-hes-pressed-at-white-house-briefing\/"},"modified":"2026-05-19T15:54:31","modified_gmt":"2026-05-19T18:54:31","slug":"vance-says-iran-not-a-forever-war-as-hes-pressed-at-white-house-briefing","status":"publish","type":"post","link":"https:\/\/ubirataonline.com.br\/en\/vance-says-iran-not-a-forever-war-as-hes-pressed-at-white-house-briefing\/","title":{"rendered":"Vance says Iran &#8216;not a forever war&#8217; as he&#8217;s pressed at White House briefing"},"content":{"rendered":"<p><br \/>\n<\/p>\n<div id=\"asset:0919062e-c171-4ac7-a93f-770a79dbf65f\">\n<header class=\"ssrcss-1gu7x8n-Header e14e9ror5\"><span class=\"ssrcss-1de7kuz-HeadingContainer e14e9ror1\"><\/p>\n<h3 type=\"normal\" class=\"ssrcss-89o2pv-Heading e10rt3ze0\"><span role=\"text\" class=\"ssrcss-189b1h2-HeadlineWrap e14e9ror2\"><span>Vance addresses controversial &#8216;weaponisation&#8217; fund<\/span><span class=\"ssrcss-etauer-ServerSideTime e14e9ror0\"><span data-testid=\"timestamp\" class=\"ssrcss-19b8cwc-Timestamp ekpio9q4\"><span data-testid=\"accessible-timestamp\" class=\"visually-hidden ssrcss-i2z2ig-VisuallyHidden e16en2lz0\">published at 19:02 BST<\/span><\/p>\n<p><span aria-hidden=\"true\" class=\"ssrcss-crgz56-Time ekpio9q2\">19:02 BST<\/span><\/p>\n<p><\/span><\/span><\/span><\/h3>\n<p><\/span><\/header>\n<p class=\"ssrcss-1l98ssq-Contributor etflsgg2\"><span class=\"ssrcss-1u03m1n-ImageWrapper etflsgg1\"><span class=\"ssrcss-1bmd2ry-Placeholder etlorgc0\"><\/span><\/span><span><strong>Bernd Debusmann Jr<\/strong><br \/>White House reporter<\/span><\/p>\n<p class=\"ssrcss-1q0x1qg-Paragraph e1jhz7w10\">Predictably, Vice President JD Vance has also been asked about the extremely controversial $1.8bn fund that the justice department said would be used to compensate people &#8220;unfairly&#8221; being investigated by prior administrations. <\/p>\n<p class=\"ssrcss-1q0x1qg-Paragraph e1jhz7w10\">Democrats have widely criticised the move, describing the fund as a &#8220;slush fund&#8221; for Trump&#8217;s political allies, including some charged or convicted in relation to the 6 January 2021 riot at the US Capitol. <\/p>\n<p class=\"ssrcss-1q0x1qg-Paragraph e1jhz7w10\">His answer echoes those we heard from acting Attorney General Todd Blanche on Capitol Hill earlier today. <\/p>\n<p class=\"ssrcss-1q0x1qg-Paragraph e1jhz7w10\">The argument from the Trump administration so far is that, in theory, the fund is non-partisan and can theoretically benefit anyone &#8211; Democrats, Republicans or Independents &#8211; who has been wronged by a previous administration. <\/p>\n<p class=\"ssrcss-1q0x1qg-Paragraph e1jhz7w10\">Vance said that even Hunter Biden, the son of the former president, could apply to the fund. <\/p>\n<p class=\"ssrcss-1q0x1qg-Paragraph e1jhz7w10\">For critics, however, that answer will likely not be satisfactory, or reassuring. <\/p>\n<p class=\"ssrcss-1q0x1qg-Paragraph e1jhz7w10\">Of the five members of the commission that will distribute the compensation fund, four will be appointed by the attorney general, who, at least for the moment, is Trump&#8217;s handpicked former personal attorney. <\/p>\n<\/p><\/div>\n<p><br \/>\n<br \/><a href=\"https:\/\/www.bbc.com\/news\/live\/cg5pm3nl9qnt\">Source link <\/a><\/p>","protected":false},"excerpt":{"rendered":"<p>Vance addresses controversial &#8216;weaponisation&#8217; fundpublished at 19:02 BST 19:02 BST Bernd Debusmann JrWhite House reporter Predictably, Vice President JD Vance has also been asked about the extremely controversial $1.8bn fund that the justice department said would be used to compensate people &#8220;unfairly&#8221; being investigated by prior administrations. Democrats have widely criticised the move, describing the [&hellip;]<\/p>\n","protected":false},"author":1,"featured_media":133954,"comment_status":"closed","ping_status":"","sticky":false,"template":"","format":"standard","meta":{"googlesitekit_rrm_CAow2JLhCw:productID":"","_gspb_post_css":"","maa_idioma":"","maa_pais":"","footnotes":""},"categories":[1],"tags":[10097,9558,4938,7054,25354,12109,4800,6220],"class_list":["post-133953","post","type-post","status-publish","format-standard","has-post-thumbnail","hentry","category-ubirata","tag-briefing","tag-hes","tag-house","tag-iran","tag-pressed","tag-vance","tag-war","tag-white"],"blocksy_meta":[],"yoast_head":"<!-- This site is optimized with the Yoast SEO Premium plugin v27.6 (Yoast SEO v27.6) - https:\/\/yoast.com\/product\/yoast-seo-premium-wordpress\/ -->\n<title>Vance says Iran &#039;not a forever war&#039; as he&#039;s pressed at White House briefing - Ubirat\u00e3 Online Not\u00edcias - A realidade ao seu alcance!<\/title>\n<meta name=\"description\" content=\"Vance addresses controversial &#039;weaponisation&#039; fundpublished at 19:02 BST19:02 BSTBernd Debusmann JrWhite House reporter Predictably, Vice President JD\" \/>\n<meta name=\"robots\" content=\"index, follow, max-snippet:-1, max-image-preview:large, max-video-preview:-1\" \/>\n<link rel=\"canonical\" href=\"https:\/\/ubirataonline.com.br\/en\/vance-says-iran-not-a-forever-war-as-hes-pressed-at-white-house-briefing\/\" \/>\n<meta property=\"og:locale\" content=\"en_US\" \/>\n<meta property=\"og:type\" content=\"article\" \/>\n<meta property=\"og:title\" content=\"Vance says Iran &#039;not a forever war&#039; as he&#039;s pressed at White House briefing\" \/>\n<meta property=\"og:description\" content=\"Vance addresses controversial &#039;weaponisation&#039; fundpublished at 19:02 BST19:02 BSTBernd Debusmann JrWhite House reporter Predictably, Vice President JD\" \/>\n<meta property=\"og:url\" content=\"https:\/\/ubirataonline.com.br\/en\/vance-says-iran-not-a-forever-war-as-hes-pressed-at-white-house-briefing\/\" \/>\n<meta property=\"og:site_name\" content=\"Ubirat\u00e3 Online Not\u00edcias - A realidade ao seu alcance!\" \/>\n<meta property=\"article:publisher\" content=\"https:\/\/www.facebook.com\/portalubirataonline\" \/>\n<meta property=\"article:author\" content=\"https:\/\/www.facebook.com\/portalubirataonline\" \/>\n<meta property=\"article:published_time\" content=\"2026-05-19T18:54:26+00:00\" \/>\n<meta property=\"article:modified_time\" content=\"2026-05-19T18:54:31+00:00\" \/>\n<meta property=\"og:image\" content=\"https:\/\/ubirataonline.com.br\/wp-content\/uploads\/2026\/05\/Vance-says-Iran-not-a-forever-war-as-hes-pressed.jpg\" \/>\n\t<meta property=\"og:image:width\" content=\"1200\" \/>\n\t<meta property=\"og:image:height\" content=\"675\" \/>\n\t<meta property=\"og:image:type\" content=\"image\/jpeg\" \/>\n<meta name=\"author\" content=\"REDA\u00c7\u00c3O: UBIRAT\u00c3 ONLINE - F\u00c1BIO AUGUSTO CELESTINO\" \/>\n<meta name=\"twitter:card\" content=\"summary_large_image\" \/>\n<meta name=\"twitter:creator\" content=\"@x.com\/ubirataonline\" \/>\n<meta name=\"twitter:site\" content=\"@ubirataonline\" \/>\n<meta name=\"twitter:label1\" content=\"Written by\" \/>\n\t<meta name=\"twitter:data1\" content=\"REDA\u00c7\u00c3O: UBIRAT\u00c3 ONLINE - F\u00c1BIO AUGUSTO CELESTINO\" \/>\n\t<meta name=\"twitter:label2\" content=\"Est. reading time\" \/>\n\t<meta name=\"twitter:data2\" content=\"1 minute\" \/>\n<script type=\"application\/ld+json\" class=\"yoast-schema-graph\">{\"@context\":\"https:\\\/\\\/schema.org\",\"@graph\":[{\"@type\":\"NewsArticle\",\"@id\":\"https:\\\/\\\/ubirataonline.com.br\\\/vance-says-iran-not-a-forever-war-as-hes-pressed-at-white-house-briefing\\\/#article\",\"isPartOf\":{\"@id\":\"https:\\\/\\\/ubirataonline.com.br\\\/vance-says-iran-not-a-forever-war-as-hes-pressed-at-white-house-briefing\\\/\"},\"author\":{\"name\":\"REDA\u00c7\u00c3O: UBIRAT\u00c3 ONLINE - F\u00c1BIO AUGUSTO CELESTINO\",\"@id\":\"https:\\\/\\\/ubirataonline.com.br\\\/#\\\/schema\\\/person\\\/372f87bbd3fdd79b8556b84c98d0bc1c\"},\"headline\":\"Vance says Iran &#8216;not a forever war&#8217; as he&#8217;s pressed at White House briefing\",\"datePublished\":\"2026-05-19T18:54:26+00:00\",\"dateModified\":\"2026-05-19T18:54:31+00:00\",\"mainEntityOfPage\":{\"@id\":\"https:\\\/\\\/ubirataonline.com.br\\\/vance-says-iran-not-a-forever-war-as-hes-pressed-at-white-house-briefing\\\/\"},\"wordCount\":214,\"publisher\":{\"@id\":\"https:\\\/\\\/ubirataonline.com.br\\\/#organization\"},\"image\":{\"@id\":\"https:\\\/\\\/ubirataonline.com.br\\\/vance-says-iran-not-a-forever-war-as-hes-pressed-at-white-house-briefing\\\/#primaryimage\"},\"thumbnailUrl\":\"https:\\\/\\\/ubirataonline.com.br\\\/wp-content\\\/uploads\\\/2026\\\/05\\\/Vance-says-Iran-not-a-forever-war-as-hes-pressed.jpg\",\"keywords\":[\"briefing\",\"Hes\",\"House\",\"Iran\",\"Pressed\",\"Vance\",\"war\",\"White\"],\"articleSection\":[\"Ubirat\u00e3\"],\"inLanguage\":\"en-US\",\"copyrightYear\":\"2026\",\"copyrightHolder\":{\"@id\":\"https:\\\/\\\/ubirataonline.com.br\\\/en\\\/#organization\"}},{\"@type\":\"WebPage\",\"@id\":\"https:\\\/\\\/ubirataonline.com.br\\\/vance-says-iran-not-a-forever-war-as-hes-pressed-at-white-house-briefing\\\/\",\"url\":\"https:\\\/\\\/ubirataonline.com.br\\\/vance-says-iran-not-a-forever-war-as-hes-pressed-at-white-house-briefing\\\/\",\"name\":\"Vance says Iran 'not a forever war' as he's pressed at White House briefing - Ubirat\u00e3 Online Not\u00edcias - A realidade ao seu alcance!\",\"isPartOf\":{\"@id\":\"https:\\\/\\\/ubirataonline.com.br\\\/#website\"},\"primaryImageOfPage\":{\"@id\":\"https:\\\/\\\/ubirataonline.com.br\\\/vance-says-iran-not-a-forever-war-as-hes-pressed-at-white-house-briefing\\\/#primaryimage\"},\"image\":{\"@id\":\"https:\\\/\\\/ubirataonline.com.br\\\/vance-says-iran-not-a-forever-war-as-hes-pressed-at-white-house-briefing\\\/#primaryimage\"},\"thumbnailUrl\":\"https:\\\/\\\/ubirataonline.com.br\\\/wp-content\\\/uploads\\\/2026\\\/05\\\/Vance-says-Iran-not-a-forever-war-as-hes-pressed.jpg\",\"datePublished\":\"2026-05-19T18:54:26+00:00\",\"dateModified\":\"2026-05-19T18:54:31+00:00\",\"description\":\"Vance addresses controversial 'weaponisation' fundpublished at 19:02 BST19:02 BSTBernd Debusmann JrWhite House reporter Predictably, Vice President JD\",\"breadcrumb\":{\"@id\":\"https:\\\/\\\/ubirataonline.com.br\\\/vance-says-iran-not-a-forever-war-as-hes-pressed-at-white-house-briefing\\\/#breadcrumb\"},\"inLanguage\":\"en-US\",\"potentialAction\":[{\"@type\":\"ReadAction\",\"target\":[\"https:\\\/\\\/ubirataonline.com.br\\\/vance-says-iran-not-a-forever-war-as-hes-pressed-at-white-house-briefing\\\/\"]}]},{\"@type\":\"ImageObject\",\"inLanguage\":\"en-US\",\"@id\":\"https:\\\/\\\/ubirataonline.com.br\\\/vance-says-iran-not-a-forever-war-as-hes-pressed-at-white-house-briefing\\\/#primaryimage\",\"url\":\"https:\\\/\\\/ubirataonline.com.br\\\/wp-content\\\/uploads\\\/2026\\\/05\\\/Vance-says-Iran-not-a-forever-war-as-hes-pressed.jpg\",\"contentUrl\":\"https:\\\/\\\/ubirataonline.com.br\\\/wp-content\\\/uploads\\\/2026\\\/05\\\/Vance-says-Iran-not-a-forever-war-as-hes-pressed.jpg\",\"width\":1200,\"height\":675,\"caption\":\"Image caption, Vance flew to Pakistan last month for a day of negotiations with the Iranians\"},{\"@type\":\"BreadcrumbList\",\"@id\":\"https:\\\/\\\/ubirataonline.com.br\\\/vance-says-iran-not-a-forever-war-as-hes-pressed-at-white-house-briefing\\\/#breadcrumb\",\"itemListElement\":[{\"@type\":\"ListItem\",\"position\":1,\"name\":\"In\u00edcio\",\"item\":\"https:\\\/\\\/ubirataonline.com.br\\\/\"},{\"@type\":\"ListItem\",\"position\":2,\"name\":\"Vance says Iran &#8216;not a forever war&#8217; as he&#8217;s pressed at White House briefing\"}]},{\"@type\":\"WebSite\",\"@id\":\"https:\\\/\\\/ubirataonline.com.br\\\/#website\",\"url\":\"https:\\\/\\\/ubirataonline.com.br\\\/\",\"name\":\"Ubirat\u00e3 Online Not\u00edcias\",\"description\":\"Not\u00edcias de Ubirat\u00e3, regi\u00e3o, Brasil e mundo, com informa\u00e7\u00e3o atualizada e compromisso com o leitor.\",\"publisher\":{\"@id\":\"https:\\\/\\\/ubirataonline.com.br\\\/#organization\"},\"alternateName\":\"Ubirat\u00e3 Online\",\"potentialAction\":[{\"@type\":\"SearchAction\",\"target\":{\"@type\":\"EntryPoint\",\"urlTemplate\":\"https:\\\/\\\/ubirataonline.com.br\\\/?s={search_term_string}\"},\"query-input\":{\"@type\":\"PropertyValueSpecification\",\"valueRequired\":true,\"valueName\":\"search_term_string\"}}],\"inLanguage\":\"en-US\"},{\"@type\":[\"Organization\",\"Place\"],\"@id\":\"https:\\\/\\\/ubirataonline.com.br\\\/#organization\",\"name\":\"Ubirat\u00e3 Online Not\u00edcias\",\"alternateName\":\"Ubirat\u00e3 Online\",\"url\":\"https:\\\/\\\/ubirataonline.com.br\\\/\",\"logo\":{\"@id\":\"https:\\\/\\\/ubirataonline.com.br\\\/vance-says-iran-not-a-forever-war-as-hes-pressed-at-white-house-briefing\\\/#local-main-organization-logo\"},\"image\":{\"@id\":\"https:\\\/\\\/ubirataonline.com.br\\\/vance-says-iran-not-a-forever-war-as-hes-pressed-at-white-house-briefing\\\/#local-main-organization-logo\"},\"sameAs\":[\"https:\\\/\\\/www.facebook.com\\\/portalubirataonline\",\"https:\\\/\\\/x.com\\\/ubirataonline\",\"https:\\\/\\\/mastodon.social\\\/@ubirataonline\",\"https:\\\/\\\/www.facebook.com\\\/groups\\\/311144672285604\",\"https:\\\/\\\/www.facebook.com\\\/UBTAOnline\",\"https:\\\/\\\/www.instagram.com\\\/portalubirataonline\\\/\",\"https:\\\/\\\/twitter.com\\\/ubirataonline\"],\"description\":\"Somos um portal de not\u00edcias independente, criado em 5 de janeiro de 2009, com o objetivo de informar, conectar e valorizar a nossa comunidade de Ubirat\u00e3 e toda aregi\u00e3o. Com conte\u00fado atualizado, confi\u00e1vel e relevante, o Ubirat\u00e3 Online \u00e9 o seu espa\u00e7o para ficar por dentro dos principais acontecimentos locais, regionais, Brasil, Mundo e de interesse geral. Nosso compromisso \u00e9 com a verdade, a transpar\u00eancia e o respeito ao leitor.\",\"legalName\":\"UBIRATA ONLINE NOT\u00cdCIAS\",\"foundingDate\":\"2009-01-05\",\"numberOfEmployees\":{\"@type\":\"QuantitativeValue\",\"minValue\":\"1\",\"maxValue\":\"10\"},\"publishingPrinciples\":\"https:\\\/\\\/ubirataonline.com.br\\\/faq\\\/\",\"address\":{\"@id\":\"https:\\\/\\\/ubirataonline.com.br\\\/vance-says-iran-not-a-forever-war-as-hes-pressed-at-white-house-briefing\\\/#local-main-place-address\"},\"geo\":{\"@type\":\"GeoCoordinates\",\"latitude\":\"-24.5361401\",\"longitude\":\"-52.9921776\"},\"telephone\":[\"+5544998308235\"],\"contactPoint\":{\"@type\":\"ContactPoint\",\"email\":\"contato@ubirataonline.com.br\"},\"openingHoursSpecification\":{\"@type\":\"OpeningHoursSpecification\",\"dayOfWeek\":[\"Monday\",\"Tuesday\",\"Wednesday\",\"Thursday\",\"Friday\",\"Saturday\",\"Sunday\"],\"opens\":\"00:00\",\"closes\":\"23:59\"},\"email\":\"contato@ubirataonline.com.br\",\"vatID\":\"47.621.418\\\/0001-80\"},{\"@type\":\"Person\",\"@id\":\"https:\\\/\\\/ubirataonline.com.br\\\/#\\\/schema\\\/person\\\/372f87bbd3fdd79b8556b84c98d0bc1c\",\"name\":\"REDA\u00c7\u00c3O: UBIRAT\u00c3 ONLINE - F\u00c1BIO AUGUSTO CELESTINO\",\"pronouns\":\"Ele\",\"description\":\"Desde 2003 trabalhando com not\u00edcias.\",\"sameAs\":[\"http:\\\/\\\/ubirataoline.com.br\",\"https:\\\/\\\/www.facebook.com\\\/portalubirataonline\",\"https:\\\/\\\/www.instagram.com\\\/ubirataonline_oficial\",\"https:\\\/\\\/x.com\\\/x.com\\\/ubirataonline\"],\"honorificPrefix\":\"Mr.\",\"honorificSuffix\":\"MD\",\"birthDate\":\"1980-06-16\",\"gender\":\"masculino\",\"award\":[\"V\u00e1rios pr\u00eamios de melhor portal da cidade\"],\"jobTitle\":\"Diretor\",\"url\":\"https:\\\/\\\/ubirataonline.com.br\\\/en\\\/author\\\/ubirataonline\\\/\"},{\"@type\":\"PostalAddress\",\"@id\":\"https:\\\/\\\/ubirataonline.com.br\\\/vance-says-iran-not-a-forever-war-as-hes-pressed-at-white-house-briefing\\\/#local-main-place-address\",\"streetAddress\":\"Rua dos Coqueiros, 104 - Bairro Boa Vista, Rua dos Coqueiros, 104 Bairro Boa Vista\",\"addressLocality\":\"UBIRATA\",\"postalCode\":\"85440-000\",\"addressRegion\":\"PR\",\"addressCountry\":\"BR\"},{\"@type\":\"ImageObject\",\"inLanguage\":\"en-US\",\"@id\":\"https:\\\/\\\/ubirataonline.com.br\\\/vance-says-iran-not-a-forever-war-as-hes-pressed-at-white-house-briefing\\\/#local-main-organization-logo\",\"url\":\"https:\\\/\\\/ubirataonline.com.br\\\/wp-content\\\/uploads\\\/2026\\\/06\\\/logoubirataonline-1.webp\",\"contentUrl\":\"https:\\\/\\\/ubirataonline.com.br\\\/wp-content\\\/uploads\\\/2026\\\/06\\\/logoubirataonline-1.webp\",\"width\":500,\"height\":500,\"caption\":\"Ubirat\u00e3 Online Not\u00edcias\"}]}<\/script>\n<meta name=\"geo.placename\" content=\"UBIRATA\" \/>\n<meta name=\"geo.position\" content=\"-24.5361401;-52.9921776\" \/>\n<meta name=\"geo.region\" content=\"Brazil\" \/>\n<!-- \/ Yoast SEO Premium plugin. -->","yoast_head_json":{"title":"Vance says Iran 'not a forever war' as he's pressed at White House briefing - Ubirat\u00e3 Online Not\u00edcias - A realidade ao seu alcance!","description":"Vance addresses controversial 'weaponisation' fundpublished at 19:02 BST19:02 BSTBernd Debusmann JrWhite House reporter Predictably, Vice President JD","robots":{"index":"index","follow":"follow","max-snippet":"max-snippet:-1","max-image-preview":"max-image-preview:large","max-video-preview":"max-video-preview:-1"},"canonical":"https:\/\/ubirataonline.com.br\/en\/vance-says-iran-not-a-forever-war-as-hes-pressed-at-white-house-briefing\/","og_locale":"en_US","og_type":"article","og_title":"Vance says Iran 'not a forever war' as he's pressed at White House briefing","og_description":"Vance addresses controversial 'weaponisation' fundpublished at 19:02 BST19:02 BSTBernd Debusmann JrWhite House reporter Predictably, Vice President JD","og_url":"https:\/\/ubirataonline.com.br\/en\/vance-says-iran-not-a-forever-war-as-hes-pressed-at-white-house-briefing\/","og_site_name":"Ubirat\u00e3 Online Not\u00edcias - A realidade ao seu alcance!","article_publisher":"https:\/\/www.facebook.com\/portalubirataonline","article_author":"https:\/\/www.facebook.com\/portalubirataonline","article_published_time":"2026-05-19T18:54:26+00:00","article_modified_time":"2026-05-19T18:54:31+00:00","og_image":[{"width":1200,"height":675,"url":"https:\/\/ubirataonline.com.br\/wp-content\/uploads\/2026\/05\/Vance-says-Iran-not-a-forever-war-as-hes-pressed.jpg","type":"image\/jpeg"}],"author":"REDA\u00c7\u00c3O: UBIRAT\u00c3 ONLINE - F\u00c1BIO AUGUSTO CELESTINO","twitter_card":"summary_large_image","twitter_creator":"@x.com\/ubirataonline","twitter_site":"@ubirataonline","twitter_misc":{"Written by":"REDA\u00c7\u00c3O: UBIRAT\u00c3 ONLINE - F\u00c1BIO AUGUSTO CELESTINO","Est. reading time":"1 minute"},"schema":{"@context":"https:\/\/schema.org","@graph":[{"@type":"NewsArticle","@id":"https:\/\/ubirataonline.com.br\/vance-says-iran-not-a-forever-war-as-hes-pressed-at-white-house-briefing\/#article","isPartOf":{"@id":"https:\/\/ubirataonline.com.br\/vance-says-iran-not-a-forever-war-as-hes-pressed-at-white-house-briefing\/"},"author":{"name":"REDA\u00c7\u00c3O: UBIRAT\u00c3 ONLINE - F\u00c1BIO AUGUSTO CELESTINO","@id":"https:\/\/ubirataonline.com.br\/#\/schema\/person\/372f87bbd3fdd79b8556b84c98d0bc1c"},"headline":"Vance says Iran &#8216;not a forever war&#8217; as he&#8217;s pressed at White House briefing","datePublished":"2026-05-19T18:54:26+00:00","dateModified":"2026-05-19T18:54:31+00:00","mainEntityOfPage":{"@id":"https:\/\/ubirataonline.com.br\/vance-says-iran-not-a-forever-war-as-hes-pressed-at-white-house-briefing\/"},"wordCount":214,"publisher":{"@id":"https:\/\/ubirataonline.com.br\/#organization"},"image":{"@id":"https:\/\/ubirataonline.com.br\/vance-says-iran-not-a-forever-war-as-hes-pressed-at-white-house-briefing\/#primaryimage"},"thumbnailUrl":"https:\/\/ubirataonline.com.br\/wp-content\/uploads\/2026\/05\/Vance-says-Iran-not-a-forever-war-as-hes-pressed.jpg","keywords":["briefing","Hes","House","Iran","Pressed","Vance","war","White"],"articleSection":["Ubirat\u00e3"],"inLanguage":"en-US","copyrightYear":"2026","copyrightHolder":{"@id":"https:\/\/ubirataonline.com.br\/en\/#organization"}},{"@type":"WebPage","@id":"https:\/\/ubirataonline.com.br\/vance-says-iran-not-a-forever-war-as-hes-pressed-at-white-house-briefing\/","url":"https:\/\/ubirataonline.com.br\/vance-says-iran-not-a-forever-war-as-hes-pressed-at-white-house-briefing\/","name":"Vance says Iran 'not a forever war' as he's pressed at White House briefing - Ubirat\u00e3 Online Not\u00edcias - A realidade ao seu alcance!","isPartOf":{"@id":"https:\/\/ubirataonline.com.br\/#website"},"primaryImageOfPage":{"@id":"https:\/\/ubirataonline.com.br\/vance-says-iran-not-a-forever-war-as-hes-pressed-at-white-house-briefing\/#primaryimage"},"image":{"@id":"https:\/\/ubirataonline.com.br\/vance-says-iran-not-a-forever-war-as-hes-pressed-at-white-house-briefing\/#primaryimage"},"thumbnailUrl":"https:\/\/ubirataonline.com.br\/wp-content\/uploads\/2026\/05\/Vance-says-Iran-not-a-forever-war-as-hes-pressed.jpg","datePublished":"2026-05-19T18:54:26+00:00","dateModified":"2026-05-19T18:54:31+00:00","description":"Vance addresses controversial 'weaponisation' fundpublished at 19:02 BST19:02 BSTBernd Debusmann JrWhite House reporter Predictably, Vice President JD","breadcrumb":{"@id":"https:\/\/ubirataonline.com.br\/vance-says-iran-not-a-forever-war-as-hes-pressed-at-white-house-briefing\/#breadcrumb"},"inLanguage":"en-US","potentialAction":[{"@type":"ReadAction","target":["https:\/\/ubirataonline.com.br\/vance-says-iran-not-a-forever-war-as-hes-pressed-at-white-house-briefing\/"]}]},{"@type":"ImageObject","inLanguage":"en-US","@id":"https:\/\/ubirataonline.com.br\/vance-says-iran-not-a-forever-war-as-hes-pressed-at-white-house-briefing\/#primaryimage","url":"https:\/\/ubirataonline.com.br\/wp-content\/uploads\/2026\/05\/Vance-says-Iran-not-a-forever-war-as-hes-pressed.jpg","contentUrl":"https:\/\/ubirataonline.com.br\/wp-content\/uploads\/2026\/05\/Vance-says-Iran-not-a-forever-war-as-hes-pressed.jpg","width":1200,"height":675,"caption":"Image caption, Vance flew to Pakistan last month for a day of negotiations with the Iranians"},{"@type":"BreadcrumbList","@id":"https:\/\/ubirataonline.com.br\/vance-says-iran-not-a-forever-war-as-hes-pressed-at-white-house-briefing\/#breadcrumb","itemListElement":[{"@type":"ListItem","position":1,"name":"In\u00edcio","item":"https:\/\/ubirataonline.com.br\/"},{"@type":"ListItem","position":2,"name":"Vance says Iran &#8216;not a forever war&#8217; as he&#8217;s pressed at White House briefing"}]},{"@type":"WebSite","@id":"https:\/\/ubirataonline.com.br\/#website","url":"https:\/\/ubirataonline.com.br\/","name":"Ubirat\u00e3 Online Not\u00edcias","description":"Not\u00edcias de Ubirat\u00e3, regi\u00e3o, Brasil e mundo, com informa\u00e7\u00e3o atualizada e compromisso com o leitor.","publisher":{"@id":"https:\/\/ubirataonline.com.br\/#organization"},"alternateName":"Ubirat\u00e3 Online","potentialAction":[{"@type":"SearchAction","target":{"@type":"EntryPoint","urlTemplate":"https:\/\/ubirataonline.com.br\/?s={search_term_string}"},"query-input":{"@type":"PropertyValueSpecification","valueRequired":true,"valueName":"search_term_string"}}],"inLanguage":"en-US"},{"@type":["Organization","Place"],"@id":"https:\/\/ubirataonline.com.br\/#organization","name":"Ubirat\u00e3 Online Not\u00edcias","alternateName":"Ubirat\u00e3 Online","url":"https:\/\/ubirataonline.com.br\/","logo":{"@id":"https:\/\/ubirataonline.com.br\/vance-says-iran-not-a-forever-war-as-hes-pressed-at-white-house-briefing\/#local-main-organization-logo"},"image":{"@id":"https:\/\/ubirataonline.com.br\/vance-says-iran-not-a-forever-war-as-hes-pressed-at-white-house-briefing\/#local-main-organization-logo"},"sameAs":["https:\/\/www.facebook.com\/portalubirataonline","https:\/\/x.com\/ubirataonline","https:\/\/mastodon.social\/@ubirataonline","https:\/\/www.facebook.com\/groups\/311144672285604","https:\/\/www.facebook.com\/UBTAOnline","https:\/\/www.instagram.com\/portalubirataonline\/","https:\/\/twitter.com\/ubirataonline"],"description":"Somos um portal de not\u00edcias independente, criado em 5 de janeiro de 2009, com o objetivo de informar, conectar e valorizar a nossa comunidade de Ubirat\u00e3 e toda aregi\u00e3o. Com conte\u00fado atualizado, confi\u00e1vel e relevante, o Ubirat\u00e3 Online \u00e9 o seu espa\u00e7o para ficar por dentro dos principais acontecimentos locais, regionais, Brasil, Mundo e de interesse geral. Nosso compromisso \u00e9 com a verdade, a transpar\u00eancia e o respeito ao leitor.","legalName":"UBIRATA ONLINE NOT\u00cdCIAS","foundingDate":"2009-01-05","numberOfEmployees":{"@type":"QuantitativeValue","minValue":"1","maxValue":"10"},"publishingPrinciples":"https:\/\/ubirataonline.com.br\/faq\/","address":{"@id":"https:\/\/ubirataonline.com.br\/vance-says-iran-not-a-forever-war-as-hes-pressed-at-white-house-briefing\/#local-main-place-address"},"geo":{"@type":"GeoCoordinates","latitude":"-24.5361401","longitude":"-52.9921776"},"telephone":["+5544998308235"],"contactPoint":{"@type":"ContactPoint","email":"contato@ubirataonline.com.br"},"openingHoursSpecification":{"@type":"OpeningHoursSpecification","dayOfWeek":["Monday","Tuesday","Wednesday","Thursday","Friday","Saturday","Sunday"],"opens":"00:00","closes":"23:59"},"email":"contato@ubirataonline.com.br","vatID":"47.621.418\/0001-80"},{"@type":"Person","@id":"https:\/\/ubirataonline.com.br\/#\/schema\/person\/372f87bbd3fdd79b8556b84c98d0bc1c","name":"REDA\u00c7\u00c3O: UBIRAT\u00c3 ONLINE - F\u00c1BIO AUGUSTO CELESTINO","pronouns":"Ele","description":"Desde 2003 trabalhando com not\u00edcias.","sameAs":["http:\/\/ubirataoline.com.br","https:\/\/www.facebook.com\/portalubirataonline","https:\/\/www.instagram.com\/ubirataonline_oficial","https:\/\/x.com\/x.com\/ubirataonline"],"honorificPrefix":"Mr.","honorificSuffix":"MD","birthDate":"1980-06-16","gender":"masculino","award":["V\u00e1rios pr\u00eamios de melhor portal da cidade"],"jobTitle":"Diretor","url":"https:\/\/ubirataonline.com.br\/en\/author\/ubirataonline\/"},{"@type":"PostalAddress","@id":"https:\/\/ubirataonline.com.br\/vance-says-iran-not-a-forever-war-as-hes-pressed-at-white-house-briefing\/#local-main-place-address","streetAddress":"Rua dos Coqueiros, 104 - Bairro Boa Vista, Rua dos Coqueiros, 104 Bairro Boa Vista","addressLocality":"UBIRATA","postalCode":"85440-000","addressRegion":"PR","addressCountry":"BR"},{"@type":"ImageObject","inLanguage":"en-US","@id":"https:\/\/ubirataonline.com.br\/vance-says-iran-not-a-forever-war-as-hes-pressed-at-white-house-briefing\/#local-main-organization-logo","url":"https:\/\/ubirataonline.com.br\/wp-content\/uploads\/2026\/06\/logoubirataonline-1.webp","contentUrl":"https:\/\/ubirataonline.com.br\/wp-content\/uploads\/2026\/06\/logoubirataonline-1.webp","width":500,"height":500,"caption":"Ubirat\u00e3 Online Not\u00edcias"}]},"geo.placename":"UBIRATA","geo.position":{"lat":"-24.5361401","long":"-52.9921776"},"geo.region":"Brazil"},"_links":{"self":[{"href":"https:\/\/ubirataonline.com.br\/en\/wp-json\/wp\/v2\/posts\/133953","targetHints":{"allow":["GET"]}}],"collection":[{"href":"https:\/\/ubirataonline.com.br\/en\/wp-json\/wp\/v2\/posts"}],"about":[{"href":"https:\/\/ubirataonline.com.br\/en\/wp-json\/wp\/v2\/types\/post"}],"author":[{"embeddable":true,"href":"https:\/\/ubirataonline.com.br\/en\/wp-json\/wp\/v2\/users\/1"}],"replies":[{"embeddable":true,"href":"https:\/\/ubirataonline.com.br\/en\/wp-json\/wp\/v2\/comments?post=133953"}],"version-history":[{"count":0,"href":"https:\/\/ubirataonline.com.br\/en\/wp-json\/wp\/v2\/posts\/133953\/revisions"}],"wp:featuredmedia":[{"embeddable":true,"href":"https:\/\/ubirataonline.com.br\/en\/wp-json\/wp\/v2\/media\/133954"}],"wp:attachment":[{"href":"https:\/\/ubirataonline.com.br\/en\/wp-json\/wp\/v2\/media?parent=133953"}],"wp:term":[{"taxonomy":"category","embeddable":true,"href":"https:\/\/ubirataonline.com.br\/en\/wp-json\/wp\/v2\/categories?post=133953"},{"taxonomy":"post_tag","embeddable":true,"href":"https:\/\/ubirataonline.com.br\/en\/wp-json\/wp\/v2\/tags?post=133953"}],"curies":[{"name":"wp","href":"https:\/\/api.w.org\/{rel}","templated":true}]}}