{"id":137338,"date":"2026-05-23T12:28:39","date_gmt":"2026-05-23T15:28:39","guid":{"rendered":"https:\/\/ubirataonline.com.br\/9-acompanhamentos-para-churrasco-que-vao-alem-da-farofa-tradicional\/"},"modified":"2026-05-23T12:28:42","modified_gmt":"2026-05-23T15:28:42","slug":"9-acompanhamentos-para-churrasco-que-vao-alem-da-farofa-tradicional","status":"publish","type":"post","link":"https:\/\/ubirataonline.com.br\/en\/9-acompanhamentos-para-churrasco-que-vao-alem-da-farofa-tradicional\/","title":{"rendered":"9 acompanhamentos para churrasco que v\u00e3o al\u00e9m da farofa tradicional"},"content":{"rendered":"<p><\/p>\n<div id=\"post-content\">\n<p>O churrasco, por si s\u00f3, j\u00e1 \u00e9 uma refei\u00e7\u00e3o saborosa e muito apreciada, mas pode ficar ainda mais gostoso quando servido com os acompanhamentos certos. Esses complementos n\u00e3o apenas enriquecem a refei\u00e7\u00e3o, mas tamb\u00e9m tornam a experi\u00eancia mais completa e especial, reunindo aromas, texturas e sabores que combinam perfeitamente com as carnes.<\/p>\n<p>Abaixo, confira 9 receitas de acompanhamento para churrasco!<\/p>\n<h2 class=\"wp-block-heading\" id=\"h-1-arroz-carreteiro\">1. <strong>Arroz carreteiro<\/strong><\/h2>\n<h3 class=\"wp-block-heading\" id=\"h-ingredientes\"><strong>Ingredientes<\/strong><\/h3>\n<ul class=\"wp-block-list\">\n<li>1\/2 x\u00edcara de ch\u00e1 de bacon picado<\/li>\n<li>1\/2 x\u00edcara de ch\u00e1 de lingui\u00e7a calabresa picada<\/li>\n<li>1 cebola descascada e picada<\/li>\n<li>2 dentes de alho descascados e amassados<\/li>\n<li>1 piment\u00e3o verde sem sementes e picado<\/li>\n<li>1\/2 x\u00edcara de ch\u00e1 de <a href=\"https:\/\/portaledicase.com\/3-receitas-saborosas-com-carne-seca\/\" target=\"_blank\" rel=\"noreferrer noopener\"><strong>carne-seca<\/strong><\/a>\u200b<\/li>\n<li>1 cenoura descascada e picada<\/li>\n<li>2 x\u00edcaras de ch\u00e1 de arroz <\/li>\n<li>Sal e cebolinha picada a gosto<\/li>\n<li>\u00c1gua\u00a0<\/li>\n<\/ul>\n<h3 class=\"wp-block-heading\" id=\"h-modo-de-preparo\"><strong>Modo de preparo<\/strong><\/h3>\n<p><strong>Carne-seca<\/strong><\/p>\n<p>Limpe a carne-seca e corte em peda\u00e7os. Coloque em um recipiente, cubra com \u00e1gua e tampe com pl\u00e1stico-filme. Leve \u00e0 geladeira por 12 horas, trocando a \u00e1gua a cada 4 horas. Depois, descarte a \u00e1gua, coloque a carne-seca em uma panela de press\u00e3o, cubra com \u00e1gua e leve ao fogo m\u00e9dio para cozinhar por 30 minutos ap\u00f3s pegar press\u00e3o. Desligue o fogo, escorra a \u00e1gua, espere esfriar e desfie a carne. Reserve.<\/p>\n<p><strong>Arroz<\/strong><\/p>\n<p>Em uma panela, coloque o bacon e a calabresa e leve ao fogo m\u00e9dio para fritar at\u00e9 dourar. Adicione a cebola e o alho e refogue at\u00e9 a cebola murchar. Acrescente o piment\u00e3o e a cenoura e refogue por mais 5 minutos. Junte a carne-seca e o arroz e misture. Tempere com sal, cubra com \u00e1gua e tampe a panela. Cozinhe at\u00e9 secar a \u00e1gua e o arroz ficar macio. Desligue o fogo, salpique com cebolinha e sirva em seguida.<\/p>\n<h2 class=\"wp-block-heading\" id=\"h-2-cebola-caramelizada\">2. Cebola caramelizada<\/h2>\n<h3 class=\"wp-block-heading\">Ingredientes<\/h3>\n<ul class=\"wp-block-list\">\n<li>4 <strong><a href=\"https:\/\/portaledicase.com\/tipos-de-cebola-para-usar-nas-receitas\/\" target=\"_blank\" rel=\"noreferrer noopener\">cebolas<\/a><\/strong> cortadas em p\u00e9talas<\/li>\n<li>2 colheres de sopa de manteiga<\/li>\n<li>1 colher de sopa de azeite de oliva<\/li>\n<li>1 colher de sopa de a\u00e7\u00facar mascavo<\/li>\n<li>1 colher de ch\u00e1 de tomilho fresco<\/li>\n<li>1 colher de ch\u00e1 de sal<\/li>\n<li>1\/2 colher de ch\u00e1 de pimenta-do-reino mo\u00edda<\/li>\n<\/ul>\n<h3 class=\"wp-block-heading\">Modo de preparo<\/h3>\n<p>Em uma frigideira grande, aque\u00e7a a manteiga e o azeite de oliva em fogo m\u00e9dio. Adicione as cebolas e cozinhe lentamente por cerca de 15 minutos, mexendo de vez em quando. Acrescente o a\u00e7\u00facar mascavo, o tomilho, o sal e a pimenta-do-reino. Continue cozinhando at\u00e9 as cebolas ficarem douradas e caramelizadas. Sirva quente ao lado das carnes.<\/p>\n<div class=\"wp-block-image\">\n<figure class=\"aligncenter size-large\"><figcaption class=\"wp-element-caption\">Couve refogada (Imagem: NANCY AYUMI KUNIHIRO | Shutterstock) <\/figcaption><\/figure>\n<\/p><\/div>\n<h2 class=\"wp-block-heading\" id=\"h-3-couve-refogada\">3. Couve refogada<\/h2>\n<h3 class=\"wp-block-heading\" id=\"h-ingredientes-0\">Ingredientes <\/h3>\n<ul class=\"wp-block-list\">\n<li>1 ma\u00e7o de couve higienizada e fatiada <\/li>\n<li>2 dentes de alho descascados e picados<\/li>\n<li>2 colheres de sopa de azeite de oliva <\/li>\n<li>Sal a gosto<\/li>\n<\/ul>\n<h3 class=\"wp-block-heading\" id=\"h-modo-de-preparo-0\">Modo de preparo <\/h3>\n<p>Em uma panela, coloque o azeite de oliva e leve ao fogo m\u00e9dio para aquecer. Adicione o alho e doure. Acrescente a couve fatiada e cozinhe por 5 minutos. Desligue o fogo e tempere com sal. Sirva em seguida. <\/p>\n<h2 class=\"wp-block-heading\" id=\"h-4-molho-de-alho\">4. Molho de alho<\/h2>\n<h3 class=\"wp-block-heading\" id=\"h-ingredientes-1\">Ingredientes <\/h3>\n<ul class=\"wp-block-list\">\n<li>250 ml de <strong><a href=\"https:\/\/portaledicase.com\/3-receitas-salgadas-para-intolerantes-a-lactose\/\" target=\"_blank\" rel=\"noreferrer noopener\">leite<\/a><\/strong> integral gelado <\/li>\n<li>3 dentes de alho descascados e amassados <\/li>\n<li>Sal, \u00f3leo e or\u00e9gano a gosto<\/li>\n<\/ul>\n<h3 class=\"wp-block-heading\" id=\"h-modo-de-preparo-1\">Modo de preparo<\/h3>\n<p>Em um liquidificador, coloque o leite integral e bata na velocidade m\u00e1xima. Sem parar de bater, adicione o \u00f3leo em fio at\u00e9 obter um creme. Acrescente o alho, o sal e o or\u00e9gano e continue batendo para incorporar. Transfira o molho para um recipiente e sirva em seguida.<\/p>\n<div class=\"wp-block-image\">\n<figure class=\"aligncenter size-large\"><img loading=\"lazy\" decoding=\"async\" width=\"1024\" height=\"683\" src=\"https:\/\/portaledicase.com\/wp-content\/uploads\/2024\/02\/Maionese-1024x683.jpg\" alt=\"Recipiente branco com salada de maionese \" class=\"wp-image-239512\" srcset=\"https:\/\/portaledicase.com\/wp-content\/uploads\/2024\/02\/Maionese-1024x683.jpg 1024w, https:\/\/portaledicase.com\/wp-content\/uploads\/2024\/02\/Maionese-300x200.jpg 300w, https:\/\/portaledicase.com\/wp-content\/uploads\/2024\/02\/Maionese-768x512.jpg 768w, https:\/\/portaledicase.com\/wp-content\/uploads\/2024\/02\/Maionese-640x427.jpg 640w, https:\/\/portaledicase.com\/wp-content\/uploads\/2024\/02\/Maionese-150x100.jpg 150w, https:\/\/portaledicase.com\/wp-content\/uploads\/2024\/02\/Maionese.jpg 1200w\" sizes=\"auto, (max-width: 1024px) 100vw, 1024px\"\/><figcaption class=\"wp-element-caption\">Salada de maionese (Imagem: Nitr | Shutterstock)<\/figcaption><\/figure>\n<\/p><\/div>\n<h2 class=\"wp-block-heading\" id=\"h-5-salada-de-maionese\">5. <strong>Salada de maionese<\/strong><\/h2>\n<h3 class=\"wp-block-heading\" id=\"h-ingredientes-2\"><strong>Ingredientes<\/strong><\/h3>\n<ul class=\"wp-block-list\">\n<li>250 g de maionese<\/li>\n<li>3 batatas descascadas e cortadas em cubos <\/li>\n<li>2 cenouras descascadas e cortadas em cubos <\/li>\n<li>280 g de milho-verde em conserva<\/li>\n<li>280 g de ervilha em conserva<\/li>\n<li>2 colheres de sopa de cebolinha picada<\/li>\n<li>Sal e pimenta-do-reino mo\u00edda a gosto<\/li>\n<li>\u00c1gua\u00a0<\/li>\n<\/ul>\n<h3 class=\"wp-block-heading\" id=\"h-modo-de-preparo-2\"><strong>Modo de preparo<\/strong><\/h3>\n<p>Em uma panela, coloque as batatas e as cenouras, cubra com \u00e1gua e leve ao fogo m\u00e9dio para cozinhar at\u00e9 ficarem macias. Desligue o fogo, escorra a \u00e1gua e espere esfriar. Em seguida, em um recipiente, <strong><a href=\"https:\/\/portaledicase.com\/receitas-deliciosas-e-faceis-com-batata\/\" target=\"_blank\" rel=\"noreferrer noopener\">coloque as batatas<\/a><\/strong>, as cenouras, o milho-verde, a ervilha e a cebolinha e misture. Aos poucos, acrescente a maionese e mexa para incorporar. Tempere com sal e pimenta-do-reino e leve \u00e0 geladeira por 2 horas. Sirva em seguida.<\/p>\n<h2 class=\"wp-block-heading\" id=\"h-6-vinagrete-de-abacaxi\">6. Vinagrete de abacaxi<\/h2>\n<h3 class=\"wp-block-heading\" id=\"h-ingredientes-3\">Ingredientes <\/h3>\n<ul class=\"wp-block-list\">\n<li>1 abacaxi descascado e picado<\/li>\n<li>2 colheres de sopa de cebola-roxa descascada e picada<\/li>\n<li>1 colher de ch\u00e1 de gengibre ralado<\/li>\n<li>2 colheres de sopa de azeite de oliva <\/li>\n<li>Suco de 1\/2 lim\u00e3o<\/li>\n<li>Sal e cheiro-verde picado a gosto<\/li>\n<\/ul>\n<h3 class=\"wp-block-heading\" id=\"h-modo-de-preparo-3\">Modo de preparo<\/h3>\n<p>Em um recipiente, coloque o <strong><a href=\"https:\/\/portaledicase.com\/3-receitas-com-a-casca-do-abacaxi\/\" target=\"_blank\" rel=\"noreferrer noopener\">abacaxi<\/a><\/strong> e o suco de lim\u00e3o e misture. Adicione os demais ingredientes e mexa para incorporar. Cubra com pl\u00e1stico-filme e leve \u00e0 geladeira por 1 hora. Sirva em seguida.<\/p>\n<div class=\"wp-block-image\">\n<figure class=\"aligncenter size-large\"><img loading=\"lazy\" decoding=\"async\" width=\"1024\" height=\"683\" src=\"https:\/\/portaledicase.com\/wp-content\/uploads\/2021\/04\/Batata-saute-1024x683.jpg\" alt=\"Frigideira com batata e dill\" class=\"wp-image-201534\" srcset=\"https:\/\/portaledicase.com\/wp-content\/uploads\/2021\/04\/Batata-saute-1024x683.jpg 1024w, https:\/\/portaledicase.com\/wp-content\/uploads\/2021\/04\/Batata-saute-300x200.jpg 300w, https:\/\/portaledicase.com\/wp-content\/uploads\/2021\/04\/Batata-saute-768x512.jpg 768w, https:\/\/portaledicase.com\/wp-content\/uploads\/2021\/04\/Batata-saute-640x427.jpg 640w, https:\/\/portaledicase.com\/wp-content\/uploads\/2021\/04\/Batata-saute-150x100.jpg 150w, https:\/\/portaledicase.com\/wp-content\/uploads\/2021\/04\/Batata-saute.jpg 1200w\" sizes=\"auto, (max-width: 1024px) 100vw, 1024px\"\/><figcaption class=\"wp-element-caption\">Batata assada com dill (Imagem: Dream79 | Shutterstock)<\/figcaption><\/figure>\n<\/p><\/div>\n<h3 class=\"wp-block-heading\">Ingredientes<\/h3>\n<ul class=\"wp-block-list\">\n<li>1 kg de <strong><a href=\"https:\/\/portaledicase.com\/confira-receitas-deliciosas-usando-batata\/\" target=\"_blank\" rel=\"noreferrer noopener\">batata<\/a><\/strong> com casca<\/li>\n<li>3 colheres de sopa de azeite de oliva<\/li>\n<li>1 colher de ch\u00e1 de p\u00e1prica defumada<\/li>\n<li>1 colher de ch\u00e1 de alho em p\u00f3<\/li>\n<li>1 colher de ch\u00e1 de sal<\/li>\n<li>\u00c1gua para cozinhar<\/li>\n<li>1\/2 colher de ch\u00e1 de pimenta-do-reino mo\u00edda<\/li>\n<li>3 colheres de sopa de dill fresco picado<\/li>\n<li>1 colher de sopa de manteiga derretida<\/li>\n<\/ul>\n<h3 class=\"wp-block-heading\">Modo de preparo<\/h3>\n<p>Em uma panela, cubra a batata com \u00e1gua, adicione um pouco de sal e leve ao fogo m\u00e9dio para cozinhar por 12 minutos, at\u00e9 come\u00e7ar a ficar macia, mas sem desmanchar. Escorra e corte-a ao meio. Transfira para uma assadeira grande e regue com azeite de oliva e manteiga derretida. Tempere com a p\u00e1prica defumada, o alho em p\u00f3, o sal e a pimenta-do-reino. Misture delicadamente para envolver todos os peda\u00e7os.<\/p>\n<p>Leve ao forno preaquecido a 220 \u00b0C por aproximadamente 35 minutos, mexendo na metade do tempo, at\u00e9 a batata ficar dourada e levemente crocante nas bordas. Retire do forno e finalize com dill por cima. Sirva quente.<\/p>\n<h2 class=\"wp-block-heading\" id=\"h-8-pao-de-alho-recheado\">8. P\u00e3o de alho recheado<\/h2>\n<h3 class=\"wp-block-heading\" id=\"h-ingredientes-4\">Ingredientes <\/h3>\n<ul class=\"wp-block-list\">\n<li>1 <strong><a href=\"https:\/\/portaledicase.com\/receitas-de-paes-caseiros-deliciosos\/\" target=\"_blank\" rel=\"noreferrer noopener\">p\u00e3o<\/a><\/strong> franc\u00eas cortado em fatias grossas <\/li>\n<li>100 g de manteiga<\/li>\n<li>3 dentes de alho descascados e picados <\/li>\n<li>2 colheres de sopa de salsinha picada<\/li>\n<li>3 colheres de sopa de queijo parmes\u00e3o ralado <\/li>\n<li>Sal a gosto<\/li>\n<\/ul>\n<h3 class=\"wp-block-heading\" id=\"h-modo-de-preparo-4\">Modo de preparo <\/h3>\n<p>Em um recipiente, coloque a manteiga, o alho, a salsinha, o queijo parmes\u00e3o e o sal e misture at\u00e9 formar uma pasta homog\u00eanea. Com uma colher, espalhe essa mistura entre as fatias do p\u00e3o. Leve \u00e0 churrasqueira e asse at\u00e9 dourar. Sirva em seguida.<\/p>\n<h3 class=\"wp-block-heading\">Ingredientes<\/h3>\n<ul class=\"wp-block-list\">\n<li>3 abobrinhas cortadas em rodelas grossas<\/li>\n<li>3 colheres de sopa de azeite de oliva<\/li>\n<li>Suco de 1 lim\u00e3o<\/li>\n<li>50 g de <strong><a href=\"https:\/\/portaledicase.com\/3-receitas-deliciosas-com-queijo\/\" target=\"_blank\" rel=\"noreferrer noopener\">queijo<\/a><\/strong> parmes\u00e3o ralado<\/li>\n<li>1 colher de ch\u00e1 de alho em p\u00f3<\/li>\n<li>1 colher de ch\u00e1 de sal<\/li>\n<li>\u00d3leo para grelhar<\/li>\n<li>1\/2 colher de ch\u00e1 de pimenta-do-reino mo\u00edda<\/li>\n<\/ul>\n<h3 class=\"wp-block-heading\">Modo de preparo<\/h3>\n<p>Em um recipiente, misture as abobrinhas com azeite de oliva, alho em p\u00f3, sal e pimenta-do-reino. Grelhe em uma frigideira em fogo m\u00e9dio com um fio de \u00f3leo at\u00e9 dourarem dos dois lados. Transfira para uma travessa, regue com o suco de lim\u00e3o e finalize com queijo parmes\u00e3o ralado. Sirva em seguida.<\/p>\n<section class=\"virals\">\n<article class=\"cardnews cardnews--post cardnews--has-thumbnail cardnews--editorial-noticias\"> <a href=\"https:\/\/www.tribunapr.com.br\/noticias\/parana\/renato-freitas-fala-sobre-infancia-carreira-politica-e-processos-de-cassacao\/?utm_source=noticias-virais-rodape&amp;utm_medium=internal-tribuna&amp;utm_campaign=tribuna\" class=\"cardnews__postlink\"> <\/p>\n<div class=\"cardnews__image\" is-api-thumb=\"\"><img decoding=\"async\" src=\"https:\/\/www.tribunapr.com.br\/wp-content\/uploads\/2026\/05\/08183345\/entrevista-renato-freitas-370x210.jpeg\" loading=\"lazy\" alt=\"\u201cNunca imaginei viver mais de 30 anos\u201d, Renato Freitas relembra inf\u00e2ncia e comenta vida pol\u00edtica\"\/><\/div>\n<div class=\"cardnews__content cardhome__content\">\n<div class=\"cardnews__content-wrapper\">\n<p> <span style=\"\"> Entrevista <\/span> <\/p>\n<p>\u201cNunca imaginei viver mais de 30 anos\u201d, Renato Freitas relembra inf\u00e2ncia e comenta vida pol\u00edtica<\/p>\n<\/p><\/div>\n<\/p><\/div>\n<p> <\/a> <\/article>\n<article class=\"cardnews cardnews--post cardnews--has-thumbnail cardnews--editorial-noticias\"> <a href=\"https:\/\/www.tribunapr.com.br\/noticias\/parana\/eu-nao-costumo-tirar-segundo-lugar-diz-rafael-greca-pre-candidato-ao-governo-do-parana\/?utm_source=noticias-virais-rodape&amp;utm_medium=internal-tribuna&amp;utm_campaign=tribuna\" class=\"cardnews__postlink\"> <\/p>\n<div class=\"cardnews__image\" is-api-thumb=\"\"><img decoding=\"async\" src=\"https:\/\/www.tribunapr.com.br\/wp-content\/uploads\/2026\/05\/08172341\/rafael-greca-eduardoklisiewicz2-1-370x210.jpg\" loading=\"lazy\" alt=\"\u201cEu n\u00e3o costumo tirar segundo lugar\u201d, diz Rafael Greca, pr\u00e9-candidato ao governo do Paran\u00e1\"\/><\/div>\n<div class=\"cardnews__content cardhome__content\">\n<div class=\"cardnews__content-wrapper\">\n<p> <span style=\"\"> Tribuna Entrevista <\/span> <\/p>\n<p>\u201cEu n\u00e3o costumo tirar segundo lugar\u201d, diz Rafael Greca, pr\u00e9-candidato ao governo do Paran\u00e1<\/p>\n<\/p><\/div>\n<\/p><\/div>\n<p> <\/a> <\/article>\n<article class=\"cardnews cardnews--post cardnews--has-thumbnail cardnews--editorial-noticias\"> <a href=\"https:\/\/www.tribunapr.com.br\/noticias\/parana\/parana-mira-em-cafes-especiais-para-recuperar-relevancia-apos-geada-negra\/?utm_source=noticias-virais-rodape&amp;utm_medium=internal-tribuna&amp;utm_campaign=tribuna\" class=\"cardnews__postlink\"> <\/p>\n<div class=\"cardnews__image\" is-api-thumb=\"\"><img decoding=\"async\" src=\"https:\/\/www.tribunapr.com.br\/wp-content\/uploads\/2026\/05\/15211545\/cafe-parana-370x210.jpg\" loading=\"lazy\" alt=\"Paran\u00e1 mira em caf\u00e9s especiais para recuperar relev\u00e2ncia ap\u00f3s Geada Negra\"\/><\/div>\n<div class=\"cardnews__content cardhome__content\">\n<div class=\"cardnews__content-wrapper\">\n<p> <span style=\"\"> Cafeicultura <\/span> <\/p>\n<p>Paran\u00e1 mira em caf\u00e9s especiais para recuperar relev\u00e2ncia ap\u00f3s Geada Negra<\/p>\n<\/p><\/div>\n<\/p><\/div>\n<p> <\/a> <\/article>\n<\/section>\n<div id=\"tribuna-follow-cta\">\n<p> <span class=\"cta-title\">Siga a <span class=\"tribuna-color\">Tribuna<\/span> no Google, e acompanhe as \u00faltimas not\u00edcias de Curitiba e regi\u00e3o!<\/span> <\/p>\n<p> <a href=\"https:\/\/profile.google.com\/cp\/CgwvZy8xMmxxajUzM3Mac2h0dHBzOi8vd3d3LnRyaWJ1bmFwci5jb20uYnIvdml2YS92aXRyaW5lL2dpZ2FudGUtZG8tdmVzdHVhcmlvLXJlaW5hdWd1cmEtbG9qYS1lbS1zaG9wcGluZy10cmFkaWNpb25hbC1kZS1jdXJpdGliYS8iElRyaWJ1bmEgZG8gUGFyYW7DoSqAAwrHAWh0dHBzOi8vZW5jcnlwdGVkLXRibjIuZ3N0YXRpYy5jb20vZmF2aWNvbi10Ym4_cT10Ym46QU5kOUdjUVJPbjVDRjR6TzJPbkUwTXZrRlRCRTY2U0g1bGlaVDRaZTV3bWNKeU5GRm1BSnluM01nNU9PR3BXY1pYMzZwYU5HUWtsZ09JVEFLTTNNZVNGbTc1aWp6M3k2ajUtQ3M2b25kX2JUcFFQQkVLd3RsUjBsTmJESnUtVHhrNXQtbFlCNlVpOWZSVVFjT2cSswFodHRwczovL2VuY3J5cHRlZC10Ym4zLmdzdGF0aWMuY29tL2Zhdmljb24tdGJuP3E9dGJuJTNBQU5kOUdjU0FMaWJ2eFF0YXdFMFRueVdWWmVKRS1MZEdRZjVTUi1OZ2RMazhyZzIwVy1nM0JuQ1F4VDNKZFBjRXR2THdBeVRxUDJEdHVycEdVR29CQkxpYzM5al9wSmFxRERaMHNCYW05WEVhSGVsMmZTQmdKdlF4WWVyMw\" target=\"_blank\" title=\"Seguir a Tribuna no Google\">  <\/a> <\/div>\n<\/p><\/div>\n<p><a href=\"https:\/\/www.tribunapr.com.br\/variedades\/9-acompanhamentos-para-churrasco-que-vao-alem-da-farofa-tradicional\/\">Fonte do Artigo <\/a><br \/>\nSee more: https:\/\/theglobaltrack.com\/<br \/>\nhttps:\/\/corinthiames.com.br\/<\/p>","protected":false},"excerpt":{"rendered":"<p>O churrasco, por si s\u00f3, j\u00e1 \u00e9 uma refei\u00e7\u00e3o saborosa e muito apreciada, mas pode ficar ainda mais gostoso quando servido com os acompanhamentos certos. Esses complementos n\u00e3o apenas enriquecem a refei\u00e7\u00e3o, mas tamb\u00e9m tornam a experi\u00eancia mais completa e especial, reunindo aromas, texturas e sabores que combinam perfeitamente com as carnes. Abaixo, confira 9 [&hellip;]<\/p>\n","protected":false},"author":1,"featured_media":137339,"comment_status":"closed","ping_status":"","sticky":false,"template":"","format":"standard","meta":{"googlesitekit_rrm_CAow2JLhCw:productID":"","_gspb_post_css":"","maa_idioma":"","maa_pais":"","footnotes":""},"categories":[1],"tags":[37801,4057,20960,37802,2904,4350,5212],"class_list":["post-137338","post","type-post","status-publish","format-standard","has-post-thumbnail","hentry","category-ubirata","tag-acompanhamentos","tag-alem","tag-churrasco","tag-farofa","tag-para","tag-tradicional","tag-vao"],"blocksy_meta":[],"yoast_head":"<!-- This site is optimized with the Yoast SEO Premium plugin v27.6 (Yoast SEO v27.6) - https:\/\/yoast.com\/product\/yoast-seo-premium-wordpress\/ -->\n<title>9 acompanhamentos para churrasco que v\u00e3o al\u00e9m da farofa tradicional - Ubirat\u00e3 Online Not\u00edcias - A realidade ao seu alcance!<\/title>\n<meta name=\"description\" content=\"O churrasco, por si s\u00f3, j\u00e1 \u00e9 uma refei\u00e7\u00e3o saborosa e muito apreciada, mas pode ficar ainda mais gostoso quando servido com os acompanhamentos certos.\" \/>\n<meta name=\"robots\" content=\"index, follow, max-snippet:-1, max-image-preview:large, max-video-preview:-1\" \/>\n<link rel=\"canonical\" href=\"https:\/\/ubirataonline.com.br\/en\/9-acompanhamentos-para-churrasco-que-vao-alem-da-farofa-tradicional\/\" \/>\n<meta property=\"og:locale\" content=\"en_US\" \/>\n<meta property=\"og:type\" content=\"article\" \/>\n<meta property=\"og:title\" content=\"9 acompanhamentos para churrasco que v\u00e3o al\u00e9m da farofa tradicional\" \/>\n<meta property=\"og:description\" content=\"O churrasco, por si s\u00f3, j\u00e1 \u00e9 uma refei\u00e7\u00e3o saborosa e muito apreciada, mas pode ficar ainda mais gostoso quando servido com os acompanhamentos certos.\" \/>\n<meta property=\"og:url\" content=\"https:\/\/ubirataonline.com.br\/en\/9-acompanhamentos-para-churrasco-que-vao-alem-da-farofa-tradicional\/\" \/>\n<meta property=\"og:site_name\" content=\"Ubirat\u00e3 Online Not\u00edcias - A realidade ao seu alcance!\" \/>\n<meta property=\"article:publisher\" content=\"https:\/\/www.facebook.com\/portalubirataonline\" \/>\n<meta property=\"article:author\" content=\"https:\/\/www.facebook.com\/portalubirataonline\" \/>\n<meta property=\"article:published_time\" content=\"2026-05-23T15:28:39+00:00\" \/>\n<meta property=\"article:modified_time\" content=\"2026-05-23T15:28:42+00:00\" \/>\n<meta property=\"og:image\" content=\"https:\/\/ubirataonline.com.br\/wp-content\/uploads\/2026\/05\/9-acompanhamentos-para-churrasco-que-vao-alem-da-farofa-tradicional.jpg\" \/>\n\t<meta property=\"og:image:width\" content=\"1200\" \/>\n\t<meta property=\"og:image:height\" content=\"800\" \/>\n\t<meta property=\"og:image:type\" content=\"image\/jpeg\" \/>\n<meta name=\"author\" content=\"REDA\u00c7\u00c3O: UBIRAT\u00c3 ONLINE - F\u00c1BIO AUGUSTO CELESTINO\" \/>\n<meta name=\"twitter:card\" content=\"summary_large_image\" \/>\n<meta name=\"twitter:creator\" content=\"@x.com\/ubirataonline\" \/>\n<meta name=\"twitter:site\" content=\"@ubirataonline\" \/>\n<meta name=\"twitter:label1\" content=\"Written by\" \/>\n\t<meta name=\"twitter:data1\" content=\"REDA\u00c7\u00c3O: UBIRAT\u00c3 ONLINE - F\u00c1BIO AUGUSTO CELESTINO\" \/>\n\t<meta name=\"twitter:label2\" content=\"Est. reading time\" \/>\n\t<meta name=\"twitter:data2\" content=\"6 minutes\" \/>\n<script type=\"application\/ld+json\" class=\"yoast-schema-graph\">{\"@context\":\"https:\\\/\\\/schema.org\",\"@graph\":[{\"@type\":\"NewsArticle\",\"@id\":\"https:\\\/\\\/ubirataonline.com.br\\\/9-acompanhamentos-para-churrasco-que-vao-alem-da-farofa-tradicional\\\/#article\",\"isPartOf\":{\"@id\":\"https:\\\/\\\/ubirataonline.com.br\\\/9-acompanhamentos-para-churrasco-que-vao-alem-da-farofa-tradicional\\\/\"},\"author\":{\"name\":\"REDA\u00c7\u00c3O: UBIRAT\u00c3 ONLINE - F\u00c1BIO AUGUSTO CELESTINO\",\"@id\":\"https:\\\/\\\/ubirataonline.com.br\\\/#\\\/schema\\\/person\\\/372f87bbd3fdd79b8556b84c98d0bc1c\"},\"headline\":\"9 acompanhamentos para churrasco que v\u00e3o al\u00e9m da farofa tradicional\",\"datePublished\":\"2026-05-23T15:28:39+00:00\",\"dateModified\":\"2026-05-23T15:28:42+00:00\",\"mainEntityOfPage\":{\"@id\":\"https:\\\/\\\/ubirataonline.com.br\\\/9-acompanhamentos-para-churrasco-que-vao-alem-da-farofa-tradicional\\\/\"},\"wordCount\":1195,\"publisher\":{\"@id\":\"https:\\\/\\\/ubirataonline.com.br\\\/#organization\"},\"image\":{\"@id\":\"https:\\\/\\\/ubirataonline.com.br\\\/9-acompanhamentos-para-churrasco-que-vao-alem-da-farofa-tradicional\\\/#primaryimage\"},\"thumbnailUrl\":\"https:\\\/\\\/ubirataonline.com.br\\\/wp-content\\\/uploads\\\/2026\\\/05\\\/9-acompanhamentos-para-churrasco-que-vao-alem-da-farofa-tradicional.jpg\",\"keywords\":[\"acompanhamentos\",\"al\u00e9m\",\"Churrasco\",\"farofa\",\"para\",\"tradicional\",\"v\u00e3o\"],\"articleSection\":[\"Ubirat\u00e3\"],\"inLanguage\":\"en-US\",\"copyrightYear\":\"2026\",\"copyrightHolder\":{\"@id\":\"https:\\\/\\\/ubirataonline.com.br\\\/en\\\/#organization\"}},{\"@type\":\"WebPage\",\"@id\":\"https:\\\/\\\/ubirataonline.com.br\\\/9-acompanhamentos-para-churrasco-que-vao-alem-da-farofa-tradicional\\\/\",\"url\":\"https:\\\/\\\/ubirataonline.com.br\\\/9-acompanhamentos-para-churrasco-que-vao-alem-da-farofa-tradicional\\\/\",\"name\":\"9 acompanhamentos para churrasco que v\u00e3o al\u00e9m da farofa tradicional - Ubirat\u00e3 Online Not\u00edcias - A realidade ao seu alcance!\",\"isPartOf\":{\"@id\":\"https:\\\/\\\/ubirataonline.com.br\\\/#website\"},\"primaryImageOfPage\":{\"@id\":\"https:\\\/\\\/ubirataonline.com.br\\\/9-acompanhamentos-para-churrasco-que-vao-alem-da-farofa-tradicional\\\/#primaryimage\"},\"image\":{\"@id\":\"https:\\\/\\\/ubirataonline.com.br\\\/9-acompanhamentos-para-churrasco-que-vao-alem-da-farofa-tradicional\\\/#primaryimage\"},\"thumbnailUrl\":\"https:\\\/\\\/ubirataonline.com.br\\\/wp-content\\\/uploads\\\/2026\\\/05\\\/9-acompanhamentos-para-churrasco-que-vao-alem-da-farofa-tradicional.jpg\",\"datePublished\":\"2026-05-23T15:28:39+00:00\",\"dateModified\":\"2026-05-23T15:28:42+00:00\",\"description\":\"O churrasco, por si s\u00f3, j\u00e1 \u00e9 uma refei\u00e7\u00e3o saborosa e muito apreciada, mas pode ficar ainda mais gostoso quando servido com os acompanhamentos certos.\",\"breadcrumb\":{\"@id\":\"https:\\\/\\\/ubirataonline.com.br\\\/9-acompanhamentos-para-churrasco-que-vao-alem-da-farofa-tradicional\\\/#breadcrumb\"},\"inLanguage\":\"en-US\",\"potentialAction\":[{\"@type\":\"ReadAction\",\"target\":[\"https:\\\/\\\/ubirataonline.com.br\\\/9-acompanhamentos-para-churrasco-que-vao-alem-da-farofa-tradicional\\\/\"]}]},{\"@type\":\"ImageObject\",\"inLanguage\":\"en-US\",\"@id\":\"https:\\\/\\\/ubirataonline.com.br\\\/9-acompanhamentos-para-churrasco-que-vao-alem-da-farofa-tradicional\\\/#primaryimage\",\"url\":\"https:\\\/\\\/ubirataonline.com.br\\\/wp-content\\\/uploads\\\/2026\\\/05\\\/9-acompanhamentos-para-churrasco-que-vao-alem-da-farofa-tradicional.jpg\",\"contentUrl\":\"https:\\\/\\\/ubirataonline.com.br\\\/wp-content\\\/uploads\\\/2026\\\/05\\\/9-acompanhamentos-para-churrasco-que-vao-alem-da-farofa-tradicional.jpg\",\"width\":1200,\"height\":800,\"caption\":\"Arroz carreteiro (Imagem: flanovais | Shutterstock)\"},{\"@type\":\"BreadcrumbList\",\"@id\":\"https:\\\/\\\/ubirataonline.com.br\\\/9-acompanhamentos-para-churrasco-que-vao-alem-da-farofa-tradicional\\\/#breadcrumb\",\"itemListElement\":[{\"@type\":\"ListItem\",\"position\":1,\"name\":\"In\u00edcio\",\"item\":\"https:\\\/\\\/ubirataonline.com.br\\\/\"},{\"@type\":\"ListItem\",\"position\":2,\"name\":\"9 acompanhamentos para churrasco que v\u00e3o al\u00e9m da farofa tradicional\"}]},{\"@type\":\"WebSite\",\"@id\":\"https:\\\/\\\/ubirataonline.com.br\\\/#website\",\"url\":\"https:\\\/\\\/ubirataonline.com.br\\\/\",\"name\":\"Ubirat\u00e3 Online Not\u00edcias\",\"description\":\"Not\u00edcias de Ubirat\u00e3, regi\u00e3o, Brasil e mundo, com informa\u00e7\u00e3o atualizada e compromisso com o leitor.\",\"publisher\":{\"@id\":\"https:\\\/\\\/ubirataonline.com.br\\\/#organization\"},\"alternateName\":\"Ubirat\u00e3 Online\",\"potentialAction\":[{\"@type\":\"SearchAction\",\"target\":{\"@type\":\"EntryPoint\",\"urlTemplate\":\"https:\\\/\\\/ubirataonline.com.br\\\/?s={search_term_string}\"},\"query-input\":{\"@type\":\"PropertyValueSpecification\",\"valueRequired\":true,\"valueName\":\"search_term_string\"}}],\"inLanguage\":\"en-US\"},{\"@type\":[\"Organization\",\"Place\"],\"@id\":\"https:\\\/\\\/ubirataonline.com.br\\\/#organization\",\"name\":\"Ubirat\u00e3 Online Not\u00edcias\",\"alternateName\":\"Ubirat\u00e3 Online\",\"url\":\"https:\\\/\\\/ubirataonline.com.br\\\/\",\"logo\":{\"@id\":\"https:\\\/\\\/ubirataonline.com.br\\\/9-acompanhamentos-para-churrasco-que-vao-alem-da-farofa-tradicional\\\/#local-main-organization-logo\"},\"image\":{\"@id\":\"https:\\\/\\\/ubirataonline.com.br\\\/9-acompanhamentos-para-churrasco-que-vao-alem-da-farofa-tradicional\\\/#local-main-organization-logo\"},\"sameAs\":[\"https:\\\/\\\/www.facebook.com\\\/portalubirataonline\",\"https:\\\/\\\/x.com\\\/ubirataonline\",\"https:\\\/\\\/mastodon.social\\\/@ubirataonline\",\"https:\\\/\\\/www.facebook.com\\\/groups\\\/311144672285604\",\"https:\\\/\\\/www.facebook.com\\\/UBTAOnline\",\"https:\\\/\\\/www.instagram.com\\\/portalubirataonline\\\/\",\"https:\\\/\\\/twitter.com\\\/ubirataonline\"],\"description\":\"Somos um portal de not\u00edcias independente, criado em 5 de janeiro de 2009, com o objetivo de informar, conectar e valorizar a nossa comunidade de Ubirat\u00e3 e toda aregi\u00e3o. Com conte\u00fado atualizado, confi\u00e1vel e relevante, o Ubirat\u00e3 Online \u00e9 o seu espa\u00e7o para ficar por dentro dos principais acontecimentos locais, regionais, Brasil, Mundo e de interesse geral. Nosso compromisso \u00e9 com a verdade, a transpar\u00eancia e o respeito ao leitor.\",\"legalName\":\"UBIRATA ONLINE NOT\u00cdCIAS\",\"foundingDate\":\"2009-01-05\",\"numberOfEmployees\":{\"@type\":\"QuantitativeValue\",\"minValue\":\"1\",\"maxValue\":\"10\"},\"publishingPrinciples\":\"https:\\\/\\\/ubirataonline.com.br\\\/faq\\\/\",\"address\":{\"@id\":\"https:\\\/\\\/ubirataonline.com.br\\\/9-acompanhamentos-para-churrasco-que-vao-alem-da-farofa-tradicional\\\/#local-main-place-address\"},\"geo\":{\"@type\":\"GeoCoordinates\",\"latitude\":\"-24.5361401\",\"longitude\":\"-52.9921776\"},\"telephone\":[\"+5544998308235\"],\"contactPoint\":{\"@type\":\"ContactPoint\",\"email\":\"contato@ubirataonline.com.br\"},\"openingHoursSpecification\":{\"@type\":\"OpeningHoursSpecification\",\"dayOfWeek\":[\"Monday\",\"Tuesday\",\"Wednesday\",\"Thursday\",\"Friday\",\"Saturday\",\"Sunday\"],\"opens\":\"00:00\",\"closes\":\"23:59\"},\"email\":\"contato@ubirataonline.com.br\",\"vatID\":\"47.621.418\\\/0001-80\"},{\"@type\":\"Person\",\"@id\":\"https:\\\/\\\/ubirataonline.com.br\\\/#\\\/schema\\\/person\\\/372f87bbd3fdd79b8556b84c98d0bc1c\",\"name\":\"REDA\u00c7\u00c3O: UBIRAT\u00c3 ONLINE - F\u00c1BIO AUGUSTO CELESTINO\",\"pronouns\":\"Ele\",\"description\":\"Desde 2003 trabalhando com not\u00edcias.\",\"sameAs\":[\"http:\\\/\\\/ubirataoline.com.br\",\"https:\\\/\\\/www.facebook.com\\\/portalubirataonline\",\"https:\\\/\\\/www.instagram.com\\\/ubirataonline_oficial\",\"https:\\\/\\\/x.com\\\/x.com\\\/ubirataonline\"],\"honorificPrefix\":\"Mr.\",\"honorificSuffix\":\"MD\",\"birthDate\":\"1980-06-16\",\"gender\":\"masculino\",\"award\":[\"V\u00e1rios pr\u00eamios de melhor portal da cidade\"],\"jobTitle\":\"Diretor\",\"url\":\"https:\\\/\\\/ubirataonline.com.br\\\/en\\\/author\\\/ubirataonline\\\/\"},{\"@type\":\"PostalAddress\",\"@id\":\"https:\\\/\\\/ubirataonline.com.br\\\/9-acompanhamentos-para-churrasco-que-vao-alem-da-farofa-tradicional\\\/#local-main-place-address\",\"streetAddress\":\"Rua dos Coqueiros, 104 - Bairro Boa Vista, Rua dos Coqueiros, 104 Bairro Boa Vista\",\"addressLocality\":\"UBIRATA\",\"postalCode\":\"85440-000\",\"addressRegion\":\"PR\",\"addressCountry\":\"BR\"},{\"@type\":\"ImageObject\",\"inLanguage\":\"en-US\",\"@id\":\"https:\\\/\\\/ubirataonline.com.br\\\/9-acompanhamentos-para-churrasco-que-vao-alem-da-farofa-tradicional\\\/#local-main-organization-logo\",\"url\":\"https:\\\/\\\/ubirataonline.com.br\\\/wp-content\\\/uploads\\\/2026\\\/06\\\/logoubirataonline-1.webp\",\"contentUrl\":\"https:\\\/\\\/ubirataonline.com.br\\\/wp-content\\\/uploads\\\/2026\\\/06\\\/logoubirataonline-1.webp\",\"width\":500,\"height\":500,\"caption\":\"Ubirat\u00e3 Online Not\u00edcias\"}]}<\/script>\n<meta name=\"geo.placename\" content=\"UBIRATA\" \/>\n<meta name=\"geo.position\" content=\"-24.5361401;-52.9921776\" \/>\n<meta name=\"geo.region\" content=\"Brazil\" \/>\n<!-- \/ Yoast SEO Premium plugin. -->","yoast_head_json":{"title":"9 acompanhamentos para churrasco que v\u00e3o al\u00e9m da farofa tradicional - Ubirat\u00e3 Online Not\u00edcias - A realidade ao seu alcance!","description":"O churrasco, por si s\u00f3, j\u00e1 \u00e9 uma refei\u00e7\u00e3o saborosa e muito apreciada, mas pode ficar ainda mais gostoso quando servido com os acompanhamentos certos.","robots":{"index":"index","follow":"follow","max-snippet":"max-snippet:-1","max-image-preview":"max-image-preview:large","max-video-preview":"max-video-preview:-1"},"canonical":"https:\/\/ubirataonline.com.br\/en\/9-acompanhamentos-para-churrasco-que-vao-alem-da-farofa-tradicional\/","og_locale":"en_US","og_type":"article","og_title":"9 acompanhamentos para churrasco que v\u00e3o al\u00e9m da farofa tradicional","og_description":"O churrasco, por si s\u00f3, j\u00e1 \u00e9 uma refei\u00e7\u00e3o saborosa e muito apreciada, mas pode ficar ainda mais gostoso quando servido com os acompanhamentos certos.","og_url":"https:\/\/ubirataonline.com.br\/en\/9-acompanhamentos-para-churrasco-que-vao-alem-da-farofa-tradicional\/","og_site_name":"Ubirat\u00e3 Online Not\u00edcias - A realidade ao seu alcance!","article_publisher":"https:\/\/www.facebook.com\/portalubirataonline","article_author":"https:\/\/www.facebook.com\/portalubirataonline","article_published_time":"2026-05-23T15:28:39+00:00","article_modified_time":"2026-05-23T15:28:42+00:00","og_image":[{"width":1200,"height":800,"url":"https:\/\/ubirataonline.com.br\/wp-content\/uploads\/2026\/05\/9-acompanhamentos-para-churrasco-que-vao-alem-da-farofa-tradicional.jpg","type":"image\/jpeg"}],"author":"REDA\u00c7\u00c3O: UBIRAT\u00c3 ONLINE - F\u00c1BIO AUGUSTO CELESTINO","twitter_card":"summary_large_image","twitter_creator":"@x.com\/ubirataonline","twitter_site":"@ubirataonline","twitter_misc":{"Written by":"REDA\u00c7\u00c3O: UBIRAT\u00c3 ONLINE - F\u00c1BIO AUGUSTO CELESTINO","Est. reading time":"6 minutes"},"schema":{"@context":"https:\/\/schema.org","@graph":[{"@type":"NewsArticle","@id":"https:\/\/ubirataonline.com.br\/9-acompanhamentos-para-churrasco-que-vao-alem-da-farofa-tradicional\/#article","isPartOf":{"@id":"https:\/\/ubirataonline.com.br\/9-acompanhamentos-para-churrasco-que-vao-alem-da-farofa-tradicional\/"},"author":{"name":"REDA\u00c7\u00c3O: UBIRAT\u00c3 ONLINE - F\u00c1BIO AUGUSTO CELESTINO","@id":"https:\/\/ubirataonline.com.br\/#\/schema\/person\/372f87bbd3fdd79b8556b84c98d0bc1c"},"headline":"9 acompanhamentos para churrasco que v\u00e3o al\u00e9m da farofa tradicional","datePublished":"2026-05-23T15:28:39+00:00","dateModified":"2026-05-23T15:28:42+00:00","mainEntityOfPage":{"@id":"https:\/\/ubirataonline.com.br\/9-acompanhamentos-para-churrasco-que-vao-alem-da-farofa-tradicional\/"},"wordCount":1195,"publisher":{"@id":"https:\/\/ubirataonline.com.br\/#organization"},"image":{"@id":"https:\/\/ubirataonline.com.br\/9-acompanhamentos-para-churrasco-que-vao-alem-da-farofa-tradicional\/#primaryimage"},"thumbnailUrl":"https:\/\/ubirataonline.com.br\/wp-content\/uploads\/2026\/05\/9-acompanhamentos-para-churrasco-que-vao-alem-da-farofa-tradicional.jpg","keywords":["acompanhamentos","al\u00e9m","Churrasco","farofa","para","tradicional","v\u00e3o"],"articleSection":["Ubirat\u00e3"],"inLanguage":"en-US","copyrightYear":"2026","copyrightHolder":{"@id":"https:\/\/ubirataonline.com.br\/en\/#organization"}},{"@type":"WebPage","@id":"https:\/\/ubirataonline.com.br\/9-acompanhamentos-para-churrasco-que-vao-alem-da-farofa-tradicional\/","url":"https:\/\/ubirataonline.com.br\/9-acompanhamentos-para-churrasco-que-vao-alem-da-farofa-tradicional\/","name":"9 acompanhamentos para churrasco que v\u00e3o al\u00e9m da farofa tradicional - Ubirat\u00e3 Online Not\u00edcias - A realidade ao seu alcance!","isPartOf":{"@id":"https:\/\/ubirataonline.com.br\/#website"},"primaryImageOfPage":{"@id":"https:\/\/ubirataonline.com.br\/9-acompanhamentos-para-churrasco-que-vao-alem-da-farofa-tradicional\/#primaryimage"},"image":{"@id":"https:\/\/ubirataonline.com.br\/9-acompanhamentos-para-churrasco-que-vao-alem-da-farofa-tradicional\/#primaryimage"},"thumbnailUrl":"https:\/\/ubirataonline.com.br\/wp-content\/uploads\/2026\/05\/9-acompanhamentos-para-churrasco-que-vao-alem-da-farofa-tradicional.jpg","datePublished":"2026-05-23T15:28:39+00:00","dateModified":"2026-05-23T15:28:42+00:00","description":"O churrasco, por si s\u00f3, j\u00e1 \u00e9 uma refei\u00e7\u00e3o saborosa e muito apreciada, mas pode ficar ainda mais gostoso quando servido com os acompanhamentos certos.","breadcrumb":{"@id":"https:\/\/ubirataonline.com.br\/9-acompanhamentos-para-churrasco-que-vao-alem-da-farofa-tradicional\/#breadcrumb"},"inLanguage":"en-US","potentialAction":[{"@type":"ReadAction","target":["https:\/\/ubirataonline.com.br\/9-acompanhamentos-para-churrasco-que-vao-alem-da-farofa-tradicional\/"]}]},{"@type":"ImageObject","inLanguage":"en-US","@id":"https:\/\/ubirataonline.com.br\/9-acompanhamentos-para-churrasco-que-vao-alem-da-farofa-tradicional\/#primaryimage","url":"https:\/\/ubirataonline.com.br\/wp-content\/uploads\/2026\/05\/9-acompanhamentos-para-churrasco-que-vao-alem-da-farofa-tradicional.jpg","contentUrl":"https:\/\/ubirataonline.com.br\/wp-content\/uploads\/2026\/05\/9-acompanhamentos-para-churrasco-que-vao-alem-da-farofa-tradicional.jpg","width":1200,"height":800,"caption":"Arroz carreteiro (Imagem: flanovais | Shutterstock)"},{"@type":"BreadcrumbList","@id":"https:\/\/ubirataonline.com.br\/9-acompanhamentos-para-churrasco-que-vao-alem-da-farofa-tradicional\/#breadcrumb","itemListElement":[{"@type":"ListItem","position":1,"name":"In\u00edcio","item":"https:\/\/ubirataonline.com.br\/"},{"@type":"ListItem","position":2,"name":"9 acompanhamentos para churrasco que v\u00e3o al\u00e9m da farofa tradicional"}]},{"@type":"WebSite","@id":"https:\/\/ubirataonline.com.br\/#website","url":"https:\/\/ubirataonline.com.br\/","name":"Ubirat\u00e3 Online Not\u00edcias","description":"Not\u00edcias de Ubirat\u00e3, regi\u00e3o, Brasil e mundo, com informa\u00e7\u00e3o atualizada e compromisso com o leitor.","publisher":{"@id":"https:\/\/ubirataonline.com.br\/#organization"},"alternateName":"Ubirat\u00e3 Online","potentialAction":[{"@type":"SearchAction","target":{"@type":"EntryPoint","urlTemplate":"https:\/\/ubirataonline.com.br\/?s={search_term_string}"},"query-input":{"@type":"PropertyValueSpecification","valueRequired":true,"valueName":"search_term_string"}}],"inLanguage":"en-US"},{"@type":["Organization","Place"],"@id":"https:\/\/ubirataonline.com.br\/#organization","name":"Ubirat\u00e3 Online Not\u00edcias","alternateName":"Ubirat\u00e3 Online","url":"https:\/\/ubirataonline.com.br\/","logo":{"@id":"https:\/\/ubirataonline.com.br\/9-acompanhamentos-para-churrasco-que-vao-alem-da-farofa-tradicional\/#local-main-organization-logo"},"image":{"@id":"https:\/\/ubirataonline.com.br\/9-acompanhamentos-para-churrasco-que-vao-alem-da-farofa-tradicional\/#local-main-organization-logo"},"sameAs":["https:\/\/www.facebook.com\/portalubirataonline","https:\/\/x.com\/ubirataonline","https:\/\/mastodon.social\/@ubirataonline","https:\/\/www.facebook.com\/groups\/311144672285604","https:\/\/www.facebook.com\/UBTAOnline","https:\/\/www.instagram.com\/portalubirataonline\/","https:\/\/twitter.com\/ubirataonline"],"description":"Somos um portal de not\u00edcias independente, criado em 5 de janeiro de 2009, com o objetivo de informar, conectar e valorizar a nossa comunidade de Ubirat\u00e3 e toda aregi\u00e3o. Com conte\u00fado atualizado, confi\u00e1vel e relevante, o Ubirat\u00e3 Online \u00e9 o seu espa\u00e7o para ficar por dentro dos principais acontecimentos locais, regionais, Brasil, Mundo e de interesse geral. Nosso compromisso \u00e9 com a verdade, a transpar\u00eancia e o respeito ao leitor.","legalName":"UBIRATA ONLINE NOT\u00cdCIAS","foundingDate":"2009-01-05","numberOfEmployees":{"@type":"QuantitativeValue","minValue":"1","maxValue":"10"},"publishingPrinciples":"https:\/\/ubirataonline.com.br\/faq\/","address":{"@id":"https:\/\/ubirataonline.com.br\/9-acompanhamentos-para-churrasco-que-vao-alem-da-farofa-tradicional\/#local-main-place-address"},"geo":{"@type":"GeoCoordinates","latitude":"-24.5361401","longitude":"-52.9921776"},"telephone":["+5544998308235"],"contactPoint":{"@type":"ContactPoint","email":"contato@ubirataonline.com.br"},"openingHoursSpecification":{"@type":"OpeningHoursSpecification","dayOfWeek":["Monday","Tuesday","Wednesday","Thursday","Friday","Saturday","Sunday"],"opens":"00:00","closes":"23:59"},"email":"contato@ubirataonline.com.br","vatID":"47.621.418\/0001-80"},{"@type":"Person","@id":"https:\/\/ubirataonline.com.br\/#\/schema\/person\/372f87bbd3fdd79b8556b84c98d0bc1c","name":"REDA\u00c7\u00c3O: UBIRAT\u00c3 ONLINE - F\u00c1BIO AUGUSTO CELESTINO","pronouns":"Ele","description":"Desde 2003 trabalhando com not\u00edcias.","sameAs":["http:\/\/ubirataoline.com.br","https:\/\/www.facebook.com\/portalubirataonline","https:\/\/www.instagram.com\/ubirataonline_oficial","https:\/\/x.com\/x.com\/ubirataonline"],"honorificPrefix":"Mr.","honorificSuffix":"MD","birthDate":"1980-06-16","gender":"masculino","award":["V\u00e1rios pr\u00eamios de melhor portal da cidade"],"jobTitle":"Diretor","url":"https:\/\/ubirataonline.com.br\/en\/author\/ubirataonline\/"},{"@type":"PostalAddress","@id":"https:\/\/ubirataonline.com.br\/9-acompanhamentos-para-churrasco-que-vao-alem-da-farofa-tradicional\/#local-main-place-address","streetAddress":"Rua dos Coqueiros, 104 - Bairro Boa Vista, Rua dos Coqueiros, 104 Bairro Boa Vista","addressLocality":"UBIRATA","postalCode":"85440-000","addressRegion":"PR","addressCountry":"BR"},{"@type":"ImageObject","inLanguage":"en-US","@id":"https:\/\/ubirataonline.com.br\/9-acompanhamentos-para-churrasco-que-vao-alem-da-farofa-tradicional\/#local-main-organization-logo","url":"https:\/\/ubirataonline.com.br\/wp-content\/uploads\/2026\/06\/logoubirataonline-1.webp","contentUrl":"https:\/\/ubirataonline.com.br\/wp-content\/uploads\/2026\/06\/logoubirataonline-1.webp","width":500,"height":500,"caption":"Ubirat\u00e3 Online Not\u00edcias"}]},"geo.placename":"UBIRATA","geo.position":{"lat":"-24.5361401","long":"-52.9921776"},"geo.region":"Brazil"},"_links":{"self":[{"href":"https:\/\/ubirataonline.com.br\/en\/wp-json\/wp\/v2\/posts\/137338","targetHints":{"allow":["GET"]}}],"collection":[{"href":"https:\/\/ubirataonline.com.br\/en\/wp-json\/wp\/v2\/posts"}],"about":[{"href":"https:\/\/ubirataonline.com.br\/en\/wp-json\/wp\/v2\/types\/post"}],"author":[{"embeddable":true,"href":"https:\/\/ubirataonline.com.br\/en\/wp-json\/wp\/v2\/users\/1"}],"replies":[{"embeddable":true,"href":"https:\/\/ubirataonline.com.br\/en\/wp-json\/wp\/v2\/comments?post=137338"}],"version-history":[{"count":0,"href":"https:\/\/ubirataonline.com.br\/en\/wp-json\/wp\/v2\/posts\/137338\/revisions"}],"wp:featuredmedia":[{"embeddable":true,"href":"https:\/\/ubirataonline.com.br\/en\/wp-json\/wp\/v2\/media\/137339"}],"wp:attachment":[{"href":"https:\/\/ubirataonline.com.br\/en\/wp-json\/wp\/v2\/media?parent=137338"}],"wp:term":[{"taxonomy":"category","embeddable":true,"href":"https:\/\/ubirataonline.com.br\/en\/wp-json\/wp\/v2\/categories?post=137338"},{"taxonomy":"post_tag","embeddable":true,"href":"https:\/\/ubirataonline.com.br\/en\/wp-json\/wp\/v2\/tags?post=137338"}],"curies":[{"name":"wp","href":"https:\/\/api.w.org\/{rel}","templated":true}]}}