{"id":138919,"date":"2026-05-25T09:40:20","date_gmt":"2026-05-25T12:40:20","guid":{"rendered":"https:\/\/ubirataonline.com.br\/miley-cyrus-honored-with-star-on-the-hollywood-walk-of-fame\/"},"modified":"2026-05-25T09:40:27","modified_gmt":"2026-05-25T12:40:27","slug":"miley-cyrus-honored-with-star-on-the-hollywood-walk-of-fame","status":"publish","type":"post","link":"https:\/\/ubirataonline.com.br\/en\/miley-cyrus-honored-with-star-on-the-hollywood-walk-of-fame\/","title":{"rendered":"Miley Cyrus honored with star on the Hollywood Walk of Fame"},"content":{"rendered":"<p><\/p>\n<div data-testid=\"prism-article-body\">\n<p class=\"EkqkG IGXmU nlgHS yuUao MvWXB TjIXL aGjvy ebVHC\"><span class=\"oyrPY qlwaB AGxeB\">LOS ANGELES &#8212; <\/span>The Hollywood Chamber of Commerce gave Miley Cyrus her &#8220;Flowers&#8221; on Friday: a brand new star on the Hollywood Walk of Fame.<\/p>\n<p class=\"EkqkG IGXmU nlgHS yuUao lqtkC TjIXL aGjvy\">A large crowd of fans came in like a &#8220;Wrecking Ball&#8221; to celebrate the singer&#8217;s career, belting out her hits before the ceremony began.<\/p>\n<div class=\"oLzSq QrHMO fnRUo pvsTF EhJPu vPlOC zNYgW OsTsW RMeqy daRVX ISNQ sKyCY eRftA acPPc MENS nFwaT MCnQE mEeeY SmBjI xegrY rPLsU iulOd NIuqO zzscu lzDCc aHUBM IEgzD OjMNy eQqcx SVqKB GQmdz jaoD VWDdR ONJdw vrZxD OnRTz gbbfF roDbV GPGwb oMlSS gfNzt oJhud eXZcf zhVlX\">\n<div>\n<div class=\"InlineImage GpQCA lZur asrEW\" data-testid=\"prism-inline-image\">\n<figure class=\"kzIjN GNmeK pYrtp dSqFO\" data-testid=\"prism-figure\"><figcaption>\n<div class=\"nMMea bNYiy Mjgpa dGwha DDmxa jgKNG RGHCC aBIU PriDW lZur\" data-testid=\"prism-caption\">\n<p><span class=\"hsDdd OOSI GpQCA lZur VlFaz\" data-testid=\"prism-truncate\"><span><span class=\"gtOSm FbbUW tUtYa vOCwz EQwFq yCufu eEak Qmvg nyTIa SRXVc vzLa jgBfc WXDas CiUCW kqbG zrdEG txGfn ygKVe BbezD UOtxr CVfpq xijV soGRS XgdC sEIlf daWqJ\">Miley Cyrus poses with her new star during a ceremony on the Hollywood Walk of Fame on Friday, May 22, 2026, in Los Angeles.<\/span><\/span><\/span><\/p>\n<p><span class=\"gtOSm FbbUW tUtYa vOCwz EQwFq yCufu eEak Qmvg nyTIa SRXVc vzLa jgBfc WXDas CiUCW kqbG zrdEG txGfn ygKVe BbezD UOtxr CVfpq xijV soGRS XgdC sEIlf daWqJ YNujN JGtjI aZFDu rkKLh\">Photo by Jordan Strauss\/Invision\/AP<\/span><\/p>\n<\/div>\n<\/figcaption><\/figure>\n<\/div>\n<\/div>\n<\/div>\n<p class=\"EkqkG IGXmU nlgHS yuUao lqtkC TjIXL aGjvy\">Cyrus&#8217; star, number 2,845, is in the recording category. Among her hits over the years: &#8220;The Climb,&#8221; &#8220;Flowers,&#8221; &#8220;Party in the U.S.A.,&#8221; and her more recent song featuring Brittany Howard, &#8220;Walk of Fame.&#8221;<\/p>\n<p class=\"EkqkG IGXmU nlgHS yuUao lqtkC TjIXL aGjvy\">During the ceremony, Cyrus reflected on the significance of the honor.<\/p>\n<p class=\"EkqkG IGXmU nlgHS yuUao lqtkC TjIXL aGjvy\">&#8220;What feels so special to me about this star is that it&#8217;s an accumulation of devotion,&#8221; she said. &#8220;The star isn&#8217;t something that you win like a seasonal game. It&#8217;s not something that you can chase or collect. It&#8217;s not something you make the next record for and then tote it around like a trophy. My name is laid in gold and pink terrazzo.&#8221;<\/p>\n<div class=\"oLzSq QrHMO fnRUo pvsTF EhJPu vPlOC zNYgW OsTsW RMeqy daRVX ISNQ sKyCY eRftA acPPc MENS nFwaT MCnQE mEeeY SmBjI xegrY rPLsU iulOd NIuqO zzscu lzDCc aHUBM IEgzD OjMNy eQqcx SVqKB GQmdz jaoD VWDdR ONJdw vrZxD OnRTz gbbfF roDbV GPGwb oMlSS gfNzt oJhud eXZcf zhVlX\">\n<div>\n<div class=\"InlineImage GpQCA lZur asrEW\" data-testid=\"prism-inline-image\">\n<figure class=\"kzIjN GNmeK pYrtp dSqFO\" data-testid=\"prism-figure\"><img decoding=\"async\" alt=\"Maxx Morando, Tish Cyrus-Purcell, Miley Cyrus, and Brandi Cyrus pose with Miley Cyrus' new star on the Hollywood Walk of Fame on Friday, May 22, 2026, in Los Angeles. \" class=\"hsDdd NDJZt sJeUN IJwXl vBqtr KrDt itslR zFTjo hakZw HlUVI\" data-testid=\"prism-image\" draggable=\"false\" src=\"https:\/\/cdn.abcotvs.com\/dip\/images\/19152602_052226-cc-ap-miley-cyrus-moranda-tish-brandi-img.jpg\"\/><figcaption>\n<div class=\"nMMea bNYiy Mjgpa dGwha DDmxa jgKNG RGHCC aBIU PriDW lZur\" data-testid=\"prism-caption\">\n<p><span class=\"hsDdd OOSI GpQCA lZur VlFaz\" data-testid=\"prism-truncate\"><span><span class=\"gtOSm FbbUW tUtYa vOCwz EQwFq yCufu eEak Qmvg nyTIa SRXVc vzLa jgBfc WXDas CiUCW kqbG zrdEG txGfn ygKVe BbezD UOtxr CVfpq xijV soGRS XgdC sEIlf daWqJ\">Maxx Morando and Miley Cyrus (left), and Tish Cyrus-Purcell, Miley Cyrus, and Brandi Cyrus (right), are seen on the Hollywood Walk of Fame on Friday, May 22, 2026, in Los Angeles.<\/span><\/span><\/span><\/p>\n<p><span class=\"gtOSm FbbUW tUtYa vOCwz EQwFq yCufu eEak Qmvg nyTIa SRXVc vzLa jgBfc WXDas CiUCW kqbG zrdEG txGfn ygKVe BbezD UOtxr CVfpq xijV soGRS XgdC sEIlf daWqJ YNujN JGtjI aZFDu rkKLh\">Photo by Jordan Strauss\/Invision\/AP<\/span><\/p>\n<\/div>\n<\/figcaption><\/figure>\n<\/div>\n<\/div>\n<\/div>\n<p class=\"EkqkG IGXmU nlgHS yuUao lqtkC TjIXL aGjvy\">The remarks were met with cheers from the crowd.<\/p>\n<p class=\"EkqkG IGXmU nlgHS yuUao lqtkC TjIXL aGjvy\">Fans in attendance spoke about the impact Cyrus has had on their lives.<\/p>\n<p class=\"EkqkG IGXmU nlgHS yuUao lqtkC TjIXL aGjvy\">Rose Angelica said, &#8220;She helped me through some really difficult times in life when I thought I was nothing and I felt, like, worthless. She really, really did help me.&#8221;<\/p>\n<p class=\"EkqkG IGXmU nlgHS yuUao lqtkC TjIXL aGjvy\">Another fan, Alex Estrada, highlighted her cultural influence, &#8220;We love Miley. We love &#8216;Hannah Montana.&#8217; We love the music. She&#8217;s a huge part of the culture. She&#8217;s a generational icon.&#8221;<\/p>\n<p class=\"EkqkG IGXmU nlgHS yuUao lqtkC TjIXL aGjvy\">Majo Juarez described the experience of seeing Cyrus in person as unforgettable, &#8220;I get to see her with my eyes right in front of me and that&#8217;s going to stay with me forever.&#8221;<\/p>\n<p class=\"EkqkG IGXmU nlgHS yuUao lqtkC TjIXL aGjvy\">Speakers at the ceremony included actress Anya Taylor-Joy, who praised Cyrus&#8217; influence.<\/p>\n<p class=\"EkqkG IGXmU nlgHS yuUao lqtkC TjIXL aGjvy\">&#8220;We&#8217;re celebrating a woman who taught an entire generation how to own their own story,&#8221; she said.<\/p>\n<p class=\"EkqkG IGXmU nlgHS yuUao lqtkC TjIXL aGjvy\">Fashion designer Donatella Versace also spoke in honor of Cyrus.<\/p>\n<p class=\"EkqkG IGXmU nlgHS yuUao lqtkC eTIW sUzSN\">It may not be as fashionable as Versace but Cyrus&#8217; star is in front of the now-closed Marshall&#8217;s on Hollywood Boulevard.<\/p>\n<\/div>\n<p>Copyright \u00a9 2026 OnTheRedCarpet.com. All Rights Reserved.<\/p>\n<p><a href=\"https:\/\/abc7.com\/post\/miley-cyrus-honored-star-hollywood-walk-fame\/19152527\/\">Source link <\/a><br \/>\nMore: https:\/\/theglobaltrack.com\/<br \/>\nhttps:\/\/corinthiames.com.br\/<\/p>","protected":false},"excerpt":{"rendered":"<p>LOS ANGELES &#8212; The Hollywood Chamber of Commerce gave Miley Cyrus her &#8220;Flowers&#8221; on Friday: a brand new star on the Hollywood Walk of Fame. A large crowd of fans came in like a &#8220;Wrecking Ball&#8221; to celebrate the singer&#8217;s career, belting out her hits before the ceremony began. Miley Cyrus poses with her new [&hellip;]<\/p>\n","protected":false},"author":1,"featured_media":138920,"comment_status":"closed","ping_status":"","sticky":false,"template":"","format":"standard","meta":{"googlesitekit_rrm_CAow2JLhCw:productID":"","_gspb_post_css":"","maa_idioma":"","maa_pais":"","footnotes":""},"categories":[1],"tags":[9633,6725,3850,8841,9632,2956,11896],"class_list":["post-138919","post","type-post","status-publish","format-standard","has-post-thumbnail","hentry","category-ubirata","tag-cyrus","tag-fame","tag-hollywood","tag-honored","tag-miley","tag-star","tag-walk"],"blocksy_meta":[],"yoast_head":"<!-- This site is optimized with the Yoast SEO Premium plugin v27.6 (Yoast SEO v27.6) - https:\/\/yoast.com\/product\/yoast-seo-premium-wordpress\/ -->\n<title>Miley Cyrus honored with star on the Hollywood Walk of Fame - Ubirat\u00e3 Online Not\u00edcias - A realidade ao seu alcance!<\/title>\n<meta name=\"description\" content=\"LOS ANGELES -- The Hollywood Chamber of Commerce gave Miley Cyrus her &quot;Flowers&quot; on Friday: a brand new star on the Hollywood Walk of Fame.A large crowd of\" \/>\n<meta name=\"robots\" content=\"index, follow, max-snippet:-1, max-image-preview:large, max-video-preview:-1\" \/>\n<link rel=\"canonical\" href=\"https:\/\/ubirataonline.com.br\/en\/miley-cyrus-honored-with-star-on-the-hollywood-walk-of-fame\/\" \/>\n<meta property=\"og:locale\" content=\"en_US\" \/>\n<meta property=\"og:type\" content=\"article\" \/>\n<meta property=\"og:title\" content=\"Miley Cyrus honored with star on the Hollywood Walk of Fame\" \/>\n<meta property=\"og:description\" content=\"LOS ANGELES -- The Hollywood Chamber of Commerce gave Miley Cyrus her &quot;Flowers&quot; on Friday: a brand new star on the Hollywood Walk of Fame.A large crowd of\" \/>\n<meta property=\"og:url\" content=\"https:\/\/ubirataonline.com.br\/en\/miley-cyrus-honored-with-star-on-the-hollywood-walk-of-fame\/\" \/>\n<meta property=\"og:site_name\" content=\"Ubirat\u00e3 Online Not\u00edcias - A realidade ao seu alcance!\" \/>\n<meta property=\"article:publisher\" content=\"https:\/\/www.facebook.com\/portalubirataonline\" \/>\n<meta property=\"article:author\" content=\"https:\/\/www.facebook.com\/portalubirataonline\" \/>\n<meta property=\"article:published_time\" content=\"2026-05-25T12:40:20+00:00\" \/>\n<meta property=\"article:modified_time\" content=\"2026-05-25T12:40:27+00:00\" \/>\n<meta property=\"og:image\" content=\"https:\/\/ubirataonline.com.br\/wp-content\/uploads\/2026\/05\/Miley-Cyrus-honored-with-star-on-the-Hollywood-Walk-of.jpg\" \/>\n\t<meta property=\"og:image:width\" content=\"1600\" \/>\n\t<meta property=\"og:image:height\" content=\"900\" \/>\n\t<meta property=\"og:image:type\" content=\"image\/jpeg\" \/>\n<meta name=\"author\" content=\"REDA\u00c7\u00c3O: UBIRAT\u00c3 ONLINE - F\u00c1BIO AUGUSTO CELESTINO\" \/>\n<meta name=\"twitter:card\" content=\"summary_large_image\" \/>\n<meta name=\"twitter:creator\" content=\"@x.com\/ubirataonline\" \/>\n<meta name=\"twitter:site\" content=\"@ubirataonline\" \/>\n<meta name=\"twitter:label1\" content=\"Written by\" \/>\n\t<meta name=\"twitter:data1\" content=\"REDA\u00c7\u00c3O: UBIRAT\u00c3 ONLINE - F\u00c1BIO AUGUSTO CELESTINO\" \/>\n\t<meta name=\"twitter:label2\" content=\"Est. reading time\" \/>\n\t<meta name=\"twitter:data2\" content=\"2 minutes\" \/>\n<script type=\"application\/ld+json\" class=\"yoast-schema-graph\">{\"@context\":\"https:\\\/\\\/schema.org\",\"@graph\":[{\"@type\":\"NewsArticle\",\"@id\":\"https:\\\/\\\/ubirataonline.com.br\\\/miley-cyrus-honored-with-star-on-the-hollywood-walk-of-fame\\\/#article\",\"isPartOf\":{\"@id\":\"https:\\\/\\\/ubirataonline.com.br\\\/miley-cyrus-honored-with-star-on-the-hollywood-walk-of-fame\\\/\"},\"author\":{\"name\":\"REDA\u00c7\u00c3O: UBIRAT\u00c3 ONLINE - F\u00c1BIO AUGUSTO CELESTINO\",\"@id\":\"https:\\\/\\\/ubirataonline.com.br\\\/#\\\/schema\\\/person\\\/372f87bbd3fdd79b8556b84c98d0bc1c\"},\"headline\":\"Miley Cyrus honored with star on the Hollywood Walk of Fame\",\"datePublished\":\"2026-05-25T12:40:20+00:00\",\"dateModified\":\"2026-05-25T12:40:27+00:00\",\"mainEntityOfPage\":{\"@id\":\"https:\\\/\\\/ubirataonline.com.br\\\/miley-cyrus-honored-with-star-on-the-hollywood-walk-of-fame\\\/\"},\"wordCount\":433,\"publisher\":{\"@id\":\"https:\\\/\\\/ubirataonline.com.br\\\/#organization\"},\"image\":{\"@id\":\"https:\\\/\\\/ubirataonline.com.br\\\/miley-cyrus-honored-with-star-on-the-hollywood-walk-of-fame\\\/#primaryimage\"},\"thumbnailUrl\":\"https:\\\/\\\/ubirataonline.com.br\\\/wp-content\\\/uploads\\\/2026\\\/05\\\/Miley-Cyrus-honored-with-star-on-the-Hollywood-Walk-of.jpg\",\"keywords\":[\"Cyrus\",\"fame\",\"Hollywood\",\"honored\",\"Miley\",\"Star\",\"walk\"],\"articleSection\":[\"Ubirat\u00e3\"],\"inLanguage\":\"en-US\",\"copyrightYear\":\"2026\",\"copyrightHolder\":{\"@id\":\"https:\\\/\\\/ubirataonline.com.br\\\/en\\\/#organization\"}},{\"@type\":\"WebPage\",\"@id\":\"https:\\\/\\\/ubirataonline.com.br\\\/miley-cyrus-honored-with-star-on-the-hollywood-walk-of-fame\\\/\",\"url\":\"https:\\\/\\\/ubirataonline.com.br\\\/miley-cyrus-honored-with-star-on-the-hollywood-walk-of-fame\\\/\",\"name\":\"Miley Cyrus honored with star on the Hollywood Walk of Fame - Ubirat\u00e3 Online Not\u00edcias - A realidade ao seu alcance!\",\"isPartOf\":{\"@id\":\"https:\\\/\\\/ubirataonline.com.br\\\/#website\"},\"primaryImageOfPage\":{\"@id\":\"https:\\\/\\\/ubirataonline.com.br\\\/miley-cyrus-honored-with-star-on-the-hollywood-walk-of-fame\\\/#primaryimage\"},\"image\":{\"@id\":\"https:\\\/\\\/ubirataonline.com.br\\\/miley-cyrus-honored-with-star-on-the-hollywood-walk-of-fame\\\/#primaryimage\"},\"thumbnailUrl\":\"https:\\\/\\\/ubirataonline.com.br\\\/wp-content\\\/uploads\\\/2026\\\/05\\\/Miley-Cyrus-honored-with-star-on-the-Hollywood-Walk-of.jpg\",\"datePublished\":\"2026-05-25T12:40:20+00:00\",\"dateModified\":\"2026-05-25T12:40:27+00:00\",\"description\":\"LOS ANGELES -- The Hollywood Chamber of Commerce gave Miley Cyrus her \\\"Flowers\\\" on Friday: a brand new star on the Hollywood Walk of Fame.A large crowd of\",\"breadcrumb\":{\"@id\":\"https:\\\/\\\/ubirataonline.com.br\\\/miley-cyrus-honored-with-star-on-the-hollywood-walk-of-fame\\\/#breadcrumb\"},\"inLanguage\":\"en-US\",\"potentialAction\":[{\"@type\":\"ReadAction\",\"target\":[\"https:\\\/\\\/ubirataonline.com.br\\\/miley-cyrus-honored-with-star-on-the-hollywood-walk-of-fame\\\/\"]}]},{\"@type\":\"ImageObject\",\"inLanguage\":\"en-US\",\"@id\":\"https:\\\/\\\/ubirataonline.com.br\\\/miley-cyrus-honored-with-star-on-the-hollywood-walk-of-fame\\\/#primaryimage\",\"url\":\"https:\\\/\\\/ubirataonline.com.br\\\/wp-content\\\/uploads\\\/2026\\\/05\\\/Miley-Cyrus-honored-with-star-on-the-Hollywood-Walk-of.jpg\",\"contentUrl\":\"https:\\\/\\\/ubirataonline.com.br\\\/wp-content\\\/uploads\\\/2026\\\/05\\\/Miley-Cyrus-honored-with-star-on-the-Hollywood-Walk-of.jpg\",\"width\":1600,\"height\":900,\"caption\":\"Miley Cyrus poses with her new star during a ceremony on the Hollywood Walk of Fame on Friday, May 22, 2026, in Los Angeles. Photo by Jordan Strauss\\\/Invision\\\/AP\"},{\"@type\":\"BreadcrumbList\",\"@id\":\"https:\\\/\\\/ubirataonline.com.br\\\/miley-cyrus-honored-with-star-on-the-hollywood-walk-of-fame\\\/#breadcrumb\",\"itemListElement\":[{\"@type\":\"ListItem\",\"position\":1,\"name\":\"In\u00edcio\",\"item\":\"https:\\\/\\\/ubirataonline.com.br\\\/\"},{\"@type\":\"ListItem\",\"position\":2,\"name\":\"Miley Cyrus honored with star on the Hollywood Walk of Fame\"}]},{\"@type\":\"WebSite\",\"@id\":\"https:\\\/\\\/ubirataonline.com.br\\\/#website\",\"url\":\"https:\\\/\\\/ubirataonline.com.br\\\/\",\"name\":\"Ubirat\u00e3 Online Not\u00edcias\",\"description\":\"Not\u00edcias de Ubirat\u00e3, regi\u00e3o, Brasil e mundo, com informa\u00e7\u00e3o atualizada e compromisso com o leitor.\",\"publisher\":{\"@id\":\"https:\\\/\\\/ubirataonline.com.br\\\/#organization\"},\"alternateName\":\"Ubirat\u00e3 Online\",\"potentialAction\":[{\"@type\":\"SearchAction\",\"target\":{\"@type\":\"EntryPoint\",\"urlTemplate\":\"https:\\\/\\\/ubirataonline.com.br\\\/?s={search_term_string}\"},\"query-input\":{\"@type\":\"PropertyValueSpecification\",\"valueRequired\":true,\"valueName\":\"search_term_string\"}}],\"inLanguage\":\"en-US\"},{\"@type\":[\"Organization\",\"Place\"],\"@id\":\"https:\\\/\\\/ubirataonline.com.br\\\/#organization\",\"name\":\"Ubirat\u00e3 Online Not\u00edcias\",\"alternateName\":\"Ubirat\u00e3 Online\",\"url\":\"https:\\\/\\\/ubirataonline.com.br\\\/\",\"logo\":{\"@id\":\"https:\\\/\\\/ubirataonline.com.br\\\/miley-cyrus-honored-with-star-on-the-hollywood-walk-of-fame\\\/#local-main-organization-logo\"},\"image\":{\"@id\":\"https:\\\/\\\/ubirataonline.com.br\\\/miley-cyrus-honored-with-star-on-the-hollywood-walk-of-fame\\\/#local-main-organization-logo\"},\"sameAs\":[\"https:\\\/\\\/www.facebook.com\\\/portalubirataonline\",\"https:\\\/\\\/x.com\\\/ubirataonline\",\"https:\\\/\\\/mastodon.social\\\/@ubirataonline\",\"https:\\\/\\\/www.facebook.com\\\/groups\\\/311144672285604\",\"https:\\\/\\\/www.facebook.com\\\/UBTAOnline\",\"https:\\\/\\\/www.instagram.com\\\/portalubirataonline\\\/\",\"https:\\\/\\\/twitter.com\\\/ubirataonline\"],\"description\":\"Somos um portal de not\u00edcias independente, criado em 5 de janeiro de 2009, com o objetivo de informar, conectar e valorizar a nossa comunidade de Ubirat\u00e3 e toda aregi\u00e3o. Com conte\u00fado atualizado, confi\u00e1vel e relevante, o Ubirat\u00e3 Online \u00e9 o seu espa\u00e7o para ficar por dentro dos principais acontecimentos locais, regionais, Brasil, Mundo e de interesse geral. Nosso compromisso \u00e9 com a verdade, a transpar\u00eancia e o respeito ao leitor.\",\"legalName\":\"UBIRATA ONLINE NOT\u00cdCIAS\",\"foundingDate\":\"2009-01-05\",\"numberOfEmployees\":{\"@type\":\"QuantitativeValue\",\"minValue\":\"1\",\"maxValue\":\"10\"},\"publishingPrinciples\":\"https:\\\/\\\/ubirataonline.com.br\\\/faq\\\/\",\"address\":{\"@id\":\"https:\\\/\\\/ubirataonline.com.br\\\/miley-cyrus-honored-with-star-on-the-hollywood-walk-of-fame\\\/#local-main-place-address\"},\"geo\":{\"@type\":\"GeoCoordinates\",\"latitude\":\"-24.5361401\",\"longitude\":\"-52.9921776\"},\"telephone\":[\"+5544998308235\"],\"contactPoint\":{\"@type\":\"ContactPoint\",\"email\":\"contato@ubirataonline.com.br\"},\"openingHoursSpecification\":{\"@type\":\"OpeningHoursSpecification\",\"dayOfWeek\":[\"Monday\",\"Tuesday\",\"Wednesday\",\"Thursday\",\"Friday\",\"Saturday\",\"Sunday\"],\"opens\":\"00:00\",\"closes\":\"23:59\"},\"email\":\"contato@ubirataonline.com.br\",\"vatID\":\"47.621.418\\\/0001-80\"},{\"@type\":\"Person\",\"@id\":\"https:\\\/\\\/ubirataonline.com.br\\\/#\\\/schema\\\/person\\\/372f87bbd3fdd79b8556b84c98d0bc1c\",\"name\":\"REDA\u00c7\u00c3O: UBIRAT\u00c3 ONLINE - F\u00c1BIO AUGUSTO CELESTINO\",\"pronouns\":\"Ele\",\"description\":\"Desde 2003 trabalhando com not\u00edcias.\",\"sameAs\":[\"http:\\\/\\\/ubirataoline.com.br\",\"https:\\\/\\\/www.facebook.com\\\/portalubirataonline\",\"https:\\\/\\\/www.instagram.com\\\/ubirataonline_oficial\",\"https:\\\/\\\/x.com\\\/x.com\\\/ubirataonline\"],\"honorificPrefix\":\"Mr.\",\"honorificSuffix\":\"MD\",\"birthDate\":\"1980-06-16\",\"gender\":\"masculino\",\"award\":[\"V\u00e1rios pr\u00eamios de melhor portal da cidade\"],\"jobTitle\":\"Diretor\",\"url\":\"https:\\\/\\\/ubirataonline.com.br\\\/en\\\/author\\\/ubirataonline\\\/\"},{\"@type\":\"PostalAddress\",\"@id\":\"https:\\\/\\\/ubirataonline.com.br\\\/miley-cyrus-honored-with-star-on-the-hollywood-walk-of-fame\\\/#local-main-place-address\",\"streetAddress\":\"Rua dos Coqueiros, 104 - Bairro Boa Vista, Rua dos Coqueiros, 104 Bairro Boa Vista\",\"addressLocality\":\"UBIRATA\",\"postalCode\":\"85440-000\",\"addressRegion\":\"PR\",\"addressCountry\":\"BR\"},{\"@type\":\"ImageObject\",\"inLanguage\":\"en-US\",\"@id\":\"https:\\\/\\\/ubirataonline.com.br\\\/miley-cyrus-honored-with-star-on-the-hollywood-walk-of-fame\\\/#local-main-organization-logo\",\"url\":\"https:\\\/\\\/ubirataonline.com.br\\\/wp-content\\\/uploads\\\/2026\\\/06\\\/logoubirataonline-1.webp\",\"contentUrl\":\"https:\\\/\\\/ubirataonline.com.br\\\/wp-content\\\/uploads\\\/2026\\\/06\\\/logoubirataonline-1.webp\",\"width\":500,\"height\":500,\"caption\":\"Ubirat\u00e3 Online Not\u00edcias\"}]}<\/script>\n<meta name=\"geo.placename\" content=\"UBIRATA\" \/>\n<meta name=\"geo.position\" content=\"-24.5361401;-52.9921776\" \/>\n<meta name=\"geo.region\" content=\"Brazil\" \/>\n<!-- \/ Yoast SEO Premium plugin. -->","yoast_head_json":{"title":"Miley Cyrus honored with star on the Hollywood Walk of Fame - Ubirat\u00e3 Online Not\u00edcias - A realidade ao seu alcance!","description":"LOS ANGELES -- The Hollywood Chamber of Commerce gave Miley Cyrus her \"Flowers\" on Friday: a brand new star on the Hollywood Walk of Fame.A large crowd of","robots":{"index":"index","follow":"follow","max-snippet":"max-snippet:-1","max-image-preview":"max-image-preview:large","max-video-preview":"max-video-preview:-1"},"canonical":"https:\/\/ubirataonline.com.br\/en\/miley-cyrus-honored-with-star-on-the-hollywood-walk-of-fame\/","og_locale":"en_US","og_type":"article","og_title":"Miley Cyrus honored with star on the Hollywood Walk of Fame","og_description":"LOS ANGELES -- The Hollywood Chamber of Commerce gave Miley Cyrus her \"Flowers\" on Friday: a brand new star on the Hollywood Walk of Fame.A large crowd of","og_url":"https:\/\/ubirataonline.com.br\/en\/miley-cyrus-honored-with-star-on-the-hollywood-walk-of-fame\/","og_site_name":"Ubirat\u00e3 Online Not\u00edcias - A realidade ao seu alcance!","article_publisher":"https:\/\/www.facebook.com\/portalubirataonline","article_author":"https:\/\/www.facebook.com\/portalubirataonline","article_published_time":"2026-05-25T12:40:20+00:00","article_modified_time":"2026-05-25T12:40:27+00:00","og_image":[{"width":1600,"height":900,"url":"https:\/\/ubirataonline.com.br\/wp-content\/uploads\/2026\/05\/Miley-Cyrus-honored-with-star-on-the-Hollywood-Walk-of.jpg","type":"image\/jpeg"}],"author":"REDA\u00c7\u00c3O: UBIRAT\u00c3 ONLINE - F\u00c1BIO AUGUSTO CELESTINO","twitter_card":"summary_large_image","twitter_creator":"@x.com\/ubirataonline","twitter_site":"@ubirataonline","twitter_misc":{"Written by":"REDA\u00c7\u00c3O: UBIRAT\u00c3 ONLINE - F\u00c1BIO AUGUSTO CELESTINO","Est. reading time":"2 minutes"},"schema":{"@context":"https:\/\/schema.org","@graph":[{"@type":"NewsArticle","@id":"https:\/\/ubirataonline.com.br\/miley-cyrus-honored-with-star-on-the-hollywood-walk-of-fame\/#article","isPartOf":{"@id":"https:\/\/ubirataonline.com.br\/miley-cyrus-honored-with-star-on-the-hollywood-walk-of-fame\/"},"author":{"name":"REDA\u00c7\u00c3O: UBIRAT\u00c3 ONLINE - F\u00c1BIO AUGUSTO CELESTINO","@id":"https:\/\/ubirataonline.com.br\/#\/schema\/person\/372f87bbd3fdd79b8556b84c98d0bc1c"},"headline":"Miley Cyrus honored with star on the Hollywood Walk of Fame","datePublished":"2026-05-25T12:40:20+00:00","dateModified":"2026-05-25T12:40:27+00:00","mainEntityOfPage":{"@id":"https:\/\/ubirataonline.com.br\/miley-cyrus-honored-with-star-on-the-hollywood-walk-of-fame\/"},"wordCount":433,"publisher":{"@id":"https:\/\/ubirataonline.com.br\/#organization"},"image":{"@id":"https:\/\/ubirataonline.com.br\/miley-cyrus-honored-with-star-on-the-hollywood-walk-of-fame\/#primaryimage"},"thumbnailUrl":"https:\/\/ubirataonline.com.br\/wp-content\/uploads\/2026\/05\/Miley-Cyrus-honored-with-star-on-the-Hollywood-Walk-of.jpg","keywords":["Cyrus","fame","Hollywood","honored","Miley","Star","walk"],"articleSection":["Ubirat\u00e3"],"inLanguage":"en-US","copyrightYear":"2026","copyrightHolder":{"@id":"https:\/\/ubirataonline.com.br\/en\/#organization"}},{"@type":"WebPage","@id":"https:\/\/ubirataonline.com.br\/miley-cyrus-honored-with-star-on-the-hollywood-walk-of-fame\/","url":"https:\/\/ubirataonline.com.br\/miley-cyrus-honored-with-star-on-the-hollywood-walk-of-fame\/","name":"Miley Cyrus honored with star on the Hollywood Walk of Fame - Ubirat\u00e3 Online Not\u00edcias - A realidade ao seu alcance!","isPartOf":{"@id":"https:\/\/ubirataonline.com.br\/#website"},"primaryImageOfPage":{"@id":"https:\/\/ubirataonline.com.br\/miley-cyrus-honored-with-star-on-the-hollywood-walk-of-fame\/#primaryimage"},"image":{"@id":"https:\/\/ubirataonline.com.br\/miley-cyrus-honored-with-star-on-the-hollywood-walk-of-fame\/#primaryimage"},"thumbnailUrl":"https:\/\/ubirataonline.com.br\/wp-content\/uploads\/2026\/05\/Miley-Cyrus-honored-with-star-on-the-Hollywood-Walk-of.jpg","datePublished":"2026-05-25T12:40:20+00:00","dateModified":"2026-05-25T12:40:27+00:00","description":"LOS ANGELES -- The Hollywood Chamber of Commerce gave Miley Cyrus her \"Flowers\" on Friday: a brand new star on the Hollywood Walk of Fame.A large crowd of","breadcrumb":{"@id":"https:\/\/ubirataonline.com.br\/miley-cyrus-honored-with-star-on-the-hollywood-walk-of-fame\/#breadcrumb"},"inLanguage":"en-US","potentialAction":[{"@type":"ReadAction","target":["https:\/\/ubirataonline.com.br\/miley-cyrus-honored-with-star-on-the-hollywood-walk-of-fame\/"]}]},{"@type":"ImageObject","inLanguage":"en-US","@id":"https:\/\/ubirataonline.com.br\/miley-cyrus-honored-with-star-on-the-hollywood-walk-of-fame\/#primaryimage","url":"https:\/\/ubirataonline.com.br\/wp-content\/uploads\/2026\/05\/Miley-Cyrus-honored-with-star-on-the-Hollywood-Walk-of.jpg","contentUrl":"https:\/\/ubirataonline.com.br\/wp-content\/uploads\/2026\/05\/Miley-Cyrus-honored-with-star-on-the-Hollywood-Walk-of.jpg","width":1600,"height":900,"caption":"Miley Cyrus poses with her new star during a ceremony on the Hollywood Walk of Fame on Friday, May 22, 2026, in Los Angeles. Photo by Jordan Strauss\/Invision\/AP"},{"@type":"BreadcrumbList","@id":"https:\/\/ubirataonline.com.br\/miley-cyrus-honored-with-star-on-the-hollywood-walk-of-fame\/#breadcrumb","itemListElement":[{"@type":"ListItem","position":1,"name":"In\u00edcio","item":"https:\/\/ubirataonline.com.br\/"},{"@type":"ListItem","position":2,"name":"Miley Cyrus honored with star on the Hollywood Walk of Fame"}]},{"@type":"WebSite","@id":"https:\/\/ubirataonline.com.br\/#website","url":"https:\/\/ubirataonline.com.br\/","name":"Ubirat\u00e3 Online Not\u00edcias","description":"Not\u00edcias de Ubirat\u00e3, regi\u00e3o, Brasil e mundo, com informa\u00e7\u00e3o atualizada e compromisso com o leitor.","publisher":{"@id":"https:\/\/ubirataonline.com.br\/#organization"},"alternateName":"Ubirat\u00e3 Online","potentialAction":[{"@type":"SearchAction","target":{"@type":"EntryPoint","urlTemplate":"https:\/\/ubirataonline.com.br\/?s={search_term_string}"},"query-input":{"@type":"PropertyValueSpecification","valueRequired":true,"valueName":"search_term_string"}}],"inLanguage":"en-US"},{"@type":["Organization","Place"],"@id":"https:\/\/ubirataonline.com.br\/#organization","name":"Ubirat\u00e3 Online Not\u00edcias","alternateName":"Ubirat\u00e3 Online","url":"https:\/\/ubirataonline.com.br\/","logo":{"@id":"https:\/\/ubirataonline.com.br\/miley-cyrus-honored-with-star-on-the-hollywood-walk-of-fame\/#local-main-organization-logo"},"image":{"@id":"https:\/\/ubirataonline.com.br\/miley-cyrus-honored-with-star-on-the-hollywood-walk-of-fame\/#local-main-organization-logo"},"sameAs":["https:\/\/www.facebook.com\/portalubirataonline","https:\/\/x.com\/ubirataonline","https:\/\/mastodon.social\/@ubirataonline","https:\/\/www.facebook.com\/groups\/311144672285604","https:\/\/www.facebook.com\/UBTAOnline","https:\/\/www.instagram.com\/portalubirataonline\/","https:\/\/twitter.com\/ubirataonline"],"description":"Somos um portal de not\u00edcias independente, criado em 5 de janeiro de 2009, com o objetivo de informar, conectar e valorizar a nossa comunidade de Ubirat\u00e3 e toda aregi\u00e3o. Com conte\u00fado atualizado, confi\u00e1vel e relevante, o Ubirat\u00e3 Online \u00e9 o seu espa\u00e7o para ficar por dentro dos principais acontecimentos locais, regionais, Brasil, Mundo e de interesse geral. Nosso compromisso \u00e9 com a verdade, a transpar\u00eancia e o respeito ao leitor.","legalName":"UBIRATA ONLINE NOT\u00cdCIAS","foundingDate":"2009-01-05","numberOfEmployees":{"@type":"QuantitativeValue","minValue":"1","maxValue":"10"},"publishingPrinciples":"https:\/\/ubirataonline.com.br\/faq\/","address":{"@id":"https:\/\/ubirataonline.com.br\/miley-cyrus-honored-with-star-on-the-hollywood-walk-of-fame\/#local-main-place-address"},"geo":{"@type":"GeoCoordinates","latitude":"-24.5361401","longitude":"-52.9921776"},"telephone":["+5544998308235"],"contactPoint":{"@type":"ContactPoint","email":"contato@ubirataonline.com.br"},"openingHoursSpecification":{"@type":"OpeningHoursSpecification","dayOfWeek":["Monday","Tuesday","Wednesday","Thursday","Friday","Saturday","Sunday"],"opens":"00:00","closes":"23:59"},"email":"contato@ubirataonline.com.br","vatID":"47.621.418\/0001-80"},{"@type":"Person","@id":"https:\/\/ubirataonline.com.br\/#\/schema\/person\/372f87bbd3fdd79b8556b84c98d0bc1c","name":"REDA\u00c7\u00c3O: UBIRAT\u00c3 ONLINE - F\u00c1BIO AUGUSTO CELESTINO","pronouns":"Ele","description":"Desde 2003 trabalhando com not\u00edcias.","sameAs":["http:\/\/ubirataoline.com.br","https:\/\/www.facebook.com\/portalubirataonline","https:\/\/www.instagram.com\/ubirataonline_oficial","https:\/\/x.com\/x.com\/ubirataonline"],"honorificPrefix":"Mr.","honorificSuffix":"MD","birthDate":"1980-06-16","gender":"masculino","award":["V\u00e1rios pr\u00eamios de melhor portal da cidade"],"jobTitle":"Diretor","url":"https:\/\/ubirataonline.com.br\/en\/author\/ubirataonline\/"},{"@type":"PostalAddress","@id":"https:\/\/ubirataonline.com.br\/miley-cyrus-honored-with-star-on-the-hollywood-walk-of-fame\/#local-main-place-address","streetAddress":"Rua dos Coqueiros, 104 - Bairro Boa Vista, Rua dos Coqueiros, 104 Bairro Boa Vista","addressLocality":"UBIRATA","postalCode":"85440-000","addressRegion":"PR","addressCountry":"BR"},{"@type":"ImageObject","inLanguage":"en-US","@id":"https:\/\/ubirataonline.com.br\/miley-cyrus-honored-with-star-on-the-hollywood-walk-of-fame\/#local-main-organization-logo","url":"https:\/\/ubirataonline.com.br\/wp-content\/uploads\/2026\/06\/logoubirataonline-1.webp","contentUrl":"https:\/\/ubirataonline.com.br\/wp-content\/uploads\/2026\/06\/logoubirataonline-1.webp","width":500,"height":500,"caption":"Ubirat\u00e3 Online Not\u00edcias"}]},"geo.placename":"UBIRATA","geo.position":{"lat":"-24.5361401","long":"-52.9921776"},"geo.region":"Brazil"},"_links":{"self":[{"href":"https:\/\/ubirataonline.com.br\/en\/wp-json\/wp\/v2\/posts\/138919","targetHints":{"allow":["GET"]}}],"collection":[{"href":"https:\/\/ubirataonline.com.br\/en\/wp-json\/wp\/v2\/posts"}],"about":[{"href":"https:\/\/ubirataonline.com.br\/en\/wp-json\/wp\/v2\/types\/post"}],"author":[{"embeddable":true,"href":"https:\/\/ubirataonline.com.br\/en\/wp-json\/wp\/v2\/users\/1"}],"replies":[{"embeddable":true,"href":"https:\/\/ubirataonline.com.br\/en\/wp-json\/wp\/v2\/comments?post=138919"}],"version-history":[{"count":0,"href":"https:\/\/ubirataonline.com.br\/en\/wp-json\/wp\/v2\/posts\/138919\/revisions"}],"wp:featuredmedia":[{"embeddable":true,"href":"https:\/\/ubirataonline.com.br\/en\/wp-json\/wp\/v2\/media\/138920"}],"wp:attachment":[{"href":"https:\/\/ubirataonline.com.br\/en\/wp-json\/wp\/v2\/media?parent=138919"}],"wp:term":[{"taxonomy":"category","embeddable":true,"href":"https:\/\/ubirataonline.com.br\/en\/wp-json\/wp\/v2\/categories?post=138919"},{"taxonomy":"post_tag","embeddable":true,"href":"https:\/\/ubirataonline.com.br\/en\/wp-json\/wp\/v2\/tags?post=138919"}],"curies":[{"name":"wp","href":"https:\/\/api.w.org\/{rel}","templated":true}]}}