{"id":140507,"date":"2026-05-27T04:18:17","date_gmt":"2026-05-27T07:18:17","guid":{"rendered":"https:\/\/ubirataonline.com.br\/gigante-brasileira-de-cosmeticos-promove-debate-sobre-clima-com-geracao-z\/"},"modified":"2026-05-27T04:18:20","modified_gmt":"2026-05-27T07:18:20","slug":"gigante-brasileira-de-cosmeticos-promove-debate-sobre-clima-com-geracao-z","status":"publish","type":"post","link":"https:\/\/ubirataonline.com.br\/en\/gigante-brasileira-de-cosmeticos-promove-debate-sobre-clima-com-geracao-z\/","title":{"rendered":"Gigante brasileira de cosm\u00e9ticos promove debate sobre clima com gera\u00e7\u00e3o Z"},"content":{"rendered":"<p><\/p>\n<div id=\"post-content\">\n<p>Como crescer, inovar e gerar prosperidade sem ultrapassar os limites da Terra? Para discutir a urg\u00eancia clim\u00e1tica, a Natura se inspirou em um estilo de debate que vem se popularizando nas redes sociais, o \u201cum contra muitos\u201d, formato em que pessoas de distintas perspectivas sentam-se frente a frente para discutir temas da atualidade. Entretanto, a proposta do encontro \u201cAqui tem cuidado com o planeta\u201d tem um objetivo diferente: transformar as potenciais discord\u00e2ncias em fontes de otimismo e impulsionar a a\u00e7\u00e3o diante de desafios socioambientais.<\/p>\n<p>Para isso, a marca reuniu a vice-presidente de Sustentabilidade, Jur\u00eddico e Reputa\u00e7\u00e3o Corporativa, Ana Costa, e dez jovens de v\u00e1rias regi\u00f5es do Brasil em uma conversa aberta, sem filtros e baseada na escuta. Durante o encontro, os jovens assumiram o papel de entrevistadores e colocaram na mesa d\u00favidas sobre as escolhas das empresas e caminhos poss\u00edveis para a constru\u00e7\u00e3o de um futuro mais pr\u00f3spero.<\/p>\n<p>\u201cQueremos mostrar que tend\u00eancias virais tamb\u00e9m podem ser uma oportunidade para gerar conversas e qualificar o debate no ambiente digital com uma linguagem simples e atual. Nosso desejo \u00e9 que esses jovens inspirem suas comunidades e que tenhamos, a partir de ent\u00e3o, a\u00e7\u00f5es para transformar realidades e gerar impacto positivo para as pessoas e a natureza\u201d, diz Ana Costa. O encontro j\u00e1 est\u00e1 dispon\u00edvel no <a href=\"https:\/\/www.youtube.com\/watch?v=39E9n6f9NqM\" target=\"_blank\" rel=\"noreferrer noopener\">canal de YouTube e nas redes sociais da marca<\/a>.<\/p>\n<p>A escolha da gera\u00e7\u00e3o Z n\u00e3o foi ao acaso. Apesar de 72% dos jovens brasileiros demonstrarem preocupa\u00e7\u00e3o com a crise clim\u00e1tica, 70% tamb\u00e9m acreditam que ainda h\u00e1 tempo para resolver os problemas causados pelas mudan\u00e7as do clima. Os dados s\u00e3o do estudo \u201cFuturo dos jovens no clima \u2013 preparando para um futuro sustent\u00e1vel\u201d, realizado pela UNICEF Brasil em parceria com a Capgemini.<\/p>\n<p>\u201cTemos a ambi\u00e7\u00e3o de ser uma empresa 100% regenerativa at\u00e9 2050. Nesta jornada, precisamos engajar a gera\u00e7\u00e3o Z. \u00c9 importante ir al\u00e9m da preocupa\u00e7\u00e3o e trazer a discuss\u00e3o sobre um futuro poss\u00edvel\u201d, acrescenta Ana Costa.<\/p>\n<h2 class=\"wp-block-heading\" id=\"h-visao-2050\">Vis\u00e3o 2050<\/h2>\n<p>Este lan\u00e7amento d\u00e1 continuidade \u00e0 narrativa institucional da Natura iniciada no ano passado ao apresentar sua Vis\u00e3o 2050, compromisso p\u00fablico que guia a transi\u00e7\u00e3o da companhia para um modelo de neg\u00f3cio totalmente regenerativo \u2013 ou seja, que gera impacto positivo simultaneamente em quatro capitais: social, humano, ambiental e financeiro. <\/p>\n<section class=\"virals\">\n<article class=\"cardnews cardnews--post cardnews--has-thumbnail cardnews--editorial-noticias\"> <a href=\"https:\/\/www.tribunapr.com.br\/noticias\/parana\/renato-freitas-fala-sobre-infancia-carreira-politica-e-processos-de-cassacao\/?utm_source=noticias-virais-rodape&amp;utm_medium=internal-tribuna&amp;utm_campaign=tribuna\" class=\"cardnews__postlink\"> <\/p>\n<div class=\"cardnews__image\" is-api-thumb=\"\"><\/div>\n<div class=\"cardnews__content cardhome__content\">\n<div class=\"cardnews__content-wrapper\">\n<p> <span style=\"\"> Entrevista <\/span> <\/p>\n<p>\u201cNunca imaginei viver mais de 30 anos\u201d, Renato Freitas relembra inf\u00e2ncia e comenta vida pol\u00edtica<\/p>\n<\/p><\/div>\n<\/p><\/div>\n<p> <\/a> <\/article>\n<article class=\"cardnews cardnews--post cardnews--has-thumbnail cardnews--editorial-noticias\"> <a href=\"https:\/\/www.tribunapr.com.br\/noticias\/parana\/eu-nao-costumo-tirar-segundo-lugar-diz-rafael-greca-pre-candidato-ao-governo-do-parana\/?utm_source=noticias-virais-rodape&amp;utm_medium=internal-tribuna&amp;utm_campaign=tribuna\" class=\"cardnews__postlink\"> <\/p>\n<div class=\"cardnews__image\" is-api-thumb=\"\"><img decoding=\"async\" src=\"https:\/\/www.tribunapr.com.br\/wp-content\/uploads\/2026\/05\/08172341\/rafael-greca-eduardoklisiewicz2-1-370x210.jpg\" loading=\"lazy\" alt=\"\u201cEu n\u00e3o costumo tirar segundo lugar\u201d, diz Rafael Greca, pr\u00e9-candidato ao governo do Paran\u00e1\"\/><\/div>\n<div class=\"cardnews__content cardhome__content\">\n<div class=\"cardnews__content-wrapper\">\n<p> <span style=\"\"> Tribuna Entrevista <\/span> <\/p>\n<p>\u201cEu n\u00e3o costumo tirar segundo lugar\u201d, diz Rafael Greca, pr\u00e9-candidato ao governo do Paran\u00e1<\/p>\n<\/p><\/div>\n<\/p><\/div>\n<p> <\/a> <\/article>\n<article class=\"cardnews cardnews--post cardnews--has-thumbnail cardnews--editorial-noticias\"> <a href=\"https:\/\/www.tribunapr.com.br\/noticias\/parana\/parana-mira-em-cafes-especiais-para-recuperar-relevancia-apos-geada-negra\/?utm_source=noticias-virais-rodape&amp;utm_medium=internal-tribuna&amp;utm_campaign=tribuna\" class=\"cardnews__postlink\"> <\/p>\n<div class=\"cardnews__image\" is-api-thumb=\"\"><img decoding=\"async\" src=\"https:\/\/www.tribunapr.com.br\/wp-content\/uploads\/2026\/05\/15211545\/cafe-parana-370x210.jpg\" loading=\"lazy\" alt=\"Paran\u00e1 mira em caf\u00e9s especiais para recuperar relev\u00e2ncia ap\u00f3s Geada Negra\"\/><\/div>\n<div class=\"cardnews__content cardhome__content\">\n<div class=\"cardnews__content-wrapper\">\n<p> <span style=\"\"> Cafeicultura <\/span> <\/p>\n<p>Paran\u00e1 mira em caf\u00e9s especiais para recuperar relev\u00e2ncia ap\u00f3s Geada Negra<\/p>\n<\/p><\/div>\n<\/p><\/div>\n<p> <\/a> <\/article>\n<\/section>\n<div id=\"tribuna-follow-cta\">\n<p> <span class=\"cta-title\">Siga a <span class=\"tribuna-color\">Tribuna<\/span> no Google, e acompanhe as \u00faltimas not\u00edcias de Curitiba e regi\u00e3o!<\/span> <\/p>\n<p> <a href=\"https:\/\/profile.google.com\/cp\/CgwvZy8xMmxxajUzM3Mac2h0dHBzOi8vd3d3LnRyaWJ1bmFwci5jb20uYnIvdml2YS92aXRyaW5lL2dpZ2FudGUtZG8tdmVzdHVhcmlvLXJlaW5hdWd1cmEtbG9qYS1lbS1zaG9wcGluZy10cmFkaWNpb25hbC1kZS1jdXJpdGliYS8iElRyaWJ1bmEgZG8gUGFyYW7DoSqAAwrHAWh0dHBzOi8vZW5jcnlwdGVkLXRibjIuZ3N0YXRpYy5jb20vZmF2aWNvbi10Ym4_cT10Ym46QU5kOUdjUVJPbjVDRjR6TzJPbkUwTXZrRlRCRTY2U0g1bGlaVDRaZTV3bWNKeU5GRm1BSnluM01nNU9PR3BXY1pYMzZwYU5HUWtsZ09JVEFLTTNNZVNGbTc1aWp6M3k2ajUtQ3M2b25kX2JUcFFQQkVLd3RsUjBsTmJESnUtVHhrNXQtbFlCNlVpOWZSVVFjT2cSswFodHRwczovL2VuY3J5cHRlZC10Ym4zLmdzdGF0aWMuY29tL2Zhdmljb24tdGJuP3E9dGJuJTNBQU5kOUdjU0FMaWJ2eFF0YXdFMFRueVdWWmVKRS1MZEdRZjVTUi1OZ2RMazhyZzIwVy1nM0JuQ1F4VDNKZFBjRXR2THdBeVRxUDJEdHVycEdVR29CQkxpYzM5al9wSmFxRERaMHNCYW05WEVhSGVsMmZTQmdKdlF4WWVyMw\" target=\"_blank\" title=\"Seguir a Tribuna no Google\">  <\/a> <\/div>\n<\/p><\/div>\n<p><a href=\"https:\/\/www.tribunapr.com.br\/viva\/vitrine\/gigante-brasileira-de-cosmeticos-promove-debate-sobre-clima-com-geracao-z\/\">Fonte do Artigo <\/a><br \/>\nSee more: https:\/\/theglobaltrack.com\/<br \/>\nhttps:\/\/corinthiames.com.br\/<\/p>","protected":false},"excerpt":{"rendered":"<p>Como crescer, inovar e gerar prosperidade sem ultrapassar os limites da Terra? Para discutir a urg\u00eancia clim\u00e1tica, a Natura se inspirou em um estilo de debate que vem se popularizando nas redes sociais, o \u201cum contra muitos\u201d, formato em que pessoas de distintas perspectivas sentam-se frente a frente para discutir temas da atualidade. Entretanto, a [&hellip;]<\/p>\n","protected":false},"author":1,"featured_media":140508,"comment_status":"closed","ping_status":"","sticky":false,"template":"","format":"standard","meta":{"googlesitekit_rrm_CAow2JLhCw:productID":"","_gspb_post_css":"","maa_idioma":"","maa_pais":"","footnotes":""},"categories":[1],"tags":[68,1788,17536,8304,21858,10312,4878,3203],"class_list":["post-140507","post","type-post","status-publish","format-standard","has-post-thumbnail","hentry","category-ubirata","tag-brasileira","tag-clima","tag-cosmeticos","tag-debate","tag-geracao","tag-gigante","tag-promove","tag-sobre"],"blocksy_meta":[],"yoast_head":"<!-- This site is optimized with the Yoast SEO Premium plugin v27.6 (Yoast SEO v27.6) - https:\/\/yoast.com\/product\/yoast-seo-premium-wordpress\/ -->\n<title>Gigante brasileira de cosm\u00e9ticos promove debate sobre clima com gera\u00e7\u00e3o Z - Ubirat\u00e3 Online Not\u00edcias - A realidade ao seu alcance!<\/title>\n<meta name=\"description\" content=\"Como crescer, inovar e gerar prosperidade sem ultrapassar os limites da Terra? Para discutir a urg\u00eancia clim\u00e1tica, a Natura se inspirou em um estilo de\" \/>\n<meta name=\"robots\" content=\"index, follow, max-snippet:-1, max-image-preview:large, max-video-preview:-1\" \/>\n<link rel=\"canonical\" href=\"https:\/\/ubirataonline.com.br\/en\/gigante-brasileira-de-cosmeticos-promove-debate-sobre-clima-com-geracao-z\/\" \/>\n<meta property=\"og:locale\" content=\"en_US\" \/>\n<meta property=\"og:type\" content=\"article\" \/>\n<meta property=\"og:title\" content=\"Gigante brasileira de cosm\u00e9ticos promove debate sobre clima com gera\u00e7\u00e3o Z\" \/>\n<meta property=\"og:description\" content=\"Como crescer, inovar e gerar prosperidade sem ultrapassar os limites da Terra? Para discutir a urg\u00eancia clim\u00e1tica, a Natura se inspirou em um estilo de\" \/>\n<meta property=\"og:url\" content=\"https:\/\/ubirataonline.com.br\/en\/gigante-brasileira-de-cosmeticos-promove-debate-sobre-clima-com-geracao-z\/\" \/>\n<meta property=\"og:site_name\" content=\"Ubirat\u00e3 Online Not\u00edcias - A realidade ao seu alcance!\" \/>\n<meta property=\"article:publisher\" content=\"https:\/\/www.facebook.com\/portalubirataonline\" \/>\n<meta property=\"article:author\" content=\"https:\/\/www.facebook.com\/portalubirataonline\" \/>\n<meta property=\"article:published_time\" content=\"2026-05-27T07:18:17+00:00\" \/>\n<meta property=\"article:modified_time\" content=\"2026-05-27T07:18:20+00:00\" \/>\n<meta property=\"og:image\" content=\"https:\/\/ubirataonline.com.br\/wp-content\/uploads\/2026\/05\/Gigante-brasileira-de-cosmeticos-promove-debate-sobre-clima-com-geracao.jpeg\" \/>\n\t<meta property=\"og:image:width\" content=\"2000\" \/>\n\t<meta property=\"og:image:height\" content=\"1125\" \/>\n\t<meta property=\"og:image:type\" content=\"image\/jpeg\" \/>\n<meta name=\"author\" content=\"REDA\u00c7\u00c3O: UBIRAT\u00c3 ONLINE - F\u00c1BIO AUGUSTO CELESTINO\" \/>\n<meta name=\"twitter:card\" content=\"summary_large_image\" \/>\n<meta name=\"twitter:creator\" content=\"@x.com\/ubirataonline\" \/>\n<meta name=\"twitter:site\" content=\"@ubirataonline\" \/>\n<meta name=\"twitter:label1\" content=\"Written by\" \/>\n\t<meta name=\"twitter:data1\" content=\"REDA\u00c7\u00c3O: UBIRAT\u00c3 ONLINE - F\u00c1BIO AUGUSTO CELESTINO\" \/>\n\t<meta name=\"twitter:label2\" content=\"Est. reading time\" \/>\n\t<meta name=\"twitter:data2\" content=\"2 minutes\" \/>\n<script type=\"application\/ld+json\" class=\"yoast-schema-graph\">{\"@context\":\"https:\\\/\\\/schema.org\",\"@graph\":[{\"@type\":\"NewsArticle\",\"@id\":\"https:\\\/\\\/ubirataonline.com.br\\\/gigante-brasileira-de-cosmeticos-promove-debate-sobre-clima-com-geracao-z\\\/#article\",\"isPartOf\":{\"@id\":\"https:\\\/\\\/ubirataonline.com.br\\\/gigante-brasileira-de-cosmeticos-promove-debate-sobre-clima-com-geracao-z\\\/\"},\"author\":{\"name\":\"REDA\u00c7\u00c3O: UBIRAT\u00c3 ONLINE - F\u00c1BIO AUGUSTO CELESTINO\",\"@id\":\"https:\\\/\\\/ubirataonline.com.br\\\/#\\\/schema\\\/person\\\/372f87bbd3fdd79b8556b84c98d0bc1c\"},\"headline\":\"Gigante brasileira de cosm\u00e9ticos promove debate sobre clima com gera\u00e7\u00e3o Z\",\"datePublished\":\"2026-05-27T07:18:17+00:00\",\"dateModified\":\"2026-05-27T07:18:20+00:00\",\"mainEntityOfPage\":{\"@id\":\"https:\\\/\\\/ubirataonline.com.br\\\/gigante-brasileira-de-cosmeticos-promove-debate-sobre-clima-com-geracao-z\\\/\"},\"wordCount\":487,\"publisher\":{\"@id\":\"https:\\\/\\\/ubirataonline.com.br\\\/#organization\"},\"image\":{\"@id\":\"https:\\\/\\\/ubirataonline.com.br\\\/gigante-brasileira-de-cosmeticos-promove-debate-sobre-clima-com-geracao-z\\\/#primaryimage\"},\"thumbnailUrl\":\"https:\\\/\\\/ubirataonline.com.br\\\/wp-content\\\/uploads\\\/2026\\\/05\\\/Gigante-brasileira-de-cosmeticos-promove-debate-sobre-clima-com-geracao.jpeg\",\"keywords\":[\"Brasileira\",\"CLIMA\",\"cosm\u00e9ticos\",\"debate\",\"gera\u00e7\u00e3o\",\"gigante\",\"promove\",\"sobre\"],\"articleSection\":[\"Ubirat\u00e3\"],\"inLanguage\":\"en-US\",\"copyrightYear\":\"2026\",\"copyrightHolder\":{\"@id\":\"https:\\\/\\\/ubirataonline.com.br\\\/en\\\/#organization\"}},{\"@type\":\"WebPage\",\"@id\":\"https:\\\/\\\/ubirataonline.com.br\\\/gigante-brasileira-de-cosmeticos-promove-debate-sobre-clima-com-geracao-z\\\/\",\"url\":\"https:\\\/\\\/ubirataonline.com.br\\\/gigante-brasileira-de-cosmeticos-promove-debate-sobre-clima-com-geracao-z\\\/\",\"name\":\"Gigante brasileira de cosm\u00e9ticos promove debate sobre clima com gera\u00e7\u00e3o Z - Ubirat\u00e3 Online Not\u00edcias - A realidade ao seu alcance!\",\"isPartOf\":{\"@id\":\"https:\\\/\\\/ubirataonline.com.br\\\/#website\"},\"primaryImageOfPage\":{\"@id\":\"https:\\\/\\\/ubirataonline.com.br\\\/gigante-brasileira-de-cosmeticos-promove-debate-sobre-clima-com-geracao-z\\\/#primaryimage\"},\"image\":{\"@id\":\"https:\\\/\\\/ubirataonline.com.br\\\/gigante-brasileira-de-cosmeticos-promove-debate-sobre-clima-com-geracao-z\\\/#primaryimage\"},\"thumbnailUrl\":\"https:\\\/\\\/ubirataonline.com.br\\\/wp-content\\\/uploads\\\/2026\\\/05\\\/Gigante-brasileira-de-cosmeticos-promove-debate-sobre-clima-com-geracao.jpeg\",\"datePublished\":\"2026-05-27T07:18:17+00:00\",\"dateModified\":\"2026-05-27T07:18:20+00:00\",\"description\":\"Como crescer, inovar e gerar prosperidade sem ultrapassar os limites da Terra? Para discutir a urg\u00eancia clim\u00e1tica, a Natura se inspirou em um estilo de\",\"breadcrumb\":{\"@id\":\"https:\\\/\\\/ubirataonline.com.br\\\/gigante-brasileira-de-cosmeticos-promove-debate-sobre-clima-com-geracao-z\\\/#breadcrumb\"},\"inLanguage\":\"en-US\",\"potentialAction\":[{\"@type\":\"ReadAction\",\"target\":[\"https:\\\/\\\/ubirataonline.com.br\\\/gigante-brasileira-de-cosmeticos-promove-debate-sobre-clima-com-geracao-z\\\/\"]}]},{\"@type\":\"ImageObject\",\"inLanguage\":\"en-US\",\"@id\":\"https:\\\/\\\/ubirataonline.com.br\\\/gigante-brasileira-de-cosmeticos-promove-debate-sobre-clima-com-geracao-z\\\/#primaryimage\",\"url\":\"https:\\\/\\\/ubirataonline.com.br\\\/wp-content\\\/uploads\\\/2026\\\/05\\\/Gigante-brasileira-de-cosmeticos-promove-debate-sobre-clima-com-geracao.jpeg\",\"contentUrl\":\"https:\\\/\\\/ubirataonline.com.br\\\/wp-content\\\/uploads\\\/2026\\\/05\\\/Gigante-brasileira-de-cosmeticos-promove-debate-sobre-clima-com-geracao.jpeg\",\"width\":2000,\"height\":1125,\"caption\":\"Vice-presidente de Sustentabilidade, Jur\u00eddico e Reputa\u00e7\u00e3o Corporativa da Natura, Ana Costa. Foto: Reprodu\u00e7\u00e3o Natura\"},{\"@type\":\"BreadcrumbList\",\"@id\":\"https:\\\/\\\/ubirataonline.com.br\\\/gigante-brasileira-de-cosmeticos-promove-debate-sobre-clima-com-geracao-z\\\/#breadcrumb\",\"itemListElement\":[{\"@type\":\"ListItem\",\"position\":1,\"name\":\"In\u00edcio\",\"item\":\"https:\\\/\\\/ubirataonline.com.br\\\/\"},{\"@type\":\"ListItem\",\"position\":2,\"name\":\"Gigante brasileira de cosm\u00e9ticos promove debate sobre clima com gera\u00e7\u00e3o Z\"}]},{\"@type\":\"WebSite\",\"@id\":\"https:\\\/\\\/ubirataonline.com.br\\\/#website\",\"url\":\"https:\\\/\\\/ubirataonline.com.br\\\/\",\"name\":\"Ubirat\u00e3 Online Not\u00edcias\",\"description\":\"Not\u00edcias de Ubirat\u00e3, regi\u00e3o, Brasil e mundo, com informa\u00e7\u00e3o atualizada e compromisso com o leitor.\",\"publisher\":{\"@id\":\"https:\\\/\\\/ubirataonline.com.br\\\/#organization\"},\"alternateName\":\"Ubirat\u00e3 Online\",\"potentialAction\":[{\"@type\":\"SearchAction\",\"target\":{\"@type\":\"EntryPoint\",\"urlTemplate\":\"https:\\\/\\\/ubirataonline.com.br\\\/?s={search_term_string}\"},\"query-input\":{\"@type\":\"PropertyValueSpecification\",\"valueRequired\":true,\"valueName\":\"search_term_string\"}}],\"inLanguage\":\"en-US\"},{\"@type\":[\"Organization\",\"Place\"],\"@id\":\"https:\\\/\\\/ubirataonline.com.br\\\/#organization\",\"name\":\"Ubirat\u00e3 Online Not\u00edcias\",\"alternateName\":\"Ubirat\u00e3 Online\",\"url\":\"https:\\\/\\\/ubirataonline.com.br\\\/\",\"logo\":{\"@id\":\"https:\\\/\\\/ubirataonline.com.br\\\/gigante-brasileira-de-cosmeticos-promove-debate-sobre-clima-com-geracao-z\\\/#local-main-organization-logo\"},\"image\":{\"@id\":\"https:\\\/\\\/ubirataonline.com.br\\\/gigante-brasileira-de-cosmeticos-promove-debate-sobre-clima-com-geracao-z\\\/#local-main-organization-logo\"},\"sameAs\":[\"https:\\\/\\\/www.facebook.com\\\/portalubirataonline\",\"https:\\\/\\\/x.com\\\/ubirataonline\",\"https:\\\/\\\/mastodon.social\\\/@ubirataonline\",\"https:\\\/\\\/www.facebook.com\\\/groups\\\/311144672285604\",\"https:\\\/\\\/www.facebook.com\\\/UBTAOnline\",\"https:\\\/\\\/www.instagram.com\\\/portalubirataonline\\\/\",\"https:\\\/\\\/twitter.com\\\/ubirataonline\"],\"description\":\"Somos um portal de not\u00edcias independente, criado em 5 de janeiro de 2009, com o objetivo de informar, conectar e valorizar a nossa comunidade de Ubirat\u00e3 e toda aregi\u00e3o. Com conte\u00fado atualizado, confi\u00e1vel e relevante, o Ubirat\u00e3 Online \u00e9 o seu espa\u00e7o para ficar por dentro dos principais acontecimentos locais, regionais, Brasil, Mundo e de interesse geral. Nosso compromisso \u00e9 com a verdade, a transpar\u00eancia e o respeito ao leitor.\",\"legalName\":\"UBIRATA ONLINE NOT\u00cdCIAS\",\"foundingDate\":\"2009-01-05\",\"numberOfEmployees\":{\"@type\":\"QuantitativeValue\",\"minValue\":\"1\",\"maxValue\":\"10\"},\"publishingPrinciples\":\"https:\\\/\\\/ubirataonline.com.br\\\/faq\\\/\",\"address\":{\"@id\":\"https:\\\/\\\/ubirataonline.com.br\\\/gigante-brasileira-de-cosmeticos-promove-debate-sobre-clima-com-geracao-z\\\/#local-main-place-address\"},\"geo\":{\"@type\":\"GeoCoordinates\",\"latitude\":\"-24.5361401\",\"longitude\":\"-52.9921776\"},\"telephone\":[\"+5544998308235\"],\"contactPoint\":{\"@type\":\"ContactPoint\",\"email\":\"contato@ubirataonline.com.br\"},\"openingHoursSpecification\":{\"@type\":\"OpeningHoursSpecification\",\"dayOfWeek\":[\"Monday\",\"Tuesday\",\"Wednesday\",\"Thursday\",\"Friday\",\"Saturday\",\"Sunday\"],\"opens\":\"00:00\",\"closes\":\"23:59\"},\"email\":\"contato@ubirataonline.com.br\",\"vatID\":\"47.621.418\\\/0001-80\"},{\"@type\":\"Person\",\"@id\":\"https:\\\/\\\/ubirataonline.com.br\\\/#\\\/schema\\\/person\\\/372f87bbd3fdd79b8556b84c98d0bc1c\",\"name\":\"REDA\u00c7\u00c3O: UBIRAT\u00c3 ONLINE - F\u00c1BIO AUGUSTO CELESTINO\",\"pronouns\":\"Ele\",\"description\":\"Desde 2003 trabalhando com not\u00edcias.\",\"sameAs\":[\"http:\\\/\\\/ubirataoline.com.br\",\"https:\\\/\\\/www.facebook.com\\\/portalubirataonline\",\"https:\\\/\\\/www.instagram.com\\\/ubirataonline_oficial\",\"https:\\\/\\\/x.com\\\/x.com\\\/ubirataonline\"],\"honorificPrefix\":\"Mr.\",\"honorificSuffix\":\"MD\",\"birthDate\":\"1980-06-16\",\"gender\":\"masculino\",\"award\":[\"V\u00e1rios pr\u00eamios de melhor portal da cidade\"],\"jobTitle\":\"Diretor\",\"url\":\"https:\\\/\\\/ubirataonline.com.br\\\/en\\\/author\\\/ubirataonline\\\/\"},{\"@type\":\"PostalAddress\",\"@id\":\"https:\\\/\\\/ubirataonline.com.br\\\/gigante-brasileira-de-cosmeticos-promove-debate-sobre-clima-com-geracao-z\\\/#local-main-place-address\",\"streetAddress\":\"Rua dos Coqueiros, 104 - Bairro Boa Vista, Rua dos Coqueiros, 104 Bairro Boa Vista\",\"addressLocality\":\"UBIRATA\",\"postalCode\":\"85440-000\",\"addressRegion\":\"PR\",\"addressCountry\":\"BR\"},{\"@type\":\"ImageObject\",\"inLanguage\":\"en-US\",\"@id\":\"https:\\\/\\\/ubirataonline.com.br\\\/gigante-brasileira-de-cosmeticos-promove-debate-sobre-clima-com-geracao-z\\\/#local-main-organization-logo\",\"url\":\"https:\\\/\\\/ubirataonline.com.br\\\/wp-content\\\/uploads\\\/2026\\\/06\\\/logoubirataonline-1.webp\",\"contentUrl\":\"https:\\\/\\\/ubirataonline.com.br\\\/wp-content\\\/uploads\\\/2026\\\/06\\\/logoubirataonline-1.webp\",\"width\":500,\"height\":500,\"caption\":\"Ubirat\u00e3 Online Not\u00edcias\"}]}<\/script>\n<meta name=\"geo.placename\" content=\"UBIRATA\" \/>\n<meta name=\"geo.position\" content=\"-24.5361401;-52.9921776\" \/>\n<meta name=\"geo.region\" content=\"Brazil\" \/>\n<!-- \/ Yoast SEO Premium plugin. -->","yoast_head_json":{"title":"Gigante brasileira de cosm\u00e9ticos promove debate sobre clima com gera\u00e7\u00e3o Z - Ubirat\u00e3 Online Not\u00edcias - A realidade ao seu alcance!","description":"Como crescer, inovar e gerar prosperidade sem ultrapassar os limites da Terra? Para discutir a urg\u00eancia clim\u00e1tica, a Natura se inspirou em um estilo de","robots":{"index":"index","follow":"follow","max-snippet":"max-snippet:-1","max-image-preview":"max-image-preview:large","max-video-preview":"max-video-preview:-1"},"canonical":"https:\/\/ubirataonline.com.br\/en\/gigante-brasileira-de-cosmeticos-promove-debate-sobre-clima-com-geracao-z\/","og_locale":"en_US","og_type":"article","og_title":"Gigante brasileira de cosm\u00e9ticos promove debate sobre clima com gera\u00e7\u00e3o Z","og_description":"Como crescer, inovar e gerar prosperidade sem ultrapassar os limites da Terra? Para discutir a urg\u00eancia clim\u00e1tica, a Natura se inspirou em um estilo de","og_url":"https:\/\/ubirataonline.com.br\/en\/gigante-brasileira-de-cosmeticos-promove-debate-sobre-clima-com-geracao-z\/","og_site_name":"Ubirat\u00e3 Online Not\u00edcias - A realidade ao seu alcance!","article_publisher":"https:\/\/www.facebook.com\/portalubirataonline","article_author":"https:\/\/www.facebook.com\/portalubirataonline","article_published_time":"2026-05-27T07:18:17+00:00","article_modified_time":"2026-05-27T07:18:20+00:00","og_image":[{"width":2000,"height":1125,"url":"https:\/\/ubirataonline.com.br\/wp-content\/uploads\/2026\/05\/Gigante-brasileira-de-cosmeticos-promove-debate-sobre-clima-com-geracao.jpeg","type":"image\/jpeg"}],"author":"REDA\u00c7\u00c3O: UBIRAT\u00c3 ONLINE - F\u00c1BIO AUGUSTO CELESTINO","twitter_card":"summary_large_image","twitter_creator":"@x.com\/ubirataonline","twitter_site":"@ubirataonline","twitter_misc":{"Written by":"REDA\u00c7\u00c3O: UBIRAT\u00c3 ONLINE - F\u00c1BIO AUGUSTO CELESTINO","Est. reading time":"2 minutes"},"schema":{"@context":"https:\/\/schema.org","@graph":[{"@type":"NewsArticle","@id":"https:\/\/ubirataonline.com.br\/gigante-brasileira-de-cosmeticos-promove-debate-sobre-clima-com-geracao-z\/#article","isPartOf":{"@id":"https:\/\/ubirataonline.com.br\/gigante-brasileira-de-cosmeticos-promove-debate-sobre-clima-com-geracao-z\/"},"author":{"name":"REDA\u00c7\u00c3O: UBIRAT\u00c3 ONLINE - F\u00c1BIO AUGUSTO CELESTINO","@id":"https:\/\/ubirataonline.com.br\/#\/schema\/person\/372f87bbd3fdd79b8556b84c98d0bc1c"},"headline":"Gigante brasileira de cosm\u00e9ticos promove debate sobre clima com gera\u00e7\u00e3o Z","datePublished":"2026-05-27T07:18:17+00:00","dateModified":"2026-05-27T07:18:20+00:00","mainEntityOfPage":{"@id":"https:\/\/ubirataonline.com.br\/gigante-brasileira-de-cosmeticos-promove-debate-sobre-clima-com-geracao-z\/"},"wordCount":487,"publisher":{"@id":"https:\/\/ubirataonline.com.br\/#organization"},"image":{"@id":"https:\/\/ubirataonline.com.br\/gigante-brasileira-de-cosmeticos-promove-debate-sobre-clima-com-geracao-z\/#primaryimage"},"thumbnailUrl":"https:\/\/ubirataonline.com.br\/wp-content\/uploads\/2026\/05\/Gigante-brasileira-de-cosmeticos-promove-debate-sobre-clima-com-geracao.jpeg","keywords":["Brasileira","CLIMA","cosm\u00e9ticos","debate","gera\u00e7\u00e3o","gigante","promove","sobre"],"articleSection":["Ubirat\u00e3"],"inLanguage":"en-US","copyrightYear":"2026","copyrightHolder":{"@id":"https:\/\/ubirataonline.com.br\/en\/#organization"}},{"@type":"WebPage","@id":"https:\/\/ubirataonline.com.br\/gigante-brasileira-de-cosmeticos-promove-debate-sobre-clima-com-geracao-z\/","url":"https:\/\/ubirataonline.com.br\/gigante-brasileira-de-cosmeticos-promove-debate-sobre-clima-com-geracao-z\/","name":"Gigante brasileira de cosm\u00e9ticos promove debate sobre clima com gera\u00e7\u00e3o Z - Ubirat\u00e3 Online Not\u00edcias - A realidade ao seu alcance!","isPartOf":{"@id":"https:\/\/ubirataonline.com.br\/#website"},"primaryImageOfPage":{"@id":"https:\/\/ubirataonline.com.br\/gigante-brasileira-de-cosmeticos-promove-debate-sobre-clima-com-geracao-z\/#primaryimage"},"image":{"@id":"https:\/\/ubirataonline.com.br\/gigante-brasileira-de-cosmeticos-promove-debate-sobre-clima-com-geracao-z\/#primaryimage"},"thumbnailUrl":"https:\/\/ubirataonline.com.br\/wp-content\/uploads\/2026\/05\/Gigante-brasileira-de-cosmeticos-promove-debate-sobre-clima-com-geracao.jpeg","datePublished":"2026-05-27T07:18:17+00:00","dateModified":"2026-05-27T07:18:20+00:00","description":"Como crescer, inovar e gerar prosperidade sem ultrapassar os limites da Terra? Para discutir a urg\u00eancia clim\u00e1tica, a Natura se inspirou em um estilo de","breadcrumb":{"@id":"https:\/\/ubirataonline.com.br\/gigante-brasileira-de-cosmeticos-promove-debate-sobre-clima-com-geracao-z\/#breadcrumb"},"inLanguage":"en-US","potentialAction":[{"@type":"ReadAction","target":["https:\/\/ubirataonline.com.br\/gigante-brasileira-de-cosmeticos-promove-debate-sobre-clima-com-geracao-z\/"]}]},{"@type":"ImageObject","inLanguage":"en-US","@id":"https:\/\/ubirataonline.com.br\/gigante-brasileira-de-cosmeticos-promove-debate-sobre-clima-com-geracao-z\/#primaryimage","url":"https:\/\/ubirataonline.com.br\/wp-content\/uploads\/2026\/05\/Gigante-brasileira-de-cosmeticos-promove-debate-sobre-clima-com-geracao.jpeg","contentUrl":"https:\/\/ubirataonline.com.br\/wp-content\/uploads\/2026\/05\/Gigante-brasileira-de-cosmeticos-promove-debate-sobre-clima-com-geracao.jpeg","width":2000,"height":1125,"caption":"Vice-presidente de Sustentabilidade, Jur\u00eddico e Reputa\u00e7\u00e3o Corporativa da Natura, Ana Costa. Foto: Reprodu\u00e7\u00e3o Natura"},{"@type":"BreadcrumbList","@id":"https:\/\/ubirataonline.com.br\/gigante-brasileira-de-cosmeticos-promove-debate-sobre-clima-com-geracao-z\/#breadcrumb","itemListElement":[{"@type":"ListItem","position":1,"name":"In\u00edcio","item":"https:\/\/ubirataonline.com.br\/"},{"@type":"ListItem","position":2,"name":"Gigante brasileira de cosm\u00e9ticos promove debate sobre clima com gera\u00e7\u00e3o Z"}]},{"@type":"WebSite","@id":"https:\/\/ubirataonline.com.br\/#website","url":"https:\/\/ubirataonline.com.br\/","name":"Ubirat\u00e3 Online Not\u00edcias","description":"Not\u00edcias de Ubirat\u00e3, regi\u00e3o, Brasil e mundo, com informa\u00e7\u00e3o atualizada e compromisso com o leitor.","publisher":{"@id":"https:\/\/ubirataonline.com.br\/#organization"},"alternateName":"Ubirat\u00e3 Online","potentialAction":[{"@type":"SearchAction","target":{"@type":"EntryPoint","urlTemplate":"https:\/\/ubirataonline.com.br\/?s={search_term_string}"},"query-input":{"@type":"PropertyValueSpecification","valueRequired":true,"valueName":"search_term_string"}}],"inLanguage":"en-US"},{"@type":["Organization","Place"],"@id":"https:\/\/ubirataonline.com.br\/#organization","name":"Ubirat\u00e3 Online Not\u00edcias","alternateName":"Ubirat\u00e3 Online","url":"https:\/\/ubirataonline.com.br\/","logo":{"@id":"https:\/\/ubirataonline.com.br\/gigante-brasileira-de-cosmeticos-promove-debate-sobre-clima-com-geracao-z\/#local-main-organization-logo"},"image":{"@id":"https:\/\/ubirataonline.com.br\/gigante-brasileira-de-cosmeticos-promove-debate-sobre-clima-com-geracao-z\/#local-main-organization-logo"},"sameAs":["https:\/\/www.facebook.com\/portalubirataonline","https:\/\/x.com\/ubirataonline","https:\/\/mastodon.social\/@ubirataonline","https:\/\/www.facebook.com\/groups\/311144672285604","https:\/\/www.facebook.com\/UBTAOnline","https:\/\/www.instagram.com\/portalubirataonline\/","https:\/\/twitter.com\/ubirataonline"],"description":"Somos um portal de not\u00edcias independente, criado em 5 de janeiro de 2009, com o objetivo de informar, conectar e valorizar a nossa comunidade de Ubirat\u00e3 e toda aregi\u00e3o. Com conte\u00fado atualizado, confi\u00e1vel e relevante, o Ubirat\u00e3 Online \u00e9 o seu espa\u00e7o para ficar por dentro dos principais acontecimentos locais, regionais, Brasil, Mundo e de interesse geral. Nosso compromisso \u00e9 com a verdade, a transpar\u00eancia e o respeito ao leitor.","legalName":"UBIRATA ONLINE NOT\u00cdCIAS","foundingDate":"2009-01-05","numberOfEmployees":{"@type":"QuantitativeValue","minValue":"1","maxValue":"10"},"publishingPrinciples":"https:\/\/ubirataonline.com.br\/faq\/","address":{"@id":"https:\/\/ubirataonline.com.br\/gigante-brasileira-de-cosmeticos-promove-debate-sobre-clima-com-geracao-z\/#local-main-place-address"},"geo":{"@type":"GeoCoordinates","latitude":"-24.5361401","longitude":"-52.9921776"},"telephone":["+5544998308235"],"contactPoint":{"@type":"ContactPoint","email":"contato@ubirataonline.com.br"},"openingHoursSpecification":{"@type":"OpeningHoursSpecification","dayOfWeek":["Monday","Tuesday","Wednesday","Thursday","Friday","Saturday","Sunday"],"opens":"00:00","closes":"23:59"},"email":"contato@ubirataonline.com.br","vatID":"47.621.418\/0001-80"},{"@type":"Person","@id":"https:\/\/ubirataonline.com.br\/#\/schema\/person\/372f87bbd3fdd79b8556b84c98d0bc1c","name":"REDA\u00c7\u00c3O: UBIRAT\u00c3 ONLINE - F\u00c1BIO AUGUSTO CELESTINO","pronouns":"Ele","description":"Desde 2003 trabalhando com not\u00edcias.","sameAs":["http:\/\/ubirataoline.com.br","https:\/\/www.facebook.com\/portalubirataonline","https:\/\/www.instagram.com\/ubirataonline_oficial","https:\/\/x.com\/x.com\/ubirataonline"],"honorificPrefix":"Mr.","honorificSuffix":"MD","birthDate":"1980-06-16","gender":"masculino","award":["V\u00e1rios pr\u00eamios de melhor portal da cidade"],"jobTitle":"Diretor","url":"https:\/\/ubirataonline.com.br\/en\/author\/ubirataonline\/"},{"@type":"PostalAddress","@id":"https:\/\/ubirataonline.com.br\/gigante-brasileira-de-cosmeticos-promove-debate-sobre-clima-com-geracao-z\/#local-main-place-address","streetAddress":"Rua dos Coqueiros, 104 - Bairro Boa Vista, Rua dos Coqueiros, 104 Bairro Boa Vista","addressLocality":"UBIRATA","postalCode":"85440-000","addressRegion":"PR","addressCountry":"BR"},{"@type":"ImageObject","inLanguage":"en-US","@id":"https:\/\/ubirataonline.com.br\/gigante-brasileira-de-cosmeticos-promove-debate-sobre-clima-com-geracao-z\/#local-main-organization-logo","url":"https:\/\/ubirataonline.com.br\/wp-content\/uploads\/2026\/06\/logoubirataonline-1.webp","contentUrl":"https:\/\/ubirataonline.com.br\/wp-content\/uploads\/2026\/06\/logoubirataonline-1.webp","width":500,"height":500,"caption":"Ubirat\u00e3 Online Not\u00edcias"}]},"geo.placename":"UBIRATA","geo.position":{"lat":"-24.5361401","long":"-52.9921776"},"geo.region":"Brazil"},"_links":{"self":[{"href":"https:\/\/ubirataonline.com.br\/en\/wp-json\/wp\/v2\/posts\/140507","targetHints":{"allow":["GET"]}}],"collection":[{"href":"https:\/\/ubirataonline.com.br\/en\/wp-json\/wp\/v2\/posts"}],"about":[{"href":"https:\/\/ubirataonline.com.br\/en\/wp-json\/wp\/v2\/types\/post"}],"author":[{"embeddable":true,"href":"https:\/\/ubirataonline.com.br\/en\/wp-json\/wp\/v2\/users\/1"}],"replies":[{"embeddable":true,"href":"https:\/\/ubirataonline.com.br\/en\/wp-json\/wp\/v2\/comments?post=140507"}],"version-history":[{"count":0,"href":"https:\/\/ubirataonline.com.br\/en\/wp-json\/wp\/v2\/posts\/140507\/revisions"}],"wp:featuredmedia":[{"embeddable":true,"href":"https:\/\/ubirataonline.com.br\/en\/wp-json\/wp\/v2\/media\/140508"}],"wp:attachment":[{"href":"https:\/\/ubirataonline.com.br\/en\/wp-json\/wp\/v2\/media?parent=140507"}],"wp:term":[{"taxonomy":"category","embeddable":true,"href":"https:\/\/ubirataonline.com.br\/en\/wp-json\/wp\/v2\/categories?post=140507"},{"taxonomy":"post_tag","embeddable":true,"href":"https:\/\/ubirataonline.com.br\/en\/wp-json\/wp\/v2\/tags?post=140507"}],"curies":[{"name":"wp","href":"https:\/\/api.w.org\/{rel}","templated":true}]}}