{"id":142820,"date":"2026-05-31T19:15:00","date_gmt":"2026-05-31T19:15:00","guid":{"rendered":"https:\/\/ubirataonline.com.br\/?p=142820"},"modified":"2026-05-31T19:15:00","modified_gmt":"2026-05-31T19:15:00","slug":"voce-esta-fazendo-isso-errado-o-que-atrapalha-seu-emagrecimento-2","status":"publish","type":"post","link":"https:\/\/ubirataonline.com.br\/en\/voce-esta-fazendo-isso-errado-o-que-atrapalha-seu-emagrecimento-2\/","title":{"rendered":"Voc\u00ea est\u00e1 fazendo isso errado: o que atrapalha seu emagrecimento"},"content":{"rendered":"<p>Perder peso costuma travar menos por falta de \u201ccomer certo\u201d e mais por falhas no contexto que manda no comportamento alimentar: rotina, sono, estresse, ambiente e ades\u00e3o ao plano. Quando esses fatores ficam fora do controle, o corpo responde com fome maior, redu\u00e7\u00e3o de gasto no dia e escolhas menos previs\u00edveis, mesmo com um card\u00e1pio teoricamente adequado.<\/p><p>Uma parte relevante das tentativas falha ao tratar emagrecimento como conta simples de calorias. Na pr\u00e1tica, fatores biol\u00f3gicos e socioculturais modulam a resposta ao mesmo alimento, e isso explica por que a balan\u00e7a pode oscilar sem que a alimenta\u00e7\u00e3o esteja \u201cruim\u201d o tempo todo (<a target=\"_blank\" rel=\"noopener noreferrer nofollow\" href=\"https:\/\/jornal.usp.br\/atualidades\/emagrecer-nao-envolve-apenas-ingestao-alimentar-mas-fatores-socioculturais-e-ambientais\/\">Jornal da USP<\/a>).<\/p><p>A forma de destravar \u00e9 identificar onde o plano perde for\u00e7a no dia a dia: hor\u00e1rios, compensa\u00e7\u00f5es ap\u00f3s \u201crestri\u00e7\u00f5es\u201d e ajustes sem m\u00e9todo. Com crit\u00e9rios objetivos, fica mais f\u00e1cil revisar o que puxa a fome, o que aumenta a ades\u00e3o e quando \u201csolu\u00e7\u00f5es r\u00e1pidas\u201d viram o pr\u00f3prio obst\u00e1culo (Jornal da USP).<\/p><h2>O que, na pr\u00e1tica, est\u00e1 impedindo o emagrecimento de acontecer (mesmo com \u201ccomer certo\u201d?)<\/h2><p>O emagrecimento costuma ser sabotado por fatores como sono insuficiente e estresse cr\u00f4nico, que alteram apetite, prefer\u00eancias por alimentos mais cal\u00f3ricos e a capacidade de manter escolhas consistentes, mesmo com um prato \u201cbem montado\u201d. Tamb\u00e9m pesa a din\u00e2mica de rotina: comer r\u00e1pido, fazer refei\u00e7\u00f5es muito tarde ou em hor\u00e1rios irregulares tende a piorar o controle de saciedade e a ades\u00e3o, enquanto ambientes com poucas op\u00e7\u00f5es saud\u00e1veis dificultam repetir o mesmo padr\u00e3o.<\/p><h3>Por que contexto, rotina e biologia mudam a resposta do corpo ao mesmo card\u00e1pio<\/h3><p>O emagrecimento tende a desacelerar quando o corpo n\u00e3o recebe apenas \u201co que entra no prato\u201d, mas tamb\u00e9m sinais simult\u00e2neos de <strong>contexto<\/strong>: sono ruim, estresse alto, hor\u00e1rios irregulares e excesso de exposi\u00e7\u00e3o a ultraprocessados elevam fome real e pioram a escolha alimentar. Jornal da USP destaca que fatores socioculturais e ambientais pesam junto da ingest\u00e3o, ajudando a explicar por que planos bem calculados fracassam quando a rotina n\u00e3o sustenta o comportamento.<\/p><p>Um exemplo pr\u00e1tico \u00e9 a janela temporal: noites com menos de 7 horas costumam aumentar a procura por alimentos mais densos em energia no dia seguinte; a consequ\u00eancia costuma ser um \u201cd\u00e9ficit\u201d que n\u00e3o se sustenta, apesar do esfor\u00e7o com a dieta. Outro ponto \u00e9 a biologia individual: reten\u00e7\u00e3o de l\u00edquidos e varia\u00e7\u00f5es do consumo de sal, carboidratos e atividade f\u00edsica podem deslocar o peso na balan\u00e7a por dias, fazendo a pessoa ajustar a dieta de forma reativa.<\/p><p>Para reduzir decis\u00f5es por impulso, acompanhar medidas funcionais (como circunfer\u00eancia e for\u00e7a em atividades) por 2 semanas tende a refletir melhor a dire\u00e7\u00e3o do processo do que olhar apenas o n\u00famero di\u00e1rio.<\/p><h3>Quando a balan\u00e7a \u201cengana\u201d: reten\u00e7\u00e3o, flutua\u00e7\u00f5es e ades\u00e3o intermitente<\/h3><p>A balan\u00e7a pode \u201cenganar\u201d porque mudan\u00e7as de reten\u00e7\u00e3o e de \u00e1gua corporal aparecem antes ou junto do ajuste real de gordura. Isso causa oscila\u00e7\u00f5es mesmo com alimenta\u00e7\u00e3o consistente: no dia a dia, um prato mais salgado, mais volume de comida ou mais carboidrato no jantar tendem a elevar a reten\u00e7\u00e3o nas 24 a 72 horas seguintes, deslocando a leitura do peso para cima sem indicar ganho de gordura. O contexto do cotidiano importa para entender o ritmo do processo.<\/p><p>Quando a ades\u00e3o fica intermitente, o padr\u00e3o fica ainda mais confuso: a pessoa faz \u201ccertinho\u201d alguns dias, mas compensa nos demais, e o organismo alterna fome maior com menor gasto. Um crit\u00e9rio pr\u00e1tico ajuda: comparar tend\u00eancia semanal em vez de medidas isoladas e observar o ritmo por pelo menos 2 semanas, registrando tamb\u00e9m circunfer\u00eancia (por exemplo, cintura) em um mesmo hor\u00e1rio. Essa l\u00f3gica reduz decis\u00f5es baseadas em flutua\u00e7\u00e3o di\u00e1ria e melhora o planejamento do comportamento alimentar. (Jornal da USP)<\/p><h2>Como erros comuns aparecem no dia a dia: pular refei\u00e7\u00f5es, cortar demais e ajustar sem m\u00e9todo<\/h2><p>Os maiores sabotadores no dia a dia s\u00e3o pular refei\u00e7\u00f5es sem um motivo cl\u00ednico e usar restri\u00e7\u00f5es r\u00edgidas, que elevam a chance de \u201cdieta por puni\u00e7\u00e3o\u201d e aumentam a impulsividade na pr\u00f3xima compra ou lanche. Em 1 semana, a pessoa identifica o padr\u00e3o anotando hor\u00e1rio, fome (0 a 10) e escolhas ap\u00f3s cada refei\u00e7\u00e3o; se a fome sempre chega perto de exaust\u00e3o e a noite concentra a compensa\u00e7\u00e3o, h\u00e1 um ciclo previs\u00edvel de compensa\u00e7\u00e3o.<\/p><h3>Pular refei\u00e7\u00e3o: o que muda na fome, no apetite e na escolha do pr\u00f3ximo lanche<\/h3><p>Pular refei\u00e7\u00e3o costuma ampliar a fome de forma previs\u00edvel: a pessoa entra no \u201cmodo ca\u00e7a\u201d para o pr\u00f3ximo hor\u00e1rio, troca decis\u00f5es planejadas por escolhas r\u00e1pidas e tende a consumir mais calorias concentradas. Um sinal pr\u00e1tico \u00e9 perceber que, nos dias em que pula o almo\u00e7o, a vontade por lanche doce ou ultraprocessado aparece em menos de 2 horas ap\u00f3s o primeiro contato com comida do dia seguinte.<\/p><p>Em 1 semana, o padr\u00e3o fica f\u00e1cil de identificar por compara\u00e7\u00e3o simples entre dias \u201ccom\u201d e \u201csem\u201d refei\u00e7\u00e3o: medir a hora em que a fome chega (por exemplo, anotar no celular), avaliar a for\u00e7a do apetite em uma escala de 0 a 10 e registrar o que foi o lanche para cortar a fome.<\/p><p>Quando o corpo passa longos per\u00edodos sem energia, a decis\u00e3o no fim do dia tende a piorar; nesse cen\u00e1rio, a orienta\u00e7\u00e3o do Minist\u00e9rio da Sa\u00fade \u00e9 evitar dietas sem supervis\u00e3o e priorizar um plano com alimenta\u00e7\u00e3o adequada, porque comer de modo irregular costuma virar o principal sabotador da consist\u00eancia.<\/p><h3>Manh\u00e3 e almo\u00e7o desalinhados: quando a \u201ccompensa\u00e7\u00e3o\u201d \u00e0 noite vira o principal obst\u00e1culo<\/h3><p>Na semana, manh\u00e3 e almo\u00e7o costumam desalinhados quando a pessoa \u201creserva\u201d calorias para o fim do dia, come\u00e7ando com por\u00e7\u00f5es pequenas, pouca prote\u00edna e muita espera at\u00e9 o primeiro prato consistente. Um crit\u00e9rio pr\u00e1tico \u00e9 observar o hor\u00e1rio e a qualidade: se a maior refei\u00e7\u00e3o concentrar a maior parte do volume e a escolha noturna puxar para alimentos mais cal\u00f3ricos, a compensa\u00e7\u00e3o vira o padr\u00e3o que mant\u00e9m o processo travado.<\/p><p>Em vez de esperar o jantar definir o resultado, vale fazer um registro por 7 dias com tr\u00eas campos: hora da primeira refei\u00e7\u00e3o, presen\u00e7a de prote\u00edna (ex.: ovo, frango, iogurte) e n\u00edvel de fome antes de comer (0 a 10).<\/p><p>Se, em pelo menos 4 dias, a fome estiver \u22657 antes do almo\u00e7o ou se houver \u201cal\u00edvio\u201d com beliscos entre refei\u00e7\u00f5es, o caminho costuma ser redistribuir o prato do meio do dia para reduzir a necessidade de compensar \u00e0 noite; isso pode ser refor\u00e7ado com uma janela operacional de 3 a 5 horas entre refei\u00e7\u00f5es principais, quando houver rotina compat\u00edvel.<\/p><h3>Restringir grupos (ou carboidratos) sem margem: sinais de que a dieta est\u00e1 gerando mais compensa\u00e7\u00e3o do que controle<\/h3><ul><li>Anote o \u201cdesejo de compensar\u201d: ao cortar carboidratos\/um grupo, aumentam epis\u00f3dios de fome intensa e vontade de comer fora do plano no mesmo dia ou no seguinte\u2014isso indica controle sem margem (cai a capacidade de sustentar).<\/li><li>Procure sinais de \u201critual de restri\u00e7\u00e3o\u201d: replanejar card\u00e1pio v\u00e1rias vezes na semana, substituir sem ajustar por\u00e7\u00f5es e trocar refei\u00e7\u00f5es inteiras por \u201clanche permitido\u201d tendem a criar mais negocia\u00e7\u00e3o alimentar do que dom\u00ednio do apetite.<\/li><li>Monitore o padr\u00e3o do treino e da pr\u00e1tica: ao reduzir demais energia, a pessoa perde for\u00e7a, sente mais cansa\u00e7o e tende a encurtar atividade f\u00edsica\u2014queda de gasto piora o d\u00e9ficit e aumenta a chance de beliscar para \u201crepor\u201d.<\/li><li>Fa\u00e7a o teste de consist\u00eancia: por 7 dias, mantenha um registro r\u00e1pido (hor\u00e1rio, refei\u00e7\u00e3o, fome 0\u201310). Se a m\u00e9dia de fome subir ap\u00f3s restri\u00e7\u00f5es e a pessoa falhar no planejamento, o grupo cortado est\u00e1 virando gatilho de compensa\u00e7\u00e3o.<\/li><\/ul><h2>Evid\u00eancias e implica\u00e7\u00f5es: por que \u201csolu\u00e7\u00e3o r\u00e1pida\u201d tende a falhar e o que isso muda no planejamento<\/h2><p>O emagrecimento n\u00e3o depende s\u00f3 da ingest\u00e3o porque metabolismo, ambiente e rotina moldam o comportamento alimentar e a consist\u00eancia do plano. Evid\u00eancias discutidas em fontes brasileiras refor\u00e7am que fatores socioculturais e ambientais influenciam decis\u00f5es sobre o que comer e quando comer, enquanto \u201csolu\u00e7\u00f5es r\u00e1pidas\u201d tendem a ignorar esse contexto. Junto a isso, sono, estresse e atividade f\u00edsica modulam apetite e ades\u00e3o: um plano sustent\u00e1vel precisa de ajuste ao estilo de vida, n\u00e3o apenas de restri\u00e7\u00e3o cal\u00f3rica.<\/p><h3>Fatores socioculturais e ambientais: como o ambiente alimentar do cotidiano influencia a ades\u00e3o<\/h3><p>Ambientes alimentares nem sempre controlam a fome; eles controlam a decis\u00e3o. Quando h\u00e1 refei\u00e7\u00f5es \u201cprontas\u201d em casa, entregas frequentes no celular e rotina alternando hor\u00e1rios, o processo de emagrecimento passa a depender de planejamento e de contexto, n\u00e3o s\u00f3 de ingest\u00e3o. No cotidiano, isso aparece como escolha autom\u00e1tica em mercados e lanchonetes: quanto maior a disponibilidade de op\u00e7\u00f5es cal\u00f3ricas com acesso r\u00e1pido, maior a chance de o comportamento alimentar escorregar para por\u00e7\u00f5es maiores sem percep\u00e7\u00e3o.<\/p><p>O efeito tamb\u00e9m \u00e9 coletivo: a press\u00e3o social e a log\u00edstica (trabalho, deslocamento, fam\u00edlia) alteram o ritmo de compras e a qualidade do que chega \u00e0 mesa.<\/p><p>Jornal da USP aponta que fatores socioculturais e ambientais influenciam o processo, o que orienta um plano mais sustent\u00e1vel ao tratar \u201cresist\u00eancia\u201d como estrat\u00e9gia: definir regras operacionais de compra (por exemplo, itens-chave em 3 categorias: prote\u00ednas, frutas\/verduras e carboidrato por\u00e7\u00f5es) e ajustar o ambiente (deixar frutas \u00e0 vista e manter ultraprocessados fora do alcance imediato) reduz decis\u00f5es na hora cr\u00edtica.<\/p><h3>Sono, estresse e atividade f\u00edsica: como eles se conectam ao apetite e \u00e0 consist\u00eancia do comportamento alimentar<\/h3><p>Sono e estresse tendem a deslocar o emagrecimento para um problema de comportamento, n\u00e3o s\u00f3 de \u201cingest\u00e3o\u201d. Com priva\u00e7\u00e3o de sono, a fome passa a aparecer em janelas diferentes do dia e a escolha costuma puxar para alimentos mais cal\u00f3ricos; na pr\u00e1tica, isso se v\u00ea quando a pessoa tenta manter um card\u00e1pio planejado, mas piora a decis\u00e3o no fim do dia.<\/p><p>Em contexto amplo, fatores biol\u00f3gicos e ambientais ajudam a explicar por que o processo falha quando a aten\u00e7\u00e3o fica apenas na balan\u00e7a (Jornal da USP).<\/p><p>Na rotina, atividade f\u00edsica e consist\u00eancia se conectam por dois caminhos: regula\u00e7\u00e3o do apetite e \u201ccusto mental\u201d do planejamento. Um crit\u00e9rio \u00fatil \u00e9 acompanhar o efeito do movimento no dia seguinte: se, ap\u00f3s treinos mais longos, a fome j\u00e1 come\u00e7a a subir com menos de 2 horas depois do almo\u00e7o, vale ajustar intensidade, reduzir o volume semanal ou reposicionar o lanche, em vez de compensar no jantar.<\/p><p>Para o comportamento alimentar, a refer\u00eancia pr\u00e1tica \u00e9 manter um intervalo de refei\u00e7\u00f5es que caiba no trabalho e no fim de tarde, porque mudan\u00e7as grandes de hor\u00e1rio tendem a aumentar a chance de lanches autom\u00e1ticos.<\/p><h2>Protocolos 16:8, 5:2 e jejum alternado: quando ajudam, quando atrapalham e quais limites respeitar<\/h2><p>A escolha entre 16:8, 5:2 e jejum alternado deve priorizar a ader\u00eancia sem \u201cd\u00edvidas\u201d: come\u00e7ar pelo formato em que o corpo tolera melhor o hor\u00e1rio (por exemplo, 16:8 com janela fixa ap\u00f3s o caf\u00e9 da manh\u00e3) e observar fome vespertina, compuls\u00e3o por conveni\u00eancia e qualidade do sono. Em geral, o limite de seguran\u00e7a \u00e9 evitar longos jejuns durante crises de ansiedade, epis\u00f3dios de compuls\u00e3o ou uso de medica\u00e7\u00e3o que exige alimenta\u00e7\u00e3o, alinhando antes com um m\u00e9dico ou nutricionista.<\/p><p>Crit\u00e9rios para comparar protocolos e reduzir erros comuns ligados ao planejamento e \u00e0 ades\u00e3o.<\/p>\n<figure>\n<table><thead><tr><th>Protocolo (jejum intermitente)<\/th><th>Quando costuma ajudar<\/th><th>Quando costuma atrapalhar<\/th><th>Limite pr\u00e1tico de seguran\u00e7a<\/th><\/tr><\/thead><tbody><tr><td>16:8 (ex.: 12h\u201320h ou 10h\u201318h)<\/td><td>Rotina fixa reduz \u201cbeliscadas\u201d<\/td><td>Perde prote\u00edna\/fibras fora da janela<\/td><td>Manter prote\u00edna e vegetais na janela; n\u00e3o compensar com ultraprocessados<\/td><\/tr><tr><td>5:2 (5 dias padr\u00e3o, 2 dias com redu\u00e7\u00e3o)<\/td><td>Ajuda quem prefere dias \u201cnormais\u201d<\/td><td>Nos 2 dias, pode virar \u201ccompensa\u00e7\u00e3o\u201d no dia seguinte<\/td><td>Redu\u00e7\u00e3o deve ser planejada e n\u00e3o \u201cmuito abaixo\u201d do necess\u00e1rio por dia<\/td><\/tr><tr><td>Jejum alternado (dia sim\/dia n\u00e3o)<\/td><td>Pode funcionar em casos selecionados<\/td><td>Eleva risco de compuls\u00e3o e baixa ades\u00e3o<\/td><td>Evitar em hist\u00f3rico de compuls\u00e3o; ajustar com orienta\u00e7\u00e3o profissional<\/td><\/tr><tr><td>Varia\u00e7\u00f5es (ex.: 14:10, 18:6)<\/td><td>F\u00e1cil de come\u00e7ar e manter<\/td><td>Janela grande demais vira \u201cdieta por sorte\u201d<\/td><td>Come\u00e7ar com varia\u00e7\u00e3o moderada; avaliar fome e qualidade das refei\u00e7\u00f5es<\/td><\/tr><\/tbody><\/table>\n<\/figure>\n<p>Se o objetivo \u00e9 destravar o emagrecimento, a prioridade imediata \u00e9 revisar o que mais \u201cderruba\u201d a consist\u00eancia do dia: sono e estresse (porque elevam fome e escolhas mais cal\u00f3ricas), pular refei\u00e7\u00f5es e restri\u00e7\u00e3o r\u00edgida (porque aumentam impulsividade na pr\u00f3xima refei\u00e7\u00e3o). O crit\u00e9rio pr\u00e1tico \u00e9 observar, por 7 dias, a correla\u00e7\u00e3o entre noite ruim, hor\u00e1rios de alimenta\u00e7\u00e3o e decis\u00f5es tardias; se repetir, o pr\u00f3ximo passo \u00e9 ajustar rotina e planejamento com margem, n\u00e3o s\u00f3 o card\u00e1pio.<\/p><h2>Perguntas Frequentes<\/h2><h3>Se eu cortar doces e fazer \u201cdieta certinha\u201d, por que meu peso pode n\u00e3o baixar mesmo assim?<\/h3><p>Porque o d\u00e9ficit cal\u00f3rico pode n\u00e3o estar acontecendo de forma consistente no dia a dia, mesmo com escolhas \u201cmelhores\u201d na maior parte do tempo. Al\u00e9m disso, sono ruim, estresse e mudan\u00e7as de rotina podem aumentar fome e reduzir espontaneamente o gasto ao longo do dia, levando a compensa\u00e7\u00f5es (por\u00e7\u00f5es maiores, beliscos ou menor saciedade).<\/p><h3>Pular refei\u00e7\u00f5es ajuda a acelerar o emagrecimento ou costuma atrapalhar?<\/h3><p>Ajuda em casos espec\u00edficos, quando a pessoa consegue manter um ritmo sustent\u00e1vel, sem chegar na refei\u00e7\u00e3o seguinte com fome descontrolada. Na pr\u00e1tica, \u00e9 comum a pessoa \u201ccompensar\u201d depois, o que aumenta a chance de escolhas mais cal\u00f3ricas e dificulta a ades\u00e3o. Se a estrat\u00e9gia aumenta compuls\u00e3o, irrita a rotina ou piora o sono, tende a atrapalhar mais do que ajudar.<\/p><h3>Jejum intermitente funciona para qualquer pessoa, ou existe quem deva evitar?<\/h3><p>N\u00e3o \u00e9 uma estrat\u00e9gia universal: depende de sa\u00fade, rotina e rela\u00e7\u00e3o com fome e alimenta\u00e7\u00e3o. Pessoas com hist\u00f3rico de transtornos alimentares, gr\u00e1vidas, lactantes, pessoas com diabetes que usam medicamentos e quem tem condi\u00e7\u00f5es que exigem hor\u00e1rios r\u00edgidos para comer devem discutir antes com um profissional de sa\u00fade. Em outros casos, o jejum costuma funcionar melhor quando \u00e9 poss\u00edvel manter qualidade de sono e refei\u00e7\u00f5es planejadas, sem \u201cquebrar\u201d o protocolo nos dias ruins.<\/p><h3>Como ajustar o plano quando a balan\u00e7a oscila, mas as medidas e as roupas n\u00e3o mudam?<\/h3><p>Oscila\u00e7\u00f5es s\u00e3o comuns por reten\u00e7\u00e3o de l\u00edquidos, varia\u00e7\u00f5es de sal e carboidratos, ciclo menstrual e constipa\u00e7\u00e3o, ent\u00e3o s\u00f3 a balan\u00e7a n\u00e3o descreve a mudan\u00e7a de gordura. A decis\u00e3o mais \u00fatil \u00e9 acompanhar tend\u00eancia por alguns dias e usar sinais pr\u00e1ticos como melhora gradual de consist\u00eancia alimentar, redu\u00e7\u00e3o de epis\u00f3dios de fome intensa e mudan\u00e7as que come\u00e7am a aparecer nas roupas. Se n\u00e3o houver nenhuma melhora de padr\u00e3o ap\u00f3s ajustar rotina, sono e hor\u00e1rios, a estrat\u00e9gia precisa ser revisada.<\/p><h2>Refer\u00eancias<\/h2><ul><li><a target=\"_blank\" rel=\"noopener noreferrer nofollow\" href=\"https:\/\/jornal.usp.br\/atualidades\/emagrecer-nao-envolve-apenas-ingestao-alimentar-mas-fatores-socioculturais-e-ambientais\/\">Emagrecer n\u00e3o envolve apenas ingest\u00e3o alimentar, mas fatores socioculturais e ambientais \u2013 Jornal da USP<\/a><\/li><\/ul>","protected":false},"excerpt":{"rendered":"<p>Voc\u00ea est\u00e1 fazendo isso errado: o que atrapalha seu emagrecimento explica por que rotina, sono, estresse e ambiente sabotam a balan\u00e7a mesmo com \u201ccomer certo\u201d.<\/p>","protected":false},"author":1,"featured_media":142821,"comment_status":"","ping_status":"","sticky":false,"template":"","format":"standard","meta":{"googlesitekit_rrm_CAow2JLhCw:productID":"","_gspb_post_css":"","maa_idioma":"","maa_pais":"","footnotes":""},"categories":[30],"tags":[],"class_list":["post-142820","post","type-post","status-publish","format-standard","has-post-thumbnail","hentry","category-saude"],"blocksy_meta":[],"yoast_head":"<!-- This site is optimized with the Yoast SEO Premium plugin v27.6 (Yoast SEO v27.6) - https:\/\/yoast.com\/product\/yoast-seo-premium-wordpress\/ -->\n<title>Voc\u00ea est\u00e1 fazendo isso errado: o que atrapalha seu emagrecimento - Ubirat\u00e3 Online Not\u00edcias - A realidade ao seu alcance!<\/title>\n<meta name=\"description\" content=\"Voc\u00ea est\u00e1 fazendo isso errado: o que atrapalha seu emagrecimento explica por que rotina, sono, estresse e ambiente sabotam a balan\u00e7a mesmo com \u201ccomer certo\u201d.\" \/>\n<meta name=\"robots\" content=\"index, follow, max-snippet:-1, max-image-preview:large, max-video-preview:-1\" \/>\n<link rel=\"canonical\" href=\"https:\/\/ubirataonline.com.br\/en\/voce-esta-fazendo-isso-errado-o-que-atrapalha-seu-emagrecimento-2\/\" \/>\n<meta property=\"og:locale\" content=\"en_US\" \/>\n<meta property=\"og:type\" content=\"article\" \/>\n<meta property=\"og:title\" content=\"Voc\u00ea est\u00e1 fazendo isso errado: o que atrapalha seu emagrecimento\" \/>\n<meta property=\"og:description\" content=\"Voc\u00ea est\u00e1 fazendo isso errado: o que atrapalha seu emagrecimento explica por que rotina, sono, estresse e ambiente sabotam a balan\u00e7a mesmo com \u201ccomer certo\u201d.\" \/>\n<meta property=\"og:url\" content=\"https:\/\/ubirataonline.com.br\/en\/voce-esta-fazendo-isso-errado-o-que-atrapalha-seu-emagrecimento-2\/\" \/>\n<meta property=\"og:site_name\" content=\"Ubirat\u00e3 Online Not\u00edcias - A realidade ao seu alcance!\" \/>\n<meta property=\"article:publisher\" content=\"https:\/\/www.facebook.com\/portalubirataonline\" \/>\n<meta property=\"article:author\" content=\"https:\/\/www.facebook.com\/portalubirataonline\" \/>\n<meta property=\"article:published_time\" content=\"2026-05-31T19:15:00+00:00\" \/>\n<meta property=\"og:image\" content=\"https:\/\/ubirataonline.com.br\/wp-content\/uploads\/2026\/05\/voce-esta-fazendo-isso-errado-o-que-atrapalha-seu-emagrecimento.jpg\" \/>\n\t<meta property=\"og:image:width\" content=\"1531\" \/>\n\t<meta property=\"og:image:height\" content=\"418\" \/>\n\t<meta property=\"og:image:type\" content=\"image\/jpeg\" \/>\n<meta name=\"author\" content=\"REDA\u00c7\u00c3O: UBIRAT\u00c3 ONLINE - F\u00c1BIO AUGUSTO CELESTINO\" \/>\n<meta name=\"twitter:card\" content=\"summary_large_image\" \/>\n<meta name=\"twitter:creator\" content=\"@x.com\/ubirataonline\" \/>\n<meta name=\"twitter:site\" content=\"@ubirataonline\" \/>\n<meta name=\"twitter:label1\" content=\"Written by\" \/>\n\t<meta name=\"twitter:data1\" content=\"REDA\u00c7\u00c3O: UBIRAT\u00c3 ONLINE - F\u00c1BIO AUGUSTO CELESTINO\" \/>\n\t<meta name=\"twitter:label2\" content=\"Est. reading time\" \/>\n\t<meta name=\"twitter:data2\" content=\"13 minutes\" \/>\n<script type=\"application\/ld+json\" class=\"yoast-schema-graph\">{\"@context\":\"https:\\\/\\\/schema.org\",\"@graph\":[{\"@type\":\"NewsArticle\",\"@id\":\"https:\\\/\\\/ubirataonline.com.br\\\/voce-esta-fazendo-isso-errado-o-que-atrapalha-seu-emagrecimento-2\\\/#article\",\"isPartOf\":{\"@id\":\"https:\\\/\\\/ubirataonline.com.br\\\/voce-esta-fazendo-isso-errado-o-que-atrapalha-seu-emagrecimento-2\\\/\"},\"author\":{\"name\":\"REDA\u00c7\u00c3O: UBIRAT\u00c3 ONLINE - F\u00c1BIO AUGUSTO CELESTINO\",\"@id\":\"https:\\\/\\\/ubirataonline.com.br\\\/#\\\/schema\\\/person\\\/372f87bbd3fdd79b8556b84c98d0bc1c\"},\"headline\":\"Voc\u00ea est\u00e1 fazendo isso errado: o que atrapalha seu emagrecimento\",\"datePublished\":\"2026-05-31T19:15:00+00:00\",\"mainEntityOfPage\":{\"@id\":\"https:\\\/\\\/ubirataonline.com.br\\\/voce-esta-fazendo-isso-errado-o-que-atrapalha-seu-emagrecimento-2\\\/\"},\"wordCount\":2646,\"publisher\":{\"@id\":\"https:\\\/\\\/ubirataonline.com.br\\\/#organization\"},\"image\":{\"@id\":\"https:\\\/\\\/ubirataonline.com.br\\\/voce-esta-fazendo-isso-errado-o-que-atrapalha-seu-emagrecimento-2\\\/#primaryimage\"},\"thumbnailUrl\":\"https:\\\/\\\/ubirataonline.com.br\\\/wp-content\\\/uploads\\\/2026\\\/05\\\/voce-esta-fazendo-isso-errado-o-que-atrapalha-seu-emagrecimento.jpg\",\"articleSection\":[\"Sa\u00fade\"],\"inLanguage\":\"en-US\",\"copyrightYear\":\"2026\",\"copyrightHolder\":{\"@id\":\"https:\\\/\\\/ubirataonline.com.br\\\/en\\\/#organization\"}},{\"@type\":\"WebPage\",\"@id\":\"https:\\\/\\\/ubirataonline.com.br\\\/voce-esta-fazendo-isso-errado-o-que-atrapalha-seu-emagrecimento-2\\\/\",\"url\":\"https:\\\/\\\/ubirataonline.com.br\\\/voce-esta-fazendo-isso-errado-o-que-atrapalha-seu-emagrecimento-2\\\/\",\"name\":\"Voc\u00ea est\u00e1 fazendo isso errado: o que atrapalha seu emagrecimento - Ubirat\u00e3 Online Not\u00edcias - A realidade ao seu alcance!\",\"isPartOf\":{\"@id\":\"https:\\\/\\\/ubirataonline.com.br\\\/#website\"},\"primaryImageOfPage\":{\"@id\":\"https:\\\/\\\/ubirataonline.com.br\\\/voce-esta-fazendo-isso-errado-o-que-atrapalha-seu-emagrecimento-2\\\/#primaryimage\"},\"image\":{\"@id\":\"https:\\\/\\\/ubirataonline.com.br\\\/voce-esta-fazendo-isso-errado-o-que-atrapalha-seu-emagrecimento-2\\\/#primaryimage\"},\"thumbnailUrl\":\"https:\\\/\\\/ubirataonline.com.br\\\/wp-content\\\/uploads\\\/2026\\\/05\\\/voce-esta-fazendo-isso-errado-o-que-atrapalha-seu-emagrecimento.jpg\",\"datePublished\":\"2026-05-31T19:15:00+00:00\",\"description\":\"Voc\u00ea est\u00e1 fazendo isso errado: o que atrapalha seu emagrecimento explica por que rotina, sono, estresse e ambiente sabotam a balan\u00e7a mesmo com \u201ccomer certo\u201d.\",\"breadcrumb\":{\"@id\":\"https:\\\/\\\/ubirataonline.com.br\\\/voce-esta-fazendo-isso-errado-o-que-atrapalha-seu-emagrecimento-2\\\/#breadcrumb\"},\"inLanguage\":\"en-US\",\"potentialAction\":[{\"@type\":\"ReadAction\",\"target\":[\"https:\\\/\\\/ubirataonline.com.br\\\/voce-esta-fazendo-isso-errado-o-que-atrapalha-seu-emagrecimento-2\\\/\"]}]},{\"@type\":\"ImageObject\",\"inLanguage\":\"en-US\",\"@id\":\"https:\\\/\\\/ubirataonline.com.br\\\/voce-esta-fazendo-isso-errado-o-que-atrapalha-seu-emagrecimento-2\\\/#primaryimage\",\"url\":\"https:\\\/\\\/ubirataonline.com.br\\\/wp-content\\\/uploads\\\/2026\\\/05\\\/voce-esta-fazendo-isso-errado-o-que-atrapalha-seu-emagrecimento.jpg\",\"contentUrl\":\"https:\\\/\\\/ubirataonline.com.br\\\/wp-content\\\/uploads\\\/2026\\\/05\\\/voce-esta-fazendo-isso-errado-o-que-atrapalha-seu-emagrecimento.jpg\",\"width\":1531,\"height\":418,\"caption\":\"Voc\u00ea est\u00e1 fazendo isso errado: o que atrapalha seu emagrecimento\"},{\"@type\":\"BreadcrumbList\",\"@id\":\"https:\\\/\\\/ubirataonline.com.br\\\/voce-esta-fazendo-isso-errado-o-que-atrapalha-seu-emagrecimento-2\\\/#breadcrumb\",\"itemListElement\":[{\"@type\":\"ListItem\",\"position\":1,\"name\":\"In\u00edcio\",\"item\":\"https:\\\/\\\/ubirataonline.com.br\\\/\"},{\"@type\":\"ListItem\",\"position\":2,\"name\":\"Voc\u00ea est\u00e1 fazendo isso errado: o que atrapalha seu emagrecimento\"}]},{\"@type\":\"WebSite\",\"@id\":\"https:\\\/\\\/ubirataonline.com.br\\\/#website\",\"url\":\"https:\\\/\\\/ubirataonline.com.br\\\/\",\"name\":\"Ubirat\u00e3 Online Not\u00edcias\",\"description\":\"Not\u00edcias de Ubirat\u00e3, regi\u00e3o, Brasil e mundo, com informa\u00e7\u00e3o atualizada e compromisso com o leitor.\",\"publisher\":{\"@id\":\"https:\\\/\\\/ubirataonline.com.br\\\/#organization\"},\"alternateName\":\"Ubirat\u00e3 Online\",\"potentialAction\":[{\"@type\":\"SearchAction\",\"target\":{\"@type\":\"EntryPoint\",\"urlTemplate\":\"https:\\\/\\\/ubirataonline.com.br\\\/?s={search_term_string}\"},\"query-input\":{\"@type\":\"PropertyValueSpecification\",\"valueRequired\":true,\"valueName\":\"search_term_string\"}}],\"inLanguage\":\"en-US\"},{\"@type\":[\"Organization\",\"Place\"],\"@id\":\"https:\\\/\\\/ubirataonline.com.br\\\/#organization\",\"name\":\"Ubirat\u00e3 Online Not\u00edcias\",\"alternateName\":\"Ubirat\u00e3 Online\",\"url\":\"https:\\\/\\\/ubirataonline.com.br\\\/\",\"logo\":{\"@id\":\"https:\\\/\\\/ubirataonline.com.br\\\/voce-esta-fazendo-isso-errado-o-que-atrapalha-seu-emagrecimento-2\\\/#local-main-organization-logo\"},\"image\":{\"@id\":\"https:\\\/\\\/ubirataonline.com.br\\\/voce-esta-fazendo-isso-errado-o-que-atrapalha-seu-emagrecimento-2\\\/#local-main-organization-logo\"},\"sameAs\":[\"https:\\\/\\\/www.facebook.com\\\/portalubirataonline\",\"https:\\\/\\\/x.com\\\/ubirataonline\",\"https:\\\/\\\/mastodon.social\\\/@ubirataonline\",\"https:\\\/\\\/www.facebook.com\\\/groups\\\/311144672285604\",\"https:\\\/\\\/www.facebook.com\\\/UBTAOnline\",\"https:\\\/\\\/www.instagram.com\\\/portalubirataonline\\\/\",\"https:\\\/\\\/twitter.com\\\/ubirataonline\"],\"description\":\"Somos um portal de not\u00edcias independente, criado em 5 de janeiro de 2009, com o objetivo de informar, conectar e valorizar a nossa comunidade de Ubirat\u00e3 e toda aregi\u00e3o. Com conte\u00fado atualizado, confi\u00e1vel e relevante, o Ubirat\u00e3 Online \u00e9 o seu espa\u00e7o para ficar por dentro dos principais acontecimentos locais, regionais, Brasil, Mundo e de interesse geral. Nosso compromisso \u00e9 com a verdade, a transpar\u00eancia e o respeito ao leitor.\",\"legalName\":\"UBIRATA ONLINE NOT\u00cdCIAS\",\"foundingDate\":\"2009-01-05\",\"numberOfEmployees\":{\"@type\":\"QuantitativeValue\",\"minValue\":\"1\",\"maxValue\":\"10\"},\"publishingPrinciples\":\"https:\\\/\\\/ubirataonline.com.br\\\/faq\\\/\",\"address\":{\"@id\":\"https:\\\/\\\/ubirataonline.com.br\\\/voce-esta-fazendo-isso-errado-o-que-atrapalha-seu-emagrecimento-2\\\/#local-main-place-address\"},\"geo\":{\"@type\":\"GeoCoordinates\",\"latitude\":\"-24.5361401\",\"longitude\":\"-52.9921776\"},\"telephone\":[\"+5544998308235\"],\"contactPoint\":{\"@type\":\"ContactPoint\",\"email\":\"contato@ubirataonline.com.br\"},\"openingHoursSpecification\":{\"@type\":\"OpeningHoursSpecification\",\"dayOfWeek\":[\"Monday\",\"Tuesday\",\"Wednesday\",\"Thursday\",\"Friday\",\"Saturday\",\"Sunday\"],\"opens\":\"00:00\",\"closes\":\"23:59\"},\"email\":\"contato@ubirataonline.com.br\",\"vatID\":\"47.621.418\\\/0001-80\"},{\"@type\":\"Person\",\"@id\":\"https:\\\/\\\/ubirataonline.com.br\\\/#\\\/schema\\\/person\\\/372f87bbd3fdd79b8556b84c98d0bc1c\",\"name\":\"REDA\u00c7\u00c3O: UBIRAT\u00c3 ONLINE - F\u00c1BIO AUGUSTO CELESTINO\",\"pronouns\":\"Ele\",\"description\":\"Desde 2003 trabalhando com not\u00edcias.\",\"sameAs\":[\"http:\\\/\\\/ubirataoline.com.br\",\"https:\\\/\\\/www.facebook.com\\\/portalubirataonline\",\"https:\\\/\\\/www.instagram.com\\\/ubirataonline_oficial\",\"https:\\\/\\\/x.com\\\/x.com\\\/ubirataonline\"],\"honorificPrefix\":\"Mr.\",\"honorificSuffix\":\"MD\",\"birthDate\":\"1980-06-16\",\"gender\":\"masculino\",\"award\":[\"V\u00e1rios pr\u00eamios de melhor portal da cidade\"],\"jobTitle\":\"Diretor\",\"url\":\"https:\\\/\\\/ubirataonline.com.br\\\/en\\\/author\\\/ubirataonline\\\/\"},{\"@type\":\"PostalAddress\",\"@id\":\"https:\\\/\\\/ubirataonline.com.br\\\/voce-esta-fazendo-isso-errado-o-que-atrapalha-seu-emagrecimento-2\\\/#local-main-place-address\",\"streetAddress\":\"Rua dos Coqueiros, 104 - Bairro Boa Vista, Rua dos Coqueiros, 104 Bairro Boa Vista\",\"addressLocality\":\"UBIRATA\",\"postalCode\":\"85440-000\",\"addressRegion\":\"PR\",\"addressCountry\":\"BR\"},{\"@type\":\"ImageObject\",\"inLanguage\":\"en-US\",\"@id\":\"https:\\\/\\\/ubirataonline.com.br\\\/voce-esta-fazendo-isso-errado-o-que-atrapalha-seu-emagrecimento-2\\\/#local-main-organization-logo\",\"url\":\"https:\\\/\\\/ubirataonline.com.br\\\/wp-content\\\/uploads\\\/2026\\\/06\\\/logoubirataonline-1.webp\",\"contentUrl\":\"https:\\\/\\\/ubirataonline.com.br\\\/wp-content\\\/uploads\\\/2026\\\/06\\\/logoubirataonline-1.webp\",\"width\":500,\"height\":500,\"caption\":\"Ubirat\u00e3 Online Not\u00edcias\"}]}<\/script>\n<meta name=\"geo.placename\" content=\"UBIRATA\" \/>\n<meta name=\"geo.position\" content=\"-24.5361401;-52.9921776\" \/>\n<meta name=\"geo.region\" content=\"Brazil\" \/>\n<!-- \/ Yoast SEO Premium plugin. -->","yoast_head_json":{"title":"Voc\u00ea est\u00e1 fazendo isso errado: o que atrapalha seu emagrecimento - Ubirat\u00e3 Online Not\u00edcias - A realidade ao seu alcance!","description":"Voc\u00ea est\u00e1 fazendo isso errado: o que atrapalha seu emagrecimento explica por que rotina, sono, estresse e ambiente sabotam a balan\u00e7a mesmo com \u201ccomer certo\u201d.","robots":{"index":"index","follow":"follow","max-snippet":"max-snippet:-1","max-image-preview":"max-image-preview:large","max-video-preview":"max-video-preview:-1"},"canonical":"https:\/\/ubirataonline.com.br\/en\/voce-esta-fazendo-isso-errado-o-que-atrapalha-seu-emagrecimento-2\/","og_locale":"en_US","og_type":"article","og_title":"Voc\u00ea est\u00e1 fazendo isso errado: o que atrapalha seu emagrecimento","og_description":"Voc\u00ea est\u00e1 fazendo isso errado: o que atrapalha seu emagrecimento explica por que rotina, sono, estresse e ambiente sabotam a balan\u00e7a mesmo com \u201ccomer certo\u201d.","og_url":"https:\/\/ubirataonline.com.br\/en\/voce-esta-fazendo-isso-errado-o-que-atrapalha-seu-emagrecimento-2\/","og_site_name":"Ubirat\u00e3 Online Not\u00edcias - A realidade ao seu alcance!","article_publisher":"https:\/\/www.facebook.com\/portalubirataonline","article_author":"https:\/\/www.facebook.com\/portalubirataonline","article_published_time":"2026-05-31T19:15:00+00:00","og_image":[{"width":1531,"height":418,"url":"https:\/\/ubirataonline.com.br\/wp-content\/uploads\/2026\/05\/voce-esta-fazendo-isso-errado-o-que-atrapalha-seu-emagrecimento.jpg","type":"image\/jpeg"}],"author":"REDA\u00c7\u00c3O: UBIRAT\u00c3 ONLINE - F\u00c1BIO AUGUSTO CELESTINO","twitter_card":"summary_large_image","twitter_creator":"@x.com\/ubirataonline","twitter_site":"@ubirataonline","twitter_misc":{"Written by":"REDA\u00c7\u00c3O: UBIRAT\u00c3 ONLINE - F\u00c1BIO AUGUSTO CELESTINO","Est. reading time":"13 minutes"},"schema":{"@context":"https:\/\/schema.org","@graph":[{"@type":"NewsArticle","@id":"https:\/\/ubirataonline.com.br\/voce-esta-fazendo-isso-errado-o-que-atrapalha-seu-emagrecimento-2\/#article","isPartOf":{"@id":"https:\/\/ubirataonline.com.br\/voce-esta-fazendo-isso-errado-o-que-atrapalha-seu-emagrecimento-2\/"},"author":{"name":"REDA\u00c7\u00c3O: UBIRAT\u00c3 ONLINE - F\u00c1BIO AUGUSTO CELESTINO","@id":"https:\/\/ubirataonline.com.br\/#\/schema\/person\/372f87bbd3fdd79b8556b84c98d0bc1c"},"headline":"Voc\u00ea est\u00e1 fazendo isso errado: o que atrapalha seu emagrecimento","datePublished":"2026-05-31T19:15:00+00:00","mainEntityOfPage":{"@id":"https:\/\/ubirataonline.com.br\/voce-esta-fazendo-isso-errado-o-que-atrapalha-seu-emagrecimento-2\/"},"wordCount":2646,"publisher":{"@id":"https:\/\/ubirataonline.com.br\/#organization"},"image":{"@id":"https:\/\/ubirataonline.com.br\/voce-esta-fazendo-isso-errado-o-que-atrapalha-seu-emagrecimento-2\/#primaryimage"},"thumbnailUrl":"https:\/\/ubirataonline.com.br\/wp-content\/uploads\/2026\/05\/voce-esta-fazendo-isso-errado-o-que-atrapalha-seu-emagrecimento.jpg","articleSection":["Sa\u00fade"],"inLanguage":"en-US","copyrightYear":"2026","copyrightHolder":{"@id":"https:\/\/ubirataonline.com.br\/en\/#organization"}},{"@type":"WebPage","@id":"https:\/\/ubirataonline.com.br\/voce-esta-fazendo-isso-errado-o-que-atrapalha-seu-emagrecimento-2\/","url":"https:\/\/ubirataonline.com.br\/voce-esta-fazendo-isso-errado-o-que-atrapalha-seu-emagrecimento-2\/","name":"Voc\u00ea est\u00e1 fazendo isso errado: o que atrapalha seu emagrecimento - Ubirat\u00e3 Online Not\u00edcias - A realidade ao seu alcance!","isPartOf":{"@id":"https:\/\/ubirataonline.com.br\/#website"},"primaryImageOfPage":{"@id":"https:\/\/ubirataonline.com.br\/voce-esta-fazendo-isso-errado-o-que-atrapalha-seu-emagrecimento-2\/#primaryimage"},"image":{"@id":"https:\/\/ubirataonline.com.br\/voce-esta-fazendo-isso-errado-o-que-atrapalha-seu-emagrecimento-2\/#primaryimage"},"thumbnailUrl":"https:\/\/ubirataonline.com.br\/wp-content\/uploads\/2026\/05\/voce-esta-fazendo-isso-errado-o-que-atrapalha-seu-emagrecimento.jpg","datePublished":"2026-05-31T19:15:00+00:00","description":"Voc\u00ea est\u00e1 fazendo isso errado: o que atrapalha seu emagrecimento explica por que rotina, sono, estresse e ambiente sabotam a balan\u00e7a mesmo com \u201ccomer certo\u201d.","breadcrumb":{"@id":"https:\/\/ubirataonline.com.br\/voce-esta-fazendo-isso-errado-o-que-atrapalha-seu-emagrecimento-2\/#breadcrumb"},"inLanguage":"en-US","potentialAction":[{"@type":"ReadAction","target":["https:\/\/ubirataonline.com.br\/voce-esta-fazendo-isso-errado-o-que-atrapalha-seu-emagrecimento-2\/"]}]},{"@type":"ImageObject","inLanguage":"en-US","@id":"https:\/\/ubirataonline.com.br\/voce-esta-fazendo-isso-errado-o-que-atrapalha-seu-emagrecimento-2\/#primaryimage","url":"https:\/\/ubirataonline.com.br\/wp-content\/uploads\/2026\/05\/voce-esta-fazendo-isso-errado-o-que-atrapalha-seu-emagrecimento.jpg","contentUrl":"https:\/\/ubirataonline.com.br\/wp-content\/uploads\/2026\/05\/voce-esta-fazendo-isso-errado-o-que-atrapalha-seu-emagrecimento.jpg","width":1531,"height":418,"caption":"Voc\u00ea est\u00e1 fazendo isso errado: o que atrapalha seu emagrecimento"},{"@type":"BreadcrumbList","@id":"https:\/\/ubirataonline.com.br\/voce-esta-fazendo-isso-errado-o-que-atrapalha-seu-emagrecimento-2\/#breadcrumb","itemListElement":[{"@type":"ListItem","position":1,"name":"In\u00edcio","item":"https:\/\/ubirataonline.com.br\/"},{"@type":"ListItem","position":2,"name":"Voc\u00ea est\u00e1 fazendo isso errado: o que atrapalha seu emagrecimento"}]},{"@type":"WebSite","@id":"https:\/\/ubirataonline.com.br\/#website","url":"https:\/\/ubirataonline.com.br\/","name":"Ubirat\u00e3 Online Not\u00edcias","description":"Not\u00edcias de Ubirat\u00e3, regi\u00e3o, Brasil e mundo, com informa\u00e7\u00e3o atualizada e compromisso com o leitor.","publisher":{"@id":"https:\/\/ubirataonline.com.br\/#organization"},"alternateName":"Ubirat\u00e3 Online","potentialAction":[{"@type":"SearchAction","target":{"@type":"EntryPoint","urlTemplate":"https:\/\/ubirataonline.com.br\/?s={search_term_string}"},"query-input":{"@type":"PropertyValueSpecification","valueRequired":true,"valueName":"search_term_string"}}],"inLanguage":"en-US"},{"@type":["Organization","Place"],"@id":"https:\/\/ubirataonline.com.br\/#organization","name":"Ubirat\u00e3 Online Not\u00edcias","alternateName":"Ubirat\u00e3 Online","url":"https:\/\/ubirataonline.com.br\/","logo":{"@id":"https:\/\/ubirataonline.com.br\/voce-esta-fazendo-isso-errado-o-que-atrapalha-seu-emagrecimento-2\/#local-main-organization-logo"},"image":{"@id":"https:\/\/ubirataonline.com.br\/voce-esta-fazendo-isso-errado-o-que-atrapalha-seu-emagrecimento-2\/#local-main-organization-logo"},"sameAs":["https:\/\/www.facebook.com\/portalubirataonline","https:\/\/x.com\/ubirataonline","https:\/\/mastodon.social\/@ubirataonline","https:\/\/www.facebook.com\/groups\/311144672285604","https:\/\/www.facebook.com\/UBTAOnline","https:\/\/www.instagram.com\/portalubirataonline\/","https:\/\/twitter.com\/ubirataonline"],"description":"Somos um portal de not\u00edcias independente, criado em 5 de janeiro de 2009, com o objetivo de informar, conectar e valorizar a nossa comunidade de Ubirat\u00e3 e toda aregi\u00e3o. Com conte\u00fado atualizado, confi\u00e1vel e relevante, o Ubirat\u00e3 Online \u00e9 o seu espa\u00e7o para ficar por dentro dos principais acontecimentos locais, regionais, Brasil, Mundo e de interesse geral. Nosso compromisso \u00e9 com a verdade, a transpar\u00eancia e o respeito ao leitor.","legalName":"UBIRATA ONLINE NOT\u00cdCIAS","foundingDate":"2009-01-05","numberOfEmployees":{"@type":"QuantitativeValue","minValue":"1","maxValue":"10"},"publishingPrinciples":"https:\/\/ubirataonline.com.br\/faq\/","address":{"@id":"https:\/\/ubirataonline.com.br\/voce-esta-fazendo-isso-errado-o-que-atrapalha-seu-emagrecimento-2\/#local-main-place-address"},"geo":{"@type":"GeoCoordinates","latitude":"-24.5361401","longitude":"-52.9921776"},"telephone":["+5544998308235"],"contactPoint":{"@type":"ContactPoint","email":"contato@ubirataonline.com.br"},"openingHoursSpecification":{"@type":"OpeningHoursSpecification","dayOfWeek":["Monday","Tuesday","Wednesday","Thursday","Friday","Saturday","Sunday"],"opens":"00:00","closes":"23:59"},"email":"contato@ubirataonline.com.br","vatID":"47.621.418\/0001-80"},{"@type":"Person","@id":"https:\/\/ubirataonline.com.br\/#\/schema\/person\/372f87bbd3fdd79b8556b84c98d0bc1c","name":"REDA\u00c7\u00c3O: UBIRAT\u00c3 ONLINE - F\u00c1BIO AUGUSTO CELESTINO","pronouns":"Ele","description":"Desde 2003 trabalhando com not\u00edcias.","sameAs":["http:\/\/ubirataoline.com.br","https:\/\/www.facebook.com\/portalubirataonline","https:\/\/www.instagram.com\/ubirataonline_oficial","https:\/\/x.com\/x.com\/ubirataonline"],"honorificPrefix":"Mr.","honorificSuffix":"MD","birthDate":"1980-06-16","gender":"masculino","award":["V\u00e1rios pr\u00eamios de melhor portal da cidade"],"jobTitle":"Diretor","url":"https:\/\/ubirataonline.com.br\/en\/author\/ubirataonline\/"},{"@type":"PostalAddress","@id":"https:\/\/ubirataonline.com.br\/voce-esta-fazendo-isso-errado-o-que-atrapalha-seu-emagrecimento-2\/#local-main-place-address","streetAddress":"Rua dos Coqueiros, 104 - Bairro Boa Vista, Rua dos Coqueiros, 104 Bairro Boa Vista","addressLocality":"UBIRATA","postalCode":"85440-000","addressRegion":"PR","addressCountry":"BR"},{"@type":"ImageObject","inLanguage":"en-US","@id":"https:\/\/ubirataonline.com.br\/voce-esta-fazendo-isso-errado-o-que-atrapalha-seu-emagrecimento-2\/#local-main-organization-logo","url":"https:\/\/ubirataonline.com.br\/wp-content\/uploads\/2026\/06\/logoubirataonline-1.webp","contentUrl":"https:\/\/ubirataonline.com.br\/wp-content\/uploads\/2026\/06\/logoubirataonline-1.webp","width":500,"height":500,"caption":"Ubirat\u00e3 Online Not\u00edcias"}]},"geo.placename":"UBIRATA","geo.position":{"lat":"-24.5361401","long":"-52.9921776"},"geo.region":"Brazil"},"_links":{"self":[{"href":"https:\/\/ubirataonline.com.br\/en\/wp-json\/wp\/v2\/posts\/142820","targetHints":{"allow":["GET"]}}],"collection":[{"href":"https:\/\/ubirataonline.com.br\/en\/wp-json\/wp\/v2\/posts"}],"about":[{"href":"https:\/\/ubirataonline.com.br\/en\/wp-json\/wp\/v2\/types\/post"}],"author":[{"embeddable":true,"href":"https:\/\/ubirataonline.com.br\/en\/wp-json\/wp\/v2\/users\/1"}],"replies":[{"embeddable":true,"href":"https:\/\/ubirataonline.com.br\/en\/wp-json\/wp\/v2\/comments?post=142820"}],"version-history":[{"count":0,"href":"https:\/\/ubirataonline.com.br\/en\/wp-json\/wp\/v2\/posts\/142820\/revisions"}],"wp:featuredmedia":[{"embeddable":true,"href":"https:\/\/ubirataonline.com.br\/en\/wp-json\/wp\/v2\/media\/142821"}],"wp:attachment":[{"href":"https:\/\/ubirataonline.com.br\/en\/wp-json\/wp\/v2\/media?parent=142820"}],"wp:term":[{"taxonomy":"category","embeddable":true,"href":"https:\/\/ubirataonline.com.br\/en\/wp-json\/wp\/v2\/categories?post=142820"},{"taxonomy":"post_tag","embeddable":true,"href":"https:\/\/ubirataonline.com.br\/en\/wp-json\/wp\/v2\/tags?post=142820"}],"curies":[{"name":"wp","href":"https:\/\/api.w.org\/{rel}","templated":true}]}}