{"id":144881,"date":"2026-06-06T12:54:25","date_gmt":"2026-06-06T15:54:25","guid":{"rendered":"https:\/\/ubirataonline.com.br\/saude-mental-entendendo-prevenindo-e-cuidando\/"},"modified":"2026-06-06T13:00:33","modified_gmt":"2026-06-06T16:00:33","slug":"saude-mental-entendendo-prevenindo-e-cuidando","status":"publish","type":"post","link":"https:\/\/ubirataonline.com.br\/en\/saude-mental-entendendo-prevenindo-e-cuidando\/","title":{"rendered":"Sa\u00fade Mental: Entendendo, Prevenindo e Cuidando"},"content":{"rendered":"<h2 id=\"h-\" class=\"wp-block-heading\"><\/h2>\n\n\n\n<ul class=\"wp-block-yoast-seo-related-links yoast-seo-related-links\">\n<li><a href=\"https:\/\/ubirataonline.com.br\/en\/unidade-de-saude-josefina-realizou-momento-de-educacao-em-saude\/\">Unidade de Sa\u00fade Josefina realizou momento de Educa\u00e7\u00e3o em Sa\u00fade<\/a><\/li>\n\n\n\n<li><a href=\"https:\/\/ubirataonline.com.br\/en\/encontro-de-saude-mental-foi-realizado-com-as-unidades-basicas-de-ubirata\/\">Encontro de Sa\u00fade Mental foi realizado com as Unidades B\u00e1sicas de Ubirat\u00e3<\/a><\/li>\n\n\n\n<li><a href=\"https:\/\/ubirataonline.com.br\/en\/prevencao-de-doencas-de-saude-mental-com-tecnicas-de-meditacao\/\">Preven\u00e7\u00e3o de doen\u00e7as de sa\u00fade mental com t\u00e9cnicas de medita\u00e7\u00e3o<\/a><\/li>\n\n\n\n<li><a href=\"https:\/\/ubirataonline.com.br\/en\/covid-19-morre-setimo-morador-do-lar-dos-velhinhos-de-campo-mourao\/\">Covid-19: Morre s\u00e9timo morador do Lar dos Velhinhos de Campo Mour\u00e3o<\/a><\/li>\n\n\n\n<li><a href=\"https:\/\/ubirataonline.com.br\/en\/janeiro-branco-parana-reforca-a-importancia-dos-cuidados-com-a-saude-mental\/\">Janeiro Branco: Paran\u00e1 refor\u00e7a a import\u00e2ncia dos cuidados com a sa\u00fade mental<\/a><\/li>\n<\/ul>\n\n\n\n<p class=\"wp-block-paragraph\">A sa\u00fade mental \u00e9 um componente essencial do bem-estar geral de um indiv\u00edduo. Envolve a forma como pensamos, sentimos e nos comportamos em nosso dia a dia. Embora frequentemente associada a dificuldades emocionais e transtornos mentais, a sa\u00fade mental \u00e9 crucial para todos, independentemente de sua condi\u00e7\u00e3o psicol\u00f3gica. Uma boa sa\u00fade mental nos permite viver de maneira equilibrada, gerenciar o estresse e manter relacionamentos saud\u00e1veis. Portanto, entender sua import\u00e2ncia \u00e9 fundamental para a qualidade de vida.<\/p>\n\n\n\n<p class=\"wp-block-paragraph\">O conceito de sa\u00fade mental abrange v\u00e1rias dimens\u00f5es, incluindo a capacidade de lidar com adversidades, manter autoestima, ser produtivo e contribuir para nossa comunidade. Tais aspectos se entrela\u00e7am e influenciam diretamente as atividades cotidianas, como trabalho e lazer. Quando a sa\u00fade mental \u00e9 negligenciada, pode resultar em uma s\u00e9rie de problemas, n\u00e3o apenas para o indiv\u00edduo, mas tamb\u00e9m para a sociedade como um todo, refletindo-se em quest\u00f5es como aumento de casos de depress\u00e3o e ansiedade.<\/p>\n\n\n\n<p class=\"wp-block-paragraph\">A relev\u00e2ncia da sa\u00fade mental se torna ainda mais evidente em um mundo em constante transforma\u00e7\u00e3o, onde as exig\u00eancias sociais e profissionais podem gerar press\u00e3o significativa. A busca por informa\u00e7\u00f5es seguras e pr\u00e1ticas sobre como cuidar da sa\u00fade mental \u00e9, portanto, uma prioridade. Ter acesso a recursos confi\u00e1veis e apoio comunit\u00e1rio \u00e9 vital para promover n\u00e3o apenas o cuidado individual, mas tamb\u00e9m a conscientiza\u00e7\u00e3o coletiva sobre a import\u00e2ncia de manter a sa\u00fade mental em dia. Isso implica em desmantelar estigmas e incentivar espa\u00e7os de di\u00e1logo, onde a vulnerabilidade pode ser discutida sem medo.<\/p>\n\n\n\n<p class=\"wp-block-paragraph\">Entender a sa\u00fade mental n\u00e3o \u00e9 essencial apenas para aqueles que enfrentam desafios, mas para todos que desejam promover uma vida saud\u00e1vel e equilibrada em suas comunidades. Invista no conhecimento e na conscientiza\u00e7\u00e3o sobre sa\u00fade mental para construir um futuro mais solid\u00e1rio e saud\u00e1vel para todos.<\/p>\n\n\n\n<h2 id=\"sinais-e-sintomas-de-problemas-de-saude-mental\" class=\"wp-block-heading\">Sinais e Sintomas de Problemas de Sa\u00fade Mental<\/h2>\n\n\n\n<p class=\"wp-block-paragraph\">Problemas de sa\u00fade mental podem manifestar-se de diversas maneiras, e a identifica\u00e7\u00e3o precoce de seus sinais e sintomas \u00e9 fundamental para tratamento eficaz. Algumas das condi\u00e7\u00f5es mais comuns incluem ansiedade, depress\u00e3o, e transtornos de humor. A compreens\u00e3o desses sinais pode permitir que as pessoas busquem ajuda de maneira adequada e oportuna.<\/p>\n\n\n\n<p class=\"wp-block-paragraph\">A ansiedade, por exemplo, frequentemente se apresenta com sintomas como preocupa\u00e7\u00e3o excessiva, nervosismo, e at\u00e9 ataques de p\u00e2nico. As pessoas que sofrem de transtornos de ansiedade podem se sentir constantemente em estado de alerta, o que pode impactar significativamente a sua qualidade de vida. Desgaste emocional, dificuldade de concentra\u00e7\u00e3o, e dist\u00farbios no sono s\u00e3o tamb\u00e9m caracter\u00edsticas comuns desses transtornos.<\/p>\n\n\n\n<p class=\"wp-block-paragraph\">Por outro lado, a depress\u00e3o \u00e9 uma condi\u00e7\u00e3o que afeta o estado emocional e f\u00edsico do indiv\u00edduo. Os sinais de depress\u00e3o incluem sentimentos persistentes de tristeza, falta de interesse em atividades antes prazerosas, altera\u00e7\u00f5es no apetite e no sono, al\u00e9m de uma sensa\u00e7\u00e3o de desesperan\u00e7a. Pessoas em situa\u00e7\u00f5es depressivas podem ter dificuldade em lidar com tarefas cotidianas, o que pode levar a um ciclo vicioso de isolamento social e agravamento dos sintomas.<\/p>\n\n\n\n<p class=\"wp-block-paragraph\">Al\u00e9m disso, problemas de sa\u00fade mental podem manifestar-se atrav\u00e9s de mudan\u00e7as de humor abruptas, irritabilidade, e comportamento impulsivo, indicando potenciais transtornos de personalidade. Emo\u00e7\u00f5es intensas e conflitantes, junto \u00e0 dificuldade em lidar com relacionamentos interpessoais, s\u00e3o sinais que n\u00e3o devem ser ignorados.<\/p>\n\n\n\n<p class=\"wp-block-paragraph\">Reconhecer esses sinais e sintomas \u00e9 o primeiro passo para buscar apoio e tratamento. Promover a conscientiza\u00e7\u00e3o sobre a sa\u00fade mental \u00e9 fundamental para que mais indiv\u00edduos se sintam encorajados a discutir suas experi\u00eancias e a procurar a ajuda necess\u00e1ria para melhorar sua qualidade de vida.<\/p>\n\n\n\n<h2 id=\"estrategias-de-prevencao-e-cuidado\" class=\"wp-block-heading\">Estrat\u00e9gias de Preven\u00e7\u00e3o e Cuidado<\/h2>\n\n\n\n<p class=\"wp-block-paragraph\">A sa\u00fade mental \u00e9 um aspecto essencial do bem-estar geral e exige aten\u00e7\u00e3o cont\u00ednua. Para prevenir problemas relacionados \u00e0 sa\u00fade mental, \u00e9 importante adotar estrat\u00e9gias eficazes que promovam o autocuidado e o suporte social. Uma t\u00e9cnica fundamental \u00e9 a pr\u00e1tica regular de atividades f\u00edsicas. Exerc\u00edcios como caminhadas, yoga e nata\u00e7\u00e3o n\u00e3o apenas melhoram a sa\u00fade f\u00edsica, mas tamb\u00e9m liberam endorfinas, subst\u00e2ncias qu\u00edmicas que atuam como analg\u00e9sicos naturais e melhoram o humor.<\/p>\n\n\n\n<p class=\"wp-block-paragraph\">Al\u00e9m disso, manter uma alimenta\u00e7\u00e3o equilibrada \u00e9 crucial. Consumir alimentos ricos em nutrientes, como frutas, vegetais, prote\u00ednas magras e gr\u00e3os integrais, pode ter um impacto positivo na sa\u00fade mental. Outro aspecto importante \u00e9 a qualidade do sono; garantir um descanso adequado e regular \u00e9 fundamental para manter o equil\u00edbrio emocional e o funcionamento cognitivo.<\/p>\n\n\n\n<p class=\"wp-block-paragraph\">A terapia \u00e9 uma ferramenta valiosa no cuidado da sa\u00fade mental. Consultas regulares com psic\u00f3logos ou terapeutas proporcionam um espa\u00e7o seguro para expressar sentimentos e desenvolver habilidades de enfrentamento. A terapia cognitivo-comportamental, por exemplo, ajuda a identificar padr\u00f5es de pensamento negativos e oferece t\u00e9cnicas para substitu\u00ed-los por abordagens mais saud\u00e1veis.<\/p>\n\n\n\n<p class=\"wp-block-paragraph\">Recursos comunit\u00e1rios tamb\u00e9m desempenham um papel vital na preven\u00e7\u00e3o de problemas de sa\u00fade mental. Grupos de apoio, workshops e atividades de conscientiza\u00e7\u00e3o sobre sa\u00fade mental podem ser muito ben\u00e9ficos. Por meio desses recursos, os participantes aprendem a lidar com desafios emocionais e se sentem mais conectados a uma comunidade.<\/p>\n\n\n\n<p class=\"wp-block-paragraph\">Adotar pr\u00e1ticas de autocuidado, buscar terapia quando necess\u00e1rio e utilizar os recursos dispon\u00edveis s\u00e3o caminhos eficazes para a preven\u00e7\u00e3o de problemas relacionados \u00e0 sa\u00fade mental e para o cuidado de sua sa\u00fade emocional e de entes queridos.<\/p>\n\n\n\n<h2 id=\"comparacao-de-tratamentos-e-recursos-disponiveis\" class=\"wp-block-heading\">Compara\u00e7\u00e3o de Tratamentos e Recursos Dispon\u00edveis<\/h2>\n\n\n\n<p class=\"wp-block-paragraph\">A busca pela sa\u00fade mental \u00e9 uma jornada que pode ser facilitada por meio de diversos recursos e tratamentos dispon\u00edveis. Para fazer uma escolha informada, \u00e9 essencial compreender as op\u00e7\u00f5es que cada abordagem oferece. Vamos examinar a terapia, os medicamentos e os grupos de apoio, destacando suas particularidades e como cada um pode contribuir para o bem-estar mental.<\/p>\n\n\n\n<p class=\"wp-block-paragraph\">A terapia pode ser uma das op\u00e7\u00f5es mais eficazes para lidar com quest\u00f5es de sa\u00fade mental. Existem diferentes modalidades, como a terapia cognitivo-comportamental (TCC), que se foca em modificar padr\u00f5es de pensamento negativos, e a terapia psicodin\u00e2mica, que explora as ra\u00edzes emocionais de comportamentos e pensamentos. A escolha da terapia ideal depender\u00e1 do diagn\u00f3stico e das necessidades individuais do paciente.<\/p>\n\n\n\n<p class=\"wp-block-paragraph\">Os medicamentos, por sua vez, podem ser utilizados para tratar condi\u00e7\u00f5es psiqui\u00e1tricas como depress\u00e3o e ansiedade. Antidepressivos e ansiol\u00edticos s\u00e3o frequentemente prescritos, e sua efic\u00e1cia varia de pessoa para pessoa. \u00c9 importante que a utiliza\u00e7\u00e3o desses medicamentos seja supervisionada por um especialista, pois podem haver efeitos colaterais significativos e a necessidade de ajust\u00e1-los em fun\u00e7\u00e3o da resposta do paciente.<\/p>\n\n\n\n<p class=\"wp-block-paragraph\">Por fim, os grupos de apoio representam uma alternativa valiosa. Eles proporcionam um espa\u00e7o seguro para compartilhar experi\u00eancias e desafios, facilitando a troca de conselhos e suporte emocional entre os participantes. Grupos como os de Alco\u00f3licos An\u00f4nimos (AA) ou de apoio \u00e0 depress\u00e3o podem oferecer n\u00e3o s\u00f3 compreens\u00e3o, mas tamb\u00e9m motiva\u00e7\u00e3o para seguir em frente. Estes grupos s\u00e3o especialmente \u00fateis para aqueles que preferem um ambiente social, onde se sentem parte de uma comunidade.<\/p>\n\n\n\n<p class=\"wp-block-paragraph\">A escolha entre terapia, medicamentos e grupos de apoio deve ser feita de maneira criteriosa, considerando as particularidades de cada abordagem e como elas podem se alinhar ao perfil do indiv\u00edduo em busca de sa\u00fade mental. Muitas vezes, uma combina\u00e7\u00e3o dessas op\u00e7\u00f5es pode ser o caminho mais eficaz.<\/p>\n\n\n\n<p class=\"wp-block-paragraph\"><\/p>","protected":false},"excerpt":{"rendered":"<p>A sa\u00fade mental \u00e9 um componente essencial do bem-estar geral de um indiv\u00edduo. Envolve a forma como pensamos, sentimos e nos comportamos em nosso dia a dia. Embora frequentemente associada a dificuldades emocionais e transtornos mentais, a sa\u00fade mental \u00e9 crucial para todos, independentemente de sua condi\u00e7\u00e3o psicol\u00f3gica. Uma boa sa\u00fade mental nos permite viver [&hellip;]<\/p>\n","protected":false},"author":1,"featured_media":144776,"comment_status":"closed","ping_status":"closed","sticky":false,"template":"","format":"standard","meta":{"googlesitekit_rrm_CAow2JLhCw:productID":"","_gspb_post_css":"","maa_idioma":"","maa_pais":"","footnotes":""},"categories":[30],"tags":[40219],"class_list":["post-144881","post","type-post","status-publish","format-standard","has-post-thumbnail","hentry","category-saude","tag-mental-health"],"blocksy_meta":[],"yoast_head":"<!-- This site is optimized with the Yoast SEO Premium plugin v27.6 (Yoast SEO v27.6) - https:\/\/yoast.com\/product\/yoast-seo-premium-wordpress\/ -->\n<title>Sa\u00fade Mental: Entendendo, Prevenindo e Cuidando<\/title>\n<meta name=\"description\" content=\"A sa\u00fade mental \u00e9 vital para o bem-estar geral e envolve como pensamos, sentimos e agimos em nosso cotidiano.\" \/>\n<meta name=\"robots\" content=\"index, follow, max-snippet:-1, max-image-preview:large, max-video-preview:-1\" \/>\n<link rel=\"canonical\" href=\"https:\/\/ubirataonline.com.br\/en\/saude-mental-entendendo-prevenindo-e-cuidando\/\" \/>\n<meta property=\"og:locale\" content=\"en_US\" \/>\n<meta property=\"og:type\" content=\"article\" \/>\n<meta property=\"og:title\" content=\"Sa\u00fade Mental: Entendendo, Prevenindo e Cuidando\" \/>\n<meta property=\"og:description\" content=\"A sa\u00fade mental \u00e9 vital para o bem-estar geral e envolve como pensamos, sentimos e agimos em nosso cotidiano.\" \/>\n<meta property=\"og:url\" content=\"https:\/\/ubirataonline.com.br\/en\/saude-mental-entendendo-prevenindo-e-cuidando\/\" \/>\n<meta property=\"og:site_name\" content=\"Ubirat\u00e3 Online Not\u00edcias - A realidade ao seu alcance!\" \/>\n<meta property=\"article:publisher\" content=\"https:\/\/www.facebook.com\/portalubirataonline\" \/>\n<meta property=\"article:author\" content=\"https:\/\/www.facebook.com\/portalubirataonline\" \/>\n<meta property=\"article:published_time\" content=\"2026-06-06T15:54:25+00:00\" \/>\n<meta property=\"article:modified_time\" content=\"2026-06-06T16:00:33+00:00\" \/>\n<meta property=\"og:image\" content=\"https:\/\/ubirataonline.com.br\/wp-content\/uploads\/2026\/06\/Saude-emocional-e-shows-de-MPB-e-jazz-sao-atracoes.jpg\" \/>\n\t<meta property=\"og:image:width\" content=\"1600\" \/>\n\t<meta property=\"og:image:height\" content=\"1067\" \/>\n\t<meta property=\"og:image:type\" content=\"image\/jpeg\" \/>\n<meta name=\"author\" content=\"REDA\u00c7\u00c3O: UBIRAT\u00c3 ONLINE - F\u00c1BIO AUGUSTO CELESTINO\" \/>\n<meta name=\"twitter:card\" content=\"summary_large_image\" \/>\n<meta name=\"twitter:creator\" content=\"@x.com\/ubirataonline\" \/>\n<meta name=\"twitter:site\" content=\"@ubirataonline\" \/>\n<meta name=\"twitter:label1\" content=\"Written by\" \/>\n\t<meta name=\"twitter:data1\" content=\"REDA\u00c7\u00c3O: UBIRAT\u00c3 ONLINE - F\u00c1BIO AUGUSTO CELESTINO\" \/>\n\t<meta name=\"twitter:label2\" content=\"Est. reading time\" \/>\n\t<meta name=\"twitter:data2\" content=\"7 minutes\" \/>\n<script type=\"application\/ld+json\" class=\"yoast-schema-graph\">{\"@context\":\"https:\\\/\\\/schema.org\",\"@graph\":[{\"@type\":\"NewsArticle\",\"@id\":\"https:\\\/\\\/ubirataonline.com.br\\\/saude-mental-entendendo-prevenindo-e-cuidando\\\/#article\",\"isPartOf\":{\"@id\":\"https:\\\/\\\/ubirataonline.com.br\\\/saude-mental-entendendo-prevenindo-e-cuidando\\\/\"},\"author\":{\"name\":\"REDA\u00c7\u00c3O: UBIRAT\u00c3 ONLINE - F\u00c1BIO AUGUSTO CELESTINO\",\"@id\":\"https:\\\/\\\/ubirataonline.com.br\\\/#\\\/schema\\\/person\\\/372f87bbd3fdd79b8556b84c98d0bc1c\"},\"headline\":\"Sa\u00fade Mental: Entendendo, Prevenindo e Cuidando\",\"datePublished\":\"2026-06-06T15:54:25+00:00\",\"dateModified\":\"2026-06-06T16:00:33+00:00\",\"mainEntityOfPage\":{\"@id\":\"https:\\\/\\\/ubirataonline.com.br\\\/saude-mental-entendendo-prevenindo-e-cuidando\\\/\"},\"wordCount\":1350,\"publisher\":{\"@id\":\"https:\\\/\\\/ubirataonline.com.br\\\/#organization\"},\"image\":{\"@id\":\"https:\\\/\\\/ubirataonline.com.br\\\/saude-mental-entendendo-prevenindo-e-cuidando\\\/#primaryimage\"},\"thumbnailUrl\":\"https:\\\/\\\/ubirataonline.com.br\\\/wp-content\\\/uploads\\\/2026\\\/06\\\/Saude-emocional-e-shows-de-MPB-e-jazz-sao-atracoes.jpg\",\"keywords\":[\"mental health\"],\"articleSection\":[\"Sa\u00fade\"],\"inLanguage\":\"en-US\",\"copyrightYear\":\"2026\",\"copyrightHolder\":{\"@id\":\"https:\\\/\\\/ubirataonline.com.br\\\/en\\\/#organization\"}},{\"@type\":\"WebPage\",\"@id\":\"https:\\\/\\\/ubirataonline.com.br\\\/saude-mental-entendendo-prevenindo-e-cuidando\\\/\",\"url\":\"https:\\\/\\\/ubirataonline.com.br\\\/saude-mental-entendendo-prevenindo-e-cuidando\\\/\",\"name\":\"Sa\u00fade Mental: Entendendo, Prevenindo e Cuidando\",\"isPartOf\":{\"@id\":\"https:\\\/\\\/ubirataonline.com.br\\\/#website\"},\"primaryImageOfPage\":{\"@id\":\"https:\\\/\\\/ubirataonline.com.br\\\/saude-mental-entendendo-prevenindo-e-cuidando\\\/#primaryimage\"},\"image\":{\"@id\":\"https:\\\/\\\/ubirataonline.com.br\\\/saude-mental-entendendo-prevenindo-e-cuidando\\\/#primaryimage\"},\"thumbnailUrl\":\"https:\\\/\\\/ubirataonline.com.br\\\/wp-content\\\/uploads\\\/2026\\\/06\\\/Saude-emocional-e-shows-de-MPB-e-jazz-sao-atracoes.jpg\",\"datePublished\":\"2026-06-06T15:54:25+00:00\",\"dateModified\":\"2026-06-06T16:00:33+00:00\",\"description\":\"A sa\u00fade mental \u00e9 vital para o bem-estar geral e envolve como pensamos, sentimos e agimos em nosso cotidiano.\",\"breadcrumb\":{\"@id\":\"https:\\\/\\\/ubirataonline.com.br\\\/saude-mental-entendendo-prevenindo-e-cuidando\\\/#breadcrumb\"},\"inLanguage\":\"en-US\",\"potentialAction\":[{\"@type\":\"ReadAction\",\"target\":[\"https:\\\/\\\/ubirataonline.com.br\\\/saude-mental-entendendo-prevenindo-e-cuidando\\\/\"]}]},{\"@type\":\"ImageObject\",\"inLanguage\":\"en-US\",\"@id\":\"https:\\\/\\\/ubirataonline.com.br\\\/saude-mental-entendendo-prevenindo-e-cuidando\\\/#primaryimage\",\"url\":\"https:\\\/\\\/ubirataonline.com.br\\\/wp-content\\\/uploads\\\/2026\\\/06\\\/Saude-emocional-e-shows-de-MPB-e-jazz-sao-atracoes.jpg\",\"contentUrl\":\"https:\\\/\\\/ubirataonline.com.br\\\/wp-content\\\/uploads\\\/2026\\\/06\\\/Saude-emocional-e-shows-de-MPB-e-jazz-sao-atracoes.jpg\",\"width\":1600,\"height\":1067,\"caption\":\"Nubya Garcia \u00e9 atra\u00e7\u00e3o no teatro da Reitoria. Foto: Divulga\u00e7\u00e3o\"},{\"@type\":\"BreadcrumbList\",\"@id\":\"https:\\\/\\\/ubirataonline.com.br\\\/saude-mental-entendendo-prevenindo-e-cuidando\\\/#breadcrumb\",\"itemListElement\":[{\"@type\":\"ListItem\",\"position\":1,\"name\":\"In\u00edcio\",\"item\":\"https:\\\/\\\/ubirataonline.com.br\\\/\"},{\"@type\":\"ListItem\",\"position\":2,\"name\":\"Sa\u00fade Mental: Entendendo, Prevenindo e Cuidando\"}]},{\"@type\":\"WebSite\",\"@id\":\"https:\\\/\\\/ubirataonline.com.br\\\/#website\",\"url\":\"https:\\\/\\\/ubirataonline.com.br\\\/\",\"name\":\"Ubirat\u00e3 Online Not\u00edcias\",\"description\":\"Not\u00edcias de Ubirat\u00e3, regi\u00e3o, Brasil e mundo, com informa\u00e7\u00e3o atualizada e compromisso com o leitor.\",\"publisher\":{\"@id\":\"https:\\\/\\\/ubirataonline.com.br\\\/#organization\"},\"alternateName\":\"Ubirat\u00e3 Online\",\"potentialAction\":[{\"@type\":\"SearchAction\",\"target\":{\"@type\":\"EntryPoint\",\"urlTemplate\":\"https:\\\/\\\/ubirataonline.com.br\\\/?s={search_term_string}\"},\"query-input\":{\"@type\":\"PropertyValueSpecification\",\"valueRequired\":true,\"valueName\":\"search_term_string\"}}],\"inLanguage\":\"en-US\"},{\"@type\":[\"Organization\",\"Place\"],\"@id\":\"https:\\\/\\\/ubirataonline.com.br\\\/#organization\",\"name\":\"Ubirat\u00e3 Online Not\u00edcias\",\"alternateName\":\"Ubirat\u00e3 Online\",\"url\":\"https:\\\/\\\/ubirataonline.com.br\\\/\",\"logo\":{\"@id\":\"https:\\\/\\\/ubirataonline.com.br\\\/saude-mental-entendendo-prevenindo-e-cuidando\\\/#local-main-organization-logo\"},\"image\":{\"@id\":\"https:\\\/\\\/ubirataonline.com.br\\\/saude-mental-entendendo-prevenindo-e-cuidando\\\/#local-main-organization-logo\"},\"sameAs\":[\"https:\\\/\\\/www.facebook.com\\\/portalubirataonline\",\"https:\\\/\\\/x.com\\\/ubirataonline\",\"https:\\\/\\\/mastodon.social\\\/@ubirataonline\",\"https:\\\/\\\/www.facebook.com\\\/groups\\\/311144672285604\",\"https:\\\/\\\/www.facebook.com\\\/UBTAOnline\",\"https:\\\/\\\/www.instagram.com\\\/portalubirataonline\\\/\",\"https:\\\/\\\/twitter.com\\\/ubirataonline\"],\"description\":\"Somos um portal de not\u00edcias independente, criado em 5 de janeiro de 2009, com o objetivo de informar, conectar e valorizar a nossa comunidade de Ubirat\u00e3 e toda aregi\u00e3o. Com conte\u00fado atualizado, confi\u00e1vel e relevante, o Ubirat\u00e3 Online \u00e9 o seu espa\u00e7o para ficar por dentro dos principais acontecimentos locais, regionais, Brasil, Mundo e de interesse geral. Nosso compromisso \u00e9 com a verdade, a transpar\u00eancia e o respeito ao leitor.\",\"legalName\":\"UBIRATA ONLINE NOT\u00cdCIAS\",\"foundingDate\":\"2009-01-05\",\"numberOfEmployees\":{\"@type\":\"QuantitativeValue\",\"minValue\":\"1\",\"maxValue\":\"10\"},\"publishingPrinciples\":\"https:\\\/\\\/ubirataonline.com.br\\\/faq\\\/\",\"address\":{\"@id\":\"https:\\\/\\\/ubirataonline.com.br\\\/saude-mental-entendendo-prevenindo-e-cuidando\\\/#local-main-place-address\"},\"geo\":{\"@type\":\"GeoCoordinates\",\"latitude\":\"-24.5361401\",\"longitude\":\"-52.9921776\"},\"telephone\":[\"+5544998308235\"],\"contactPoint\":{\"@type\":\"ContactPoint\",\"email\":\"contato@ubirataonline.com.br\"},\"openingHoursSpecification\":{\"@type\":\"OpeningHoursSpecification\",\"dayOfWeek\":[\"Monday\",\"Tuesday\",\"Wednesday\",\"Thursday\",\"Friday\",\"Saturday\",\"Sunday\"],\"opens\":\"00:00\",\"closes\":\"23:59\"},\"email\":\"contato@ubirataonline.com.br\",\"vatID\":\"47.621.418\\\/0001-80\"},{\"@type\":\"Person\",\"@id\":\"https:\\\/\\\/ubirataonline.com.br\\\/#\\\/schema\\\/person\\\/372f87bbd3fdd79b8556b84c98d0bc1c\",\"name\":\"REDA\u00c7\u00c3O: UBIRAT\u00c3 ONLINE - F\u00c1BIO AUGUSTO CELESTINO\",\"pronouns\":\"Ele\",\"description\":\"Desde 2003 trabalhando com not\u00edcias.\",\"sameAs\":[\"http:\\\/\\\/ubirataoline.com.br\",\"https:\\\/\\\/www.facebook.com\\\/portalubirataonline\",\"https:\\\/\\\/www.instagram.com\\\/ubirataonline_oficial\",\"https:\\\/\\\/x.com\\\/x.com\\\/ubirataonline\"],\"honorificPrefix\":\"Mr.\",\"honorificSuffix\":\"MD\",\"birthDate\":\"1980-06-16\",\"gender\":\"masculino\",\"award\":[\"V\u00e1rios pr\u00eamios de melhor portal da cidade\"],\"jobTitle\":\"Diretor\",\"url\":\"https:\\\/\\\/ubirataonline.com.br\\\/en\\\/author\\\/ubirataonline\\\/\"},{\"@type\":\"PostalAddress\",\"@id\":\"https:\\\/\\\/ubirataonline.com.br\\\/saude-mental-entendendo-prevenindo-e-cuidando\\\/#local-main-place-address\",\"streetAddress\":\"Rua dos Coqueiros, 104 - Bairro Boa Vista, Rua dos Coqueiros, 104 Bairro Boa Vista\",\"addressLocality\":\"UBIRATA\",\"postalCode\":\"85440-000\",\"addressRegion\":\"PR\",\"addressCountry\":\"BR\"},{\"@type\":\"ImageObject\",\"inLanguage\":\"en-US\",\"@id\":\"https:\\\/\\\/ubirataonline.com.br\\\/saude-mental-entendendo-prevenindo-e-cuidando\\\/#local-main-organization-logo\",\"url\":\"https:\\\/\\\/ubirataonline.com.br\\\/wp-content\\\/uploads\\\/2026\\\/06\\\/logoubirataonline-1.webp\",\"contentUrl\":\"https:\\\/\\\/ubirataonline.com.br\\\/wp-content\\\/uploads\\\/2026\\\/06\\\/logoubirataonline-1.webp\",\"width\":500,\"height\":500,\"caption\":\"Ubirat\u00e3 Online Not\u00edcias\"}]}<\/script>\n<meta name=\"geo.placename\" content=\"UBIRATA\" \/>\n<meta name=\"geo.position\" content=\"-24.5361401;-52.9921776\" \/>\n<meta name=\"geo.region\" content=\"Brazil\" \/>\n<!-- \/ Yoast SEO Premium plugin. -->","yoast_head_json":{"title":"Sa\u00fade Mental: Entendendo, Prevenindo e Cuidando","description":"A sa\u00fade mental \u00e9 vital para o bem-estar geral e envolve como pensamos, sentimos e agimos em nosso cotidiano.","robots":{"index":"index","follow":"follow","max-snippet":"max-snippet:-1","max-image-preview":"max-image-preview:large","max-video-preview":"max-video-preview:-1"},"canonical":"https:\/\/ubirataonline.com.br\/en\/saude-mental-entendendo-prevenindo-e-cuidando\/","og_locale":"en_US","og_type":"article","og_title":"Sa\u00fade Mental: Entendendo, Prevenindo e Cuidando","og_description":"A sa\u00fade mental \u00e9 vital para o bem-estar geral e envolve como pensamos, sentimos e agimos em nosso cotidiano.","og_url":"https:\/\/ubirataonline.com.br\/en\/saude-mental-entendendo-prevenindo-e-cuidando\/","og_site_name":"Ubirat\u00e3 Online Not\u00edcias - A realidade ao seu alcance!","article_publisher":"https:\/\/www.facebook.com\/portalubirataonline","article_author":"https:\/\/www.facebook.com\/portalubirataonline","article_published_time":"2026-06-06T15:54:25+00:00","article_modified_time":"2026-06-06T16:00:33+00:00","og_image":[{"width":1600,"height":1067,"url":"https:\/\/ubirataonline.com.br\/wp-content\/uploads\/2026\/06\/Saude-emocional-e-shows-de-MPB-e-jazz-sao-atracoes.jpg","type":"image\/jpeg"}],"author":"REDA\u00c7\u00c3O: UBIRAT\u00c3 ONLINE - F\u00c1BIO AUGUSTO CELESTINO","twitter_card":"summary_large_image","twitter_creator":"@x.com\/ubirataonline","twitter_site":"@ubirataonline","twitter_misc":{"Written by":"REDA\u00c7\u00c3O: UBIRAT\u00c3 ONLINE - F\u00c1BIO AUGUSTO CELESTINO","Est. reading time":"7 minutes"},"schema":{"@context":"https:\/\/schema.org","@graph":[{"@type":"NewsArticle","@id":"https:\/\/ubirataonline.com.br\/saude-mental-entendendo-prevenindo-e-cuidando\/#article","isPartOf":{"@id":"https:\/\/ubirataonline.com.br\/saude-mental-entendendo-prevenindo-e-cuidando\/"},"author":{"name":"REDA\u00c7\u00c3O: UBIRAT\u00c3 ONLINE - F\u00c1BIO AUGUSTO CELESTINO","@id":"https:\/\/ubirataonline.com.br\/#\/schema\/person\/372f87bbd3fdd79b8556b84c98d0bc1c"},"headline":"Sa\u00fade Mental: Entendendo, Prevenindo e Cuidando","datePublished":"2026-06-06T15:54:25+00:00","dateModified":"2026-06-06T16:00:33+00:00","mainEntityOfPage":{"@id":"https:\/\/ubirataonline.com.br\/saude-mental-entendendo-prevenindo-e-cuidando\/"},"wordCount":1350,"publisher":{"@id":"https:\/\/ubirataonline.com.br\/#organization"},"image":{"@id":"https:\/\/ubirataonline.com.br\/saude-mental-entendendo-prevenindo-e-cuidando\/#primaryimage"},"thumbnailUrl":"https:\/\/ubirataonline.com.br\/wp-content\/uploads\/2026\/06\/Saude-emocional-e-shows-de-MPB-e-jazz-sao-atracoes.jpg","keywords":["mental health"],"articleSection":["Sa\u00fade"],"inLanguage":"en-US","copyrightYear":"2026","copyrightHolder":{"@id":"https:\/\/ubirataonline.com.br\/en\/#organization"}},{"@type":"WebPage","@id":"https:\/\/ubirataonline.com.br\/saude-mental-entendendo-prevenindo-e-cuidando\/","url":"https:\/\/ubirataonline.com.br\/saude-mental-entendendo-prevenindo-e-cuidando\/","name":"Sa\u00fade Mental: Entendendo, Prevenindo e Cuidando","isPartOf":{"@id":"https:\/\/ubirataonline.com.br\/#website"},"primaryImageOfPage":{"@id":"https:\/\/ubirataonline.com.br\/saude-mental-entendendo-prevenindo-e-cuidando\/#primaryimage"},"image":{"@id":"https:\/\/ubirataonline.com.br\/saude-mental-entendendo-prevenindo-e-cuidando\/#primaryimage"},"thumbnailUrl":"https:\/\/ubirataonline.com.br\/wp-content\/uploads\/2026\/06\/Saude-emocional-e-shows-de-MPB-e-jazz-sao-atracoes.jpg","datePublished":"2026-06-06T15:54:25+00:00","dateModified":"2026-06-06T16:00:33+00:00","description":"A sa\u00fade mental \u00e9 vital para o bem-estar geral e envolve como pensamos, sentimos e agimos em nosso cotidiano.","breadcrumb":{"@id":"https:\/\/ubirataonline.com.br\/saude-mental-entendendo-prevenindo-e-cuidando\/#breadcrumb"},"inLanguage":"en-US","potentialAction":[{"@type":"ReadAction","target":["https:\/\/ubirataonline.com.br\/saude-mental-entendendo-prevenindo-e-cuidando\/"]}]},{"@type":"ImageObject","inLanguage":"en-US","@id":"https:\/\/ubirataonline.com.br\/saude-mental-entendendo-prevenindo-e-cuidando\/#primaryimage","url":"https:\/\/ubirataonline.com.br\/wp-content\/uploads\/2026\/06\/Saude-emocional-e-shows-de-MPB-e-jazz-sao-atracoes.jpg","contentUrl":"https:\/\/ubirataonline.com.br\/wp-content\/uploads\/2026\/06\/Saude-emocional-e-shows-de-MPB-e-jazz-sao-atracoes.jpg","width":1600,"height":1067,"caption":"Nubya Garcia \u00e9 atra\u00e7\u00e3o no teatro da Reitoria. Foto: Divulga\u00e7\u00e3o"},{"@type":"BreadcrumbList","@id":"https:\/\/ubirataonline.com.br\/saude-mental-entendendo-prevenindo-e-cuidando\/#breadcrumb","itemListElement":[{"@type":"ListItem","position":1,"name":"In\u00edcio","item":"https:\/\/ubirataonline.com.br\/"},{"@type":"ListItem","position":2,"name":"Sa\u00fade Mental: Entendendo, Prevenindo e Cuidando"}]},{"@type":"WebSite","@id":"https:\/\/ubirataonline.com.br\/#website","url":"https:\/\/ubirataonline.com.br\/","name":"Ubirat\u00e3 Online Not\u00edcias","description":"Not\u00edcias de Ubirat\u00e3, regi\u00e3o, Brasil e mundo, com informa\u00e7\u00e3o atualizada e compromisso com o leitor.","publisher":{"@id":"https:\/\/ubirataonline.com.br\/#organization"},"alternateName":"Ubirat\u00e3 Online","potentialAction":[{"@type":"SearchAction","target":{"@type":"EntryPoint","urlTemplate":"https:\/\/ubirataonline.com.br\/?s={search_term_string}"},"query-input":{"@type":"PropertyValueSpecification","valueRequired":true,"valueName":"search_term_string"}}],"inLanguage":"en-US"},{"@type":["Organization","Place"],"@id":"https:\/\/ubirataonline.com.br\/#organization","name":"Ubirat\u00e3 Online Not\u00edcias","alternateName":"Ubirat\u00e3 Online","url":"https:\/\/ubirataonline.com.br\/","logo":{"@id":"https:\/\/ubirataonline.com.br\/saude-mental-entendendo-prevenindo-e-cuidando\/#local-main-organization-logo"},"image":{"@id":"https:\/\/ubirataonline.com.br\/saude-mental-entendendo-prevenindo-e-cuidando\/#local-main-organization-logo"},"sameAs":["https:\/\/www.facebook.com\/portalubirataonline","https:\/\/x.com\/ubirataonline","https:\/\/mastodon.social\/@ubirataonline","https:\/\/www.facebook.com\/groups\/311144672285604","https:\/\/www.facebook.com\/UBTAOnline","https:\/\/www.instagram.com\/portalubirataonline\/","https:\/\/twitter.com\/ubirataonline"],"description":"Somos um portal de not\u00edcias independente, criado em 5 de janeiro de 2009, com o objetivo de informar, conectar e valorizar a nossa comunidade de Ubirat\u00e3 e toda aregi\u00e3o. Com conte\u00fado atualizado, confi\u00e1vel e relevante, o Ubirat\u00e3 Online \u00e9 o seu espa\u00e7o para ficar por dentro dos principais acontecimentos locais, regionais, Brasil, Mundo e de interesse geral. Nosso compromisso \u00e9 com a verdade, a transpar\u00eancia e o respeito ao leitor.","legalName":"UBIRATA ONLINE NOT\u00cdCIAS","foundingDate":"2009-01-05","numberOfEmployees":{"@type":"QuantitativeValue","minValue":"1","maxValue":"10"},"publishingPrinciples":"https:\/\/ubirataonline.com.br\/faq\/","address":{"@id":"https:\/\/ubirataonline.com.br\/saude-mental-entendendo-prevenindo-e-cuidando\/#local-main-place-address"},"geo":{"@type":"GeoCoordinates","latitude":"-24.5361401","longitude":"-52.9921776"},"telephone":["+5544998308235"],"contactPoint":{"@type":"ContactPoint","email":"contato@ubirataonline.com.br"},"openingHoursSpecification":{"@type":"OpeningHoursSpecification","dayOfWeek":["Monday","Tuesday","Wednesday","Thursday","Friday","Saturday","Sunday"],"opens":"00:00","closes":"23:59"},"email":"contato@ubirataonline.com.br","vatID":"47.621.418\/0001-80"},{"@type":"Person","@id":"https:\/\/ubirataonline.com.br\/#\/schema\/person\/372f87bbd3fdd79b8556b84c98d0bc1c","name":"REDA\u00c7\u00c3O: UBIRAT\u00c3 ONLINE - F\u00c1BIO AUGUSTO CELESTINO","pronouns":"Ele","description":"Desde 2003 trabalhando com not\u00edcias.","sameAs":["http:\/\/ubirataoline.com.br","https:\/\/www.facebook.com\/portalubirataonline","https:\/\/www.instagram.com\/ubirataonline_oficial","https:\/\/x.com\/x.com\/ubirataonline"],"honorificPrefix":"Mr.","honorificSuffix":"MD","birthDate":"1980-06-16","gender":"masculino","award":["V\u00e1rios pr\u00eamios de melhor portal da cidade"],"jobTitle":"Diretor","url":"https:\/\/ubirataonline.com.br\/en\/author\/ubirataonline\/"},{"@type":"PostalAddress","@id":"https:\/\/ubirataonline.com.br\/saude-mental-entendendo-prevenindo-e-cuidando\/#local-main-place-address","streetAddress":"Rua dos Coqueiros, 104 - Bairro Boa Vista, Rua dos Coqueiros, 104 Bairro Boa Vista","addressLocality":"UBIRATA","postalCode":"85440-000","addressRegion":"PR","addressCountry":"BR"},{"@type":"ImageObject","inLanguage":"en-US","@id":"https:\/\/ubirataonline.com.br\/saude-mental-entendendo-prevenindo-e-cuidando\/#local-main-organization-logo","url":"https:\/\/ubirataonline.com.br\/wp-content\/uploads\/2026\/06\/logoubirataonline-1.webp","contentUrl":"https:\/\/ubirataonline.com.br\/wp-content\/uploads\/2026\/06\/logoubirataonline-1.webp","width":500,"height":500,"caption":"Ubirat\u00e3 Online Not\u00edcias"}]},"geo.placename":"UBIRATA","geo.position":{"lat":"-24.5361401","long":"-52.9921776"},"geo.region":"Brazil"},"_links":{"self":[{"href":"https:\/\/ubirataonline.com.br\/en\/wp-json\/wp\/v2\/posts\/144881","targetHints":{"allow":["GET"]}}],"collection":[{"href":"https:\/\/ubirataonline.com.br\/en\/wp-json\/wp\/v2\/posts"}],"about":[{"href":"https:\/\/ubirataonline.com.br\/en\/wp-json\/wp\/v2\/types\/post"}],"author":[{"embeddable":true,"href":"https:\/\/ubirataonline.com.br\/en\/wp-json\/wp\/v2\/users\/1"}],"replies":[{"embeddable":true,"href":"https:\/\/ubirataonline.com.br\/en\/wp-json\/wp\/v2\/comments?post=144881"}],"version-history":[{"count":0,"href":"https:\/\/ubirataonline.com.br\/en\/wp-json\/wp\/v2\/posts\/144881\/revisions"}],"wp:featuredmedia":[{"embeddable":true,"href":"https:\/\/ubirataonline.com.br\/en\/wp-json\/wp\/v2\/media\/144776"}],"wp:attachment":[{"href":"https:\/\/ubirataonline.com.br\/en\/wp-json\/wp\/v2\/media?parent=144881"}],"wp:term":[{"taxonomy":"category","embeddable":true,"href":"https:\/\/ubirataonline.com.br\/en\/wp-json\/wp\/v2\/categories?post=144881"},{"taxonomy":"post_tag","embeddable":true,"href":"https:\/\/ubirataonline.com.br\/en\/wp-json\/wp\/v2\/tags?post=144881"}],"curies":[{"name":"wp","href":"https:\/\/api.w.org\/{rel}","templated":true}]}}