{"id":146427,"date":"2026-06-10T17:56:53","date_gmt":"2026-06-10T20:56:53","guid":{"rendered":"https:\/\/ubirataonline.com.br\/ministerio-da-fazenda-autoriza-ida-de-servidora-a-curso-de-lideranca-em-paris\/"},"modified":"2026-06-10T17:56:56","modified_gmt":"2026-06-10T20:56:56","slug":"ministerio-da-fazenda-autoriza-ida-de-servidora-a-curso-de-lideranca-em-paris","status":"publish","type":"post","link":"https:\/\/ubirataonline.com.br\/en\/ministerio-da-fazenda-autoriza-ida-de-servidora-a-curso-de-lideranca-em-paris\/","title":{"rendered":"Minist\u00e9rio da Fazenda autoriza ida de servidora a curso de lideran\u00e7a em Paris"},"content":{"rendered":"<p><\/p>\n<div>\n<p>O <a href=\"https:\/\/www.gov.br\/fazenda\">Minist\u00e9rio da Fazenda<\/a> autorizou o afastamento do pa\u00eds de uma servidora para participar de uma capacita\u00e7\u00e3o internacional de alto n\u00edvel voltada ao desenvolvimento de lideran\u00e7as femininas. A decis\u00e3o, formalizada por meio de um despacho publicado no <a href=\"https:\/\/www.in.gov.br\/web\/dou\/-\/despacho-de-9-de-junho-de-2026-711136502\">Di\u00e1rio Oficial da Uni\u00e3o (DOU)<\/a> nesta ter\u00e7a-feira, nove de junho de 2026, viabiliza a ida da auditora federal Livia Farias Ferreira de Oliveira para Paris (Fran\u00e7a). O deslocamento ocorre com \u00f4nus para a administra\u00e7\u00e3o p\u00fablica, o que significa que o governo federal custear\u00e1 as despesas da viagem.<\/p>\n<p>A autoriza\u00e7\u00e3o foi assinada pela secret\u00e1ria de Assuntos Internacionais substituta, Elaine Raila Brito Amorim. De acordo com o documento, Livia participar\u00e1 da a\u00e7\u00e3o de desenvolvimento intitulada &#8220;Programa Imersivo para Mulheres na Lideran\u00e7a&#8221;. A jornada de capacita\u00e7\u00e3o na capital francesa est\u00e1 programada para ocorrer entre os dias 15 e 19 de junho de 2026, prevendo ainda um per\u00edodo de tr\u00e2nsito internacional nos dias 13 e 14 de junho para o deslocamento da servidora, que exerce suas fun\u00e7\u00f5es na Secretaria de Assuntos Internacionais da pasta.<\/p>\n<h3>Estrutura legal e \u00f4nus financeiro<\/h3>\n<p>O afastamento fundamenta-se em um conjunto robusto de normas da administra\u00e7\u00e3o p\u00fablica federal. O pilar principal \u00e9 a Lei 8.112\/1990 \u2013 o Estatuto do Servidor P\u00fablico \u2013, especificamente o artigo 95, que disciplina a cess\u00e3o de servidores para miss\u00f5es ou estudos no exterior. Al\u00e9m disso, o despacho cita o Decreto 9.991\/2019, que instituiu a Pol\u00edtica Nacional de Desenvolvimento de Pessoas (PNDP) da administra\u00e7\u00e3o p\u00fablica federal direta, aut\u00e1rquica e fundacional.<\/p>\n<p>A men\u00e7\u00e3o ao &#8220;\u00f4nus da Administra\u00e7\u00e3o&#8221; implica que o \u00f3rg\u00e3o de origem da servidora ser\u00e1 respons\u00e1vel pelo pagamento de passagens a\u00e9reas e di\u00e1rias, al\u00e9m da manuten\u00e7\u00e3o do vencimento b\u00e1sico e demais vantagens do cargo durante o per\u00edodo de aus\u00eancia. Esse tipo de investimento \u00e9 previsto no or\u00e7amento anual das pastas como parte da estrat\u00e9gia de qualifica\u00e7\u00e3o do corpo t\u00e9cnico, visando o aprimoramento da gest\u00e3o p\u00fablica por meio da absor\u00e7\u00e3o de conhecimentos internacionais.<\/p>\n<h3>Foco em lideran\u00e7a feminina<\/h3>\n<p>A participa\u00e7\u00e3o de uma auditora federal em um programa focado em mulheres na lideran\u00e7a reflete uma tend\u00eancia de pol\u00edticas de governan\u00e7a que buscam ampliar a representatividade feminina em postos de comando no servi\u00e7o p\u00fablico. Livia \u00e9 ocupante do cargo de auditor federal de finan\u00e7as e controle, uma das carreiras de elite do Executivo federal, respons\u00e1vel por zelar pela transpar\u00eancia, fiscaliza\u00e7\u00e3o e gest\u00e3o dos recursos da Uni\u00e3o.<\/p>\n<p>A Secretaria de Assuntos Internacionais, onde a servidora atua, desempenha papel fundamental na interlocu\u00e7\u00e3o do Brasil com organismos financeiros mundiais e em negocia\u00e7\u00f5es bilaterais. Segundo apurado por <strong>O TEMPO<\/strong>, a qualifica\u00e7\u00e3o de quadros t\u00e9cnicos em ambientes globais \u2013 como o polo educacional de Paris \u2013 \u00e9 vista como estrat\u00e9gica para fortalecer a posi\u00e7\u00e3o brasileira em f\u00f3runs de debate sobre economia e finan\u00e7as.<\/p>\n<h3>Procedimentos de capacita\u00e7\u00e3o<\/h3>\n<p>Para que um servidor receba tal autoriza\u00e7\u00e3o, o processo passa por diversas etapas de verifica\u00e7\u00e3o no Sistema Eletr\u00f4nico de Informa\u00e7\u00f5es (SEI). No caso em quest\u00e3o, o processo SEI 19995.006026\/2026-81 fundamentou a necessidade da imers\u00e3o. A servidora deve, ao final da viagem, apresentar relat\u00f3rios ou certificados que comprovem a participa\u00e7\u00e3o e a aplica\u00e7\u00e3o dos conhecimentos na rotina da secretaria.<\/p>\n<p>A medida segue ainda as diretrizes da Instru\u00e7\u00e3o Normativa SGP-ENAP\/SEDGG\/ME 21\/2021, que estabelece crit\u00e9rios r\u00edgidos para o desenvolvimento de pessoal, priorizando a\u00e7\u00f5es que tenham nexo direto com a fun\u00e7\u00e3o exercida pelo servidor no \u00f3rg\u00e3o. Elaine, ao assinar o despacho, ratifica que a participa\u00e7\u00e3o de Livia est\u00e1 alinhada aos objetivos institucionais do Minist\u00e9rio da Fazenda para o exerc\u00edcio de 2026.<\/p>\n<p><em>A equipe de <strong>O TEMPO<\/strong> produziu esta reportagem automaticamente por meio de intelig\u00eancia artificial, com base em dados oficiais. O conte\u00fado passou por um processo pr\u00e9vio de verifica\u00e7\u00e3o para a sua elabora\u00e7\u00e3o. Se voc\u00ea encontrar algum erro, por favor, nos informe pelo e-mail inteligenciaartificial@otempo.com.br.<\/em><\/p>\n<p><strong>ARTIGOS DE REFER\u00caNCIA<\/strong><\/p>\n<\/p><\/div>\n<p><a href=\"https:\/\/www.otempo.com.br\/politica\/2026\/6\/10\/ministerio-da-fazenda-autoriza-ida-de-servidora-a-curso-de-lideranca-em-paris\">Fonte do Artigo <\/a><br \/>\nSee more: <a href=\"https:\/\/theglobaltrack.com\/\" target=\"_blank\" rel=\"noopener noreferrer\">The Global Track<\/a><\/p>\n<p><a href=\"https:\/\/corinthiames.com.br\/\" target=\"_blank\" rel=\"noopener noreferrer\">Corinthia Mes<\/a><\/p>","protected":false},"excerpt":{"rendered":"<p>O Minist\u00e9rio da Fazenda autorizou o afastamento do pa\u00eds de uma servidora para participar de uma capacita\u00e7\u00e3o internacional de alto n\u00edvel voltada ao desenvolvimento de lideran\u00e7as femininas. A decis\u00e3o, formalizada por meio de um despacho publicado no Di\u00e1rio Oficial da Uni\u00e3o (DOU) nesta ter\u00e7a-feira, nove de junho de 2026, viabiliza a ida da auditora federal [&hellip;]<\/p>\n","protected":false},"author":1,"featured_media":146428,"comment_status":"closed","ping_status":"","sticky":false,"template":"","format":"standard","meta":{"googlesitekit_rrm_CAow2JLhCw:productID":"","_gspb_post_css":"","maa_idioma":"","maa_pais":"","footnotes":""},"categories":[4],"tags":[8759,6455,5153,8159,7748,3438,4229,20337],"class_list":["post-146427","post","type-post","status-publish","format-standard","has-post-thumbnail","hentry","category-brasil","tag-autoriza","tag-curso","tag-fazenda","tag-ida","tag-lideranca","tag-ministerio","tag-paris","tag-servidora"],"blocksy_meta":[],"yoast_head":"<!-- This site is optimized with the Yoast SEO Premium plugin v27.6 (Yoast SEO v27.6) - https:\/\/yoast.com\/product\/yoast-seo-premium-wordpress\/ -->\n<title>Minist\u00e9rio da Fazenda autoriza ida de servidora a curso de lideran\u00e7a em Paris - Ubirat\u00e3 Online Not\u00edcias - A realidade ao seu alcance!<\/title>\n<meta name=\"description\" content=\"Auditora federal participar\u00e1 de programa imersivo para mulheres na capital francesa com custos arcados pela Uni\u00e3o; afastamento foi publicado no Di\u00e1rio Oficial da Uni\u00e3o\" \/>\n<meta name=\"robots\" content=\"index, follow, max-snippet:-1, max-image-preview:large, max-video-preview:-1\" \/>\n<link rel=\"canonical\" href=\"https:\/\/ubirataonline.com.br\/en\/ministerio-da-fazenda-autoriza-ida-de-servidora-a-curso-de-lideranca-em-paris\/\" \/>\n<meta property=\"og:locale\" content=\"en_US\" \/>\n<meta property=\"og:type\" content=\"article\" \/>\n<meta property=\"og:title\" content=\"Minist\u00e9rio da Fazenda autoriza ida de servidora a curso de lideran\u00e7a em Paris\" \/>\n<meta property=\"og:description\" content=\"Auditora federal participar\u00e1 de programa imersivo para mulheres na capital francesa com custos arcados pela Uni\u00e3o; afastamento foi publicado no Di\u00e1rio Oficial da Uni\u00e3o\" \/>\n<meta property=\"og:url\" content=\"https:\/\/ubirataonline.com.br\/en\/ministerio-da-fazenda-autoriza-ida-de-servidora-a-curso-de-lideranca-em-paris\/\" \/>\n<meta property=\"og:site_name\" content=\"Ubirat\u00e3 Online Not\u00edcias - A realidade ao seu alcance!\" \/>\n<meta property=\"article:publisher\" content=\"https:\/\/www.facebook.com\/portalubirataonline\" \/>\n<meta property=\"article:author\" content=\"https:\/\/www.facebook.com\/portalubirataonline\" \/>\n<meta property=\"article:published_time\" content=\"2026-06-10T20:56:53+00:00\" \/>\n<meta property=\"article:modified_time\" content=\"2026-06-10T20:56:56+00:00\" \/>\n<meta property=\"og:image\" content=\"https:\/\/ubirataonline.com.br\/wp-content\/uploads\/2026\/06\/Ministerio-da-Fazenda-autoriza-ida-de-servidora-a-curso-de.png\" \/>\n\t<meta property=\"og:image:width\" content=\"1408\" \/>\n\t<meta property=\"og:image:height\" content=\"768\" \/>\n\t<meta property=\"og:image:type\" content=\"image\/png\" \/>\n<meta name=\"author\" content=\"REDA\u00c7\u00c3O: UBIRAT\u00c3 ONLINE - F\u00c1BIO AUGUSTO CELESTINO\" \/>\n<meta name=\"twitter:card\" content=\"summary_large_image\" \/>\n<meta name=\"twitter:creator\" content=\"@x.com\/ubirataonline\" \/>\n<meta name=\"twitter:site\" content=\"@ubirataonline\" \/>\n<meta name=\"twitter:label1\" content=\"Written by\" \/>\n\t<meta name=\"twitter:data1\" content=\"REDA\u00c7\u00c3O: UBIRAT\u00c3 ONLINE - F\u00c1BIO AUGUSTO CELESTINO\" \/>\n\t<meta name=\"twitter:label2\" content=\"Est. reading time\" \/>\n\t<meta name=\"twitter:data2\" content=\"4 minutes\" \/>\n<script type=\"application\/ld+json\" class=\"yoast-schema-graph\">{\"@context\":\"https:\\\/\\\/schema.org\",\"@graph\":[{\"@type\":\"NewsArticle\",\"@id\":\"https:\\\/\\\/ubirataonline.com.br\\\/ministerio-da-fazenda-autoriza-ida-de-servidora-a-curso-de-lideranca-em-paris\\\/#article\",\"isPartOf\":{\"@id\":\"https:\\\/\\\/ubirataonline.com.br\\\/ministerio-da-fazenda-autoriza-ida-de-servidora-a-curso-de-lideranca-em-paris\\\/\"},\"author\":{\"name\":\"REDA\u00c7\u00c3O: UBIRAT\u00c3 ONLINE - F\u00c1BIO AUGUSTO CELESTINO\",\"@id\":\"https:\\\/\\\/ubirataonline.com.br\\\/#\\\/schema\\\/person\\\/372f87bbd3fdd79b8556b84c98d0bc1c\"},\"headline\":\"Minist\u00e9rio da Fazenda autoriza ida de servidora a curso de lideran\u00e7a em Paris\",\"datePublished\":\"2026-06-10T20:56:53+00:00\",\"dateModified\":\"2026-06-10T20:56:56+00:00\",\"mainEntityOfPage\":{\"@id\":\"https:\\\/\\\/ubirataonline.com.br\\\/ministerio-da-fazenda-autoriza-ida-de-servidora-a-curso-de-lideranca-em-paris\\\/\"},\"wordCount\":718,\"publisher\":{\"@id\":\"https:\\\/\\\/ubirataonline.com.br\\\/#organization\"},\"image\":{\"@id\":\"https:\\\/\\\/ubirataonline.com.br\\\/ministerio-da-fazenda-autoriza-ida-de-servidora-a-curso-de-lideranca-em-paris\\\/#primaryimage\"},\"thumbnailUrl\":\"https:\\\/\\\/ubirataonline.com.br\\\/wp-content\\\/uploads\\\/2026\\\/06\\\/Ministerio-da-Fazenda-autoriza-ida-de-servidora-a-curso-de.png\",\"keywords\":[\"autoriza\",\"curso\",\"Fazenda\",\"ida\",\"lideran\u00e7a\",\"Minist\u00e9rio\",\"Paris\",\"servidora\"],\"articleSection\":[\"Brasil\"],\"inLanguage\":\"en-US\",\"copyrightYear\":\"2026\",\"copyrightHolder\":{\"@id\":\"https:\\\/\\\/ubirataonline.com.br\\\/en\\\/#organization\"}},{\"@type\":\"WebPage\",\"@id\":\"https:\\\/\\\/ubirataonline.com.br\\\/ministerio-da-fazenda-autoriza-ida-de-servidora-a-curso-de-lideranca-em-paris\\\/\",\"url\":\"https:\\\/\\\/ubirataonline.com.br\\\/ministerio-da-fazenda-autoriza-ida-de-servidora-a-curso-de-lideranca-em-paris\\\/\",\"name\":\"Minist\u00e9rio da Fazenda autoriza ida de servidora a curso de lideran\u00e7a em Paris - Ubirat\u00e3 Online Not\u00edcias - A realidade ao seu alcance!\",\"isPartOf\":{\"@id\":\"https:\\\/\\\/ubirataonline.com.br\\\/#website\"},\"primaryImageOfPage\":{\"@id\":\"https:\\\/\\\/ubirataonline.com.br\\\/ministerio-da-fazenda-autoriza-ida-de-servidora-a-curso-de-lideranca-em-paris\\\/#primaryimage\"},\"image\":{\"@id\":\"https:\\\/\\\/ubirataonline.com.br\\\/ministerio-da-fazenda-autoriza-ida-de-servidora-a-curso-de-lideranca-em-paris\\\/#primaryimage\"},\"thumbnailUrl\":\"https:\\\/\\\/ubirataonline.com.br\\\/wp-content\\\/uploads\\\/2026\\\/06\\\/Ministerio-da-Fazenda-autoriza-ida-de-servidora-a-curso-de.png\",\"datePublished\":\"2026-06-10T20:56:53+00:00\",\"dateModified\":\"2026-06-10T20:56:56+00:00\",\"description\":\"Auditora federal participar\u00e1 de programa imersivo para mulheres na capital francesa com custos arcados pela Uni\u00e3o; afastamento foi publicado no Di\u00e1rio Oficial da Uni\u00e3o\",\"breadcrumb\":{\"@id\":\"https:\\\/\\\/ubirataonline.com.br\\\/ministerio-da-fazenda-autoriza-ida-de-servidora-a-curso-de-lideranca-em-paris\\\/#breadcrumb\"},\"inLanguage\":\"en-US\",\"potentialAction\":[{\"@type\":\"ReadAction\",\"target\":[\"https:\\\/\\\/ubirataonline.com.br\\\/ministerio-da-fazenda-autoriza-ida-de-servidora-a-curso-de-lideranca-em-paris\\\/\"]}]},{\"@type\":\"ImageObject\",\"inLanguage\":\"en-US\",\"@id\":\"https:\\\/\\\/ubirataonline.com.br\\\/ministerio-da-fazenda-autoriza-ida-de-servidora-a-curso-de-lideranca-em-paris\\\/#primaryimage\",\"url\":\"https:\\\/\\\/ubirataonline.com.br\\\/wp-content\\\/uploads\\\/2026\\\/06\\\/Ministerio-da-Fazenda-autoriza-ida-de-servidora-a-curso-de.png\",\"contentUrl\":\"https:\\\/\\\/ubirataonline.com.br\\\/wp-content\\\/uploads\\\/2026\\\/06\\\/Ministerio-da-Fazenda-autoriza-ida-de-servidora-a-curso-de.png\",\"width\":1408,\"height\":768,\"caption\":\"Minist\u00e9rio da Fazenda autoriza ida de servidora a curso de lideran\u00e7a em Paris\"},{\"@type\":\"BreadcrumbList\",\"@id\":\"https:\\\/\\\/ubirataonline.com.br\\\/ministerio-da-fazenda-autoriza-ida-de-servidora-a-curso-de-lideranca-em-paris\\\/#breadcrumb\",\"itemListElement\":[{\"@type\":\"ListItem\",\"position\":1,\"name\":\"In\u00edcio\",\"item\":\"https:\\\/\\\/ubirataonline.com.br\\\/\"},{\"@type\":\"ListItem\",\"position\":2,\"name\":\"Minist\u00e9rio da Fazenda autoriza ida de servidora a curso de lideran\u00e7a em Paris\"}]},{\"@type\":\"WebSite\",\"@id\":\"https:\\\/\\\/ubirataonline.com.br\\\/#website\",\"url\":\"https:\\\/\\\/ubirataonline.com.br\\\/\",\"name\":\"Ubirat\u00e3 Online Not\u00edcias\",\"description\":\"Not\u00edcias de Ubirat\u00e3, regi\u00e3o, Brasil e mundo, com informa\u00e7\u00e3o atualizada e compromisso com o leitor.\",\"publisher\":{\"@id\":\"https:\\\/\\\/ubirataonline.com.br\\\/#organization\"},\"alternateName\":\"Ubirat\u00e3 Online\",\"potentialAction\":[{\"@type\":\"SearchAction\",\"target\":{\"@type\":\"EntryPoint\",\"urlTemplate\":\"https:\\\/\\\/ubirataonline.com.br\\\/?s={search_term_string}\"},\"query-input\":{\"@type\":\"PropertyValueSpecification\",\"valueRequired\":true,\"valueName\":\"search_term_string\"}}],\"inLanguage\":\"en-US\"},{\"@type\":[\"Organization\",\"Place\"],\"@id\":\"https:\\\/\\\/ubirataonline.com.br\\\/#organization\",\"name\":\"Ubirat\u00e3 Online Not\u00edcias\",\"alternateName\":\"Ubirat\u00e3 Online\",\"url\":\"https:\\\/\\\/ubirataonline.com.br\\\/\",\"logo\":{\"@id\":\"https:\\\/\\\/ubirataonline.com.br\\\/ministerio-da-fazenda-autoriza-ida-de-servidora-a-curso-de-lideranca-em-paris\\\/#local-main-organization-logo\"},\"image\":{\"@id\":\"https:\\\/\\\/ubirataonline.com.br\\\/ministerio-da-fazenda-autoriza-ida-de-servidora-a-curso-de-lideranca-em-paris\\\/#local-main-organization-logo\"},\"sameAs\":[\"https:\\\/\\\/www.facebook.com\\\/portalubirataonline\",\"https:\\\/\\\/x.com\\\/ubirataonline\",\"https:\\\/\\\/mastodon.social\\\/@ubirataonline\",\"https:\\\/\\\/www.facebook.com\\\/groups\\\/311144672285604\",\"https:\\\/\\\/www.facebook.com\\\/UBTAOnline\",\"https:\\\/\\\/www.instagram.com\\\/portalubirataonline\\\/\",\"https:\\\/\\\/twitter.com\\\/ubirataonline\"],\"description\":\"Somos um portal de not\u00edcias independente, criado em 5 de janeiro de 2009, com o objetivo de informar, conectar e valorizar a nossa comunidade de Ubirat\u00e3 e toda aregi\u00e3o. Com conte\u00fado atualizado, confi\u00e1vel e relevante, o Ubirat\u00e3 Online \u00e9 o seu espa\u00e7o para ficar por dentro dos principais acontecimentos locais, regionais, Brasil, Mundo e de interesse geral. Nosso compromisso \u00e9 com a verdade, a transpar\u00eancia e o respeito ao leitor.\",\"legalName\":\"UBIRATA ONLINE NOT\u00cdCIAS\",\"foundingDate\":\"2009-01-05\",\"numberOfEmployees\":{\"@type\":\"QuantitativeValue\",\"minValue\":\"1\",\"maxValue\":\"10\"},\"publishingPrinciples\":\"https:\\\/\\\/ubirataonline.com.br\\\/faq\\\/\",\"address\":{\"@id\":\"https:\\\/\\\/ubirataonline.com.br\\\/ministerio-da-fazenda-autoriza-ida-de-servidora-a-curso-de-lideranca-em-paris\\\/#local-main-place-address\"},\"geo\":{\"@type\":\"GeoCoordinates\",\"latitude\":\"-24.5361401\",\"longitude\":\"-52.9921776\"},\"telephone\":[\"+5544998308235\"],\"contactPoint\":{\"@type\":\"ContactPoint\",\"email\":\"contato@ubirataonline.com.br\"},\"openingHoursSpecification\":{\"@type\":\"OpeningHoursSpecification\",\"dayOfWeek\":[\"Monday\",\"Tuesday\",\"Wednesday\",\"Thursday\",\"Friday\",\"Saturday\",\"Sunday\"],\"opens\":\"00:00\",\"closes\":\"23:59\"},\"email\":\"contato@ubirataonline.com.br\",\"vatID\":\"47.621.418\\\/0001-80\"},{\"@type\":\"Person\",\"@id\":\"https:\\\/\\\/ubirataonline.com.br\\\/#\\\/schema\\\/person\\\/372f87bbd3fdd79b8556b84c98d0bc1c\",\"name\":\"REDA\u00c7\u00c3O: UBIRAT\u00c3 ONLINE - F\u00c1BIO AUGUSTO CELESTINO\",\"pronouns\":\"Ele\",\"description\":\"Desde 2003 trabalhando com not\u00edcias.\",\"sameAs\":[\"http:\\\/\\\/ubirataoline.com.br\",\"https:\\\/\\\/www.facebook.com\\\/portalubirataonline\",\"https:\\\/\\\/www.instagram.com\\\/ubirataonline_oficial\",\"https:\\\/\\\/x.com\\\/x.com\\\/ubirataonline\"],\"honorificPrefix\":\"Mr.\",\"honorificSuffix\":\"MD\",\"birthDate\":\"1980-06-16\",\"gender\":\"masculino\",\"award\":[\"V\u00e1rios pr\u00eamios de melhor portal da cidade\"],\"jobTitle\":\"Diretor\",\"url\":\"https:\\\/\\\/ubirataonline.com.br\\\/en\\\/author\\\/ubirataonline\\\/\"},{\"@type\":\"PostalAddress\",\"@id\":\"https:\\\/\\\/ubirataonline.com.br\\\/ministerio-da-fazenda-autoriza-ida-de-servidora-a-curso-de-lideranca-em-paris\\\/#local-main-place-address\",\"streetAddress\":\"Rua dos Coqueiros, 104 - Bairro Boa Vista, Rua dos Coqueiros, 104 Bairro Boa Vista\",\"addressLocality\":\"UBIRATA\",\"postalCode\":\"85440-000\",\"addressRegion\":\"PR\",\"addressCountry\":\"BR\"},{\"@type\":\"ImageObject\",\"inLanguage\":\"en-US\",\"@id\":\"https:\\\/\\\/ubirataonline.com.br\\\/ministerio-da-fazenda-autoriza-ida-de-servidora-a-curso-de-lideranca-em-paris\\\/#local-main-organization-logo\",\"url\":\"https:\\\/\\\/ubirataonline.com.br\\\/wp-content\\\/uploads\\\/2026\\\/06\\\/logoubirataonline-1.webp\",\"contentUrl\":\"https:\\\/\\\/ubirataonline.com.br\\\/wp-content\\\/uploads\\\/2026\\\/06\\\/logoubirataonline-1.webp\",\"width\":500,\"height\":500,\"caption\":\"Ubirat\u00e3 Online Not\u00edcias\"}]}<\/script>\n<meta name=\"geo.placename\" content=\"UBIRATA\" \/>\n<meta name=\"geo.position\" content=\"-24.5361401;-52.9921776\" \/>\n<meta name=\"geo.region\" content=\"Brazil\" \/>\n<!-- \/ Yoast SEO Premium plugin. -->","yoast_head_json":{"title":"Minist\u00e9rio da Fazenda autoriza ida de servidora a curso de lideran\u00e7a em Paris - Ubirat\u00e3 Online Not\u00edcias - A realidade ao seu alcance!","description":"Auditora federal participar\u00e1 de programa imersivo para mulheres na capital francesa com custos arcados pela Uni\u00e3o; afastamento foi publicado no Di\u00e1rio Oficial da Uni\u00e3o","robots":{"index":"index","follow":"follow","max-snippet":"max-snippet:-1","max-image-preview":"max-image-preview:large","max-video-preview":"max-video-preview:-1"},"canonical":"https:\/\/ubirataonline.com.br\/en\/ministerio-da-fazenda-autoriza-ida-de-servidora-a-curso-de-lideranca-em-paris\/","og_locale":"en_US","og_type":"article","og_title":"Minist\u00e9rio da Fazenda autoriza ida de servidora a curso de lideran\u00e7a em Paris","og_description":"Auditora federal participar\u00e1 de programa imersivo para mulheres na capital francesa com custos arcados pela Uni\u00e3o; afastamento foi publicado no Di\u00e1rio Oficial da Uni\u00e3o","og_url":"https:\/\/ubirataonline.com.br\/en\/ministerio-da-fazenda-autoriza-ida-de-servidora-a-curso-de-lideranca-em-paris\/","og_site_name":"Ubirat\u00e3 Online Not\u00edcias - A realidade ao seu alcance!","article_publisher":"https:\/\/www.facebook.com\/portalubirataonline","article_author":"https:\/\/www.facebook.com\/portalubirataonline","article_published_time":"2026-06-10T20:56:53+00:00","article_modified_time":"2026-06-10T20:56:56+00:00","og_image":[{"width":1408,"height":768,"url":"https:\/\/ubirataonline.com.br\/wp-content\/uploads\/2026\/06\/Ministerio-da-Fazenda-autoriza-ida-de-servidora-a-curso-de.png","type":"image\/png"}],"author":"REDA\u00c7\u00c3O: UBIRAT\u00c3 ONLINE - F\u00c1BIO AUGUSTO CELESTINO","twitter_card":"summary_large_image","twitter_creator":"@x.com\/ubirataonline","twitter_site":"@ubirataonline","twitter_misc":{"Written by":"REDA\u00c7\u00c3O: UBIRAT\u00c3 ONLINE - F\u00c1BIO AUGUSTO CELESTINO","Est. reading time":"4 minutes"},"schema":{"@context":"https:\/\/schema.org","@graph":[{"@type":"NewsArticle","@id":"https:\/\/ubirataonline.com.br\/ministerio-da-fazenda-autoriza-ida-de-servidora-a-curso-de-lideranca-em-paris\/#article","isPartOf":{"@id":"https:\/\/ubirataonline.com.br\/ministerio-da-fazenda-autoriza-ida-de-servidora-a-curso-de-lideranca-em-paris\/"},"author":{"name":"REDA\u00c7\u00c3O: UBIRAT\u00c3 ONLINE - F\u00c1BIO AUGUSTO CELESTINO","@id":"https:\/\/ubirataonline.com.br\/#\/schema\/person\/372f87bbd3fdd79b8556b84c98d0bc1c"},"headline":"Minist\u00e9rio da Fazenda autoriza ida de servidora a curso de lideran\u00e7a em Paris","datePublished":"2026-06-10T20:56:53+00:00","dateModified":"2026-06-10T20:56:56+00:00","mainEntityOfPage":{"@id":"https:\/\/ubirataonline.com.br\/ministerio-da-fazenda-autoriza-ida-de-servidora-a-curso-de-lideranca-em-paris\/"},"wordCount":718,"publisher":{"@id":"https:\/\/ubirataonline.com.br\/#organization"},"image":{"@id":"https:\/\/ubirataonline.com.br\/ministerio-da-fazenda-autoriza-ida-de-servidora-a-curso-de-lideranca-em-paris\/#primaryimage"},"thumbnailUrl":"https:\/\/ubirataonline.com.br\/wp-content\/uploads\/2026\/06\/Ministerio-da-Fazenda-autoriza-ida-de-servidora-a-curso-de.png","keywords":["autoriza","curso","Fazenda","ida","lideran\u00e7a","Minist\u00e9rio","Paris","servidora"],"articleSection":["Brasil"],"inLanguage":"en-US","copyrightYear":"2026","copyrightHolder":{"@id":"https:\/\/ubirataonline.com.br\/en\/#organization"}},{"@type":"WebPage","@id":"https:\/\/ubirataonline.com.br\/ministerio-da-fazenda-autoriza-ida-de-servidora-a-curso-de-lideranca-em-paris\/","url":"https:\/\/ubirataonline.com.br\/ministerio-da-fazenda-autoriza-ida-de-servidora-a-curso-de-lideranca-em-paris\/","name":"Minist\u00e9rio da Fazenda autoriza ida de servidora a curso de lideran\u00e7a em Paris - Ubirat\u00e3 Online Not\u00edcias - A realidade ao seu alcance!","isPartOf":{"@id":"https:\/\/ubirataonline.com.br\/#website"},"primaryImageOfPage":{"@id":"https:\/\/ubirataonline.com.br\/ministerio-da-fazenda-autoriza-ida-de-servidora-a-curso-de-lideranca-em-paris\/#primaryimage"},"image":{"@id":"https:\/\/ubirataonline.com.br\/ministerio-da-fazenda-autoriza-ida-de-servidora-a-curso-de-lideranca-em-paris\/#primaryimage"},"thumbnailUrl":"https:\/\/ubirataonline.com.br\/wp-content\/uploads\/2026\/06\/Ministerio-da-Fazenda-autoriza-ida-de-servidora-a-curso-de.png","datePublished":"2026-06-10T20:56:53+00:00","dateModified":"2026-06-10T20:56:56+00:00","description":"Auditora federal participar\u00e1 de programa imersivo para mulheres na capital francesa com custos arcados pela Uni\u00e3o; afastamento foi publicado no Di\u00e1rio Oficial da Uni\u00e3o","breadcrumb":{"@id":"https:\/\/ubirataonline.com.br\/ministerio-da-fazenda-autoriza-ida-de-servidora-a-curso-de-lideranca-em-paris\/#breadcrumb"},"inLanguage":"en-US","potentialAction":[{"@type":"ReadAction","target":["https:\/\/ubirataonline.com.br\/ministerio-da-fazenda-autoriza-ida-de-servidora-a-curso-de-lideranca-em-paris\/"]}]},{"@type":"ImageObject","inLanguage":"en-US","@id":"https:\/\/ubirataonline.com.br\/ministerio-da-fazenda-autoriza-ida-de-servidora-a-curso-de-lideranca-em-paris\/#primaryimage","url":"https:\/\/ubirataonline.com.br\/wp-content\/uploads\/2026\/06\/Ministerio-da-Fazenda-autoriza-ida-de-servidora-a-curso-de.png","contentUrl":"https:\/\/ubirataonline.com.br\/wp-content\/uploads\/2026\/06\/Ministerio-da-Fazenda-autoriza-ida-de-servidora-a-curso-de.png","width":1408,"height":768,"caption":"Minist\u00e9rio da Fazenda autoriza ida de servidora a curso de lideran\u00e7a em Paris"},{"@type":"BreadcrumbList","@id":"https:\/\/ubirataonline.com.br\/ministerio-da-fazenda-autoriza-ida-de-servidora-a-curso-de-lideranca-em-paris\/#breadcrumb","itemListElement":[{"@type":"ListItem","position":1,"name":"In\u00edcio","item":"https:\/\/ubirataonline.com.br\/"},{"@type":"ListItem","position":2,"name":"Minist\u00e9rio da Fazenda autoriza ida de servidora a curso de lideran\u00e7a em Paris"}]},{"@type":"WebSite","@id":"https:\/\/ubirataonline.com.br\/#website","url":"https:\/\/ubirataonline.com.br\/","name":"Ubirat\u00e3 Online Not\u00edcias","description":"Not\u00edcias de Ubirat\u00e3, regi\u00e3o, Brasil e mundo, com informa\u00e7\u00e3o atualizada e compromisso com o leitor.","publisher":{"@id":"https:\/\/ubirataonline.com.br\/#organization"},"alternateName":"Ubirat\u00e3 Online","potentialAction":[{"@type":"SearchAction","target":{"@type":"EntryPoint","urlTemplate":"https:\/\/ubirataonline.com.br\/?s={search_term_string}"},"query-input":{"@type":"PropertyValueSpecification","valueRequired":true,"valueName":"search_term_string"}}],"inLanguage":"en-US"},{"@type":["Organization","Place"],"@id":"https:\/\/ubirataonline.com.br\/#organization","name":"Ubirat\u00e3 Online Not\u00edcias","alternateName":"Ubirat\u00e3 Online","url":"https:\/\/ubirataonline.com.br\/","logo":{"@id":"https:\/\/ubirataonline.com.br\/ministerio-da-fazenda-autoriza-ida-de-servidora-a-curso-de-lideranca-em-paris\/#local-main-organization-logo"},"image":{"@id":"https:\/\/ubirataonline.com.br\/ministerio-da-fazenda-autoriza-ida-de-servidora-a-curso-de-lideranca-em-paris\/#local-main-organization-logo"},"sameAs":["https:\/\/www.facebook.com\/portalubirataonline","https:\/\/x.com\/ubirataonline","https:\/\/mastodon.social\/@ubirataonline","https:\/\/www.facebook.com\/groups\/311144672285604","https:\/\/www.facebook.com\/UBTAOnline","https:\/\/www.instagram.com\/portalubirataonline\/","https:\/\/twitter.com\/ubirataonline"],"description":"Somos um portal de not\u00edcias independente, criado em 5 de janeiro de 2009, com o objetivo de informar, conectar e valorizar a nossa comunidade de Ubirat\u00e3 e toda aregi\u00e3o. Com conte\u00fado atualizado, confi\u00e1vel e relevante, o Ubirat\u00e3 Online \u00e9 o seu espa\u00e7o para ficar por dentro dos principais acontecimentos locais, regionais, Brasil, Mundo e de interesse geral. Nosso compromisso \u00e9 com a verdade, a transpar\u00eancia e o respeito ao leitor.","legalName":"UBIRATA ONLINE NOT\u00cdCIAS","foundingDate":"2009-01-05","numberOfEmployees":{"@type":"QuantitativeValue","minValue":"1","maxValue":"10"},"publishingPrinciples":"https:\/\/ubirataonline.com.br\/faq\/","address":{"@id":"https:\/\/ubirataonline.com.br\/ministerio-da-fazenda-autoriza-ida-de-servidora-a-curso-de-lideranca-em-paris\/#local-main-place-address"},"geo":{"@type":"GeoCoordinates","latitude":"-24.5361401","longitude":"-52.9921776"},"telephone":["+5544998308235"],"contactPoint":{"@type":"ContactPoint","email":"contato@ubirataonline.com.br"},"openingHoursSpecification":{"@type":"OpeningHoursSpecification","dayOfWeek":["Monday","Tuesday","Wednesday","Thursday","Friday","Saturday","Sunday"],"opens":"00:00","closes":"23:59"},"email":"contato@ubirataonline.com.br","vatID":"47.621.418\/0001-80"},{"@type":"Person","@id":"https:\/\/ubirataonline.com.br\/#\/schema\/person\/372f87bbd3fdd79b8556b84c98d0bc1c","name":"REDA\u00c7\u00c3O: UBIRAT\u00c3 ONLINE - F\u00c1BIO AUGUSTO CELESTINO","pronouns":"Ele","description":"Desde 2003 trabalhando com not\u00edcias.","sameAs":["http:\/\/ubirataoline.com.br","https:\/\/www.facebook.com\/portalubirataonline","https:\/\/www.instagram.com\/ubirataonline_oficial","https:\/\/x.com\/x.com\/ubirataonline"],"honorificPrefix":"Mr.","honorificSuffix":"MD","birthDate":"1980-06-16","gender":"masculino","award":["V\u00e1rios pr\u00eamios de melhor portal da cidade"],"jobTitle":"Diretor","url":"https:\/\/ubirataonline.com.br\/en\/author\/ubirataonline\/"},{"@type":"PostalAddress","@id":"https:\/\/ubirataonline.com.br\/ministerio-da-fazenda-autoriza-ida-de-servidora-a-curso-de-lideranca-em-paris\/#local-main-place-address","streetAddress":"Rua dos Coqueiros, 104 - Bairro Boa Vista, Rua dos Coqueiros, 104 Bairro Boa Vista","addressLocality":"UBIRATA","postalCode":"85440-000","addressRegion":"PR","addressCountry":"BR"},{"@type":"ImageObject","inLanguage":"en-US","@id":"https:\/\/ubirataonline.com.br\/ministerio-da-fazenda-autoriza-ida-de-servidora-a-curso-de-lideranca-em-paris\/#local-main-organization-logo","url":"https:\/\/ubirataonline.com.br\/wp-content\/uploads\/2026\/06\/logoubirataonline-1.webp","contentUrl":"https:\/\/ubirataonline.com.br\/wp-content\/uploads\/2026\/06\/logoubirataonline-1.webp","width":500,"height":500,"caption":"Ubirat\u00e3 Online Not\u00edcias"}]},"geo.placename":"UBIRATA","geo.position":{"lat":"-24.5361401","long":"-52.9921776"},"geo.region":"Brazil"},"_links":{"self":[{"href":"https:\/\/ubirataonline.com.br\/en\/wp-json\/wp\/v2\/posts\/146427","targetHints":{"allow":["GET"]}}],"collection":[{"href":"https:\/\/ubirataonline.com.br\/en\/wp-json\/wp\/v2\/posts"}],"about":[{"href":"https:\/\/ubirataonline.com.br\/en\/wp-json\/wp\/v2\/types\/post"}],"author":[{"embeddable":true,"href":"https:\/\/ubirataonline.com.br\/en\/wp-json\/wp\/v2\/users\/1"}],"replies":[{"embeddable":true,"href":"https:\/\/ubirataonline.com.br\/en\/wp-json\/wp\/v2\/comments?post=146427"}],"version-history":[{"count":0,"href":"https:\/\/ubirataonline.com.br\/en\/wp-json\/wp\/v2\/posts\/146427\/revisions"}],"wp:featuredmedia":[{"embeddable":true,"href":"https:\/\/ubirataonline.com.br\/en\/wp-json\/wp\/v2\/media\/146428"}],"wp:attachment":[{"href":"https:\/\/ubirataonline.com.br\/en\/wp-json\/wp\/v2\/media?parent=146427"}],"wp:term":[{"taxonomy":"category","embeddable":true,"href":"https:\/\/ubirataonline.com.br\/en\/wp-json\/wp\/v2\/categories?post=146427"},{"taxonomy":"post_tag","embeddable":true,"href":"https:\/\/ubirataonline.com.br\/en\/wp-json\/wp\/v2\/tags?post=146427"}],"curies":[{"name":"wp","href":"https:\/\/api.w.org\/{rel}","templated":true}]}}