{"id":15212,"date":"2018-10-16T09:35:49","date_gmt":"2018-10-16T12:35:49","guid":{"rendered":"https:\/\/ubirataonline.com.br\/?p=15212"},"modified":"2018-10-16T09:35:52","modified_gmt":"2018-10-16T12:35:52","slug":"aos-78-anos-morre-gil-gomes-um-dos-maiores-comunicadores-do-brasil","status":"publish","type":"post","link":"https:\/\/ubirataonline.com.br\/en\/aos-78-anos-morre-gil-gomes-um-dos-maiores-comunicadores-do-brasil\/","title":{"rendered":"Aos 78 anos morre Gil Gomes, um dos maiores comunicadores do Brasil"},"content":{"rendered":"\n<p class=\"wp-block-paragraph\">Morreu na manh\u00e3 desta ter\u00e7a-feira (16) o comunicador e radialista Gil Gomes aos 78 anos de idade. Ele enfrentava uma s\u00e9rie de complica\u00e7\u00f5es nos \u00faltimos dias e uma luta contra um c\u00e2ncer no f\u00edgado. Pelo que havia sido comunicado pelo\u00a0programa Balan\u00e7o Geral, ele andou internado e perdeu muito a vitalidade e as for\u00e7as, contando apenas com o apoio da sua fam\u00edlia.<\/p>\n\n\n\n<p class=\"wp-block-paragraph\">Gil Gomes \u00e9 jornalista e uma das suas \u00faltimas apari\u00e7\u00f5es foi no Domingo Show, da Record. Ele sofria\u00a0com mal de Parkinson, e em uma declara\u00e7\u00e3o de 2016, disse que sofreu no per\u00edodo que estava longe do trabalho. \u201cTanta coisa que vivi, senti, chorei. Sou chor\u00e3o e quando choro eu me revolto. Passei os \u00faltimos seis anos sentado em uma poltrona, esperando a morte, mas agora voltei e estou feliz\u201d, contou ao programa \u201cSensacional\u201d, da RedeTV.<\/p>\n\n\n\n<p class=\"wp-block-paragraph\">O apresentador relembrou a \u00e9poca que fazia jornalismo policial no r\u00e1dio e disse que chegou a ser preso mais de 30 vezes durante o regime militar.\u00a0 \u201cTerminava o programa e a viatura da Pol\u00edcia Federal vinha me buscar. S\u00f3 que eu era amigo do [pol\u00edtico] Romeu Tuma e sempre sa\u00eda\u201d, disse. Inclusive, Gil relembrou a situa\u00e7\u00e3o que lhe deixou mais assustado.<\/p>\n\n\n\n<p class=\"wp-block-paragraph\">\u201cTrabalhava na r\u00e1dio e recebi um telegrama dizendo que tinha apenas 30 dias de vida. No outro dia, recebi mais um, escrito \u201929 dias de vida\u2019, e come\u00e7ou uma contagem regressiva. Quando faltavam 12 dias, mataram meu gato, envenenado. Depois da\u00ed, a contagem acabou e n\u00e3o aconteceu nada, mas eu tenho uma mania de valente\u201d.<\/p>\n\n\n\n<p class=\"wp-block-paragraph\">Demais detalhes sobre o vel\u00f3rio e enterro ainda n\u00e3o foram divulgados.<\/p>\n\n\n\n<p class=\"wp-block-paragraph\">Fonte:\u00a0https:\/\/www.otvfoco.com.br<\/p>\n","protected":false},"excerpt":{"rendered":"<p>Morreu na manh\u00e3 desta ter\u00e7a-feira (16) o comunicador e radialista Gil Gomes aos 78 anos de idade. Ele enfrentava uma s\u00e9rie de complica\u00e7\u00f5es nos \u00faltimos dias e uma luta contra um c\u00e2ncer no f\u00edgado. Pelo que havia sido comunicado pelo\u00a0programa Balan\u00e7o Geral, ele andou internado e perdeu muito a vitalidade e as for\u00e7as, contando apenas [&hellip;]<\/p>\n","protected":false},"author":1,"featured_media":0,"comment_status":"closed","ping_status":"closed","sticky":false,"template":"","format":"standard","meta":{"googlesitekit_rrm_CAow2JLhCw:productID":"","_gspb_post_css":"","maa_idioma":"","maa_pais":"","footnotes":""},"categories":[],"tags":[],"class_list":["post-15212","post","type-post","status-publish","format-standard","hentry"],"blocksy_meta":[],"yoast_head":"<!-- This site is optimized with the Yoast SEO Premium plugin v27.6 (Yoast SEO v27.6) - https:\/\/yoast.com\/product\/yoast-seo-premium-wordpress\/ -->\n<title>Aos 78 anos morre Gil Gomes, um dos maiores comunicadores do Brasil - Ubirat\u00e3 Online Not\u00edcias - A realidade ao seu alcance!<\/title>\n<meta name=\"description\" content=\"Morreu na manh\u00e3 desta ter\u00e7a-feira (16) o comunicador e radialista Gil Gomes aos 78 anos de idade. Ele enfrentava uma s\u00e9rie de complica\u00e7\u00f5es nos \u00faltimos\" \/>\n<meta name=\"robots\" content=\"index, follow, max-snippet:-1, max-image-preview:large, max-video-preview:-1\" \/>\n<link rel=\"canonical\" href=\"https:\/\/ubirataonline.com.br\/en\/aos-78-anos-morre-gil-gomes-um-dos-maiores-comunicadores-do-brasil\/\" \/>\n<meta property=\"og:locale\" content=\"en_US\" \/>\n<meta property=\"og:type\" content=\"article\" \/>\n<meta property=\"og:title\" content=\"Aos 78 anos morre Gil Gomes, um dos maiores comunicadores do Brasil\" \/>\n<meta property=\"og:description\" content=\"Morreu na manh\u00e3 desta ter\u00e7a-feira (16) o comunicador e radialista Gil Gomes aos 78 anos de idade. Ele enfrentava uma s\u00e9rie de complica\u00e7\u00f5es nos \u00faltimos\" \/>\n<meta property=\"og:url\" content=\"https:\/\/ubirataonline.com.br\/en\/aos-78-anos-morre-gil-gomes-um-dos-maiores-comunicadores-do-brasil\/\" \/>\n<meta property=\"og:site_name\" content=\"Ubirat\u00e3 Online Not\u00edcias - A realidade ao seu alcance!\" \/>\n<meta property=\"article:publisher\" content=\"https:\/\/www.facebook.com\/portalubirataonline\" \/>\n<meta property=\"article:author\" content=\"https:\/\/www.facebook.com\/portalubirataonline\" \/>\n<meta property=\"article:published_time\" content=\"2018-10-16T12:35:49+00:00\" \/>\n<meta property=\"article:modified_time\" content=\"2018-10-16T12:35:52+00:00\" \/>\n<meta property=\"og:image\" content=\"https:\/\/ubirataonline.com.br\/wp-content\/uploads\/2026\/05\/logo2026.webp\" \/>\n\t<meta property=\"og:image:width\" content=\"1531\" \/>\n\t<meta property=\"og:image:height\" content=\"418\" \/>\n\t<meta property=\"og:image:type\" content=\"image\/webp\" \/>\n<meta name=\"author\" content=\"REDA\u00c7\u00c3O: UBIRAT\u00c3 ONLINE - F\u00c1BIO AUGUSTO CELESTINO\" \/>\n<meta name=\"twitter:card\" content=\"summary_large_image\" \/>\n<meta name=\"twitter:creator\" content=\"@x.com\/ubirataonline\" \/>\n<meta name=\"twitter:site\" content=\"@ubirataonline\" \/>\n<meta name=\"twitter:label1\" content=\"Written by\" \/>\n\t<meta name=\"twitter:data1\" content=\"REDA\u00c7\u00c3O: UBIRAT\u00c3 ONLINE - F\u00c1BIO AUGUSTO CELESTINO\" \/>\n\t<meta name=\"twitter:label2\" content=\"Est. reading time\" \/>\n\t<meta name=\"twitter:data2\" content=\"1 minute\" \/>\n<script type=\"application\/ld+json\" class=\"yoast-schema-graph\">{\"@context\":\"https:\\\/\\\/schema.org\",\"@graph\":[{\"@type\":\"NewsArticle\",\"@id\":\"https:\\\/\\\/ubirataonline.com.br\\\/aos-78-anos-morre-gil-gomes-um-dos-maiores-comunicadores-do-brasil\\\/#article\",\"isPartOf\":{\"@id\":\"https:\\\/\\\/ubirataonline.com.br\\\/aos-78-anos-morre-gil-gomes-um-dos-maiores-comunicadores-do-brasil\\\/\"},\"author\":{\"name\":\"REDA\u00c7\u00c3O: UBIRAT\u00c3 ONLINE - F\u00c1BIO AUGUSTO CELESTINO\",\"@id\":\"https:\\\/\\\/ubirataonline.com.br\\\/#\\\/schema\\\/person\\\/372f87bbd3fdd79b8556b84c98d0bc1c\"},\"headline\":\"Aos 78 anos morre Gil Gomes, um dos maiores comunicadores do Brasil\",\"datePublished\":\"2018-10-16T12:35:49+00:00\",\"dateModified\":\"2018-10-16T12:35:52+00:00\",\"mainEntityOfPage\":{\"@id\":\"https:\\\/\\\/ubirataonline.com.br\\\/aos-78-anos-morre-gil-gomes-um-dos-maiores-comunicadores-do-brasil\\\/\"},\"wordCount\":296,\"publisher\":{\"@id\":\"https:\\\/\\\/ubirataonline.com.br\\\/#organization\"},\"inLanguage\":\"en-US\",\"copyrightYear\":\"2018\",\"copyrightHolder\":{\"@id\":\"https:\\\/\\\/ubirataonline.com.br\\\/en\\\/#organization\"}},{\"@type\":\"WebPage\",\"@id\":\"https:\\\/\\\/ubirataonline.com.br\\\/aos-78-anos-morre-gil-gomes-um-dos-maiores-comunicadores-do-brasil\\\/\",\"url\":\"https:\\\/\\\/ubirataonline.com.br\\\/aos-78-anos-morre-gil-gomes-um-dos-maiores-comunicadores-do-brasil\\\/\",\"name\":\"Aos 78 anos morre Gil Gomes, um dos maiores comunicadores do Brasil - Ubirat\u00e3 Online Not\u00edcias - A realidade ao seu alcance!\",\"isPartOf\":{\"@id\":\"https:\\\/\\\/ubirataonline.com.br\\\/#website\"},\"datePublished\":\"2018-10-16T12:35:49+00:00\",\"dateModified\":\"2018-10-16T12:35:52+00:00\",\"description\":\"Morreu na manh\u00e3 desta ter\u00e7a-feira (16) o comunicador e radialista Gil Gomes aos 78 anos de idade. Ele enfrentava uma s\u00e9rie de complica\u00e7\u00f5es nos \u00faltimos\",\"breadcrumb\":{\"@id\":\"https:\\\/\\\/ubirataonline.com.br\\\/aos-78-anos-morre-gil-gomes-um-dos-maiores-comunicadores-do-brasil\\\/#breadcrumb\"},\"inLanguage\":\"en-US\",\"potentialAction\":[{\"@type\":\"ReadAction\",\"target\":[\"https:\\\/\\\/ubirataonline.com.br\\\/aos-78-anos-morre-gil-gomes-um-dos-maiores-comunicadores-do-brasil\\\/\"]}]},{\"@type\":\"BreadcrumbList\",\"@id\":\"https:\\\/\\\/ubirataonline.com.br\\\/aos-78-anos-morre-gil-gomes-um-dos-maiores-comunicadores-do-brasil\\\/#breadcrumb\",\"itemListElement\":[{\"@type\":\"ListItem\",\"position\":1,\"name\":\"In\u00edcio\",\"item\":\"https:\\\/\\\/ubirataonline.com.br\\\/\"},{\"@type\":\"ListItem\",\"position\":2,\"name\":\"Aos 78 anos morre Gil Gomes, um dos maiores comunicadores do Brasil\"}]},{\"@type\":\"WebSite\",\"@id\":\"https:\\\/\\\/ubirataonline.com.br\\\/#website\",\"url\":\"https:\\\/\\\/ubirataonline.com.br\\\/\",\"name\":\"Ubirat\u00e3 Online Not\u00edcias\",\"description\":\"Not\u00edcias de Ubirat\u00e3, regi\u00e3o, Brasil e mundo, com informa\u00e7\u00e3o atualizada e compromisso com o leitor.\",\"publisher\":{\"@id\":\"https:\\\/\\\/ubirataonline.com.br\\\/#organization\"},\"alternateName\":\"Ubirat\u00e3 Online\",\"potentialAction\":[{\"@type\":\"SearchAction\",\"target\":{\"@type\":\"EntryPoint\",\"urlTemplate\":\"https:\\\/\\\/ubirataonline.com.br\\\/?s={search_term_string}\"},\"query-input\":{\"@type\":\"PropertyValueSpecification\",\"valueRequired\":true,\"valueName\":\"search_term_string\"}}],\"inLanguage\":\"en-US\"},{\"@type\":[\"Organization\",\"Place\"],\"@id\":\"https:\\\/\\\/ubirataonline.com.br\\\/#organization\",\"name\":\"Ubirat\u00e3 Online Not\u00edcias\",\"alternateName\":\"Ubirat\u00e3 Online\",\"url\":\"https:\\\/\\\/ubirataonline.com.br\\\/\",\"logo\":{\"@id\":\"https:\\\/\\\/ubirataonline.com.br\\\/aos-78-anos-morre-gil-gomes-um-dos-maiores-comunicadores-do-brasil\\\/#local-main-organization-logo\"},\"image\":{\"@id\":\"https:\\\/\\\/ubirataonline.com.br\\\/aos-78-anos-morre-gil-gomes-um-dos-maiores-comunicadores-do-brasil\\\/#local-main-organization-logo\"},\"sameAs\":[\"https:\\\/\\\/www.facebook.com\\\/portalubirataonline\",\"https:\\\/\\\/x.com\\\/ubirataonline\",\"https:\\\/\\\/mastodon.social\\\/@ubirataonline\",\"https:\\\/\\\/www.facebook.com\\\/groups\\\/311144672285604\",\"https:\\\/\\\/www.facebook.com\\\/UBTAOnline\",\"https:\\\/\\\/www.instagram.com\\\/portalubirataonline\\\/\",\"https:\\\/\\\/twitter.com\\\/ubirataonline\"],\"description\":\"Somos um portal de not\u00edcias independente, criado em 5 de janeiro de 2009, com o objetivo de informar, conectar e valorizar a nossa comunidade de Ubirat\u00e3 e toda aregi\u00e3o. Com conte\u00fado atualizado, confi\u00e1vel e relevante, o Ubirat\u00e3 Online \u00e9 o seu espa\u00e7o para ficar por dentro dos principais acontecimentos locais, regionais, Brasil, Mundo e de interesse geral. Nosso compromisso \u00e9 com a verdade, a transpar\u00eancia e o respeito ao leitor.\",\"legalName\":\"UBIRATA ONLINE NOT\u00cdCIAS\",\"foundingDate\":\"2009-01-05\",\"numberOfEmployees\":{\"@type\":\"QuantitativeValue\",\"minValue\":\"1\",\"maxValue\":\"10\"},\"publishingPrinciples\":\"https:\\\/\\\/ubirataonline.com.br\\\/faq\\\/\",\"address\":{\"@id\":\"https:\\\/\\\/ubirataonline.com.br\\\/aos-78-anos-morre-gil-gomes-um-dos-maiores-comunicadores-do-brasil\\\/#local-main-place-address\"},\"geo\":{\"@type\":\"GeoCoordinates\",\"latitude\":\"-24.5361401\",\"longitude\":\"-52.9921776\"},\"telephone\":[\"+5544998308235\"],\"contactPoint\":{\"@type\":\"ContactPoint\",\"email\":\"contato@ubirataonline.com.br\"},\"openingHoursSpecification\":{\"@type\":\"OpeningHoursSpecification\",\"dayOfWeek\":[\"Monday\",\"Tuesday\",\"Wednesday\",\"Thursday\",\"Friday\",\"Saturday\",\"Sunday\"],\"opens\":\"00:00\",\"closes\":\"23:59\"},\"email\":\"contato@ubirataonline.com.br\",\"vatID\":\"47.621.418\\\/0001-80\"},{\"@type\":\"Person\",\"@id\":\"https:\\\/\\\/ubirataonline.com.br\\\/#\\\/schema\\\/person\\\/372f87bbd3fdd79b8556b84c98d0bc1c\",\"name\":\"REDA\u00c7\u00c3O: UBIRAT\u00c3 ONLINE - F\u00c1BIO AUGUSTO CELESTINO\",\"pronouns\":\"Ele\",\"description\":\"Desde 2003 trabalhando com not\u00edcias.\",\"sameAs\":[\"http:\\\/\\\/ubirataoline.com.br\",\"https:\\\/\\\/www.facebook.com\\\/portalubirataonline\",\"https:\\\/\\\/www.instagram.com\\\/ubirataonline_oficial\",\"https:\\\/\\\/x.com\\\/x.com\\\/ubirataonline\"],\"honorificPrefix\":\"Mr.\",\"honorificSuffix\":\"MD\",\"birthDate\":\"1980-06-16\",\"gender\":\"masculino\",\"award\":[\"V\u00e1rios pr\u00eamios de melhor portal da cidade\"],\"jobTitle\":\"Diretor\",\"url\":\"https:\\\/\\\/ubirataonline.com.br\\\/en\\\/author\\\/ubirataonline\\\/\"},{\"@type\":\"PostalAddress\",\"@id\":\"https:\\\/\\\/ubirataonline.com.br\\\/aos-78-anos-morre-gil-gomes-um-dos-maiores-comunicadores-do-brasil\\\/#local-main-place-address\",\"streetAddress\":\"Rua dos Coqueiros, 104 - Bairro Boa Vista, Rua dos Coqueiros, 104 Bairro Boa Vista\",\"addressLocality\":\"UBIRATA\",\"postalCode\":\"85440-000\",\"addressRegion\":\"PR\",\"addressCountry\":\"BR\"},{\"@type\":\"ImageObject\",\"inLanguage\":\"en-US\",\"@id\":\"https:\\\/\\\/ubirataonline.com.br\\\/aos-78-anos-morre-gil-gomes-um-dos-maiores-comunicadores-do-brasil\\\/#local-main-organization-logo\",\"url\":\"https:\\\/\\\/ubirataonline.com.br\\\/wp-content\\\/uploads\\\/2026\\\/06\\\/logoubirataonline-1.webp\",\"contentUrl\":\"https:\\\/\\\/ubirataonline.com.br\\\/wp-content\\\/uploads\\\/2026\\\/06\\\/logoubirataonline-1.webp\",\"width\":500,\"height\":500,\"caption\":\"Ubirat\u00e3 Online Not\u00edcias\"}]}<\/script>\n<meta name=\"geo.placename\" content=\"UBIRATA\" \/>\n<meta name=\"geo.position\" content=\"-24.5361401;-52.9921776\" \/>\n<meta name=\"geo.region\" content=\"Brazil\" \/>\n<!-- \/ Yoast SEO Premium plugin. -->","yoast_head_json":{"title":"Aos 78 anos morre Gil Gomes, um dos maiores comunicadores do Brasil - Ubirat\u00e3 Online Not\u00edcias - A realidade ao seu alcance!","description":"Morreu na manh\u00e3 desta ter\u00e7a-feira (16) o comunicador e radialista Gil Gomes aos 78 anos de idade. Ele enfrentava uma s\u00e9rie de complica\u00e7\u00f5es nos \u00faltimos","robots":{"index":"index","follow":"follow","max-snippet":"max-snippet:-1","max-image-preview":"max-image-preview:large","max-video-preview":"max-video-preview:-1"},"canonical":"https:\/\/ubirataonline.com.br\/en\/aos-78-anos-morre-gil-gomes-um-dos-maiores-comunicadores-do-brasil\/","og_locale":"en_US","og_type":"article","og_title":"Aos 78 anos morre Gil Gomes, um dos maiores comunicadores do Brasil","og_description":"Morreu na manh\u00e3 desta ter\u00e7a-feira (16) o comunicador e radialista Gil Gomes aos 78 anos de idade. Ele enfrentava uma s\u00e9rie de complica\u00e7\u00f5es nos \u00faltimos","og_url":"https:\/\/ubirataonline.com.br\/en\/aos-78-anos-morre-gil-gomes-um-dos-maiores-comunicadores-do-brasil\/","og_site_name":"Ubirat\u00e3 Online Not\u00edcias - A realidade ao seu alcance!","article_publisher":"https:\/\/www.facebook.com\/portalubirataonline","article_author":"https:\/\/www.facebook.com\/portalubirataonline","article_published_time":"2018-10-16T12:35:49+00:00","article_modified_time":"2018-10-16T12:35:52+00:00","og_image":[{"width":1531,"height":418,"url":"https:\/\/ubirataonline.com.br\/wp-content\/uploads\/2026\/05\/logo2026.webp","type":"image\/webp"}],"author":"REDA\u00c7\u00c3O: UBIRAT\u00c3 ONLINE - F\u00c1BIO AUGUSTO CELESTINO","twitter_card":"summary_large_image","twitter_creator":"@x.com\/ubirataonline","twitter_site":"@ubirataonline","twitter_misc":{"Written by":"REDA\u00c7\u00c3O: UBIRAT\u00c3 ONLINE - F\u00c1BIO AUGUSTO CELESTINO","Est. reading time":"1 minute"},"schema":{"@context":"https:\/\/schema.org","@graph":[{"@type":"NewsArticle","@id":"https:\/\/ubirataonline.com.br\/aos-78-anos-morre-gil-gomes-um-dos-maiores-comunicadores-do-brasil\/#article","isPartOf":{"@id":"https:\/\/ubirataonline.com.br\/aos-78-anos-morre-gil-gomes-um-dos-maiores-comunicadores-do-brasil\/"},"author":{"name":"REDA\u00c7\u00c3O: UBIRAT\u00c3 ONLINE - F\u00c1BIO AUGUSTO CELESTINO","@id":"https:\/\/ubirataonline.com.br\/#\/schema\/person\/372f87bbd3fdd79b8556b84c98d0bc1c"},"headline":"Aos 78 anos morre Gil Gomes, um dos maiores comunicadores do Brasil","datePublished":"2018-10-16T12:35:49+00:00","dateModified":"2018-10-16T12:35:52+00:00","mainEntityOfPage":{"@id":"https:\/\/ubirataonline.com.br\/aos-78-anos-morre-gil-gomes-um-dos-maiores-comunicadores-do-brasil\/"},"wordCount":296,"publisher":{"@id":"https:\/\/ubirataonline.com.br\/#organization"},"inLanguage":"en-US","copyrightYear":"2018","copyrightHolder":{"@id":"https:\/\/ubirataonline.com.br\/en\/#organization"}},{"@type":"WebPage","@id":"https:\/\/ubirataonline.com.br\/aos-78-anos-morre-gil-gomes-um-dos-maiores-comunicadores-do-brasil\/","url":"https:\/\/ubirataonline.com.br\/aos-78-anos-morre-gil-gomes-um-dos-maiores-comunicadores-do-brasil\/","name":"Aos 78 anos morre Gil Gomes, um dos maiores comunicadores do Brasil - Ubirat\u00e3 Online Not\u00edcias - A realidade ao seu alcance!","isPartOf":{"@id":"https:\/\/ubirataonline.com.br\/#website"},"datePublished":"2018-10-16T12:35:49+00:00","dateModified":"2018-10-16T12:35:52+00:00","description":"Morreu na manh\u00e3 desta ter\u00e7a-feira (16) o comunicador e radialista Gil Gomes aos 78 anos de idade. Ele enfrentava uma s\u00e9rie de complica\u00e7\u00f5es nos \u00faltimos","breadcrumb":{"@id":"https:\/\/ubirataonline.com.br\/aos-78-anos-morre-gil-gomes-um-dos-maiores-comunicadores-do-brasil\/#breadcrumb"},"inLanguage":"en-US","potentialAction":[{"@type":"ReadAction","target":["https:\/\/ubirataonline.com.br\/aos-78-anos-morre-gil-gomes-um-dos-maiores-comunicadores-do-brasil\/"]}]},{"@type":"BreadcrumbList","@id":"https:\/\/ubirataonline.com.br\/aos-78-anos-morre-gil-gomes-um-dos-maiores-comunicadores-do-brasil\/#breadcrumb","itemListElement":[{"@type":"ListItem","position":1,"name":"In\u00edcio","item":"https:\/\/ubirataonline.com.br\/"},{"@type":"ListItem","position":2,"name":"Aos 78 anos morre Gil Gomes, um dos maiores comunicadores do Brasil"}]},{"@type":"WebSite","@id":"https:\/\/ubirataonline.com.br\/#website","url":"https:\/\/ubirataonline.com.br\/","name":"Ubirat\u00e3 Online Not\u00edcias","description":"Not\u00edcias de Ubirat\u00e3, regi\u00e3o, Brasil e mundo, com informa\u00e7\u00e3o atualizada e compromisso com o leitor.","publisher":{"@id":"https:\/\/ubirataonline.com.br\/#organization"},"alternateName":"Ubirat\u00e3 Online","potentialAction":[{"@type":"SearchAction","target":{"@type":"EntryPoint","urlTemplate":"https:\/\/ubirataonline.com.br\/?s={search_term_string}"},"query-input":{"@type":"PropertyValueSpecification","valueRequired":true,"valueName":"search_term_string"}}],"inLanguage":"en-US"},{"@type":["Organization","Place"],"@id":"https:\/\/ubirataonline.com.br\/#organization","name":"Ubirat\u00e3 Online Not\u00edcias","alternateName":"Ubirat\u00e3 Online","url":"https:\/\/ubirataonline.com.br\/","logo":{"@id":"https:\/\/ubirataonline.com.br\/aos-78-anos-morre-gil-gomes-um-dos-maiores-comunicadores-do-brasil\/#local-main-organization-logo"},"image":{"@id":"https:\/\/ubirataonline.com.br\/aos-78-anos-morre-gil-gomes-um-dos-maiores-comunicadores-do-brasil\/#local-main-organization-logo"},"sameAs":["https:\/\/www.facebook.com\/portalubirataonline","https:\/\/x.com\/ubirataonline","https:\/\/mastodon.social\/@ubirataonline","https:\/\/www.facebook.com\/groups\/311144672285604","https:\/\/www.facebook.com\/UBTAOnline","https:\/\/www.instagram.com\/portalubirataonline\/","https:\/\/twitter.com\/ubirataonline"],"description":"Somos um portal de not\u00edcias independente, criado em 5 de janeiro de 2009, com o objetivo de informar, conectar e valorizar a nossa comunidade de Ubirat\u00e3 e toda aregi\u00e3o. Com conte\u00fado atualizado, confi\u00e1vel e relevante, o Ubirat\u00e3 Online \u00e9 o seu espa\u00e7o para ficar por dentro dos principais acontecimentos locais, regionais, Brasil, Mundo e de interesse geral. Nosso compromisso \u00e9 com a verdade, a transpar\u00eancia e o respeito ao leitor.","legalName":"UBIRATA ONLINE NOT\u00cdCIAS","foundingDate":"2009-01-05","numberOfEmployees":{"@type":"QuantitativeValue","minValue":"1","maxValue":"10"},"publishingPrinciples":"https:\/\/ubirataonline.com.br\/faq\/","address":{"@id":"https:\/\/ubirataonline.com.br\/aos-78-anos-morre-gil-gomes-um-dos-maiores-comunicadores-do-brasil\/#local-main-place-address"},"geo":{"@type":"GeoCoordinates","latitude":"-24.5361401","longitude":"-52.9921776"},"telephone":["+5544998308235"],"contactPoint":{"@type":"ContactPoint","email":"contato@ubirataonline.com.br"},"openingHoursSpecification":{"@type":"OpeningHoursSpecification","dayOfWeek":["Monday","Tuesday","Wednesday","Thursday","Friday","Saturday","Sunday"],"opens":"00:00","closes":"23:59"},"email":"contato@ubirataonline.com.br","vatID":"47.621.418\/0001-80"},{"@type":"Person","@id":"https:\/\/ubirataonline.com.br\/#\/schema\/person\/372f87bbd3fdd79b8556b84c98d0bc1c","name":"REDA\u00c7\u00c3O: UBIRAT\u00c3 ONLINE - F\u00c1BIO AUGUSTO CELESTINO","pronouns":"Ele","description":"Desde 2003 trabalhando com not\u00edcias.","sameAs":["http:\/\/ubirataoline.com.br","https:\/\/www.facebook.com\/portalubirataonline","https:\/\/www.instagram.com\/ubirataonline_oficial","https:\/\/x.com\/x.com\/ubirataonline"],"honorificPrefix":"Mr.","honorificSuffix":"MD","birthDate":"1980-06-16","gender":"masculino","award":["V\u00e1rios pr\u00eamios de melhor portal da cidade"],"jobTitle":"Diretor","url":"https:\/\/ubirataonline.com.br\/en\/author\/ubirataonline\/"},{"@type":"PostalAddress","@id":"https:\/\/ubirataonline.com.br\/aos-78-anos-morre-gil-gomes-um-dos-maiores-comunicadores-do-brasil\/#local-main-place-address","streetAddress":"Rua dos Coqueiros, 104 - Bairro Boa Vista, Rua dos Coqueiros, 104 Bairro Boa Vista","addressLocality":"UBIRATA","postalCode":"85440-000","addressRegion":"PR","addressCountry":"BR"},{"@type":"ImageObject","inLanguage":"en-US","@id":"https:\/\/ubirataonline.com.br\/aos-78-anos-morre-gil-gomes-um-dos-maiores-comunicadores-do-brasil\/#local-main-organization-logo","url":"https:\/\/ubirataonline.com.br\/wp-content\/uploads\/2026\/06\/logoubirataonline-1.webp","contentUrl":"https:\/\/ubirataonline.com.br\/wp-content\/uploads\/2026\/06\/logoubirataonline-1.webp","width":500,"height":500,"caption":"Ubirat\u00e3 Online Not\u00edcias"}]},"geo.placename":"UBIRATA","geo.position":{"lat":"-24.5361401","long":"-52.9921776"},"geo.region":"Brazil"},"_links":{"self":[{"href":"https:\/\/ubirataonline.com.br\/en\/wp-json\/wp\/v2\/posts\/15212","targetHints":{"allow":["GET"]}}],"collection":[{"href":"https:\/\/ubirataonline.com.br\/en\/wp-json\/wp\/v2\/posts"}],"about":[{"href":"https:\/\/ubirataonline.com.br\/en\/wp-json\/wp\/v2\/types\/post"}],"author":[{"embeddable":true,"href":"https:\/\/ubirataonline.com.br\/en\/wp-json\/wp\/v2\/users\/1"}],"replies":[{"embeddable":true,"href":"https:\/\/ubirataonline.com.br\/en\/wp-json\/wp\/v2\/comments?post=15212"}],"version-history":[{"count":0,"href":"https:\/\/ubirataonline.com.br\/en\/wp-json\/wp\/v2\/posts\/15212\/revisions"}],"wp:attachment":[{"href":"https:\/\/ubirataonline.com.br\/en\/wp-json\/wp\/v2\/media?parent=15212"}],"wp:term":[{"taxonomy":"category","embeddable":true,"href":"https:\/\/ubirataonline.com.br\/en\/wp-json\/wp\/v2\/categories?post=15212"},{"taxonomy":"post_tag","embeddable":true,"href":"https:\/\/ubirataonline.com.br\/en\/wp-json\/wp\/v2\/tags?post=15212"}],"curies":[{"name":"wp","href":"https:\/\/api.w.org\/{rel}","templated":true}]}}