{"id":152512,"date":"2026-07-10T12:50:26","date_gmt":"2026-07-10T15:50:26","guid":{"rendered":"https:\/\/ubirataonline.com.br\/adolescente-e-apreendido-e-mulher-e-presa-por-assalto-ao-shopping-crystal\/"},"modified":"2026-07-10T12:50:28","modified_gmt":"2026-07-10T15:50:28","slug":"adolescente-e-apreendido-e-mulher-e-presa-por-assalto-ao-shopping-crystal","status":"publish","type":"post","link":"https:\/\/ubirataonline.com.br\/en\/adolescente-e-apreendido-e-mulher-e-presa-por-assalto-ao-shopping-crystal\/","title":{"rendered":"Adolescente \u00e9 apreendido e mulher \u00e9 presa por assalto ao Shopping Crystal"},"content":{"rendered":"<div id=\"post-content\">\n<p>A Pol\u00edcia Civil do Paran\u00e1 (PCPR) prendeu, na manh\u00e3 desta sexta-feira (10), uma mulher suspeita de esconder as<a href=\"https:\/\/www.tribunapr.com.br\/noticias\/curitiba-regiao\/homens-armados-assaltam-joalheria-no-shopping-crystal\/\"> joias roubadas durante o assalto \u00e0 Camilo Joalherias, no Shopping Crystal<\/a>. Durante a opera\u00e7\u00e3o, os policiais tamb\u00e9m apreenderam um adolescente apontado como um dos autores do roubo.<\/p>\n<p>Segundo as investiga\u00e7\u00f5es, a mulher n\u00e3o participou diretamente da invas\u00e3o \u00e0 joalheria. A pol\u00edcia afirma que ela receberia uma recompensa para esconder as joias at\u00e9 que os assaltantes conseguissem escapar da situa\u00e7\u00e3o de flagrante. \u201cA fun\u00e7\u00e3o dela era guardar as joias ap\u00f3s o roubo\u201d, afirmou o major Rodolfo Kredens Silva.<\/p>\n<p><strong>As joias j\u00e1 haviam sido recuperadas pela pol\u00edcia no dia seguinte ao crime.<\/strong> A suspeita foi encaminhada \u00e0 cadeia p\u00fablica. As equipes n\u00e3o divulgaram o valor dos objetos apreendidos, apenas informaram que se tratava de um <strong>pre\u00e7o elevado<\/strong>.<\/p>\n<p>Al\u00e9m da pris\u00e3o da mulher, a opera\u00e7\u00e3o cumpriu mandados contra outros envolvidos no assalto. Dois suspeitos, <strong>Cleber Adriano Rodrigues Rolim e Victor Gabriel Rosa Nobre<\/strong>, continuam foragidos. A <strong>Justi\u00e7a expediu mandados de pris\u00e3o preventiva <\/strong>para ambos, no entanto, a pol\u00edcia ainda n\u00e3o os localizou.<\/p>\n<p>Segundo a PCPR, um dos foragidos participou diretamente da invas\u00e3o \u00e0 joalheria ao lado de um adolescente, que tamb\u00e9m teria participado do roubo. <strong>O jovem foi alvo de mandado de apreens\u00e3o e acabou localizado em Foz do Igua\u00e7u<\/strong>, no Oeste do Paran\u00e1. O outro foragido aguardava os assaltantes em um ve\u00edculo para facilitar a fuga do grupo.<\/p>\n<h2 class=\"wp-block-heading\" id=\"h-autores-planejaram-assalto\">Autores planejaram assalto<\/h2>\n<p>O assalto aconteceu em 22 de junho. Segundo a investiga\u00e7\u00e3o, dois homens armados entraram na joalheria, renderam as funcion\u00e1rias e recolheram diversas pe\u00e7as. Na fuga, obrigaram a gerente da loja a acompanh\u00e1-los como escudo humano at\u00e9 a sa\u00edda do shopping, enquanto um terceiro integrante dava apoio do lado de fora.<\/p>\n<p>Os criminosos ainda dispararam tiros para o alto, em dire\u00e7\u00e3o ao teto do estabelecimento, para dificultar qualquer rea\u00e7\u00e3o. Em seguida, abandonaram o carro utilizado na a\u00e7\u00e3o na Avenida Igua\u00e7u e seguiram a p\u00e9 com as joias roubadas.<\/p>\n<p>Para a Pol\u00edcia Civil, os ind\u00edcios mostram que os criminosos organizaram o roubo com anteced\u00eancia. \u201cO pr\u00f3prio contexto em que a a\u00e7\u00e3o foi praticada demonstra que o crime foi premeditado. Houve levantamento no dia anterior, os suspeitos entraram no estabelecimento, retornaram depois e houve clara divis\u00e3o de tarefas entre os envolvidos\u201d, afirmou o delegado Fernando Zamoner.<\/p>\n<p>As buscas pelos dois foragidos continuam. Ap\u00f3s a conclus\u00e3o do inqu\u00e9rito, os envolvidos podem responder por roubo majorado e uso de arma de fogo.<\/p>\n<div id=\"tribuna-follow-cta\">\n<p> <span class=\"cta-title\">Siga a <span class=\"tribuna-color\">Tribuna<\/span> no Google, e acompanhe as \u00faltimas not\u00edcias de Curitiba e regi\u00e3o!<\/span> <\/p>\n<p> <a href=\"https:\/\/profile.google.com\/cp\/CgwvZy8xMmxxajUzM3Mac2h0dHBzOi8vd3d3LnRyaWJ1bmFwci5jb20uYnIvdml2YS92aXRyaW5lL2dpZ2FudGUtZG8tdmVzdHVhcmlvLXJlaW5hdWd1cmEtbG9qYS1lbS1zaG9wcGluZy10cmFkaWNpb25hbC1kZS1jdXJpdGliYS8iElRyaWJ1bmEgZG8gUGFyYW7DoSqAAwrHAWh0dHBzOi8vZW5jcnlwdGVkLXRibjIuZ3N0YXRpYy5jb20vZmF2aWNvbi10Ym4_cT10Ym46QU5kOUdjUVJPbjVDRjR6TzJPbkUwTXZrRlRCRTY2U0g1bGlaVDRaZTV3bWNKeU5GRm1BSnluM01nNU9PR3BXY1pYMzZwYU5HUWtsZ09JVEFLTTNNZVNGbTc1aWp6M3k2ajUtQ3M2b25kX2JUcFFQQkVLd3RsUjBsTmJESnUtVHhrNXQtbFlCNlVpOWZSVVFjT2cSswFodHRwczovL2VuY3J5cHRlZC10Ym4zLmdzdGF0aWMuY29tL2Zhdmljb24tdGJuP3E9dGJuJTNBQU5kOUdjU0FMaWJ2eFF0YXdFMFRueVdWWmVKRS1MZEdRZjVTUi1OZ2RMazhyZzIwVy1nM0JuQ1F4VDNKZFBjRXR2THdBeVRxUDJEdHVycEdVR29CQkxpYzM5al9wSmFxRERaMHNCYW05WEVhSGVsMmZTQmdKdlF4WWVyMw\" target=\"_blank\" title=\"Seguir a Tribuna no Google\">  <\/a> <\/div>\n<\/p><\/div>\n<p><a href=\"https:\/\/ubirataonline.com.br\/en\/noticias\/\" target=\"_blank\" rel=\"noopener noreferrer\">Mais Not\u00edcias<\/a><\/p>\n<p><a href=\"https:\/\/ubirataonline.com.br\/en\/\" target=\"_blank\" rel=\"noopener noreferrer\">Home Page &#8211; In\u00edcio<\/a><br \/>\n<br \/><a href=\"https:\/\/www.tribunapr.com.br\/noticias\/curitiba-regiao\/mulher-adolescente-presos-roubo-shopping-crystal\/\">Fonte do Artigo <\/a><br \/>\nSee more: <a href=\"https:\/\/theglobaltrack.com\/\" target=\"_blank\" rel=\"noopener noreferrer\">The Global Track<\/a><\/p>\n<p><a href=\"https:\/\/corinthiames.com.br\/\" target=\"_blank\" rel=\"noopener noreferrer\">Corinthia Mes<\/a><\/p>","protected":false},"excerpt":{"rendered":"<p>A Pol\u00edcia Civil do Paran\u00e1 (PCPR) prendeu, na manh\u00e3 desta sexta-feira (10), uma mulher suspeita de esconder as joias roubadas durante o assalto \u00e0 Camilo Joalherias, no Shopping Crystal. Durante a opera\u00e7\u00e3o, os policiais tamb\u00e9m apreenderam um adolescente apontado como um dos autores do roubo. Segundo as investiga\u00e7\u00f5es, a mulher n\u00e3o participou diretamente da invas\u00e3o [&hellip;]<\/p>\n","protected":false},"author":1,"featured_media":152513,"comment_status":"closed","ping_status":"","sticky":false,"template":"","format":"standard","meta":{"googlesitekit_rrm_CAow2JLhCw:productID":"","_gspb_post_css":"","maa_idioma":"","maa_pais":"","footnotes":""},"categories":[4],"tags":[241,11402,153,4711,1611,3211,9882,13414],"class_list":["post-152512","post","type-post","status-publish","format-standard","has-post-thumbnail","hentry","category-brasil","tag-adolescente","tag-apreendido","tag-assalto","tag-crystal","tag-mulher","tag-por","tag-presa","tag-shopping"],"blocksy_meta":[],"yoast_head":"<!-- This site is optimized with the Yoast SEO Premium plugin v27.6 (Yoast SEO v27.6) - https:\/\/yoast.com\/product\/yoast-seo-premium-wordpress\/ -->\n<title>Adolescente \u00e9 apreendido e mulher \u00e9 presa por assalto ao Shopping Crystal - Ubirat\u00e3 Online Not\u00edcias - A realidade ao seu alcance!<\/title>\n<meta name=\"description\" content=\"Pol\u00edcia afirma que a mulher esconderia as joias roubadas at\u00e9 o fim do flagrante. Leia na Tribuna do Paran\u00e1.\" \/>\n<meta name=\"robots\" content=\"index, follow, max-snippet:-1, max-image-preview:large, max-video-preview:-1\" \/>\n<link rel=\"canonical\" href=\"https:\/\/ubirataonline.com.br\/en\/adolescente-e-apreendido-e-mulher-e-presa-por-assalto-ao-shopping-crystal\/\" \/>\n<meta property=\"og:locale\" content=\"en_US\" \/>\n<meta property=\"og:type\" content=\"article\" \/>\n<meta property=\"og:title\" content=\"Adolescente \u00e9 apreendido e mulher \u00e9 presa por assalto ao Shopping Crystal\" \/>\n<meta property=\"og:description\" content=\"Pol\u00edcia afirma que a mulher esconderia as joias roubadas at\u00e9 o fim do flagrante. Leia na Tribuna do Paran\u00e1.\" \/>\n<meta property=\"og:url\" content=\"https:\/\/ubirataonline.com.br\/en\/adolescente-e-apreendido-e-mulher-e-presa-por-assalto-ao-shopping-crystal\/\" \/>\n<meta property=\"og:site_name\" content=\"Ubirat\u00e3 Online Not\u00edcias - A realidade ao seu alcance!\" \/>\n<meta property=\"article:publisher\" content=\"https:\/\/www.facebook.com\/portalubirataonline\" \/>\n<meta property=\"article:author\" content=\"https:\/\/www.facebook.com\/portalubirataonline\" \/>\n<meta property=\"article:published_time\" content=\"2026-07-10T15:50:26+00:00\" \/>\n<meta property=\"article:modified_time\" content=\"2026-07-10T15:50:28+00:00\" \/>\n<meta property=\"og:image\" content=\"https:\/\/ubirataonline.com.br\/wp-content\/uploads\/2026\/07\/Adolescente-e-apreendido-e-mulher-e-presa-por-assalto-ao.jpg\" \/>\n\t<meta property=\"og:image:width\" content=\"1280\" \/>\n\t<meta property=\"og:image:height\" content=\"853\" \/>\n\t<meta property=\"og:image:type\" content=\"image\/jpeg\" \/>\n<meta name=\"author\" content=\"REDA\u00c7\u00c3O: UBIRAT\u00c3 ONLINE - F\u00c1BIO AUGUSTO CELESTINO\" \/>\n<meta name=\"twitter:card\" content=\"summary_large_image\" \/>\n<meta name=\"twitter:creator\" content=\"@x.com\/ubirataonline\" \/>\n<meta name=\"twitter:site\" content=\"@ubirataonline\" \/>\n<meta name=\"twitter:label1\" content=\"Written by\" \/>\n\t<meta name=\"twitter:data1\" content=\"REDA\u00c7\u00c3O: UBIRAT\u00c3 ONLINE - F\u00c1BIO AUGUSTO CELESTINO\" \/>\n\t<meta name=\"twitter:label2\" content=\"Est. reading time\" \/>\n\t<meta name=\"twitter:data2\" content=\"2 minutes\" \/>\n<script type=\"application\/ld+json\" class=\"yoast-schema-graph\">{\"@context\":\"https:\\\/\\\/schema.org\",\"@graph\":[{\"@type\":\"NewsArticle\",\"@id\":\"https:\\\/\\\/ubirataonline.com.br\\\/adolescente-e-apreendido-e-mulher-e-presa-por-assalto-ao-shopping-crystal\\\/#article\",\"isPartOf\":{\"@id\":\"https:\\\/\\\/ubirataonline.com.br\\\/adolescente-e-apreendido-e-mulher-e-presa-por-assalto-ao-shopping-crystal\\\/\"},\"author\":{\"name\":\"REDA\u00c7\u00c3O: UBIRAT\u00c3 ONLINE - F\u00c1BIO AUGUSTO CELESTINO\",\"@id\":\"https:\\\/\\\/ubirataonline.com.br\\\/#\\\/schema\\\/person\\\/372f87bbd3fdd79b8556b84c98d0bc1c\"},\"headline\":\"Adolescente \u00e9 apreendido e mulher \u00e9 presa por assalto ao Shopping Crystal\",\"datePublished\":\"2026-07-10T15:50:26+00:00\",\"dateModified\":\"2026-07-10T15:50:28+00:00\",\"mainEntityOfPage\":{\"@id\":\"https:\\\/\\\/ubirataonline.com.br\\\/adolescente-e-apreendido-e-mulher-e-presa-por-assalto-ao-shopping-crystal\\\/\"},\"wordCount\":486,\"publisher\":{\"@id\":\"https:\\\/\\\/ubirataonline.com.br\\\/#organization\"},\"image\":{\"@id\":\"https:\\\/\\\/ubirataonline.com.br\\\/adolescente-e-apreendido-e-mulher-e-presa-por-assalto-ao-shopping-crystal\\\/#primaryimage\"},\"thumbnailUrl\":\"https:\\\/\\\/ubirataonline.com.br\\\/wp-content\\\/uploads\\\/2026\\\/07\\\/Adolescente-e-apreendido-e-mulher-e-presa-por-assalto-ao.jpg\",\"keywords\":[\"Adolescente\",\"apreendido\",\"assalto\",\"Crystal\",\"Mulher\",\"por\",\"presa\",\"shopping\"],\"articleSection\":[\"Brasil\"],\"inLanguage\":\"en-US\",\"copyrightYear\":\"2026\",\"copyrightHolder\":{\"@id\":\"https:\\\/\\\/ubirataonline.com.br\\\/en\\\/#organization\"}},{\"@type\":\"WebPage\",\"@id\":\"https:\\\/\\\/ubirataonline.com.br\\\/adolescente-e-apreendido-e-mulher-e-presa-por-assalto-ao-shopping-crystal\\\/\",\"url\":\"https:\\\/\\\/ubirataonline.com.br\\\/adolescente-e-apreendido-e-mulher-e-presa-por-assalto-ao-shopping-crystal\\\/\",\"name\":\"Adolescente \u00e9 apreendido e mulher \u00e9 presa por assalto ao Shopping Crystal - Ubirat\u00e3 Online Not\u00edcias - A realidade ao seu alcance!\",\"isPartOf\":{\"@id\":\"https:\\\/\\\/ubirataonline.com.br\\\/#website\"},\"primaryImageOfPage\":{\"@id\":\"https:\\\/\\\/ubirataonline.com.br\\\/adolescente-e-apreendido-e-mulher-e-presa-por-assalto-ao-shopping-crystal\\\/#primaryimage\"},\"image\":{\"@id\":\"https:\\\/\\\/ubirataonline.com.br\\\/adolescente-e-apreendido-e-mulher-e-presa-por-assalto-ao-shopping-crystal\\\/#primaryimage\"},\"thumbnailUrl\":\"https:\\\/\\\/ubirataonline.com.br\\\/wp-content\\\/uploads\\\/2026\\\/07\\\/Adolescente-e-apreendido-e-mulher-e-presa-por-assalto-ao.jpg\",\"datePublished\":\"2026-07-10T15:50:26+00:00\",\"dateModified\":\"2026-07-10T15:50:28+00:00\",\"description\":\"Pol\u00edcia afirma que a mulher esconderia as joias roubadas at\u00e9 o fim do flagrante. Leia na Tribuna do Paran\u00e1.\",\"breadcrumb\":{\"@id\":\"https:\\\/\\\/ubirataonline.com.br\\\/adolescente-e-apreendido-e-mulher-e-presa-por-assalto-ao-shopping-crystal\\\/#breadcrumb\"},\"inLanguage\":\"en-US\",\"potentialAction\":[{\"@type\":\"ReadAction\",\"target\":[\"https:\\\/\\\/ubirataonline.com.br\\\/adolescente-e-apreendido-e-mulher-e-presa-por-assalto-ao-shopping-crystal\\\/\"]}]},{\"@type\":\"ImageObject\",\"inLanguage\":\"en-US\",\"@id\":\"https:\\\/\\\/ubirataonline.com.br\\\/adolescente-e-apreendido-e-mulher-e-presa-por-assalto-ao-shopping-crystal\\\/#primaryimage\",\"url\":\"https:\\\/\\\/ubirataonline.com.br\\\/wp-content\\\/uploads\\\/2026\\\/07\\\/Adolescente-e-apreendido-e-mulher-e-presa-por-assalto-ao.jpg\",\"contentUrl\":\"https:\\\/\\\/ubirataonline.com.br\\\/wp-content\\\/uploads\\\/2026\\\/07\\\/Adolescente-e-apreendido-e-mulher-e-presa-por-assalto-ao.jpg\",\"width\":1280,\"height\":853,\"caption\":\"Dois homens armados assaltaram uma joalheria no Shopping Crystal, no bairro do Batel, na tarde desta segunda-feira (22). A Pol\u00edcia ainda n\u00e3o divulgou a identidade dos suspeitos. Foto: Jonathan Campos\\\/Arquivo Gazeta do Povo\"},{\"@type\":\"BreadcrumbList\",\"@id\":\"https:\\\/\\\/ubirataonline.com.br\\\/adolescente-e-apreendido-e-mulher-e-presa-por-assalto-ao-shopping-crystal\\\/#breadcrumb\",\"itemListElement\":[{\"@type\":\"ListItem\",\"position\":1,\"name\":\"In\u00edcio\",\"item\":\"https:\\\/\\\/ubirataonline.com.br\\\/\"},{\"@type\":\"ListItem\",\"position\":2,\"name\":\"Adolescente \u00e9 apreendido e mulher \u00e9 presa por assalto ao Shopping Crystal\"}]},{\"@type\":\"WebSite\",\"@id\":\"https:\\\/\\\/ubirataonline.com.br\\\/#website\",\"url\":\"https:\\\/\\\/ubirataonline.com.br\\\/\",\"name\":\"Ubirat\u00e3 Online Not\u00edcias\",\"description\":\"Not\u00edcias de Ubirat\u00e3, regi\u00e3o, Brasil e mundo, com informa\u00e7\u00e3o atualizada e compromisso com o leitor.\",\"publisher\":{\"@id\":\"https:\\\/\\\/ubirataonline.com.br\\\/#organization\"},\"alternateName\":\"Ubirat\u00e3 Online\",\"potentialAction\":[{\"@type\":\"SearchAction\",\"target\":{\"@type\":\"EntryPoint\",\"urlTemplate\":\"https:\\\/\\\/ubirataonline.com.br\\\/?s={search_term_string}\"},\"query-input\":{\"@type\":\"PropertyValueSpecification\",\"valueRequired\":true,\"valueName\":\"search_term_string\"}}],\"inLanguage\":\"en-US\"},{\"@type\":[\"Organization\",\"Place\"],\"@id\":\"https:\\\/\\\/ubirataonline.com.br\\\/#organization\",\"name\":\"Ubirat\u00e3 Online Not\u00edcias\",\"alternateName\":\"Ubirat\u00e3 Online\",\"url\":\"https:\\\/\\\/ubirataonline.com.br\\\/\",\"logo\":{\"@id\":\"https:\\\/\\\/ubirataonline.com.br\\\/adolescente-e-apreendido-e-mulher-e-presa-por-assalto-ao-shopping-crystal\\\/#local-main-organization-logo\"},\"image\":{\"@id\":\"https:\\\/\\\/ubirataonline.com.br\\\/adolescente-e-apreendido-e-mulher-e-presa-por-assalto-ao-shopping-crystal\\\/#local-main-organization-logo\"},\"sameAs\":[\"https:\\\/\\\/www.facebook.com\\\/portalubirataonline\",\"https:\\\/\\\/x.com\\\/ubirataonline\",\"https:\\\/\\\/mastodon.social\\\/@ubirataonline\",\"https:\\\/\\\/www.facebook.com\\\/groups\\\/311144672285604\",\"https:\\\/\\\/www.facebook.com\\\/UBTAOnline\",\"https:\\\/\\\/www.instagram.com\\\/portalubirataonline\\\/\",\"https:\\\/\\\/twitter.com\\\/ubirataonline\"],\"description\":\"Somos um portal de not\u00edcias independente, criado em 5 de janeiro de 2009, com o objetivo de informar, conectar e valorizar a nossa comunidade de Ubirat\u00e3 e toda aregi\u00e3o. Com conte\u00fado atualizado, confi\u00e1vel e relevante, o Ubirat\u00e3 Online \u00e9 o seu espa\u00e7o para ficar por dentro dos principais acontecimentos locais, regionais, Brasil, Mundo e de interesse geral. Nosso compromisso \u00e9 com a verdade, a transpar\u00eancia e o respeito ao leitor.\",\"legalName\":\"UBIRATA ONLINE NOT\u00cdCIAS\",\"foundingDate\":\"2009-01-05\",\"numberOfEmployees\":{\"@type\":\"QuantitativeValue\",\"minValue\":\"1\",\"maxValue\":\"10\"},\"publishingPrinciples\":\"https:\\\/\\\/ubirataonline.com.br\\\/faq\\\/\",\"address\":{\"@id\":\"https:\\\/\\\/ubirataonline.com.br\\\/adolescente-e-apreendido-e-mulher-e-presa-por-assalto-ao-shopping-crystal\\\/#local-main-place-address\"},\"geo\":{\"@type\":\"GeoCoordinates\",\"latitude\":\"-24.5361401\",\"longitude\":\"-52.9921776\"},\"telephone\":[\"+5544998308235\"],\"contactPoint\":{\"@type\":\"ContactPoint\",\"email\":\"contato@ubirataonline.com.br\"},\"openingHoursSpecification\":{\"@type\":\"OpeningHoursSpecification\",\"dayOfWeek\":[\"Monday\",\"Tuesday\",\"Wednesday\",\"Thursday\",\"Friday\",\"Saturday\",\"Sunday\"],\"opens\":\"00:00\",\"closes\":\"23:59\"},\"email\":\"contato@ubirataonline.com.br\",\"vatID\":\"47.621.418\\\/0001-80\"},{\"@type\":\"Person\",\"@id\":\"https:\\\/\\\/ubirataonline.com.br\\\/#\\\/schema\\\/person\\\/372f87bbd3fdd79b8556b84c98d0bc1c\",\"name\":\"REDA\u00c7\u00c3O: UBIRAT\u00c3 ONLINE - F\u00c1BIO AUGUSTO CELESTINO\",\"pronouns\":\"Ele\",\"description\":\"Desde 2003 trabalhando com not\u00edcias.\",\"sameAs\":[\"http:\\\/\\\/ubirataoline.com.br\",\"https:\\\/\\\/www.facebook.com\\\/portalubirataonline\",\"https:\\\/\\\/www.instagram.com\\\/ubirataonline_oficial\",\"https:\\\/\\\/x.com\\\/x.com\\\/ubirataonline\"],\"honorificPrefix\":\"Mr.\",\"honorificSuffix\":\"MD\",\"birthDate\":\"1980-06-16\",\"gender\":\"masculino\",\"award\":[\"V\u00e1rios pr\u00eamios de melhor portal da cidade\"],\"jobTitle\":\"Diretor\",\"url\":\"https:\\\/\\\/ubirataonline.com.br\\\/en\\\/author\\\/ubirataonline\\\/\"},{\"@type\":\"PostalAddress\",\"@id\":\"https:\\\/\\\/ubirataonline.com.br\\\/adolescente-e-apreendido-e-mulher-e-presa-por-assalto-ao-shopping-crystal\\\/#local-main-place-address\",\"streetAddress\":\"Rua dos Coqueiros, 104 - Bairro Boa Vista, Rua dos Coqueiros, 104 Bairro Boa Vista\",\"addressLocality\":\"UBIRATA\",\"postalCode\":\"85440-000\",\"addressRegion\":\"PR\",\"addressCountry\":\"BR\"},{\"@type\":\"ImageObject\",\"inLanguage\":\"en-US\",\"@id\":\"https:\\\/\\\/ubirataonline.com.br\\\/adolescente-e-apreendido-e-mulher-e-presa-por-assalto-ao-shopping-crystal\\\/#local-main-organization-logo\",\"url\":\"https:\\\/\\\/ubirataonline.com.br\\\/wp-content\\\/uploads\\\/2026\\\/06\\\/logoubirataonline-1.webp\",\"contentUrl\":\"https:\\\/\\\/ubirataonline.com.br\\\/wp-content\\\/uploads\\\/2026\\\/06\\\/logoubirataonline-1.webp\",\"width\":500,\"height\":500,\"caption\":\"Ubirat\u00e3 Online Not\u00edcias\"}]}<\/script>\n<meta name=\"geo.placename\" content=\"UBIRATA\" \/>\n<meta name=\"geo.position\" content=\"-24.5361401;-52.9921776\" \/>\n<meta name=\"geo.region\" content=\"Brazil\" \/>\n<!-- \/ Yoast SEO Premium plugin. -->","yoast_head_json":{"title":"Adolescente \u00e9 apreendido e mulher \u00e9 presa por assalto ao Shopping Crystal - Ubirat\u00e3 Online Not\u00edcias - A realidade ao seu alcance!","description":"Pol\u00edcia afirma que a mulher esconderia as joias roubadas at\u00e9 o fim do flagrante. Leia na Tribuna do Paran\u00e1.","robots":{"index":"index","follow":"follow","max-snippet":"max-snippet:-1","max-image-preview":"max-image-preview:large","max-video-preview":"max-video-preview:-1"},"canonical":"https:\/\/ubirataonline.com.br\/en\/adolescente-e-apreendido-e-mulher-e-presa-por-assalto-ao-shopping-crystal\/","og_locale":"en_US","og_type":"article","og_title":"Adolescente \u00e9 apreendido e mulher \u00e9 presa por assalto ao Shopping Crystal","og_description":"Pol\u00edcia afirma que a mulher esconderia as joias roubadas at\u00e9 o fim do flagrante. Leia na Tribuna do Paran\u00e1.","og_url":"https:\/\/ubirataonline.com.br\/en\/adolescente-e-apreendido-e-mulher-e-presa-por-assalto-ao-shopping-crystal\/","og_site_name":"Ubirat\u00e3 Online Not\u00edcias - A realidade ao seu alcance!","article_publisher":"https:\/\/www.facebook.com\/portalubirataonline","article_author":"https:\/\/www.facebook.com\/portalubirataonline","article_published_time":"2026-07-10T15:50:26+00:00","article_modified_time":"2026-07-10T15:50:28+00:00","og_image":[{"width":1280,"height":853,"url":"https:\/\/ubirataonline.com.br\/wp-content\/uploads\/2026\/07\/Adolescente-e-apreendido-e-mulher-e-presa-por-assalto-ao.jpg","type":"image\/jpeg"}],"author":"REDA\u00c7\u00c3O: UBIRAT\u00c3 ONLINE - F\u00c1BIO AUGUSTO CELESTINO","twitter_card":"summary_large_image","twitter_creator":"@x.com\/ubirataonline","twitter_site":"@ubirataonline","twitter_misc":{"Written by":"REDA\u00c7\u00c3O: UBIRAT\u00c3 ONLINE - F\u00c1BIO AUGUSTO CELESTINO","Est. reading time":"2 minutes"},"schema":{"@context":"https:\/\/schema.org","@graph":[{"@type":"NewsArticle","@id":"https:\/\/ubirataonline.com.br\/adolescente-e-apreendido-e-mulher-e-presa-por-assalto-ao-shopping-crystal\/#article","isPartOf":{"@id":"https:\/\/ubirataonline.com.br\/adolescente-e-apreendido-e-mulher-e-presa-por-assalto-ao-shopping-crystal\/"},"author":{"name":"REDA\u00c7\u00c3O: UBIRAT\u00c3 ONLINE - F\u00c1BIO AUGUSTO CELESTINO","@id":"https:\/\/ubirataonline.com.br\/#\/schema\/person\/372f87bbd3fdd79b8556b84c98d0bc1c"},"headline":"Adolescente \u00e9 apreendido e mulher \u00e9 presa por assalto ao Shopping Crystal","datePublished":"2026-07-10T15:50:26+00:00","dateModified":"2026-07-10T15:50:28+00:00","mainEntityOfPage":{"@id":"https:\/\/ubirataonline.com.br\/adolescente-e-apreendido-e-mulher-e-presa-por-assalto-ao-shopping-crystal\/"},"wordCount":486,"publisher":{"@id":"https:\/\/ubirataonline.com.br\/#organization"},"image":{"@id":"https:\/\/ubirataonline.com.br\/adolescente-e-apreendido-e-mulher-e-presa-por-assalto-ao-shopping-crystal\/#primaryimage"},"thumbnailUrl":"https:\/\/ubirataonline.com.br\/wp-content\/uploads\/2026\/07\/Adolescente-e-apreendido-e-mulher-e-presa-por-assalto-ao.jpg","keywords":["Adolescente","apreendido","assalto","Crystal","Mulher","por","presa","shopping"],"articleSection":["Brasil"],"inLanguage":"en-US","copyrightYear":"2026","copyrightHolder":{"@id":"https:\/\/ubirataonline.com.br\/en\/#organization"}},{"@type":"WebPage","@id":"https:\/\/ubirataonline.com.br\/adolescente-e-apreendido-e-mulher-e-presa-por-assalto-ao-shopping-crystal\/","url":"https:\/\/ubirataonline.com.br\/adolescente-e-apreendido-e-mulher-e-presa-por-assalto-ao-shopping-crystal\/","name":"Adolescente \u00e9 apreendido e mulher \u00e9 presa por assalto ao Shopping Crystal - Ubirat\u00e3 Online Not\u00edcias - A realidade ao seu alcance!","isPartOf":{"@id":"https:\/\/ubirataonline.com.br\/#website"},"primaryImageOfPage":{"@id":"https:\/\/ubirataonline.com.br\/adolescente-e-apreendido-e-mulher-e-presa-por-assalto-ao-shopping-crystal\/#primaryimage"},"image":{"@id":"https:\/\/ubirataonline.com.br\/adolescente-e-apreendido-e-mulher-e-presa-por-assalto-ao-shopping-crystal\/#primaryimage"},"thumbnailUrl":"https:\/\/ubirataonline.com.br\/wp-content\/uploads\/2026\/07\/Adolescente-e-apreendido-e-mulher-e-presa-por-assalto-ao.jpg","datePublished":"2026-07-10T15:50:26+00:00","dateModified":"2026-07-10T15:50:28+00:00","description":"Pol\u00edcia afirma que a mulher esconderia as joias roubadas at\u00e9 o fim do flagrante. Leia na Tribuna do Paran\u00e1.","breadcrumb":{"@id":"https:\/\/ubirataonline.com.br\/adolescente-e-apreendido-e-mulher-e-presa-por-assalto-ao-shopping-crystal\/#breadcrumb"},"inLanguage":"en-US","potentialAction":[{"@type":"ReadAction","target":["https:\/\/ubirataonline.com.br\/adolescente-e-apreendido-e-mulher-e-presa-por-assalto-ao-shopping-crystal\/"]}]},{"@type":"ImageObject","inLanguage":"en-US","@id":"https:\/\/ubirataonline.com.br\/adolescente-e-apreendido-e-mulher-e-presa-por-assalto-ao-shopping-crystal\/#primaryimage","url":"https:\/\/ubirataonline.com.br\/wp-content\/uploads\/2026\/07\/Adolescente-e-apreendido-e-mulher-e-presa-por-assalto-ao.jpg","contentUrl":"https:\/\/ubirataonline.com.br\/wp-content\/uploads\/2026\/07\/Adolescente-e-apreendido-e-mulher-e-presa-por-assalto-ao.jpg","width":1280,"height":853,"caption":"Dois homens armados assaltaram uma joalheria no Shopping Crystal, no bairro do Batel, na tarde desta segunda-feira (22). A Pol\u00edcia ainda n\u00e3o divulgou a identidade dos suspeitos. Foto: Jonathan Campos\/Arquivo Gazeta do Povo"},{"@type":"BreadcrumbList","@id":"https:\/\/ubirataonline.com.br\/adolescente-e-apreendido-e-mulher-e-presa-por-assalto-ao-shopping-crystal\/#breadcrumb","itemListElement":[{"@type":"ListItem","position":1,"name":"In\u00edcio","item":"https:\/\/ubirataonline.com.br\/"},{"@type":"ListItem","position":2,"name":"Adolescente \u00e9 apreendido e mulher \u00e9 presa por assalto ao Shopping Crystal"}]},{"@type":"WebSite","@id":"https:\/\/ubirataonline.com.br\/#website","url":"https:\/\/ubirataonline.com.br\/","name":"Ubirat\u00e3 Online Not\u00edcias","description":"Not\u00edcias de Ubirat\u00e3, regi\u00e3o, Brasil e mundo, com informa\u00e7\u00e3o atualizada e compromisso com o leitor.","publisher":{"@id":"https:\/\/ubirataonline.com.br\/#organization"},"alternateName":"Ubirat\u00e3 Online","potentialAction":[{"@type":"SearchAction","target":{"@type":"EntryPoint","urlTemplate":"https:\/\/ubirataonline.com.br\/?s={search_term_string}"},"query-input":{"@type":"PropertyValueSpecification","valueRequired":true,"valueName":"search_term_string"}}],"inLanguage":"en-US"},{"@type":["Organization","Place"],"@id":"https:\/\/ubirataonline.com.br\/#organization","name":"Ubirat\u00e3 Online Not\u00edcias","alternateName":"Ubirat\u00e3 Online","url":"https:\/\/ubirataonline.com.br\/","logo":{"@id":"https:\/\/ubirataonline.com.br\/adolescente-e-apreendido-e-mulher-e-presa-por-assalto-ao-shopping-crystal\/#local-main-organization-logo"},"image":{"@id":"https:\/\/ubirataonline.com.br\/adolescente-e-apreendido-e-mulher-e-presa-por-assalto-ao-shopping-crystal\/#local-main-organization-logo"},"sameAs":["https:\/\/www.facebook.com\/portalubirataonline","https:\/\/x.com\/ubirataonline","https:\/\/mastodon.social\/@ubirataonline","https:\/\/www.facebook.com\/groups\/311144672285604","https:\/\/www.facebook.com\/UBTAOnline","https:\/\/www.instagram.com\/portalubirataonline\/","https:\/\/twitter.com\/ubirataonline"],"description":"Somos um portal de not\u00edcias independente, criado em 5 de janeiro de 2009, com o objetivo de informar, conectar e valorizar a nossa comunidade de Ubirat\u00e3 e toda aregi\u00e3o. Com conte\u00fado atualizado, confi\u00e1vel e relevante, o Ubirat\u00e3 Online \u00e9 o seu espa\u00e7o para ficar por dentro dos principais acontecimentos locais, regionais, Brasil, Mundo e de interesse geral. Nosso compromisso \u00e9 com a verdade, a transpar\u00eancia e o respeito ao leitor.","legalName":"UBIRATA ONLINE NOT\u00cdCIAS","foundingDate":"2009-01-05","numberOfEmployees":{"@type":"QuantitativeValue","minValue":"1","maxValue":"10"},"publishingPrinciples":"https:\/\/ubirataonline.com.br\/faq\/","address":{"@id":"https:\/\/ubirataonline.com.br\/adolescente-e-apreendido-e-mulher-e-presa-por-assalto-ao-shopping-crystal\/#local-main-place-address"},"geo":{"@type":"GeoCoordinates","latitude":"-24.5361401","longitude":"-52.9921776"},"telephone":["+5544998308235"],"contactPoint":{"@type":"ContactPoint","email":"contato@ubirataonline.com.br"},"openingHoursSpecification":{"@type":"OpeningHoursSpecification","dayOfWeek":["Monday","Tuesday","Wednesday","Thursday","Friday","Saturday","Sunday"],"opens":"00:00","closes":"23:59"},"email":"contato@ubirataonline.com.br","vatID":"47.621.418\/0001-80"},{"@type":"Person","@id":"https:\/\/ubirataonline.com.br\/#\/schema\/person\/372f87bbd3fdd79b8556b84c98d0bc1c","name":"REDA\u00c7\u00c3O: UBIRAT\u00c3 ONLINE - F\u00c1BIO AUGUSTO CELESTINO","pronouns":"Ele","description":"Desde 2003 trabalhando com not\u00edcias.","sameAs":["http:\/\/ubirataoline.com.br","https:\/\/www.facebook.com\/portalubirataonline","https:\/\/www.instagram.com\/ubirataonline_oficial","https:\/\/x.com\/x.com\/ubirataonline"],"honorificPrefix":"Mr.","honorificSuffix":"MD","birthDate":"1980-06-16","gender":"masculino","award":["V\u00e1rios pr\u00eamios de melhor portal da cidade"],"jobTitle":"Diretor","url":"https:\/\/ubirataonline.com.br\/en\/author\/ubirataonline\/"},{"@type":"PostalAddress","@id":"https:\/\/ubirataonline.com.br\/adolescente-e-apreendido-e-mulher-e-presa-por-assalto-ao-shopping-crystal\/#local-main-place-address","streetAddress":"Rua dos Coqueiros, 104 - Bairro Boa Vista, Rua dos Coqueiros, 104 Bairro Boa Vista","addressLocality":"UBIRATA","postalCode":"85440-000","addressRegion":"PR","addressCountry":"BR"},{"@type":"ImageObject","inLanguage":"en-US","@id":"https:\/\/ubirataonline.com.br\/adolescente-e-apreendido-e-mulher-e-presa-por-assalto-ao-shopping-crystal\/#local-main-organization-logo","url":"https:\/\/ubirataonline.com.br\/wp-content\/uploads\/2026\/06\/logoubirataonline-1.webp","contentUrl":"https:\/\/ubirataonline.com.br\/wp-content\/uploads\/2026\/06\/logoubirataonline-1.webp","width":500,"height":500,"caption":"Ubirat\u00e3 Online Not\u00edcias"}]},"geo.placename":"UBIRATA","geo.position":{"lat":"-24.5361401","long":"-52.9921776"},"geo.region":"Brazil"},"_links":{"self":[{"href":"https:\/\/ubirataonline.com.br\/en\/wp-json\/wp\/v2\/posts\/152512","targetHints":{"allow":["GET"]}}],"collection":[{"href":"https:\/\/ubirataonline.com.br\/en\/wp-json\/wp\/v2\/posts"}],"about":[{"href":"https:\/\/ubirataonline.com.br\/en\/wp-json\/wp\/v2\/types\/post"}],"author":[{"embeddable":true,"href":"https:\/\/ubirataonline.com.br\/en\/wp-json\/wp\/v2\/users\/1"}],"replies":[{"embeddable":true,"href":"https:\/\/ubirataonline.com.br\/en\/wp-json\/wp\/v2\/comments?post=152512"}],"version-history":[{"count":0,"href":"https:\/\/ubirataonline.com.br\/en\/wp-json\/wp\/v2\/posts\/152512\/revisions"}],"wp:featuredmedia":[{"embeddable":true,"href":"https:\/\/ubirataonline.com.br\/en\/wp-json\/wp\/v2\/media\/152513"}],"wp:attachment":[{"href":"https:\/\/ubirataonline.com.br\/en\/wp-json\/wp\/v2\/media?parent=152512"}],"wp:term":[{"taxonomy":"category","embeddable":true,"href":"https:\/\/ubirataonline.com.br\/en\/wp-json\/wp\/v2\/categories?post=152512"},{"taxonomy":"post_tag","embeddable":true,"href":"https:\/\/ubirataonline.com.br\/en\/wp-json\/wp\/v2\/tags?post=152512"}],"curies":[{"name":"wp","href":"https:\/\/api.w.org\/{rel}","templated":true}]}}