{"id":152571,"date":"2026-07-10T16:22:41","date_gmt":"2026-07-10T19:22:41","guid":{"rendered":"https:\/\/ubirataonline.com.br\/lamine-yamal-video-dele-rindo-da-queda-da-espanha-em-2022-viraliza\/"},"modified":"2026-07-10T16:22:44","modified_gmt":"2026-07-10T19:22:44","slug":"lamine-yamal-video-dele-rindo-da-queda-da-espanha-em-2022-viraliza","status":"publish","type":"post","link":"https:\/\/ubirataonline.com.br\/en\/lamine-yamal-video-dele-rindo-da-queda-da-espanha-em-2022-viraliza\/","title":{"rendered":"Lamine Yamal: v\u00eddeo dele rindo da queda da Espanha em 2022 viraliza"},"content":{"rendered":"<p><\/p>\n<div data-block-type=\"unstyled\" data-block-weight=\"84\">\n<p class=\"content-text__container\" data-track-category=\"Link no Texto\" data-track-links=\"\"> Filho de pai marroquino e m\u00e3e guineense, o atleta nasceu na Espanha e, devido \u00e0s suas origens, poderia optar por aderir \u00e0 cidadania do pa\u00eds africano e, assim, defender o Marrocos. O tema, inclusive, foi abordado em diversas reuni\u00f5es entre a federa\u00e7\u00e3o africana e o estafe do atacante, que preferiu seguir na Espanha. Al\u00e9m disso, de acordo com as regras da Fifa, se um jogador entrar em campo quatro vezes por um pa\u00eds em partidas oficiais, a escolha ser\u00e1 definitiva &#8211; e assim foi. <\/p>\n<\/p><\/div>\n<p><a href=\"https:\/\/ubirataonline.com.br\/en\/noticias\/\" target=\"_blank\" rel=\"noopener noreferrer\">Mais Not\u00edcias<\/a><\/p>\n<p><a href=\"https:\/\/ubirataonline.com.br\/en\/\" target=\"_blank\" rel=\"noopener noreferrer\">Home Page &#8211; In\u00edcio<\/a><\/p>\n<p><a href=\"https:\/\/ge.globo.com\/futebol\/copa-do-mundo\/noticia\/2026\/07\/10\/video-de-yamal-debochando-da-eliminacao-da-espanha-em-2022-e-resgatado-e-viraliza-nas-redes.ghtml\">Fonte do Artigo <\/a><br \/>\nSee more: <a href=\"https:\/\/theglobaltrack.com\/\" target=\"_blank\" rel=\"noopener noreferrer\">The Global Track<\/a><\/p>\n<p><a href=\"https:\/\/corinthiames.com.br\/\" target=\"_blank\" rel=\"noopener noreferrer\">Corinthia Mes<\/a><\/p>","protected":false},"excerpt":{"rendered":"<p>Filho de pai marroquino e m\u00e3e guineense, o atleta nasceu na Espanha e, devido \u00e0s suas origens, poderia optar por aderir \u00e0 cidadania do pa\u00eds africano e, assim, defender o Marrocos. O tema, inclusive, foi abordado em diversas reuni\u00f5es entre a federa\u00e7\u00e3o africana e o estafe do atacante, que preferiu seguir na Espanha. Al\u00e9m disso, [&hellip;]<\/p>\n","protected":false},"author":1,"featured_media":152572,"comment_status":"closed","ping_status":"","sticky":false,"template":"","format":"standard","meta":{"googlesitekit_rrm_CAow2JLhCw:productID":"","_gspb_post_css":"","maa_idioma":"","maa_pais":"","footnotes":""},"categories":[4],"tags":[8258,10170,7408,208,42247,2738,7490,7409],"class_list":["post-152571","post","type-post","status-publish","format-standard","has-post-thumbnail","hentry","category-brasil","tag-dele","tag-espanha","tag-lamine","tag-queda","tag-rindo","tag-video","tag-viraliza","tag-yamal"],"blocksy_meta":[],"yoast_head":"<!-- This site is optimized with the Yoast SEO Premium plugin v27.6 (Yoast SEO v27.6) - https:\/\/yoast.com\/product\/yoast-seo-premium-wordpress\/ -->\n<title>Lamine Yamal: v\u00eddeo dele rindo da queda da Espanha em 2022 viraliza - Ubirat\u00e3 Online Not\u00edcias - A realidade ao seu alcance!<\/title>\n<meta name=\"description\" content=\"Lamine Yamal viraliza em v\u00eddeo beijando escudo do Marrocos ap\u00f3s queda da Espanha em 2022, no dia do duelo decisivo contra a B\u00e9lgica.\" \/>\n<meta name=\"robots\" content=\"index, follow, max-snippet:-1, max-image-preview:large, max-video-preview:-1\" \/>\n<link rel=\"canonical\" href=\"https:\/\/ubirataonline.com.br\/en\/lamine-yamal-video-dele-rindo-da-queda-da-espanha-em-2022-viraliza\/\" \/>\n<meta property=\"og:locale\" content=\"en_US\" \/>\n<meta property=\"og:type\" content=\"article\" \/>\n<meta property=\"og:title\" content=\"Lamine Yamal: v\u00eddeo dele rindo da queda da Espanha em 2022 viraliza\" \/>\n<meta property=\"og:description\" content=\"Lamine Yamal viraliza em v\u00eddeo beijando escudo do Marrocos ap\u00f3s queda da Espanha em 2022, no dia do duelo decisivo contra a B\u00e9lgica.\" \/>\n<meta property=\"og:url\" content=\"https:\/\/ubirataonline.com.br\/en\/lamine-yamal-video-dele-rindo-da-queda-da-espanha-em-2022-viraliza\/\" \/>\n<meta property=\"og:site_name\" content=\"Ubirat\u00e3 Online Not\u00edcias - A realidade ao seu alcance!\" \/>\n<meta property=\"article:publisher\" content=\"https:\/\/www.facebook.com\/portalubirataonline\" \/>\n<meta property=\"article:author\" content=\"https:\/\/www.facebook.com\/portalubirataonline\" \/>\n<meta property=\"article:published_time\" content=\"2026-07-10T19:22:41+00:00\" \/>\n<meta property=\"article:modified_time\" content=\"2026-07-10T19:22:44+00:00\" \/>\n<meta property=\"og:image\" content=\"https:\/\/ubirataonline.com.br\/wp-content\/uploads\/2026\/07\/Lamine-Yamal-video-dele-rindo-da-queda-da-Espanha-em.jpeg\" \/>\n\t<meta property=\"og:image:width\" content=\"1280\" \/>\n\t<meta property=\"og:image:height\" content=\"2276\" \/>\n\t<meta property=\"og:image:type\" content=\"image\/jpeg\" \/>\n<meta name=\"author\" content=\"REDA\u00c7\u00c3O: UBIRAT\u00c3 ONLINE - F\u00c1BIO AUGUSTO CELESTINO\" \/>\n<meta name=\"twitter:card\" content=\"summary_large_image\" \/>\n<meta name=\"twitter:creator\" content=\"@x.com\/ubirataonline\" \/>\n<meta name=\"twitter:site\" content=\"@ubirataonline\" \/>\n<meta name=\"twitter:label1\" content=\"Written by\" \/>\n\t<meta name=\"twitter:data1\" content=\"REDA\u00c7\u00c3O: UBIRAT\u00c3 ONLINE - F\u00c1BIO AUGUSTO CELESTINO\" \/>\n\t<meta name=\"twitter:label2\" content=\"Est. reading time\" \/>\n\t<meta name=\"twitter:data2\" content=\"1 minute\" \/>\n<script type=\"application\/ld+json\" class=\"yoast-schema-graph\">{\"@context\":\"https:\\\/\\\/schema.org\",\"@graph\":[{\"@type\":\"NewsArticle\",\"@id\":\"https:\\\/\\\/ubirataonline.com.br\\\/lamine-yamal-video-dele-rindo-da-queda-da-espanha-em-2022-viraliza\\\/#article\",\"isPartOf\":{\"@id\":\"https:\\\/\\\/ubirataonline.com.br\\\/lamine-yamal-video-dele-rindo-da-queda-da-espanha-em-2022-viraliza\\\/\"},\"author\":{\"name\":\"REDA\u00c7\u00c3O: UBIRAT\u00c3 ONLINE - F\u00c1BIO AUGUSTO CELESTINO\",\"@id\":\"https:\\\/\\\/ubirataonline.com.br\\\/#\\\/schema\\\/person\\\/372f87bbd3fdd79b8556b84c98d0bc1c\"},\"headline\":\"Lamine Yamal: v\u00eddeo dele rindo da queda da Espanha em 2022 viraliza\",\"datePublished\":\"2026-07-10T19:22:41+00:00\",\"dateModified\":\"2026-07-10T19:22:44+00:00\",\"mainEntityOfPage\":{\"@id\":\"https:\\\/\\\/ubirataonline.com.br\\\/lamine-yamal-video-dele-rindo-da-queda-da-espanha-em-2022-viraliza\\\/\"},\"wordCount\":119,\"publisher\":{\"@id\":\"https:\\\/\\\/ubirataonline.com.br\\\/#organization\"},\"image\":{\"@id\":\"https:\\\/\\\/ubirataonline.com.br\\\/lamine-yamal-video-dele-rindo-da-queda-da-espanha-em-2022-viraliza\\\/#primaryimage\"},\"thumbnailUrl\":\"https:\\\/\\\/ubirataonline.com.br\\\/wp-content\\\/uploads\\\/2026\\\/07\\\/Lamine-Yamal-video-dele-rindo-da-queda-da-Espanha-em.jpeg\",\"keywords\":[\"dele\",\"Espanha\",\"Lamine\",\"queda\",\"rindo\",\"Video\",\"viraliza\",\"Yamal\"],\"articleSection\":[\"Brasil\"],\"inLanguage\":\"en-US\",\"copyrightYear\":\"2026\",\"copyrightHolder\":{\"@id\":\"https:\\\/\\\/ubirataonline.com.br\\\/en\\\/#organization\"}},{\"@type\":\"WebPage\",\"@id\":\"https:\\\/\\\/ubirataonline.com.br\\\/lamine-yamal-video-dele-rindo-da-queda-da-espanha-em-2022-viraliza\\\/\",\"url\":\"https:\\\/\\\/ubirataonline.com.br\\\/lamine-yamal-video-dele-rindo-da-queda-da-espanha-em-2022-viraliza\\\/\",\"name\":\"Lamine Yamal: v\u00eddeo dele rindo da queda da Espanha em 2022 viraliza - Ubirat\u00e3 Online Not\u00edcias - A realidade ao seu alcance!\",\"isPartOf\":{\"@id\":\"https:\\\/\\\/ubirataonline.com.br\\\/#website\"},\"primaryImageOfPage\":{\"@id\":\"https:\\\/\\\/ubirataonline.com.br\\\/lamine-yamal-video-dele-rindo-da-queda-da-espanha-em-2022-viraliza\\\/#primaryimage\"},\"image\":{\"@id\":\"https:\\\/\\\/ubirataonline.com.br\\\/lamine-yamal-video-dele-rindo-da-queda-da-espanha-em-2022-viraliza\\\/#primaryimage\"},\"thumbnailUrl\":\"https:\\\/\\\/ubirataonline.com.br\\\/wp-content\\\/uploads\\\/2026\\\/07\\\/Lamine-Yamal-video-dele-rindo-da-queda-da-Espanha-em.jpeg\",\"datePublished\":\"2026-07-10T19:22:41+00:00\",\"dateModified\":\"2026-07-10T19:22:44+00:00\",\"description\":\"Lamine Yamal viraliza em v\u00eddeo beijando escudo do Marrocos ap\u00f3s queda da Espanha em 2022, no dia do duelo decisivo contra a B\u00e9lgica.\",\"breadcrumb\":{\"@id\":\"https:\\\/\\\/ubirataonline.com.br\\\/lamine-yamal-video-dele-rindo-da-queda-da-espanha-em-2022-viraliza\\\/#breadcrumb\"},\"inLanguage\":\"en-US\",\"potentialAction\":[{\"@type\":\"ReadAction\",\"target\":[\"https:\\\/\\\/ubirataonline.com.br\\\/lamine-yamal-video-dele-rindo-da-queda-da-espanha-em-2022-viraliza\\\/\"]}]},{\"@type\":\"ImageObject\",\"inLanguage\":\"en-US\",\"@id\":\"https:\\\/\\\/ubirataonline.com.br\\\/lamine-yamal-video-dele-rindo-da-queda-da-espanha-em-2022-viraliza\\\/#primaryimage\",\"url\":\"https:\\\/\\\/ubirataonline.com.br\\\/wp-content\\\/uploads\\\/2026\\\/07\\\/Lamine-Yamal-video-dele-rindo-da-queda-da-Espanha-em.jpeg\",\"contentUrl\":\"https:\\\/\\\/ubirataonline.com.br\\\/wp-content\\\/uploads\\\/2026\\\/07\\\/Lamine-Yamal-video-dele-rindo-da-queda-da-Espanha-em.jpeg\",\"width\":1280,\"height\":2276,\"caption\":\"1 de 1&#13;Aos 14 anos, Yammal vestia a camisa de Marrocos e ria ap\u00f3s elimina\u00e7\u00e3o da Espanha \u2014 Foto: Reprodu\u00e7\u00e3o\\\/Redes Sociais\"},{\"@type\":\"BreadcrumbList\",\"@id\":\"https:\\\/\\\/ubirataonline.com.br\\\/lamine-yamal-video-dele-rindo-da-queda-da-espanha-em-2022-viraliza\\\/#breadcrumb\",\"itemListElement\":[{\"@type\":\"ListItem\",\"position\":1,\"name\":\"In\u00edcio\",\"item\":\"https:\\\/\\\/ubirataonline.com.br\\\/\"},{\"@type\":\"ListItem\",\"position\":2,\"name\":\"Lamine Yamal: v\u00eddeo dele rindo da queda da Espanha em 2022 viraliza\"}]},{\"@type\":\"WebSite\",\"@id\":\"https:\\\/\\\/ubirataonline.com.br\\\/#website\",\"url\":\"https:\\\/\\\/ubirataonline.com.br\\\/\",\"name\":\"Ubirat\u00e3 Online Not\u00edcias\",\"description\":\"Not\u00edcias de Ubirat\u00e3, regi\u00e3o, Brasil e mundo, com informa\u00e7\u00e3o atualizada e compromisso com o leitor.\",\"publisher\":{\"@id\":\"https:\\\/\\\/ubirataonline.com.br\\\/#organization\"},\"alternateName\":\"Ubirat\u00e3 Online\",\"potentialAction\":[{\"@type\":\"SearchAction\",\"target\":{\"@type\":\"EntryPoint\",\"urlTemplate\":\"https:\\\/\\\/ubirataonline.com.br\\\/?s={search_term_string}\"},\"query-input\":{\"@type\":\"PropertyValueSpecification\",\"valueRequired\":true,\"valueName\":\"search_term_string\"}}],\"inLanguage\":\"en-US\"},{\"@type\":[\"Organization\",\"Place\"],\"@id\":\"https:\\\/\\\/ubirataonline.com.br\\\/#organization\",\"name\":\"Ubirat\u00e3 Online Not\u00edcias\",\"alternateName\":\"Ubirat\u00e3 Online\",\"url\":\"https:\\\/\\\/ubirataonline.com.br\\\/\",\"logo\":{\"@id\":\"https:\\\/\\\/ubirataonline.com.br\\\/lamine-yamal-video-dele-rindo-da-queda-da-espanha-em-2022-viraliza\\\/#local-main-organization-logo\"},\"image\":{\"@id\":\"https:\\\/\\\/ubirataonline.com.br\\\/lamine-yamal-video-dele-rindo-da-queda-da-espanha-em-2022-viraliza\\\/#local-main-organization-logo\"},\"sameAs\":[\"https:\\\/\\\/www.facebook.com\\\/portalubirataonline\",\"https:\\\/\\\/x.com\\\/ubirataonline\",\"https:\\\/\\\/mastodon.social\\\/@ubirataonline\",\"https:\\\/\\\/www.facebook.com\\\/groups\\\/311144672285604\",\"https:\\\/\\\/www.facebook.com\\\/UBTAOnline\",\"https:\\\/\\\/www.instagram.com\\\/portalubirataonline\\\/\",\"https:\\\/\\\/twitter.com\\\/ubirataonline\"],\"description\":\"Somos um portal de not\u00edcias independente, criado em 5 de janeiro de 2009, com o objetivo de informar, conectar e valorizar a nossa comunidade de Ubirat\u00e3 e toda aregi\u00e3o. Com conte\u00fado atualizado, confi\u00e1vel e relevante, o Ubirat\u00e3 Online \u00e9 o seu espa\u00e7o para ficar por dentro dos principais acontecimentos locais, regionais, Brasil, Mundo e de interesse geral. Nosso compromisso \u00e9 com a verdade, a transpar\u00eancia e o respeito ao leitor.\",\"legalName\":\"UBIRATA ONLINE NOT\u00cdCIAS\",\"foundingDate\":\"2009-01-05\",\"numberOfEmployees\":{\"@type\":\"QuantitativeValue\",\"minValue\":\"1\",\"maxValue\":\"10\"},\"publishingPrinciples\":\"https:\\\/\\\/ubirataonline.com.br\\\/faq\\\/\",\"address\":{\"@id\":\"https:\\\/\\\/ubirataonline.com.br\\\/lamine-yamal-video-dele-rindo-da-queda-da-espanha-em-2022-viraliza\\\/#local-main-place-address\"},\"geo\":{\"@type\":\"GeoCoordinates\",\"latitude\":\"-24.5361401\",\"longitude\":\"-52.9921776\"},\"telephone\":[\"+5544998308235\"],\"contactPoint\":{\"@type\":\"ContactPoint\",\"email\":\"contato@ubirataonline.com.br\"},\"openingHoursSpecification\":{\"@type\":\"OpeningHoursSpecification\",\"dayOfWeek\":[\"Monday\",\"Tuesday\",\"Wednesday\",\"Thursday\",\"Friday\",\"Saturday\",\"Sunday\"],\"opens\":\"00:00\",\"closes\":\"23:59\"},\"email\":\"contato@ubirataonline.com.br\",\"vatID\":\"47.621.418\\\/0001-80\"},{\"@type\":\"Person\",\"@id\":\"https:\\\/\\\/ubirataonline.com.br\\\/#\\\/schema\\\/person\\\/372f87bbd3fdd79b8556b84c98d0bc1c\",\"name\":\"REDA\u00c7\u00c3O: UBIRAT\u00c3 ONLINE - F\u00c1BIO AUGUSTO CELESTINO\",\"pronouns\":\"Ele\",\"description\":\"Desde 2003 trabalhando com not\u00edcias.\",\"sameAs\":[\"http:\\\/\\\/ubirataoline.com.br\",\"https:\\\/\\\/www.facebook.com\\\/portalubirataonline\",\"https:\\\/\\\/www.instagram.com\\\/ubirataonline_oficial\",\"https:\\\/\\\/x.com\\\/x.com\\\/ubirataonline\"],\"honorificPrefix\":\"Mr.\",\"honorificSuffix\":\"MD\",\"birthDate\":\"1980-06-16\",\"gender\":\"masculino\",\"award\":[\"V\u00e1rios pr\u00eamios de melhor portal da cidade\"],\"jobTitle\":\"Diretor\",\"url\":\"https:\\\/\\\/ubirataonline.com.br\\\/en\\\/author\\\/ubirataonline\\\/\"},{\"@type\":\"PostalAddress\",\"@id\":\"https:\\\/\\\/ubirataonline.com.br\\\/lamine-yamal-video-dele-rindo-da-queda-da-espanha-em-2022-viraliza\\\/#local-main-place-address\",\"streetAddress\":\"Rua dos Coqueiros, 104 - Bairro Boa Vista, Rua dos Coqueiros, 104 Bairro Boa Vista\",\"addressLocality\":\"UBIRATA\",\"postalCode\":\"85440-000\",\"addressRegion\":\"PR\",\"addressCountry\":\"BR\"},{\"@type\":\"ImageObject\",\"inLanguage\":\"en-US\",\"@id\":\"https:\\\/\\\/ubirataonline.com.br\\\/lamine-yamal-video-dele-rindo-da-queda-da-espanha-em-2022-viraliza\\\/#local-main-organization-logo\",\"url\":\"https:\\\/\\\/ubirataonline.com.br\\\/wp-content\\\/uploads\\\/2026\\\/06\\\/logoubirataonline-1.webp\",\"contentUrl\":\"https:\\\/\\\/ubirataonline.com.br\\\/wp-content\\\/uploads\\\/2026\\\/06\\\/logoubirataonline-1.webp\",\"width\":500,\"height\":500,\"caption\":\"Ubirat\u00e3 Online Not\u00edcias\"}]}<\/script>\n<meta name=\"geo.placename\" content=\"UBIRATA\" \/>\n<meta name=\"geo.position\" content=\"-24.5361401;-52.9921776\" \/>\n<meta name=\"geo.region\" content=\"Brazil\" \/>\n<!-- \/ Yoast SEO Premium plugin. -->","yoast_head_json":{"title":"Lamine Yamal: v\u00eddeo dele rindo da queda da Espanha em 2022 viraliza - Ubirat\u00e3 Online Not\u00edcias - A realidade ao seu alcance!","description":"Lamine Yamal viraliza em v\u00eddeo beijando escudo do Marrocos ap\u00f3s queda da Espanha em 2022, no dia do duelo decisivo contra a B\u00e9lgica.","robots":{"index":"index","follow":"follow","max-snippet":"max-snippet:-1","max-image-preview":"max-image-preview:large","max-video-preview":"max-video-preview:-1"},"canonical":"https:\/\/ubirataonline.com.br\/en\/lamine-yamal-video-dele-rindo-da-queda-da-espanha-em-2022-viraliza\/","og_locale":"en_US","og_type":"article","og_title":"Lamine Yamal: v\u00eddeo dele rindo da queda da Espanha em 2022 viraliza","og_description":"Lamine Yamal viraliza em v\u00eddeo beijando escudo do Marrocos ap\u00f3s queda da Espanha em 2022, no dia do duelo decisivo contra a B\u00e9lgica.","og_url":"https:\/\/ubirataonline.com.br\/en\/lamine-yamal-video-dele-rindo-da-queda-da-espanha-em-2022-viraliza\/","og_site_name":"Ubirat\u00e3 Online Not\u00edcias - A realidade ao seu alcance!","article_publisher":"https:\/\/www.facebook.com\/portalubirataonline","article_author":"https:\/\/www.facebook.com\/portalubirataonline","article_published_time":"2026-07-10T19:22:41+00:00","article_modified_time":"2026-07-10T19:22:44+00:00","og_image":[{"width":1280,"height":2276,"url":"https:\/\/ubirataonline.com.br\/wp-content\/uploads\/2026\/07\/Lamine-Yamal-video-dele-rindo-da-queda-da-Espanha-em.jpeg","type":"image\/jpeg"}],"author":"REDA\u00c7\u00c3O: UBIRAT\u00c3 ONLINE - F\u00c1BIO AUGUSTO CELESTINO","twitter_card":"summary_large_image","twitter_creator":"@x.com\/ubirataonline","twitter_site":"@ubirataonline","twitter_misc":{"Written by":"REDA\u00c7\u00c3O: UBIRAT\u00c3 ONLINE - F\u00c1BIO AUGUSTO CELESTINO","Est. reading time":"1 minute"},"schema":{"@context":"https:\/\/schema.org","@graph":[{"@type":"NewsArticle","@id":"https:\/\/ubirataonline.com.br\/lamine-yamal-video-dele-rindo-da-queda-da-espanha-em-2022-viraliza\/#article","isPartOf":{"@id":"https:\/\/ubirataonline.com.br\/lamine-yamal-video-dele-rindo-da-queda-da-espanha-em-2022-viraliza\/"},"author":{"name":"REDA\u00c7\u00c3O: UBIRAT\u00c3 ONLINE - F\u00c1BIO AUGUSTO CELESTINO","@id":"https:\/\/ubirataonline.com.br\/#\/schema\/person\/372f87bbd3fdd79b8556b84c98d0bc1c"},"headline":"Lamine Yamal: v\u00eddeo dele rindo da queda da Espanha em 2022 viraliza","datePublished":"2026-07-10T19:22:41+00:00","dateModified":"2026-07-10T19:22:44+00:00","mainEntityOfPage":{"@id":"https:\/\/ubirataonline.com.br\/lamine-yamal-video-dele-rindo-da-queda-da-espanha-em-2022-viraliza\/"},"wordCount":119,"publisher":{"@id":"https:\/\/ubirataonline.com.br\/#organization"},"image":{"@id":"https:\/\/ubirataonline.com.br\/lamine-yamal-video-dele-rindo-da-queda-da-espanha-em-2022-viraliza\/#primaryimage"},"thumbnailUrl":"https:\/\/ubirataonline.com.br\/wp-content\/uploads\/2026\/07\/Lamine-Yamal-video-dele-rindo-da-queda-da-Espanha-em.jpeg","keywords":["dele","Espanha","Lamine","queda","rindo","Video","viraliza","Yamal"],"articleSection":["Brasil"],"inLanguage":"en-US","copyrightYear":"2026","copyrightHolder":{"@id":"https:\/\/ubirataonline.com.br\/en\/#organization"}},{"@type":"WebPage","@id":"https:\/\/ubirataonline.com.br\/lamine-yamal-video-dele-rindo-da-queda-da-espanha-em-2022-viraliza\/","url":"https:\/\/ubirataonline.com.br\/lamine-yamal-video-dele-rindo-da-queda-da-espanha-em-2022-viraliza\/","name":"Lamine Yamal: v\u00eddeo dele rindo da queda da Espanha em 2022 viraliza - Ubirat\u00e3 Online Not\u00edcias - A realidade ao seu alcance!","isPartOf":{"@id":"https:\/\/ubirataonline.com.br\/#website"},"primaryImageOfPage":{"@id":"https:\/\/ubirataonline.com.br\/lamine-yamal-video-dele-rindo-da-queda-da-espanha-em-2022-viraliza\/#primaryimage"},"image":{"@id":"https:\/\/ubirataonline.com.br\/lamine-yamal-video-dele-rindo-da-queda-da-espanha-em-2022-viraliza\/#primaryimage"},"thumbnailUrl":"https:\/\/ubirataonline.com.br\/wp-content\/uploads\/2026\/07\/Lamine-Yamal-video-dele-rindo-da-queda-da-Espanha-em.jpeg","datePublished":"2026-07-10T19:22:41+00:00","dateModified":"2026-07-10T19:22:44+00:00","description":"Lamine Yamal viraliza em v\u00eddeo beijando escudo do Marrocos ap\u00f3s queda da Espanha em 2022, no dia do duelo decisivo contra a B\u00e9lgica.","breadcrumb":{"@id":"https:\/\/ubirataonline.com.br\/lamine-yamal-video-dele-rindo-da-queda-da-espanha-em-2022-viraliza\/#breadcrumb"},"inLanguage":"en-US","potentialAction":[{"@type":"ReadAction","target":["https:\/\/ubirataonline.com.br\/lamine-yamal-video-dele-rindo-da-queda-da-espanha-em-2022-viraliza\/"]}]},{"@type":"ImageObject","inLanguage":"en-US","@id":"https:\/\/ubirataonline.com.br\/lamine-yamal-video-dele-rindo-da-queda-da-espanha-em-2022-viraliza\/#primaryimage","url":"https:\/\/ubirataonline.com.br\/wp-content\/uploads\/2026\/07\/Lamine-Yamal-video-dele-rindo-da-queda-da-Espanha-em.jpeg","contentUrl":"https:\/\/ubirataonline.com.br\/wp-content\/uploads\/2026\/07\/Lamine-Yamal-video-dele-rindo-da-queda-da-Espanha-em.jpeg","width":1280,"height":2276,"caption":"1 de 1&#13;Aos 14 anos, Yammal vestia a camisa de Marrocos e ria ap\u00f3s elimina\u00e7\u00e3o da Espanha \u2014 Foto: Reprodu\u00e7\u00e3o\/Redes Sociais"},{"@type":"BreadcrumbList","@id":"https:\/\/ubirataonline.com.br\/lamine-yamal-video-dele-rindo-da-queda-da-espanha-em-2022-viraliza\/#breadcrumb","itemListElement":[{"@type":"ListItem","position":1,"name":"In\u00edcio","item":"https:\/\/ubirataonline.com.br\/"},{"@type":"ListItem","position":2,"name":"Lamine Yamal: v\u00eddeo dele rindo da queda da Espanha em 2022 viraliza"}]},{"@type":"WebSite","@id":"https:\/\/ubirataonline.com.br\/#website","url":"https:\/\/ubirataonline.com.br\/","name":"Ubirat\u00e3 Online Not\u00edcias","description":"Not\u00edcias de Ubirat\u00e3, regi\u00e3o, Brasil e mundo, com informa\u00e7\u00e3o atualizada e compromisso com o leitor.","publisher":{"@id":"https:\/\/ubirataonline.com.br\/#organization"},"alternateName":"Ubirat\u00e3 Online","potentialAction":[{"@type":"SearchAction","target":{"@type":"EntryPoint","urlTemplate":"https:\/\/ubirataonline.com.br\/?s={search_term_string}"},"query-input":{"@type":"PropertyValueSpecification","valueRequired":true,"valueName":"search_term_string"}}],"inLanguage":"en-US"},{"@type":["Organization","Place"],"@id":"https:\/\/ubirataonline.com.br\/#organization","name":"Ubirat\u00e3 Online Not\u00edcias","alternateName":"Ubirat\u00e3 Online","url":"https:\/\/ubirataonline.com.br\/","logo":{"@id":"https:\/\/ubirataonline.com.br\/lamine-yamal-video-dele-rindo-da-queda-da-espanha-em-2022-viraliza\/#local-main-organization-logo"},"image":{"@id":"https:\/\/ubirataonline.com.br\/lamine-yamal-video-dele-rindo-da-queda-da-espanha-em-2022-viraliza\/#local-main-organization-logo"},"sameAs":["https:\/\/www.facebook.com\/portalubirataonline","https:\/\/x.com\/ubirataonline","https:\/\/mastodon.social\/@ubirataonline","https:\/\/www.facebook.com\/groups\/311144672285604","https:\/\/www.facebook.com\/UBTAOnline","https:\/\/www.instagram.com\/portalubirataonline\/","https:\/\/twitter.com\/ubirataonline"],"description":"Somos um portal de not\u00edcias independente, criado em 5 de janeiro de 2009, com o objetivo de informar, conectar e valorizar a nossa comunidade de Ubirat\u00e3 e toda aregi\u00e3o. Com conte\u00fado atualizado, confi\u00e1vel e relevante, o Ubirat\u00e3 Online \u00e9 o seu espa\u00e7o para ficar por dentro dos principais acontecimentos locais, regionais, Brasil, Mundo e de interesse geral. Nosso compromisso \u00e9 com a verdade, a transpar\u00eancia e o respeito ao leitor.","legalName":"UBIRATA ONLINE NOT\u00cdCIAS","foundingDate":"2009-01-05","numberOfEmployees":{"@type":"QuantitativeValue","minValue":"1","maxValue":"10"},"publishingPrinciples":"https:\/\/ubirataonline.com.br\/faq\/","address":{"@id":"https:\/\/ubirataonline.com.br\/lamine-yamal-video-dele-rindo-da-queda-da-espanha-em-2022-viraliza\/#local-main-place-address"},"geo":{"@type":"GeoCoordinates","latitude":"-24.5361401","longitude":"-52.9921776"},"telephone":["+5544998308235"],"contactPoint":{"@type":"ContactPoint","email":"contato@ubirataonline.com.br"},"openingHoursSpecification":{"@type":"OpeningHoursSpecification","dayOfWeek":["Monday","Tuesday","Wednesday","Thursday","Friday","Saturday","Sunday"],"opens":"00:00","closes":"23:59"},"email":"contato@ubirataonline.com.br","vatID":"47.621.418\/0001-80"},{"@type":"Person","@id":"https:\/\/ubirataonline.com.br\/#\/schema\/person\/372f87bbd3fdd79b8556b84c98d0bc1c","name":"REDA\u00c7\u00c3O: UBIRAT\u00c3 ONLINE - F\u00c1BIO AUGUSTO CELESTINO","pronouns":"Ele","description":"Desde 2003 trabalhando com not\u00edcias.","sameAs":["http:\/\/ubirataoline.com.br","https:\/\/www.facebook.com\/portalubirataonline","https:\/\/www.instagram.com\/ubirataonline_oficial","https:\/\/x.com\/x.com\/ubirataonline"],"honorificPrefix":"Mr.","honorificSuffix":"MD","birthDate":"1980-06-16","gender":"masculino","award":["V\u00e1rios pr\u00eamios de melhor portal da cidade"],"jobTitle":"Diretor","url":"https:\/\/ubirataonline.com.br\/en\/author\/ubirataonline\/"},{"@type":"PostalAddress","@id":"https:\/\/ubirataonline.com.br\/lamine-yamal-video-dele-rindo-da-queda-da-espanha-em-2022-viraliza\/#local-main-place-address","streetAddress":"Rua dos Coqueiros, 104 - Bairro Boa Vista, Rua dos Coqueiros, 104 Bairro Boa Vista","addressLocality":"UBIRATA","postalCode":"85440-000","addressRegion":"PR","addressCountry":"BR"},{"@type":"ImageObject","inLanguage":"en-US","@id":"https:\/\/ubirataonline.com.br\/lamine-yamal-video-dele-rindo-da-queda-da-espanha-em-2022-viraliza\/#local-main-organization-logo","url":"https:\/\/ubirataonline.com.br\/wp-content\/uploads\/2026\/06\/logoubirataonline-1.webp","contentUrl":"https:\/\/ubirataonline.com.br\/wp-content\/uploads\/2026\/06\/logoubirataonline-1.webp","width":500,"height":500,"caption":"Ubirat\u00e3 Online Not\u00edcias"}]},"geo.placename":"UBIRATA","geo.position":{"lat":"-24.5361401","long":"-52.9921776"},"geo.region":"Brazil"},"_links":{"self":[{"href":"https:\/\/ubirataonline.com.br\/en\/wp-json\/wp\/v2\/posts\/152571","targetHints":{"allow":["GET"]}}],"collection":[{"href":"https:\/\/ubirataonline.com.br\/en\/wp-json\/wp\/v2\/posts"}],"about":[{"href":"https:\/\/ubirataonline.com.br\/en\/wp-json\/wp\/v2\/types\/post"}],"author":[{"embeddable":true,"href":"https:\/\/ubirataonline.com.br\/en\/wp-json\/wp\/v2\/users\/1"}],"replies":[{"embeddable":true,"href":"https:\/\/ubirataonline.com.br\/en\/wp-json\/wp\/v2\/comments?post=152571"}],"version-history":[{"count":0,"href":"https:\/\/ubirataonline.com.br\/en\/wp-json\/wp\/v2\/posts\/152571\/revisions"}],"wp:featuredmedia":[{"embeddable":true,"href":"https:\/\/ubirataonline.com.br\/en\/wp-json\/wp\/v2\/media\/152572"}],"wp:attachment":[{"href":"https:\/\/ubirataonline.com.br\/en\/wp-json\/wp\/v2\/media?parent=152571"}],"wp:term":[{"taxonomy":"category","embeddable":true,"href":"https:\/\/ubirataonline.com.br\/en\/wp-json\/wp\/v2\/categories?post=152571"},{"taxonomy":"post_tag","embeddable":true,"href":"https:\/\/ubirataonline.com.br\/en\/wp-json\/wp\/v2\/tags?post=152571"}],"curies":[{"name":"wp","href":"https:\/\/api.w.org\/{rel}","templated":true}]}}