{"id":152848,"date":"2026-07-11T13:14:28","date_gmt":"2026-07-11T16:14:28","guid":{"rendered":"https:\/\/ubirataonline.com.br\/moraes-manda-soltar-ex-prefeito-de-belford-roxo-apos-prisao-com-fuzil\/"},"modified":"2026-07-11T13:14:30","modified_gmt":"2026-07-11T16:14:30","slug":"moraes-manda-soltar-ex-prefeito-de-belford-roxo-apos-prisao-com-fuzil","status":"publish","type":"post","link":"https:\/\/ubirataonline.com.br\/en\/moraes-manda-soltar-ex-prefeito-de-belford-roxo-apos-prisao-com-fuzil\/","title":{"rendered":"Moraes manda soltar ex-prefeito de Belford Roxo, ap\u00f3s pris\u00e3o com fuzil"},"content":{"rendered":"<p><\/p>\n<div>\n<p>Canella estava detido desde ter\u00e7a-feira (7), ap\u00f3s agentes encontrarem um fuzil calibre 556 no ve\u00edculo em que ele estava durante o cumprimento de um mandado de busca e apreens\u00e3o da sexta fase da Opera\u00e7\u00e3o Unha e Carne.<\/p>\n<p>Al\u00e9m do ex-prefeito, um policial militar preso na mesma ocorr\u00eancia tamb\u00e9m foi beneficiado pela decis\u00e3o.<\/p>\n<h2>Medidas cautelares<\/h2>\n<p>Ao substituir a pris\u00e3o preventiva por medidas cautelares, Moraes determinou que Canella utilize tornozeleira eletr\u00f4nica, entregue o passaporte e tenha o porte de arma suspenso. O ex-prefeito responder\u00e1 ao processo em liberdade.<\/p>\n<h2>Opera\u00e7\u00e3o Unha e Carne<\/h2>\n<p>A pris\u00e3o ocorreu durante a sexta fase da Opera\u00e7\u00e3o Unha e Carne, que investiga um suposto esquema de lavagem de dinheiro por meio de uma rede de postos de combust\u00edveis no estado do Rio de Janeiro.<\/p>\n<p>Segundo a Pol\u00edcia Federal, a organiza\u00e7\u00e3o investigada teria movimentado cerca de R$ 7,6 bilh\u00f5es nos \u00faltimos seis anos. As investiga\u00e7\u00f5es tiveram in\u00edcio ap\u00f3s um relat\u00f3rio do Conselho de Controle de Atividades Financeiras (Coaf) apontar movimenta\u00e7\u00f5es financeiras consideradas at\u00edpicas.<\/p>\n<p>Nesta etapa da opera\u00e7\u00e3o, a PF cumpriu 19 mandados de busca e apreens\u00e3o em munic\u00edpios da Regi\u00e3o Metropolitana do Rio e no interior do estado. Tamb\u00e9m foram apreendidos armas, joias, dinheiro em esp\u00e9cie e ve\u00edculos de luxo, al\u00e9m de determinado o bloqueio de bens e a suspens\u00e3o das atividades de empresas ligadas aos investigados.<\/p>\n<p>Canella era alvo apenas de um mandado de busca e apreens\u00e3o, mas acabou preso em flagrante ap\u00f3s a localiza\u00e7\u00e3o do armamento.<\/p>\n<p>A opera\u00e7\u00e3o faz parte das medidas determinadas pelo STF no \u00e2mbito da Argui\u00e7\u00e3o de Descumprimento de Preceito Fundamental (ADPF) 635, conhecida como ADPF das Favelas, que atribuiu \u00e0 Pol\u00edcia Federal a condu\u00e7\u00e3o de investiga\u00e7\u00f5es sobre poss\u00edveis v\u00ednculos entre agentes p\u00fablicos e organiza\u00e7\u00f5es criminosas.<\/p>\n<h2>Trajet\u00f3ria pol\u00edtica<\/h2>\n<p>M\u00e1rcio Canella iniciou a carreira pol\u00edtica como vereador de Belford Roxo, em 2012, e posteriormente exerceu tr\u00eas mandatos como deputado estadual na Assembleia Legislativa do Rio de Janeiro (Alerj). Entre 2017 e 2019, licenciou-se do mandato para ocupar o cargo de vice-prefeito do munic\u00edpio.<\/p>\n<p>Ele foi eleito prefeito de Belford Roxo em 2024, mas renunciou ao cargo em abril deste ano para disputar uma vaga no Senado pelo Rio de Janeiro.<\/p>\n<p><b>Fonte:<\/b> Ag\u00eancia Brasil<\/p>\n<\/p><\/div>\n<p><a href=\"https:\/\/ubirataonline.com.br\/en\/noticias\/\" target=\"_blank\" rel=\"noopener noreferrer\">Mais Not\u00edcias<\/a><\/p>\n<p><a href=\"https:\/\/ubirataonline.com.br\/en\/\" target=\"_blank\" rel=\"noopener noreferrer\">Home Page &#8211; In\u00edcio<\/a><br \/>\n<br \/><a href=\"https:\/\/cgn.inf.br\/noticia\/2146160\/moraes-manda-soltar-ex-prefeito-de-belford-roxo-apos-prisao-com-fuzil\">Fonte do Artigo <\/a><br \/>\nSee more: <a href=\"https:\/\/theglobaltrack.com\/\" target=\"_blank\" rel=\"noopener noreferrer\">The Global Track<\/a><\/p>\n<p><a href=\"https:\/\/corinthiames.com.br\/\" target=\"_blank\" rel=\"noopener noreferrer\">Corinthia Mes<\/a><\/p>","protected":false},"excerpt":{"rendered":"<p>Canella estava detido desde ter\u00e7a-feira (7), ap\u00f3s agentes encontrarem um fuzil calibre 556 no ve\u00edculo em que ele estava durante o cumprimento de um mandado de busca e apreens\u00e3o da sexta fase da Opera\u00e7\u00e3o Unha e Carne. Al\u00e9m do ex-prefeito, um policial militar preso na mesma ocorr\u00eancia tamb\u00e9m foi beneficiado pela decis\u00e3o. Medidas cautelares Ao [&hellip;]<\/p>\n","protected":false},"author":1,"featured_media":152849,"comment_status":"closed","ping_status":"","sticky":false,"template":"","format":"standard","meta":{"googlesitekit_rrm_CAow2JLhCw:productID":"","_gspb_post_css":"","maa_idioma":"","maa_pais":"","footnotes":""},"categories":[4],"tags":[3140,42288,15896,21506,11445,7021,41,42289,42287],"class_list":["post-152848","post","type-post","status-publish","format-standard","has-post-thumbnail","hentry","category-brasil","tag-apos","tag-belford","tag-exprefeito","tag-fuzil","tag-manda","tag-moraes","tag-prisao","tag-roxo","tag-soltar"],"blocksy_meta":[],"yoast_head":"<!-- This site is optimized with the Yoast SEO Premium plugin v27.6 (Yoast SEO v27.6) - https:\/\/yoast.com\/product\/yoast-seo-premium-wordpress\/ -->\n<title>Moraes manda soltar ex-prefeito de Belford Roxo, ap\u00f3s pris\u00e3o com fuzil - Ubirat\u00e3 Online Not\u00edcias - A realidade ao seu alcance!<\/title>\n<meta name=\"description\" content=\"Canella estava detido desde ter\u00e7a-feira (7), ap\u00f3s agentes encontrarem um fuzil calibre 556 no ve\u00edculo em que ele estava durante o cumprimento de um mandado de...\" \/>\n<meta name=\"robots\" content=\"index, follow, max-snippet:-1, max-image-preview:large, max-video-preview:-1\" \/>\n<link rel=\"canonical\" href=\"https:\/\/ubirataonline.com.br\/en\/moraes-manda-soltar-ex-prefeito-de-belford-roxo-apos-prisao-com-fuzil\/\" \/>\n<meta property=\"og:locale\" content=\"en_US\" \/>\n<meta property=\"og:type\" content=\"article\" \/>\n<meta property=\"og:title\" content=\"Moraes manda soltar ex-prefeito de Belford Roxo, ap\u00f3s pris\u00e3o com fuzil\" \/>\n<meta property=\"og:description\" content=\"Canella estava detido desde ter\u00e7a-feira (7), ap\u00f3s agentes encontrarem um fuzil calibre 556 no ve\u00edculo em que ele estava durante o cumprimento de um mandado de...\" \/>\n<meta property=\"og:url\" content=\"https:\/\/ubirataonline.com.br\/en\/moraes-manda-soltar-ex-prefeito-de-belford-roxo-apos-prisao-com-fuzil\/\" \/>\n<meta property=\"og:site_name\" content=\"Ubirat\u00e3 Online Not\u00edcias - A realidade ao seu alcance!\" \/>\n<meta property=\"article:publisher\" content=\"https:\/\/www.facebook.com\/portalubirataonline\" \/>\n<meta property=\"article:author\" content=\"https:\/\/www.facebook.com\/portalubirataonline\" \/>\n<meta property=\"article:published_time\" content=\"2026-07-11T16:14:28+00:00\" \/>\n<meta property=\"article:modified_time\" content=\"2026-07-11T16:14:30+00:00\" \/>\n<meta property=\"og:image\" content=\"https:\/\/ubirataonline.com.br\/wp-content\/uploads\/2026\/07\/Moraes-manda-soltar-ex-prefeito-de-Belford-Roxo-apos-prisao-com.jpg\" \/>\n\t<meta property=\"og:image:width\" content=\"1600\" \/>\n\t<meta property=\"og:image:height\" content=\"800\" \/>\n\t<meta property=\"og:image:type\" content=\"image\/jpeg\" \/>\n<meta name=\"author\" content=\"REDA\u00c7\u00c3O: UBIRAT\u00c3 ONLINE - F\u00c1BIO AUGUSTO CELESTINO\" \/>\n<meta name=\"twitter:card\" content=\"summary_large_image\" \/>\n<meta name=\"twitter:creator\" content=\"@x.com\/ubirataonline\" \/>\n<meta name=\"twitter:site\" content=\"@ubirataonline\" \/>\n<meta name=\"twitter:label1\" content=\"Written by\" \/>\n\t<meta name=\"twitter:data1\" content=\"REDA\u00c7\u00c3O: UBIRAT\u00c3 ONLINE - F\u00c1BIO AUGUSTO CELESTINO\" \/>\n\t<meta name=\"twitter:label2\" content=\"Est. reading time\" \/>\n\t<meta name=\"twitter:data2\" content=\"2 minutes\" \/>\n<script type=\"application\/ld+json\" class=\"yoast-schema-graph\">{\"@context\":\"https:\\\/\\\/schema.org\",\"@graph\":[{\"@type\":\"NewsArticle\",\"@id\":\"https:\\\/\\\/ubirataonline.com.br\\\/moraes-manda-soltar-ex-prefeito-de-belford-roxo-apos-prisao-com-fuzil\\\/#article\",\"isPartOf\":{\"@id\":\"https:\\\/\\\/ubirataonline.com.br\\\/moraes-manda-soltar-ex-prefeito-de-belford-roxo-apos-prisao-com-fuzil\\\/\"},\"author\":{\"name\":\"REDA\u00c7\u00c3O: UBIRAT\u00c3 ONLINE - F\u00c1BIO AUGUSTO CELESTINO\",\"@id\":\"https:\\\/\\\/ubirataonline.com.br\\\/#\\\/schema\\\/person\\\/372f87bbd3fdd79b8556b84c98d0bc1c\"},\"headline\":\"Moraes manda soltar ex-prefeito de Belford Roxo, ap\u00f3s pris\u00e3o com fuzil\",\"datePublished\":\"2026-07-11T16:14:28+00:00\",\"dateModified\":\"2026-07-11T16:14:30+00:00\",\"mainEntityOfPage\":{\"@id\":\"https:\\\/\\\/ubirataonline.com.br\\\/moraes-manda-soltar-ex-prefeito-de-belford-roxo-apos-prisao-com-fuzil\\\/\"},\"wordCount\":431,\"publisher\":{\"@id\":\"https:\\\/\\\/ubirataonline.com.br\\\/#organization\"},\"image\":{\"@id\":\"https:\\\/\\\/ubirataonline.com.br\\\/moraes-manda-soltar-ex-prefeito-de-belford-roxo-apos-prisao-com-fuzil\\\/#primaryimage\"},\"thumbnailUrl\":\"https:\\\/\\\/ubirataonline.com.br\\\/wp-content\\\/uploads\\\/2026\\\/07\\\/Moraes-manda-soltar-ex-prefeito-de-Belford-Roxo-apos-prisao-com.jpg\",\"keywords\":[\"ap\u00f3s\",\"Belford\",\"exprefeito\",\"fuzil\",\"manda\",\"Moraes\",\"Pris\u00e3o\",\"Roxo\",\"soltar\"],\"articleSection\":[\"Brasil\"],\"inLanguage\":\"en-US\",\"copyrightYear\":\"2026\",\"copyrightHolder\":{\"@id\":\"https:\\\/\\\/ubirataonline.com.br\\\/en\\\/#organization\"}},{\"@type\":\"WebPage\",\"@id\":\"https:\\\/\\\/ubirataonline.com.br\\\/moraes-manda-soltar-ex-prefeito-de-belford-roxo-apos-prisao-com-fuzil\\\/\",\"url\":\"https:\\\/\\\/ubirataonline.com.br\\\/moraes-manda-soltar-ex-prefeito-de-belford-roxo-apos-prisao-com-fuzil\\\/\",\"name\":\"Moraes manda soltar ex-prefeito de Belford Roxo, ap\u00f3s pris\u00e3o com fuzil - Ubirat\u00e3 Online Not\u00edcias - A realidade ao seu alcance!\",\"isPartOf\":{\"@id\":\"https:\\\/\\\/ubirataonline.com.br\\\/#website\"},\"primaryImageOfPage\":{\"@id\":\"https:\\\/\\\/ubirataonline.com.br\\\/moraes-manda-soltar-ex-prefeito-de-belford-roxo-apos-prisao-com-fuzil\\\/#primaryimage\"},\"image\":{\"@id\":\"https:\\\/\\\/ubirataonline.com.br\\\/moraes-manda-soltar-ex-prefeito-de-belford-roxo-apos-prisao-com-fuzil\\\/#primaryimage\"},\"thumbnailUrl\":\"https:\\\/\\\/ubirataonline.com.br\\\/wp-content\\\/uploads\\\/2026\\\/07\\\/Moraes-manda-soltar-ex-prefeito-de-Belford-Roxo-apos-prisao-com.jpg\",\"datePublished\":\"2026-07-11T16:14:28+00:00\",\"dateModified\":\"2026-07-11T16:14:30+00:00\",\"description\":\"Canella estava detido desde ter\u00e7a-feira (7), ap\u00f3s agentes encontrarem um fuzil calibre 556 no ve\u00edculo em que ele estava durante o cumprimento de um mandado de...\",\"breadcrumb\":{\"@id\":\"https:\\\/\\\/ubirataonline.com.br\\\/moraes-manda-soltar-ex-prefeito-de-belford-roxo-apos-prisao-com-fuzil\\\/#breadcrumb\"},\"inLanguage\":\"en-US\",\"potentialAction\":[{\"@type\":\"ReadAction\",\"target\":[\"https:\\\/\\\/ubirataonline.com.br\\\/moraes-manda-soltar-ex-prefeito-de-belford-roxo-apos-prisao-com-fuzil\\\/\"]}]},{\"@type\":\"ImageObject\",\"inLanguage\":\"en-US\",\"@id\":\"https:\\\/\\\/ubirataonline.com.br\\\/moraes-manda-soltar-ex-prefeito-de-belford-roxo-apos-prisao-com-fuzil\\\/#primaryimage\",\"url\":\"https:\\\/\\\/ubirataonline.com.br\\\/wp-content\\\/uploads\\\/2026\\\/07\\\/Moraes-manda-soltar-ex-prefeito-de-Belford-Roxo-apos-prisao-com.jpg\",\"contentUrl\":\"https:\\\/\\\/ubirataonline.com.br\\\/wp-content\\\/uploads\\\/2026\\\/07\\\/Moraes-manda-soltar-ex-prefeito-de-Belford-Roxo-apos-prisao-com.jpg\",\"width\":1600,\"height\":800,\"caption\":\"Moraes manda soltar ex-prefeito de Belford Roxo, ap\u00f3s pris\u00e3o com fuzil\"},{\"@type\":\"BreadcrumbList\",\"@id\":\"https:\\\/\\\/ubirataonline.com.br\\\/moraes-manda-soltar-ex-prefeito-de-belford-roxo-apos-prisao-com-fuzil\\\/#breadcrumb\",\"itemListElement\":[{\"@type\":\"ListItem\",\"position\":1,\"name\":\"In\u00edcio\",\"item\":\"https:\\\/\\\/ubirataonline.com.br\\\/\"},{\"@type\":\"ListItem\",\"position\":2,\"name\":\"Moraes manda soltar ex-prefeito de Belford Roxo, ap\u00f3s pris\u00e3o com fuzil\"}]},{\"@type\":\"WebSite\",\"@id\":\"https:\\\/\\\/ubirataonline.com.br\\\/#website\",\"url\":\"https:\\\/\\\/ubirataonline.com.br\\\/\",\"name\":\"Ubirat\u00e3 Online Not\u00edcias\",\"description\":\"Not\u00edcias de Ubirat\u00e3, regi\u00e3o, Brasil e mundo, com informa\u00e7\u00e3o atualizada e compromisso com o leitor.\",\"publisher\":{\"@id\":\"https:\\\/\\\/ubirataonline.com.br\\\/#organization\"},\"alternateName\":\"Ubirat\u00e3 Online\",\"potentialAction\":[{\"@type\":\"SearchAction\",\"target\":{\"@type\":\"EntryPoint\",\"urlTemplate\":\"https:\\\/\\\/ubirataonline.com.br\\\/?s={search_term_string}\"},\"query-input\":{\"@type\":\"PropertyValueSpecification\",\"valueRequired\":true,\"valueName\":\"search_term_string\"}}],\"inLanguage\":\"en-US\"},{\"@type\":[\"Organization\",\"Place\"],\"@id\":\"https:\\\/\\\/ubirataonline.com.br\\\/#organization\",\"name\":\"Ubirat\u00e3 Online Not\u00edcias\",\"alternateName\":\"Ubirat\u00e3 Online\",\"url\":\"https:\\\/\\\/ubirataonline.com.br\\\/\",\"logo\":{\"@id\":\"https:\\\/\\\/ubirataonline.com.br\\\/moraes-manda-soltar-ex-prefeito-de-belford-roxo-apos-prisao-com-fuzil\\\/#local-main-organization-logo\"},\"image\":{\"@id\":\"https:\\\/\\\/ubirataonline.com.br\\\/moraes-manda-soltar-ex-prefeito-de-belford-roxo-apos-prisao-com-fuzil\\\/#local-main-organization-logo\"},\"sameAs\":[\"https:\\\/\\\/www.facebook.com\\\/portalubirataonline\",\"https:\\\/\\\/x.com\\\/ubirataonline\",\"https:\\\/\\\/mastodon.social\\\/@ubirataonline\",\"https:\\\/\\\/www.facebook.com\\\/groups\\\/311144672285604\",\"https:\\\/\\\/www.facebook.com\\\/UBTAOnline\",\"https:\\\/\\\/www.instagram.com\\\/portalubirataonline\\\/\",\"https:\\\/\\\/twitter.com\\\/ubirataonline\"],\"description\":\"Somos um portal de not\u00edcias independente, criado em 5 de janeiro de 2009, com o objetivo de informar, conectar e valorizar a nossa comunidade de Ubirat\u00e3 e toda aregi\u00e3o. Com conte\u00fado atualizado, confi\u00e1vel e relevante, o Ubirat\u00e3 Online \u00e9 o seu espa\u00e7o para ficar por dentro dos principais acontecimentos locais, regionais, Brasil, Mundo e de interesse geral. Nosso compromisso \u00e9 com a verdade, a transpar\u00eancia e o respeito ao leitor.\",\"legalName\":\"UBIRATA ONLINE NOT\u00cdCIAS\",\"foundingDate\":\"2009-01-05\",\"numberOfEmployees\":{\"@type\":\"QuantitativeValue\",\"minValue\":\"1\",\"maxValue\":\"10\"},\"publishingPrinciples\":\"https:\\\/\\\/ubirataonline.com.br\\\/faq\\\/\",\"address\":{\"@id\":\"https:\\\/\\\/ubirataonline.com.br\\\/moraes-manda-soltar-ex-prefeito-de-belford-roxo-apos-prisao-com-fuzil\\\/#local-main-place-address\"},\"geo\":{\"@type\":\"GeoCoordinates\",\"latitude\":\"-24.5361401\",\"longitude\":\"-52.9921776\"},\"telephone\":[\"+5544998308235\"],\"contactPoint\":{\"@type\":\"ContactPoint\",\"email\":\"contato@ubirataonline.com.br\"},\"openingHoursSpecification\":{\"@type\":\"OpeningHoursSpecification\",\"dayOfWeek\":[\"Monday\",\"Tuesday\",\"Wednesday\",\"Thursday\",\"Friday\",\"Saturday\",\"Sunday\"],\"opens\":\"00:00\",\"closes\":\"23:59\"},\"email\":\"contato@ubirataonline.com.br\",\"vatID\":\"47.621.418\\\/0001-80\"},{\"@type\":\"Person\",\"@id\":\"https:\\\/\\\/ubirataonline.com.br\\\/#\\\/schema\\\/person\\\/372f87bbd3fdd79b8556b84c98d0bc1c\",\"name\":\"REDA\u00c7\u00c3O: UBIRAT\u00c3 ONLINE - F\u00c1BIO AUGUSTO CELESTINO\",\"pronouns\":\"Ele\",\"description\":\"Desde 2003 trabalhando com not\u00edcias.\",\"sameAs\":[\"http:\\\/\\\/ubirataoline.com.br\",\"https:\\\/\\\/www.facebook.com\\\/portalubirataonline\",\"https:\\\/\\\/www.instagram.com\\\/ubirataonline_oficial\",\"https:\\\/\\\/x.com\\\/x.com\\\/ubirataonline\"],\"honorificPrefix\":\"Mr.\",\"honorificSuffix\":\"MD\",\"birthDate\":\"1980-06-16\",\"gender\":\"masculino\",\"award\":[\"V\u00e1rios pr\u00eamios de melhor portal da cidade\"],\"jobTitle\":\"Diretor\",\"url\":\"https:\\\/\\\/ubirataonline.com.br\\\/en\\\/author\\\/ubirataonline\\\/\"},{\"@type\":\"PostalAddress\",\"@id\":\"https:\\\/\\\/ubirataonline.com.br\\\/moraes-manda-soltar-ex-prefeito-de-belford-roxo-apos-prisao-com-fuzil\\\/#local-main-place-address\",\"streetAddress\":\"Rua dos Coqueiros, 104 - Bairro Boa Vista, Rua dos Coqueiros, 104 Bairro Boa Vista\",\"addressLocality\":\"UBIRATA\",\"postalCode\":\"85440-000\",\"addressRegion\":\"PR\",\"addressCountry\":\"BR\"},{\"@type\":\"ImageObject\",\"inLanguage\":\"en-US\",\"@id\":\"https:\\\/\\\/ubirataonline.com.br\\\/moraes-manda-soltar-ex-prefeito-de-belford-roxo-apos-prisao-com-fuzil\\\/#local-main-organization-logo\",\"url\":\"https:\\\/\\\/ubirataonline.com.br\\\/wp-content\\\/uploads\\\/2026\\\/06\\\/logoubirataonline-1.webp\",\"contentUrl\":\"https:\\\/\\\/ubirataonline.com.br\\\/wp-content\\\/uploads\\\/2026\\\/06\\\/logoubirataonline-1.webp\",\"width\":500,\"height\":500,\"caption\":\"Ubirat\u00e3 Online Not\u00edcias\"}]}<\/script>\n<meta name=\"geo.placename\" content=\"UBIRATA\" \/>\n<meta name=\"geo.position\" content=\"-24.5361401;-52.9921776\" \/>\n<meta name=\"geo.region\" content=\"Brazil\" \/>\n<!-- \/ Yoast SEO Premium plugin. -->","yoast_head_json":{"title":"Moraes manda soltar ex-prefeito de Belford Roxo, ap\u00f3s pris\u00e3o com fuzil - Ubirat\u00e3 Online Not\u00edcias - A realidade ao seu alcance!","description":"Canella estava detido desde ter\u00e7a-feira (7), ap\u00f3s agentes encontrarem um fuzil calibre 556 no ve\u00edculo em que ele estava durante o cumprimento de um mandado de...","robots":{"index":"index","follow":"follow","max-snippet":"max-snippet:-1","max-image-preview":"max-image-preview:large","max-video-preview":"max-video-preview:-1"},"canonical":"https:\/\/ubirataonline.com.br\/en\/moraes-manda-soltar-ex-prefeito-de-belford-roxo-apos-prisao-com-fuzil\/","og_locale":"en_US","og_type":"article","og_title":"Moraes manda soltar ex-prefeito de Belford Roxo, ap\u00f3s pris\u00e3o com fuzil","og_description":"Canella estava detido desde ter\u00e7a-feira (7), ap\u00f3s agentes encontrarem um fuzil calibre 556 no ve\u00edculo em que ele estava durante o cumprimento de um mandado de...","og_url":"https:\/\/ubirataonline.com.br\/en\/moraes-manda-soltar-ex-prefeito-de-belford-roxo-apos-prisao-com-fuzil\/","og_site_name":"Ubirat\u00e3 Online Not\u00edcias - A realidade ao seu alcance!","article_publisher":"https:\/\/www.facebook.com\/portalubirataonline","article_author":"https:\/\/www.facebook.com\/portalubirataonline","article_published_time":"2026-07-11T16:14:28+00:00","article_modified_time":"2026-07-11T16:14:30+00:00","og_image":[{"width":1600,"height":800,"url":"https:\/\/ubirataonline.com.br\/wp-content\/uploads\/2026\/07\/Moraes-manda-soltar-ex-prefeito-de-Belford-Roxo-apos-prisao-com.jpg","type":"image\/jpeg"}],"author":"REDA\u00c7\u00c3O: UBIRAT\u00c3 ONLINE - F\u00c1BIO AUGUSTO CELESTINO","twitter_card":"summary_large_image","twitter_creator":"@x.com\/ubirataonline","twitter_site":"@ubirataonline","twitter_misc":{"Written by":"REDA\u00c7\u00c3O: UBIRAT\u00c3 ONLINE - F\u00c1BIO AUGUSTO CELESTINO","Est. reading time":"2 minutes"},"schema":{"@context":"https:\/\/schema.org","@graph":[{"@type":"NewsArticle","@id":"https:\/\/ubirataonline.com.br\/moraes-manda-soltar-ex-prefeito-de-belford-roxo-apos-prisao-com-fuzil\/#article","isPartOf":{"@id":"https:\/\/ubirataonline.com.br\/moraes-manda-soltar-ex-prefeito-de-belford-roxo-apos-prisao-com-fuzil\/"},"author":{"name":"REDA\u00c7\u00c3O: UBIRAT\u00c3 ONLINE - F\u00c1BIO AUGUSTO CELESTINO","@id":"https:\/\/ubirataonline.com.br\/#\/schema\/person\/372f87bbd3fdd79b8556b84c98d0bc1c"},"headline":"Moraes manda soltar ex-prefeito de Belford Roxo, ap\u00f3s pris\u00e3o com fuzil","datePublished":"2026-07-11T16:14:28+00:00","dateModified":"2026-07-11T16:14:30+00:00","mainEntityOfPage":{"@id":"https:\/\/ubirataonline.com.br\/moraes-manda-soltar-ex-prefeito-de-belford-roxo-apos-prisao-com-fuzil\/"},"wordCount":431,"publisher":{"@id":"https:\/\/ubirataonline.com.br\/#organization"},"image":{"@id":"https:\/\/ubirataonline.com.br\/moraes-manda-soltar-ex-prefeito-de-belford-roxo-apos-prisao-com-fuzil\/#primaryimage"},"thumbnailUrl":"https:\/\/ubirataonline.com.br\/wp-content\/uploads\/2026\/07\/Moraes-manda-soltar-ex-prefeito-de-Belford-Roxo-apos-prisao-com.jpg","keywords":["ap\u00f3s","Belford","exprefeito","fuzil","manda","Moraes","Pris\u00e3o","Roxo","soltar"],"articleSection":["Brasil"],"inLanguage":"en-US","copyrightYear":"2026","copyrightHolder":{"@id":"https:\/\/ubirataonline.com.br\/en\/#organization"}},{"@type":"WebPage","@id":"https:\/\/ubirataonline.com.br\/moraes-manda-soltar-ex-prefeito-de-belford-roxo-apos-prisao-com-fuzil\/","url":"https:\/\/ubirataonline.com.br\/moraes-manda-soltar-ex-prefeito-de-belford-roxo-apos-prisao-com-fuzil\/","name":"Moraes manda soltar ex-prefeito de Belford Roxo, ap\u00f3s pris\u00e3o com fuzil - Ubirat\u00e3 Online Not\u00edcias - A realidade ao seu alcance!","isPartOf":{"@id":"https:\/\/ubirataonline.com.br\/#website"},"primaryImageOfPage":{"@id":"https:\/\/ubirataonline.com.br\/moraes-manda-soltar-ex-prefeito-de-belford-roxo-apos-prisao-com-fuzil\/#primaryimage"},"image":{"@id":"https:\/\/ubirataonline.com.br\/moraes-manda-soltar-ex-prefeito-de-belford-roxo-apos-prisao-com-fuzil\/#primaryimage"},"thumbnailUrl":"https:\/\/ubirataonline.com.br\/wp-content\/uploads\/2026\/07\/Moraes-manda-soltar-ex-prefeito-de-Belford-Roxo-apos-prisao-com.jpg","datePublished":"2026-07-11T16:14:28+00:00","dateModified":"2026-07-11T16:14:30+00:00","description":"Canella estava detido desde ter\u00e7a-feira (7), ap\u00f3s agentes encontrarem um fuzil calibre 556 no ve\u00edculo em que ele estava durante o cumprimento de um mandado de...","breadcrumb":{"@id":"https:\/\/ubirataonline.com.br\/moraes-manda-soltar-ex-prefeito-de-belford-roxo-apos-prisao-com-fuzil\/#breadcrumb"},"inLanguage":"en-US","potentialAction":[{"@type":"ReadAction","target":["https:\/\/ubirataonline.com.br\/moraes-manda-soltar-ex-prefeito-de-belford-roxo-apos-prisao-com-fuzil\/"]}]},{"@type":"ImageObject","inLanguage":"en-US","@id":"https:\/\/ubirataonline.com.br\/moraes-manda-soltar-ex-prefeito-de-belford-roxo-apos-prisao-com-fuzil\/#primaryimage","url":"https:\/\/ubirataonline.com.br\/wp-content\/uploads\/2026\/07\/Moraes-manda-soltar-ex-prefeito-de-Belford-Roxo-apos-prisao-com.jpg","contentUrl":"https:\/\/ubirataonline.com.br\/wp-content\/uploads\/2026\/07\/Moraes-manda-soltar-ex-prefeito-de-Belford-Roxo-apos-prisao-com.jpg","width":1600,"height":800,"caption":"Moraes manda soltar ex-prefeito de Belford Roxo, ap\u00f3s pris\u00e3o com fuzil"},{"@type":"BreadcrumbList","@id":"https:\/\/ubirataonline.com.br\/moraes-manda-soltar-ex-prefeito-de-belford-roxo-apos-prisao-com-fuzil\/#breadcrumb","itemListElement":[{"@type":"ListItem","position":1,"name":"In\u00edcio","item":"https:\/\/ubirataonline.com.br\/"},{"@type":"ListItem","position":2,"name":"Moraes manda soltar ex-prefeito de Belford Roxo, ap\u00f3s pris\u00e3o com fuzil"}]},{"@type":"WebSite","@id":"https:\/\/ubirataonline.com.br\/#website","url":"https:\/\/ubirataonline.com.br\/","name":"Ubirat\u00e3 Online Not\u00edcias","description":"Not\u00edcias de Ubirat\u00e3, regi\u00e3o, Brasil e mundo, com informa\u00e7\u00e3o atualizada e compromisso com o leitor.","publisher":{"@id":"https:\/\/ubirataonline.com.br\/#organization"},"alternateName":"Ubirat\u00e3 Online","potentialAction":[{"@type":"SearchAction","target":{"@type":"EntryPoint","urlTemplate":"https:\/\/ubirataonline.com.br\/?s={search_term_string}"},"query-input":{"@type":"PropertyValueSpecification","valueRequired":true,"valueName":"search_term_string"}}],"inLanguage":"en-US"},{"@type":["Organization","Place"],"@id":"https:\/\/ubirataonline.com.br\/#organization","name":"Ubirat\u00e3 Online Not\u00edcias","alternateName":"Ubirat\u00e3 Online","url":"https:\/\/ubirataonline.com.br\/","logo":{"@id":"https:\/\/ubirataonline.com.br\/moraes-manda-soltar-ex-prefeito-de-belford-roxo-apos-prisao-com-fuzil\/#local-main-organization-logo"},"image":{"@id":"https:\/\/ubirataonline.com.br\/moraes-manda-soltar-ex-prefeito-de-belford-roxo-apos-prisao-com-fuzil\/#local-main-organization-logo"},"sameAs":["https:\/\/www.facebook.com\/portalubirataonline","https:\/\/x.com\/ubirataonline","https:\/\/mastodon.social\/@ubirataonline","https:\/\/www.facebook.com\/groups\/311144672285604","https:\/\/www.facebook.com\/UBTAOnline","https:\/\/www.instagram.com\/portalubirataonline\/","https:\/\/twitter.com\/ubirataonline"],"description":"Somos um portal de not\u00edcias independente, criado em 5 de janeiro de 2009, com o objetivo de informar, conectar e valorizar a nossa comunidade de Ubirat\u00e3 e toda aregi\u00e3o. Com conte\u00fado atualizado, confi\u00e1vel e relevante, o Ubirat\u00e3 Online \u00e9 o seu espa\u00e7o para ficar por dentro dos principais acontecimentos locais, regionais, Brasil, Mundo e de interesse geral. Nosso compromisso \u00e9 com a verdade, a transpar\u00eancia e o respeito ao leitor.","legalName":"UBIRATA ONLINE NOT\u00cdCIAS","foundingDate":"2009-01-05","numberOfEmployees":{"@type":"QuantitativeValue","minValue":"1","maxValue":"10"},"publishingPrinciples":"https:\/\/ubirataonline.com.br\/faq\/","address":{"@id":"https:\/\/ubirataonline.com.br\/moraes-manda-soltar-ex-prefeito-de-belford-roxo-apos-prisao-com-fuzil\/#local-main-place-address"},"geo":{"@type":"GeoCoordinates","latitude":"-24.5361401","longitude":"-52.9921776"},"telephone":["+5544998308235"],"contactPoint":{"@type":"ContactPoint","email":"contato@ubirataonline.com.br"},"openingHoursSpecification":{"@type":"OpeningHoursSpecification","dayOfWeek":["Monday","Tuesday","Wednesday","Thursday","Friday","Saturday","Sunday"],"opens":"00:00","closes":"23:59"},"email":"contato@ubirataonline.com.br","vatID":"47.621.418\/0001-80"},{"@type":"Person","@id":"https:\/\/ubirataonline.com.br\/#\/schema\/person\/372f87bbd3fdd79b8556b84c98d0bc1c","name":"REDA\u00c7\u00c3O: UBIRAT\u00c3 ONLINE - F\u00c1BIO AUGUSTO CELESTINO","pronouns":"Ele","description":"Desde 2003 trabalhando com not\u00edcias.","sameAs":["http:\/\/ubirataoline.com.br","https:\/\/www.facebook.com\/portalubirataonline","https:\/\/www.instagram.com\/ubirataonline_oficial","https:\/\/x.com\/x.com\/ubirataonline"],"honorificPrefix":"Mr.","honorificSuffix":"MD","birthDate":"1980-06-16","gender":"masculino","award":["V\u00e1rios pr\u00eamios de melhor portal da cidade"],"jobTitle":"Diretor","url":"https:\/\/ubirataonline.com.br\/en\/author\/ubirataonline\/"},{"@type":"PostalAddress","@id":"https:\/\/ubirataonline.com.br\/moraes-manda-soltar-ex-prefeito-de-belford-roxo-apos-prisao-com-fuzil\/#local-main-place-address","streetAddress":"Rua dos Coqueiros, 104 - Bairro Boa Vista, Rua dos Coqueiros, 104 Bairro Boa Vista","addressLocality":"UBIRATA","postalCode":"85440-000","addressRegion":"PR","addressCountry":"BR"},{"@type":"ImageObject","inLanguage":"en-US","@id":"https:\/\/ubirataonline.com.br\/moraes-manda-soltar-ex-prefeito-de-belford-roxo-apos-prisao-com-fuzil\/#local-main-organization-logo","url":"https:\/\/ubirataonline.com.br\/wp-content\/uploads\/2026\/06\/logoubirataonline-1.webp","contentUrl":"https:\/\/ubirataonline.com.br\/wp-content\/uploads\/2026\/06\/logoubirataonline-1.webp","width":500,"height":500,"caption":"Ubirat\u00e3 Online Not\u00edcias"}]},"geo.placename":"UBIRATA","geo.position":{"lat":"-24.5361401","long":"-52.9921776"},"geo.region":"Brazil"},"_links":{"self":[{"href":"https:\/\/ubirataonline.com.br\/en\/wp-json\/wp\/v2\/posts\/152848","targetHints":{"allow":["GET"]}}],"collection":[{"href":"https:\/\/ubirataonline.com.br\/en\/wp-json\/wp\/v2\/posts"}],"about":[{"href":"https:\/\/ubirataonline.com.br\/en\/wp-json\/wp\/v2\/types\/post"}],"author":[{"embeddable":true,"href":"https:\/\/ubirataonline.com.br\/en\/wp-json\/wp\/v2\/users\/1"}],"replies":[{"embeddable":true,"href":"https:\/\/ubirataonline.com.br\/en\/wp-json\/wp\/v2\/comments?post=152848"}],"version-history":[{"count":0,"href":"https:\/\/ubirataonline.com.br\/en\/wp-json\/wp\/v2\/posts\/152848\/revisions"}],"wp:featuredmedia":[{"embeddable":true,"href":"https:\/\/ubirataonline.com.br\/en\/wp-json\/wp\/v2\/media\/152849"}],"wp:attachment":[{"href":"https:\/\/ubirataonline.com.br\/en\/wp-json\/wp\/v2\/media?parent=152848"}],"wp:term":[{"taxonomy":"category","embeddable":true,"href":"https:\/\/ubirataonline.com.br\/en\/wp-json\/wp\/v2\/categories?post=152848"},{"taxonomy":"post_tag","embeddable":true,"href":"https:\/\/ubirataonline.com.br\/en\/wp-json\/wp\/v2\/tags?post=152848"}],"curies":[{"name":"wp","href":"https:\/\/api.w.org\/{rel}","templated":true}]}}