{"id":154130,"date":"2026-07-15T09:48:31","date_gmt":"2026-07-15T12:48:31","guid":{"rendered":"https:\/\/ubirataonline.com.br\/o-ciclista-professor-e-produtor-rural-jose-beletato-conhecido-carinhosamente-c\/"},"modified":"2026-07-15T09:48:31","modified_gmt":"2026-07-15T12:48:31","slug":"o-ciclista-professor-e-produtor-rural-jose-beletato-conhecido-carinhosamente-c","status":"publish","type":"post","link":"https:\/\/ubirataonline.com.br\/en\/o-ciclista-professor-e-produtor-rural-jose-beletato-conhecido-carinhosamente-c\/","title":{"rendered":"O ciclista, professor e produtor rural Jos\u00e9 Beletato, conhecido carinhosamente c&#8230;"},"content":{"rendered":"<p><a href=\"http:\/\/instagram.com\/p\/DZSmK2ouhHY\"><img decoding=\"async\" style=\"display:none\"  src=\"https:\/\/ubirataonline.com.br\/wp-content\/uploads\/2026\/07\/719804326_18238527055308508_9128787682539972833_n.jpg\" \/><\/a><\/p>\n<p>O ciclista, professor e produtor rural Jos\u00e9 Beletato, conhecido carinhosamente como \u201cAvi\u00e3o\u201d, j\u00e1 se prepara para mais um grande desafio de f\u00e9, supera\u00e7\u00e3o e solidariedade. Morador do Distrito de Arapuan, em Jani\u00f3polis, e professor da Escola do Campo da Comunidade S\u00e3o Jo\u00e3o de Ubirat\u00e3, ele partir\u00e1 no dia 10 de julho rumo ao Santu\u00e1rio Nacional de Nossa Senhora Aparecida, em Aparecida (SP), em sua quinta viagem de bicicleta at\u00e9 a cidade santa.<\/p>\n<p>Nesta edi\u00e7\u00e3o, o desafio ser\u00e1 ainda maior. Beletato pretende percorrer aproximadamente 1.150 quil\u00f4metros utilizando o tradicional Caminho da F\u00e9, uma das principais rotas de peregrina\u00e7\u00e3o do Brasil. A meta \u00e9 concluir todo o percurso em apenas seis dias.<\/p>\n<p>A hist\u00f3ria do ciclista \u00e9 marcada pela determina\u00e7\u00e3o. Ele iniciou sua trajet\u00f3ria no ciclismo em novembro de 2019, quando decidiu mudar de vida e adotar h\u00e1bitos mais saud\u00e1veis. Na \u00e9poca, estava pr\u00f3ximo dos 100 quilos. Hoje, com cerca de 77 quilos, j\u00e1 acumula quase 60 mil quil\u00f4metros pedalados e se tornou refer\u00eancia regional no ciclismo de longa dist\u00e2ncia.<\/p>\n<p>Al\u00e9m da f\u00e9, a solidariedade \u00e9 uma das marcas de suas jornadas. Em 2024, Jos\u00e9 Beletato realizou sua quarta viagem de bicicleta at\u00e9 Aparecida em prol do Lar dos Velhinhos de Ubirat\u00e3, mobilizando empresas e a comunidade regional para arrecadar recursos destinados \u00e0 entidade.<\/p>\n<p>Neste ano, o projeto \u201cPedal Solid\u00e1rio 2026\u201d tem como objetivo arrecadar recursos para o Lar dos Velhinhos de Moreira Sales. Aproximadamente 15 empresas j\u00e1 confirmaram apoio \u00e0 iniciativa, mas toda ajuda \u00e9 bem-vinda.<\/p>\n<p>As doa\u00e7\u00f5es podem ser realizadas via Pix pela chave: &#x1f4f2; (44) 99910-2061 Banco Ita\u00fa Jos\u00e9 Beletato<\/p>\n<p>A campanha j\u00e1 conta com colaboradores de diversas cidades da regi\u00e3o e tamb\u00e9m do estado de S\u00e3o Paulo. Segundo Beletato, a inten\u00e7\u00e3o \u00e9 ajudar uma entidade que enfrenta necessidades constantes e depende do apoio da comunidade.<\/p>\n<p>&#x1f4e2; Divulgue sua empresa no Ubirat\u00e3 Online! Espa\u00e7os com pre\u00e7os especiais. WhatsApp: (44) 9 9142-1743.<\/p>\n<p>&#x1f4e9; Envie fotos, v\u00eddeos, den\u00fancias ou sugest\u00f5es de pauta pelo WhatsApp: &#x1f4f2; (44) 9 9925-5244<\/p>\n<p>&#x1f449; Siga: @ubirataonline_oficial<\/p>\n<blockquote class=\"instagram-media\"  data-instgrm-permalink=\"https:\/\/www.instagram.com\/reel\/DZSmK2ouhHY\/\" data-instgrm-version=\"14\" style=\" background:#FFF; border:0; border-radius:3px; box-shadow:0 0 1px 0 rgba(0,0,0,0.5),0 1px 10px 0 rgba(0,0,0,0.15); margin: 1px; max-width:540px; min-width:326px; padding:0; width:99.375%; width:-webkit-calc(100% - 2px); width:calc(100% - 2px);\"><p>&nbsp;<\/p><\/blockquote>\n<p> <script async src=\"\/\/www.instagram.com\/embed.js\"><\/script><\/p>\n<p><a href=\"http:\/\/instagram.com\/p\/DZSmK2ouhHY\">Source<\/a><\/p>\n<p><a href=\"https:\/\/ubirataonline.com.br\/en\/noticias\/\" target=\"_blank\" rel=\"noopener noreferrer\">Mais Not\u00edcias<\/a><\/p>\n<p><a href=\"https:\/\/ubirataonline.com.br\/en\/\" target=\"_blank\" rel=\"noopener noreferrer\">Home Page &#8211; In\u00edcio<\/a><\/p>\n<p><a href=\"http:\/\/instagram.com\/p\/DZSmK2ouhHY\">Source link <\/a><br \/>\nMore: <a href=\"https:\/\/theglobaltrack.com\/\" target=\"_blank\" rel=\"noopener noreferrer\">The Global Track<\/a><\/p>\n<p><a href=\"https:\/\/corinthiames.com.br\/\" target=\"_blank\" rel=\"noopener noreferrer\">Corinthia Mes<\/a><\/p>","protected":false},"excerpt":{"rendered":"<p>O ciclista, professor e produtor rural Jos\u00e9 Beletato, conhecido carinhosamente como \u201cAvi\u00e3o\u201d, j\u00e1 se prepara para mais um grande desafio de f\u00e9, supera\u00e7\u00e3o e solidariedade. Morador do Distrito de Arapuan, em Jani\u00f3polis, e professor da Escola do Campo da Comunidade S\u00e3o Jo\u00e3o de Ubirat\u00e3, ele partir\u00e1 no dia 10 de julho rumo ao Santu\u00e1rio Nacional [&hellip;]<\/p>\n","protected":false},"author":1,"featured_media":154131,"comment_status":"","ping_status":"","sticky":false,"template":"","format":"standard","meta":{"googlesitekit_rrm_CAow2JLhCw:productID":"","_gspb_post_css":"","maa_idioma":"","maa_pais":"","footnotes":""},"categories":[1],"tags":[],"class_list":["post-154130","post","type-post","status-publish","format-standard","has-post-thumbnail","hentry","category-ubirata"],"blocksy_meta":[],"yoast_head":"<!-- This site is optimized with the Yoast SEO Premium plugin v27.6 (Yoast SEO v27.6) - https:\/\/yoast.com\/product\/yoast-seo-premium-wordpress\/ -->\n<title>O ciclista, professor e produtor rural Jos\u00e9 Beletato, conhecido carinhosamente c... - Ubirat\u00e3 Online Not\u00edcias - A realidade ao seu alcance!<\/title>\n<meta name=\"description\" content=\"O ciclista, professor e produtor rural Jos\u00e9 Beletato, conhecido carinhosamente como \u201cAvi\u00e3o\u201d, j\u00e1 se prepara para mais um grande desafio de f\u00e9, supera\u00e7\u00e3o e\" \/>\n<meta name=\"robots\" content=\"index, follow, max-snippet:-1, max-image-preview:large, max-video-preview:-1\" \/>\n<link rel=\"canonical\" href=\"https:\/\/ubirataonline.com.br\/en\/o-ciclista-professor-e-produtor-rural-jose-beletato-conhecido-carinhosamente-c\/\" \/>\n<meta property=\"og:locale\" content=\"en_US\" \/>\n<meta property=\"og:type\" content=\"article\" \/>\n<meta property=\"og:title\" content=\"O ciclista, professor e produtor rural Jos\u00e9 Beletato, conhecido carinhosamente c...\" \/>\n<meta property=\"og:description\" content=\"O ciclista, professor e produtor rural Jos\u00e9 Beletato, conhecido carinhosamente como \u201cAvi\u00e3o\u201d, j\u00e1 se prepara para mais um grande desafio de f\u00e9, supera\u00e7\u00e3o e\" \/>\n<meta property=\"og:url\" content=\"https:\/\/ubirataonline.com.br\/en\/o-ciclista-professor-e-produtor-rural-jose-beletato-conhecido-carinhosamente-c\/\" \/>\n<meta property=\"og:site_name\" content=\"Ubirat\u00e3 Online Not\u00edcias - A realidade ao seu alcance!\" \/>\n<meta property=\"article:publisher\" content=\"https:\/\/www.facebook.com\/portalubirataonline\" \/>\n<meta property=\"article:author\" content=\"https:\/\/www.facebook.com\/portalubirataonline\" \/>\n<meta property=\"article:published_time\" content=\"2026-07-15T12:48:31+00:00\" \/>\n<meta property=\"og:image\" content=\"https:\/\/ubirataonline.com.br\/wp-content\/uploads\/2026\/07\/719804326_18238527055308508_9128787682539972833_n.jpg\" \/>\n<meta name=\"author\" content=\"REDA\u00c7\u00c3O: UBIRAT\u00c3 ONLINE - F\u00c1BIO AUGUSTO CELESTINO\" \/>\n<meta name=\"twitter:card\" content=\"summary_large_image\" \/>\n<meta name=\"twitter:creator\" content=\"@x.com\/ubirataonline\" \/>\n<meta name=\"twitter:site\" content=\"@ubirataonline\" \/>\n<meta name=\"twitter:label1\" content=\"Written by\" \/>\n\t<meta name=\"twitter:data1\" content=\"REDA\u00c7\u00c3O: UBIRAT\u00c3 ONLINE - F\u00c1BIO AUGUSTO CELESTINO\" \/>\n\t<meta name=\"twitter:label2\" content=\"Est. reading time\" \/>\n\t<meta name=\"twitter:data2\" content=\"2 minutes\" \/>\n<script type=\"application\/ld+json\" class=\"yoast-schema-graph\">{\"@context\":\"https:\\\/\\\/schema.org\",\"@graph\":[{\"@type\":\"NewsArticle\",\"@id\":\"https:\\\/\\\/ubirataonline.com.br\\\/o-ciclista-professor-e-produtor-rural-jose-beletato-conhecido-carinhosamente-c\\\/#article\",\"isPartOf\":{\"@id\":\"https:\\\/\\\/ubirataonline.com.br\\\/o-ciclista-professor-e-produtor-rural-jose-beletato-conhecido-carinhosamente-c\\\/\"},\"author\":{\"name\":\"REDA\u00c7\u00c3O: UBIRAT\u00c3 ONLINE - F\u00c1BIO AUGUSTO CELESTINO\",\"@id\":\"https:\\\/\\\/ubirataonline.com.br\\\/#\\\/schema\\\/person\\\/372f87bbd3fdd79b8556b84c98d0bc1c\"},\"headline\":\"O ciclista, professor e produtor rural Jos\u00e9 Beletato, conhecido carinhosamente c&#8230;\",\"datePublished\":\"2026-07-15T12:48:31+00:00\",\"mainEntityOfPage\":{\"@id\":\"https:\\\/\\\/ubirataonline.com.br\\\/o-ciclista-professor-e-produtor-rural-jose-beletato-conhecido-carinhosamente-c\\\/\"},\"wordCount\":378,\"publisher\":{\"@id\":\"https:\\\/\\\/ubirataonline.com.br\\\/#organization\"},\"image\":{\"@id\":\"https:\\\/\\\/ubirataonline.com.br\\\/o-ciclista-professor-e-produtor-rural-jose-beletato-conhecido-carinhosamente-c\\\/#primaryimage\"},\"thumbnailUrl\":\"https:\\\/\\\/ubirataonline.com.br\\\/wp-content\\\/uploads\\\/2026\\\/07\\\/1784119712_719804326_18238527055308508_9128787682539972833_n.jpg\",\"articleSection\":[\"Ubirat\u00e3\"],\"inLanguage\":\"en-US\",\"copyrightYear\":\"2026\",\"copyrightHolder\":{\"@id\":\"https:\\\/\\\/ubirataonline.com.br\\\/en\\\/#organization\"}},{\"@type\":\"WebPage\",\"@id\":\"https:\\\/\\\/ubirataonline.com.br\\\/o-ciclista-professor-e-produtor-rural-jose-beletato-conhecido-carinhosamente-c\\\/\",\"url\":\"https:\\\/\\\/ubirataonline.com.br\\\/o-ciclista-professor-e-produtor-rural-jose-beletato-conhecido-carinhosamente-c\\\/\",\"name\":\"O ciclista, professor e produtor rural Jos\u00e9 Beletato, conhecido carinhosamente c... - Ubirat\u00e3 Online Not\u00edcias - A realidade ao seu alcance!\",\"isPartOf\":{\"@id\":\"https:\\\/\\\/ubirataonline.com.br\\\/#website\"},\"primaryImageOfPage\":{\"@id\":\"https:\\\/\\\/ubirataonline.com.br\\\/o-ciclista-professor-e-produtor-rural-jose-beletato-conhecido-carinhosamente-c\\\/#primaryimage\"},\"image\":{\"@id\":\"https:\\\/\\\/ubirataonline.com.br\\\/o-ciclista-professor-e-produtor-rural-jose-beletato-conhecido-carinhosamente-c\\\/#primaryimage\"},\"thumbnailUrl\":\"https:\\\/\\\/ubirataonline.com.br\\\/wp-content\\\/uploads\\\/2026\\\/07\\\/1784119712_719804326_18238527055308508_9128787682539972833_n.jpg\",\"datePublished\":\"2026-07-15T12:48:31+00:00\",\"description\":\"O ciclista, professor e produtor rural Jos\u00e9 Beletato, conhecido carinhosamente como \u201cAvi\u00e3o\u201d, j\u00e1 se prepara para mais um grande desafio de f\u00e9, supera\u00e7\u00e3o e\",\"breadcrumb\":{\"@id\":\"https:\\\/\\\/ubirataonline.com.br\\\/o-ciclista-professor-e-produtor-rural-jose-beletato-conhecido-carinhosamente-c\\\/#breadcrumb\"},\"inLanguage\":\"en-US\",\"potentialAction\":[{\"@type\":\"ReadAction\",\"target\":[\"https:\\\/\\\/ubirataonline.com.br\\\/o-ciclista-professor-e-produtor-rural-jose-beletato-conhecido-carinhosamente-c\\\/\"]}]},{\"@type\":\"ImageObject\",\"inLanguage\":\"en-US\",\"@id\":\"https:\\\/\\\/ubirataonline.com.br\\\/o-ciclista-professor-e-produtor-rural-jose-beletato-conhecido-carinhosamente-c\\\/#primaryimage\",\"url\":\"https:\\\/\\\/ubirataonline.com.br\\\/wp-content\\\/uploads\\\/2026\\\/07\\\/1784119712_719804326_18238527055308508_9128787682539972833_n.jpg\",\"contentUrl\":\"https:\\\/\\\/ubirataonline.com.br\\\/wp-content\\\/uploads\\\/2026\\\/07\\\/1784119712_719804326_18238527055308508_9128787682539972833_n.jpg\",\"width\":540,\"height\":960},{\"@type\":\"BreadcrumbList\",\"@id\":\"https:\\\/\\\/ubirataonline.com.br\\\/o-ciclista-professor-e-produtor-rural-jose-beletato-conhecido-carinhosamente-c\\\/#breadcrumb\",\"itemListElement\":[{\"@type\":\"ListItem\",\"position\":1,\"name\":\"In\u00edcio\",\"item\":\"https:\\\/\\\/ubirataonline.com.br\\\/\"},{\"@type\":\"ListItem\",\"position\":2,\"name\":\"O ciclista, professor e produtor rural Jos\u00e9 Beletato, conhecido carinhosamente c&#8230;\"}]},{\"@type\":\"WebSite\",\"@id\":\"https:\\\/\\\/ubirataonline.com.br\\\/#website\",\"url\":\"https:\\\/\\\/ubirataonline.com.br\\\/\",\"name\":\"Ubirat\u00e3 Online Not\u00edcias\",\"description\":\"Not\u00edcias de Ubirat\u00e3, regi\u00e3o, Brasil e mundo, com informa\u00e7\u00e3o atualizada e compromisso com o leitor.\",\"publisher\":{\"@id\":\"https:\\\/\\\/ubirataonline.com.br\\\/#organization\"},\"alternateName\":\"Ubirat\u00e3 Online\",\"potentialAction\":[{\"@type\":\"SearchAction\",\"target\":{\"@type\":\"EntryPoint\",\"urlTemplate\":\"https:\\\/\\\/ubirataonline.com.br\\\/?s={search_term_string}\"},\"query-input\":{\"@type\":\"PropertyValueSpecification\",\"valueRequired\":true,\"valueName\":\"search_term_string\"}}],\"inLanguage\":\"en-US\"},{\"@type\":[\"Organization\",\"Place\"],\"@id\":\"https:\\\/\\\/ubirataonline.com.br\\\/#organization\",\"name\":\"Ubirat\u00e3 Online Not\u00edcias\",\"alternateName\":\"Ubirat\u00e3 Online\",\"url\":\"https:\\\/\\\/ubirataonline.com.br\\\/\",\"logo\":{\"@id\":\"https:\\\/\\\/ubirataonline.com.br\\\/o-ciclista-professor-e-produtor-rural-jose-beletato-conhecido-carinhosamente-c\\\/#local-main-organization-logo\"},\"image\":{\"@id\":\"https:\\\/\\\/ubirataonline.com.br\\\/o-ciclista-professor-e-produtor-rural-jose-beletato-conhecido-carinhosamente-c\\\/#local-main-organization-logo\"},\"sameAs\":[\"https:\\\/\\\/www.facebook.com\\\/portalubirataonline\",\"https:\\\/\\\/x.com\\\/ubirataonline\",\"https:\\\/\\\/mastodon.social\\\/@ubirataonline\",\"https:\\\/\\\/www.facebook.com\\\/groups\\\/311144672285604\",\"https:\\\/\\\/www.facebook.com\\\/UBTAOnline\",\"https:\\\/\\\/www.instagram.com\\\/portalubirataonline\\\/\",\"https:\\\/\\\/twitter.com\\\/ubirataonline\"],\"description\":\"Somos um portal de not\u00edcias independente, criado em 5 de janeiro de 2009, com o objetivo de informar, conectar e valorizar a nossa comunidade de Ubirat\u00e3 e toda aregi\u00e3o. Com conte\u00fado atualizado, confi\u00e1vel e relevante, o Ubirat\u00e3 Online \u00e9 o seu espa\u00e7o para ficar por dentro dos principais acontecimentos locais, regionais, Brasil, Mundo e de interesse geral. Nosso compromisso \u00e9 com a verdade, a transpar\u00eancia e o respeito ao leitor.\",\"legalName\":\"UBIRATA ONLINE NOT\u00cdCIAS\",\"foundingDate\":\"2009-01-05\",\"numberOfEmployees\":{\"@type\":\"QuantitativeValue\",\"minValue\":\"1\",\"maxValue\":\"10\"},\"publishingPrinciples\":\"https:\\\/\\\/ubirataonline.com.br\\\/faq\\\/\",\"address\":{\"@id\":\"https:\\\/\\\/ubirataonline.com.br\\\/o-ciclista-professor-e-produtor-rural-jose-beletato-conhecido-carinhosamente-c\\\/#local-main-place-address\"},\"geo\":{\"@type\":\"GeoCoordinates\",\"latitude\":\"-24.5361401\",\"longitude\":\"-52.9921776\"},\"telephone\":[\"+5544998308235\"],\"contactPoint\":{\"@type\":\"ContactPoint\",\"email\":\"contato@ubirataonline.com.br\"},\"openingHoursSpecification\":{\"@type\":\"OpeningHoursSpecification\",\"dayOfWeek\":[\"Monday\",\"Tuesday\",\"Wednesday\",\"Thursday\",\"Friday\",\"Saturday\",\"Sunday\"],\"opens\":\"00:00\",\"closes\":\"23:59\"},\"email\":\"contato@ubirataonline.com.br\",\"vatID\":\"47.621.418\\\/0001-80\"},{\"@type\":\"Person\",\"@id\":\"https:\\\/\\\/ubirataonline.com.br\\\/#\\\/schema\\\/person\\\/372f87bbd3fdd79b8556b84c98d0bc1c\",\"name\":\"REDA\u00c7\u00c3O: UBIRAT\u00c3 ONLINE - F\u00c1BIO AUGUSTO CELESTINO\",\"pronouns\":\"Ele\",\"description\":\"Desde 2003 trabalhando com not\u00edcias.\",\"sameAs\":[\"http:\\\/\\\/ubirataoline.com.br\",\"https:\\\/\\\/www.facebook.com\\\/portalubirataonline\",\"https:\\\/\\\/www.instagram.com\\\/ubirataonline_oficial\",\"https:\\\/\\\/x.com\\\/x.com\\\/ubirataonline\"],\"honorificPrefix\":\"Mr.\",\"honorificSuffix\":\"MD\",\"birthDate\":\"1980-06-16\",\"gender\":\"masculino\",\"award\":[\"V\u00e1rios pr\u00eamios de melhor portal da cidade\"],\"jobTitle\":\"Diretor\",\"url\":\"https:\\\/\\\/ubirataonline.com.br\\\/en\\\/author\\\/ubirataonline\\\/\"},{\"@type\":\"PostalAddress\",\"@id\":\"https:\\\/\\\/ubirataonline.com.br\\\/o-ciclista-professor-e-produtor-rural-jose-beletato-conhecido-carinhosamente-c\\\/#local-main-place-address\",\"streetAddress\":\"Rua dos Coqueiros, 104 - Bairro Boa Vista, Rua dos Coqueiros, 104 Bairro Boa Vista\",\"addressLocality\":\"UBIRATA\",\"postalCode\":\"85440-000\",\"addressRegion\":\"PR\",\"addressCountry\":\"BR\"},{\"@type\":\"ImageObject\",\"inLanguage\":\"en-US\",\"@id\":\"https:\\\/\\\/ubirataonline.com.br\\\/o-ciclista-professor-e-produtor-rural-jose-beletato-conhecido-carinhosamente-c\\\/#local-main-organization-logo\",\"url\":\"https:\\\/\\\/ubirataonline.com.br\\\/wp-content\\\/uploads\\\/2026\\\/06\\\/logoubirataonline-1.webp\",\"contentUrl\":\"https:\\\/\\\/ubirataonline.com.br\\\/wp-content\\\/uploads\\\/2026\\\/06\\\/logoubirataonline-1.webp\",\"width\":500,\"height\":500,\"caption\":\"Ubirat\u00e3 Online Not\u00edcias\"}]}<\/script>\n<meta name=\"geo.placename\" content=\"UBIRATA\" \/>\n<meta name=\"geo.position\" content=\"-24.5361401;-52.9921776\" \/>\n<meta name=\"geo.region\" content=\"Brazil\" \/>\n<!-- \/ Yoast SEO Premium plugin. -->","yoast_head_json":{"title":"O ciclista, professor e produtor rural Jos\u00e9 Beletato, conhecido carinhosamente c... - Ubirat\u00e3 Online Not\u00edcias - A realidade ao seu alcance!","description":"O ciclista, professor e produtor rural Jos\u00e9 Beletato, conhecido carinhosamente como \u201cAvi\u00e3o\u201d, j\u00e1 se prepara para mais um grande desafio de f\u00e9, supera\u00e7\u00e3o e","robots":{"index":"index","follow":"follow","max-snippet":"max-snippet:-1","max-image-preview":"max-image-preview:large","max-video-preview":"max-video-preview:-1"},"canonical":"https:\/\/ubirataonline.com.br\/en\/o-ciclista-professor-e-produtor-rural-jose-beletato-conhecido-carinhosamente-c\/","og_locale":"en_US","og_type":"article","og_title":"O ciclista, professor e produtor rural Jos\u00e9 Beletato, conhecido carinhosamente c...","og_description":"O ciclista, professor e produtor rural Jos\u00e9 Beletato, conhecido carinhosamente como \u201cAvi\u00e3o\u201d, j\u00e1 se prepara para mais um grande desafio de f\u00e9, supera\u00e7\u00e3o e","og_url":"https:\/\/ubirataonline.com.br\/en\/o-ciclista-professor-e-produtor-rural-jose-beletato-conhecido-carinhosamente-c\/","og_site_name":"Ubirat\u00e3 Online Not\u00edcias - A realidade ao seu alcance!","article_publisher":"https:\/\/www.facebook.com\/portalubirataonline","article_author":"https:\/\/www.facebook.com\/portalubirataonline","article_published_time":"2026-07-15T12:48:31+00:00","og_image":[{"url":"https:\/\/ubirataonline.com.br\/wp-content\/uploads\/2026\/07\/719804326_18238527055308508_9128787682539972833_n.jpg","type":"","width":"","height":""}],"author":"REDA\u00c7\u00c3O: UBIRAT\u00c3 ONLINE - F\u00c1BIO AUGUSTO CELESTINO","twitter_card":"summary_large_image","twitter_creator":"@x.com\/ubirataonline","twitter_site":"@ubirataonline","twitter_misc":{"Written by":"REDA\u00c7\u00c3O: UBIRAT\u00c3 ONLINE - F\u00c1BIO AUGUSTO CELESTINO","Est. reading time":"2 minutes"},"schema":{"@context":"https:\/\/schema.org","@graph":[{"@type":"NewsArticle","@id":"https:\/\/ubirataonline.com.br\/o-ciclista-professor-e-produtor-rural-jose-beletato-conhecido-carinhosamente-c\/#article","isPartOf":{"@id":"https:\/\/ubirataonline.com.br\/o-ciclista-professor-e-produtor-rural-jose-beletato-conhecido-carinhosamente-c\/"},"author":{"name":"REDA\u00c7\u00c3O: UBIRAT\u00c3 ONLINE - F\u00c1BIO AUGUSTO CELESTINO","@id":"https:\/\/ubirataonline.com.br\/#\/schema\/person\/372f87bbd3fdd79b8556b84c98d0bc1c"},"headline":"O ciclista, professor e produtor rural Jos\u00e9 Beletato, conhecido carinhosamente c&#8230;","datePublished":"2026-07-15T12:48:31+00:00","mainEntityOfPage":{"@id":"https:\/\/ubirataonline.com.br\/o-ciclista-professor-e-produtor-rural-jose-beletato-conhecido-carinhosamente-c\/"},"wordCount":378,"publisher":{"@id":"https:\/\/ubirataonline.com.br\/#organization"},"image":{"@id":"https:\/\/ubirataonline.com.br\/o-ciclista-professor-e-produtor-rural-jose-beletato-conhecido-carinhosamente-c\/#primaryimage"},"thumbnailUrl":"https:\/\/ubirataonline.com.br\/wp-content\/uploads\/2026\/07\/1784119712_719804326_18238527055308508_9128787682539972833_n.jpg","articleSection":["Ubirat\u00e3"],"inLanguage":"en-US","copyrightYear":"2026","copyrightHolder":{"@id":"https:\/\/ubirataonline.com.br\/en\/#organization"}},{"@type":"WebPage","@id":"https:\/\/ubirataonline.com.br\/o-ciclista-professor-e-produtor-rural-jose-beletato-conhecido-carinhosamente-c\/","url":"https:\/\/ubirataonline.com.br\/o-ciclista-professor-e-produtor-rural-jose-beletato-conhecido-carinhosamente-c\/","name":"O ciclista, professor e produtor rural Jos\u00e9 Beletato, conhecido carinhosamente c... - Ubirat\u00e3 Online Not\u00edcias - A realidade ao seu alcance!","isPartOf":{"@id":"https:\/\/ubirataonline.com.br\/#website"},"primaryImageOfPage":{"@id":"https:\/\/ubirataonline.com.br\/o-ciclista-professor-e-produtor-rural-jose-beletato-conhecido-carinhosamente-c\/#primaryimage"},"image":{"@id":"https:\/\/ubirataonline.com.br\/o-ciclista-professor-e-produtor-rural-jose-beletato-conhecido-carinhosamente-c\/#primaryimage"},"thumbnailUrl":"https:\/\/ubirataonline.com.br\/wp-content\/uploads\/2026\/07\/1784119712_719804326_18238527055308508_9128787682539972833_n.jpg","datePublished":"2026-07-15T12:48:31+00:00","description":"O ciclista, professor e produtor rural Jos\u00e9 Beletato, conhecido carinhosamente como \u201cAvi\u00e3o\u201d, j\u00e1 se prepara para mais um grande desafio de f\u00e9, supera\u00e7\u00e3o e","breadcrumb":{"@id":"https:\/\/ubirataonline.com.br\/o-ciclista-professor-e-produtor-rural-jose-beletato-conhecido-carinhosamente-c\/#breadcrumb"},"inLanguage":"en-US","potentialAction":[{"@type":"ReadAction","target":["https:\/\/ubirataonline.com.br\/o-ciclista-professor-e-produtor-rural-jose-beletato-conhecido-carinhosamente-c\/"]}]},{"@type":"ImageObject","inLanguage":"en-US","@id":"https:\/\/ubirataonline.com.br\/o-ciclista-professor-e-produtor-rural-jose-beletato-conhecido-carinhosamente-c\/#primaryimage","url":"https:\/\/ubirataonline.com.br\/wp-content\/uploads\/2026\/07\/1784119712_719804326_18238527055308508_9128787682539972833_n.jpg","contentUrl":"https:\/\/ubirataonline.com.br\/wp-content\/uploads\/2026\/07\/1784119712_719804326_18238527055308508_9128787682539972833_n.jpg","width":540,"height":960},{"@type":"BreadcrumbList","@id":"https:\/\/ubirataonline.com.br\/o-ciclista-professor-e-produtor-rural-jose-beletato-conhecido-carinhosamente-c\/#breadcrumb","itemListElement":[{"@type":"ListItem","position":1,"name":"In\u00edcio","item":"https:\/\/ubirataonline.com.br\/"},{"@type":"ListItem","position":2,"name":"O ciclista, professor e produtor rural Jos\u00e9 Beletato, conhecido carinhosamente c&#8230;"}]},{"@type":"WebSite","@id":"https:\/\/ubirataonline.com.br\/#website","url":"https:\/\/ubirataonline.com.br\/","name":"Ubirat\u00e3 Online Not\u00edcias","description":"Not\u00edcias de Ubirat\u00e3, regi\u00e3o, Brasil e mundo, com informa\u00e7\u00e3o atualizada e compromisso com o leitor.","publisher":{"@id":"https:\/\/ubirataonline.com.br\/#organization"},"alternateName":"Ubirat\u00e3 Online","potentialAction":[{"@type":"SearchAction","target":{"@type":"EntryPoint","urlTemplate":"https:\/\/ubirataonline.com.br\/?s={search_term_string}"},"query-input":{"@type":"PropertyValueSpecification","valueRequired":true,"valueName":"search_term_string"}}],"inLanguage":"en-US"},{"@type":["Organization","Place"],"@id":"https:\/\/ubirataonline.com.br\/#organization","name":"Ubirat\u00e3 Online Not\u00edcias","alternateName":"Ubirat\u00e3 Online","url":"https:\/\/ubirataonline.com.br\/","logo":{"@id":"https:\/\/ubirataonline.com.br\/o-ciclista-professor-e-produtor-rural-jose-beletato-conhecido-carinhosamente-c\/#local-main-organization-logo"},"image":{"@id":"https:\/\/ubirataonline.com.br\/o-ciclista-professor-e-produtor-rural-jose-beletato-conhecido-carinhosamente-c\/#local-main-organization-logo"},"sameAs":["https:\/\/www.facebook.com\/portalubirataonline","https:\/\/x.com\/ubirataonline","https:\/\/mastodon.social\/@ubirataonline","https:\/\/www.facebook.com\/groups\/311144672285604","https:\/\/www.facebook.com\/UBTAOnline","https:\/\/www.instagram.com\/portalubirataonline\/","https:\/\/twitter.com\/ubirataonline"],"description":"Somos um portal de not\u00edcias independente, criado em 5 de janeiro de 2009, com o objetivo de informar, conectar e valorizar a nossa comunidade de Ubirat\u00e3 e toda aregi\u00e3o. Com conte\u00fado atualizado, confi\u00e1vel e relevante, o Ubirat\u00e3 Online \u00e9 o seu espa\u00e7o para ficar por dentro dos principais acontecimentos locais, regionais, Brasil, Mundo e de interesse geral. Nosso compromisso \u00e9 com a verdade, a transpar\u00eancia e o respeito ao leitor.","legalName":"UBIRATA ONLINE NOT\u00cdCIAS","foundingDate":"2009-01-05","numberOfEmployees":{"@type":"QuantitativeValue","minValue":"1","maxValue":"10"},"publishingPrinciples":"https:\/\/ubirataonline.com.br\/faq\/","address":{"@id":"https:\/\/ubirataonline.com.br\/o-ciclista-professor-e-produtor-rural-jose-beletato-conhecido-carinhosamente-c\/#local-main-place-address"},"geo":{"@type":"GeoCoordinates","latitude":"-24.5361401","longitude":"-52.9921776"},"telephone":["+5544998308235"],"contactPoint":{"@type":"ContactPoint","email":"contato@ubirataonline.com.br"},"openingHoursSpecification":{"@type":"OpeningHoursSpecification","dayOfWeek":["Monday","Tuesday","Wednesday","Thursday","Friday","Saturday","Sunday"],"opens":"00:00","closes":"23:59"},"email":"contato@ubirataonline.com.br","vatID":"47.621.418\/0001-80"},{"@type":"Person","@id":"https:\/\/ubirataonline.com.br\/#\/schema\/person\/372f87bbd3fdd79b8556b84c98d0bc1c","name":"REDA\u00c7\u00c3O: UBIRAT\u00c3 ONLINE - F\u00c1BIO AUGUSTO CELESTINO","pronouns":"Ele","description":"Desde 2003 trabalhando com not\u00edcias.","sameAs":["http:\/\/ubirataoline.com.br","https:\/\/www.facebook.com\/portalubirataonline","https:\/\/www.instagram.com\/ubirataonline_oficial","https:\/\/x.com\/x.com\/ubirataonline"],"honorificPrefix":"Mr.","honorificSuffix":"MD","birthDate":"1980-06-16","gender":"masculino","award":["V\u00e1rios pr\u00eamios de melhor portal da cidade"],"jobTitle":"Diretor","url":"https:\/\/ubirataonline.com.br\/en\/author\/ubirataonline\/"},{"@type":"PostalAddress","@id":"https:\/\/ubirataonline.com.br\/o-ciclista-professor-e-produtor-rural-jose-beletato-conhecido-carinhosamente-c\/#local-main-place-address","streetAddress":"Rua dos Coqueiros, 104 - Bairro Boa Vista, Rua dos Coqueiros, 104 Bairro Boa Vista","addressLocality":"UBIRATA","postalCode":"85440-000","addressRegion":"PR","addressCountry":"BR"},{"@type":"ImageObject","inLanguage":"en-US","@id":"https:\/\/ubirataonline.com.br\/o-ciclista-professor-e-produtor-rural-jose-beletato-conhecido-carinhosamente-c\/#local-main-organization-logo","url":"https:\/\/ubirataonline.com.br\/wp-content\/uploads\/2026\/06\/logoubirataonline-1.webp","contentUrl":"https:\/\/ubirataonline.com.br\/wp-content\/uploads\/2026\/06\/logoubirataonline-1.webp","width":500,"height":500,"caption":"Ubirat\u00e3 Online Not\u00edcias"}]},"geo.placename":"UBIRATA","geo.position":{"lat":"-24.5361401","long":"-52.9921776"},"geo.region":"Brazil"},"_links":{"self":[{"href":"https:\/\/ubirataonline.com.br\/en\/wp-json\/wp\/v2\/posts\/154130","targetHints":{"allow":["GET"]}}],"collection":[{"href":"https:\/\/ubirataonline.com.br\/en\/wp-json\/wp\/v2\/posts"}],"about":[{"href":"https:\/\/ubirataonline.com.br\/en\/wp-json\/wp\/v2\/types\/post"}],"author":[{"embeddable":true,"href":"https:\/\/ubirataonline.com.br\/en\/wp-json\/wp\/v2\/users\/1"}],"replies":[{"embeddable":true,"href":"https:\/\/ubirataonline.com.br\/en\/wp-json\/wp\/v2\/comments?post=154130"}],"version-history":[{"count":0,"href":"https:\/\/ubirataonline.com.br\/en\/wp-json\/wp\/v2\/posts\/154130\/revisions"}],"wp:featuredmedia":[{"embeddable":true,"href":"https:\/\/ubirataonline.com.br\/en\/wp-json\/wp\/v2\/media\/154131"}],"wp:attachment":[{"href":"https:\/\/ubirataonline.com.br\/en\/wp-json\/wp\/v2\/media?parent=154130"}],"wp:term":[{"taxonomy":"category","embeddable":true,"href":"https:\/\/ubirataonline.com.br\/en\/wp-json\/wp\/v2\/categories?post=154130"},{"taxonomy":"post_tag","embeddable":true,"href":"https:\/\/ubirataonline.com.br\/en\/wp-json\/wp\/v2\/tags?post=154130"}],"curies":[{"name":"wp","href":"https:\/\/api.w.org\/{rel}","templated":true}]}}