{"id":154949,"date":"2026-07-17T22:25:28","date_gmt":"2026-07-18T01:25:28","guid":{"rendered":"https:\/\/ubirataonline.com.br\/aaron-donald-comeback-reportedly-a-real-possibility-but-could-include-delayed-start-to-training-camp\/"},"modified":"2026-07-17T22:25:30","modified_gmt":"2026-07-18T01:25:30","slug":"aaron-donald-comeback-reportedly-a-real-possibility-but-could-include-delayed-start-to-training-camp","status":"publish","type":"post","link":"https:\/\/ubirataonline.com.br\/en\/aaron-donald-comeback-reportedly-a-real-possibility-but-could-include-delayed-start-to-training-camp\/","title":{"rendered":"Aaron Donald comeback reportedly a &#8216;real possibility,&#8217; but could include delayed start to training camp"},"content":{"rendered":"<p><\/p>\n<div>\n<p>The whispers around an <a class=\"link\" href=\"https:\/\/sports.yahoo.com\/nfl\/players\/27541\/\" data-i13n=\"sec:content-canvas;subsec:anchor_text;elm:context_link\" data-ylk=\"slk:Aaron Donald;sec:content-canvas;subsec:anchor_text;elm:context_link;itc:0\" data-yga=\"{&quot;yLinkElement&quot;:&quot;context_link&quot;,&quot;yModuleName&quot;:&quot;content-canvas&quot;,&quot;yLinkText&quot;:&quot;Aaron Donald&quot;,&quot;ySubModuleName&quot;:&quot;anchor_text&quot;,&quot;yHasCommerce&quot;:false}\">Aaron Donald<\/a> comeback are getting a little louder.<\/p>\n<p>With speculation mounting about the <a class=\"link\" href=\"https:\/\/sports.yahoo.com\/nfl\/teams\/la-rams\/\" data-i13n=\"sec:content-canvas;subsec:anchor_text;elm:context_link\" data-ylk=\"slk:Los Angeles Rams;sec:content-canvas;subsec:anchor_text;elm:context_link;itc:0\" data-yga=\"{&quot;yLinkElement&quot;:&quot;context_link&quot;,&quot;yModuleName&quot;:&quot;content-canvas&quot;,&quot;yLinkText&quot;:&quot;Los Angeles Rams&quot;,&quot;ySubModuleName&quot;:&quot;anchor_text&quot;,&quot;yHasCommerce&quot;:false}\">Los Angeles Rams<\/a> legend returning to the NFL after three seasons in retirement, <a class=\"link\" href=\"https:\/\/x.com\/RapSheet\/status\/2077896709682720844?s=20\" data-i13n=\"cpos:1;pos:1\" rel=\"nofollow noopener\" target=\"_blank\" data-ylk=\"slk:NFL Network's Ian Rapoport reported;cpos:1;pos:1;elm:context_link;itc:0;sec:content-canvas\" data-yga=\"{&quot;yLinkPosition&quot;:&quot;1&quot;,&quot;yLinkElement&quot;:&quot;context_link&quot;,&quot;yPosition&quot;:&quot;1&quot;,&quot;yModuleName&quot;:&quot;content-canvas&quot;,&quot;yLinkText&quot;:&quot;NFL Network'&quot;,&quot;yHasCommerce&quot;:false}\">NFL Network&#8217;s Ian Rapoport reported<\/a> Thursday that a Donald comeback is a &#8220;real possibility,&#8221; but the man himself is still split on the decision.<\/p>\n<p>Advertisement<\/p>\n<p>What Donald does next might depend on how his workouts go:<\/p>\n<blockquote class=\"content-blockquote\">\n<div class=\"blockquote\">\n<p>&#8220;Obviously, we&#8217;ve seen him on Instagram. He&#8217;s still jacked. He&#8217;s still lifting. He has basically been getting himself in the kind of shape that you do when you take a lot of Instagram videos.<\/p>\n<p>&#8220;Football shape is a little bit different, so it certainly sounds like Aaron Donald is going to start working out football-wise and take the next little bit of time to say, &#8216;Can I get in football shape enough to be the Aaron Donald that I was&#8217; or the best and closest thing to that when he left the NFL.&#8221;<\/p>\n<\/div>\n<\/blockquote>\n<p>The possibility of the three-time NFL Defensive Player of the Year playing again for the Rams emerged in the aftermath of <a rel=\"\" class=\"link  yahoo-link\" href=\"https:\/\/sports.yahoo.com\/nfl\/breaking-news\/article\/browns-trade-myles-garrett-to-rams-in-blockbuster-deal-that-includes-2024-droy-jared-verse-172206214.html\" data-i13n=\"cpos:2;pos:1\" data-ylk=\"slk:the Rams' blockbuster trade for Cleveland Browns superstar Myles Garrett;cpos:2;pos:1;elm:context_link;itc:0;sec:content-canvas;outcm:mb_qualified_link;_E:mb_qualified_link;ct:story;\" data-yga=\"{&quot;yLinkPosition&quot;:&quot;2&quot;,&quot;yLinkElement&quot;:&quot;context_link&quot;,&quot;yPosition&quot;:&quot;1&quot;,&quot;yModuleName&quot;:&quot;content-canvas&quot;,&quot;yLinkText&quot;:&quot;the Rams'&quot;,&quot;yHasCommerce&quot;:false}\">the Rams&#8217; blockbuster trade for Cleveland Browns superstar Myles Garrett<\/a>.<\/p>\n<figure class=\"content-figure\">\n<div class=\"content-image\"><a target=\"_blank\" href=\"http:\/\/yahoofantasy.com\/college\"><\/a><\/div><figcaption class=\"fig-caption\"\/><\/figure>\n<p><a class=\"link\" href=\"http:\/\/yahoofantasy.com\/college\" data-i13n=\"cpos:3;pos:1\" rel=\"nofollow noopener\" target=\"_blank\" data-ylk=\"slk:Play Yahoo's new College Fantasy Football game: Create or join a league now!;cpos:3;pos:1;elm:context_link;itc:0;sec:content-canvas\" data-yga=\"{&quot;yLinkPosition&quot;:&quot;3&quot;,&quot;yLinkElement&quot;:&quot;context_link&quot;,&quot;yPosition&quot;:&quot;1&quot;,&quot;yModuleName&quot;:&quot;content-canvas&quot;,&quot;yLinkText&quot;:&quot;Play Yahoo'&quot;,&quot;yHasCommerce&quot;:false}\"><strong>Play Yahoo&#8217;s new College Fantasy Football game: Create or join a league now!<\/strong><\/a><\/p>\n<p>With Garrett added to a team that was four points from the Super Bowl last season, <a rel=\"\" class=\"link  yahoo-link\" href=\"https:\/\/sports.yahoo.com\/nfl\/betting\/article\/super-bowl-61-odds-los-angeles-rams-move-to-clear-super-bowl-favorites-after-myles-garrett-trade-190944730.html\" data-i13n=\"cpos:4;pos:1\" data-ylk=\"slk:the Rams sit as the clear Super Bowl favorite at most sportsbooks;cpos:4;pos:1;elm:context_link;itc:0;sec:content-canvas;outcm:mb_qualified_link;_E:mb_qualified_link;ct:story;\" data-yga=\"{&quot;yLinkPosition&quot;:&quot;4&quot;,&quot;yLinkElement&quot;:&quot;context_link&quot;,&quot;yPosition&quot;:&quot;1&quot;,&quot;yModuleName&quot;:&quot;content-canvas&quot;,&quot;yLinkText&quot;:&quot;the Rams sit as the clear Super Bowl favorite at most sportsbooks&quot;,&quot;yHasCommerce&quot;:false}\">the Rams sit as the clear Super Bowl favorite at most sportsbooks<\/a>. As Rapoport notes, Donald has fueled the speculation with some Instagram posts, as well as <a rel=\"\" class=\"link  yahoo-link\" href=\"https:\/\/sports.yahoo.com\/nfl\/article\/could-aaron-donald-come-out-of-retirement-rams-trade-for-myles-garrett-for-sure-got-him-thinking-pat-mcafee-says-184133079.html\" data-i13n=\"cpos:5;pos:1\" data-ylk=\"slk:a text exchange with ESPN's Pat McAfee in which he said the Garrett trade &quot;for sure&quot; had him thinking about a comeback;cpos:5;pos:1;elm:context_link;itc:0;sec:content-canvas;outcm:mb_qualified_link;_E:mb_qualified_link;ct:story;\" data-yga=\"{&quot;yLinkPosition&quot;:&quot;5&quot;,&quot;yLinkElement&quot;:&quot;context_link&quot;,&quot;yPosition&quot;:&quot;1&quot;,&quot;yModuleName&quot;:&quot;content-canvas&quot;,&quot;yLinkText&quot;:&quot;a text exchange with ESPN'&quot;,&quot;yHasCommerce&quot;:false}\">a text exchange with ESPN&#8217;s Pat McAfee in which he said the Garrett trade &#8220;for sure&#8221; had him thinking about a comeback<\/a>.<\/p>\n<p>Advertisement<\/p>\n<p><a rel=\"\" class=\"link  yahoo-link\" href=\"https:\/\/sports.yahoo.com\/nfl\/article\/sean-mcvay-says-he-spoke-with-aaron-donald-about-bringing-myles-garrett-to-rams-234637768.html\" data-i13n=\"cpos:6;pos:1\" data-ylk=\"slk:Donald has also spoken with Rams head coach Sean McVay, who was understandably excited about the idea;cpos:6;pos:1;elm:context_link;itc:0;sec:content-canvas;outcm:mb_qualified_link;_E:mb_qualified_link;ct:story;\" data-yga=\"{&quot;yLinkPosition&quot;:&quot;6&quot;,&quot;yLinkElement&quot;:&quot;context_link&quot;,&quot;yPosition&quot;:&quot;1&quot;,&quot;yModuleName&quot;:&quot;content-canvas&quot;,&quot;yLinkText&quot;:&quot;Donald has also spoken with Rams head coach Sean McVay, who was understandably excited about the idea&quot;,&quot;yHasCommerce&quot;:false}\">Donald has also spoken with Rams head coach Sean McVay, who was understandably excited about the idea<\/a>.<\/p>\n<figure class=\"content-figure\">\n<div class=\"content-image\"><img alt=\"SEATTLE, WASHINGTON - JANUARY 25: Former Los Angeles Rams player Aaron Donald looks on prior to a game between the Los Angeles Rams and the Seattle Seahawks in the NFC Championship game at Lumen Field on January 25, 2026 in Seattle, Washington. (Photo by Ronald Martinez\/Getty Images)\" loading=\"lazy\" width=\"960\" height=\"640\" decoding=\"async\" data-nimg=\"1\" class=\"standard-img\" style=\"color:transparent\" src=\"https:\/\/s.yimg.com\/ny\/api\/res\/1.2\/iOFvTaYewY6VUwee7kEh9w--\/YXBwaWQ9aGlnaGxhbmRlcjt3PTk2MDtoPTY0MDtjZj13ZWJw\/https:\/\/s.yimg.com\/uu\/api\/res\/1.2\/itCZj89.FLe5_yGalynO6g--~B\/aD0zNTA4O3c9NTI2MzthcHBpZD15dGFjaHlvbg--\/https:\/\/d29szjachogqwa.cloudfront.net\/images\/2026-07\/aeebb19b-d304-4653-83f3-0b4fa2893a41\"\/><button aria-label=\"View larger image\" class=\"lightbox-btn\" data-ylk=\"elm:expand;itc:1;sec:image-lightbox;slk:lightbox-open;\" data-yga=\"{&quot;yLinkElement&quot;:&quot;expand&quot;,&quot;yModuleName&quot;:&quot;image-lightbox&quot;,&quot;yLinkText&quot;:&quot;lightbox-open&quot;,&quot;yHasCommerce&quot;:false}\"><span class=\"lightbox-expand\"><svg viewbox=\"0 0 22 22\" aria-hidden=\"true\" class=\"size-4 lg:size-6\" width=\"22\" height=\"22\"><path d=\"M12.372.92c0-.506.41-.916.915-.916L21 0l-.004 7.712a.917.917 0 0 1-1.832 0V3.183l-6.827 6.828-1.349-1.348 6.828-6.828h-4.529a.915.915 0 0 1-.915-.915M1.835 17.816l6.828-6.828 1.349 1.349-6.829 6.827h4.529a.915.915 0 0 1 0 1.831L0 21l.004-7.713a.916.916 0 0 1 1.831 0z\"\/><\/svg><\/span><\/button><dialog aria-label=\"Image Lightbox\" class=\"lightbox-overlay\" aria-modal=\"true\"\/><\/div><figcaption class=\"fig-caption\">\n<div style=\"max-height:none;overflow:visible\">\n<p>We don&#8217;t know for sure if Aaron Donald is coming back, but we now have some details on how that would work.<\/p>\n<p><span class=\"caption-credit\"> (Ronald Martinez via Getty Images)<\/span><\/div>\n<\/figcaption><\/figure>\n<p>If Donald indeed decides to play football again, Rapoport provided a little more detail on how that would likely work. Essentially, we shouldn&#8217;t expect the 35-year-old Donald to play his old every-down role, or even the full season:<\/p>\n<blockquote class=\"content-blockquote\">\n<div class=\"blockquote\">\n<p>&#8220;There&#8217;s no real deadline here. I don&#8217;t believe, based on what I know, that Aaron Donald is going to be showing up for training camp for the Rams. If he does show up, it would probably even be toward the end of training camp and could even be into the season because he&#8217;s not going to be playing 50 or 60 plays on defense. He&#8217;ll be more of a spot guy. But yes, Aaron Donald does seem to be exploring this possibility.&#8221;<\/p>\n<\/div>\n<\/blockquote>\n<p>Obviously, even a limited quantity of snaps for Donald would represent a coup for the Rams, and a nightmare for offenses.<\/p>\n<p>Between the pair, Garrett and Donald have 236.5 career sacks, five Defensive Player of the Year Awards and 17 Pro Bowl nods. They are the kind of players who don&#8217;t just rack up stats, but enhance every player around them by soaking up double teams. Put them together, and it could be carnage.<\/p>\n<p>Advertisement<\/p>\n<p>It might not happen for the Rams, but rare are the offseasons in which the top Super Bowl contender basically has exclusive rights to the biggest possible splash remaining.<\/p>\n<\/div>\n<p><a href=\"https:\/\/ubirataonline.com.br\/en\/noticias\/\" target=\"_blank\" rel=\"noopener noreferrer\">Mais Not\u00edcias<\/a><\/p>\n<p><a href=\"https:\/\/ubirataonline.com.br\/en\/\" target=\"_blank\" rel=\"noopener noreferrer\">Home Page &#8211; In\u00edcio<\/a><\/p>\n<p><a href=\"https:\/\/sports.yahoo.com\/nfl\/article\/aaron-donald-comeback-reportedly-a-real-possibility-but-could-include-delayed-start-to-training-camp-032847780.html\">Source link <\/a><br \/>\nMore: <a href=\"https:\/\/theglobaltrack.com\/\" target=\"_blank\" rel=\"noopener noreferrer\">The Global Track<\/a><\/p>\n<p><a href=\"https:\/\/corinthiames.com.br\/\" target=\"_blank\" rel=\"noopener noreferrer\">Corinthia Mes<\/a><\/p>","protected":false},"excerpt":{"rendered":"<p>The whispers around an Aaron Donald comeback are getting a little louder. With speculation mounting about the Los Angeles Rams legend returning to the NFL after three seasons in retirement, NFL Network&#8217;s Ian Rapoport reported Thursday that a Donald comeback is a &#8220;real possibility,&#8221; but the man himself is still split on the decision. Advertisement [&hellip;]<\/p>\n","protected":false},"author":1,"featured_media":154950,"comment_status":"closed","ping_status":"","sticky":false,"template":"","format":"standard","meta":{"googlesitekit_rrm_CAow2JLhCw:productID":"","_gspb_post_css":"","maa_idioma":"","maa_pais":"","footnotes":""},"categories":[40158],"tags":[10406,15009,4334,6842,6944,11046,15844,2969,4652,4220,6177],"class_list":["post-154949","post","type-post","status-publish","format-standard","has-post-thumbnail","hentry","category-world","tag-aaron","tag-camp","tag-comeback","tag-delayed","tag-donald","tag-include","tag-possibility","tag-real","tag-reportedly","tag-start","tag-training"],"blocksy_meta":[],"yoast_head":"<!-- This site is optimized with the Yoast SEO Premium plugin v27.6 (Yoast SEO v27.6) - https:\/\/yoast.com\/product\/yoast-seo-premium-wordpress\/ -->\n<title>Aaron Donald comeback reportedly a &#039;real possibility,&#039; but could include delayed start to training camp - Ubirat\u00e3 Online Not\u00edcias - A realidade ao seu alcance!<\/title>\n<meta name=\"description\" content=\"The whispers around an Aaron Donald comeback are getting a little louder.With speculation mounting about the Los Angeles Rams legend returning to the NFL\" \/>\n<meta name=\"robots\" content=\"index, follow, max-snippet:-1, max-image-preview:large, max-video-preview:-1\" \/>\n<link rel=\"canonical\" href=\"https:\/\/ubirataonline.com.br\/en\/aaron-donald-comeback-reportedly-a-real-possibility-but-could-include-delayed-start-to-training-camp\/\" \/>\n<meta property=\"og:locale\" content=\"en_US\" \/>\n<meta property=\"og:type\" content=\"article\" \/>\n<meta property=\"og:title\" content=\"Aaron Donald comeback reportedly a &#039;real possibility,&#039; but could include delayed start to training camp\" \/>\n<meta property=\"og:description\" content=\"The whispers around an Aaron Donald comeback are getting a little louder.With speculation mounting about the Los Angeles Rams legend returning to the NFL\" \/>\n<meta property=\"og:url\" content=\"https:\/\/ubirataonline.com.br\/en\/aaron-donald-comeback-reportedly-a-real-possibility-but-could-include-delayed-start-to-training-camp\/\" \/>\n<meta property=\"og:site_name\" content=\"Ubirat\u00e3 Online Not\u00edcias - A realidade ao seu alcance!\" \/>\n<meta property=\"article:publisher\" content=\"https:\/\/www.facebook.com\/portalubirataonline\" \/>\n<meta property=\"article:author\" content=\"https:\/\/www.facebook.com\/portalubirataonline\" \/>\n<meta property=\"article:published_time\" content=\"2026-07-18T01:25:28+00:00\" \/>\n<meta property=\"article:modified_time\" content=\"2026-07-18T01:25:30+00:00\" \/>\n<meta property=\"og:image\" content=\"https:\/\/ubirataonline.com.br\/wp-content\/uploads\/2026\/07\/Aaron-Donald-comeback-reportedly-a-real-possibility-but-could-include.jpeg\" \/>\n\t<meta property=\"og:image:width\" content=\"1200\" \/>\n\t<meta property=\"og:image:height\" content=\"800\" \/>\n\t<meta property=\"og:image:type\" content=\"image\/jpeg\" \/>\n<meta name=\"author\" content=\"REDA\u00c7\u00c3O: UBIRAT\u00c3 ONLINE - F\u00c1BIO AUGUSTO CELESTINO\" \/>\n<meta name=\"twitter:card\" content=\"summary_large_image\" \/>\n<meta name=\"twitter:creator\" content=\"@x.com\/ubirataonline\" \/>\n<meta name=\"twitter:site\" content=\"@ubirataonline\" \/>\n<meta name=\"twitter:label1\" content=\"Written by\" \/>\n\t<meta name=\"twitter:data1\" content=\"REDA\u00c7\u00c3O: UBIRAT\u00c3 ONLINE - F\u00c1BIO AUGUSTO CELESTINO\" \/>\n\t<meta name=\"twitter:label2\" content=\"Est. reading time\" \/>\n\t<meta name=\"twitter:data2\" content=\"3 minutes\" \/>\n<script type=\"application\/ld+json\" class=\"yoast-schema-graph\">{\"@context\":\"https:\\\/\\\/schema.org\",\"@graph\":[{\"@type\":\"NewsArticle\",\"@id\":\"https:\\\/\\\/ubirataonline.com.br\\\/aaron-donald-comeback-reportedly-a-real-possibility-but-could-include-delayed-start-to-training-camp\\\/#article\",\"isPartOf\":{\"@id\":\"https:\\\/\\\/ubirataonline.com.br\\\/aaron-donald-comeback-reportedly-a-real-possibility-but-could-include-delayed-start-to-training-camp\\\/\"},\"author\":{\"name\":\"REDA\u00c7\u00c3O: UBIRAT\u00c3 ONLINE - F\u00c1BIO AUGUSTO CELESTINO\",\"@id\":\"https:\\\/\\\/ubirataonline.com.br\\\/#\\\/schema\\\/person\\\/372f87bbd3fdd79b8556b84c98d0bc1c\"},\"headline\":\"Aaron Donald comeback reportedly a &#8216;real possibility,&#8217; but could include delayed start to training camp\",\"datePublished\":\"2026-07-18T01:25:28+00:00\",\"dateModified\":\"2026-07-18T01:25:30+00:00\",\"mainEntityOfPage\":{\"@id\":\"https:\\\/\\\/ubirataonline.com.br\\\/aaron-donald-comeback-reportedly-a-real-possibility-but-could-include-delayed-start-to-training-camp\\\/\"},\"wordCount\":577,\"publisher\":{\"@id\":\"https:\\\/\\\/ubirataonline.com.br\\\/#organization\"},\"image\":{\"@id\":\"https:\\\/\\\/ubirataonline.com.br\\\/aaron-donald-comeback-reportedly-a-real-possibility-but-could-include-delayed-start-to-training-camp\\\/#primaryimage\"},\"thumbnailUrl\":\"https:\\\/\\\/ubirataonline.com.br\\\/wp-content\\\/uploads\\\/2026\\\/07\\\/Aaron-Donald-comeback-reportedly-a-real-possibility-but-could-include.jpeg\",\"keywords\":[\"Aaron\",\"Camp\",\"Comeback\",\"delayed\",\"Donald\",\"include\",\"possibility\",\"real\",\"reportedly\",\"Start\",\"Training\"],\"articleSection\":[\"World\"],\"inLanguage\":\"en-US\",\"copyrightYear\":\"2026\",\"copyrightHolder\":{\"@id\":\"https:\\\/\\\/ubirataonline.com.br\\\/en\\\/#organization\"}},{\"@type\":\"WebPage\",\"@id\":\"https:\\\/\\\/ubirataonline.com.br\\\/aaron-donald-comeback-reportedly-a-real-possibility-but-could-include-delayed-start-to-training-camp\\\/\",\"url\":\"https:\\\/\\\/ubirataonline.com.br\\\/aaron-donald-comeback-reportedly-a-real-possibility-but-could-include-delayed-start-to-training-camp\\\/\",\"name\":\"Aaron Donald comeback reportedly a 'real possibility,' but could include delayed start to training camp - Ubirat\u00e3 Online Not\u00edcias - A realidade ao seu alcance!\",\"isPartOf\":{\"@id\":\"https:\\\/\\\/ubirataonline.com.br\\\/#website\"},\"primaryImageOfPage\":{\"@id\":\"https:\\\/\\\/ubirataonline.com.br\\\/aaron-donald-comeback-reportedly-a-real-possibility-but-could-include-delayed-start-to-training-camp\\\/#primaryimage\"},\"image\":{\"@id\":\"https:\\\/\\\/ubirataonline.com.br\\\/aaron-donald-comeback-reportedly-a-real-possibility-but-could-include-delayed-start-to-training-camp\\\/#primaryimage\"},\"thumbnailUrl\":\"https:\\\/\\\/ubirataonline.com.br\\\/wp-content\\\/uploads\\\/2026\\\/07\\\/Aaron-Donald-comeback-reportedly-a-real-possibility-but-could-include.jpeg\",\"datePublished\":\"2026-07-18T01:25:28+00:00\",\"dateModified\":\"2026-07-18T01:25:30+00:00\",\"description\":\"The whispers around an Aaron Donald comeback are getting a little louder.With speculation mounting about the Los Angeles Rams legend returning to the NFL\",\"breadcrumb\":{\"@id\":\"https:\\\/\\\/ubirataonline.com.br\\\/aaron-donald-comeback-reportedly-a-real-possibility-but-could-include-delayed-start-to-training-camp\\\/#breadcrumb\"},\"inLanguage\":\"en-US\",\"potentialAction\":[{\"@type\":\"ReadAction\",\"target\":[\"https:\\\/\\\/ubirataonline.com.br\\\/aaron-donald-comeback-reportedly-a-real-possibility-but-could-include-delayed-start-to-training-camp\\\/\"]}]},{\"@type\":\"ImageObject\",\"inLanguage\":\"en-US\",\"@id\":\"https:\\\/\\\/ubirataonline.com.br\\\/aaron-donald-comeback-reportedly-a-real-possibility-but-could-include-delayed-start-to-training-camp\\\/#primaryimage\",\"url\":\"https:\\\/\\\/ubirataonline.com.br\\\/wp-content\\\/uploads\\\/2026\\\/07\\\/Aaron-Donald-comeback-reportedly-a-real-possibility-but-could-include.jpeg\",\"contentUrl\":\"https:\\\/\\\/ubirataonline.com.br\\\/wp-content\\\/uploads\\\/2026\\\/07\\\/Aaron-Donald-comeback-reportedly-a-real-possibility-but-could-include.jpeg\",\"width\":1200,\"height\":800,\"caption\":\"Aaron Donald comeback reportedly a 'real possibility,' but could include delayed start to training camp\"},{\"@type\":\"BreadcrumbList\",\"@id\":\"https:\\\/\\\/ubirataonline.com.br\\\/aaron-donald-comeback-reportedly-a-real-possibility-but-could-include-delayed-start-to-training-camp\\\/#breadcrumb\",\"itemListElement\":[{\"@type\":\"ListItem\",\"position\":1,\"name\":\"In\u00edcio\",\"item\":\"https:\\\/\\\/ubirataonline.com.br\\\/\"},{\"@type\":\"ListItem\",\"position\":2,\"name\":\"Aaron Donald comeback reportedly a &#8216;real possibility,&#8217; but could include delayed start to training camp\"}]},{\"@type\":\"WebSite\",\"@id\":\"https:\\\/\\\/ubirataonline.com.br\\\/#website\",\"url\":\"https:\\\/\\\/ubirataonline.com.br\\\/\",\"name\":\"Ubirat\u00e3 Online Not\u00edcias\",\"description\":\"Not\u00edcias de Ubirat\u00e3, regi\u00e3o, Brasil e mundo, com informa\u00e7\u00e3o atualizada e compromisso com o leitor.\",\"publisher\":{\"@id\":\"https:\\\/\\\/ubirataonline.com.br\\\/#organization\"},\"alternateName\":\"Ubirat\u00e3 Online\",\"potentialAction\":[{\"@type\":\"SearchAction\",\"target\":{\"@type\":\"EntryPoint\",\"urlTemplate\":\"https:\\\/\\\/ubirataonline.com.br\\\/?s={search_term_string}\"},\"query-input\":{\"@type\":\"PropertyValueSpecification\",\"valueRequired\":true,\"valueName\":\"search_term_string\"}}],\"inLanguage\":\"en-US\"},{\"@type\":[\"Organization\",\"Place\"],\"@id\":\"https:\\\/\\\/ubirataonline.com.br\\\/#organization\",\"name\":\"Ubirat\u00e3 Online Not\u00edcias\",\"alternateName\":\"Ubirat\u00e3 Online\",\"url\":\"https:\\\/\\\/ubirataonline.com.br\\\/\",\"logo\":{\"@id\":\"https:\\\/\\\/ubirataonline.com.br\\\/aaron-donald-comeback-reportedly-a-real-possibility-but-could-include-delayed-start-to-training-camp\\\/#local-main-organization-logo\"},\"image\":{\"@id\":\"https:\\\/\\\/ubirataonline.com.br\\\/aaron-donald-comeback-reportedly-a-real-possibility-but-could-include-delayed-start-to-training-camp\\\/#local-main-organization-logo\"},\"sameAs\":[\"https:\\\/\\\/www.facebook.com\\\/portalubirataonline\",\"https:\\\/\\\/x.com\\\/ubirataonline\",\"https:\\\/\\\/mastodon.social\\\/@ubirataonline\",\"https:\\\/\\\/www.facebook.com\\\/groups\\\/311144672285604\",\"https:\\\/\\\/www.facebook.com\\\/UBTAOnline\",\"https:\\\/\\\/www.instagram.com\\\/portalubirataonline\\\/\",\"https:\\\/\\\/twitter.com\\\/ubirataonline\"],\"description\":\"Somos um portal de not\u00edcias independente, criado em 5 de janeiro de 2009, com o objetivo de informar, conectar e valorizar a nossa comunidade de Ubirat\u00e3 e toda aregi\u00e3o. Com conte\u00fado atualizado, confi\u00e1vel e relevante, o Ubirat\u00e3 Online \u00e9 o seu espa\u00e7o para ficar por dentro dos principais acontecimentos locais, regionais, Brasil, Mundo e de interesse geral. Nosso compromisso \u00e9 com a verdade, a transpar\u00eancia e o respeito ao leitor.\",\"legalName\":\"UBIRATA ONLINE NOT\u00cdCIAS\",\"foundingDate\":\"2009-01-05\",\"numberOfEmployees\":{\"@type\":\"QuantitativeValue\",\"minValue\":\"1\",\"maxValue\":\"10\"},\"publishingPrinciples\":\"https:\\\/\\\/ubirataonline.com.br\\\/faq\\\/\",\"address\":{\"@id\":\"https:\\\/\\\/ubirataonline.com.br\\\/aaron-donald-comeback-reportedly-a-real-possibility-but-could-include-delayed-start-to-training-camp\\\/#local-main-place-address\"},\"geo\":{\"@type\":\"GeoCoordinates\",\"latitude\":\"-24.5361401\",\"longitude\":\"-52.9921776\"},\"telephone\":[\"+5544998308235\"],\"contactPoint\":{\"@type\":\"ContactPoint\",\"email\":\"contato@ubirataonline.com.br\"},\"openingHoursSpecification\":{\"@type\":\"OpeningHoursSpecification\",\"dayOfWeek\":[\"Monday\",\"Tuesday\",\"Wednesday\",\"Thursday\",\"Friday\",\"Saturday\",\"Sunday\"],\"opens\":\"00:00\",\"closes\":\"23:59\"},\"email\":\"contato@ubirataonline.com.br\",\"vatID\":\"47.621.418\\\/0001-80\"},{\"@type\":\"Person\",\"@id\":\"https:\\\/\\\/ubirataonline.com.br\\\/#\\\/schema\\\/person\\\/372f87bbd3fdd79b8556b84c98d0bc1c\",\"name\":\"REDA\u00c7\u00c3O: UBIRAT\u00c3 ONLINE - F\u00c1BIO AUGUSTO CELESTINO\",\"pronouns\":\"Ele\",\"description\":\"Desde 2003 trabalhando com not\u00edcias.\",\"sameAs\":[\"http:\\\/\\\/ubirataoline.com.br\",\"https:\\\/\\\/www.facebook.com\\\/portalubirataonline\",\"https:\\\/\\\/www.instagram.com\\\/ubirataonline_oficial\",\"https:\\\/\\\/x.com\\\/x.com\\\/ubirataonline\"],\"honorificPrefix\":\"Mr.\",\"honorificSuffix\":\"MD\",\"birthDate\":\"1980-06-16\",\"gender\":\"masculino\",\"award\":[\"V\u00e1rios pr\u00eamios de melhor portal da cidade\"],\"jobTitle\":\"Diretor\",\"url\":\"https:\\\/\\\/ubirataonline.com.br\\\/en\\\/author\\\/ubirataonline\\\/\"},{\"@type\":\"PostalAddress\",\"@id\":\"https:\\\/\\\/ubirataonline.com.br\\\/aaron-donald-comeback-reportedly-a-real-possibility-but-could-include-delayed-start-to-training-camp\\\/#local-main-place-address\",\"streetAddress\":\"Rua dos Coqueiros, 104 - Bairro Boa Vista, Rua dos Coqueiros, 104 Bairro Boa Vista\",\"addressLocality\":\"UBIRATA\",\"postalCode\":\"85440-000\",\"addressRegion\":\"PR\",\"addressCountry\":\"BR\"},{\"@type\":\"ImageObject\",\"inLanguage\":\"en-US\",\"@id\":\"https:\\\/\\\/ubirataonline.com.br\\\/aaron-donald-comeback-reportedly-a-real-possibility-but-could-include-delayed-start-to-training-camp\\\/#local-main-organization-logo\",\"url\":\"https:\\\/\\\/ubirataonline.com.br\\\/wp-content\\\/uploads\\\/2026\\\/06\\\/logoubirataonline-1.webp\",\"contentUrl\":\"https:\\\/\\\/ubirataonline.com.br\\\/wp-content\\\/uploads\\\/2026\\\/06\\\/logoubirataonline-1.webp\",\"width\":500,\"height\":500,\"caption\":\"Ubirat\u00e3 Online Not\u00edcias\"}]}<\/script>\n<meta name=\"geo.placename\" content=\"UBIRATA\" \/>\n<meta name=\"geo.position\" content=\"-24.5361401;-52.9921776\" \/>\n<meta name=\"geo.region\" content=\"Brazil\" \/>\n<!-- \/ Yoast SEO Premium plugin. -->","yoast_head_json":{"title":"Aaron Donald comeback reportedly a 'real possibility,' but could include delayed start to training camp - Ubirat\u00e3 Online Not\u00edcias - A realidade ao seu alcance!","description":"The whispers around an Aaron Donald comeback are getting a little louder.With speculation mounting about the Los Angeles Rams legend returning to the NFL","robots":{"index":"index","follow":"follow","max-snippet":"max-snippet:-1","max-image-preview":"max-image-preview:large","max-video-preview":"max-video-preview:-1"},"canonical":"https:\/\/ubirataonline.com.br\/en\/aaron-donald-comeback-reportedly-a-real-possibility-but-could-include-delayed-start-to-training-camp\/","og_locale":"en_US","og_type":"article","og_title":"Aaron Donald comeback reportedly a 'real possibility,' but could include delayed start to training camp","og_description":"The whispers around an Aaron Donald comeback are getting a little louder.With speculation mounting about the Los Angeles Rams legend returning to the NFL","og_url":"https:\/\/ubirataonline.com.br\/en\/aaron-donald-comeback-reportedly-a-real-possibility-but-could-include-delayed-start-to-training-camp\/","og_site_name":"Ubirat\u00e3 Online Not\u00edcias - A realidade ao seu alcance!","article_publisher":"https:\/\/www.facebook.com\/portalubirataonline","article_author":"https:\/\/www.facebook.com\/portalubirataonline","article_published_time":"2026-07-18T01:25:28+00:00","article_modified_time":"2026-07-18T01:25:30+00:00","og_image":[{"width":1200,"height":800,"url":"https:\/\/ubirataonline.com.br\/wp-content\/uploads\/2026\/07\/Aaron-Donald-comeback-reportedly-a-real-possibility-but-could-include.jpeg","type":"image\/jpeg"}],"author":"REDA\u00c7\u00c3O: UBIRAT\u00c3 ONLINE - F\u00c1BIO AUGUSTO CELESTINO","twitter_card":"summary_large_image","twitter_creator":"@x.com\/ubirataonline","twitter_site":"@ubirataonline","twitter_misc":{"Written by":"REDA\u00c7\u00c3O: UBIRAT\u00c3 ONLINE - F\u00c1BIO AUGUSTO CELESTINO","Est. reading time":"3 minutes"},"schema":{"@context":"https:\/\/schema.org","@graph":[{"@type":"NewsArticle","@id":"https:\/\/ubirataonline.com.br\/aaron-donald-comeback-reportedly-a-real-possibility-but-could-include-delayed-start-to-training-camp\/#article","isPartOf":{"@id":"https:\/\/ubirataonline.com.br\/aaron-donald-comeback-reportedly-a-real-possibility-but-could-include-delayed-start-to-training-camp\/"},"author":{"name":"REDA\u00c7\u00c3O: UBIRAT\u00c3 ONLINE - F\u00c1BIO AUGUSTO CELESTINO","@id":"https:\/\/ubirataonline.com.br\/#\/schema\/person\/372f87bbd3fdd79b8556b84c98d0bc1c"},"headline":"Aaron Donald comeback reportedly a &#8216;real possibility,&#8217; but could include delayed start to training camp","datePublished":"2026-07-18T01:25:28+00:00","dateModified":"2026-07-18T01:25:30+00:00","mainEntityOfPage":{"@id":"https:\/\/ubirataonline.com.br\/aaron-donald-comeback-reportedly-a-real-possibility-but-could-include-delayed-start-to-training-camp\/"},"wordCount":577,"publisher":{"@id":"https:\/\/ubirataonline.com.br\/#organization"},"image":{"@id":"https:\/\/ubirataonline.com.br\/aaron-donald-comeback-reportedly-a-real-possibility-but-could-include-delayed-start-to-training-camp\/#primaryimage"},"thumbnailUrl":"https:\/\/ubirataonline.com.br\/wp-content\/uploads\/2026\/07\/Aaron-Donald-comeback-reportedly-a-real-possibility-but-could-include.jpeg","keywords":["Aaron","Camp","Comeback","delayed","Donald","include","possibility","real","reportedly","Start","Training"],"articleSection":["World"],"inLanguage":"en-US","copyrightYear":"2026","copyrightHolder":{"@id":"https:\/\/ubirataonline.com.br\/en\/#organization"}},{"@type":"WebPage","@id":"https:\/\/ubirataonline.com.br\/aaron-donald-comeback-reportedly-a-real-possibility-but-could-include-delayed-start-to-training-camp\/","url":"https:\/\/ubirataonline.com.br\/aaron-donald-comeback-reportedly-a-real-possibility-but-could-include-delayed-start-to-training-camp\/","name":"Aaron Donald comeback reportedly a 'real possibility,' but could include delayed start to training camp - Ubirat\u00e3 Online Not\u00edcias - A realidade ao seu alcance!","isPartOf":{"@id":"https:\/\/ubirataonline.com.br\/#website"},"primaryImageOfPage":{"@id":"https:\/\/ubirataonline.com.br\/aaron-donald-comeback-reportedly-a-real-possibility-but-could-include-delayed-start-to-training-camp\/#primaryimage"},"image":{"@id":"https:\/\/ubirataonline.com.br\/aaron-donald-comeback-reportedly-a-real-possibility-but-could-include-delayed-start-to-training-camp\/#primaryimage"},"thumbnailUrl":"https:\/\/ubirataonline.com.br\/wp-content\/uploads\/2026\/07\/Aaron-Donald-comeback-reportedly-a-real-possibility-but-could-include.jpeg","datePublished":"2026-07-18T01:25:28+00:00","dateModified":"2026-07-18T01:25:30+00:00","description":"The whispers around an Aaron Donald comeback are getting a little louder.With speculation mounting about the Los Angeles Rams legend returning to the NFL","breadcrumb":{"@id":"https:\/\/ubirataonline.com.br\/aaron-donald-comeback-reportedly-a-real-possibility-but-could-include-delayed-start-to-training-camp\/#breadcrumb"},"inLanguage":"en-US","potentialAction":[{"@type":"ReadAction","target":["https:\/\/ubirataonline.com.br\/aaron-donald-comeback-reportedly-a-real-possibility-but-could-include-delayed-start-to-training-camp\/"]}]},{"@type":"ImageObject","inLanguage":"en-US","@id":"https:\/\/ubirataonline.com.br\/aaron-donald-comeback-reportedly-a-real-possibility-but-could-include-delayed-start-to-training-camp\/#primaryimage","url":"https:\/\/ubirataonline.com.br\/wp-content\/uploads\/2026\/07\/Aaron-Donald-comeback-reportedly-a-real-possibility-but-could-include.jpeg","contentUrl":"https:\/\/ubirataonline.com.br\/wp-content\/uploads\/2026\/07\/Aaron-Donald-comeback-reportedly-a-real-possibility-but-could-include.jpeg","width":1200,"height":800,"caption":"Aaron Donald comeback reportedly a 'real possibility,' but could include delayed start to training camp"},{"@type":"BreadcrumbList","@id":"https:\/\/ubirataonline.com.br\/aaron-donald-comeback-reportedly-a-real-possibility-but-could-include-delayed-start-to-training-camp\/#breadcrumb","itemListElement":[{"@type":"ListItem","position":1,"name":"In\u00edcio","item":"https:\/\/ubirataonline.com.br\/"},{"@type":"ListItem","position":2,"name":"Aaron Donald comeback reportedly a &#8216;real possibility,&#8217; but could include delayed start to training camp"}]},{"@type":"WebSite","@id":"https:\/\/ubirataonline.com.br\/#website","url":"https:\/\/ubirataonline.com.br\/","name":"Ubirat\u00e3 Online Not\u00edcias","description":"Not\u00edcias de Ubirat\u00e3, regi\u00e3o, Brasil e mundo, com informa\u00e7\u00e3o atualizada e compromisso com o leitor.","publisher":{"@id":"https:\/\/ubirataonline.com.br\/#organization"},"alternateName":"Ubirat\u00e3 Online","potentialAction":[{"@type":"SearchAction","target":{"@type":"EntryPoint","urlTemplate":"https:\/\/ubirataonline.com.br\/?s={search_term_string}"},"query-input":{"@type":"PropertyValueSpecification","valueRequired":true,"valueName":"search_term_string"}}],"inLanguage":"en-US"},{"@type":["Organization","Place"],"@id":"https:\/\/ubirataonline.com.br\/#organization","name":"Ubirat\u00e3 Online Not\u00edcias","alternateName":"Ubirat\u00e3 Online","url":"https:\/\/ubirataonline.com.br\/","logo":{"@id":"https:\/\/ubirataonline.com.br\/aaron-donald-comeback-reportedly-a-real-possibility-but-could-include-delayed-start-to-training-camp\/#local-main-organization-logo"},"image":{"@id":"https:\/\/ubirataonline.com.br\/aaron-donald-comeback-reportedly-a-real-possibility-but-could-include-delayed-start-to-training-camp\/#local-main-organization-logo"},"sameAs":["https:\/\/www.facebook.com\/portalubirataonline","https:\/\/x.com\/ubirataonline","https:\/\/mastodon.social\/@ubirataonline","https:\/\/www.facebook.com\/groups\/311144672285604","https:\/\/www.facebook.com\/UBTAOnline","https:\/\/www.instagram.com\/portalubirataonline\/","https:\/\/twitter.com\/ubirataonline"],"description":"Somos um portal de not\u00edcias independente, criado em 5 de janeiro de 2009, com o objetivo de informar, conectar e valorizar a nossa comunidade de Ubirat\u00e3 e toda aregi\u00e3o. Com conte\u00fado atualizado, confi\u00e1vel e relevante, o Ubirat\u00e3 Online \u00e9 o seu espa\u00e7o para ficar por dentro dos principais acontecimentos locais, regionais, Brasil, Mundo e de interesse geral. Nosso compromisso \u00e9 com a verdade, a transpar\u00eancia e o respeito ao leitor.","legalName":"UBIRATA ONLINE NOT\u00cdCIAS","foundingDate":"2009-01-05","numberOfEmployees":{"@type":"QuantitativeValue","minValue":"1","maxValue":"10"},"publishingPrinciples":"https:\/\/ubirataonline.com.br\/faq\/","address":{"@id":"https:\/\/ubirataonline.com.br\/aaron-donald-comeback-reportedly-a-real-possibility-but-could-include-delayed-start-to-training-camp\/#local-main-place-address"},"geo":{"@type":"GeoCoordinates","latitude":"-24.5361401","longitude":"-52.9921776"},"telephone":["+5544998308235"],"contactPoint":{"@type":"ContactPoint","email":"contato@ubirataonline.com.br"},"openingHoursSpecification":{"@type":"OpeningHoursSpecification","dayOfWeek":["Monday","Tuesday","Wednesday","Thursday","Friday","Saturday","Sunday"],"opens":"00:00","closes":"23:59"},"email":"contato@ubirataonline.com.br","vatID":"47.621.418\/0001-80"},{"@type":"Person","@id":"https:\/\/ubirataonline.com.br\/#\/schema\/person\/372f87bbd3fdd79b8556b84c98d0bc1c","name":"REDA\u00c7\u00c3O: UBIRAT\u00c3 ONLINE - F\u00c1BIO AUGUSTO CELESTINO","pronouns":"Ele","description":"Desde 2003 trabalhando com not\u00edcias.","sameAs":["http:\/\/ubirataoline.com.br","https:\/\/www.facebook.com\/portalubirataonline","https:\/\/www.instagram.com\/ubirataonline_oficial","https:\/\/x.com\/x.com\/ubirataonline"],"honorificPrefix":"Mr.","honorificSuffix":"MD","birthDate":"1980-06-16","gender":"masculino","award":["V\u00e1rios pr\u00eamios de melhor portal da cidade"],"jobTitle":"Diretor","url":"https:\/\/ubirataonline.com.br\/en\/author\/ubirataonline\/"},{"@type":"PostalAddress","@id":"https:\/\/ubirataonline.com.br\/aaron-donald-comeback-reportedly-a-real-possibility-but-could-include-delayed-start-to-training-camp\/#local-main-place-address","streetAddress":"Rua dos Coqueiros, 104 - Bairro Boa Vista, Rua dos Coqueiros, 104 Bairro Boa Vista","addressLocality":"UBIRATA","postalCode":"85440-000","addressRegion":"PR","addressCountry":"BR"},{"@type":"ImageObject","inLanguage":"en-US","@id":"https:\/\/ubirataonline.com.br\/aaron-donald-comeback-reportedly-a-real-possibility-but-could-include-delayed-start-to-training-camp\/#local-main-organization-logo","url":"https:\/\/ubirataonline.com.br\/wp-content\/uploads\/2026\/06\/logoubirataonline-1.webp","contentUrl":"https:\/\/ubirataonline.com.br\/wp-content\/uploads\/2026\/06\/logoubirataonline-1.webp","width":500,"height":500,"caption":"Ubirat\u00e3 Online Not\u00edcias"}]},"geo.placename":"UBIRATA","geo.position":{"lat":"-24.5361401","long":"-52.9921776"},"geo.region":"Brazil"},"_links":{"self":[{"href":"https:\/\/ubirataonline.com.br\/en\/wp-json\/wp\/v2\/posts\/154949","targetHints":{"allow":["GET"]}}],"collection":[{"href":"https:\/\/ubirataonline.com.br\/en\/wp-json\/wp\/v2\/posts"}],"about":[{"href":"https:\/\/ubirataonline.com.br\/en\/wp-json\/wp\/v2\/types\/post"}],"author":[{"embeddable":true,"href":"https:\/\/ubirataonline.com.br\/en\/wp-json\/wp\/v2\/users\/1"}],"replies":[{"embeddable":true,"href":"https:\/\/ubirataonline.com.br\/en\/wp-json\/wp\/v2\/comments?post=154949"}],"version-history":[{"count":0,"href":"https:\/\/ubirataonline.com.br\/en\/wp-json\/wp\/v2\/posts\/154949\/revisions"}],"wp:featuredmedia":[{"embeddable":true,"href":"https:\/\/ubirataonline.com.br\/en\/wp-json\/wp\/v2\/media\/154950"}],"wp:attachment":[{"href":"https:\/\/ubirataonline.com.br\/en\/wp-json\/wp\/v2\/media?parent=154949"}],"wp:term":[{"taxonomy":"category","embeddable":true,"href":"https:\/\/ubirataonline.com.br\/en\/wp-json\/wp\/v2\/categories?post=154949"},{"taxonomy":"post_tag","embeddable":true,"href":"https:\/\/ubirataonline.com.br\/en\/wp-json\/wp\/v2\/tags?post=154949"}],"curies":[{"name":"wp","href":"https:\/\/api.w.org\/{rel}","templated":true}]}}