{"id":154971,"date":"2026-07-17T23:00:28","date_gmt":"2026-07-18T02:00:28","guid":{"rendered":"https:\/\/ubirataonline.com.br\/ministerio-publico-do-parana-ajuiza-acao-civil-publica-para-que-o-municipio-de-matinhos-providencie-a-implantacao-do-servico-de-familia-acolhedora\/"},"modified":"2026-07-17T23:00:29","modified_gmt":"2026-07-18T02:00:29","slug":"ministerio-publico-do-parana-ajuiza-acao-civil-publica-para-que-o-municipio-de-matinhos-providencie-a-implantacao-do-servico-de-familia-acolhedora","status":"publish","type":"post","link":"https:\/\/ubirataonline.com.br\/en\/ministerio-publico-do-parana-ajuiza-acao-civil-publica-para-que-o-municipio-de-matinhos-providencie-a-implantacao-do-servico-de-familia-acolhedora\/","title":{"rendered":"Minist\u00e9rio P\u00fablico do Paran\u00e1 aju\u00edza a\u00e7\u00e3o civil p\u00fablica para que o Munic\u00edpio de Matinhos providencie a implanta\u00e7\u00e3o do Servi\u00e7o de Fam\u00edlia Acolhedora"},"content":{"rendered":"<p><\/p>\n<div>\n<p>O Minist\u00e9rio P\u00fablico do Paran\u00e1, por meio da 1\u00aa Promotoria de Justi\u00e7a de Matinhos, no Litoral do estado, ajuizou a\u00e7\u00e3o civil p\u00fablica com o objetivo de compelir o Munic\u00edpio a implantar o Servi\u00e7o de Fam\u00edlia Acolhedora para crian\u00e7as e adolescentes. A medida judicial foi adotada ap\u00f3s sucessivas negativas da administra\u00e7\u00e3o municipal em disponibilizar o servi\u00e7o, que \u00e9 essencial para garantir o direito \u00e0 conviv\u00eancia familiar e comunit\u00e1ria de crian\u00e7as e adolescentes afastados de seus lares por medida de prote\u00e7\u00e3o.<\/p>\n<p class=\"text-align-center\"><a href=\"https:\/\/apps.mppr.mp.br\/audios\/play\/c3c4d7eab726395a91a5e6a48780a734\" target=\"_blank\"><strong>\u00c1udio da Promotora de Justi\u00e7a Dayane Santos Oliveira de Faria<\/strong><\/a><\/p>\n<p>Na a\u00e7\u00e3o, o Minist\u00e9rio P\u00fablico do Paran\u00e1 requer que o Munic\u00edpio, em at\u00e9 60 dias, inicie todas as provid\u00eancias administrativas e or\u00e7ament\u00e1rias necess\u00e1rias para a implanta\u00e7\u00e3o do programa, sob pena de multa di\u00e1ria de R$ 2 mil. O prazo indicado para o servi\u00e7o estar em funcionamento efetivo \u00e9 de at\u00e9 180 dias. O objetivo \u00e9 humanizar o atendimento e minimizar o per\u00edodo em que os acolhidos permanecem em abrigos institucionais at\u00e9 que possam retornar \u00e0s suas fam\u00edlias de origem ou sejam encaminhados para ado\u00e7\u00e3o.<\/p>\n<p><strong>Prioridade <\/strong>\u2013 O Servi\u00e7o de Acolhimento Familiar \u00e9 uma medida protetiva e tempor\u00e1ria que cadastra e capacita fam\u00edlias volunt\u00e1rias para receber em suas casas crian\u00e7as e adolescentes afastados do ambiente familiar por determina\u00e7\u00e3o judicial. Conforme previsto no Estatuto da Crian\u00e7a e do Adolescente, essa modalidade de acolhimento possui prioridade legal sobre o acolhimento institucional em abrigos.<\/p>\n<p>A iniciativa tamb\u00e9m atende \u00e0s diretrizes da Recomenda\u00e7\u00e3o Conjunta 02\/2024, assinada por diversos \u00f3rg\u00e3os nacionais, como o Conselho Nacional de Justi\u00e7a (CNJ) e o Conselho Nacional do Minist\u00e9rio P\u00fablico (CNMP).<\/p>\n<p>Processo 0004225-77.2026.8.16.0116<\/p>\n<p><em>Informa\u00e7\u00f5es para a imprensa:<br \/>Assessoria de Comunica\u00e7\u00e3o<br \/><a href=\"https:\/\/mppr.mp.br\/cdn-cgi\/l\/email-protection\" class=\"__cf_email__\" data-cfemail=\"e88b87859d86818b898b8987a88598989ac68598c68a9a\">[email\u00a0protected]<\/a><br \/>(41) 3250-4249<\/em><\/p>\n<\/div>\n<p><a href=\"https:\/\/ubirataonline.com.br\/noticias\/\" target=\"_blank\" rel=\"noopener noreferrer\">Mais Not\u00edcias<\/a><\/p>\n<p><a href=\"https:\/\/ubirataonline.com.br\" target=\"_blank\" rel=\"noopener noreferrer\">Home Page &#8211; In\u00edcio<\/a><\/p>\n<p><a href=\"https:\/\/mppr.mp.br\/Noticia\/Ministerio-Publico-do-Parana-ajuiza-acao-civil-publica-para-que-o-Municipio-de-Matinhos\">Source link <\/a><br \/>\nSee more: <a href=\"https:\/\/theglobaltrack.com\/\" target=\"_blank\" rel=\"noopener noreferrer\">The Global Track<\/a><\/p>\n<p><a href=\"https:\/\/corinthiames.com.br\/\" target=\"_blank\" rel=\"noopener noreferrer\">Corinthia Mes<\/a><\/p>\n","protected":false},"excerpt":{"rendered":"<p>O Minist\u00e9rio P\u00fablico do Paran\u00e1, por meio da 1\u00aa Promotoria de Justi\u00e7a de Matinhos, no Litoral do estado, ajuizou a\u00e7\u00e3o civil p\u00fablica com o objetivo de compelir o Munic\u00edpio a implantar o Servi\u00e7o de Fam\u00edlia Acolhedora para crian\u00e7as e adolescentes. A medida judicial foi adotada ap\u00f3s sucessivas negativas da administra\u00e7\u00e3o municipal em disponibilizar o servi\u00e7o, [&hellip;]<\/p>\n","protected":false},"author":1,"featured_media":154972,"comment_status":"closed","ping_status":"","sticky":false,"template":"","format":"standard","meta":{"googlesitekit_rrm_CAow2JLhCw:productID":"","_gspb_post_css":"","maa_idioma":"","maa_pais":"","footnotes":""},"categories":[4],"tags":[5607,22941,8820,5368,2630,8053,10908,3438,3714,2904,90,19434,3493,3439,8054],"class_list":["post-154971","post","type-post","status-publish","format-standard","has-post-thumbnail","hentry","category-brasil","tag-acao","tag-acolhedora","tag-ajuiza","tag-civil","tag-familia","tag-implantacao","tag-matinhos","tag-ministerio","tag-municipio","tag-para","tag-parana","tag-providencie","tag-publica","tag-publico","tag-servico"],"blocksy_meta":[],"yoast_head":"<!-- This site is optimized with the Yoast SEO Premium plugin v27.6 (Yoast SEO v27.6) - https:\/\/yoast.com\/product\/yoast-seo-premium-wordpress\/ -->\n<title>Minist\u00e9rio P\u00fablico do Paran\u00e1 aju\u00edza a\u00e7\u00e3o civil p\u00fablica para que o Munic\u00edpio de Matinhos providencie a implanta\u00e7\u00e3o do Servi\u00e7o de Fam\u00edlia Acolhedora - Ubirat\u00e3 Online Not\u00edcias - A realidade ao seu alcance!<\/title>\n<meta name=\"description\" content=\"O Minist\u00e9rio P\u00fablico do Paran\u00e1, por meio da 1\u00aa Promotoria de Justi\u00e7a de Matinhos, no Litoral do estado, ajuizou a\u00e7\u00e3o civil p\u00fablica com o objetivo de compelir o Munic\u00edpio a implantar o Servi\u00e7o de Fam\u00edlia Acolhedora para crian\u00e7as e adolescentes\" \/>\n<meta name=\"robots\" content=\"index, follow, max-snippet:-1, max-image-preview:large, max-video-preview:-1\" \/>\n<link rel=\"canonical\" href=\"https:\/\/ubirataonline.com.br\/en\/ministerio-publico-do-parana-ajuiza-acao-civil-publica-para-que-o-municipio-de-matinhos-providencie-a-implantacao-do-servico-de-familia-acolhedora\/\" \/>\n<meta property=\"og:locale\" content=\"en_US\" \/>\n<meta property=\"og:type\" content=\"article\" \/>\n<meta property=\"og:title\" content=\"Minist\u00e9rio P\u00fablico do Paran\u00e1 aju\u00edza a\u00e7\u00e3o civil p\u00fablica para que o Munic\u00edpio de Matinhos providencie a implanta\u00e7\u00e3o do Servi\u00e7o de Fam\u00edlia Acolhedora\" \/>\n<meta property=\"og:description\" content=\"O Minist\u00e9rio P\u00fablico do Paran\u00e1, por meio da 1\u00aa Promotoria de Justi\u00e7a de Matinhos, no Litoral do estado, ajuizou a\u00e7\u00e3o civil p\u00fablica com o objetivo de compelir o Munic\u00edpio a implantar o Servi\u00e7o de Fam\u00edlia Acolhedora para crian\u00e7as e adolescentes\" \/>\n<meta property=\"og:url\" content=\"https:\/\/ubirataonline.com.br\/en\/ministerio-publico-do-parana-ajuiza-acao-civil-publica-para-que-o-municipio-de-matinhos-providencie-a-implantacao-do-servico-de-familia-acolhedora\/\" \/>\n<meta property=\"og:site_name\" content=\"Ubirat\u00e3 Online Not\u00edcias - A realidade ao seu alcance!\" \/>\n<meta property=\"article:publisher\" content=\"https:\/\/www.facebook.com\/portalubirataonline\" \/>\n<meta property=\"article:author\" content=\"https:\/\/www.facebook.com\/portalubirataonline\" \/>\n<meta property=\"article:published_time\" content=\"2026-07-18T02:00:28+00:00\" \/>\n<meta property=\"article:modified_time\" content=\"2026-07-18T02:00:29+00:00\" \/>\n<meta property=\"og:image\" content=\"https:\/\/ubirataonline.com.br\/wp-content\/uploads\/2026\/07\/Ministerio-Publico-do-Parana-ajuiza-acao-civil-publica-para-que.png\" \/>\n\t<meta property=\"og:image:width\" content=\"240\" \/>\n\t<meta property=\"og:image:height\" content=\"240\" \/>\n\t<meta property=\"og:image:type\" content=\"image\/png\" \/>\n<meta name=\"author\" content=\"REDA\u00c7\u00c3O: UBIRAT\u00c3 ONLINE - F\u00c1BIO AUGUSTO CELESTINO\" \/>\n<meta name=\"twitter:card\" content=\"summary_large_image\" \/>\n<meta name=\"twitter:creator\" content=\"@x.com\/ubirataonline\" \/>\n<meta name=\"twitter:site\" content=\"@ubirataonline\" \/>\n<meta name=\"twitter:label1\" content=\"Written by\" \/>\n\t<meta name=\"twitter:data1\" content=\"REDA\u00c7\u00c3O: UBIRAT\u00c3 ONLINE - F\u00c1BIO AUGUSTO CELESTINO\" \/>\n\t<meta name=\"twitter:label2\" content=\"Est. reading time\" \/>\n\t<meta name=\"twitter:data2\" content=\"2 minutes\" \/>\n<script type=\"application\/ld+json\" class=\"yoast-schema-graph\">{\"@context\":\"https:\\\/\\\/schema.org\",\"@graph\":[{\"@type\":\"NewsArticle\",\"@id\":\"https:\\\/\\\/ubirataonline.com.br\\\/ministerio-publico-do-parana-ajuiza-acao-civil-publica-para-que-o-municipio-de-matinhos-providencie-a-implantacao-do-servico-de-familia-acolhedora\\\/#article\",\"isPartOf\":{\"@id\":\"https:\\\/\\\/ubirataonline.com.br\\\/ministerio-publico-do-parana-ajuiza-acao-civil-publica-para-que-o-municipio-de-matinhos-providencie-a-implantacao-do-servico-de-familia-acolhedora\\\/\"},\"author\":{\"name\":\"REDA\u00c7\u00c3O: UBIRAT\u00c3 ONLINE - F\u00c1BIO AUGUSTO CELESTINO\",\"@id\":\"https:\\\/\\\/ubirataonline.com.br\\\/#\\\/schema\\\/person\\\/372f87bbd3fdd79b8556b84c98d0bc1c\"},\"headline\":\"Minist\u00e9rio P\u00fablico do Paran\u00e1 aju\u00edza a\u00e7\u00e3o civil p\u00fablica para que o Munic\u00edpio de Matinhos providencie a implanta\u00e7\u00e3o do Servi\u00e7o de Fam\u00edlia Acolhedora\",\"datePublished\":\"2026-07-18T02:00:28+00:00\",\"dateModified\":\"2026-07-18T02:00:29+00:00\",\"mainEntityOfPage\":{\"@id\":\"https:\\\/\\\/ubirataonline.com.br\\\/ministerio-publico-do-parana-ajuiza-acao-civil-publica-para-que-o-municipio-de-matinhos-providencie-a-implantacao-do-servico-de-familia-acolhedora\\\/\"},\"wordCount\":354,\"publisher\":{\"@id\":\"https:\\\/\\\/ubirataonline.com.br\\\/#organization\"},\"image\":{\"@id\":\"https:\\\/\\\/ubirataonline.com.br\\\/ministerio-publico-do-parana-ajuiza-acao-civil-publica-para-que-o-municipio-de-matinhos-providencie-a-implantacao-do-servico-de-familia-acolhedora\\\/#primaryimage\"},\"thumbnailUrl\":\"https:\\\/\\\/ubirataonline.com.br\\\/wp-content\\\/uploads\\\/2026\\\/07\\\/Ministerio-Publico-do-Parana-ajuiza-acao-civil-publica-para-que.png\",\"keywords\":[\"a\u00e7\u00e3o\",\"Acolhedora\",\"aju\u00edza\",\"civil\",\"Fam\u00edlia\",\"implanta\u00e7\u00e3o\",\"Matinhos\",\"Minist\u00e9rio\",\"Munic\u00edpio\",\"para\",\"paran\u00e1\",\"providencie\",\"p\u00fablica\",\"P\u00fablico\",\"servi\u00e7o\"],\"articleSection\":[\"Brasil\"],\"inLanguage\":\"en-US\",\"copyrightYear\":\"2026\",\"copyrightHolder\":{\"@id\":\"https:\\\/\\\/ubirataonline.com.br\\\/en\\\/#organization\"}},{\"@type\":\"WebPage\",\"@id\":\"https:\\\/\\\/ubirataonline.com.br\\\/ministerio-publico-do-parana-ajuiza-acao-civil-publica-para-que-o-municipio-de-matinhos-providencie-a-implantacao-do-servico-de-familia-acolhedora\\\/\",\"url\":\"https:\\\/\\\/ubirataonline.com.br\\\/ministerio-publico-do-parana-ajuiza-acao-civil-publica-para-que-o-municipio-de-matinhos-providencie-a-implantacao-do-servico-de-familia-acolhedora\\\/\",\"name\":\"Minist\u00e9rio P\u00fablico do Paran\u00e1 aju\u00edza a\u00e7\u00e3o civil p\u00fablica para que o Munic\u00edpio de Matinhos providencie a implanta\u00e7\u00e3o do Servi\u00e7o de Fam\u00edlia Acolhedora - Ubirat\u00e3 Online Not\u00edcias - A realidade ao seu alcance!\",\"isPartOf\":{\"@id\":\"https:\\\/\\\/ubirataonline.com.br\\\/#website\"},\"primaryImageOfPage\":{\"@id\":\"https:\\\/\\\/ubirataonline.com.br\\\/ministerio-publico-do-parana-ajuiza-acao-civil-publica-para-que-o-municipio-de-matinhos-providencie-a-implantacao-do-servico-de-familia-acolhedora\\\/#primaryimage\"},\"image\":{\"@id\":\"https:\\\/\\\/ubirataonline.com.br\\\/ministerio-publico-do-parana-ajuiza-acao-civil-publica-para-que-o-municipio-de-matinhos-providencie-a-implantacao-do-servico-de-familia-acolhedora\\\/#primaryimage\"},\"thumbnailUrl\":\"https:\\\/\\\/ubirataonline.com.br\\\/wp-content\\\/uploads\\\/2026\\\/07\\\/Ministerio-Publico-do-Parana-ajuiza-acao-civil-publica-para-que.png\",\"datePublished\":\"2026-07-18T02:00:28+00:00\",\"dateModified\":\"2026-07-18T02:00:29+00:00\",\"description\":\"O Minist\u00e9rio P\u00fablico do Paran\u00e1, por meio da 1\u00aa Promotoria de Justi\u00e7a de Matinhos, no Litoral do estado, ajuizou a\u00e7\u00e3o civil p\u00fablica com o objetivo de compelir o Munic\u00edpio a implantar o Servi\u00e7o de Fam\u00edlia Acolhedora para crian\u00e7as e adolescentes\",\"breadcrumb\":{\"@id\":\"https:\\\/\\\/ubirataonline.com.br\\\/ministerio-publico-do-parana-ajuiza-acao-civil-publica-para-que-o-municipio-de-matinhos-providencie-a-implantacao-do-servico-de-familia-acolhedora\\\/#breadcrumb\"},\"inLanguage\":\"en-US\",\"potentialAction\":[{\"@type\":\"ReadAction\",\"target\":[\"https:\\\/\\\/ubirataonline.com.br\\\/ministerio-publico-do-parana-ajuiza-acao-civil-publica-para-que-o-municipio-de-matinhos-providencie-a-implantacao-do-servico-de-familia-acolhedora\\\/\"]}]},{\"@type\":\"ImageObject\",\"inLanguage\":\"en-US\",\"@id\":\"https:\\\/\\\/ubirataonline.com.br\\\/ministerio-publico-do-parana-ajuiza-acao-civil-publica-para-que-o-municipio-de-matinhos-providencie-a-implantacao-do-servico-de-familia-acolhedora\\\/#primaryimage\",\"url\":\"https:\\\/\\\/ubirataonline.com.br\\\/wp-content\\\/uploads\\\/2026\\\/07\\\/Ministerio-Publico-do-Parana-ajuiza-acao-civil-publica-para-que.png\",\"contentUrl\":\"https:\\\/\\\/ubirataonline.com.br\\\/wp-content\\\/uploads\\\/2026\\\/07\\\/Ministerio-Publico-do-Parana-ajuiza-acao-civil-publica-para-que.png\",\"width\":240,\"height\":240,\"caption\":\"Minist\u00e9rio P\u00fablico do Paran\u00e1 aju\u00edza a\u00e7\u00e3o civil p\u00fablica para que o Munic\u00edpio de Matinhos providencie a implanta\u00e7\u00e3o do Servi\u00e7o de Fam\u00edlia Acolhedora\"},{\"@type\":\"BreadcrumbList\",\"@id\":\"https:\\\/\\\/ubirataonline.com.br\\\/ministerio-publico-do-parana-ajuiza-acao-civil-publica-para-que-o-municipio-de-matinhos-providencie-a-implantacao-do-servico-de-familia-acolhedora\\\/#breadcrumb\",\"itemListElement\":[{\"@type\":\"ListItem\",\"position\":1,\"name\":\"In\u00edcio\",\"item\":\"https:\\\/\\\/ubirataonline.com.br\\\/\"},{\"@type\":\"ListItem\",\"position\":2,\"name\":\"Minist\u00e9rio P\u00fablico do Paran\u00e1 aju\u00edza a\u00e7\u00e3o civil p\u00fablica para que o Munic\u00edpio de Matinhos providencie a implanta\u00e7\u00e3o do Servi\u00e7o de Fam\u00edlia Acolhedora\"}]},{\"@type\":\"WebSite\",\"@id\":\"https:\\\/\\\/ubirataonline.com.br\\\/#website\",\"url\":\"https:\\\/\\\/ubirataonline.com.br\\\/\",\"name\":\"Ubirat\u00e3 Online Not\u00edcias\",\"description\":\"Not\u00edcias de Ubirat\u00e3, regi\u00e3o, Brasil e mundo, com informa\u00e7\u00e3o atualizada e compromisso com o leitor.\",\"publisher\":{\"@id\":\"https:\\\/\\\/ubirataonline.com.br\\\/#organization\"},\"alternateName\":\"Ubirat\u00e3 Online\",\"potentialAction\":[{\"@type\":\"SearchAction\",\"target\":{\"@type\":\"EntryPoint\",\"urlTemplate\":\"https:\\\/\\\/ubirataonline.com.br\\\/?s={search_term_string}\"},\"query-input\":{\"@type\":\"PropertyValueSpecification\",\"valueRequired\":true,\"valueName\":\"search_term_string\"}}],\"inLanguage\":\"en-US\"},{\"@type\":[\"Organization\",\"Place\"],\"@id\":\"https:\\\/\\\/ubirataonline.com.br\\\/#organization\",\"name\":\"Ubirat\u00e3 Online Not\u00edcias\",\"alternateName\":\"Ubirat\u00e3 Online\",\"url\":\"https:\\\/\\\/ubirataonline.com.br\\\/\",\"logo\":{\"@id\":\"https:\\\/\\\/ubirataonline.com.br\\\/ministerio-publico-do-parana-ajuiza-acao-civil-publica-para-que-o-municipio-de-matinhos-providencie-a-implantacao-do-servico-de-familia-acolhedora\\\/#local-main-organization-logo\"},\"image\":{\"@id\":\"https:\\\/\\\/ubirataonline.com.br\\\/ministerio-publico-do-parana-ajuiza-acao-civil-publica-para-que-o-municipio-de-matinhos-providencie-a-implantacao-do-servico-de-familia-acolhedora\\\/#local-main-organization-logo\"},\"sameAs\":[\"https:\\\/\\\/www.facebook.com\\\/portalubirataonline\",\"https:\\\/\\\/x.com\\\/ubirataonline\",\"https:\\\/\\\/mastodon.social\\\/@ubirataonline\",\"https:\\\/\\\/www.facebook.com\\\/groups\\\/311144672285604\",\"https:\\\/\\\/www.facebook.com\\\/UBTAOnline\",\"https:\\\/\\\/www.instagram.com\\\/portalubirataonline\\\/\",\"https:\\\/\\\/twitter.com\\\/ubirataonline\"],\"description\":\"Somos um portal de not\u00edcias independente, criado em 5 de janeiro de 2009, com o objetivo de informar, conectar e valorizar a nossa comunidade de Ubirat\u00e3 e toda aregi\u00e3o. Com conte\u00fado atualizado, confi\u00e1vel e relevante, o Ubirat\u00e3 Online \u00e9 o seu espa\u00e7o para ficar por dentro dos principais acontecimentos locais, regionais, Brasil, Mundo e de interesse geral. Nosso compromisso \u00e9 com a verdade, a transpar\u00eancia e o respeito ao leitor.\",\"legalName\":\"UBIRATA ONLINE NOT\u00cdCIAS\",\"foundingDate\":\"2009-01-05\",\"numberOfEmployees\":{\"@type\":\"QuantitativeValue\",\"minValue\":\"1\",\"maxValue\":\"10\"},\"publishingPrinciples\":\"https:\\\/\\\/ubirataonline.com.br\\\/faq\\\/\",\"address\":{\"@id\":\"https:\\\/\\\/ubirataonline.com.br\\\/ministerio-publico-do-parana-ajuiza-acao-civil-publica-para-que-o-municipio-de-matinhos-providencie-a-implantacao-do-servico-de-familia-acolhedora\\\/#local-main-place-address\"},\"geo\":{\"@type\":\"GeoCoordinates\",\"latitude\":\"-24.5361401\",\"longitude\":\"-52.9921776\"},\"telephone\":[\"+5544998308235\"],\"contactPoint\":{\"@type\":\"ContactPoint\",\"email\":\"contato@ubirataonline.com.br\"},\"openingHoursSpecification\":{\"@type\":\"OpeningHoursSpecification\",\"dayOfWeek\":[\"Monday\",\"Tuesday\",\"Wednesday\",\"Thursday\",\"Friday\",\"Saturday\",\"Sunday\"],\"opens\":\"00:00\",\"closes\":\"23:59\"},\"email\":\"contato@ubirataonline.com.br\",\"vatID\":\"47.621.418\\\/0001-80\"},{\"@type\":\"Person\",\"@id\":\"https:\\\/\\\/ubirataonline.com.br\\\/#\\\/schema\\\/person\\\/372f87bbd3fdd79b8556b84c98d0bc1c\",\"name\":\"REDA\u00c7\u00c3O: UBIRAT\u00c3 ONLINE - F\u00c1BIO AUGUSTO CELESTINO\",\"pronouns\":\"Ele\",\"description\":\"Desde 2003 trabalhando com not\u00edcias.\",\"sameAs\":[\"http:\\\/\\\/ubirataoline.com.br\",\"https:\\\/\\\/www.facebook.com\\\/portalubirataonline\",\"https:\\\/\\\/www.instagram.com\\\/ubirataonline_oficial\",\"https:\\\/\\\/x.com\\\/x.com\\\/ubirataonline\"],\"honorificPrefix\":\"Mr.\",\"honorificSuffix\":\"MD\",\"birthDate\":\"1980-06-16\",\"gender\":\"masculino\",\"award\":[\"V\u00e1rios pr\u00eamios de melhor portal da cidade\"],\"jobTitle\":\"Diretor\",\"url\":\"https:\\\/\\\/ubirataonline.com.br\\\/en\\\/author\\\/ubirataonline\\\/\"},{\"@type\":\"PostalAddress\",\"@id\":\"https:\\\/\\\/ubirataonline.com.br\\\/ministerio-publico-do-parana-ajuiza-acao-civil-publica-para-que-o-municipio-de-matinhos-providencie-a-implantacao-do-servico-de-familia-acolhedora\\\/#local-main-place-address\",\"streetAddress\":\"Rua dos Coqueiros, 104 - Bairro Boa Vista, Rua dos Coqueiros, 104 Bairro Boa Vista\",\"addressLocality\":\"UBIRATA\",\"postalCode\":\"85440-000\",\"addressRegion\":\"PR\",\"addressCountry\":\"BR\"},{\"@type\":\"ImageObject\",\"inLanguage\":\"en-US\",\"@id\":\"https:\\\/\\\/ubirataonline.com.br\\\/ministerio-publico-do-parana-ajuiza-acao-civil-publica-para-que-o-municipio-de-matinhos-providencie-a-implantacao-do-servico-de-familia-acolhedora\\\/#local-main-organization-logo\",\"url\":\"https:\\\/\\\/ubirataonline.com.br\\\/wp-content\\\/uploads\\\/2026\\\/06\\\/logoubirataonline-1.webp\",\"contentUrl\":\"https:\\\/\\\/ubirataonline.com.br\\\/wp-content\\\/uploads\\\/2026\\\/06\\\/logoubirataonline-1.webp\",\"width\":500,\"height\":500,\"caption\":\"Ubirat\u00e3 Online Not\u00edcias\"}]}<\/script>\n<meta name=\"geo.placename\" content=\"UBIRATA\" \/>\n<meta name=\"geo.position\" content=\"-24.5361401;-52.9921776\" \/>\n<meta name=\"geo.region\" content=\"Brazil\" \/>\n<!-- \/ Yoast SEO Premium plugin. -->","yoast_head_json":{"title":"Minist\u00e9rio P\u00fablico do Paran\u00e1 aju\u00edza a\u00e7\u00e3o civil p\u00fablica para que o Munic\u00edpio de Matinhos providencie a implanta\u00e7\u00e3o do Servi\u00e7o de Fam\u00edlia Acolhedora - Ubirat\u00e3 Online Not\u00edcias - A realidade ao seu alcance!","description":"O Minist\u00e9rio P\u00fablico do Paran\u00e1, por meio da 1\u00aa Promotoria de Justi\u00e7a de Matinhos, no Litoral do estado, ajuizou a\u00e7\u00e3o civil p\u00fablica com o objetivo de compelir o Munic\u00edpio a implantar o Servi\u00e7o de Fam\u00edlia Acolhedora para crian\u00e7as e adolescentes","robots":{"index":"index","follow":"follow","max-snippet":"max-snippet:-1","max-image-preview":"max-image-preview:large","max-video-preview":"max-video-preview:-1"},"canonical":"https:\/\/ubirataonline.com.br\/en\/ministerio-publico-do-parana-ajuiza-acao-civil-publica-para-que-o-municipio-de-matinhos-providencie-a-implantacao-do-servico-de-familia-acolhedora\/","og_locale":"en_US","og_type":"article","og_title":"Minist\u00e9rio P\u00fablico do Paran\u00e1 aju\u00edza a\u00e7\u00e3o civil p\u00fablica para que o Munic\u00edpio de Matinhos providencie a implanta\u00e7\u00e3o do Servi\u00e7o de Fam\u00edlia Acolhedora","og_description":"O Minist\u00e9rio P\u00fablico do Paran\u00e1, por meio da 1\u00aa Promotoria de Justi\u00e7a de Matinhos, no Litoral do estado, ajuizou a\u00e7\u00e3o civil p\u00fablica com o objetivo de compelir o Munic\u00edpio a implantar o Servi\u00e7o de Fam\u00edlia Acolhedora para crian\u00e7as e adolescentes","og_url":"https:\/\/ubirataonline.com.br\/en\/ministerio-publico-do-parana-ajuiza-acao-civil-publica-para-que-o-municipio-de-matinhos-providencie-a-implantacao-do-servico-de-familia-acolhedora\/","og_site_name":"Ubirat\u00e3 Online Not\u00edcias - A realidade ao seu alcance!","article_publisher":"https:\/\/www.facebook.com\/portalubirataonline","article_author":"https:\/\/www.facebook.com\/portalubirataonline","article_published_time":"2026-07-18T02:00:28+00:00","article_modified_time":"2026-07-18T02:00:29+00:00","og_image":[{"width":240,"height":240,"url":"https:\/\/ubirataonline.com.br\/wp-content\/uploads\/2026\/07\/Ministerio-Publico-do-Parana-ajuiza-acao-civil-publica-para-que.png","type":"image\/png"}],"author":"REDA\u00c7\u00c3O: UBIRAT\u00c3 ONLINE - F\u00c1BIO AUGUSTO CELESTINO","twitter_card":"summary_large_image","twitter_creator":"@x.com\/ubirataonline","twitter_site":"@ubirataonline","twitter_misc":{"Written by":"REDA\u00c7\u00c3O: UBIRAT\u00c3 ONLINE - F\u00c1BIO AUGUSTO CELESTINO","Est. reading time":"2 minutes"},"schema":{"@context":"https:\/\/schema.org","@graph":[{"@type":"NewsArticle","@id":"https:\/\/ubirataonline.com.br\/ministerio-publico-do-parana-ajuiza-acao-civil-publica-para-que-o-municipio-de-matinhos-providencie-a-implantacao-do-servico-de-familia-acolhedora\/#article","isPartOf":{"@id":"https:\/\/ubirataonline.com.br\/ministerio-publico-do-parana-ajuiza-acao-civil-publica-para-que-o-municipio-de-matinhos-providencie-a-implantacao-do-servico-de-familia-acolhedora\/"},"author":{"name":"REDA\u00c7\u00c3O: UBIRAT\u00c3 ONLINE - F\u00c1BIO AUGUSTO CELESTINO","@id":"https:\/\/ubirataonline.com.br\/#\/schema\/person\/372f87bbd3fdd79b8556b84c98d0bc1c"},"headline":"Minist\u00e9rio P\u00fablico do Paran\u00e1 aju\u00edza a\u00e7\u00e3o civil p\u00fablica para que o Munic\u00edpio de Matinhos providencie a implanta\u00e7\u00e3o do Servi\u00e7o de Fam\u00edlia Acolhedora","datePublished":"2026-07-18T02:00:28+00:00","dateModified":"2026-07-18T02:00:29+00:00","mainEntityOfPage":{"@id":"https:\/\/ubirataonline.com.br\/ministerio-publico-do-parana-ajuiza-acao-civil-publica-para-que-o-municipio-de-matinhos-providencie-a-implantacao-do-servico-de-familia-acolhedora\/"},"wordCount":354,"publisher":{"@id":"https:\/\/ubirataonline.com.br\/#organization"},"image":{"@id":"https:\/\/ubirataonline.com.br\/ministerio-publico-do-parana-ajuiza-acao-civil-publica-para-que-o-municipio-de-matinhos-providencie-a-implantacao-do-servico-de-familia-acolhedora\/#primaryimage"},"thumbnailUrl":"https:\/\/ubirataonline.com.br\/wp-content\/uploads\/2026\/07\/Ministerio-Publico-do-Parana-ajuiza-acao-civil-publica-para-que.png","keywords":["a\u00e7\u00e3o","Acolhedora","aju\u00edza","civil","Fam\u00edlia","implanta\u00e7\u00e3o","Matinhos","Minist\u00e9rio","Munic\u00edpio","para","paran\u00e1","providencie","p\u00fablica","P\u00fablico","servi\u00e7o"],"articleSection":["Brasil"],"inLanguage":"en-US","copyrightYear":"2026","copyrightHolder":{"@id":"https:\/\/ubirataonline.com.br\/en\/#organization"}},{"@type":"WebPage","@id":"https:\/\/ubirataonline.com.br\/ministerio-publico-do-parana-ajuiza-acao-civil-publica-para-que-o-municipio-de-matinhos-providencie-a-implantacao-do-servico-de-familia-acolhedora\/","url":"https:\/\/ubirataonline.com.br\/ministerio-publico-do-parana-ajuiza-acao-civil-publica-para-que-o-municipio-de-matinhos-providencie-a-implantacao-do-servico-de-familia-acolhedora\/","name":"Minist\u00e9rio P\u00fablico do Paran\u00e1 aju\u00edza a\u00e7\u00e3o civil p\u00fablica para que o Munic\u00edpio de Matinhos providencie a implanta\u00e7\u00e3o do Servi\u00e7o de Fam\u00edlia Acolhedora - Ubirat\u00e3 Online Not\u00edcias - A realidade ao seu alcance!","isPartOf":{"@id":"https:\/\/ubirataonline.com.br\/#website"},"primaryImageOfPage":{"@id":"https:\/\/ubirataonline.com.br\/ministerio-publico-do-parana-ajuiza-acao-civil-publica-para-que-o-municipio-de-matinhos-providencie-a-implantacao-do-servico-de-familia-acolhedora\/#primaryimage"},"image":{"@id":"https:\/\/ubirataonline.com.br\/ministerio-publico-do-parana-ajuiza-acao-civil-publica-para-que-o-municipio-de-matinhos-providencie-a-implantacao-do-servico-de-familia-acolhedora\/#primaryimage"},"thumbnailUrl":"https:\/\/ubirataonline.com.br\/wp-content\/uploads\/2026\/07\/Ministerio-Publico-do-Parana-ajuiza-acao-civil-publica-para-que.png","datePublished":"2026-07-18T02:00:28+00:00","dateModified":"2026-07-18T02:00:29+00:00","description":"O Minist\u00e9rio P\u00fablico do Paran\u00e1, por meio da 1\u00aa Promotoria de Justi\u00e7a de Matinhos, no Litoral do estado, ajuizou a\u00e7\u00e3o civil p\u00fablica com o objetivo de compelir o Munic\u00edpio a implantar o Servi\u00e7o de Fam\u00edlia Acolhedora para crian\u00e7as e adolescentes","breadcrumb":{"@id":"https:\/\/ubirataonline.com.br\/ministerio-publico-do-parana-ajuiza-acao-civil-publica-para-que-o-municipio-de-matinhos-providencie-a-implantacao-do-servico-de-familia-acolhedora\/#breadcrumb"},"inLanguage":"en-US","potentialAction":[{"@type":"ReadAction","target":["https:\/\/ubirataonline.com.br\/ministerio-publico-do-parana-ajuiza-acao-civil-publica-para-que-o-municipio-de-matinhos-providencie-a-implantacao-do-servico-de-familia-acolhedora\/"]}]},{"@type":"ImageObject","inLanguage":"en-US","@id":"https:\/\/ubirataonline.com.br\/ministerio-publico-do-parana-ajuiza-acao-civil-publica-para-que-o-municipio-de-matinhos-providencie-a-implantacao-do-servico-de-familia-acolhedora\/#primaryimage","url":"https:\/\/ubirataonline.com.br\/wp-content\/uploads\/2026\/07\/Ministerio-Publico-do-Parana-ajuiza-acao-civil-publica-para-que.png","contentUrl":"https:\/\/ubirataonline.com.br\/wp-content\/uploads\/2026\/07\/Ministerio-Publico-do-Parana-ajuiza-acao-civil-publica-para-que.png","width":240,"height":240,"caption":"Minist\u00e9rio P\u00fablico do Paran\u00e1 aju\u00edza a\u00e7\u00e3o civil p\u00fablica para que o Munic\u00edpio de Matinhos providencie a implanta\u00e7\u00e3o do Servi\u00e7o de Fam\u00edlia Acolhedora"},{"@type":"BreadcrumbList","@id":"https:\/\/ubirataonline.com.br\/ministerio-publico-do-parana-ajuiza-acao-civil-publica-para-que-o-municipio-de-matinhos-providencie-a-implantacao-do-servico-de-familia-acolhedora\/#breadcrumb","itemListElement":[{"@type":"ListItem","position":1,"name":"In\u00edcio","item":"https:\/\/ubirataonline.com.br\/"},{"@type":"ListItem","position":2,"name":"Minist\u00e9rio P\u00fablico do Paran\u00e1 aju\u00edza a\u00e7\u00e3o civil p\u00fablica para que o Munic\u00edpio de Matinhos providencie a implanta\u00e7\u00e3o do Servi\u00e7o de Fam\u00edlia Acolhedora"}]},{"@type":"WebSite","@id":"https:\/\/ubirataonline.com.br\/#website","url":"https:\/\/ubirataonline.com.br\/","name":"Ubirat\u00e3 Online Not\u00edcias","description":"Not\u00edcias de Ubirat\u00e3, regi\u00e3o, Brasil e mundo, com informa\u00e7\u00e3o atualizada e compromisso com o leitor.","publisher":{"@id":"https:\/\/ubirataonline.com.br\/#organization"},"alternateName":"Ubirat\u00e3 Online","potentialAction":[{"@type":"SearchAction","target":{"@type":"EntryPoint","urlTemplate":"https:\/\/ubirataonline.com.br\/?s={search_term_string}"},"query-input":{"@type":"PropertyValueSpecification","valueRequired":true,"valueName":"search_term_string"}}],"inLanguage":"en-US"},{"@type":["Organization","Place"],"@id":"https:\/\/ubirataonline.com.br\/#organization","name":"Ubirat\u00e3 Online Not\u00edcias","alternateName":"Ubirat\u00e3 Online","url":"https:\/\/ubirataonline.com.br\/","logo":{"@id":"https:\/\/ubirataonline.com.br\/ministerio-publico-do-parana-ajuiza-acao-civil-publica-para-que-o-municipio-de-matinhos-providencie-a-implantacao-do-servico-de-familia-acolhedora\/#local-main-organization-logo"},"image":{"@id":"https:\/\/ubirataonline.com.br\/ministerio-publico-do-parana-ajuiza-acao-civil-publica-para-que-o-municipio-de-matinhos-providencie-a-implantacao-do-servico-de-familia-acolhedora\/#local-main-organization-logo"},"sameAs":["https:\/\/www.facebook.com\/portalubirataonline","https:\/\/x.com\/ubirataonline","https:\/\/mastodon.social\/@ubirataonline","https:\/\/www.facebook.com\/groups\/311144672285604","https:\/\/www.facebook.com\/UBTAOnline","https:\/\/www.instagram.com\/portalubirataonline\/","https:\/\/twitter.com\/ubirataonline"],"description":"Somos um portal de not\u00edcias independente, criado em 5 de janeiro de 2009, com o objetivo de informar, conectar e valorizar a nossa comunidade de Ubirat\u00e3 e toda aregi\u00e3o. Com conte\u00fado atualizado, confi\u00e1vel e relevante, o Ubirat\u00e3 Online \u00e9 o seu espa\u00e7o para ficar por dentro dos principais acontecimentos locais, regionais, Brasil, Mundo e de interesse geral. Nosso compromisso \u00e9 com a verdade, a transpar\u00eancia e o respeito ao leitor.","legalName":"UBIRATA ONLINE NOT\u00cdCIAS","foundingDate":"2009-01-05","numberOfEmployees":{"@type":"QuantitativeValue","minValue":"1","maxValue":"10"},"publishingPrinciples":"https:\/\/ubirataonline.com.br\/faq\/","address":{"@id":"https:\/\/ubirataonline.com.br\/ministerio-publico-do-parana-ajuiza-acao-civil-publica-para-que-o-municipio-de-matinhos-providencie-a-implantacao-do-servico-de-familia-acolhedora\/#local-main-place-address"},"geo":{"@type":"GeoCoordinates","latitude":"-24.5361401","longitude":"-52.9921776"},"telephone":["+5544998308235"],"contactPoint":{"@type":"ContactPoint","email":"contato@ubirataonline.com.br"},"openingHoursSpecification":{"@type":"OpeningHoursSpecification","dayOfWeek":["Monday","Tuesday","Wednesday","Thursday","Friday","Saturday","Sunday"],"opens":"00:00","closes":"23:59"},"email":"contato@ubirataonline.com.br","vatID":"47.621.418\/0001-80"},{"@type":"Person","@id":"https:\/\/ubirataonline.com.br\/#\/schema\/person\/372f87bbd3fdd79b8556b84c98d0bc1c","name":"REDA\u00c7\u00c3O: UBIRAT\u00c3 ONLINE - F\u00c1BIO AUGUSTO CELESTINO","pronouns":"Ele","description":"Desde 2003 trabalhando com not\u00edcias.","sameAs":["http:\/\/ubirataoline.com.br","https:\/\/www.facebook.com\/portalubirataonline","https:\/\/www.instagram.com\/ubirataonline_oficial","https:\/\/x.com\/x.com\/ubirataonline"],"honorificPrefix":"Mr.","honorificSuffix":"MD","birthDate":"1980-06-16","gender":"masculino","award":["V\u00e1rios pr\u00eamios de melhor portal da cidade"],"jobTitle":"Diretor","url":"https:\/\/ubirataonline.com.br\/en\/author\/ubirataonline\/"},{"@type":"PostalAddress","@id":"https:\/\/ubirataonline.com.br\/ministerio-publico-do-parana-ajuiza-acao-civil-publica-para-que-o-municipio-de-matinhos-providencie-a-implantacao-do-servico-de-familia-acolhedora\/#local-main-place-address","streetAddress":"Rua dos Coqueiros, 104 - Bairro Boa Vista, Rua dos Coqueiros, 104 Bairro Boa Vista","addressLocality":"UBIRATA","postalCode":"85440-000","addressRegion":"PR","addressCountry":"BR"},{"@type":"ImageObject","inLanguage":"en-US","@id":"https:\/\/ubirataonline.com.br\/ministerio-publico-do-parana-ajuiza-acao-civil-publica-para-que-o-municipio-de-matinhos-providencie-a-implantacao-do-servico-de-familia-acolhedora\/#local-main-organization-logo","url":"https:\/\/ubirataonline.com.br\/wp-content\/uploads\/2026\/06\/logoubirataonline-1.webp","contentUrl":"https:\/\/ubirataonline.com.br\/wp-content\/uploads\/2026\/06\/logoubirataonline-1.webp","width":500,"height":500,"caption":"Ubirat\u00e3 Online Not\u00edcias"}]},"geo.placename":"UBIRATA","geo.position":{"lat":"-24.5361401","long":"-52.9921776"},"geo.region":"Brazil"},"_links":{"self":[{"href":"https:\/\/ubirataonline.com.br\/en\/wp-json\/wp\/v2\/posts\/154971","targetHints":{"allow":["GET"]}}],"collection":[{"href":"https:\/\/ubirataonline.com.br\/en\/wp-json\/wp\/v2\/posts"}],"about":[{"href":"https:\/\/ubirataonline.com.br\/en\/wp-json\/wp\/v2\/types\/post"}],"author":[{"embeddable":true,"href":"https:\/\/ubirataonline.com.br\/en\/wp-json\/wp\/v2\/users\/1"}],"replies":[{"embeddable":true,"href":"https:\/\/ubirataonline.com.br\/en\/wp-json\/wp\/v2\/comments?post=154971"}],"version-history":[{"count":0,"href":"https:\/\/ubirataonline.com.br\/en\/wp-json\/wp\/v2\/posts\/154971\/revisions"}],"wp:featuredmedia":[{"embeddable":true,"href":"https:\/\/ubirataonline.com.br\/en\/wp-json\/wp\/v2\/media\/154972"}],"wp:attachment":[{"href":"https:\/\/ubirataonline.com.br\/en\/wp-json\/wp\/v2\/media?parent=154971"}],"wp:term":[{"taxonomy":"category","embeddable":true,"href":"https:\/\/ubirataonline.com.br\/en\/wp-json\/wp\/v2\/categories?post=154971"},{"taxonomy":"post_tag","embeddable":true,"href":"https:\/\/ubirataonline.com.br\/en\/wp-json\/wp\/v2\/tags?post=154971"}],"curies":[{"name":"wp","href":"https:\/\/api.w.org\/{rel}","templated":true}]}}