{"id":157036,"date":"2026-07-22T18:07:33","date_gmt":"2026-07-22T21:07:33","guid":{"rendered":"https:\/\/ubirataonline.com.br\/em-francisco-beltrao-ministerio-publico-do-parana-denuncia-homem-pelos-crimes-de-tortura-e-lesao-corporal-qualificada-contra-os-filhos-de-3-e-5-anos\/"},"modified":"2026-07-22T18:07:34","modified_gmt":"2026-07-22T21:07:34","slug":"em-francisco-beltrao-ministerio-publico-do-parana-denuncia-homem-pelos-crimes-de-tortura-e-lesao-corporal-qualificada-contra-os-filhos-de-3-e-5-anos","status":"publish","type":"post","link":"https:\/\/ubirataonline.com.br\/en\/em-francisco-beltrao-ministerio-publico-do-parana-denuncia-homem-pelos-crimes-de-tortura-e-lesao-corporal-qualificada-contra-os-filhos-de-3-e-5-anos\/","title":{"rendered":"Em Francisco Beltr\u00e3o, Minist\u00e9rio Publico do Paran\u00e1 denuncia homem pelos crimes de tortura e les\u00e3o corporal qualificada contra os filhos de 3 e 5 anos"},"content":{"rendered":"<p><\/p>\n<div>\n<p>O Minist\u00e9rio P\u00fablico do Paran\u00e1, por meio da 1\u00aa Promotoria de Justi\u00e7a de Francisco Beltr\u00e3o, no Sudoeste do estado, ofereceu den\u00fancia criminal contra um homem de 31 anos por tortura na modalidade castigo e por dois crimes de les\u00e3o corporal qualificada, no contexto de viol\u00eancia dom\u00e9stica e familiar, praticados contra os pr\u00f3prios filhos, de 3 e 5 anos. O caso ganhou grande repercuss\u00e3o no in\u00edcio deste m\u00eas, ap\u00f3s o denunciado agredir a filha ca\u00e7ula com um chute que atingiu o rosto e o t\u00f3rax da crian\u00e7a, causando sangramento. A agress\u00e3o ocorreu em via p\u00fablica, foi presenciada por testemunhas e registrada em v\u00eddeo.<\/p>\n<p class=\"text-align-center\"><strong><a href=\"https:\/\/apps.mppr.mp.br\/audios\/play\/79d309dcef00f3ec30d59adefe78422f\" target=\"_blank\">\u00c1udio da Promotora de Justi\u00e7a Silvia Skaetta Donatti<\/a><\/strong><\/p>\n<p>De acordo coma a den\u00fancia, em datas n\u00e3o determinadas dos meses de junho e julho deste ano, na resid\u00eancia da fam\u00edlia, o homem teria obrigado os filhos a permanecer ajoelhados sobre tampinhas de garrafa PET e gr\u00e3os de pipoca e feij\u00e3o, com o objetivo de provocar intenso sofrimento f\u00edsico e mental. O MPPR destaca que a pr\u00e1tica, al\u00e9m de causar \u201cdor acentuada, possui car\u00e1ter humilhante e intimidat\u00f3rio, potencializando o sofrimento ps\u00edquico das v\u00edtimas, especialmente em raz\u00e3o da tenra idade das crian\u00e7as, que se encontram em fase de desenvolvimento f\u00edsico e emocional, com reduzida capacidade de compreens\u00e3o e resist\u00eancia a esse tipo de viol\u00eancia\u201d. A situa\u00e7\u00e3o \u00e9 agravada pelo fato de os atos terem sido praticados pelo pr\u00f3prio genitor, figura que deveria assegurar prote\u00e7\u00e3o e cuidado aos filhos.<\/p>\n<p>O segundo fato denunciado ocorreu por volta do meio-dia de 2 de julho, tamb\u00e9m na resid\u00eancia da fam\u00edlia, quando o acusado teria agredido o filho de 5 anos com um peda\u00e7o de madeira, atingindo o rosto da crian\u00e7a e causando les\u00f5es corporais registradas em fotografia anexada ao processo.<\/p>\n<p>O terceiro fato, que teve ampla repercuss\u00e3o ap\u00f3s a divulga\u00e7\u00e3o do v\u00eddeo nas redes sociais e na imprensa, ocorreu no final da manh\u00e3 de 5 de julho. Conforme a den\u00fancia, o acusado caminhava com os filhos por uma rua do Bairro Industrial quando, repentinamente, desferiu um chute no rosto da filha de 3 anos. Com o impacto, a menina caiu sentada.<br \/>Na den\u00fancia, a Promotoria de Justi\u00e7a tamb\u00e9m se manifestou pela manuten\u00e7\u00e3o da pris\u00e3o preventiva do acusado, que permanece recolhido na 19\u00aa Subdivis\u00e3o Policial de Francisco Beltr\u00e3o.<\/p>\n<p><em>Informa\u00e7\u00f5es para a imprensa:<br \/>Assessoria de Comunica\u00e7\u00e3o<br \/><a href=\"https:\/\/mppr.mp.br\/cdn-cgi\/l\/email-protection\" class=\"__cf_email__\" data-cfemail=\"d0b3bfbda5beb9b3b1b3b1bf90bda0a0a2febda0feb2a2\">[email\u00a0protected]<\/a><br \/>(41) 3250-4249<\/em><\/p>\n<\/div>\n<p><a href=\"https:\/\/ubirataonline.com.br\/noticias\/\" target=\"_blank\" rel=\"noopener noreferrer\">Mais Not\u00edcias<\/a><\/p>\n<p><a href=\"https:\/\/ubirataonline.com.br\" target=\"_blank\" rel=\"noopener noreferrer\">Home Page &#8211; In\u00edcio<\/a><\/p>\n<p><a href=\"https:\/\/mppr.mp.br\/Noticia\/Em-Francisco-Beltrao-Ministerio-Publico-do-Parana-denuncia-homem-pelos-crimes-de-tortura-e\">Source link <\/a><br \/>\nSee more: <a href=\"https:\/\/theglobaltrack.com\/\" target=\"_blank\" rel=\"noopener noreferrer\">The Global Track<\/a><\/p>\n<p><a href=\"https:\/\/corinthiames.com.br\/\" target=\"_blank\" rel=\"noopener noreferrer\">Corinthia Mes<\/a><\/p>\n","protected":false},"excerpt":{"rendered":"<p>O Minist\u00e9rio P\u00fablico do Paran\u00e1, por meio da 1\u00aa Promotoria de Justi\u00e7a de Francisco Beltr\u00e3o, no Sudoeste do estado, ofereceu den\u00fancia criminal contra um homem de 31 anos por tortura na modalidade castigo e por dois crimes de les\u00e3o corporal qualificada, no contexto de viol\u00eancia dom\u00e9stica e familiar, praticados contra os pr\u00f3prios filhos, de 3 [&hellip;]<\/p>\n","protected":false},"author":1,"featured_media":157037,"comment_status":"closed","ping_status":"","sticky":false,"template":"","format":"standard","meta":{"googlesitekit_rrm_CAow2JLhCw:productID":"","_gspb_post_css":"","maa_idioma":"","maa_pais":"","footnotes":""},"categories":[4],"tags":[3141,21336,3180,12742,3748,233,3907,6550,105,9713,3438,90,16324,3439,3412,3411],"class_list":["post-157036","post","type-post","status-publish","format-standard","has-post-thumbnail","hentry","category-brasil","tag-anos","tag-beltrao","tag-contra","tag-corporal","tag-crimes","tag-denuncia","tag-filhos","tag-francisco","tag-homem","tag-lesao","tag-ministerio","tag-parana","tag-pelos","tag-publico","tag-qualificada","tag-tortura"],"blocksy_meta":[],"yoast_head":"<!-- This site is optimized with the Yoast SEO Premium plugin v27.6 (Yoast SEO v27.6) - https:\/\/yoast.com\/product\/yoast-seo-premium-wordpress\/ -->\n<title>Em Francisco Beltr\u00e3o, Minist\u00e9rio Publico do Paran\u00e1 denuncia homem pelos crimes de tortura e les\u00e3o corporal qualificada contra os filhos de 3 e 5 anos - Ubirat\u00e3 Online Not\u00edcias - A realidade ao seu alcance!<\/title>\n<meta name=\"description\" content=\"O Minist\u00e9rio P\u00fablico do Paran\u00e1, por meio da 1\u00aa Promotoria de Justi\u00e7a de Francisco Beltr\u00e3o, no Sudoeste do estado, ofereceu den\u00fancia criminal contra um homem de 31 anos por tortura na modalidade castigo e por dois crimes de les\u00e3o corporal qualifica\" \/>\n<meta name=\"robots\" content=\"index, follow, max-snippet:-1, max-image-preview:large, max-video-preview:-1\" \/>\n<link rel=\"canonical\" href=\"https:\/\/ubirataonline.com.br\/en\/em-francisco-beltrao-ministerio-publico-do-parana-denuncia-homem-pelos-crimes-de-tortura-e-lesao-corporal-qualificada-contra-os-filhos-de-3-e-5-anos\/\" \/>\n<meta property=\"og:locale\" content=\"en_US\" \/>\n<meta property=\"og:type\" content=\"article\" \/>\n<meta property=\"og:title\" content=\"Em Francisco Beltr\u00e3o, Minist\u00e9rio Publico do Paran\u00e1 denuncia homem pelos crimes de tortura e les\u00e3o corporal qualificada contra os filhos de 3 e 5 anos\" \/>\n<meta property=\"og:description\" content=\"O Minist\u00e9rio P\u00fablico do Paran\u00e1, por meio da 1\u00aa Promotoria de Justi\u00e7a de Francisco Beltr\u00e3o, no Sudoeste do estado, ofereceu den\u00fancia criminal contra um homem de 31 anos por tortura na modalidade castigo e por dois crimes de les\u00e3o corporal qualifica\" \/>\n<meta property=\"og:url\" content=\"https:\/\/ubirataonline.com.br\/en\/em-francisco-beltrao-ministerio-publico-do-parana-denuncia-homem-pelos-crimes-de-tortura-e-lesao-corporal-qualificada-contra-os-filhos-de-3-e-5-anos\/\" \/>\n<meta property=\"og:site_name\" content=\"Ubirat\u00e3 Online Not\u00edcias - A realidade ao seu alcance!\" \/>\n<meta property=\"article:publisher\" content=\"https:\/\/www.facebook.com\/portalubirataonline\" \/>\n<meta property=\"article:author\" content=\"https:\/\/www.facebook.com\/portalubirataonline\" \/>\n<meta property=\"article:published_time\" content=\"2026-07-22T21:07:33+00:00\" \/>\n<meta property=\"article:modified_time\" content=\"2026-07-22T21:07:34+00:00\" \/>\n<meta property=\"og:image\" content=\"https:\/\/ubirataonline.com.br\/wp-content\/uploads\/2026\/07\/Em-Francisco-Beltrao-Ministerio-Publico-do-Parana-denuncia-homem-pelos.png\" \/>\n\t<meta property=\"og:image:width\" content=\"240\" \/>\n\t<meta property=\"og:image:height\" content=\"240\" \/>\n\t<meta property=\"og:image:type\" content=\"image\/png\" \/>\n<meta name=\"author\" content=\"REDA\u00c7\u00c3O: UBIRAT\u00c3 ONLINE - F\u00c1BIO AUGUSTO CELESTINO\" \/>\n<meta name=\"twitter:card\" content=\"summary_large_image\" \/>\n<meta name=\"twitter:creator\" content=\"@x.com\/ubirataonline\" \/>\n<meta name=\"twitter:site\" content=\"@ubirataonline\" \/>\n<meta name=\"twitter:label1\" content=\"Written by\" \/>\n\t<meta name=\"twitter:data1\" content=\"REDA\u00c7\u00c3O: UBIRAT\u00c3 ONLINE - F\u00c1BIO AUGUSTO CELESTINO\" \/>\n\t<meta name=\"twitter:label2\" content=\"Est. reading time\" \/>\n\t<meta name=\"twitter:data2\" content=\"2 minutes\" \/>\n<script type=\"application\/ld+json\" class=\"yoast-schema-graph\">{\"@context\":\"https:\\\/\\\/schema.org\",\"@graph\":[{\"@type\":\"NewsArticle\",\"@id\":\"https:\\\/\\\/ubirataonline.com.br\\\/em-francisco-beltrao-ministerio-publico-do-parana-denuncia-homem-pelos-crimes-de-tortura-e-lesao-corporal-qualificada-contra-os-filhos-de-3-e-5-anos\\\/#article\",\"isPartOf\":{\"@id\":\"https:\\\/\\\/ubirataonline.com.br\\\/em-francisco-beltrao-ministerio-publico-do-parana-denuncia-homem-pelos-crimes-de-tortura-e-lesao-corporal-qualificada-contra-os-filhos-de-3-e-5-anos\\\/\"},\"author\":{\"name\":\"REDA\u00c7\u00c3O: UBIRAT\u00c3 ONLINE - F\u00c1BIO AUGUSTO CELESTINO\",\"@id\":\"https:\\\/\\\/ubirataonline.com.br\\\/#\\\/schema\\\/person\\\/372f87bbd3fdd79b8556b84c98d0bc1c\"},\"headline\":\"Em Francisco Beltr\u00e3o, Minist\u00e9rio Publico do Paran\u00e1 denuncia homem pelos crimes de tortura e les\u00e3o corporal qualificada contra os filhos de 3 e 5 anos\",\"datePublished\":\"2026-07-22T21:07:33+00:00\",\"dateModified\":\"2026-07-22T21:07:34+00:00\",\"mainEntityOfPage\":{\"@id\":\"https:\\\/\\\/ubirataonline.com.br\\\/em-francisco-beltrao-ministerio-publico-do-parana-denuncia-homem-pelos-crimes-de-tortura-e-lesao-corporal-qualificada-contra-os-filhos-de-3-e-5-anos\\\/\"},\"wordCount\":477,\"publisher\":{\"@id\":\"https:\\\/\\\/ubirataonline.com.br\\\/#organization\"},\"image\":{\"@id\":\"https:\\\/\\\/ubirataonline.com.br\\\/em-francisco-beltrao-ministerio-publico-do-parana-denuncia-homem-pelos-crimes-de-tortura-e-lesao-corporal-qualificada-contra-os-filhos-de-3-e-5-anos\\\/#primaryimage\"},\"thumbnailUrl\":\"https:\\\/\\\/ubirataonline.com.br\\\/wp-content\\\/uploads\\\/2026\\\/07\\\/Em-Francisco-Beltrao-Ministerio-Publico-do-Parana-denuncia-homem-pelos.png\",\"keywords\":[\"anos\",\"Beltr\u00e3o\",\"contra\",\"corporal\",\"crimes\",\"Den\u00fancia\",\"filhos\",\"Francisco\",\"homem\",\"les\u00e3o\",\"Minist\u00e9rio\",\"paran\u00e1\",\"pelos\",\"P\u00fablico\",\"qualificada\",\"tortura\"],\"articleSection\":[\"Brasil\"],\"inLanguage\":\"en-US\",\"copyrightYear\":\"2026\",\"copyrightHolder\":{\"@id\":\"https:\\\/\\\/ubirataonline.com.br\\\/en\\\/#organization\"}},{\"@type\":\"WebPage\",\"@id\":\"https:\\\/\\\/ubirataonline.com.br\\\/em-francisco-beltrao-ministerio-publico-do-parana-denuncia-homem-pelos-crimes-de-tortura-e-lesao-corporal-qualificada-contra-os-filhos-de-3-e-5-anos\\\/\",\"url\":\"https:\\\/\\\/ubirataonline.com.br\\\/em-francisco-beltrao-ministerio-publico-do-parana-denuncia-homem-pelos-crimes-de-tortura-e-lesao-corporal-qualificada-contra-os-filhos-de-3-e-5-anos\\\/\",\"name\":\"Em Francisco Beltr\u00e3o, Minist\u00e9rio Publico do Paran\u00e1 denuncia homem pelos crimes de tortura e les\u00e3o corporal qualificada contra os filhos de 3 e 5 anos - Ubirat\u00e3 Online Not\u00edcias - A realidade ao seu alcance!\",\"isPartOf\":{\"@id\":\"https:\\\/\\\/ubirataonline.com.br\\\/#website\"},\"primaryImageOfPage\":{\"@id\":\"https:\\\/\\\/ubirataonline.com.br\\\/em-francisco-beltrao-ministerio-publico-do-parana-denuncia-homem-pelos-crimes-de-tortura-e-lesao-corporal-qualificada-contra-os-filhos-de-3-e-5-anos\\\/#primaryimage\"},\"image\":{\"@id\":\"https:\\\/\\\/ubirataonline.com.br\\\/em-francisco-beltrao-ministerio-publico-do-parana-denuncia-homem-pelos-crimes-de-tortura-e-lesao-corporal-qualificada-contra-os-filhos-de-3-e-5-anos\\\/#primaryimage\"},\"thumbnailUrl\":\"https:\\\/\\\/ubirataonline.com.br\\\/wp-content\\\/uploads\\\/2026\\\/07\\\/Em-Francisco-Beltrao-Ministerio-Publico-do-Parana-denuncia-homem-pelos.png\",\"datePublished\":\"2026-07-22T21:07:33+00:00\",\"dateModified\":\"2026-07-22T21:07:34+00:00\",\"description\":\"O Minist\u00e9rio P\u00fablico do Paran\u00e1, por meio da 1\u00aa Promotoria de Justi\u00e7a de Francisco Beltr\u00e3o, no Sudoeste do estado, ofereceu den\u00fancia criminal contra um homem de 31 anos por tortura na modalidade castigo e por dois crimes de les\u00e3o corporal qualifica\",\"breadcrumb\":{\"@id\":\"https:\\\/\\\/ubirataonline.com.br\\\/em-francisco-beltrao-ministerio-publico-do-parana-denuncia-homem-pelos-crimes-de-tortura-e-lesao-corporal-qualificada-contra-os-filhos-de-3-e-5-anos\\\/#breadcrumb\"},\"inLanguage\":\"en-US\",\"potentialAction\":[{\"@type\":\"ReadAction\",\"target\":[\"https:\\\/\\\/ubirataonline.com.br\\\/em-francisco-beltrao-ministerio-publico-do-parana-denuncia-homem-pelos-crimes-de-tortura-e-lesao-corporal-qualificada-contra-os-filhos-de-3-e-5-anos\\\/\"]}]},{\"@type\":\"ImageObject\",\"inLanguage\":\"en-US\",\"@id\":\"https:\\\/\\\/ubirataonline.com.br\\\/em-francisco-beltrao-ministerio-publico-do-parana-denuncia-homem-pelos-crimes-de-tortura-e-lesao-corporal-qualificada-contra-os-filhos-de-3-e-5-anos\\\/#primaryimage\",\"url\":\"https:\\\/\\\/ubirataonline.com.br\\\/wp-content\\\/uploads\\\/2026\\\/07\\\/Em-Francisco-Beltrao-Ministerio-Publico-do-Parana-denuncia-homem-pelos.png\",\"contentUrl\":\"https:\\\/\\\/ubirataonline.com.br\\\/wp-content\\\/uploads\\\/2026\\\/07\\\/Em-Francisco-Beltrao-Ministerio-Publico-do-Parana-denuncia-homem-pelos.png\",\"width\":240,\"height\":240,\"caption\":\"Em Francisco Beltr\u00e3o, Minist\u00e9rio Publico do Paran\u00e1 denuncia homem pelos crimes de tortura e les\u00e3o corporal qualificada contra os filhos de 3 e 5 anos\"},{\"@type\":\"BreadcrumbList\",\"@id\":\"https:\\\/\\\/ubirataonline.com.br\\\/em-francisco-beltrao-ministerio-publico-do-parana-denuncia-homem-pelos-crimes-de-tortura-e-lesao-corporal-qualificada-contra-os-filhos-de-3-e-5-anos\\\/#breadcrumb\",\"itemListElement\":[{\"@type\":\"ListItem\",\"position\":1,\"name\":\"In\u00edcio\",\"item\":\"https:\\\/\\\/ubirataonline.com.br\\\/\"},{\"@type\":\"ListItem\",\"position\":2,\"name\":\"Em Francisco Beltr\u00e3o, Minist\u00e9rio Publico do Paran\u00e1 denuncia homem pelos crimes de tortura e les\u00e3o corporal qualificada contra os filhos de 3 e 5 anos\"}]},{\"@type\":\"WebSite\",\"@id\":\"https:\\\/\\\/ubirataonline.com.br\\\/#website\",\"url\":\"https:\\\/\\\/ubirataonline.com.br\\\/\",\"name\":\"Ubirat\u00e3 Online Not\u00edcias\",\"description\":\"Not\u00edcias de Ubirat\u00e3, regi\u00e3o, Brasil e mundo, com informa\u00e7\u00e3o atualizada e compromisso com o leitor.\",\"publisher\":{\"@id\":\"https:\\\/\\\/ubirataonline.com.br\\\/#organization\"},\"alternateName\":\"Ubirat\u00e3 Online\",\"potentialAction\":[{\"@type\":\"SearchAction\",\"target\":{\"@type\":\"EntryPoint\",\"urlTemplate\":\"https:\\\/\\\/ubirataonline.com.br\\\/?s={search_term_string}\"},\"query-input\":{\"@type\":\"PropertyValueSpecification\",\"valueRequired\":true,\"valueName\":\"search_term_string\"}}],\"inLanguage\":\"en-US\"},{\"@type\":[\"Organization\",\"Place\"],\"@id\":\"https:\\\/\\\/ubirataonline.com.br\\\/#organization\",\"name\":\"Ubirat\u00e3 Online Not\u00edcias\",\"alternateName\":\"Ubirat\u00e3 Online\",\"url\":\"https:\\\/\\\/ubirataonline.com.br\\\/\",\"logo\":{\"@id\":\"https:\\\/\\\/ubirataonline.com.br\\\/em-francisco-beltrao-ministerio-publico-do-parana-denuncia-homem-pelos-crimes-de-tortura-e-lesao-corporal-qualificada-contra-os-filhos-de-3-e-5-anos\\\/#local-main-organization-logo\"},\"image\":{\"@id\":\"https:\\\/\\\/ubirataonline.com.br\\\/em-francisco-beltrao-ministerio-publico-do-parana-denuncia-homem-pelos-crimes-de-tortura-e-lesao-corporal-qualificada-contra-os-filhos-de-3-e-5-anos\\\/#local-main-organization-logo\"},\"sameAs\":[\"https:\\\/\\\/www.facebook.com\\\/portalubirataonline\",\"https:\\\/\\\/x.com\\\/ubirataonline\",\"https:\\\/\\\/mastodon.social\\\/@ubirataonline\",\"https:\\\/\\\/www.facebook.com\\\/groups\\\/311144672285604\",\"https:\\\/\\\/www.facebook.com\\\/UBTAOnline\",\"https:\\\/\\\/www.instagram.com\\\/portalubirataonline\\\/\",\"https:\\\/\\\/twitter.com\\\/ubirataonline\"],\"description\":\"Somos um portal de not\u00edcias independente, criado em 5 de janeiro de 2009, com o objetivo de informar, conectar e valorizar a nossa comunidade de Ubirat\u00e3 e toda aregi\u00e3o. Com conte\u00fado atualizado, confi\u00e1vel e relevante, o Ubirat\u00e3 Online \u00e9 o seu espa\u00e7o para ficar por dentro dos principais acontecimentos locais, regionais, Brasil, Mundo e de interesse geral. Nosso compromisso \u00e9 com a verdade, a transpar\u00eancia e o respeito ao leitor.\",\"legalName\":\"UBIRATA ONLINE NOT\u00cdCIAS\",\"foundingDate\":\"2009-01-05\",\"numberOfEmployees\":{\"@type\":\"QuantitativeValue\",\"minValue\":\"1\",\"maxValue\":\"10\"},\"publishingPrinciples\":\"https:\\\/\\\/ubirataonline.com.br\\\/faq\\\/\",\"address\":{\"@id\":\"https:\\\/\\\/ubirataonline.com.br\\\/em-francisco-beltrao-ministerio-publico-do-parana-denuncia-homem-pelos-crimes-de-tortura-e-lesao-corporal-qualificada-contra-os-filhos-de-3-e-5-anos\\\/#local-main-place-address\"},\"geo\":{\"@type\":\"GeoCoordinates\",\"latitude\":\"-24.5361401\",\"longitude\":\"-52.9921776\"},\"telephone\":[\"+5544998308235\"],\"contactPoint\":{\"@type\":\"ContactPoint\",\"email\":\"contato@ubirataonline.com.br\"},\"openingHoursSpecification\":{\"@type\":\"OpeningHoursSpecification\",\"dayOfWeek\":[\"Monday\",\"Tuesday\",\"Wednesday\",\"Thursday\",\"Friday\",\"Saturday\",\"Sunday\"],\"opens\":\"00:00\",\"closes\":\"23:59\"},\"email\":\"contato@ubirataonline.com.br\",\"vatID\":\"47.621.418\\\/0001-80\"},{\"@type\":\"Person\",\"@id\":\"https:\\\/\\\/ubirataonline.com.br\\\/#\\\/schema\\\/person\\\/372f87bbd3fdd79b8556b84c98d0bc1c\",\"name\":\"REDA\u00c7\u00c3O: UBIRAT\u00c3 ONLINE - F\u00c1BIO AUGUSTO CELESTINO\",\"pronouns\":\"Ele\",\"description\":\"Desde 2003 trabalhando com not\u00edcias.\",\"sameAs\":[\"http:\\\/\\\/ubirataoline.com.br\",\"https:\\\/\\\/www.facebook.com\\\/portalubirataonline\",\"https:\\\/\\\/www.instagram.com\\\/ubirataonline_oficial\",\"https:\\\/\\\/x.com\\\/x.com\\\/ubirataonline\"],\"honorificPrefix\":\"Mr.\",\"honorificSuffix\":\"MD\",\"birthDate\":\"1980-06-16\",\"gender\":\"masculino\",\"award\":[\"V\u00e1rios pr\u00eamios de melhor portal da cidade\"],\"jobTitle\":\"Diretor\",\"url\":\"https:\\\/\\\/ubirataonline.com.br\\\/en\\\/author\\\/ubirataonline\\\/\"},{\"@type\":\"PostalAddress\",\"@id\":\"https:\\\/\\\/ubirataonline.com.br\\\/em-francisco-beltrao-ministerio-publico-do-parana-denuncia-homem-pelos-crimes-de-tortura-e-lesao-corporal-qualificada-contra-os-filhos-de-3-e-5-anos\\\/#local-main-place-address\",\"streetAddress\":\"Rua dos Coqueiros, 104 - Bairro Boa Vista, Rua dos Coqueiros, 104 Bairro Boa Vista\",\"addressLocality\":\"UBIRATA\",\"postalCode\":\"85440-000\",\"addressRegion\":\"PR\",\"addressCountry\":\"BR\"},{\"@type\":\"ImageObject\",\"inLanguage\":\"en-US\",\"@id\":\"https:\\\/\\\/ubirataonline.com.br\\\/em-francisco-beltrao-ministerio-publico-do-parana-denuncia-homem-pelos-crimes-de-tortura-e-lesao-corporal-qualificada-contra-os-filhos-de-3-e-5-anos\\\/#local-main-organization-logo\",\"url\":\"https:\\\/\\\/ubirataonline.com.br\\\/wp-content\\\/uploads\\\/2026\\\/06\\\/logoubirataonline-1.webp\",\"contentUrl\":\"https:\\\/\\\/ubirataonline.com.br\\\/wp-content\\\/uploads\\\/2026\\\/06\\\/logoubirataonline-1.webp\",\"width\":500,\"height\":500,\"caption\":\"Ubirat\u00e3 Online Not\u00edcias\"}]}<\/script>\n<meta name=\"geo.placename\" content=\"UBIRATA\" \/>\n<meta name=\"geo.position\" content=\"-24.5361401;-52.9921776\" \/>\n<meta name=\"geo.region\" content=\"Brazil\" \/>\n<!-- \/ Yoast SEO Premium plugin. -->","yoast_head_json":{"title":"Em Francisco Beltr\u00e3o, Minist\u00e9rio Publico do Paran\u00e1 denuncia homem pelos crimes de tortura e les\u00e3o corporal qualificada contra os filhos de 3 e 5 anos - Ubirat\u00e3 Online Not\u00edcias - A realidade ao seu alcance!","description":"O Minist\u00e9rio P\u00fablico do Paran\u00e1, por meio da 1\u00aa Promotoria de Justi\u00e7a de Francisco Beltr\u00e3o, no Sudoeste do estado, ofereceu den\u00fancia criminal contra um homem de 31 anos por tortura na modalidade castigo e por dois crimes de les\u00e3o corporal qualifica","robots":{"index":"index","follow":"follow","max-snippet":"max-snippet:-1","max-image-preview":"max-image-preview:large","max-video-preview":"max-video-preview:-1"},"canonical":"https:\/\/ubirataonline.com.br\/en\/em-francisco-beltrao-ministerio-publico-do-parana-denuncia-homem-pelos-crimes-de-tortura-e-lesao-corporal-qualificada-contra-os-filhos-de-3-e-5-anos\/","og_locale":"en_US","og_type":"article","og_title":"Em Francisco Beltr\u00e3o, Minist\u00e9rio Publico do Paran\u00e1 denuncia homem pelos crimes de tortura e les\u00e3o corporal qualificada contra os filhos de 3 e 5 anos","og_description":"O Minist\u00e9rio P\u00fablico do Paran\u00e1, por meio da 1\u00aa Promotoria de Justi\u00e7a de Francisco Beltr\u00e3o, no Sudoeste do estado, ofereceu den\u00fancia criminal contra um homem de 31 anos por tortura na modalidade castigo e por dois crimes de les\u00e3o corporal qualifica","og_url":"https:\/\/ubirataonline.com.br\/en\/em-francisco-beltrao-ministerio-publico-do-parana-denuncia-homem-pelos-crimes-de-tortura-e-lesao-corporal-qualificada-contra-os-filhos-de-3-e-5-anos\/","og_site_name":"Ubirat\u00e3 Online Not\u00edcias - A realidade ao seu alcance!","article_publisher":"https:\/\/www.facebook.com\/portalubirataonline","article_author":"https:\/\/www.facebook.com\/portalubirataonline","article_published_time":"2026-07-22T21:07:33+00:00","article_modified_time":"2026-07-22T21:07:34+00:00","og_image":[{"width":240,"height":240,"url":"https:\/\/ubirataonline.com.br\/wp-content\/uploads\/2026\/07\/Em-Francisco-Beltrao-Ministerio-Publico-do-Parana-denuncia-homem-pelos.png","type":"image\/png"}],"author":"REDA\u00c7\u00c3O: UBIRAT\u00c3 ONLINE - F\u00c1BIO AUGUSTO CELESTINO","twitter_card":"summary_large_image","twitter_creator":"@x.com\/ubirataonline","twitter_site":"@ubirataonline","twitter_misc":{"Written by":"REDA\u00c7\u00c3O: UBIRAT\u00c3 ONLINE - F\u00c1BIO AUGUSTO CELESTINO","Est. reading time":"2 minutes"},"schema":{"@context":"https:\/\/schema.org","@graph":[{"@type":"NewsArticle","@id":"https:\/\/ubirataonline.com.br\/em-francisco-beltrao-ministerio-publico-do-parana-denuncia-homem-pelos-crimes-de-tortura-e-lesao-corporal-qualificada-contra-os-filhos-de-3-e-5-anos\/#article","isPartOf":{"@id":"https:\/\/ubirataonline.com.br\/em-francisco-beltrao-ministerio-publico-do-parana-denuncia-homem-pelos-crimes-de-tortura-e-lesao-corporal-qualificada-contra-os-filhos-de-3-e-5-anos\/"},"author":{"name":"REDA\u00c7\u00c3O: UBIRAT\u00c3 ONLINE - F\u00c1BIO AUGUSTO CELESTINO","@id":"https:\/\/ubirataonline.com.br\/#\/schema\/person\/372f87bbd3fdd79b8556b84c98d0bc1c"},"headline":"Em Francisco Beltr\u00e3o, Minist\u00e9rio Publico do Paran\u00e1 denuncia homem pelos crimes de tortura e les\u00e3o corporal qualificada contra os filhos de 3 e 5 anos","datePublished":"2026-07-22T21:07:33+00:00","dateModified":"2026-07-22T21:07:34+00:00","mainEntityOfPage":{"@id":"https:\/\/ubirataonline.com.br\/em-francisco-beltrao-ministerio-publico-do-parana-denuncia-homem-pelos-crimes-de-tortura-e-lesao-corporal-qualificada-contra-os-filhos-de-3-e-5-anos\/"},"wordCount":477,"publisher":{"@id":"https:\/\/ubirataonline.com.br\/#organization"},"image":{"@id":"https:\/\/ubirataonline.com.br\/em-francisco-beltrao-ministerio-publico-do-parana-denuncia-homem-pelos-crimes-de-tortura-e-lesao-corporal-qualificada-contra-os-filhos-de-3-e-5-anos\/#primaryimage"},"thumbnailUrl":"https:\/\/ubirataonline.com.br\/wp-content\/uploads\/2026\/07\/Em-Francisco-Beltrao-Ministerio-Publico-do-Parana-denuncia-homem-pelos.png","keywords":["anos","Beltr\u00e3o","contra","corporal","crimes","Den\u00fancia","filhos","Francisco","homem","les\u00e3o","Minist\u00e9rio","paran\u00e1","pelos","P\u00fablico","qualificada","tortura"],"articleSection":["Brasil"],"inLanguage":"en-US","copyrightYear":"2026","copyrightHolder":{"@id":"https:\/\/ubirataonline.com.br\/en\/#organization"}},{"@type":"WebPage","@id":"https:\/\/ubirataonline.com.br\/em-francisco-beltrao-ministerio-publico-do-parana-denuncia-homem-pelos-crimes-de-tortura-e-lesao-corporal-qualificada-contra-os-filhos-de-3-e-5-anos\/","url":"https:\/\/ubirataonline.com.br\/em-francisco-beltrao-ministerio-publico-do-parana-denuncia-homem-pelos-crimes-de-tortura-e-lesao-corporal-qualificada-contra-os-filhos-de-3-e-5-anos\/","name":"Em Francisco Beltr\u00e3o, Minist\u00e9rio Publico do Paran\u00e1 denuncia homem pelos crimes de tortura e les\u00e3o corporal qualificada contra os filhos de 3 e 5 anos - Ubirat\u00e3 Online Not\u00edcias - A realidade ao seu alcance!","isPartOf":{"@id":"https:\/\/ubirataonline.com.br\/#website"},"primaryImageOfPage":{"@id":"https:\/\/ubirataonline.com.br\/em-francisco-beltrao-ministerio-publico-do-parana-denuncia-homem-pelos-crimes-de-tortura-e-lesao-corporal-qualificada-contra-os-filhos-de-3-e-5-anos\/#primaryimage"},"image":{"@id":"https:\/\/ubirataonline.com.br\/em-francisco-beltrao-ministerio-publico-do-parana-denuncia-homem-pelos-crimes-de-tortura-e-lesao-corporal-qualificada-contra-os-filhos-de-3-e-5-anos\/#primaryimage"},"thumbnailUrl":"https:\/\/ubirataonline.com.br\/wp-content\/uploads\/2026\/07\/Em-Francisco-Beltrao-Ministerio-Publico-do-Parana-denuncia-homem-pelos.png","datePublished":"2026-07-22T21:07:33+00:00","dateModified":"2026-07-22T21:07:34+00:00","description":"O Minist\u00e9rio P\u00fablico do Paran\u00e1, por meio da 1\u00aa Promotoria de Justi\u00e7a de Francisco Beltr\u00e3o, no Sudoeste do estado, ofereceu den\u00fancia criminal contra um homem de 31 anos por tortura na modalidade castigo e por dois crimes de les\u00e3o corporal qualifica","breadcrumb":{"@id":"https:\/\/ubirataonline.com.br\/em-francisco-beltrao-ministerio-publico-do-parana-denuncia-homem-pelos-crimes-de-tortura-e-lesao-corporal-qualificada-contra-os-filhos-de-3-e-5-anos\/#breadcrumb"},"inLanguage":"en-US","potentialAction":[{"@type":"ReadAction","target":["https:\/\/ubirataonline.com.br\/em-francisco-beltrao-ministerio-publico-do-parana-denuncia-homem-pelos-crimes-de-tortura-e-lesao-corporal-qualificada-contra-os-filhos-de-3-e-5-anos\/"]}]},{"@type":"ImageObject","inLanguage":"en-US","@id":"https:\/\/ubirataonline.com.br\/em-francisco-beltrao-ministerio-publico-do-parana-denuncia-homem-pelos-crimes-de-tortura-e-lesao-corporal-qualificada-contra-os-filhos-de-3-e-5-anos\/#primaryimage","url":"https:\/\/ubirataonline.com.br\/wp-content\/uploads\/2026\/07\/Em-Francisco-Beltrao-Ministerio-Publico-do-Parana-denuncia-homem-pelos.png","contentUrl":"https:\/\/ubirataonline.com.br\/wp-content\/uploads\/2026\/07\/Em-Francisco-Beltrao-Ministerio-Publico-do-Parana-denuncia-homem-pelos.png","width":240,"height":240,"caption":"Em Francisco Beltr\u00e3o, Minist\u00e9rio Publico do Paran\u00e1 denuncia homem pelos crimes de tortura e les\u00e3o corporal qualificada contra os filhos de 3 e 5 anos"},{"@type":"BreadcrumbList","@id":"https:\/\/ubirataonline.com.br\/em-francisco-beltrao-ministerio-publico-do-parana-denuncia-homem-pelos-crimes-de-tortura-e-lesao-corporal-qualificada-contra-os-filhos-de-3-e-5-anos\/#breadcrumb","itemListElement":[{"@type":"ListItem","position":1,"name":"In\u00edcio","item":"https:\/\/ubirataonline.com.br\/"},{"@type":"ListItem","position":2,"name":"Em Francisco Beltr\u00e3o, Minist\u00e9rio Publico do Paran\u00e1 denuncia homem pelos crimes de tortura e les\u00e3o corporal qualificada contra os filhos de 3 e 5 anos"}]},{"@type":"WebSite","@id":"https:\/\/ubirataonline.com.br\/#website","url":"https:\/\/ubirataonline.com.br\/","name":"Ubirat\u00e3 Online Not\u00edcias","description":"Not\u00edcias de Ubirat\u00e3, regi\u00e3o, Brasil e mundo, com informa\u00e7\u00e3o atualizada e compromisso com o leitor.","publisher":{"@id":"https:\/\/ubirataonline.com.br\/#organization"},"alternateName":"Ubirat\u00e3 Online","potentialAction":[{"@type":"SearchAction","target":{"@type":"EntryPoint","urlTemplate":"https:\/\/ubirataonline.com.br\/?s={search_term_string}"},"query-input":{"@type":"PropertyValueSpecification","valueRequired":true,"valueName":"search_term_string"}}],"inLanguage":"en-US"},{"@type":["Organization","Place"],"@id":"https:\/\/ubirataonline.com.br\/#organization","name":"Ubirat\u00e3 Online Not\u00edcias","alternateName":"Ubirat\u00e3 Online","url":"https:\/\/ubirataonline.com.br\/","logo":{"@id":"https:\/\/ubirataonline.com.br\/em-francisco-beltrao-ministerio-publico-do-parana-denuncia-homem-pelos-crimes-de-tortura-e-lesao-corporal-qualificada-contra-os-filhos-de-3-e-5-anos\/#local-main-organization-logo"},"image":{"@id":"https:\/\/ubirataonline.com.br\/em-francisco-beltrao-ministerio-publico-do-parana-denuncia-homem-pelos-crimes-de-tortura-e-lesao-corporal-qualificada-contra-os-filhos-de-3-e-5-anos\/#local-main-organization-logo"},"sameAs":["https:\/\/www.facebook.com\/portalubirataonline","https:\/\/x.com\/ubirataonline","https:\/\/mastodon.social\/@ubirataonline","https:\/\/www.facebook.com\/groups\/311144672285604","https:\/\/www.facebook.com\/UBTAOnline","https:\/\/www.instagram.com\/portalubirataonline\/","https:\/\/twitter.com\/ubirataonline"],"description":"Somos um portal de not\u00edcias independente, criado em 5 de janeiro de 2009, com o objetivo de informar, conectar e valorizar a nossa comunidade de Ubirat\u00e3 e toda aregi\u00e3o. Com conte\u00fado atualizado, confi\u00e1vel e relevante, o Ubirat\u00e3 Online \u00e9 o seu espa\u00e7o para ficar por dentro dos principais acontecimentos locais, regionais, Brasil, Mundo e de interesse geral. Nosso compromisso \u00e9 com a verdade, a transpar\u00eancia e o respeito ao leitor.","legalName":"UBIRATA ONLINE NOT\u00cdCIAS","foundingDate":"2009-01-05","numberOfEmployees":{"@type":"QuantitativeValue","minValue":"1","maxValue":"10"},"publishingPrinciples":"https:\/\/ubirataonline.com.br\/faq\/","address":{"@id":"https:\/\/ubirataonline.com.br\/em-francisco-beltrao-ministerio-publico-do-parana-denuncia-homem-pelos-crimes-de-tortura-e-lesao-corporal-qualificada-contra-os-filhos-de-3-e-5-anos\/#local-main-place-address"},"geo":{"@type":"GeoCoordinates","latitude":"-24.5361401","longitude":"-52.9921776"},"telephone":["+5544998308235"],"contactPoint":{"@type":"ContactPoint","email":"contato@ubirataonline.com.br"},"openingHoursSpecification":{"@type":"OpeningHoursSpecification","dayOfWeek":["Monday","Tuesday","Wednesday","Thursday","Friday","Saturday","Sunday"],"opens":"00:00","closes":"23:59"},"email":"contato@ubirataonline.com.br","vatID":"47.621.418\/0001-80"},{"@type":"Person","@id":"https:\/\/ubirataonline.com.br\/#\/schema\/person\/372f87bbd3fdd79b8556b84c98d0bc1c","name":"REDA\u00c7\u00c3O: UBIRAT\u00c3 ONLINE - F\u00c1BIO AUGUSTO CELESTINO","pronouns":"Ele","description":"Desde 2003 trabalhando com not\u00edcias.","sameAs":["http:\/\/ubirataoline.com.br","https:\/\/www.facebook.com\/portalubirataonline","https:\/\/www.instagram.com\/ubirataonline_oficial","https:\/\/x.com\/x.com\/ubirataonline"],"honorificPrefix":"Mr.","honorificSuffix":"MD","birthDate":"1980-06-16","gender":"masculino","award":["V\u00e1rios pr\u00eamios de melhor portal da cidade"],"jobTitle":"Diretor","url":"https:\/\/ubirataonline.com.br\/en\/author\/ubirataonline\/"},{"@type":"PostalAddress","@id":"https:\/\/ubirataonline.com.br\/em-francisco-beltrao-ministerio-publico-do-parana-denuncia-homem-pelos-crimes-de-tortura-e-lesao-corporal-qualificada-contra-os-filhos-de-3-e-5-anos\/#local-main-place-address","streetAddress":"Rua dos Coqueiros, 104 - Bairro Boa Vista, Rua dos Coqueiros, 104 Bairro Boa Vista","addressLocality":"UBIRATA","postalCode":"85440-000","addressRegion":"PR","addressCountry":"BR"},{"@type":"ImageObject","inLanguage":"en-US","@id":"https:\/\/ubirataonline.com.br\/em-francisco-beltrao-ministerio-publico-do-parana-denuncia-homem-pelos-crimes-de-tortura-e-lesao-corporal-qualificada-contra-os-filhos-de-3-e-5-anos\/#local-main-organization-logo","url":"https:\/\/ubirataonline.com.br\/wp-content\/uploads\/2026\/06\/logoubirataonline-1.webp","contentUrl":"https:\/\/ubirataonline.com.br\/wp-content\/uploads\/2026\/06\/logoubirataonline-1.webp","width":500,"height":500,"caption":"Ubirat\u00e3 Online Not\u00edcias"}]},"geo.placename":"UBIRATA","geo.position":{"lat":"-24.5361401","long":"-52.9921776"},"geo.region":"Brazil"},"_links":{"self":[{"href":"https:\/\/ubirataonline.com.br\/en\/wp-json\/wp\/v2\/posts\/157036","targetHints":{"allow":["GET"]}}],"collection":[{"href":"https:\/\/ubirataonline.com.br\/en\/wp-json\/wp\/v2\/posts"}],"about":[{"href":"https:\/\/ubirataonline.com.br\/en\/wp-json\/wp\/v2\/types\/post"}],"author":[{"embeddable":true,"href":"https:\/\/ubirataonline.com.br\/en\/wp-json\/wp\/v2\/users\/1"}],"replies":[{"embeddable":true,"href":"https:\/\/ubirataonline.com.br\/en\/wp-json\/wp\/v2\/comments?post=157036"}],"version-history":[{"count":0,"href":"https:\/\/ubirataonline.com.br\/en\/wp-json\/wp\/v2\/posts\/157036\/revisions"}],"wp:featuredmedia":[{"embeddable":true,"href":"https:\/\/ubirataonline.com.br\/en\/wp-json\/wp\/v2\/media\/157037"}],"wp:attachment":[{"href":"https:\/\/ubirataonline.com.br\/en\/wp-json\/wp\/v2\/media?parent=157036"}],"wp:term":[{"taxonomy":"category","embeddable":true,"href":"https:\/\/ubirataonline.com.br\/en\/wp-json\/wp\/v2\/categories?post=157036"},{"taxonomy":"post_tag","embeddable":true,"href":"https:\/\/ubirataonline.com.br\/en\/wp-json\/wp\/v2\/tags?post=157036"}],"curies":[{"name":"wp","href":"https:\/\/api.w.org\/{rel}","templated":true}]}}