{"id":157254,"date":"2026-07-23T10:59:39","date_gmt":"2026-07-23T13:59:39","guid":{"rendered":"https:\/\/ubirataonline.com.br\/caso-de-fernanda-lima-ganha-reviravolta-apos-decisao-da-justica-sobre-pericia\/"},"modified":"2026-07-23T10:59:42","modified_gmt":"2026-07-23T13:59:42","slug":"caso-de-fernanda-lima-ganha-reviravolta-apos-decisao-da-justica-sobre-pericia","status":"publish","type":"post","link":"https:\/\/ubirataonline.com.br\/en\/caso-de-fernanda-lima-ganha-reviravolta-apos-decisao-da-justica-sobre-pericia\/","title":{"rendered":"Caso de Fernanda Lima ganha reviravolta ap\u00f3s decis\u00e3o da Justi\u00e7a sobre per\u00edcia"},"content":{"rendered":"<p><\/p>\n<div>\n<div class=\"article__header__content--left\">\n<p><h2>Justi\u00e7a toma decis\u00e3o em processo entre Fernanda Lima e empresa de gest\u00e3o financeira<\/h2>\n<\/p>\n<div class=\"article__header__author-wrapper\" itemprop=\"author\" itemscope=\"\" itemtype=\"http:\/\/schema.org\/Person\">\n<ul class=\"article__header__author bg-color-secondary-diversao is-partner\">\n<li class=\"article__header__author__item\">\n                                                <span class=\"article__header__author__item__is-partner\">Por:<\/span><br \/>\n                                                                                    <span class=\"article__header__author__item__name\" itemprop=\"name\">Everton Henrique \/ Licenciado de Contigo<\/span>\n                                                                        <\/li>\n<\/ul>\n<\/div><\/div>\n<\/p><\/div>\n<div>\n<p class=\"text\">A disputa judicial envolvendo Fernanda Lima e a <strong>Prada Administradora<\/strong> ganhou um novo desdobramento. Segundo informa\u00e7\u00f5es da coluna de <strong>F\u00e1bia Oliveira<\/strong>, do <strong>Metr\u00f3poles<\/strong>, a Justi\u00e7a determinou a realiza\u00e7\u00e3o de uma per\u00edcia t\u00e9cnica para esclarecer pontos centrais do processo que coloca frente a frente a apresentadora e a empresa respons\u00e1vel por sua gest\u00e3o financeira e planejamento patrimonial desde 2021. A medida dever\u00e1 ajudar a definir os pr\u00f3ximos passos da a\u00e7\u00e3o e esclarecer as alega\u00e7\u00f5es apresentadas por ambas as partes.<\/p>\n<div class=\"article__image-embed\" id=\"image_f8be1a237c0ec565dd5976a46aecdaa23ajtnze6\">\n<figure itemprop=\"associatedMedia image\" itemscope=\"\" itemtype=\"http:\/\/schema.org\/ImageObject\">\n<meta content=\"true\" itemprop=\"representativeOfPage\"\/><br \/>\n<meta content=\"\/\/p2.trrsf.com\/image\/fget\/cf\/940\/0\/images.terra.com\/2026\/07\/23\/1409859108-caso-de-fernanda-lima-ganha-reviravolta-apos-decisao-da-justica-sobre-pericia.png\" itemprop=\"url\"\/><br \/>\n<meta content=\"800\" itemprop=\"width\"\/><br \/>\n<meta content=\"800\" itemprop=\"height\"\/>\n<picture>\n<\/picture><figcaption>\n<div class=\"article__image-embed--info\">\n<p>Caso de Fernanda Lima ganha reviravolta ap\u00f3s decis\u00e3o da Justi\u00e7a sobre per\u00edcia<\/p>\n<p><small class=\"article__image-embed--info__copyright\" itemprop=\"copyrightHolder\">Foto: Contigo<\/small>\n<\/div>\n<\/figcaption><\/figure>\n<\/div>\n<p class=\"text\">O conflito come\u00e7ou ap\u00f3s o encerramento do contrato entre <strong>Fernanda Lima<\/strong> e a administradora, em 2025. A empresa sustenta que a apresentadora deixou de quitar aproximadamente R$ 106 mil referentes aos servi\u00e7os prestados na fase final do v\u00ednculo e, por isso, ingressou com uma a\u00e7\u00e3o de cobran\u00e7a. J\u00e1 <strong>Fernanda Lima<\/strong> contesta a d\u00edvida e afirma que decidiu romper o contrato ao identificar falta de transpar\u00eancia na presta\u00e7\u00e3o de contas, al\u00e9m de investimentos considerados incompat\u00edveis com seu perfil financeiro e aplica\u00e7\u00f5es que, segundo ela, n\u00e3o teriam sido autorizadas. Diante disso, a artista pediu \u00e0 Justi\u00e7a a suspens\u00e3o da cobran\u00e7a e solicitou que nenhum bem seja bloqueado at\u00e9 a conclus\u00e3o da an\u00e1lise do caso.<\/p>\n<h3><strong>Per\u00edcia deve esclarecer responsabilidades no processo<\/strong><\/h3>\n<p class=\"text\">Conforme revelou a coluna de <strong>F\u00e1bia Oliveira<\/strong>, o juiz da 32\u00aa Vara C\u00edvel do Foro Central do Tribunal de Justi\u00e7a de S\u00e3o Paulo determinou, em decis\u00e3o proferida no \u00faltimo dia 13, a produ\u00e7\u00e3o de uma prova pericial no \u00e2mbito dos chamados embargos \u00e0 execu\u00e7\u00e3o apresentados por <strong>Fernanda Lima<\/strong>. O especialista nomeado pela Justi\u00e7a dever\u00e1 avaliar quais servi\u00e7os foram efetivamente prestados pela empresa, verificar se os investimentos realizados estavam de acordo com o perfil da apresentadora e analisar se todas as opera\u00e7\u00f5es foram devidamente explicadas durante a vig\u00eancia do contrato.<\/p>\n<p class=\"text\">Al\u00e9m disso, a per\u00edcia ter\u00e1 a miss\u00e3o de apontar se <strong>Fernanda Lima<\/strong> sofreu eventuais preju\u00edzos financeiros em raz\u00e3o das aplica\u00e7\u00f5es realizadas e identificar qual das partes foi respons\u00e1vel pelo encerramento do contrato. O perito tamb\u00e9m dever\u00e1 informar se existe fundamento para a cobran\u00e7a de multa contratual. Enquanto o laudo t\u00e9cnico n\u00e3o \u00e9 conclu\u00eddo e os embargos seguem em tramita\u00e7\u00e3o, a a\u00e7\u00e3o de cobran\u00e7a movida pela <strong>Prada Administradora<\/strong> permanecer\u00e1 suspensa. Nos pr\u00f3ximos dias, as duas partes ainda dever\u00e3o se manifestar sobre o profissional escolhido pela Justi\u00e7a e dividir\u00e3o os custos referentes \u00e0 per\u00edcia.<\/p>\n<blockquote class=\"instagram-media\" data-instgrm-captioned=\"\" data-instgrm-permalink=\"https:\/\/www.instagram.com\/reel\/C3SejW1g7Zy\/?utm_source=ig_embed&amp;utm_campaign=loading\" data-instgrm-version=\"14\" style=\"background: #FFF; border: 0; border-radius: 3px; box-shadow: 0 0 1px 0 rgba(0,0,0,0.5),0 1px 10px 0 rgba(0,0,0,0.15); margin: 1px; max-width: 540px; min-width: 326px; padding: 0; width: calc(100% - 2px);\">\n<p>     Ver essa foto no Instagram <\/p>\n<p class=\"text\" style=\"color: #c9c8cd; font-family: Arial,sans-serif; font-size: 14px; line-height: 17px; margin-bottom: 0; margin-top: 8px; overflow: hidden; padding: 8px 0 7px; text-align: center; text-overflow: ellipsis; white-space: nowrap;\"><a href=\"https:\/\/www.instagram.com\/reel\/C3SejW1g7Zy\/?utm_source=ig_embed&amp;utm_campaign=loading\" rel=\"noopener\" style=\"color: #c9c8cd; font-family: Arial,sans-serif; font-size: 14px; font-style: normal; font-weight: normal; line-height: 17px; text-decoration: none;\" target=\"_blank\">Um post compartilhado por Fernanda Lima (@fernandalima)<\/a><\/p>\n<\/blockquote>\n<p>\n         Siga o <\/p>\n<p><a href=\"https:\/\/www.instagram.com\/channel\/AbamdtAMVkfGtEWE\/?fbclid=IwY2xjawSWWRhleHRuA2FlbQIxMABicmlkETF5aTR4U09oTjhTb2ZGME5Oc3J0YwZhcHBfaWQQMjIyMDM5MTc4ODIwMDg5MgABHocGXm1YpFfQqY5HADCFPt33QEP5cjYPDCxR0e5DRGVC1NQshCqYsr0vq59Y_aem_TcPq2Bo3gurh93yhY5GfVA\" target=\"_blank\">canal da Contigo<\/a><\/p>\n<p> no Instagram e fique por dentro das not\u00edcias mais bomb\u00e1sticas dos famosos, bastidores da TV e novelas.\n       <\/p>\n<p>\n        Leia tamb\u00e9m: \u00c9 grave? Juliette confirma diagn\u00f3stico e revela como ser\u00e1 o tratamento\n      <\/p>\n<\/p><\/div>\n<p><script async src=\"\/\/www.instagram.com\/embed.js\"><\/script><\/p>\n<p><a href=\"https:\/\/ubirataonline.com.br\/en\/noticias\/\" target=\"_blank\" rel=\"noopener noreferrer\">Mais Not\u00edcias<\/a><\/p>\n<p><a href=\"https:\/\/ubirataonline.com.br\/en\/\" target=\"_blank\" rel=\"noopener noreferrer\">Home Page &#8211; In\u00edcio<\/a><\/p>\n<p><a href=\"https:\/\/www.terra.com.br\/diversao\/gente\/caso-de-fernanda-lima-ganha-reviravolta-apos-decisao-da-justica-sobre-pericia,50223df24d2c0dce84e60bc62bf51acefbs72ie0.html\">Fonte do Artigo <\/a><br \/>\nSee more: <a href=\"https:\/\/theglobaltrack.com\/\" target=\"_blank\" rel=\"noopener noreferrer\">The Global Track<\/a><\/p>\n<p><a href=\"https:\/\/corinthiames.com.br\/\" target=\"_blank\" rel=\"noopener noreferrer\">Corinthia Mes<\/a><\/p>","protected":false},"excerpt":{"rendered":"<p>Justi\u00e7a toma decis\u00e3o em processo entre Fernanda Lima e empresa de gest\u00e3o financeira Por: Everton Henrique \/ Licenciado de Contigo A disputa judicial envolvendo Fernanda Lima e a Prada Administradora ganhou um novo desdobramento. Segundo informa\u00e7\u00f5es da coluna de F\u00e1bia Oliveira, do Metr\u00f3poles, a Justi\u00e7a determinou a realiza\u00e7\u00e3o de uma per\u00edcia t\u00e9cnica para esclarecer pontos [&hellip;]<\/p>\n","protected":false},"author":1,"featured_media":157255,"comment_status":"closed","ping_status":"","sticky":false,"template":"","format":"standard","meta":{"googlesitekit_rrm_CAow2JLhCw:productID":"","_gspb_post_css":"","maa_idioma":"","maa_pais":"","footnotes":""},"categories":[4],"tags":[3140,7044,6435,19216,3729,3684,5792,26154,11719,3203],"class_list":["post-157254","post","type-post","status-publish","format-standard","has-post-thumbnail","hentry","category-brasil","tag-apos","tag-caso","tag-decisao","tag-fernanda","tag-ganha","tag-justica","tag-lima","tag-pericia","tag-reviravolta","tag-sobre"],"blocksy_meta":[],"yoast_head":"<!-- This site is optimized with the Yoast SEO Premium plugin v27.6 (Yoast SEO v27.6) - https:\/\/yoast.com\/product\/yoast-seo-premium-wordpress\/ -->\n<title>Caso de Fernanda Lima ganha reviravolta ap\u00f3s decis\u00e3o da Justi\u00e7a sobre per\u00edcia - Ubirat\u00e3 Online Not\u00edcias - A realidade ao seu alcance!<\/title>\n<meta name=\"description\" content=\"Justi\u00e7a toma decis\u00e3o em processo entre Fernanda Lima e empresa de gest\u00e3o financeira\" \/>\n<meta name=\"robots\" content=\"index, follow, max-snippet:-1, max-image-preview:large, max-video-preview:-1\" \/>\n<link rel=\"canonical\" href=\"https:\/\/ubirataonline.com.br\/en\/caso-de-fernanda-lima-ganha-reviravolta-apos-decisao-da-justica-sobre-pericia\/\" \/>\n<meta property=\"og:locale\" content=\"en_US\" \/>\n<meta property=\"og:type\" content=\"article\" \/>\n<meta property=\"og:title\" content=\"Caso de Fernanda Lima ganha reviravolta ap\u00f3s decis\u00e3o da Justi\u00e7a sobre per\u00edcia\" \/>\n<meta property=\"og:description\" content=\"Justi\u00e7a toma decis\u00e3o em processo entre Fernanda Lima e empresa de gest\u00e3o financeira\" \/>\n<meta property=\"og:url\" content=\"https:\/\/ubirataonline.com.br\/en\/caso-de-fernanda-lima-ganha-reviravolta-apos-decisao-da-justica-sobre-pericia\/\" \/>\n<meta property=\"og:site_name\" content=\"Ubirat\u00e3 Online Not\u00edcias - A realidade ao seu alcance!\" \/>\n<meta property=\"article:publisher\" content=\"https:\/\/www.facebook.com\/portalubirataonline\" \/>\n<meta property=\"article:author\" content=\"https:\/\/www.facebook.com\/portalubirataonline\" \/>\n<meta property=\"article:published_time\" content=\"2026-07-23T13:59:39+00:00\" \/>\n<meta property=\"article:modified_time\" content=\"2026-07-23T13:59:42+00:00\" \/>\n<meta property=\"og:image\" content=\"https:\/\/ubirataonline.com.br\/wp-content\/uploads\/2026\/07\/Caso-de-Fernanda-Lima-ganha-reviravolta-apos-decisao-da-Justica.png\" \/>\n\t<meta property=\"og:image:width\" content=\"1200\" \/>\n\t<meta property=\"og:image:height\" content=\"630\" \/>\n\t<meta property=\"og:image:type\" content=\"image\/png\" \/>\n<meta name=\"author\" content=\"REDA\u00c7\u00c3O: UBIRAT\u00c3 ONLINE - F\u00c1BIO AUGUSTO CELESTINO\" \/>\n<meta name=\"twitter:card\" content=\"summary_large_image\" \/>\n<meta name=\"twitter:creator\" content=\"@x.com\/ubirataonline\" \/>\n<meta name=\"twitter:site\" content=\"@ubirataonline\" \/>\n<meta name=\"twitter:label1\" content=\"Written by\" \/>\n\t<meta name=\"twitter:data1\" content=\"REDA\u00c7\u00c3O: UBIRAT\u00c3 ONLINE - F\u00c1BIO AUGUSTO CELESTINO\" \/>\n\t<meta name=\"twitter:label2\" content=\"Est. reading time\" \/>\n\t<meta name=\"twitter:data2\" content=\"3 minutes\" \/>\n<script type=\"application\/ld+json\" class=\"yoast-schema-graph\">{\"@context\":\"https:\\\/\\\/schema.org\",\"@graph\":[{\"@type\":\"NewsArticle\",\"@id\":\"https:\\\/\\\/ubirataonline.com.br\\\/caso-de-fernanda-lima-ganha-reviravolta-apos-decisao-da-justica-sobre-pericia\\\/#article\",\"isPartOf\":{\"@id\":\"https:\\\/\\\/ubirataonline.com.br\\\/caso-de-fernanda-lima-ganha-reviravolta-apos-decisao-da-justica-sobre-pericia\\\/\"},\"author\":{\"name\":\"REDA\u00c7\u00c3O: UBIRAT\u00c3 ONLINE - F\u00c1BIO AUGUSTO CELESTINO\",\"@id\":\"https:\\\/\\\/ubirataonline.com.br\\\/#\\\/schema\\\/person\\\/372f87bbd3fdd79b8556b84c98d0bc1c\"},\"headline\":\"Caso de Fernanda Lima ganha reviravolta ap\u00f3s decis\u00e3o da Justi\u00e7a sobre per\u00edcia\",\"datePublished\":\"2026-07-23T13:59:39+00:00\",\"dateModified\":\"2026-07-23T13:59:42+00:00\",\"mainEntityOfPage\":{\"@id\":\"https:\\\/\\\/ubirataonline.com.br\\\/caso-de-fernanda-lima-ganha-reviravolta-apos-decisao-da-justica-sobre-pericia\\\/\"},\"wordCount\":554,\"publisher\":{\"@id\":\"https:\\\/\\\/ubirataonline.com.br\\\/#organization\"},\"image\":{\"@id\":\"https:\\\/\\\/ubirataonline.com.br\\\/caso-de-fernanda-lima-ganha-reviravolta-apos-decisao-da-justica-sobre-pericia\\\/#primaryimage\"},\"thumbnailUrl\":\"https:\\\/\\\/ubirataonline.com.br\\\/wp-content\\\/uploads\\\/2026\\\/07\\\/Caso-de-Fernanda-Lima-ganha-reviravolta-apos-decisao-da-Justica.png\",\"keywords\":[\"ap\u00f3s\",\"caso\",\"decis\u00e3o\",\"Fernanda\",\"ganha\",\"Justi\u00e7a\",\"Lima\",\"Per\u00edcia\",\"reviravolta\",\"sobre\"],\"articleSection\":[\"Brasil\"],\"inLanguage\":\"en-US\",\"copyrightYear\":\"2026\",\"copyrightHolder\":{\"@id\":\"https:\\\/\\\/ubirataonline.com.br\\\/en\\\/#organization\"}},{\"@type\":\"WebPage\",\"@id\":\"https:\\\/\\\/ubirataonline.com.br\\\/caso-de-fernanda-lima-ganha-reviravolta-apos-decisao-da-justica-sobre-pericia\\\/\",\"url\":\"https:\\\/\\\/ubirataonline.com.br\\\/caso-de-fernanda-lima-ganha-reviravolta-apos-decisao-da-justica-sobre-pericia\\\/\",\"name\":\"Caso de Fernanda Lima ganha reviravolta ap\u00f3s decis\u00e3o da Justi\u00e7a sobre per\u00edcia - Ubirat\u00e3 Online Not\u00edcias - A realidade ao seu alcance!\",\"isPartOf\":{\"@id\":\"https:\\\/\\\/ubirataonline.com.br\\\/#website\"},\"primaryImageOfPage\":{\"@id\":\"https:\\\/\\\/ubirataonline.com.br\\\/caso-de-fernanda-lima-ganha-reviravolta-apos-decisao-da-justica-sobre-pericia\\\/#primaryimage\"},\"image\":{\"@id\":\"https:\\\/\\\/ubirataonline.com.br\\\/caso-de-fernanda-lima-ganha-reviravolta-apos-decisao-da-justica-sobre-pericia\\\/#primaryimage\"},\"thumbnailUrl\":\"https:\\\/\\\/ubirataonline.com.br\\\/wp-content\\\/uploads\\\/2026\\\/07\\\/Caso-de-Fernanda-Lima-ganha-reviravolta-apos-decisao-da-Justica.png\",\"datePublished\":\"2026-07-23T13:59:39+00:00\",\"dateModified\":\"2026-07-23T13:59:42+00:00\",\"description\":\"Justi\u00e7a toma decis\u00e3o em processo entre Fernanda Lima e empresa de gest\u00e3o financeira\",\"breadcrumb\":{\"@id\":\"https:\\\/\\\/ubirataonline.com.br\\\/caso-de-fernanda-lima-ganha-reviravolta-apos-decisao-da-justica-sobre-pericia\\\/#breadcrumb\"},\"inLanguage\":\"en-US\",\"potentialAction\":[{\"@type\":\"ReadAction\",\"target\":[\"https:\\\/\\\/ubirataonline.com.br\\\/caso-de-fernanda-lima-ganha-reviravolta-apos-decisao-da-justica-sobre-pericia\\\/\"]}]},{\"@type\":\"ImageObject\",\"inLanguage\":\"en-US\",\"@id\":\"https:\\\/\\\/ubirataonline.com.br\\\/caso-de-fernanda-lima-ganha-reviravolta-apos-decisao-da-justica-sobre-pericia\\\/#primaryimage\",\"url\":\"https:\\\/\\\/ubirataonline.com.br\\\/wp-content\\\/uploads\\\/2026\\\/07\\\/Caso-de-Fernanda-Lima-ganha-reviravolta-apos-decisao-da-Justica.png\",\"contentUrl\":\"https:\\\/\\\/ubirataonline.com.br\\\/wp-content\\\/uploads\\\/2026\\\/07\\\/Caso-de-Fernanda-Lima-ganha-reviravolta-apos-decisao-da-Justica.png\",\"width\":1200,\"height\":630,\"caption\":\"Caso de Fernanda Lima ganha reviravolta ap&oacute;s decis&atilde;o da Justi&ccedil;a sobre per&iacute;cia Foto: Contigo\"},{\"@type\":\"BreadcrumbList\",\"@id\":\"https:\\\/\\\/ubirataonline.com.br\\\/caso-de-fernanda-lima-ganha-reviravolta-apos-decisao-da-justica-sobre-pericia\\\/#breadcrumb\",\"itemListElement\":[{\"@type\":\"ListItem\",\"position\":1,\"name\":\"In\u00edcio\",\"item\":\"https:\\\/\\\/ubirataonline.com.br\\\/\"},{\"@type\":\"ListItem\",\"position\":2,\"name\":\"Caso de Fernanda Lima ganha reviravolta ap\u00f3s decis\u00e3o da Justi\u00e7a sobre per\u00edcia\"}]},{\"@type\":\"WebSite\",\"@id\":\"https:\\\/\\\/ubirataonline.com.br\\\/#website\",\"url\":\"https:\\\/\\\/ubirataonline.com.br\\\/\",\"name\":\"Ubirat\u00e3 Online Not\u00edcias\",\"description\":\"Not\u00edcias de Ubirat\u00e3, regi\u00e3o, Brasil e mundo, com informa\u00e7\u00e3o atualizada e compromisso com o leitor.\",\"publisher\":{\"@id\":\"https:\\\/\\\/ubirataonline.com.br\\\/#organization\"},\"alternateName\":\"Ubirat\u00e3 Online\",\"potentialAction\":[{\"@type\":\"SearchAction\",\"target\":{\"@type\":\"EntryPoint\",\"urlTemplate\":\"https:\\\/\\\/ubirataonline.com.br\\\/?s={search_term_string}\"},\"query-input\":{\"@type\":\"PropertyValueSpecification\",\"valueRequired\":true,\"valueName\":\"search_term_string\"}}],\"inLanguage\":\"en-US\"},{\"@type\":[\"Organization\",\"Place\"],\"@id\":\"https:\\\/\\\/ubirataonline.com.br\\\/#organization\",\"name\":\"Ubirat\u00e3 Online Not\u00edcias\",\"alternateName\":\"Ubirat\u00e3 Online\",\"url\":\"https:\\\/\\\/ubirataonline.com.br\\\/\",\"logo\":{\"@id\":\"https:\\\/\\\/ubirataonline.com.br\\\/caso-de-fernanda-lima-ganha-reviravolta-apos-decisao-da-justica-sobre-pericia\\\/#local-main-organization-logo\"},\"image\":{\"@id\":\"https:\\\/\\\/ubirataonline.com.br\\\/caso-de-fernanda-lima-ganha-reviravolta-apos-decisao-da-justica-sobre-pericia\\\/#local-main-organization-logo\"},\"sameAs\":[\"https:\\\/\\\/www.facebook.com\\\/portalubirataonline\",\"https:\\\/\\\/x.com\\\/ubirataonline\",\"https:\\\/\\\/mastodon.social\\\/@ubirataonline\",\"https:\\\/\\\/www.facebook.com\\\/groups\\\/311144672285604\",\"https:\\\/\\\/www.facebook.com\\\/UBTAOnline\",\"https:\\\/\\\/www.instagram.com\\\/portalubirataonline\\\/\",\"https:\\\/\\\/twitter.com\\\/ubirataonline\"],\"description\":\"Somos um portal de not\u00edcias independente, criado em 5 de janeiro de 2009, com o objetivo de informar, conectar e valorizar a nossa comunidade de Ubirat\u00e3 e toda aregi\u00e3o. Com conte\u00fado atualizado, confi\u00e1vel e relevante, o Ubirat\u00e3 Online \u00e9 o seu espa\u00e7o para ficar por dentro dos principais acontecimentos locais, regionais, Brasil, Mundo e de interesse geral. Nosso compromisso \u00e9 com a verdade, a transpar\u00eancia e o respeito ao leitor.\",\"legalName\":\"UBIRATA ONLINE NOT\u00cdCIAS\",\"foundingDate\":\"2009-01-05\",\"numberOfEmployees\":{\"@type\":\"QuantitativeValue\",\"minValue\":\"1\",\"maxValue\":\"10\"},\"publishingPrinciples\":\"https:\\\/\\\/ubirataonline.com.br\\\/faq\\\/\",\"address\":{\"@id\":\"https:\\\/\\\/ubirataonline.com.br\\\/caso-de-fernanda-lima-ganha-reviravolta-apos-decisao-da-justica-sobre-pericia\\\/#local-main-place-address\"},\"geo\":{\"@type\":\"GeoCoordinates\",\"latitude\":\"-24.5361401\",\"longitude\":\"-52.9921776\"},\"telephone\":[\"+5544998308235\"],\"contactPoint\":{\"@type\":\"ContactPoint\",\"email\":\"contato@ubirataonline.com.br\"},\"openingHoursSpecification\":{\"@type\":\"OpeningHoursSpecification\",\"dayOfWeek\":[\"Monday\",\"Tuesday\",\"Wednesday\",\"Thursday\",\"Friday\",\"Saturday\",\"Sunday\"],\"opens\":\"00:00\",\"closes\":\"23:59\"},\"email\":\"contato@ubirataonline.com.br\",\"vatID\":\"47.621.418\\\/0001-80\"},{\"@type\":\"Person\",\"@id\":\"https:\\\/\\\/ubirataonline.com.br\\\/#\\\/schema\\\/person\\\/372f87bbd3fdd79b8556b84c98d0bc1c\",\"name\":\"REDA\u00c7\u00c3O: UBIRAT\u00c3 ONLINE - F\u00c1BIO AUGUSTO CELESTINO\",\"pronouns\":\"Ele\",\"description\":\"Desde 2003 trabalhando com not\u00edcias.\",\"sameAs\":[\"http:\\\/\\\/ubirataoline.com.br\",\"https:\\\/\\\/www.facebook.com\\\/portalubirataonline\",\"https:\\\/\\\/www.instagram.com\\\/ubirataonline_oficial\",\"https:\\\/\\\/x.com\\\/x.com\\\/ubirataonline\"],\"honorificPrefix\":\"Mr.\",\"honorificSuffix\":\"MD\",\"birthDate\":\"1980-06-16\",\"gender\":\"masculino\",\"award\":[\"V\u00e1rios pr\u00eamios de melhor portal da cidade\"],\"jobTitle\":\"Diretor\",\"url\":\"https:\\\/\\\/ubirataonline.com.br\\\/en\\\/author\\\/ubirataonline\\\/\"},{\"@type\":\"PostalAddress\",\"@id\":\"https:\\\/\\\/ubirataonline.com.br\\\/caso-de-fernanda-lima-ganha-reviravolta-apos-decisao-da-justica-sobre-pericia\\\/#local-main-place-address\",\"streetAddress\":\"Rua dos Coqueiros, 104 - Bairro Boa Vista, Rua dos Coqueiros, 104 Bairro Boa Vista\",\"addressLocality\":\"UBIRATA\",\"postalCode\":\"85440-000\",\"addressRegion\":\"PR\",\"addressCountry\":\"BR\"},{\"@type\":\"ImageObject\",\"inLanguage\":\"en-US\",\"@id\":\"https:\\\/\\\/ubirataonline.com.br\\\/caso-de-fernanda-lima-ganha-reviravolta-apos-decisao-da-justica-sobre-pericia\\\/#local-main-organization-logo\",\"url\":\"https:\\\/\\\/ubirataonline.com.br\\\/wp-content\\\/uploads\\\/2026\\\/06\\\/logoubirataonline-1.webp\",\"contentUrl\":\"https:\\\/\\\/ubirataonline.com.br\\\/wp-content\\\/uploads\\\/2026\\\/06\\\/logoubirataonline-1.webp\",\"width\":500,\"height\":500,\"caption\":\"Ubirat\u00e3 Online Not\u00edcias\"}]}<\/script>\n<meta name=\"geo.placename\" content=\"UBIRATA\" \/>\n<meta name=\"geo.position\" content=\"-24.5361401;-52.9921776\" \/>\n<meta name=\"geo.region\" content=\"Brazil\" \/>\n<!-- \/ Yoast SEO Premium plugin. -->","yoast_head_json":{"title":"Caso de Fernanda Lima ganha reviravolta ap\u00f3s decis\u00e3o da Justi\u00e7a sobre per\u00edcia - Ubirat\u00e3 Online Not\u00edcias - A realidade ao seu alcance!","description":"Justi\u00e7a toma decis\u00e3o em processo entre Fernanda Lima e empresa de gest\u00e3o financeira","robots":{"index":"index","follow":"follow","max-snippet":"max-snippet:-1","max-image-preview":"max-image-preview:large","max-video-preview":"max-video-preview:-1"},"canonical":"https:\/\/ubirataonline.com.br\/en\/caso-de-fernanda-lima-ganha-reviravolta-apos-decisao-da-justica-sobre-pericia\/","og_locale":"en_US","og_type":"article","og_title":"Caso de Fernanda Lima ganha reviravolta ap\u00f3s decis\u00e3o da Justi\u00e7a sobre per\u00edcia","og_description":"Justi\u00e7a toma decis\u00e3o em processo entre Fernanda Lima e empresa de gest\u00e3o financeira","og_url":"https:\/\/ubirataonline.com.br\/en\/caso-de-fernanda-lima-ganha-reviravolta-apos-decisao-da-justica-sobre-pericia\/","og_site_name":"Ubirat\u00e3 Online Not\u00edcias - A realidade ao seu alcance!","article_publisher":"https:\/\/www.facebook.com\/portalubirataonline","article_author":"https:\/\/www.facebook.com\/portalubirataonline","article_published_time":"2026-07-23T13:59:39+00:00","article_modified_time":"2026-07-23T13:59:42+00:00","og_image":[{"width":1200,"height":630,"url":"https:\/\/ubirataonline.com.br\/wp-content\/uploads\/2026\/07\/Caso-de-Fernanda-Lima-ganha-reviravolta-apos-decisao-da-Justica.png","type":"image\/png"}],"author":"REDA\u00c7\u00c3O: UBIRAT\u00c3 ONLINE - F\u00c1BIO AUGUSTO CELESTINO","twitter_card":"summary_large_image","twitter_creator":"@x.com\/ubirataonline","twitter_site":"@ubirataonline","twitter_misc":{"Written by":"REDA\u00c7\u00c3O: UBIRAT\u00c3 ONLINE - F\u00c1BIO AUGUSTO CELESTINO","Est. reading time":"3 minutes"},"schema":{"@context":"https:\/\/schema.org","@graph":[{"@type":"NewsArticle","@id":"https:\/\/ubirataonline.com.br\/caso-de-fernanda-lima-ganha-reviravolta-apos-decisao-da-justica-sobre-pericia\/#article","isPartOf":{"@id":"https:\/\/ubirataonline.com.br\/caso-de-fernanda-lima-ganha-reviravolta-apos-decisao-da-justica-sobre-pericia\/"},"author":{"name":"REDA\u00c7\u00c3O: UBIRAT\u00c3 ONLINE - F\u00c1BIO AUGUSTO CELESTINO","@id":"https:\/\/ubirataonline.com.br\/#\/schema\/person\/372f87bbd3fdd79b8556b84c98d0bc1c"},"headline":"Caso de Fernanda Lima ganha reviravolta ap\u00f3s decis\u00e3o da Justi\u00e7a sobre per\u00edcia","datePublished":"2026-07-23T13:59:39+00:00","dateModified":"2026-07-23T13:59:42+00:00","mainEntityOfPage":{"@id":"https:\/\/ubirataonline.com.br\/caso-de-fernanda-lima-ganha-reviravolta-apos-decisao-da-justica-sobre-pericia\/"},"wordCount":554,"publisher":{"@id":"https:\/\/ubirataonline.com.br\/#organization"},"image":{"@id":"https:\/\/ubirataonline.com.br\/caso-de-fernanda-lima-ganha-reviravolta-apos-decisao-da-justica-sobre-pericia\/#primaryimage"},"thumbnailUrl":"https:\/\/ubirataonline.com.br\/wp-content\/uploads\/2026\/07\/Caso-de-Fernanda-Lima-ganha-reviravolta-apos-decisao-da-Justica.png","keywords":["ap\u00f3s","caso","decis\u00e3o","Fernanda","ganha","Justi\u00e7a","Lima","Per\u00edcia","reviravolta","sobre"],"articleSection":["Brasil"],"inLanguage":"en-US","copyrightYear":"2026","copyrightHolder":{"@id":"https:\/\/ubirataonline.com.br\/en\/#organization"}},{"@type":"WebPage","@id":"https:\/\/ubirataonline.com.br\/caso-de-fernanda-lima-ganha-reviravolta-apos-decisao-da-justica-sobre-pericia\/","url":"https:\/\/ubirataonline.com.br\/caso-de-fernanda-lima-ganha-reviravolta-apos-decisao-da-justica-sobre-pericia\/","name":"Caso de Fernanda Lima ganha reviravolta ap\u00f3s decis\u00e3o da Justi\u00e7a sobre per\u00edcia - Ubirat\u00e3 Online Not\u00edcias - A realidade ao seu alcance!","isPartOf":{"@id":"https:\/\/ubirataonline.com.br\/#website"},"primaryImageOfPage":{"@id":"https:\/\/ubirataonline.com.br\/caso-de-fernanda-lima-ganha-reviravolta-apos-decisao-da-justica-sobre-pericia\/#primaryimage"},"image":{"@id":"https:\/\/ubirataonline.com.br\/caso-de-fernanda-lima-ganha-reviravolta-apos-decisao-da-justica-sobre-pericia\/#primaryimage"},"thumbnailUrl":"https:\/\/ubirataonline.com.br\/wp-content\/uploads\/2026\/07\/Caso-de-Fernanda-Lima-ganha-reviravolta-apos-decisao-da-Justica.png","datePublished":"2026-07-23T13:59:39+00:00","dateModified":"2026-07-23T13:59:42+00:00","description":"Justi\u00e7a toma decis\u00e3o em processo entre Fernanda Lima e empresa de gest\u00e3o financeira","breadcrumb":{"@id":"https:\/\/ubirataonline.com.br\/caso-de-fernanda-lima-ganha-reviravolta-apos-decisao-da-justica-sobre-pericia\/#breadcrumb"},"inLanguage":"en-US","potentialAction":[{"@type":"ReadAction","target":["https:\/\/ubirataonline.com.br\/caso-de-fernanda-lima-ganha-reviravolta-apos-decisao-da-justica-sobre-pericia\/"]}]},{"@type":"ImageObject","inLanguage":"en-US","@id":"https:\/\/ubirataonline.com.br\/caso-de-fernanda-lima-ganha-reviravolta-apos-decisao-da-justica-sobre-pericia\/#primaryimage","url":"https:\/\/ubirataonline.com.br\/wp-content\/uploads\/2026\/07\/Caso-de-Fernanda-Lima-ganha-reviravolta-apos-decisao-da-Justica.png","contentUrl":"https:\/\/ubirataonline.com.br\/wp-content\/uploads\/2026\/07\/Caso-de-Fernanda-Lima-ganha-reviravolta-apos-decisao-da-Justica.png","width":1200,"height":630,"caption":"Caso de Fernanda Lima ganha reviravolta ap&oacute;s decis&atilde;o da Justi&ccedil;a sobre per&iacute;cia Foto: Contigo"},{"@type":"BreadcrumbList","@id":"https:\/\/ubirataonline.com.br\/caso-de-fernanda-lima-ganha-reviravolta-apos-decisao-da-justica-sobre-pericia\/#breadcrumb","itemListElement":[{"@type":"ListItem","position":1,"name":"In\u00edcio","item":"https:\/\/ubirataonline.com.br\/"},{"@type":"ListItem","position":2,"name":"Caso de Fernanda Lima ganha reviravolta ap\u00f3s decis\u00e3o da Justi\u00e7a sobre per\u00edcia"}]},{"@type":"WebSite","@id":"https:\/\/ubirataonline.com.br\/#website","url":"https:\/\/ubirataonline.com.br\/","name":"Ubirat\u00e3 Online Not\u00edcias","description":"Not\u00edcias de Ubirat\u00e3, regi\u00e3o, Brasil e mundo, com informa\u00e7\u00e3o atualizada e compromisso com o leitor.","publisher":{"@id":"https:\/\/ubirataonline.com.br\/#organization"},"alternateName":"Ubirat\u00e3 Online","potentialAction":[{"@type":"SearchAction","target":{"@type":"EntryPoint","urlTemplate":"https:\/\/ubirataonline.com.br\/?s={search_term_string}"},"query-input":{"@type":"PropertyValueSpecification","valueRequired":true,"valueName":"search_term_string"}}],"inLanguage":"en-US"},{"@type":["Organization","Place"],"@id":"https:\/\/ubirataonline.com.br\/#organization","name":"Ubirat\u00e3 Online Not\u00edcias","alternateName":"Ubirat\u00e3 Online","url":"https:\/\/ubirataonline.com.br\/","logo":{"@id":"https:\/\/ubirataonline.com.br\/caso-de-fernanda-lima-ganha-reviravolta-apos-decisao-da-justica-sobre-pericia\/#local-main-organization-logo"},"image":{"@id":"https:\/\/ubirataonline.com.br\/caso-de-fernanda-lima-ganha-reviravolta-apos-decisao-da-justica-sobre-pericia\/#local-main-organization-logo"},"sameAs":["https:\/\/www.facebook.com\/portalubirataonline","https:\/\/x.com\/ubirataonline","https:\/\/mastodon.social\/@ubirataonline","https:\/\/www.facebook.com\/groups\/311144672285604","https:\/\/www.facebook.com\/UBTAOnline","https:\/\/www.instagram.com\/portalubirataonline\/","https:\/\/twitter.com\/ubirataonline"],"description":"Somos um portal de not\u00edcias independente, criado em 5 de janeiro de 2009, com o objetivo de informar, conectar e valorizar a nossa comunidade de Ubirat\u00e3 e toda aregi\u00e3o. Com conte\u00fado atualizado, confi\u00e1vel e relevante, o Ubirat\u00e3 Online \u00e9 o seu espa\u00e7o para ficar por dentro dos principais acontecimentos locais, regionais, Brasil, Mundo e de interesse geral. Nosso compromisso \u00e9 com a verdade, a transpar\u00eancia e o respeito ao leitor.","legalName":"UBIRATA ONLINE NOT\u00cdCIAS","foundingDate":"2009-01-05","numberOfEmployees":{"@type":"QuantitativeValue","minValue":"1","maxValue":"10"},"publishingPrinciples":"https:\/\/ubirataonline.com.br\/faq\/","address":{"@id":"https:\/\/ubirataonline.com.br\/caso-de-fernanda-lima-ganha-reviravolta-apos-decisao-da-justica-sobre-pericia\/#local-main-place-address"},"geo":{"@type":"GeoCoordinates","latitude":"-24.5361401","longitude":"-52.9921776"},"telephone":["+5544998308235"],"contactPoint":{"@type":"ContactPoint","email":"contato@ubirataonline.com.br"},"openingHoursSpecification":{"@type":"OpeningHoursSpecification","dayOfWeek":["Monday","Tuesday","Wednesday","Thursday","Friday","Saturday","Sunday"],"opens":"00:00","closes":"23:59"},"email":"contato@ubirataonline.com.br","vatID":"47.621.418\/0001-80"},{"@type":"Person","@id":"https:\/\/ubirataonline.com.br\/#\/schema\/person\/372f87bbd3fdd79b8556b84c98d0bc1c","name":"REDA\u00c7\u00c3O: UBIRAT\u00c3 ONLINE - F\u00c1BIO AUGUSTO CELESTINO","pronouns":"Ele","description":"Desde 2003 trabalhando com not\u00edcias.","sameAs":["http:\/\/ubirataoline.com.br","https:\/\/www.facebook.com\/portalubirataonline","https:\/\/www.instagram.com\/ubirataonline_oficial","https:\/\/x.com\/x.com\/ubirataonline"],"honorificPrefix":"Mr.","honorificSuffix":"MD","birthDate":"1980-06-16","gender":"masculino","award":["V\u00e1rios pr\u00eamios de melhor portal da cidade"],"jobTitle":"Diretor","url":"https:\/\/ubirataonline.com.br\/en\/author\/ubirataonline\/"},{"@type":"PostalAddress","@id":"https:\/\/ubirataonline.com.br\/caso-de-fernanda-lima-ganha-reviravolta-apos-decisao-da-justica-sobre-pericia\/#local-main-place-address","streetAddress":"Rua dos Coqueiros, 104 - Bairro Boa Vista, Rua dos Coqueiros, 104 Bairro Boa Vista","addressLocality":"UBIRATA","postalCode":"85440-000","addressRegion":"PR","addressCountry":"BR"},{"@type":"ImageObject","inLanguage":"en-US","@id":"https:\/\/ubirataonline.com.br\/caso-de-fernanda-lima-ganha-reviravolta-apos-decisao-da-justica-sobre-pericia\/#local-main-organization-logo","url":"https:\/\/ubirataonline.com.br\/wp-content\/uploads\/2026\/06\/logoubirataonline-1.webp","contentUrl":"https:\/\/ubirataonline.com.br\/wp-content\/uploads\/2026\/06\/logoubirataonline-1.webp","width":500,"height":500,"caption":"Ubirat\u00e3 Online Not\u00edcias"}]},"geo.placename":"UBIRATA","geo.position":{"lat":"-24.5361401","long":"-52.9921776"},"geo.region":"Brazil"},"_links":{"self":[{"href":"https:\/\/ubirataonline.com.br\/en\/wp-json\/wp\/v2\/posts\/157254","targetHints":{"allow":["GET"]}}],"collection":[{"href":"https:\/\/ubirataonline.com.br\/en\/wp-json\/wp\/v2\/posts"}],"about":[{"href":"https:\/\/ubirataonline.com.br\/en\/wp-json\/wp\/v2\/types\/post"}],"author":[{"embeddable":true,"href":"https:\/\/ubirataonline.com.br\/en\/wp-json\/wp\/v2\/users\/1"}],"replies":[{"embeddable":true,"href":"https:\/\/ubirataonline.com.br\/en\/wp-json\/wp\/v2\/comments?post=157254"}],"version-history":[{"count":0,"href":"https:\/\/ubirataonline.com.br\/en\/wp-json\/wp\/v2\/posts\/157254\/revisions"}],"wp:featuredmedia":[{"embeddable":true,"href":"https:\/\/ubirataonline.com.br\/en\/wp-json\/wp\/v2\/media\/157255"}],"wp:attachment":[{"href":"https:\/\/ubirataonline.com.br\/en\/wp-json\/wp\/v2\/media?parent=157254"}],"wp:term":[{"taxonomy":"category","embeddable":true,"href":"https:\/\/ubirataonline.com.br\/en\/wp-json\/wp\/v2\/categories?post=157254"},{"taxonomy":"post_tag","embeddable":true,"href":"https:\/\/ubirataonline.com.br\/en\/wp-json\/wp\/v2\/tags?post=157254"}],"curies":[{"name":"wp","href":"https:\/\/api.w.org\/{rel}","templated":true}]}}